{"id":13587,"date":"2014-06-08T08:01:07","date_gmt":"2014-06-08T07:01:07","guid":{"rendered":"http:\/\/www.fjala.info\/?p=1307"},"modified":"2014-06-08T08:01:07","modified_gmt":"2014-06-08T07:01:07","slug":"soldaritet-dhe-bujari-shembullore-e-banorve-te-thethit","status":"publish","type":"post","link":"https:\/\/fjala.info\/2009-2015\/soldaritet-dhe-bujari-shembullore-e-banorve-te-thethit\/","title":{"rendered":"SOLDARITET DHE BUJARI SHEMBULLORE E BANORVE T\u00cb THETHIT!"},"content":{"rendered":"<p><img decoding=\"async\" class=\"alignleft size-thumbnail wp-image-7236\" title=\"Prel\u00eb Milani\" src=\"http:\/\/www.fjala.info\/2014\/prele_milani.jpg\" alt=\"\" width=\"200\" \/> <strong>Prel\u00eb Milani<\/strong><\/p>\n<p><strong><em>Faliminderit shum\u00eb na leht\u00ebsuat dhimbjen dhe na u gjet\u00ebt pran\u00eb n\u00eb momentet me te tmerrshme t\u00eb jet\u00eb son\u00eb!<\/em><\/strong><\/p>\n<p>Dit\u00ebn e diell me date 01.06 se bashku me koleget e mij\u00eb Gjergji, Ylli dhe Astriti q\u00eb n\u00eb or\u00ebn 05 u nisem p\u00ebr nj\u00eb inspektim n\u00eb Komun\u00ebn Shal\u00eb. Ishte nj\u00eb dit\u00eb gjat\u00eb pranverore shum\u00eb lodhshme me shi t\u00eb ftoft\u00eb vjeshtor. Q\u00eb n\u00eb Okol t\u00eb bok\u00ebs makina na p\u00ebsoj nj\u00eb defekt te rend\u00eb q\u00eb na humbi mbi dy ore dhe vet\u00ebm fal\u00eb ndihm\u00ebs s\u00eb pun\u00ebtor\u00ebve t\u00eb Rrug\u00ebs s\u00eb Boges dhe shofer\u00ebve solidar\u00eb t\u00eb Dukagjinit. Rreth or\u00ebs 14-30 n\u00eb kohen q\u00eb po ktheheshim sa po kishim marr\u00eb ngjitjen p\u00ebr n\u00eb Shk\u00ebmbin e Thethit, vjen me vrap drejt nesh mes shiut t\u00eb stuhish\u00ebm ne kantjera Lush Blinishta i cili para 7-8 minutash na kishte parakaluar me fugonin e tij. Lushi mu drejtua ktheni prapa se \u00ebsht\u00eb rrezuar nj\u00eb tursit. Fillimisht nuk e kuptuam dhe pandehem se kishte b\u00ebr\u00eb aksident ai.<\/p>\n<p>Shpejt, hajeni shpejt se 100 me lart \u00ebsht\u00eb rrezuar nj\u00eb turist \u00e7ek. Shkuam me vrap dhe pik\u00ebrisht n\u00eb t\u00eb dal\u00eb t\u00eb shk\u00ebmbit te Thethit, paralel me pjes\u00ebn ku lumi i shal\u00ebs del nga kanioni,n\u00eb krahun e posht\u00ebm t\u00eb rrug\u00ebs gjendej i rrezuar nj\u00eb motor super special aventurash si\u00e7 u p\u00eblqen \u00e7ekve t\u00eb b\u00ebjn\u00eb udh\u00ebtime te tilla malore. Motori nuk kishte p\u00ebsuar as me te voglin d\u00ebmtim, nd\u00ebrsa drejtuesi i fatkeq kishte fluturuar vertikalisht shk\u00ebmbit mbi 150 metra.Te vendi i aksidenti gjet\u00ebm pasagjeret e fugonit t\u00eb Lushit dhe dy \u00e7iklist te tjer\u00eb \u00e7ek q\u00eb qanin dhe th\u00ebrrsinin n\u00eb gjuhen e tyre David, David, por Davidi nuk p\u00ebrgjigjej dot.<\/p>\n<p>S\u2018kishim se \u00e7far\u00eb t\u00eb prisnim u kthyem prapa me makin\u00eb se bashku me shofer Lushin dhe disa udh\u00ebtare te rastit. P\u00ebr koincidence rruga e makin\u00ebs t\u00eb \u00e7onte deri tek nj\u00eb arr\u00eb djerrin\u00eb q\u00eb ishte pall\u00eb p\u00ebrball\u00eb vendit t\u00eb aksidentit. N\u00eb koh\u00eb rekord zbritem tek ara pastaj duhej t\u00eb ngjiteshe edhe 300-400 metra p\u00ebrmes shkurresh t\u00eb pa kalueshme, i pari mb\u00ebrriti Lushi i cili me thirri Prel\u00eb e gjeta por ka vdekur i shkreti. Sip\u00ebr nesh vertikalish lart si n\u00eb qelli te vendi fatal vazhdonin t\u00eb vini djem te ri nga Thethi, nd\u00ebrsa d\u00ebgjohej her\u00eb pas her\u00eb thirrja David, David e kolegeve te tij, por Daviti nuk do t\u00eb p\u00ebrgjigje me kurr\u00eb. Ndon\u00ebse i mbrojtur me kokore dhe kostum t\u00eb ve\u00e7ant\u00eb humnera dhe kapardisjet e kishin d\u00ebrmuar duke nd\u00ebrruar jet\u00eb n\u00eb nj\u00eb vend t\u00eb huaj t\u00eb pa njohur mira kilometra larg vendit t\u00eb tij.<\/p>\n<p>Do mbet\u00ebn t\u00eb pa shlyer p\u00ebr nj\u00eb koh\u00eb lot\u00ebt dhe thirrjet d\u00ebshp\u00ebruese, t\u00eb dy bashk\u00ebatdhetar\u00ebve t\u00eb ndjerit 44 vje\u00e7ar David Pollak. Do mbet\u00ebn te pa shlyera n\u00eb kujtes\u00eb, interesi, ndihma dhe solidaritet, Lush Blinishtes, Ded\u00eb Pjeters, Pjeter \u00c7unit, Gjon Ded\u00ebs, djemve t\u00eb Gjergj Harush\u00ebs dhe disa te rinjve te tjer\u00eb q\u00eb nuk ua di emrat. N\u00eb nj\u00eb koh\u00eb rekord u lajm\u00ebrua dhe helikopteri nga Tirana, me nj\u00eb sakrific\u00eb t\u00eb jasht\u00ebzakonshme n\u00eb kushte tmerr\u00ebsisht t\u00eb v\u00ebshtira pa as nj\u00eb mjet rrethanor u nxorr viktima nga humnera. Ishte nj\u00eb aventur\u00eb sfiduese ndaj relijevit fuqiplot\u00eb t\u00eb nxjerr\u00ebsh nj\u00eb kolos dymetrosh i me gjymtyr\u00eb dhe trup t\u00eb cop\u00ebtuara i mbingarkuar me nj\u00eb kostum te rend\u00eb p\u00ebrmes nj\u00eb mase shkurresh t\u00eb dendura si leshi i lop\u00ebs.<\/p>\n<p>Ishte forc\u00eb karakteri mal\u00ebsore t\u00eb p\u00ebrkul\u00ebsh e t\u00eb thyesh me dore nj\u00eb mas\u00eb t\u00eb till\u00eb shkurresh t\u00eb harlisura t\u00eb pa dep\u00ebrtush\u00ebme nga njeriu p\u00ebr me se dy dekada n\u00ebn trysnin\u00eb e nj\u00eb stuhie shiu t\u00eb rr\u00ebmbyer alpin. Pasi u nisi viktima p\u00ebr n\u00eb Tiran\u00eb, nen p\u00ebrkujdesjen e k\u00ebtyre njer\u00ebzve t\u00eb mir\u00eb u ruajt vendi i ngjarjes deri sa erdh\u00ebn ekspertet, me shpenzimet e veta Deda me kamion\u00e7in\u00ebn e vet solli motorin e aksidentuar n\u00eb Shkod\u00ebr, nd\u00ebrsa per mua koleget mij\u00eb dhe dy \u00e7eket e traumatizuar, t\u00eb lagur e te qullosur, zeheshin thethjanet e se kush do na merrte p\u00ebr t\u2019u thar\u00eb e p\u00ebr t\u00eb ngre ne sht\u00ebpit\u00eb e tyre sa edhe ne na vun\u00eb n\u00eb pozit\u00eb t\u00eb v\u00ebshtir\u00eb se kujt doja prishnim e kujt do ja ndreqnim.<\/p>\n<p>Natyrisht ne zgjodh\u00ebm aty ku e kishim me af\u00ebr dhe bujt\u00ebm t\u00eb Gjergj Harusha, p\u00ebr mua nuk ishte ndonj\u00eb surprz\u00eb e ve\u00e7ante pritja dhe p\u00ebrkujdesi q\u00eb treguan p\u00ebr ne, por koleget e mij\u00eb q\u00eb vinin p\u00ebr se pari \u00eb Theth q\u00eb nj\u00eb dit\u00eb q\u00eb do ta kujtojn\u00eb gjat\u00eb duke marr\u00eb me vet\u00eb nj\u00eb mbres\u00eb solidariteti nga k\u00ebta njer\u00ebz t\u00eb mir\u00eb e fisnik q\u00eb nuk i gjend\u00ebn dot n\u00eb qendrat e zhurmshme e t\u00eb m\u00ebdha urbane. Pas trishtimit dhe dhimbjes p\u00ebr shokun e tyre t\u00eb pa kujdes\u00ebshem q\u00eb e p\u00ebrpiu gremina kuaternare,dy turistet \u00e7ek t\u00eb e sporteve t\u00eb aventur\u00ebs, u befasuan nga prezenca e menj\u00ebhershme e policis\u00eb(Prezenc\u00eb krejt e rast\u00ebsishme). Faleminderit shum\u00eb policia. Faleminderit shum\u00eb komuniteti, jeni shum\u00eb, shum\u00eb t\u00eb mrekulluesh\u00ebm, nuk e prisnim gjith\u00eb ket\u00eb ndihm\u00eb dhe sakrific\u00eb kaq t\u00eb menj\u00ebhershme.<\/p>\n<p>Faliminderit shum\u00eb na leht\u00ebsuat dhimbjen dhe na u gjet\u00ebt pran\u00eb n\u00eb momentet me te tmerrshme t\u00eb jet\u00eb son\u00eb. Sikur t\u00eb mos ishit ju kaq t\u00eb mrekulluesh\u00ebm nuk e di se \u00c7do t\u00eb b\u00ebnim, ndofta do ishim shkallmuar psikologjikisht. (K\u00ebto impresiono i shprehen tek sa pinin nga nj\u00eb birr\u00eb n\u00eb bujtin\u00ebn e Gjregj Harushes nd\u00ebrkoh\u00eb q\u00eb vazhdimisht p\u00ebrloteshin p\u00ebr shokun e tyre)<br \/>\nKy ishte impresioni q\u00eb mor\u00ebn me vete k\u00ebta turist pas aventur\u00ebs se tyre te dhimbshme n\u00eb Alpet tona. Ky ishte imazhi i shk\u00eblqyer i solidaritetit dhe bujaris\u00eb tipik q\u00eb mor\u00ebn me vet\u00eb p\u00ebr Thethin , Policin\u00eb Shqiptare dhe Shqip\u00ebrin\u00eb, shok\u00ebt e Davidit jet\u00ebshkurt\u00ebr.<\/p>\n<p>Thethi dhe Pellgu i Dukagjinit eshte nj\u00eb drum jashzakonisht i rrahur me turist nga gjith\u00eb Evropa, ku \u00e7do dit\u00eb vrapojn\u00eb drejt atyre monopateve mrekullueshme t\u00eb dhjet\u00ebra e dhjet\u00ebra \u00e7iklist e bi\u00e7iklist\u00eb, nd\u00ebrkoh\u00eb q\u00eb gjith\u00eb hap\u00ebsira e Dukagjinit nga Prekali deri n\u00eb Qaf\u00eb t\u00eb Valbon\u00ebs nga Okoli deri n\u00eb Qaf\u00eb t\u00eb Pej\u00ebs ka vet\u00ebm dy pun\u00ebtor\u00eb policie qe edhe ata mbi 3 dit\u00eb n\u00eb jav\u00eb duhet t\u00eb Paraqiten n\u00eb Komisariat n\u00eb Shkod\u00ebr. Nj\u00eb zon\u00eb e l\u00ebn\u00eb totalisht n\u00eb m\u00ebshir\u00eb t\u00eb natyr\u00ebs ku prezenca e shtetit eshte po thuaj inekzistente.<\/p>\n","protected":false},"excerpt":{"rendered":"<p>Prel\u00eb Milani Faliminderit shum\u00eb na leht\u00ebsuat dhimbjen dhe na u gjet\u00ebt pran\u00eb n\u00eb momentet me te tmerrshme t\u00eb jet\u00eb son\u00eb! Dit\u00ebn e diell me date 01.06 se bashku me koleget e mij\u00eb Gjergji, Ylli dhe Astriti q\u00eb n\u00eb or\u00ebn 05 u nisem p\u00ebr nj\u00eb inspektim n\u00eb Komun\u00ebn Shal\u00eb. Ishte nj\u00eb dit\u00eb gjat\u00eb pranverore shum\u00eb lodhshme [&hellip;]<\/p>\n","protected":false},"author":1,"featured_media":0,"comment_status":"open","ping_status":"closed","sticky":false,"template":"","format":"standard","meta":{"footnotes":""},"categories":[2],"tags":[],"class_list":{"0":"post-13587","1":"post","2":"type-post","3":"status-publish","4":"format-standard","6":"category-artikuj"},"yoast_head":"<!-- This site is optimized with the Yoast SEO plugin v27.4 - https:\/\/yoast.com\/product\/yoast-seo-wordpress\/ -->\n<title>SOLDARITET DHE BUJARI SHEMBULLORE E BANORVE T\u00cb THETHIT! - FjALA e LIR\u00cb - Arkivi<\/title>\n<meta name=\"robots\" content=\"index, follow, max-snippet:-1, max-image-preview:large, max-video-preview:-1\" \/>\n<link rel=\"canonical\" href=\"https:\/\/fjala.info\/2009-2015\/soldaritet-dhe-bujari-shembullore-e-banorve-te-thethit\/\" \/>\n<meta property=\"og:locale\" content=\"sq_AL\" \/>\n<meta property=\"og:type\" content=\"article\" \/>\n<meta property=\"og:title\" content=\"SOLDARITET DHE BUJARI SHEMBULLORE E BANORVE T\u00cb THETHIT! - FjALA e LIR\u00cb - Arkivi\" \/>\n<meta property=\"og:description\" content=\"Prel\u00eb Milani Faliminderit shum\u00eb na leht\u00ebsuat dhimbjen dhe na u gjet\u00ebt pran\u00eb n\u00eb momentet me te tmerrshme t\u00eb jet\u00eb son\u00eb! Dit\u00ebn e diell me date 01.06 se bashku me koleget e mij\u00eb Gjergji, Ylli dhe Astriti q\u00eb n\u00eb or\u00ebn 05 u nisem p\u00ebr nj\u00eb inspektim n\u00eb Komun\u00ebn Shal\u00eb. Ishte nj\u00eb dit\u00eb gjat\u00eb pranverore shum\u00eb lodhshme [&hellip;]\" \/>\n<meta property=\"og:url\" content=\"https:\/\/fjala.info\/2009-2015\/soldaritet-dhe-bujari-shembullore-e-banorve-te-thethit\/\" \/>\n<meta property=\"og:site_name\" content=\"FjALA e LIR\u00cb - Arkivi\" \/>\n<meta property=\"article:published_time\" content=\"2014-06-08T07:01:07+00:00\" \/>\n<meta property=\"og:image\" content=\"http:\/\/www.fjala.info\/2014\/prele_milani.jpg\" \/>\n<meta name=\"author\" content=\"admin\" \/>\n<meta name=\"twitter:card\" content=\"summary_large_image\" \/>\n<meta name=\"twitter:label1\" content=\"Written by\" \/>\n\t<meta name=\"twitter:data1\" content=\"admin\" \/>\n\t<meta name=\"twitter:label2\" content=\"Est. reading time\" \/>\n\t<meta name=\"twitter:data2\" content=\"6 minutes\" \/>\n<script type=\"application\/ld+json\" class=\"yoast-schema-graph\">{\"@context\":\"https:\\\/\\\/schema.org\",\"@graph\":[{\"@type\":\"Article\",\"@id\":\"https:\\\/\\\/fjala.info\\\/2009-2015\\\/soldaritet-dhe-bujari-shembullore-e-banorve-te-thethit\\\/#article\",\"isPartOf\":{\"@id\":\"https:\\\/\\\/fjala.info\\\/2009-2015\\\/soldaritet-dhe-bujari-shembullore-e-banorve-te-thethit\\\/\"},\"author\":{\"name\":\"admin\",\"@id\":\"https:\\\/\\\/fjala.info\\\/2009-2015\\\/#\\\/schema\\\/person\\\/3aa1163ef05469c496fc94e77611ada2\"},\"headline\":\"SOLDARITET DHE BUJARI SHEMBULLORE E BANORVE T\u00cb THETHIT!\",\"datePublished\":\"2014-06-08T07:01:07+00:00\",\"mainEntityOfPage\":{\"@id\":\"https:\\\/\\\/fjala.info\\\/2009-2015\\\/soldaritet-dhe-bujari-shembullore-e-banorve-te-thethit\\\/\"},\"wordCount\":1125,\"commentCount\":0,\"publisher\":{\"@id\":\"https:\\\/\\\/fjala.info\\\/2009-2015\\\/#organization\"},\"image\":{\"@id\":\"https:\\\/\\\/fjala.info\\\/2009-2015\\\/soldaritet-dhe-bujari-shembullore-e-banorve-te-thethit\\\/#primaryimage\"},\"thumbnailUrl\":\"http:\\\/\\\/www.fjala.info\\\/2014\\\/prele_milani.jpg\",\"articleSection\":[\"Artikuj\"],\"inLanguage\":\"sq-AL\",\"potentialAction\":[{\"@type\":\"CommentAction\",\"name\":\"Comment\",\"target\":[\"https:\\\/\\\/fjala.info\\\/2009-2015\\\/soldaritet-dhe-bujari-shembullore-e-banorve-te-thethit\\\/#respond\"]}]},{\"@type\":\"WebPage\",\"@id\":\"https:\\\/\\\/fjala.info\\\/2009-2015\\\/soldaritet-dhe-bujari-shembullore-e-banorve-te-thethit\\\/\",\"url\":\"https:\\\/\\\/fjala.info\\\/2009-2015\\\/soldaritet-dhe-bujari-shembullore-e-banorve-te-thethit\\\/\",\"name\":\"SOLDARITET DHE BUJARI SHEMBULLORE E BANORVE T\u00cb THETHIT! - FjALA e LIR\u00cb - Arkivi\",\"isPartOf\":{\"@id\":\"https:\\\/\\\/fjala.info\\\/2009-2015\\\/#website\"},\"primaryImageOfPage\":{\"@id\":\"https:\\\/\\\/fjala.info\\\/2009-2015\\\/soldaritet-dhe-bujari-shembullore-e-banorve-te-thethit\\\/#primaryimage\"},\"image\":{\"@id\":\"https:\\\/\\\/fjala.info\\\/2009-2015\\\/soldaritet-dhe-bujari-shembullore-e-banorve-te-thethit\\\/#primaryimage\"},\"thumbnailUrl\":\"http:\\\/\\\/www.fjala.info\\\/2014\\\/prele_milani.jpg\",\"datePublished\":\"2014-06-08T07:01:07+00:00\",\"breadcrumb\":{\"@id\":\"https:\\\/\\\/fjala.info\\\/2009-2015\\\/soldaritet-dhe-bujari-shembullore-e-banorve-te-thethit\\\/#breadcrumb\"},\"inLanguage\":\"sq-AL\",\"potentialAction\":[{\"@type\":\"ReadAction\",\"target\":[\"https:\\\/\\\/fjala.info\\\/2009-2015\\\/soldaritet-dhe-bujari-shembullore-e-banorve-te-thethit\\\/\"]}]},{\"@type\":\"ImageObject\",\"inLanguage\":\"sq-AL\",\"@id\":\"https:\\\/\\\/fjala.info\\\/2009-2015\\\/soldaritet-dhe-bujari-shembullore-e-banorve-te-thethit\\\/#primaryimage\",\"url\":\"http:\\\/\\\/www.fjala.info\\\/2014\\\/prele_milani.jpg\",\"contentUrl\":\"http:\\\/\\\/www.fjala.info\\\/2014\\\/prele_milani.jpg\"},{\"@type\":\"BreadcrumbList\",\"@id\":\"https:\\\/\\\/fjala.info\\\/2009-2015\\\/soldaritet-dhe-bujari-shembullore-e-banorve-te-thethit\\\/#breadcrumb\",\"itemListElement\":[{\"@type\":\"ListItem\",\"position\":1,\"name\":\"Home\",\"item\":\"https:\\\/\\\/fjala.info\\\/2009-2015\\\/\"},{\"@type\":\"ListItem\",\"position\":2,\"name\":\"SOLDARITET DHE BUJARI SHEMBULLORE E BANORVE T\u00cb THETHIT!\"}]},{\"@type\":\"WebSite\",\"@id\":\"https:\\\/\\\/fjala.info\\\/2009-2015\\\/#website\",\"url\":\"https:\\\/\\\/fjala.info\\\/2009-2015\\\/\",\"name\":\"FjALA e LIR\u00cb - Arkivi\",\"description\":\"Arkivi 2009-2015\",\"publisher\":{\"@id\":\"https:\\\/\\\/fjala.info\\\/2009-2015\\\/#organization\"},\"potentialAction\":[{\"@type\":\"SearchAction\",\"target\":{\"@type\":\"EntryPoint\",\"urlTemplate\":\"https:\\\/\\\/fjala.info\\\/2009-2015\\\/?s={search_term_string}\"},\"query-input\":{\"@type\":\"PropertyValueSpecification\",\"valueRequired\":true,\"valueName\":\"search_term_string\"}}],\"inLanguage\":\"sq-AL\"},{\"@type\":\"Organization\",\"@id\":\"https:\\\/\\\/fjala.info\\\/2009-2015\\\/#organization\",\"name\":\"FjALA e LIR\u00cb - Arkivi\",\"url\":\"https:\\\/\\\/fjala.info\\\/2009-2015\\\/\",\"logo\":{\"@type\":\"ImageObject\",\"inLanguage\":\"sq-AL\",\"@id\":\"https:\\\/\\\/fjala.info\\\/2009-2015\\\/#\\\/schema\\\/logo\\\/image\\\/\",\"url\":\"\",\"contentUrl\":\"\",\"caption\":\"FjALA e LIR\u00cb - Arkivi\"},\"image\":{\"@id\":\"https:\\\/\\\/fjala.info\\\/2009-2015\\\/#\\\/schema\\\/logo\\\/image\\\/\"}},{\"@type\":\"Person\",\"@id\":\"https:\\\/\\\/fjala.info\\\/2009-2015\\\/#\\\/schema\\\/person\\\/3aa1163ef05469c496fc94e77611ada2\",\"name\":\"admin\",\"image\":{\"@type\":\"ImageObject\",\"inLanguage\":\"sq-AL\",\"@id\":\"https:\\\/\\\/fjala.info\\\/2009-2015\\\/wp-content\\\/uploads\\\/2012\\\/02\\\/arben_cokaj-120x150.jpg\",\"url\":\"https:\\\/\\\/fjala.info\\\/2009-2015\\\/wp-content\\\/uploads\\\/2012\\\/02\\\/arben_cokaj-120x150.jpg\",\"contentUrl\":\"https:\\\/\\\/fjala.info\\\/2009-2015\\\/wp-content\\\/uploads\\\/2012\\\/02\\\/arben_cokaj-120x150.jpg\",\"caption\":\"admin\"},\"description\":\"Admin, Fjala e Lir\u00eb\",\"sameAs\":[\"https:\\\/\\\/fjala.info\\\/\"],\"url\":\"https:\\\/\\\/fjala.info\\\/2009-2015\\\/author\\\/admin\\\/\"}]}<\/script>\n<!-- \/ Yoast SEO plugin. -->","yoast_head_json":{"title":"SOLDARITET DHE BUJARI SHEMBULLORE E BANORVE T\u00cb THETHIT! - FjALA e LIR\u00cb - Arkivi","robots":{"index":"index","follow":"follow","max-snippet":"max-snippet:-1","max-image-preview":"max-image-preview:large","max-video-preview":"max-video-preview:-1"},"canonical":"https:\/\/fjala.info\/2009-2015\/soldaritet-dhe-bujari-shembullore-e-banorve-te-thethit\/","og_locale":"sq_AL","og_type":"article","og_title":"SOLDARITET DHE BUJARI SHEMBULLORE E BANORVE T\u00cb THETHIT! - FjALA e LIR\u00cb - Arkivi","og_description":"Prel\u00eb Milani Faliminderit shum\u00eb na leht\u00ebsuat dhimbjen dhe na u gjet\u00ebt pran\u00eb n\u00eb momentet me te tmerrshme t\u00eb jet\u00eb son\u00eb! Dit\u00ebn e diell me date 01.06 se bashku me koleget e mij\u00eb Gjergji, Ylli dhe Astriti q\u00eb n\u00eb or\u00ebn 05 u nisem p\u00ebr nj\u00eb inspektim n\u00eb Komun\u00ebn Shal\u00eb. Ishte nj\u00eb dit\u00eb gjat\u00eb pranverore shum\u00eb lodhshme [&hellip;]","og_url":"https:\/\/fjala.info\/2009-2015\/soldaritet-dhe-bujari-shembullore-e-banorve-te-thethit\/","og_site_name":"FjALA e LIR\u00cb - Arkivi","article_published_time":"2014-06-08T07:01:07+00:00","og_image":[{"url":"http:\/\/www.fjala.info\/2014\/prele_milani.jpg","type":"","width":"","height":""}],"author":"admin","twitter_card":"summary_large_image","twitter_misc":{"Written by":"admin","Est. reading time":"6 minutes"},"schema":{"@context":"https:\/\/schema.org","@graph":[{"@type":"Article","@id":"https:\/\/fjala.info\/2009-2015\/soldaritet-dhe-bujari-shembullore-e-banorve-te-thethit\/#article","isPartOf":{"@id":"https:\/\/fjala.info\/2009-2015\/soldaritet-dhe-bujari-shembullore-e-banorve-te-thethit\/"},"author":{"name":"admin","@id":"https:\/\/fjala.info\/2009-2015\/#\/schema\/person\/3aa1163ef05469c496fc94e77611ada2"},"headline":"SOLDARITET DHE BUJARI SHEMBULLORE E BANORVE T\u00cb THETHIT!","datePublished":"2014-06-08T07:01:07+00:00","mainEntityOfPage":{"@id":"https:\/\/fjala.info\/2009-2015\/soldaritet-dhe-bujari-shembullore-e-banorve-te-thethit\/"},"wordCount":1125,"commentCount":0,"publisher":{"@id":"https:\/\/fjala.info\/2009-2015\/#organization"},"image":{"@id":"https:\/\/fjala.info\/2009-2015\/soldaritet-dhe-bujari-shembullore-e-banorve-te-thethit\/#primaryimage"},"thumbnailUrl":"http:\/\/www.fjala.info\/2014\/prele_milani.jpg","articleSection":["Artikuj"],"inLanguage":"sq-AL","potentialAction":[{"@type":"CommentAction","name":"Comment","target":["https:\/\/fjala.info\/2009-2015\/soldaritet-dhe-bujari-shembullore-e-banorve-te-thethit\/#respond"]}]},{"@type":"WebPage","@id":"https:\/\/fjala.info\/2009-2015\/soldaritet-dhe-bujari-shembullore-e-banorve-te-thethit\/","url":"https:\/\/fjala.info\/2009-2015\/soldaritet-dhe-bujari-shembullore-e-banorve-te-thethit\/","name":"SOLDARITET DHE BUJARI SHEMBULLORE E BANORVE T\u00cb THETHIT! - FjALA e LIR\u00cb - Arkivi","isPartOf":{"@id":"https:\/\/fjala.info\/2009-2015\/#website"},"primaryImageOfPage":{"@id":"https:\/\/fjala.info\/2009-2015\/soldaritet-dhe-bujari-shembullore-e-banorve-te-thethit\/#primaryimage"},"image":{"@id":"https:\/\/fjala.info\/2009-2015\/soldaritet-dhe-bujari-shembullore-e-banorve-te-thethit\/#primaryimage"},"thumbnailUrl":"http:\/\/www.fjala.info\/2014\/prele_milani.jpg","datePublished":"2014-06-08T07:01:07+00:00","breadcrumb":{"@id":"https:\/\/fjala.info\/2009-2015\/soldaritet-dhe-bujari-shembullore-e-banorve-te-thethit\/#breadcrumb"},"inLanguage":"sq-AL","potentialAction":[{"@type":"ReadAction","target":["https:\/\/fjala.info\/2009-2015\/soldaritet-dhe-bujari-shembullore-e-banorve-te-thethit\/"]}]},{"@type":"ImageObject","inLanguage":"sq-AL","@id":"https:\/\/fjala.info\/2009-2015\/soldaritet-dhe-bujari-shembullore-e-banorve-te-thethit\/#primaryimage","url":"http:\/\/www.fjala.info\/2014\/prele_milani.jpg","contentUrl":"http:\/\/www.fjala.info\/2014\/prele_milani.jpg"},{"@type":"BreadcrumbList","@id":"https:\/\/fjala.info\/2009-2015\/soldaritet-dhe-bujari-shembullore-e-banorve-te-thethit\/#breadcrumb","itemListElement":[{"@type":"ListItem","position":1,"name":"Home","item":"https:\/\/fjala.info\/2009-2015\/"},{"@type":"ListItem","position":2,"name":"SOLDARITET DHE BUJARI SHEMBULLORE E BANORVE T\u00cb THETHIT!"}]},{"@type":"WebSite","@id":"https:\/\/fjala.info\/2009-2015\/#website","url":"https:\/\/fjala.info\/2009-2015\/","name":"FjALA e LIR\u00cb - Arkivi","description":"Arkivi 2009-2015","publisher":{"@id":"https:\/\/fjala.info\/2009-2015\/#organization"},"potentialAction":[{"@type":"SearchAction","target":{"@type":"EntryPoint","urlTemplate":"https:\/\/fjala.info\/2009-2015\/?s={search_term_string}"},"query-input":{"@type":"PropertyValueSpecification","valueRequired":true,"valueName":"search_term_string"}}],"inLanguage":"sq-AL"},{"@type":"Organization","@id":"https:\/\/fjala.info\/2009-2015\/#organization","name":"FjALA e LIR\u00cb - Arkivi","url":"https:\/\/fjala.info\/2009-2015\/","logo":{"@type":"ImageObject","inLanguage":"sq-AL","@id":"https:\/\/fjala.info\/2009-2015\/#\/schema\/logo\/image\/","url":"","contentUrl":"","caption":"FjALA e LIR\u00cb - Arkivi"},"image":{"@id":"https:\/\/fjala.info\/2009-2015\/#\/schema\/logo\/image\/"}},{"@type":"Person","@id":"https:\/\/fjala.info\/2009-2015\/#\/schema\/person\/3aa1163ef05469c496fc94e77611ada2","name":"admin","image":{"@type":"ImageObject","inLanguage":"sq-AL","@id":"https:\/\/fjala.info\/2009-2015\/wp-content\/uploads\/2012\/02\/arben_cokaj-120x150.jpg","url":"https:\/\/fjala.info\/2009-2015\/wp-content\/uploads\/2012\/02\/arben_cokaj-120x150.jpg","contentUrl":"https:\/\/fjala.info\/2009-2015\/wp-content\/uploads\/2012\/02\/arben_cokaj-120x150.jpg","caption":"admin"},"description":"Admin, Fjala e Lir\u00eb","sameAs":["https:\/\/fjala.info\/"],"url":"https:\/\/fjala.info\/2009-2015\/author\/admin\/"}]}},"_links":{"self":[{"href":"https:\/\/fjala.info\/2009-2015\/wp-json\/wp\/v2\/posts\/13587","targetHints":{"allow":["GET"]}}],"collection":[{"href":"https:\/\/fjala.info\/2009-2015\/wp-json\/wp\/v2\/posts"}],"about":[{"href":"https:\/\/fjala.info\/2009-2015\/wp-json\/wp\/v2\/types\/post"}],"author":[{"embeddable":true,"href":"https:\/\/fjala.info\/2009-2015\/wp-json\/wp\/v2\/users\/1"}],"replies":[{"embeddable":true,"href":"https:\/\/fjala.info\/2009-2015\/wp-json\/wp\/v2\/comments?post=13587"}],"version-history":[{"count":0,"href":"https:\/\/fjala.info\/2009-2015\/wp-json\/wp\/v2\/posts\/13587\/revisions"}],"wp:attachment":[{"href":"https:\/\/fjala.info\/2009-2015\/wp-json\/wp\/v2\/media?parent=13587"}],"wp:term":[{"taxonomy":"category","embeddable":true,"href":"https:\/\/fjala.info\/2009-2015\/wp-json\/wp\/v2\/categories?post=13587"},{"taxonomy":"post_tag","embeddable":true,"href":"https:\/\/fjala.info\/2009-2015\/wp-json\/wp\/v2\/tags?post=13587"}],"curies":[{"name":"wp","href":"https:\/\/api.w.org\/{rel}","templated":true}]}}