{"id":13586,"date":"2014-06-08T07:51:49","date_gmt":"2014-06-08T06:51:49","guid":{"rendered":"http:\/\/www.fjala.info\/?p=1303"},"modified":"2014-06-08T07:51:49","modified_gmt":"2014-06-08T06:51:49","slug":"trafikimi-i-shpirterave","status":"publish","type":"post","link":"https:\/\/fjala.info\/2009-2015\/trafikimi-i-shpirterave\/","title":{"rendered":"TRAFIKIMI I SHPIRT\u00cbRAVE"},"content":{"rendered":"<p><img decoding=\"async\" class=\"alignright size-thumbnail wp-image-7236\" title=\"Rexhep Kasumaj\" src=\"http:\/\/www.fjala.info\/2014\/rexhep_kasumaj.jpg\" alt=\"\" width=\"150\" \/> <strong>Rexhep Kasumaj<\/strong>,<em> Berlin, qershor 2014<\/em><\/p>\n<p style=\"text-align: center;\">(<em>Elokuenca shp\u00ebtimtare<\/em>)<\/p>\n<p><strong>1<\/strong>.<br \/>\nKa koh\u00eb q\u00eb shtypi gjerman \u00ebsht\u00eb mbushur pezm i gjithi p\u00ebr nj\u00eb miq\u00ebsi t\u00eb \u00e7uditshme, dend\u00ebsia e s\u00eb cil\u00ebs vete p\u00ebrtej privatsis\u00eb njer\u00ebzore dhe mir\u00ebsjelljes politike. Kishte patur shkas nj\u00eb hendikep dhe do t\u00eb vijonte e prusht\u00eb p\u00ebrball\u00eb sfidash dhe m\u00ebnirjesh rrotull saj. Mbahej takimi i G8-es n\u00eb ver\u00ebn e larg\u00ebt, tash 14 vjet, dhe, meq\u00eb anglishtja e ish-kancelarit Schr\u00f6der q\u00eb do t\u00eb humbiste m\u00eb pas nga nj\u00eb Zonj\u00eb enigmatike, \u00e7alonte, ai ndihej pak i vetmuar. N\u00eb at\u00eb \u00e7ast, thuase pikaste or\u00ebn e tij, do ti gjendej pran\u00eb Shefi i Kremlinit (i k\u00ebsaj \u201engrehe satanike\u201c, \u201estrehe tiran\u00ebsh\u201c, \u201embeturine dinosaur\u00ebsh\u201c, e \u201ebanese qenjesh t\u00eb Apokalips\u00ebs\u201c, sipas fr\u00ebngut Marquis de Custime, cituar nga libri \u201eKremlini\u201c t\u00eb brites Catherine Merridale) q\u00eb, si ish-spiun i Luft\u00ebs s\u00eb Ftoht\u00eb, fliste rrjedhsh\u00ebm gjuh\u00ebn e tij.<\/p>\n<p>E bashk\u00ebndjesia do t\u2018hidhte, ashtu, filles\u00ebn njohjes s\u00eb gjat\u00eb. Mandej, nd\u00ebr vite, ajo, e shnd\u00ebrruar n\u00eb patneritet utilitar, do t\u00eb p\u00ebrshkohej nj\u00ebj filli t\u00eb errt\u00eb p\u00ebrfitimesh t\u00eb dyanshme: monetare p\u00ebr t\u00eb parin dhe politike p\u00ebr t\u00eb dytin. P\u00ebr Gerdin (si e quan me polites\u00eb miku i tij) ajo do t\u2018b\u00ebhej vjeg\u00eb e kamjes s\u00eb dyshimt\u00eb, kurse p\u00ebr Wladimirin, ose \u201ddemokratin e kulluar\u201d (si e cil\u00ebsonte kameradi berlinez), kje nj\u00eb p\u00eblhur\u00eb mashtrimi p\u00ebr t\u00eb p\u00ebrligjur despotin\u00eb dhe nj\u00ebher\u00ebsh mb\u00ebshtetje e fort\u00eb n\u00eb kulme krizash p\u00ebrul\u00ebse t\u00eb perandoris\u00eb s\u00eb shthurur. T\u00eb tilla ishin ato t\u00eb vitit 2000, kur arka shtet\u00ebrore ruse, e zbrazur krejt\u00ebsisht, injektohej me 6 miliard\u00eb Mark nga tag\u00ebrdh\u00ebn\u00ebsit gjerman\u00eb. Apo tani kur shtjella ukrajinase e ka v\u00ebn\u00eb n\u00eb le\u00e7itje kompromituese dhe, kur, gati si tek baladat e mo\u00e7me, \u00e7\u2019nd\u00ebrton dit\u00ebn kryediplomati i vyer, e rr\u00ebmon dora e pamir\u00eb, me ndryshimin se tani kjo dor\u00eb nuk \u00ebsht\u00eb as mistike dhe as e huaj. \u201eLidhja\u201c e paepur nuk \u00ebsht\u00eb rast\u00ebsore, nuk ka r\u00ebn\u00eb si murmurim\u00eb n\u00eb qiellin pa r\u00e8. Socialdemokrat\u00ebt tradicionalisht kishin nj\u00eblloj squllosje, afeksioni t\u00eb ndonj\u00ebhersh\u00ebm sllavolindor.<\/p>\n<p>I shkonte krejt ndesh rrjeshtimit dhe ishte disonante distanca e Helmut Schmidtit nga \u201eantiputinizmi histerik\u201c q\u00eb, pohon ai, rrit\u00eb probabilitetin e Luft\u00ebs s\u00eb tret\u00eb. V\u00ebshtrimi se \u201eKombi ukrajinas nuk ekziston\u201c, (\u201eBild\u201c) mund t\u00eb pretendoj\u00eb t\u00eb v\u00ebrtet\u00ebn, (sipas k\u00ebtij rezoni real, as identitet e komb maqedonas nuk mund t\u00eb ket\u00eb), por konteksti dukej r\u00ebndsh\u00ebm i gabuar. Konformohej n\u00eb plot\u00ebri me pozicionin rus dhe \u00ebsht\u00eb ky flatrim i tij arrogant q\u00eb paraqet rrezikun e Luft\u00ebs s\u00eb p\u00ebrbotshme. Akoma kujtojm\u00eb t\u00eb Majt\u00ebn (Gregor Gysit) t\u00eb dal\u00eb nga gjiri i Partis\u00eb pun\u00ebtore t\u00eb Honeckerit, tek kund\u00ebrshtonte hapur e plot agjitim negativ, nd\u00ebshkimin natoist t\u00eb regjimit millosheviqjan. Si p\u00ebr t\u00eb konsoliduar p\u00ebrshtypjen, Mathias Platzeck (Premier disavjet\u00ebsh i Brandenburgut) i pyetur se a ka nj\u00eb mir\u00ebkuptim t\u00eb heshtur n\u00eb Landet e reja q\u00eb i p\u00ebrkisnin ish-kampit sovjetik p\u00ebr aneksionin e Krimes\u00eb a p\u00ebr cop\u00ebtimin e Ukrajin\u00ebs dhe athua shpjegohet kjo rezerv\u00eb e fsheht\u00eb me zhg\u00ebnjimin e tyre pas Ribashkimit, do t\u2018p\u00ebrgjigjej shkurt \u2013 marr\u00ebzi! Ndoshta, nj\u00ebmend, ngjan t\u00eb jet\u00eb ashtu, por vet\u00eb pyetja ndryn\u00eb n\u00eb vete nj\u00eb gjas\u00eb p\u00ebrceptimi t\u00eb till\u00eb, nj\u00eb vraj\u00eb t\u00eb ndrydhur nostalgjie&#8230;<\/p>\n<p><strong>2<\/strong>.<br \/>\nUrtia e njohur se \u00e7do e keqe sjell nj\u00eb t\u00eb mir\u00eb, rrah t\u00eb provoj\u00eb s\u00ebrish pranin\u00eb e saj. Kjo miq\u00ebsi tek keqermon aq paduruesh\u00ebm, megjithat\u00eb ka p\u00ebrnxitur dhe mb\u00ebrritje t\u00eb m\u00ebdha. Jemi m\u00ebsuar k\u00ebto motet e mbram\u00eb t\u00eb konsumojm\u00eb eksperienca e dije vet\u00ebm nga landet sip\u00ebr Vjen\u00ebs. U b\u00ebm\u00eb, si me th\u00ebn\u00eb, nj\u00ebsh me to dhe arealin e tyre qytetnues e p\u00ebrjetojm\u00eb si aspirat\u00eb t\u00eb ligjshme t\u00eb natyrshm\u00ebris\u00eb son\u00eb. Po k\u00ebsaj radhe, n\u00eb vend t\u00eb dogmave e tabuve t\u00eb dikurshme, nj\u00eb zhd\u00ebrvjellt\u00ebsi e mrekullueshme gjuh\u00ebsore vjen nga moskovit\u00ebt e harruar. P\u00ebrve\u00e7 dal\u00ebzot\u00ebs interesash t\u00eb ngushta jetike, ky shoq\u00ebrim i rrall\u00eb elitar shohim t\u00eb ket\u00eb ndikuar dhe begatimin elokuent t\u00eb leksikut politik, sa q\u00eb n\u00eb Rusi \u00ebsht\u00eb farkuar nj\u00eb term i ri interesant.<\/p>\n<p>P\u00ebr t\u00eb shitbler\u00eb nj\u00eb politikan q\u00eb do t\u00eb kryente pun\u00eb pas perdes n\u00eb hemisfer\u00ebn per\u00ebndimore, sugjerohet prer\u00eb e shkurt: \u201dSchroderisazja\u201d (\u201cFocus\u201d), q\u00eb i bie nj\u00eb si \u201eshr\u00ebderim\u201c apo ta \u201cshred\u00ebrosh\u201d dik\u00ebnd, q\u00eb s\u2019\u00ebsht\u00eb pos nj\u00eb ekuivalent i shprehjes p\u00ebr korruptimin e tij. N\u00eb fakt, rus\u00ebt kan\u00eb prore p\u00ebr t\u00eb b\u00ebr\u00eb n\u00eb oborrin e vet t\u00eb k\u00ebnet\u00ebzuar. Rendi i oligark\u00ebve, p\u00ebrndjekja e opozitar\u00ebve, p\u00ebrsekutimi i mendimit t\u00eb lir\u00eb \u2013 jan\u00eb tipare shenj\u00ebzuese t\u00eb k\u00ebtij kapitalizmi t\u00eb eg\u00ebr e brutal. Ve\u00e7se gjetja e tyre ingjenioze i referohet, tashm\u00eb jo p\u00ebrplasjeve vetore, por relatave globale. E till\u00eb, frym\u00ebzuese dhe e kursyer, ajo mund t\u00eb ket\u00eb p\u00ebrhapje t\u00eb gjer\u00eb drejt kulturash t\u00eb tjera gjithandej bot\u00ebs.<\/p>\n<p>Por, ah kjo e bekuara gjuh\u00eb shqipe! M\u00eb leht\u00eb dhe elegantisht se asnj\u00eb tjet\u00ebr, identifikon mesazhin e saj. Fjal\u00ebr\u00ebnda \u201eme e shred\u00ebrue\u201c (ta shred\u00ebrosh ose shred\u00ebroje), p\u00ebrkon asociativisht p\u00ebrfekt me fjal\u00ebn e kategoris\u00eb morale, \u201cme shnderue\u201d, (pra, shnderim, ta shnderosh) nj\u00eb fatkeq. Po a s\u2019\u00ebsht\u00eb kjo e nj\u00ebjta gj\u00eb? N\u00ebse, ndaj, t\u2019ia trafikosh dikujt shpirtin, ta \u00e7moralizosh at\u00eb, qenk\u00ebsh \u201eshred\u00ebrim\u201c, aher\u00eb a nuk \u00ebsht\u00eb b\u00ebma e barasvlershme me \u201eshnderimin\u201c, madje m\u00eb keq ende, me \u201eshnjer\u00ebzimin\u201c e tij? Aq m\u00eb tep\u00ebr kur ai, paraprakisht, \u00ebsht\u00eb vet\u00ebpajtuar me groposjen mjerane&#8230;<\/p>\n<p><strong>3<\/strong>.<br \/>\nA do t\u00eb aplikohej dhe si do t\u00eb fjal\u00ebformohej, pra, ky p\u00ebrskajim i bekuar n\u00eb Kosov\u00eb? Sigurisht, porse ka nj\u00eb pengore. P\u00ebr dallim nga mjedisi europian, aty zvarranik\u00ebt e shumt\u00eb si krimbat pas shiut, vriten e priten p\u00ebr vendz\u00ebnje n\u00eb tempullin e lavdis\u00eb korruptive. Dhe \u00ebsht\u00eb, q\u00eb k\u00ebtej, v\u00ebshtir\u00eb t\u00eb gjendet se kush do t\u00eb b\u00ebnte mas\u00ebn apo emri i cilit hierark politik do t\u00eb krijonte nocionin e nj\u00ebsojt\u00eb, aq t\u00eb n\u00ebvojsh\u00ebm p\u00ebr t\u00eb definuar dukurin\u00eb dhe, poashtu, p\u00ebr t\u00eb racionalizuar debatet e lodhsh\u00ebm! Rrjedhimisht, n\u00eb vend t\u00eb dhjet\u00ebra fjal\u00ebve t\u00eb m\u00ebrzitshme p\u00ebr t\u00eb p\u00ebrshkruar nyj\u00ebtimin e fenomenit me bart\u00ebsin e tij, mbase lirisht do t\u2019mund t\u00eb thoshim, \u201eme e hashimue (ta hashimosh) dik\u00ebnd, ose, m\u00eb drejt\u00eb akoma, \u201cmustafim\u201d a ta \u201emustafosh\u201c, q\u00eb n\u00ebnkupton ta prish\u00ebsh, \u00e7orodis\u00ebsh, shnderosh e shnjer\u00ebzosh at\u00eb.<\/p>\n<p>Por, sidomos kur vep\u00ebrliga \u00ebsht\u00eb totale, kur p\u00ebrve\u00e7 vesit t\u00eb p\u00ebshtir\u00eb t\u00eb mitosjes, ng\u00ebrthen dhe p\u00ebrbetimin e dhimbsh\u00ebm kund\u00ebr votr\u00ebs, aher\u00eb p\u00ebrcaktori \u201cpacollizim\u201d ose \u201cpacollizoje\u201d shfytyranin, do t\u00eb jepte sakt\u00ebsisht k\u00ebt\u00eb neologjiz\u00ebm shp\u00ebtimtar\u00eb. Kurse, n\u00eb praktik\u00ebn rutinore, mbase, do t\u00eb thuhej \u201ehysenizim\u201c i ndokujt, mandej, sa paq o Zot, \u201cgrabovcoje\u201d a \u201cbukoshizoje\u201d t\u00eb shkretin, ose poaq p\u00ebrkitsh\u00ebm \u201eardiangjinoje\u201c e, pse jo, ta \u201chalitosh\u201d, madje dhe, ah, \u201cfatmiroje\u201d der\u00ebziun&#8230; Kjo e fundmja e sprov\u00ebs, nd\u00ebrkaq, m\u00eb ngjan dhe nj\u00ebkoh\u00ebsisht e bukur, sepse sikur e b\u00ebn fatmir\u00eb, e pra t\u00eb lumtur at\u00eb q\u00eb i dor\u00ebzohet me gaz dar\u00ebve t\u00eb \u00ebmbla t\u00eb shp\u00ebrdorimit.<\/p>\n<p>Natyrisht, renditja nuk mbaron kurr\u00ebsesi se, thjesht\u00eb, Galeria e tyre \u00ebsht\u00eb e paskaj. Duke qen\u00eb i gjat\u00eb vargoi edhe konkurrenca, si pasoj\u00eb, \u00ebsht\u00eb tep\u00ebr e ashp\u00ebr. Mir\u00ebpo, si ndodh shpesh, pik\u00ebrisht kur oferta \u00ebsht\u00eb bujare, p\u00ebrzgjedhja b\u00ebhet e v\u00ebshtir\u00eb. Kjo pun\u00eb k\u00ebrkon konsultim t\u00eb gjer\u00eb me njoh\u00ebs t\u00eb tregtiz\u00ebs politike, me linguist\u00eb, pastaj me mjesht\u00ebr t\u00eb kumbimit artistik dhe, padyshim, me stilist\u00eb t\u00eb d\u00ebshmuar e analist\u00eb t\u00eb rryer t\u00eb sed\u00ebrholl\u00ebs shqiptare. Formulimi i p\u00ebrshtatsh\u00ebm, mbase, do vonoj\u00eb pak, por do t\u00eb kumtohet gjith\u00ebsesi. \u00cbsht\u00eb nj\u00eb p\u00ebrfundim q\u00eb vlen pritjen, po fundja, a nuk \u00ebsht\u00eb pritja heroike e t\u00eb mir\u00ebs (q\u00eb si thot\u00eb Poeti, i kemi l\u00ebn\u00eb takim n\u00eb varrez\u00eb) virtyt dhe fat yni i rezervuar p\u00ebrjetsh\u00ebm?!<\/p>\n","protected":false},"excerpt":{"rendered":"<p>Rexhep Kasumaj, Berlin, qershor 2014 (Elokuenca shp\u00ebtimtare) 1. Ka koh\u00eb q\u00eb shtypi gjerman \u00ebsht\u00eb mbushur pezm i gjithi p\u00ebr nj\u00eb miq\u00ebsi t\u00eb \u00e7uditshme, dend\u00ebsia e s\u00eb cil\u00ebs vete p\u00ebrtej privatsis\u00eb njer\u00ebzore dhe mir\u00ebsjelljes politike. Kishte patur shkas nj\u00eb hendikep dhe do t\u00eb vijonte e prusht\u00eb p\u00ebrball\u00eb sfidash dhe m\u00ebnirjesh rrotull saj. Mbahej takimi i G8-es [&hellip;]<\/p>\n","protected":false},"author":1,"featured_media":0,"comment_status":"open","ping_status":"closed","sticky":false,"template":"","format":"standard","meta":{"footnotes":""},"categories":[2],"tags":[],"class_list":{"0":"post-13586","1":"post","2":"type-post","3":"status-publish","4":"format-standard","6":"category-artikuj"},"yoast_head":"<!-- This site is optimized with the Yoast SEO plugin v27.4 - https:\/\/yoast.com\/product\/yoast-seo-wordpress\/ -->\n<title>TRAFIKIMI I SHPIRT\u00cbRAVE - FjALA e LIR\u00cb - Arkivi<\/title>\n<meta name=\"robots\" content=\"index, follow, max-snippet:-1, max-image-preview:large, max-video-preview:-1\" \/>\n<link rel=\"canonical\" href=\"https:\/\/fjala.info\/2009-2015\/trafikimi-i-shpirterave\/\" \/>\n<meta property=\"og:locale\" content=\"sq_AL\" \/>\n<meta property=\"og:type\" content=\"article\" \/>\n<meta property=\"og:title\" content=\"TRAFIKIMI I SHPIRT\u00cbRAVE - FjALA e LIR\u00cb - Arkivi\" \/>\n<meta property=\"og:description\" content=\"Rexhep Kasumaj, Berlin, qershor 2014 (Elokuenca shp\u00ebtimtare) 1. Ka koh\u00eb q\u00eb shtypi gjerman \u00ebsht\u00eb mbushur pezm i gjithi p\u00ebr nj\u00eb miq\u00ebsi t\u00eb \u00e7uditshme, dend\u00ebsia e s\u00eb cil\u00ebs vete p\u00ebrtej privatsis\u00eb njer\u00ebzore dhe mir\u00ebsjelljes politike. Kishte patur shkas nj\u00eb hendikep dhe do t\u00eb vijonte e prusht\u00eb p\u00ebrball\u00eb sfidash dhe m\u00ebnirjesh rrotull saj. Mbahej takimi i G8-es [&hellip;]\" \/>\n<meta property=\"og:url\" content=\"https:\/\/fjala.info\/2009-2015\/trafikimi-i-shpirterave\/\" \/>\n<meta property=\"og:site_name\" content=\"FjALA e LIR\u00cb - Arkivi\" \/>\n<meta property=\"article:published_time\" content=\"2014-06-08T06:51:49+00:00\" \/>\n<meta property=\"og:image\" content=\"http:\/\/www.fjala.info\/2014\/rexhep_kasumaj.jpg\" \/>\n<meta name=\"author\" content=\"admin\" \/>\n<meta name=\"twitter:card\" content=\"summary_large_image\" \/>\n<meta name=\"twitter:label1\" content=\"Written by\" \/>\n\t<meta name=\"twitter:data1\" content=\"admin\" \/>\n\t<meta name=\"twitter:label2\" content=\"Est. reading time\" \/>\n\t<meta name=\"twitter:data2\" content=\"7 minutes\" \/>\n<script type=\"application\/ld+json\" class=\"yoast-schema-graph\">{\"@context\":\"https:\\\/\\\/schema.org\",\"@graph\":[{\"@type\":\"Article\",\"@id\":\"https:\\\/\\\/fjala.info\\\/2009-2015\\\/trafikimi-i-shpirterave\\\/#article\",\"isPartOf\":{\"@id\":\"https:\\\/\\\/fjala.info\\\/2009-2015\\\/trafikimi-i-shpirterave\\\/\"},\"author\":{\"name\":\"admin\",\"@id\":\"https:\\\/\\\/fjala.info\\\/2009-2015\\\/#\\\/schema\\\/person\\\/3aa1163ef05469c496fc94e77611ada2\"},\"headline\":\"TRAFIKIMI I SHPIRT\u00cbRAVE\",\"datePublished\":\"2014-06-08T06:51:49+00:00\",\"mainEntityOfPage\":{\"@id\":\"https:\\\/\\\/fjala.info\\\/2009-2015\\\/trafikimi-i-shpirterave\\\/\"},\"wordCount\":1397,\"commentCount\":0,\"publisher\":{\"@id\":\"https:\\\/\\\/fjala.info\\\/2009-2015\\\/#organization\"},\"image\":{\"@id\":\"https:\\\/\\\/fjala.info\\\/2009-2015\\\/trafikimi-i-shpirterave\\\/#primaryimage\"},\"thumbnailUrl\":\"http:\\\/\\\/www.fjala.info\\\/2014\\\/rexhep_kasumaj.jpg\",\"articleSection\":[\"Artikuj\"],\"inLanguage\":\"sq-AL\",\"potentialAction\":[{\"@type\":\"CommentAction\",\"name\":\"Comment\",\"target\":[\"https:\\\/\\\/fjala.info\\\/2009-2015\\\/trafikimi-i-shpirterave\\\/#respond\"]}]},{\"@type\":\"WebPage\",\"@id\":\"https:\\\/\\\/fjala.info\\\/2009-2015\\\/trafikimi-i-shpirterave\\\/\",\"url\":\"https:\\\/\\\/fjala.info\\\/2009-2015\\\/trafikimi-i-shpirterave\\\/\",\"name\":\"TRAFIKIMI I SHPIRT\u00cbRAVE - FjALA e LIR\u00cb - Arkivi\",\"isPartOf\":{\"@id\":\"https:\\\/\\\/fjala.info\\\/2009-2015\\\/#website\"},\"primaryImageOfPage\":{\"@id\":\"https:\\\/\\\/fjala.info\\\/2009-2015\\\/trafikimi-i-shpirterave\\\/#primaryimage\"},\"image\":{\"@id\":\"https:\\\/\\\/fjala.info\\\/2009-2015\\\/trafikimi-i-shpirterave\\\/#primaryimage\"},\"thumbnailUrl\":\"http:\\\/\\\/www.fjala.info\\\/2014\\\/rexhep_kasumaj.jpg\",\"datePublished\":\"2014-06-08T06:51:49+00:00\",\"breadcrumb\":{\"@id\":\"https:\\\/\\\/fjala.info\\\/2009-2015\\\/trafikimi-i-shpirterave\\\/#breadcrumb\"},\"inLanguage\":\"sq-AL\",\"potentialAction\":[{\"@type\":\"ReadAction\",\"target\":[\"https:\\\/\\\/fjala.info\\\/2009-2015\\\/trafikimi-i-shpirterave\\\/\"]}]},{\"@type\":\"ImageObject\",\"inLanguage\":\"sq-AL\",\"@id\":\"https:\\\/\\\/fjala.info\\\/2009-2015\\\/trafikimi-i-shpirterave\\\/#primaryimage\",\"url\":\"http:\\\/\\\/www.fjala.info\\\/2014\\\/rexhep_kasumaj.jpg\",\"contentUrl\":\"http:\\\/\\\/www.fjala.info\\\/2014\\\/rexhep_kasumaj.jpg\"},{\"@type\":\"BreadcrumbList\",\"@id\":\"https:\\\/\\\/fjala.info\\\/2009-2015\\\/trafikimi-i-shpirterave\\\/#breadcrumb\",\"itemListElement\":[{\"@type\":\"ListItem\",\"position\":1,\"name\":\"Home\",\"item\":\"https:\\\/\\\/fjala.info\\\/2009-2015\\\/\"},{\"@type\":\"ListItem\",\"position\":2,\"name\":\"TRAFIKIMI I SHPIRT\u00cbRAVE\"}]},{\"@type\":\"WebSite\",\"@id\":\"https:\\\/\\\/fjala.info\\\/2009-2015\\\/#website\",\"url\":\"https:\\\/\\\/fjala.info\\\/2009-2015\\\/\",\"name\":\"FjALA e LIR\u00cb - Arkivi\",\"description\":\"Arkivi 2009-2015\",\"publisher\":{\"@id\":\"https:\\\/\\\/fjala.info\\\/2009-2015\\\/#organization\"},\"potentialAction\":[{\"@type\":\"SearchAction\",\"target\":{\"@type\":\"EntryPoint\",\"urlTemplate\":\"https:\\\/\\\/fjala.info\\\/2009-2015\\\/?s={search_term_string}\"},\"query-input\":{\"@type\":\"PropertyValueSpecification\",\"valueRequired\":true,\"valueName\":\"search_term_string\"}}],\"inLanguage\":\"sq-AL\"},{\"@type\":\"Organization\",\"@id\":\"https:\\\/\\\/fjala.info\\\/2009-2015\\\/#organization\",\"name\":\"FjALA e LIR\u00cb - Arkivi\",\"url\":\"https:\\\/\\\/fjala.info\\\/2009-2015\\\/\",\"logo\":{\"@type\":\"ImageObject\",\"inLanguage\":\"sq-AL\",\"@id\":\"https:\\\/\\\/fjala.info\\\/2009-2015\\\/#\\\/schema\\\/logo\\\/image\\\/\",\"url\":\"\",\"contentUrl\":\"\",\"caption\":\"FjALA e LIR\u00cb - Arkivi\"},\"image\":{\"@id\":\"https:\\\/\\\/fjala.info\\\/2009-2015\\\/#\\\/schema\\\/logo\\\/image\\\/\"}},{\"@type\":\"Person\",\"@id\":\"https:\\\/\\\/fjala.info\\\/2009-2015\\\/#\\\/schema\\\/person\\\/3aa1163ef05469c496fc94e77611ada2\",\"name\":\"admin\",\"image\":{\"@type\":\"ImageObject\",\"inLanguage\":\"sq-AL\",\"@id\":\"https:\\\/\\\/fjala.info\\\/2009-2015\\\/wp-content\\\/uploads\\\/2012\\\/02\\\/arben_cokaj-120x150.jpg\",\"url\":\"https:\\\/\\\/fjala.info\\\/2009-2015\\\/wp-content\\\/uploads\\\/2012\\\/02\\\/arben_cokaj-120x150.jpg\",\"contentUrl\":\"https:\\\/\\\/fjala.info\\\/2009-2015\\\/wp-content\\\/uploads\\\/2012\\\/02\\\/arben_cokaj-120x150.jpg\",\"caption\":\"admin\"},\"description\":\"Admin, Fjala e Lir\u00eb\",\"sameAs\":[\"https:\\\/\\\/fjala.info\\\/\"],\"url\":\"https:\\\/\\\/fjala.info\\\/2009-2015\\\/author\\\/admin\\\/\"}]}<\/script>\n<!-- \/ Yoast SEO plugin. -->","yoast_head_json":{"title":"TRAFIKIMI I SHPIRT\u00cbRAVE - FjALA e LIR\u00cb - Arkivi","robots":{"index":"index","follow":"follow","max-snippet":"max-snippet:-1","max-image-preview":"max-image-preview:large","max-video-preview":"max-video-preview:-1"},"canonical":"https:\/\/fjala.info\/2009-2015\/trafikimi-i-shpirterave\/","og_locale":"sq_AL","og_type":"article","og_title":"TRAFIKIMI I SHPIRT\u00cbRAVE - FjALA e LIR\u00cb - Arkivi","og_description":"Rexhep Kasumaj, Berlin, qershor 2014 (Elokuenca shp\u00ebtimtare) 1. Ka koh\u00eb q\u00eb shtypi gjerman \u00ebsht\u00eb mbushur pezm i gjithi p\u00ebr nj\u00eb miq\u00ebsi t\u00eb \u00e7uditshme, dend\u00ebsia e s\u00eb cil\u00ebs vete p\u00ebrtej privatsis\u00eb njer\u00ebzore dhe mir\u00ebsjelljes politike. Kishte patur shkas nj\u00eb hendikep dhe do t\u00eb vijonte e prusht\u00eb p\u00ebrball\u00eb sfidash dhe m\u00ebnirjesh rrotull saj. Mbahej takimi i G8-es [&hellip;]","og_url":"https:\/\/fjala.info\/2009-2015\/trafikimi-i-shpirterave\/","og_site_name":"FjALA e LIR\u00cb - Arkivi","article_published_time":"2014-06-08T06:51:49+00:00","og_image":[{"url":"http:\/\/www.fjala.info\/2014\/rexhep_kasumaj.jpg","type":"","width":"","height":""}],"author":"admin","twitter_card":"summary_large_image","twitter_misc":{"Written by":"admin","Est. reading time":"7 minutes"},"schema":{"@context":"https:\/\/schema.org","@graph":[{"@type":"Article","@id":"https:\/\/fjala.info\/2009-2015\/trafikimi-i-shpirterave\/#article","isPartOf":{"@id":"https:\/\/fjala.info\/2009-2015\/trafikimi-i-shpirterave\/"},"author":{"name":"admin","@id":"https:\/\/fjala.info\/2009-2015\/#\/schema\/person\/3aa1163ef05469c496fc94e77611ada2"},"headline":"TRAFIKIMI I SHPIRT\u00cbRAVE","datePublished":"2014-06-08T06:51:49+00:00","mainEntityOfPage":{"@id":"https:\/\/fjala.info\/2009-2015\/trafikimi-i-shpirterave\/"},"wordCount":1397,"commentCount":0,"publisher":{"@id":"https:\/\/fjala.info\/2009-2015\/#organization"},"image":{"@id":"https:\/\/fjala.info\/2009-2015\/trafikimi-i-shpirterave\/#primaryimage"},"thumbnailUrl":"http:\/\/www.fjala.info\/2014\/rexhep_kasumaj.jpg","articleSection":["Artikuj"],"inLanguage":"sq-AL","potentialAction":[{"@type":"CommentAction","name":"Comment","target":["https:\/\/fjala.info\/2009-2015\/trafikimi-i-shpirterave\/#respond"]}]},{"@type":"WebPage","@id":"https:\/\/fjala.info\/2009-2015\/trafikimi-i-shpirterave\/","url":"https:\/\/fjala.info\/2009-2015\/trafikimi-i-shpirterave\/","name":"TRAFIKIMI I SHPIRT\u00cbRAVE - FjALA e LIR\u00cb - Arkivi","isPartOf":{"@id":"https:\/\/fjala.info\/2009-2015\/#website"},"primaryImageOfPage":{"@id":"https:\/\/fjala.info\/2009-2015\/trafikimi-i-shpirterave\/#primaryimage"},"image":{"@id":"https:\/\/fjala.info\/2009-2015\/trafikimi-i-shpirterave\/#primaryimage"},"thumbnailUrl":"http:\/\/www.fjala.info\/2014\/rexhep_kasumaj.jpg","datePublished":"2014-06-08T06:51:49+00:00","breadcrumb":{"@id":"https:\/\/fjala.info\/2009-2015\/trafikimi-i-shpirterave\/#breadcrumb"},"inLanguage":"sq-AL","potentialAction":[{"@type":"ReadAction","target":["https:\/\/fjala.info\/2009-2015\/trafikimi-i-shpirterave\/"]}]},{"@type":"ImageObject","inLanguage":"sq-AL","@id":"https:\/\/fjala.info\/2009-2015\/trafikimi-i-shpirterave\/#primaryimage","url":"http:\/\/www.fjala.info\/2014\/rexhep_kasumaj.jpg","contentUrl":"http:\/\/www.fjala.info\/2014\/rexhep_kasumaj.jpg"},{"@type":"BreadcrumbList","@id":"https:\/\/fjala.info\/2009-2015\/trafikimi-i-shpirterave\/#breadcrumb","itemListElement":[{"@type":"ListItem","position":1,"name":"Home","item":"https:\/\/fjala.info\/2009-2015\/"},{"@type":"ListItem","position":2,"name":"TRAFIKIMI I SHPIRT\u00cbRAVE"}]},{"@type":"WebSite","@id":"https:\/\/fjala.info\/2009-2015\/#website","url":"https:\/\/fjala.info\/2009-2015\/","name":"FjALA e LIR\u00cb - Arkivi","description":"Arkivi 2009-2015","publisher":{"@id":"https:\/\/fjala.info\/2009-2015\/#organization"},"potentialAction":[{"@type":"SearchAction","target":{"@type":"EntryPoint","urlTemplate":"https:\/\/fjala.info\/2009-2015\/?s={search_term_string}"},"query-input":{"@type":"PropertyValueSpecification","valueRequired":true,"valueName":"search_term_string"}}],"inLanguage":"sq-AL"},{"@type":"Organization","@id":"https:\/\/fjala.info\/2009-2015\/#organization","name":"FjALA e LIR\u00cb - Arkivi","url":"https:\/\/fjala.info\/2009-2015\/","logo":{"@type":"ImageObject","inLanguage":"sq-AL","@id":"https:\/\/fjala.info\/2009-2015\/#\/schema\/logo\/image\/","url":"","contentUrl":"","caption":"FjALA e LIR\u00cb - Arkivi"},"image":{"@id":"https:\/\/fjala.info\/2009-2015\/#\/schema\/logo\/image\/"}},{"@type":"Person","@id":"https:\/\/fjala.info\/2009-2015\/#\/schema\/person\/3aa1163ef05469c496fc94e77611ada2","name":"admin","image":{"@type":"ImageObject","inLanguage":"sq-AL","@id":"https:\/\/fjala.info\/2009-2015\/wp-content\/uploads\/2012\/02\/arben_cokaj-120x150.jpg","url":"https:\/\/fjala.info\/2009-2015\/wp-content\/uploads\/2012\/02\/arben_cokaj-120x150.jpg","contentUrl":"https:\/\/fjala.info\/2009-2015\/wp-content\/uploads\/2012\/02\/arben_cokaj-120x150.jpg","caption":"admin"},"description":"Admin, Fjala e Lir\u00eb","sameAs":["https:\/\/fjala.info\/"],"url":"https:\/\/fjala.info\/2009-2015\/author\/admin\/"}]}},"_links":{"self":[{"href":"https:\/\/fjala.info\/2009-2015\/wp-json\/wp\/v2\/posts\/13586","targetHints":{"allow":["GET"]}}],"collection":[{"href":"https:\/\/fjala.info\/2009-2015\/wp-json\/wp\/v2\/posts"}],"about":[{"href":"https:\/\/fjala.info\/2009-2015\/wp-json\/wp\/v2\/types\/post"}],"author":[{"embeddable":true,"href":"https:\/\/fjala.info\/2009-2015\/wp-json\/wp\/v2\/users\/1"}],"replies":[{"embeddable":true,"href":"https:\/\/fjala.info\/2009-2015\/wp-json\/wp\/v2\/comments?post=13586"}],"version-history":[{"count":0,"href":"https:\/\/fjala.info\/2009-2015\/wp-json\/wp\/v2\/posts\/13586\/revisions"}],"wp:attachment":[{"href":"https:\/\/fjala.info\/2009-2015\/wp-json\/wp\/v2\/media?parent=13586"}],"wp:term":[{"taxonomy":"category","embeddable":true,"href":"https:\/\/fjala.info\/2009-2015\/wp-json\/wp\/v2\/categories?post=13586"},{"taxonomy":"post_tag","embeddable":true,"href":"https:\/\/fjala.info\/2009-2015\/wp-json\/wp\/v2\/tags?post=13586"}],"curies":[{"name":"wp","href":"https:\/\/api.w.org\/{rel}","templated":true}]}}