{"id":13573,"date":"2014-05-29T01:13:55","date_gmt":"2014-05-29T00:13:55","guid":{"rendered":"http:\/\/www.fjala.info\/?p=1255"},"modified":"2014-05-29T01:13:55","modified_gmt":"2014-05-29T00:13:55","slug":"ky-eshte-parlamenti-i-rrugaceve","status":"publish","type":"post","link":"https:\/\/fjala.info\/2009-2015\/ky-eshte-parlamenti-i-rrugaceve\/","title":{"rendered":"Ky eshte parlamenti i rruga\u00e7\u00ebve&#8230;"},"content":{"rendered":"<p><img decoding=\"async\" class=\"alignright size-thumbnail wp-image-7236\" title=\"Gjin Musa\" src=\"http:\/\/www.fjala.info\/2013\/gjin_musa.jpg\" alt=\"\" width=\"150\" \/> <strong>Gjin Musa<\/strong><\/p>\n<p>Nuke ka shqiptare te majte apo te djathte qe nuke ka trishtim per kete parlament.!!!!!<br \/>\nPo si do shkojme ne Europ me keta rrugace ,qe e felliqen voten e popullit.<br \/>\nNuke mundesh ta quashe veten qytetar i denje i vendit tane,kure shefe dhe degjon qe ligjvendesit e vendit<br \/>\nluajne me dinjitetin e elektoratit.<br \/>\nKure kujtojme parlamentet para ardhes sigurisht qe ndihesh krenar,kishim deputet dinjitoz,te zgjuar dhe me<br \/>\nnji politik parlamentare qe duhet patur zili.<br \/>\nTe majte dhe te djathet kishin nji vetendergjegjesim perpara elektoratit te vete,kishin kultur parlamentare,kishin dialoge parlamentar te modelit bashkohore.<br \/>\nEmerat e ishe deputeteve si Pjeter Arbenori,Bashkim Kopliku,Ali spahia dhe dhjetra tjere nga partia demokratike ishin model i parlamentarizmit.<br \/>\nPo deputet e majte si Paskal Milo,Pandeli Majko,Rexhep Mejdani e dhjetra te tjere mbeten modeli i nji parlamentarizmi<br \/>\nte kultures bashkohore.<br \/>\nPo ku jemi me parlamentarizmin e tete viteve te fundit?<br \/>\nNji krye parlamentare te coroditur,goje lige,mashtruese dhe abuzuese me pushtetin,kjo eshte Jozefina Topalli.<br \/>\nPer fatin e keqe patem nji kryeminister arrogante,nji njeri qe u be pale me krimin korruptiv dhe vrases,ky eshte<br \/>\nSali Berisha.<br \/>\nNji mazhoranc totalishte e coroditur,me nji grup parlamentar te marrur penge nga nji grup vagabondesh,fatekeqesi totale per Shqiperin.<br \/>\nU deshe 23 qershori qe kjo bande kriminale e kryesuar nga nji kriminel i sherbimeve sekrete Serbe ,qe quhet Sali Berisha te marri ndeshkimin perfundimtar,duke rene nga pushteti.<br \/>\nNe disa shkrime dhe komente te mijat jame mundur te qendroje prbadhe te se vertetes,e kame quajtur Salin e keqja kombetare,vazhdoje tu qendroje besnik bindjeve te mija.<br \/>\nArdhja e te majtes ne pushtet,degradimi i partis demokratike,Saliun dhe klanin rrethe tije e coroditen keqas.<br \/>\nBerisha nene &#8220;bresherin&#8221; e loteve jepe dorheqien nga drejtimi i partis demokratike!paseardhes besnikun e familjes z.Lulzim Basha merre drejtimin e partis demokratike,emerin ka demokratike!po e ketille nuke eshte!kjo eshte partia e te korruptuareve dhe te inktiminuareve.<br \/>\nNe radhet e PD-es pase votimit per Lulzim Bashen si kryetar fillojne pa kenaqesit,i pari dhe i fundit ishte dhe mbeti i ndjeri Sokol Olldashi te cilin Berisha dhe Luli i organizuan &#8220;aksidentin&#8221; vdekje perures.<br \/>\nPartia demokratike tashma eshte kethyer nenji parti te inkriminuaresh dhe gangsteresh,ne krye te grupit parlamentar nji deputat rrugac me emer dhe mbiemer Edi Paloka,me nji kryetar partie totalishte i inkriminuar ne krimin e korrupsionit dhe njeriu kryesor ne vrasjen e 4 demostrueseve me 21 janar.<br \/>\nNe grupin parlamentar te partis demokratike jane nji grup deputetesh te marrur penge nga krimi,te ketille jane,Strazimiri,RISTANI,TOPALLI,NDOKA,PALOKA,IMAMI E RULI te cilet tashma jane kethyer ne nji grup deputetesh te pa asnji moral politik dhe njerzor.<br \/>\nLulzim Basha nji kryetar partie qe nuke ka tagrin te flasi ne emer te demokracis,nji njeri qe eshte kame dhe koke pale e krimit shteteror qe udhehiqet nga Sali Berisha.<br \/>\nPo kure flete ky hajdut dhe vrases per nji demokraci ne nji vende qe demokracia eshte shume e brisht.<br \/>\nKjo opozit dihet nderkombetarisht qe eshte e lidhur me trafikimin e lanve narkotike.<br \/>\nTete vite ne pushtet,Lazarati ishte bacia e pushtetit ku prodhohej me tomelata hashash,sote flasin keta mjeran per trafikun,turp nuke kane keta drogaxhije te piste.<br \/>\nPo tashma populli i njefe shume mire keta uligant qe vodhen dhe shiten Shqiperin per tete vite,sote na perbehen ne emer te demokracis!demokracia i gjykofte keta devijues te se vertetes.<br \/>\nMe dhimje po shofim seancat e turpesheme te parlamentit,degjome goje dalet si Sali Berisha,Jozefina Topalli,Arben Ristani,Flamur Ndoka,Edi Paloka dhe z.Strazimiri qe kerojne me c&#8217;do kushte te bejne zhurmuesin,te corodisin opinjonin publik.<br \/>\nPo kur flasin per qeverisje te pist,para te pista!e kushe flete ata qe tani jetojne ne frigen e perbadhjes me ligjin.<br \/>\nParlamenti eshte kethyer ne nji aren turpi,sharje dhe shpifje,nga ata qe deri dje masakruan popullin dhe terrorizuan opoziten e djesheme,biles i vrane,lane grevistet te veteflijohen duke u djegur me benzin,sote na flasin me pa turpesin ma te madhe per grevat,keta injorante te politikes shqiptare.<br \/>\nSharjet ne sallen e parlamentit duhet te marrin fund nji here dhe mire,parlamentarizmi ka ligje,po ka edhe masa frenuese,degjenerimi ne nji fjalor vulgar duhet te marri fund.<br \/>\nPo prokurori i pergjithshem me ke flete?<br \/>\nPo degjojme deklerata nga ma te pa pranuesheme nga kreu i hetimit,z.Llalla eshte jashte funksionit tije kushtetues.<br \/>\nC&#8217;fare prete?ku eshte dosja Gerdeci dhe 21 janari,pa ardhur teke dosja e &#8220;aksidentit&#8221;te Sokol Olldashit?<br \/>\nPse eshte kontraditktor me deklerimet e tija publike?kujte i frgohesh zoti kryeprokuror?pse nuke vepron mbi ligjin dhe forcen ligjore qe te jep kushtetuta?<br \/>\nC&#8217;fare fshihet pase kesaj neglizhence z.Llalla? destabilizimi i vendit sipas klanve Berisha.<br \/>\nOpozita te beje opozit,parlamenti te gjeje veteveten,keshtu nuke shkohet ne Europe!partia demokratike eshte ne kriz totale,duhet te gjej veteveten,me hajdut dhe vrases nuke perligjet partia demokratike!<br \/>\nMazhoranca te forcoje shtetin ligjor,te respektoje opoziten,te ja nigjoje fjalen,po ne se vazhdon me sharje vandale ti pritet gjuha cilitdo deputet.<br \/>\nLulzim Basha eshte nji njeri qe s&#8217;bashku me Sali Berishen dhe klanin kriminal po kerkojn me c&#8217;do kushte pengimin e marrjes se statusit si kandidat per ne bashkimin Europian,lufte per fitime politike,po nji lufte qe do ti demaskoje dhe gjykoje po ky populle.<br \/>\nDroga dhe drogmenet tani jane ne kriz me buxhetin, LULI me pa turpesin e tije quan alarmante situaten e soteme,kurse Gerdeci dhe 21 Janari ishin aksidentale,ashtu sice u aksidentue avioni i deputetit te PD-es,droga i ka droguar keta drogmen te politikes vandale.<\/p>\n","protected":false},"excerpt":{"rendered":"<p>Gjin Musa Nuke ka shqiptare te majte apo te djathte qe nuke ka trishtim per kete parlament.!!!!! Po si do shkojme ne Europ me keta rrugace ,qe e felliqen voten e popullit. Nuke mundesh ta quashe veten qytetar i denje i vendit tane,kure shefe dhe degjon qe ligjvendesit e vendit luajne me dinjitetin e elektoratit. [&hellip;]<\/p>\n","protected":false},"author":1,"featured_media":0,"comment_status":"open","ping_status":"closed","sticky":false,"template":"","format":"standard","meta":{"footnotes":""},"categories":[2],"tags":[],"class_list":{"0":"post-13573","1":"post","2":"type-post","3":"status-publish","4":"format-standard","6":"category-artikuj"},"yoast_head":"<!-- This site is optimized with the Yoast SEO plugin v27.4 - https:\/\/yoast.com\/product\/yoast-seo-wordpress\/ -->\n<title>Ky eshte parlamenti i rruga\u00e7\u00ebve... - FjALA e LIR\u00cb - Arkivi<\/title>\n<meta name=\"robots\" content=\"index, follow, max-snippet:-1, max-image-preview:large, max-video-preview:-1\" \/>\n<link rel=\"canonical\" href=\"https:\/\/fjala.info\/2009-2015\/ky-eshte-parlamenti-i-rrugaceve\/\" \/>\n<meta property=\"og:locale\" content=\"sq_AL\" \/>\n<meta property=\"og:type\" content=\"article\" \/>\n<meta property=\"og:title\" content=\"Ky eshte parlamenti i rruga\u00e7\u00ebve... - FjALA e LIR\u00cb - Arkivi\" \/>\n<meta property=\"og:description\" content=\"Gjin Musa Nuke ka shqiptare te majte apo te djathte qe nuke ka trishtim per kete parlament.!!!!! Po si do shkojme ne Europ me keta rrugace ,qe e felliqen voten e popullit. Nuke mundesh ta quashe veten qytetar i denje i vendit tane,kure shefe dhe degjon qe ligjvendesit e vendit luajne me dinjitetin e elektoratit. [&hellip;]\" \/>\n<meta property=\"og:url\" content=\"https:\/\/fjala.info\/2009-2015\/ky-eshte-parlamenti-i-rrugaceve\/\" \/>\n<meta property=\"og:site_name\" content=\"FjALA e LIR\u00cb - Arkivi\" \/>\n<meta property=\"article:published_time\" content=\"2014-05-29T00:13:55+00:00\" \/>\n<meta property=\"og:image\" content=\"http:\/\/www.fjala.info\/2013\/gjin_musa.jpg\" \/>\n<meta name=\"author\" content=\"admin\" \/>\n<meta name=\"twitter:card\" content=\"summary_large_image\" \/>\n<meta name=\"twitter:label1\" content=\"Written by\" \/>\n\t<meta name=\"twitter:data1\" content=\"admin\" \/>\n\t<meta name=\"twitter:label2\" content=\"Est. reading time\" \/>\n\t<meta name=\"twitter:data2\" content=\"5 minutes\" \/>\n<script type=\"application\/ld+json\" class=\"yoast-schema-graph\">{\"@context\":\"https:\\\/\\\/schema.org\",\"@graph\":[{\"@type\":\"Article\",\"@id\":\"https:\\\/\\\/fjala.info\\\/2009-2015\\\/ky-eshte-parlamenti-i-rrugaceve\\\/#article\",\"isPartOf\":{\"@id\":\"https:\\\/\\\/fjala.info\\\/2009-2015\\\/ky-eshte-parlamenti-i-rrugaceve\\\/\"},\"author\":{\"name\":\"admin\",\"@id\":\"https:\\\/\\\/fjala.info\\\/2009-2015\\\/#\\\/schema\\\/person\\\/3aa1163ef05469c496fc94e77611ada2\"},\"headline\":\"Ky eshte parlamenti i rruga\u00e7\u00ebve&#8230;\",\"datePublished\":\"2014-05-29T00:13:55+00:00\",\"mainEntityOfPage\":{\"@id\":\"https:\\\/\\\/fjala.info\\\/2009-2015\\\/ky-eshte-parlamenti-i-rrugaceve\\\/\"},\"wordCount\":951,\"commentCount\":0,\"publisher\":{\"@id\":\"https:\\\/\\\/fjala.info\\\/2009-2015\\\/#organization\"},\"image\":{\"@id\":\"https:\\\/\\\/fjala.info\\\/2009-2015\\\/ky-eshte-parlamenti-i-rrugaceve\\\/#primaryimage\"},\"thumbnailUrl\":\"http:\\\/\\\/www.fjala.info\\\/2013\\\/gjin_musa.jpg\",\"articleSection\":[\"Artikuj\"],\"inLanguage\":\"sq-AL\",\"potentialAction\":[{\"@type\":\"CommentAction\",\"name\":\"Comment\",\"target\":[\"https:\\\/\\\/fjala.info\\\/2009-2015\\\/ky-eshte-parlamenti-i-rrugaceve\\\/#respond\"]}]},{\"@type\":\"WebPage\",\"@id\":\"https:\\\/\\\/fjala.info\\\/2009-2015\\\/ky-eshte-parlamenti-i-rrugaceve\\\/\",\"url\":\"https:\\\/\\\/fjala.info\\\/2009-2015\\\/ky-eshte-parlamenti-i-rrugaceve\\\/\",\"name\":\"Ky eshte parlamenti i rruga\u00e7\u00ebve... - FjALA e LIR\u00cb - Arkivi\",\"isPartOf\":{\"@id\":\"https:\\\/\\\/fjala.info\\\/2009-2015\\\/#website\"},\"primaryImageOfPage\":{\"@id\":\"https:\\\/\\\/fjala.info\\\/2009-2015\\\/ky-eshte-parlamenti-i-rrugaceve\\\/#primaryimage\"},\"image\":{\"@id\":\"https:\\\/\\\/fjala.info\\\/2009-2015\\\/ky-eshte-parlamenti-i-rrugaceve\\\/#primaryimage\"},\"thumbnailUrl\":\"http:\\\/\\\/www.fjala.info\\\/2013\\\/gjin_musa.jpg\",\"datePublished\":\"2014-05-29T00:13:55+00:00\",\"breadcrumb\":{\"@id\":\"https:\\\/\\\/fjala.info\\\/2009-2015\\\/ky-eshte-parlamenti-i-rrugaceve\\\/#breadcrumb\"},\"inLanguage\":\"sq-AL\",\"potentialAction\":[{\"@type\":\"ReadAction\",\"target\":[\"https:\\\/\\\/fjala.info\\\/2009-2015\\\/ky-eshte-parlamenti-i-rrugaceve\\\/\"]}]},{\"@type\":\"ImageObject\",\"inLanguage\":\"sq-AL\",\"@id\":\"https:\\\/\\\/fjala.info\\\/2009-2015\\\/ky-eshte-parlamenti-i-rrugaceve\\\/#primaryimage\",\"url\":\"http:\\\/\\\/www.fjala.info\\\/2013\\\/gjin_musa.jpg\",\"contentUrl\":\"http:\\\/\\\/www.fjala.info\\\/2013\\\/gjin_musa.jpg\"},{\"@type\":\"BreadcrumbList\",\"@id\":\"https:\\\/\\\/fjala.info\\\/2009-2015\\\/ky-eshte-parlamenti-i-rrugaceve\\\/#breadcrumb\",\"itemListElement\":[{\"@type\":\"ListItem\",\"position\":1,\"name\":\"Home\",\"item\":\"https:\\\/\\\/fjala.info\\\/2009-2015\\\/\"},{\"@type\":\"ListItem\",\"position\":2,\"name\":\"Ky eshte parlamenti i rruga\u00e7\u00ebve&#8230;\"}]},{\"@type\":\"WebSite\",\"@id\":\"https:\\\/\\\/fjala.info\\\/2009-2015\\\/#website\",\"url\":\"https:\\\/\\\/fjala.info\\\/2009-2015\\\/\",\"name\":\"FjALA e LIR\u00cb - Arkivi\",\"description\":\"Arkivi 2009-2015\",\"publisher\":{\"@id\":\"https:\\\/\\\/fjala.info\\\/2009-2015\\\/#organization\"},\"potentialAction\":[{\"@type\":\"SearchAction\",\"target\":{\"@type\":\"EntryPoint\",\"urlTemplate\":\"https:\\\/\\\/fjala.info\\\/2009-2015\\\/?s={search_term_string}\"},\"query-input\":{\"@type\":\"PropertyValueSpecification\",\"valueRequired\":true,\"valueName\":\"search_term_string\"}}],\"inLanguage\":\"sq-AL\"},{\"@type\":\"Organization\",\"@id\":\"https:\\\/\\\/fjala.info\\\/2009-2015\\\/#organization\",\"name\":\"FjALA e LIR\u00cb - Arkivi\",\"url\":\"https:\\\/\\\/fjala.info\\\/2009-2015\\\/\",\"logo\":{\"@type\":\"ImageObject\",\"inLanguage\":\"sq-AL\",\"@id\":\"https:\\\/\\\/fjala.info\\\/2009-2015\\\/#\\\/schema\\\/logo\\\/image\\\/\",\"url\":\"\",\"contentUrl\":\"\",\"caption\":\"FjALA e LIR\u00cb - Arkivi\"},\"image\":{\"@id\":\"https:\\\/\\\/fjala.info\\\/2009-2015\\\/#\\\/schema\\\/logo\\\/image\\\/\"}},{\"@type\":\"Person\",\"@id\":\"https:\\\/\\\/fjala.info\\\/2009-2015\\\/#\\\/schema\\\/person\\\/3aa1163ef05469c496fc94e77611ada2\",\"name\":\"admin\",\"image\":{\"@type\":\"ImageObject\",\"inLanguage\":\"sq-AL\",\"@id\":\"https:\\\/\\\/fjala.info\\\/2009-2015\\\/wp-content\\\/uploads\\\/2012\\\/02\\\/arben_cokaj-120x150.jpg\",\"url\":\"https:\\\/\\\/fjala.info\\\/2009-2015\\\/wp-content\\\/uploads\\\/2012\\\/02\\\/arben_cokaj-120x150.jpg\",\"contentUrl\":\"https:\\\/\\\/fjala.info\\\/2009-2015\\\/wp-content\\\/uploads\\\/2012\\\/02\\\/arben_cokaj-120x150.jpg\",\"caption\":\"admin\"},\"description\":\"Admin, Fjala e Lir\u00eb\",\"sameAs\":[\"https:\\\/\\\/fjala.info\\\/\"],\"url\":\"https:\\\/\\\/fjala.info\\\/2009-2015\\\/author\\\/admin\\\/\"}]}<\/script>\n<!-- \/ Yoast SEO plugin. -->","yoast_head_json":{"title":"Ky eshte parlamenti i rruga\u00e7\u00ebve... - FjALA e LIR\u00cb - Arkivi","robots":{"index":"index","follow":"follow","max-snippet":"max-snippet:-1","max-image-preview":"max-image-preview:large","max-video-preview":"max-video-preview:-1"},"canonical":"https:\/\/fjala.info\/2009-2015\/ky-eshte-parlamenti-i-rrugaceve\/","og_locale":"sq_AL","og_type":"article","og_title":"Ky eshte parlamenti i rruga\u00e7\u00ebve... - FjALA e LIR\u00cb - Arkivi","og_description":"Gjin Musa Nuke ka shqiptare te majte apo te djathte qe nuke ka trishtim per kete parlament.!!!!! Po si do shkojme ne Europ me keta rrugace ,qe e felliqen voten e popullit. Nuke mundesh ta quashe veten qytetar i denje i vendit tane,kure shefe dhe degjon qe ligjvendesit e vendit luajne me dinjitetin e elektoratit. [&hellip;]","og_url":"https:\/\/fjala.info\/2009-2015\/ky-eshte-parlamenti-i-rrugaceve\/","og_site_name":"FjALA e LIR\u00cb - Arkivi","article_published_time":"2014-05-29T00:13:55+00:00","og_image":[{"url":"http:\/\/www.fjala.info\/2013\/gjin_musa.jpg","type":"","width":"","height":""}],"author":"admin","twitter_card":"summary_large_image","twitter_misc":{"Written by":"admin","Est. reading time":"5 minutes"},"schema":{"@context":"https:\/\/schema.org","@graph":[{"@type":"Article","@id":"https:\/\/fjala.info\/2009-2015\/ky-eshte-parlamenti-i-rrugaceve\/#article","isPartOf":{"@id":"https:\/\/fjala.info\/2009-2015\/ky-eshte-parlamenti-i-rrugaceve\/"},"author":{"name":"admin","@id":"https:\/\/fjala.info\/2009-2015\/#\/schema\/person\/3aa1163ef05469c496fc94e77611ada2"},"headline":"Ky eshte parlamenti i rruga\u00e7\u00ebve&#8230;","datePublished":"2014-05-29T00:13:55+00:00","mainEntityOfPage":{"@id":"https:\/\/fjala.info\/2009-2015\/ky-eshte-parlamenti-i-rrugaceve\/"},"wordCount":951,"commentCount":0,"publisher":{"@id":"https:\/\/fjala.info\/2009-2015\/#organization"},"image":{"@id":"https:\/\/fjala.info\/2009-2015\/ky-eshte-parlamenti-i-rrugaceve\/#primaryimage"},"thumbnailUrl":"http:\/\/www.fjala.info\/2013\/gjin_musa.jpg","articleSection":["Artikuj"],"inLanguage":"sq-AL","potentialAction":[{"@type":"CommentAction","name":"Comment","target":["https:\/\/fjala.info\/2009-2015\/ky-eshte-parlamenti-i-rrugaceve\/#respond"]}]},{"@type":"WebPage","@id":"https:\/\/fjala.info\/2009-2015\/ky-eshte-parlamenti-i-rrugaceve\/","url":"https:\/\/fjala.info\/2009-2015\/ky-eshte-parlamenti-i-rrugaceve\/","name":"Ky eshte parlamenti i rruga\u00e7\u00ebve... - FjALA e LIR\u00cb - Arkivi","isPartOf":{"@id":"https:\/\/fjala.info\/2009-2015\/#website"},"primaryImageOfPage":{"@id":"https:\/\/fjala.info\/2009-2015\/ky-eshte-parlamenti-i-rrugaceve\/#primaryimage"},"image":{"@id":"https:\/\/fjala.info\/2009-2015\/ky-eshte-parlamenti-i-rrugaceve\/#primaryimage"},"thumbnailUrl":"http:\/\/www.fjala.info\/2013\/gjin_musa.jpg","datePublished":"2014-05-29T00:13:55+00:00","breadcrumb":{"@id":"https:\/\/fjala.info\/2009-2015\/ky-eshte-parlamenti-i-rrugaceve\/#breadcrumb"},"inLanguage":"sq-AL","potentialAction":[{"@type":"ReadAction","target":["https:\/\/fjala.info\/2009-2015\/ky-eshte-parlamenti-i-rrugaceve\/"]}]},{"@type":"ImageObject","inLanguage":"sq-AL","@id":"https:\/\/fjala.info\/2009-2015\/ky-eshte-parlamenti-i-rrugaceve\/#primaryimage","url":"http:\/\/www.fjala.info\/2013\/gjin_musa.jpg","contentUrl":"http:\/\/www.fjala.info\/2013\/gjin_musa.jpg"},{"@type":"BreadcrumbList","@id":"https:\/\/fjala.info\/2009-2015\/ky-eshte-parlamenti-i-rrugaceve\/#breadcrumb","itemListElement":[{"@type":"ListItem","position":1,"name":"Home","item":"https:\/\/fjala.info\/2009-2015\/"},{"@type":"ListItem","position":2,"name":"Ky eshte parlamenti i rruga\u00e7\u00ebve&#8230;"}]},{"@type":"WebSite","@id":"https:\/\/fjala.info\/2009-2015\/#website","url":"https:\/\/fjala.info\/2009-2015\/","name":"FjALA e LIR\u00cb - Arkivi","description":"Arkivi 2009-2015","publisher":{"@id":"https:\/\/fjala.info\/2009-2015\/#organization"},"potentialAction":[{"@type":"SearchAction","target":{"@type":"EntryPoint","urlTemplate":"https:\/\/fjala.info\/2009-2015\/?s={search_term_string}"},"query-input":{"@type":"PropertyValueSpecification","valueRequired":true,"valueName":"search_term_string"}}],"inLanguage":"sq-AL"},{"@type":"Organization","@id":"https:\/\/fjala.info\/2009-2015\/#organization","name":"FjALA e LIR\u00cb - Arkivi","url":"https:\/\/fjala.info\/2009-2015\/","logo":{"@type":"ImageObject","inLanguage":"sq-AL","@id":"https:\/\/fjala.info\/2009-2015\/#\/schema\/logo\/image\/","url":"","contentUrl":"","caption":"FjALA e LIR\u00cb - Arkivi"},"image":{"@id":"https:\/\/fjala.info\/2009-2015\/#\/schema\/logo\/image\/"}},{"@type":"Person","@id":"https:\/\/fjala.info\/2009-2015\/#\/schema\/person\/3aa1163ef05469c496fc94e77611ada2","name":"admin","image":{"@type":"ImageObject","inLanguage":"sq-AL","@id":"https:\/\/fjala.info\/2009-2015\/wp-content\/uploads\/2012\/02\/arben_cokaj-120x150.jpg","url":"https:\/\/fjala.info\/2009-2015\/wp-content\/uploads\/2012\/02\/arben_cokaj-120x150.jpg","contentUrl":"https:\/\/fjala.info\/2009-2015\/wp-content\/uploads\/2012\/02\/arben_cokaj-120x150.jpg","caption":"admin"},"description":"Admin, Fjala e Lir\u00eb","sameAs":["https:\/\/fjala.info\/"],"url":"https:\/\/fjala.info\/2009-2015\/author\/admin\/"}]}},"_links":{"self":[{"href":"https:\/\/fjala.info\/2009-2015\/wp-json\/wp\/v2\/posts\/13573","targetHints":{"allow":["GET"]}}],"collection":[{"href":"https:\/\/fjala.info\/2009-2015\/wp-json\/wp\/v2\/posts"}],"about":[{"href":"https:\/\/fjala.info\/2009-2015\/wp-json\/wp\/v2\/types\/post"}],"author":[{"embeddable":true,"href":"https:\/\/fjala.info\/2009-2015\/wp-json\/wp\/v2\/users\/1"}],"replies":[{"embeddable":true,"href":"https:\/\/fjala.info\/2009-2015\/wp-json\/wp\/v2\/comments?post=13573"}],"version-history":[{"count":0,"href":"https:\/\/fjala.info\/2009-2015\/wp-json\/wp\/v2\/posts\/13573\/revisions"}],"wp:attachment":[{"href":"https:\/\/fjala.info\/2009-2015\/wp-json\/wp\/v2\/media?parent=13573"}],"wp:term":[{"taxonomy":"category","embeddable":true,"href":"https:\/\/fjala.info\/2009-2015\/wp-json\/wp\/v2\/categories?post=13573"},{"taxonomy":"post_tag","embeddable":true,"href":"https:\/\/fjala.info\/2009-2015\/wp-json\/wp\/v2\/tags?post=13573"}],"curies":[{"name":"wp","href":"https:\/\/api.w.org\/{rel}","templated":true}]}}