{"id":13572,"date":"2014-05-29T01:10:31","date_gmt":"2014-05-29T00:10:31","guid":{"rendered":"http:\/\/www.fjala.info\/?p=1253"},"modified":"2014-05-29T01:10:31","modified_gmt":"2014-05-29T00:10:31","slug":"takim-me-njerez-te-perkore","status":"publish","type":"post","link":"https:\/\/fjala.info\/2009-2015\/takim-me-njerez-te-perkore\/","title":{"rendered":"Takim me njer\u00ebz t\u00eb p\u00ebrkor\u00eb"},"content":{"rendered":"<p><img decoding=\"async\" class=\"alignright size-thumbnail wp-image-7236\" title=\"Ismet Hasani\" src=\"http:\/\/www.fjala.info\/2014\/ismet_hasani.jpg\" alt=\"\" width=\"150\" \/> <strong>Ismet Hasani<\/strong><\/p>\n<p>Miq\u00ebsia e mir\u00eb me njer\u00ebzit \u00ebsht\u00eb gj\u00ebja m\u00eb e mir\u00eb q\u00eb mund t\u00eb jet\u00eb n\u00eb bot\u00eb!<br \/>\nKrejt rast\u00ebsisht jemi njohur me z. Seremb Gjergji, kandidatin potencial p\u00ebr<br \/>\nPresident t\u00eb Republik\u00ebs s\u00eb Kosov\u00ebs, nga i cili m\u00ebsova shum\u00eb\u00e7ka.<br \/>\nIshte njeri i virtytsh\u00ebm, vizionar, i guximshem dhe meriton t\u00eb rreshtohet nd\u00ebr njer\u00ebz t\u00eb p\u00ebrkor\u00eb*.<br \/>\n*(<em>t\u00eb ditur, vizionar\u2019, t\u00eb matur, t\u00eb p\u00ebrmbajtur<\/em>..)<\/p>\n<p>Mendoj se kushti i par\u00eb p\u00ebr t\u00eb krijuar miq, \u00ebsht\u00eb q\u00eb, n\u00eb radh\u00eb t\u00eb par\u00eb t\u00eb jesh vet mik!<br \/>\nKurr\u00eb nuk e kam marr\u00eb si shkak p\u00ebr ta z\u00ebn\u00eb nj\u00eb mik, ose p\u00ebr t\u2019u ndar\u00eb, dallimin e opinionit mbi politik\u00ebn, fen\u00eb, apo filozofin\u00eb!<br \/>\nJetoj n\u00eb nj\u00eb vend ku jemi t\u00eb gjith\u00eb t\u00eb lir\u00eb e t\u00eb barabart\u00eb, pa dallim prejardhjeje, race, nacionaliteti, gjuhe, kulture, tradite! Sa m\u00eb shum\u00eb q\u00eb afrohen e lidhen njer\u00ebzit nd\u00ebrmjet veti, aq m\u00eb shum\u00eb flaken\/zhduken dallimet midis tyre.<\/p>\n<p>Veti, cil\u00ebsi e ve\u00e7ori e njer\u00ebzve t\u00eb virtytshem, p\u00ebrve\u00e7se tjerash, jan\u00eb thjesht\u00ebsia e modestia. Ata me fjal\u00eb t\u00eb thjeshta na shpejgojn\u00eb gj\u00ebra t\u00eb thella.<br \/>\nNjer\u00ebzit q\u00eb posedojn\u00eb vizion, njer\u00ebzit e p\u00ebrkor\u00eb, shohin \u201cdi\u00e7ka\u201d atje ku t\u00eb tjer\u00ebt nuk shohin asgj\u00eb. Kjo \u00ebsht\u00eb karakteristik\u00eb e njer\u00ebzve q\u00eb merren me meditim \u2013 mendim t\u00eb gjat\u00eb e t\u00eb thll\u00eb, p\u00ebr ta arritur at\u00eb q\u00eb ka p\u00ebr synim e q\u00eb i ka vue vetit d\u00ebtyr\u00eb p\u00ebr arritje t\u00eb q\u00ebllimit. K\u00ebta njer\u00ebz, nuk nisen, nuk nisen por pasi t\u00eb nisen nuk ndalen p\u00ebrderisa nuk ia arrijn\u00eb q\u00ebllimit m\u00eb par\u00eb t\u00eb synuar.<br \/>\n*<br \/>\nI theksova k\u00ebto fjal\u00eb, nga se nuk kisha t\u00eb tjera q\u00eb ndryshe do t\u00eb cil\u00ebsonin njeriun me t\u00eb cilin u takova p\u00ebr her\u00eb t\u00eb par\u00eb dhe krijuam miq\u00ebsi t\u00eb sinqert\u00eb e t\u00eb mir\u00ebfill\u00ebt.<br \/>\nKy \u00ebsht\u00eb z. Seremb Gjergji, kandidat potencial p\u00ebr President t\u00eb Kosov\u00ebs.<br \/>\nP\u00ebrshtypjet q\u00eb m\u00eb mbeten nga ky njeri, nuk mund t\u2019i p\u00ebrshkruaj ndryshe p\u00ebrpos me nj\u00eb thjesht\u00ebsi, krejt ashtu si\u00e7 i meriton, ngase i till\u00eb ishte edhe ai vet.<br \/>\nU njohtem krejt rast\u00ebsisht: ai kishte shkruar di\u00e7ka t\u00eb mir\u00eb n\u00eb facebook, q\u00eb mua m\u00eb la p\u00ebrshtypje dhe, edhepse nuk e njihja, i thash\u00eb pak fjal\u00eb ,t\u00eb cilat ia shkrova n\u00eb form\u00eb komenti. Ai i befasuar, se k\u00ebto fjal\u00eb \u201di vijn\u00eb\u201d nga nj\u00eb person me t\u00eb cilin nuk \u00ebsht\u00eb njohur m\u00eb par\u00eb, m\u00eb falenderon shum\u00eb p\u00ebrmes nj\u00eb lloj p\u00ebrgjigjeje, po ashtu n\u00eb facebook. I k\u00ebmbyen pak shkrime t\u00eb shkurt\u00ebra dhe nuk vonoi e z. Seremb m\u00eb shkruan se d\u00ebshiron t\u00eb takohemi\u2026!?<br \/>\nGjat\u00eb t\u00ebr\u00eb k\u00ebsaj kohe un\u00eb ndodhesha n\u00eb Kosov\u00eb, pik\u00ebrisht n\u00eb Mitrovic\u00eb dhe me t\u00eb v\u00ebrejtur d\u00ebshir\u00ebn e tij p\u00ebr t\u2019u takuar, gj\u00eb q\u00eb m\u00eb p\u00eblqente shum\u00eb edhe mua, i shkrova se, pasi nuk disponoj me vetur\u00eb timen, urdh\u00ebroni te un\u00eb dhe at\u00eb m\u00eb k\u00eb t\u00eb doni jeni t\u00eb mir\u00ebseardhur. Po ashtu, duke kuptuar se ai \u00ebsht\u00eb personalitet i angazhuar me pun\u00eb t\u00eb p\u00ebrditshme, nd\u00ebrsa un\u00eb jam n\u00eb pushim \u2013 pa obligime ditore, i shkrova q\u00eb ai t\u00eb ckatoj dit\u00ebn dhe koh\u00ebn p\u00ebr t\u00eb ardhur te un\u00eb.<br \/>\nM\u00eb informoi se cil\u00ebn dit\u00eb do t\u00eb vjen n\u00eb Mitrovic\u00eb dhe un\u00eb e i tregova p\u00ebraf\u00ebrsisht se ku banoj, por m\u00eb sakt\u00ebsisht i p\u00ebrcaktojm\u00eb me tel\/mob., pasi, m\u00eb par\u00eb i pat\u00ebm k\u00ebmbyer edhe num\u00ebrat e tel.\/mob. dhe bisedat e fundit i b\u00ebnim me tel\/mob. Bisedat me tel\/mob. i b\u00ebnte t\u00eb shkurta, ama tejet koncize, t\u00eb qarta.<\/p>\n<p><img decoding=\"async\" class=\"alignright size-thumbnail wp-image-7236\" title=\"Gjergji - Meda\" src=\"http:\/\/www.fjala.info\/2014\/gjergji_meda.jpg\" alt=\"\" width=\"300\" \/><br \/>\n<em>Seremb Gjergji &amp; k\u00ebng\u00ebtari Meda<\/em><\/p>\n<p>N\u00eb dit\u00ebn dhe koh\u00ebn e caktuar, pritja ardhjen e tij me mendimin q\u00eb do t\u00eb ngr\u00ebnim drek\u00ebn te un\u00eb, pasi e dia q\u00eb udh\u00ebton nga qyteti i Pej\u00ebs.<br \/>\nKaloi koha p\u00ebr t\u00eb ngr\u00ebn\u00eb drek\u00eb, e z. Gjergji nuk erdhi, e thash\u00eb n\u00eb veti, p\u00ebr \u00e7do rast po ia b\u00ebj nj\u00eb telefonat\u00eb dhe e thirra. M\u2019u lajm\u00ebrua menj\u00ebher\u00eb dhe m\u00eb tha se, bashk\u00eb me nj\u00eb koleg\u00eb t\u00eb pun\u00ebs, jan\u00eb duke ngr\u00ebn\u00eb drek\u00eb n\u00eb nj\u00eb restoran peshqish buz\u00eb lumit Ib\u00ebr, n\u00eb periferi t\u00eb Mitroivc\u00ebs dhe m\u00eb tha q\u00eb p\u00ebr gjysm\u00eb ore do t\u00eb mb\u00ebrrijn\u00eb te un\u00eb.<br \/>\nEnde pa u b\u00ebr\u00eb gjys\u00ebm ore, m\u00eb thirri n\u00eb tel\/mob. dhe m\u00eb tha se \u00ebsht\u00eb af\u00ebr vendit ku i kisha th\u00ebn\u00eb se banoj, e un\u00eb dola n\u00eb dritare t\u00eb banes\u00ebs dhe kur e pash\u00eb, ia b\u00ebra m\u00eb dor\u00eb nga dritarja &#8211; \u201dejani brenda\u201d e ai ma b\u00ebri me shenj\u00eb se nuk do hyjn\u00eb brenda, por q\u00eb un\u00eb t\u00eb dal p\u00ebrjashta. Dola dhe i pash\u00eb se ishin dy vet\u00eb, por z. Gjergji e njihja nga fotot e vendosura n\u00eb facebook. Ai kolegu i tij, vet\u00ebm sa u njohtuam, k\u00ebrkoj t\u00eb shkoi, u p\u00ebrsh\u00ebndet me n\u00e9 dhe shkoi, e un\u00eb e pyeta z. Gjergji se ku d\u00ebshiron t\u00eb rrijm\u00eb, pasi nuk pranoj t\u00eb vij\u00eb n\u00eb banes\u00eb? M\u00eb tha se deshiron t\u00eb shkojm\u00eb menj\u00ebher\u00eb deri n\u00eb Ur\u00eb t\u00eb Ibrit, duke m\u00eb pyetur: \u201d\u2026a frik\u00ebsohesh?\u201d \u2013 Jo i thash\u00eb, kur jam me ty, jo! U nis\u00ebm, por ishte pak ftoh\u00ebt dhe m\u2019u duk se po rr\u00ebnqethej se ishte vet\u00ebm n\u00eb k\u00ebmish\u00eb, pa xhemper, e luta t\u00eb marrim di\u00e7ka m\u00eb t\u00eb trash\u00eb me e vesh\u00eb, por m\u00eb tha se ka t\u00eb nirth\u00ebtur q\u00eb nga restorani, por q\u00eb do duke ecur drejt Ur\u00ebs do t\u00eb nxehet dhe u nis\u00ebm. Nuk e kishim larg Ur\u00ebn nga Qenrdra e qytetit.<br \/>\nNga fjal\u00ebt e para e v\u00ebrejta se z. Gjergji ishte tejet komunikativ, ishte i guximshem dhe s\u2019i trembej syri, fliste edhe ecte shpejt. Kur iu afruem Ur\u00ebs, aty v\u00ebrejtem se n\u00eb t\u00eb dy an\u00ebt e ur\u00ebs, majtas e djath\u00ebtas q\u00ebndronin \u201dXhandarm\u00ebria\u201d fran\u00e7eze me \u201dpizgauera\u201d e n\u00eb mes t\u00eb Ur\u00ebs nj\u00eb vetur\u00eb e polcis\u00eb s\u00eb Kosov\u00ebs, me dy polic\u00eb brenda. Z. Gjergji po ma b\u00ebn: k\u00ebta dy polic\u00eb brenda, nj\u00ebni \u00ebsht\u00eb shqiptar e tjeri \u00ebsht\u00eb serb, vet\u00ebm se pasi ta shohim \u201dbarrikad\u00ebn\/barrier\u00ebn\u201d, po kthehemi kah ta.<br \/>\nIu afruam \u201dbarrikad\u00ebs\u201d ku v\u00ebrehej grumbull i madh i parregulluar zall\u00eb e gur\u00eb dhe copa t\u00eb m\u00ebdha betoni, andej ur\u00ebs nuk v\u00ebrehej \u201dnjeri i gjall\u00eb\u201d si\u00e7 shprehen pik\u00ebtor\u00ebt. \u201dnatyr\u00eb e vdekur\u201d, e lidhur me \u201dbarrikad\u00ebn\u201d z. Gjergji po m\u00eb pyet\u00eb:<br \/>\n&#8211; A e di ti se \u00e7far\u00eb id\u00e9-je e \u00e7far\u00eb propozimi kam dh\u00ebn\u00eb un\u00eb lidhur me k\u00ebt\u00eb \u201dbarrikad\u00eb\u201d? M\u00eb pyeti Z. Gjergji.<br \/>\n&#8211; Jo, nuk e di! I thash\u00eb shkurt. E luta t\u00eb m\u00eb tregoj.<br \/>\n&#8211; Un\u00eb e kam dh\u00ebn\u00eb id\u00e9n\u00eb dhe propozimin q\u00eb secili kalimtar nga t\u00eb dyja an\u00ebt dhe secili vizitor, sa her\u00eb q\u00eb t\u00eb kalojn\u00eb Ur\u00ebn t\u00eb marrin nga \u201cbarrikada\u201d nga nj\u00eb apo dy gur\u00eb n\u00eb dor\u00eb e t\u2019i bartin dhe t\u2019i hudhin osen \u00eb lumin Ib\u00ebr, ose diku n\u00eb \u201cPjes\u00ebn Jugore\u201d dhe k\u00ebshtu duke marr\u00eb vazhdimisht gur\u00eb nga \u201cbarrikada\u201d ajo \u00e7do her\u00eb do t\u00eb pak\u00ebsohej e nj\u00eb dit\u00eb nuk do t\u00eb mbetej asgj\u00eb prej saj. Un\u00eb do ia b\u00ebj i pari, do i marri dy gur\u00eb nga ky grumbull i \u201dtmerrsh\u00ebm\u201d dhe do i hudhi diku! \u2013 M\u00eb tha z. Gjergji.<br \/>\n&#8211; Po, ata bartin zall\u00eb e gur\u00eb dhe e mbushin prap\u00eb me zall\u00eb e me gur\u00eb dhe formojn\u00eb \u201cbarrikad\u00eb!?\u201d I thash\u00eb.<br \/>\n&#8211; Po ata qit e mbushe, e na hi\u00e7 e largoje\u2026, dikur ata do t\u00eb lodhen dhe nuk bartin m\u00eb e mbetet e hapur Ura mbi lumin Ib\u00ebr, e cila, tash e sa vite, ndan\u00eb \u201cPjes\u00ebn Jugore\u201d me at\u00eb \u201cVeriore\u201d! M\u2019u p\u00ebrgjigj z. Gjergji.<br \/>\nIa zgjata dor\u00ebn dhe i thash\u00eb:<br \/>\n&#8211; Id\u00e9 e q\u00eblluar, fort e q\u00eblluar. Id\u00e9 t\u00eb tilla kan\u00eb vet\u00ebm ata q\u00eb jan\u00eb vizionar, q\u00eb jan\u00eb t\u00eb ditur, t\u00eb urt\u00eb, t\u00eb matur\u2026ata q\u00eb konsiderohen njer\u00ebz t\u00eb p\u00ebrkor\u00eb\u2026!<br \/>\n&#8211; T\u00eb faleminderit miku im! Edhe un\u00eb po t\u00eb them se ti paske njohuri me i njoft\u00eb njer\u00ebzit, se k\u00ebshtu m\u00eb kan\u00eb th\u00ebn\u00eb edhe disa miq t\u00eb mi\u2026!\u201d- M\u00eb tha miku im Seremb Gjergji dhe shtoi:<br \/>\n&#8211; Miku im, po ta them se ti paske prirje p\u00eb t\u2019i vler\u00ebsuar njer\u00ebzit. Mendoj se njeriu nuk vler\u00ebsohe ne baz\u00eb t\u00eb asaj q\u00eb posedon (ka, disponon), por njeriu vler\u00ebsohet n\u00eb baz\u00eb t\u00eb asaj q\u00eb ofron (jep, dhuron, fal\u2019). Diellin posedon energji t\u00eb lart\u00eb q\u00eb mund t\u00eb na kall\u00eb e zharrit\u00eb, por neve na dhuron drit\u00eb. E drita \u00ebsht\u00eb jet\u00eb! \u2013 m\u00eb tha z. Gjergji.<br \/>\nNga k\u00ebto th\u00ebnie t\u00eb tij kuptova se ky njeri posedon inteligjenc\u00eb t\u00eb lart\u00eb\u2026posedon shum\u00eb\u00e7ka t\u00eb mira dhe \u00ebsht\u00eb n\u00eb gjendje, q\u00eb popullit t\u00eb vet t\u2019i ofroi dituri, njohuri t\u00eb p\u00ebrgjithshme, vizione e larg\u00ebpam\u00ebsi \u2013 por edhe guxim, p\u00ebr t\u00eb mos harruar t\u00eb djeshmen, t\u00eb punoj\u00eb sot, tash n\u00eb k\u00ebt\u00eb moment. .. p\u00ebr t\u00eb ardhmen \u2026 e t\u2019i dhuroj\u00eb edhe humaniz\u00ebm\u2026<br \/>\n&#8211; Tash po shkojm\u00eb t\u00eb shohim cil\u00ebt jan\u00eb ata dy polic\u00ebt n\u00eb vetur\u00ebn e Policis\u00eb! M\u00eb tha z. Gjegji dhe u nisem drejt vetur\u00ebs se Policis\u00eb se Kosov\u00ebs, q\u00eb q\u00ebndronte n\u00eb mes t\u00eb Ur\u00ebs e brenda shiheshin dy polic\u00eb.<br \/>\n&#8211; Mir\u00eb dita \u2013 dobar dan! Ju drejtua z. Gjegji dhe ata iu p\u00ebrgjigjen: nj\u00ebni m\u00eb \u201dmir\u00ebdita\u201d t\u00eb past\u00ebr shqipe e tjetri me nj\u00eb \u201dmir\u00ebdita\u201d pak m\u00eb t\u00eb dob\u00ebt n\u00eb shqipe, e kur z. Gjegji i pyeti, ata vet\u00eb u prezentuan &#8211; nj\u00ebni me \u201dun\u00eb jam shqiptar\u201d e ai tjetri tha \u201dun\u00eb jam prej Suhodoli\u201d dhe v\u00ebrehej se ishte serb. Pa hamendur, z. Gjergji ua ofroi nga nj\u00eb \u201dvizit\u00eb-kartel\u00eb\u201d dhe ju tha: \u201dUn\u00eb jam kandidat p\u00ebr President t\u00eb Kosov\u00ebs dhe do t\u00eb fitoj\u00eb! E Ata i muarr\u00ebn \u201dvizit-kartel\u00ebt\u201d dhe ia b\u00ebren z. Gejgji: \u201d- Bash mir\u00eb!\u201d Ai serbi fliste nj\u00eb shqipe t\u00eb dob\u00ebt e jo serbisht. Vetur\u00ebn e kishin t\u00eb ky\u00e7ur p\u00ebr t\u00eb funksionuar nxemja brenda n\u00eb vetur\u00eb se ishte ftoh\u00ebt. I p\u00ebrsh\u00ebndetem dhe u kthyem kah pjesa \u201dJugore\u201d. Me fran\u00e7ez\u00ebt &#8211; as nuk na pyet\u00ebn as nuk u fol\u00ebm kurgj\u00eb as kah shkuam, as kah u kthyem. Me kaq mbaroi \u201dvizita e Ur\u00ebs se Ibrit\u201d dhe e \u201dbarrikad\u00ebs\u201d, tamam kufi q\u00eb ndan dy an\u00ebt e Mitrovic\u00ebs, p\u00ebrshkak se \u201dbarrikada\u201d ishte e pamundur t\u00eb mbikalohej, e n\u00eb t\u00eb dyja an\u00ebt e Ur\u00ebsmund t\u00eb kalohej vet\u00ebm n\u00eb k\u00ebmb\u00eb dhe v\u00ebreheshin shum\u00eb rrall\u00eb ata q\u00eb shkonin dhe vinin dhe kalonin k\u00ebmb\u00eb mbi Ur\u00eb. Vet\u00eb Ura mbi lumin Ib\u00ebr t\u00eb lente p\u00ebrshtypjen e nj\u00eb \u201dzone mes-kufitare\u201d si para ndonj\u00eb vendkalimi kufitar, apo ndonj\u00eb dogane. Dukej krejt\u00ebsisht e \u201dshkret\u00eb* e zbraz\u00ebt dhe e qet\u00eb\u2026!<\/p>\n<p>*<br \/>\n&#8211; Miku im! Nuk e di a je i njohtuar a po jo &#8211; Un\u00eb jam kandidat potencial p\u00ebr President t\u00eb Kosov\u00ebs, dhe do t\u00eb fitoj. M\u00eb tha z. Gjergji dhe vazhdoi:<br \/>\n&#8211; Un\u00eb dua t\u00eb b\u00ebhem President i Kosov\u00ebs\u2026nuk dua t\u00eb jem perandor. Un\u00eb nuk dua t\u00eb udh\u00ebheq as t\u00eb pushtoj ask\u00eb. Un\u00eb dua t\u2019iu ndihmoj t\u00eb gjith\u00ebve, n\u00ebse \u00ebsht\u00eb e mundur. Dhe t\u00eb gjith\u00eb duam t\u00eb ndihmojm\u00eb nj\u00ebri-tjetrin. Qeniet njer\u00ebzore jan\u00eb ashtu &#8211; duan t\u00eb jetojn\u00eb nga lumturia e nj\u00ebri-tjetrit &#8211; jo nga mjerimi i nj\u00ebri tjetrit. Ne nuk duam t\u00eb urrejm\u00eb apo t\u00eb p\u00ebr\u00e7mojm\u00eb nj\u00ebri tjetrin. N\u00eb k\u00ebt\u00eb bot\u00eb ka vend p\u00ebr t\u00eb gjith\u00eb. Toka \u00ebsht\u00eb e mir\u00eb, \u00ebsht\u00eb e pasur dhe ofron p\u00ebr t\u00eb gjith\u00eb.<br \/>\nJeta mund t\u00eb jet\u00eb e lir\u00eb dhe e bukur, por ne e kemi humbur rrug\u00ebn.<br \/>\nLakmia i ka helmuar shpirt\u00ebrat e njer\u00ebzve, e ka barrikaduar bot\u00ebn me urrejtje, me mjerim. Ne duhet t\u00eb zhvillohemi, t\u00eb hapemi, e jo t\u00eb l\u00ebm\u00eb vetveten t\u00eb mbyllur. Makinerit\u00eb e shumta na kan\u00eb l\u00ebn\u00eb n\u00eb hall. Dituria na ka b\u00ebr\u00eb cinik\u00eb. Shkatht\u00ebsia na ka b\u00ebr\u00eb t\u00eb ashp\u00ebr, t\u00eb k\u00ebqinj. Mendojm\u00eb shum\u00eb e ndjejm\u00eb pak. M\u00eb shum\u00eb se \u00e7do gj\u00eb tjet\u00ebr, na duhet njer\u00ebzi. M\u00eb shum\u00eb se shkatht\u00ebsi, na duhet mir\u00ebsi dhe but\u00ebsi. Pa k\u00ebto kualitete, jeta do t\u00eb jet\u00eb e dhunshme dhe gjith\u00eb\u00e7ka do t\u00eb humbet. U ndal pak z. Gjegji dhe ma b\u00ebri:<br \/>\n-M\u00eb lejon t\u00eb vazhdoj edhe pak, miku im? M\u00eb pyeti. &#8211; Po, po vet\u00ebm vazhdo, me k\u00ebnaq\u00ebsi, me kujdes dhe v\u00ebmendje t\u00eb p\u00ebrqendruar po t\u00eb ndjek! I thash\u00eb dhe vazhdoi:<br \/>\nT\u00eb arriturat shkencore na kan\u00eb sjellur m\u00eb af\u00ebr nj\u00ebri-tjetrit.K\u00ebto shpikje th\u00ebrrasin<br \/>\np\u00ebr mir\u00ebsi mes njer\u00ebzve, th\u00ebrrasin p\u00ebr v\u00ebllaz\u00ebri universale, th\u00ebrrasin p\u00ebr bashkimin e t\u00eb gjith\u00eb neve\u2026!<br \/>\nAtyre q\u00eb mund t\u00eb m\u00eb d\u00ebgjojn\u00eb, iu them: mos u d\u00ebshp\u00ebroni. Mjerimi q\u00eb tash \u00ebsht\u00eb mbi ne nuk \u00ebsht\u00eb asgj\u00eb tjet\u00ebr ve\u00e7se kalimi i lakmis\u00eb \u2013 hidh\u00ebrimit t\u00eb njer\u00ebzve q\u00eb i frik\u00ebsohen progresit njer\u00ebzor. Urrejtja e njer\u00ebzve do t\u00eb kaloj\u00eb, dhe diktator\u00ebt do t\u00eb shkojn\u00eb, dhe fuqia q\u00eb ata morr\u00ebn nga populli do t\u2019i kthehet popullit. Dhe p\u00ebr derisa njer\u00ebzit vdesin, liria kurr\u00eb nuk do t\u00eb shuhet.<br \/>\nMos e jepni vetveten te njer\u00ebzit q\u00eb ju p\u00ebr\u00e7mojn\u00eb, ju skllav\u00ebrojn\u00eb, q\u00eb ju kontrollojn\u00eb jet\u00ebt tuaja, ju tregojn\u00eb \u00e7far\u00eb t\u00eb b\u00ebni, \u00e7far\u00eb t\u00eb mendoni e \u00e7far\u00eb t\u00eb ndjeni! Mos e jepni vetveten te k\u00ebta q\u00eb jan\u00eb jonjer\u00ebzor\u00eb, njer\u00ebz makina me mendje makine e zemra makine! Ju popull, nuk jeni makina! Ju nuk jeni si skllav\u00ebr! Ju jeni njer\u00ebz! Ju keni dashurin\u00eb e njer\u00ebzimit n\u00eb zemrat tuaja! Ju nuk urreni! Vet\u00ebm t\u00eb padashurit urrejn\u00eb, t\u00eb padashurit dhe jonjer\u00ebzor\u00ebt! Mos e pranoni jet\u00ebn n\u00eb skllav\u00ebri! Luftoni p\u00ebr jet\u00ebn n\u00eb liri!<br \/>\nMbret\u00ebria e Zotit \u00ebsht\u00eb brenda njeriut. Jo t\u00eb nj\u00eb njeriu apo t\u00eb nj\u00eb grupi njer\u00ebzish, por n\u00eb t\u00eb gjith\u00eb njer\u00ebzit! N\u00eb ju! Ju, populli e keni fuqin\u00eb \u2013 fuqin\u00eb t\u00eb krijoni mrekullira. Fuqin\u00eb t\u00eb krijoni lumturi! Ju, populli, e keni fuqin\u00eb ta b\u00ebni k\u00ebt\u00eb jet\u00eb t\u00eb lir\u00eb dhe t\u00eb bukur, ta b\u00ebni k\u00ebt\u00eb jet\u00eb nj\u00eb aventur\u00eb t\u00eb mrekullueshme. * *(Bib\u00ebl, kap. XVII Sh\u00ebn Lluka)<br \/>\nPrandaj,<br \/>\n*N\u00eb em\u00ebr t\u00eb demokracis\u00eb, t\u2019a p\u00ebrdorim k\u00ebt\u00eb fuqi, t\u00eb bashkohemi t\u00eb gjith\u00eb!<br \/>\n*T\u00eb luftojm\u00eb p\u00ebr nj\u00eb bot\u00eb t\u00eb re, nj\u00eb bot\u00eb t\u00eb mir\u00eb q\u00eb do t\u2019i jep njer\u00ebzve mund\u00ebsin\u00eb t\u00eb punojn\u00eb, q\u00eb do t\u2019i jep rinis\u00eb nj\u00eb t\u00eb ardhme t\u00eb lumtur dhe t\u00eb moshuarve t\u2019iu mund\u00ebsohet \u2013 siguri e jet\u00eb e rehatshme.<br \/>\n*T\u00eb luftojm\u00eb q\u00eb ta lirojm\u00eb bot\u00ebn ton\u00eb, t\u2019i largojm\u00eb barrierat komb\u00ebtare, t\u00eb largojm\u00eb lakmin\u00eb, urrejtjen e intoleranc\u00ebn.<br \/>\n*T\u00eb luftojm\u00eb p\u00ebr nj\u00eb bot\u00eb t\u00eb arsyes, nj\u00eb bot\u00eb ku shkenca dhe progresi do t\u00eb na shpiejn\u00eb te lumturia e t\u00eb gjith\u00eb njer\u00ebzve.<br \/>\n*N\u00eb em\u00ebr t\u00eb demokracis\u00eb, t\u00eb bashkohemi t\u00eb gjith\u00eb! \u2013 i p\u00ebrfundoj fjal\u00ebt e tija z. Seremb Gjergji, duke m\u00eb k\u00ebrkuar falje, p\u00ebr gj\u00ebja se e zgjati n\u00eb t\u00eb folur!<br \/>\nE p\u00ebrg\u00ebzova p\u00ebr t\u00eb gjitha, por edhe p\u00ebr en\u00ebrgjin\u00eb dhe guximin\u2026! I urova suksese me rezultate t\u00eb m\u00ebdha n\u00eb arritjen e q\u00ebllimeve dhe vizioneve, e t\u00eb ngjitet drejt majave m\u00eb t\u00eb larta t\u00eb zhvillimit dhe p\u00ebrparimit t\u00eb mendimit njer\u00ebzor.<br \/>\nM\u2019u fal\u00ebnderua shum\u00eb\u2026!<br \/>\nFal\u00ebnderimi ishte reciprok!<br \/>\n*<br \/>\nAdd\/PS: N\u00eb ndarje me z. Seremb, ma p\u00ebrs\u00ebriti: \u201c &#8211; Miku im q\u00eb shkruan p\u00ebr takimin ton\u00eb t\u00eb sot\u00ebm, t\u00eb lut\u00ebm p\u00ebrfshije edhe anekdot\u00ebn lidhur me at\u00eb q\u00eb ka ndodh\u00eb n\u00eb nj\u00eb od\u00eb shqiptare n\u00eb mes profesorit Anton \u00c7etta dhe pleqnarit Muj\u00eb Loshi!?<br \/>\n\u201c- Po miku Seremb, p\u00ebr hat\u00ebr t\u2019\u00ebndin po ep\u00ebrfshij\u00eb edh anekdot\u00ebn!\u201d<br \/>\n*<br \/>\nN\u00eb nj\u00eb od\u00eb shqiptare hyn profesori Anton \u00c7etta dhe pasi ishte shum\u00eb i lodhur nga ecja, dhe ashtu njeri i gjat\u00eb me trup, si ulet, nuk mund t\u00eb ulet \u201ckamb\u00ebkryq\u201d, por i shtrin\u00eb kamb\u00ebt. Aty qillon Muj\u00eb Loshi dhe p\u00ebr me e nguc\u00eb pak profesorin, me q\u00ebllim q\u00eb t\u2019ia nxjerr\u2019 naj fjal\u00eb, ia ban:<br \/>\n&#8211; Profesor Anton, burri nuk i shtr\u00ean\u00eb kamb\u00ebt n\u2019od\u00eb t\u2019burrave?<br \/>\nProfesori i i urt\u00eb e fjal\u00eb pak, menjiher\u00eb ia dredh\u00eb Muj\u00eb Loshit:<br \/>\n&#8211; Muj\u00eb, un\u00eb medoj qi od\u00ebn nuk e prishin kamb\u00ebt po e prish\u2019 koka e burrit! Ia ban profesor Antoni dhe aty fillon \u201dmuhabeti\u201d i burrave se Muj\u00eb Loshi dhe profesor Anton \u00c7etta njiheshin fort\u00eb e mir\u00eb q\u00eb p\u00ebrpara dhe sipas tradit\u00ebs shqiptare, shok\u00ebt e mir\u00eb n\u00eb od\u00eb t\u00eb burrave \u201dshtyhen\u201d nder veti edhe \u201dgjuhen me fjal\u00eb\u201d, por krejt ua qesin t\u00eb tjer\u00ebve, n\u2019i marrshin vesh!?<br \/>\n*<br \/>\nContakti me autorin, E-post: ekspertimh@hotmail.com<\/p>\n","protected":false},"excerpt":{"rendered":"<p>Ismet Hasani Miq\u00ebsia e mir\u00eb me njer\u00ebzit \u00ebsht\u00eb gj\u00ebja m\u00eb e mir\u00eb q\u00eb mund t\u00eb jet\u00eb n\u00eb bot\u00eb! Krejt rast\u00ebsisht jemi njohur me z. Seremb Gjergji, kandidatin potencial p\u00ebr President t\u00eb Republik\u00ebs s\u00eb Kosov\u00ebs, nga i cili m\u00ebsova shum\u00eb\u00e7ka. Ishte njeri i virtytsh\u00ebm, vizionar, i guximshem dhe meriton t\u00eb rreshtohet nd\u00ebr njer\u00ebz t\u00eb p\u00ebrkor\u00eb*. *(t\u00eb [&hellip;]<\/p>\n","protected":false},"author":1,"featured_media":0,"comment_status":"open","ping_status":"closed","sticky":false,"template":"","format":"standard","meta":{"footnotes":""},"categories":[2],"tags":[],"class_list":{"0":"post-13572","1":"post","2":"type-post","3":"status-publish","4":"format-standard","6":"category-artikuj"},"yoast_head":"<!-- This site is optimized with the Yoast SEO plugin v27.4 - https:\/\/yoast.com\/product\/yoast-seo-wordpress\/ -->\n<title>Takim me njer\u00ebz t\u00eb p\u00ebrkor\u00eb - FjALA e LIR\u00cb - Arkivi<\/title>\n<meta name=\"robots\" content=\"index, follow, max-snippet:-1, max-image-preview:large, max-video-preview:-1\" \/>\n<link rel=\"canonical\" href=\"https:\/\/fjala.info\/2009-2015\/takim-me-njerez-te-perkore\/\" \/>\n<meta property=\"og:locale\" content=\"sq_AL\" \/>\n<meta property=\"og:type\" content=\"article\" \/>\n<meta property=\"og:title\" content=\"Takim me njer\u00ebz t\u00eb p\u00ebrkor\u00eb - FjALA e LIR\u00cb - Arkivi\" \/>\n<meta property=\"og:description\" content=\"Ismet Hasani Miq\u00ebsia e mir\u00eb me njer\u00ebzit \u00ebsht\u00eb gj\u00ebja m\u00eb e mir\u00eb q\u00eb mund t\u00eb jet\u00eb n\u00eb bot\u00eb! Krejt rast\u00ebsisht jemi njohur me z. Seremb Gjergji, kandidatin potencial p\u00ebr President t\u00eb Republik\u00ebs s\u00eb Kosov\u00ebs, nga i cili m\u00ebsova shum\u00eb\u00e7ka. Ishte njeri i virtytsh\u00ebm, vizionar, i guximshem dhe meriton t\u00eb rreshtohet nd\u00ebr njer\u00ebz t\u00eb p\u00ebrkor\u00eb*. *(t\u00eb [&hellip;]\" \/>\n<meta property=\"og:url\" content=\"https:\/\/fjala.info\/2009-2015\/takim-me-njerez-te-perkore\/\" \/>\n<meta property=\"og:site_name\" content=\"FjALA e LIR\u00cb - Arkivi\" \/>\n<meta property=\"article:published_time\" content=\"2014-05-29T00:10:31+00:00\" \/>\n<meta property=\"og:image\" content=\"http:\/\/www.fjala.info\/2014\/ismet_hasani.jpg\" \/>\n<meta name=\"author\" content=\"admin\" \/>\n<meta name=\"twitter:card\" content=\"summary_large_image\" \/>\n<meta name=\"twitter:label1\" content=\"Written by\" \/>\n\t<meta name=\"twitter:data1\" content=\"admin\" \/>\n\t<meta name=\"twitter:label2\" content=\"Est. reading time\" \/>\n\t<meta name=\"twitter:data2\" content=\"15 minutes\" \/>\n<script type=\"application\/ld+json\" class=\"yoast-schema-graph\">{\"@context\":\"https:\\\/\\\/schema.org\",\"@graph\":[{\"@type\":\"Article\",\"@id\":\"https:\\\/\\\/fjala.info\\\/2009-2015\\\/takim-me-njerez-te-perkore\\\/#article\",\"isPartOf\":{\"@id\":\"https:\\\/\\\/fjala.info\\\/2009-2015\\\/takim-me-njerez-te-perkore\\\/\"},\"author\":{\"name\":\"admin\",\"@id\":\"https:\\\/\\\/fjala.info\\\/2009-2015\\\/#\\\/schema\\\/person\\\/3aa1163ef05469c496fc94e77611ada2\"},\"headline\":\"Takim me njer\u00ebz t\u00eb p\u00ebrkor\u00eb\",\"datePublished\":\"2014-05-29T00:10:31+00:00\",\"mainEntityOfPage\":{\"@id\":\"https:\\\/\\\/fjala.info\\\/2009-2015\\\/takim-me-njerez-te-perkore\\\/\"},\"wordCount\":2920,\"commentCount\":0,\"publisher\":{\"@id\":\"https:\\\/\\\/fjala.info\\\/2009-2015\\\/#organization\"},\"image\":{\"@id\":\"https:\\\/\\\/fjala.info\\\/2009-2015\\\/takim-me-njerez-te-perkore\\\/#primaryimage\"},\"thumbnailUrl\":\"http:\\\/\\\/www.fjala.info\\\/2014\\\/ismet_hasani.jpg\",\"articleSection\":[\"Artikuj\"],\"inLanguage\":\"sq-AL\",\"potentialAction\":[{\"@type\":\"CommentAction\",\"name\":\"Comment\",\"target\":[\"https:\\\/\\\/fjala.info\\\/2009-2015\\\/takim-me-njerez-te-perkore\\\/#respond\"]}]},{\"@type\":\"WebPage\",\"@id\":\"https:\\\/\\\/fjala.info\\\/2009-2015\\\/takim-me-njerez-te-perkore\\\/\",\"url\":\"https:\\\/\\\/fjala.info\\\/2009-2015\\\/takim-me-njerez-te-perkore\\\/\",\"name\":\"Takim me njer\u00ebz t\u00eb p\u00ebrkor\u00eb - FjALA e LIR\u00cb - Arkivi\",\"isPartOf\":{\"@id\":\"https:\\\/\\\/fjala.info\\\/2009-2015\\\/#website\"},\"primaryImageOfPage\":{\"@id\":\"https:\\\/\\\/fjala.info\\\/2009-2015\\\/takim-me-njerez-te-perkore\\\/#primaryimage\"},\"image\":{\"@id\":\"https:\\\/\\\/fjala.info\\\/2009-2015\\\/takim-me-njerez-te-perkore\\\/#primaryimage\"},\"thumbnailUrl\":\"http:\\\/\\\/www.fjala.info\\\/2014\\\/ismet_hasani.jpg\",\"datePublished\":\"2014-05-29T00:10:31+00:00\",\"breadcrumb\":{\"@id\":\"https:\\\/\\\/fjala.info\\\/2009-2015\\\/takim-me-njerez-te-perkore\\\/#breadcrumb\"},\"inLanguage\":\"sq-AL\",\"potentialAction\":[{\"@type\":\"ReadAction\",\"target\":[\"https:\\\/\\\/fjala.info\\\/2009-2015\\\/takim-me-njerez-te-perkore\\\/\"]}]},{\"@type\":\"ImageObject\",\"inLanguage\":\"sq-AL\",\"@id\":\"https:\\\/\\\/fjala.info\\\/2009-2015\\\/takim-me-njerez-te-perkore\\\/#primaryimage\",\"url\":\"http:\\\/\\\/www.fjala.info\\\/2014\\\/ismet_hasani.jpg\",\"contentUrl\":\"http:\\\/\\\/www.fjala.info\\\/2014\\\/ismet_hasani.jpg\"},{\"@type\":\"BreadcrumbList\",\"@id\":\"https:\\\/\\\/fjala.info\\\/2009-2015\\\/takim-me-njerez-te-perkore\\\/#breadcrumb\",\"itemListElement\":[{\"@type\":\"ListItem\",\"position\":1,\"name\":\"Home\",\"item\":\"https:\\\/\\\/fjala.info\\\/2009-2015\\\/\"},{\"@type\":\"ListItem\",\"position\":2,\"name\":\"Takim me njer\u00ebz t\u00eb p\u00ebrkor\u00eb\"}]},{\"@type\":\"WebSite\",\"@id\":\"https:\\\/\\\/fjala.info\\\/2009-2015\\\/#website\",\"url\":\"https:\\\/\\\/fjala.info\\\/2009-2015\\\/\",\"name\":\"FjALA e LIR\u00cb - Arkivi\",\"description\":\"Arkivi 2009-2015\",\"publisher\":{\"@id\":\"https:\\\/\\\/fjala.info\\\/2009-2015\\\/#organization\"},\"potentialAction\":[{\"@type\":\"SearchAction\",\"target\":{\"@type\":\"EntryPoint\",\"urlTemplate\":\"https:\\\/\\\/fjala.info\\\/2009-2015\\\/?s={search_term_string}\"},\"query-input\":{\"@type\":\"PropertyValueSpecification\",\"valueRequired\":true,\"valueName\":\"search_term_string\"}}],\"inLanguage\":\"sq-AL\"},{\"@type\":\"Organization\",\"@id\":\"https:\\\/\\\/fjala.info\\\/2009-2015\\\/#organization\",\"name\":\"FjALA e LIR\u00cb - Arkivi\",\"url\":\"https:\\\/\\\/fjala.info\\\/2009-2015\\\/\",\"logo\":{\"@type\":\"ImageObject\",\"inLanguage\":\"sq-AL\",\"@id\":\"https:\\\/\\\/fjala.info\\\/2009-2015\\\/#\\\/schema\\\/logo\\\/image\\\/\",\"url\":\"\",\"contentUrl\":\"\",\"caption\":\"FjALA e LIR\u00cb - Arkivi\"},\"image\":{\"@id\":\"https:\\\/\\\/fjala.info\\\/2009-2015\\\/#\\\/schema\\\/logo\\\/image\\\/\"}},{\"@type\":\"Person\",\"@id\":\"https:\\\/\\\/fjala.info\\\/2009-2015\\\/#\\\/schema\\\/person\\\/3aa1163ef05469c496fc94e77611ada2\",\"name\":\"admin\",\"image\":{\"@type\":\"ImageObject\",\"inLanguage\":\"sq-AL\",\"@id\":\"https:\\\/\\\/fjala.info\\\/2009-2015\\\/wp-content\\\/uploads\\\/2012\\\/02\\\/arben_cokaj-120x150.jpg\",\"url\":\"https:\\\/\\\/fjala.info\\\/2009-2015\\\/wp-content\\\/uploads\\\/2012\\\/02\\\/arben_cokaj-120x150.jpg\",\"contentUrl\":\"https:\\\/\\\/fjala.info\\\/2009-2015\\\/wp-content\\\/uploads\\\/2012\\\/02\\\/arben_cokaj-120x150.jpg\",\"caption\":\"admin\"},\"description\":\"Admin, Fjala e Lir\u00eb\",\"sameAs\":[\"https:\\\/\\\/fjala.info\\\/\"],\"url\":\"https:\\\/\\\/fjala.info\\\/2009-2015\\\/author\\\/admin\\\/\"}]}<\/script>\n<!-- \/ Yoast SEO plugin. -->","yoast_head_json":{"title":"Takim me njer\u00ebz t\u00eb p\u00ebrkor\u00eb - FjALA e LIR\u00cb - Arkivi","robots":{"index":"index","follow":"follow","max-snippet":"max-snippet:-1","max-image-preview":"max-image-preview:large","max-video-preview":"max-video-preview:-1"},"canonical":"https:\/\/fjala.info\/2009-2015\/takim-me-njerez-te-perkore\/","og_locale":"sq_AL","og_type":"article","og_title":"Takim me njer\u00ebz t\u00eb p\u00ebrkor\u00eb - FjALA e LIR\u00cb - Arkivi","og_description":"Ismet Hasani Miq\u00ebsia e mir\u00eb me njer\u00ebzit \u00ebsht\u00eb gj\u00ebja m\u00eb e mir\u00eb q\u00eb mund t\u00eb jet\u00eb n\u00eb bot\u00eb! Krejt rast\u00ebsisht jemi njohur me z. Seremb Gjergji, kandidatin potencial p\u00ebr President t\u00eb Republik\u00ebs s\u00eb Kosov\u00ebs, nga i cili m\u00ebsova shum\u00eb\u00e7ka. Ishte njeri i virtytsh\u00ebm, vizionar, i guximshem dhe meriton t\u00eb rreshtohet nd\u00ebr njer\u00ebz t\u00eb p\u00ebrkor\u00eb*. *(t\u00eb [&hellip;]","og_url":"https:\/\/fjala.info\/2009-2015\/takim-me-njerez-te-perkore\/","og_site_name":"FjALA e LIR\u00cb - Arkivi","article_published_time":"2014-05-29T00:10:31+00:00","og_image":[{"url":"http:\/\/www.fjala.info\/2014\/ismet_hasani.jpg","type":"","width":"","height":""}],"author":"admin","twitter_card":"summary_large_image","twitter_misc":{"Written by":"admin","Est. reading time":"15 minutes"},"schema":{"@context":"https:\/\/schema.org","@graph":[{"@type":"Article","@id":"https:\/\/fjala.info\/2009-2015\/takim-me-njerez-te-perkore\/#article","isPartOf":{"@id":"https:\/\/fjala.info\/2009-2015\/takim-me-njerez-te-perkore\/"},"author":{"name":"admin","@id":"https:\/\/fjala.info\/2009-2015\/#\/schema\/person\/3aa1163ef05469c496fc94e77611ada2"},"headline":"Takim me njer\u00ebz t\u00eb p\u00ebrkor\u00eb","datePublished":"2014-05-29T00:10:31+00:00","mainEntityOfPage":{"@id":"https:\/\/fjala.info\/2009-2015\/takim-me-njerez-te-perkore\/"},"wordCount":2920,"commentCount":0,"publisher":{"@id":"https:\/\/fjala.info\/2009-2015\/#organization"},"image":{"@id":"https:\/\/fjala.info\/2009-2015\/takim-me-njerez-te-perkore\/#primaryimage"},"thumbnailUrl":"http:\/\/www.fjala.info\/2014\/ismet_hasani.jpg","articleSection":["Artikuj"],"inLanguage":"sq-AL","potentialAction":[{"@type":"CommentAction","name":"Comment","target":["https:\/\/fjala.info\/2009-2015\/takim-me-njerez-te-perkore\/#respond"]}]},{"@type":"WebPage","@id":"https:\/\/fjala.info\/2009-2015\/takim-me-njerez-te-perkore\/","url":"https:\/\/fjala.info\/2009-2015\/takim-me-njerez-te-perkore\/","name":"Takim me njer\u00ebz t\u00eb p\u00ebrkor\u00eb - FjALA e LIR\u00cb - Arkivi","isPartOf":{"@id":"https:\/\/fjala.info\/2009-2015\/#website"},"primaryImageOfPage":{"@id":"https:\/\/fjala.info\/2009-2015\/takim-me-njerez-te-perkore\/#primaryimage"},"image":{"@id":"https:\/\/fjala.info\/2009-2015\/takim-me-njerez-te-perkore\/#primaryimage"},"thumbnailUrl":"http:\/\/www.fjala.info\/2014\/ismet_hasani.jpg","datePublished":"2014-05-29T00:10:31+00:00","breadcrumb":{"@id":"https:\/\/fjala.info\/2009-2015\/takim-me-njerez-te-perkore\/#breadcrumb"},"inLanguage":"sq-AL","potentialAction":[{"@type":"ReadAction","target":["https:\/\/fjala.info\/2009-2015\/takim-me-njerez-te-perkore\/"]}]},{"@type":"ImageObject","inLanguage":"sq-AL","@id":"https:\/\/fjala.info\/2009-2015\/takim-me-njerez-te-perkore\/#primaryimage","url":"http:\/\/www.fjala.info\/2014\/ismet_hasani.jpg","contentUrl":"http:\/\/www.fjala.info\/2014\/ismet_hasani.jpg"},{"@type":"BreadcrumbList","@id":"https:\/\/fjala.info\/2009-2015\/takim-me-njerez-te-perkore\/#breadcrumb","itemListElement":[{"@type":"ListItem","position":1,"name":"Home","item":"https:\/\/fjala.info\/2009-2015\/"},{"@type":"ListItem","position":2,"name":"Takim me njer\u00ebz t\u00eb p\u00ebrkor\u00eb"}]},{"@type":"WebSite","@id":"https:\/\/fjala.info\/2009-2015\/#website","url":"https:\/\/fjala.info\/2009-2015\/","name":"FjALA e LIR\u00cb - Arkivi","description":"Arkivi 2009-2015","publisher":{"@id":"https:\/\/fjala.info\/2009-2015\/#organization"},"potentialAction":[{"@type":"SearchAction","target":{"@type":"EntryPoint","urlTemplate":"https:\/\/fjala.info\/2009-2015\/?s={search_term_string}"},"query-input":{"@type":"PropertyValueSpecification","valueRequired":true,"valueName":"search_term_string"}}],"inLanguage":"sq-AL"},{"@type":"Organization","@id":"https:\/\/fjala.info\/2009-2015\/#organization","name":"FjALA e LIR\u00cb - Arkivi","url":"https:\/\/fjala.info\/2009-2015\/","logo":{"@type":"ImageObject","inLanguage":"sq-AL","@id":"https:\/\/fjala.info\/2009-2015\/#\/schema\/logo\/image\/","url":"","contentUrl":"","caption":"FjALA e LIR\u00cb - Arkivi"},"image":{"@id":"https:\/\/fjala.info\/2009-2015\/#\/schema\/logo\/image\/"}},{"@type":"Person","@id":"https:\/\/fjala.info\/2009-2015\/#\/schema\/person\/3aa1163ef05469c496fc94e77611ada2","name":"admin","image":{"@type":"ImageObject","inLanguage":"sq-AL","@id":"https:\/\/fjala.info\/2009-2015\/wp-content\/uploads\/2012\/02\/arben_cokaj-120x150.jpg","url":"https:\/\/fjala.info\/2009-2015\/wp-content\/uploads\/2012\/02\/arben_cokaj-120x150.jpg","contentUrl":"https:\/\/fjala.info\/2009-2015\/wp-content\/uploads\/2012\/02\/arben_cokaj-120x150.jpg","caption":"admin"},"description":"Admin, Fjala e Lir\u00eb","sameAs":["https:\/\/fjala.info\/"],"url":"https:\/\/fjala.info\/2009-2015\/author\/admin\/"}]}},"_links":{"self":[{"href":"https:\/\/fjala.info\/2009-2015\/wp-json\/wp\/v2\/posts\/13572","targetHints":{"allow":["GET"]}}],"collection":[{"href":"https:\/\/fjala.info\/2009-2015\/wp-json\/wp\/v2\/posts"}],"about":[{"href":"https:\/\/fjala.info\/2009-2015\/wp-json\/wp\/v2\/types\/post"}],"author":[{"embeddable":true,"href":"https:\/\/fjala.info\/2009-2015\/wp-json\/wp\/v2\/users\/1"}],"replies":[{"embeddable":true,"href":"https:\/\/fjala.info\/2009-2015\/wp-json\/wp\/v2\/comments?post=13572"}],"version-history":[{"count":0,"href":"https:\/\/fjala.info\/2009-2015\/wp-json\/wp\/v2\/posts\/13572\/revisions"}],"wp:attachment":[{"href":"https:\/\/fjala.info\/2009-2015\/wp-json\/wp\/v2\/media?parent=13572"}],"wp:term":[{"taxonomy":"category","embeddable":true,"href":"https:\/\/fjala.info\/2009-2015\/wp-json\/wp\/v2\/categories?post=13572"},{"taxonomy":"post_tag","embeddable":true,"href":"https:\/\/fjala.info\/2009-2015\/wp-json\/wp\/v2\/tags?post=13572"}],"curies":[{"name":"wp","href":"https:\/\/api.w.org\/{rel}","templated":true}]}}