{"id":13362,"date":"2014-01-31T22:40:24","date_gmt":"2014-01-31T21:40:24","guid":{"rendered":"http:\/\/www.fjala.info\/?p=289"},"modified":"2014-01-31T22:40:24","modified_gmt":"2014-01-31T21:40:24","slug":"cfare-me-shqeteson-tek-skandali-i-sms-ve-ne-studio","status":"publish","type":"post","link":"https:\/\/fjala.info\/2009-2015\/cfare-me-shqeteson-tek-skandali-i-sms-ve-ne-studio\/","title":{"rendered":"\u00c7far\u00eb m\u00eb shqet\u00ebson tek skandali i \u201csms\u201d-ve n\u00eb studio"},"content":{"rendered":"<p><img decoding=\"async\" class=\"alignright size-thumbnail wp-image-7236\" title=\"Mero Baze\" alt=\"\" src=\"http:\/\/www.fjala.info\/2012\/mero_baze.jpg\" width=\"150\" \/> Nga <strong>Mero Baze<\/strong><\/p>\n<p>Ka nj\u00eb v\u00ebmendje t\u00eb shtuar ndaj atij q\u00eb mund t\u00eb quhet skandal i komunikimit me sms nga studiot e TV n\u00eb sht\u00ebpit\u00eb e politikan\u00ebve, duke komanduar n\u00eb nj\u00eb far\u00eb m\u00ebnyre si kukulla televizive ata q\u00eb dalin n\u00eb em\u00ebr t\u00eb autoritetit publik. Ka shum\u00eb komente, shpesh fyese, pas publikimit t\u00eb sms-ve t\u00eb gjith\u00eb familjes Berisha, duke filluar nga gjyshi, dh\u00ebndri, vajza, djali, mbesa e deri tek sms e Fatos Nanos p\u00ebr Artur Zhejin.<\/p>\n<p>Natyrisht q\u00eb nuk \u00ebsht\u00eb di\u00e7ka e k\u00ebndshme ajo q\u00eb ka ndodhur p\u00ebr ata, t\u00eb cil\u00ebt presin sms n\u00eb emision dhe ndikohen prej tyre. Por ju siguroj se personat n\u00eb fjal\u00eb mund t\u2019ia dalin t\u00eb b\u00ebjn\u00eb debat dhe pa ato sms. \u00cbsht\u00eb nj\u00eb munges\u00eb e fort\u00eb etike komunikimi si telefon i prishur i Nanos dhe Berish\u00ebs me Saimir Tahirin p\u00ebrmes tyre, por deri k\u00ebtu.<\/p>\n<p>Ajo q\u00eb m\u00eb duket shum\u00eb e mjerueshme n\u00eb k\u00ebt\u00eb histori jan\u00eb dy ish- kryeministrat.<\/p>\n<p>P\u00ebrfytyroni Familjen Berisha, t\u00eb mbledhur t\u00eb gjith\u00eb para televizorit, gjyshi i ulur n\u00eb kolltukun kryesor, vajza, djali dhe dh\u00ebndri rrotull, mbesat para, dhe shikojn\u00eb si nj\u00eb ndeshje futbolli debatin e Saimir Tahirit me kat\u00ebr gazetar\u00eb. P\u00ebrfytyroni gjyshin q\u00eb i nis sms pas \u00e7do batute, duke i th\u00ebn\u00eb bravo, jepi, forca, urime\u2026 Pastaj dh\u00ebndri q\u00eb k\u00ebrkon t\u00eb jap\u00eb mendje dhe i rekomandon \u00e7far\u00eb t\u00eb thot\u00eb. Pastaj djali q\u00eb k\u00ebrkon t\u2019i mbush\u00eb mendjen se duhet t\u2019i pres\u00eb fjal\u00ebn Saimirit kur p\u00ebrmend G\u00ebrdecin. Pastaj mbesat q\u00eb duan dhe ato t\u00eb d\u00ebrgojn\u00eb nj\u00eb sms p\u00ebr ngjyr\u00ebn e kravat\u00ebs.<\/p>\n<p>E gjith\u00eb kjo sken\u00eb kolektive e Familjes, duke par\u00eb se si do t\u00eb dal\u00eb Saimir Tahiri n\u00eb debat, \u00ebsht\u00eb n\u00eb t\u00eb v\u00ebrtet\u00eb skena ku ka p\u00ebrfunduar Familja e plotpushtetshme n\u00eb Shqip\u00ebri. T\u00eb gjith\u00eb ata q\u00eb i mendojn\u00eb se jan\u00eb t\u00eb fort\u00eb, se kan\u00eb miliarda dhe nuk pyesin p\u00ebr asgj\u00eb, se jan\u00eb n\u00eb krye t\u00eb PD reale dhe as q\u00eb pyesin p\u00ebr pasojat e nd\u00ebshkimit, n\u00eb fakt b\u00ebjn\u00eb mir\u00eb t\u2019i p\u00ebrfytyrojn\u00eb k\u00ebshtu si\u00e7 jan\u00eb: Nj\u00eb tuf\u00eb mjeran\u00ebsh, q\u00eb shpresojn\u00eb se po mund\u00ebn Saimir Tahirin, shp\u00ebtuan.<\/p>\n<p>P\u00ebrfytyroni at\u00eb q\u00eb ka pasur minist\u00ebr Flamur Nok\u00ebn, p\u00ebrfytyroni at\u00eb tjetrin me \u00e7ant\u00ebn e zez\u00eb t\u00eb gjobave, q\u00eb ka filluar t\u00eb kthej\u00eb k\u00ebstet e parat\u00eb e gjobave t\u00eb fundit, p\u00ebrfytyroni at\u00eb zonj\u00ebn q\u00eb k\u00ebrkonte tre milion\u00eb euro p\u00ebr nj\u00eb firm\u00eb t\u00eb babait, p\u00ebrfytyroni burrin e saj, q\u00eb i merrte gjob\u00eb \u00e7do koncesioni t\u00eb huaj duke i b\u00ebr\u00eb \u201cstudimin\u201d e mjedisit, se si jan\u00eb katandisur t\u00eb shpresojn\u00eb rikthimin, po qe se mundin Saimir Tahirin.<\/p>\n<p>P\u00ebrfytyroni pak dhe at\u00eb ish- kryeministrin tjet\u00ebr, q\u00eb nuk i dhemb koka p\u00ebr asgj\u00eb, q\u00eb ka 9 vjet q\u00eb jeton me Vjen\u00ebs dhe Tiran\u00ebs dhe ka shqet\u00ebsim dhe ai Saimir Tahirin.<\/p>\n<p>P\u00ebrfytyroni dy ish- kryeministra, q\u00eb tani, pasi kan\u00eb qeverisur secili nga tet\u00eb vjet, mund t\u00eb ishin njer\u00ebz t\u00eb qet\u00eb, n\u00eb pun\u00eb t\u00eb tyre, t\u00eb rrisnin nip\u00ebr e mbesa, apo f\u00ebmij\u00ebt e tyre, pa u angazhuar shum\u00eb n\u00eb at\u00eb q\u00eb ndodh, t\u00eb cil\u00ebt jan\u00eb t\u00eb tensionuar dhe shqet\u00ebsuar sikur t\u00eb jen\u00eb persona n\u00eb k\u00ebrkim.<\/p>\n<p>P\u00ebrfytyroni nj\u00eb ish- kryeminist\u00ebr q\u00eb ka vrar\u00eb kat\u00ebr qytetar\u00eb, nj\u00eb djal\u00eb t\u00eb tij, q\u00eb ka varrosur 26 vet\u00eb, nj\u00eb familje q\u00eb paguhej qindra- mij\u00ebra euro n\u00eb muaj, q\u00eb jan\u00eb aq t\u00eb tensionuar dhe n\u00eb stres me veten, sa shp\u00ebtimin e gjejn\u00eb tek ndonj\u00eb batut\u00eb kund\u00ebr Saimir Tahirit.<\/p>\n<p>P\u00ebrfytyroni nj\u00eb ish- kryeminist\u00ebr socialist, nj\u00eb njeri q\u00eb ka b\u00ebr\u00eb plot gj\u00ebra p\u00ebr k\u00ebt\u00eb vend, q\u00eb ka b\u00ebr\u00eb privatizime t\u00eb suksesshme dhe i ka dh\u00ebn\u00eb vendit nj\u00eb dimension tolerance, q\u00eb tani rri para televizorit dhe shan me fjal\u00eb t\u00eb pista ministrat q\u00eb nuk e d\u00ebgjojn\u00eb, por q\u00eb at\u00eb e stresokan m\u00eb shum\u00eb se hallet q\u00eb ka pas vetes kur ishte kryeminist\u00ebr.<\/p>\n<p>Ky \u00ebsht\u00eb lajmi i v\u00ebrtet n\u00eb k\u00ebt\u00eb histori t\u00eb sh\u00ebmtuar sms-sh. \u00cbsht\u00eb fakti q\u00eb ata q\u00eb na kan\u00eb qeverisur, ata q\u00eb kan\u00eb qen\u00eb kryeministra n\u00eb k\u00ebt\u00eb vend, jan\u00eb aq t\u00eb stresuar nga Ministri i Brendsh\u00ebm sa thua jan\u00eb n\u00eb k\u00ebrkim dhe mund t\u2019i kapin nga \u00e7asti n\u00eb \u00e7ast. Jan\u00eb me aq shum\u00eb lek\u00eb dhe ngjajn\u00eb kaq t\u00eb varf\u00ebr. Jan\u00eb me aq shum\u00eb roje dhe ngjajn\u00eb kaq shum\u00eb t\u00eb trembur. Jan\u00eb me aq shum\u00eb histori pushteti dhe ngjajn\u00eb si njer\u00ebz rruge. Jan\u00eb me aq shum\u00eb njer\u00ebz rrotull tyre dhe ngjan\u00eb aq t\u00eb vetmuar. Jan\u00eb aq shum\u00eb pretendent\u00eb s\u00ebrish p\u00ebr pushtet dhe ngjajn\u00eb aq t\u00eb stresuar se u duket penges\u00eb Saimir Tahiri. As ata q\u00eb v\u00ebn\u00eb tritol, nuk besoj se jan\u00eb katandisur k\u00ebshtu.<\/p>\n","protected":false},"excerpt":{"rendered":"<p>Nga Mero Baze Ka nj\u00eb v\u00ebmendje t\u00eb shtuar ndaj atij q\u00eb mund t\u00eb quhet skandal i komunikimit me sms nga studiot e TV n\u00eb sht\u00ebpit\u00eb e politikan\u00ebve, duke komanduar n\u00eb nj\u00eb far\u00eb m\u00ebnyre si kukulla televizive ata q\u00eb dalin n\u00eb em\u00ebr t\u00eb autoritetit publik. Ka shum\u00eb komente, shpesh fyese, pas publikimit t\u00eb sms-ve t\u00eb gjith\u00eb [&hellip;]<\/p>\n","protected":false},"author":1,"featured_media":0,"comment_status":"open","ping_status":"closed","sticky":false,"template":"","format":"standard","meta":{"footnotes":""},"categories":[2],"tags":[],"class_list":{"0":"post-13362","1":"post","2":"type-post","3":"status-publish","4":"format-standard","6":"category-artikuj"},"yoast_head":"<!-- This site is optimized with the Yoast SEO plugin v27.4 - https:\/\/yoast.com\/product\/yoast-seo-wordpress\/ -->\n<title>\u00c7far\u00eb m\u00eb shqet\u00ebson tek skandali i \u201csms\u201d-ve n\u00eb studio - FjALA e LIR\u00cb - Arkivi<\/title>\n<meta name=\"robots\" content=\"index, follow, max-snippet:-1, max-image-preview:large, max-video-preview:-1\" \/>\n<link rel=\"canonical\" href=\"https:\/\/fjala.info\/2009-2015\/cfare-me-shqeteson-tek-skandali-i-sms-ve-ne-studio\/\" \/>\n<meta property=\"og:locale\" content=\"sq_AL\" \/>\n<meta property=\"og:type\" content=\"article\" \/>\n<meta property=\"og:title\" content=\"\u00c7far\u00eb m\u00eb shqet\u00ebson tek skandali i \u201csms\u201d-ve n\u00eb studio - FjALA e LIR\u00cb - Arkivi\" \/>\n<meta property=\"og:description\" content=\"Nga Mero Baze Ka nj\u00eb v\u00ebmendje t\u00eb shtuar ndaj atij q\u00eb mund t\u00eb quhet skandal i komunikimit me sms nga studiot e TV n\u00eb sht\u00ebpit\u00eb e politikan\u00ebve, duke komanduar n\u00eb nj\u00eb far\u00eb m\u00ebnyre si kukulla televizive ata q\u00eb dalin n\u00eb em\u00ebr t\u00eb autoritetit publik. Ka shum\u00eb komente, shpesh fyese, pas publikimit t\u00eb sms-ve t\u00eb gjith\u00eb [&hellip;]\" \/>\n<meta property=\"og:url\" content=\"https:\/\/fjala.info\/2009-2015\/cfare-me-shqeteson-tek-skandali-i-sms-ve-ne-studio\/\" \/>\n<meta property=\"og:site_name\" content=\"FjALA e LIR\u00cb - Arkivi\" \/>\n<meta property=\"article:published_time\" content=\"2014-01-31T21:40:24+00:00\" \/>\n<meta property=\"og:image\" content=\"http:\/\/www.fjala.info\/2012\/mero_baze.jpg\" \/>\n<meta name=\"author\" content=\"admin\" \/>\n<meta name=\"twitter:card\" content=\"summary_large_image\" \/>\n<meta name=\"twitter:label1\" content=\"Written by\" \/>\n\t<meta name=\"twitter:data1\" content=\"admin\" \/>\n\t<meta name=\"twitter:label2\" content=\"Est. reading time\" \/>\n\t<meta name=\"twitter:data2\" content=\"4 minutes\" \/>\n<script type=\"application\/ld+json\" class=\"yoast-schema-graph\">{\"@context\":\"https:\\\/\\\/schema.org\",\"@graph\":[{\"@type\":\"Article\",\"@id\":\"https:\\\/\\\/fjala.info\\\/2009-2015\\\/cfare-me-shqeteson-tek-skandali-i-sms-ve-ne-studio\\\/#article\",\"isPartOf\":{\"@id\":\"https:\\\/\\\/fjala.info\\\/2009-2015\\\/cfare-me-shqeteson-tek-skandali-i-sms-ve-ne-studio\\\/\"},\"author\":{\"name\":\"admin\",\"@id\":\"https:\\\/\\\/fjala.info\\\/2009-2015\\\/#\\\/schema\\\/person\\\/3aa1163ef05469c496fc94e77611ada2\"},\"headline\":\"\u00c7far\u00eb m\u00eb shqet\u00ebson tek skandali i \u201csms\u201d-ve n\u00eb studio\",\"datePublished\":\"2014-01-31T21:40:24+00:00\",\"mainEntityOfPage\":{\"@id\":\"https:\\\/\\\/fjala.info\\\/2009-2015\\\/cfare-me-shqeteson-tek-skandali-i-sms-ve-ne-studio\\\/\"},\"wordCount\":828,\"commentCount\":0,\"publisher\":{\"@id\":\"https:\\\/\\\/fjala.info\\\/2009-2015\\\/#organization\"},\"image\":{\"@id\":\"https:\\\/\\\/fjala.info\\\/2009-2015\\\/cfare-me-shqeteson-tek-skandali-i-sms-ve-ne-studio\\\/#primaryimage\"},\"thumbnailUrl\":\"http:\\\/\\\/www.fjala.info\\\/2012\\\/mero_baze.jpg\",\"articleSection\":[\"Artikuj\"],\"inLanguage\":\"sq-AL\",\"potentialAction\":[{\"@type\":\"CommentAction\",\"name\":\"Comment\",\"target\":[\"https:\\\/\\\/fjala.info\\\/2009-2015\\\/cfare-me-shqeteson-tek-skandali-i-sms-ve-ne-studio\\\/#respond\"]}]},{\"@type\":\"WebPage\",\"@id\":\"https:\\\/\\\/fjala.info\\\/2009-2015\\\/cfare-me-shqeteson-tek-skandali-i-sms-ve-ne-studio\\\/\",\"url\":\"https:\\\/\\\/fjala.info\\\/2009-2015\\\/cfare-me-shqeteson-tek-skandali-i-sms-ve-ne-studio\\\/\",\"name\":\"\u00c7far\u00eb m\u00eb shqet\u00ebson tek skandali i \u201csms\u201d-ve n\u00eb studio - FjALA e LIR\u00cb - Arkivi\",\"isPartOf\":{\"@id\":\"https:\\\/\\\/fjala.info\\\/2009-2015\\\/#website\"},\"primaryImageOfPage\":{\"@id\":\"https:\\\/\\\/fjala.info\\\/2009-2015\\\/cfare-me-shqeteson-tek-skandali-i-sms-ve-ne-studio\\\/#primaryimage\"},\"image\":{\"@id\":\"https:\\\/\\\/fjala.info\\\/2009-2015\\\/cfare-me-shqeteson-tek-skandali-i-sms-ve-ne-studio\\\/#primaryimage\"},\"thumbnailUrl\":\"http:\\\/\\\/www.fjala.info\\\/2012\\\/mero_baze.jpg\",\"datePublished\":\"2014-01-31T21:40:24+00:00\",\"breadcrumb\":{\"@id\":\"https:\\\/\\\/fjala.info\\\/2009-2015\\\/cfare-me-shqeteson-tek-skandali-i-sms-ve-ne-studio\\\/#breadcrumb\"},\"inLanguage\":\"sq-AL\",\"potentialAction\":[{\"@type\":\"ReadAction\",\"target\":[\"https:\\\/\\\/fjala.info\\\/2009-2015\\\/cfare-me-shqeteson-tek-skandali-i-sms-ve-ne-studio\\\/\"]}]},{\"@type\":\"ImageObject\",\"inLanguage\":\"sq-AL\",\"@id\":\"https:\\\/\\\/fjala.info\\\/2009-2015\\\/cfare-me-shqeteson-tek-skandali-i-sms-ve-ne-studio\\\/#primaryimage\",\"url\":\"http:\\\/\\\/www.fjala.info\\\/2012\\\/mero_baze.jpg\",\"contentUrl\":\"http:\\\/\\\/www.fjala.info\\\/2012\\\/mero_baze.jpg\"},{\"@type\":\"BreadcrumbList\",\"@id\":\"https:\\\/\\\/fjala.info\\\/2009-2015\\\/cfare-me-shqeteson-tek-skandali-i-sms-ve-ne-studio\\\/#breadcrumb\",\"itemListElement\":[{\"@type\":\"ListItem\",\"position\":1,\"name\":\"Home\",\"item\":\"https:\\\/\\\/fjala.info\\\/2009-2015\\\/\"},{\"@type\":\"ListItem\",\"position\":2,\"name\":\"\u00c7far\u00eb m\u00eb shqet\u00ebson tek skandali i \u201csms\u201d-ve n\u00eb studio\"}]},{\"@type\":\"WebSite\",\"@id\":\"https:\\\/\\\/fjala.info\\\/2009-2015\\\/#website\",\"url\":\"https:\\\/\\\/fjala.info\\\/2009-2015\\\/\",\"name\":\"FjALA e LIR\u00cb - Arkivi\",\"description\":\"Arkivi 2009-2015\",\"publisher\":{\"@id\":\"https:\\\/\\\/fjala.info\\\/2009-2015\\\/#organization\"},\"potentialAction\":[{\"@type\":\"SearchAction\",\"target\":{\"@type\":\"EntryPoint\",\"urlTemplate\":\"https:\\\/\\\/fjala.info\\\/2009-2015\\\/?s={search_term_string}\"},\"query-input\":{\"@type\":\"PropertyValueSpecification\",\"valueRequired\":true,\"valueName\":\"search_term_string\"}}],\"inLanguage\":\"sq-AL\"},{\"@type\":\"Organization\",\"@id\":\"https:\\\/\\\/fjala.info\\\/2009-2015\\\/#organization\",\"name\":\"FjALA e LIR\u00cb - Arkivi\",\"url\":\"https:\\\/\\\/fjala.info\\\/2009-2015\\\/\",\"logo\":{\"@type\":\"ImageObject\",\"inLanguage\":\"sq-AL\",\"@id\":\"https:\\\/\\\/fjala.info\\\/2009-2015\\\/#\\\/schema\\\/logo\\\/image\\\/\",\"url\":\"\",\"contentUrl\":\"\",\"caption\":\"FjALA e LIR\u00cb - Arkivi\"},\"image\":{\"@id\":\"https:\\\/\\\/fjala.info\\\/2009-2015\\\/#\\\/schema\\\/logo\\\/image\\\/\"}},{\"@type\":\"Person\",\"@id\":\"https:\\\/\\\/fjala.info\\\/2009-2015\\\/#\\\/schema\\\/person\\\/3aa1163ef05469c496fc94e77611ada2\",\"name\":\"admin\",\"image\":{\"@type\":\"ImageObject\",\"inLanguage\":\"sq-AL\",\"@id\":\"https:\\\/\\\/fjala.info\\\/2009-2015\\\/wp-content\\\/uploads\\\/2012\\\/02\\\/arben_cokaj-120x150.jpg\",\"url\":\"https:\\\/\\\/fjala.info\\\/2009-2015\\\/wp-content\\\/uploads\\\/2012\\\/02\\\/arben_cokaj-120x150.jpg\",\"contentUrl\":\"https:\\\/\\\/fjala.info\\\/2009-2015\\\/wp-content\\\/uploads\\\/2012\\\/02\\\/arben_cokaj-120x150.jpg\",\"caption\":\"admin\"},\"description\":\"Admin, Fjala e Lir\u00eb\",\"sameAs\":[\"https:\\\/\\\/fjala.info\\\/\"],\"url\":\"https:\\\/\\\/fjala.info\\\/2009-2015\\\/author\\\/admin\\\/\"}]}<\/script>\n<!-- \/ Yoast SEO plugin. -->","yoast_head_json":{"title":"\u00c7far\u00eb m\u00eb shqet\u00ebson tek skandali i \u201csms\u201d-ve n\u00eb studio - FjALA e LIR\u00cb - Arkivi","robots":{"index":"index","follow":"follow","max-snippet":"max-snippet:-1","max-image-preview":"max-image-preview:large","max-video-preview":"max-video-preview:-1"},"canonical":"https:\/\/fjala.info\/2009-2015\/cfare-me-shqeteson-tek-skandali-i-sms-ve-ne-studio\/","og_locale":"sq_AL","og_type":"article","og_title":"\u00c7far\u00eb m\u00eb shqet\u00ebson tek skandali i \u201csms\u201d-ve n\u00eb studio - FjALA e LIR\u00cb - Arkivi","og_description":"Nga Mero Baze Ka nj\u00eb v\u00ebmendje t\u00eb shtuar ndaj atij q\u00eb mund t\u00eb quhet skandal i komunikimit me sms nga studiot e TV n\u00eb sht\u00ebpit\u00eb e politikan\u00ebve, duke komanduar n\u00eb nj\u00eb far\u00eb m\u00ebnyre si kukulla televizive ata q\u00eb dalin n\u00eb em\u00ebr t\u00eb autoritetit publik. Ka shum\u00eb komente, shpesh fyese, pas publikimit t\u00eb sms-ve t\u00eb gjith\u00eb [&hellip;]","og_url":"https:\/\/fjala.info\/2009-2015\/cfare-me-shqeteson-tek-skandali-i-sms-ve-ne-studio\/","og_site_name":"FjALA e LIR\u00cb - Arkivi","article_published_time":"2014-01-31T21:40:24+00:00","og_image":[{"url":"http:\/\/www.fjala.info\/2012\/mero_baze.jpg","type":"","width":"","height":""}],"author":"admin","twitter_card":"summary_large_image","twitter_misc":{"Written by":"admin","Est. reading time":"4 minutes"},"schema":{"@context":"https:\/\/schema.org","@graph":[{"@type":"Article","@id":"https:\/\/fjala.info\/2009-2015\/cfare-me-shqeteson-tek-skandali-i-sms-ve-ne-studio\/#article","isPartOf":{"@id":"https:\/\/fjala.info\/2009-2015\/cfare-me-shqeteson-tek-skandali-i-sms-ve-ne-studio\/"},"author":{"name":"admin","@id":"https:\/\/fjala.info\/2009-2015\/#\/schema\/person\/3aa1163ef05469c496fc94e77611ada2"},"headline":"\u00c7far\u00eb m\u00eb shqet\u00ebson tek skandali i \u201csms\u201d-ve n\u00eb studio","datePublished":"2014-01-31T21:40:24+00:00","mainEntityOfPage":{"@id":"https:\/\/fjala.info\/2009-2015\/cfare-me-shqeteson-tek-skandali-i-sms-ve-ne-studio\/"},"wordCount":828,"commentCount":0,"publisher":{"@id":"https:\/\/fjala.info\/2009-2015\/#organization"},"image":{"@id":"https:\/\/fjala.info\/2009-2015\/cfare-me-shqeteson-tek-skandali-i-sms-ve-ne-studio\/#primaryimage"},"thumbnailUrl":"http:\/\/www.fjala.info\/2012\/mero_baze.jpg","articleSection":["Artikuj"],"inLanguage":"sq-AL","potentialAction":[{"@type":"CommentAction","name":"Comment","target":["https:\/\/fjala.info\/2009-2015\/cfare-me-shqeteson-tek-skandali-i-sms-ve-ne-studio\/#respond"]}]},{"@type":"WebPage","@id":"https:\/\/fjala.info\/2009-2015\/cfare-me-shqeteson-tek-skandali-i-sms-ve-ne-studio\/","url":"https:\/\/fjala.info\/2009-2015\/cfare-me-shqeteson-tek-skandali-i-sms-ve-ne-studio\/","name":"\u00c7far\u00eb m\u00eb shqet\u00ebson tek skandali i \u201csms\u201d-ve n\u00eb studio - FjALA e LIR\u00cb - Arkivi","isPartOf":{"@id":"https:\/\/fjala.info\/2009-2015\/#website"},"primaryImageOfPage":{"@id":"https:\/\/fjala.info\/2009-2015\/cfare-me-shqeteson-tek-skandali-i-sms-ve-ne-studio\/#primaryimage"},"image":{"@id":"https:\/\/fjala.info\/2009-2015\/cfare-me-shqeteson-tek-skandali-i-sms-ve-ne-studio\/#primaryimage"},"thumbnailUrl":"http:\/\/www.fjala.info\/2012\/mero_baze.jpg","datePublished":"2014-01-31T21:40:24+00:00","breadcrumb":{"@id":"https:\/\/fjala.info\/2009-2015\/cfare-me-shqeteson-tek-skandali-i-sms-ve-ne-studio\/#breadcrumb"},"inLanguage":"sq-AL","potentialAction":[{"@type":"ReadAction","target":["https:\/\/fjala.info\/2009-2015\/cfare-me-shqeteson-tek-skandali-i-sms-ve-ne-studio\/"]}]},{"@type":"ImageObject","inLanguage":"sq-AL","@id":"https:\/\/fjala.info\/2009-2015\/cfare-me-shqeteson-tek-skandali-i-sms-ve-ne-studio\/#primaryimage","url":"http:\/\/www.fjala.info\/2012\/mero_baze.jpg","contentUrl":"http:\/\/www.fjala.info\/2012\/mero_baze.jpg"},{"@type":"BreadcrumbList","@id":"https:\/\/fjala.info\/2009-2015\/cfare-me-shqeteson-tek-skandali-i-sms-ve-ne-studio\/#breadcrumb","itemListElement":[{"@type":"ListItem","position":1,"name":"Home","item":"https:\/\/fjala.info\/2009-2015\/"},{"@type":"ListItem","position":2,"name":"\u00c7far\u00eb m\u00eb shqet\u00ebson tek skandali i \u201csms\u201d-ve n\u00eb studio"}]},{"@type":"WebSite","@id":"https:\/\/fjala.info\/2009-2015\/#website","url":"https:\/\/fjala.info\/2009-2015\/","name":"FjALA e LIR\u00cb - Arkivi","description":"Arkivi 2009-2015","publisher":{"@id":"https:\/\/fjala.info\/2009-2015\/#organization"},"potentialAction":[{"@type":"SearchAction","target":{"@type":"EntryPoint","urlTemplate":"https:\/\/fjala.info\/2009-2015\/?s={search_term_string}"},"query-input":{"@type":"PropertyValueSpecification","valueRequired":true,"valueName":"search_term_string"}}],"inLanguage":"sq-AL"},{"@type":"Organization","@id":"https:\/\/fjala.info\/2009-2015\/#organization","name":"FjALA e LIR\u00cb - Arkivi","url":"https:\/\/fjala.info\/2009-2015\/","logo":{"@type":"ImageObject","inLanguage":"sq-AL","@id":"https:\/\/fjala.info\/2009-2015\/#\/schema\/logo\/image\/","url":"","contentUrl":"","caption":"FjALA e LIR\u00cb - Arkivi"},"image":{"@id":"https:\/\/fjala.info\/2009-2015\/#\/schema\/logo\/image\/"}},{"@type":"Person","@id":"https:\/\/fjala.info\/2009-2015\/#\/schema\/person\/3aa1163ef05469c496fc94e77611ada2","name":"admin","image":{"@type":"ImageObject","inLanguage":"sq-AL","@id":"https:\/\/fjala.info\/2009-2015\/wp-content\/uploads\/2012\/02\/arben_cokaj-120x150.jpg","url":"https:\/\/fjala.info\/2009-2015\/wp-content\/uploads\/2012\/02\/arben_cokaj-120x150.jpg","contentUrl":"https:\/\/fjala.info\/2009-2015\/wp-content\/uploads\/2012\/02\/arben_cokaj-120x150.jpg","caption":"admin"},"description":"Admin, Fjala e Lir\u00eb","sameAs":["https:\/\/fjala.info\/"],"url":"https:\/\/fjala.info\/2009-2015\/author\/admin\/"}]}},"_links":{"self":[{"href":"https:\/\/fjala.info\/2009-2015\/wp-json\/wp\/v2\/posts\/13362","targetHints":{"allow":["GET"]}}],"collection":[{"href":"https:\/\/fjala.info\/2009-2015\/wp-json\/wp\/v2\/posts"}],"about":[{"href":"https:\/\/fjala.info\/2009-2015\/wp-json\/wp\/v2\/types\/post"}],"author":[{"embeddable":true,"href":"https:\/\/fjala.info\/2009-2015\/wp-json\/wp\/v2\/users\/1"}],"replies":[{"embeddable":true,"href":"https:\/\/fjala.info\/2009-2015\/wp-json\/wp\/v2\/comments?post=13362"}],"version-history":[{"count":0,"href":"https:\/\/fjala.info\/2009-2015\/wp-json\/wp\/v2\/posts\/13362\/revisions"}],"wp:attachment":[{"href":"https:\/\/fjala.info\/2009-2015\/wp-json\/wp\/v2\/media?parent=13362"}],"wp:term":[{"taxonomy":"category","embeddable":true,"href":"https:\/\/fjala.info\/2009-2015\/wp-json\/wp\/v2\/categories?post=13362"},{"taxonomy":"post_tag","embeddable":true,"href":"https:\/\/fjala.info\/2009-2015\/wp-json\/wp\/v2\/tags?post=13362"}],"curies":[{"name":"wp","href":"https:\/\/api.w.org\/{rel}","templated":true}]}}