{"id":13361,"date":"2014-01-31T17:21:26","date_gmt":"2014-01-31T16:21:26","guid":{"rendered":"http:\/\/www.fjala.info\/?p=284"},"modified":"2014-01-31T17:21:26","modified_gmt":"2014-01-31T16:21:26","slug":"ne-jete-pas-vdekjes","status":"publish","type":"post","link":"https:\/\/fjala.info\/2009-2015\/ne-jete-pas-vdekjes\/","title":{"rendered":"N\u00eb Jet\u00eb \u201cpas\u201d vdekjes"},"content":{"rendered":"<p><img decoding=\"async\" class=\"alignright size-thumbnail wp-image-7236\" title=\"Gjin Musa\" alt=\"\" src=\"http:\/\/www.fjala.info\/2013\/gjin_musa.jpg\" width=\"150\" \/> Fal\u00ebnderim. \u00cbsht\u00eb shum\u00eb pak p\u00ebr nj\u00eb njeri si un\u00eb, q\u00eb isha pran\u00eb vdekjes. Megjithat\u00eb e ndjej p\u00ebr detyr\u00eb ta b\u00ebj nj\u00eb gj\u00eb t\u00eb till\u00eb, n\u00eb shenj\u00eb njerzill\u00ebku e qytetarie ndaj atyre njer\u00ebzve q\u00eb me pun\u00ebn, profesionalizmin dhe dedikimin e tyre m\u00eb rikthyen n\u00eb jet\u00eb.<\/p>\n<p>Jo shum\u00eb koh\u00eb m\u00eb pare, n\u00eb gazet\u00ebn ton\u00eb t\u00eb nderuar \u201cALBANIA PRESS\u201d kam b\u00ebr\u00eb nj\u00eb shkrim me titullin sinjifikativ \u201cAty ku Nan\u00eb Tereza jep jet\u00eb dhe shpres\u00eb\u201d. Ishte nj\u00eb reportazh nga \u201csht\u00ebpia e bamir\u00ebsis\u00eb\u201d, t\u00eb cil\u00ebn di\u00e7ka m\u00eb shum\u00eb se dy dekada m\u00eb par\u00eb e pat celebruar Nan\u00eb<br \/>\nTereza. M&#8217;u kujtua titulli i k\u00ebtij shkrimi kur k\u00ebto dit\u00eb pik\u00ebrisht un\u00eb p\u00ebrjetova nj\u00eb ngjarje t\u00eb<br \/>\npazakont\u00eb n\u00eb jet\u00ebn time. Ose m\u00eb mir\u00eb me th\u00ebn\u00eb ishte nj\u00eb prag-ndarjeje me t\u00eb. Kam p\u00ebrjetuar k\u00ebsisoj ngjarjen m\u00eb t\u00eb r\u00ebnd\u00eb n\u00eb jet\u00ebn time, aq sa m\u00eb pran\u00eb kisha vdekjen sesa jet\u00ebn.<\/p>\n<p><img decoding=\"async\" class=\"alignright size-thumbnail wp-image-7236\" title=\"Mjek\u00ebt shp\u00ebtojn\u00eb jet\u00eb\" alt=\"\" src=\"http:\/\/www.fjala.info\/2014\/mjeket_qe_trajtuan_gjm.jpg\" width=\"300\" \/><br \/>\nThem k\u00ebshtu sepse n\u00eb nj\u00eb prej k\u00ebtyre dit\u00ebve t\u00eb fundit t\u00eb janarit 2014 kalova edhe n\u00eb vdekje klinike. Por jeta qenka e gjat\u00eb. Ishte pik\u00ebrisht shpresa, q\u00eb predikonte dikur Nan\u00eb Tereza, q\u00eb m\u00eb ktheu n\u00eb jet\u00eb. N\u00eb Spitalin kardiologjik \u201cSan Filipo Neri\u201d t\u00eb Rom\u00ebs m\u00eb d\u00ebrguan me urgjenc\u00eb. Isha nj\u00eb i huaj n\u00eb nj\u00eb vend q\u00eb kisha emigruar prej shum\u00eb vitesh. Por edhe pse i till\u00eb i<br \/>\ngjith\u00eb personeli i spitalit u ngrit n\u00eb k\u00ebmb\u00eb p\u00ebr t\u00eb m\u00eb shp\u00ebtuar jet\u00ebn.<\/p>\n<p>Doktor\u00ebt <strong>Nicola Montefeschi<\/strong>, <strong>Carlo Pignalberi<\/strong>, <strong>Nadia Aspromonte<\/strong> si dhe personeli i sh\u00ebrbimit t\u00eb infermier\u00ebve me n\u00eb krye <strong>Augusto Bellerba<\/strong>, <strong>Gaia Moretti<\/strong>, <strong>Francesco Fisco <\/strong>dhe <strong>Libiana Paolucci<\/strong>. Ishte v\u00ebrtet\u00eb nj\u00eb luft\u00eb mes jet\u00ebs dhe vdekjes, midis nj\u00eb profesionalizmi t\u00eb p\u00ebrsosur dhe nj\u00eb humanizmi t\u00eb pashoq.<\/p>\n<p><img decoding=\"async\" class=\"alignright size-thumbnail wp-image-7236\" title=\"Mjek\u00ebt shp\u00ebtojn\u00eb jet\u00eb\" alt=\"\" src=\"http:\/\/www.fjala.info\/2014\/mjeket_qe_trajtuan_gjm1.jpg\" width=\"300\" \/><br \/>\nEdhe pse un\u00eb isha i huaj, pra emigrant n\u00eb k\u00ebt\u00eb vend, t\u00eb gjith\u00eb m\u00eb quani njeriun e tyre. Ishin minuta, or\u00eb, dit\u00eb t\u00eb mbartura me emocione e ankth t\u00eb papar\u00eb. Nuk kishte b\u00ebr\u00eb efektin e duhur as<br \/>\nnd\u00ebrhyrja e menj\u00ebhershme e zotit Augusto Berbella, i cili b\u00ebri nj\u00eb nd\u00ebrhyrje artificiale<br \/>\np\u00ebr t\u00eb m\u00eb kthyer n\u00eb jet\u00eb. Mjek\u00ebt i ofruan bashk\u00ebshortes sime nj\u00eb let\u00ebr p\u00ebr ta firmosur.<br \/>\nOperacioni n\u00eb zem\u00ebr ishte e vetmja m\u00ebnyr\u00eb shp\u00ebtimi.<\/p>\n<p>Ashtu u b\u00eb. N\u00eb mbik\u00ebqyrjen e vazhdueshme t\u00eb t\u00eb gjith\u00eb personelit u riktheva n\u00eb jet\u00eb. P\u00ebr t\u00eb normalizuar t\u00eb rrahurat e zemr\u00ebs, mjek\u00ebt m\u00eb vun\u00eb nj\u00eb mekaniz\u00ebm (<em>PaceMaker<\/em>), i cili b\u00ebn t\u00eb mundur funksionimin normal t\u00eb saj. Tani ndjehem mir\u00eb. Ndaj dhe n\u00eb shenj\u00eb respekti p\u00ebr at\u00eb ndihm\u00eb t\u00eb pa\u00e7muar t\u00eb k\u00ebtyre mjek\u00ebve po shkruaj k\u00ebto fjal\u00eb fal\u00ebnderimi, q\u00eb gjithsesi m\u00eb<br \/>\nduken pak sepse nuk e di sesa e justifikojn\u00eb interesimin e madh t\u00eb k\u00ebtij personeli.<\/p>\n<p><img decoding=\"async\" class=\"alignleft size-thumbnail wp-image-7236\" title=\"Mjek\u00ebt shp\u00ebtojn\u00eb jet\u00eb\" alt=\"\" src=\"http:\/\/www.fjala.info\/2014\/mjeket_qe_trajtuan_gjm2.jpg\" width=\"300\" \/><br \/>\nDit\u00ebt kalojn\u00eb dhe un\u00eb \u00e7do dit\u00eb e ndjej veten m\u00eb mir\u00eb fal\u00eb pun\u00ebs plot pasion e profesionaliz\u00ebm t\u00eb personelit t\u00eb k\u00ebtij spitali, fal\u00eb humanizmit t\u00eb tyre dhe p\u00ebrkushtimit njer\u00ebzor, q\u00eb si\u00e7 thash\u00eb edhe pse isha i huaj m\u00eb konsideruan si njeriun e tyre. Familja, t\u00eb af\u00ebrmit e mi, shok\u00ebt dhe miqt\u00eb q\u00eb m\u00eb vizituan n\u00eb k\u00ebto dit\u00eb v\u00ebshtira asnj\u00ebher\u00eb nuk u penguan, p\u00ebrkundrazi u prit\u00ebn<br \/>\ndhe u p\u00ebrcoll\u00ebn si njer\u00ebz t\u00eb njohur, si njer\u00ebz t\u00eb privilegjuar.<\/p>\n<p>Nga gazeta jon\u00eb e nderuar dua t\u2019i p\u00ebrcjell personelit italian t\u00eb k\u00ebtij spitali p\u00ebrsh\u00ebndetjet m\u00eb t\u00eb sinqerta dhe urimet m\u00eb t\u00eb mira. Fjal\u00ebt mbase jan\u00eb pak p\u00ebr t\u00eb p\u00ebrcjell\u00eb gjith\u00eb at\u00eb dashuri e respekt q\u00eb ata treguan ndaj meje por sigurisht q\u00eb jan\u00eb shprehje e asaj mir\u00ebsie q\u00eb<br \/>\nndjen njeriu p\u00ebr njeriun. Un\u00eb shkruaj k\u00ebto fjal\u00eb t\u00eb ngrohta ndaj atyre njer\u00ebzve, q\u00eb kthyen<br \/>\nn\u00eb jet\u00eb nj\u00eb emigrant, nj\u00eb bashk\u00ebshort, nj\u00eb baba, nj\u00eb bashk\u00ebqytetar tashm\u00eb prej m\u00eb shum\u00eb se 20 vjet\u00ebsh n\u00eb Itali, q\u00eb p\u00ebr v\u00ebshtir\u00ebsi ekonomike emigroi nga Shqip\u00ebria n\u00eb k\u00ebt\u00eb vend mik.<\/p>\n<p><strong>GJIN MUSA<\/strong>, <em>Gazetar<\/em><\/p>\n","protected":false},"excerpt":{"rendered":"<p>Fal\u00ebnderim. \u00cbsht\u00eb shum\u00eb pak p\u00ebr nj\u00eb njeri si un\u00eb, q\u00eb isha pran\u00eb vdekjes. Megjithat\u00eb e ndjej p\u00ebr detyr\u00eb ta b\u00ebj nj\u00eb gj\u00eb t\u00eb till\u00eb, n\u00eb shenj\u00eb njerzill\u00ebku e qytetarie ndaj atyre njer\u00ebzve q\u00eb me pun\u00ebn, profesionalizmin dhe dedikimin e tyre m\u00eb rikthyen n\u00eb jet\u00eb. Jo shum\u00eb koh\u00eb m\u00eb pare, n\u00eb gazet\u00ebn ton\u00eb t\u00eb nderuar \u201cALBANIA [&hellip;]<\/p>\n","protected":false},"author":1,"featured_media":0,"comment_status":"open","ping_status":"closed","sticky":false,"template":"","format":"standard","meta":{"footnotes":""},"categories":[2],"tags":[],"class_list":{"0":"post-13361","1":"post","2":"type-post","3":"status-publish","4":"format-standard","6":"category-artikuj"},"yoast_head":"<!-- This site is optimized with the Yoast SEO plugin v27.4 - https:\/\/yoast.com\/product\/yoast-seo-wordpress\/ -->\n<title>N\u00eb Jet\u00eb \u201cpas\u201d vdekjes - FjALA e LIR\u00cb - Arkivi<\/title>\n<meta name=\"robots\" content=\"index, follow, max-snippet:-1, max-image-preview:large, max-video-preview:-1\" \/>\n<link rel=\"canonical\" href=\"https:\/\/fjala.info\/2009-2015\/ne-jete-pas-vdekjes\/\" \/>\n<meta property=\"og:locale\" content=\"sq_AL\" \/>\n<meta property=\"og:type\" content=\"article\" \/>\n<meta property=\"og:title\" content=\"N\u00eb Jet\u00eb \u201cpas\u201d vdekjes - FjALA e LIR\u00cb - Arkivi\" \/>\n<meta property=\"og:description\" content=\"Fal\u00ebnderim. \u00cbsht\u00eb shum\u00eb pak p\u00ebr nj\u00eb njeri si un\u00eb, q\u00eb isha pran\u00eb vdekjes. Megjithat\u00eb e ndjej p\u00ebr detyr\u00eb ta b\u00ebj nj\u00eb gj\u00eb t\u00eb till\u00eb, n\u00eb shenj\u00eb njerzill\u00ebku e qytetarie ndaj atyre njer\u00ebzve q\u00eb me pun\u00ebn, profesionalizmin dhe dedikimin e tyre m\u00eb rikthyen n\u00eb jet\u00eb. Jo shum\u00eb koh\u00eb m\u00eb pare, n\u00eb gazet\u00ebn ton\u00eb t\u00eb nderuar \u201cALBANIA [&hellip;]\" \/>\n<meta property=\"og:url\" content=\"https:\/\/fjala.info\/2009-2015\/ne-jete-pas-vdekjes\/\" \/>\n<meta property=\"og:site_name\" content=\"FjALA e LIR\u00cb - Arkivi\" \/>\n<meta property=\"article:published_time\" content=\"2014-01-31T16:21:26+00:00\" \/>\n<meta property=\"og:image\" content=\"http:\/\/www.fjala.info\/2013\/gjin_musa.jpg\" \/>\n<meta name=\"author\" content=\"admin\" \/>\n<meta name=\"twitter:card\" content=\"summary_large_image\" \/>\n<meta name=\"twitter:label1\" content=\"Written by\" \/>\n\t<meta name=\"twitter:data1\" content=\"admin\" \/>\n\t<meta name=\"twitter:label2\" content=\"Est. reading time\" \/>\n\t<meta name=\"twitter:data2\" content=\"3 minutes\" \/>\n<script type=\"application\/ld+json\" class=\"yoast-schema-graph\">{\"@context\":\"https:\\\/\\\/schema.org\",\"@graph\":[{\"@type\":\"Article\",\"@id\":\"https:\\\/\\\/fjala.info\\\/2009-2015\\\/ne-jete-pas-vdekjes\\\/#article\",\"isPartOf\":{\"@id\":\"https:\\\/\\\/fjala.info\\\/2009-2015\\\/ne-jete-pas-vdekjes\\\/\"},\"author\":{\"name\":\"admin\",\"@id\":\"https:\\\/\\\/fjala.info\\\/2009-2015\\\/#\\\/schema\\\/person\\\/3aa1163ef05469c496fc94e77611ada2\"},\"headline\":\"N\u00eb Jet\u00eb \u201cpas\u201d vdekjes\",\"datePublished\":\"2014-01-31T16:21:26+00:00\",\"mainEntityOfPage\":{\"@id\":\"https:\\\/\\\/fjala.info\\\/2009-2015\\\/ne-jete-pas-vdekjes\\\/\"},\"wordCount\":693,\"commentCount\":0,\"publisher\":{\"@id\":\"https:\\\/\\\/fjala.info\\\/2009-2015\\\/#organization\"},\"image\":{\"@id\":\"https:\\\/\\\/fjala.info\\\/2009-2015\\\/ne-jete-pas-vdekjes\\\/#primaryimage\"},\"thumbnailUrl\":\"http:\\\/\\\/www.fjala.info\\\/2013\\\/gjin_musa.jpg\",\"articleSection\":[\"Artikuj\"],\"inLanguage\":\"sq-AL\",\"potentialAction\":[{\"@type\":\"CommentAction\",\"name\":\"Comment\",\"target\":[\"https:\\\/\\\/fjala.info\\\/2009-2015\\\/ne-jete-pas-vdekjes\\\/#respond\"]}]},{\"@type\":\"WebPage\",\"@id\":\"https:\\\/\\\/fjala.info\\\/2009-2015\\\/ne-jete-pas-vdekjes\\\/\",\"url\":\"https:\\\/\\\/fjala.info\\\/2009-2015\\\/ne-jete-pas-vdekjes\\\/\",\"name\":\"N\u00eb Jet\u00eb \u201cpas\u201d vdekjes - FjALA e LIR\u00cb - Arkivi\",\"isPartOf\":{\"@id\":\"https:\\\/\\\/fjala.info\\\/2009-2015\\\/#website\"},\"primaryImageOfPage\":{\"@id\":\"https:\\\/\\\/fjala.info\\\/2009-2015\\\/ne-jete-pas-vdekjes\\\/#primaryimage\"},\"image\":{\"@id\":\"https:\\\/\\\/fjala.info\\\/2009-2015\\\/ne-jete-pas-vdekjes\\\/#primaryimage\"},\"thumbnailUrl\":\"http:\\\/\\\/www.fjala.info\\\/2013\\\/gjin_musa.jpg\",\"datePublished\":\"2014-01-31T16:21:26+00:00\",\"breadcrumb\":{\"@id\":\"https:\\\/\\\/fjala.info\\\/2009-2015\\\/ne-jete-pas-vdekjes\\\/#breadcrumb\"},\"inLanguage\":\"sq-AL\",\"potentialAction\":[{\"@type\":\"ReadAction\",\"target\":[\"https:\\\/\\\/fjala.info\\\/2009-2015\\\/ne-jete-pas-vdekjes\\\/\"]}]},{\"@type\":\"ImageObject\",\"inLanguage\":\"sq-AL\",\"@id\":\"https:\\\/\\\/fjala.info\\\/2009-2015\\\/ne-jete-pas-vdekjes\\\/#primaryimage\",\"url\":\"http:\\\/\\\/www.fjala.info\\\/2013\\\/gjin_musa.jpg\",\"contentUrl\":\"http:\\\/\\\/www.fjala.info\\\/2013\\\/gjin_musa.jpg\"},{\"@type\":\"BreadcrumbList\",\"@id\":\"https:\\\/\\\/fjala.info\\\/2009-2015\\\/ne-jete-pas-vdekjes\\\/#breadcrumb\",\"itemListElement\":[{\"@type\":\"ListItem\",\"position\":1,\"name\":\"Home\",\"item\":\"https:\\\/\\\/fjala.info\\\/2009-2015\\\/\"},{\"@type\":\"ListItem\",\"position\":2,\"name\":\"N\u00eb Jet\u00eb \u201cpas\u201d vdekjes\"}]},{\"@type\":\"WebSite\",\"@id\":\"https:\\\/\\\/fjala.info\\\/2009-2015\\\/#website\",\"url\":\"https:\\\/\\\/fjala.info\\\/2009-2015\\\/\",\"name\":\"FjALA e LIR\u00cb - Arkivi\",\"description\":\"Arkivi 2009-2015\",\"publisher\":{\"@id\":\"https:\\\/\\\/fjala.info\\\/2009-2015\\\/#organization\"},\"potentialAction\":[{\"@type\":\"SearchAction\",\"target\":{\"@type\":\"EntryPoint\",\"urlTemplate\":\"https:\\\/\\\/fjala.info\\\/2009-2015\\\/?s={search_term_string}\"},\"query-input\":{\"@type\":\"PropertyValueSpecification\",\"valueRequired\":true,\"valueName\":\"search_term_string\"}}],\"inLanguage\":\"sq-AL\"},{\"@type\":\"Organization\",\"@id\":\"https:\\\/\\\/fjala.info\\\/2009-2015\\\/#organization\",\"name\":\"FjALA e LIR\u00cb - Arkivi\",\"url\":\"https:\\\/\\\/fjala.info\\\/2009-2015\\\/\",\"logo\":{\"@type\":\"ImageObject\",\"inLanguage\":\"sq-AL\",\"@id\":\"https:\\\/\\\/fjala.info\\\/2009-2015\\\/#\\\/schema\\\/logo\\\/image\\\/\",\"url\":\"\",\"contentUrl\":\"\",\"caption\":\"FjALA e LIR\u00cb - Arkivi\"},\"image\":{\"@id\":\"https:\\\/\\\/fjala.info\\\/2009-2015\\\/#\\\/schema\\\/logo\\\/image\\\/\"}},{\"@type\":\"Person\",\"@id\":\"https:\\\/\\\/fjala.info\\\/2009-2015\\\/#\\\/schema\\\/person\\\/3aa1163ef05469c496fc94e77611ada2\",\"name\":\"admin\",\"image\":{\"@type\":\"ImageObject\",\"inLanguage\":\"sq-AL\",\"@id\":\"https:\\\/\\\/fjala.info\\\/2009-2015\\\/wp-content\\\/uploads\\\/2012\\\/02\\\/arben_cokaj-120x150.jpg\",\"url\":\"https:\\\/\\\/fjala.info\\\/2009-2015\\\/wp-content\\\/uploads\\\/2012\\\/02\\\/arben_cokaj-120x150.jpg\",\"contentUrl\":\"https:\\\/\\\/fjala.info\\\/2009-2015\\\/wp-content\\\/uploads\\\/2012\\\/02\\\/arben_cokaj-120x150.jpg\",\"caption\":\"admin\"},\"description\":\"Admin, Fjala e Lir\u00eb\",\"sameAs\":[\"https:\\\/\\\/fjala.info\\\/\"],\"url\":\"https:\\\/\\\/fjala.info\\\/2009-2015\\\/author\\\/admin\\\/\"}]}<\/script>\n<!-- \/ Yoast SEO plugin. -->","yoast_head_json":{"title":"N\u00eb Jet\u00eb \u201cpas\u201d vdekjes - FjALA e LIR\u00cb - Arkivi","robots":{"index":"index","follow":"follow","max-snippet":"max-snippet:-1","max-image-preview":"max-image-preview:large","max-video-preview":"max-video-preview:-1"},"canonical":"https:\/\/fjala.info\/2009-2015\/ne-jete-pas-vdekjes\/","og_locale":"sq_AL","og_type":"article","og_title":"N\u00eb Jet\u00eb \u201cpas\u201d vdekjes - FjALA e LIR\u00cb - Arkivi","og_description":"Fal\u00ebnderim. \u00cbsht\u00eb shum\u00eb pak p\u00ebr nj\u00eb njeri si un\u00eb, q\u00eb isha pran\u00eb vdekjes. Megjithat\u00eb e ndjej p\u00ebr detyr\u00eb ta b\u00ebj nj\u00eb gj\u00eb t\u00eb till\u00eb, n\u00eb shenj\u00eb njerzill\u00ebku e qytetarie ndaj atyre njer\u00ebzve q\u00eb me pun\u00ebn, profesionalizmin dhe dedikimin e tyre m\u00eb rikthyen n\u00eb jet\u00eb. Jo shum\u00eb koh\u00eb m\u00eb pare, n\u00eb gazet\u00ebn ton\u00eb t\u00eb nderuar \u201cALBANIA [&hellip;]","og_url":"https:\/\/fjala.info\/2009-2015\/ne-jete-pas-vdekjes\/","og_site_name":"FjALA e LIR\u00cb - Arkivi","article_published_time":"2014-01-31T16:21:26+00:00","og_image":[{"url":"http:\/\/www.fjala.info\/2013\/gjin_musa.jpg","type":"","width":"","height":""}],"author":"admin","twitter_card":"summary_large_image","twitter_misc":{"Written by":"admin","Est. reading time":"3 minutes"},"schema":{"@context":"https:\/\/schema.org","@graph":[{"@type":"Article","@id":"https:\/\/fjala.info\/2009-2015\/ne-jete-pas-vdekjes\/#article","isPartOf":{"@id":"https:\/\/fjala.info\/2009-2015\/ne-jete-pas-vdekjes\/"},"author":{"name":"admin","@id":"https:\/\/fjala.info\/2009-2015\/#\/schema\/person\/3aa1163ef05469c496fc94e77611ada2"},"headline":"N\u00eb Jet\u00eb \u201cpas\u201d vdekjes","datePublished":"2014-01-31T16:21:26+00:00","mainEntityOfPage":{"@id":"https:\/\/fjala.info\/2009-2015\/ne-jete-pas-vdekjes\/"},"wordCount":693,"commentCount":0,"publisher":{"@id":"https:\/\/fjala.info\/2009-2015\/#organization"},"image":{"@id":"https:\/\/fjala.info\/2009-2015\/ne-jete-pas-vdekjes\/#primaryimage"},"thumbnailUrl":"http:\/\/www.fjala.info\/2013\/gjin_musa.jpg","articleSection":["Artikuj"],"inLanguage":"sq-AL","potentialAction":[{"@type":"CommentAction","name":"Comment","target":["https:\/\/fjala.info\/2009-2015\/ne-jete-pas-vdekjes\/#respond"]}]},{"@type":"WebPage","@id":"https:\/\/fjala.info\/2009-2015\/ne-jete-pas-vdekjes\/","url":"https:\/\/fjala.info\/2009-2015\/ne-jete-pas-vdekjes\/","name":"N\u00eb Jet\u00eb \u201cpas\u201d vdekjes - FjALA e LIR\u00cb - Arkivi","isPartOf":{"@id":"https:\/\/fjala.info\/2009-2015\/#website"},"primaryImageOfPage":{"@id":"https:\/\/fjala.info\/2009-2015\/ne-jete-pas-vdekjes\/#primaryimage"},"image":{"@id":"https:\/\/fjala.info\/2009-2015\/ne-jete-pas-vdekjes\/#primaryimage"},"thumbnailUrl":"http:\/\/www.fjala.info\/2013\/gjin_musa.jpg","datePublished":"2014-01-31T16:21:26+00:00","breadcrumb":{"@id":"https:\/\/fjala.info\/2009-2015\/ne-jete-pas-vdekjes\/#breadcrumb"},"inLanguage":"sq-AL","potentialAction":[{"@type":"ReadAction","target":["https:\/\/fjala.info\/2009-2015\/ne-jete-pas-vdekjes\/"]}]},{"@type":"ImageObject","inLanguage":"sq-AL","@id":"https:\/\/fjala.info\/2009-2015\/ne-jete-pas-vdekjes\/#primaryimage","url":"http:\/\/www.fjala.info\/2013\/gjin_musa.jpg","contentUrl":"http:\/\/www.fjala.info\/2013\/gjin_musa.jpg"},{"@type":"BreadcrumbList","@id":"https:\/\/fjala.info\/2009-2015\/ne-jete-pas-vdekjes\/#breadcrumb","itemListElement":[{"@type":"ListItem","position":1,"name":"Home","item":"https:\/\/fjala.info\/2009-2015\/"},{"@type":"ListItem","position":2,"name":"N\u00eb Jet\u00eb \u201cpas\u201d vdekjes"}]},{"@type":"WebSite","@id":"https:\/\/fjala.info\/2009-2015\/#website","url":"https:\/\/fjala.info\/2009-2015\/","name":"FjALA e LIR\u00cb - Arkivi","description":"Arkivi 2009-2015","publisher":{"@id":"https:\/\/fjala.info\/2009-2015\/#organization"},"potentialAction":[{"@type":"SearchAction","target":{"@type":"EntryPoint","urlTemplate":"https:\/\/fjala.info\/2009-2015\/?s={search_term_string}"},"query-input":{"@type":"PropertyValueSpecification","valueRequired":true,"valueName":"search_term_string"}}],"inLanguage":"sq-AL"},{"@type":"Organization","@id":"https:\/\/fjala.info\/2009-2015\/#organization","name":"FjALA e LIR\u00cb - Arkivi","url":"https:\/\/fjala.info\/2009-2015\/","logo":{"@type":"ImageObject","inLanguage":"sq-AL","@id":"https:\/\/fjala.info\/2009-2015\/#\/schema\/logo\/image\/","url":"","contentUrl":"","caption":"FjALA e LIR\u00cb - Arkivi"},"image":{"@id":"https:\/\/fjala.info\/2009-2015\/#\/schema\/logo\/image\/"}},{"@type":"Person","@id":"https:\/\/fjala.info\/2009-2015\/#\/schema\/person\/3aa1163ef05469c496fc94e77611ada2","name":"admin","image":{"@type":"ImageObject","inLanguage":"sq-AL","@id":"https:\/\/fjala.info\/2009-2015\/wp-content\/uploads\/2012\/02\/arben_cokaj-120x150.jpg","url":"https:\/\/fjala.info\/2009-2015\/wp-content\/uploads\/2012\/02\/arben_cokaj-120x150.jpg","contentUrl":"https:\/\/fjala.info\/2009-2015\/wp-content\/uploads\/2012\/02\/arben_cokaj-120x150.jpg","caption":"admin"},"description":"Admin, Fjala e Lir\u00eb","sameAs":["https:\/\/fjala.info\/"],"url":"https:\/\/fjala.info\/2009-2015\/author\/admin\/"}]}},"_links":{"self":[{"href":"https:\/\/fjala.info\/2009-2015\/wp-json\/wp\/v2\/posts\/13361","targetHints":{"allow":["GET"]}}],"collection":[{"href":"https:\/\/fjala.info\/2009-2015\/wp-json\/wp\/v2\/posts"}],"about":[{"href":"https:\/\/fjala.info\/2009-2015\/wp-json\/wp\/v2\/types\/post"}],"author":[{"embeddable":true,"href":"https:\/\/fjala.info\/2009-2015\/wp-json\/wp\/v2\/users\/1"}],"replies":[{"embeddable":true,"href":"https:\/\/fjala.info\/2009-2015\/wp-json\/wp\/v2\/comments?post=13361"}],"version-history":[{"count":0,"href":"https:\/\/fjala.info\/2009-2015\/wp-json\/wp\/v2\/posts\/13361\/revisions"}],"wp:attachment":[{"href":"https:\/\/fjala.info\/2009-2015\/wp-json\/wp\/v2\/media?parent=13361"}],"wp:term":[{"taxonomy":"category","embeddable":true,"href":"https:\/\/fjala.info\/2009-2015\/wp-json\/wp\/v2\/categories?post=13361"},{"taxonomy":"post_tag","embeddable":true,"href":"https:\/\/fjala.info\/2009-2015\/wp-json\/wp\/v2\/tags?post=13361"}],"curies":[{"name":"wp","href":"https:\/\/api.w.org\/{rel}","templated":true}]}}