{"id":13359,"date":"2014-01-30T21:32:57","date_gmt":"2014-01-30T20:32:57","guid":{"rendered":"http:\/\/www.fjala.info\/?p=279"},"modified":"2014-01-30T21:32:57","modified_gmt":"2014-01-30T20:32:57","slug":"pse-e-frymezon-berisha-krimin","status":"publish","type":"post","link":"https:\/\/fjala.info\/2009-2015\/pse-e-frymezon-berisha-krimin\/","title":{"rendered":"Pse e frym\u00ebzon Berisha krimin?"},"content":{"rendered":"<p><img decoding=\"async\" class=\"alignright size-thumbnail wp-image-7236\" title=\"Mero Baze\" alt=\"\" src=\"http:\/\/www.fjala.info\/2012\/mero_baze.jpg\" width=\"150\" \/> Nga <b>Mero Baze<\/b><\/p>\n<p>Disa jav\u00eb m\u00eb par\u00eb, Sali Berisha fliste ndryshe. Ai qeshte dhe b\u00ebnte ironi duke th\u00ebn\u00eb se Besnik Dervishin e frik\u00ebsoi Edi Rama duke i v\u00ebn\u00eb tritol n\u00eb Kryeministri. Pastaj qeshte dhe b\u00ebnte ironi me aktet e tjera terroriste, me vrasjet, me tritolin q\u00eb shp\u00ebrthente n\u00ebp\u00ebr makina dhe quante atentate vet\u00ebm ato q\u00eb u ndodhnin njer\u00ebzve t\u00eb tij. N\u00eb p\u00ebrkeq\u00ebsimin e duksh\u00ebm t\u00eb rendit, sidomos muajin e fundit kur vrasjet me tritol u b\u00ebn\u00eb lajme t\u00eb p\u00ebrditshme, n\u00eb fjalorin e Sali Berish\u00ebs ndjehej nj\u00eb relaksim dhe nj\u00eb doz\u00eb e shtuar ironie p\u00ebr p\u00ebrballjen e policis\u00eb me k\u00ebt\u00eb situat\u00eb.<\/p>\n<p>Pati nj\u00eb koment nga Fatos Lubonja, q\u00eb i k\u00ebrkonte prokuroris\u00eb t\u00eb nd\u00ebrhynte n\u00eb hetime dhe t\u00eb verifikonte n\u00ebse tritoli ishte v\u00ebn\u00eb vet\u00eb apo ishte akt terrorist, p\u00ebr t\u00eb mos lejuar spekulimin me terrorin, por si p\u00ebrgjigje mori nj\u00eb sulm t\u00eb eg\u00ebr t\u00eb Berish\u00ebs krejt t\u00eb pajustifikuar p\u00ebr at\u00eb q\u00eb e sulmonte.<\/p>\n<p>Kjo histori vazhdoi dhe n\u00eb enturazhin e Berish\u00ebs, dhe ironia me gjendjen e r\u00ebnd\u00eb t\u00eb rendit u b\u00eb nj\u00eb m\u00ebnyr\u00eb p\u00ebr t\u00eb b\u00ebr\u00eb opozit\u00eb. N\u00eb nj\u00eb situat\u00eb t\u00eb mbushur me lajme t\u00eb k\u00ebqija p\u00ebr rendin, n\u00eb t\u00eb v\u00ebrtet\u00eb opozita duhet t\u00eb jet\u00eb e ashp\u00ebr dhe ndoshta dhe nervoze, por opozita jon\u00eb ishte e relaksuar dhe ironike.<\/p>\n<p>Dje, kur polica b\u00ebri hapin e par\u00eb t\u00eb madh n\u00eb identifikimin e nj\u00eb grupi terrorist, q\u00eb kishte v\u00ebn\u00eb n\u00eb sh\u00ebnjest\u00ebr zyrtar\u00eb dhe biznesmen\u00eb, Sali Berisha humbi qet\u00ebsin\u00eb dhe filloi t\u00eb ul\u00ebras\u00eb n\u00eb parlament totalisht jasht\u00eb kontrollit. Kjo ka shtuar paranoj\u00ebn se krimi ka mes t\u00eb tjerash dhe nj\u00eb frym\u00ebzim politik, sidomos kur ndodh q\u00eb disa or\u00eb pas bilancit spektakolar t\u00eb policis\u00eb, hidhet s\u00ebrish n\u00eb er\u00eb makina e nj\u00eb biznesmeni italian, q\u00eb ka nj\u00eb konflikt biznesi me nj\u00eb tropojan.<\/p>\n<p><strong>Por sa mund t\u00eb q\u00ebndroj\u00eb n\u00eb k\u00ebmb\u00eb kjo paranoj\u00eb?<\/strong><\/p>\n<p>Sali Berisha nuk \u00ebsht\u00eb nj\u00eb tip efi\u00e7ent n\u00eb kontrollin e krimit. Ai nuk \u00ebsht\u00eb nj\u00eb njeri i aft\u00eb, si\u00e7 k\u00ebrkon t\u00eb shitet, q\u00eb t\u00eb ket\u00eb celulat e veta terroriste dhe atentator\u00ebt e tij, q\u00eb i komandon. Ai nuk \u00ebsht\u00eb as ndonj\u00eb strateg krimi apo takticien i akteve kriminale. Por Sali Berisha \u00ebsht\u00eb nj\u00eb p\u00ebrdorues i shk\u00eblqyer i krimit p\u00ebr t\u00eb b\u00ebr\u00eb politik\u00eb n\u00eb k\u00ebt\u00eb vend.<\/p>\n<p>Sali Berisha mund t\u00eb mos urdh\u00ebroj\u00eb kurr\u00eb nj\u00eb vrasje n\u00eb m\u00ebnyr\u00eb direkte, por gjithmon\u00eb u l\u00eb t\u00eb kuptojn\u00eb bashk\u00ebpun\u00ebtor\u00ebve t\u00eb tij t\u00eb bot\u00ebs s\u00eb krimit, se do shp\u00ebrblehen vet\u00ebm kur t\u00eb b\u00ebjn\u00eb pun\u00eb. Dhe ai p\u00ebrzgjedh mes pun\u00ebve t\u00eb tyre p\u00ebr t\u00eb shp\u00ebrblyer. N\u00ebse dikush q\u00ebllon nj\u00eb kund\u00ebrshtar t\u00eb Sali Berish\u00ebs, ai shp\u00ebrblehet duke mos u arrestuar kurr\u00eb. N\u00ebse dikush djeg apo hedh n\u00eb er\u00eb nj\u00eb makin\u00eb, ai b\u00ebhet favorit i familjes s\u00eb tij. N\u00ebse dikush vret dhe merr gjak p\u00ebr Sali Berish\u00ebn, ai b\u00ebhet bodigard apo biznesmen i familjes s\u00eb tij. N\u00ebse dikush vret nj\u00eb kund\u00ebrshtar t\u00eb Sali Berish\u00ebs, ai ka t\u00eb garantuar karrier\u00ebn dhe biznesin e tij. Kjo \u00ebsht\u00eb filozofia me t\u00eb cil\u00ebn Berisha ia ka dal\u00eb ta p\u00ebrdor\u00eb krimin p\u00ebr q\u00ebllimet e veta politike. Ai \u00ebsht\u00eb ndoshta politikani m\u00eb i aft\u00eb shqiptar n\u00eb k\u00ebt\u00eb drejtim, q\u00eb ka arritur t\u00eb p\u00ebrdor\u00eb jo vet\u00ebm krimet e t\u00eb vet\u00ebve, por dhe krimet e kund\u00ebrshtar\u00ebve, bile dhe vdekjet e Zotit, n\u00eb favor t\u00eb tij p\u00ebr politik\u00eb.<\/p>\n<p>N\u00eb rastin konkret, Sali Berisha ka muaj t\u00eb t\u00ebr\u00eb q\u00eb po p\u00ebrpiqet t\u2019i jap\u00eb sinjale t\u00eb forta bot\u00ebs s\u00eb krimit se ai \u00ebsht\u00eb nj\u00eb aleat i tyre. Ai punoi fort me nj\u00eb strategji politike t\u00eb thyente mitin e policis\u00eb dhe Ministris\u00eb s\u00eb Brendshme. Saimir Tahiri u b\u00eb njeriu m\u00eb i sulmuar i tij, ende pa filluar pun\u00eb, dhe retorika e vetme e tij q\u00eb nga shtatori \u00ebsht\u00eb ironia me pafuqin\u00eb e shtetit p\u00ebr t\u00eb vendosur rendin.<\/p>\n<p>Kjo m\u00ebnyr\u00eb t\u00eb sjelluri \u00ebsht\u00eb n\u00eb logjik\u00ebn e p\u00ebrdorimit t\u00eb krimit t\u00eb tij, n\u00eb shkoll\u00ebn e vet t\u00eb p\u00ebrfitimit prej thyerjes s\u00eb shtetit dhe triumfit t\u00eb krimit n\u00eb rrug\u00eb. Ai nuk la asgj\u00eb pa p\u00ebrs\u00ebritur q\u00eb nga tritoli n\u00eb shtylla q\u00eb na riktheu n\u00eb vitin 2000 e deri tek v\u00ebnia n\u00eb dispozicion e atyre polic\u00ebve q\u00eb i kan\u00eb mbetur brenda sistemit p\u00ebr t\u2019i p\u00ebrdorur si informator\u00eb t\u00eb krimit dhe vet\u00eb atij.<\/p>\n<p>Sot n\u00eb Kuvend ishte ndoshta dita e par\u00eb q\u00eb ai ndryshoi. Nuk b\u00ebri m\u00eb ironi, nuk u tall m\u00eb, nuk b\u00ebnte dot m\u00eb humor si i vendoset tritoli Dervishit apo Kollozit, por ul\u00ebrinte sikur i kishin arrestuar pjes\u00ebtar\u00eb t\u00eb familjes s\u00eb tij.<\/p>\n<p>Ai ka nj\u00eb problem real me mesazhet publike q\u00eb jep politika dhe sot dukej m\u00eb shum\u00eb se i \u00e7mendur nga fakti q\u00eb aleati i tij disamujor, krimi i rrug\u00ebs, kishte marr\u00eb nj\u00eb sinjal t\u00eb ashp\u00ebr nga shteti. Ai u p\u00ebrpoq t\u00eb minimizoj\u00eb at\u00eb q\u00eb ka ndodhur, t\u00eb minimizoj\u00eb reagimin e policis\u00eb dhe t\u00eb vazhdoj\u00eb t\u00eb inkurajoj\u00eb ata, q\u00eb ndoshta dhe nuk i njeh, por e di q\u00eb i duhen n\u00eb k\u00ebto momente. Reagimi i tij \u00ebsht\u00eb instiktiv, i natyrsh\u00ebm dhe logjik p\u00ebr shkoll\u00ebn e tij politike. Ai ka vet\u00ebm nj\u00eb m\u00ebnyr\u00eb t\u2019i afrohet shpres\u00ebs s\u00eb tij, vet\u00ebm duke shpresuar se ky vend do destabilizohet nga krimi.<\/p>\n<p>Ndaj dhe dukej si i \u00e7mendur n\u00eb parlament. Ndaj dhe nuk i b\u00ebnte goja t\u00eb k\u00ebrkonte s\u00eb paku ndjes\u00eb p\u00ebr shpifjet q\u00eb kish b\u00ebr\u00eb lidhur me autor\u00ebt e krimeve, tani q\u00eb ata u zbuluan. Atij nuk i duhen emra kriminel\u00ebsh, nuk i duhen gjyqe, nuk i duhen zbardhje vrasjesh, i duhet makth dhe terror nga krimi mbi shoq\u00ebrin\u00eb. \u00cbsht\u00eb i vetmi politikan i mbetur gjall\u00eb, q\u00eb ka besim se mes krimit dhe Atij, shqiptar\u00ebt do zgjedhin At\u00eb.<\/p>\n","protected":false},"excerpt":{"rendered":"<p>Nga Mero Baze Disa jav\u00eb m\u00eb par\u00eb, Sali Berisha fliste ndryshe. Ai qeshte dhe b\u00ebnte ironi duke th\u00ebn\u00eb se Besnik Dervishin e frik\u00ebsoi Edi Rama duke i v\u00ebn\u00eb tritol n\u00eb Kryeministri. Pastaj qeshte dhe b\u00ebnte ironi me aktet e tjera terroriste, me vrasjet, me tritolin q\u00eb shp\u00ebrthente n\u00ebp\u00ebr makina dhe quante atentate vet\u00ebm ato q\u00eb [&hellip;]<\/p>\n","protected":false},"author":1,"featured_media":0,"comment_status":"open","ping_status":"closed","sticky":false,"template":"","format":"standard","meta":{"footnotes":""},"categories":[2],"tags":[],"class_list":{"0":"post-13359","1":"post","2":"type-post","3":"status-publish","4":"format-standard","6":"category-artikuj"},"yoast_head":"<!-- This site is optimized with the Yoast SEO plugin v27.4 - https:\/\/yoast.com\/product\/yoast-seo-wordpress\/ -->\n<title>Pse e frym\u00ebzon Berisha krimin? - FjALA e LIR\u00cb - Arkivi<\/title>\n<meta name=\"robots\" content=\"index, follow, max-snippet:-1, max-image-preview:large, max-video-preview:-1\" \/>\n<link rel=\"canonical\" href=\"https:\/\/fjala.info\/2009-2015\/pse-e-frymezon-berisha-krimin\/\" \/>\n<meta property=\"og:locale\" content=\"sq_AL\" \/>\n<meta property=\"og:type\" content=\"article\" \/>\n<meta property=\"og:title\" content=\"Pse e frym\u00ebzon Berisha krimin? - FjALA e LIR\u00cb - Arkivi\" \/>\n<meta property=\"og:description\" content=\"Nga Mero Baze Disa jav\u00eb m\u00eb par\u00eb, Sali Berisha fliste ndryshe. Ai qeshte dhe b\u00ebnte ironi duke th\u00ebn\u00eb se Besnik Dervishin e frik\u00ebsoi Edi Rama duke i v\u00ebn\u00eb tritol n\u00eb Kryeministri. Pastaj qeshte dhe b\u00ebnte ironi me aktet e tjera terroriste, me vrasjet, me tritolin q\u00eb shp\u00ebrthente n\u00ebp\u00ebr makina dhe quante atentate vet\u00ebm ato q\u00eb [&hellip;]\" \/>\n<meta property=\"og:url\" content=\"https:\/\/fjala.info\/2009-2015\/pse-e-frymezon-berisha-krimin\/\" \/>\n<meta property=\"og:site_name\" content=\"FjALA e LIR\u00cb - Arkivi\" \/>\n<meta property=\"article:published_time\" content=\"2014-01-30T20:32:57+00:00\" \/>\n<meta property=\"og:image\" content=\"http:\/\/www.fjala.info\/2012\/mero_baze.jpg\" \/>\n<meta name=\"author\" content=\"admin\" \/>\n<meta name=\"twitter:card\" content=\"summary_large_image\" \/>\n<meta name=\"twitter:label1\" content=\"Written by\" \/>\n\t<meta name=\"twitter:data1\" content=\"admin\" \/>\n\t<meta name=\"twitter:label2\" content=\"Est. reading time\" \/>\n\t<meta name=\"twitter:data2\" content=\"5 minutes\" \/>\n<script type=\"application\/ld+json\" class=\"yoast-schema-graph\">{\"@context\":\"https:\\\/\\\/schema.org\",\"@graph\":[{\"@type\":\"Article\",\"@id\":\"https:\\\/\\\/fjala.info\\\/2009-2015\\\/pse-e-frymezon-berisha-krimin\\\/#article\",\"isPartOf\":{\"@id\":\"https:\\\/\\\/fjala.info\\\/2009-2015\\\/pse-e-frymezon-berisha-krimin\\\/\"},\"author\":{\"name\":\"admin\",\"@id\":\"https:\\\/\\\/fjala.info\\\/2009-2015\\\/#\\\/schema\\\/person\\\/3aa1163ef05469c496fc94e77611ada2\"},\"headline\":\"Pse e frym\u00ebzon Berisha krimin?\",\"datePublished\":\"2014-01-30T20:32:57+00:00\",\"mainEntityOfPage\":{\"@id\":\"https:\\\/\\\/fjala.info\\\/2009-2015\\\/pse-e-frymezon-berisha-krimin\\\/\"},\"wordCount\":1037,\"commentCount\":0,\"publisher\":{\"@id\":\"https:\\\/\\\/fjala.info\\\/2009-2015\\\/#organization\"},\"image\":{\"@id\":\"https:\\\/\\\/fjala.info\\\/2009-2015\\\/pse-e-frymezon-berisha-krimin\\\/#primaryimage\"},\"thumbnailUrl\":\"http:\\\/\\\/www.fjala.info\\\/2012\\\/mero_baze.jpg\",\"articleSection\":[\"Artikuj\"],\"inLanguage\":\"sq-AL\",\"potentialAction\":[{\"@type\":\"CommentAction\",\"name\":\"Comment\",\"target\":[\"https:\\\/\\\/fjala.info\\\/2009-2015\\\/pse-e-frymezon-berisha-krimin\\\/#respond\"]}]},{\"@type\":\"WebPage\",\"@id\":\"https:\\\/\\\/fjala.info\\\/2009-2015\\\/pse-e-frymezon-berisha-krimin\\\/\",\"url\":\"https:\\\/\\\/fjala.info\\\/2009-2015\\\/pse-e-frymezon-berisha-krimin\\\/\",\"name\":\"Pse e frym\u00ebzon Berisha krimin? - FjALA e LIR\u00cb - Arkivi\",\"isPartOf\":{\"@id\":\"https:\\\/\\\/fjala.info\\\/2009-2015\\\/#website\"},\"primaryImageOfPage\":{\"@id\":\"https:\\\/\\\/fjala.info\\\/2009-2015\\\/pse-e-frymezon-berisha-krimin\\\/#primaryimage\"},\"image\":{\"@id\":\"https:\\\/\\\/fjala.info\\\/2009-2015\\\/pse-e-frymezon-berisha-krimin\\\/#primaryimage\"},\"thumbnailUrl\":\"http:\\\/\\\/www.fjala.info\\\/2012\\\/mero_baze.jpg\",\"datePublished\":\"2014-01-30T20:32:57+00:00\",\"breadcrumb\":{\"@id\":\"https:\\\/\\\/fjala.info\\\/2009-2015\\\/pse-e-frymezon-berisha-krimin\\\/#breadcrumb\"},\"inLanguage\":\"sq-AL\",\"potentialAction\":[{\"@type\":\"ReadAction\",\"target\":[\"https:\\\/\\\/fjala.info\\\/2009-2015\\\/pse-e-frymezon-berisha-krimin\\\/\"]}]},{\"@type\":\"ImageObject\",\"inLanguage\":\"sq-AL\",\"@id\":\"https:\\\/\\\/fjala.info\\\/2009-2015\\\/pse-e-frymezon-berisha-krimin\\\/#primaryimage\",\"url\":\"http:\\\/\\\/www.fjala.info\\\/2012\\\/mero_baze.jpg\",\"contentUrl\":\"http:\\\/\\\/www.fjala.info\\\/2012\\\/mero_baze.jpg\"},{\"@type\":\"BreadcrumbList\",\"@id\":\"https:\\\/\\\/fjala.info\\\/2009-2015\\\/pse-e-frymezon-berisha-krimin\\\/#breadcrumb\",\"itemListElement\":[{\"@type\":\"ListItem\",\"position\":1,\"name\":\"Home\",\"item\":\"https:\\\/\\\/fjala.info\\\/2009-2015\\\/\"},{\"@type\":\"ListItem\",\"position\":2,\"name\":\"Pse e frym\u00ebzon Berisha krimin?\"}]},{\"@type\":\"WebSite\",\"@id\":\"https:\\\/\\\/fjala.info\\\/2009-2015\\\/#website\",\"url\":\"https:\\\/\\\/fjala.info\\\/2009-2015\\\/\",\"name\":\"FjALA e LIR\u00cb - Arkivi\",\"description\":\"Arkivi 2009-2015\",\"publisher\":{\"@id\":\"https:\\\/\\\/fjala.info\\\/2009-2015\\\/#organization\"},\"potentialAction\":[{\"@type\":\"SearchAction\",\"target\":{\"@type\":\"EntryPoint\",\"urlTemplate\":\"https:\\\/\\\/fjala.info\\\/2009-2015\\\/?s={search_term_string}\"},\"query-input\":{\"@type\":\"PropertyValueSpecification\",\"valueRequired\":true,\"valueName\":\"search_term_string\"}}],\"inLanguage\":\"sq-AL\"},{\"@type\":\"Organization\",\"@id\":\"https:\\\/\\\/fjala.info\\\/2009-2015\\\/#organization\",\"name\":\"FjALA e LIR\u00cb - Arkivi\",\"url\":\"https:\\\/\\\/fjala.info\\\/2009-2015\\\/\",\"logo\":{\"@type\":\"ImageObject\",\"inLanguage\":\"sq-AL\",\"@id\":\"https:\\\/\\\/fjala.info\\\/2009-2015\\\/#\\\/schema\\\/logo\\\/image\\\/\",\"url\":\"\",\"contentUrl\":\"\",\"caption\":\"FjALA e LIR\u00cb - Arkivi\"},\"image\":{\"@id\":\"https:\\\/\\\/fjala.info\\\/2009-2015\\\/#\\\/schema\\\/logo\\\/image\\\/\"}},{\"@type\":\"Person\",\"@id\":\"https:\\\/\\\/fjala.info\\\/2009-2015\\\/#\\\/schema\\\/person\\\/3aa1163ef05469c496fc94e77611ada2\",\"name\":\"admin\",\"image\":{\"@type\":\"ImageObject\",\"inLanguage\":\"sq-AL\",\"@id\":\"https:\\\/\\\/fjala.info\\\/2009-2015\\\/wp-content\\\/uploads\\\/2012\\\/02\\\/arben_cokaj-120x150.jpg\",\"url\":\"https:\\\/\\\/fjala.info\\\/2009-2015\\\/wp-content\\\/uploads\\\/2012\\\/02\\\/arben_cokaj-120x150.jpg\",\"contentUrl\":\"https:\\\/\\\/fjala.info\\\/2009-2015\\\/wp-content\\\/uploads\\\/2012\\\/02\\\/arben_cokaj-120x150.jpg\",\"caption\":\"admin\"},\"description\":\"Admin, Fjala e Lir\u00eb\",\"sameAs\":[\"https:\\\/\\\/fjala.info\\\/\"],\"url\":\"https:\\\/\\\/fjala.info\\\/2009-2015\\\/author\\\/admin\\\/\"}]}<\/script>\n<!-- \/ Yoast SEO plugin. -->","yoast_head_json":{"title":"Pse e frym\u00ebzon Berisha krimin? - FjALA e LIR\u00cb - Arkivi","robots":{"index":"index","follow":"follow","max-snippet":"max-snippet:-1","max-image-preview":"max-image-preview:large","max-video-preview":"max-video-preview:-1"},"canonical":"https:\/\/fjala.info\/2009-2015\/pse-e-frymezon-berisha-krimin\/","og_locale":"sq_AL","og_type":"article","og_title":"Pse e frym\u00ebzon Berisha krimin? - FjALA e LIR\u00cb - Arkivi","og_description":"Nga Mero Baze Disa jav\u00eb m\u00eb par\u00eb, Sali Berisha fliste ndryshe. Ai qeshte dhe b\u00ebnte ironi duke th\u00ebn\u00eb se Besnik Dervishin e frik\u00ebsoi Edi Rama duke i v\u00ebn\u00eb tritol n\u00eb Kryeministri. Pastaj qeshte dhe b\u00ebnte ironi me aktet e tjera terroriste, me vrasjet, me tritolin q\u00eb shp\u00ebrthente n\u00ebp\u00ebr makina dhe quante atentate vet\u00ebm ato q\u00eb [&hellip;]","og_url":"https:\/\/fjala.info\/2009-2015\/pse-e-frymezon-berisha-krimin\/","og_site_name":"FjALA e LIR\u00cb - Arkivi","article_published_time":"2014-01-30T20:32:57+00:00","og_image":[{"url":"http:\/\/www.fjala.info\/2012\/mero_baze.jpg","type":"","width":"","height":""}],"author":"admin","twitter_card":"summary_large_image","twitter_misc":{"Written by":"admin","Est. reading time":"5 minutes"},"schema":{"@context":"https:\/\/schema.org","@graph":[{"@type":"Article","@id":"https:\/\/fjala.info\/2009-2015\/pse-e-frymezon-berisha-krimin\/#article","isPartOf":{"@id":"https:\/\/fjala.info\/2009-2015\/pse-e-frymezon-berisha-krimin\/"},"author":{"name":"admin","@id":"https:\/\/fjala.info\/2009-2015\/#\/schema\/person\/3aa1163ef05469c496fc94e77611ada2"},"headline":"Pse e frym\u00ebzon Berisha krimin?","datePublished":"2014-01-30T20:32:57+00:00","mainEntityOfPage":{"@id":"https:\/\/fjala.info\/2009-2015\/pse-e-frymezon-berisha-krimin\/"},"wordCount":1037,"commentCount":0,"publisher":{"@id":"https:\/\/fjala.info\/2009-2015\/#organization"},"image":{"@id":"https:\/\/fjala.info\/2009-2015\/pse-e-frymezon-berisha-krimin\/#primaryimage"},"thumbnailUrl":"http:\/\/www.fjala.info\/2012\/mero_baze.jpg","articleSection":["Artikuj"],"inLanguage":"sq-AL","potentialAction":[{"@type":"CommentAction","name":"Comment","target":["https:\/\/fjala.info\/2009-2015\/pse-e-frymezon-berisha-krimin\/#respond"]}]},{"@type":"WebPage","@id":"https:\/\/fjala.info\/2009-2015\/pse-e-frymezon-berisha-krimin\/","url":"https:\/\/fjala.info\/2009-2015\/pse-e-frymezon-berisha-krimin\/","name":"Pse e frym\u00ebzon Berisha krimin? - FjALA e LIR\u00cb - Arkivi","isPartOf":{"@id":"https:\/\/fjala.info\/2009-2015\/#website"},"primaryImageOfPage":{"@id":"https:\/\/fjala.info\/2009-2015\/pse-e-frymezon-berisha-krimin\/#primaryimage"},"image":{"@id":"https:\/\/fjala.info\/2009-2015\/pse-e-frymezon-berisha-krimin\/#primaryimage"},"thumbnailUrl":"http:\/\/www.fjala.info\/2012\/mero_baze.jpg","datePublished":"2014-01-30T20:32:57+00:00","breadcrumb":{"@id":"https:\/\/fjala.info\/2009-2015\/pse-e-frymezon-berisha-krimin\/#breadcrumb"},"inLanguage":"sq-AL","potentialAction":[{"@type":"ReadAction","target":["https:\/\/fjala.info\/2009-2015\/pse-e-frymezon-berisha-krimin\/"]}]},{"@type":"ImageObject","inLanguage":"sq-AL","@id":"https:\/\/fjala.info\/2009-2015\/pse-e-frymezon-berisha-krimin\/#primaryimage","url":"http:\/\/www.fjala.info\/2012\/mero_baze.jpg","contentUrl":"http:\/\/www.fjala.info\/2012\/mero_baze.jpg"},{"@type":"BreadcrumbList","@id":"https:\/\/fjala.info\/2009-2015\/pse-e-frymezon-berisha-krimin\/#breadcrumb","itemListElement":[{"@type":"ListItem","position":1,"name":"Home","item":"https:\/\/fjala.info\/2009-2015\/"},{"@type":"ListItem","position":2,"name":"Pse e frym\u00ebzon Berisha krimin?"}]},{"@type":"WebSite","@id":"https:\/\/fjala.info\/2009-2015\/#website","url":"https:\/\/fjala.info\/2009-2015\/","name":"FjALA e LIR\u00cb - Arkivi","description":"Arkivi 2009-2015","publisher":{"@id":"https:\/\/fjala.info\/2009-2015\/#organization"},"potentialAction":[{"@type":"SearchAction","target":{"@type":"EntryPoint","urlTemplate":"https:\/\/fjala.info\/2009-2015\/?s={search_term_string}"},"query-input":{"@type":"PropertyValueSpecification","valueRequired":true,"valueName":"search_term_string"}}],"inLanguage":"sq-AL"},{"@type":"Organization","@id":"https:\/\/fjala.info\/2009-2015\/#organization","name":"FjALA e LIR\u00cb - Arkivi","url":"https:\/\/fjala.info\/2009-2015\/","logo":{"@type":"ImageObject","inLanguage":"sq-AL","@id":"https:\/\/fjala.info\/2009-2015\/#\/schema\/logo\/image\/","url":"","contentUrl":"","caption":"FjALA e LIR\u00cb - Arkivi"},"image":{"@id":"https:\/\/fjala.info\/2009-2015\/#\/schema\/logo\/image\/"}},{"@type":"Person","@id":"https:\/\/fjala.info\/2009-2015\/#\/schema\/person\/3aa1163ef05469c496fc94e77611ada2","name":"admin","image":{"@type":"ImageObject","inLanguage":"sq-AL","@id":"https:\/\/fjala.info\/2009-2015\/wp-content\/uploads\/2012\/02\/arben_cokaj-120x150.jpg","url":"https:\/\/fjala.info\/2009-2015\/wp-content\/uploads\/2012\/02\/arben_cokaj-120x150.jpg","contentUrl":"https:\/\/fjala.info\/2009-2015\/wp-content\/uploads\/2012\/02\/arben_cokaj-120x150.jpg","caption":"admin"},"description":"Admin, Fjala e Lir\u00eb","sameAs":["https:\/\/fjala.info\/"],"url":"https:\/\/fjala.info\/2009-2015\/author\/admin\/"}]}},"_links":{"self":[{"href":"https:\/\/fjala.info\/2009-2015\/wp-json\/wp\/v2\/posts\/13359","targetHints":{"allow":["GET"]}}],"collection":[{"href":"https:\/\/fjala.info\/2009-2015\/wp-json\/wp\/v2\/posts"}],"about":[{"href":"https:\/\/fjala.info\/2009-2015\/wp-json\/wp\/v2\/types\/post"}],"author":[{"embeddable":true,"href":"https:\/\/fjala.info\/2009-2015\/wp-json\/wp\/v2\/users\/1"}],"replies":[{"embeddable":true,"href":"https:\/\/fjala.info\/2009-2015\/wp-json\/wp\/v2\/comments?post=13359"}],"version-history":[{"count":0,"href":"https:\/\/fjala.info\/2009-2015\/wp-json\/wp\/v2\/posts\/13359\/revisions"}],"wp:attachment":[{"href":"https:\/\/fjala.info\/2009-2015\/wp-json\/wp\/v2\/media?parent=13359"}],"wp:term":[{"taxonomy":"category","embeddable":true,"href":"https:\/\/fjala.info\/2009-2015\/wp-json\/wp\/v2\/categories?post=13359"},{"taxonomy":"post_tag","embeddable":true,"href":"https:\/\/fjala.info\/2009-2015\/wp-json\/wp\/v2\/tags?post=13359"}],"curies":[{"name":"wp","href":"https:\/\/api.w.org\/{rel}","templated":true}]}}