{"id":13358,"date":"2014-01-30T15:38:58","date_gmt":"2014-01-30T14:38:58","guid":{"rendered":"http:\/\/www.fjala.info\/?p=276"},"modified":"2014-01-30T15:38:58","modified_gmt":"2014-01-30T14:38:58","slug":"sulmi-mbi-topin-dhe-inkuizicioni-ne-partine-e-berishes","status":"publish","type":"post","link":"https:\/\/fjala.info\/2009-2015\/sulmi-mbi-topin-dhe-inkuizicioni-ne-partine-e-berishes\/","title":{"rendered":"SULMI MBI TOPIN DHE INKUIZICIONI N\u00cb PARTIN\u00cb E BERISH\u00cbS"},"content":{"rendered":"<p><img decoding=\"async\" class=\"alignright size-thumbnail wp-image-7236\" title=\"Andrea Stefani\" alt=\"\" src=\"http:\/\/www.fjala.info\/2012\/andrea_stefani.jpg\" width=\"150\" \/> <strong>ANDREA STEFANI<\/strong>, <em>30 Janar 2014<\/em><\/p>\n<p>Andrea Stefani\u201cHistoria e Bamk\u00ebs, nga Specialist i Nd\u00ebrzimit te Spiun i Sigurimit\u201d ishte titulli i nj\u00eb artikulli t\u00eb publikuar me germa t\u00eb m\u00ebdha n\u00eb numrin e djesh\u00ebm t\u00eb gazet\u00ebs \u201cRD\u201d. Nga fotoja q\u00eb e bashk\u00ebshoq\u00ebronte, kuptohej se sulmi mbi armikun e partis\u00eb dhe udh\u00ebheq\u00ebsit t\u00eb lavdish\u00ebm Sali Berisha, drejtohej kund\u00ebr ish-presidentit t\u00eb Republik\u00ebs, Bamir Topi. Nuk qe fare nevoja t\u00eb lexoje artikullin p\u00ebr t\u00eb kuptuar se mekanizmi neokomunist i baltosjes dhe diskreditimit t\u00eb rivalit politik \u00ebsht\u00eb v\u00ebn\u00eb p\u00ebrs\u00ebri n\u00eb l\u00ebvizje. Gj\u00eb q\u00eb ndodh sa her\u00eb q\u00eb dikush nuk \u00ebsht\u00eb m\u00eb dakord me Sali Berish\u00ebn. Nj\u00eb mekaniz\u00ebm q\u00eb hesht, madje shnd\u00ebrrohet n\u00eb lavd\u00ebrues dhe glorifikues edhe t\u00eb ndonj\u00eb banditi apo krimineli, sapo ky shfaqet dakord me Sali Berish\u00ebn. Nj\u00eb mekaniz\u00ebm q\u00eb asgj\u00eb nuk e lidh me t\u00eb v\u00ebrtet\u00ebn, as me moralin apo interesin publik. Kriteri p\u00ebr baltosjen apo lavd\u00ebrimin e dikujt, \u00ebsht\u00eb n\u00ebse i sh\u00ebrben apo jo, rikthimit t\u00eb Berish\u00ebs apo klanit t\u00eb tij n\u00eb pushtet. Dhe kuptohet q\u00eb, Bamir Topi \u00ebsht\u00eb sot nj\u00eb penges\u00eb p\u00ebr revanshin q\u00eb gjakon ethsh\u00ebm Sali Berisha. Prandaj ka v\u00ebn\u00eb n\u00eb l\u00ebvizje inkuizitor\u00ebt e partis\u00eb kund\u00ebr tij.<\/p>\n<p style=\"text-align: center;\">***<\/p>\n<p>Nuk ka asnj\u00eb ekzagjerim n\u00eb k\u00ebto q\u00eb shkruajm\u00eb. \u00cbsht\u00eb sakt\u00eb inkuizicion! Ku i fundit \u00ebsht\u00eb nj\u00eb hetim me natyr\u00eb politike ose fetare i karakterizuar nga mungesa e kujdesit p\u00ebr t\u00eb drejtat e njeriut dhe q\u00eb zhvillohet nga inkuizitor\u00eb plot paragjykime p\u00ebr viktim\u00ebn. N\u00eb fakt ajo q\u00eb synohet t\u00eb arrihet \u00ebsht\u00eb pik\u00ebrisht krijimi i paragjykimit p\u00ebr viktim\u00ebn, duke ia bllokuar mas\u00ebs s\u00eb partis\u00eb \u00e7do mund\u00ebsi p\u00ebr t\u00eb arsyetuar. Prandaj nj\u00ebsoj si n\u00eb Mesjet\u00eb apo n\u00eb diktatura, personi i sulmuar synohet t\u00eb stigmatizohet si i keq. N\u00eb Mesjet\u00eb shpallej shtrig\u00eb a shtrigan, n\u00eb diktatur\u00ebn komuniste shpallej armik i popullit, nd\u00ebrsa sot, n\u00eb partin\u00eb e Berish\u00ebs, shpallet spiun i Sigurimit. Dhe kjo damk\u00eb mjafton p\u00ebr t\u00eb bllokuar aft\u00ebsin\u00eb p\u00ebr t\u00eb menduar t\u00eb mas\u00ebs s\u00eb partis\u00eb: Spiun i Sigurimit?! Aha, prandaj paska dal\u00eb kund\u00ebr udh\u00ebheq\u00ebsit, prandaj po bashk\u00ebpunon edhe me Edi Ram\u00ebn! Kaq do t\u00eb mjaftoj\u00eb, shpreson Berisha, q\u00eb elektorati i djatht\u00eb t\u2019i kthej\u00eb shpin\u00ebn Bamir Topit dhe partis\u00eb s\u00eb tij. Po kaq pak i ka mjaftuar edhe Enver Hoxh\u00ebs q\u00eb nj\u00eb dit\u00eb \u201ct\u00eb bukur\u201d, t\u00eb bindte shqiptar\u00ebt se ish-shok\u00ebt e luft\u00ebs p\u00ebr \u00e7lirimin e popullit (Beqir Balluku, Petrit Dume, Mehmet Shehu etj.), pask\u00ebshin qen\u00eb armiq t\u00eb popullit. Ka mjaftuar vet\u00ebm nj\u00eb pyetje, nj\u00eb stigmatizim: P\u00ebrse u takove me ambasadorin jugosllav? \u00c7\u2019deshe n\u00eb makin\u00ebn e ambasad\u00ebs sovjetike? Vazhdim\u00ebsia nga PPSH te PD \u00ebsht\u00eb evidente.<\/p>\n<p style=\"text-align: center;\">***<\/p>\n<p>Do t\u00eb p\u00ebrpiqen inkuizitor\u00ebt ta justifikojn\u00eb Berish\u00ebn, duke th\u00ebn\u00eb se vet\u00ebm tani s\u00eb fundi \u00ebsht\u00eb m\u00ebsuar se Bamiri paska qen\u00eb spiun. Por e gjith\u00eb odiseja e inkuizicionit mbi 20-vje\u00e7ar t\u00eb Berish\u00ebs provon t\u00eb kund\u00ebrt\u00ebn. Inkuizicioni kund\u00ebr Bamir Topit ka shum\u00eb t\u00eb ngjar\u00eb t\u00eb jet\u00eb nj\u00eb shpifje, nj\u00eb dezinformim i r\u00ebndomt\u00eb. Por mund t\u00eb jet\u00eb edhe nj\u00eb loj\u00eb, po aq e posht\u00ebr, me kinse dosje t\u00eb mbajtura fshehur nga Berisha p\u00ebr t\u00eb shantazhuar k\u00ebdo q\u00eb i del kund\u00ebr. Nj\u00eb loj\u00eb q\u00eb t\u00eb kujton praktik\u00ebn e \u201cnjollave n\u00eb biografi\u201d q\u00eb Berisha e njeh mir\u00eb, sepse e ka zbatuar edhe gjat\u00eb komunizmit, kur zhvillonte luft\u00ebn e klasave, ndaj rival\u00ebve t\u00eb vet n\u00eb profesion. Dihet se Berisha ka internuar nj\u00eb kolege duke e akuzuar p\u00ebr bashk\u00ebpunim me armikun e partis\u00eb. Nd\u00ebrkaq nuk mund t\u00eb mos pyesim: Si shpjegohet q\u00eb \u201cfaktet komprometuese\u201d, si ky p\u00ebr Bamir Topin, zbulohen publikisht vet\u00ebm n\u00eb momentet kur dikush nuk e ka m\u00eb mir\u00eb me Berish\u00ebn? Pse inkuizicioni nis vet\u00ebm kur dikush prish marr\u00ebdh\u00ebniet me Berish\u00ebn dhe jo m\u00eb par\u00eb? \u00cbsht\u00eb fakt, p\u00ebr shembull, q\u00eb Berisha ka vendosur n\u00eb krye t\u00eb gjyq\u00ebsorit edhe jurist\u00eb q\u00eb kan\u00eb d\u00ebnuar me vdekje njer\u00ebz n\u00eb koh\u00ebn e diktatur\u00ebs komuniste. Pse? Vet\u00ebm sepse i sh\u00ebrbenin. Fakt q\u00eb tregon se sulmi dhe inkuizicioni i sot\u00ebm mbi Bamir Topin, nuk ka t\u00eb b\u00ebj\u00eb fare me moralin, as me interesin publik. Por vet\u00ebm me epshin e pashuar t\u00eb Berish\u00ebs p\u00ebr pushtet, me hakmarrjen dhe revanshin q\u00eb ai po gatuan.<\/p>\n<p style=\"text-align: center;\">***<\/p>\n<p>Inkuizicioni n\u00eb PD \u00ebsht\u00eb si \u00e7do inkuizicion, antinjeri. Ai \u00ebsht\u00eb nj\u00eb sulm jo ndaj kund\u00ebrshtarit, por kund\u00ebr njeriut. Nuk sulmon idet\u00eb, nuk tenton t\u00eb hedh\u00eb posht\u00eb argumentet me argumente, nuk rreket t\u00eb triumfoj\u00eb ndershm\u00ebrisht me idet\u00eb dhe opsionet e veta politike. Jo, k\u00ebrkon t\u00eb d\u00ebrrmoj\u00eb njeriun. Prandaj i duhet mjegull dhe jo qart\u00ebsi, terr dhe jo drit\u00eb. Synon t\u00eb shmang\u00eb mendimin duke posht\u00ebruar e baltosur njeriun, duke bllokuar logjik\u00ebn me kinse \u201cfakte\u201d. Dhe dihet se faktet mund t\u2019i shtremb\u00ebrosh, nd\u00ebrsa logjik\u00ebn jo. Prandaj berishizmi k\u00ebrkon t\u00eb mobilizoj\u00eb pasione t\u00eb verbra dhe jo mendime t\u00eb qarta, k\u00ebrkon t\u00eb ndez\u00eb dhe jo t\u00eb kthjelloj\u00eb koka. Nj\u00eb list\u00eb e gjat\u00eb rastesh na provon se sa i padrejt\u00eb, sa i pa parim\u00ebsi, sa hipokrit dhe mashtrues \u00ebsht\u00eb ky inkuizicion, i mobilizuar s\u00eb fundi edhe kund\u00ebr Bamir Topit. E kan\u00eb provuar k\u00ebt\u00eb kamxhik, sa mesjetar aq neokomunist, figura t\u00eb hershme dhe t\u00eb vona t\u00eb PD-s\u00eb, themelues dhe pishtar\u00eb t\u00eb demokracis\u00eb. E ka provuar edhe Azem Hajdari q\u00eb \u00ebsht\u00eb etiketuar deri edhe terrorist nga gazeta RD, vet\u00ebm sepse n\u00eb nj\u00eb moment, nuk pati dakord\u00ebsi p\u00ebr nj\u00eb \u00e7\u00ebshtje me Sali Berish\u00ebn. E kan\u00eb provuar k\u00ebt\u00eb inkuizicion edhe Serreqi, Pashko, Imami, Shehi, Ceka, Ngjela, Selami, Zogaj dhe shum\u00eb e shum\u00eb figura t\u00eb njohura t\u00eb PD-s\u00eb q\u00eb nga themelimi i saj. Por hipokrizia nuk mbaron me kaq. Sepse n\u00eb momentin kur persona t\u00eb stigmatizuar deri edhe si mafioz\u00eb, kan\u00eb ndryshuar q\u00ebndrim ndaj Berish\u00ebs, duke e ndrequr muhabetin me t\u00eb, kan\u00eb pushuar s\u00eb qen\u00eb mafioz\u00eb! Rehabilitimi ka qen\u00eb prov\u00eb ose e mashtrimit, ose e munges\u00ebs s\u00eb parim\u00ebsis\u00eb s\u00eb Berish\u00ebs. Ai nuk ndahet e bashkohet p\u00ebr parime, por vet\u00ebm p\u00ebr interesa. Dhe interesat jo parimore q\u00ebndrojn\u00eb larg madje kund\u00ebr interesit publik.<\/p>\n<p style=\"text-align: center;\">***<\/p>\n<p>\u00c7far\u00eb tragjikomedie! Kriteri p\u00ebr t\u00eb p\u00ebrcaktuar n\u00ebse nj\u00eb njeri \u00ebsht\u00eb i mir\u00eb apo i keq, patriot apo jo patriot, demokrat apo antidemokrat, b\u00ebhet q\u00ebndrimi ndaj Berish\u00ebs. N\u00ebse je kund\u00ebr Berish\u00ebs mund t\u00eb jesh edhe mafioz a spiun. Stigmat\u00eb q\u00eb merr fund, si me magji, n\u00ebse b\u00ebhesh me Berish\u00ebn. Po e gjith\u00eb kjo hallakatje, kjo \u00e7oroditje apo orgji e g\u00ebnjeshtr\u00ebs, kjo \u00e7orb\u00eb stigmash dhe medaljesh, shfaqet banale si vet\u00eb g\u00ebnjeshtra. Dhe forca e saj q\u00ebndron te banaliteti i s\u00eb keqes, tek ai kooperim me liderin mashtrues i nj\u00eb shtres\u00eb ende jo e vog\u00ebl dhe t\u00eb paditur shqiptar\u00ebsh q\u00eb vazhdojn\u00eb, edhe pse n\u00eb gjendje t\u00eb mjeruar ekonomike, t\u00eb punojn\u00eb p\u00ebr pasurimin e Berish\u00ebs e K\u00b0. Kjo mas\u00eb q\u00eb nuk reflekton, por q\u00eb (p\u00ebr shkaqe t\u00eb ndryshme deri edhe banale dhe jetike nj\u00ebher\u00ebsh si buka e goj\u00ebs), bindet me besnik\u00ebri prej kafshe. Kjo mas\u00eb duartroket pa ditur \u00e7\u2019duartroket, q\u00eb b\u00ebn \u201curra\u201d p\u00ebr Topin kur Berisha ia ofron Shqip\u00ebris\u00eb p\u00ebr President, por e shan kur Berisha e shan, kjo \u00ebsht\u00eb problemi i v\u00ebrtet\u00eb i Shqip\u00ebris\u00eb. Si\u00e7 ishte dekada m\u00eb par\u00eb themel i diktatur\u00ebs n\u00eb \u201cunitet me Partin\u00eb\u201d kur duartrokiste Titon, Hrushovin apo Mao Ce Dunin se ashtu i thoshte Enveri dhe i mallkonte sapo i mallkonte Enveri.<\/p>\n<p style=\"text-align: center;\">***<\/p>\n<p>Por ne shpresojm\u00eb se nj\u00eb mas\u00eb gjithnj\u00eb e m\u00eb e gjer\u00eb e elektoratit t\u00eb djatht\u00eb e ka kap\u00ebrcyer faz\u00ebn e automatizmit dhe t\u00eb vepruarit pa reflektuar konform d\u00ebshirave t\u00eb liderit. Shpresojm\u00eb se \u00e7do demokrat i zgjuar nga letargjia e kultit t\u00eb Berish\u00ebs do t\u00eb nis\u00eb t\u00eb arsyetoj\u00eb: N\u00ebse ky Bamir Topi paska qen\u00eb kaq i keq, madje edhe spiun i Sigurimit fam\u00ebkeq, p\u00ebrse ka qen\u00eb p\u00ebr vite me radh\u00eb n\u00eb krah t\u00eb Berish\u00ebs si n\u00ebnkryetar i PD-s\u00eb, si kryetari i grupit t\u00eb saj parlamentar? N\u00ebse Bamir Topi qenka kaq i keq, si shpjegohet q\u00eb Sali Berisha ua serviri shqiptar\u00ebve si President Republike? N\u00ebse Bamir Topi paska qen\u00eb spiun i Sigurimit, a nuk \u00ebsht\u00eb i kalburi moralisht Sali Berisha q\u00eb kur i leverdis nuk e ka problem t\u00eb b\u00ebj\u00eb President t\u00eb shtetit edhe nj\u00eb spiun? A nuk do ishte ky nj\u00eb fakt tjet\u00ebr i p\u00ebrdhunimit nga Berisha t\u00eb interesit publik p\u00ebr hir t\u00eb pushtetit t\u00eb tij personal? Injoranca e njer\u00ebzve, jo dinak\u00ebria e klerik\u00ebve, ka qen\u00eb zemra e inkuizicionit. Prandaj vet\u00ebm ndri\u00e7imi i demokrat\u00ebve mund ta shp\u00ebtoj\u00eb PD-n\u00eb, por edhe Shqip\u00ebrin\u00eb e demokracin\u00eb, nga inkuizicioni berishist.<\/p>\n","protected":false},"excerpt":{"rendered":"<p>ANDREA STEFANI, 30 Janar 2014 Andrea Stefani\u201cHistoria e Bamk\u00ebs, nga Specialist i Nd\u00ebrzimit te Spiun i Sigurimit\u201d ishte titulli i nj\u00eb artikulli t\u00eb publikuar me germa t\u00eb m\u00ebdha n\u00eb numrin e djesh\u00ebm t\u00eb gazet\u00ebs \u201cRD\u201d. Nga fotoja q\u00eb e bashk\u00ebshoq\u00ebronte, kuptohej se sulmi mbi armikun e partis\u00eb dhe udh\u00ebheq\u00ebsit t\u00eb lavdish\u00ebm Sali Berisha, drejtohej kund\u00ebr [&hellip;]<\/p>\n","protected":false},"author":1,"featured_media":0,"comment_status":"open","ping_status":"closed","sticky":false,"template":"","format":"standard","meta":{"footnotes":""},"categories":[2],"tags":[],"class_list":{"0":"post-13358","1":"post","2":"type-post","3":"status-publish","4":"format-standard","6":"category-artikuj"},"yoast_head":"<!-- This site is optimized with the Yoast SEO plugin v27.4 - https:\/\/yoast.com\/product\/yoast-seo-wordpress\/ -->\n<title>SULMI MBI TOPIN DHE INKUIZICIONI N\u00cb PARTIN\u00cb E BERISH\u00cbS - FjALA e LIR\u00cb - Arkivi<\/title>\n<meta name=\"robots\" content=\"index, follow, max-snippet:-1, max-image-preview:large, max-video-preview:-1\" \/>\n<link rel=\"canonical\" href=\"https:\/\/fjala.info\/2009-2015\/sulmi-mbi-topin-dhe-inkuizicioni-ne-partine-e-berishes\/\" \/>\n<meta property=\"og:locale\" content=\"sq_AL\" \/>\n<meta property=\"og:type\" content=\"article\" \/>\n<meta property=\"og:title\" content=\"SULMI MBI TOPIN DHE INKUIZICIONI N\u00cb PARTIN\u00cb E BERISH\u00cbS - FjALA e LIR\u00cb - Arkivi\" \/>\n<meta property=\"og:description\" content=\"ANDREA STEFANI, 30 Janar 2014 Andrea Stefani\u201cHistoria e Bamk\u00ebs, nga Specialist i Nd\u00ebrzimit te Spiun i Sigurimit\u201d ishte titulli i nj\u00eb artikulli t\u00eb publikuar me germa t\u00eb m\u00ebdha n\u00eb numrin e djesh\u00ebm t\u00eb gazet\u00ebs \u201cRD\u201d. Nga fotoja q\u00eb e bashk\u00ebshoq\u00ebronte, kuptohej se sulmi mbi armikun e partis\u00eb dhe udh\u00ebheq\u00ebsit t\u00eb lavdish\u00ebm Sali Berisha, drejtohej kund\u00ebr [&hellip;]\" \/>\n<meta property=\"og:url\" content=\"https:\/\/fjala.info\/2009-2015\/sulmi-mbi-topin-dhe-inkuizicioni-ne-partine-e-berishes\/\" \/>\n<meta property=\"og:site_name\" content=\"FjALA e LIR\u00cb - Arkivi\" \/>\n<meta property=\"article:published_time\" content=\"2014-01-30T14:38:58+00:00\" \/>\n<meta property=\"og:image\" content=\"http:\/\/www.fjala.info\/2012\/andrea_stefani.jpg\" \/>\n<meta name=\"author\" content=\"admin\" \/>\n<meta name=\"twitter:card\" content=\"summary_large_image\" \/>\n<meta name=\"twitter:label1\" content=\"Written by\" \/>\n\t<meta name=\"twitter:data1\" content=\"admin\" \/>\n\t<meta name=\"twitter:label2\" content=\"Est. reading time\" \/>\n\t<meta name=\"twitter:data2\" content=\"8 minutes\" \/>\n<script type=\"application\/ld+json\" class=\"yoast-schema-graph\">{\"@context\":\"https:\\\/\\\/schema.org\",\"@graph\":[{\"@type\":\"Article\",\"@id\":\"https:\\\/\\\/fjala.info\\\/2009-2015\\\/sulmi-mbi-topin-dhe-inkuizicioni-ne-partine-e-berishes\\\/#article\",\"isPartOf\":{\"@id\":\"https:\\\/\\\/fjala.info\\\/2009-2015\\\/sulmi-mbi-topin-dhe-inkuizicioni-ne-partine-e-berishes\\\/\"},\"author\":{\"name\":\"admin\",\"@id\":\"https:\\\/\\\/fjala.info\\\/2009-2015\\\/#\\\/schema\\\/person\\\/3aa1163ef05469c496fc94e77611ada2\"},\"headline\":\"SULMI MBI TOPIN DHE INKUIZICIONI N\u00cb PARTIN\u00cb E BERISH\u00cbS\",\"datePublished\":\"2014-01-30T14:38:58+00:00\",\"mainEntityOfPage\":{\"@id\":\"https:\\\/\\\/fjala.info\\\/2009-2015\\\/sulmi-mbi-topin-dhe-inkuizicioni-ne-partine-e-berishes\\\/\"},\"wordCount\":1527,\"commentCount\":0,\"publisher\":{\"@id\":\"https:\\\/\\\/fjala.info\\\/2009-2015\\\/#organization\"},\"image\":{\"@id\":\"https:\\\/\\\/fjala.info\\\/2009-2015\\\/sulmi-mbi-topin-dhe-inkuizicioni-ne-partine-e-berishes\\\/#primaryimage\"},\"thumbnailUrl\":\"http:\\\/\\\/www.fjala.info\\\/2012\\\/andrea_stefani.jpg\",\"articleSection\":[\"Artikuj\"],\"inLanguage\":\"sq-AL\",\"potentialAction\":[{\"@type\":\"CommentAction\",\"name\":\"Comment\",\"target\":[\"https:\\\/\\\/fjala.info\\\/2009-2015\\\/sulmi-mbi-topin-dhe-inkuizicioni-ne-partine-e-berishes\\\/#respond\"]}]},{\"@type\":\"WebPage\",\"@id\":\"https:\\\/\\\/fjala.info\\\/2009-2015\\\/sulmi-mbi-topin-dhe-inkuizicioni-ne-partine-e-berishes\\\/\",\"url\":\"https:\\\/\\\/fjala.info\\\/2009-2015\\\/sulmi-mbi-topin-dhe-inkuizicioni-ne-partine-e-berishes\\\/\",\"name\":\"SULMI MBI TOPIN DHE INKUIZICIONI N\u00cb PARTIN\u00cb E BERISH\u00cbS - FjALA e LIR\u00cb - Arkivi\",\"isPartOf\":{\"@id\":\"https:\\\/\\\/fjala.info\\\/2009-2015\\\/#website\"},\"primaryImageOfPage\":{\"@id\":\"https:\\\/\\\/fjala.info\\\/2009-2015\\\/sulmi-mbi-topin-dhe-inkuizicioni-ne-partine-e-berishes\\\/#primaryimage\"},\"image\":{\"@id\":\"https:\\\/\\\/fjala.info\\\/2009-2015\\\/sulmi-mbi-topin-dhe-inkuizicioni-ne-partine-e-berishes\\\/#primaryimage\"},\"thumbnailUrl\":\"http:\\\/\\\/www.fjala.info\\\/2012\\\/andrea_stefani.jpg\",\"datePublished\":\"2014-01-30T14:38:58+00:00\",\"breadcrumb\":{\"@id\":\"https:\\\/\\\/fjala.info\\\/2009-2015\\\/sulmi-mbi-topin-dhe-inkuizicioni-ne-partine-e-berishes\\\/#breadcrumb\"},\"inLanguage\":\"sq-AL\",\"potentialAction\":[{\"@type\":\"ReadAction\",\"target\":[\"https:\\\/\\\/fjala.info\\\/2009-2015\\\/sulmi-mbi-topin-dhe-inkuizicioni-ne-partine-e-berishes\\\/\"]}]},{\"@type\":\"ImageObject\",\"inLanguage\":\"sq-AL\",\"@id\":\"https:\\\/\\\/fjala.info\\\/2009-2015\\\/sulmi-mbi-topin-dhe-inkuizicioni-ne-partine-e-berishes\\\/#primaryimage\",\"url\":\"http:\\\/\\\/www.fjala.info\\\/2012\\\/andrea_stefani.jpg\",\"contentUrl\":\"http:\\\/\\\/www.fjala.info\\\/2012\\\/andrea_stefani.jpg\"},{\"@type\":\"BreadcrumbList\",\"@id\":\"https:\\\/\\\/fjala.info\\\/2009-2015\\\/sulmi-mbi-topin-dhe-inkuizicioni-ne-partine-e-berishes\\\/#breadcrumb\",\"itemListElement\":[{\"@type\":\"ListItem\",\"position\":1,\"name\":\"Home\",\"item\":\"https:\\\/\\\/fjala.info\\\/2009-2015\\\/\"},{\"@type\":\"ListItem\",\"position\":2,\"name\":\"SULMI MBI TOPIN DHE INKUIZICIONI N\u00cb PARTIN\u00cb E BERISH\u00cbS\"}]},{\"@type\":\"WebSite\",\"@id\":\"https:\\\/\\\/fjala.info\\\/2009-2015\\\/#website\",\"url\":\"https:\\\/\\\/fjala.info\\\/2009-2015\\\/\",\"name\":\"FjALA e LIR\u00cb - Arkivi\",\"description\":\"Arkivi 2009-2015\",\"publisher\":{\"@id\":\"https:\\\/\\\/fjala.info\\\/2009-2015\\\/#organization\"},\"potentialAction\":[{\"@type\":\"SearchAction\",\"target\":{\"@type\":\"EntryPoint\",\"urlTemplate\":\"https:\\\/\\\/fjala.info\\\/2009-2015\\\/?s={search_term_string}\"},\"query-input\":{\"@type\":\"PropertyValueSpecification\",\"valueRequired\":true,\"valueName\":\"search_term_string\"}}],\"inLanguage\":\"sq-AL\"},{\"@type\":\"Organization\",\"@id\":\"https:\\\/\\\/fjala.info\\\/2009-2015\\\/#organization\",\"name\":\"FjALA e LIR\u00cb - Arkivi\",\"url\":\"https:\\\/\\\/fjala.info\\\/2009-2015\\\/\",\"logo\":{\"@type\":\"ImageObject\",\"inLanguage\":\"sq-AL\",\"@id\":\"https:\\\/\\\/fjala.info\\\/2009-2015\\\/#\\\/schema\\\/logo\\\/image\\\/\",\"url\":\"\",\"contentUrl\":\"\",\"caption\":\"FjALA e LIR\u00cb - Arkivi\"},\"image\":{\"@id\":\"https:\\\/\\\/fjala.info\\\/2009-2015\\\/#\\\/schema\\\/logo\\\/image\\\/\"}},{\"@type\":\"Person\",\"@id\":\"https:\\\/\\\/fjala.info\\\/2009-2015\\\/#\\\/schema\\\/person\\\/3aa1163ef05469c496fc94e77611ada2\",\"name\":\"admin\",\"image\":{\"@type\":\"ImageObject\",\"inLanguage\":\"sq-AL\",\"@id\":\"https:\\\/\\\/fjala.info\\\/2009-2015\\\/wp-content\\\/uploads\\\/2012\\\/02\\\/arben_cokaj-120x150.jpg\",\"url\":\"https:\\\/\\\/fjala.info\\\/2009-2015\\\/wp-content\\\/uploads\\\/2012\\\/02\\\/arben_cokaj-120x150.jpg\",\"contentUrl\":\"https:\\\/\\\/fjala.info\\\/2009-2015\\\/wp-content\\\/uploads\\\/2012\\\/02\\\/arben_cokaj-120x150.jpg\",\"caption\":\"admin\"},\"description\":\"Admin, Fjala e Lir\u00eb\",\"sameAs\":[\"https:\\\/\\\/fjala.info\\\/\"],\"url\":\"https:\\\/\\\/fjala.info\\\/2009-2015\\\/author\\\/admin\\\/\"}]}<\/script>\n<!-- \/ Yoast SEO plugin. -->","yoast_head_json":{"title":"SULMI MBI TOPIN DHE INKUIZICIONI N\u00cb PARTIN\u00cb E BERISH\u00cbS - FjALA e LIR\u00cb - Arkivi","robots":{"index":"index","follow":"follow","max-snippet":"max-snippet:-1","max-image-preview":"max-image-preview:large","max-video-preview":"max-video-preview:-1"},"canonical":"https:\/\/fjala.info\/2009-2015\/sulmi-mbi-topin-dhe-inkuizicioni-ne-partine-e-berishes\/","og_locale":"sq_AL","og_type":"article","og_title":"SULMI MBI TOPIN DHE INKUIZICIONI N\u00cb PARTIN\u00cb E BERISH\u00cbS - FjALA e LIR\u00cb - Arkivi","og_description":"ANDREA STEFANI, 30 Janar 2014 Andrea Stefani\u201cHistoria e Bamk\u00ebs, nga Specialist i Nd\u00ebrzimit te Spiun i Sigurimit\u201d ishte titulli i nj\u00eb artikulli t\u00eb publikuar me germa t\u00eb m\u00ebdha n\u00eb numrin e djesh\u00ebm t\u00eb gazet\u00ebs \u201cRD\u201d. Nga fotoja q\u00eb e bashk\u00ebshoq\u00ebronte, kuptohej se sulmi mbi armikun e partis\u00eb dhe udh\u00ebheq\u00ebsit t\u00eb lavdish\u00ebm Sali Berisha, drejtohej kund\u00ebr [&hellip;]","og_url":"https:\/\/fjala.info\/2009-2015\/sulmi-mbi-topin-dhe-inkuizicioni-ne-partine-e-berishes\/","og_site_name":"FjALA e LIR\u00cb - Arkivi","article_published_time":"2014-01-30T14:38:58+00:00","og_image":[{"url":"http:\/\/www.fjala.info\/2012\/andrea_stefani.jpg","type":"","width":"","height":""}],"author":"admin","twitter_card":"summary_large_image","twitter_misc":{"Written by":"admin","Est. reading time":"8 minutes"},"schema":{"@context":"https:\/\/schema.org","@graph":[{"@type":"Article","@id":"https:\/\/fjala.info\/2009-2015\/sulmi-mbi-topin-dhe-inkuizicioni-ne-partine-e-berishes\/#article","isPartOf":{"@id":"https:\/\/fjala.info\/2009-2015\/sulmi-mbi-topin-dhe-inkuizicioni-ne-partine-e-berishes\/"},"author":{"name":"admin","@id":"https:\/\/fjala.info\/2009-2015\/#\/schema\/person\/3aa1163ef05469c496fc94e77611ada2"},"headline":"SULMI MBI TOPIN DHE INKUIZICIONI N\u00cb PARTIN\u00cb E BERISH\u00cbS","datePublished":"2014-01-30T14:38:58+00:00","mainEntityOfPage":{"@id":"https:\/\/fjala.info\/2009-2015\/sulmi-mbi-topin-dhe-inkuizicioni-ne-partine-e-berishes\/"},"wordCount":1527,"commentCount":0,"publisher":{"@id":"https:\/\/fjala.info\/2009-2015\/#organization"},"image":{"@id":"https:\/\/fjala.info\/2009-2015\/sulmi-mbi-topin-dhe-inkuizicioni-ne-partine-e-berishes\/#primaryimage"},"thumbnailUrl":"http:\/\/www.fjala.info\/2012\/andrea_stefani.jpg","articleSection":["Artikuj"],"inLanguage":"sq-AL","potentialAction":[{"@type":"CommentAction","name":"Comment","target":["https:\/\/fjala.info\/2009-2015\/sulmi-mbi-topin-dhe-inkuizicioni-ne-partine-e-berishes\/#respond"]}]},{"@type":"WebPage","@id":"https:\/\/fjala.info\/2009-2015\/sulmi-mbi-topin-dhe-inkuizicioni-ne-partine-e-berishes\/","url":"https:\/\/fjala.info\/2009-2015\/sulmi-mbi-topin-dhe-inkuizicioni-ne-partine-e-berishes\/","name":"SULMI MBI TOPIN DHE INKUIZICIONI N\u00cb PARTIN\u00cb E BERISH\u00cbS - FjALA e LIR\u00cb - Arkivi","isPartOf":{"@id":"https:\/\/fjala.info\/2009-2015\/#website"},"primaryImageOfPage":{"@id":"https:\/\/fjala.info\/2009-2015\/sulmi-mbi-topin-dhe-inkuizicioni-ne-partine-e-berishes\/#primaryimage"},"image":{"@id":"https:\/\/fjala.info\/2009-2015\/sulmi-mbi-topin-dhe-inkuizicioni-ne-partine-e-berishes\/#primaryimage"},"thumbnailUrl":"http:\/\/www.fjala.info\/2012\/andrea_stefani.jpg","datePublished":"2014-01-30T14:38:58+00:00","breadcrumb":{"@id":"https:\/\/fjala.info\/2009-2015\/sulmi-mbi-topin-dhe-inkuizicioni-ne-partine-e-berishes\/#breadcrumb"},"inLanguage":"sq-AL","potentialAction":[{"@type":"ReadAction","target":["https:\/\/fjala.info\/2009-2015\/sulmi-mbi-topin-dhe-inkuizicioni-ne-partine-e-berishes\/"]}]},{"@type":"ImageObject","inLanguage":"sq-AL","@id":"https:\/\/fjala.info\/2009-2015\/sulmi-mbi-topin-dhe-inkuizicioni-ne-partine-e-berishes\/#primaryimage","url":"http:\/\/www.fjala.info\/2012\/andrea_stefani.jpg","contentUrl":"http:\/\/www.fjala.info\/2012\/andrea_stefani.jpg"},{"@type":"BreadcrumbList","@id":"https:\/\/fjala.info\/2009-2015\/sulmi-mbi-topin-dhe-inkuizicioni-ne-partine-e-berishes\/#breadcrumb","itemListElement":[{"@type":"ListItem","position":1,"name":"Home","item":"https:\/\/fjala.info\/2009-2015\/"},{"@type":"ListItem","position":2,"name":"SULMI MBI TOPIN DHE INKUIZICIONI N\u00cb PARTIN\u00cb E BERISH\u00cbS"}]},{"@type":"WebSite","@id":"https:\/\/fjala.info\/2009-2015\/#website","url":"https:\/\/fjala.info\/2009-2015\/","name":"FjALA e LIR\u00cb - Arkivi","description":"Arkivi 2009-2015","publisher":{"@id":"https:\/\/fjala.info\/2009-2015\/#organization"},"potentialAction":[{"@type":"SearchAction","target":{"@type":"EntryPoint","urlTemplate":"https:\/\/fjala.info\/2009-2015\/?s={search_term_string}"},"query-input":{"@type":"PropertyValueSpecification","valueRequired":true,"valueName":"search_term_string"}}],"inLanguage":"sq-AL"},{"@type":"Organization","@id":"https:\/\/fjala.info\/2009-2015\/#organization","name":"FjALA e LIR\u00cb - Arkivi","url":"https:\/\/fjala.info\/2009-2015\/","logo":{"@type":"ImageObject","inLanguage":"sq-AL","@id":"https:\/\/fjala.info\/2009-2015\/#\/schema\/logo\/image\/","url":"","contentUrl":"","caption":"FjALA e LIR\u00cb - Arkivi"},"image":{"@id":"https:\/\/fjala.info\/2009-2015\/#\/schema\/logo\/image\/"}},{"@type":"Person","@id":"https:\/\/fjala.info\/2009-2015\/#\/schema\/person\/3aa1163ef05469c496fc94e77611ada2","name":"admin","image":{"@type":"ImageObject","inLanguage":"sq-AL","@id":"https:\/\/fjala.info\/2009-2015\/wp-content\/uploads\/2012\/02\/arben_cokaj-120x150.jpg","url":"https:\/\/fjala.info\/2009-2015\/wp-content\/uploads\/2012\/02\/arben_cokaj-120x150.jpg","contentUrl":"https:\/\/fjala.info\/2009-2015\/wp-content\/uploads\/2012\/02\/arben_cokaj-120x150.jpg","caption":"admin"},"description":"Admin, Fjala e Lir\u00eb","sameAs":["https:\/\/fjala.info\/"],"url":"https:\/\/fjala.info\/2009-2015\/author\/admin\/"}]}},"_links":{"self":[{"href":"https:\/\/fjala.info\/2009-2015\/wp-json\/wp\/v2\/posts\/13358","targetHints":{"allow":["GET"]}}],"collection":[{"href":"https:\/\/fjala.info\/2009-2015\/wp-json\/wp\/v2\/posts"}],"about":[{"href":"https:\/\/fjala.info\/2009-2015\/wp-json\/wp\/v2\/types\/post"}],"author":[{"embeddable":true,"href":"https:\/\/fjala.info\/2009-2015\/wp-json\/wp\/v2\/users\/1"}],"replies":[{"embeddable":true,"href":"https:\/\/fjala.info\/2009-2015\/wp-json\/wp\/v2\/comments?post=13358"}],"version-history":[{"count":0,"href":"https:\/\/fjala.info\/2009-2015\/wp-json\/wp\/v2\/posts\/13358\/revisions"}],"wp:attachment":[{"href":"https:\/\/fjala.info\/2009-2015\/wp-json\/wp\/v2\/media?parent=13358"}],"wp:term":[{"taxonomy":"category","embeddable":true,"href":"https:\/\/fjala.info\/2009-2015\/wp-json\/wp\/v2\/categories?post=13358"},{"taxonomy":"post_tag","embeddable":true,"href":"https:\/\/fjala.info\/2009-2015\/wp-json\/wp\/v2\/tags?post=13358"}],"curies":[{"name":"wp","href":"https:\/\/api.w.org\/{rel}","templated":true}]}}