{"id":13357,"date":"2014-01-30T10:10:09","date_gmt":"2014-01-30T09:10:09","guid":{"rendered":"http:\/\/www.fjala.info\/?p=272"},"modified":"2014-01-30T10:10:09","modified_gmt":"2014-01-30T09:10:09","slug":"shtepia-e-poetit-at-gjergj-fishta-e-rrenuar-e-harruar","status":"publish","type":"post","link":"https:\/\/fjala.info\/2009-2015\/shtepia-e-poetit-at-gjergj-fishta-e-rrenuar-e-harruar\/","title":{"rendered":"Sht\u00ebpia e poetit At Gjergj Fishta, e rr\u00ebnuar, e harruar"},"content":{"rendered":"<p><img decoding=\"async\" class=\"alignleft size-thumbnail wp-image-7236\" title=\"At. Gjergj Fishta\" src=\"http:\/\/www.fjala.info\/2014\/gjergj_fishta.jpg\" width=\"200\" \/> <em>At. Gjergj Fishta<\/em><\/p>\n<p>Nuk \u00ebsht\u00eb hera e par\u00eb q\u00eb shkruhet p\u00ebr sht\u00ebpin\u00eb e rr\u00ebnuar t\u00eb f\u00ebmij\u00ebris\u00eb s\u00eb At Gjergj Fisht\u00ebs. Vlera dhe r\u00ebnd\u00ebsia e k\u00ebtyre sht\u00ebpive t\u00eb rind\u00ebrtuara \u00ebsht\u00eb gjithashtu nj\u00eb \u00ebshtje e diskutueshme. Mir\u00ebpo \u00ebsht\u00eb gjithashtu fakt se qysh n\u00eb vitin 2011, \u00ebsht\u00eb premtuar nga ministria e Kultur\u00ebs rind\u00ebrtimi i k\u00ebsaj sht\u00ebpie dhe nuk \u00ebsht\u00eb b\u00ebr\u00eb.<br \/>\n\u201cShqiptarja\u201d q\u00eb rikthen v\u00ebmendjen n\u00eb k\u00ebt\u00eb tem\u00eb ka qen\u00eb rregullisht kritike ndaj qeveris\u00eb Berisha dhe mbetet p\u00ebr t\u2019u par\u00eb n\u00ebse qeveria Rama do t\u00eb b\u00ebj\u00eb ndonj\u00eb gj\u00eb tani, por n\u00eb k\u00ebt\u00eb rast ka gjetur arsye p\u00ebr sulmin e saj ndaj ish-ministrit Bum\u00e7i<\/p>\n<p>Shkruan Admirina Pe\u00e7i:<br \/>\nKjo sht\u00ebpi \u00ebsht\u00eb tani n\u00eb prag rr\u00ebnimi t\u00eb plot\u00eb. Pa dyer e dritare, me fragmente muresh t\u00eb r\u00ebn\u00eb e t\u00eb plasaritur, me \u00e7ati t\u00eb shkat\u00ebrruar\u2026 N\u00eb fshatin e  vog\u00ebl Fisht\u00eb n\u00eb Zadrim\u00eb t\u00eb Lezh\u00ebs, na thon\u00eb se aty nuk mb\u00ebrrin dora e shtetit, e \u201cnjimend, asht fat qi kulla e Fisht\u00ebs rri ende n\u2019kamb\u00eb\u201d.<br \/>\nKulla dykat\u00ebshe ofron n\u00eb pamjen e saj ballore nj\u00eb imazh  t\u00eb mjeruesh\u00ebm. Nj\u00eb der\u00eb e kalbur ku duken ende gjurm\u00ebt e boj\u00ebs s\u00eb shp\u00ebrlar\u00eb, nj\u00eb e gjelb\u00ebr e vak\u00ebt e shuar, n\u00eb krah t\u00eb saj pllakati q\u00eb na njofton se pik\u00ebrisht kjo \u00ebsht\u00eb sht\u00ebpia ku lindi At Gjergj Fishta, poeti  q\u00eb shkroi t\u00eb famshmen \u201cLahut\u00eb t\u00eb malcis\u00eb\u201d.<\/p>\n<p><img decoding=\"async\" class=\"aligncenter size-thumbnail wp-image-7236\" title=\"Sht+epia e At. Gjergj Fishta\" alt=\"\" src=\"http:\/\/www.fjala.info\/2014\/shtepia_fishtes.jpg\" width=\"500\" \/><\/p>\n<p>Pak m\u00eb p\u00ebrtej n\u00eb dritaren me hekura \u00ebsht\u00eb tendosur nj\u00eb flamur kuq e zi dhe ai i dal\u00eb boje. Nd\u00ebrsa nj\u00eb e \u00e7ar\u00eb e frikshme e murit, q\u00eb ngjitet deri n\u00eb katin e dyt\u00eb t\u00eb kull\u00ebs jep alarmin sos. Mbase ky fragment muri rr\u00ebzohet brenda vitit. S\u2019do t\u00eb jet\u00eb asgj\u00eb m\u00eb shum\u00eb, ve\u00e7se nj\u00eb lajm i zakonsh\u00ebm n\u00eb rradh\u00ebn e gjat\u00eb t\u00eb lajmeve p\u00ebr shkat\u00ebrrime n\u00eb trash\u00ebgimin\u00eb ton\u00eb kulturore.<br \/>\nPas tij do t\u00eb bjer\u00eb nj\u00eb fragment tjet\u00ebr  muri, e mandej nj\u00eb tjet\u00ebr e nj\u00eb tjet\u00ebr\u2026Derisa asnj\u00eb gjurm\u00eb t\u00eb mos mbetet edhe nga kjo sht\u00ebpi ku lindi nj\u00eb prej mendjeve m\u00eb t\u00eb ndritura shqiptare. Si\u00e7 nuk ekziston m\u00eb asnj\u00eb gjurm\u00eb nga sht\u00ebpia e dikurshme e Luigj Gurakuqit, krejt\u00ebsisht e masakruar dhe tjet\u00ebrsuar, edhe pse shum\u00eb debate jan\u00eb zhvilluar rreth rr\u00ebnimit t\u00eb saj, e shum\u00eb projekte jan\u00eb hartuar p\u00ebr ta kthyer n\u00eb identitet.<br \/>\nSipas gazet\u00ebs \u201cShqiptarja\u201d drejtori i drejtoris\u00eb Rajonale t\u00eb Kultur\u00ebs Komb\u00ebtare n\u00eb Tiran\u00eb Arb\u00ebr Kadia, kishte njoftuar se projekti p\u00ebr restaurimin e k\u00ebsaj sht\u00ebpie \u00ebsht\u00eb gati dhe do t\u00eb kushtoj\u00eb mbi nj\u00ebzet e pes\u00eb mij\u00eb euro.<\/p>\n<p><center><iframe loading=\"lazy\" width=\"560\" height=\"315\" src=\"\/\/www.youtube.com\/embed\/J_tJqyKHJfw\" frameborder=\"0\" allowfullscreen><\/iframe><\/center><\/p>\n<p>\u201cDo t\u00eb jen\u00eb nd\u00ebrhyrje q\u00eb do t\u00eb konsolidojn\u00eb m\u00eb s\u00eb miri struktur\u00ebn e godin\u00ebs, por duhet th\u00ebn\u00eb se nuk jan\u00eb p\u00ebrfundimtare. P\u00ebr asnj\u00eb monument kulture nuk ka nd\u00ebrhyrje p\u00ebrfundimtare. Nj\u00ebher\u00eb restaurohet \u00e7atia, her\u00eb tjet\u00ebr parmak\u00ebt apo kasat e dyerve\u201d, ka th\u00ebn\u00eb Kadia para dy viteve.<br \/>\nNd\u00ebrsa, sipas gazetares, deklarat\u00ebn e par\u00eb publike p\u00ebr nd\u00ebrhyrje n\u00eb k\u00ebt\u00eb monument e dha ish-ministri i kultur\u00ebs Aldo Bum\u00e7i n\u00eb nj\u00eb ekspozit\u00eb n\u00eb Muzeun Komb\u00ebtar mbajtur me rastin e 140 vjetorit t\u00eb lindjes s\u00eb At Gjergj Fisht\u00ebs.<\/p>\n<p>N\u00eb at\u00eb deklarat\u00eb t\u00eb tetorit 2011 Bum\u00e7i tha se \u201csht\u00ebpia e At\u00eb Gjergj Fisht\u00ebs, n\u00eb fshatin Fisht\u00eb, n\u00eb Zadrim\u00eb t\u00eb Lezh\u00ebs, do t\u00eb rikonstruktohet dhe do t\u00eb shnd\u00ebrrohet n\u00eb nj\u00eb muze bashk\u00ebkohor n\u00eb lart\u00ebsin\u00eb e k\u00ebtij personaliteti t\u00eb kultur\u00ebs komb\u00ebtare\u201d.<br \/>\nAt\u00ebhere pse ende sot k\u00ebto pamje? A u ridrejtuan diku tjet\u00ebr k\u00ebto fonde? Ku shkuan dhe pse?<br \/>\nSigurisht Gjergj Fishta nuk ka nevoj\u00eb q\u00eb t\u2019ia rind\u00ebrtojn\u00eb sht\u00ebpin\u00eb e f\u00ebminis\u00eb q\u00eb t\u00eb mbetet i gjall\u00eb n\u00eb kujtes\u00eb. Edhe eshtrat ia humb\u00ebn q\u00eb t\u00eb shuhej nga historian \u00eb koh\u00ebn e komunizmit. Po jan\u00eb disa figura q\u00eb jan\u00eb aq p\u00ebrfaq\u00ebsuese t\u00eb nj\u00eb populli, kulture e tradite me t\u00eb cil\u00ebn nuk fiton dot kurr\u00eb. M\u00eb shum\u00eb se kush e kan\u00eb m\u00ebsuar k\u00ebt\u00eb t\u00eb majt\u00ebt, q\u00eb tani t\u00eb betohen n\u00eb em\u00ebr t\u00eb tij.<\/p>\n<p>Buxhetet e kultur\u00ebs shqiptare jan\u00eb t\u00eb kufizuara. Arka e shtetit shqiptar ka pasur historikisht shum\u00eb vrima. Nuk \u00ebsht\u00eb n\u00eb nderin e qeveris\u00eb Berisha q\u00eb nuk e mbajti k\u00ebt\u00eb premtim. \u00c7\u00ebshtja mbase do t\u00eb kishte m\u00eb pak r\u00ebnd\u00ebsi, sikur t\u00eb mos e kishin premtuar publikisht restaurimin.<br \/>\nPor v\u00ebmendja tani \u00ebsht\u00eb n\u00eb qeverin\u00eb Rama. Kan\u00eb kaluar m\u00eb shum\u00eb se 6 muaj q\u00eb kur Berisha humbi n\u00eb zgjedhje nd\u00ebrsa po fillon muaji i gjasht\u00eb i qeverisjes s\u00eb re. Dal\u00ebngadal\u00eb, bilanci i asaj se \u00e7far\u00eb nuk \u00ebsht\u00eb b\u00ebr\u00eb do t\u00eb z\u00ebvend\u00ebsohet me at\u00eb se \u00e7far\u00eb po b\u00ebhet. (r.a. Illyria)<\/p>\n<p>E transmetuar n\u00eb prill 2013:<br \/>\n<center><iframe loading=\"lazy\" width=\"420\" height=\"315\" src=\"\/\/www.youtube.com\/embed\/rX39BO_BPd4\" frameborder=\"0\" allowfullscreen><\/iframe><\/center><\/p>\n","protected":false},"excerpt":{"rendered":"<p>At. Gjergj Fishta Nuk \u00ebsht\u00eb hera e par\u00eb q\u00eb shkruhet p\u00ebr sht\u00ebpin\u00eb e rr\u00ebnuar t\u00eb f\u00ebmij\u00ebris\u00eb s\u00eb At Gjergj Fisht\u00ebs. Vlera dhe r\u00ebnd\u00ebsia e k\u00ebtyre sht\u00ebpive t\u00eb rind\u00ebrtuara \u00ebsht\u00eb gjithashtu nj\u00eb \u00ebshtje e diskutueshme. Mir\u00ebpo \u00ebsht\u00eb gjithashtu fakt se qysh n\u00eb vitin 2011, \u00ebsht\u00eb premtuar nga ministria e Kultur\u00ebs rind\u00ebrtimi i k\u00ebsaj sht\u00ebpie dhe nuk [&hellip;]<\/p>\n","protected":false},"author":1,"featured_media":0,"comment_status":"open","ping_status":"closed","sticky":false,"template":"","format":"standard","meta":{"footnotes":""},"categories":[2],"tags":[],"class_list":{"0":"post-13357","1":"post","2":"type-post","3":"status-publish","4":"format-standard","6":"category-artikuj"},"yoast_head":"<!-- This site is optimized with the Yoast SEO plugin v27.4 - https:\/\/yoast.com\/product\/yoast-seo-wordpress\/ -->\n<title>Sht\u00ebpia e poetit At Gjergj Fishta, e rr\u00ebnuar, e harruar - FjALA e LIR\u00cb - Arkivi<\/title>\n<meta name=\"robots\" content=\"index, follow, max-snippet:-1, max-image-preview:large, max-video-preview:-1\" \/>\n<link rel=\"canonical\" href=\"https:\/\/fjala.info\/2009-2015\/shtepia-e-poetit-at-gjergj-fishta-e-rrenuar-e-harruar\/\" \/>\n<meta property=\"og:locale\" content=\"sq_AL\" \/>\n<meta property=\"og:type\" content=\"article\" \/>\n<meta property=\"og:title\" content=\"Sht\u00ebpia e poetit At Gjergj Fishta, e rr\u00ebnuar, e harruar - FjALA e LIR\u00cb - Arkivi\" \/>\n<meta property=\"og:description\" content=\"At. Gjergj Fishta Nuk \u00ebsht\u00eb hera e par\u00eb q\u00eb shkruhet p\u00ebr sht\u00ebpin\u00eb e rr\u00ebnuar t\u00eb f\u00ebmij\u00ebris\u00eb s\u00eb At Gjergj Fisht\u00ebs. Vlera dhe r\u00ebnd\u00ebsia e k\u00ebtyre sht\u00ebpive t\u00eb rind\u00ebrtuara \u00ebsht\u00eb gjithashtu nj\u00eb \u00ebshtje e diskutueshme. Mir\u00ebpo \u00ebsht\u00eb gjithashtu fakt se qysh n\u00eb vitin 2011, \u00ebsht\u00eb premtuar nga ministria e Kultur\u00ebs rind\u00ebrtimi i k\u00ebsaj sht\u00ebpie dhe nuk [&hellip;]\" \/>\n<meta property=\"og:url\" content=\"https:\/\/fjala.info\/2009-2015\/shtepia-e-poetit-at-gjergj-fishta-e-rrenuar-e-harruar\/\" \/>\n<meta property=\"og:site_name\" content=\"FjALA e LIR\u00cb - Arkivi\" \/>\n<meta property=\"article:published_time\" content=\"2014-01-30T09:10:09+00:00\" \/>\n<meta property=\"og:image\" content=\"http:\/\/www.fjala.info\/2014\/gjergj_fishta.jpg\" \/>\n<meta name=\"author\" content=\"admin\" \/>\n<meta name=\"twitter:card\" content=\"summary_large_image\" \/>\n<meta name=\"twitter:label1\" content=\"Written by\" \/>\n\t<meta name=\"twitter:data1\" content=\"admin\" \/>\n\t<meta name=\"twitter:label2\" content=\"Est. reading time\" \/>\n\t<meta name=\"twitter:data2\" content=\"4 minutes\" \/>\n<script type=\"application\/ld+json\" class=\"yoast-schema-graph\">{\"@context\":\"https:\\\/\\\/schema.org\",\"@graph\":[{\"@type\":\"Article\",\"@id\":\"https:\\\/\\\/fjala.info\\\/2009-2015\\\/shtepia-e-poetit-at-gjergj-fishta-e-rrenuar-e-harruar\\\/#article\",\"isPartOf\":{\"@id\":\"https:\\\/\\\/fjala.info\\\/2009-2015\\\/shtepia-e-poetit-at-gjergj-fishta-e-rrenuar-e-harruar\\\/\"},\"author\":{\"name\":\"admin\",\"@id\":\"https:\\\/\\\/fjala.info\\\/2009-2015\\\/#\\\/schema\\\/person\\\/3aa1163ef05469c496fc94e77611ada2\"},\"headline\":\"Sht\u00ebpia e poetit At Gjergj Fishta, e rr\u00ebnuar, e harruar\",\"datePublished\":\"2014-01-30T09:10:09+00:00\",\"mainEntityOfPage\":{\"@id\":\"https:\\\/\\\/fjala.info\\\/2009-2015\\\/shtepia-e-poetit-at-gjergj-fishta-e-rrenuar-e-harruar\\\/\"},\"wordCount\":839,\"commentCount\":1,\"publisher\":{\"@id\":\"https:\\\/\\\/fjala.info\\\/2009-2015\\\/#organization\"},\"image\":{\"@id\":\"https:\\\/\\\/fjala.info\\\/2009-2015\\\/shtepia-e-poetit-at-gjergj-fishta-e-rrenuar-e-harruar\\\/#primaryimage\"},\"thumbnailUrl\":\"http:\\\/\\\/www.fjala.info\\\/2014\\\/gjergj_fishta.jpg\",\"articleSection\":[\"Artikuj\"],\"inLanguage\":\"sq-AL\",\"potentialAction\":[{\"@type\":\"CommentAction\",\"name\":\"Comment\",\"target\":[\"https:\\\/\\\/fjala.info\\\/2009-2015\\\/shtepia-e-poetit-at-gjergj-fishta-e-rrenuar-e-harruar\\\/#respond\"]}]},{\"@type\":\"WebPage\",\"@id\":\"https:\\\/\\\/fjala.info\\\/2009-2015\\\/shtepia-e-poetit-at-gjergj-fishta-e-rrenuar-e-harruar\\\/\",\"url\":\"https:\\\/\\\/fjala.info\\\/2009-2015\\\/shtepia-e-poetit-at-gjergj-fishta-e-rrenuar-e-harruar\\\/\",\"name\":\"Sht\u00ebpia e poetit At Gjergj Fishta, e rr\u00ebnuar, e harruar - FjALA e LIR\u00cb - Arkivi\",\"isPartOf\":{\"@id\":\"https:\\\/\\\/fjala.info\\\/2009-2015\\\/#website\"},\"primaryImageOfPage\":{\"@id\":\"https:\\\/\\\/fjala.info\\\/2009-2015\\\/shtepia-e-poetit-at-gjergj-fishta-e-rrenuar-e-harruar\\\/#primaryimage\"},\"image\":{\"@id\":\"https:\\\/\\\/fjala.info\\\/2009-2015\\\/shtepia-e-poetit-at-gjergj-fishta-e-rrenuar-e-harruar\\\/#primaryimage\"},\"thumbnailUrl\":\"http:\\\/\\\/www.fjala.info\\\/2014\\\/gjergj_fishta.jpg\",\"datePublished\":\"2014-01-30T09:10:09+00:00\",\"breadcrumb\":{\"@id\":\"https:\\\/\\\/fjala.info\\\/2009-2015\\\/shtepia-e-poetit-at-gjergj-fishta-e-rrenuar-e-harruar\\\/#breadcrumb\"},\"inLanguage\":\"sq-AL\",\"potentialAction\":[{\"@type\":\"ReadAction\",\"target\":[\"https:\\\/\\\/fjala.info\\\/2009-2015\\\/shtepia-e-poetit-at-gjergj-fishta-e-rrenuar-e-harruar\\\/\"]}]},{\"@type\":\"ImageObject\",\"inLanguage\":\"sq-AL\",\"@id\":\"https:\\\/\\\/fjala.info\\\/2009-2015\\\/shtepia-e-poetit-at-gjergj-fishta-e-rrenuar-e-harruar\\\/#primaryimage\",\"url\":\"http:\\\/\\\/www.fjala.info\\\/2014\\\/gjergj_fishta.jpg\",\"contentUrl\":\"http:\\\/\\\/www.fjala.info\\\/2014\\\/gjergj_fishta.jpg\"},{\"@type\":\"BreadcrumbList\",\"@id\":\"https:\\\/\\\/fjala.info\\\/2009-2015\\\/shtepia-e-poetit-at-gjergj-fishta-e-rrenuar-e-harruar\\\/#breadcrumb\",\"itemListElement\":[{\"@type\":\"ListItem\",\"position\":1,\"name\":\"Home\",\"item\":\"https:\\\/\\\/fjala.info\\\/2009-2015\\\/\"},{\"@type\":\"ListItem\",\"position\":2,\"name\":\"Sht\u00ebpia e poetit At Gjergj Fishta, e rr\u00ebnuar, e harruar\"}]},{\"@type\":\"WebSite\",\"@id\":\"https:\\\/\\\/fjala.info\\\/2009-2015\\\/#website\",\"url\":\"https:\\\/\\\/fjala.info\\\/2009-2015\\\/\",\"name\":\"FjALA e LIR\u00cb - Arkivi\",\"description\":\"Arkivi 2009-2015\",\"publisher\":{\"@id\":\"https:\\\/\\\/fjala.info\\\/2009-2015\\\/#organization\"},\"potentialAction\":[{\"@type\":\"SearchAction\",\"target\":{\"@type\":\"EntryPoint\",\"urlTemplate\":\"https:\\\/\\\/fjala.info\\\/2009-2015\\\/?s={search_term_string}\"},\"query-input\":{\"@type\":\"PropertyValueSpecification\",\"valueRequired\":true,\"valueName\":\"search_term_string\"}}],\"inLanguage\":\"sq-AL\"},{\"@type\":\"Organization\",\"@id\":\"https:\\\/\\\/fjala.info\\\/2009-2015\\\/#organization\",\"name\":\"FjALA e LIR\u00cb - Arkivi\",\"url\":\"https:\\\/\\\/fjala.info\\\/2009-2015\\\/\",\"logo\":{\"@type\":\"ImageObject\",\"inLanguage\":\"sq-AL\",\"@id\":\"https:\\\/\\\/fjala.info\\\/2009-2015\\\/#\\\/schema\\\/logo\\\/image\\\/\",\"url\":\"\",\"contentUrl\":\"\",\"caption\":\"FjALA e LIR\u00cb - Arkivi\"},\"image\":{\"@id\":\"https:\\\/\\\/fjala.info\\\/2009-2015\\\/#\\\/schema\\\/logo\\\/image\\\/\"}},{\"@type\":\"Person\",\"@id\":\"https:\\\/\\\/fjala.info\\\/2009-2015\\\/#\\\/schema\\\/person\\\/3aa1163ef05469c496fc94e77611ada2\",\"name\":\"admin\",\"image\":{\"@type\":\"ImageObject\",\"inLanguage\":\"sq-AL\",\"@id\":\"https:\\\/\\\/fjala.info\\\/2009-2015\\\/wp-content\\\/uploads\\\/2012\\\/02\\\/arben_cokaj-120x150.jpg\",\"url\":\"https:\\\/\\\/fjala.info\\\/2009-2015\\\/wp-content\\\/uploads\\\/2012\\\/02\\\/arben_cokaj-120x150.jpg\",\"contentUrl\":\"https:\\\/\\\/fjala.info\\\/2009-2015\\\/wp-content\\\/uploads\\\/2012\\\/02\\\/arben_cokaj-120x150.jpg\",\"caption\":\"admin\"},\"description\":\"Admin, Fjala e Lir\u00eb\",\"sameAs\":[\"https:\\\/\\\/fjala.info\\\/\"],\"url\":\"https:\\\/\\\/fjala.info\\\/2009-2015\\\/author\\\/admin\\\/\"}]}<\/script>\n<!-- \/ Yoast SEO plugin. -->","yoast_head_json":{"title":"Sht\u00ebpia e poetit At Gjergj Fishta, e rr\u00ebnuar, e harruar - FjALA e LIR\u00cb - Arkivi","robots":{"index":"index","follow":"follow","max-snippet":"max-snippet:-1","max-image-preview":"max-image-preview:large","max-video-preview":"max-video-preview:-1"},"canonical":"https:\/\/fjala.info\/2009-2015\/shtepia-e-poetit-at-gjergj-fishta-e-rrenuar-e-harruar\/","og_locale":"sq_AL","og_type":"article","og_title":"Sht\u00ebpia e poetit At Gjergj Fishta, e rr\u00ebnuar, e harruar - FjALA e LIR\u00cb - Arkivi","og_description":"At. Gjergj Fishta Nuk \u00ebsht\u00eb hera e par\u00eb q\u00eb shkruhet p\u00ebr sht\u00ebpin\u00eb e rr\u00ebnuar t\u00eb f\u00ebmij\u00ebris\u00eb s\u00eb At Gjergj Fisht\u00ebs. Vlera dhe r\u00ebnd\u00ebsia e k\u00ebtyre sht\u00ebpive t\u00eb rind\u00ebrtuara \u00ebsht\u00eb gjithashtu nj\u00eb \u00ebshtje e diskutueshme. Mir\u00ebpo \u00ebsht\u00eb gjithashtu fakt se qysh n\u00eb vitin 2011, \u00ebsht\u00eb premtuar nga ministria e Kultur\u00ebs rind\u00ebrtimi i k\u00ebsaj sht\u00ebpie dhe nuk [&hellip;]","og_url":"https:\/\/fjala.info\/2009-2015\/shtepia-e-poetit-at-gjergj-fishta-e-rrenuar-e-harruar\/","og_site_name":"FjALA e LIR\u00cb - Arkivi","article_published_time":"2014-01-30T09:10:09+00:00","og_image":[{"url":"http:\/\/www.fjala.info\/2014\/gjergj_fishta.jpg","type":"","width":"","height":""}],"author":"admin","twitter_card":"summary_large_image","twitter_misc":{"Written by":"admin","Est. reading time":"4 minutes"},"schema":{"@context":"https:\/\/schema.org","@graph":[{"@type":"Article","@id":"https:\/\/fjala.info\/2009-2015\/shtepia-e-poetit-at-gjergj-fishta-e-rrenuar-e-harruar\/#article","isPartOf":{"@id":"https:\/\/fjala.info\/2009-2015\/shtepia-e-poetit-at-gjergj-fishta-e-rrenuar-e-harruar\/"},"author":{"name":"admin","@id":"https:\/\/fjala.info\/2009-2015\/#\/schema\/person\/3aa1163ef05469c496fc94e77611ada2"},"headline":"Sht\u00ebpia e poetit At Gjergj Fishta, e rr\u00ebnuar, e harruar","datePublished":"2014-01-30T09:10:09+00:00","mainEntityOfPage":{"@id":"https:\/\/fjala.info\/2009-2015\/shtepia-e-poetit-at-gjergj-fishta-e-rrenuar-e-harruar\/"},"wordCount":839,"commentCount":1,"publisher":{"@id":"https:\/\/fjala.info\/2009-2015\/#organization"},"image":{"@id":"https:\/\/fjala.info\/2009-2015\/shtepia-e-poetit-at-gjergj-fishta-e-rrenuar-e-harruar\/#primaryimage"},"thumbnailUrl":"http:\/\/www.fjala.info\/2014\/gjergj_fishta.jpg","articleSection":["Artikuj"],"inLanguage":"sq-AL","potentialAction":[{"@type":"CommentAction","name":"Comment","target":["https:\/\/fjala.info\/2009-2015\/shtepia-e-poetit-at-gjergj-fishta-e-rrenuar-e-harruar\/#respond"]}]},{"@type":"WebPage","@id":"https:\/\/fjala.info\/2009-2015\/shtepia-e-poetit-at-gjergj-fishta-e-rrenuar-e-harruar\/","url":"https:\/\/fjala.info\/2009-2015\/shtepia-e-poetit-at-gjergj-fishta-e-rrenuar-e-harruar\/","name":"Sht\u00ebpia e poetit At Gjergj Fishta, e rr\u00ebnuar, e harruar - FjALA e LIR\u00cb - Arkivi","isPartOf":{"@id":"https:\/\/fjala.info\/2009-2015\/#website"},"primaryImageOfPage":{"@id":"https:\/\/fjala.info\/2009-2015\/shtepia-e-poetit-at-gjergj-fishta-e-rrenuar-e-harruar\/#primaryimage"},"image":{"@id":"https:\/\/fjala.info\/2009-2015\/shtepia-e-poetit-at-gjergj-fishta-e-rrenuar-e-harruar\/#primaryimage"},"thumbnailUrl":"http:\/\/www.fjala.info\/2014\/gjergj_fishta.jpg","datePublished":"2014-01-30T09:10:09+00:00","breadcrumb":{"@id":"https:\/\/fjala.info\/2009-2015\/shtepia-e-poetit-at-gjergj-fishta-e-rrenuar-e-harruar\/#breadcrumb"},"inLanguage":"sq-AL","potentialAction":[{"@type":"ReadAction","target":["https:\/\/fjala.info\/2009-2015\/shtepia-e-poetit-at-gjergj-fishta-e-rrenuar-e-harruar\/"]}]},{"@type":"ImageObject","inLanguage":"sq-AL","@id":"https:\/\/fjala.info\/2009-2015\/shtepia-e-poetit-at-gjergj-fishta-e-rrenuar-e-harruar\/#primaryimage","url":"http:\/\/www.fjala.info\/2014\/gjergj_fishta.jpg","contentUrl":"http:\/\/www.fjala.info\/2014\/gjergj_fishta.jpg"},{"@type":"BreadcrumbList","@id":"https:\/\/fjala.info\/2009-2015\/shtepia-e-poetit-at-gjergj-fishta-e-rrenuar-e-harruar\/#breadcrumb","itemListElement":[{"@type":"ListItem","position":1,"name":"Home","item":"https:\/\/fjala.info\/2009-2015\/"},{"@type":"ListItem","position":2,"name":"Sht\u00ebpia e poetit At Gjergj Fishta, e rr\u00ebnuar, e harruar"}]},{"@type":"WebSite","@id":"https:\/\/fjala.info\/2009-2015\/#website","url":"https:\/\/fjala.info\/2009-2015\/","name":"FjALA e LIR\u00cb - Arkivi","description":"Arkivi 2009-2015","publisher":{"@id":"https:\/\/fjala.info\/2009-2015\/#organization"},"potentialAction":[{"@type":"SearchAction","target":{"@type":"EntryPoint","urlTemplate":"https:\/\/fjala.info\/2009-2015\/?s={search_term_string}"},"query-input":{"@type":"PropertyValueSpecification","valueRequired":true,"valueName":"search_term_string"}}],"inLanguage":"sq-AL"},{"@type":"Organization","@id":"https:\/\/fjala.info\/2009-2015\/#organization","name":"FjALA e LIR\u00cb - Arkivi","url":"https:\/\/fjala.info\/2009-2015\/","logo":{"@type":"ImageObject","inLanguage":"sq-AL","@id":"https:\/\/fjala.info\/2009-2015\/#\/schema\/logo\/image\/","url":"","contentUrl":"","caption":"FjALA e LIR\u00cb - Arkivi"},"image":{"@id":"https:\/\/fjala.info\/2009-2015\/#\/schema\/logo\/image\/"}},{"@type":"Person","@id":"https:\/\/fjala.info\/2009-2015\/#\/schema\/person\/3aa1163ef05469c496fc94e77611ada2","name":"admin","image":{"@type":"ImageObject","inLanguage":"sq-AL","@id":"https:\/\/fjala.info\/2009-2015\/wp-content\/uploads\/2012\/02\/arben_cokaj-120x150.jpg","url":"https:\/\/fjala.info\/2009-2015\/wp-content\/uploads\/2012\/02\/arben_cokaj-120x150.jpg","contentUrl":"https:\/\/fjala.info\/2009-2015\/wp-content\/uploads\/2012\/02\/arben_cokaj-120x150.jpg","caption":"admin"},"description":"Admin, Fjala e Lir\u00eb","sameAs":["https:\/\/fjala.info\/"],"url":"https:\/\/fjala.info\/2009-2015\/author\/admin\/"}]}},"_links":{"self":[{"href":"https:\/\/fjala.info\/2009-2015\/wp-json\/wp\/v2\/posts\/13357","targetHints":{"allow":["GET"]}}],"collection":[{"href":"https:\/\/fjala.info\/2009-2015\/wp-json\/wp\/v2\/posts"}],"about":[{"href":"https:\/\/fjala.info\/2009-2015\/wp-json\/wp\/v2\/types\/post"}],"author":[{"embeddable":true,"href":"https:\/\/fjala.info\/2009-2015\/wp-json\/wp\/v2\/users\/1"}],"replies":[{"embeddable":true,"href":"https:\/\/fjala.info\/2009-2015\/wp-json\/wp\/v2\/comments?post=13357"}],"version-history":[{"count":0,"href":"https:\/\/fjala.info\/2009-2015\/wp-json\/wp\/v2\/posts\/13357\/revisions"}],"wp:attachment":[{"href":"https:\/\/fjala.info\/2009-2015\/wp-json\/wp\/v2\/media?parent=13357"}],"wp:term":[{"taxonomy":"category","embeddable":true,"href":"https:\/\/fjala.info\/2009-2015\/wp-json\/wp\/v2\/categories?post=13357"},{"taxonomy":"post_tag","embeddable":true,"href":"https:\/\/fjala.info\/2009-2015\/wp-json\/wp\/v2\/tags?post=13357"}],"curies":[{"name":"wp","href":"https:\/\/api.w.org\/{rel}","templated":true}]}}