{"id":13344,"date":"2014-01-24T08:13:58","date_gmt":"2014-01-24T07:13:58","guid":{"rendered":"http:\/\/www.fjala.info\/?p=211"},"modified":"2014-01-24T08:13:58","modified_gmt":"2014-01-24T07:13:58","slug":"do-rregulluar-dhe-njekohesisht-do-zbatuar-drejtesia","status":"publish","type":"post","link":"https:\/\/fjala.info\/2009-2015\/do-rregulluar-dhe-njekohesisht-do-zbatuar-drejtesia\/","title":{"rendered":"Do rregulluar dhe nj\u00ebkoh\u00ebsisht do zbatuar drejt\u00ebsia"},"content":{"rendered":"<p><img decoding=\"async\" class=\"alignright size-thumbnail wp-image-7236\" title=\"Bashkim Kopliku\" alt=\"\" src=\"http:\/\/www.fjala.info\/2012\/bashkim_kopliku.jpg\" width=\"150\" \/> &#8211; Koment p\u00ebr shkrimin &#8220;D\u00ebgjohet britma: Berisha n\u00eb pranga! Por &#8230;&#8221;, t\u00eb Mustafa Nano, tek Dita, 19.01.2014<\/p>\n<p>[Respublica.al, 20.01.2014]<\/p>\n<p>Natyrisht q\u00eb drejt\u00ebsia d\u00ebnon n\u00eb nj\u00eb vend demokratik, e jo ekzekutivi. Po kur drejt\u00ebsia e nj\u00eb vendi b\u00ebn t\u00eb kund\u00ebrt\u00ebn e dh\u00ebnies s\u00eb drejt\u00ebsis\u00eb, si\u00e7 dihet se ndodh n\u00eb Shqip\u00ebri? P\u00ebrgjigja \u00ebsht\u00eb q\u00eb duhet rregulluar drejt\u00ebsia, por ama nd\u00ebrkoh\u00eb duhet edhe dh\u00ebn\u00eb drejt\u00ebsi, duhen d\u00ebnuar fajtor\u00ebt.<\/p>\n<p>Me rregullimin e drejt\u00ebsis\u00eb duhet t\u00eb merren t\u00eb gjith\u00eb, Kuvendi, Ekzekutivi, masmedia, e pastaj dhe vet\u00eb drejt\u00ebsia, me ato pak forca jo t\u00eb korruptuara q\u00eb ka.<\/p>\n<p>Po a po ndodh kjo tek ne, pra a po ndodh nj\u00eb p\u00ebrpjekje mbar\u00ebpopullore p\u00ebr rregullimin e drejt\u00ebsis\u00eb? Jo, nuk po ndodh sa duhet. Bile kur shihet se arrihet t\u00eb b\u00ebhet shaka me at\u00eb q\u00eb ke akuzuar &#8220;q\u00eb t\u00eb ka vrar\u00eb kot, 4 njer\u00ebz tuaj n\u00eb bulevard&#8221;, qofshin k\u00ebto shaka dhe n\u00eb form\u00ebn batutave publike n\u00eb Kuvend, at\u00ebher\u00eb p\u00ebrfundimisht ke b\u00ebr\u00eb t\u00eb kund\u00ebrt\u00ebn: e ke shfaj\u00ebsuar Berish\u00ebn, ke paralizuar rregullimin e zbatimin e drejt\u00ebsis\u00eb.<\/p>\n<p>Parantez\u00eb: Mos harroni, edhe ti Mu\u00e7, se nuk \u00ebsht\u00eb rreziku i kapjes s\u00eb shtetit nga Edi Rama, por \u00ebsht\u00eb rreziku i rikapjes s\u00eb shtetit nga Sali Berisha. Po, po!<\/p>\n<p>N\u00eb krye t\u00eb rregullimit t\u00eb drejt\u00ebsis\u00eb duhet mos t\u00eb jet\u00eb vet\u00eb drejt\u00ebsia shqiptare e degjeneruar, as dhe Presidenti i vendit, ky q\u00eb kemi, q\u00eb \u00ebsht\u00eb em\u00ebruar nga Sali Berisha, thjesht p\u00ebr t\u00eb mos b\u00ebr\u00eb gj\u00eb tjet\u00ebr ve\u00e7 asaj q\u00eb i urdh\u00ebron Sali Berisha. E ka filluar qart, po e ruan drejt\u00ebsin\u00eb &#8220;t\u00eb pavarur&#8221;, q\u00eb n\u00eb rastin e tij, t\u00eb shk\u00eblqesis\u00eb Nishani, do t\u00eb thot\u00eb ta mbash drejt\u00ebsin\u00eb t\u00eb pavarur nga ligji.<\/p>\n<p>N\u00eb krye t\u00eb rregullimit t\u00eb drejt\u00ebsis\u00eb duhet t\u00eb jen\u00eb pushtetet e tjera, ekzekutivi, kuvendi, partit\u00eb politike, masmedia etj., t\u00eb ndihmuar nga asistenca e huaj, e paguar dhe e k\u00ebrkuar nga ne. Tek ne n\u00eb Shqip\u00ebrin\u00eb e tregut t\u00eb lir\u00eb, nuk ka m\u00eb rrezik t\u00eb futjes s\u00eb drejt\u00ebsis\u00eb n\u00ebn pushtetin ekzekutiv, por ka rrezik q\u00eb drejt\u00ebsia t\u00eb mbetet n\u00eb dor\u00eb t\u00eb mafjoz\u00ebve t\u00eb korruptuar ekonomikisht e moralisht, t\u00eb gjykat\u00ebsve, t\u00eb prokuror\u00ebve e t\u00eb avokat\u00ebve.<\/p>\n<p>P\u00ebr t\u00eb r\u00ebn\u00eb pak n\u00eb nivelin e konkretes, sa p\u00ebr ilustrim, do t\u00eb thosha se veprimi i par\u00eb q\u00eb duhet b\u00ebr\u00eb urgjent, \u00ebsht\u00eb q\u00eb n\u00eb Kushtetut\u00ebn ton\u00eb, t\u00eb futet principi i anashkaluar, ai i &#8220;checks and balances&#8221;, pra i kufizimit t\u00eb pavar\u00ebsis\u00eb s\u00eb pushtetit t\u00eb drejt\u00ebsis\u00eb, n\u00ebp\u00ebrmjet t\u00eb kontrollit reciprok t\u00eb pushteteve. Mbase do goditur kjo k\u00ebshtjell\u00eb mafioze e drejt\u00ebsis\u00eb shqiptare, q\u00eb e ngrit\u00ebm vet\u00eb, edhe duke futur n\u00eb Kushtetut\u00eb zgjedhjen direkt nga populli t\u00eb shum\u00eb hallkave t\u00eb drejt\u00ebsis\u00eb; apo duke futur n\u00eb gjyqe zhurit\u00eb nga jojurist\u00eb, gj\u00eb q\u00eb do t\u00eb godiste r\u00ebnd\u00eb k\u00ebt\u00eb &#8220;pavar\u00ebsi&#8221; nga ligji, t\u00eb drejt\u00ebsis\u00eb shqiptare, apo k\u00ebt\u00eb veprimtari antiligjore t\u00eb drejt\u00ebsis\u00eb shqiptare!<\/p>\n<p>Duhet t\u00eb gjinden m\u00ebnyra, q\u00eb me ne shqiptar\u00ebt q\u00eb e kemi n\u00eb gjak mosrespektimin e ligjit, t\u00eb b\u00ebhet nj\u00eb drejt\u00ebsi shum\u00eb m\u00eb pak e korruptuar se mesatarja e shqiptarit-po, po, jemi t\u00eb korruptuar, pa kemi nj\u00eb drejt\u00ebsi t\u00eb korruptuar! Nuk \u00ebsht\u00eb pun\u00eb e leht\u00eb t\u00eb b\u00ebsh stan me lepuj, pra t\u00eb b\u00ebsh drejt\u00ebsi me njer\u00ebz t\u00eb padrejt\u00eb e t\u00eb korruptuar, si\u00e7 jemi ne. Prandaj dhe duhet ndihma e t\u00eb huajve, e vendeve q\u00eb kan\u00eb arritur t\u00eb ken\u00eb nj\u00eb drejt\u00ebsi me qindra her\u00eb m\u00eb pak t\u00eb korruptuar se jona, si e SHBA, e Gjermanis\u00eb, Anglis\u00eb etj.<\/p>\n<p>Rregullimi i drejt\u00ebsis\u00eb do vite t\u00eb b\u00ebhet, e nd\u00ebrkoh\u00eb, me k\u00ebt\u00eb drejt\u00ebsi q\u00eb kemi, por n\u00ebn kontrollin e pushteteve t\u00eb tjera, duhet t\u00eb veprohet menj\u00ebher\u00eb q\u00eb t\u00eb d\u00ebnohen fajtor\u00ebt: \u00ebsht\u00eb idiot\u00ebsi t\u00eb pres\u00ebsh rregullimin e drejt\u00ebsis\u00eb, pa t\u00eb zbatohet ligji. Jo, edhe ligji do k\u00ebrkuar t\u00eb zbatohet, edhe drejt\u00ebsia do rregulluar-duhet t\u00eb jen\u00eb procese q\u00eb ecin paralelisht, pa pritur nj\u00ebritjetrin.<\/p>\n<p><strong>Bashkim Kopliku<\/strong>, <em>20.01.2014<\/em><\/p>\n","protected":false},"excerpt":{"rendered":"<p>&#8211; Koment p\u00ebr shkrimin &#8220;D\u00ebgjohet britma: Berisha n\u00eb pranga! Por &#8230;&#8221;, t\u00eb Mustafa Nano, tek Dita, 19.01.2014 [Respublica.al, 20.01.2014] Natyrisht q\u00eb drejt\u00ebsia d\u00ebnon n\u00eb nj\u00eb vend demokratik, e jo ekzekutivi. Po kur drejt\u00ebsia e nj\u00eb vendi b\u00ebn t\u00eb kund\u00ebrt\u00ebn e dh\u00ebnies s\u00eb drejt\u00ebsis\u00eb, si\u00e7 dihet se ndodh n\u00eb Shqip\u00ebri? P\u00ebrgjigja \u00ebsht\u00eb q\u00eb duhet rregulluar drejt\u00ebsia, [&hellip;]<\/p>\n","protected":false},"author":1,"featured_media":0,"comment_status":"open","ping_status":"closed","sticky":false,"template":"","format":"standard","meta":{"footnotes":""},"categories":[2],"tags":[],"class_list":{"0":"post-13344","1":"post","2":"type-post","3":"status-publish","4":"format-standard","6":"category-artikuj"},"yoast_head":"<!-- This site is optimized with the Yoast SEO plugin v27.4 - https:\/\/yoast.com\/product\/yoast-seo-wordpress\/ -->\n<title>Do rregulluar dhe nj\u00ebkoh\u00ebsisht do zbatuar drejt\u00ebsia - FjALA e LIR\u00cb - Arkivi<\/title>\n<meta name=\"robots\" content=\"index, follow, max-snippet:-1, max-image-preview:large, max-video-preview:-1\" \/>\n<link rel=\"canonical\" href=\"https:\/\/fjala.info\/2009-2015\/do-rregulluar-dhe-njekohesisht-do-zbatuar-drejtesia\/\" \/>\n<meta property=\"og:locale\" content=\"sq_AL\" \/>\n<meta property=\"og:type\" content=\"article\" \/>\n<meta property=\"og:title\" content=\"Do rregulluar dhe nj\u00ebkoh\u00ebsisht do zbatuar drejt\u00ebsia - FjALA e LIR\u00cb - Arkivi\" \/>\n<meta property=\"og:description\" content=\"&#8211; Koment p\u00ebr shkrimin &#8220;D\u00ebgjohet britma: Berisha n\u00eb pranga! Por &#8230;&#8221;, t\u00eb Mustafa Nano, tek Dita, 19.01.2014 [Respublica.al, 20.01.2014] Natyrisht q\u00eb drejt\u00ebsia d\u00ebnon n\u00eb nj\u00eb vend demokratik, e jo ekzekutivi. Po kur drejt\u00ebsia e nj\u00eb vendi b\u00ebn t\u00eb kund\u00ebrt\u00ebn e dh\u00ebnies s\u00eb drejt\u00ebsis\u00eb, si\u00e7 dihet se ndodh n\u00eb Shqip\u00ebri? P\u00ebrgjigja \u00ebsht\u00eb q\u00eb duhet rregulluar drejt\u00ebsia, [&hellip;]\" \/>\n<meta property=\"og:url\" content=\"https:\/\/fjala.info\/2009-2015\/do-rregulluar-dhe-njekohesisht-do-zbatuar-drejtesia\/\" \/>\n<meta property=\"og:site_name\" content=\"FjALA e LIR\u00cb - Arkivi\" \/>\n<meta property=\"article:published_time\" content=\"2014-01-24T07:13:58+00:00\" \/>\n<meta property=\"og:image\" content=\"http:\/\/www.fjala.info\/2012\/bashkim_kopliku.jpg\" \/>\n<meta name=\"author\" content=\"admin\" \/>\n<meta name=\"twitter:card\" content=\"summary_large_image\" \/>\n<meta name=\"twitter:label1\" content=\"Written by\" \/>\n\t<meta name=\"twitter:data1\" content=\"admin\" \/>\n\t<meta name=\"twitter:label2\" content=\"Est. reading time\" \/>\n\t<meta name=\"twitter:data2\" content=\"3 minutes\" \/>\n<script type=\"application\/ld+json\" class=\"yoast-schema-graph\">{\"@context\":\"https:\\\/\\\/schema.org\",\"@graph\":[{\"@type\":\"Article\",\"@id\":\"https:\\\/\\\/fjala.info\\\/2009-2015\\\/do-rregulluar-dhe-njekohesisht-do-zbatuar-drejtesia\\\/#article\",\"isPartOf\":{\"@id\":\"https:\\\/\\\/fjala.info\\\/2009-2015\\\/do-rregulluar-dhe-njekohesisht-do-zbatuar-drejtesia\\\/\"},\"author\":{\"name\":\"admin\",\"@id\":\"https:\\\/\\\/fjala.info\\\/2009-2015\\\/#\\\/schema\\\/person\\\/3aa1163ef05469c496fc94e77611ada2\"},\"headline\":\"Do rregulluar dhe nj\u00ebkoh\u00ebsisht do zbatuar drejt\u00ebsia\",\"datePublished\":\"2014-01-24T07:13:58+00:00\",\"mainEntityOfPage\":{\"@id\":\"https:\\\/\\\/fjala.info\\\/2009-2015\\\/do-rregulluar-dhe-njekohesisht-do-zbatuar-drejtesia\\\/\"},\"wordCount\":709,\"commentCount\":0,\"publisher\":{\"@id\":\"https:\\\/\\\/fjala.info\\\/2009-2015\\\/#organization\"},\"image\":{\"@id\":\"https:\\\/\\\/fjala.info\\\/2009-2015\\\/do-rregulluar-dhe-njekohesisht-do-zbatuar-drejtesia\\\/#primaryimage\"},\"thumbnailUrl\":\"http:\\\/\\\/www.fjala.info\\\/2012\\\/bashkim_kopliku.jpg\",\"articleSection\":[\"Artikuj\"],\"inLanguage\":\"sq-AL\",\"potentialAction\":[{\"@type\":\"CommentAction\",\"name\":\"Comment\",\"target\":[\"https:\\\/\\\/fjala.info\\\/2009-2015\\\/do-rregulluar-dhe-njekohesisht-do-zbatuar-drejtesia\\\/#respond\"]}]},{\"@type\":\"WebPage\",\"@id\":\"https:\\\/\\\/fjala.info\\\/2009-2015\\\/do-rregulluar-dhe-njekohesisht-do-zbatuar-drejtesia\\\/\",\"url\":\"https:\\\/\\\/fjala.info\\\/2009-2015\\\/do-rregulluar-dhe-njekohesisht-do-zbatuar-drejtesia\\\/\",\"name\":\"Do rregulluar dhe nj\u00ebkoh\u00ebsisht do zbatuar drejt\u00ebsia - FjALA e LIR\u00cb - Arkivi\",\"isPartOf\":{\"@id\":\"https:\\\/\\\/fjala.info\\\/2009-2015\\\/#website\"},\"primaryImageOfPage\":{\"@id\":\"https:\\\/\\\/fjala.info\\\/2009-2015\\\/do-rregulluar-dhe-njekohesisht-do-zbatuar-drejtesia\\\/#primaryimage\"},\"image\":{\"@id\":\"https:\\\/\\\/fjala.info\\\/2009-2015\\\/do-rregulluar-dhe-njekohesisht-do-zbatuar-drejtesia\\\/#primaryimage\"},\"thumbnailUrl\":\"http:\\\/\\\/www.fjala.info\\\/2012\\\/bashkim_kopliku.jpg\",\"datePublished\":\"2014-01-24T07:13:58+00:00\",\"breadcrumb\":{\"@id\":\"https:\\\/\\\/fjala.info\\\/2009-2015\\\/do-rregulluar-dhe-njekohesisht-do-zbatuar-drejtesia\\\/#breadcrumb\"},\"inLanguage\":\"sq-AL\",\"potentialAction\":[{\"@type\":\"ReadAction\",\"target\":[\"https:\\\/\\\/fjala.info\\\/2009-2015\\\/do-rregulluar-dhe-njekohesisht-do-zbatuar-drejtesia\\\/\"]}]},{\"@type\":\"ImageObject\",\"inLanguage\":\"sq-AL\",\"@id\":\"https:\\\/\\\/fjala.info\\\/2009-2015\\\/do-rregulluar-dhe-njekohesisht-do-zbatuar-drejtesia\\\/#primaryimage\",\"url\":\"http:\\\/\\\/www.fjala.info\\\/2012\\\/bashkim_kopliku.jpg\",\"contentUrl\":\"http:\\\/\\\/www.fjala.info\\\/2012\\\/bashkim_kopliku.jpg\"},{\"@type\":\"BreadcrumbList\",\"@id\":\"https:\\\/\\\/fjala.info\\\/2009-2015\\\/do-rregulluar-dhe-njekohesisht-do-zbatuar-drejtesia\\\/#breadcrumb\",\"itemListElement\":[{\"@type\":\"ListItem\",\"position\":1,\"name\":\"Home\",\"item\":\"https:\\\/\\\/fjala.info\\\/2009-2015\\\/\"},{\"@type\":\"ListItem\",\"position\":2,\"name\":\"Do rregulluar dhe nj\u00ebkoh\u00ebsisht do zbatuar drejt\u00ebsia\"}]},{\"@type\":\"WebSite\",\"@id\":\"https:\\\/\\\/fjala.info\\\/2009-2015\\\/#website\",\"url\":\"https:\\\/\\\/fjala.info\\\/2009-2015\\\/\",\"name\":\"FjALA e LIR\u00cb - Arkivi\",\"description\":\"Arkivi 2009-2015\",\"publisher\":{\"@id\":\"https:\\\/\\\/fjala.info\\\/2009-2015\\\/#organization\"},\"potentialAction\":[{\"@type\":\"SearchAction\",\"target\":{\"@type\":\"EntryPoint\",\"urlTemplate\":\"https:\\\/\\\/fjala.info\\\/2009-2015\\\/?s={search_term_string}\"},\"query-input\":{\"@type\":\"PropertyValueSpecification\",\"valueRequired\":true,\"valueName\":\"search_term_string\"}}],\"inLanguage\":\"sq-AL\"},{\"@type\":\"Organization\",\"@id\":\"https:\\\/\\\/fjala.info\\\/2009-2015\\\/#organization\",\"name\":\"FjALA e LIR\u00cb - Arkivi\",\"url\":\"https:\\\/\\\/fjala.info\\\/2009-2015\\\/\",\"logo\":{\"@type\":\"ImageObject\",\"inLanguage\":\"sq-AL\",\"@id\":\"https:\\\/\\\/fjala.info\\\/2009-2015\\\/#\\\/schema\\\/logo\\\/image\\\/\",\"url\":\"\",\"contentUrl\":\"\",\"caption\":\"FjALA e LIR\u00cb - Arkivi\"},\"image\":{\"@id\":\"https:\\\/\\\/fjala.info\\\/2009-2015\\\/#\\\/schema\\\/logo\\\/image\\\/\"}},{\"@type\":\"Person\",\"@id\":\"https:\\\/\\\/fjala.info\\\/2009-2015\\\/#\\\/schema\\\/person\\\/3aa1163ef05469c496fc94e77611ada2\",\"name\":\"admin\",\"image\":{\"@type\":\"ImageObject\",\"inLanguage\":\"sq-AL\",\"@id\":\"https:\\\/\\\/fjala.info\\\/2009-2015\\\/wp-content\\\/uploads\\\/2012\\\/02\\\/arben_cokaj-120x150.jpg\",\"url\":\"https:\\\/\\\/fjala.info\\\/2009-2015\\\/wp-content\\\/uploads\\\/2012\\\/02\\\/arben_cokaj-120x150.jpg\",\"contentUrl\":\"https:\\\/\\\/fjala.info\\\/2009-2015\\\/wp-content\\\/uploads\\\/2012\\\/02\\\/arben_cokaj-120x150.jpg\",\"caption\":\"admin\"},\"description\":\"Admin, Fjala e Lir\u00eb\",\"sameAs\":[\"https:\\\/\\\/fjala.info\\\/\"],\"url\":\"https:\\\/\\\/fjala.info\\\/2009-2015\\\/author\\\/admin\\\/\"}]}<\/script>\n<!-- \/ Yoast SEO plugin. -->","yoast_head_json":{"title":"Do rregulluar dhe nj\u00ebkoh\u00ebsisht do zbatuar drejt\u00ebsia - FjALA e LIR\u00cb - Arkivi","robots":{"index":"index","follow":"follow","max-snippet":"max-snippet:-1","max-image-preview":"max-image-preview:large","max-video-preview":"max-video-preview:-1"},"canonical":"https:\/\/fjala.info\/2009-2015\/do-rregulluar-dhe-njekohesisht-do-zbatuar-drejtesia\/","og_locale":"sq_AL","og_type":"article","og_title":"Do rregulluar dhe nj\u00ebkoh\u00ebsisht do zbatuar drejt\u00ebsia - FjALA e LIR\u00cb - Arkivi","og_description":"&#8211; Koment p\u00ebr shkrimin &#8220;D\u00ebgjohet britma: Berisha n\u00eb pranga! Por &#8230;&#8221;, t\u00eb Mustafa Nano, tek Dita, 19.01.2014 [Respublica.al, 20.01.2014] Natyrisht q\u00eb drejt\u00ebsia d\u00ebnon n\u00eb nj\u00eb vend demokratik, e jo ekzekutivi. Po kur drejt\u00ebsia e nj\u00eb vendi b\u00ebn t\u00eb kund\u00ebrt\u00ebn e dh\u00ebnies s\u00eb drejt\u00ebsis\u00eb, si\u00e7 dihet se ndodh n\u00eb Shqip\u00ebri? P\u00ebrgjigja \u00ebsht\u00eb q\u00eb duhet rregulluar drejt\u00ebsia, [&hellip;]","og_url":"https:\/\/fjala.info\/2009-2015\/do-rregulluar-dhe-njekohesisht-do-zbatuar-drejtesia\/","og_site_name":"FjALA e LIR\u00cb - Arkivi","article_published_time":"2014-01-24T07:13:58+00:00","og_image":[{"url":"http:\/\/www.fjala.info\/2012\/bashkim_kopliku.jpg","type":"","width":"","height":""}],"author":"admin","twitter_card":"summary_large_image","twitter_misc":{"Written by":"admin","Est. reading time":"3 minutes"},"schema":{"@context":"https:\/\/schema.org","@graph":[{"@type":"Article","@id":"https:\/\/fjala.info\/2009-2015\/do-rregulluar-dhe-njekohesisht-do-zbatuar-drejtesia\/#article","isPartOf":{"@id":"https:\/\/fjala.info\/2009-2015\/do-rregulluar-dhe-njekohesisht-do-zbatuar-drejtesia\/"},"author":{"name":"admin","@id":"https:\/\/fjala.info\/2009-2015\/#\/schema\/person\/3aa1163ef05469c496fc94e77611ada2"},"headline":"Do rregulluar dhe nj\u00ebkoh\u00ebsisht do zbatuar drejt\u00ebsia","datePublished":"2014-01-24T07:13:58+00:00","mainEntityOfPage":{"@id":"https:\/\/fjala.info\/2009-2015\/do-rregulluar-dhe-njekohesisht-do-zbatuar-drejtesia\/"},"wordCount":709,"commentCount":0,"publisher":{"@id":"https:\/\/fjala.info\/2009-2015\/#organization"},"image":{"@id":"https:\/\/fjala.info\/2009-2015\/do-rregulluar-dhe-njekohesisht-do-zbatuar-drejtesia\/#primaryimage"},"thumbnailUrl":"http:\/\/www.fjala.info\/2012\/bashkim_kopliku.jpg","articleSection":["Artikuj"],"inLanguage":"sq-AL","potentialAction":[{"@type":"CommentAction","name":"Comment","target":["https:\/\/fjala.info\/2009-2015\/do-rregulluar-dhe-njekohesisht-do-zbatuar-drejtesia\/#respond"]}]},{"@type":"WebPage","@id":"https:\/\/fjala.info\/2009-2015\/do-rregulluar-dhe-njekohesisht-do-zbatuar-drejtesia\/","url":"https:\/\/fjala.info\/2009-2015\/do-rregulluar-dhe-njekohesisht-do-zbatuar-drejtesia\/","name":"Do rregulluar dhe nj\u00ebkoh\u00ebsisht do zbatuar drejt\u00ebsia - FjALA e LIR\u00cb - Arkivi","isPartOf":{"@id":"https:\/\/fjala.info\/2009-2015\/#website"},"primaryImageOfPage":{"@id":"https:\/\/fjala.info\/2009-2015\/do-rregulluar-dhe-njekohesisht-do-zbatuar-drejtesia\/#primaryimage"},"image":{"@id":"https:\/\/fjala.info\/2009-2015\/do-rregulluar-dhe-njekohesisht-do-zbatuar-drejtesia\/#primaryimage"},"thumbnailUrl":"http:\/\/www.fjala.info\/2012\/bashkim_kopliku.jpg","datePublished":"2014-01-24T07:13:58+00:00","breadcrumb":{"@id":"https:\/\/fjala.info\/2009-2015\/do-rregulluar-dhe-njekohesisht-do-zbatuar-drejtesia\/#breadcrumb"},"inLanguage":"sq-AL","potentialAction":[{"@type":"ReadAction","target":["https:\/\/fjala.info\/2009-2015\/do-rregulluar-dhe-njekohesisht-do-zbatuar-drejtesia\/"]}]},{"@type":"ImageObject","inLanguage":"sq-AL","@id":"https:\/\/fjala.info\/2009-2015\/do-rregulluar-dhe-njekohesisht-do-zbatuar-drejtesia\/#primaryimage","url":"http:\/\/www.fjala.info\/2012\/bashkim_kopliku.jpg","contentUrl":"http:\/\/www.fjala.info\/2012\/bashkim_kopliku.jpg"},{"@type":"BreadcrumbList","@id":"https:\/\/fjala.info\/2009-2015\/do-rregulluar-dhe-njekohesisht-do-zbatuar-drejtesia\/#breadcrumb","itemListElement":[{"@type":"ListItem","position":1,"name":"Home","item":"https:\/\/fjala.info\/2009-2015\/"},{"@type":"ListItem","position":2,"name":"Do rregulluar dhe nj\u00ebkoh\u00ebsisht do zbatuar drejt\u00ebsia"}]},{"@type":"WebSite","@id":"https:\/\/fjala.info\/2009-2015\/#website","url":"https:\/\/fjala.info\/2009-2015\/","name":"FjALA e LIR\u00cb - Arkivi","description":"Arkivi 2009-2015","publisher":{"@id":"https:\/\/fjala.info\/2009-2015\/#organization"},"potentialAction":[{"@type":"SearchAction","target":{"@type":"EntryPoint","urlTemplate":"https:\/\/fjala.info\/2009-2015\/?s={search_term_string}"},"query-input":{"@type":"PropertyValueSpecification","valueRequired":true,"valueName":"search_term_string"}}],"inLanguage":"sq-AL"},{"@type":"Organization","@id":"https:\/\/fjala.info\/2009-2015\/#organization","name":"FjALA e LIR\u00cb - Arkivi","url":"https:\/\/fjala.info\/2009-2015\/","logo":{"@type":"ImageObject","inLanguage":"sq-AL","@id":"https:\/\/fjala.info\/2009-2015\/#\/schema\/logo\/image\/","url":"","contentUrl":"","caption":"FjALA e LIR\u00cb - Arkivi"},"image":{"@id":"https:\/\/fjala.info\/2009-2015\/#\/schema\/logo\/image\/"}},{"@type":"Person","@id":"https:\/\/fjala.info\/2009-2015\/#\/schema\/person\/3aa1163ef05469c496fc94e77611ada2","name":"admin","image":{"@type":"ImageObject","inLanguage":"sq-AL","@id":"https:\/\/fjala.info\/2009-2015\/wp-content\/uploads\/2012\/02\/arben_cokaj-120x150.jpg","url":"https:\/\/fjala.info\/2009-2015\/wp-content\/uploads\/2012\/02\/arben_cokaj-120x150.jpg","contentUrl":"https:\/\/fjala.info\/2009-2015\/wp-content\/uploads\/2012\/02\/arben_cokaj-120x150.jpg","caption":"admin"},"description":"Admin, Fjala e Lir\u00eb","sameAs":["https:\/\/fjala.info\/"],"url":"https:\/\/fjala.info\/2009-2015\/author\/admin\/"}]}},"_links":{"self":[{"href":"https:\/\/fjala.info\/2009-2015\/wp-json\/wp\/v2\/posts\/13344","targetHints":{"allow":["GET"]}}],"collection":[{"href":"https:\/\/fjala.info\/2009-2015\/wp-json\/wp\/v2\/posts"}],"about":[{"href":"https:\/\/fjala.info\/2009-2015\/wp-json\/wp\/v2\/types\/post"}],"author":[{"embeddable":true,"href":"https:\/\/fjala.info\/2009-2015\/wp-json\/wp\/v2\/users\/1"}],"replies":[{"embeddable":true,"href":"https:\/\/fjala.info\/2009-2015\/wp-json\/wp\/v2\/comments?post=13344"}],"version-history":[{"count":0,"href":"https:\/\/fjala.info\/2009-2015\/wp-json\/wp\/v2\/posts\/13344\/revisions"}],"wp:attachment":[{"href":"https:\/\/fjala.info\/2009-2015\/wp-json\/wp\/v2\/media?parent=13344"}],"wp:term":[{"taxonomy":"category","embeddable":true,"href":"https:\/\/fjala.info\/2009-2015\/wp-json\/wp\/v2\/categories?post=13344"},{"taxonomy":"post_tag","embeddable":true,"href":"https:\/\/fjala.info\/2009-2015\/wp-json\/wp\/v2\/tags?post=13344"}],"curies":[{"name":"wp","href":"https:\/\/api.w.org\/{rel}","templated":true}]}}