{"id":13343,"date":"2014-01-24T08:07:47","date_gmt":"2014-01-24T07:07:47","guid":{"rendered":"http:\/\/www.fjala.info\/?p=208"},"modified":"2014-01-24T08:07:47","modified_gmt":"2014-01-24T07:07:47","slug":"atdheu-na-therret","status":"publish","type":"post","link":"https:\/\/fjala.info\/2009-2015\/atdheu-na-therret\/","title":{"rendered":"Atdheu na th\u00ebrret! &#8211; poezi nga Asllan (Luan) Dibrani"},"content":{"rendered":"<blockquote><p><strong>Atdheu na th\u00ebrret!<\/strong><br \/>\n<img decoding=\"async\" class=\"alignright size-thumbnail wp-image-7236\" title=\"Asllan Dibrani\" alt=\"\" src=\"http:\/\/www.fjala.info\/2013\/asllan_dibrani.jpg\" width=\"150\" \/><br \/>\nNga <strong>Asllan Dibrani<\/strong>, <a href=\"mailto:art@asllandibrani.com\">art@asllandibrani.com<\/a><\/p>\n<p>Thirrja, e tij ulur\u00ebn<br \/>\nDuke d\u00ebgjuar z\u00ebra t\u00eb huaj anemban\u00eb<br \/>\nTin\u00ebzisht i pin\u00eb gjaku, n\u00eb em\u00ebr t\u00eb fes\u00eb!<br \/>\nTundin e shkundin atdheun&#8230;<\/p>\n<p>Atdheu na th\u00ebrret!<br \/>\nAh , Atdhe Atdhe !<br \/>\nAtdheut, se \u00e7ka i b\u00ebn\u00eb!<br \/>\nJa mor\u00ebn gjuh\u00ebn e lan\u00eb pa n\u00ebn\u00eb!<\/p>\n<p>Th\u00ebrrasin p\u00ebr ta vdek\u00eb me ironi<br \/>\nGoditet t\u00eb vdes si \u00ebsht\u00eb ma zi !<br \/>\nAh Atdhe Atdhe!<br \/>\nT\u00eb godit\u00ebn e t\u00eb rr\u00ebnuan me faqe p\u00ebr dhe!<\/p>\n<p>Z\u00ebrat e llumit mercenar!<br \/>\nL\u00ebshojn\u00eb kushtrim si mysliman\u00eb ,xhihdsit\u00eb e kriminel<br \/>\npo t&#8217;godasin q\u00eb t\u00eb vdes\u00ebsh!<br \/>\nI pa nder e me faqe t\u00eb zez\u00eb!<br \/>\nAh Atdheu!<br \/>\nAtdheu im !<br \/>\nNga pushtues deri me sot!<br \/>\nE sot pjella jote ,n\u00eb em\u00ebr t\u00eb fes\u00eb, e t&#8217;pa bes\u00eb!<\/p>\n<p>S&#8217;jemi thon\u00eb shqiptar\u00eb?<br \/>\n&#8220;Jemi bijt\u00eb e fisit otoman&#8221;<br \/>\nP\u00ebr gjuh\u00eb e din\u00eb arabishten<br \/>\nn\u00eb gjak e kan\u00eb turqishten!<\/p>\n<p>P\u00ebr kultur\u00eb at\u00eb, t\u00eb Azis\u00eb!<br \/>\nP\u00ebr flamur, krenohen me t\u00eb Hamasit<br \/>\nE &#8220;mallkojn\u00eb&#8221; at\u00eb t\u00eb Ismail Qemalit<br \/>\nN\u00eb shpirt e kan\u00eb t\u00eb Afganistanit!<\/p>\n<p>Hamallgji , kriminel e tradhtar<br \/>\nShesin &#8220;Atdheun p\u00ebr pak para&#8221;!<br \/>\nTallje ,fyerje sharje me Ty o Atdhe<br \/>\nNga k\u00ebta analfabet e t\u00eb pa fe !<\/p>\n<p>Atdhe!&#8230;ah\u00eb Atdhe: , a po m&#8217;d\u00ebgjon pash at\u00eb zot?<br \/>\nZgjoje Sk\u00ebnderbeun me shpat n\u00eb Kruj\u00eb<br \/>\nIsmail Qemali n\u00eb Vlor\u00eb<br \/>\nTa din bota se kemi nj\u00eb Flamur!<\/p>\n<p>Thirre &#8220;N\u00ebne Terez\u00ebn&#8221; me buk\u00eb n\u00eb dor\u00eb!<br \/>\nT&#8217;i ushqej t\u00eb uriturit e bot\u00ebs mbar\u00eb!<br \/>\nLe ta dij\u00eb t\u00eb gjith\u00eb se jemi shqiptar\u00eb<br \/>\nJemi &#8220;Komb&#8221; e humanitar<\/p>\n<p>Gjon buzuku me mesharin e shenjt\u00eb<br \/>\nThirre Manastirin me alfabet<br \/>\nIsmail Kadaren\u00eb me pen\u00eb n\u00eb dor\u00eb<br \/>\nTa shp\u00ebtojm\u00eb Atdheun nga k\u00ebta hor\u00eb!<\/p>\n<p><em>Shtutgard, 2014<\/em><\/p><\/blockquote>\n","protected":false},"excerpt":{"rendered":"<p>Atdheu na th\u00ebrret! Nga Asllan Dibrani, art@asllandibrani.com Thirrja, e tij ulur\u00ebn Duke d\u00ebgjuar z\u00ebra t\u00eb huaj anemban\u00eb Tin\u00ebzisht i pin\u00eb gjaku, n\u00eb em\u00ebr t\u00eb fes\u00eb! Tundin e shkundin atdheun&#8230; Atdheu na th\u00ebrret! Ah , Atdhe Atdhe ! Atdheut, se \u00e7ka i b\u00ebn\u00eb! Ja mor\u00ebn gjuh\u00ebn e lan\u00eb pa n\u00ebn\u00eb! Th\u00ebrrasin p\u00ebr ta vdek\u00eb me ironi [&hellip;]<\/p>\n","protected":false},"author":1,"featured_media":0,"comment_status":"open","ping_status":"closed","sticky":false,"template":"","format":"standard","meta":{"footnotes":""},"categories":[7,9],"tags":[],"class_list":{"0":"post-13343","1":"post","2":"type-post","3":"status-publish","4":"format-standard","6":"category-letersi","7":"category-poezi"},"yoast_head":"<!-- This site is optimized with the Yoast SEO plugin v27.4 - https:\/\/yoast.com\/product\/yoast-seo-wordpress\/ -->\n<title>Atdheu na th\u00ebrret! - poezi nga Asllan (Luan) Dibrani - FjALA e LIR\u00cb - Arkivi<\/title>\n<meta name=\"robots\" content=\"index, follow, max-snippet:-1, max-image-preview:large, max-video-preview:-1\" \/>\n<link rel=\"canonical\" href=\"https:\/\/fjala.info\/2009-2015\/atdheu-na-therret\/\" \/>\n<meta property=\"og:locale\" content=\"sq_AL\" \/>\n<meta property=\"og:type\" content=\"article\" \/>\n<meta property=\"og:title\" content=\"Atdheu na th\u00ebrret! - poezi nga Asllan (Luan) Dibrani - FjALA e LIR\u00cb - Arkivi\" \/>\n<meta property=\"og:description\" content=\"Atdheu na th\u00ebrret! Nga Asllan Dibrani, art@asllandibrani.com Thirrja, e tij ulur\u00ebn Duke d\u00ebgjuar z\u00ebra t\u00eb huaj anemban\u00eb Tin\u00ebzisht i pin\u00eb gjaku, n\u00eb em\u00ebr t\u00eb fes\u00eb! Tundin e shkundin atdheun&#8230; Atdheu na th\u00ebrret! Ah , Atdhe Atdhe ! Atdheut, se \u00e7ka i b\u00ebn\u00eb! Ja mor\u00ebn gjuh\u00ebn e lan\u00eb pa n\u00ebn\u00eb! Th\u00ebrrasin p\u00ebr ta vdek\u00eb me ironi [&hellip;]\" \/>\n<meta property=\"og:url\" content=\"https:\/\/fjala.info\/2009-2015\/atdheu-na-therret\/\" \/>\n<meta property=\"og:site_name\" content=\"FjALA e LIR\u00cb - Arkivi\" \/>\n<meta property=\"article:published_time\" content=\"2014-01-24T07:07:47+00:00\" \/>\n<meta property=\"og:image\" content=\"http:\/\/www.fjala.info\/2013\/asllan_dibrani.jpg\" \/>\n<meta name=\"author\" content=\"admin\" \/>\n<meta name=\"twitter:card\" content=\"summary_large_image\" \/>\n<meta name=\"twitter:label1\" content=\"Written by\" \/>\n\t<meta name=\"twitter:data1\" content=\"admin\" \/>\n\t<meta name=\"twitter:label2\" content=\"Est. reading time\" \/>\n\t<meta name=\"twitter:data2\" content=\"1 minute\" \/>\n<script type=\"application\/ld+json\" class=\"yoast-schema-graph\">{\"@context\":\"https:\\\/\\\/schema.org\",\"@graph\":[{\"@type\":\"Article\",\"@id\":\"https:\\\/\\\/fjala.info\\\/2009-2015\\\/atdheu-na-therret\\\/#article\",\"isPartOf\":{\"@id\":\"https:\\\/\\\/fjala.info\\\/2009-2015\\\/atdheu-na-therret\\\/\"},\"author\":{\"name\":\"admin\",\"@id\":\"https:\\\/\\\/fjala.info\\\/2009-2015\\\/#\\\/schema\\\/person\\\/3aa1163ef05469c496fc94e77611ada2\"},\"headline\":\"Atdheu na th\u00ebrret! &#8211; poezi nga Asllan (Luan) Dibrani\",\"datePublished\":\"2014-01-24T07:07:47+00:00\",\"mainEntityOfPage\":{\"@id\":\"https:\\\/\\\/fjala.info\\\/2009-2015\\\/atdheu-na-therret\\\/\"},\"wordCount\":304,\"commentCount\":0,\"publisher\":{\"@id\":\"https:\\\/\\\/fjala.info\\\/2009-2015\\\/#organization\"},\"image\":{\"@id\":\"https:\\\/\\\/fjala.info\\\/2009-2015\\\/atdheu-na-therret\\\/#primaryimage\"},\"thumbnailUrl\":\"http:\\\/\\\/www.fjala.info\\\/2013\\\/asllan_dibrani.jpg\",\"articleSection\":[\"Let\u00ebrsi\",\"Poezi\"],\"inLanguage\":\"sq-AL\",\"potentialAction\":[{\"@type\":\"CommentAction\",\"name\":\"Comment\",\"target\":[\"https:\\\/\\\/fjala.info\\\/2009-2015\\\/atdheu-na-therret\\\/#respond\"]}]},{\"@type\":\"WebPage\",\"@id\":\"https:\\\/\\\/fjala.info\\\/2009-2015\\\/atdheu-na-therret\\\/\",\"url\":\"https:\\\/\\\/fjala.info\\\/2009-2015\\\/atdheu-na-therret\\\/\",\"name\":\"Atdheu na th\u00ebrret! - poezi nga Asllan (Luan) Dibrani - FjALA e LIR\u00cb - Arkivi\",\"isPartOf\":{\"@id\":\"https:\\\/\\\/fjala.info\\\/2009-2015\\\/#website\"},\"primaryImageOfPage\":{\"@id\":\"https:\\\/\\\/fjala.info\\\/2009-2015\\\/atdheu-na-therret\\\/#primaryimage\"},\"image\":{\"@id\":\"https:\\\/\\\/fjala.info\\\/2009-2015\\\/atdheu-na-therret\\\/#primaryimage\"},\"thumbnailUrl\":\"http:\\\/\\\/www.fjala.info\\\/2013\\\/asllan_dibrani.jpg\",\"datePublished\":\"2014-01-24T07:07:47+00:00\",\"breadcrumb\":{\"@id\":\"https:\\\/\\\/fjala.info\\\/2009-2015\\\/atdheu-na-therret\\\/#breadcrumb\"},\"inLanguage\":\"sq-AL\",\"potentialAction\":[{\"@type\":\"ReadAction\",\"target\":[\"https:\\\/\\\/fjala.info\\\/2009-2015\\\/atdheu-na-therret\\\/\"]}]},{\"@type\":\"ImageObject\",\"inLanguage\":\"sq-AL\",\"@id\":\"https:\\\/\\\/fjala.info\\\/2009-2015\\\/atdheu-na-therret\\\/#primaryimage\",\"url\":\"http:\\\/\\\/www.fjala.info\\\/2013\\\/asllan_dibrani.jpg\",\"contentUrl\":\"http:\\\/\\\/www.fjala.info\\\/2013\\\/asllan_dibrani.jpg\"},{\"@type\":\"BreadcrumbList\",\"@id\":\"https:\\\/\\\/fjala.info\\\/2009-2015\\\/atdheu-na-therret\\\/#breadcrumb\",\"itemListElement\":[{\"@type\":\"ListItem\",\"position\":1,\"name\":\"Home\",\"item\":\"https:\\\/\\\/fjala.info\\\/2009-2015\\\/\"},{\"@type\":\"ListItem\",\"position\":2,\"name\":\"Atdheu na th\u00ebrret! &#8211; poezi nga Asllan (Luan) Dibrani\"}]},{\"@type\":\"WebSite\",\"@id\":\"https:\\\/\\\/fjala.info\\\/2009-2015\\\/#website\",\"url\":\"https:\\\/\\\/fjala.info\\\/2009-2015\\\/\",\"name\":\"FjALA e LIR\u00cb - Arkivi\",\"description\":\"Arkivi 2009-2015\",\"publisher\":{\"@id\":\"https:\\\/\\\/fjala.info\\\/2009-2015\\\/#organization\"},\"potentialAction\":[{\"@type\":\"SearchAction\",\"target\":{\"@type\":\"EntryPoint\",\"urlTemplate\":\"https:\\\/\\\/fjala.info\\\/2009-2015\\\/?s={search_term_string}\"},\"query-input\":{\"@type\":\"PropertyValueSpecification\",\"valueRequired\":true,\"valueName\":\"search_term_string\"}}],\"inLanguage\":\"sq-AL\"},{\"@type\":\"Organization\",\"@id\":\"https:\\\/\\\/fjala.info\\\/2009-2015\\\/#organization\",\"name\":\"FjALA e LIR\u00cb - Arkivi\",\"url\":\"https:\\\/\\\/fjala.info\\\/2009-2015\\\/\",\"logo\":{\"@type\":\"ImageObject\",\"inLanguage\":\"sq-AL\",\"@id\":\"https:\\\/\\\/fjala.info\\\/2009-2015\\\/#\\\/schema\\\/logo\\\/image\\\/\",\"url\":\"\",\"contentUrl\":\"\",\"caption\":\"FjALA e LIR\u00cb - Arkivi\"},\"image\":{\"@id\":\"https:\\\/\\\/fjala.info\\\/2009-2015\\\/#\\\/schema\\\/logo\\\/image\\\/\"}},{\"@type\":\"Person\",\"@id\":\"https:\\\/\\\/fjala.info\\\/2009-2015\\\/#\\\/schema\\\/person\\\/3aa1163ef05469c496fc94e77611ada2\",\"name\":\"admin\",\"image\":{\"@type\":\"ImageObject\",\"inLanguage\":\"sq-AL\",\"@id\":\"https:\\\/\\\/fjala.info\\\/2009-2015\\\/wp-content\\\/uploads\\\/2012\\\/02\\\/arben_cokaj-120x150.jpg\",\"url\":\"https:\\\/\\\/fjala.info\\\/2009-2015\\\/wp-content\\\/uploads\\\/2012\\\/02\\\/arben_cokaj-120x150.jpg\",\"contentUrl\":\"https:\\\/\\\/fjala.info\\\/2009-2015\\\/wp-content\\\/uploads\\\/2012\\\/02\\\/arben_cokaj-120x150.jpg\",\"caption\":\"admin\"},\"description\":\"Admin, Fjala e Lir\u00eb\",\"sameAs\":[\"https:\\\/\\\/fjala.info\\\/\"],\"url\":\"https:\\\/\\\/fjala.info\\\/2009-2015\\\/author\\\/admin\\\/\"}]}<\/script>\n<!-- \/ Yoast SEO plugin. -->","yoast_head_json":{"title":"Atdheu na th\u00ebrret! - poezi nga Asllan (Luan) Dibrani - FjALA e LIR\u00cb - Arkivi","robots":{"index":"index","follow":"follow","max-snippet":"max-snippet:-1","max-image-preview":"max-image-preview:large","max-video-preview":"max-video-preview:-1"},"canonical":"https:\/\/fjala.info\/2009-2015\/atdheu-na-therret\/","og_locale":"sq_AL","og_type":"article","og_title":"Atdheu na th\u00ebrret! - poezi nga Asllan (Luan) Dibrani - FjALA e LIR\u00cb - Arkivi","og_description":"Atdheu na th\u00ebrret! Nga Asllan Dibrani, art@asllandibrani.com Thirrja, e tij ulur\u00ebn Duke d\u00ebgjuar z\u00ebra t\u00eb huaj anemban\u00eb Tin\u00ebzisht i pin\u00eb gjaku, n\u00eb em\u00ebr t\u00eb fes\u00eb! Tundin e shkundin atdheun&#8230; Atdheu na th\u00ebrret! Ah , Atdhe Atdhe ! Atdheut, se \u00e7ka i b\u00ebn\u00eb! Ja mor\u00ebn gjuh\u00ebn e lan\u00eb pa n\u00ebn\u00eb! Th\u00ebrrasin p\u00ebr ta vdek\u00eb me ironi [&hellip;]","og_url":"https:\/\/fjala.info\/2009-2015\/atdheu-na-therret\/","og_site_name":"FjALA e LIR\u00cb - Arkivi","article_published_time":"2014-01-24T07:07:47+00:00","og_image":[{"url":"http:\/\/www.fjala.info\/2013\/asllan_dibrani.jpg","type":"","width":"","height":""}],"author":"admin","twitter_card":"summary_large_image","twitter_misc":{"Written by":"admin","Est. reading time":"1 minute"},"schema":{"@context":"https:\/\/schema.org","@graph":[{"@type":"Article","@id":"https:\/\/fjala.info\/2009-2015\/atdheu-na-therret\/#article","isPartOf":{"@id":"https:\/\/fjala.info\/2009-2015\/atdheu-na-therret\/"},"author":{"name":"admin","@id":"https:\/\/fjala.info\/2009-2015\/#\/schema\/person\/3aa1163ef05469c496fc94e77611ada2"},"headline":"Atdheu na th\u00ebrret! &#8211; poezi nga Asllan (Luan) Dibrani","datePublished":"2014-01-24T07:07:47+00:00","mainEntityOfPage":{"@id":"https:\/\/fjala.info\/2009-2015\/atdheu-na-therret\/"},"wordCount":304,"commentCount":0,"publisher":{"@id":"https:\/\/fjala.info\/2009-2015\/#organization"},"image":{"@id":"https:\/\/fjala.info\/2009-2015\/atdheu-na-therret\/#primaryimage"},"thumbnailUrl":"http:\/\/www.fjala.info\/2013\/asllan_dibrani.jpg","articleSection":["Let\u00ebrsi","Poezi"],"inLanguage":"sq-AL","potentialAction":[{"@type":"CommentAction","name":"Comment","target":["https:\/\/fjala.info\/2009-2015\/atdheu-na-therret\/#respond"]}]},{"@type":"WebPage","@id":"https:\/\/fjala.info\/2009-2015\/atdheu-na-therret\/","url":"https:\/\/fjala.info\/2009-2015\/atdheu-na-therret\/","name":"Atdheu na th\u00ebrret! - poezi nga Asllan (Luan) Dibrani - FjALA e LIR\u00cb - Arkivi","isPartOf":{"@id":"https:\/\/fjala.info\/2009-2015\/#website"},"primaryImageOfPage":{"@id":"https:\/\/fjala.info\/2009-2015\/atdheu-na-therret\/#primaryimage"},"image":{"@id":"https:\/\/fjala.info\/2009-2015\/atdheu-na-therret\/#primaryimage"},"thumbnailUrl":"http:\/\/www.fjala.info\/2013\/asllan_dibrani.jpg","datePublished":"2014-01-24T07:07:47+00:00","breadcrumb":{"@id":"https:\/\/fjala.info\/2009-2015\/atdheu-na-therret\/#breadcrumb"},"inLanguage":"sq-AL","potentialAction":[{"@type":"ReadAction","target":["https:\/\/fjala.info\/2009-2015\/atdheu-na-therret\/"]}]},{"@type":"ImageObject","inLanguage":"sq-AL","@id":"https:\/\/fjala.info\/2009-2015\/atdheu-na-therret\/#primaryimage","url":"http:\/\/www.fjala.info\/2013\/asllan_dibrani.jpg","contentUrl":"http:\/\/www.fjala.info\/2013\/asllan_dibrani.jpg"},{"@type":"BreadcrumbList","@id":"https:\/\/fjala.info\/2009-2015\/atdheu-na-therret\/#breadcrumb","itemListElement":[{"@type":"ListItem","position":1,"name":"Home","item":"https:\/\/fjala.info\/2009-2015\/"},{"@type":"ListItem","position":2,"name":"Atdheu na th\u00ebrret! &#8211; poezi nga Asllan (Luan) Dibrani"}]},{"@type":"WebSite","@id":"https:\/\/fjala.info\/2009-2015\/#website","url":"https:\/\/fjala.info\/2009-2015\/","name":"FjALA e LIR\u00cb - Arkivi","description":"Arkivi 2009-2015","publisher":{"@id":"https:\/\/fjala.info\/2009-2015\/#organization"},"potentialAction":[{"@type":"SearchAction","target":{"@type":"EntryPoint","urlTemplate":"https:\/\/fjala.info\/2009-2015\/?s={search_term_string}"},"query-input":{"@type":"PropertyValueSpecification","valueRequired":true,"valueName":"search_term_string"}}],"inLanguage":"sq-AL"},{"@type":"Organization","@id":"https:\/\/fjala.info\/2009-2015\/#organization","name":"FjALA e LIR\u00cb - Arkivi","url":"https:\/\/fjala.info\/2009-2015\/","logo":{"@type":"ImageObject","inLanguage":"sq-AL","@id":"https:\/\/fjala.info\/2009-2015\/#\/schema\/logo\/image\/","url":"","contentUrl":"","caption":"FjALA e LIR\u00cb - Arkivi"},"image":{"@id":"https:\/\/fjala.info\/2009-2015\/#\/schema\/logo\/image\/"}},{"@type":"Person","@id":"https:\/\/fjala.info\/2009-2015\/#\/schema\/person\/3aa1163ef05469c496fc94e77611ada2","name":"admin","image":{"@type":"ImageObject","inLanguage":"sq-AL","@id":"https:\/\/fjala.info\/2009-2015\/wp-content\/uploads\/2012\/02\/arben_cokaj-120x150.jpg","url":"https:\/\/fjala.info\/2009-2015\/wp-content\/uploads\/2012\/02\/arben_cokaj-120x150.jpg","contentUrl":"https:\/\/fjala.info\/2009-2015\/wp-content\/uploads\/2012\/02\/arben_cokaj-120x150.jpg","caption":"admin"},"description":"Admin, Fjala e Lir\u00eb","sameAs":["https:\/\/fjala.info\/"],"url":"https:\/\/fjala.info\/2009-2015\/author\/admin\/"}]}},"_links":{"self":[{"href":"https:\/\/fjala.info\/2009-2015\/wp-json\/wp\/v2\/posts\/13343","targetHints":{"allow":["GET"]}}],"collection":[{"href":"https:\/\/fjala.info\/2009-2015\/wp-json\/wp\/v2\/posts"}],"about":[{"href":"https:\/\/fjala.info\/2009-2015\/wp-json\/wp\/v2\/types\/post"}],"author":[{"embeddable":true,"href":"https:\/\/fjala.info\/2009-2015\/wp-json\/wp\/v2\/users\/1"}],"replies":[{"embeddable":true,"href":"https:\/\/fjala.info\/2009-2015\/wp-json\/wp\/v2\/comments?post=13343"}],"version-history":[{"count":0,"href":"https:\/\/fjala.info\/2009-2015\/wp-json\/wp\/v2\/posts\/13343\/revisions"}],"wp:attachment":[{"href":"https:\/\/fjala.info\/2009-2015\/wp-json\/wp\/v2\/media?parent=13343"}],"wp:term":[{"taxonomy":"category","embeddable":true,"href":"https:\/\/fjala.info\/2009-2015\/wp-json\/wp\/v2\/categories?post=13343"},{"taxonomy":"post_tag","embeddable":true,"href":"https:\/\/fjala.info\/2009-2015\/wp-json\/wp\/v2\/tags?post=13343"}],"curies":[{"name":"wp","href":"https:\/\/api.w.org\/{rel}","templated":true}]}}