{"id":13342,"date":"2014-01-23T23:03:02","date_gmt":"2014-01-23T22:03:02","guid":{"rendered":"http:\/\/www.fjala.info\/?p=206"},"modified":"2014-01-23T23:03:02","modified_gmt":"2014-01-23T22:03:02","slug":"erdogan-nje-model-i-transformuar","status":"publish","type":"post","link":"https:\/\/fjala.info\/2009-2015\/erdogan-nje-model-i-transformuar\/","title":{"rendered":"Erdogan, nj\u00eb model i transformuar"},"content":{"rendered":"<p>><img decoding=\"async\" class=\"alignright size-thumbnail wp-image-7236\" title=\"Erdogan\" alt=\"\" src=\"http:\/\/www.fjala.info\/2014\/erdogan.jpg\" width=\"300\" \/> <strong>Baha G\u00fcng\u00f6r<\/strong>, <i>Shekulli<\/i>, <em>23.01.2014 <\/em><\/p>\n<p>P\u00ebr her\u00eb t\u00eb par\u00eb q\u00eb prej pes\u00eb vjet\u00ebsh, Rexhep Tayyip Erdogani b\u00ebri nj\u00eb vizit\u00eb zyrtare n\u00eb Bruksel. Por n\u00eb dallim me koh\u00ebt q\u00eb jan\u00eb zbehur t\u00eb marr\u00ebdh\u00ebnieve m\u00eb t\u00eb mir\u00eb turko-evropiane, k\u00ebt\u00eb her\u00eb nuk pati rrahje shpatullash dhe fjal\u00eb l\u00ebvduese p\u00ebr kryeministrin e Turqis\u00eb &#8211; si m\u00eb par\u00eb p\u00ebr reformat demokratike. P\u00ebrkundrazi, Presidenti i K\u00ebshillit t\u00eb BE, Herman Van Rompuy dhe Presidenti i Komisionit Evropian, Jos\u00e9 Manuel Barroso nuk lan\u00eb kritik\u00eb pa i b\u00ebr\u00eb stilit gjithnj\u00eb e m\u00eb autoritar t\u00eb mysafirit t\u00eb tyre nga Bosfori.  <\/p>\n<p>P\u00ebrdorimi joproporcional i dhun\u00ebs kund\u00ebr demonstruesve paq\u00ebsore, instrumentalizimi i drejt\u00ebsis\u00eb kund\u00ebr intelektual\u00ebve, gazetar\u00ebve ose ish-oficer\u00ebve dhe s\u00eb fundi transferimet masive si d\u00ebnim t\u00eb polic\u00ebve dhe prokuror\u00ebve p\u00ebr t\u00eb ndaluar hetimet kund\u00ebr korrupsionit, i treguan evropian\u00ebve fytyr\u00ebn tjet\u00ebr t\u00eb politikanit fetar-konservator.<\/p>\n<p>Ana jodemokratike e Erdoganit karakterizohet nga paaft\u00ebsia e theksuar p\u00ebr t\u00eb pranuar si kritik\u00eb ndaj personit t\u00eb tij, ashtu edhe vet\u00ebm dyshimin p\u00ebr korrupsion ndaj rrethit t\u00eb tij politik, por edhe privat. Ai q\u00eb e akuzon drejt\u00ebsin\u00eb n\u00eb lidhje me p\u00ebrpjekjet p\u00ebr t\u00eb sqaruar qerthullin e korrupsionit se po p\u00ebrgatit pu\u00e7 kund\u00ebr tij, nuk duhet t\u00eb \u00e7uditet, kur mikprit\u00ebsit i kujtojn\u00eb n\u00eb Bruksel ndarjen e pushteteve, si themel t\u00eb demokracis\u00eb. Kryeministri gati 60 vje\u00e7ar \u00ebsht\u00eb kthyer p\u00ebr BE nga nj\u00eb djalosh shembullor n\u00eb nj\u00eb f\u00ebmij\u00eb problematik.<\/p>\n<p>N\u00ebse deri tani at\u00eb e l\u00ebvdonin se e nxori vendin e tij me vet\u00ebm pak pasoja nga kriza bot\u00ebrore n\u00eb brigjet e shp\u00ebtimit, duke mos e rrezikuar nj\u00ebkoh\u00ebsisht sp\u00ebrkat\u00ebn midis demokracis\u00eb dhe fes\u00eb islame, ai sot duhet t\u00eb pranoj\u00eb kritika si\u00e7 jan\u00eb dob\u00ebsimi i institucioneve demokratike.<\/p>\n<p>Sa keq, n\u00eb fakt, q\u00eb nuk interesohet thuajse askush, se cila do t\u00eb jet\u00eb e ardhmja e negociatave t\u00eb an\u00ebtar\u00ebsimit midis Turqis\u00eb dhe BE t\u00eb nisura n\u00ebnt\u00eb vjet m\u00eb par\u00eb.<\/p>\n<p>Por jan\u00eb pik\u00ebrisht k\u00ebto negociata, t\u00eb cilat i japin si Turqis\u00eb, ashtu edhe BE mund\u00ebsin\u00eb p\u00ebr t\u00eb nd\u00ebrmarr\u00eb hapa t\u00eb tjer\u00eb reformues e p\u00ebr t\u00eb penguar nj\u00ebkoh\u00ebsisht rr\u00ebshqitjen e m\u00ebtejshme t\u00eb Turqis\u00eb nga normat dhe vlerat evropiane.<\/p>\n<p>Prandaj, megjith\u00eb dallimet, marr\u00ebdh\u00ebniet midis Ankaras\u00eb dhe BE nuk duhet t\u00eb nd\u00ebrpriten n\u00eb asnj\u00eb m\u00ebnyr\u00eb &#8211; edhe sepse marr\u00ebveshja e Asociimit, e n\u00ebnshkruar q\u00eb n\u00eb vitin 1963 t\u00eb detyron t\u00eb b\u00ebsh kompromise.<\/p>\n","protected":false},"excerpt":{"rendered":"<p>> Baha G\u00fcng\u00f6r, Shekulli, 23.01.2014 P\u00ebr her\u00eb t\u00eb par\u00eb q\u00eb prej pes\u00eb vjet\u00ebsh, Rexhep Tayyip Erdogani b\u00ebri nj\u00eb vizit\u00eb zyrtare n\u00eb Bruksel. Por n\u00eb dallim me koh\u00ebt q\u00eb jan\u00eb zbehur t\u00eb marr\u00ebdh\u00ebnieve m\u00eb t\u00eb mir\u00eb turko-evropiane, k\u00ebt\u00eb her\u00eb nuk pati rrahje shpatullash dhe fjal\u00eb l\u00ebvduese p\u00ebr kryeministrin e Turqis\u00eb &#8211; si m\u00eb par\u00eb p\u00ebr reformat [&hellip;]<\/p>\n","protected":false},"author":1,"featured_media":0,"comment_status":"open","ping_status":"closed","sticky":false,"template":"","format":"standard","meta":{"footnotes":""},"categories":[2],"tags":[],"class_list":{"0":"post-13342","1":"post","2":"type-post","3":"status-publish","4":"format-standard","6":"category-artikuj"},"yoast_head":"<!-- This site is optimized with the Yoast SEO plugin v27.4 - https:\/\/yoast.com\/product\/yoast-seo-wordpress\/ -->\n<title>Erdogan, nj\u00eb model i transformuar - FjALA e LIR\u00cb - Arkivi<\/title>\n<meta name=\"robots\" content=\"index, follow, max-snippet:-1, max-image-preview:large, max-video-preview:-1\" \/>\n<link rel=\"canonical\" href=\"https:\/\/fjala.info\/2009-2015\/erdogan-nje-model-i-transformuar\/\" \/>\n<meta property=\"og:locale\" content=\"sq_AL\" \/>\n<meta property=\"og:type\" content=\"article\" \/>\n<meta property=\"og:title\" content=\"Erdogan, nj\u00eb model i transformuar - FjALA e LIR\u00cb - Arkivi\" \/>\n<meta property=\"og:description\" content=\"&gt; Baha G\u00fcng\u00f6r, Shekulli, 23.01.2014 P\u00ebr her\u00eb t\u00eb par\u00eb q\u00eb prej pes\u00eb vjet\u00ebsh, Rexhep Tayyip Erdogani b\u00ebri nj\u00eb vizit\u00eb zyrtare n\u00eb Bruksel. Por n\u00eb dallim me koh\u00ebt q\u00eb jan\u00eb zbehur t\u00eb marr\u00ebdh\u00ebnieve m\u00eb t\u00eb mir\u00eb turko-evropiane, k\u00ebt\u00eb her\u00eb nuk pati rrahje shpatullash dhe fjal\u00eb l\u00ebvduese p\u00ebr kryeministrin e Turqis\u00eb &#8211; si m\u00eb par\u00eb p\u00ebr reformat [&hellip;]\" \/>\n<meta property=\"og:url\" content=\"https:\/\/fjala.info\/2009-2015\/erdogan-nje-model-i-transformuar\/\" \/>\n<meta property=\"og:site_name\" content=\"FjALA e LIR\u00cb - Arkivi\" \/>\n<meta property=\"article:published_time\" content=\"2014-01-23T22:03:02+00:00\" \/>\n<meta property=\"og:image\" content=\"http:\/\/www.fjala.info\/2014\/erdogan.jpg\" \/>\n<meta name=\"author\" content=\"admin\" \/>\n<meta name=\"twitter:card\" content=\"summary_large_image\" \/>\n<meta name=\"twitter:label1\" content=\"Written by\" \/>\n\t<meta name=\"twitter:data1\" content=\"admin\" \/>\n\t<meta name=\"twitter:label2\" content=\"Est. reading time\" \/>\n\t<meta name=\"twitter:data2\" content=\"2 minutes\" \/>\n<script type=\"application\/ld+json\" class=\"yoast-schema-graph\">{\"@context\":\"https:\\\/\\\/schema.org\",\"@graph\":[{\"@type\":\"Article\",\"@id\":\"https:\\\/\\\/fjala.info\\\/2009-2015\\\/erdogan-nje-model-i-transformuar\\\/#article\",\"isPartOf\":{\"@id\":\"https:\\\/\\\/fjala.info\\\/2009-2015\\\/erdogan-nje-model-i-transformuar\\\/\"},\"author\":{\"name\":\"admin\",\"@id\":\"https:\\\/\\\/fjala.info\\\/2009-2015\\\/#\\\/schema\\\/person\\\/3aa1163ef05469c496fc94e77611ada2\"},\"headline\":\"Erdogan, nj\u00eb model i transformuar\",\"datePublished\":\"2014-01-23T22:03:02+00:00\",\"mainEntityOfPage\":{\"@id\":\"https:\\\/\\\/fjala.info\\\/2009-2015\\\/erdogan-nje-model-i-transformuar\\\/\"},\"wordCount\":437,\"commentCount\":0,\"publisher\":{\"@id\":\"https:\\\/\\\/fjala.info\\\/2009-2015\\\/#organization\"},\"image\":{\"@id\":\"https:\\\/\\\/fjala.info\\\/2009-2015\\\/erdogan-nje-model-i-transformuar\\\/#primaryimage\"},\"thumbnailUrl\":\"http:\\\/\\\/www.fjala.info\\\/2014\\\/erdogan.jpg\",\"articleSection\":[\"Artikuj\"],\"inLanguage\":\"sq-AL\",\"potentialAction\":[{\"@type\":\"CommentAction\",\"name\":\"Comment\",\"target\":[\"https:\\\/\\\/fjala.info\\\/2009-2015\\\/erdogan-nje-model-i-transformuar\\\/#respond\"]}]},{\"@type\":\"WebPage\",\"@id\":\"https:\\\/\\\/fjala.info\\\/2009-2015\\\/erdogan-nje-model-i-transformuar\\\/\",\"url\":\"https:\\\/\\\/fjala.info\\\/2009-2015\\\/erdogan-nje-model-i-transformuar\\\/\",\"name\":\"Erdogan, nj\u00eb model i transformuar - FjALA e LIR\u00cb - Arkivi\",\"isPartOf\":{\"@id\":\"https:\\\/\\\/fjala.info\\\/2009-2015\\\/#website\"},\"primaryImageOfPage\":{\"@id\":\"https:\\\/\\\/fjala.info\\\/2009-2015\\\/erdogan-nje-model-i-transformuar\\\/#primaryimage\"},\"image\":{\"@id\":\"https:\\\/\\\/fjala.info\\\/2009-2015\\\/erdogan-nje-model-i-transformuar\\\/#primaryimage\"},\"thumbnailUrl\":\"http:\\\/\\\/www.fjala.info\\\/2014\\\/erdogan.jpg\",\"datePublished\":\"2014-01-23T22:03:02+00:00\",\"breadcrumb\":{\"@id\":\"https:\\\/\\\/fjala.info\\\/2009-2015\\\/erdogan-nje-model-i-transformuar\\\/#breadcrumb\"},\"inLanguage\":\"sq-AL\",\"potentialAction\":[{\"@type\":\"ReadAction\",\"target\":[\"https:\\\/\\\/fjala.info\\\/2009-2015\\\/erdogan-nje-model-i-transformuar\\\/\"]}]},{\"@type\":\"ImageObject\",\"inLanguage\":\"sq-AL\",\"@id\":\"https:\\\/\\\/fjala.info\\\/2009-2015\\\/erdogan-nje-model-i-transformuar\\\/#primaryimage\",\"url\":\"http:\\\/\\\/www.fjala.info\\\/2014\\\/erdogan.jpg\",\"contentUrl\":\"http:\\\/\\\/www.fjala.info\\\/2014\\\/erdogan.jpg\"},{\"@type\":\"BreadcrumbList\",\"@id\":\"https:\\\/\\\/fjala.info\\\/2009-2015\\\/erdogan-nje-model-i-transformuar\\\/#breadcrumb\",\"itemListElement\":[{\"@type\":\"ListItem\",\"position\":1,\"name\":\"Home\",\"item\":\"https:\\\/\\\/fjala.info\\\/2009-2015\\\/\"},{\"@type\":\"ListItem\",\"position\":2,\"name\":\"Erdogan, nj\u00eb model i transformuar\"}]},{\"@type\":\"WebSite\",\"@id\":\"https:\\\/\\\/fjala.info\\\/2009-2015\\\/#website\",\"url\":\"https:\\\/\\\/fjala.info\\\/2009-2015\\\/\",\"name\":\"FjALA e LIR\u00cb - Arkivi\",\"description\":\"Arkivi 2009-2015\",\"publisher\":{\"@id\":\"https:\\\/\\\/fjala.info\\\/2009-2015\\\/#organization\"},\"potentialAction\":[{\"@type\":\"SearchAction\",\"target\":{\"@type\":\"EntryPoint\",\"urlTemplate\":\"https:\\\/\\\/fjala.info\\\/2009-2015\\\/?s={search_term_string}\"},\"query-input\":{\"@type\":\"PropertyValueSpecification\",\"valueRequired\":true,\"valueName\":\"search_term_string\"}}],\"inLanguage\":\"sq-AL\"},{\"@type\":\"Organization\",\"@id\":\"https:\\\/\\\/fjala.info\\\/2009-2015\\\/#organization\",\"name\":\"FjALA e LIR\u00cb - Arkivi\",\"url\":\"https:\\\/\\\/fjala.info\\\/2009-2015\\\/\",\"logo\":{\"@type\":\"ImageObject\",\"inLanguage\":\"sq-AL\",\"@id\":\"https:\\\/\\\/fjala.info\\\/2009-2015\\\/#\\\/schema\\\/logo\\\/image\\\/\",\"url\":\"\",\"contentUrl\":\"\",\"caption\":\"FjALA e LIR\u00cb - Arkivi\"},\"image\":{\"@id\":\"https:\\\/\\\/fjala.info\\\/2009-2015\\\/#\\\/schema\\\/logo\\\/image\\\/\"}},{\"@type\":\"Person\",\"@id\":\"https:\\\/\\\/fjala.info\\\/2009-2015\\\/#\\\/schema\\\/person\\\/3aa1163ef05469c496fc94e77611ada2\",\"name\":\"admin\",\"image\":{\"@type\":\"ImageObject\",\"inLanguage\":\"sq-AL\",\"@id\":\"https:\\\/\\\/fjala.info\\\/2009-2015\\\/wp-content\\\/uploads\\\/2012\\\/02\\\/arben_cokaj-120x150.jpg\",\"url\":\"https:\\\/\\\/fjala.info\\\/2009-2015\\\/wp-content\\\/uploads\\\/2012\\\/02\\\/arben_cokaj-120x150.jpg\",\"contentUrl\":\"https:\\\/\\\/fjala.info\\\/2009-2015\\\/wp-content\\\/uploads\\\/2012\\\/02\\\/arben_cokaj-120x150.jpg\",\"caption\":\"admin\"},\"description\":\"Admin, Fjala e Lir\u00eb\",\"sameAs\":[\"https:\\\/\\\/fjala.info\\\/\"],\"url\":\"https:\\\/\\\/fjala.info\\\/2009-2015\\\/author\\\/admin\\\/\"}]}<\/script>\n<!-- \/ Yoast SEO plugin. -->","yoast_head_json":{"title":"Erdogan, nj\u00eb model i transformuar - FjALA e LIR\u00cb - Arkivi","robots":{"index":"index","follow":"follow","max-snippet":"max-snippet:-1","max-image-preview":"max-image-preview:large","max-video-preview":"max-video-preview:-1"},"canonical":"https:\/\/fjala.info\/2009-2015\/erdogan-nje-model-i-transformuar\/","og_locale":"sq_AL","og_type":"article","og_title":"Erdogan, nj\u00eb model i transformuar - FjALA e LIR\u00cb - Arkivi","og_description":"> Baha G\u00fcng\u00f6r, Shekulli, 23.01.2014 P\u00ebr her\u00eb t\u00eb par\u00eb q\u00eb prej pes\u00eb vjet\u00ebsh, Rexhep Tayyip Erdogani b\u00ebri nj\u00eb vizit\u00eb zyrtare n\u00eb Bruksel. Por n\u00eb dallim me koh\u00ebt q\u00eb jan\u00eb zbehur t\u00eb marr\u00ebdh\u00ebnieve m\u00eb t\u00eb mir\u00eb turko-evropiane, k\u00ebt\u00eb her\u00eb nuk pati rrahje shpatullash dhe fjal\u00eb l\u00ebvduese p\u00ebr kryeministrin e Turqis\u00eb &#8211; si m\u00eb par\u00eb p\u00ebr reformat [&hellip;]","og_url":"https:\/\/fjala.info\/2009-2015\/erdogan-nje-model-i-transformuar\/","og_site_name":"FjALA e LIR\u00cb - Arkivi","article_published_time":"2014-01-23T22:03:02+00:00","og_image":[{"url":"http:\/\/www.fjala.info\/2014\/erdogan.jpg","type":"","width":"","height":""}],"author":"admin","twitter_card":"summary_large_image","twitter_misc":{"Written by":"admin","Est. reading time":"2 minutes"},"schema":{"@context":"https:\/\/schema.org","@graph":[{"@type":"Article","@id":"https:\/\/fjala.info\/2009-2015\/erdogan-nje-model-i-transformuar\/#article","isPartOf":{"@id":"https:\/\/fjala.info\/2009-2015\/erdogan-nje-model-i-transformuar\/"},"author":{"name":"admin","@id":"https:\/\/fjala.info\/2009-2015\/#\/schema\/person\/3aa1163ef05469c496fc94e77611ada2"},"headline":"Erdogan, nj\u00eb model i transformuar","datePublished":"2014-01-23T22:03:02+00:00","mainEntityOfPage":{"@id":"https:\/\/fjala.info\/2009-2015\/erdogan-nje-model-i-transformuar\/"},"wordCount":437,"commentCount":0,"publisher":{"@id":"https:\/\/fjala.info\/2009-2015\/#organization"},"image":{"@id":"https:\/\/fjala.info\/2009-2015\/erdogan-nje-model-i-transformuar\/#primaryimage"},"thumbnailUrl":"http:\/\/www.fjala.info\/2014\/erdogan.jpg","articleSection":["Artikuj"],"inLanguage":"sq-AL","potentialAction":[{"@type":"CommentAction","name":"Comment","target":["https:\/\/fjala.info\/2009-2015\/erdogan-nje-model-i-transformuar\/#respond"]}]},{"@type":"WebPage","@id":"https:\/\/fjala.info\/2009-2015\/erdogan-nje-model-i-transformuar\/","url":"https:\/\/fjala.info\/2009-2015\/erdogan-nje-model-i-transformuar\/","name":"Erdogan, nj\u00eb model i transformuar - FjALA e LIR\u00cb - Arkivi","isPartOf":{"@id":"https:\/\/fjala.info\/2009-2015\/#website"},"primaryImageOfPage":{"@id":"https:\/\/fjala.info\/2009-2015\/erdogan-nje-model-i-transformuar\/#primaryimage"},"image":{"@id":"https:\/\/fjala.info\/2009-2015\/erdogan-nje-model-i-transformuar\/#primaryimage"},"thumbnailUrl":"http:\/\/www.fjala.info\/2014\/erdogan.jpg","datePublished":"2014-01-23T22:03:02+00:00","breadcrumb":{"@id":"https:\/\/fjala.info\/2009-2015\/erdogan-nje-model-i-transformuar\/#breadcrumb"},"inLanguage":"sq-AL","potentialAction":[{"@type":"ReadAction","target":["https:\/\/fjala.info\/2009-2015\/erdogan-nje-model-i-transformuar\/"]}]},{"@type":"ImageObject","inLanguage":"sq-AL","@id":"https:\/\/fjala.info\/2009-2015\/erdogan-nje-model-i-transformuar\/#primaryimage","url":"http:\/\/www.fjala.info\/2014\/erdogan.jpg","contentUrl":"http:\/\/www.fjala.info\/2014\/erdogan.jpg"},{"@type":"BreadcrumbList","@id":"https:\/\/fjala.info\/2009-2015\/erdogan-nje-model-i-transformuar\/#breadcrumb","itemListElement":[{"@type":"ListItem","position":1,"name":"Home","item":"https:\/\/fjala.info\/2009-2015\/"},{"@type":"ListItem","position":2,"name":"Erdogan, nj\u00eb model i transformuar"}]},{"@type":"WebSite","@id":"https:\/\/fjala.info\/2009-2015\/#website","url":"https:\/\/fjala.info\/2009-2015\/","name":"FjALA e LIR\u00cb - Arkivi","description":"Arkivi 2009-2015","publisher":{"@id":"https:\/\/fjala.info\/2009-2015\/#organization"},"potentialAction":[{"@type":"SearchAction","target":{"@type":"EntryPoint","urlTemplate":"https:\/\/fjala.info\/2009-2015\/?s={search_term_string}"},"query-input":{"@type":"PropertyValueSpecification","valueRequired":true,"valueName":"search_term_string"}}],"inLanguage":"sq-AL"},{"@type":"Organization","@id":"https:\/\/fjala.info\/2009-2015\/#organization","name":"FjALA e LIR\u00cb - Arkivi","url":"https:\/\/fjala.info\/2009-2015\/","logo":{"@type":"ImageObject","inLanguage":"sq-AL","@id":"https:\/\/fjala.info\/2009-2015\/#\/schema\/logo\/image\/","url":"","contentUrl":"","caption":"FjALA e LIR\u00cb - Arkivi"},"image":{"@id":"https:\/\/fjala.info\/2009-2015\/#\/schema\/logo\/image\/"}},{"@type":"Person","@id":"https:\/\/fjala.info\/2009-2015\/#\/schema\/person\/3aa1163ef05469c496fc94e77611ada2","name":"admin","image":{"@type":"ImageObject","inLanguage":"sq-AL","@id":"https:\/\/fjala.info\/2009-2015\/wp-content\/uploads\/2012\/02\/arben_cokaj-120x150.jpg","url":"https:\/\/fjala.info\/2009-2015\/wp-content\/uploads\/2012\/02\/arben_cokaj-120x150.jpg","contentUrl":"https:\/\/fjala.info\/2009-2015\/wp-content\/uploads\/2012\/02\/arben_cokaj-120x150.jpg","caption":"admin"},"description":"Admin, Fjala e Lir\u00eb","sameAs":["https:\/\/fjala.info\/"],"url":"https:\/\/fjala.info\/2009-2015\/author\/admin\/"}]}},"_links":{"self":[{"href":"https:\/\/fjala.info\/2009-2015\/wp-json\/wp\/v2\/posts\/13342","targetHints":{"allow":["GET"]}}],"collection":[{"href":"https:\/\/fjala.info\/2009-2015\/wp-json\/wp\/v2\/posts"}],"about":[{"href":"https:\/\/fjala.info\/2009-2015\/wp-json\/wp\/v2\/types\/post"}],"author":[{"embeddable":true,"href":"https:\/\/fjala.info\/2009-2015\/wp-json\/wp\/v2\/users\/1"}],"replies":[{"embeddable":true,"href":"https:\/\/fjala.info\/2009-2015\/wp-json\/wp\/v2\/comments?post=13342"}],"version-history":[{"count":0,"href":"https:\/\/fjala.info\/2009-2015\/wp-json\/wp\/v2\/posts\/13342\/revisions"}],"wp:attachment":[{"href":"https:\/\/fjala.info\/2009-2015\/wp-json\/wp\/v2\/media?parent=13342"}],"wp:term":[{"taxonomy":"category","embeddable":true,"href":"https:\/\/fjala.info\/2009-2015\/wp-json\/wp\/v2\/categories?post=13342"},{"taxonomy":"post_tag","embeddable":true,"href":"https:\/\/fjala.info\/2009-2015\/wp-json\/wp\/v2\/tags?post=13342"}],"curies":[{"name":"wp","href":"https:\/\/api.w.org\/{rel}","templated":true}]}}