{"id":13338,"date":"2014-01-18T17:48:52","date_gmt":"2014-01-18T16:48:52","guid":{"rendered":"http:\/\/www.fjala.info\/?p=192"},"modified":"2014-01-18T17:48:52","modified_gmt":"2014-01-18T16:48:52","slug":"rama-fund-praktikave-kur-tatimoret-silleshin-si-kusare-jo-kontrolle-ne-befasi-ndaj-biznesit-tolerance-zero-ndaj-informalitetit","status":"publish","type":"post","link":"https:\/\/fjala.info\/2009-2015\/rama-fund-praktikave-kur-tatimoret-silleshin-si-kusare-jo-kontrolle-ne-befasi-ndaj-biznesit-tolerance-zero-ndaj-informalitetit\/","title":{"rendered":"Rama: Fund praktikave kur tatimor\u00ebt silleshin si kusar\u00eb. Jo kontrolle n\u00eb befasi ndaj biznesit. Toleranc\u00eb zero ndaj informalitetit"},"content":{"rendered":"<p><img decoding=\"async\" class=\"alignright size-thumbnail wp-image-7236\" title=\"Edi Rama\" src=\"http:\/\/www.fjala.info\/2014\/edi_rama_tatime.jpg\" width=\"300\" \/> Kryeministri Edi Rama shprehu vendosm\u00ebrin\u00eb e Qeveris\u00eb p\u00ebr t\u00eb ndryshuar nj\u00ebher\u00eb e mir\u00eb sjelljen e administrat\u00ebs tatimore ndaj bizneseve dhe qytetar\u00ebve q\u00eb kan\u00eb zgjedhur si m\u00ebnyr\u00eb jetese t\u00eb b\u00ebrit biznes apo vet\u00ebpun\u00ebsimin. N\u00eb nj\u00eb takim me administrat\u00ebs tatimore, Kreu i Qeveris\u00eb theksoi se brenda 2014 duhet t\u00eb ndryshoj\u00eb rr\u00ebnj\u00ebsisht sjellja e administrat\u00ebs n\u00eb raport me qytetar\u00ebt dhe biznesin, sikund\u00ebr k\u00ebrkoi q\u00eb ti jepet fund praktikave t\u00eb vjetra q\u00eb vendosnin biznesin nga m\u00eb i vogli tek m\u00eb i madhi p\u00ebrball\u00eb presionit psikologjik deri n\u00eb terror.<\/p>\n<p>\u201cQytetar\u00ebt e shqip\u00ebris\u00eb kan\u00eb halle, probleme, konflikte p\u00ebr t\u00eb cilat trokasin n\u00eb dyert e shtetit, n\u00eb dyert e adminsitrat\u00ebs. Qytetar\u00ebt kan\u00eb ambicie t\u00eb shprehur me vot\u00ebn e tyre p\u00ebr t\u00eb gjetur nj\u00eb tjet\u00ebr p\u00ebrkushtim, predispozit\u00eb dhe vullnet n\u00eb momentin kur trokasin n\u00eb der\u00ebn e shtetit. Sigurisht jo t\u00eb gjitha hallet, shqet\u00ebsimet, problemet dhe pritshm\u00ebrit\u00eb mund t\u00eb zgjidhen menj\u00ebher\u00eb dhe shum\u00eb prej tyre duan koh\u00ebn e tyre. Por ka nj\u00eb k\u00ebrkes\u00eb q\u00eb duhet t\u00eb zgjidhet menj\u00ebher\u00eb, q\u00eb qytetar\u00ebt tan\u00eb t\u00eb d\u00ebgjohen, mir\u00ebkuptohen dhe sh\u00ebrbehen me dinjitetin q\u00eb shteti duhet t\u00eb ket\u00eb n\u00eb sjelljen e tij\u201d, theksoi Rama. \u00a0N\u00eb k\u00ebt\u00eb kuad\u00ebr ai u shpreh se jo pa q\u00ebllim procesi i komunikimit me administrat\u00ebn po nis nga tatimet, e cila duhet t\u00eb ndryshoj\u00eb rr\u00ebnj\u00ebsisht sjelljen ndaj tatimpaguesve, ndaj atyre q\u00eb me taksat q\u00eb paguajn\u00eb garantojn\u00eb pagat e tuaja si punonj\u00ebs t\u00eb shtetit. \u00a0Duhet t\u00eb jepet prova q\u00eb administrata e shtetit shqiptar duhet t\u00eb jet\u00eb model n\u00eb marr\u00ebdh\u00ebniet me qytetar\u00ebt dhe duhet t\u00eb mbyllim nj\u00eb epok\u00eb e p\u00ebrkufizuar nga korrupsioni, dhuna psikologjike, rryshfeti, mbi ata q\u00eb i japin gjak ekonomis\u00eb son\u00eb, q\u00eb i japin vendit ton\u00eb mund\u00ebsin\u00eb q\u00eb t\u00eb rritet dhe p\u00ebrmir\u00ebsohet\u201d, tha Rama. Sipas tij, duhet kurajo e madhe q\u00eb mbi sip\u00ebrmarr\u00ebsit, mbi njer\u00ebzit q\u00eb hapin vendet e pun\u00ebs, t\u00eb vendoset sundimi i arbitraritetit, korrupsionit, pap\u00ebrgjegjshm\u00ebris\u00eb, q\u00eb n\u00eb vend q\u00eb t\u00eb krijoj\u00eb kushtet q\u00eb ekonomia t\u00eb zhvillohet, krijon nj\u00eb klim\u00eb t\u00eb padurueshme q\u00eb krijohet nga p\u00ebrfaq\u00ebsuesi i shtetit si dhunues dhe p\u00ebrfaq\u00ebsuesi i zhvillimit si skllav.<\/p>\n<p>\u201cSip\u00ebrmarr\u00ebsit jan\u00eb njer\u00ebzit q\u00eb t\u00eb gjith\u00eb ju duhet t\u2019i sh\u00ebrbeni me p\u00ebrgjegj\u00ebsi, p\u00ebrkushtim dhe me nd\u00ebrgjeje. Duhet t\u2019i sh\u00ebrbeni me respekt, n\u00eb kuptimin q\u00eb jo se keni p\u00ebrball\u00eb nj\u00eb njeri q\u00eb ta trajtoni si skllav, por duhet ta trajtoni q\u00eb t\u00eb ndjehet i k\u00ebnaqur edhe kur s\u2019ka t\u00eb drejt\u00eb. Nuk \u00ebsht\u00eb sjellja ajo q\u00eb p\u00ebrcakton t\u00eb drejt\u00ebn, por veprimi i drejt\u00eb. Duhet t\u00eb nd\u00ebrtojm\u00eb nj\u00eb marr\u00ebdh\u00ebnie t\u00eb re, n\u00eb m\u00ebnyr\u00eb q\u00eb t\u00eb mos dekurajojm\u00eb ata q\u00eb nga m\u00ebngjesi n\u00eb mbr\u00ebmje kan\u00eb stresin p\u00ebr pages\u00ebn e rrogave, planet e zhvillimit, konkurenc\u00ebn, q\u00eb edhe pse duhet t\u00eb jet\u00eb e lir\u00eb \u00ebsht\u00eb edhe m\u00eb e v\u00ebshtir\u00eb. Ju paguheni nga ata me t\u00eb cil\u00ebt keni t\u00eb b\u00ebni drejtp\u00ebrdrejt\u00eb, paguheni nga taksat q\u00eb burojn\u00eb nga prodhimi i atyre fabrikave, kompanive, nd\u00ebrrmarrjeve q\u00eb ju shkoni t\u00eb trokisni\u201d, iu drejtuar Kryeministri administrat\u00ebs tatimore. N\u00eb k\u00ebt\u00eb kuad\u00ebr ai k\u00ebrkoi zbatimin e Kodit , duke nisur nga veshja, sjellja apo komunikimi \u00a0n\u00eb marr\u00ebdh\u00ebniet me cdo krijues t\u00eb vendeve t\u00eb pun\u00ebs, me cdo kontributor t\u00eb t\u00eb ardhurave.<\/p>\n<p>:Figura e njeriut q\u00eb b\u00ebn biznes duhet t\u00eb vendoset n\u00eb t\u00eb nj\u00ebjtin piedestal q\u00eb meriton, nj\u00eblloj sikund\u00ebr ndodhen frym\u00ebzuesit e t\u00eb rinjve dhe t\u00eb rejave n\u00eb fusha t\u00eb tjera si sporti, kultura etj. Figur\u00ebn e biznesmenit kusar, hajdut, t\u00eb dyshimt\u00eb, nuk e ka krijuar vet\u00ebm ajo pjes\u00eb e komunitetit t\u00eb biznesit q\u00eb mendon k\u00ebshtu, por e ka krijuar sjellja e vet\u00eb shtetit si kusar n\u00eb raport me biznesin. \u00a0Jemi nj\u00eb vend, q\u00eb njer\u00ebzit q\u00eb paguajn\u00eb m\u00eb shum\u00eb taksa kan\u00eb m\u00eb shum\u00eb frik\u00eb, ndjehen n\u00ebn presion dhe n\u00ebn terror psikologjik, p\u00ebr shkak se jan\u00eb par\u00eb vijim\u00ebsisht si krijues problemesh dhe p\u00ebrfitimesh t\u00eb paligjshme t\u00eb tyre. Kjo duhet t\u00eb ndryshoj\u00eb menj\u00ebher\u00eb\u201d, theksoi Rama.<\/p>\n<p>Sipas tij, sfidat e administrimit tatimor n\u00eb Shqip\u00ebri jan\u00eb t\u00eb m\u00ebdha.\u00a0 Rama theksoi se k\u00ebto sfida nuk mund t\u00eb fitohen brenda dit\u00ebs apo nj\u00eb viti, por ajo q\u00eb duhet t\u00eb fitojm\u00eb brenda 1 viti \u00ebsht\u00eb ajo e sjelljes s\u00eb administrat\u00ebs tatimore me tatimfiguesit. \u00a0\u201cI k\u00ebrkuam kompanive t\u00eb paguajn\u00eb 15 % nga 10 % t\u00eb tatimit t\u00eb fitimit, por n\u00eb t\u00eb nj\u00ebjt\u00ebn koh\u00eb jemi t\u00eb vet\u00ebdijsh\u00ebm se p\u00ebrkund\u00ebr rritjes s\u00eb kontributit t\u00eb tyre duhet t\u00eb rrisim sh\u00ebrbimet ndaj tyre. \u201cKemi ulur taksat p\u00ebr 97 % t\u00eb atyre q\u00eb jetojn\u00eb me rroga, sikund\u00ebr kemi rritur taksat p\u00ebr ata q\u00eb kan\u00eb aktivitete ekonomike. Kemi marr\u00eb p\u00ebrsip\u00ebr t\u00eb ulim taks\u00ebn e korrupsionit, arbitraritetit, koh\u00ebs dhe t\u2019i b\u00ebjm\u00eb t\u00eb pap\u00ebrfillshme ato. Paraja reale q\u00eb ka dal\u00eb nga xhepi i tyre gjat\u00eb nj\u00eb viti nuk ka qen\u00eb ajo q\u00eb futej n\u00eb xhepin e shtetit 10 %, porn \u00eb baz\u00eb t\u00eb studimeve dhe sondazheve q\u00eb ne kemi b\u00ebr\u00eb p\u00ebrpara se t\u00eb shkruanim programin, na rezulton me nj\u00eb mesatare 22 %, ku diferenca perj 12 % ishte korrupsioni dhe rryshfeti. \u00a0Pra diferenca mes 15 % zyrtar dhe 22 % jozyrtar ne do ta b\u00ebjm\u00eb zero\u201d, tha Rama.<\/p>\n<p>N\u00eb vijim, Kryeministri i k\u00ebrkoi punonj\u00ebsve t\u00eb administrat\u00ebs tatimore q\u00eb t\u00eb mos guxojn\u00eb t\u00eb trokasin n\u00eb der\u00ebn e nj\u00eb biznesi apo dyqani duke p\u00ebrdorur kultur\u00ebn e vjet\u00ebr, at\u00eb t\u00eb gjobv\u00ebn\u00ebsit apo kusarit. \u201cKjo m\u00ebnyr\u00eb sjelljeje duhet t\u00eb marr\u00eb fund dhe ajo q\u00eb duhet t\u00eb mbizot\u00ebroj\u00eb \u00ebsht\u00eb fryma e bashk\u00ebpunimit, mir\u00ebkuptimit. Nuk ka gj\u00eb m\u00eb t\u00eb turpshme dhe t\u00eb fajshme sesa t\u00eb prek\u00ebsh t\u00eb ardhurat legjitime t\u00eb nj\u00eb dyqani apo furre buke, biznesi \u00a0sh\u00ebrbimi ku njer\u00ebz si ne, familjar\u00eb tan\u00eb, nxjerrin fitimet e tyre me mundime t\u00eb m\u00ebdha. Dhe ti shtosh k\u00ebtyre mundimeve edhe mundimin e fytyr\u00ebs s\u00eb degraduar t\u00eb nj\u00eb agjenti tatimor \u00ebsht\u00eb kriminale. Nuk do t\u00eb tolerojm\u00eb asnj\u00eb sjellje dhe nuk do t\u00eb falim ask\u00ebnd q\u00eb nuk do t\u00eb kontribuoj\u00eb dhe nuk do t\u00eb respektoj\u00eb sjelljen europiane t\u00eb shtetit\u201d, theksoi Rama.<\/p>\n<p>Gjithashtu ai k\u00ebrkoi nga administrata tatimore q\u00eb t\u00eb respektoj\u00eb n\u00eb m\u00ebnyr\u00eb rigoroze etik\u00ebn p\u00ebrsa i takon procedurave dhe shkresave n\u00eb raport me qytetar\u00ebt, n\u00eb m\u00ebnyr\u00eb q\u00eb edhe raporti mes shtetit dhe kompanive t\u00eb jet\u00eb sa m\u00eb etik dhe i p\u00ebrgjegjsh\u00ebm. \u201c\u00cbsht\u00eb koha t\u00eb reduktojm\u00eb vizitat fiskale, trokitjet or\u00eb e pa or\u00eb n\u00eb dyert e biznesit, vizitat rast e pa rast q\u00eb shqet\u00ebsojn\u00eb dhe c\u2019fokusojn\u00eb biznesin nga puna e vet. Duhet t\u00eb ket\u00eb racionalizim t\u00eb kontrolleve dhe duhet t\u00eb jet\u00eb i njohur paraprakisht nga cdo biznes q\u00eb kontrollohet, duhet t\u00eb lajm\u00ebrohet cdo pronar, pasi duhet ti jepet fund befasive t\u00eb pakuptimta\u201d, tha Rama. Nj\u00eb tjet\u00ebr pik\u00eb p\u00ebr t\u00eb cil\u00ebn Rama k\u00ebrkoi angazhimin e administrat\u00ebs tatimore ishte korrekt\u00ebsia e kontrollit dhe zbatimi g\u00ebrm\u00eb p\u00ebr g\u00ebrm\u00eb i ligjeve, n\u00eb m\u00ebnyr\u00eb q\u00eb edhe ankesat e bizneseve t\u00eb vijn\u00eb n\u00eb ulje. \u201cJu nuk keni detyr\u00eb t\u00eb shtoni numrin e ankimeve apo apelimeve, por duhet ti ulni n\u00eb minimum duke qen\u00eb t\u00eb drejt\u00eb dhe t\u00eb qart\u00eb. Asnj\u00eb kompromis n\u00eb d\u00ebm t\u00eb interesit t\u00eb shtetit, por nj\u00ebkoh\u00ebsisht asnj\u00eb c\u00ebnim t\u00eb paligjsh\u00ebm apo d\u00ebmtim t\u00eb interesit t\u00eb biznesit\u201d, tha ai.<\/p>\n<p>Si bjektiva kryesore p\u00ebr administrat\u00ebn tatimore, Kryeministri p\u00ebrmendi mos krijimin e pagesave t\u00eb prapambetura, menaxhimin e sukseshs\u00ebm t\u00eb rimbursimit t\u00eb TVSH dhe b\u00ebrjen e rimbursimit t\u00eb plot\u00eb brenda 60 dit\u00ebve p\u00ebr t\u00eb mbyllur nj\u00ebher\u00eb e mir\u00eb nj\u00eb epok\u00eb q\u00eb ka sjell\u00eb q\u00eb rimbursimi i TVSH ka shkuar atje nuk s\u2019mban m\u00eb p\u00ebr biznesin. \u201cIluzioni se duke mos rimbursuar TVSH se medemek shteti t\u00eb ket\u00eb m\u00eb shum\u00eb para, e ka rr\u00ebnuar ekonomin\u00eb private, si dhe ekonomin\u00eb komb\u00ebtare gjithashtu. Kush pengon nj\u00eb biznes, ka penguar rritjen e ekonomin\u00eb komb\u00ebtare\u201d, tha Rama.<\/p>\n<p>Gjithashtu Kryeministri k\u00ebrkoi toleranc\u00eb zero ndaj bizneseve q\u00eb operojn\u00eb n\u00eb at\u00eb q\u00eb quhet zona gri apo duke mos respektuar asnj\u00eb ligj t\u00eb shtetit. \u201cNe na duhet me cdo cmim t\u00eb zgjerojm\u00eb baz\u00ebn e tatimpaguesve. T\u00eb ndryshojm\u00eb profilin e pun\u00ebs nga nj\u00eb pun\u00eb q\u00eb fokusohet tek ata q\u00eb paguajn\u00eb p\u00ebr ti v\u00ebn\u00eb pas murit, tek nj\u00eb pun\u00eb p\u00ebr t\u00eb nxjerr\u00eb n\u00eb drit\u00eb bizneset q\u00eb operojn\u00eb jasht\u00eb kufijve t\u00eb ligjit dhe q\u00eb jetojn\u00eb n\u00eb zon\u00ebn gri t\u00eb ekonomis\u00eb\u201d, tha ai. \u00a0Kreu i Qeveris\u00eb paralajm\u00ebroi administrat\u00ebn tatimore q\u00eb p\u00ebr cdo ankes\u00eb t\u00eb biznesit q\u00eb do t\u00eb provohet se \u00ebsht\u00eb ushtruar presion apo jan\u00eb p\u00ebrdorur metoda kontrolli n\u00eb kund\u00ebrshtim me ligjin, personi p\u00ebrgjegj\u00ebs nuk do t\u00eb ket\u00eb m\u00eb vend n\u00eb administrat\u00eb dhe do t\u00eb p\u00ebrballet me ligjin.<\/p>\n","protected":false},"excerpt":{"rendered":"<p>Kryeministri Edi Rama shprehu vendosm\u00ebrin\u00eb e Qeveris\u00eb p\u00ebr t\u00eb ndryshuar nj\u00ebher\u00eb e mir\u00eb sjelljen e administrat\u00ebs tatimore ndaj bizneseve dhe qytetar\u00ebve q\u00eb kan\u00eb zgjedhur si m\u00ebnyr\u00eb jetese t\u00eb b\u00ebrit biznes apo vet\u00ebpun\u00ebsimin. N\u00eb nj\u00eb takim me administrat\u00ebs tatimore, Kreu i Qeveris\u00eb theksoi se brenda 2014 duhet t\u00eb ndryshoj\u00eb rr\u00ebnj\u00ebsisht sjellja e administrat\u00ebs n\u00eb raport me [&hellip;]<\/p>\n","protected":false},"author":1,"featured_media":0,"comment_status":"open","ping_status":"closed","sticky":false,"template":"","format":"standard","meta":{"footnotes":""},"categories":[2],"tags":[],"class_list":{"0":"post-13338","1":"post","2":"type-post","3":"status-publish","4":"format-standard","6":"category-artikuj"},"yoast_head":"<!-- This site is optimized with the Yoast SEO plugin v27.4 - https:\/\/yoast.com\/product\/yoast-seo-wordpress\/ -->\n<title>Rama: Fund praktikave kur tatimor\u00ebt silleshin si kusar\u00eb. Jo kontrolle n\u00eb befasi ndaj biznesit. Toleranc\u00eb zero ndaj informalitetit - FjALA e LIR\u00cb - Arkivi<\/title>\n<meta name=\"robots\" content=\"index, follow, max-snippet:-1, max-image-preview:large, max-video-preview:-1\" \/>\n<link rel=\"canonical\" href=\"https:\/\/fjala.info\/2009-2015\/rama-fund-praktikave-kur-tatimoret-silleshin-si-kusare-jo-kontrolle-ne-befasi-ndaj-biznesit-tolerance-zero-ndaj-informalitetit\/\" \/>\n<meta property=\"og:locale\" content=\"sq_AL\" \/>\n<meta property=\"og:type\" content=\"article\" \/>\n<meta property=\"og:title\" content=\"Rama: Fund praktikave kur tatimor\u00ebt silleshin si kusar\u00eb. Jo kontrolle n\u00eb befasi ndaj biznesit. Toleranc\u00eb zero ndaj informalitetit - FjALA e LIR\u00cb - Arkivi\" \/>\n<meta property=\"og:description\" content=\"Kryeministri Edi Rama shprehu vendosm\u00ebrin\u00eb e Qeveris\u00eb p\u00ebr t\u00eb ndryshuar nj\u00ebher\u00eb e mir\u00eb sjelljen e administrat\u00ebs tatimore ndaj bizneseve dhe qytetar\u00ebve q\u00eb kan\u00eb zgjedhur si m\u00ebnyr\u00eb jetese t\u00eb b\u00ebrit biznes apo vet\u00ebpun\u00ebsimin. N\u00eb nj\u00eb takim me administrat\u00ebs tatimore, Kreu i Qeveris\u00eb theksoi se brenda 2014 duhet t\u00eb ndryshoj\u00eb rr\u00ebnj\u00ebsisht sjellja e administrat\u00ebs n\u00eb raport me [&hellip;]\" \/>\n<meta property=\"og:url\" content=\"https:\/\/fjala.info\/2009-2015\/rama-fund-praktikave-kur-tatimoret-silleshin-si-kusare-jo-kontrolle-ne-befasi-ndaj-biznesit-tolerance-zero-ndaj-informalitetit\/\" \/>\n<meta property=\"og:site_name\" content=\"FjALA e LIR\u00cb - Arkivi\" \/>\n<meta property=\"article:published_time\" content=\"2014-01-18T16:48:52+00:00\" \/>\n<meta property=\"og:image\" content=\"http:\/\/www.fjala.info\/2014\/edi_rama_tatime.jpg\" \/>\n<meta name=\"author\" content=\"admin\" \/>\n<meta name=\"twitter:card\" content=\"summary_large_image\" \/>\n<meta name=\"twitter:label1\" content=\"Written by\" \/>\n\t<meta name=\"twitter:data1\" content=\"admin\" \/>\n\t<meta name=\"twitter:label2\" content=\"Est. reading time\" \/>\n\t<meta name=\"twitter:data2\" content=\"8 minutes\" \/>\n<script type=\"application\/ld+json\" class=\"yoast-schema-graph\">{\"@context\":\"https:\\\/\\\/schema.org\",\"@graph\":[{\"@type\":\"Article\",\"@id\":\"https:\\\/\\\/fjala.info\\\/2009-2015\\\/rama-fund-praktikave-kur-tatimoret-silleshin-si-kusare-jo-kontrolle-ne-befasi-ndaj-biznesit-tolerance-zero-ndaj-informalitetit\\\/#article\",\"isPartOf\":{\"@id\":\"https:\\\/\\\/fjala.info\\\/2009-2015\\\/rama-fund-praktikave-kur-tatimoret-silleshin-si-kusare-jo-kontrolle-ne-befasi-ndaj-biznesit-tolerance-zero-ndaj-informalitetit\\\/\"},\"author\":{\"name\":\"admin\",\"@id\":\"https:\\\/\\\/fjala.info\\\/2009-2015\\\/#\\\/schema\\\/person\\\/3aa1163ef05469c496fc94e77611ada2\"},\"headline\":\"Rama: Fund praktikave kur tatimor\u00ebt silleshin si kusar\u00eb. Jo kontrolle n\u00eb befasi ndaj biznesit. Toleranc\u00eb zero ndaj informalitetit\",\"datePublished\":\"2014-01-18T16:48:52+00:00\",\"mainEntityOfPage\":{\"@id\":\"https:\\\/\\\/fjala.info\\\/2009-2015\\\/rama-fund-praktikave-kur-tatimoret-silleshin-si-kusare-jo-kontrolle-ne-befasi-ndaj-biznesit-tolerance-zero-ndaj-informalitetit\\\/\"},\"wordCount\":1532,\"commentCount\":0,\"publisher\":{\"@id\":\"https:\\\/\\\/fjala.info\\\/2009-2015\\\/#organization\"},\"image\":{\"@id\":\"https:\\\/\\\/fjala.info\\\/2009-2015\\\/rama-fund-praktikave-kur-tatimoret-silleshin-si-kusare-jo-kontrolle-ne-befasi-ndaj-biznesit-tolerance-zero-ndaj-informalitetit\\\/#primaryimage\"},\"thumbnailUrl\":\"http:\\\/\\\/www.fjala.info\\\/2014\\\/edi_rama_tatime.jpg\",\"articleSection\":[\"Artikuj\"],\"inLanguage\":\"sq-AL\",\"potentialAction\":[{\"@type\":\"CommentAction\",\"name\":\"Comment\",\"target\":[\"https:\\\/\\\/fjala.info\\\/2009-2015\\\/rama-fund-praktikave-kur-tatimoret-silleshin-si-kusare-jo-kontrolle-ne-befasi-ndaj-biznesit-tolerance-zero-ndaj-informalitetit\\\/#respond\"]}]},{\"@type\":\"WebPage\",\"@id\":\"https:\\\/\\\/fjala.info\\\/2009-2015\\\/rama-fund-praktikave-kur-tatimoret-silleshin-si-kusare-jo-kontrolle-ne-befasi-ndaj-biznesit-tolerance-zero-ndaj-informalitetit\\\/\",\"url\":\"https:\\\/\\\/fjala.info\\\/2009-2015\\\/rama-fund-praktikave-kur-tatimoret-silleshin-si-kusare-jo-kontrolle-ne-befasi-ndaj-biznesit-tolerance-zero-ndaj-informalitetit\\\/\",\"name\":\"Rama: Fund praktikave kur tatimor\u00ebt silleshin si kusar\u00eb. Jo kontrolle n\u00eb befasi ndaj biznesit. Toleranc\u00eb zero ndaj informalitetit - FjALA e LIR\u00cb - Arkivi\",\"isPartOf\":{\"@id\":\"https:\\\/\\\/fjala.info\\\/2009-2015\\\/#website\"},\"primaryImageOfPage\":{\"@id\":\"https:\\\/\\\/fjala.info\\\/2009-2015\\\/rama-fund-praktikave-kur-tatimoret-silleshin-si-kusare-jo-kontrolle-ne-befasi-ndaj-biznesit-tolerance-zero-ndaj-informalitetit\\\/#primaryimage\"},\"image\":{\"@id\":\"https:\\\/\\\/fjala.info\\\/2009-2015\\\/rama-fund-praktikave-kur-tatimoret-silleshin-si-kusare-jo-kontrolle-ne-befasi-ndaj-biznesit-tolerance-zero-ndaj-informalitetit\\\/#primaryimage\"},\"thumbnailUrl\":\"http:\\\/\\\/www.fjala.info\\\/2014\\\/edi_rama_tatime.jpg\",\"datePublished\":\"2014-01-18T16:48:52+00:00\",\"breadcrumb\":{\"@id\":\"https:\\\/\\\/fjala.info\\\/2009-2015\\\/rama-fund-praktikave-kur-tatimoret-silleshin-si-kusare-jo-kontrolle-ne-befasi-ndaj-biznesit-tolerance-zero-ndaj-informalitetit\\\/#breadcrumb\"},\"inLanguage\":\"sq-AL\",\"potentialAction\":[{\"@type\":\"ReadAction\",\"target\":[\"https:\\\/\\\/fjala.info\\\/2009-2015\\\/rama-fund-praktikave-kur-tatimoret-silleshin-si-kusare-jo-kontrolle-ne-befasi-ndaj-biznesit-tolerance-zero-ndaj-informalitetit\\\/\"]}]},{\"@type\":\"ImageObject\",\"inLanguage\":\"sq-AL\",\"@id\":\"https:\\\/\\\/fjala.info\\\/2009-2015\\\/rama-fund-praktikave-kur-tatimoret-silleshin-si-kusare-jo-kontrolle-ne-befasi-ndaj-biznesit-tolerance-zero-ndaj-informalitetit\\\/#primaryimage\",\"url\":\"http:\\\/\\\/www.fjala.info\\\/2014\\\/edi_rama_tatime.jpg\",\"contentUrl\":\"http:\\\/\\\/www.fjala.info\\\/2014\\\/edi_rama_tatime.jpg\"},{\"@type\":\"BreadcrumbList\",\"@id\":\"https:\\\/\\\/fjala.info\\\/2009-2015\\\/rama-fund-praktikave-kur-tatimoret-silleshin-si-kusare-jo-kontrolle-ne-befasi-ndaj-biznesit-tolerance-zero-ndaj-informalitetit\\\/#breadcrumb\",\"itemListElement\":[{\"@type\":\"ListItem\",\"position\":1,\"name\":\"Home\",\"item\":\"https:\\\/\\\/fjala.info\\\/2009-2015\\\/\"},{\"@type\":\"ListItem\",\"position\":2,\"name\":\"Rama: Fund praktikave kur tatimor\u00ebt silleshin si kusar\u00eb. Jo kontrolle n\u00eb befasi ndaj biznesit. Toleranc\u00eb zero ndaj informalitetit\"}]},{\"@type\":\"WebSite\",\"@id\":\"https:\\\/\\\/fjala.info\\\/2009-2015\\\/#website\",\"url\":\"https:\\\/\\\/fjala.info\\\/2009-2015\\\/\",\"name\":\"FjALA e LIR\u00cb - Arkivi\",\"description\":\"Arkivi 2009-2015\",\"publisher\":{\"@id\":\"https:\\\/\\\/fjala.info\\\/2009-2015\\\/#organization\"},\"potentialAction\":[{\"@type\":\"SearchAction\",\"target\":{\"@type\":\"EntryPoint\",\"urlTemplate\":\"https:\\\/\\\/fjala.info\\\/2009-2015\\\/?s={search_term_string}\"},\"query-input\":{\"@type\":\"PropertyValueSpecification\",\"valueRequired\":true,\"valueName\":\"search_term_string\"}}],\"inLanguage\":\"sq-AL\"},{\"@type\":\"Organization\",\"@id\":\"https:\\\/\\\/fjala.info\\\/2009-2015\\\/#organization\",\"name\":\"FjALA e LIR\u00cb - Arkivi\",\"url\":\"https:\\\/\\\/fjala.info\\\/2009-2015\\\/\",\"logo\":{\"@type\":\"ImageObject\",\"inLanguage\":\"sq-AL\",\"@id\":\"https:\\\/\\\/fjala.info\\\/2009-2015\\\/#\\\/schema\\\/logo\\\/image\\\/\",\"url\":\"\",\"contentUrl\":\"\",\"caption\":\"FjALA e LIR\u00cb - Arkivi\"},\"image\":{\"@id\":\"https:\\\/\\\/fjala.info\\\/2009-2015\\\/#\\\/schema\\\/logo\\\/image\\\/\"}},{\"@type\":\"Person\",\"@id\":\"https:\\\/\\\/fjala.info\\\/2009-2015\\\/#\\\/schema\\\/person\\\/3aa1163ef05469c496fc94e77611ada2\",\"name\":\"admin\",\"image\":{\"@type\":\"ImageObject\",\"inLanguage\":\"sq-AL\",\"@id\":\"https:\\\/\\\/fjala.info\\\/2009-2015\\\/wp-content\\\/uploads\\\/2012\\\/02\\\/arben_cokaj-120x150.jpg\",\"url\":\"https:\\\/\\\/fjala.info\\\/2009-2015\\\/wp-content\\\/uploads\\\/2012\\\/02\\\/arben_cokaj-120x150.jpg\",\"contentUrl\":\"https:\\\/\\\/fjala.info\\\/2009-2015\\\/wp-content\\\/uploads\\\/2012\\\/02\\\/arben_cokaj-120x150.jpg\",\"caption\":\"admin\"},\"description\":\"Admin, Fjala e Lir\u00eb\",\"sameAs\":[\"https:\\\/\\\/fjala.info\\\/\"],\"url\":\"https:\\\/\\\/fjala.info\\\/2009-2015\\\/author\\\/admin\\\/\"}]}<\/script>\n<!-- \/ Yoast SEO plugin. -->","yoast_head_json":{"title":"Rama: Fund praktikave kur tatimor\u00ebt silleshin si kusar\u00eb. Jo kontrolle n\u00eb befasi ndaj biznesit. Toleranc\u00eb zero ndaj informalitetit - FjALA e LIR\u00cb - Arkivi","robots":{"index":"index","follow":"follow","max-snippet":"max-snippet:-1","max-image-preview":"max-image-preview:large","max-video-preview":"max-video-preview:-1"},"canonical":"https:\/\/fjala.info\/2009-2015\/rama-fund-praktikave-kur-tatimoret-silleshin-si-kusare-jo-kontrolle-ne-befasi-ndaj-biznesit-tolerance-zero-ndaj-informalitetit\/","og_locale":"sq_AL","og_type":"article","og_title":"Rama: Fund praktikave kur tatimor\u00ebt silleshin si kusar\u00eb. Jo kontrolle n\u00eb befasi ndaj biznesit. Toleranc\u00eb zero ndaj informalitetit - FjALA e LIR\u00cb - Arkivi","og_description":"Kryeministri Edi Rama shprehu vendosm\u00ebrin\u00eb e Qeveris\u00eb p\u00ebr t\u00eb ndryshuar nj\u00ebher\u00eb e mir\u00eb sjelljen e administrat\u00ebs tatimore ndaj bizneseve dhe qytetar\u00ebve q\u00eb kan\u00eb zgjedhur si m\u00ebnyr\u00eb jetese t\u00eb b\u00ebrit biznes apo vet\u00ebpun\u00ebsimin. N\u00eb nj\u00eb takim me administrat\u00ebs tatimore, Kreu i Qeveris\u00eb theksoi se brenda 2014 duhet t\u00eb ndryshoj\u00eb rr\u00ebnj\u00ebsisht sjellja e administrat\u00ebs n\u00eb raport me [&hellip;]","og_url":"https:\/\/fjala.info\/2009-2015\/rama-fund-praktikave-kur-tatimoret-silleshin-si-kusare-jo-kontrolle-ne-befasi-ndaj-biznesit-tolerance-zero-ndaj-informalitetit\/","og_site_name":"FjALA e LIR\u00cb - Arkivi","article_published_time":"2014-01-18T16:48:52+00:00","og_image":[{"url":"http:\/\/www.fjala.info\/2014\/edi_rama_tatime.jpg","type":"","width":"","height":""}],"author":"admin","twitter_card":"summary_large_image","twitter_misc":{"Written by":"admin","Est. reading time":"8 minutes"},"schema":{"@context":"https:\/\/schema.org","@graph":[{"@type":"Article","@id":"https:\/\/fjala.info\/2009-2015\/rama-fund-praktikave-kur-tatimoret-silleshin-si-kusare-jo-kontrolle-ne-befasi-ndaj-biznesit-tolerance-zero-ndaj-informalitetit\/#article","isPartOf":{"@id":"https:\/\/fjala.info\/2009-2015\/rama-fund-praktikave-kur-tatimoret-silleshin-si-kusare-jo-kontrolle-ne-befasi-ndaj-biznesit-tolerance-zero-ndaj-informalitetit\/"},"author":{"name":"admin","@id":"https:\/\/fjala.info\/2009-2015\/#\/schema\/person\/3aa1163ef05469c496fc94e77611ada2"},"headline":"Rama: Fund praktikave kur tatimor\u00ebt silleshin si kusar\u00eb. Jo kontrolle n\u00eb befasi ndaj biznesit. Toleranc\u00eb zero ndaj informalitetit","datePublished":"2014-01-18T16:48:52+00:00","mainEntityOfPage":{"@id":"https:\/\/fjala.info\/2009-2015\/rama-fund-praktikave-kur-tatimoret-silleshin-si-kusare-jo-kontrolle-ne-befasi-ndaj-biznesit-tolerance-zero-ndaj-informalitetit\/"},"wordCount":1532,"commentCount":0,"publisher":{"@id":"https:\/\/fjala.info\/2009-2015\/#organization"},"image":{"@id":"https:\/\/fjala.info\/2009-2015\/rama-fund-praktikave-kur-tatimoret-silleshin-si-kusare-jo-kontrolle-ne-befasi-ndaj-biznesit-tolerance-zero-ndaj-informalitetit\/#primaryimage"},"thumbnailUrl":"http:\/\/www.fjala.info\/2014\/edi_rama_tatime.jpg","articleSection":["Artikuj"],"inLanguage":"sq-AL","potentialAction":[{"@type":"CommentAction","name":"Comment","target":["https:\/\/fjala.info\/2009-2015\/rama-fund-praktikave-kur-tatimoret-silleshin-si-kusare-jo-kontrolle-ne-befasi-ndaj-biznesit-tolerance-zero-ndaj-informalitetit\/#respond"]}]},{"@type":"WebPage","@id":"https:\/\/fjala.info\/2009-2015\/rama-fund-praktikave-kur-tatimoret-silleshin-si-kusare-jo-kontrolle-ne-befasi-ndaj-biznesit-tolerance-zero-ndaj-informalitetit\/","url":"https:\/\/fjala.info\/2009-2015\/rama-fund-praktikave-kur-tatimoret-silleshin-si-kusare-jo-kontrolle-ne-befasi-ndaj-biznesit-tolerance-zero-ndaj-informalitetit\/","name":"Rama: Fund praktikave kur tatimor\u00ebt silleshin si kusar\u00eb. Jo kontrolle n\u00eb befasi ndaj biznesit. Toleranc\u00eb zero ndaj informalitetit - FjALA e LIR\u00cb - Arkivi","isPartOf":{"@id":"https:\/\/fjala.info\/2009-2015\/#website"},"primaryImageOfPage":{"@id":"https:\/\/fjala.info\/2009-2015\/rama-fund-praktikave-kur-tatimoret-silleshin-si-kusare-jo-kontrolle-ne-befasi-ndaj-biznesit-tolerance-zero-ndaj-informalitetit\/#primaryimage"},"image":{"@id":"https:\/\/fjala.info\/2009-2015\/rama-fund-praktikave-kur-tatimoret-silleshin-si-kusare-jo-kontrolle-ne-befasi-ndaj-biznesit-tolerance-zero-ndaj-informalitetit\/#primaryimage"},"thumbnailUrl":"http:\/\/www.fjala.info\/2014\/edi_rama_tatime.jpg","datePublished":"2014-01-18T16:48:52+00:00","breadcrumb":{"@id":"https:\/\/fjala.info\/2009-2015\/rama-fund-praktikave-kur-tatimoret-silleshin-si-kusare-jo-kontrolle-ne-befasi-ndaj-biznesit-tolerance-zero-ndaj-informalitetit\/#breadcrumb"},"inLanguage":"sq-AL","potentialAction":[{"@type":"ReadAction","target":["https:\/\/fjala.info\/2009-2015\/rama-fund-praktikave-kur-tatimoret-silleshin-si-kusare-jo-kontrolle-ne-befasi-ndaj-biznesit-tolerance-zero-ndaj-informalitetit\/"]}]},{"@type":"ImageObject","inLanguage":"sq-AL","@id":"https:\/\/fjala.info\/2009-2015\/rama-fund-praktikave-kur-tatimoret-silleshin-si-kusare-jo-kontrolle-ne-befasi-ndaj-biznesit-tolerance-zero-ndaj-informalitetit\/#primaryimage","url":"http:\/\/www.fjala.info\/2014\/edi_rama_tatime.jpg","contentUrl":"http:\/\/www.fjala.info\/2014\/edi_rama_tatime.jpg"},{"@type":"BreadcrumbList","@id":"https:\/\/fjala.info\/2009-2015\/rama-fund-praktikave-kur-tatimoret-silleshin-si-kusare-jo-kontrolle-ne-befasi-ndaj-biznesit-tolerance-zero-ndaj-informalitetit\/#breadcrumb","itemListElement":[{"@type":"ListItem","position":1,"name":"Home","item":"https:\/\/fjala.info\/2009-2015\/"},{"@type":"ListItem","position":2,"name":"Rama: Fund praktikave kur tatimor\u00ebt silleshin si kusar\u00eb. Jo kontrolle n\u00eb befasi ndaj biznesit. Toleranc\u00eb zero ndaj informalitetit"}]},{"@type":"WebSite","@id":"https:\/\/fjala.info\/2009-2015\/#website","url":"https:\/\/fjala.info\/2009-2015\/","name":"FjALA e LIR\u00cb - Arkivi","description":"Arkivi 2009-2015","publisher":{"@id":"https:\/\/fjala.info\/2009-2015\/#organization"},"potentialAction":[{"@type":"SearchAction","target":{"@type":"EntryPoint","urlTemplate":"https:\/\/fjala.info\/2009-2015\/?s={search_term_string}"},"query-input":{"@type":"PropertyValueSpecification","valueRequired":true,"valueName":"search_term_string"}}],"inLanguage":"sq-AL"},{"@type":"Organization","@id":"https:\/\/fjala.info\/2009-2015\/#organization","name":"FjALA e LIR\u00cb - Arkivi","url":"https:\/\/fjala.info\/2009-2015\/","logo":{"@type":"ImageObject","inLanguage":"sq-AL","@id":"https:\/\/fjala.info\/2009-2015\/#\/schema\/logo\/image\/","url":"","contentUrl":"","caption":"FjALA e LIR\u00cb - Arkivi"},"image":{"@id":"https:\/\/fjala.info\/2009-2015\/#\/schema\/logo\/image\/"}},{"@type":"Person","@id":"https:\/\/fjala.info\/2009-2015\/#\/schema\/person\/3aa1163ef05469c496fc94e77611ada2","name":"admin","image":{"@type":"ImageObject","inLanguage":"sq-AL","@id":"https:\/\/fjala.info\/2009-2015\/wp-content\/uploads\/2012\/02\/arben_cokaj-120x150.jpg","url":"https:\/\/fjala.info\/2009-2015\/wp-content\/uploads\/2012\/02\/arben_cokaj-120x150.jpg","contentUrl":"https:\/\/fjala.info\/2009-2015\/wp-content\/uploads\/2012\/02\/arben_cokaj-120x150.jpg","caption":"admin"},"description":"Admin, Fjala e Lir\u00eb","sameAs":["https:\/\/fjala.info\/"],"url":"https:\/\/fjala.info\/2009-2015\/author\/admin\/"}]}},"_links":{"self":[{"href":"https:\/\/fjala.info\/2009-2015\/wp-json\/wp\/v2\/posts\/13338","targetHints":{"allow":["GET"]}}],"collection":[{"href":"https:\/\/fjala.info\/2009-2015\/wp-json\/wp\/v2\/posts"}],"about":[{"href":"https:\/\/fjala.info\/2009-2015\/wp-json\/wp\/v2\/types\/post"}],"author":[{"embeddable":true,"href":"https:\/\/fjala.info\/2009-2015\/wp-json\/wp\/v2\/users\/1"}],"replies":[{"embeddable":true,"href":"https:\/\/fjala.info\/2009-2015\/wp-json\/wp\/v2\/comments?post=13338"}],"version-history":[{"count":0,"href":"https:\/\/fjala.info\/2009-2015\/wp-json\/wp\/v2\/posts\/13338\/revisions"}],"wp:attachment":[{"href":"https:\/\/fjala.info\/2009-2015\/wp-json\/wp\/v2\/media?parent=13338"}],"wp:term":[{"taxonomy":"category","embeddable":true,"href":"https:\/\/fjala.info\/2009-2015\/wp-json\/wp\/v2\/categories?post=13338"},{"taxonomy":"post_tag","embeddable":true,"href":"https:\/\/fjala.info\/2009-2015\/wp-json\/wp\/v2\/tags?post=13338"}],"curies":[{"name":"wp","href":"https:\/\/api.w.org\/{rel}","templated":true}]}}