{"id":13337,"date":"2014-01-17T22:53:33","date_gmt":"2014-01-17T21:53:33","guid":{"rendered":"http:\/\/www.fjala.info\/?p=186"},"modified":"2014-01-17T22:53:33","modified_gmt":"2014-01-17T21:53:33","slug":"islami-nder-shqiptare-pro-dhe-kundra","status":"publish","type":"post","link":"https:\/\/fjala.info\/2009-2015\/islami-nder-shqiptare-pro-dhe-kundra\/","title":{"rendered":"Islami nd\u00ebr shqiptar\u00eb, pro dhe kundra!"},"content":{"rendered":"<p><strong>Labinot Neza<\/strong> m\u00eb shkruan n\u00eb <i>Inbox<\/i> n\u00eb Facebook:<\/p>\n<blockquote><p>\nSelamu alejkum&#8230; me vjen shum keq si paske kete mllef per muslimanet, cka eshte me e keqja se po i quan turko-arab kurse ne jemi shqiptar me kombesi por musliman me fe, nuk jemi krishter nga vatikani e as nga jeruzalemi po as ateista te nenes natyr&#8230;. nje keshill te kisha sugjeru ta lexosh kuranin dh dote shohesh se qka eshte feja islame te jesh i bindur se ndryshe do flasesh dhe do mendosh.. klm<br \/>\n<em>Labinot Neza<\/em>\n<\/p><\/blockquote>\n<p><img decoding=\"async\" class=\"alignright size-thumbnail wp-image-7236\" title=\"Injoranca i b\u00ebrtet dituris\u00eb!\" alt=\"\" src=\"http:\/\/www.fjala.info\/2014\/injoranca_me_diturine.jpg\" width=\"300\" \/><br \/>\nDhe un\u00eb (<strong>Arben \u00c7okaj<\/strong>) i p\u00ebrgjigjem:<\/p>\n<p>P\u00ebrsh\u00ebndetje Labinot,<br \/>\nFol shqip se kuptohesh m\u00eb bukur, n\u00ebse je shqiptar. Myslimanizmi nuk \u00ebsht\u00eb identitet i shqiptar\u00ebve, \u00ebsht\u00eb identitet i arab\u00ebve dhe turqve, q\u00eb na e soll\u00ebn k\u00ebt\u00eb fe nd\u00ebr trojet tona &#8211; p\u00ebr fatkeq\u00ebsin\u00eb e kombit ton\u00eb.<\/p>\n<p>Sot jetojm\u00eb n\u00eb nj\u00eb bot\u00eb t\u00eb lir\u00eb e demokratike, askush nuk t\u00eb pengon t\u00eb besosh n\u00eb at\u00eb q\u00eb ti do. Ti beson n\u00eb islam dhe \u00ebsht\u00eb e drejta jote. Por duhet t\u00eb kuptosh ti dhe t\u00eb gjith\u00eb islamik\u00ebt, se e drejta e juaj p\u00ebrfundon kur ju nd\u00ebrhyni pa d\u00ebshir\u00ebn ton\u00eb n\u00eb t\u00eb drejtat tona, apo n\u00eb t\u00eb drejtat e atyre q\u00eb nuk duan t\u00eb besojn\u00eb n\u00eb islam. Dhe kjo nd\u00ebrhyrje fillon me zanin e nalt\u00eb, q\u00eb b\u00ebrtet 5 her\u00eb n\u00eb dit\u00eb me altoparlantet e kaurit, se mysliman\u00ebt as edhe nj\u00eb gjilp\u00ebr\u00eb nuk jan\u00eb n\u00eb gjendje ta prodhojn\u00eb, e jo m\u00eb nj\u00eb altoparlant.<\/p>\n<p>Viktim\u00eb e k\u00ebtij mentaliteti d\u00ebshtak e jo produktiv, jemi edhe ne shoq\u00ebria shqiptare, q\u00eb jemi t\u00eb ndar\u00eb n\u00eb 5 shtete t\u00eb Ballkanit, vet\u00ebm p\u00ebr shkak se jemi mysliman\u00eb dhe kur turku nuk mundte ta mbante m\u00eb Ballkanin, se fuqit\u00eb Evropiane po i k\u00ebrkonin t\u00eb ikte, ne si shqiptar\u00eb t\u00eb paditur e mysliman\u00eb, donim ta mbanim Shqip\u00ebrin\u00eb me vilajetet tona p\u00ebrs\u00ebri n\u00ebn hyqmin e turkut, dhe Evropa nuk na lejoi. Prandaj mori vendim e na cop\u00ebtoi. Evropa nuk donte dhe nuk don nj\u00eb Turqi t\u00eb vog\u00ebl n\u00eb Evrop\u00eb, prandaj ne jemi t\u00eb shmangur nga fatet dhe zhvillimi Evropian&#8230;<\/p>\n<p>P\u00ebr shkak t\u00eb <strong>mentalitetit turqeli<\/strong>, ne ishim t\u00eb paorganizuar dhe t\u00eb paaft\u00eb t\u00eb b\u00ebnim nj\u00eb politik\u00eb unifikuese n\u00eb interes t\u00eb kombit ton\u00eb, ashtu si edhe ti sot, q\u00eb i ke m\u00eb t\u00eb shtrenjta fen\u00eb islame, fen\u00eb e turkut, fen\u00eb e pushtuesit, All&#8217;ahun e Kur&#8217;anin, sesa ke t\u00eb shtrenjt\u00eb kombin dhe interesat e vendit.<\/p>\n<p>Un\u00eb nuk jam fetar, nuk po sulmoj islamin p\u00ebr p\u00ebrfitime fetare apo personale. Nuk po e sulmoj fare islamin, dhe nuk kam mllef me t\u00eb. Por i tregoj kur mundem &#8211; pun\u00eb q\u00eb nuk e b\u00ebj me qejf t\u00eb madh &#8211; por prej se nuk mund t&#8217;i n\u00ebnshtrohem injoranc\u00ebs e padituris\u00eb, dhe e b\u00ebj p\u00ebr t\u00eb ndri\u00e7uar sado pak skutat e err\u00ebta t\u00eb padituris\u00eb n\u00eb trurin e atyre, q\u00eb nuk din\u00eb tjet\u00ebr ve\u00e7 Kur&#8217;anit e islamit.<\/p>\n<p>Po t\u00eb pyes drejtp\u00ebrdrejt\u00eb: <strong>\u00e7far\u00eb t\u00eb mirash di ti se na ka sjell\u00eb islami e pushtimi turk ne si shqiptar\u00eb?<\/strong> Nd\u00ebrkoh\u00eb q\u00eb po t\u00eb l\u00eb t\u00eb mendohesh p\u00ebr k\u00ebt\u00eb, e n\u00ebse gjen nj\u00eb t\u00eb mir\u00eb ma thuaj, un\u00eb po t\u00eb sqaroj, pse reagoj kundrejt <em>shkretimit islamik<\/em>, q\u00eb ndodh n\u00eb Facebook, n\u00eb nj\u00eb rrjet social t\u00eb nd\u00ebrtuar nga nj\u00eb kaur &#8211; kristian, Mark Zukenberg&#8230;<\/p>\n<p>P\u00ebr mua si shqiptar, me njohjen q\u00eb kam, e di se Perandoria Osmane, e cila na imponoi me dhun\u00eb fen\u00eb islame si fen\u00eb zyrtare t\u00eb saj, na e hoqi gjuh\u00ebn shqipe nga p\u00ebrdorimi me dekret perandorak. N\u00eb koh\u00ebn kur Serbia ortodokse e pushtuar po nga turku, ashtu si dhe ne, b\u00ebri universitet n\u00eb Beogrand n\u00eb vitin 1808, ne shqiptar\u00ebt mezi krijuam <em>m\u00ebsonjtoren e gjuh\u00ebs shqipe n\u00eb Kor\u00e7\u00eb<\/em>, n\u00eb vitin 1887 &#8211; pra, 79 vjet pasi serb\u00ebt kishin hapur universitetin e tyre. <\/p>\n<p>K\u00ebtu e shikon vet\u00eb se sa na ka favorizuar turku ne mysliman\u00ebve shqiptar\u00eb t\u00eb konvertuar me zor, n\u00eb krahasim me serb\u00ebt, sa edhe sot ka shqiptar\u00eb q\u00eb i \u00e7ojm\u00eb byth\u00ebt p\u00ebrpjet\u00eb n\u00eb fen\u00eb e turkut, dhe piskasim n\u00eb kup\u00eb t\u00eb qiellit si zhaba arabe, p\u00ebr marrin\u00eb ton\u00eb dhe ironin\u00eb e fatit t\u00eb keq, sikur kemi shpikur rrot\u00ebn. Ka edhe prej atytre q\u00eb shkojn\u00eb aq larg n\u00eb byth\u00ebshitjen e tyre, sa duan edhe ta heqin dat\u00ebn <strong>28 n\u00ebntor <\/strong>nga festimet, dat\u00ebn kur Shqip\u00ebria shpalli pavar\u00ebsin\u00eb nga turku.<\/p>\n<p>P\u00ebr mua fet\u00eb jan\u00eb dogma mashtruese dhe mashtrimi m\u00eb i madh, q\u00eb i b\u00ebhet njer\u00ebzimit n\u00eb em\u00ebr t\u00eb Zotit, i cili nuk dihet n\u00ebse ekziston apo jo. Por edhe sikur t\u00eb ekzistoj\u00eb, p\u00ebrse iu dashka Zotit t\u00eb plotfuqish\u00ebm n\u00ebnshtrimi jon\u00eb? A mendon ti se zoti t\u00eb mban me hat\u00ebr se i \u00e7on byth\u00ebt p\u00ebrpjet\u00eb? E m\u00eb shikon shtremb\u00ebr mua, se nuk i \u00e7oj?! N\u00eb bot\u00ebn e madhe prej afro 7 miliard\u00eb njer\u00ebzish, 1 miliard\u00eb jan\u00eb duhanpir\u00ebs, ndon\u00ebse e din\u00eb se duhani d\u00ebmton r\u00ebnd\u00eb sh\u00ebndetin, pasi shkakton kancer, etj. por ata prap\u00eb se prap\u00eb e pin\u00eb. Po kaq ka edhe mysliman\u00eb &#8211; rreth 1 miliard\u00eb gjithsejt. A mendon ti ndopak, si jetojn\u00eb e vdesin ata 6 miliard\u00ebt e tjer\u00eb, q\u00eb nuk besojn\u00eb n\u00eb All&#8217;ah e Kur&#8217;an? Un\u00eb njoh vende ku jetohet m\u00eb mir\u00eb se n\u00eb vendet q\u00eb besojn\u00eb islamin, pra nuk \u00ebsht\u00eb se ata i ha meraku fort p\u00ebr fen\u00eb t\u00ebnde, q\u00eb ta la turku n\u00eb der\u00eb&#8230;<\/p>\n<p>At\u00ebher\u00eb pra, pse u dashka q\u00eb nj\u00eb fe e caktuar, q\u00eb n\u00eb nj\u00eb shtet demokratik konsiderohet e barabart\u00eb me nj\u00eb OJF (<em>organizat\u00eb jo-fitimprur\u00ebse<\/em>), e nj\u00ebjt\u00eb para ligjit me shoqat\u00ebn LGBT t\u00eb homoseksual\u00ebve e lezbikeve, t\u00eb piskas\u00eb 5 her\u00eb n\u00eb dit\u00eb n\u00eb kup\u00eb t\u00eb qielliit, t\u00eb na shqet\u00ebsoj\u00eb p\u00ebrdit\u00eb, sikur \u00e7far\u00eb po b\u00ebn?! T\u00eb \u00ebsht\u00eb mbush\u00eb mendja t\u00eb besosh &#8211; pun\u00eb p\u00ebr ty &#8211; e drejta jote, pse po m\u00eb shurdhon mua?! Beso p\u00ebr vete, mos m&#8217;u impono!<\/p>\n<p>Po sikur shoqata LGBT t\u00eb dilte n\u00eb nj\u00eb parad\u00eb t\u00eb p\u00ebrhershme n\u00eb mes t\u00eb qytetit, duke manifestuar me veprime banale orientimet e tyre seksuale, a do duhej ne t&#8217;i duronim ata p\u00ebrdit\u00eb ashtu? Un\u00eb mendoj se kjo do t\u00eb ishte e gabuar, ashtu si\u00e7 mendoj se feja nuk duhet t\u00eb ushtrohet me zhurm\u00eb e piskama, se n\u00eb koh\u00ebn e Pejgamerit mysliman, nuk ka patur Altoparlante. At\u00ebher\u00eb pse p\u00ebrdoren sot ato?! Kund\u00ebr ekstremeve fetare jam un\u00eb dhe n\u00eb k\u00ebt\u00eb rast mendoj se islami i tejkalon kufinjt\u00eb dhe i thyen ligjet e shtetit demokratik, p\u00ebr ndotjen akustike! Zhurmat jan\u00eb t\u00eb ndaluara me ligj dhe ligji duhet t\u00eb zbatohet p\u00ebr makinat q\u00eb thyejn\u00eb rregullat e qarkullimit, por edhe p\u00ebr ata, q\u00eb piskasin m\u00eb shum\u00eb se sa e lejon ligji. Tani ne ose do t\u00eb jetojm\u00eb si shtet islamik, ose si shoq\u00ebri demokratike &#8211; kush e b\u00ebn ligjin k\u00ebtu?!<\/p>\n<p><strong>Shteti si kal\u00eb i ngordhur, islanmik\u00ebt po i heqin patkojn\u00eb&#8230;<\/strong><\/p>\n<p>Islamik\u00ebt kan\u00eb gjetur nj\u00eb shtet t\u00eb dob\u00ebt dhe mendojn\u00eb se n\u00eb marrin\u00eb e pafytyr\u00ebsin\u00eb e tyre, e b\u00ebjn\u00eb ligjin ata. Prandaj piskasin. Un\u00eb mendoj se kjo duhet ndaluar nj\u00eb or\u00eb e m\u00eb par\u00eb dhe sa m\u00eb shpejt t\u00eb ndalet kjo, aq m\u00eb mir\u00eb dhe m\u00eb e sh\u00ebndetshme do t\u00eb jet\u00eb p\u00ebr shoq\u00ebrin\u00eb ton\u00eb shqiptare.<\/p>\n<p>Nj\u00eb arsye tjet\u00ebr pse un\u00eb nuk ndjej simpati p\u00ebr islanmin, p\u00ebrve\u00e7 hallakatjes, mos-produktivitetit, zhurmave etj. \u00ebsht\u00eb edhe fakti se shoq\u00ebrit\u00eb islamike jan\u00eb <strong>shoq\u00ebri agresive, problematike<\/strong>. Duke e p\u00ebr\u00e7udnuar shoq\u00ebrin\u00eb ata, pasi islamik\u00ebt i mbulojn\u00eb t\u00eb gjitha grat\u00eb, shoq\u00ebrit\u00eb islame e humbasin bukurin\u00eb, narrativitetin, spontanitetin dhe interesin p\u00ebr t\u00eb jetuar.<\/p>\n<p>Sa lind nj\u00eb f\u00ebmij\u00eb e derisa rritet, nuk e ka nj\u00eb k\u00ebnaq\u00ebsi normale n\u00eb jet\u00eb dhe p\u00ebr rrjedhoj\u00eb fillon e b\u00ebhet agresiv. Shprehje e k\u00ebtij agresiviteti dhe lig\u00ebsie njer\u00ebzore jan\u00eb edhe konfliktet n\u00eb vendet islame, duke filluar nga Libia, Tunizia, Egjipti e Siria. Pa harrruar k\u00ebtu Irakun e Iranin. Kudo ku sheh vende me shumic\u00eb islame, ke padrejt\u00ebsi t\u00eb m\u00ebdha shoq\u00ebrore, hajni t\u00eb madhe nga pushtetar\u00ebt e korruptuar dhe mashtrime e g\u00ebnjeshtra. K\u00ebto shoq\u00ebri nuk jan\u00eb modele t\u00eb shoq\u00ebrive ku aspirojm\u00eb ne shqiptar\u00ebt t\u00eb integrohemi, q\u00eb t\u00eb shk\u00ebputemi nga rrethi i ferrit, ku jemi&#8230;<\/p>\n<p>Pastaj feja islame nj\u00eb Kur&#8217;an ka, nj\u00eb lib\u00ebr mediok\u00ebr i para 1500-1600 vjet\u00ebve, i cili nuk presupozon sot t&#8217;i jap\u00eb drejtim e zgjidhje zhvillimit t\u00eb bot\u00ebs, sado i avancuar t\u00eb ket\u00eb qen\u00eb p\u00ebr koh\u00ebn, kur e kan\u00eb shkruar at\u00eb&#8230; Disa mysliman\u00eb besojn\u00eb se Kur&#8217;anin e ka ulur All&#8217;ahu p\u00ebr t\u00eb d\u00ebrguarin e tij n\u00eb tok\u00eb, Muhamedin, por n\u00eb Kur&#8217;an shkruhet edhe p\u00ebr Fatimen, Hatixhen apo Aishen, vajz\u00ebn 6 vje\u00e7are, q\u00eb u fejua me Muhamedin, kur ai ishte mbi 50-t\u00eb dhe fjeti p\u00ebr her\u00eb t\u00eb par\u00eb me t\u00eb, kur ajo ishte 9 vje\u00e7e, e ai 56 vje\u00e7. (<em>Sa mir\u00eb i paska njohur All&#8217;ahu familjar\u00ebt e Muhamedit, aq sa edhe paska shkruar p\u00ebr ta?!<\/em>)<\/p>\n<p>Ne sot me ligjet tona demokratike e kalbim n\u00eb burg p\u00ebr pedofili, nj\u00eb burr\u00eb q\u00eb b\u00ebn nj\u00eb veprim t\u00eb till\u00eb, q\u00eb shkon me nj\u00eb vajz\u00eb n\u00ebn mosh\u00ebn 18 vje\u00e7e &#8211; ju mysliman\u00ebt e mbani p\u00ebr Per\u00ebndi, njeriun m\u00eb t\u00eb past\u00ebr, q\u00eb ju ka sjell\u00eb fen\u00eb m\u00eb t\u00eb past\u00ebr n\u00eb bot\u00eb, edhe pse \u00ebsht\u00eb martuar 13 her\u00eb&#8230; Ka di\u00e7ka q\u00eb nuk shkon k\u00ebtu, q\u00eb na ndan mua dhe ty, si shqiptar\u00eb! Dhe mos harro, se nj\u00eb nga grat\u00eb e Muhamedit ishte e krishter\u00eb. Ai nuk ia konvertoi fen\u00eb asaj, si\u00e7 k\u00ebrkon t\u00eb b\u00ebj\u00eb sot n\u00eb mes t\u00eb Prishtin\u00ebs mulla Shefqet Krasniqi. Muhamedi e lejoi at\u00eb ta mbante fen\u00eb e saj. Historia e k\u00ebsaj gruaje, tregojn\u00eb historian\u00eb zyrtar\u00eb arab\u00eb, q\u00eb jan\u00eb marr\u00eb me jet\u00ebn e Muhamedit, \u00ebsht\u00eb e till\u00eb, <em>mjaft romantike<\/em>, pak a shum\u00eb: Muhamedi kishte nj\u00eb djal\u00eb t\u00eb adoptuar, kristian. E kishte martuar&#8230;<\/p>\n<p>Shkon nj\u00eb dit\u00eb p\u00ebr vizit\u00eb tek i biri dhe i shikon gruan e tij, t\u00eb re e t\u00eb bukur dhe t\u00eb pambuluar&#8230; E si qefli grash, ai fillon dhe e lakmon at\u00eb, ndon\u00ebse ishte mbi 50 vje\u00e7. Kur nj\u00eb dit\u00eb Aishja e gjen Muhamedin n\u00eb flagranc\u00eb me kristianen e bukur, ajo fillon e revoltohet, pse Muhamedi po e tradh\u00ebton me nj\u00eb grua t\u00eb huaj. Por Muhamedi i zgjuar, q\u00eb kishte krijuar gjith\u00eb k\u00ebt\u00eb fe t\u00eb fuqishme, dhe kishte zaptuar gjith\u00eb ato popuj, ia kthen Aishes s\u00eb re, t\u00eb cil\u00ebn e ka dashur m\u00eb shum\u00eb se grat\u00eb e tjera, se e ka marr\u00eb q\u00eb f\u00ebmij\u00eb, se ai do e marr\u00eb p\u00ebr grua edhe at\u00eb kristianen. K\u00ebshtu b\u00ebhet paqe p\u00ebrs\u00ebri n\u00eb familjen e lumtur t\u00eb Muhamedit, idet\u00eb gjeniale t\u00eb t\u00eb cilit edhe sot turbullojn\u00eb mendjet e rreth 1 miliard njer\u00ebzve&#8230; (<em>Kjo tregon se shoq\u00ebria njer\u00ebzore \u00ebsht\u00eb akoma e marr\u00eb<\/em>&#8230;)<\/p>\n<p>Prandaj Labinot, ti beso n\u00eb \u00e7far\u00eb t\u00eb duket m\u00eb e drejt\u00eb p\u00ebr ty. Un\u00eb kam d\u00ebshir\u00eb t&#8217;i \u00e7&#8217;mistifikoj <em>Per\u00ebndit\u00eb <\/em>dhe <em>Pejgamer\u00ebt <\/em>t&#8217;i b\u00ebj njer\u00ebzor\u00eb, se ashtu ishin ata, njer\u00ebz me aft\u00ebsi t\u00eb ve\u00e7anta, q\u00eb kan\u00eb patur nj\u00eb ndikim t\u00eb madh mbi njer\u00ebzimin. Kan\u00eb futur kombe n\u00eb luft\u00ebra pa fund dhe e kan\u00eb derdhur gjakun lum\u00eb me dogmat e tyre. Sikur njer\u00ebzit t\u00eb ishin m\u00eb t\u00eb zgjuar, do shikonin jet\u00ebn e tyre dhe jo jet\u00ebn e idhujve, dhe nuk do b\u00ebheshin peng i ideologjive, q\u00eb predikues t\u00eb ndrysh\u00ebm, sharlatan\u00eb e mashtrues, i p\u00ebrdorin ato mbi njer\u00ebzit, n\u00eb em\u00ebr t\u00eb Zotit, p\u00ebr t\u00eb siguruar t\u00eb ardhurat e tyre.<\/p>\n<p>Prandaj, mos e konsidero k\u00ebt\u00eb sikur un\u00eb kam mllef me fen\u00eb islame, fen\u00eb t\u00ebnde t\u00eb dashur. Un\u00eb e lidhi mentalitetin islamik me mos-suksesin e vendit dhe kombit tim, prandaj m\u00eb dhemb n\u00eb shpirt, por nuk mund t\u00eb b\u00ebj m\u00eb shum\u00eb, se sa t\u00eb them <strong>fjal\u00ebn time t\u00eb lir\u00eb<\/strong>, p\u00ebr ata q\u00eb kan\u00eb vesh\u00eb t\u00eb d\u00ebgjojn\u00eb.<\/p>\n<p>T\u00eb uroj m\u00eb t\u00eb mirat. Kujtohu gjithmon\u00eb, se ka m\u00eb tep\u00ebr se di ti, mes qiellit e tok\u00ebs&#8230;<\/p>\n","protected":false},"excerpt":{"rendered":"<p>Labinot Neza m\u00eb shkruan n\u00eb Inbox n\u00eb Facebook: Selamu alejkum&#8230; me vjen shum keq si paske kete mllef per muslimanet, cka eshte me e keqja se po i quan turko-arab kurse ne jemi shqiptar me kombesi por musliman me fe, nuk jemi krishter nga vatikani e as nga jeruzalemi po as ateista te nenes natyr&#8230;. [&hellip;]<\/p>\n","protected":false},"author":1,"featured_media":0,"comment_status":"open","ping_status":"closed","sticky":false,"template":"","format":"standard","meta":{"footnotes":""},"categories":[2],"tags":[],"class_list":{"0":"post-13337","1":"post","2":"type-post","3":"status-publish","4":"format-standard","6":"category-artikuj"},"yoast_head":"<!-- This site is optimized with the Yoast SEO plugin v27.4 - https:\/\/yoast.com\/product\/yoast-seo-wordpress\/ -->\n<title>Islami nd\u00ebr shqiptar\u00eb, pro dhe kundra! - FjALA e LIR\u00cb - Arkivi<\/title>\n<meta name=\"robots\" content=\"index, follow, max-snippet:-1, max-image-preview:large, max-video-preview:-1\" \/>\n<link rel=\"canonical\" href=\"https:\/\/fjala.info\/2009-2015\/islami-nder-shqiptare-pro-dhe-kundra\/\" \/>\n<meta property=\"og:locale\" content=\"sq_AL\" \/>\n<meta property=\"og:type\" content=\"article\" \/>\n<meta property=\"og:title\" content=\"Islami nd\u00ebr shqiptar\u00eb, pro dhe kundra! - FjALA e LIR\u00cb - Arkivi\" \/>\n<meta property=\"og:description\" content=\"Labinot Neza m\u00eb shkruan n\u00eb Inbox n\u00eb Facebook: Selamu alejkum&#8230; me vjen shum keq si paske kete mllef per muslimanet, cka eshte me e keqja se po i quan turko-arab kurse ne jemi shqiptar me kombesi por musliman me fe, nuk jemi krishter nga vatikani e as nga jeruzalemi po as ateista te nenes natyr&#8230;. [&hellip;]\" \/>\n<meta property=\"og:url\" content=\"https:\/\/fjala.info\/2009-2015\/islami-nder-shqiptare-pro-dhe-kundra\/\" \/>\n<meta property=\"og:site_name\" content=\"FjALA e LIR\u00cb - Arkivi\" \/>\n<meta property=\"article:published_time\" content=\"2014-01-17T21:53:33+00:00\" \/>\n<meta property=\"og:image\" content=\"http:\/\/www.fjala.info\/2014\/injoranca_me_diturine.jpg\" \/>\n<meta name=\"author\" content=\"admin\" \/>\n<meta name=\"twitter:card\" content=\"summary_large_image\" \/>\n<meta name=\"twitter:label1\" content=\"Written by\" \/>\n\t<meta name=\"twitter:data1\" content=\"admin\" \/>\n\t<meta name=\"twitter:label2\" content=\"Est. reading time\" \/>\n\t<meta name=\"twitter:data2\" content=\"10 minutes\" \/>\n<script type=\"application\/ld+json\" class=\"yoast-schema-graph\">{\"@context\":\"https:\\\/\\\/schema.org\",\"@graph\":[{\"@type\":\"Article\",\"@id\":\"https:\\\/\\\/fjala.info\\\/2009-2015\\\/islami-nder-shqiptare-pro-dhe-kundra\\\/#article\",\"isPartOf\":{\"@id\":\"https:\\\/\\\/fjala.info\\\/2009-2015\\\/islami-nder-shqiptare-pro-dhe-kundra\\\/\"},\"author\":{\"name\":\"admin\",\"@id\":\"https:\\\/\\\/fjala.info\\\/2009-2015\\\/#\\\/schema\\\/person\\\/3aa1163ef05469c496fc94e77611ada2\"},\"headline\":\"Islami nd\u00ebr shqiptar\u00eb, pro dhe kundra!\",\"datePublished\":\"2014-01-17T21:53:33+00:00\",\"mainEntityOfPage\":{\"@id\":\"https:\\\/\\\/fjala.info\\\/2009-2015\\\/islami-nder-shqiptare-pro-dhe-kundra\\\/\"},\"wordCount\":2086,\"commentCount\":2,\"publisher\":{\"@id\":\"https:\\\/\\\/fjala.info\\\/2009-2015\\\/#organization\"},\"image\":{\"@id\":\"https:\\\/\\\/fjala.info\\\/2009-2015\\\/islami-nder-shqiptare-pro-dhe-kundra\\\/#primaryimage\"},\"thumbnailUrl\":\"http:\\\/\\\/www.fjala.info\\\/2014\\\/injoranca_me_diturine.jpg\",\"articleSection\":[\"Artikuj\"],\"inLanguage\":\"sq-AL\",\"potentialAction\":[{\"@type\":\"CommentAction\",\"name\":\"Comment\",\"target\":[\"https:\\\/\\\/fjala.info\\\/2009-2015\\\/islami-nder-shqiptare-pro-dhe-kundra\\\/#respond\"]}]},{\"@type\":\"WebPage\",\"@id\":\"https:\\\/\\\/fjala.info\\\/2009-2015\\\/islami-nder-shqiptare-pro-dhe-kundra\\\/\",\"url\":\"https:\\\/\\\/fjala.info\\\/2009-2015\\\/islami-nder-shqiptare-pro-dhe-kundra\\\/\",\"name\":\"Islami nd\u00ebr shqiptar\u00eb, pro dhe kundra! - FjALA e LIR\u00cb - Arkivi\",\"isPartOf\":{\"@id\":\"https:\\\/\\\/fjala.info\\\/2009-2015\\\/#website\"},\"primaryImageOfPage\":{\"@id\":\"https:\\\/\\\/fjala.info\\\/2009-2015\\\/islami-nder-shqiptare-pro-dhe-kundra\\\/#primaryimage\"},\"image\":{\"@id\":\"https:\\\/\\\/fjala.info\\\/2009-2015\\\/islami-nder-shqiptare-pro-dhe-kundra\\\/#primaryimage\"},\"thumbnailUrl\":\"http:\\\/\\\/www.fjala.info\\\/2014\\\/injoranca_me_diturine.jpg\",\"datePublished\":\"2014-01-17T21:53:33+00:00\",\"breadcrumb\":{\"@id\":\"https:\\\/\\\/fjala.info\\\/2009-2015\\\/islami-nder-shqiptare-pro-dhe-kundra\\\/#breadcrumb\"},\"inLanguage\":\"sq-AL\",\"potentialAction\":[{\"@type\":\"ReadAction\",\"target\":[\"https:\\\/\\\/fjala.info\\\/2009-2015\\\/islami-nder-shqiptare-pro-dhe-kundra\\\/\"]}]},{\"@type\":\"ImageObject\",\"inLanguage\":\"sq-AL\",\"@id\":\"https:\\\/\\\/fjala.info\\\/2009-2015\\\/islami-nder-shqiptare-pro-dhe-kundra\\\/#primaryimage\",\"url\":\"http:\\\/\\\/www.fjala.info\\\/2014\\\/injoranca_me_diturine.jpg\",\"contentUrl\":\"http:\\\/\\\/www.fjala.info\\\/2014\\\/injoranca_me_diturine.jpg\"},{\"@type\":\"BreadcrumbList\",\"@id\":\"https:\\\/\\\/fjala.info\\\/2009-2015\\\/islami-nder-shqiptare-pro-dhe-kundra\\\/#breadcrumb\",\"itemListElement\":[{\"@type\":\"ListItem\",\"position\":1,\"name\":\"Home\",\"item\":\"https:\\\/\\\/fjala.info\\\/2009-2015\\\/\"},{\"@type\":\"ListItem\",\"position\":2,\"name\":\"Islami nd\u00ebr shqiptar\u00eb, pro dhe kundra!\"}]},{\"@type\":\"WebSite\",\"@id\":\"https:\\\/\\\/fjala.info\\\/2009-2015\\\/#website\",\"url\":\"https:\\\/\\\/fjala.info\\\/2009-2015\\\/\",\"name\":\"FjALA e LIR\u00cb - Arkivi\",\"description\":\"Arkivi 2009-2015\",\"publisher\":{\"@id\":\"https:\\\/\\\/fjala.info\\\/2009-2015\\\/#organization\"},\"potentialAction\":[{\"@type\":\"SearchAction\",\"target\":{\"@type\":\"EntryPoint\",\"urlTemplate\":\"https:\\\/\\\/fjala.info\\\/2009-2015\\\/?s={search_term_string}\"},\"query-input\":{\"@type\":\"PropertyValueSpecification\",\"valueRequired\":true,\"valueName\":\"search_term_string\"}}],\"inLanguage\":\"sq-AL\"},{\"@type\":\"Organization\",\"@id\":\"https:\\\/\\\/fjala.info\\\/2009-2015\\\/#organization\",\"name\":\"FjALA e LIR\u00cb - Arkivi\",\"url\":\"https:\\\/\\\/fjala.info\\\/2009-2015\\\/\",\"logo\":{\"@type\":\"ImageObject\",\"inLanguage\":\"sq-AL\",\"@id\":\"https:\\\/\\\/fjala.info\\\/2009-2015\\\/#\\\/schema\\\/logo\\\/image\\\/\",\"url\":\"\",\"contentUrl\":\"\",\"caption\":\"FjALA e LIR\u00cb - Arkivi\"},\"image\":{\"@id\":\"https:\\\/\\\/fjala.info\\\/2009-2015\\\/#\\\/schema\\\/logo\\\/image\\\/\"}},{\"@type\":\"Person\",\"@id\":\"https:\\\/\\\/fjala.info\\\/2009-2015\\\/#\\\/schema\\\/person\\\/3aa1163ef05469c496fc94e77611ada2\",\"name\":\"admin\",\"image\":{\"@type\":\"ImageObject\",\"inLanguage\":\"sq-AL\",\"@id\":\"https:\\\/\\\/fjala.info\\\/2009-2015\\\/wp-content\\\/uploads\\\/2012\\\/02\\\/arben_cokaj-120x150.jpg\",\"url\":\"https:\\\/\\\/fjala.info\\\/2009-2015\\\/wp-content\\\/uploads\\\/2012\\\/02\\\/arben_cokaj-120x150.jpg\",\"contentUrl\":\"https:\\\/\\\/fjala.info\\\/2009-2015\\\/wp-content\\\/uploads\\\/2012\\\/02\\\/arben_cokaj-120x150.jpg\",\"caption\":\"admin\"},\"description\":\"Admin, Fjala e Lir\u00eb\",\"sameAs\":[\"https:\\\/\\\/fjala.info\\\/\"],\"url\":\"https:\\\/\\\/fjala.info\\\/2009-2015\\\/author\\\/admin\\\/\"}]}<\/script>\n<!-- \/ Yoast SEO plugin. -->","yoast_head_json":{"title":"Islami nd\u00ebr shqiptar\u00eb, pro dhe kundra! - FjALA e LIR\u00cb - Arkivi","robots":{"index":"index","follow":"follow","max-snippet":"max-snippet:-1","max-image-preview":"max-image-preview:large","max-video-preview":"max-video-preview:-1"},"canonical":"https:\/\/fjala.info\/2009-2015\/islami-nder-shqiptare-pro-dhe-kundra\/","og_locale":"sq_AL","og_type":"article","og_title":"Islami nd\u00ebr shqiptar\u00eb, pro dhe kundra! - FjALA e LIR\u00cb - Arkivi","og_description":"Labinot Neza m\u00eb shkruan n\u00eb Inbox n\u00eb Facebook: Selamu alejkum&#8230; me vjen shum keq si paske kete mllef per muslimanet, cka eshte me e keqja se po i quan turko-arab kurse ne jemi shqiptar me kombesi por musliman me fe, nuk jemi krishter nga vatikani e as nga jeruzalemi po as ateista te nenes natyr&#8230;. [&hellip;]","og_url":"https:\/\/fjala.info\/2009-2015\/islami-nder-shqiptare-pro-dhe-kundra\/","og_site_name":"FjALA e LIR\u00cb - Arkivi","article_published_time":"2014-01-17T21:53:33+00:00","og_image":[{"url":"http:\/\/www.fjala.info\/2014\/injoranca_me_diturine.jpg","type":"","width":"","height":""}],"author":"admin","twitter_card":"summary_large_image","twitter_misc":{"Written by":"admin","Est. reading time":"10 minutes"},"schema":{"@context":"https:\/\/schema.org","@graph":[{"@type":"Article","@id":"https:\/\/fjala.info\/2009-2015\/islami-nder-shqiptare-pro-dhe-kundra\/#article","isPartOf":{"@id":"https:\/\/fjala.info\/2009-2015\/islami-nder-shqiptare-pro-dhe-kundra\/"},"author":{"name":"admin","@id":"https:\/\/fjala.info\/2009-2015\/#\/schema\/person\/3aa1163ef05469c496fc94e77611ada2"},"headline":"Islami nd\u00ebr shqiptar\u00eb, pro dhe kundra!","datePublished":"2014-01-17T21:53:33+00:00","mainEntityOfPage":{"@id":"https:\/\/fjala.info\/2009-2015\/islami-nder-shqiptare-pro-dhe-kundra\/"},"wordCount":2086,"commentCount":2,"publisher":{"@id":"https:\/\/fjala.info\/2009-2015\/#organization"},"image":{"@id":"https:\/\/fjala.info\/2009-2015\/islami-nder-shqiptare-pro-dhe-kundra\/#primaryimage"},"thumbnailUrl":"http:\/\/www.fjala.info\/2014\/injoranca_me_diturine.jpg","articleSection":["Artikuj"],"inLanguage":"sq-AL","potentialAction":[{"@type":"CommentAction","name":"Comment","target":["https:\/\/fjala.info\/2009-2015\/islami-nder-shqiptare-pro-dhe-kundra\/#respond"]}]},{"@type":"WebPage","@id":"https:\/\/fjala.info\/2009-2015\/islami-nder-shqiptare-pro-dhe-kundra\/","url":"https:\/\/fjala.info\/2009-2015\/islami-nder-shqiptare-pro-dhe-kundra\/","name":"Islami nd\u00ebr shqiptar\u00eb, pro dhe kundra! - FjALA e LIR\u00cb - Arkivi","isPartOf":{"@id":"https:\/\/fjala.info\/2009-2015\/#website"},"primaryImageOfPage":{"@id":"https:\/\/fjala.info\/2009-2015\/islami-nder-shqiptare-pro-dhe-kundra\/#primaryimage"},"image":{"@id":"https:\/\/fjala.info\/2009-2015\/islami-nder-shqiptare-pro-dhe-kundra\/#primaryimage"},"thumbnailUrl":"http:\/\/www.fjala.info\/2014\/injoranca_me_diturine.jpg","datePublished":"2014-01-17T21:53:33+00:00","breadcrumb":{"@id":"https:\/\/fjala.info\/2009-2015\/islami-nder-shqiptare-pro-dhe-kundra\/#breadcrumb"},"inLanguage":"sq-AL","potentialAction":[{"@type":"ReadAction","target":["https:\/\/fjala.info\/2009-2015\/islami-nder-shqiptare-pro-dhe-kundra\/"]}]},{"@type":"ImageObject","inLanguage":"sq-AL","@id":"https:\/\/fjala.info\/2009-2015\/islami-nder-shqiptare-pro-dhe-kundra\/#primaryimage","url":"http:\/\/www.fjala.info\/2014\/injoranca_me_diturine.jpg","contentUrl":"http:\/\/www.fjala.info\/2014\/injoranca_me_diturine.jpg"},{"@type":"BreadcrumbList","@id":"https:\/\/fjala.info\/2009-2015\/islami-nder-shqiptare-pro-dhe-kundra\/#breadcrumb","itemListElement":[{"@type":"ListItem","position":1,"name":"Home","item":"https:\/\/fjala.info\/2009-2015\/"},{"@type":"ListItem","position":2,"name":"Islami nd\u00ebr shqiptar\u00eb, pro dhe kundra!"}]},{"@type":"WebSite","@id":"https:\/\/fjala.info\/2009-2015\/#website","url":"https:\/\/fjala.info\/2009-2015\/","name":"FjALA e LIR\u00cb - Arkivi","description":"Arkivi 2009-2015","publisher":{"@id":"https:\/\/fjala.info\/2009-2015\/#organization"},"potentialAction":[{"@type":"SearchAction","target":{"@type":"EntryPoint","urlTemplate":"https:\/\/fjala.info\/2009-2015\/?s={search_term_string}"},"query-input":{"@type":"PropertyValueSpecification","valueRequired":true,"valueName":"search_term_string"}}],"inLanguage":"sq-AL"},{"@type":"Organization","@id":"https:\/\/fjala.info\/2009-2015\/#organization","name":"FjALA e LIR\u00cb - Arkivi","url":"https:\/\/fjala.info\/2009-2015\/","logo":{"@type":"ImageObject","inLanguage":"sq-AL","@id":"https:\/\/fjala.info\/2009-2015\/#\/schema\/logo\/image\/","url":"","contentUrl":"","caption":"FjALA e LIR\u00cb - Arkivi"},"image":{"@id":"https:\/\/fjala.info\/2009-2015\/#\/schema\/logo\/image\/"}},{"@type":"Person","@id":"https:\/\/fjala.info\/2009-2015\/#\/schema\/person\/3aa1163ef05469c496fc94e77611ada2","name":"admin","image":{"@type":"ImageObject","inLanguage":"sq-AL","@id":"https:\/\/fjala.info\/2009-2015\/wp-content\/uploads\/2012\/02\/arben_cokaj-120x150.jpg","url":"https:\/\/fjala.info\/2009-2015\/wp-content\/uploads\/2012\/02\/arben_cokaj-120x150.jpg","contentUrl":"https:\/\/fjala.info\/2009-2015\/wp-content\/uploads\/2012\/02\/arben_cokaj-120x150.jpg","caption":"admin"},"description":"Admin, Fjala e Lir\u00eb","sameAs":["https:\/\/fjala.info\/"],"url":"https:\/\/fjala.info\/2009-2015\/author\/admin\/"}]}},"_links":{"self":[{"href":"https:\/\/fjala.info\/2009-2015\/wp-json\/wp\/v2\/posts\/13337","targetHints":{"allow":["GET"]}}],"collection":[{"href":"https:\/\/fjala.info\/2009-2015\/wp-json\/wp\/v2\/posts"}],"about":[{"href":"https:\/\/fjala.info\/2009-2015\/wp-json\/wp\/v2\/types\/post"}],"author":[{"embeddable":true,"href":"https:\/\/fjala.info\/2009-2015\/wp-json\/wp\/v2\/users\/1"}],"replies":[{"embeddable":true,"href":"https:\/\/fjala.info\/2009-2015\/wp-json\/wp\/v2\/comments?post=13337"}],"version-history":[{"count":0,"href":"https:\/\/fjala.info\/2009-2015\/wp-json\/wp\/v2\/posts\/13337\/revisions"}],"wp:attachment":[{"href":"https:\/\/fjala.info\/2009-2015\/wp-json\/wp\/v2\/media?parent=13337"}],"wp:term":[{"taxonomy":"category","embeddable":true,"href":"https:\/\/fjala.info\/2009-2015\/wp-json\/wp\/v2\/categories?post=13337"},{"taxonomy":"post_tag","embeddable":true,"href":"https:\/\/fjala.info\/2009-2015\/wp-json\/wp\/v2\/tags?post=13337"}],"curies":[{"name":"wp","href":"https:\/\/api.w.org\/{rel}","templated":true}]}}