{"id":13336,"date":"2014-01-16T08:49:55","date_gmt":"2014-01-16T07:49:55","guid":{"rendered":"http:\/\/www.fjala.info\/?p=165"},"modified":"2014-01-16T08:49:55","modified_gmt":"2014-01-16T07:49:55","slug":"nga-shefqet-krasniqi-thirrje-per-konvertime-nga-katolik-ne-mysliman","status":"publish","type":"post","link":"https:\/\/fjala.info\/2009-2015\/nga-shefqet-krasniqi-thirrje-per-konvertime-nga-katolik-ne-mysliman\/","title":{"rendered":"Nga Shefqet Krasniqi thirrje p\u00ebr konvertime nga katolik n\u00eb mysliman!"},"content":{"rendered":"<p>Nga <strong>Rrezart Kalaja<\/strong><\/p>\n<p>P\u00ebr 2 % muhaxhedin\u00eb shqiptar\u00eb, po i rrezikohen vlerat e 98 % t\u00eb popullat\u00ebs shqiptare me \u00e7ka pa p\u00ebrgjegj\u00ebsi nuk mund t\u00eb mbesin as qeverit\u00eb aktuale n\u00eb Shqip\u00ebri dhe Kosov\u00eb. Veprimet e p\u00ebrbashk\u00ebta t\u00eb autoriteteve osmane, greke dhe sllave q\u00eb pat\u00ebn kund\u00ebr gjuh\u00ebs dhe kultur\u00ebs shqiptare, sikur e kane z\u00ebvend\u00ebsuar &#8220;osmanlinjt\u00eb e ri shqiptar\u00eb&#8221;, q\u00eb shkuan t\u00eb studiojn\u00eb n\u00eb vendet arabe si n\u00eb Siri, n\u00eb Iran, n\u00eb Irak dhe Turqi e vende tjera p\u00ebr teologji. U indoktrinuan n\u00eb kultur\u00ebn dhe fen\u00eb e tyre me ligje dhe zakone sipas sheriatit, t\u00eb cilin po mundohen ta futin tek populli shqiptar, i cili ka nj\u00eb kultur\u00eb evropiane!!!&#8230;<\/p>\n<p>Shefqet Krasniqi nuk e ka t\u00eb ndalur n\u00eb \u00e7&#8217;thurjen e kombit shqiptar. Ky hoxh\u00eb n\u00eb \u00e7do ligj\u00ebrat\u00eb t\u00eb tij, n\u00eb \u00e7do tubim mbjell urrejtje nd\u00ebr njer\u00ebzore (nd\u00ebr shqiptare). Ky hoxh\u00eb n\u00eb vend se t\u00eb jet\u00eb nj\u00eb njeri i shenjt\u00eb, i nderuar p\u00ebr \u00e7ka p\u00ebrcaktohen klerik\u00ebt fetar\u00eb p\u00ebr t&#8217;u sh\u00ebrbyer besimtar\u00ebve t\u00eb vet, n\u00eb edukat\u00eb, n\u00eb ngritjen e dijes, n\u00eb dashuri ndaj njeri-tjetrin etj. ai vepron n\u00eb te kund\u00ebrt\u00ebn. Ky hipokrit, hiperbolizon fen\u00eb islame dhe i hedh tjer\u00ebt n\u00eb humner\u00eb pleh\u00ebrisht\u00eb, i hedh n\u00eb terr, n\u00eb zjarr!<\/p>\n<p>Shefqet Krasniqi pjes\u00ebtar\u00ebt e besimit katolik, ortodoks apo t\u00eb ndonj\u00eb feje tjet\u00ebr, apo edhe ateist\u00ebt i shpall armiq, i apostrofon si jo-mysliman\u00eb! Bien n\u00eb lajthitje shum\u00eb serioze edhe tek besimtar\u00ebt e islamit! Aktualitetin propagandistik e ka intensifikuar n\u00eb disa parametra antikomb\u00ebtare, me nj\u00eb vrull shprehjesh dhe nxitjesh nd\u00ebr fetare me ekstremiz\u00ebm t\u00eb pa par\u00eb!<\/p>\n<p>Ekstremizmi islamik sipas shifrave statistikore nuk posedon ma tep\u00ebr se 2 % t\u00eb popullat\u00ebs, por jan\u00eb t\u00eb d\u00ebmsh\u00ebm me shfaqjet e fundit t\u00eb luft\u00ebs s\u00eb Siris\u00eb, sa q\u00eb po ndikon edhe n\u00eb integrimin evropian, si Shqip\u00ebria, po ashtu edhe Kosova. N\u00eb k\u00ebt\u00eb trend politik \u00ebsht\u00eb edhe ngrirja e vizave p\u00ebr kosovar\u00ebt n\u00eb Evrop\u00eb.<\/p>\n<p>Jan\u00eb nj\u00eb num\u00ebr shum\u00eb i vog\u00ebl, por sherrin e madh q\u00eb populli shqiptar p\u00ebr 2 % po i rrezikon vlerat e 98 % t\u00eb popullat\u00ebs shqiptare, me \u00e7ka pa p\u00ebrgjegj\u00ebsi nuk mund t\u00eb mbesin as qeverit\u00eb aktuale ne Shqip\u00ebri as n\u00eb Kosov\u00eb.<\/p>\n<p>Shefqet Krasniqi, shqiptar\u00ebt katolik\u00eb i konsideron si armiq apo popull i huaj. Sipas fjalorit t\u00eb tij n\u00eb shum\u00eb shkrime dhe video, ky njeri i kalon t\u00eb gjitha normat njer\u00ebzore t\u00eb konsiderohet si predikues i fes\u00eb islame, edukator, apo dersuse i besimtar\u00ebve shqiptar n\u00eb besimin islam!.<\/p>\n<p>Shqiptar\u00ebt, t\u00eb gjith\u00eb e din\u00eb qe para se t\u00eb vij\u00eb islami, si fe e imponuar n\u00eb historin\u00eb e von\u00eb nga pushtuesit osman, ne kishim nj\u00eb fe, pra at\u00eb katoliken, por dhuna dhe terrori i ushtruar mbi ta n\u00eb format e papara, nga reprezaljet e p\u00ebrgjakshme qe p\u00ebrdori pushtimi osman na shortoj dhe kthej n\u00eb (besimin islam). Nga kjo shihet se pushtimi i eg\u00ebr i perandoris\u00eb osmane, ju imponoi me dhun\u00eb fen\u00eb islame shqiptar\u00ebve!&#8230;<\/p>\n<p>Shum\u00eb hoxhallar\u00eb t\u00eb shkolluar n\u00eb kuzhinat e sllavo-arabizmit dhe t\u00eb Turqis\u00eb aktuale kan\u00eb kaluar n\u00eb vehabizem dhe ekstremiz\u00ebm arrogant, duke degraduar \u00e7do gj\u00eb shqiptare. Shefqet Krasniqi dhe nx\u00ebn\u00ebsit e tij hoxhallar\u00eb besimtar\u00ebt e vet, i m\u00ebsojn\u00eb me literatur\u00eb antishqiptare antikulturore!?&#8230; Shefqet Krasniqi n\u00eb vend qe t\u00eb rrij\u00eb si nj\u00eb njeri indiferent dhe i pazhurm\u00eb n\u00eb misionin e tij fetar, p\u00ebr me krye ritualet fetare n\u00eb xhamit\u00eb e veta, p\u00ebrpiqet t\u00eb futet n\u00eb qarqet politike shtet\u00ebrore !<\/p>\n<p>Ky sharlatan fetar, nj\u00eb martese t\u00eb nj\u00eb vajze t\u00eb besimit mysliman me nj\u00eb djal\u00eb katolik e konsideron si t\u00eb d\u00ebmsh\u00ebm, q\u00eb nuk lejohet. Ai k\u00ebt\u00eb akt t\u00eb dashuris\u00eb s\u00eb dy t\u00eb rinjve shqiptar\u00eb e quan t\u00eb pa lejuesh\u00ebm. Bile n\u00eb disa ligj\u00ebrata t\u00eb tyre ma par\u00eb pajtohen t&#8217;i japin vajz\u00ebn nj\u00eb boshnjaku, arabi, gjeorgjiani, turku, sllavi se sa v\u00ebllait te vet, t\u00eb nj\u00eb gjaku dhe te nj\u00eb gjuhe, pra atij me besim t\u00eb ndrysh\u00ebm. &#8220;Ma mir\u00eb me t\u00eb vdek\u00eb vajza se me u martua me nj\u00eb t\u00eb krishter\u00eb&#8221; &#8211; deklaronn Krasniqi. Kur dihet nga historia e jet\u00ebs s\u00eb Muhamedit, se ai nj\u00ebr\u00ebn nga 13 grat\u00eb e tij e kishte t\u00eb besimit t\u00eb krishter\u00eb dhe nuk ia nd\u00ebrroi as fen\u00eb&#8230; Pra, Shefqet Krasniqi si predikues po na del edhe ma i rrept\u00eb se vet\u00eb Pejgamberi &#8211; themeluesi i fes\u00eb myslimane.<\/p>\n<p>Po ju sjellim nje video me argumente nga goja e vet Shefqet Krasniqit se \u00e7ka deklarohet ai pran\u00eb besimtareve te vet me in\u00e7izime direkt kund\u00ebr djalit katolik dhe k\u00ebshillat qe ai i jep vajz\u00ebs p\u00ebr imponim t\u00eb braktisjes se besimit t\u00eb tij n\u00eb zot, p\u00ebr t&#8217;u kthyer t\u00eb &#8220;All&#8217;ahu&#8221; i Shefqet Krasniqit &#8211; injorantit v\u00ebllavras\u00ebs &#8211; si ma posht\u00eb n\u00eb video:<\/p>\n<p><center><iframe loading=\"lazy\" width=\"420\" height=\"315\" src=\"\/\/www.youtube.com\/embed\/u-Ldt8NFfR4\" frameborder=\"0\" allowfullscreen><\/iframe><\/center><\/p>\n<p>Veprimet e p\u00ebrbashk\u00ebta t\u00eb autoriteteve osmane, greke dhe sllave q\u00eb pat\u00ebn kund\u00ebr gjuh\u00ebs dhe kultur\u00ebs shqiptare, sikur e kane z\u00ebvend\u00ebsuar &#8220;osmanlinjt\u00eb shqiptar\u00eb&#8221; qe shkuan t\u00eb studiojn\u00eb n\u00eb vendet arabe si n\u00eb Siri, n\u00eb Iran, n\u00eb Irak dhe Turqi e vende tjera p\u00ebr teologji, me \u00e7ka u indoktrinuan n\u00eb kultur\u00ebn dhe fen\u00eb e tyre me ligje dhe zakone sipas sheriatit, qe po mundohen ta futin tek populli shqiptar!!!&#8230;<\/p>\n<p>Ndon\u00ebe vendet islame jan\u00eb t\u00eb gjitha t\u00eb p\u00ebrfshir\u00eb nga kriza e tensione t\u00eb p\u00ebrgjakshme, k\u00ebt\u00eb model shoq\u00ebror agresiv e primitiv, duan t\u00eb na sjellin Shefqetat e Krasniq\u00ebt k\u00ebtu tek ne, vet\u00ebm se ata duasn t\u00eb han\u00eb nj\u00eb kafshat\u00eb buk\u00eb p\u00ebr vete &#8211; punojn\u00eb k\u00ebshtu p\u00ebrmes fes\u00eb kund\u00ebr interesave tona komb\u00ebtare, kund\u00ebr zhvillimit dhe integrimit modern t\u00eb shoq\u00ebros\u00eb shqiptare. Por a duhet ne si shoq\u00ebri, t&#8217;i lejojm\u00eb k\u00ebta matrapaz\u00eb t\u00eb shpirtit e moralit, t\u00eb na gjunj\u00ebzojn\u00eb si shoq\u00ebri p\u00ebrpara marris\u00eb s\u00eb tyre?!<\/p>\n<p><em>Janar, SHBA 2014<\/em><\/p>\n","protected":false},"excerpt":{"rendered":"<p>Nga Rrezart Kalaja P\u00ebr 2 % muhaxhedin\u00eb shqiptar\u00eb, po i rrezikohen vlerat e 98 % t\u00eb popullat\u00ebs shqiptare me \u00e7ka pa p\u00ebrgjegj\u00ebsi nuk mund t\u00eb mbesin as qeverit\u00eb aktuale n\u00eb Shqip\u00ebri dhe Kosov\u00eb. Veprimet e p\u00ebrbashk\u00ebta t\u00eb autoriteteve osmane, greke dhe sllave q\u00eb pat\u00ebn kund\u00ebr gjuh\u00ebs dhe kultur\u00ebs shqiptare, sikur e kane z\u00ebvend\u00ebsuar &#8220;osmanlinjt\u00eb e [&hellip;]<\/p>\n","protected":false},"author":1,"featured_media":0,"comment_status":"open","ping_status":"closed","sticky":false,"template":"","format":"standard","meta":{"footnotes":""},"categories":[2],"tags":[],"class_list":{"0":"post-13336","1":"post","2":"type-post","3":"status-publish","4":"format-standard","6":"category-artikuj"},"yoast_head":"<!-- This site is optimized with the Yoast SEO plugin v27.4 - https:\/\/yoast.com\/product\/yoast-seo-wordpress\/ -->\n<title>Nga Shefqet Krasniqi thirrje p\u00ebr konvertime nga katolik n\u00eb mysliman! - FjALA e LIR\u00cb - Arkivi<\/title>\n<meta name=\"robots\" content=\"index, follow, max-snippet:-1, max-image-preview:large, max-video-preview:-1\" \/>\n<link rel=\"canonical\" href=\"https:\/\/fjala.info\/2009-2015\/nga-shefqet-krasniqi-thirrje-per-konvertime-nga-katolik-ne-mysliman\/\" \/>\n<meta property=\"og:locale\" content=\"sq_AL\" \/>\n<meta property=\"og:type\" content=\"article\" \/>\n<meta property=\"og:title\" content=\"Nga Shefqet Krasniqi thirrje p\u00ebr konvertime nga katolik n\u00eb mysliman! - FjALA e LIR\u00cb - Arkivi\" \/>\n<meta property=\"og:description\" content=\"Nga Rrezart Kalaja P\u00ebr 2 % muhaxhedin\u00eb shqiptar\u00eb, po i rrezikohen vlerat e 98 % t\u00eb popullat\u00ebs shqiptare me \u00e7ka pa p\u00ebrgjegj\u00ebsi nuk mund t\u00eb mbesin as qeverit\u00eb aktuale n\u00eb Shqip\u00ebri dhe Kosov\u00eb. Veprimet e p\u00ebrbashk\u00ebta t\u00eb autoriteteve osmane, greke dhe sllave q\u00eb pat\u00ebn kund\u00ebr gjuh\u00ebs dhe kultur\u00ebs shqiptare, sikur e kane z\u00ebvend\u00ebsuar &#8220;osmanlinjt\u00eb e [&hellip;]\" \/>\n<meta property=\"og:url\" content=\"https:\/\/fjala.info\/2009-2015\/nga-shefqet-krasniqi-thirrje-per-konvertime-nga-katolik-ne-mysliman\/\" \/>\n<meta property=\"og:site_name\" content=\"FjALA e LIR\u00cb - Arkivi\" \/>\n<meta property=\"article:published_time\" content=\"2014-01-16T07:49:55+00:00\" \/>\n<meta name=\"author\" content=\"admin\" \/>\n<meta name=\"twitter:card\" content=\"summary_large_image\" \/>\n<meta name=\"twitter:label1\" content=\"Written by\" \/>\n\t<meta name=\"twitter:data1\" content=\"admin\" \/>\n\t<meta name=\"twitter:label2\" content=\"Est. reading time\" \/>\n\t<meta name=\"twitter:data2\" content=\"5 minutes\" \/>\n<script type=\"application\/ld+json\" class=\"yoast-schema-graph\">{\"@context\":\"https:\\\/\\\/schema.org\",\"@graph\":[{\"@type\":\"Article\",\"@id\":\"https:\\\/\\\/fjala.info\\\/2009-2015\\\/nga-shefqet-krasniqi-thirrje-per-konvertime-nga-katolik-ne-mysliman\\\/#article\",\"isPartOf\":{\"@id\":\"https:\\\/\\\/fjala.info\\\/2009-2015\\\/nga-shefqet-krasniqi-thirrje-per-konvertime-nga-katolik-ne-mysliman\\\/\"},\"author\":{\"name\":\"admin\",\"@id\":\"https:\\\/\\\/fjala.info\\\/2009-2015\\\/#\\\/schema\\\/person\\\/3aa1163ef05469c496fc94e77611ada2\"},\"headline\":\"Nga Shefqet Krasniqi thirrje p\u00ebr konvertime nga katolik n\u00eb mysliman!\",\"datePublished\":\"2014-01-16T07:49:55+00:00\",\"mainEntityOfPage\":{\"@id\":\"https:\\\/\\\/fjala.info\\\/2009-2015\\\/nga-shefqet-krasniqi-thirrje-per-konvertime-nga-katolik-ne-mysliman\\\/\"},\"wordCount\":1009,\"commentCount\":0,\"publisher\":{\"@id\":\"https:\\\/\\\/fjala.info\\\/2009-2015\\\/#organization\"},\"articleSection\":[\"Artikuj\"],\"inLanguage\":\"sq-AL\",\"potentialAction\":[{\"@type\":\"CommentAction\",\"name\":\"Comment\",\"target\":[\"https:\\\/\\\/fjala.info\\\/2009-2015\\\/nga-shefqet-krasniqi-thirrje-per-konvertime-nga-katolik-ne-mysliman\\\/#respond\"]}]},{\"@type\":\"WebPage\",\"@id\":\"https:\\\/\\\/fjala.info\\\/2009-2015\\\/nga-shefqet-krasniqi-thirrje-per-konvertime-nga-katolik-ne-mysliman\\\/\",\"url\":\"https:\\\/\\\/fjala.info\\\/2009-2015\\\/nga-shefqet-krasniqi-thirrje-per-konvertime-nga-katolik-ne-mysliman\\\/\",\"name\":\"Nga Shefqet Krasniqi thirrje p\u00ebr konvertime nga katolik n\u00eb mysliman! - FjALA e LIR\u00cb - Arkivi\",\"isPartOf\":{\"@id\":\"https:\\\/\\\/fjala.info\\\/2009-2015\\\/#website\"},\"datePublished\":\"2014-01-16T07:49:55+00:00\",\"breadcrumb\":{\"@id\":\"https:\\\/\\\/fjala.info\\\/2009-2015\\\/nga-shefqet-krasniqi-thirrje-per-konvertime-nga-katolik-ne-mysliman\\\/#breadcrumb\"},\"inLanguage\":\"sq-AL\",\"potentialAction\":[{\"@type\":\"ReadAction\",\"target\":[\"https:\\\/\\\/fjala.info\\\/2009-2015\\\/nga-shefqet-krasniqi-thirrje-per-konvertime-nga-katolik-ne-mysliman\\\/\"]}]},{\"@type\":\"BreadcrumbList\",\"@id\":\"https:\\\/\\\/fjala.info\\\/2009-2015\\\/nga-shefqet-krasniqi-thirrje-per-konvertime-nga-katolik-ne-mysliman\\\/#breadcrumb\",\"itemListElement\":[{\"@type\":\"ListItem\",\"position\":1,\"name\":\"Home\",\"item\":\"https:\\\/\\\/fjala.info\\\/2009-2015\\\/\"},{\"@type\":\"ListItem\",\"position\":2,\"name\":\"Nga Shefqet Krasniqi thirrje p\u00ebr konvertime nga katolik n\u00eb mysliman!\"}]},{\"@type\":\"WebSite\",\"@id\":\"https:\\\/\\\/fjala.info\\\/2009-2015\\\/#website\",\"url\":\"https:\\\/\\\/fjala.info\\\/2009-2015\\\/\",\"name\":\"FjALA e LIR\u00cb - Arkivi\",\"description\":\"Arkivi 2009-2015\",\"publisher\":{\"@id\":\"https:\\\/\\\/fjala.info\\\/2009-2015\\\/#organization\"},\"potentialAction\":[{\"@type\":\"SearchAction\",\"target\":{\"@type\":\"EntryPoint\",\"urlTemplate\":\"https:\\\/\\\/fjala.info\\\/2009-2015\\\/?s={search_term_string}\"},\"query-input\":{\"@type\":\"PropertyValueSpecification\",\"valueRequired\":true,\"valueName\":\"search_term_string\"}}],\"inLanguage\":\"sq-AL\"},{\"@type\":\"Organization\",\"@id\":\"https:\\\/\\\/fjala.info\\\/2009-2015\\\/#organization\",\"name\":\"FjALA e LIR\u00cb - Arkivi\",\"url\":\"https:\\\/\\\/fjala.info\\\/2009-2015\\\/\",\"logo\":{\"@type\":\"ImageObject\",\"inLanguage\":\"sq-AL\",\"@id\":\"https:\\\/\\\/fjala.info\\\/2009-2015\\\/#\\\/schema\\\/logo\\\/image\\\/\",\"url\":\"\",\"contentUrl\":\"\",\"caption\":\"FjALA e LIR\u00cb - Arkivi\"},\"image\":{\"@id\":\"https:\\\/\\\/fjala.info\\\/2009-2015\\\/#\\\/schema\\\/logo\\\/image\\\/\"}},{\"@type\":\"Person\",\"@id\":\"https:\\\/\\\/fjala.info\\\/2009-2015\\\/#\\\/schema\\\/person\\\/3aa1163ef05469c496fc94e77611ada2\",\"name\":\"admin\",\"image\":{\"@type\":\"ImageObject\",\"inLanguage\":\"sq-AL\",\"@id\":\"https:\\\/\\\/fjala.info\\\/2009-2015\\\/wp-content\\\/uploads\\\/2012\\\/02\\\/arben_cokaj-120x150.jpg\",\"url\":\"https:\\\/\\\/fjala.info\\\/2009-2015\\\/wp-content\\\/uploads\\\/2012\\\/02\\\/arben_cokaj-120x150.jpg\",\"contentUrl\":\"https:\\\/\\\/fjala.info\\\/2009-2015\\\/wp-content\\\/uploads\\\/2012\\\/02\\\/arben_cokaj-120x150.jpg\",\"caption\":\"admin\"},\"description\":\"Admin, Fjala e Lir\u00eb\",\"sameAs\":[\"https:\\\/\\\/fjala.info\\\/\"],\"url\":\"https:\\\/\\\/fjala.info\\\/2009-2015\\\/author\\\/admin\\\/\"}]}<\/script>\n<!-- \/ Yoast SEO plugin. -->","yoast_head_json":{"title":"Nga Shefqet Krasniqi thirrje p\u00ebr konvertime nga katolik n\u00eb mysliman! - FjALA e LIR\u00cb - Arkivi","robots":{"index":"index","follow":"follow","max-snippet":"max-snippet:-1","max-image-preview":"max-image-preview:large","max-video-preview":"max-video-preview:-1"},"canonical":"https:\/\/fjala.info\/2009-2015\/nga-shefqet-krasniqi-thirrje-per-konvertime-nga-katolik-ne-mysliman\/","og_locale":"sq_AL","og_type":"article","og_title":"Nga Shefqet Krasniqi thirrje p\u00ebr konvertime nga katolik n\u00eb mysliman! - FjALA e LIR\u00cb - Arkivi","og_description":"Nga Rrezart Kalaja P\u00ebr 2 % muhaxhedin\u00eb shqiptar\u00eb, po i rrezikohen vlerat e 98 % t\u00eb popullat\u00ebs shqiptare me \u00e7ka pa p\u00ebrgjegj\u00ebsi nuk mund t\u00eb mbesin as qeverit\u00eb aktuale n\u00eb Shqip\u00ebri dhe Kosov\u00eb. Veprimet e p\u00ebrbashk\u00ebta t\u00eb autoriteteve osmane, greke dhe sllave q\u00eb pat\u00ebn kund\u00ebr gjuh\u00ebs dhe kultur\u00ebs shqiptare, sikur e kane z\u00ebvend\u00ebsuar &#8220;osmanlinjt\u00eb e [&hellip;]","og_url":"https:\/\/fjala.info\/2009-2015\/nga-shefqet-krasniqi-thirrje-per-konvertime-nga-katolik-ne-mysliman\/","og_site_name":"FjALA e LIR\u00cb - Arkivi","article_published_time":"2014-01-16T07:49:55+00:00","author":"admin","twitter_card":"summary_large_image","twitter_misc":{"Written by":"admin","Est. reading time":"5 minutes"},"schema":{"@context":"https:\/\/schema.org","@graph":[{"@type":"Article","@id":"https:\/\/fjala.info\/2009-2015\/nga-shefqet-krasniqi-thirrje-per-konvertime-nga-katolik-ne-mysliman\/#article","isPartOf":{"@id":"https:\/\/fjala.info\/2009-2015\/nga-shefqet-krasniqi-thirrje-per-konvertime-nga-katolik-ne-mysliman\/"},"author":{"name":"admin","@id":"https:\/\/fjala.info\/2009-2015\/#\/schema\/person\/3aa1163ef05469c496fc94e77611ada2"},"headline":"Nga Shefqet Krasniqi thirrje p\u00ebr konvertime nga katolik n\u00eb mysliman!","datePublished":"2014-01-16T07:49:55+00:00","mainEntityOfPage":{"@id":"https:\/\/fjala.info\/2009-2015\/nga-shefqet-krasniqi-thirrje-per-konvertime-nga-katolik-ne-mysliman\/"},"wordCount":1009,"commentCount":0,"publisher":{"@id":"https:\/\/fjala.info\/2009-2015\/#organization"},"articleSection":["Artikuj"],"inLanguage":"sq-AL","potentialAction":[{"@type":"CommentAction","name":"Comment","target":["https:\/\/fjala.info\/2009-2015\/nga-shefqet-krasniqi-thirrje-per-konvertime-nga-katolik-ne-mysliman\/#respond"]}]},{"@type":"WebPage","@id":"https:\/\/fjala.info\/2009-2015\/nga-shefqet-krasniqi-thirrje-per-konvertime-nga-katolik-ne-mysliman\/","url":"https:\/\/fjala.info\/2009-2015\/nga-shefqet-krasniqi-thirrje-per-konvertime-nga-katolik-ne-mysliman\/","name":"Nga Shefqet Krasniqi thirrje p\u00ebr konvertime nga katolik n\u00eb mysliman! - FjALA e LIR\u00cb - Arkivi","isPartOf":{"@id":"https:\/\/fjala.info\/2009-2015\/#website"},"datePublished":"2014-01-16T07:49:55+00:00","breadcrumb":{"@id":"https:\/\/fjala.info\/2009-2015\/nga-shefqet-krasniqi-thirrje-per-konvertime-nga-katolik-ne-mysliman\/#breadcrumb"},"inLanguage":"sq-AL","potentialAction":[{"@type":"ReadAction","target":["https:\/\/fjala.info\/2009-2015\/nga-shefqet-krasniqi-thirrje-per-konvertime-nga-katolik-ne-mysliman\/"]}]},{"@type":"BreadcrumbList","@id":"https:\/\/fjala.info\/2009-2015\/nga-shefqet-krasniqi-thirrje-per-konvertime-nga-katolik-ne-mysliman\/#breadcrumb","itemListElement":[{"@type":"ListItem","position":1,"name":"Home","item":"https:\/\/fjala.info\/2009-2015\/"},{"@type":"ListItem","position":2,"name":"Nga Shefqet Krasniqi thirrje p\u00ebr konvertime nga katolik n\u00eb mysliman!"}]},{"@type":"WebSite","@id":"https:\/\/fjala.info\/2009-2015\/#website","url":"https:\/\/fjala.info\/2009-2015\/","name":"FjALA e LIR\u00cb - Arkivi","description":"Arkivi 2009-2015","publisher":{"@id":"https:\/\/fjala.info\/2009-2015\/#organization"},"potentialAction":[{"@type":"SearchAction","target":{"@type":"EntryPoint","urlTemplate":"https:\/\/fjala.info\/2009-2015\/?s={search_term_string}"},"query-input":{"@type":"PropertyValueSpecification","valueRequired":true,"valueName":"search_term_string"}}],"inLanguage":"sq-AL"},{"@type":"Organization","@id":"https:\/\/fjala.info\/2009-2015\/#organization","name":"FjALA e LIR\u00cb - Arkivi","url":"https:\/\/fjala.info\/2009-2015\/","logo":{"@type":"ImageObject","inLanguage":"sq-AL","@id":"https:\/\/fjala.info\/2009-2015\/#\/schema\/logo\/image\/","url":"","contentUrl":"","caption":"FjALA e LIR\u00cb - Arkivi"},"image":{"@id":"https:\/\/fjala.info\/2009-2015\/#\/schema\/logo\/image\/"}},{"@type":"Person","@id":"https:\/\/fjala.info\/2009-2015\/#\/schema\/person\/3aa1163ef05469c496fc94e77611ada2","name":"admin","image":{"@type":"ImageObject","inLanguage":"sq-AL","@id":"https:\/\/fjala.info\/2009-2015\/wp-content\/uploads\/2012\/02\/arben_cokaj-120x150.jpg","url":"https:\/\/fjala.info\/2009-2015\/wp-content\/uploads\/2012\/02\/arben_cokaj-120x150.jpg","contentUrl":"https:\/\/fjala.info\/2009-2015\/wp-content\/uploads\/2012\/02\/arben_cokaj-120x150.jpg","caption":"admin"},"description":"Admin, Fjala e Lir\u00eb","sameAs":["https:\/\/fjala.info\/"],"url":"https:\/\/fjala.info\/2009-2015\/author\/admin\/"}]}},"_links":{"self":[{"href":"https:\/\/fjala.info\/2009-2015\/wp-json\/wp\/v2\/posts\/13336","targetHints":{"allow":["GET"]}}],"collection":[{"href":"https:\/\/fjala.info\/2009-2015\/wp-json\/wp\/v2\/posts"}],"about":[{"href":"https:\/\/fjala.info\/2009-2015\/wp-json\/wp\/v2\/types\/post"}],"author":[{"embeddable":true,"href":"https:\/\/fjala.info\/2009-2015\/wp-json\/wp\/v2\/users\/1"}],"replies":[{"embeddable":true,"href":"https:\/\/fjala.info\/2009-2015\/wp-json\/wp\/v2\/comments?post=13336"}],"version-history":[{"count":0,"href":"https:\/\/fjala.info\/2009-2015\/wp-json\/wp\/v2\/posts\/13336\/revisions"}],"wp:attachment":[{"href":"https:\/\/fjala.info\/2009-2015\/wp-json\/wp\/v2\/media?parent=13336"}],"wp:term":[{"taxonomy":"category","embeddable":true,"href":"https:\/\/fjala.info\/2009-2015\/wp-json\/wp\/v2\/categories?post=13336"},{"taxonomy":"post_tag","embeddable":true,"href":"https:\/\/fjala.info\/2009-2015\/wp-json\/wp\/v2\/tags?post=13336"}],"curies":[{"name":"wp","href":"https:\/\/api.w.org\/{rel}","templated":true}]}}