{"id":13335,"date":"2014-01-15T06:13:05","date_gmt":"2014-01-15T05:13:05","guid":{"rendered":"http:\/\/www.fjala.info\/?p=162"},"modified":"2014-01-15T06:13:05","modified_gmt":"2014-01-15T05:13:05","slug":"realiteti-pese-eurosh-dhe-bashkimi-kombetar","status":"publish","type":"post","link":"https:\/\/fjala.info\/2009-2015\/realiteti-pese-eurosh-dhe-bashkimi-kombetar\/","title":{"rendered":"REALITETI PES\u00cb EUROSH DHE BASHKIMI KOMB\u00cbTAR"},"content":{"rendered":"<p><img decoding=\"async\" class=\"alignright size-thumbnail wp-image-7236\" title=\"Gjergj Erebara\" alt=\"\" src=\"http:\/\/www.fjala.info\/2014\/gjergj_erebara.jpg\" width=\"150\" \/> <strong>GJERGJ EREBARA<\/strong>, <em>14 Janar 2014<\/em><\/p>\n<p>M\u00eb q\u00eblloi nj\u00eb her\u00eb q\u00eb isha n\u00eb Kosov\u00eb te libraria Buzuku dhe bleva nja 100 euro libra. Nj\u00eb pjes\u00eb i bleva p\u00ebr t\u2019i lexuar vet\u00eb, nj\u00eb pjes\u00eb p\u00ebr nj\u00eb mikun tim t\u00eb interesuar p\u00ebr Fryma e iluminizmit, Tzvetan Todorov, ca libra filozofik\u00eb t\u00eb sht\u00ebpis\u00eb botuese Dukagjini, t\u00eb cilat jan\u00eb shum\u00eb t\u00eb mir\u00eb dhe v\u00ebshtir\u00eb t\u00eb gjetsh\u00ebm n\u00eb Tiran\u00eb.<\/p>\n<p>Me nj\u00eb \u00e7ant\u00eb me libra hipa n\u00eb autobus e u nisa p\u00ebr n\u00eb Tiran\u00eb. N\u00eb kufi hyri polici shqiptar. Pyeti t\u00eb parin nga pasagjer\u00ebt:<\/p>\n<p>&#8211; \u00c7far\u00eb ke n\u00eb \u00e7ant\u00eb?<br \/>\n&#8211; Nja dy kile suxhuk! \u2013 tha ai<br \/>\n&#8211; Vet\u00ebm dy kile?<br \/>\n&#8211; Po, mund t\u00eb jen\u00eb tre!<\/p>\n<p>U mendua nj\u00eb cop\u00eb her\u00eb, pastaj hodhi syt\u00eb nga librat.<br \/>\nM\u00eb tha me tonalitet presioni.<\/p>\n<p>&#8211; Ke t\u00eb tjera te bagazhet?<br \/>\n&#8211; Jo!<br \/>\n&#8211; Zbrit posht\u00eb!<\/p>\n<p>Posht\u00eb m\u00eb doli p\u00ebrpara nj\u00eb doganier i keqveshur, thatim, tipar i mal\u00ebsis\u00eb s\u00eb kequshqyer shqiptare.<\/p>\n<p>Kequshqyerja dhe mungesa e zhvillimit normal fizik si pasoj\u00eb e munges\u00ebs s\u00eb proteinave n\u00eb mal\u00ebsin\u00eb shqiptare \u00ebsht\u00eb ajo q\u00eb m\u00eb vret m\u00eb shum\u00eb nga realiteti shqiptar i sot\u00ebm. Po nejse!<\/p>\n<p>Doganieri m\u00eb tha se duhej t\u00eb paguaja dogan\u00eb p\u00ebr librat. I thash\u00eb se n\u00eb dijenin\u00eb time, librat jan\u00eb p\u00ebrjashtuar nga Tatimi mbi Vler\u00ebn e Shtuar, mbi to nuk r\u00ebndon tarif\u00eb doganore. M\u00eb tha se gjithsesi duhet t\u00eb b\u00ebhet nj\u00eb \u201cdeklarat\u00eb doganore\u201d.<\/p>\n<p>Aty e kuptova! Deklarata doganore l\u00ebshohet nga nj\u00eb zyr\u00eb private dhe kushton 2600 lek\u00eb (t\u00eb reja). Rruga tjet\u00ebr qe q\u00eb t\u2019i paguaja nja 5 euro n\u00ebn dor\u00eb doganierit e t\u00eb vazhdoja rrug\u00ebn.<\/p>\n<p>Kjo qe \u00e7far\u00eb m\u2019u kujtua kur pas takimit \u201chistorik\u201d t\u00eb dy qeverive shqiptare n\u00eb Prizren m\u00eb 11 janar 2014, nj\u00eb nga propozimet e ministris\u00eb shqiptare t\u00eb Financave qe q\u00eb Kosova t\u00eb hiqte TVSH-n\u00eb p\u00ebr librin \u201cn.q.s ekziston\u201d. Kosova e ka TVSH p\u00ebr librin. Edhe atje politika b\u00ebn rrug\u00eb me arka bosh. E premton heqjen, pastaj nuk e heq. E heq n\u00eb importe, e l\u00eb n\u00eb tregun e brendsh\u00ebm. Ka probleme me \u201cadministrimin\u201d, d.m.th ka frik\u00eb se mos djathi deklarohet lib\u00ebr e nuk paguan TVSH dhe ata nuk kan\u00eb kapacitete apo vullnet p\u00ebr t\u00eb kontrolluar dhe nd\u00ebshkuar shkel\u00ebsit. (Sido q\u00eb fakti \u00ebsht\u00eb q\u00eb administrata tatimore e Kosov\u00ebs \u00ebsht\u00eb shum\u00eb her\u00eb m\u00eb e zhvilluar dhe mir\u00ebfunksionale se ajo e Shqip\u00ebris\u00eb).<\/p>\n<p>Kuptohet q\u00eb procedurat jan\u00eb m\u00eb t\u00eb r\u00ebnd\u00ebsishme sesa taksat. N.q.s Shqip\u00ebria nuk e takson librin, por doganier\u00ebt jan\u00eb t\u00eb etur p\u00ebr t\u00eb rr\u00ebmbyer pes\u00eb euro, thjesht leht\u00ebsimi fiskal humbet funksionin.<\/p>\n<p>Tani le ta ngrem\u00eb k\u00ebt\u00eb problemin e shk\u00ebmbimeve tregtare me Kosov\u00ebn n\u00eb nj\u00eb nivel m\u00eb t\u00eb lart\u00eb, p.sh te energjia elektrike. Kur nj\u00eb doganier \u00ebsht\u00eb n\u00eb gjendje t\u00eb shkat\u00ebrroj\u00eb politik\u00ebn zyrtare t\u00eb leht\u00ebsimit fiskal t\u00eb librave, sepse \u00ebsht\u00eb i etur t\u00eb marr\u00eb pes\u00eb euro, imagjinoni se \u00e7far\u00eb ndodh me nj\u00eb treg me vler\u00eb 100 apo 200 milion\u00eb euro n\u00eb vit, ku qarkullojn\u00eb miliona dhe dhjet\u00ebramilion\u00eb euro ryshfet. Natyrisht q\u00eb bashkimi komb\u00ebtar nuk ka asnj\u00eb shans p\u00ebr sa koh\u00eb ekziston korrupsioni n\u00eb nivelin e krimit t\u00eb organizuar.<\/p>\n<p>Shqip\u00ebria dhe Kosova jan\u00eb dy tregje komplementare dhe tregtia mes dy vendeve shqiptare sjell shum\u00eb p\u00ebrfitime. Por asnj\u00eb politik\u00eb nuk \u00ebsht\u00eb e mundshme, as p\u00ebr bashkim e as p\u00ebr ndarje, as p\u00ebr mir\u00eb e as p\u00ebr keq, p\u00ebr sa koh\u00eb ka korrupsion. Ose do t\u00eb na duhet t\u00eb presim q\u00eb interesat e korrupsionit t\u00eb p\u00ebrputhen me interesat e bashkimit komb\u00ebtar.<\/p>\n<p>Shembulli i energjis\u00eb elektrike \u00ebsht\u00eb m\u00eb i dukshmi. Kosova mund t\u00eb eksportoj\u00eb energji gjat\u00eb nat\u00ebs pas nd\u00ebrtimit t\u00eb linj\u00ebs s\u00eb interkonjeksionit, energji q\u00eb aktualisht prodhohet n\u00eb termocentrale dhe shkon d\u00ebm. Shqip\u00ebria mund t\u2019i mbyll\u00eb hidrocentralet gjat\u00eb nat\u00ebs dhe t\u2019ia kthej\u00eb energjin\u00eb e importuar nga Kosova, dit\u00ebn. K\u00ebt\u00eb skem\u00eb kaq t\u00eb thjesht\u00eb dhe fitimprur\u00ebse t\u00eb bashk\u00ebpunimit ekonomik Shqip\u00ebri-Kosov\u00eb, e d\u00ebgjova n\u00eb vitin e larg\u00ebt 2000. Nj\u00eb drejtor i KESH, nga t\u00eb paktit jopolitik\u00eb n\u00eb at\u00eb post, ma tregoi. Kaq e kaq vite prapa jemi ende duke diskutuar t\u00eb nj\u00ebjt\u00ebn gj\u00eb.<\/p>\n<p>Kur ka nj\u00eb tregti ku t\u00eb dyja pal\u00ebt fitojn\u00eb, si shpjegohet q\u00eb u desh\u00ebn dymb\u00ebdhjet\u00eb vjet q\u00eb nga \u00e7lirimi i Kosov\u00ebs p\u00ebr t\u00eb filluan pun\u00ebn p\u00ebr nd\u00ebrtimin e interkonjeksionit? Pse duhej q\u00eb t\u00eb vinin gjerman\u00ebt, t\u00eb identifikonin k\u00ebt\u00eb mund\u00ebsi, t\u00eb jepni kredi p\u00ebr t\u00eb nd\u00ebrtuar nj\u00eb lidhje q\u00eb ne e njihnim si shum\u00eb me leverdi q\u00eb prej aq e aq vitesh? Problemi q\u00ebndron te miliona e dhjet\u00ebramiliona euro q\u00eb p\u00ebrfitohen \u00e7do vit n\u00eb form\u00ebn e ryshfetit nga importet dhe eksportet e energjis\u00eb elektrike.<\/p>\n<p>Korrupsioni pra \u00ebsht\u00eb problemi dhe jo vullneti politik p\u00ebr bashkim apo mosbashkim, bashkim n\u00eb BE apo jasht\u00eb BE-s\u00eb e t\u00eb tjera retorika politike.<\/p>\n<p>Tani, Shqip\u00ebria m\u00eb n\u00eb fund po e nd\u00ebrton linj\u00ebn e interkonjeksionit me Kosov\u00ebn. Hapi tjet\u00ebr \u00ebsht\u00eb ngritja e nj\u00eb grupi pune mes KESH dhe KEK, OST dhe OST, p\u00ebr t\u00eb par\u00eb se si do t\u00eb funksionoj\u00eb n\u00eb praktik\u00eb ky shk\u00ebmbim energjie. Do t\u00eb duhet nj\u00eb koordinim mes dispe\u00e7er\u00ebve t\u00eb t\u00eb dy vendeve p\u00ebr t\u00eb par\u00eb se sa energji mund t\u00eb eksportoj\u00eb Kosova n\u00eb Shqip\u00ebri e sa Shqip\u00ebria n\u00eb Kosov\u00eb. Me \u00e7far\u00eb \u00e7mimesh do t\u00eb kryhet ky shk\u00ebmbim. N\u00eb fund fare t\u00eb dy vendet duhet t\u00eb hartojn\u00eb nj\u00eb strategji t\u00eb p\u00ebrbashk\u00ebt p\u00ebr sistemet elektroenergjetike t\u00eb t\u00eb dyja vendeve.<\/p>\n<p>P\u00ebrfitimet e pritshme jan\u00eb sa ekonomike aq edhe politike. Shqip\u00ebria dhe Kosova nuk do t\u00eb jen\u00eb m\u00eb n\u00ebn var\u00ebsin\u00eb e linjave serbe t\u00eb transmetimit t\u00eb energjis\u00eb, ose n\u00eb rastin m\u00eb t\u00eb pakt\u00eb, var\u00ebsia do t\u00eb reduktohet ndjesh\u00ebm.<\/p>\n<p>Por ka gj\u00ebra edhe m\u00eb praktike p\u00ebr t\u2019u b\u00ebr\u00eb. P.sh, n\u00ebse un\u00eb dua t\u00eb blej 50 euro libra n\u00eb Kosov\u00eb, do t\u00eb m\u00eb duhet t\u00eb b\u00ebj nj\u00eb pages\u00eb bankare. Kjo pages\u00eb, p\u00ebr fat t\u00eb keq, do t\u00eb duhet t\u00eb kaloj\u00eb nga Frankfurti, apo nga ndonj\u00eb kryeqytet tjet\u00ebr europian. Por Banka e Shqip\u00ebris\u00eb dhe Banka Qendrore e Kosov\u00ebs nuk e kan\u00eb shum\u00eb t\u00eb v\u00ebshtir\u00eb t\u00eb b\u00ebjn\u00eb di\u00e7ka q\u00eb n\u00eb bot\u00eb njihet si zyr\u00eb kleringu, d.m.th q\u00eb pagesat bankare nga Shqip\u00ebria n\u00eb Kosov\u00eb dhe anasjelltas, t\u00eb mos b\u00ebjn\u00eb xhiro n\u00ebp\u00ebr kryeqytetet e Europ\u00ebs, por t\u00eb d\u00ebrgohen drejtp\u00ebrs\u00ebdrejti. Duhet nj\u00eb marr\u00ebveshje, bashk\u00ebpunim n\u00eb nivel teknik e t\u00eb tjera. Mundet q\u00eb k\u00ebt\u00eb zyr\u00eb ta b\u00ebjn\u00eb bankat qendrore, mundet ta b\u00ebjn\u00eb edhe sh\u00ebrbimet postare t\u00eb t\u00eb dyja vendeve. Mundet q\u00eb sistemi shqiptar i pagesave t\u00eb p\u00ebrdoret n\u00eb Kosov\u00eb ose anasjelltas. Nj\u00eb zyr\u00eb kleringu n\u00eb Prishtin\u00eb q\u00eb t\u00eb sh\u00ebrbej\u00eb n\u00eb nivel rajonal mund t\u00eb jet\u00eb nj\u00eb nism\u00eb e vlefshme p\u00ebr \u201cbashkimin\u201d jo vet\u00ebm t\u00eb Shqip\u00ebris\u00eb e Kosov\u00ebs.<\/p>\n<p>Dhe meq\u00eb mb\u00ebrrit\u00ebm te sh\u00ebrbimet postare, Posta Shqiptare vijon ta konsideroj\u00eb Kosov\u00ebn si \u201cvend rajonal\u201d. Nj\u00eb hap i vlefsh\u00ebm p\u00ebr tregtin\u00eb e vog\u00ebl \u00ebsht\u00eb unifikimi i tarifave dhe rrjedhimisht ulja e tyre p\u00ebr pakot q\u00eb d\u00ebrgohen nga Shqip\u00ebria n\u00eb Kosov\u00eb dhe anasjelltas. N\u00eb fund fare, Prishtina nuk \u00ebsht\u00eb sot m\u00eb larg sesa Gjirokastra apo Saranda e rrjedhimisht nuk ka pse t\u00eb klasifikohet si \u201cvend fqinj\u201d.<\/p>\n<p>Bashk\u00ebpunimi ekonomik e tregtar nuk \u00ebsht\u00eb domosdoshm\u00ebrisht nacionaliz\u00ebm.<\/p>\n<p>Jan De Vries, nj\u00eb profesor i Historis\u00eb Ekonomike, dikur tha se sipas mendimit t\u00eb tij, nuk ekziston Revolucioni Industrial. Nuk ka asnj\u00eb shpikje q\u00eb t\u00eb ket\u00eb sjell\u00eb ndryshime aq t\u00eb m\u00ebdha sa t\u00eb konsiderohen si revolucion. Ajo q\u00eb ka p\u00ebrjetuar Europa n\u00eb shekullin e 19 sipas tij, qe nj\u00eb \u201crevolucion i djers\u00ebs\u201d. Duhet shum\u00eb pun\u00eb, shum\u00eb fare p\u00ebr t\u00eb arritur zhvillimin. Kjo djers\u00eb e derdhur nuk p\u00ebrb\u00ebn nj\u00eb \u201cmoment historik\u201d. Askush nuk do t\u00eb shkruaj\u00eb ndonj\u00eb lib\u00ebr p\u00ebr nj\u00eb pik\u00eb djerse q\u00eb bie n\u00eb vetull\u00ebn e nj\u00eb pun\u00ebtori dhe vler\u00ebn e k\u00ebsaj pike djerse n\u00eb historin\u00eb e zhvillimit njer\u00ebzor. Megjithat\u00eb, ajo pik\u00eb djerse \u00ebsht\u00eb origjina e mir\u00ebqenies.<\/p>\n","protected":false},"excerpt":{"rendered":"<p>GJERGJ EREBARA, 14 Janar 2014 M\u00eb q\u00eblloi nj\u00eb her\u00eb q\u00eb isha n\u00eb Kosov\u00eb te libraria Buzuku dhe bleva nja 100 euro libra. Nj\u00eb pjes\u00eb i bleva p\u00ebr t\u2019i lexuar vet\u00eb, nj\u00eb pjes\u00eb p\u00ebr nj\u00eb mikun tim t\u00eb interesuar p\u00ebr Fryma e iluminizmit, Tzvetan Todorov, ca libra filozofik\u00eb t\u00eb sht\u00ebpis\u00eb botuese Dukagjini, t\u00eb cilat jan\u00eb shum\u00eb [&hellip;]<\/p>\n","protected":false},"author":1,"featured_media":0,"comment_status":"open","ping_status":"closed","sticky":false,"template":"","format":"standard","meta":{"footnotes":""},"categories":[2],"tags":[],"class_list":{"0":"post-13335","1":"post","2":"type-post","3":"status-publish","4":"format-standard","6":"category-artikuj"},"yoast_head":"<!-- This site is optimized with the Yoast SEO plugin v27.4 - https:\/\/yoast.com\/product\/yoast-seo-wordpress\/ -->\n<title>REALITETI PES\u00cb EUROSH DHE BASHKIMI KOMB\u00cbTAR - FjALA e LIR\u00cb - Arkivi<\/title>\n<meta name=\"robots\" content=\"index, follow, max-snippet:-1, max-image-preview:large, max-video-preview:-1\" \/>\n<link rel=\"canonical\" href=\"https:\/\/fjala.info\/2009-2015\/realiteti-pese-eurosh-dhe-bashkimi-kombetar\/\" \/>\n<meta property=\"og:locale\" content=\"sq_AL\" \/>\n<meta property=\"og:type\" content=\"article\" \/>\n<meta property=\"og:title\" content=\"REALITETI PES\u00cb EUROSH DHE BASHKIMI KOMB\u00cbTAR - FjALA e LIR\u00cb - Arkivi\" \/>\n<meta property=\"og:description\" content=\"GJERGJ EREBARA, 14 Janar 2014 M\u00eb q\u00eblloi nj\u00eb her\u00eb q\u00eb isha n\u00eb Kosov\u00eb te libraria Buzuku dhe bleva nja 100 euro libra. Nj\u00eb pjes\u00eb i bleva p\u00ebr t\u2019i lexuar vet\u00eb, nj\u00eb pjes\u00eb p\u00ebr nj\u00eb mikun tim t\u00eb interesuar p\u00ebr Fryma e iluminizmit, Tzvetan Todorov, ca libra filozofik\u00eb t\u00eb sht\u00ebpis\u00eb botuese Dukagjini, t\u00eb cilat jan\u00eb shum\u00eb [&hellip;]\" \/>\n<meta property=\"og:url\" content=\"https:\/\/fjala.info\/2009-2015\/realiteti-pese-eurosh-dhe-bashkimi-kombetar\/\" \/>\n<meta property=\"og:site_name\" content=\"FjALA e LIR\u00cb - Arkivi\" \/>\n<meta property=\"article:published_time\" content=\"2014-01-15T05:13:05+00:00\" \/>\n<meta property=\"og:image\" content=\"http:\/\/www.fjala.info\/2014\/gjergj_erebara.jpg\" \/>\n<meta name=\"author\" content=\"admin\" \/>\n<meta name=\"twitter:card\" content=\"summary_large_image\" \/>\n<meta name=\"twitter:label1\" content=\"Written by\" \/>\n\t<meta name=\"twitter:data1\" content=\"admin\" \/>\n\t<meta name=\"twitter:label2\" content=\"Est. reading time\" \/>\n\t<meta name=\"twitter:data2\" content=\"7 minutes\" \/>\n<script type=\"application\/ld+json\" class=\"yoast-schema-graph\">{\"@context\":\"https:\\\/\\\/schema.org\",\"@graph\":[{\"@type\":\"Article\",\"@id\":\"https:\\\/\\\/fjala.info\\\/2009-2015\\\/realiteti-pese-eurosh-dhe-bashkimi-kombetar\\\/#article\",\"isPartOf\":{\"@id\":\"https:\\\/\\\/fjala.info\\\/2009-2015\\\/realiteti-pese-eurosh-dhe-bashkimi-kombetar\\\/\"},\"author\":{\"name\":\"admin\",\"@id\":\"https:\\\/\\\/fjala.info\\\/2009-2015\\\/#\\\/schema\\\/person\\\/3aa1163ef05469c496fc94e77611ada2\"},\"headline\":\"REALITETI PES\u00cb EUROSH DHE BASHKIMI KOMB\u00cbTAR\",\"datePublished\":\"2014-01-15T05:13:05+00:00\",\"mainEntityOfPage\":{\"@id\":\"https:\\\/\\\/fjala.info\\\/2009-2015\\\/realiteti-pese-eurosh-dhe-bashkimi-kombetar\\\/\"},\"wordCount\":1402,\"commentCount\":0,\"publisher\":{\"@id\":\"https:\\\/\\\/fjala.info\\\/2009-2015\\\/#organization\"},\"image\":{\"@id\":\"https:\\\/\\\/fjala.info\\\/2009-2015\\\/realiteti-pese-eurosh-dhe-bashkimi-kombetar\\\/#primaryimage\"},\"thumbnailUrl\":\"http:\\\/\\\/www.fjala.info\\\/2014\\\/gjergj_erebara.jpg\",\"articleSection\":[\"Artikuj\"],\"inLanguage\":\"sq-AL\",\"potentialAction\":[{\"@type\":\"CommentAction\",\"name\":\"Comment\",\"target\":[\"https:\\\/\\\/fjala.info\\\/2009-2015\\\/realiteti-pese-eurosh-dhe-bashkimi-kombetar\\\/#respond\"]}]},{\"@type\":\"WebPage\",\"@id\":\"https:\\\/\\\/fjala.info\\\/2009-2015\\\/realiteti-pese-eurosh-dhe-bashkimi-kombetar\\\/\",\"url\":\"https:\\\/\\\/fjala.info\\\/2009-2015\\\/realiteti-pese-eurosh-dhe-bashkimi-kombetar\\\/\",\"name\":\"REALITETI PES\u00cb EUROSH DHE BASHKIMI KOMB\u00cbTAR - FjALA e LIR\u00cb - Arkivi\",\"isPartOf\":{\"@id\":\"https:\\\/\\\/fjala.info\\\/2009-2015\\\/#website\"},\"primaryImageOfPage\":{\"@id\":\"https:\\\/\\\/fjala.info\\\/2009-2015\\\/realiteti-pese-eurosh-dhe-bashkimi-kombetar\\\/#primaryimage\"},\"image\":{\"@id\":\"https:\\\/\\\/fjala.info\\\/2009-2015\\\/realiteti-pese-eurosh-dhe-bashkimi-kombetar\\\/#primaryimage\"},\"thumbnailUrl\":\"http:\\\/\\\/www.fjala.info\\\/2014\\\/gjergj_erebara.jpg\",\"datePublished\":\"2014-01-15T05:13:05+00:00\",\"breadcrumb\":{\"@id\":\"https:\\\/\\\/fjala.info\\\/2009-2015\\\/realiteti-pese-eurosh-dhe-bashkimi-kombetar\\\/#breadcrumb\"},\"inLanguage\":\"sq-AL\",\"potentialAction\":[{\"@type\":\"ReadAction\",\"target\":[\"https:\\\/\\\/fjala.info\\\/2009-2015\\\/realiteti-pese-eurosh-dhe-bashkimi-kombetar\\\/\"]}]},{\"@type\":\"ImageObject\",\"inLanguage\":\"sq-AL\",\"@id\":\"https:\\\/\\\/fjala.info\\\/2009-2015\\\/realiteti-pese-eurosh-dhe-bashkimi-kombetar\\\/#primaryimage\",\"url\":\"http:\\\/\\\/www.fjala.info\\\/2014\\\/gjergj_erebara.jpg\",\"contentUrl\":\"http:\\\/\\\/www.fjala.info\\\/2014\\\/gjergj_erebara.jpg\"},{\"@type\":\"BreadcrumbList\",\"@id\":\"https:\\\/\\\/fjala.info\\\/2009-2015\\\/realiteti-pese-eurosh-dhe-bashkimi-kombetar\\\/#breadcrumb\",\"itemListElement\":[{\"@type\":\"ListItem\",\"position\":1,\"name\":\"Home\",\"item\":\"https:\\\/\\\/fjala.info\\\/2009-2015\\\/\"},{\"@type\":\"ListItem\",\"position\":2,\"name\":\"REALITETI PES\u00cb EUROSH DHE BASHKIMI KOMB\u00cbTAR\"}]},{\"@type\":\"WebSite\",\"@id\":\"https:\\\/\\\/fjala.info\\\/2009-2015\\\/#website\",\"url\":\"https:\\\/\\\/fjala.info\\\/2009-2015\\\/\",\"name\":\"FjALA e LIR\u00cb - Arkivi\",\"description\":\"Arkivi 2009-2015\",\"publisher\":{\"@id\":\"https:\\\/\\\/fjala.info\\\/2009-2015\\\/#organization\"},\"potentialAction\":[{\"@type\":\"SearchAction\",\"target\":{\"@type\":\"EntryPoint\",\"urlTemplate\":\"https:\\\/\\\/fjala.info\\\/2009-2015\\\/?s={search_term_string}\"},\"query-input\":{\"@type\":\"PropertyValueSpecification\",\"valueRequired\":true,\"valueName\":\"search_term_string\"}}],\"inLanguage\":\"sq-AL\"},{\"@type\":\"Organization\",\"@id\":\"https:\\\/\\\/fjala.info\\\/2009-2015\\\/#organization\",\"name\":\"FjALA e LIR\u00cb - Arkivi\",\"url\":\"https:\\\/\\\/fjala.info\\\/2009-2015\\\/\",\"logo\":{\"@type\":\"ImageObject\",\"inLanguage\":\"sq-AL\",\"@id\":\"https:\\\/\\\/fjala.info\\\/2009-2015\\\/#\\\/schema\\\/logo\\\/image\\\/\",\"url\":\"\",\"contentUrl\":\"\",\"caption\":\"FjALA e LIR\u00cb - Arkivi\"},\"image\":{\"@id\":\"https:\\\/\\\/fjala.info\\\/2009-2015\\\/#\\\/schema\\\/logo\\\/image\\\/\"}},{\"@type\":\"Person\",\"@id\":\"https:\\\/\\\/fjala.info\\\/2009-2015\\\/#\\\/schema\\\/person\\\/3aa1163ef05469c496fc94e77611ada2\",\"name\":\"admin\",\"image\":{\"@type\":\"ImageObject\",\"inLanguage\":\"sq-AL\",\"@id\":\"https:\\\/\\\/fjala.info\\\/2009-2015\\\/wp-content\\\/uploads\\\/2012\\\/02\\\/arben_cokaj-120x150.jpg\",\"url\":\"https:\\\/\\\/fjala.info\\\/2009-2015\\\/wp-content\\\/uploads\\\/2012\\\/02\\\/arben_cokaj-120x150.jpg\",\"contentUrl\":\"https:\\\/\\\/fjala.info\\\/2009-2015\\\/wp-content\\\/uploads\\\/2012\\\/02\\\/arben_cokaj-120x150.jpg\",\"caption\":\"admin\"},\"description\":\"Admin, Fjala e Lir\u00eb\",\"sameAs\":[\"https:\\\/\\\/fjala.info\\\/\"],\"url\":\"https:\\\/\\\/fjala.info\\\/2009-2015\\\/author\\\/admin\\\/\"}]}<\/script>\n<!-- \/ Yoast SEO plugin. -->","yoast_head_json":{"title":"REALITETI PES\u00cb EUROSH DHE BASHKIMI KOMB\u00cbTAR - FjALA e LIR\u00cb - Arkivi","robots":{"index":"index","follow":"follow","max-snippet":"max-snippet:-1","max-image-preview":"max-image-preview:large","max-video-preview":"max-video-preview:-1"},"canonical":"https:\/\/fjala.info\/2009-2015\/realiteti-pese-eurosh-dhe-bashkimi-kombetar\/","og_locale":"sq_AL","og_type":"article","og_title":"REALITETI PES\u00cb EUROSH DHE BASHKIMI KOMB\u00cbTAR - FjALA e LIR\u00cb - Arkivi","og_description":"GJERGJ EREBARA, 14 Janar 2014 M\u00eb q\u00eblloi nj\u00eb her\u00eb q\u00eb isha n\u00eb Kosov\u00eb te libraria Buzuku dhe bleva nja 100 euro libra. Nj\u00eb pjes\u00eb i bleva p\u00ebr t\u2019i lexuar vet\u00eb, nj\u00eb pjes\u00eb p\u00ebr nj\u00eb mikun tim t\u00eb interesuar p\u00ebr Fryma e iluminizmit, Tzvetan Todorov, ca libra filozofik\u00eb t\u00eb sht\u00ebpis\u00eb botuese Dukagjini, t\u00eb cilat jan\u00eb shum\u00eb [&hellip;]","og_url":"https:\/\/fjala.info\/2009-2015\/realiteti-pese-eurosh-dhe-bashkimi-kombetar\/","og_site_name":"FjALA e LIR\u00cb - Arkivi","article_published_time":"2014-01-15T05:13:05+00:00","og_image":[{"url":"http:\/\/www.fjala.info\/2014\/gjergj_erebara.jpg","type":"","width":"","height":""}],"author":"admin","twitter_card":"summary_large_image","twitter_misc":{"Written by":"admin","Est. reading time":"7 minutes"},"schema":{"@context":"https:\/\/schema.org","@graph":[{"@type":"Article","@id":"https:\/\/fjala.info\/2009-2015\/realiteti-pese-eurosh-dhe-bashkimi-kombetar\/#article","isPartOf":{"@id":"https:\/\/fjala.info\/2009-2015\/realiteti-pese-eurosh-dhe-bashkimi-kombetar\/"},"author":{"name":"admin","@id":"https:\/\/fjala.info\/2009-2015\/#\/schema\/person\/3aa1163ef05469c496fc94e77611ada2"},"headline":"REALITETI PES\u00cb EUROSH DHE BASHKIMI KOMB\u00cbTAR","datePublished":"2014-01-15T05:13:05+00:00","mainEntityOfPage":{"@id":"https:\/\/fjala.info\/2009-2015\/realiteti-pese-eurosh-dhe-bashkimi-kombetar\/"},"wordCount":1402,"commentCount":0,"publisher":{"@id":"https:\/\/fjala.info\/2009-2015\/#organization"},"image":{"@id":"https:\/\/fjala.info\/2009-2015\/realiteti-pese-eurosh-dhe-bashkimi-kombetar\/#primaryimage"},"thumbnailUrl":"http:\/\/www.fjala.info\/2014\/gjergj_erebara.jpg","articleSection":["Artikuj"],"inLanguage":"sq-AL","potentialAction":[{"@type":"CommentAction","name":"Comment","target":["https:\/\/fjala.info\/2009-2015\/realiteti-pese-eurosh-dhe-bashkimi-kombetar\/#respond"]}]},{"@type":"WebPage","@id":"https:\/\/fjala.info\/2009-2015\/realiteti-pese-eurosh-dhe-bashkimi-kombetar\/","url":"https:\/\/fjala.info\/2009-2015\/realiteti-pese-eurosh-dhe-bashkimi-kombetar\/","name":"REALITETI PES\u00cb EUROSH DHE BASHKIMI KOMB\u00cbTAR - FjALA e LIR\u00cb - Arkivi","isPartOf":{"@id":"https:\/\/fjala.info\/2009-2015\/#website"},"primaryImageOfPage":{"@id":"https:\/\/fjala.info\/2009-2015\/realiteti-pese-eurosh-dhe-bashkimi-kombetar\/#primaryimage"},"image":{"@id":"https:\/\/fjala.info\/2009-2015\/realiteti-pese-eurosh-dhe-bashkimi-kombetar\/#primaryimage"},"thumbnailUrl":"http:\/\/www.fjala.info\/2014\/gjergj_erebara.jpg","datePublished":"2014-01-15T05:13:05+00:00","breadcrumb":{"@id":"https:\/\/fjala.info\/2009-2015\/realiteti-pese-eurosh-dhe-bashkimi-kombetar\/#breadcrumb"},"inLanguage":"sq-AL","potentialAction":[{"@type":"ReadAction","target":["https:\/\/fjala.info\/2009-2015\/realiteti-pese-eurosh-dhe-bashkimi-kombetar\/"]}]},{"@type":"ImageObject","inLanguage":"sq-AL","@id":"https:\/\/fjala.info\/2009-2015\/realiteti-pese-eurosh-dhe-bashkimi-kombetar\/#primaryimage","url":"http:\/\/www.fjala.info\/2014\/gjergj_erebara.jpg","contentUrl":"http:\/\/www.fjala.info\/2014\/gjergj_erebara.jpg"},{"@type":"BreadcrumbList","@id":"https:\/\/fjala.info\/2009-2015\/realiteti-pese-eurosh-dhe-bashkimi-kombetar\/#breadcrumb","itemListElement":[{"@type":"ListItem","position":1,"name":"Home","item":"https:\/\/fjala.info\/2009-2015\/"},{"@type":"ListItem","position":2,"name":"REALITETI PES\u00cb EUROSH DHE BASHKIMI KOMB\u00cbTAR"}]},{"@type":"WebSite","@id":"https:\/\/fjala.info\/2009-2015\/#website","url":"https:\/\/fjala.info\/2009-2015\/","name":"FjALA e LIR\u00cb - Arkivi","description":"Arkivi 2009-2015","publisher":{"@id":"https:\/\/fjala.info\/2009-2015\/#organization"},"potentialAction":[{"@type":"SearchAction","target":{"@type":"EntryPoint","urlTemplate":"https:\/\/fjala.info\/2009-2015\/?s={search_term_string}"},"query-input":{"@type":"PropertyValueSpecification","valueRequired":true,"valueName":"search_term_string"}}],"inLanguage":"sq-AL"},{"@type":"Organization","@id":"https:\/\/fjala.info\/2009-2015\/#organization","name":"FjALA e LIR\u00cb - Arkivi","url":"https:\/\/fjala.info\/2009-2015\/","logo":{"@type":"ImageObject","inLanguage":"sq-AL","@id":"https:\/\/fjala.info\/2009-2015\/#\/schema\/logo\/image\/","url":"","contentUrl":"","caption":"FjALA e LIR\u00cb - Arkivi"},"image":{"@id":"https:\/\/fjala.info\/2009-2015\/#\/schema\/logo\/image\/"}},{"@type":"Person","@id":"https:\/\/fjala.info\/2009-2015\/#\/schema\/person\/3aa1163ef05469c496fc94e77611ada2","name":"admin","image":{"@type":"ImageObject","inLanguage":"sq-AL","@id":"https:\/\/fjala.info\/2009-2015\/wp-content\/uploads\/2012\/02\/arben_cokaj-120x150.jpg","url":"https:\/\/fjala.info\/2009-2015\/wp-content\/uploads\/2012\/02\/arben_cokaj-120x150.jpg","contentUrl":"https:\/\/fjala.info\/2009-2015\/wp-content\/uploads\/2012\/02\/arben_cokaj-120x150.jpg","caption":"admin"},"description":"Admin, Fjala e Lir\u00eb","sameAs":["https:\/\/fjala.info\/"],"url":"https:\/\/fjala.info\/2009-2015\/author\/admin\/"}]}},"_links":{"self":[{"href":"https:\/\/fjala.info\/2009-2015\/wp-json\/wp\/v2\/posts\/13335","targetHints":{"allow":["GET"]}}],"collection":[{"href":"https:\/\/fjala.info\/2009-2015\/wp-json\/wp\/v2\/posts"}],"about":[{"href":"https:\/\/fjala.info\/2009-2015\/wp-json\/wp\/v2\/types\/post"}],"author":[{"embeddable":true,"href":"https:\/\/fjala.info\/2009-2015\/wp-json\/wp\/v2\/users\/1"}],"replies":[{"embeddable":true,"href":"https:\/\/fjala.info\/2009-2015\/wp-json\/wp\/v2\/comments?post=13335"}],"version-history":[{"count":0,"href":"https:\/\/fjala.info\/2009-2015\/wp-json\/wp\/v2\/posts\/13335\/revisions"}],"wp:attachment":[{"href":"https:\/\/fjala.info\/2009-2015\/wp-json\/wp\/v2\/media?parent=13335"}],"wp:term":[{"taxonomy":"category","embeddable":true,"href":"https:\/\/fjala.info\/2009-2015\/wp-json\/wp\/v2\/categories?post=13335"},{"taxonomy":"post_tag","embeddable":true,"href":"https:\/\/fjala.info\/2009-2015\/wp-json\/wp\/v2\/tags?post=13335"}],"curies":[{"name":"wp","href":"https:\/\/api.w.org\/{rel}","templated":true}]}}