{"id":13334,"date":"2014-01-15T06:06:18","date_gmt":"2014-01-15T05:06:18","guid":{"rendered":"http:\/\/www.fjala.info\/?p=160"},"modified":"2014-01-15T06:06:18","modified_gmt":"2014-01-15T05:06:18","slug":"basha-sposton-topallin-lamtumire-zonje-e-hekurt","status":"publish","type":"post","link":"https:\/\/fjala.info\/2009-2015\/basha-sposton-topallin-lamtumire-zonje-e-hekurt\/","title":{"rendered":"Basha sposton Topallin lamtumir\u00eb, \u201cZonj\u00eb e hekurt\u201d!"},"content":{"rendered":"<p><img decoding=\"async\" class=\"alignright size-thumbnail wp-image-7236\" title=\"Senad Nikshiqi\" alt=\"\" src=\"http:\/\/www.fjala.info\/2014\/senad_nikshiqi.jpg\" width=\"150\" \/> <em><strong>Analiza<\/strong><\/em> Nga <strong>SENAD NIKSHIQI<\/strong>, <em>14 Janar 2014<\/em><\/p>\n<p>SHKODER &#8211; Shkodra nuk ka m\u00eb &#8220;zonj\u00eb t\u00eb hekurt&#8221;. Jozefina Topalli n\u00eb ceremonin\u00eb e 23-vjetorit t\u00eb Partis\u00eb Demokratike n\u00eb Shkod\u00ebr u &#8220;thye&#8221; ndjesh\u00ebm n\u00eb syt\u00eb e gjith\u00eb shkodran\u00ebve e shqiptar\u00ebve. Lideri i ri i PD, Lulzim Basha, ia arriti q\u00eb kund\u00ebrshtaren e tij t\u00eb hershme brenda familjes s\u00eb demokrat\u00ebve ta rr\u00ebzoj\u00eb edhe n\u00eb sht\u00ebpin\u00eb e saj. E gjitha ishte nj\u00eb loj\u00eb perfekte nga t\u00eb dy, por n\u00eb fund e fituar nga Basha. E aq m\u00eb tep\u00ebr n\u00eb nj\u00eb dit\u00eb si kjo, t\u00eb themelimit t\u00eb Partis\u00eb. 23-vjetori i PD-s\u00eb, qartazi, m\u00eb shum\u00eb se kurr\u00eb, nxori n\u00eb pah r\u00ebnien e Topallit, pas shk\u00eblqimit t\u00eb saj n\u00eb 8-t\u00eb vitet e fundit.<\/p>\n<p>&#8220;Shefja&#8221; e Shkodr\u00ebs n\u00eb asnj\u00eb moment nuk mori as m\u00eb t\u00eb voglin entusiaz\u00ebm nga bashk\u00ebqytetar\u00ebt e saj demokrat\u00eb, q\u00eb deri dje e kishin t\u00eb adhuruar figur\u00ebn e saj. Q\u00eb nga hapja me vajz\u00ebn e <em>Gjelucve<\/em> e deri n\u00eb mbyllje, q\u00eb kulmoi me fjalimin e kryedemokratit Basha, Jozi u anashkalua nga t\u00eb gjitha p\u00ebrsh\u00ebndetjet e rastit. Emri i saj nuk u p\u00ebrmend n\u00eb asnj\u00eb kujtes\u00eb 23-vje\u00e7are, e n\u00eb asnj\u00eb prej fjalimeve q\u00eb u mbajt\u00ebn. Topalli, si asnj\u00ebher\u00eb m\u00eb par\u00eb, nuk ishte n\u00eb rreshtin e pare, kur kreu i PD mb\u00ebrriti n\u00eb hyrjen e teatrit &#8220;Migjeni&#8221;, as n\u00eb sall\u00eb n\u00eb momentin e ardhjes t\u00eb Bash\u00ebs. Ajo erdhi vet\u00ebm pak sekonda para se Basha t\u00eb ulej n\u00eb karriken e rezervuar.<\/p>\n<p>E ulur p\u00ebrkrah kund\u00ebrshtarit t\u00eb saj politik t\u00eb deklaruar, u shfaq e ngrysur e n\u00eb asnj\u00eb moment nuk kishte pamjen e qeshur e krenarin\u00eb, q\u00eb gjithnj\u00eb ua ka servirur shkodran\u00ebve, q\u00eb nga viti 1996, kur aderoi n\u00eb PD. Gjat\u00eb shfaqjes s\u00eb dokumentarit historik t\u00eb &#8220;familjes&#8221; demokrate, salla brohoriti fuqish\u00ebm kur u citua p\u00ebrzgjedhja e Lulzim Bash\u00ebs si kryetar i PD-s\u00eb. N\u00eb ato momente bota rrokullisej p\u00ebr Topallin, aq sa nuk denjoi t\u00eb pakt\u00ebn nj\u00eb duartrokitje shkarazi n\u00eb syt\u00eb e bot\u00ebs.<\/p>\n<p>Jozi lakohej si nj\u00eb nga kandidaturat e mundshme p\u00ebr z\u00ebvend\u00ebsimin e Sali Berish\u00ebs, ndaj dhe reagimi ndaj Lulzim Bash\u00ebs p\u00ebr t\u00eb \u00ebsht\u00eb i natyrsh\u00ebm. Benjamini i Berish\u00ebs, Basha ka ngjitur shkall\u00ebt e k\u00ebsaj partie, krejt n\u00eb m\u00ebnyr\u00eb t\u00eb \u00e7uditshme, e madje edhe dyshuese, q\u00eb rrall\u00eb ndodh n\u00eb vendet per\u00ebndimore. Normalisht partia duhet t\u00eb funksionoj\u00eb si nj\u00eb institucion, ku ngjitja b\u00ebhet hap pas hapi n\u00eb baz\u00eb t\u00eb meritokracis\u00eb s\u00eb vlerave profesionale, morale, politike etj. Edhe pse erdhi 8 vite m\u00eb von\u00eb se Topalli, Basha, n\u00ebn petkun e f\u00ebmij\u00ebve t\u00eb Berish\u00ebs, b\u00ebri &#8220;boom-in&#8221; e madh, duke kap\u00ebrcyer n\u00eb krye t\u00eb demokrat\u00ebve.<\/p>\n<p>Basha n\u00eb fjalimin e tij tha se tek PD-ja n\u00eb Shkoder nuk do t\u00eb mbyllet asnj\u00eb goj\u00eb, \u00e7ka n\u00ebnkupton se deri tani mund t\u00eb ken\u00eb qen\u00eb t\u00eb mbyllura ose edhe mund t\u00eb mbyllen, duke shigjetuar ndoshta pik\u00ebrisht rivalen e tij, Jozefin\u00ebn, q\u00eb nuk mundi asnj\u00ebher\u00eb ta duroj\u00eb. Kryedemokrati dha nj\u00eb sinjal t\u00eb qart\u00eb kur deklaroi se tashm\u00eb n\u00eb Shkod\u00ebr \u00ebsht\u00eb radha e t\u00eb rinjve, e demokrat\u00ebve t\u00eb rinj p\u00ebr t\u00eb marr\u00eb fatet e partis\u00eb n\u00eb duar, gj\u00eb, e cila duhet t\u00eb ket\u00eb hidh\u00ebruar Topallin e grupin e saj.<\/p>\n<p>E gjith\u00ebpushtetshmja deri para zgjedhjeve t\u00eb 23 qershorit, tashm\u00eb nuk ka kredencialet e m\u00ebparshme. Rrug\u00ebtimi i saj u k\u00ebput n\u00eb mes dhe, p\u00ebrsa koh\u00eb Basha t\u00eb ket\u00eb PD-n\u00eb n\u00eb dor\u00eb, Jozefina do t\u00eb jet\u00eb vet\u00ebm &#8220;Jozefin\u00eb&#8221;.<\/p>\n<p>Kryedemokrati n\u00eb fund t\u00eb takimit, kur trokiti gotat n\u00eb kokteil, disa her\u00eb \u00e7oi kok\u00ebn, duke k\u00ebrkuar me shikimin e tij, por askund Jozefina nuk ishte, duke mos pranuar as nj\u00eb trokitje gotash. Si t\u00eb mos mjaftonin k\u00ebto, ende pa u b\u00ebr\u00eb 24 or\u00eb nga ardhja e kryetarit t\u00eb PD, dega e PD-s\u00eb e Shkodr\u00ebs vijonte t\u00eb ishte e mbyllur. N\u00eb fakt, Basha b\u00ebri thirrje p\u00ebr rip\u00ebrt\u00ebritje p\u00ebrmes hapjes s\u00eb brezit t\u00eb ri e nj\u00eb zgjimi q\u00eb tha se nis nga Shkodra. T\u00eb nes\u00ebrmen zyra e PD-s\u00eb q\u00ebndronte e ky\u00e7yr, ndoshta nga frika e Topallit apo indiferetizmi p\u00ebr Bash\u00ebn.<\/p>\n<p>Zgjedhjet e PD-s\u00eb n\u00eb Shkod\u00ebr priten me interes sepse, p\u00ebrtej p\u00ebrs\u00ebritjes disa her\u00eb n\u00eb fjal\u00ebn e tij p\u00ebr konfigurimin e brezit t\u00eb ri nga Basha, kjo forc\u00eb politike n\u00eb k\u00ebt\u00eb qytet \u00ebsht\u00eb e ndar\u00eb qartazi n\u00eb dy klane: ai i Topallit dhe ai i Bash\u00ebs. Kryedemokrati \u00ebsht\u00eb n\u00eb pedestal, nd\u00ebrsa p\u00ebr Jozefin\u00ebn duket se tani duhet th\u00ebn\u00eb: &#8220;<strong>Lamtumir\u00eb, zonja e hekurt<\/strong>&#8220;!<\/p>\n<p><em>Shkrimi u publikua sot (14.01.2014) n\u00eb gazet\u00ebn Shqiptarja.com (print)<\/em><\/p>\n<p>Redaksia Online<br \/>\n(d.d\/shqiptarja.com)<\/p>\n","protected":false},"excerpt":{"rendered":"<p>Analiza Nga SENAD NIKSHIQI, 14 Janar 2014 SHKODER &#8211; Shkodra nuk ka m\u00eb &#8220;zonj\u00eb t\u00eb hekurt&#8221;. Jozefina Topalli n\u00eb ceremonin\u00eb e 23-vjetorit t\u00eb Partis\u00eb Demokratike n\u00eb Shkod\u00ebr u &#8220;thye&#8221; ndjesh\u00ebm n\u00eb syt\u00eb e gjith\u00eb shkodran\u00ebve e shqiptar\u00ebve. Lideri i ri i PD, Lulzim Basha, ia arriti q\u00eb kund\u00ebrshtaren e tij t\u00eb hershme brenda familjes s\u00eb [&hellip;]<\/p>\n","protected":false},"author":1,"featured_media":0,"comment_status":"open","ping_status":"closed","sticky":false,"template":"","format":"standard","meta":{"footnotes":""},"categories":[2],"tags":[],"class_list":{"0":"post-13334","1":"post","2":"type-post","3":"status-publish","4":"format-standard","6":"category-artikuj"},"yoast_head":"<!-- This site is optimized with the Yoast SEO plugin v27.4 - https:\/\/yoast.com\/product\/yoast-seo-wordpress\/ -->\n<title>Basha sposton Topallin lamtumir\u00eb, \u201cZonj\u00eb e hekurt\u201d! - FjALA e LIR\u00cb - Arkivi<\/title>\n<meta name=\"robots\" content=\"index, follow, max-snippet:-1, max-image-preview:large, max-video-preview:-1\" \/>\n<link rel=\"canonical\" href=\"https:\/\/fjala.info\/2009-2015\/basha-sposton-topallin-lamtumire-zonje-e-hekurt\/\" \/>\n<meta property=\"og:locale\" content=\"sq_AL\" \/>\n<meta property=\"og:type\" content=\"article\" \/>\n<meta property=\"og:title\" content=\"Basha sposton Topallin lamtumir\u00eb, \u201cZonj\u00eb e hekurt\u201d! - FjALA e LIR\u00cb - Arkivi\" \/>\n<meta property=\"og:description\" content=\"Analiza Nga SENAD NIKSHIQI, 14 Janar 2014 SHKODER &#8211; Shkodra nuk ka m\u00eb &#8220;zonj\u00eb t\u00eb hekurt&#8221;. Jozefina Topalli n\u00eb ceremonin\u00eb e 23-vjetorit t\u00eb Partis\u00eb Demokratike n\u00eb Shkod\u00ebr u &#8220;thye&#8221; ndjesh\u00ebm n\u00eb syt\u00eb e gjith\u00eb shkodran\u00ebve e shqiptar\u00ebve. Lideri i ri i PD, Lulzim Basha, ia arriti q\u00eb kund\u00ebrshtaren e tij t\u00eb hershme brenda familjes s\u00eb [&hellip;]\" \/>\n<meta property=\"og:url\" content=\"https:\/\/fjala.info\/2009-2015\/basha-sposton-topallin-lamtumire-zonje-e-hekurt\/\" \/>\n<meta property=\"og:site_name\" content=\"FjALA e LIR\u00cb - Arkivi\" \/>\n<meta property=\"article:published_time\" content=\"2014-01-15T05:06:18+00:00\" \/>\n<meta property=\"og:image\" content=\"http:\/\/www.fjala.info\/2014\/senad_nikshiqi.jpg\" \/>\n<meta name=\"author\" content=\"admin\" \/>\n<meta name=\"twitter:card\" content=\"summary_large_image\" \/>\n<meta name=\"twitter:label1\" content=\"Written by\" \/>\n\t<meta name=\"twitter:data1\" content=\"admin\" \/>\n\t<meta name=\"twitter:label2\" content=\"Est. reading time\" \/>\n\t<meta name=\"twitter:data2\" content=\"4 minutes\" \/>\n<script type=\"application\/ld+json\" class=\"yoast-schema-graph\">{\"@context\":\"https:\\\/\\\/schema.org\",\"@graph\":[{\"@type\":\"Article\",\"@id\":\"https:\\\/\\\/fjala.info\\\/2009-2015\\\/basha-sposton-topallin-lamtumire-zonje-e-hekurt\\\/#article\",\"isPartOf\":{\"@id\":\"https:\\\/\\\/fjala.info\\\/2009-2015\\\/basha-sposton-topallin-lamtumire-zonje-e-hekurt\\\/\"},\"author\":{\"name\":\"admin\",\"@id\":\"https:\\\/\\\/fjala.info\\\/2009-2015\\\/#\\\/schema\\\/person\\\/3aa1163ef05469c496fc94e77611ada2\"},\"headline\":\"Basha sposton Topallin lamtumir\u00eb, \u201cZonj\u00eb e hekurt\u201d!\",\"datePublished\":\"2014-01-15T05:06:18+00:00\",\"mainEntityOfPage\":{\"@id\":\"https:\\\/\\\/fjala.info\\\/2009-2015\\\/basha-sposton-topallin-lamtumire-zonje-e-hekurt\\\/\"},\"wordCount\":807,\"commentCount\":0,\"publisher\":{\"@id\":\"https:\\\/\\\/fjala.info\\\/2009-2015\\\/#organization\"},\"image\":{\"@id\":\"https:\\\/\\\/fjala.info\\\/2009-2015\\\/basha-sposton-topallin-lamtumire-zonje-e-hekurt\\\/#primaryimage\"},\"thumbnailUrl\":\"http:\\\/\\\/www.fjala.info\\\/2014\\\/senad_nikshiqi.jpg\",\"articleSection\":[\"Artikuj\"],\"inLanguage\":\"sq-AL\",\"potentialAction\":[{\"@type\":\"CommentAction\",\"name\":\"Comment\",\"target\":[\"https:\\\/\\\/fjala.info\\\/2009-2015\\\/basha-sposton-topallin-lamtumire-zonje-e-hekurt\\\/#respond\"]}]},{\"@type\":\"WebPage\",\"@id\":\"https:\\\/\\\/fjala.info\\\/2009-2015\\\/basha-sposton-topallin-lamtumire-zonje-e-hekurt\\\/\",\"url\":\"https:\\\/\\\/fjala.info\\\/2009-2015\\\/basha-sposton-topallin-lamtumire-zonje-e-hekurt\\\/\",\"name\":\"Basha sposton Topallin lamtumir\u00eb, \u201cZonj\u00eb e hekurt\u201d! - FjALA e LIR\u00cb - Arkivi\",\"isPartOf\":{\"@id\":\"https:\\\/\\\/fjala.info\\\/2009-2015\\\/#website\"},\"primaryImageOfPage\":{\"@id\":\"https:\\\/\\\/fjala.info\\\/2009-2015\\\/basha-sposton-topallin-lamtumire-zonje-e-hekurt\\\/#primaryimage\"},\"image\":{\"@id\":\"https:\\\/\\\/fjala.info\\\/2009-2015\\\/basha-sposton-topallin-lamtumire-zonje-e-hekurt\\\/#primaryimage\"},\"thumbnailUrl\":\"http:\\\/\\\/www.fjala.info\\\/2014\\\/senad_nikshiqi.jpg\",\"datePublished\":\"2014-01-15T05:06:18+00:00\",\"breadcrumb\":{\"@id\":\"https:\\\/\\\/fjala.info\\\/2009-2015\\\/basha-sposton-topallin-lamtumire-zonje-e-hekurt\\\/#breadcrumb\"},\"inLanguage\":\"sq-AL\",\"potentialAction\":[{\"@type\":\"ReadAction\",\"target\":[\"https:\\\/\\\/fjala.info\\\/2009-2015\\\/basha-sposton-topallin-lamtumire-zonje-e-hekurt\\\/\"]}]},{\"@type\":\"ImageObject\",\"inLanguage\":\"sq-AL\",\"@id\":\"https:\\\/\\\/fjala.info\\\/2009-2015\\\/basha-sposton-topallin-lamtumire-zonje-e-hekurt\\\/#primaryimage\",\"url\":\"http:\\\/\\\/www.fjala.info\\\/2014\\\/senad_nikshiqi.jpg\",\"contentUrl\":\"http:\\\/\\\/www.fjala.info\\\/2014\\\/senad_nikshiqi.jpg\"},{\"@type\":\"BreadcrumbList\",\"@id\":\"https:\\\/\\\/fjala.info\\\/2009-2015\\\/basha-sposton-topallin-lamtumire-zonje-e-hekurt\\\/#breadcrumb\",\"itemListElement\":[{\"@type\":\"ListItem\",\"position\":1,\"name\":\"Home\",\"item\":\"https:\\\/\\\/fjala.info\\\/2009-2015\\\/\"},{\"@type\":\"ListItem\",\"position\":2,\"name\":\"Basha sposton Topallin lamtumir\u00eb, \u201cZonj\u00eb e hekurt\u201d!\"}]},{\"@type\":\"WebSite\",\"@id\":\"https:\\\/\\\/fjala.info\\\/2009-2015\\\/#website\",\"url\":\"https:\\\/\\\/fjala.info\\\/2009-2015\\\/\",\"name\":\"FjALA e LIR\u00cb - Arkivi\",\"description\":\"Arkivi 2009-2015\",\"publisher\":{\"@id\":\"https:\\\/\\\/fjala.info\\\/2009-2015\\\/#organization\"},\"potentialAction\":[{\"@type\":\"SearchAction\",\"target\":{\"@type\":\"EntryPoint\",\"urlTemplate\":\"https:\\\/\\\/fjala.info\\\/2009-2015\\\/?s={search_term_string}\"},\"query-input\":{\"@type\":\"PropertyValueSpecification\",\"valueRequired\":true,\"valueName\":\"search_term_string\"}}],\"inLanguage\":\"sq-AL\"},{\"@type\":\"Organization\",\"@id\":\"https:\\\/\\\/fjala.info\\\/2009-2015\\\/#organization\",\"name\":\"FjALA e LIR\u00cb - Arkivi\",\"url\":\"https:\\\/\\\/fjala.info\\\/2009-2015\\\/\",\"logo\":{\"@type\":\"ImageObject\",\"inLanguage\":\"sq-AL\",\"@id\":\"https:\\\/\\\/fjala.info\\\/2009-2015\\\/#\\\/schema\\\/logo\\\/image\\\/\",\"url\":\"\",\"contentUrl\":\"\",\"caption\":\"FjALA e LIR\u00cb - Arkivi\"},\"image\":{\"@id\":\"https:\\\/\\\/fjala.info\\\/2009-2015\\\/#\\\/schema\\\/logo\\\/image\\\/\"}},{\"@type\":\"Person\",\"@id\":\"https:\\\/\\\/fjala.info\\\/2009-2015\\\/#\\\/schema\\\/person\\\/3aa1163ef05469c496fc94e77611ada2\",\"name\":\"admin\",\"image\":{\"@type\":\"ImageObject\",\"inLanguage\":\"sq-AL\",\"@id\":\"https:\\\/\\\/fjala.info\\\/2009-2015\\\/wp-content\\\/uploads\\\/2012\\\/02\\\/arben_cokaj-120x150.jpg\",\"url\":\"https:\\\/\\\/fjala.info\\\/2009-2015\\\/wp-content\\\/uploads\\\/2012\\\/02\\\/arben_cokaj-120x150.jpg\",\"contentUrl\":\"https:\\\/\\\/fjala.info\\\/2009-2015\\\/wp-content\\\/uploads\\\/2012\\\/02\\\/arben_cokaj-120x150.jpg\",\"caption\":\"admin\"},\"description\":\"Admin, Fjala e Lir\u00eb\",\"sameAs\":[\"https:\\\/\\\/fjala.info\\\/\"],\"url\":\"https:\\\/\\\/fjala.info\\\/2009-2015\\\/author\\\/admin\\\/\"}]}<\/script>\n<!-- \/ Yoast SEO plugin. -->","yoast_head_json":{"title":"Basha sposton Topallin lamtumir\u00eb, \u201cZonj\u00eb e hekurt\u201d! - FjALA e LIR\u00cb - Arkivi","robots":{"index":"index","follow":"follow","max-snippet":"max-snippet:-1","max-image-preview":"max-image-preview:large","max-video-preview":"max-video-preview:-1"},"canonical":"https:\/\/fjala.info\/2009-2015\/basha-sposton-topallin-lamtumire-zonje-e-hekurt\/","og_locale":"sq_AL","og_type":"article","og_title":"Basha sposton Topallin lamtumir\u00eb, \u201cZonj\u00eb e hekurt\u201d! - FjALA e LIR\u00cb - Arkivi","og_description":"Analiza Nga SENAD NIKSHIQI, 14 Janar 2014 SHKODER &#8211; Shkodra nuk ka m\u00eb &#8220;zonj\u00eb t\u00eb hekurt&#8221;. Jozefina Topalli n\u00eb ceremonin\u00eb e 23-vjetorit t\u00eb Partis\u00eb Demokratike n\u00eb Shkod\u00ebr u &#8220;thye&#8221; ndjesh\u00ebm n\u00eb syt\u00eb e gjith\u00eb shkodran\u00ebve e shqiptar\u00ebve. Lideri i ri i PD, Lulzim Basha, ia arriti q\u00eb kund\u00ebrshtaren e tij t\u00eb hershme brenda familjes s\u00eb [&hellip;]","og_url":"https:\/\/fjala.info\/2009-2015\/basha-sposton-topallin-lamtumire-zonje-e-hekurt\/","og_site_name":"FjALA e LIR\u00cb - Arkivi","article_published_time":"2014-01-15T05:06:18+00:00","og_image":[{"url":"http:\/\/www.fjala.info\/2014\/senad_nikshiqi.jpg","type":"","width":"","height":""}],"author":"admin","twitter_card":"summary_large_image","twitter_misc":{"Written by":"admin","Est. reading time":"4 minutes"},"schema":{"@context":"https:\/\/schema.org","@graph":[{"@type":"Article","@id":"https:\/\/fjala.info\/2009-2015\/basha-sposton-topallin-lamtumire-zonje-e-hekurt\/#article","isPartOf":{"@id":"https:\/\/fjala.info\/2009-2015\/basha-sposton-topallin-lamtumire-zonje-e-hekurt\/"},"author":{"name":"admin","@id":"https:\/\/fjala.info\/2009-2015\/#\/schema\/person\/3aa1163ef05469c496fc94e77611ada2"},"headline":"Basha sposton Topallin lamtumir\u00eb, \u201cZonj\u00eb e hekurt\u201d!","datePublished":"2014-01-15T05:06:18+00:00","mainEntityOfPage":{"@id":"https:\/\/fjala.info\/2009-2015\/basha-sposton-topallin-lamtumire-zonje-e-hekurt\/"},"wordCount":807,"commentCount":0,"publisher":{"@id":"https:\/\/fjala.info\/2009-2015\/#organization"},"image":{"@id":"https:\/\/fjala.info\/2009-2015\/basha-sposton-topallin-lamtumire-zonje-e-hekurt\/#primaryimage"},"thumbnailUrl":"http:\/\/www.fjala.info\/2014\/senad_nikshiqi.jpg","articleSection":["Artikuj"],"inLanguage":"sq-AL","potentialAction":[{"@type":"CommentAction","name":"Comment","target":["https:\/\/fjala.info\/2009-2015\/basha-sposton-topallin-lamtumire-zonje-e-hekurt\/#respond"]}]},{"@type":"WebPage","@id":"https:\/\/fjala.info\/2009-2015\/basha-sposton-topallin-lamtumire-zonje-e-hekurt\/","url":"https:\/\/fjala.info\/2009-2015\/basha-sposton-topallin-lamtumire-zonje-e-hekurt\/","name":"Basha sposton Topallin lamtumir\u00eb, \u201cZonj\u00eb e hekurt\u201d! - FjALA e LIR\u00cb - Arkivi","isPartOf":{"@id":"https:\/\/fjala.info\/2009-2015\/#website"},"primaryImageOfPage":{"@id":"https:\/\/fjala.info\/2009-2015\/basha-sposton-topallin-lamtumire-zonje-e-hekurt\/#primaryimage"},"image":{"@id":"https:\/\/fjala.info\/2009-2015\/basha-sposton-topallin-lamtumire-zonje-e-hekurt\/#primaryimage"},"thumbnailUrl":"http:\/\/www.fjala.info\/2014\/senad_nikshiqi.jpg","datePublished":"2014-01-15T05:06:18+00:00","breadcrumb":{"@id":"https:\/\/fjala.info\/2009-2015\/basha-sposton-topallin-lamtumire-zonje-e-hekurt\/#breadcrumb"},"inLanguage":"sq-AL","potentialAction":[{"@type":"ReadAction","target":["https:\/\/fjala.info\/2009-2015\/basha-sposton-topallin-lamtumire-zonje-e-hekurt\/"]}]},{"@type":"ImageObject","inLanguage":"sq-AL","@id":"https:\/\/fjala.info\/2009-2015\/basha-sposton-topallin-lamtumire-zonje-e-hekurt\/#primaryimage","url":"http:\/\/www.fjala.info\/2014\/senad_nikshiqi.jpg","contentUrl":"http:\/\/www.fjala.info\/2014\/senad_nikshiqi.jpg"},{"@type":"BreadcrumbList","@id":"https:\/\/fjala.info\/2009-2015\/basha-sposton-topallin-lamtumire-zonje-e-hekurt\/#breadcrumb","itemListElement":[{"@type":"ListItem","position":1,"name":"Home","item":"https:\/\/fjala.info\/2009-2015\/"},{"@type":"ListItem","position":2,"name":"Basha sposton Topallin lamtumir\u00eb, \u201cZonj\u00eb e hekurt\u201d!"}]},{"@type":"WebSite","@id":"https:\/\/fjala.info\/2009-2015\/#website","url":"https:\/\/fjala.info\/2009-2015\/","name":"FjALA e LIR\u00cb - Arkivi","description":"Arkivi 2009-2015","publisher":{"@id":"https:\/\/fjala.info\/2009-2015\/#organization"},"potentialAction":[{"@type":"SearchAction","target":{"@type":"EntryPoint","urlTemplate":"https:\/\/fjala.info\/2009-2015\/?s={search_term_string}"},"query-input":{"@type":"PropertyValueSpecification","valueRequired":true,"valueName":"search_term_string"}}],"inLanguage":"sq-AL"},{"@type":"Organization","@id":"https:\/\/fjala.info\/2009-2015\/#organization","name":"FjALA e LIR\u00cb - Arkivi","url":"https:\/\/fjala.info\/2009-2015\/","logo":{"@type":"ImageObject","inLanguage":"sq-AL","@id":"https:\/\/fjala.info\/2009-2015\/#\/schema\/logo\/image\/","url":"","contentUrl":"","caption":"FjALA e LIR\u00cb - Arkivi"},"image":{"@id":"https:\/\/fjala.info\/2009-2015\/#\/schema\/logo\/image\/"}},{"@type":"Person","@id":"https:\/\/fjala.info\/2009-2015\/#\/schema\/person\/3aa1163ef05469c496fc94e77611ada2","name":"admin","image":{"@type":"ImageObject","inLanguage":"sq-AL","@id":"https:\/\/fjala.info\/2009-2015\/wp-content\/uploads\/2012\/02\/arben_cokaj-120x150.jpg","url":"https:\/\/fjala.info\/2009-2015\/wp-content\/uploads\/2012\/02\/arben_cokaj-120x150.jpg","contentUrl":"https:\/\/fjala.info\/2009-2015\/wp-content\/uploads\/2012\/02\/arben_cokaj-120x150.jpg","caption":"admin"},"description":"Admin, Fjala e Lir\u00eb","sameAs":["https:\/\/fjala.info\/"],"url":"https:\/\/fjala.info\/2009-2015\/author\/admin\/"}]}},"_links":{"self":[{"href":"https:\/\/fjala.info\/2009-2015\/wp-json\/wp\/v2\/posts\/13334","targetHints":{"allow":["GET"]}}],"collection":[{"href":"https:\/\/fjala.info\/2009-2015\/wp-json\/wp\/v2\/posts"}],"about":[{"href":"https:\/\/fjala.info\/2009-2015\/wp-json\/wp\/v2\/types\/post"}],"author":[{"embeddable":true,"href":"https:\/\/fjala.info\/2009-2015\/wp-json\/wp\/v2\/users\/1"}],"replies":[{"embeddable":true,"href":"https:\/\/fjala.info\/2009-2015\/wp-json\/wp\/v2\/comments?post=13334"}],"version-history":[{"count":0,"href":"https:\/\/fjala.info\/2009-2015\/wp-json\/wp\/v2\/posts\/13334\/revisions"}],"wp:attachment":[{"href":"https:\/\/fjala.info\/2009-2015\/wp-json\/wp\/v2\/media?parent=13334"}],"wp:term":[{"taxonomy":"category","embeddable":true,"href":"https:\/\/fjala.info\/2009-2015\/wp-json\/wp\/v2\/categories?post=13334"},{"taxonomy":"post_tag","embeddable":true,"href":"https:\/\/fjala.info\/2009-2015\/wp-json\/wp\/v2\/tags?post=13334"}],"curies":[{"name":"wp","href":"https:\/\/api.w.org\/{rel}","templated":true}]}}