{"id":13333,"date":"2014-01-15T05:27:54","date_gmt":"2014-01-15T04:27:54","guid":{"rendered":"http:\/\/www.fjala.info\/?p=158"},"modified":"2014-01-15T05:27:54","modified_gmt":"2014-01-15T04:27:54","slug":"kush-i-trimeron-te-paprekshmit","status":"publish","type":"post","link":"https:\/\/fjala.info\/2009-2015\/kush-i-trimeron-te-paprekshmit\/","title":{"rendered":"Kush i trim\u00ebron \u201ct\u00eb paprekshmit\u201d?"},"content":{"rendered":"<p><img decoding=\"async\" class=\"alignright size-thumbnail wp-image-7236\" title=\"Mero Baze\" alt=\"\" src=\"http:\/\/www.fjala.info\/2012\/mero_baze.jpg\" width=\"150\" \/> Nga <strong>Mero Baze<\/strong><\/p>\n<p>Ka nj\u00eb d\u00ebshp\u00ebrim n\u00eb rritje nga rezistenca q\u00eb sistemi i drejt\u00ebsis\u00eb u b\u00ebn akuzave p\u00ebr korrupsion. Ka po ashtu nj\u00eb p\u00ebrpjekje p\u00ebr t\u00eb demoralizuar administrat\u00ebn e re, duke fuqizuar iden\u00eb se gjith\u00e7ka q\u00eb ata do t\u00eb b\u00ebjn\u00eb, \u00ebsht\u00eb e kot\u00eb. Duket sikur dikush k\u00ebrkon t\u2019u thot\u00eb se n\u00ebse ti \u00e7on ish- ministra apo ish- zyrtar\u00eb t\u00eb lart\u00eb politik\u00eb n\u00eb gjykat\u00eb, ata do t\u00eb jen\u00eb t\u00eb lir\u00eb. Rasti i Mziut dhe \u00e7\u00ebshtjet e tjera t\u00eb mbetura pezull nga drejt\u00ebsia jan\u00eb ilustrim i k\u00ebsaj klime.<\/p>\n<p><strong>Por a \u00ebsht\u00eb n\u00eb t\u00eb v\u00ebrtet\u00eb momenti p\u00ebr t\u2019u dor\u00ebzuar?<\/strong><\/p>\n<p>Jo. N\u00eb t\u00eb v\u00ebrtet\u00eb ka disa ngjarje emocionuese negative, por nuk ka ndonj\u00eb zhvillim cil\u00ebsor negativ. Ata q\u00eb kan\u00eb shkuar deri m\u00eb sot n\u00eb dyert e drejt\u00ebsis\u00eb jan\u00eb peshq t\u00eb vegj\u00ebl dhe denoncimet jan\u00eb ende t\u00eb buta. Akuza m\u00eb e r\u00ebndomt\u00eb q\u00eb prek gjith\u00eb ministrat \u00ebsht\u00eb fushata publicitare p\u00ebr t\u00eb financuar mediat e Frangajt dhe aty natyrisht mund t\u00eb \u00e7osh n\u00eb burg \u00e7do an\u00ebtar t\u00eb komisionit t\u00eb tender\u00ebve. Rezistenca q\u00eb b\u00ebn sistemi gjyq\u00ebsor n\u00eb k\u00ebt\u00eb rast, \u00ebsht\u00eb e motivuar politikisht, por nuk ka kund\u00ebrp\u00ebrgjigje politike. \u00cbsht\u00eb e v\u00ebrtet\u00eb se Berisha u shqet\u00ebsua shum\u00eb nga arrestimi i Mziut, jo se i dhimbset Mziu, por se i trembej d\u00ebshp\u00ebrimit t\u00eb njer\u00ebzve t\u00eb vet, t\u00eb cil\u00ebt mund t\u00eb ndjehen t\u00eb rrezikuar. Por n\u00eb t\u00eb v\u00ebrtet\u00eb festa e Kamz\u00ebs dhe dalldia e Lulzim Bash\u00ebs si fitimtar, jan\u00eb m\u00eb shum\u00eb klithma frike se shprese. Gjyqi ndaj Mziut ende nuk ka filluar dhe vendimi i v\u00ebrtet\u00eb do t\u00eb duket kur ai t\u00eb gjykohet p\u00ebr at\u00eb q\u00eb akuzohet dhe jo p\u00ebr mas\u00ebn e siguris\u00eb.<\/p>\n<p>Por debati real \u00ebsht\u00eb p\u00ebrse PD dhe Berisha kan\u00eb nj\u00eb aktivizim t\u00eb fort\u00eb politik p\u00ebr t\u00eb mbrojtur t\u00eb akuzuarit, nd\u00ebrsa shumica n\u00eb pushtet nuk po demonstron presion politik mbi drejt\u00ebsin\u00eb p\u00ebr ta motivuar drejt nd\u00ebshkueshm\u00ebris\u00eb?<\/p>\n<p>P\u00ebrgjigja m\u00eb reale e k\u00ebsaj dileme ka t\u00eb b\u00ebj\u00eb pik\u00ebrisht me stek\u00ebn e d\u00ebnimeve dhe akuzave t\u00eb ngritura deri tani. Q\u00eb shumica, e cila ka votuar Partin\u00eb Socialiste m\u00eb 23 Qershor, t\u00eb ndjehet e mobilizuar politikisht, duhet q\u00eb drejt dyerve t\u00eb gjyqit t\u00eb shfaqen ata q\u00eb p\u00ebrfaq\u00ebsonin pushtetin e Sali Berish\u00ebs. I pari duhet t\u00eb shfaqet Sali Berisha dhe familjar\u00ebt e tij, t\u00eb cil\u00ebt kan\u00eb kapur shtetin dhe ende nuk kemi nj\u00eb hetim serioz p\u00ebr \u00e7\u00ebshtje t\u00eb prekshme t\u00eb kapjes s\u00eb shtetit nga klient\u00ebt e tij. Dosja e Damir Fazlli\u00e7it u mbyll n\u00eb m\u00ebnyr\u00eb t\u00eb turpshme n\u00eb vitin 2008 dhe sot ai vazhdon t\u00eb sillet si biznesmen i suksessh\u00ebm n\u00eb Tiran\u00eb. Aq i papreksh\u00ebm \u00ebsht\u00eb, sa kam frik\u00eb t\u00eb pyes njer\u00ebzit e pushtetit t\u00eb energjetik\u00ebs sot, se mos e nj\u00ebjta kompani fiton dhe tenderin e interkonjeksionit Shqip\u00ebri- Kosov\u00eb apo mos ende Rudnapi i Fazlli\u00e7it vazhdon t\u00eb ket\u00eb monopolin e furnizimit t\u00eb KESH me energji elektrike.<\/p>\n<p>Monopolet e p\u00ebrfolura, pas t\u00eb cilave q\u00ebndrojn\u00eb familjar\u00eb t\u00eb Sali Berish\u00ebs dhe njer\u00ebz t\u00eb af\u00ebrt t\u00eb tij, si\u00e7 \u00ebsht\u00eb ai i ngjyrosjes s\u00eb naft\u00ebs apo histori t\u00eb tjera t\u00eb ngjashme q\u00eb vazhdojn\u00eb t\u00eb prodhojn\u00eb t\u00eb ardhura p\u00ebr ta, jan\u00eb ende t\u00eb paprekura dhe t\u00eb pashpresa p\u00ebr t\u2019u hetuar n\u00eb m\u00ebnyr\u00eb serioze, n\u00ebse nuk skanohen nga administrata e re.<\/p>\n<p>Askush nuk di t\u00eb thot\u00eb sot \u00e7\u2019po b\u00ebhet me tregun e naft\u00ebs, kush \u00ebsht\u00eb n\u00eb krye t\u00eb ARMO, \u00e7\u2019po b\u00ebhet me dy kompanit\u00eb e m\u00ebdha q\u00eb kan\u00eb marr\u00eb koncesione n\u00eb puset e naft\u00ebs, \u00e7\u2019po b\u00ebhet me koncesionet e dh\u00ebna n\u00eb fund t\u00eb pushtetit t\u00eb Berish\u00ebs p\u00ebr disa vendburime t\u00eb tjera dhe \u00e7\u2019po b\u00ebhet realisht me evazionin n\u00eb tregun e naft\u00ebs, sidomos ata q\u00eb eksportojn\u00eb transit p\u00ebr Kosov\u00eb, pas t\u00eb cil\u00ebve fshihen gjurm\u00ebt e Familjes.<\/p>\n<p>Kur qeveria e re t\u00eb skanoj\u00eb k\u00ebt\u00eb xhung\u00ebl korrupsioni, q\u00eb i pret Familjes burimet financiare dhe i \u00e7on ata para drejt\u00ebsis\u00eb p\u00ebr kapje t\u00eb shtetit, at\u00ebher\u00eb nuk ka nevoj\u00eb p\u00ebr festa si e Kamz\u00ebs, pasi minjt\u00eb e ndjejn\u00eb t\u00eb par\u00ebt t\u00ebrmetin dhe largohen. Vet\u00ebm nj\u00eb hetim i thell\u00eb dhe serioz nga kjo administrat\u00eb \u00e7on sinjalin e duhur tek drejt\u00ebsia se ora e atyre q\u00eb kan\u00eb qen\u00eb t\u00eb papreksh\u00ebm ka mbaruar. Derisa ne t\u00eb kemi akuza t\u00eb p\u00ebrcipta p\u00ebr korrupsion dhe t\u00eb mburremi se kemi kapur vet\u00ebm milionat e Sandrit, q\u00eb jan\u00eb vjedhje arrogante si\u00e7 di t\u2019i b\u00ebj\u00eb Sandri pun\u00ebt, at\u00ebher\u00eb natyrisht q\u00eb do kemi rezistenc\u00eb pasi ata e din\u00eb mir\u00eb se kan\u00eb b\u00ebr\u00eb.<\/p>\n<p>Rezistenca, q\u00eb duket sikur po b\u00ebn sistemi, nuk \u00ebsht\u00eb d\u00ebshp\u00ebruese p\u00ebr fuqin\u00eb e sistemit p\u00ebrball\u00eb politik\u00ebs s\u00eb re, por \u00ebsht\u00eb d\u00ebshmi e pafuqis\u00eb s\u00eb politik\u00ebs s\u00eb re p\u00ebr t\u00eb \u00e7uar para drejt\u00ebsie ata, t\u00eb cil\u00ebt jan\u00eb koka e krimit dhe korrupsionit n\u00eb vend. Nuk \u00ebsht\u00eb d\u00ebshp\u00ebruese pse gjykatat lirojn\u00eb Mziun apo t\u00eb ngjashmit. Nuk \u00ebsht\u00eb d\u00ebshp\u00ebruese as ndonj\u00eb qok\u00eb e prokuroris\u00eb ndaj njer\u00ebzve t\u00eb korruptuar. D\u00ebshp\u00ebruese \u00ebsht\u00eb mungesa e nj\u00eb sinjali t\u00eb fort\u00eb dhe d\u00ebshmive se do preken ata q\u00eb mbajn\u00eb sistemin me shpres\u00eb se jan\u00eb t\u00eb fort\u00eb. Ata nuk kan\u00eb lidhje me fest\u00ebn e Kamz\u00ebs. Ata q\u00eb festojn\u00eb atje, festojn\u00eb se\u00a0 shikojn\u00eb q\u00eb ende nuk u ka ardhur radha. Kur sh\u00ebnjestra t\u00eb drejtohet mbi ta, festa do pushoj\u00eb dhe t\u00eb gjith\u00eb do marrin mesazhin e duhur. Dhe ata gjyqtar\u00eb, q\u00eb sot marrin vet\u00ebm para.<\/p>\n","protected":false},"excerpt":{"rendered":"<p>Nga Mero Baze Ka nj\u00eb d\u00ebshp\u00ebrim n\u00eb rritje nga rezistenca q\u00eb sistemi i drejt\u00ebsis\u00eb u b\u00ebn akuzave p\u00ebr korrupsion. Ka po ashtu nj\u00eb p\u00ebrpjekje p\u00ebr t\u00eb demoralizuar administrat\u00ebn e re, duke fuqizuar iden\u00eb se gjith\u00e7ka q\u00eb ata do t\u00eb b\u00ebjn\u00eb, \u00ebsht\u00eb e kot\u00eb. Duket sikur dikush k\u00ebrkon t\u2019u thot\u00eb se n\u00ebse ti \u00e7on ish- ministra [&hellip;]<\/p>\n","protected":false},"author":1,"featured_media":0,"comment_status":"open","ping_status":"closed","sticky":false,"template":"","format":"standard","meta":{"footnotes":""},"categories":[2],"tags":[],"class_list":{"0":"post-13333","1":"post","2":"type-post","3":"status-publish","4":"format-standard","6":"category-artikuj"},"yoast_head":"<!-- This site is optimized with the Yoast SEO plugin v27.4 - https:\/\/yoast.com\/product\/yoast-seo-wordpress\/ -->\n<title>Kush i trim\u00ebron \u201ct\u00eb paprekshmit\u201d? - FjALA e LIR\u00cb - Arkivi<\/title>\n<meta name=\"robots\" content=\"index, follow, max-snippet:-1, max-image-preview:large, max-video-preview:-1\" \/>\n<link rel=\"canonical\" href=\"https:\/\/fjala.info\/2009-2015\/kush-i-trimeron-te-paprekshmit\/\" \/>\n<meta property=\"og:locale\" content=\"sq_AL\" \/>\n<meta property=\"og:type\" content=\"article\" \/>\n<meta property=\"og:title\" content=\"Kush i trim\u00ebron \u201ct\u00eb paprekshmit\u201d? - FjALA e LIR\u00cb - Arkivi\" \/>\n<meta property=\"og:description\" content=\"Nga Mero Baze Ka nj\u00eb d\u00ebshp\u00ebrim n\u00eb rritje nga rezistenca q\u00eb sistemi i drejt\u00ebsis\u00eb u b\u00ebn akuzave p\u00ebr korrupsion. Ka po ashtu nj\u00eb p\u00ebrpjekje p\u00ebr t\u00eb demoralizuar administrat\u00ebn e re, duke fuqizuar iden\u00eb se gjith\u00e7ka q\u00eb ata do t\u00eb b\u00ebjn\u00eb, \u00ebsht\u00eb e kot\u00eb. Duket sikur dikush k\u00ebrkon t\u2019u thot\u00eb se n\u00ebse ti \u00e7on ish- ministra [&hellip;]\" \/>\n<meta property=\"og:url\" content=\"https:\/\/fjala.info\/2009-2015\/kush-i-trimeron-te-paprekshmit\/\" \/>\n<meta property=\"og:site_name\" content=\"FjALA e LIR\u00cb - Arkivi\" \/>\n<meta property=\"article:published_time\" content=\"2014-01-15T04:27:54+00:00\" \/>\n<meta property=\"og:image\" content=\"http:\/\/www.fjala.info\/2012\/mero_baze.jpg\" \/>\n<meta name=\"author\" content=\"admin\" \/>\n<meta name=\"twitter:card\" content=\"summary_large_image\" \/>\n<meta name=\"twitter:label1\" content=\"Written by\" \/>\n\t<meta name=\"twitter:data1\" content=\"admin\" \/>\n\t<meta name=\"twitter:label2\" content=\"Est. reading time\" \/>\n\t<meta name=\"twitter:data2\" content=\"5 minutes\" \/>\n<script type=\"application\/ld+json\" class=\"yoast-schema-graph\">{\"@context\":\"https:\\\/\\\/schema.org\",\"@graph\":[{\"@type\":\"Article\",\"@id\":\"https:\\\/\\\/fjala.info\\\/2009-2015\\\/kush-i-trimeron-te-paprekshmit\\\/#article\",\"isPartOf\":{\"@id\":\"https:\\\/\\\/fjala.info\\\/2009-2015\\\/kush-i-trimeron-te-paprekshmit\\\/\"},\"author\":{\"name\":\"admin\",\"@id\":\"https:\\\/\\\/fjala.info\\\/2009-2015\\\/#\\\/schema\\\/person\\\/3aa1163ef05469c496fc94e77611ada2\"},\"headline\":\"Kush i trim\u00ebron \u201ct\u00eb paprekshmit\u201d?\",\"datePublished\":\"2014-01-15T04:27:54+00:00\",\"mainEntityOfPage\":{\"@id\":\"https:\\\/\\\/fjala.info\\\/2009-2015\\\/kush-i-trimeron-te-paprekshmit\\\/\"},\"wordCount\":979,\"commentCount\":0,\"publisher\":{\"@id\":\"https:\\\/\\\/fjala.info\\\/2009-2015\\\/#organization\"},\"image\":{\"@id\":\"https:\\\/\\\/fjala.info\\\/2009-2015\\\/kush-i-trimeron-te-paprekshmit\\\/#primaryimage\"},\"thumbnailUrl\":\"http:\\\/\\\/www.fjala.info\\\/2012\\\/mero_baze.jpg\",\"articleSection\":[\"Artikuj\"],\"inLanguage\":\"sq-AL\",\"potentialAction\":[{\"@type\":\"CommentAction\",\"name\":\"Comment\",\"target\":[\"https:\\\/\\\/fjala.info\\\/2009-2015\\\/kush-i-trimeron-te-paprekshmit\\\/#respond\"]}]},{\"@type\":\"WebPage\",\"@id\":\"https:\\\/\\\/fjala.info\\\/2009-2015\\\/kush-i-trimeron-te-paprekshmit\\\/\",\"url\":\"https:\\\/\\\/fjala.info\\\/2009-2015\\\/kush-i-trimeron-te-paprekshmit\\\/\",\"name\":\"Kush i trim\u00ebron \u201ct\u00eb paprekshmit\u201d? - FjALA e LIR\u00cb - Arkivi\",\"isPartOf\":{\"@id\":\"https:\\\/\\\/fjala.info\\\/2009-2015\\\/#website\"},\"primaryImageOfPage\":{\"@id\":\"https:\\\/\\\/fjala.info\\\/2009-2015\\\/kush-i-trimeron-te-paprekshmit\\\/#primaryimage\"},\"image\":{\"@id\":\"https:\\\/\\\/fjala.info\\\/2009-2015\\\/kush-i-trimeron-te-paprekshmit\\\/#primaryimage\"},\"thumbnailUrl\":\"http:\\\/\\\/www.fjala.info\\\/2012\\\/mero_baze.jpg\",\"datePublished\":\"2014-01-15T04:27:54+00:00\",\"breadcrumb\":{\"@id\":\"https:\\\/\\\/fjala.info\\\/2009-2015\\\/kush-i-trimeron-te-paprekshmit\\\/#breadcrumb\"},\"inLanguage\":\"sq-AL\",\"potentialAction\":[{\"@type\":\"ReadAction\",\"target\":[\"https:\\\/\\\/fjala.info\\\/2009-2015\\\/kush-i-trimeron-te-paprekshmit\\\/\"]}]},{\"@type\":\"ImageObject\",\"inLanguage\":\"sq-AL\",\"@id\":\"https:\\\/\\\/fjala.info\\\/2009-2015\\\/kush-i-trimeron-te-paprekshmit\\\/#primaryimage\",\"url\":\"http:\\\/\\\/www.fjala.info\\\/2012\\\/mero_baze.jpg\",\"contentUrl\":\"http:\\\/\\\/www.fjala.info\\\/2012\\\/mero_baze.jpg\"},{\"@type\":\"BreadcrumbList\",\"@id\":\"https:\\\/\\\/fjala.info\\\/2009-2015\\\/kush-i-trimeron-te-paprekshmit\\\/#breadcrumb\",\"itemListElement\":[{\"@type\":\"ListItem\",\"position\":1,\"name\":\"Home\",\"item\":\"https:\\\/\\\/fjala.info\\\/2009-2015\\\/\"},{\"@type\":\"ListItem\",\"position\":2,\"name\":\"Kush i trim\u00ebron \u201ct\u00eb paprekshmit\u201d?\"}]},{\"@type\":\"WebSite\",\"@id\":\"https:\\\/\\\/fjala.info\\\/2009-2015\\\/#website\",\"url\":\"https:\\\/\\\/fjala.info\\\/2009-2015\\\/\",\"name\":\"FjALA e LIR\u00cb - Arkivi\",\"description\":\"Arkivi 2009-2015\",\"publisher\":{\"@id\":\"https:\\\/\\\/fjala.info\\\/2009-2015\\\/#organization\"},\"potentialAction\":[{\"@type\":\"SearchAction\",\"target\":{\"@type\":\"EntryPoint\",\"urlTemplate\":\"https:\\\/\\\/fjala.info\\\/2009-2015\\\/?s={search_term_string}\"},\"query-input\":{\"@type\":\"PropertyValueSpecification\",\"valueRequired\":true,\"valueName\":\"search_term_string\"}}],\"inLanguage\":\"sq-AL\"},{\"@type\":\"Organization\",\"@id\":\"https:\\\/\\\/fjala.info\\\/2009-2015\\\/#organization\",\"name\":\"FjALA e LIR\u00cb - Arkivi\",\"url\":\"https:\\\/\\\/fjala.info\\\/2009-2015\\\/\",\"logo\":{\"@type\":\"ImageObject\",\"inLanguage\":\"sq-AL\",\"@id\":\"https:\\\/\\\/fjala.info\\\/2009-2015\\\/#\\\/schema\\\/logo\\\/image\\\/\",\"url\":\"\",\"contentUrl\":\"\",\"caption\":\"FjALA e LIR\u00cb - Arkivi\"},\"image\":{\"@id\":\"https:\\\/\\\/fjala.info\\\/2009-2015\\\/#\\\/schema\\\/logo\\\/image\\\/\"}},{\"@type\":\"Person\",\"@id\":\"https:\\\/\\\/fjala.info\\\/2009-2015\\\/#\\\/schema\\\/person\\\/3aa1163ef05469c496fc94e77611ada2\",\"name\":\"admin\",\"image\":{\"@type\":\"ImageObject\",\"inLanguage\":\"sq-AL\",\"@id\":\"https:\\\/\\\/fjala.info\\\/2009-2015\\\/wp-content\\\/uploads\\\/2012\\\/02\\\/arben_cokaj-120x150.jpg\",\"url\":\"https:\\\/\\\/fjala.info\\\/2009-2015\\\/wp-content\\\/uploads\\\/2012\\\/02\\\/arben_cokaj-120x150.jpg\",\"contentUrl\":\"https:\\\/\\\/fjala.info\\\/2009-2015\\\/wp-content\\\/uploads\\\/2012\\\/02\\\/arben_cokaj-120x150.jpg\",\"caption\":\"admin\"},\"description\":\"Admin, Fjala e Lir\u00eb\",\"sameAs\":[\"https:\\\/\\\/fjala.info\\\/\"],\"url\":\"https:\\\/\\\/fjala.info\\\/2009-2015\\\/author\\\/admin\\\/\"}]}<\/script>\n<!-- \/ Yoast SEO plugin. -->","yoast_head_json":{"title":"Kush i trim\u00ebron \u201ct\u00eb paprekshmit\u201d? - FjALA e LIR\u00cb - Arkivi","robots":{"index":"index","follow":"follow","max-snippet":"max-snippet:-1","max-image-preview":"max-image-preview:large","max-video-preview":"max-video-preview:-1"},"canonical":"https:\/\/fjala.info\/2009-2015\/kush-i-trimeron-te-paprekshmit\/","og_locale":"sq_AL","og_type":"article","og_title":"Kush i trim\u00ebron \u201ct\u00eb paprekshmit\u201d? - FjALA e LIR\u00cb - Arkivi","og_description":"Nga Mero Baze Ka nj\u00eb d\u00ebshp\u00ebrim n\u00eb rritje nga rezistenca q\u00eb sistemi i drejt\u00ebsis\u00eb u b\u00ebn akuzave p\u00ebr korrupsion. Ka po ashtu nj\u00eb p\u00ebrpjekje p\u00ebr t\u00eb demoralizuar administrat\u00ebn e re, duke fuqizuar iden\u00eb se gjith\u00e7ka q\u00eb ata do t\u00eb b\u00ebjn\u00eb, \u00ebsht\u00eb e kot\u00eb. Duket sikur dikush k\u00ebrkon t\u2019u thot\u00eb se n\u00ebse ti \u00e7on ish- ministra [&hellip;]","og_url":"https:\/\/fjala.info\/2009-2015\/kush-i-trimeron-te-paprekshmit\/","og_site_name":"FjALA e LIR\u00cb - Arkivi","article_published_time":"2014-01-15T04:27:54+00:00","og_image":[{"url":"http:\/\/www.fjala.info\/2012\/mero_baze.jpg","type":"","width":"","height":""}],"author":"admin","twitter_card":"summary_large_image","twitter_misc":{"Written by":"admin","Est. reading time":"5 minutes"},"schema":{"@context":"https:\/\/schema.org","@graph":[{"@type":"Article","@id":"https:\/\/fjala.info\/2009-2015\/kush-i-trimeron-te-paprekshmit\/#article","isPartOf":{"@id":"https:\/\/fjala.info\/2009-2015\/kush-i-trimeron-te-paprekshmit\/"},"author":{"name":"admin","@id":"https:\/\/fjala.info\/2009-2015\/#\/schema\/person\/3aa1163ef05469c496fc94e77611ada2"},"headline":"Kush i trim\u00ebron \u201ct\u00eb paprekshmit\u201d?","datePublished":"2014-01-15T04:27:54+00:00","mainEntityOfPage":{"@id":"https:\/\/fjala.info\/2009-2015\/kush-i-trimeron-te-paprekshmit\/"},"wordCount":979,"commentCount":0,"publisher":{"@id":"https:\/\/fjala.info\/2009-2015\/#organization"},"image":{"@id":"https:\/\/fjala.info\/2009-2015\/kush-i-trimeron-te-paprekshmit\/#primaryimage"},"thumbnailUrl":"http:\/\/www.fjala.info\/2012\/mero_baze.jpg","articleSection":["Artikuj"],"inLanguage":"sq-AL","potentialAction":[{"@type":"CommentAction","name":"Comment","target":["https:\/\/fjala.info\/2009-2015\/kush-i-trimeron-te-paprekshmit\/#respond"]}]},{"@type":"WebPage","@id":"https:\/\/fjala.info\/2009-2015\/kush-i-trimeron-te-paprekshmit\/","url":"https:\/\/fjala.info\/2009-2015\/kush-i-trimeron-te-paprekshmit\/","name":"Kush i trim\u00ebron \u201ct\u00eb paprekshmit\u201d? - FjALA e LIR\u00cb - Arkivi","isPartOf":{"@id":"https:\/\/fjala.info\/2009-2015\/#website"},"primaryImageOfPage":{"@id":"https:\/\/fjala.info\/2009-2015\/kush-i-trimeron-te-paprekshmit\/#primaryimage"},"image":{"@id":"https:\/\/fjala.info\/2009-2015\/kush-i-trimeron-te-paprekshmit\/#primaryimage"},"thumbnailUrl":"http:\/\/www.fjala.info\/2012\/mero_baze.jpg","datePublished":"2014-01-15T04:27:54+00:00","breadcrumb":{"@id":"https:\/\/fjala.info\/2009-2015\/kush-i-trimeron-te-paprekshmit\/#breadcrumb"},"inLanguage":"sq-AL","potentialAction":[{"@type":"ReadAction","target":["https:\/\/fjala.info\/2009-2015\/kush-i-trimeron-te-paprekshmit\/"]}]},{"@type":"ImageObject","inLanguage":"sq-AL","@id":"https:\/\/fjala.info\/2009-2015\/kush-i-trimeron-te-paprekshmit\/#primaryimage","url":"http:\/\/www.fjala.info\/2012\/mero_baze.jpg","contentUrl":"http:\/\/www.fjala.info\/2012\/mero_baze.jpg"},{"@type":"BreadcrumbList","@id":"https:\/\/fjala.info\/2009-2015\/kush-i-trimeron-te-paprekshmit\/#breadcrumb","itemListElement":[{"@type":"ListItem","position":1,"name":"Home","item":"https:\/\/fjala.info\/2009-2015\/"},{"@type":"ListItem","position":2,"name":"Kush i trim\u00ebron \u201ct\u00eb paprekshmit\u201d?"}]},{"@type":"WebSite","@id":"https:\/\/fjala.info\/2009-2015\/#website","url":"https:\/\/fjala.info\/2009-2015\/","name":"FjALA e LIR\u00cb - Arkivi","description":"Arkivi 2009-2015","publisher":{"@id":"https:\/\/fjala.info\/2009-2015\/#organization"},"potentialAction":[{"@type":"SearchAction","target":{"@type":"EntryPoint","urlTemplate":"https:\/\/fjala.info\/2009-2015\/?s={search_term_string}"},"query-input":{"@type":"PropertyValueSpecification","valueRequired":true,"valueName":"search_term_string"}}],"inLanguage":"sq-AL"},{"@type":"Organization","@id":"https:\/\/fjala.info\/2009-2015\/#organization","name":"FjALA e LIR\u00cb - Arkivi","url":"https:\/\/fjala.info\/2009-2015\/","logo":{"@type":"ImageObject","inLanguage":"sq-AL","@id":"https:\/\/fjala.info\/2009-2015\/#\/schema\/logo\/image\/","url":"","contentUrl":"","caption":"FjALA e LIR\u00cb - Arkivi"},"image":{"@id":"https:\/\/fjala.info\/2009-2015\/#\/schema\/logo\/image\/"}},{"@type":"Person","@id":"https:\/\/fjala.info\/2009-2015\/#\/schema\/person\/3aa1163ef05469c496fc94e77611ada2","name":"admin","image":{"@type":"ImageObject","inLanguage":"sq-AL","@id":"https:\/\/fjala.info\/2009-2015\/wp-content\/uploads\/2012\/02\/arben_cokaj-120x150.jpg","url":"https:\/\/fjala.info\/2009-2015\/wp-content\/uploads\/2012\/02\/arben_cokaj-120x150.jpg","contentUrl":"https:\/\/fjala.info\/2009-2015\/wp-content\/uploads\/2012\/02\/arben_cokaj-120x150.jpg","caption":"admin"},"description":"Admin, Fjala e Lir\u00eb","sameAs":["https:\/\/fjala.info\/"],"url":"https:\/\/fjala.info\/2009-2015\/author\/admin\/"}]}},"_links":{"self":[{"href":"https:\/\/fjala.info\/2009-2015\/wp-json\/wp\/v2\/posts\/13333","targetHints":{"allow":["GET"]}}],"collection":[{"href":"https:\/\/fjala.info\/2009-2015\/wp-json\/wp\/v2\/posts"}],"about":[{"href":"https:\/\/fjala.info\/2009-2015\/wp-json\/wp\/v2\/types\/post"}],"author":[{"embeddable":true,"href":"https:\/\/fjala.info\/2009-2015\/wp-json\/wp\/v2\/users\/1"}],"replies":[{"embeddable":true,"href":"https:\/\/fjala.info\/2009-2015\/wp-json\/wp\/v2\/comments?post=13333"}],"version-history":[{"count":0,"href":"https:\/\/fjala.info\/2009-2015\/wp-json\/wp\/v2\/posts\/13333\/revisions"}],"wp:attachment":[{"href":"https:\/\/fjala.info\/2009-2015\/wp-json\/wp\/v2\/media?parent=13333"}],"wp:term":[{"taxonomy":"category","embeddable":true,"href":"https:\/\/fjala.info\/2009-2015\/wp-json\/wp\/v2\/categories?post=13333"},{"taxonomy":"post_tag","embeddable":true,"href":"https:\/\/fjala.info\/2009-2015\/wp-json\/wp\/v2\/tags?post=13333"}],"curies":[{"name":"wp","href":"https:\/\/api.w.org\/{rel}","templated":true}]}}