{"id":13332,"date":"2014-01-15T05:03:33","date_gmt":"2014-01-15T04:03:33","guid":{"rendered":"http:\/\/www.fjala.info\/?p=153"},"modified":"2014-01-15T05:03:33","modified_gmt":"2014-01-15T04:03:33","slug":"jusuf-e-bardhosh-gervalla-me-kadri-zeken-emra-qe-ne-historine-tone-do-te-lakohen-ne-te-gjitha-rasat-e-kombetarizmit","status":"publish","type":"post","link":"https:\/\/fjala.info\/2009-2015\/jusuf-e-bardhosh-gervalla-me-kadri-zeken-emra-qe-ne-historine-tone-do-te-lakohen-ne-te-gjitha-rasat-e-kombetarizmit\/","title":{"rendered":"JUSUF E BARDHOSH G\u00cbRVALLA ME KADRI ZEK\u00cbN &#8211; EMRA Q\u00cb N\u00cb HISTORIN\u00cb TON\u00cb DO T\u00cb LAKOHEN N\u00cb T\u00cb GJITHA RASAT E KOMB\u00cbTARIZMIT"},"content":{"rendered":"<p><img decoding=\"async\" class=\"alignright size-thumbnail wp-image-7236\" title=\"Jusuf e Bardhosh G\u00ebrvalla dhe Kadri Zeka\" alt=\"\" src=\"http:\/\/www.fjala.info\/2014\/jusuf_bardhosh_gervalla_kadri_zeka.jpg\" width=\"300\" \/> Shkruan: <strong>Shaban Cakolli<\/strong><\/p>\n<p><strong>Jusuf e Bardhosh G\u00ebrvalla dhe Kadri Zeka<\/strong> ishin b\u00ebrthama e \u00e7\u00ebshtjes son\u00eb komb\u00ebtare, nderi, dhimbja dhe krenaria shqiptare. Ata ishin burra, t\u00eb cil\u00ebt arrit\u00ebn unifikimin e m\u00ebrgat\u00ebs shqiptare, p\u00ebrpjek\u00ebsit e angazhuara me t\u00ebr\u00eb qenien n\u00eb internacionalizimin e \u00e7\u00ebshtjes shqiptare n\u00eb Evrop\u00eb dhe bot\u00eb. Trima t\u00eb cil\u00ebt i njohi dhe i b\u00ebri t\u00eb pandash\u00ebm \u00e7\u00ebshtja madhore komb\u00ebtare. Asnj\u00ebher\u00eb nuk i ndau as lodhja, as veprimtaria e pashembullt, as vapa, as acari, ashtu si nuk mund i ndau as bresh\u00ebria e plumbave t\u00eb pushtuesit sllav.<\/p>\n<p>Ata ishin themelues s\u00eb L\u00ebvizjes Komb\u00ebtare p\u00ebr \u00e7lirimin e vendit. Ishin strateg\u00ebt m\u00eb t\u00eb st\u00ebrvitur p\u00ebr themelimin e platform\u00ebs m\u00eb t\u00eb qart\u00eb komb\u00ebtare. Vizioni i tyre ishte q\u00eb t\u00eb bashkojn\u00eb gjith\u00eb shqiptar\u00ebt, pa dallim feje, krahine apo gjinie. Vizioni i tyre n\u00eb t\u00eb folur e shkruar gj\u00ebthnj\u00eb ka pasur parasysh\u00eb edhe opcionin e \u00e7lirimit t\u00eb Kosov\u00ebs nga okupatori, pa p\u00ebrjashtuar edhe rezistenc\u00ebn e armatosur, kur pushtuesi nuk do t\u00eb njih\u00ebte tjet\u00ebr form\u00eb. Dalja e tyre n\u00eb sken\u00eb n\u00eb m\u00ebrgat\u00ebn shqiptare pati b\u00ebr\u00eb jehon\u00eb t\u00eb madhe. Ata ishin guximtar\u00eb t\u00eb veprimeve komb\u00ebtare, edhe pse UDB-ja sllave vepronte lir\u00eb n\u00eb perendim dhe i p\u00ebrcillte kudo. Ata ishin edukuar n\u00eb frym\u00ebn jo vet\u00ebm t\u00eb duan atdheun, n\u00eb t\u00eb cilin u lind\u00ebn dhe u edukuan, por edhe t\u00eb sakrifikojn\u00eb e ta mbrojn\u00eb dhe shp\u00ebtojn\u00eb ate me \u00e7mimin m\u00eb t\u00eb lart\u00eb (gjakun).<\/p>\n<p>Jusuf e Bardhosh G\u00ebrvalla dhe Kadri Zeka,ishin pishtar\u00eb t\u00eb liris\u00eb s\u00eb Kosov\u00ebs, pa veprimtarin\u00eb e t\u00eb cil\u00ebve Kosova nuk do t\u00eb kishte lirin\u00eb, t\u00eb cil\u00ebn e g\u00ebzon sot. Ata vun\u00eb themelet e tyre n\u00eb k\u00ebt\u00eb drejtim, duke kund\u00ebrshtuar guximsh\u00ebm pushtimin serb mbi Kosov\u00ebn. Nj\u00eb form\u00eb t\u00eb ngjajshme kund\u00ebrshtimi t\u00eb pushtues\u00ebve e pat\u00ebn nis\u00eb edhe studentet e Universitetit t\u00eb Prishtin\u00ebs n\u00eb vitin 1981.<\/p>\n<p>G\u00ebrvallajt dhe Kadri Zeka sakrifikuan \u00e7do gj\u00eb p\u00ebr lirin\u00eb t\u00eb cil\u00ebn po e g\u00ebzojm\u00eb sot. Ata me veprimtarin\u00eb e tyre paralajm\u00ebruan Serbin\u00eb, ish-Jugosllavin\u00eb por edhe mbar\u00eb bot\u00ebn e civilizuar, se shqiptar\u00ebt e Kosov\u00ebs m\u00eb kurr\u00eb nuk do t\u00eb lejojn\u00eb t\u00eb jetojn\u00eb n\u00ebn tutell\u00ebn serbo-sllave. Jusufi, Bardhoshi dhe Kadriu ishin simbole t\u00eb q\u00ebndres\u00ebs komb\u00ebtare, q\u00eb burimin e kishin nga familje me tradita komb\u00ebtare patriotike. Organizon likuidimin e tyre n\u00eb m\u00ebnyr\u00ebn m\u00eb barbare dhe tinzare duke organizuar mbi ta atentat klasik. Janaret p\u00ebr shqiptar\u00ebt ishin janar\u00eb t\u00eb kobsh\u00ebm dhe t\u00eb zi, ku mbi ta dora e zez\u00eb tin\u00ebzare likuidoj shum\u00eb veprimtar\u00eb t\u00eb shquar.<\/p>\n<p>K\u00ebshtu ndodhi edhe m\u00eb 17 janar 1982 n\u00eb Untergrupenbach t\u00eb Gjermanis\u00eb, ku dora e zez\u00eb e pushtuesit i vrau tin\u00ebzisht Jusufin, Bardhoshin e Kadri Zek\u00ebn. Duhet t\u00eb thuhet se prej tyre m\u00eb tep\u00ebr shquhej Jusuf G\u00ebrvalla, dallohej p\u00ebr prirjet dhe orientimet komb\u00ebtar n\u00eb t\u00eb gjitha fushat. Jusuf G\u00ebrvalla ishte poet, k\u00ebng\u00ebtar, publicist, veprimtar i devotsh\u00ebm i \u00e7\u00ebshtjes komb\u00ebtare, intelektual i guximsh\u00ebm e luftarak p\u00ebr \u00e7lirimin e Kosov\u00ebs, i cili veprimtarin\u00eb e vet atdhetare e zhvilloi n\u00eb ilegalitet, n\u00eb Kosov\u00eb dhe emigracion.<\/p>\n<p>Ishte n\u00eb rrezik t\u00eb arrestimit, por pasi i shp\u00ebton arrestimit, emigron n\u00eb Gjermani, ku m\u00eb par\u00eb jetonte dhe vepronte i v\u00ebllai Bardhi, ku e vazhdon me nj\u00eb intensitet edhe m\u00eb t\u00eb shtuar veprimtarin\u00eb e tij patriotike p\u00ebr \u00e7lirim e bashkim komb\u00ebtar. N\u00eb Gjermani arrin t\u00eb bashkoj\u00eb faktorin shqiptar t\u00eb emigracionit n\u00eb nj\u00eb front t\u00eb p\u00ebrbashk\u00ebt kund\u00ebr shtypjes, burgosjes, vrasjeve e shp\u00ebrnguljes s\u00eb shqiptar\u00ebve nga forcat s\u00ebrbo-jugosllave. Ai s\u00eb bashku me Bardhoshin, Kadri Zek\u00ebn e disa veprimtar\u00eb t\u00eb dalluar, ishte n\u00eb ball\u00eb t\u00eb frontit t\u00eb gj\u00ebr\u00eb p\u00ebr sensibilitetin e opionit bot\u00ebror p\u00ebr \u00e7\u00ebshtjen e pazgjidhur t\u00eb shqiptar\u00ebve n\u00eb ish-Jugosllavi e Ballkan.<\/p>\n<p>Pushteti i at\u00ebhersh\u00ebm serbo-jugosllav tek Jusufi e shihte nyjen ky\u00e7e t\u00eb organizimeve anti-jugosllave, prandaj e vran\u00eb me Bardhoshin dhe Kadriun. Me 17 janar Kosov\u00ebs iu trazua qielli, shqiptar\u00ebve iu trazuan zemrat, at\u00eb nat\u00eb t\u00eb zez\u00eb janari d\u00ebbora u skuq me pikat e gjakut t\u00eb trimave tan\u00eb t\u00eb liris\u00eb. Agu i m\u00ebngjezit i gjeti pikat e gjakut t\u00eb tyre t\u00eb ngrira, por as acari as bresh\u00ebrit\u00eb e plumbave nuk mund i ndan\u00eb trimat.<\/p>\n<p>Ata ran\u00eb n\u00eb altarin e liris\u00eb p\u00ebr t\u00eb sh\u00ebnuar pavdeksin\u00eb. Shembulli i Jusuf G\u00ebrvall\u00ebs, mbeti dhe mbetet i gjall\u00eb nd\u00ebr intelektual t\u00eb koh\u00ebs moderne, si krijues dhe atdhetar i shquar p\u00ebr liri. Shqiptar\u00ebt kishim t\u00eb b\u00ebnim me nj\u00eb armik t\u00eb pacip\u00eb, i cili tin\u00ebzisht na i vriste trimat dhe nuk i linte t\u00eb varroseshin n\u00eb atdhe. Jusufi, Bardhoshi dhe Kadriu, ishin varrosur n\u00eb Gjermani. M\u00eb kujtohen ato vite dhimbjesh, kur \u00e7do p\u00ebrvjetor b\u00ebnim homazhe tek varrezat e tyre. Sikur m\u00eb dukej se u b\u00ebnim d\u00ebm, sikur i shkilnim varrezat e tyre, e trupi i tyre nuk prehej pa i kthyer eshtrat e tyre n\u00eb atdhe, p\u00ebr t\u00eb cilin ata kishin r\u00ebn\u00eb heroikisht.<\/p>\n<p>Tani fatbardh\u00ebsisht ata jan\u00eb n\u00eb tok\u00ebn e tyre, jan\u00eb b\u00ebr\u00eb drit\u00eb, diell e shk\u00ebndij\u00eb e liris\u00eb dhe kombit. Edhe ne m\u00ebrgimtar\u00ebt pas tyre jemi mundue t\u00eb b\u00ebjm\u00eb veprimtarin\u00eb komb\u00ebtare, por rrug\u00ebn e kishim t\u00eb trasuar nga ata, shtigjet i kishim m\u00eb t\u00eb hapura dhe krah\u00ebror\u00ebt m\u00eb t\u00eb mbrojtur, si rezultat i veprimtaris\u00eb s\u00eb tyre. Ashtu si Jusufi, ashtu nga prir\u00ebjet p\u00ebr orientim komb\u00ebtar dallohet bija e tij Donika Jusuf G\u00ebrvalla, n\u00eb organizimet e veprimtaris\u00eb s\u00eb tyre pata marrur pjes\u00eb dhe aty shihja ringjalljen e Jusufit, nga se Donika ishte veprimtare e paepur e \u00e7\u00ebshtjes komb\u00ebtare, ashtu si babai i saj Jusufi, ishte e z\u00ebshme dhe z\u00ebdh\u00ebn\u00ebse, e cila veprimtarin\u00eb komb\u00ebtare e zhvilloi n\u00eb Gjermani dhe z\u00ebri i saj i fuqish\u00ebm, i guximsh\u00ebm e intelektual, internacionalizoi \u00e7\u00ebshtjen shqiptare n\u00ebp\u00ebr Europ\u00eb.<\/p>\n<p>Jusuf e Bardhosh G\u00ebrvalla dhe Kadri Zeka jan\u00eb personalitetet m\u00eb t\u00eb \u00e7muara, t\u00eb cil\u00ebt u flijuan p\u00ebr \u00e7lirimin e Kosov\u00ebs. Ata jan\u00eb nderi, dhimbja dhe krenaria jon\u00eb, vet\u00ebm se ata nuk duhet t&#8217;i p\u00ebrkujtojm\u00eb vet\u00ebm n\u00eb p\u00ebrvjetorin e r\u00ebnies, duhet t\u00eb gjejm\u00eb forma m\u00eb t\u00eb shpeshta organizimesh p\u00ebr t&#8217;i p\u00ebrkujtuar dhe nderuar k\u00ebta pishtar\u00eb t\u00eb lavdis\u00eb, qoft\u00eb n\u00eb Kosov\u00eb e kudo n\u00eb m\u00ebrgat\u00ebn shqiptare.<\/p>\n","protected":false},"excerpt":{"rendered":"<p>Shkruan: Shaban Cakolli Jusuf e Bardhosh G\u00ebrvalla dhe Kadri Zeka ishin b\u00ebrthama e \u00e7\u00ebshtjes son\u00eb komb\u00ebtare, nderi, dhimbja dhe krenaria shqiptare. Ata ishin burra, t\u00eb cil\u00ebt arrit\u00ebn unifikimin e m\u00ebrgat\u00ebs shqiptare, p\u00ebrpjek\u00ebsit e angazhuara me t\u00ebr\u00eb qenien n\u00eb internacionalizimin e \u00e7\u00ebshtjes shqiptare n\u00eb Evrop\u00eb dhe bot\u00eb. Trima t\u00eb cil\u00ebt i njohi dhe i b\u00ebri t\u00eb [&hellip;]<\/p>\n","protected":false},"author":1,"featured_media":0,"comment_status":"open","ping_status":"closed","sticky":false,"template":"","format":"standard","meta":{"footnotes":""},"categories":[2],"tags":[],"class_list":{"0":"post-13332","1":"post","2":"type-post","3":"status-publish","4":"format-standard","6":"category-artikuj"},"yoast_head":"<!-- This site is optimized with the Yoast SEO plugin v27.4 - https:\/\/yoast.com\/product\/yoast-seo-wordpress\/ -->\n<title>JUSUF E BARDHOSH G\u00cbRVALLA ME KADRI ZEK\u00cbN - EMRA Q\u00cb N\u00cb HISTORIN\u00cb TON\u00cb DO T\u00cb LAKOHEN N\u00cb T\u00cb GJITHA RASAT E KOMB\u00cbTARIZMIT - FjALA e LIR\u00cb - Arkivi<\/title>\n<meta name=\"robots\" content=\"index, follow, max-snippet:-1, max-image-preview:large, max-video-preview:-1\" \/>\n<link rel=\"canonical\" href=\"https:\/\/fjala.info\/2009-2015\/jusuf-e-bardhosh-gervalla-me-kadri-zeken-emra-qe-ne-historine-tone-do-te-lakohen-ne-te-gjitha-rasat-e-kombetarizmit\/\" \/>\n<meta property=\"og:locale\" content=\"sq_AL\" \/>\n<meta property=\"og:type\" content=\"article\" \/>\n<meta property=\"og:title\" content=\"JUSUF E BARDHOSH G\u00cbRVALLA ME KADRI ZEK\u00cbN - EMRA Q\u00cb N\u00cb HISTORIN\u00cb TON\u00cb DO T\u00cb LAKOHEN N\u00cb T\u00cb GJITHA RASAT E KOMB\u00cbTARIZMIT - FjALA e LIR\u00cb - Arkivi\" \/>\n<meta property=\"og:description\" content=\"Shkruan: Shaban Cakolli Jusuf e Bardhosh G\u00ebrvalla dhe Kadri Zeka ishin b\u00ebrthama e \u00e7\u00ebshtjes son\u00eb komb\u00ebtare, nderi, dhimbja dhe krenaria shqiptare. Ata ishin burra, t\u00eb cil\u00ebt arrit\u00ebn unifikimin e m\u00ebrgat\u00ebs shqiptare, p\u00ebrpjek\u00ebsit e angazhuara me t\u00ebr\u00eb qenien n\u00eb internacionalizimin e \u00e7\u00ebshtjes shqiptare n\u00eb Evrop\u00eb dhe bot\u00eb. Trima t\u00eb cil\u00ebt i njohi dhe i b\u00ebri t\u00eb [&hellip;]\" \/>\n<meta property=\"og:url\" content=\"https:\/\/fjala.info\/2009-2015\/jusuf-e-bardhosh-gervalla-me-kadri-zeken-emra-qe-ne-historine-tone-do-te-lakohen-ne-te-gjitha-rasat-e-kombetarizmit\/\" \/>\n<meta property=\"og:site_name\" content=\"FjALA e LIR\u00cb - Arkivi\" \/>\n<meta property=\"article:published_time\" content=\"2014-01-15T04:03:33+00:00\" \/>\n<meta property=\"og:image\" content=\"http:\/\/www.fjala.info\/2014\/jusuf_bardhosh_gervalla_kadri_zeka.jpg\" \/>\n<meta name=\"author\" content=\"admin\" \/>\n<meta name=\"twitter:card\" content=\"summary_large_image\" \/>\n<meta name=\"twitter:label1\" content=\"Written by\" \/>\n\t<meta name=\"twitter:data1\" content=\"admin\" \/>\n\t<meta name=\"twitter:label2\" content=\"Est. reading time\" \/>\n\t<meta name=\"twitter:data2\" content=\"6 minutes\" \/>\n<script type=\"application\/ld+json\" class=\"yoast-schema-graph\">{\"@context\":\"https:\\\/\\\/schema.org\",\"@graph\":[{\"@type\":\"Article\",\"@id\":\"https:\\\/\\\/fjala.info\\\/2009-2015\\\/jusuf-e-bardhosh-gervalla-me-kadri-zeken-emra-qe-ne-historine-tone-do-te-lakohen-ne-te-gjitha-rasat-e-kombetarizmit\\\/#article\",\"isPartOf\":{\"@id\":\"https:\\\/\\\/fjala.info\\\/2009-2015\\\/jusuf-e-bardhosh-gervalla-me-kadri-zeken-emra-qe-ne-historine-tone-do-te-lakohen-ne-te-gjitha-rasat-e-kombetarizmit\\\/\"},\"author\":{\"name\":\"admin\",\"@id\":\"https:\\\/\\\/fjala.info\\\/2009-2015\\\/#\\\/schema\\\/person\\\/3aa1163ef05469c496fc94e77611ada2\"},\"headline\":\"JUSUF E BARDHOSH G\u00cbRVALLA ME KADRI ZEK\u00cbN &#8211; EMRA Q\u00cb N\u00cb HISTORIN\u00cb TON\u00cb DO T\u00cb LAKOHEN N\u00cb T\u00cb GJITHA RASAT E KOMB\u00cbTARIZMIT\",\"datePublished\":\"2014-01-15T04:03:33+00:00\",\"mainEntityOfPage\":{\"@id\":\"https:\\\/\\\/fjala.info\\\/2009-2015\\\/jusuf-e-bardhosh-gervalla-me-kadri-zeken-emra-qe-ne-historine-tone-do-te-lakohen-ne-te-gjitha-rasat-e-kombetarizmit\\\/\"},\"wordCount\":1136,\"commentCount\":0,\"publisher\":{\"@id\":\"https:\\\/\\\/fjala.info\\\/2009-2015\\\/#organization\"},\"image\":{\"@id\":\"https:\\\/\\\/fjala.info\\\/2009-2015\\\/jusuf-e-bardhosh-gervalla-me-kadri-zeken-emra-qe-ne-historine-tone-do-te-lakohen-ne-te-gjitha-rasat-e-kombetarizmit\\\/#primaryimage\"},\"thumbnailUrl\":\"http:\\\/\\\/www.fjala.info\\\/2014\\\/jusuf_bardhosh_gervalla_kadri_zeka.jpg\",\"articleSection\":[\"Artikuj\"],\"inLanguage\":\"sq-AL\",\"potentialAction\":[{\"@type\":\"CommentAction\",\"name\":\"Comment\",\"target\":[\"https:\\\/\\\/fjala.info\\\/2009-2015\\\/jusuf-e-bardhosh-gervalla-me-kadri-zeken-emra-qe-ne-historine-tone-do-te-lakohen-ne-te-gjitha-rasat-e-kombetarizmit\\\/#respond\"]}]},{\"@type\":\"WebPage\",\"@id\":\"https:\\\/\\\/fjala.info\\\/2009-2015\\\/jusuf-e-bardhosh-gervalla-me-kadri-zeken-emra-qe-ne-historine-tone-do-te-lakohen-ne-te-gjitha-rasat-e-kombetarizmit\\\/\",\"url\":\"https:\\\/\\\/fjala.info\\\/2009-2015\\\/jusuf-e-bardhosh-gervalla-me-kadri-zeken-emra-qe-ne-historine-tone-do-te-lakohen-ne-te-gjitha-rasat-e-kombetarizmit\\\/\",\"name\":\"JUSUF E BARDHOSH G\u00cbRVALLA ME KADRI ZEK\u00cbN - EMRA Q\u00cb N\u00cb HISTORIN\u00cb TON\u00cb DO T\u00cb LAKOHEN N\u00cb T\u00cb GJITHA RASAT E KOMB\u00cbTARIZMIT - FjALA e LIR\u00cb - Arkivi\",\"isPartOf\":{\"@id\":\"https:\\\/\\\/fjala.info\\\/2009-2015\\\/#website\"},\"primaryImageOfPage\":{\"@id\":\"https:\\\/\\\/fjala.info\\\/2009-2015\\\/jusuf-e-bardhosh-gervalla-me-kadri-zeken-emra-qe-ne-historine-tone-do-te-lakohen-ne-te-gjitha-rasat-e-kombetarizmit\\\/#primaryimage\"},\"image\":{\"@id\":\"https:\\\/\\\/fjala.info\\\/2009-2015\\\/jusuf-e-bardhosh-gervalla-me-kadri-zeken-emra-qe-ne-historine-tone-do-te-lakohen-ne-te-gjitha-rasat-e-kombetarizmit\\\/#primaryimage\"},\"thumbnailUrl\":\"http:\\\/\\\/www.fjala.info\\\/2014\\\/jusuf_bardhosh_gervalla_kadri_zeka.jpg\",\"datePublished\":\"2014-01-15T04:03:33+00:00\",\"breadcrumb\":{\"@id\":\"https:\\\/\\\/fjala.info\\\/2009-2015\\\/jusuf-e-bardhosh-gervalla-me-kadri-zeken-emra-qe-ne-historine-tone-do-te-lakohen-ne-te-gjitha-rasat-e-kombetarizmit\\\/#breadcrumb\"},\"inLanguage\":\"sq-AL\",\"potentialAction\":[{\"@type\":\"ReadAction\",\"target\":[\"https:\\\/\\\/fjala.info\\\/2009-2015\\\/jusuf-e-bardhosh-gervalla-me-kadri-zeken-emra-qe-ne-historine-tone-do-te-lakohen-ne-te-gjitha-rasat-e-kombetarizmit\\\/\"]}]},{\"@type\":\"ImageObject\",\"inLanguage\":\"sq-AL\",\"@id\":\"https:\\\/\\\/fjala.info\\\/2009-2015\\\/jusuf-e-bardhosh-gervalla-me-kadri-zeken-emra-qe-ne-historine-tone-do-te-lakohen-ne-te-gjitha-rasat-e-kombetarizmit\\\/#primaryimage\",\"url\":\"http:\\\/\\\/www.fjala.info\\\/2014\\\/jusuf_bardhosh_gervalla_kadri_zeka.jpg\",\"contentUrl\":\"http:\\\/\\\/www.fjala.info\\\/2014\\\/jusuf_bardhosh_gervalla_kadri_zeka.jpg\"},{\"@type\":\"BreadcrumbList\",\"@id\":\"https:\\\/\\\/fjala.info\\\/2009-2015\\\/jusuf-e-bardhosh-gervalla-me-kadri-zeken-emra-qe-ne-historine-tone-do-te-lakohen-ne-te-gjitha-rasat-e-kombetarizmit\\\/#breadcrumb\",\"itemListElement\":[{\"@type\":\"ListItem\",\"position\":1,\"name\":\"Home\",\"item\":\"https:\\\/\\\/fjala.info\\\/2009-2015\\\/\"},{\"@type\":\"ListItem\",\"position\":2,\"name\":\"JUSUF E BARDHOSH G\u00cbRVALLA ME KADRI ZEK\u00cbN &#8211; EMRA Q\u00cb N\u00cb HISTORIN\u00cb TON\u00cb DO T\u00cb LAKOHEN N\u00cb T\u00cb GJITHA RASAT E KOMB\u00cbTARIZMIT\"}]},{\"@type\":\"WebSite\",\"@id\":\"https:\\\/\\\/fjala.info\\\/2009-2015\\\/#website\",\"url\":\"https:\\\/\\\/fjala.info\\\/2009-2015\\\/\",\"name\":\"FjALA e LIR\u00cb - Arkivi\",\"description\":\"Arkivi 2009-2015\",\"publisher\":{\"@id\":\"https:\\\/\\\/fjala.info\\\/2009-2015\\\/#organization\"},\"potentialAction\":[{\"@type\":\"SearchAction\",\"target\":{\"@type\":\"EntryPoint\",\"urlTemplate\":\"https:\\\/\\\/fjala.info\\\/2009-2015\\\/?s={search_term_string}\"},\"query-input\":{\"@type\":\"PropertyValueSpecification\",\"valueRequired\":true,\"valueName\":\"search_term_string\"}}],\"inLanguage\":\"sq-AL\"},{\"@type\":\"Organization\",\"@id\":\"https:\\\/\\\/fjala.info\\\/2009-2015\\\/#organization\",\"name\":\"FjALA e LIR\u00cb - Arkivi\",\"url\":\"https:\\\/\\\/fjala.info\\\/2009-2015\\\/\",\"logo\":{\"@type\":\"ImageObject\",\"inLanguage\":\"sq-AL\",\"@id\":\"https:\\\/\\\/fjala.info\\\/2009-2015\\\/#\\\/schema\\\/logo\\\/image\\\/\",\"url\":\"\",\"contentUrl\":\"\",\"caption\":\"FjALA e LIR\u00cb - Arkivi\"},\"image\":{\"@id\":\"https:\\\/\\\/fjala.info\\\/2009-2015\\\/#\\\/schema\\\/logo\\\/image\\\/\"}},{\"@type\":\"Person\",\"@id\":\"https:\\\/\\\/fjala.info\\\/2009-2015\\\/#\\\/schema\\\/person\\\/3aa1163ef05469c496fc94e77611ada2\",\"name\":\"admin\",\"image\":{\"@type\":\"ImageObject\",\"inLanguage\":\"sq-AL\",\"@id\":\"https:\\\/\\\/fjala.info\\\/2009-2015\\\/wp-content\\\/uploads\\\/2012\\\/02\\\/arben_cokaj-120x150.jpg\",\"url\":\"https:\\\/\\\/fjala.info\\\/2009-2015\\\/wp-content\\\/uploads\\\/2012\\\/02\\\/arben_cokaj-120x150.jpg\",\"contentUrl\":\"https:\\\/\\\/fjala.info\\\/2009-2015\\\/wp-content\\\/uploads\\\/2012\\\/02\\\/arben_cokaj-120x150.jpg\",\"caption\":\"admin\"},\"description\":\"Admin, Fjala e Lir\u00eb\",\"sameAs\":[\"https:\\\/\\\/fjala.info\\\/\"],\"url\":\"https:\\\/\\\/fjala.info\\\/2009-2015\\\/author\\\/admin\\\/\"}]}<\/script>\n<!-- \/ Yoast SEO plugin. -->","yoast_head_json":{"title":"JUSUF E BARDHOSH G\u00cbRVALLA ME KADRI ZEK\u00cbN - EMRA Q\u00cb N\u00cb HISTORIN\u00cb TON\u00cb DO T\u00cb LAKOHEN N\u00cb T\u00cb GJITHA RASAT E KOMB\u00cbTARIZMIT - FjALA e LIR\u00cb - Arkivi","robots":{"index":"index","follow":"follow","max-snippet":"max-snippet:-1","max-image-preview":"max-image-preview:large","max-video-preview":"max-video-preview:-1"},"canonical":"https:\/\/fjala.info\/2009-2015\/jusuf-e-bardhosh-gervalla-me-kadri-zeken-emra-qe-ne-historine-tone-do-te-lakohen-ne-te-gjitha-rasat-e-kombetarizmit\/","og_locale":"sq_AL","og_type":"article","og_title":"JUSUF E BARDHOSH G\u00cbRVALLA ME KADRI ZEK\u00cbN - EMRA Q\u00cb N\u00cb HISTORIN\u00cb TON\u00cb DO T\u00cb LAKOHEN N\u00cb T\u00cb GJITHA RASAT E KOMB\u00cbTARIZMIT - FjALA e LIR\u00cb - Arkivi","og_description":"Shkruan: Shaban Cakolli Jusuf e Bardhosh G\u00ebrvalla dhe Kadri Zeka ishin b\u00ebrthama e \u00e7\u00ebshtjes son\u00eb komb\u00ebtare, nderi, dhimbja dhe krenaria shqiptare. Ata ishin burra, t\u00eb cil\u00ebt arrit\u00ebn unifikimin e m\u00ebrgat\u00ebs shqiptare, p\u00ebrpjek\u00ebsit e angazhuara me t\u00ebr\u00eb qenien n\u00eb internacionalizimin e \u00e7\u00ebshtjes shqiptare n\u00eb Evrop\u00eb dhe bot\u00eb. Trima t\u00eb cil\u00ebt i njohi dhe i b\u00ebri t\u00eb [&hellip;]","og_url":"https:\/\/fjala.info\/2009-2015\/jusuf-e-bardhosh-gervalla-me-kadri-zeken-emra-qe-ne-historine-tone-do-te-lakohen-ne-te-gjitha-rasat-e-kombetarizmit\/","og_site_name":"FjALA e LIR\u00cb - Arkivi","article_published_time":"2014-01-15T04:03:33+00:00","og_image":[{"url":"http:\/\/www.fjala.info\/2014\/jusuf_bardhosh_gervalla_kadri_zeka.jpg","type":"","width":"","height":""}],"author":"admin","twitter_card":"summary_large_image","twitter_misc":{"Written by":"admin","Est. reading time":"6 minutes"},"schema":{"@context":"https:\/\/schema.org","@graph":[{"@type":"Article","@id":"https:\/\/fjala.info\/2009-2015\/jusuf-e-bardhosh-gervalla-me-kadri-zeken-emra-qe-ne-historine-tone-do-te-lakohen-ne-te-gjitha-rasat-e-kombetarizmit\/#article","isPartOf":{"@id":"https:\/\/fjala.info\/2009-2015\/jusuf-e-bardhosh-gervalla-me-kadri-zeken-emra-qe-ne-historine-tone-do-te-lakohen-ne-te-gjitha-rasat-e-kombetarizmit\/"},"author":{"name":"admin","@id":"https:\/\/fjala.info\/2009-2015\/#\/schema\/person\/3aa1163ef05469c496fc94e77611ada2"},"headline":"JUSUF E BARDHOSH G\u00cbRVALLA ME KADRI ZEK\u00cbN &#8211; EMRA Q\u00cb N\u00cb HISTORIN\u00cb TON\u00cb DO T\u00cb LAKOHEN N\u00cb T\u00cb GJITHA RASAT E KOMB\u00cbTARIZMIT","datePublished":"2014-01-15T04:03:33+00:00","mainEntityOfPage":{"@id":"https:\/\/fjala.info\/2009-2015\/jusuf-e-bardhosh-gervalla-me-kadri-zeken-emra-qe-ne-historine-tone-do-te-lakohen-ne-te-gjitha-rasat-e-kombetarizmit\/"},"wordCount":1136,"commentCount":0,"publisher":{"@id":"https:\/\/fjala.info\/2009-2015\/#organization"},"image":{"@id":"https:\/\/fjala.info\/2009-2015\/jusuf-e-bardhosh-gervalla-me-kadri-zeken-emra-qe-ne-historine-tone-do-te-lakohen-ne-te-gjitha-rasat-e-kombetarizmit\/#primaryimage"},"thumbnailUrl":"http:\/\/www.fjala.info\/2014\/jusuf_bardhosh_gervalla_kadri_zeka.jpg","articleSection":["Artikuj"],"inLanguage":"sq-AL","potentialAction":[{"@type":"CommentAction","name":"Comment","target":["https:\/\/fjala.info\/2009-2015\/jusuf-e-bardhosh-gervalla-me-kadri-zeken-emra-qe-ne-historine-tone-do-te-lakohen-ne-te-gjitha-rasat-e-kombetarizmit\/#respond"]}]},{"@type":"WebPage","@id":"https:\/\/fjala.info\/2009-2015\/jusuf-e-bardhosh-gervalla-me-kadri-zeken-emra-qe-ne-historine-tone-do-te-lakohen-ne-te-gjitha-rasat-e-kombetarizmit\/","url":"https:\/\/fjala.info\/2009-2015\/jusuf-e-bardhosh-gervalla-me-kadri-zeken-emra-qe-ne-historine-tone-do-te-lakohen-ne-te-gjitha-rasat-e-kombetarizmit\/","name":"JUSUF E BARDHOSH G\u00cbRVALLA ME KADRI ZEK\u00cbN - EMRA Q\u00cb N\u00cb HISTORIN\u00cb TON\u00cb DO T\u00cb LAKOHEN N\u00cb T\u00cb GJITHA RASAT E KOMB\u00cbTARIZMIT - FjALA e LIR\u00cb - Arkivi","isPartOf":{"@id":"https:\/\/fjala.info\/2009-2015\/#website"},"primaryImageOfPage":{"@id":"https:\/\/fjala.info\/2009-2015\/jusuf-e-bardhosh-gervalla-me-kadri-zeken-emra-qe-ne-historine-tone-do-te-lakohen-ne-te-gjitha-rasat-e-kombetarizmit\/#primaryimage"},"image":{"@id":"https:\/\/fjala.info\/2009-2015\/jusuf-e-bardhosh-gervalla-me-kadri-zeken-emra-qe-ne-historine-tone-do-te-lakohen-ne-te-gjitha-rasat-e-kombetarizmit\/#primaryimage"},"thumbnailUrl":"http:\/\/www.fjala.info\/2014\/jusuf_bardhosh_gervalla_kadri_zeka.jpg","datePublished":"2014-01-15T04:03:33+00:00","breadcrumb":{"@id":"https:\/\/fjala.info\/2009-2015\/jusuf-e-bardhosh-gervalla-me-kadri-zeken-emra-qe-ne-historine-tone-do-te-lakohen-ne-te-gjitha-rasat-e-kombetarizmit\/#breadcrumb"},"inLanguage":"sq-AL","potentialAction":[{"@type":"ReadAction","target":["https:\/\/fjala.info\/2009-2015\/jusuf-e-bardhosh-gervalla-me-kadri-zeken-emra-qe-ne-historine-tone-do-te-lakohen-ne-te-gjitha-rasat-e-kombetarizmit\/"]}]},{"@type":"ImageObject","inLanguage":"sq-AL","@id":"https:\/\/fjala.info\/2009-2015\/jusuf-e-bardhosh-gervalla-me-kadri-zeken-emra-qe-ne-historine-tone-do-te-lakohen-ne-te-gjitha-rasat-e-kombetarizmit\/#primaryimage","url":"http:\/\/www.fjala.info\/2014\/jusuf_bardhosh_gervalla_kadri_zeka.jpg","contentUrl":"http:\/\/www.fjala.info\/2014\/jusuf_bardhosh_gervalla_kadri_zeka.jpg"},{"@type":"BreadcrumbList","@id":"https:\/\/fjala.info\/2009-2015\/jusuf-e-bardhosh-gervalla-me-kadri-zeken-emra-qe-ne-historine-tone-do-te-lakohen-ne-te-gjitha-rasat-e-kombetarizmit\/#breadcrumb","itemListElement":[{"@type":"ListItem","position":1,"name":"Home","item":"https:\/\/fjala.info\/2009-2015\/"},{"@type":"ListItem","position":2,"name":"JUSUF E BARDHOSH G\u00cbRVALLA ME KADRI ZEK\u00cbN &#8211; EMRA Q\u00cb N\u00cb HISTORIN\u00cb TON\u00cb DO T\u00cb LAKOHEN N\u00cb T\u00cb GJITHA RASAT E KOMB\u00cbTARIZMIT"}]},{"@type":"WebSite","@id":"https:\/\/fjala.info\/2009-2015\/#website","url":"https:\/\/fjala.info\/2009-2015\/","name":"FjALA e LIR\u00cb - Arkivi","description":"Arkivi 2009-2015","publisher":{"@id":"https:\/\/fjala.info\/2009-2015\/#organization"},"potentialAction":[{"@type":"SearchAction","target":{"@type":"EntryPoint","urlTemplate":"https:\/\/fjala.info\/2009-2015\/?s={search_term_string}"},"query-input":{"@type":"PropertyValueSpecification","valueRequired":true,"valueName":"search_term_string"}}],"inLanguage":"sq-AL"},{"@type":"Organization","@id":"https:\/\/fjala.info\/2009-2015\/#organization","name":"FjALA e LIR\u00cb - Arkivi","url":"https:\/\/fjala.info\/2009-2015\/","logo":{"@type":"ImageObject","inLanguage":"sq-AL","@id":"https:\/\/fjala.info\/2009-2015\/#\/schema\/logo\/image\/","url":"","contentUrl":"","caption":"FjALA e LIR\u00cb - Arkivi"},"image":{"@id":"https:\/\/fjala.info\/2009-2015\/#\/schema\/logo\/image\/"}},{"@type":"Person","@id":"https:\/\/fjala.info\/2009-2015\/#\/schema\/person\/3aa1163ef05469c496fc94e77611ada2","name":"admin","image":{"@type":"ImageObject","inLanguage":"sq-AL","@id":"https:\/\/fjala.info\/2009-2015\/wp-content\/uploads\/2012\/02\/arben_cokaj-120x150.jpg","url":"https:\/\/fjala.info\/2009-2015\/wp-content\/uploads\/2012\/02\/arben_cokaj-120x150.jpg","contentUrl":"https:\/\/fjala.info\/2009-2015\/wp-content\/uploads\/2012\/02\/arben_cokaj-120x150.jpg","caption":"admin"},"description":"Admin, Fjala e Lir\u00eb","sameAs":["https:\/\/fjala.info\/"],"url":"https:\/\/fjala.info\/2009-2015\/author\/admin\/"}]}},"_links":{"self":[{"href":"https:\/\/fjala.info\/2009-2015\/wp-json\/wp\/v2\/posts\/13332","targetHints":{"allow":["GET"]}}],"collection":[{"href":"https:\/\/fjala.info\/2009-2015\/wp-json\/wp\/v2\/posts"}],"about":[{"href":"https:\/\/fjala.info\/2009-2015\/wp-json\/wp\/v2\/types\/post"}],"author":[{"embeddable":true,"href":"https:\/\/fjala.info\/2009-2015\/wp-json\/wp\/v2\/users\/1"}],"replies":[{"embeddable":true,"href":"https:\/\/fjala.info\/2009-2015\/wp-json\/wp\/v2\/comments?post=13332"}],"version-history":[{"count":0,"href":"https:\/\/fjala.info\/2009-2015\/wp-json\/wp\/v2\/posts\/13332\/revisions"}],"wp:attachment":[{"href":"https:\/\/fjala.info\/2009-2015\/wp-json\/wp\/v2\/media?parent=13332"}],"wp:term":[{"taxonomy":"category","embeddable":true,"href":"https:\/\/fjala.info\/2009-2015\/wp-json\/wp\/v2\/categories?post=13332"},{"taxonomy":"post_tag","embeddable":true,"href":"https:\/\/fjala.info\/2009-2015\/wp-json\/wp\/v2\/tags?post=13332"}],"curies":[{"name":"wp","href":"https:\/\/api.w.org\/{rel}","templated":true}]}}