{"id":13331,"date":"2014-01-13T09:06:44","date_gmt":"2014-01-13T08:06:44","guid":{"rendered":"http:\/\/www.fjala.info\/?p=151"},"modified":"2014-01-13T09:06:44","modified_gmt":"2014-01-13T08:06:44","slug":"kuvendi-i-dy-shteteve-ne-prizren-sinjal-per-ndergjegjesim-te-evropes","status":"publish","type":"post","link":"https:\/\/fjala.info\/2009-2015\/kuvendi-i-dy-shteteve-ne-prizren-sinjal-per-ndergjegjesim-te-evropes\/","title":{"rendered":"Kuvendi i dy shteteve n\u00eb Prizren sinjal p\u00ebr nd\u00ebrgjegj\u00ebsim t\u00eb Evrop\u00ebs!"},"content":{"rendered":"<p><img decoding=\"async\" class=\"alignleft size-thumbnail wp-image-7236\" title=\"Asllan Dibrani\" alt=\"\" src=\"http:\/\/www.fjala.info\/2013\/asllan_dibrani.jpg\" width=\"150\" \/> Nga <strong>Asllan Dibrani<\/strong>, <a href=\"mailto:art@asllandibrani.com\">art@asllandibrani.com<\/a><\/p>\n<p>Qyteti i Prizrenit sot filloj nj\u00eb etap\u00eb te re p\u00ebr her\u00ebn e par\u00eb. Ky qytet legjendar i rilind\u00ebsve tan\u00eb dhe burrave qe lidhen bes\u00ebn shqiptare rifilloj nj\u00eb faze t\u00eb re, n\u00eb objektivin dhe synimet e aspiratave tona t\u00eb b\u00ebhen realitet. N\u00eb k\u00ebt\u00eb mbledhje t\u00eb par\u00eb mes dy qeverive n\u00eb historin\u00eb e dy shteteve shqiptare n\u00eb Ballkan, qeverit\u00eb e dy vendeve kan\u00eb n\u00ebnshkruajn\u00eb marr\u00ebveshje bashk\u00ebpunimi dhe dy vendeve pik\u00ebrisht n\u00eb vendin ku \u00ebsht\u00eb mbajtur Lidhja Shqiptare e Prizrenit.<\/p>\n<p>Ky \u00ebsht\u00eb fillim i nj\u00eb aspirate shekullore e &#8220;BASHKIMI KOMB\u00cbTAR&#8221;. Me k\u00ebt\u00eb tubim dejuro ne forma diplomatike \u00ebsht\u00eb nj\u00eb hap drejt thyerjes se klisheve komuniste qe lan\u00eb gjurme negative n\u00eb trojet shqiptare. Tani Evropa ka marr\u00eb nj\u00eb sinjal te qart\u00eb se padrejt\u00ebsit\u00eb qe ju jan\u00eb b\u00ebr\u00eb shqiptar\u00ebve n\u00eb cop\u00ebtimin e trungut komb\u00ebtar n\u00eb 6 shtete ballkanike, tani duhet te p\u00ebrmir\u00ebsohet . Shteti ame Shqip\u00ebria dhe Kosova sa do pak me k\u00ebt\u00eb kuvend filloj te thyhet muri i Berlinit n\u00eb zemr\u00ebn e Ballkanit ku jetuan me shekuj shqiptar\u00ebt.<\/p>\n<p><img decoding=\"async\" class=\"aligncenter size-thumbnail wp-image-7236\" title=\"Edi Rama dhe Hashim Tha\u00e7i - takim n\u00eb Prizren\" alt=\"\" src=\"http:\/\/www.fjala.info\/2014\/edi_rama_hashim_thaci_takim_prizren.jpg\" width=\"500\" \/><\/p>\n<p>Foto qe shum\u00eb mir\u00eb tregon krah\u00ebt e Shqiponj\u00ebs se shkurtuar, andaj n\u00eb kuvendet tjera shqiponja duhet t\u00eb del ose ma e kompletuar ose edhe e plot\u00eb. Vet dizajni qe e ka publikuar k\u00ebshtu, po tregon se ne shqiptar\u00ebt duhet ta kemi nj\u00eb flamur po at\u00eb t\u00eb plote paralel me bashkimin e trojeve tona!<\/p>\n<p>Dy qeverit\u00eb gjat\u00eb mbledhjes s\u00eb p\u00ebrbashk\u00ebt n\u00eb Prizren, t\u00eb par\u00ebn e k\u00ebtij lloji q\u00eb prej ekzistimit t\u00eb dy shteteve, kan\u00eb riafirmuar gatishm\u00ebrin\u00eb p\u00ebr bashk\u00ebpunim por jan\u00eb kujdesur q\u00eb t\u00eb mos krijojn\u00eb ndonj\u00eb keqkuptim ose t\u00eb mos p\u00ebr\u00e7ojn\u00eb mesazhe t\u00eb k\u00ebqija ndaj fqinj\u00ebve. Sa do qe ky takim ka vlerat e veta ky kuvend nuk foli asgj\u00eb p\u00ebr pozit\u00ebn e shqiptar\u00ebve n\u00eb Maqedoni, as n\u00eb Malin e zi, n\u00eb Serbi dhe Greqi qe akoma mohohen t\u00eb drejtat e shqiptar\u00ebve n\u00eb format ma drastike. Iniciativa nuk \u00ebsht\u00eb p\u00ebr tu mohuar po takimet tjera nuk duhet ti tremb lidershipin e shteteve tona nga synimet e veta p\u00ebr bashkimin e vet n\u00eb nj\u00eb ombrell\u00eb gjuh\u00ebsore, territoriale dhe komb\u00ebtare. Shqiptar\u00ebt nuk duhet t\u00eb hezitojn\u00eb edhe n\u00eb t\u00eb drejtat e mohuara n\u00eb Republika e Turqis\u00eb se mese 6 milion shqiptar\u00ebveatje.<\/p>\n","protected":false},"excerpt":{"rendered":"<p>Nga Asllan Dibrani, art@asllandibrani.com Qyteti i Prizrenit sot filloj nj\u00eb etap\u00eb te re p\u00ebr her\u00ebn e par\u00eb. Ky qytet legjendar i rilind\u00ebsve tan\u00eb dhe burrave qe lidhen bes\u00ebn shqiptare rifilloj nj\u00eb faze t\u00eb re, n\u00eb objektivin dhe synimet e aspiratave tona t\u00eb b\u00ebhen realitet. N\u00eb k\u00ebt\u00eb mbledhje t\u00eb par\u00eb mes dy qeverive n\u00eb historin\u00eb e [&hellip;]<\/p>\n","protected":false},"author":1,"featured_media":0,"comment_status":"open","ping_status":"closed","sticky":false,"template":"","format":"standard","meta":{"footnotes":""},"categories":[2],"tags":[],"class_list":{"0":"post-13331","1":"post","2":"type-post","3":"status-publish","4":"format-standard","6":"category-artikuj"},"yoast_head":"<!-- This site is optimized with the Yoast SEO plugin v27.4 - https:\/\/yoast.com\/product\/yoast-seo-wordpress\/ -->\n<title>Kuvendi i dy shteteve n\u00eb Prizren sinjal p\u00ebr nd\u00ebrgjegj\u00ebsim t\u00eb Evrop\u00ebs! - FjALA e LIR\u00cb - Arkivi<\/title>\n<meta name=\"robots\" content=\"index, follow, max-snippet:-1, max-image-preview:large, max-video-preview:-1\" \/>\n<link rel=\"canonical\" href=\"https:\/\/fjala.info\/2009-2015\/kuvendi-i-dy-shteteve-ne-prizren-sinjal-per-ndergjegjesim-te-evropes\/\" \/>\n<meta property=\"og:locale\" content=\"sq_AL\" \/>\n<meta property=\"og:type\" content=\"article\" \/>\n<meta property=\"og:title\" content=\"Kuvendi i dy shteteve n\u00eb Prizren sinjal p\u00ebr nd\u00ebrgjegj\u00ebsim t\u00eb Evrop\u00ebs! - FjALA e LIR\u00cb - Arkivi\" \/>\n<meta property=\"og:description\" content=\"Nga Asllan Dibrani, art@asllandibrani.com Qyteti i Prizrenit sot filloj nj\u00eb etap\u00eb te re p\u00ebr her\u00ebn e par\u00eb. Ky qytet legjendar i rilind\u00ebsve tan\u00eb dhe burrave qe lidhen bes\u00ebn shqiptare rifilloj nj\u00eb faze t\u00eb re, n\u00eb objektivin dhe synimet e aspiratave tona t\u00eb b\u00ebhen realitet. N\u00eb k\u00ebt\u00eb mbledhje t\u00eb par\u00eb mes dy qeverive n\u00eb historin\u00eb e [&hellip;]\" \/>\n<meta property=\"og:url\" content=\"https:\/\/fjala.info\/2009-2015\/kuvendi-i-dy-shteteve-ne-prizren-sinjal-per-ndergjegjesim-te-evropes\/\" \/>\n<meta property=\"og:site_name\" content=\"FjALA e LIR\u00cb - Arkivi\" \/>\n<meta property=\"article:published_time\" content=\"2014-01-13T08:06:44+00:00\" \/>\n<meta property=\"og:image\" content=\"http:\/\/www.fjala.info\/2013\/asllan_dibrani.jpg\" \/>\n<meta name=\"author\" content=\"admin\" \/>\n<meta name=\"twitter:card\" content=\"summary_large_image\" \/>\n<meta name=\"twitter:label1\" content=\"Written by\" \/>\n\t<meta name=\"twitter:data1\" content=\"admin\" \/>\n\t<meta name=\"twitter:label2\" content=\"Est. reading time\" \/>\n\t<meta name=\"twitter:data2\" content=\"2 minutes\" \/>\n<script type=\"application\/ld+json\" class=\"yoast-schema-graph\">{\"@context\":\"https:\\\/\\\/schema.org\",\"@graph\":[{\"@type\":\"Article\",\"@id\":\"https:\\\/\\\/fjala.info\\\/2009-2015\\\/kuvendi-i-dy-shteteve-ne-prizren-sinjal-per-ndergjegjesim-te-evropes\\\/#article\",\"isPartOf\":{\"@id\":\"https:\\\/\\\/fjala.info\\\/2009-2015\\\/kuvendi-i-dy-shteteve-ne-prizren-sinjal-per-ndergjegjesim-te-evropes\\\/\"},\"author\":{\"name\":\"admin\",\"@id\":\"https:\\\/\\\/fjala.info\\\/2009-2015\\\/#\\\/schema\\\/person\\\/3aa1163ef05469c496fc94e77611ada2\"},\"headline\":\"Kuvendi i dy shteteve n\u00eb Prizren sinjal p\u00ebr nd\u00ebrgjegj\u00ebsim t\u00eb Evrop\u00ebs!\",\"datePublished\":\"2014-01-13T08:06:44+00:00\",\"mainEntityOfPage\":{\"@id\":\"https:\\\/\\\/fjala.info\\\/2009-2015\\\/kuvendi-i-dy-shteteve-ne-prizren-sinjal-per-ndergjegjesim-te-evropes\\\/\"},\"wordCount\":417,\"commentCount\":0,\"publisher\":{\"@id\":\"https:\\\/\\\/fjala.info\\\/2009-2015\\\/#organization\"},\"image\":{\"@id\":\"https:\\\/\\\/fjala.info\\\/2009-2015\\\/kuvendi-i-dy-shteteve-ne-prizren-sinjal-per-ndergjegjesim-te-evropes\\\/#primaryimage\"},\"thumbnailUrl\":\"http:\\\/\\\/www.fjala.info\\\/2013\\\/asllan_dibrani.jpg\",\"articleSection\":[\"Artikuj\"],\"inLanguage\":\"sq-AL\",\"potentialAction\":[{\"@type\":\"CommentAction\",\"name\":\"Comment\",\"target\":[\"https:\\\/\\\/fjala.info\\\/2009-2015\\\/kuvendi-i-dy-shteteve-ne-prizren-sinjal-per-ndergjegjesim-te-evropes\\\/#respond\"]}]},{\"@type\":\"WebPage\",\"@id\":\"https:\\\/\\\/fjala.info\\\/2009-2015\\\/kuvendi-i-dy-shteteve-ne-prizren-sinjal-per-ndergjegjesim-te-evropes\\\/\",\"url\":\"https:\\\/\\\/fjala.info\\\/2009-2015\\\/kuvendi-i-dy-shteteve-ne-prizren-sinjal-per-ndergjegjesim-te-evropes\\\/\",\"name\":\"Kuvendi i dy shteteve n\u00eb Prizren sinjal p\u00ebr nd\u00ebrgjegj\u00ebsim t\u00eb Evrop\u00ebs! - FjALA e LIR\u00cb - Arkivi\",\"isPartOf\":{\"@id\":\"https:\\\/\\\/fjala.info\\\/2009-2015\\\/#website\"},\"primaryImageOfPage\":{\"@id\":\"https:\\\/\\\/fjala.info\\\/2009-2015\\\/kuvendi-i-dy-shteteve-ne-prizren-sinjal-per-ndergjegjesim-te-evropes\\\/#primaryimage\"},\"image\":{\"@id\":\"https:\\\/\\\/fjala.info\\\/2009-2015\\\/kuvendi-i-dy-shteteve-ne-prizren-sinjal-per-ndergjegjesim-te-evropes\\\/#primaryimage\"},\"thumbnailUrl\":\"http:\\\/\\\/www.fjala.info\\\/2013\\\/asllan_dibrani.jpg\",\"datePublished\":\"2014-01-13T08:06:44+00:00\",\"breadcrumb\":{\"@id\":\"https:\\\/\\\/fjala.info\\\/2009-2015\\\/kuvendi-i-dy-shteteve-ne-prizren-sinjal-per-ndergjegjesim-te-evropes\\\/#breadcrumb\"},\"inLanguage\":\"sq-AL\",\"potentialAction\":[{\"@type\":\"ReadAction\",\"target\":[\"https:\\\/\\\/fjala.info\\\/2009-2015\\\/kuvendi-i-dy-shteteve-ne-prizren-sinjal-per-ndergjegjesim-te-evropes\\\/\"]}]},{\"@type\":\"ImageObject\",\"inLanguage\":\"sq-AL\",\"@id\":\"https:\\\/\\\/fjala.info\\\/2009-2015\\\/kuvendi-i-dy-shteteve-ne-prizren-sinjal-per-ndergjegjesim-te-evropes\\\/#primaryimage\",\"url\":\"http:\\\/\\\/www.fjala.info\\\/2013\\\/asllan_dibrani.jpg\",\"contentUrl\":\"http:\\\/\\\/www.fjala.info\\\/2013\\\/asllan_dibrani.jpg\"},{\"@type\":\"BreadcrumbList\",\"@id\":\"https:\\\/\\\/fjala.info\\\/2009-2015\\\/kuvendi-i-dy-shteteve-ne-prizren-sinjal-per-ndergjegjesim-te-evropes\\\/#breadcrumb\",\"itemListElement\":[{\"@type\":\"ListItem\",\"position\":1,\"name\":\"Home\",\"item\":\"https:\\\/\\\/fjala.info\\\/2009-2015\\\/\"},{\"@type\":\"ListItem\",\"position\":2,\"name\":\"Kuvendi i dy shteteve n\u00eb Prizren sinjal p\u00ebr nd\u00ebrgjegj\u00ebsim t\u00eb Evrop\u00ebs!\"}]},{\"@type\":\"WebSite\",\"@id\":\"https:\\\/\\\/fjala.info\\\/2009-2015\\\/#website\",\"url\":\"https:\\\/\\\/fjala.info\\\/2009-2015\\\/\",\"name\":\"FjALA e LIR\u00cb - Arkivi\",\"description\":\"Arkivi 2009-2015\",\"publisher\":{\"@id\":\"https:\\\/\\\/fjala.info\\\/2009-2015\\\/#organization\"},\"potentialAction\":[{\"@type\":\"SearchAction\",\"target\":{\"@type\":\"EntryPoint\",\"urlTemplate\":\"https:\\\/\\\/fjala.info\\\/2009-2015\\\/?s={search_term_string}\"},\"query-input\":{\"@type\":\"PropertyValueSpecification\",\"valueRequired\":true,\"valueName\":\"search_term_string\"}}],\"inLanguage\":\"sq-AL\"},{\"@type\":\"Organization\",\"@id\":\"https:\\\/\\\/fjala.info\\\/2009-2015\\\/#organization\",\"name\":\"FjALA e LIR\u00cb - Arkivi\",\"url\":\"https:\\\/\\\/fjala.info\\\/2009-2015\\\/\",\"logo\":{\"@type\":\"ImageObject\",\"inLanguage\":\"sq-AL\",\"@id\":\"https:\\\/\\\/fjala.info\\\/2009-2015\\\/#\\\/schema\\\/logo\\\/image\\\/\",\"url\":\"\",\"contentUrl\":\"\",\"caption\":\"FjALA e LIR\u00cb - Arkivi\"},\"image\":{\"@id\":\"https:\\\/\\\/fjala.info\\\/2009-2015\\\/#\\\/schema\\\/logo\\\/image\\\/\"}},{\"@type\":\"Person\",\"@id\":\"https:\\\/\\\/fjala.info\\\/2009-2015\\\/#\\\/schema\\\/person\\\/3aa1163ef05469c496fc94e77611ada2\",\"name\":\"admin\",\"image\":{\"@type\":\"ImageObject\",\"inLanguage\":\"sq-AL\",\"@id\":\"https:\\\/\\\/fjala.info\\\/2009-2015\\\/wp-content\\\/uploads\\\/2012\\\/02\\\/arben_cokaj-120x150.jpg\",\"url\":\"https:\\\/\\\/fjala.info\\\/2009-2015\\\/wp-content\\\/uploads\\\/2012\\\/02\\\/arben_cokaj-120x150.jpg\",\"contentUrl\":\"https:\\\/\\\/fjala.info\\\/2009-2015\\\/wp-content\\\/uploads\\\/2012\\\/02\\\/arben_cokaj-120x150.jpg\",\"caption\":\"admin\"},\"description\":\"Admin, Fjala e Lir\u00eb\",\"sameAs\":[\"https:\\\/\\\/fjala.info\\\/\"],\"url\":\"https:\\\/\\\/fjala.info\\\/2009-2015\\\/author\\\/admin\\\/\"}]}<\/script>\n<!-- \/ Yoast SEO plugin. -->","yoast_head_json":{"title":"Kuvendi i dy shteteve n\u00eb Prizren sinjal p\u00ebr nd\u00ebrgjegj\u00ebsim t\u00eb Evrop\u00ebs! - FjALA e LIR\u00cb - Arkivi","robots":{"index":"index","follow":"follow","max-snippet":"max-snippet:-1","max-image-preview":"max-image-preview:large","max-video-preview":"max-video-preview:-1"},"canonical":"https:\/\/fjala.info\/2009-2015\/kuvendi-i-dy-shteteve-ne-prizren-sinjal-per-ndergjegjesim-te-evropes\/","og_locale":"sq_AL","og_type":"article","og_title":"Kuvendi i dy shteteve n\u00eb Prizren sinjal p\u00ebr nd\u00ebrgjegj\u00ebsim t\u00eb Evrop\u00ebs! - FjALA e LIR\u00cb - Arkivi","og_description":"Nga Asllan Dibrani, art@asllandibrani.com Qyteti i Prizrenit sot filloj nj\u00eb etap\u00eb te re p\u00ebr her\u00ebn e par\u00eb. Ky qytet legjendar i rilind\u00ebsve tan\u00eb dhe burrave qe lidhen bes\u00ebn shqiptare rifilloj nj\u00eb faze t\u00eb re, n\u00eb objektivin dhe synimet e aspiratave tona t\u00eb b\u00ebhen realitet. N\u00eb k\u00ebt\u00eb mbledhje t\u00eb par\u00eb mes dy qeverive n\u00eb historin\u00eb e [&hellip;]","og_url":"https:\/\/fjala.info\/2009-2015\/kuvendi-i-dy-shteteve-ne-prizren-sinjal-per-ndergjegjesim-te-evropes\/","og_site_name":"FjALA e LIR\u00cb - Arkivi","article_published_time":"2014-01-13T08:06:44+00:00","og_image":[{"url":"http:\/\/www.fjala.info\/2013\/asllan_dibrani.jpg","type":"","width":"","height":""}],"author":"admin","twitter_card":"summary_large_image","twitter_misc":{"Written by":"admin","Est. reading time":"2 minutes"},"schema":{"@context":"https:\/\/schema.org","@graph":[{"@type":"Article","@id":"https:\/\/fjala.info\/2009-2015\/kuvendi-i-dy-shteteve-ne-prizren-sinjal-per-ndergjegjesim-te-evropes\/#article","isPartOf":{"@id":"https:\/\/fjala.info\/2009-2015\/kuvendi-i-dy-shteteve-ne-prizren-sinjal-per-ndergjegjesim-te-evropes\/"},"author":{"name":"admin","@id":"https:\/\/fjala.info\/2009-2015\/#\/schema\/person\/3aa1163ef05469c496fc94e77611ada2"},"headline":"Kuvendi i dy shteteve n\u00eb Prizren sinjal p\u00ebr nd\u00ebrgjegj\u00ebsim t\u00eb Evrop\u00ebs!","datePublished":"2014-01-13T08:06:44+00:00","mainEntityOfPage":{"@id":"https:\/\/fjala.info\/2009-2015\/kuvendi-i-dy-shteteve-ne-prizren-sinjal-per-ndergjegjesim-te-evropes\/"},"wordCount":417,"commentCount":0,"publisher":{"@id":"https:\/\/fjala.info\/2009-2015\/#organization"},"image":{"@id":"https:\/\/fjala.info\/2009-2015\/kuvendi-i-dy-shteteve-ne-prizren-sinjal-per-ndergjegjesim-te-evropes\/#primaryimage"},"thumbnailUrl":"http:\/\/www.fjala.info\/2013\/asllan_dibrani.jpg","articleSection":["Artikuj"],"inLanguage":"sq-AL","potentialAction":[{"@type":"CommentAction","name":"Comment","target":["https:\/\/fjala.info\/2009-2015\/kuvendi-i-dy-shteteve-ne-prizren-sinjal-per-ndergjegjesim-te-evropes\/#respond"]}]},{"@type":"WebPage","@id":"https:\/\/fjala.info\/2009-2015\/kuvendi-i-dy-shteteve-ne-prizren-sinjal-per-ndergjegjesim-te-evropes\/","url":"https:\/\/fjala.info\/2009-2015\/kuvendi-i-dy-shteteve-ne-prizren-sinjal-per-ndergjegjesim-te-evropes\/","name":"Kuvendi i dy shteteve n\u00eb Prizren sinjal p\u00ebr nd\u00ebrgjegj\u00ebsim t\u00eb Evrop\u00ebs! - FjALA e LIR\u00cb - Arkivi","isPartOf":{"@id":"https:\/\/fjala.info\/2009-2015\/#website"},"primaryImageOfPage":{"@id":"https:\/\/fjala.info\/2009-2015\/kuvendi-i-dy-shteteve-ne-prizren-sinjal-per-ndergjegjesim-te-evropes\/#primaryimage"},"image":{"@id":"https:\/\/fjala.info\/2009-2015\/kuvendi-i-dy-shteteve-ne-prizren-sinjal-per-ndergjegjesim-te-evropes\/#primaryimage"},"thumbnailUrl":"http:\/\/www.fjala.info\/2013\/asllan_dibrani.jpg","datePublished":"2014-01-13T08:06:44+00:00","breadcrumb":{"@id":"https:\/\/fjala.info\/2009-2015\/kuvendi-i-dy-shteteve-ne-prizren-sinjal-per-ndergjegjesim-te-evropes\/#breadcrumb"},"inLanguage":"sq-AL","potentialAction":[{"@type":"ReadAction","target":["https:\/\/fjala.info\/2009-2015\/kuvendi-i-dy-shteteve-ne-prizren-sinjal-per-ndergjegjesim-te-evropes\/"]}]},{"@type":"ImageObject","inLanguage":"sq-AL","@id":"https:\/\/fjala.info\/2009-2015\/kuvendi-i-dy-shteteve-ne-prizren-sinjal-per-ndergjegjesim-te-evropes\/#primaryimage","url":"http:\/\/www.fjala.info\/2013\/asllan_dibrani.jpg","contentUrl":"http:\/\/www.fjala.info\/2013\/asllan_dibrani.jpg"},{"@type":"BreadcrumbList","@id":"https:\/\/fjala.info\/2009-2015\/kuvendi-i-dy-shteteve-ne-prizren-sinjal-per-ndergjegjesim-te-evropes\/#breadcrumb","itemListElement":[{"@type":"ListItem","position":1,"name":"Home","item":"https:\/\/fjala.info\/2009-2015\/"},{"@type":"ListItem","position":2,"name":"Kuvendi i dy shteteve n\u00eb Prizren sinjal p\u00ebr nd\u00ebrgjegj\u00ebsim t\u00eb Evrop\u00ebs!"}]},{"@type":"WebSite","@id":"https:\/\/fjala.info\/2009-2015\/#website","url":"https:\/\/fjala.info\/2009-2015\/","name":"FjALA e LIR\u00cb - Arkivi","description":"Arkivi 2009-2015","publisher":{"@id":"https:\/\/fjala.info\/2009-2015\/#organization"},"potentialAction":[{"@type":"SearchAction","target":{"@type":"EntryPoint","urlTemplate":"https:\/\/fjala.info\/2009-2015\/?s={search_term_string}"},"query-input":{"@type":"PropertyValueSpecification","valueRequired":true,"valueName":"search_term_string"}}],"inLanguage":"sq-AL"},{"@type":"Organization","@id":"https:\/\/fjala.info\/2009-2015\/#organization","name":"FjALA e LIR\u00cb - Arkivi","url":"https:\/\/fjala.info\/2009-2015\/","logo":{"@type":"ImageObject","inLanguage":"sq-AL","@id":"https:\/\/fjala.info\/2009-2015\/#\/schema\/logo\/image\/","url":"","contentUrl":"","caption":"FjALA e LIR\u00cb - Arkivi"},"image":{"@id":"https:\/\/fjala.info\/2009-2015\/#\/schema\/logo\/image\/"}},{"@type":"Person","@id":"https:\/\/fjala.info\/2009-2015\/#\/schema\/person\/3aa1163ef05469c496fc94e77611ada2","name":"admin","image":{"@type":"ImageObject","inLanguage":"sq-AL","@id":"https:\/\/fjala.info\/2009-2015\/wp-content\/uploads\/2012\/02\/arben_cokaj-120x150.jpg","url":"https:\/\/fjala.info\/2009-2015\/wp-content\/uploads\/2012\/02\/arben_cokaj-120x150.jpg","contentUrl":"https:\/\/fjala.info\/2009-2015\/wp-content\/uploads\/2012\/02\/arben_cokaj-120x150.jpg","caption":"admin"},"description":"Admin, Fjala e Lir\u00eb","sameAs":["https:\/\/fjala.info\/"],"url":"https:\/\/fjala.info\/2009-2015\/author\/admin\/"}]}},"_links":{"self":[{"href":"https:\/\/fjala.info\/2009-2015\/wp-json\/wp\/v2\/posts\/13331","targetHints":{"allow":["GET"]}}],"collection":[{"href":"https:\/\/fjala.info\/2009-2015\/wp-json\/wp\/v2\/posts"}],"about":[{"href":"https:\/\/fjala.info\/2009-2015\/wp-json\/wp\/v2\/types\/post"}],"author":[{"embeddable":true,"href":"https:\/\/fjala.info\/2009-2015\/wp-json\/wp\/v2\/users\/1"}],"replies":[{"embeddable":true,"href":"https:\/\/fjala.info\/2009-2015\/wp-json\/wp\/v2\/comments?post=13331"}],"version-history":[{"count":0,"href":"https:\/\/fjala.info\/2009-2015\/wp-json\/wp\/v2\/posts\/13331\/revisions"}],"wp:attachment":[{"href":"https:\/\/fjala.info\/2009-2015\/wp-json\/wp\/v2\/media?parent=13331"}],"wp:term":[{"taxonomy":"category","embeddable":true,"href":"https:\/\/fjala.info\/2009-2015\/wp-json\/wp\/v2\/categories?post=13331"},{"taxonomy":"post_tag","embeddable":true,"href":"https:\/\/fjala.info\/2009-2015\/wp-json\/wp\/v2\/tags?post=13331"}],"curies":[{"name":"wp","href":"https:\/\/api.w.org\/{rel}","templated":true}]}}