{"id":13330,"date":"2014-01-13T08:37:45","date_gmt":"2014-01-13T07:37:45","guid":{"rendered":"http:\/\/www.fjala.info\/?p=147"},"modified":"2014-01-13T08:37:45","modified_gmt":"2014-01-13T07:37:45","slug":"reagim-kunder-shefqet-krasniqit","status":"publish","type":"post","link":"https:\/\/fjala.info\/2009-2015\/reagim-kunder-shefqet-krasniqit\/","title":{"rendered":"Reagim kund\u00ebr ngat\u00ebrrestarit fam\u00ebkeq Shefqet Krasniqit me artikullin &#8220;Debati i gabuar rreth fes\u00eb&#8221;!"},"content":{"rendered":"<p>Nga <strong>Rrezart Kalaja<\/strong><\/p>\n<p>Duke u p\u00ebrpjekur n\u00eb propagand\u00ebn e vet boshe n\u00eb kultivimin dhe urrejtjen kund\u00ebr zhvillimit dhe kultur\u00ebs shqiptare n\u00eb etapat e shkall\u00ebs s\u00eb nivelit evropian n\u00eb rang komb\u00ebtar. Ky injorant me apetite antishqiptare fyen pjes\u00ebn d\u00ebrmuese t\u00eb intelektual\u00ebve shqiptar\u00eb dhe ata qeveritar\u00eb q\u00eb ngrehin z\u00ebrin nga q\u00ebndrimet fam\u00ebkeqe t\u00eb bandave kriminale, qe n\u00eb em\u00ebr t\u00eb fes\u00eb islame rr\u00ebnojn\u00eb \u00e7do gj\u00eb shqiptare!. Ky injorant kok\u00ebbosh, i pa cip, i pa identitet, mash\u00eb e huaj ngat\u00ebrron &#8220;gj\u00ebrat q\u00eb identifikon shqiptar\u00ebt&#8221; si kund\u00ebrshtar t\u00eb per\u00ebndis\u00eb q\u00eb nuk na paska l\u00ebshuar shi k\u00ebto dit\u00eb mbi Kosov\u00ebn.<\/p>\n<p><img decoding=\"async\" class=\"alignleft size-thumbnail wp-image-7236\" title=\"Shefqet Krasniqi\" alt=\"\" src=\"http:\/\/www.fjala.info\/2014\/shefqet_krasniqi.jpg\" width=\"250\" \/><\/p>\n<p>Vjet ne shqiptar\u00ebt, e kemi pas ma jaran &#8220;Allahun&#8221; e sivjet n\u00eb k\u00ebt\u00eb fillim viti qenka hidh\u00ebruar me shqiptar\u00ebt se, ne intelektual\u00ebt dhe qeveria e Kosov\u00ebs i paskemi fajet!<\/p>\n<p>A thua ky tip (ultra-islamisti) i t\u00ebrbuar se mban\u00eb mend qe para nj\u00eb viti ra shi shum\u00eb sa qe u detyruan ti hapin rrjedhat shkarkuese n\u00eb Shqip\u00ebri dhe n\u00eb Kosov\u00eb nga liqejt\u00eb q\u00eb kishte, aq shum\u00eb shi sa nuk i nxun\u00eb shtret\u00ebrit e lumenjve. Po mos te harrojm\u00eb se vjet ne shqiptar\u00ebt e kemi pas ma jaran &#8220;Allahun&#8221; e sivjet n\u00eb k\u00ebt\u00eb fillim viti qenka hidh\u00ebruar me shqiptar\u00ebt. Shefqet Krasniqi shkon aq larg sa q\u00eb mundohet, ta bind publikun me fraza t\u00eb pa argumentuara, sa q\u00eb shqiptar\u00ebt paskemi nj\u00eb burim identifikues nga feja! Po i tregoj se fet\u00eb popullin shqiptare e kan\u00eb l\u00ebn\u00eb t\u00eb p\u00ebr\u00e7ar\u00eb sot e me mij\u00ebra vite. qe ka ekzistuar ky komb ma i vjet\u00ebri n\u00eb bot\u00eb. Feja islame ka lind shum\u00eb von\u00eb dhe ajo katolike n\u00eb krahasim me trungun e vjet\u00ebr pellazgo- ilir.<\/p>\n<p>Injorantit Shefqet Krasniqit, po i them, se ne si identitet komb\u00ebtar ne fush\u00ebn e kultur\u00ebs, gjuh\u00ebs , vlerave dhe traditave nuk e kemi nga dhunuesit dhe barbaria osmane po rr\u00ebnj\u00ebt i kemi t\u00eb Pellazgo- ilir\u00ebt. Je shume i voc\u00ebrr tu imponosh shqiptar\u00ebve dhe tu vesh\u00ebsh gj\u00ebra t\u00eb huaja dhe t\u00eb pa vlera me nj\u00eb mbjellje urrejtje dhe nj\u00eb luft\u00eb speciale q\u00eb ndiqni kund\u00ebr interesave t\u00eb shqiptar\u00ebve n\u00eb konceptin e identitetit dhe kombit shqiptar. Ne intelektual\u00ebt, nuk kemi n\u00eb sh\u00ebnjest\u00ebr fen\u00eb islame, po t\u00eb kemi ty me kompanin\u00eb ekstremiste, q\u00eb po i nxitni rinin\u00eb shqiptare me u b\u00ebr\u00eb argat t\u00eb huaj n\u00eb em\u00ebr t\u00eb fes\u00eb, dhe &#8220;V\u00ebllaz\u00ebris\u00eb myslimane&#8221;!. Ti je argat i tyre dhe nxit\u00ebsi p\u00ebr gjakderdhje. Ju na ofendoni, si spekulator, gj\u00ebja se e kemi n\u00eb sh\u00ebnjest\u00ebr islamin! P\u00ebr intelektual\u00ebt shqiptar\u00eb dhe njerizimit t\u00eb vet\u00ebdijsh\u00ebm, fet\u00eb jan\u00eb t\u00eb barabarta si ajo katolike si ajo islame apo ortodokse.<\/p>\n<p>Intelektual\u00ebt shqiptar\u00eb i luftojm\u00eb nj\u00ebsoj, rrymat fetare q\u00eb n\u00ebp\u00ebrk\u00ebmbin vlerat e kombit ton\u00eb. Ti Haxhi Efendi Mulla Shefqet Krasniqi, duhet t\u00eb vij\u00eb keq p\u00ebr viktimat e r\u00ebna t\u00eb djemve kosovar\u00eb dhe atyre shqiptar\u00eb, qe i keni m\u00ebsuar dhe nxitur t\u00eb b\u00ebjn\u00eb terror n\u00eb popullin sirian. K\u00ebta ne em\u00ebr t\u00eb &#8220;Allahut &#8221; po i l\u00ebn\u00eb motrat tona n\u00ebp\u00ebr k\u00ebmb\u00ebt t\u00eb bandave n\u00eb Siri ose n\u00eb Kosov\u00eb si t\u00eb veja dhe shum\u00eb f\u00ebmij\u00eb jetim po mbesin shkaku i juaj me kompani qe nxiteni dhe mashtroni f\u00ebmij\u00ebt tan\u00eb t\u00eb vdesin p\u00ebr vende t\u00eb huaja nd\u00ebrsa fronti i hapur \u00ebsht\u00eb akoma me Mitrovic\u00ebn. Asnj\u00ebher\u00eb gishtin, ju soj i juaja nuk e ktheni kund\u00ebr pushtuesve! Soji i juaj sot po identifikohen si muhaxhedin t\u00eb ekstremit islam q\u00eb po presin, e po vrasin nj\u00eb popull, q\u00eb ka mos mosmarr\u00ebveshje politike n\u00eb mes tyre. Mercenar\u00ebt e xhihadit dhe ti Shefqe Krasniqi me bandat tua i ke edukuar sa qe jemi viktim\u00eb edhe si komb nga veprimet tua dhe njer\u00ebzve te pa moral si\u00e7 jeni ju.<\/p>\n<p>Sipas jush nj\u00eb pjes\u00eb e qeverise dhe intelektual\u00ebt shqiptare, jemi kund\u00ebr vlerave shqiptare, jo, jo, jo ne jemi kund\u00ebr analfabet\u00ebve q\u00eb mundohen m u b\u00ebr\u00eb pashallar\u00eb dhe bajraktar\u00eb me tespi n\u00eb dor\u00eb. Jemi kund\u00ebr njer\u00ebzve t\u00eb pa shkoll\u00eb q\u00eb mundohen te na diktojn\u00eb politiken komb\u00ebtare dhe sh\u00ebrb\u00ebtor\u00ebve t\u00eb huaj si\u00e7 jeni ju. Ne i \u00e7mojm\u00eb vlerat e kombit duke filluar nga pellazgo-Ilir\u00ebt, Periudha heroike e Sk\u00ebnderbeut, zhvillimin e rilindjes komb\u00ebtare, universitetin, pjes\u00ebn e luft\u00ebrave \u00e7lirimtare komb\u00ebtare. Ne jemi p\u00ebr ngritjen dhe emancipimin e femr\u00ebs shqiptare jo terrin e saj, se duam. Ju jeni kund\u00ebr k\u00ebtyre vlerave i d\u00ebnoni dhe i mohoni t\u00eb gjitha. Un\u00eb dhe t\u00eb tjer\u00ebt nuk mundem t\u00eb jemi kokulur nga pozicionet e intrigant\u00ebve dhe mashtruesve, apo edhe ndaj njer\u00ebzve q\u00eb se lexojn\u00eb as nj\u00eb roman shqip pos broshurave me propagand\u00eb arabo fetare. Ne nuk mundem ta ulim kok\u00ebn ndaj derseve tua dhe t\u00eb tjer\u00ebve qe shani identitetin komb\u00ebtar shqiptar p\u00ebrmes gjuh\u00ebve dhe kulturave t\u00eb huaja si\u00e7 veproni n\u00eb lutjet n\u00eb gjuh\u00ebt (arabo- turke)!<\/p>\n<p><strong>Shefqet Krasniqi e p\u00ebrkrah filozofin\u00eb serbe kund\u00ebr shqiptar\u00ebve!<\/strong><\/p>\n<p>Citojm\u00eb nga mesi i artikullit th\u00ebnien e nj\u00eb lideri serb sipas Shefqet Krasniqit&#8221;Ec e thuaj q\u00eb Miroljub Jevtic e ka keq kur n\u00eb librin e tij \u201cIslami dhe Shqiptar\u00ebt\u201c (Islam i Albanci) cil\u00ebson lider\u00ebt shqiptar\u00eb si kund\u00ebrshtar\u00eb t\u00eb Islamit, ku mes tjerash thot\u00eb: &#8220;T\u00eb ashtuquajturit \u2018lider\u00eb t\u00eb shqiptar\u00ebve\u2019 p\u00ebr shkak t\u00eb kompleksit evropian e urrejn\u00eb popullin e vet dhe \u00e7do gj\u00eb shpirt\u00ebrore si\u00e7 \u00ebsht\u00eb Islami tek ta. Prandaj ne jemi fitues kur kjo ndodh\u00eb ngase \u00e7do her\u00eb kur populli shqiptar pret me s\u00eb shumti nga lider\u00ebt e tyre, at\u00ebher\u00eb zhg\u00ebnjehet nga ta sepse jan\u00eb m\u00eb se t\u00eb gjith\u00eb pa moral shpirt\u00ebror dhe jan\u00eb pjell\u00eb e ateizmit q\u00eb arrita personalisht t\u2019ua imponoj n\u00eb literatur\u00ebn e tyre dhe krenohem me k\u00ebt\u00eb gj\u00eb ngase jan\u00eb patriot q\u00eb si term, k\u00ebta barinj me rrobe evropiane, e m\u00ebsuan nga ne.<\/p>\n<p>Lider\u00ebt laik shqiptar do t\u00eb krenohen me ortodoksin\u00eb ton\u00eb apo kryqin katolik n\u00eb Kosov\u00eb n\u00eb koh\u00ebn kur atje jan\u00eb religjion minoritar dhe \u00e7do gj\u00eb autoktone q\u00eb i ruajti si shumic\u00eb nga sllavizmi ishte Islami\u2026\u201d p\u00ebrfundon citati i tij. Shefqet Krasniqi shkon edhe ma tutje duke vler\u00ebsuar th\u00ebniet e Jevtiqit, ku thekson, faktet dhe p\u00ebrshkrimi, n\u00eb k\u00ebt\u00eb rast, jan\u00eb reale sikur Jevtic ta udh\u00ebhiqte qeverin\u00eb, e jo lider\u00ebt q\u00eb i votuam vet&#8230; perfundon shefqet Krasniqi<br \/>\n&#8220;Budallenjt\u00eb mos i vet se t\u00eb tregojn\u00eb vet&#8221; thuhet nga nj\u00eb fjale popullore. Q\u00ebndrimet e Sheqet Krasniqi dhe soj i tij i kan\u00eb t\u00eb ngjashmeri me pushtuesit .Politika serbe gjithmon\u00eb u mundua t\u00eb na identifikoj si njer\u00ebz t\u00eb islamit si t\u00eb pa vler\u00eb dhe pastaj te sundojn\u00eb.<\/p>\n<p>Ku mundet me qene nj\u00eb politikan serb ma shqiptare se intelektual\u00ebt shqiptar\u00eb q\u00eb kan\u00eb mbajt burgje p\u00ebr vendin dhe kombin. Kan\u00eb dh\u00ebn\u00eb jet\u00ebn p\u00ebr k\u00ebt\u00eb tok\u00eb, p\u00ebr k\u00ebt\u00eb kultur\u00eb, p\u00ebr k\u00ebto universitete, p\u00ebr k\u00ebt\u00eb gjuh\u00eb, nd\u00ebrsa, soj i juaj pa lexuar as te vetmen vep\u00ebr qe shkruajn\u00eb profesor\u00ebt, shkrimtar\u00ebt dhe krijuesit shqiptar\u00eb p\u00ebr kultur\u00ebn dhe vlerat e veta. Nuk shoh t\u00eb arsyeshme ma tep\u00ebr t\u00eb shkruaj, kur ju u identifikuat me sllavin kund\u00ebr ne shqiptar\u00ebve dhe intelektual\u00ebve shqiptar\u00eb. Ju e qit\u00ebt p\u00ebr drit\u00eb mask\u00ebn tuaj qe at\u00eb qe mendon armiku p\u00ebr ne mendoni edhe ju. Ju jeni shum\u00eb ma af\u00ebr me sllavo &#8211; osmanjlinj\u00ebt me ide e q\u00ebndrime se me ne shqiptar\u00ebt.<\/p>\n<p>T\u00eb propozoj, ty Shqfqet Krasniqi t&#8217;i p\u00ebrfundosh shkarravinat antishqiptare dhe i apeloj mediat t\u00eb bojkotohen shkrimet e k\u00ebtij injoranti antishqiptare me apetite gllab\u00ebrimi nga faqja e dheut kultur\u00ebn, gjuh\u00ebn, dhe identitetin ton\u00eb shqiptar!<\/p>\n<p>Detrtroid, SHBA, 2013<\/p>\n","protected":false},"excerpt":{"rendered":"<p>Nga Rrezart Kalaja Duke u p\u00ebrpjekur n\u00eb propagand\u00ebn e vet boshe n\u00eb kultivimin dhe urrejtjen kund\u00ebr zhvillimit dhe kultur\u00ebs shqiptare n\u00eb etapat e shkall\u00ebs s\u00eb nivelit evropian n\u00eb rang komb\u00ebtar. Ky injorant me apetite antishqiptare fyen pjes\u00ebn d\u00ebrmuese t\u00eb intelektual\u00ebve shqiptar\u00eb dhe ata qeveritar\u00eb q\u00eb ngrehin z\u00ebrin nga q\u00ebndrimet fam\u00ebkeqe t\u00eb bandave kriminale, qe n\u00eb [&hellip;]<\/p>\n","protected":false},"author":1,"featured_media":0,"comment_status":"open","ping_status":"closed","sticky":false,"template":"","format":"standard","meta":{"footnotes":""},"categories":[2],"tags":[],"class_list":{"0":"post-13330","1":"post","2":"type-post","3":"status-publish","4":"format-standard","6":"category-artikuj"},"yoast_head":"<!-- This site is optimized with the Yoast SEO plugin v27.4 - https:\/\/yoast.com\/product\/yoast-seo-wordpress\/ -->\n<title>Reagim kund\u00ebr ngat\u00ebrrestarit fam\u00ebkeq Shefqet Krasniqit me artikullin &quot;Debati i gabuar rreth fes\u00eb&quot;! - FjALA e LIR\u00cb - Arkivi<\/title>\n<meta name=\"robots\" content=\"index, follow, max-snippet:-1, max-image-preview:large, max-video-preview:-1\" \/>\n<link rel=\"canonical\" href=\"https:\/\/fjala.info\/2009-2015\/reagim-kunder-shefqet-krasniqit\/\" \/>\n<meta property=\"og:locale\" content=\"sq_AL\" \/>\n<meta property=\"og:type\" content=\"article\" \/>\n<meta property=\"og:title\" content=\"Reagim kund\u00ebr ngat\u00ebrrestarit fam\u00ebkeq Shefqet Krasniqit me artikullin &quot;Debati i gabuar rreth fes\u00eb&quot;! - FjALA e LIR\u00cb - Arkivi\" \/>\n<meta property=\"og:description\" content=\"Nga Rrezart Kalaja Duke u p\u00ebrpjekur n\u00eb propagand\u00ebn e vet boshe n\u00eb kultivimin dhe urrejtjen kund\u00ebr zhvillimit dhe kultur\u00ebs shqiptare n\u00eb etapat e shkall\u00ebs s\u00eb nivelit evropian n\u00eb rang komb\u00ebtar. Ky injorant me apetite antishqiptare fyen pjes\u00ebn d\u00ebrmuese t\u00eb intelektual\u00ebve shqiptar\u00eb dhe ata qeveritar\u00eb q\u00eb ngrehin z\u00ebrin nga q\u00ebndrimet fam\u00ebkeqe t\u00eb bandave kriminale, qe n\u00eb [&hellip;]\" \/>\n<meta property=\"og:url\" content=\"https:\/\/fjala.info\/2009-2015\/reagim-kunder-shefqet-krasniqit\/\" \/>\n<meta property=\"og:site_name\" content=\"FjALA e LIR\u00cb - Arkivi\" \/>\n<meta property=\"article:published_time\" content=\"2014-01-13T07:37:45+00:00\" \/>\n<meta property=\"og:image\" content=\"http:\/\/www.fjala.info\/2014\/shefqet_krasniqi.jpg\" \/>\n<meta name=\"author\" content=\"admin\" \/>\n<meta name=\"twitter:card\" content=\"summary_large_image\" \/>\n<meta name=\"twitter:label1\" content=\"Written by\" \/>\n\t<meta name=\"twitter:data1\" content=\"admin\" \/>\n\t<meta name=\"twitter:label2\" content=\"Est. reading time\" \/>\n\t<meta name=\"twitter:data2\" content=\"7 minutes\" \/>\n<script type=\"application\/ld+json\" class=\"yoast-schema-graph\">{\"@context\":\"https:\\\/\\\/schema.org\",\"@graph\":[{\"@type\":\"Article\",\"@id\":\"https:\\\/\\\/fjala.info\\\/2009-2015\\\/reagim-kunder-shefqet-krasniqit\\\/#article\",\"isPartOf\":{\"@id\":\"https:\\\/\\\/fjala.info\\\/2009-2015\\\/reagim-kunder-shefqet-krasniqit\\\/\"},\"author\":{\"name\":\"admin\",\"@id\":\"https:\\\/\\\/fjala.info\\\/2009-2015\\\/#\\\/schema\\\/person\\\/3aa1163ef05469c496fc94e77611ada2\"},\"headline\":\"Reagim kund\u00ebr ngat\u00ebrrestarit fam\u00ebkeq Shefqet Krasniqit me artikullin &#8220;Debati i gabuar rreth fes\u00eb&#8221;!\",\"datePublished\":\"2014-01-13T07:37:45+00:00\",\"mainEntityOfPage\":{\"@id\":\"https:\\\/\\\/fjala.info\\\/2009-2015\\\/reagim-kunder-shefqet-krasniqit\\\/\"},\"wordCount\":1364,\"commentCount\":1,\"publisher\":{\"@id\":\"https:\\\/\\\/fjala.info\\\/2009-2015\\\/#organization\"},\"image\":{\"@id\":\"https:\\\/\\\/fjala.info\\\/2009-2015\\\/reagim-kunder-shefqet-krasniqit\\\/#primaryimage\"},\"thumbnailUrl\":\"http:\\\/\\\/www.fjala.info\\\/2014\\\/shefqet_krasniqi.jpg\",\"articleSection\":[\"Artikuj\"],\"inLanguage\":\"sq-AL\",\"potentialAction\":[{\"@type\":\"CommentAction\",\"name\":\"Comment\",\"target\":[\"https:\\\/\\\/fjala.info\\\/2009-2015\\\/reagim-kunder-shefqet-krasniqit\\\/#respond\"]}]},{\"@type\":\"WebPage\",\"@id\":\"https:\\\/\\\/fjala.info\\\/2009-2015\\\/reagim-kunder-shefqet-krasniqit\\\/\",\"url\":\"https:\\\/\\\/fjala.info\\\/2009-2015\\\/reagim-kunder-shefqet-krasniqit\\\/\",\"name\":\"Reagim kund\u00ebr ngat\u00ebrrestarit fam\u00ebkeq Shefqet Krasniqit me artikullin \\\"Debati i gabuar rreth fes\u00eb\\\"! - FjALA e LIR\u00cb - Arkivi\",\"isPartOf\":{\"@id\":\"https:\\\/\\\/fjala.info\\\/2009-2015\\\/#website\"},\"primaryImageOfPage\":{\"@id\":\"https:\\\/\\\/fjala.info\\\/2009-2015\\\/reagim-kunder-shefqet-krasniqit\\\/#primaryimage\"},\"image\":{\"@id\":\"https:\\\/\\\/fjala.info\\\/2009-2015\\\/reagim-kunder-shefqet-krasniqit\\\/#primaryimage\"},\"thumbnailUrl\":\"http:\\\/\\\/www.fjala.info\\\/2014\\\/shefqet_krasniqi.jpg\",\"datePublished\":\"2014-01-13T07:37:45+00:00\",\"breadcrumb\":{\"@id\":\"https:\\\/\\\/fjala.info\\\/2009-2015\\\/reagim-kunder-shefqet-krasniqit\\\/#breadcrumb\"},\"inLanguage\":\"sq-AL\",\"potentialAction\":[{\"@type\":\"ReadAction\",\"target\":[\"https:\\\/\\\/fjala.info\\\/2009-2015\\\/reagim-kunder-shefqet-krasniqit\\\/\"]}]},{\"@type\":\"ImageObject\",\"inLanguage\":\"sq-AL\",\"@id\":\"https:\\\/\\\/fjala.info\\\/2009-2015\\\/reagim-kunder-shefqet-krasniqit\\\/#primaryimage\",\"url\":\"http:\\\/\\\/www.fjala.info\\\/2014\\\/shefqet_krasniqi.jpg\",\"contentUrl\":\"http:\\\/\\\/www.fjala.info\\\/2014\\\/shefqet_krasniqi.jpg\"},{\"@type\":\"BreadcrumbList\",\"@id\":\"https:\\\/\\\/fjala.info\\\/2009-2015\\\/reagim-kunder-shefqet-krasniqit\\\/#breadcrumb\",\"itemListElement\":[{\"@type\":\"ListItem\",\"position\":1,\"name\":\"Home\",\"item\":\"https:\\\/\\\/fjala.info\\\/2009-2015\\\/\"},{\"@type\":\"ListItem\",\"position\":2,\"name\":\"Reagim kund\u00ebr ngat\u00ebrrestarit fam\u00ebkeq Shefqet Krasniqit me artikullin &#8220;Debati i gabuar rreth fes\u00eb&#8221;!\"}]},{\"@type\":\"WebSite\",\"@id\":\"https:\\\/\\\/fjala.info\\\/2009-2015\\\/#website\",\"url\":\"https:\\\/\\\/fjala.info\\\/2009-2015\\\/\",\"name\":\"FjALA e LIR\u00cb - Arkivi\",\"description\":\"Arkivi 2009-2015\",\"publisher\":{\"@id\":\"https:\\\/\\\/fjala.info\\\/2009-2015\\\/#organization\"},\"potentialAction\":[{\"@type\":\"SearchAction\",\"target\":{\"@type\":\"EntryPoint\",\"urlTemplate\":\"https:\\\/\\\/fjala.info\\\/2009-2015\\\/?s={search_term_string}\"},\"query-input\":{\"@type\":\"PropertyValueSpecification\",\"valueRequired\":true,\"valueName\":\"search_term_string\"}}],\"inLanguage\":\"sq-AL\"},{\"@type\":\"Organization\",\"@id\":\"https:\\\/\\\/fjala.info\\\/2009-2015\\\/#organization\",\"name\":\"FjALA e LIR\u00cb - Arkivi\",\"url\":\"https:\\\/\\\/fjala.info\\\/2009-2015\\\/\",\"logo\":{\"@type\":\"ImageObject\",\"inLanguage\":\"sq-AL\",\"@id\":\"https:\\\/\\\/fjala.info\\\/2009-2015\\\/#\\\/schema\\\/logo\\\/image\\\/\",\"url\":\"\",\"contentUrl\":\"\",\"caption\":\"FjALA e LIR\u00cb - Arkivi\"},\"image\":{\"@id\":\"https:\\\/\\\/fjala.info\\\/2009-2015\\\/#\\\/schema\\\/logo\\\/image\\\/\"}},{\"@type\":\"Person\",\"@id\":\"https:\\\/\\\/fjala.info\\\/2009-2015\\\/#\\\/schema\\\/person\\\/3aa1163ef05469c496fc94e77611ada2\",\"name\":\"admin\",\"image\":{\"@type\":\"ImageObject\",\"inLanguage\":\"sq-AL\",\"@id\":\"https:\\\/\\\/fjala.info\\\/2009-2015\\\/wp-content\\\/uploads\\\/2012\\\/02\\\/arben_cokaj-120x150.jpg\",\"url\":\"https:\\\/\\\/fjala.info\\\/2009-2015\\\/wp-content\\\/uploads\\\/2012\\\/02\\\/arben_cokaj-120x150.jpg\",\"contentUrl\":\"https:\\\/\\\/fjala.info\\\/2009-2015\\\/wp-content\\\/uploads\\\/2012\\\/02\\\/arben_cokaj-120x150.jpg\",\"caption\":\"admin\"},\"description\":\"Admin, Fjala e Lir\u00eb\",\"sameAs\":[\"https:\\\/\\\/fjala.info\\\/\"],\"url\":\"https:\\\/\\\/fjala.info\\\/2009-2015\\\/author\\\/admin\\\/\"}]}<\/script>\n<!-- \/ Yoast SEO plugin. -->","yoast_head_json":{"title":"Reagim kund\u00ebr ngat\u00ebrrestarit fam\u00ebkeq Shefqet Krasniqit me artikullin \"Debati i gabuar rreth fes\u00eb\"! - FjALA e LIR\u00cb - Arkivi","robots":{"index":"index","follow":"follow","max-snippet":"max-snippet:-1","max-image-preview":"max-image-preview:large","max-video-preview":"max-video-preview:-1"},"canonical":"https:\/\/fjala.info\/2009-2015\/reagim-kunder-shefqet-krasniqit\/","og_locale":"sq_AL","og_type":"article","og_title":"Reagim kund\u00ebr ngat\u00ebrrestarit fam\u00ebkeq Shefqet Krasniqit me artikullin \"Debati i gabuar rreth fes\u00eb\"! - FjALA e LIR\u00cb - Arkivi","og_description":"Nga Rrezart Kalaja Duke u p\u00ebrpjekur n\u00eb propagand\u00ebn e vet boshe n\u00eb kultivimin dhe urrejtjen kund\u00ebr zhvillimit dhe kultur\u00ebs shqiptare n\u00eb etapat e shkall\u00ebs s\u00eb nivelit evropian n\u00eb rang komb\u00ebtar. Ky injorant me apetite antishqiptare fyen pjes\u00ebn d\u00ebrmuese t\u00eb intelektual\u00ebve shqiptar\u00eb dhe ata qeveritar\u00eb q\u00eb ngrehin z\u00ebrin nga q\u00ebndrimet fam\u00ebkeqe t\u00eb bandave kriminale, qe n\u00eb [&hellip;]","og_url":"https:\/\/fjala.info\/2009-2015\/reagim-kunder-shefqet-krasniqit\/","og_site_name":"FjALA e LIR\u00cb - Arkivi","article_published_time":"2014-01-13T07:37:45+00:00","og_image":[{"url":"http:\/\/www.fjala.info\/2014\/shefqet_krasniqi.jpg","type":"","width":"","height":""}],"author":"admin","twitter_card":"summary_large_image","twitter_misc":{"Written by":"admin","Est. reading time":"7 minutes"},"schema":{"@context":"https:\/\/schema.org","@graph":[{"@type":"Article","@id":"https:\/\/fjala.info\/2009-2015\/reagim-kunder-shefqet-krasniqit\/#article","isPartOf":{"@id":"https:\/\/fjala.info\/2009-2015\/reagim-kunder-shefqet-krasniqit\/"},"author":{"name":"admin","@id":"https:\/\/fjala.info\/2009-2015\/#\/schema\/person\/3aa1163ef05469c496fc94e77611ada2"},"headline":"Reagim kund\u00ebr ngat\u00ebrrestarit fam\u00ebkeq Shefqet Krasniqit me artikullin &#8220;Debati i gabuar rreth fes\u00eb&#8221;!","datePublished":"2014-01-13T07:37:45+00:00","mainEntityOfPage":{"@id":"https:\/\/fjala.info\/2009-2015\/reagim-kunder-shefqet-krasniqit\/"},"wordCount":1364,"commentCount":1,"publisher":{"@id":"https:\/\/fjala.info\/2009-2015\/#organization"},"image":{"@id":"https:\/\/fjala.info\/2009-2015\/reagim-kunder-shefqet-krasniqit\/#primaryimage"},"thumbnailUrl":"http:\/\/www.fjala.info\/2014\/shefqet_krasniqi.jpg","articleSection":["Artikuj"],"inLanguage":"sq-AL","potentialAction":[{"@type":"CommentAction","name":"Comment","target":["https:\/\/fjala.info\/2009-2015\/reagim-kunder-shefqet-krasniqit\/#respond"]}]},{"@type":"WebPage","@id":"https:\/\/fjala.info\/2009-2015\/reagim-kunder-shefqet-krasniqit\/","url":"https:\/\/fjala.info\/2009-2015\/reagim-kunder-shefqet-krasniqit\/","name":"Reagim kund\u00ebr ngat\u00ebrrestarit fam\u00ebkeq Shefqet Krasniqit me artikullin \"Debati i gabuar rreth fes\u00eb\"! - FjALA e LIR\u00cb - Arkivi","isPartOf":{"@id":"https:\/\/fjala.info\/2009-2015\/#website"},"primaryImageOfPage":{"@id":"https:\/\/fjala.info\/2009-2015\/reagim-kunder-shefqet-krasniqit\/#primaryimage"},"image":{"@id":"https:\/\/fjala.info\/2009-2015\/reagim-kunder-shefqet-krasniqit\/#primaryimage"},"thumbnailUrl":"http:\/\/www.fjala.info\/2014\/shefqet_krasniqi.jpg","datePublished":"2014-01-13T07:37:45+00:00","breadcrumb":{"@id":"https:\/\/fjala.info\/2009-2015\/reagim-kunder-shefqet-krasniqit\/#breadcrumb"},"inLanguage":"sq-AL","potentialAction":[{"@type":"ReadAction","target":["https:\/\/fjala.info\/2009-2015\/reagim-kunder-shefqet-krasniqit\/"]}]},{"@type":"ImageObject","inLanguage":"sq-AL","@id":"https:\/\/fjala.info\/2009-2015\/reagim-kunder-shefqet-krasniqit\/#primaryimage","url":"http:\/\/www.fjala.info\/2014\/shefqet_krasniqi.jpg","contentUrl":"http:\/\/www.fjala.info\/2014\/shefqet_krasniqi.jpg"},{"@type":"BreadcrumbList","@id":"https:\/\/fjala.info\/2009-2015\/reagim-kunder-shefqet-krasniqit\/#breadcrumb","itemListElement":[{"@type":"ListItem","position":1,"name":"Home","item":"https:\/\/fjala.info\/2009-2015\/"},{"@type":"ListItem","position":2,"name":"Reagim kund\u00ebr ngat\u00ebrrestarit fam\u00ebkeq Shefqet Krasniqit me artikullin &#8220;Debati i gabuar rreth fes\u00eb&#8221;!"}]},{"@type":"WebSite","@id":"https:\/\/fjala.info\/2009-2015\/#website","url":"https:\/\/fjala.info\/2009-2015\/","name":"FjALA e LIR\u00cb - Arkivi","description":"Arkivi 2009-2015","publisher":{"@id":"https:\/\/fjala.info\/2009-2015\/#organization"},"potentialAction":[{"@type":"SearchAction","target":{"@type":"EntryPoint","urlTemplate":"https:\/\/fjala.info\/2009-2015\/?s={search_term_string}"},"query-input":{"@type":"PropertyValueSpecification","valueRequired":true,"valueName":"search_term_string"}}],"inLanguage":"sq-AL"},{"@type":"Organization","@id":"https:\/\/fjala.info\/2009-2015\/#organization","name":"FjALA e LIR\u00cb - Arkivi","url":"https:\/\/fjala.info\/2009-2015\/","logo":{"@type":"ImageObject","inLanguage":"sq-AL","@id":"https:\/\/fjala.info\/2009-2015\/#\/schema\/logo\/image\/","url":"","contentUrl":"","caption":"FjALA e LIR\u00cb - Arkivi"},"image":{"@id":"https:\/\/fjala.info\/2009-2015\/#\/schema\/logo\/image\/"}},{"@type":"Person","@id":"https:\/\/fjala.info\/2009-2015\/#\/schema\/person\/3aa1163ef05469c496fc94e77611ada2","name":"admin","image":{"@type":"ImageObject","inLanguage":"sq-AL","@id":"https:\/\/fjala.info\/2009-2015\/wp-content\/uploads\/2012\/02\/arben_cokaj-120x150.jpg","url":"https:\/\/fjala.info\/2009-2015\/wp-content\/uploads\/2012\/02\/arben_cokaj-120x150.jpg","contentUrl":"https:\/\/fjala.info\/2009-2015\/wp-content\/uploads\/2012\/02\/arben_cokaj-120x150.jpg","caption":"admin"},"description":"Admin, Fjala e Lir\u00eb","sameAs":["https:\/\/fjala.info\/"],"url":"https:\/\/fjala.info\/2009-2015\/author\/admin\/"}]}},"_links":{"self":[{"href":"https:\/\/fjala.info\/2009-2015\/wp-json\/wp\/v2\/posts\/13330","targetHints":{"allow":["GET"]}}],"collection":[{"href":"https:\/\/fjala.info\/2009-2015\/wp-json\/wp\/v2\/posts"}],"about":[{"href":"https:\/\/fjala.info\/2009-2015\/wp-json\/wp\/v2\/types\/post"}],"author":[{"embeddable":true,"href":"https:\/\/fjala.info\/2009-2015\/wp-json\/wp\/v2\/users\/1"}],"replies":[{"embeddable":true,"href":"https:\/\/fjala.info\/2009-2015\/wp-json\/wp\/v2\/comments?post=13330"}],"version-history":[{"count":0,"href":"https:\/\/fjala.info\/2009-2015\/wp-json\/wp\/v2\/posts\/13330\/revisions"}],"wp:attachment":[{"href":"https:\/\/fjala.info\/2009-2015\/wp-json\/wp\/v2\/media?parent=13330"}],"wp:term":[{"taxonomy":"category","embeddable":true,"href":"https:\/\/fjala.info\/2009-2015\/wp-json\/wp\/v2\/categories?post=13330"},{"taxonomy":"post_tag","embeddable":true,"href":"https:\/\/fjala.info\/2009-2015\/wp-json\/wp\/v2\/tags?post=13330"}],"curies":[{"name":"wp","href":"https:\/\/api.w.org\/{rel}","templated":true}]}}