{"id":13329,"date":"2014-01-13T08:30:57","date_gmt":"2014-01-13T07:30:57","guid":{"rendered":"http:\/\/www.fjala.info\/?p=144"},"modified":"2014-01-13T08:30:57","modified_gmt":"2014-01-13T07:30:57","slug":"kujt-i-nevojitet-nje-shtet-i-perbashket-nga-armiqte-tane","status":"publish","type":"post","link":"https:\/\/fjala.info\/2009-2015\/kujt-i-nevojitet-nje-shtet-i-perbashket-nga-armiqte-tane\/","title":{"rendered":"Kujt i nevojitet nj\u00eb shtet i p\u00ebrbashk\u00ebt nga armiqt\u00eb tan\u00eb"},"content":{"rendered":"<p><img decoding=\"async\" class=\"alignright size-thumbnail wp-image-7236\" title=\"Brahim AVDYLI\" alt=\"\" src=\"http:\/\/www.fjala.info\/2012\/brahim_avdyli1.jpg\" width=\"150\" \/><strong>Brahim AVDYLI<\/strong><\/p>\n<p>K\u00ebtyre dit\u00ebve u dhan\u00eb n\u00eb shtypin ton\u00eb dhe n\u00ebp\u00ebr internet lajme dhe artikuj, t\u00eb cilat nuk t\u00eb l\u00ebn\u00eb hap\u00ebsir\u00eb tjet\u00ebr, pos t`u thuash atyre q\u00eb nuk d\u00ebshirojn\u00eb t\u00eb d\u00ebgjojn\u00eb edhe nj\u00ebher\u00eb t\u00eb v\u00ebrtet\u00ebn historike. E v\u00ebrteta historike nuk do politik\u00eb.<\/p>\n<p>Politika zyrtare e disa shteteve t\u00eb Gadishullit Ilirik, t\u00eb cil\u00ebn disa politikan\u00eb \u201emodern\u00eb\u201c vazhdojn\u00eb ta quajn\u00eb k\u00ebt\u00eb gadishull \u201eBallkan\u201c me fjalorin e politik\u00ebs ditore dhe gjeografike, sipas shijes s\u00eb armiqve tan\u00eb komb\u00ebtar, dhe d\u00ebshirojn\u00eb ta fshehin bashkimin e Ballkanit, q\u00eb \u00ebsht\u00eb nj\u00eb Jugosllavi e tret\u00eb, por shum\u00eb m\u00eb e madhe. N\u00ebp\u00ebr popujt e k\u00ebtij Gadishulli enden kudo politikat e vjetra me petka t\u00eb reja.<\/p>\n<p><img decoding=\"async\" class=\"aligncenter size-thumbnail wp-image-7236\" title=\"Trevat e njohura shqiptare\" alt=\"\" src=\"http:\/\/www.fjala.info\/2014\/trevat_e_njohura_shqiptare.jpg\" width=\"500\" \/><\/p>\n<p>Populli i yn\u00eb nuk i d\u00ebshiron k\u00ebto \u201cbashkime\u201d. Serb\u00ebt, grek\u00ebt, bullgar\u00ebt, bullgaro-maqedon\u00ebt, malazez\u00ebt, etj., i endin k\u00ebto \u201cplane\u201d n\u00ebp\u00ebr goj\u00eb, n\u00eb mendje dhe veprime. Duan t\u00eb b\u00ebjn\u00eb \u00e7do gj\u00eb t\u00eb mundshme, vet\u00ebm q\u00eb ata t\u00eb ken\u00eb fjal\u00ebn kryesore. Politika e tyre \u00ebsht\u00eb politik\u00eb e g\u00ebnjeshtrave. G\u00ebnjeshtrat politike paguhen shtrenjt\u00eb nga popujt e ndrydhur prej tyre, m\u00eb s\u00eb pari prej popujve t\u00eb vegj\u00ebl, si\u00e7 \u00ebsht\u00eb populli shqiptar. Serb\u00ebt t\u00eb kafshojn\u00eb, t\u00eb han\u00eb, duke qeshur. Logjika e tyre, i lejon t\u00eb gjitha..<\/p>\n<p>Por, m\u00eb mir\u00eb, po e marrim nj\u00eb lajm t\u00eb intervist\u00ebs s\u00eb nj\u00eb profesori kontrovers, Bozhidar Dimitrev, drejtor i Muzeumit nacional historik t\u00eb Bullgaris\u00eb p\u00ebr Agjencin\u00eb Fokus, kur thot\u00eb se Maqedonia dhe Serbia p\u00ebrmes formimit t\u00eb ambasadave t\u00eb p\u00ebrbashk\u00ebta, do t\u00eb jen\u00eb nj\u00eb hap drejt krijimit t\u00eb shtetit t\u00eb p\u00ebrbashk\u00ebt. Bashkimi i k\u00ebtyre dy shteteve fillon me bashkimin e ambasadave. \u201cBashkimi\u201d i till\u00eb i dy shteteve e ka zanafill\u00ebn n\u00eb padrejt\u00ebsin\u00eb e themelimit t\u00eb k\u00ebtyre \u201cshteteve\u201d. Ka edhe shtete t\u00eb tjera. Mos t\u00eb harrojm\u00eb se k\u00ebto \u201cshtete\u201d i kan\u00eb shum\u00eb borxh, deri n\u00eb fyt, popullit shqiptar, me tokat e tyre t\u00eb marra padrejt\u00ebsisht. Padrejt\u00ebsia i merr n\u00eb zanafill\u00eb g\u00ebnjeshtrat politike t\u00eb sh\u00ebrbimeve sekrete t\u00eb k\u00ebtyre shteteve artificiale, q\u00eb do t\u00eb lidhen m\u00eb par\u00eb n\u00eb planin nd\u00ebrkomb\u00ebtar. Arena nd\u00ebrkomb\u00ebtare \u00ebsht\u00eb e mbushur plot me kund\u00ebrshtar\u00ebt tan\u00eb teorik. Ata jan\u00eb q\u00eb vendosin p\u00ebr k\u00ebto \u00e7\u00ebshtje. Greqia do t\u00eb prij\u00eb n\u00eb BE.<\/p>\n<p><img decoding=\"async\" class=\"aligncenter size-thumbnail wp-image-7236\" title=\"Shtetet me p\u00ebrqindje t\u00eb madhe shqiptare\" alt=\"\" src=\"http:\/\/www.fjala.info\/2014\/shtetet_me_perqindje_te_madhe_shqiptare.jpg\" width=\"450\" \/><\/p>\n<p>Pa marr\u00eb parasysh se ajo i ka zbarkimet politike dhe i lidh\u00eb gjoja me \u201czbarkimet historike\u201d rreth Maqedonis\u00eb, sado q\u00eb aspak nuk kan\u00eb t\u00eb drejt\u00eb, Ministri i jasht\u00ebm i Greqis\u00eb, Evangelos Venizelos, ka theksuar nd\u00ebr t\u00eb tjera se shteti fqinj\u00eb \u201cnuk ndihmon n\u00eb respektimin e t\u00eb drejt\u00ebs nd\u00ebrkomb\u00ebtare dhe marr\u00ebdh\u00ebniet e fqinj\u00ebsis\u00eb s\u00eb mir\u00eb.\u201d Kjo \u00ebsht\u00eb th\u00ebnie e tij, q\u00eb e nis Kryesin\u00eb e BE me Maqedonin\u00eb. N\u00eb vend se t\u00eb l\u00ebshoj\u00eb tokat shqiptare, \u00c7am\u00ebrin\u00eb deri n\u00eb Athin\u00eb dhe tokat tjera t\u00eb Maqedonis\u00eb s\u00eb vjet\u00ebr, ajo i \u201cjep\u201d Shqip\u00ebris\u00eb \u201ct\u00eb drejt\u00eb\u201d n\u00eb \u201c6 mujorin e par\u00eb t\u00eb qeverisjes\u201d s\u00eb saj n\u00eb Bashkimin Evropian, q\u00eb \u201cta pranoj\u00eb\u201d ashtu si\u00e7 \u00ebsht\u00eb, me k\u00ebt\u00eb konfiguracion t\u00eb gjysmuar shtet\u00ebror, gjoja se detyrohet ta b\u00ebj\u00eb k\u00ebt\u00eb, n\u00eb shenj\u00eb t\u00eb \u201cl\u00ebshimit\u201d t\u00eb papritur t\u00eb kriminelit m\u00eb t\u00eb rreziksh\u00ebm t\u00eb Greqis\u00eb, Kristodulos Ksiros, nga burgu jet\u00ebsor p\u00ebr krimet e tij.<\/p>\n<p>Optimizmi i Athin\u00ebs p\u00ebrballet me skepticizmin e medieve kryesore evropiane. Athina forcon masat e siguris\u00eb p\u00ebr presidenc\u00ebn greke t\u00eb BE-s\u00eb. Madje Greqia i thyen normat themelore ligjore evropiane me an\u00ebn e ligjeve q\u00eb n\u00eb start t\u00eb saj. Ligjin e b\u00ebjn\u00eb m\u00eb t\u00eb fort\u00ebt. Siguria \u00ebsht\u00eb themeli i par\u00eb i paqes dhe prosperitetit. N\u00eb rend nd\u00ebrkomb\u00ebtar respektohen t\u00eb drejtat dhe p\u00ebrgjegj\u00ebsit\u00eb e t\u00eb gjitha kombeve dhe t\u00eb gjith\u00eb popujve. N\u00eb Evrop\u00eb garantohet respektimi i ligjeve dhe standardeve nd\u00ebrkomb\u00ebtare. K\u00ebt\u00eb t\u00eb drejt\u00eb e merr Greqia dhe e shfryt\u00ebzon \u201cp\u00ebr sigurin\u00eb e l\u00ebvizjes\u201d n\u00eb d\u00ebmin e shqiptar\u00ebve. Ajo i ka tokat shqiptare brenda vetes t\u00eb ndalura me dhun\u00eb shum\u00ebvje\u00e7are e gjenocid, por nuk ua lejon shqiptar\u00ebve as l\u00ebvizjen e lir\u00eb n\u00ebp\u00ebr Greqi, p\u00ebrkund\u00ebr ligjeve t\u00eb Evrop\u00ebs, t\u00eb cil\u00ebn d\u00ebshiron ta udh\u00ebheq. Evropa \u00ebsht\u00eb n\u00eb kriz\u00eb. K\u00ebt\u00eb e shqyrton n\u00eb Konferencat Nd\u00ebrkomb\u00ebtare t\u00eb Bashk\u00ebsin\u00eb Evropiane.<\/p>\n<p><img decoding=\"async\" class=\"aligncenter size-thumbnail wp-image-7236\" title=\"Tokat tona n\u00ebn Serbin\u00eb e dikushme\" alt=\"\" src=\"http:\/\/www.fjala.info\/2014\/tokat_tona_nen_serbine_e_dikushme.jpg\" width=\"500\" \/><\/p>\n<p>Rreziku p\u00ebr Evrop\u00ebn \u00ebsht\u00eb real, si\u00e7 shkruan Kurt Volker, i cili \u00ebsht\u00eb ish-Ambasador i SHBA-ve n\u00eb NATO, dhe aktualisht Drejtor i Qendr\u00ebs p\u00ebr Studime Trans-Atlantike t\u00eb Universitetit \u201cJohn Hopkins\u201d. K\u00ebrc\u00ebnimet n\u00eb Evrop\u00eb jan\u00eb t\u00eb v\u00ebrteta. P\u00ebrve\u00e7 kriz\u00ebs ekonomike, kufijt\u00eb e saj jan\u00eb me zonat e nxehta t\u00eb Lindjes s\u00eb Mesme dhe me nj\u00eb Rusi autoritare, me nj\u00eb num\u00ebr konfliktesh t\u00eb ngrira etnike dhe me diktatur\u00eb n\u00eb Bjellorusi. N\u00eb ve\u00e7anti \u00ebsht\u00eb Ballkani. Konfliktet nd\u00ebrkomb\u00ebtare nuk zgjidhen asnj\u00ebher\u00eb, deri sa t\u00eb jen\u00eb t\u00eb eg\u00ebrsuara dhe t\u00eb etura p\u00ebr gjak e sundim Greqia, Serbia, Bullgaria dhe Turqia, apo pinjoll\u00ebt e tyre m\u00eb t\u00eb vegj\u00ebl, bullgaro-makedon\u00ebt e malaziasit. Ato e kan\u00eb t\u00eb rrept\u00eb anash Rusin\u00eb. Bashkimi Evropian\u00eb duket gjithnj\u00eb m\u00eb i paaft\u00eb p\u00ebr t\u00eb p\u00ebrballuar sfidat e m\u00ebdha e t\u00eb brendshme.<\/p>\n<p>K\u00ebtu vjen edhe Kosova. Kur thua \u201cKosova\u201d t\u00eb reflektohet automatikisht Serbia dhe n\u00eb vesh t\u00eb majt\u00eb t\u00eb fishk\u00ebllen fuqish\u00ebm \u201cKosovo\u201d. T\u00eb vijn\u00eb para syve antishqiptar\u00ebt q\u00eb duan t\u00eb ringjallin \u201cJugosllavin\u00eb\u201d, por m\u00eb t\u00eb madhe se ajo q\u00eb ka qen\u00eb. P\u00ebr t`u forcuar m\u00eb shum\u00eb, kjo lidhet fort n\u00ebn tok\u00eb me tjer\u00eb armiq t\u00eb p\u00ebrbetuar t\u00eb shqiptar\u00ebve. Paramilitar\u00ebt serb\u00eb n\u00eb Kosov\u00eb marrin shp\u00ebrblime t\u00eb m\u00ebdha. Ata fitojn\u00eb edhe t\u00eb drejt\u00ebn shtet\u00ebrore n\u00eb Kosov\u00eb dhe z\u00ebn\u00eb nj\u00eb t\u00eb tret\u00ebn e saj. Nuk do shum\u00eb mend se edhe bashk\u00ebpun\u00ebtor\u00ebt e Sheshelit dhe t\u00eb Arkanit, q\u00eb i b\u00ebn\u00eb an\u00eb e k\u00ebnd Kosov\u00ebs qindra t\u00eb vrar\u00eb shqiptar\u00eb, gra, burra e f\u00ebmij\u00eb t\u00eb mbytur mizorisht, marrin shp\u00ebrblime. Bashk\u00ebpun\u00ebtori i Sheshelit e merr \u00e7mimin e Sali \u00c7ekajt. T\u00eb vjen inat q\u00eb je gjall\u00eb dhe q\u00eb je implikuar n\u00eb U\u00c7K. E pyet veten: a jan\u00eb gjall\u00eb ata q\u00eb luftuan me t\u00eb v\u00ebrtet\u00eb p\u00ebr lirin\u00eb komb\u00ebtare dhe qytetare t\u00eb shqiptar\u00ebve.<\/p>\n<p>Po kush jan\u00eb k\u00ebta, t\u00eb sotmit? A jan\u00eb t\u00eb implikuar n\u00eb \u201cqeverisjen\u201d e sotme t\u00eb Kosov\u00ebs dhe paguhen nga rrethet e korruptuara t\u00eb Evrop\u00ebs? A mos jan\u00eb bij t\u00eb UDB-ist\u00ebve t\u00eb djesh\u00ebm? A mos jan\u00eb kriminel\u00eb si Veselinoviqi, si Qazim Osmani, apo Bexhet Pacolli, q\u00eb jan\u00eb t\u00eb korruptuar me miliona, kryesisht nga Serb\u00ebt, Rus\u00ebt dhe Evropian\u00ebt dhe sot spekulojn\u00eb miliona t\u00eb tjer\u00eb?!&#8230;<\/p>\n<p>Jo, natyrisht nuk mund t\u00eb flas, madje asgj\u00eb! Po e marrim nj\u00eb lajm\u00ebrim t\u00eb heshtur n\u00eb fund t\u00eb intervist\u00ebs s\u00eb ish-Ambasadorit britanik, Ivor Roberts, p\u00ebr Agjencin\u00eb e serbe t\u00eb lajmeve B92, gjat\u00eb q\u00ebndrimit t\u00eb tij n\u00eb Serbi: \u201cKonsideroj se rajoni n\u00eb veri t\u00eb lumit Ib\u00ebr, duhet t`i kthehet Serbis\u00eb, e disa pjes\u00eb t\u00eb territorit t\u00eb Lugin\u00ebs s\u00eb Preshev\u00ebs t`i kthehen Kosov\u00ebs.\u201d<br \/>\nKjo nuk mund t\u00eb \u201cquhet\u201d Lugina e Preshev\u00ebs, por \u00ebsht\u00eb Kosova Lindore dhe nuk duhet vet\u00ebm ajo t`i kthehet Kosov\u00ebs. Ne jemi bij\u00eb t\u00eb shqiptar\u00ebve dhe bij\u00eb t\u00eb Ilir\u00ebve, q\u00eb n\u00eb k\u00ebto an\u00eb kemi pas nj\u00eb mbret\u00ebri t\u00eb t\u00ebr\u00eb, me emrin Dardania. Nuk ka pasur asnj\u00eb serb\u00eb n\u00eb k\u00ebto an\u00eb, dhe nuk ka pas asnj\u00eb sllavo-bullgar\u00eb t\u00eb Maqedonis\u00eb. Kosova e mbetur do t\u00eb bashkohet me Shqip\u00ebrin\u00eb. Un\u00eb e p\u00ebrkrah sadopak z. Ivor Roberts, ish-Ambasadorin britanik n\u00eb deklarimet e tij.<\/p>\n<p>Por, Serbia duhet t\u00eb jep Kosov\u00ebn Veriore, jasht\u00eb Kosov\u00ebs; Kosov\u00ebn Lindore, e jo \u201cLugin\u00ebn e Preshev\u00ebs\u201d, si\u00e7 thon\u00eb ata; do t\u00eb nd\u00ebrhynte madje te sllavo-bullgar\u00ebt e Maqedonis\u00eb, p\u00ebrderisa e kan\u00eb mir\u00eb politik\u00ebn ditore me ta, q\u00eb t\u00eb l\u00ebshojn\u00eb tokat shqiptare, edhe ato t\u00eb besimtar\u00ebve t\u00eb fes\u00eb ortodokse, sepse edhe jan\u00eb shqiptar\u00eb. K\u00ebtu nuk duhet harruar tokat shqiptare t\u00eb Maqedonis\u00eb s\u00eb vjet\u00ebr, q\u00eb sot jan\u00eb n\u00eb Greqi dhe Epirin Jugor, q\u00eb sot i thon\u00eb \u00c7am\u00ebri, t\u00eb cilat Greqia i ka ndalur me dhun\u00eb e gjenocid dhe b\u00ebrtet n\u00eb kund\u00ebrshtim p\u00ebrpara bot\u00ebs, sikurse ka edhe toka t\u00eb tjera jasht\u00eb asaj, t\u00eb cilat i kan\u00eb mbetur nga koha e Aleksandrit t\u00eb Madh, i cili, p\u00ebr ta \u00ebsht\u00eb \u201cgrek\u201d. Me to le t\u00eb bashkohen edhe tokat shqiptare n\u00ebn Malin e Zi.<\/p>\n<p>K\u00ebshtu do t\u00eb ishin v\u00ebrtet\u00eb kufijt\u00eb e sotsh\u00ebm t\u00eb shteteve t\u00eb Ballkanit \u201ckufij t\u00eb l\u00ebvizsh\u00ebm\u201d. Nuk e p\u00ebrjashtojn\u00eb edhe nj\u00eb l\u00ebvizje t\u00eb kufijve t\u00eb Gadishullit Ilirik (pra, Ballkanit) ekspert\u00ebt dhe analist\u00ebt e sh\u00ebrbimeve t\u00eb ndryshme inteligjente; t\u00eb instituteve t\u00eb menaxhimit t\u00eb krizave dhe t\u00eb siguris\u00eb, etj. Duke u bazuar n\u00eb gjendjen jo stabile t\u00eb Evrop\u00ebs Juglindore; duke u bazuar n\u00eb l\u00ebvizjet e fundit t\u00eb disa politikave dhe t\u00eb politikan\u00ebve bot\u00ebror\u00eb, si dhe n\u00eb publikimet e tyre t\u00eb fundit, kufijt\u00eb e Gadishullit Ilirik jan\u00eb t\u00eb l\u00ebvizsh\u00ebm. N\u00eb radh\u00eb t\u00eb par\u00eb kjo do t\u00eb thoshte se do t`i hapej udha integrimeve t\u00eb m\u00ebvonshme.<\/p>\n<p>Kasta e jon\u00eb drejtuese pasoi pas vendimeve t\u00eb marra n\u00eb qarqet e politikave t\u00eb marrjes s\u00eb vendimeve, p\u00ebrkund\u00ebr deklarimeve dhe premtimeve t\u00eb tyre n\u00eb fushatat zgjedhore dhe praktik\u00ebn ditore. Kjo do t\u00eb thoshte tkurrje e shtetit eksperimental shqiptar. K\u00ebta kufij duket sikur jan\u00eb vendosur n\u00eb qarqet zyrtare politike, pas dhun\u00ebs disavje\u00e7are e gjenocidit mbi kombin shqiptare. Por, kasta drejtuese e politik\u00ebs n\u00eb Kosov\u00eb ose duhet t\u00eb jap\u00eb dor\u00ebheqje komplet\u00eb nga qeveria ose duhet t\u00eb kompletoj\u00eb e zgjeroj\u00eb k\u00ebrkesat e popullit shqiptar jasht\u00eb kufijve t\u00eb Shqip\u00ebris\u00eb, gjat\u00eb t\u00eb gjitha proceseve demokratike dhe integruese n\u00eb kontinentin e Evrop\u00ebs p\u00ebr Gadishullin Ilirik. K\u00ebt\u00eb duhet q\u00eb ta ken\u00eb parasysh. P\u00ebrndryshe, kan\u00eb mbetur p\u00ebrgjithmon\u00eb antikomb\u00ebtar\u00eb.<\/p>\n<p>Serbia dhe Maqedonia le ta din\u00eb mir\u00eb se shqiptar\u00ebve u ka ardhur n\u00eb fyt politika e tyre e ndyt\u00eb! Serbia i ka borxh shqiptar\u00ebve! Edhe po t`i l\u00ebshojn\u00eb trojet q\u00eb kan\u00eb z\u00ebn\u00eb me grupe t\u00eb t\u00eb ashtuquajturve \u201cserb\u201d t\u00eb ardhur dhe grupeve t\u00eb popujve q\u00eb i ka p\u00ebrfituar n\u00eb favor t\u00eb vetvetes, sidomos nga ndihma e dy jahudive, \u00c7irilit dhe Metodit, mbi gjuh\u00ebn artificiale serbe, as sot ajo nuk mundet t\u00eb dal\u00eb prej borxhit t\u00eb gjakut t\u00eb derdhur t\u00eb shqiptar\u00ebve; t\u00eb mija burrave, gra e f\u00ebmij\u00eb t\u00eb masakruar pa m\u00ebshir\u00eb; t\u00eb t\u00eb ndjekurve nga tokat e veta; t\u00eb pasuris\u00eb tok\u00ebsore, sht\u00ebpis\u00eb e mallit t\u00eb grabitur e t\u00eb ndar\u00eb midis serb\u00ebve.<\/p>\n<p>N\u00eb rastin e fundit, le t\u00eb shikoj\u00eb Serbia k\u00ebto dy-tri harta dhe t\u00eb kuptoj\u00eb borxhin ndaj kombit shqiptar! T\u00eb mos provoj\u00eb kot se koti me diplomaci dhe p\u00ebrmes diplomacis\u00eb, sepse \u00ebsht\u00eb mbushur kupa! E dim\u00eb se ajo kur ka humbur n\u00eb luft\u00eb, e ka rikuperuar n\u00eb \u201cpaqe\u201d, me dredhi. Kur t\u00eb p\u00ebrqafon Serbi, t\u00eb kafshon me dhemb\u00eb, si bish\u00eb e eg\u00ebrsuar. N\u00ebse nuk ballafaqohet me t\u00eb kaluar\u00ebn, nuk mund ta nd\u00ebrtoj\u00eb t\u00eb ardhmen. Dhunuesit e djesh\u00ebm duhet t\u00eb largohen prej pozitave q\u00eb u kan\u00eb mund\u00ebsuar t\u00eb b\u00ebjn\u00eb krime. Viktimat duhen q\u00eb t\u00eb kishin p\u00ebrfaq\u00ebsues t\u00eb vet\u00eb, q\u00eb t\u00eb marrin k\u00ebt\u00eb rol n\u00eb politik\u00eb.<\/p>\n<p>N\u00eb Kosov\u00eb, Mal t\u00eb Zi, Maqedoni, Serbi, Greqi dhe Shqip\u00ebri ka ndodhur e kund\u00ebrta. Viktimat dhe pjes\u00ebtar\u00ebt e tjer\u00eb t\u00eb shtresave t\u00eb lodhura, kan\u00eb mbetur po n\u00eb at\u00eb pozit\u00eb. Nd\u00ebrsa ata q\u00eb kan\u00eb kryer krime t\u00eb m\u00ebdha ose p\u00ebrfaq\u00ebsuesit e tyre jan\u00eb ndihmuar t\u00eb ngjiten edhe m\u00eb lart\u00eb. N\u00ebn\u00eb streh\u00ebn e rreme t\u00eb politik\u00ebs demokratike jan\u00eb pasuruar dhe ngritur lart\u00eb pinjoll\u00ebt e shfryt\u00ebzimit t\u00eb paskrupullt t\u00eb popujve t\u00eb vet, n\u00ebp\u00ebr krime t\u00eb pafalshme, duke i fshehur mir\u00eb k\u00ebmb\u00ebt nd\u00ebr veprime t\u00eb d\u00ebmshme p\u00ebr kombet dhe luft\u00ebn. Armiqt\u00eb tan\u00eb nd\u00ebr g\u00ebnjeshtra t\u00eb shumta politike, falsifikime, trillime, shp\u00ebrdorime, etj., b\u00ebjn\u00eb p\u00ebrpjekje q\u00eb antivlerat t`i shnd\u00ebrrojn\u00eb n\u00eb vlera, frikacak\u00ebt dhe dezertor\u00ebt t`i shnd\u00ebrrojn\u00eb n\u00eb hero dhe antikomb\u00ebtar\u00ebt t`i b\u00ebjn\u00eb komb\u00ebtar\u00eb! T\u00eb pakt\u00eb jan\u00eb ata q\u00eb e pan\u00eb ku do t\u00eb shkonte puna!<\/p>\n<p>Koh\u00ebve t\u00eb fundit, p\u00ebrkund\u00ebr kund\u00ebrshtimeve tona t\u00eb p\u00ebrhershme, Gruevski dha lajmin n\u00eb prezenc\u00ebn e p\u00ebrfaq\u00ebsuesit t\u00eb Serb\u00ebve, se do t\u00eb krijoheshin Ambasadat e p\u00ebrbashk\u00ebta, fillimisht n\u00eb mes t\u00eb Serbis\u00eb dhe Maqedonis\u00eb, i cili, u p\u00ebrpoq t\u00eb g\u00ebnjej\u00eb veten se \u201cato i ulin shpenzimet\u201d. Kjo nuk do mend t\u00eb kuptosh \u201cdiplomacin\u00eb\u201d, pas disa tentativave t\u00eb Malit t\u00eb Zi dhe t\u00eb Kosov\u00ebs, madje prej kreut t\u00eb politik\u00ebs bot\u00ebrore-SHBA, se \u00ebsht\u00eb fjala p\u00ebr shtetin e ardhsh\u00ebm t\u00eb p\u00ebrbashk\u00ebt. Diplomacia q\u00eb \u201cbashkohet\u201d d\u00ebshmon se shteti do t\u00eb bashkohet.<\/p>\n<p>Sllavo-bullgar\u00ebt e Maqedonis\u00eb kan\u00eb frik\u00eb nga shqiptar\u00ebt, sepse ata nisen nj\u00eb luft\u00eb, por ra n\u00eb duar t\u00eb krymta. Edhe serb\u00ebt i frikohen kombit t\u00eb vet\u00ebdijsh\u00ebm shqiptar, pas luft\u00ebrave shekullore. Ajo ka duar t\u00eb forta n\u00eb politik\u00eb dhe ka vrapuar n\u00ebp\u00ebr bot\u00eb para nesh. P.sh. n\u00eb aren\u00ebn e brendshme e ka kriminelin n\u00eb politik\u00eb, diplomatin \u201cshkja\u201d, Ivan Mrkiq. Dhe kujt i sh\u00ebrben nj\u00eb bashkim i armiqve tan\u00eb t\u00eb urryer, Serbis\u00eb dhe Maqedonis\u00eb, q\u00eb paskan b\u00ebr\u00eb edhe nj\u00eb zyre t\u00eb policis\u00eb s\u00eb \u201cp\u00ebrbashk\u00ebt\u201d dhe ka nd\u00ebrtuar pik\u00ebrisht n\u00eb Shkup \u201cp\u00ebrmendoren\u201d e carit serbomadh!<\/p>\n<p>Ua kujtoj se st\u00ebrgjyshi im, Avdyl Alia, ka qen\u00eb pik\u00ebrisht n\u00eb Shkup p\u00ebr ta \u00e7liruar at\u00ebher\u00eb dhe kombi shqiptar i ka dh\u00ebn\u00eb mbi 20`000 viktima, por Shkupi ka r\u00ebn\u00eb n\u00eb duart e Bullgar\u00ebve t\u00eb Maqedonis\u00eb. Kjo ka qen\u00eb e prova e fundit p\u00ebr ta shpallur Shkupin kryeqytet t\u00eb Shqip\u00ebris\u00eb. N\u00eb Kosov\u00eb, n\u00eb luft\u00ebn e fundit, nuk kan\u00eb vdekur kaq shum\u00eb. T\u00eb mbushemi mend dhe t\u00eb marrim parasysh k\u00ebt\u00eb analiz\u00eb.<\/p>\n<p>Le t\u00eb shikojm\u00eb nj\u00eb mori t\u00eb artikujve n\u00eb http:\/\/www.almakos.mk . Nd\u00ebr t\u00eb tjera, t\u00eb shohim se Serbia ka qasje edhe n\u00eb informatat personale t\u00eb shtetasve t\u00eb Maqedonis\u00eb. Pra, dihet se p\u00ebr \u00e7ka \u00ebsht\u00eb fjala.<br \/>\nNuk lejojm\u00eb shtet t\u00eb p\u00ebrbashk\u00ebt t\u00eb armiqve tan\u00eb t\u00eb rreziksh\u00ebm, as me ne, si skllav e t\u00eb ripushtuar!<br \/>\nKjo \u00ebsht\u00eb th\u00ebn\u00eb qart\u00eb! Kriza n\u00eb Evrop\u00eb vjen p\u00ebr dredhit\u00eb e saj n\u00eb favorin e pushtuesve. Kur l\u00ebvizen kufijt\u00eb dhe krijohen shtete t\u00eb reja, mund t\u00eb organizohet edhe nj\u00eb luft\u00eb!&#8230;<\/p>\n","protected":false},"excerpt":{"rendered":"<p>Brahim AVDYLI K\u00ebtyre dit\u00ebve u dhan\u00eb n\u00eb shtypin ton\u00eb dhe n\u00ebp\u00ebr internet lajme dhe artikuj, t\u00eb cilat nuk t\u00eb l\u00ebn\u00eb hap\u00ebsir\u00eb tjet\u00ebr, pos t`u thuash atyre q\u00eb nuk d\u00ebshirojn\u00eb t\u00eb d\u00ebgjojn\u00eb edhe nj\u00ebher\u00eb t\u00eb v\u00ebrtet\u00ebn historike. E v\u00ebrteta historike nuk do politik\u00eb. Politika zyrtare e disa shteteve t\u00eb Gadishullit Ilirik, t\u00eb cil\u00ebn disa politikan\u00eb \u201emodern\u00eb\u201c [&hellip;]<\/p>\n","protected":false},"author":1,"featured_media":0,"comment_status":"open","ping_status":"closed","sticky":false,"template":"","format":"standard","meta":{"footnotes":""},"categories":[2],"tags":[],"class_list":{"0":"post-13329","1":"post","2":"type-post","3":"status-publish","4":"format-standard","6":"category-artikuj"},"yoast_head":"<!-- This site is optimized with the Yoast SEO plugin v27.4 - https:\/\/yoast.com\/product\/yoast-seo-wordpress\/ -->\n<title>Kujt i nevojitet nj\u00eb shtet i p\u00ebrbashk\u00ebt nga armiqt\u00eb tan\u00eb - FjALA e LIR\u00cb - Arkivi<\/title>\n<meta name=\"robots\" content=\"index, follow, max-snippet:-1, max-image-preview:large, max-video-preview:-1\" \/>\n<link rel=\"canonical\" href=\"https:\/\/fjala.info\/2009-2015\/kujt-i-nevojitet-nje-shtet-i-perbashket-nga-armiqte-tane\/\" \/>\n<meta property=\"og:locale\" content=\"sq_AL\" \/>\n<meta property=\"og:type\" content=\"article\" \/>\n<meta property=\"og:title\" content=\"Kujt i nevojitet nj\u00eb shtet i p\u00ebrbashk\u00ebt nga armiqt\u00eb tan\u00eb - FjALA e LIR\u00cb - Arkivi\" \/>\n<meta property=\"og:description\" content=\"Brahim AVDYLI K\u00ebtyre dit\u00ebve u dhan\u00eb n\u00eb shtypin ton\u00eb dhe n\u00ebp\u00ebr internet lajme dhe artikuj, t\u00eb cilat nuk t\u00eb l\u00ebn\u00eb hap\u00ebsir\u00eb tjet\u00ebr, pos t`u thuash atyre q\u00eb nuk d\u00ebshirojn\u00eb t\u00eb d\u00ebgjojn\u00eb edhe nj\u00ebher\u00eb t\u00eb v\u00ebrtet\u00ebn historike. E v\u00ebrteta historike nuk do politik\u00eb. Politika zyrtare e disa shteteve t\u00eb Gadishullit Ilirik, t\u00eb cil\u00ebn disa politikan\u00eb \u201emodern\u00eb\u201c [&hellip;]\" \/>\n<meta property=\"og:url\" content=\"https:\/\/fjala.info\/2009-2015\/kujt-i-nevojitet-nje-shtet-i-perbashket-nga-armiqte-tane\/\" \/>\n<meta property=\"og:site_name\" content=\"FjALA e LIR\u00cb - Arkivi\" \/>\n<meta property=\"article:published_time\" content=\"2014-01-13T07:30:57+00:00\" \/>\n<meta property=\"og:image\" content=\"http:\/\/www.fjala.info\/2012\/brahim_avdyli1.jpg\" \/>\n<meta name=\"author\" content=\"admin\" \/>\n<meta name=\"twitter:card\" content=\"summary_large_image\" \/>\n<meta name=\"twitter:label1\" content=\"Written by\" \/>\n\t<meta name=\"twitter:data1\" content=\"admin\" \/>\n\t<meta name=\"twitter:label2\" content=\"Est. reading time\" \/>\n\t<meta name=\"twitter:data2\" content=\"12 minutes\" \/>\n<script type=\"application\/ld+json\" class=\"yoast-schema-graph\">{\"@context\":\"https:\\\/\\\/schema.org\",\"@graph\":[{\"@type\":\"Article\",\"@id\":\"https:\\\/\\\/fjala.info\\\/2009-2015\\\/kujt-i-nevojitet-nje-shtet-i-perbashket-nga-armiqte-tane\\\/#article\",\"isPartOf\":{\"@id\":\"https:\\\/\\\/fjala.info\\\/2009-2015\\\/kujt-i-nevojitet-nje-shtet-i-perbashket-nga-armiqte-tane\\\/\"},\"author\":{\"name\":\"admin\",\"@id\":\"https:\\\/\\\/fjala.info\\\/2009-2015\\\/#\\\/schema\\\/person\\\/3aa1163ef05469c496fc94e77611ada2\"},\"headline\":\"Kujt i nevojitet nj\u00eb shtet i p\u00ebrbashk\u00ebt nga armiqt\u00eb tan\u00eb\",\"datePublished\":\"2014-01-13T07:30:57+00:00\",\"mainEntityOfPage\":{\"@id\":\"https:\\\/\\\/fjala.info\\\/2009-2015\\\/kujt-i-nevojitet-nje-shtet-i-perbashket-nga-armiqte-tane\\\/\"},\"wordCount\":2493,\"commentCount\":0,\"publisher\":{\"@id\":\"https:\\\/\\\/fjala.info\\\/2009-2015\\\/#organization\"},\"image\":{\"@id\":\"https:\\\/\\\/fjala.info\\\/2009-2015\\\/kujt-i-nevojitet-nje-shtet-i-perbashket-nga-armiqte-tane\\\/#primaryimage\"},\"thumbnailUrl\":\"http:\\\/\\\/www.fjala.info\\\/2012\\\/brahim_avdyli1.jpg\",\"articleSection\":[\"Artikuj\"],\"inLanguage\":\"sq-AL\",\"potentialAction\":[{\"@type\":\"CommentAction\",\"name\":\"Comment\",\"target\":[\"https:\\\/\\\/fjala.info\\\/2009-2015\\\/kujt-i-nevojitet-nje-shtet-i-perbashket-nga-armiqte-tane\\\/#respond\"]}]},{\"@type\":\"WebPage\",\"@id\":\"https:\\\/\\\/fjala.info\\\/2009-2015\\\/kujt-i-nevojitet-nje-shtet-i-perbashket-nga-armiqte-tane\\\/\",\"url\":\"https:\\\/\\\/fjala.info\\\/2009-2015\\\/kujt-i-nevojitet-nje-shtet-i-perbashket-nga-armiqte-tane\\\/\",\"name\":\"Kujt i nevojitet nj\u00eb shtet i p\u00ebrbashk\u00ebt nga armiqt\u00eb tan\u00eb - FjALA e LIR\u00cb - Arkivi\",\"isPartOf\":{\"@id\":\"https:\\\/\\\/fjala.info\\\/2009-2015\\\/#website\"},\"primaryImageOfPage\":{\"@id\":\"https:\\\/\\\/fjala.info\\\/2009-2015\\\/kujt-i-nevojitet-nje-shtet-i-perbashket-nga-armiqte-tane\\\/#primaryimage\"},\"image\":{\"@id\":\"https:\\\/\\\/fjala.info\\\/2009-2015\\\/kujt-i-nevojitet-nje-shtet-i-perbashket-nga-armiqte-tane\\\/#primaryimage\"},\"thumbnailUrl\":\"http:\\\/\\\/www.fjala.info\\\/2012\\\/brahim_avdyli1.jpg\",\"datePublished\":\"2014-01-13T07:30:57+00:00\",\"breadcrumb\":{\"@id\":\"https:\\\/\\\/fjala.info\\\/2009-2015\\\/kujt-i-nevojitet-nje-shtet-i-perbashket-nga-armiqte-tane\\\/#breadcrumb\"},\"inLanguage\":\"sq-AL\",\"potentialAction\":[{\"@type\":\"ReadAction\",\"target\":[\"https:\\\/\\\/fjala.info\\\/2009-2015\\\/kujt-i-nevojitet-nje-shtet-i-perbashket-nga-armiqte-tane\\\/\"]}]},{\"@type\":\"ImageObject\",\"inLanguage\":\"sq-AL\",\"@id\":\"https:\\\/\\\/fjala.info\\\/2009-2015\\\/kujt-i-nevojitet-nje-shtet-i-perbashket-nga-armiqte-tane\\\/#primaryimage\",\"url\":\"http:\\\/\\\/www.fjala.info\\\/2012\\\/brahim_avdyli1.jpg\",\"contentUrl\":\"http:\\\/\\\/www.fjala.info\\\/2012\\\/brahim_avdyli1.jpg\"},{\"@type\":\"BreadcrumbList\",\"@id\":\"https:\\\/\\\/fjala.info\\\/2009-2015\\\/kujt-i-nevojitet-nje-shtet-i-perbashket-nga-armiqte-tane\\\/#breadcrumb\",\"itemListElement\":[{\"@type\":\"ListItem\",\"position\":1,\"name\":\"Home\",\"item\":\"https:\\\/\\\/fjala.info\\\/2009-2015\\\/\"},{\"@type\":\"ListItem\",\"position\":2,\"name\":\"Kujt i nevojitet nj\u00eb shtet i p\u00ebrbashk\u00ebt nga armiqt\u00eb tan\u00eb\"}]},{\"@type\":\"WebSite\",\"@id\":\"https:\\\/\\\/fjala.info\\\/2009-2015\\\/#website\",\"url\":\"https:\\\/\\\/fjala.info\\\/2009-2015\\\/\",\"name\":\"FjALA e LIR\u00cb - Arkivi\",\"description\":\"Arkivi 2009-2015\",\"publisher\":{\"@id\":\"https:\\\/\\\/fjala.info\\\/2009-2015\\\/#organization\"},\"potentialAction\":[{\"@type\":\"SearchAction\",\"target\":{\"@type\":\"EntryPoint\",\"urlTemplate\":\"https:\\\/\\\/fjala.info\\\/2009-2015\\\/?s={search_term_string}\"},\"query-input\":{\"@type\":\"PropertyValueSpecification\",\"valueRequired\":true,\"valueName\":\"search_term_string\"}}],\"inLanguage\":\"sq-AL\"},{\"@type\":\"Organization\",\"@id\":\"https:\\\/\\\/fjala.info\\\/2009-2015\\\/#organization\",\"name\":\"FjALA e LIR\u00cb - Arkivi\",\"url\":\"https:\\\/\\\/fjala.info\\\/2009-2015\\\/\",\"logo\":{\"@type\":\"ImageObject\",\"inLanguage\":\"sq-AL\",\"@id\":\"https:\\\/\\\/fjala.info\\\/2009-2015\\\/#\\\/schema\\\/logo\\\/image\\\/\",\"url\":\"\",\"contentUrl\":\"\",\"caption\":\"FjALA e LIR\u00cb - Arkivi\"},\"image\":{\"@id\":\"https:\\\/\\\/fjala.info\\\/2009-2015\\\/#\\\/schema\\\/logo\\\/image\\\/\"}},{\"@type\":\"Person\",\"@id\":\"https:\\\/\\\/fjala.info\\\/2009-2015\\\/#\\\/schema\\\/person\\\/3aa1163ef05469c496fc94e77611ada2\",\"name\":\"admin\",\"image\":{\"@type\":\"ImageObject\",\"inLanguage\":\"sq-AL\",\"@id\":\"https:\\\/\\\/fjala.info\\\/2009-2015\\\/wp-content\\\/uploads\\\/2012\\\/02\\\/arben_cokaj-120x150.jpg\",\"url\":\"https:\\\/\\\/fjala.info\\\/2009-2015\\\/wp-content\\\/uploads\\\/2012\\\/02\\\/arben_cokaj-120x150.jpg\",\"contentUrl\":\"https:\\\/\\\/fjala.info\\\/2009-2015\\\/wp-content\\\/uploads\\\/2012\\\/02\\\/arben_cokaj-120x150.jpg\",\"caption\":\"admin\"},\"description\":\"Admin, Fjala e Lir\u00eb\",\"sameAs\":[\"https:\\\/\\\/fjala.info\\\/\"],\"url\":\"https:\\\/\\\/fjala.info\\\/2009-2015\\\/author\\\/admin\\\/\"}]}<\/script>\n<!-- \/ Yoast SEO plugin. -->","yoast_head_json":{"title":"Kujt i nevojitet nj\u00eb shtet i p\u00ebrbashk\u00ebt nga armiqt\u00eb tan\u00eb - FjALA e LIR\u00cb - Arkivi","robots":{"index":"index","follow":"follow","max-snippet":"max-snippet:-1","max-image-preview":"max-image-preview:large","max-video-preview":"max-video-preview:-1"},"canonical":"https:\/\/fjala.info\/2009-2015\/kujt-i-nevojitet-nje-shtet-i-perbashket-nga-armiqte-tane\/","og_locale":"sq_AL","og_type":"article","og_title":"Kujt i nevojitet nj\u00eb shtet i p\u00ebrbashk\u00ebt nga armiqt\u00eb tan\u00eb - FjALA e LIR\u00cb - Arkivi","og_description":"Brahim AVDYLI K\u00ebtyre dit\u00ebve u dhan\u00eb n\u00eb shtypin ton\u00eb dhe n\u00ebp\u00ebr internet lajme dhe artikuj, t\u00eb cilat nuk t\u00eb l\u00ebn\u00eb hap\u00ebsir\u00eb tjet\u00ebr, pos t`u thuash atyre q\u00eb nuk d\u00ebshirojn\u00eb t\u00eb d\u00ebgjojn\u00eb edhe nj\u00ebher\u00eb t\u00eb v\u00ebrtet\u00ebn historike. E v\u00ebrteta historike nuk do politik\u00eb. Politika zyrtare e disa shteteve t\u00eb Gadishullit Ilirik, t\u00eb cil\u00ebn disa politikan\u00eb \u201emodern\u00eb\u201c [&hellip;]","og_url":"https:\/\/fjala.info\/2009-2015\/kujt-i-nevojitet-nje-shtet-i-perbashket-nga-armiqte-tane\/","og_site_name":"FjALA e LIR\u00cb - Arkivi","article_published_time":"2014-01-13T07:30:57+00:00","og_image":[{"url":"http:\/\/www.fjala.info\/2012\/brahim_avdyli1.jpg","type":"","width":"","height":""}],"author":"admin","twitter_card":"summary_large_image","twitter_misc":{"Written by":"admin","Est. reading time":"12 minutes"},"schema":{"@context":"https:\/\/schema.org","@graph":[{"@type":"Article","@id":"https:\/\/fjala.info\/2009-2015\/kujt-i-nevojitet-nje-shtet-i-perbashket-nga-armiqte-tane\/#article","isPartOf":{"@id":"https:\/\/fjala.info\/2009-2015\/kujt-i-nevojitet-nje-shtet-i-perbashket-nga-armiqte-tane\/"},"author":{"name":"admin","@id":"https:\/\/fjala.info\/2009-2015\/#\/schema\/person\/3aa1163ef05469c496fc94e77611ada2"},"headline":"Kujt i nevojitet nj\u00eb shtet i p\u00ebrbashk\u00ebt nga armiqt\u00eb tan\u00eb","datePublished":"2014-01-13T07:30:57+00:00","mainEntityOfPage":{"@id":"https:\/\/fjala.info\/2009-2015\/kujt-i-nevojitet-nje-shtet-i-perbashket-nga-armiqte-tane\/"},"wordCount":2493,"commentCount":0,"publisher":{"@id":"https:\/\/fjala.info\/2009-2015\/#organization"},"image":{"@id":"https:\/\/fjala.info\/2009-2015\/kujt-i-nevojitet-nje-shtet-i-perbashket-nga-armiqte-tane\/#primaryimage"},"thumbnailUrl":"http:\/\/www.fjala.info\/2012\/brahim_avdyli1.jpg","articleSection":["Artikuj"],"inLanguage":"sq-AL","potentialAction":[{"@type":"CommentAction","name":"Comment","target":["https:\/\/fjala.info\/2009-2015\/kujt-i-nevojitet-nje-shtet-i-perbashket-nga-armiqte-tane\/#respond"]}]},{"@type":"WebPage","@id":"https:\/\/fjala.info\/2009-2015\/kujt-i-nevojitet-nje-shtet-i-perbashket-nga-armiqte-tane\/","url":"https:\/\/fjala.info\/2009-2015\/kujt-i-nevojitet-nje-shtet-i-perbashket-nga-armiqte-tane\/","name":"Kujt i nevojitet nj\u00eb shtet i p\u00ebrbashk\u00ebt nga armiqt\u00eb tan\u00eb - FjALA e LIR\u00cb - Arkivi","isPartOf":{"@id":"https:\/\/fjala.info\/2009-2015\/#website"},"primaryImageOfPage":{"@id":"https:\/\/fjala.info\/2009-2015\/kujt-i-nevojitet-nje-shtet-i-perbashket-nga-armiqte-tane\/#primaryimage"},"image":{"@id":"https:\/\/fjala.info\/2009-2015\/kujt-i-nevojitet-nje-shtet-i-perbashket-nga-armiqte-tane\/#primaryimage"},"thumbnailUrl":"http:\/\/www.fjala.info\/2012\/brahim_avdyli1.jpg","datePublished":"2014-01-13T07:30:57+00:00","breadcrumb":{"@id":"https:\/\/fjala.info\/2009-2015\/kujt-i-nevojitet-nje-shtet-i-perbashket-nga-armiqte-tane\/#breadcrumb"},"inLanguage":"sq-AL","potentialAction":[{"@type":"ReadAction","target":["https:\/\/fjala.info\/2009-2015\/kujt-i-nevojitet-nje-shtet-i-perbashket-nga-armiqte-tane\/"]}]},{"@type":"ImageObject","inLanguage":"sq-AL","@id":"https:\/\/fjala.info\/2009-2015\/kujt-i-nevojitet-nje-shtet-i-perbashket-nga-armiqte-tane\/#primaryimage","url":"http:\/\/www.fjala.info\/2012\/brahim_avdyli1.jpg","contentUrl":"http:\/\/www.fjala.info\/2012\/brahim_avdyli1.jpg"},{"@type":"BreadcrumbList","@id":"https:\/\/fjala.info\/2009-2015\/kujt-i-nevojitet-nje-shtet-i-perbashket-nga-armiqte-tane\/#breadcrumb","itemListElement":[{"@type":"ListItem","position":1,"name":"Home","item":"https:\/\/fjala.info\/2009-2015\/"},{"@type":"ListItem","position":2,"name":"Kujt i nevojitet nj\u00eb shtet i p\u00ebrbashk\u00ebt nga armiqt\u00eb tan\u00eb"}]},{"@type":"WebSite","@id":"https:\/\/fjala.info\/2009-2015\/#website","url":"https:\/\/fjala.info\/2009-2015\/","name":"FjALA e LIR\u00cb - Arkivi","description":"Arkivi 2009-2015","publisher":{"@id":"https:\/\/fjala.info\/2009-2015\/#organization"},"potentialAction":[{"@type":"SearchAction","target":{"@type":"EntryPoint","urlTemplate":"https:\/\/fjala.info\/2009-2015\/?s={search_term_string}"},"query-input":{"@type":"PropertyValueSpecification","valueRequired":true,"valueName":"search_term_string"}}],"inLanguage":"sq-AL"},{"@type":"Organization","@id":"https:\/\/fjala.info\/2009-2015\/#organization","name":"FjALA e LIR\u00cb - Arkivi","url":"https:\/\/fjala.info\/2009-2015\/","logo":{"@type":"ImageObject","inLanguage":"sq-AL","@id":"https:\/\/fjala.info\/2009-2015\/#\/schema\/logo\/image\/","url":"","contentUrl":"","caption":"FjALA e LIR\u00cb - Arkivi"},"image":{"@id":"https:\/\/fjala.info\/2009-2015\/#\/schema\/logo\/image\/"}},{"@type":"Person","@id":"https:\/\/fjala.info\/2009-2015\/#\/schema\/person\/3aa1163ef05469c496fc94e77611ada2","name":"admin","image":{"@type":"ImageObject","inLanguage":"sq-AL","@id":"https:\/\/fjala.info\/2009-2015\/wp-content\/uploads\/2012\/02\/arben_cokaj-120x150.jpg","url":"https:\/\/fjala.info\/2009-2015\/wp-content\/uploads\/2012\/02\/arben_cokaj-120x150.jpg","contentUrl":"https:\/\/fjala.info\/2009-2015\/wp-content\/uploads\/2012\/02\/arben_cokaj-120x150.jpg","caption":"admin"},"description":"Admin, Fjala e Lir\u00eb","sameAs":["https:\/\/fjala.info\/"],"url":"https:\/\/fjala.info\/2009-2015\/author\/admin\/"}]}},"_links":{"self":[{"href":"https:\/\/fjala.info\/2009-2015\/wp-json\/wp\/v2\/posts\/13329","targetHints":{"allow":["GET"]}}],"collection":[{"href":"https:\/\/fjala.info\/2009-2015\/wp-json\/wp\/v2\/posts"}],"about":[{"href":"https:\/\/fjala.info\/2009-2015\/wp-json\/wp\/v2\/types\/post"}],"author":[{"embeddable":true,"href":"https:\/\/fjala.info\/2009-2015\/wp-json\/wp\/v2\/users\/1"}],"replies":[{"embeddable":true,"href":"https:\/\/fjala.info\/2009-2015\/wp-json\/wp\/v2\/comments?post=13329"}],"version-history":[{"count":0,"href":"https:\/\/fjala.info\/2009-2015\/wp-json\/wp\/v2\/posts\/13329\/revisions"}],"wp:attachment":[{"href":"https:\/\/fjala.info\/2009-2015\/wp-json\/wp\/v2\/media?parent=13329"}],"wp:term":[{"taxonomy":"category","embeddable":true,"href":"https:\/\/fjala.info\/2009-2015\/wp-json\/wp\/v2\/categories?post=13329"},{"taxonomy":"post_tag","embeddable":true,"href":"https:\/\/fjala.info\/2009-2015\/wp-json\/wp\/v2\/tags?post=13329"}],"curies":[{"name":"wp","href":"https:\/\/api.w.org\/{rel}","templated":true}]}}