{"id":13328,"date":"2014-01-09T16:01:36","date_gmt":"2014-01-09T15:01:36","guid":{"rendered":"http:\/\/www.fjala.info\/?p=141"},"modified":"2014-01-09T16:01:36","modified_gmt":"2014-01-09T15:01:36","slug":"rexhep-qosja-nga-kali-ne-gomar","status":"publish","type":"post","link":"https:\/\/fjala.info\/2009-2015\/rexhep-qosja-nga-kali-ne-gomar\/","title":{"rendered":"Rexhep Qosja &#8220;nga kali n\u00eb gomar&#8221;!"},"content":{"rendered":"<p><img decoding=\"async\" class=\"alignright size-thumbnail wp-image-7236\" title=\"Rexhep Qosja dhe Shefqet Krasniqi\" alt=\"\" src=\"http:\/\/www.fjala.info\/2014\/rexhep_qosja_shefqet_krasniqi.jpg\" width=\"300\" \/> Nga <strong>Rrezart Kalaja<\/strong><\/p>\n<p>Rexhep Qosja n\u00eb baraspeshim me ekstremizmin xhihadist kund\u00ebr kombit shqiptar t\u00eb Shefqet Krasniqit, militant i &#8220;V\u00ebllaz\u00ebris\u00eb myslimane&#8221;, Shefqet Krasniqi asgj\u00eb nuk ka t\u00eb b\u00ebj\u00eb me kultur\u00ebn shqiptare as me fen\u00eb islame! P\u00ebr kultur\u00ebn shqiptare d\u00ebshmon antikulur\u00eb, nd\u00ebrsa sa i p\u00ebrket fes\u00eb, ky ka veprime shume negative, sepse n\u00eb vend t\u00eb fes\u00eb ai i sjell popullit shqiptar, p\u00ebr\u00e7arje e propagand\u00eb dhe antivlera, duke nxitur rinin\u00eb shqiptare t\u00eb vdesin si mercenar n\u00eb vendet e huaja, si\u00e7 \u00ebsht\u00eb Siria.<\/p>\n<p>Shtypi aktual i Kosov\u00ebs dha lajmin, se Rexhep Qosja dhe Shefqet Krasniqi u takuan dje n\u00eb selin\u00eb e Institutit Albanologjik, gj\u00eb, qe asnj\u00ebher\u00eb Instituti Albanologjik nuk \u00ebsht\u00eb marr\u00eb me t\u00eb tilla gj\u00ebra deri me tash, as n\u00ebn regjimin e Serbis\u00eb! N\u00eb informat\u00eb thuhet se hoxh\u00eb Shefqet Krasniqi me bashk\u00ebpun\u00ebtor\u00eb e paskan vizituar Akademikun Rexhep Qosjen. Ky paska shpreh shum\u00eb admirim dhe g\u00ebzim p\u00ebr k\u00ebt\u00eb vizit\u00eb, ka koh\u00eb qe dera e tij nuk \u00e7elet nga njer\u00ebzit e m\u00ebdhenj, as nga gazetar\u00ebt, as nga fqinj\u00ebt as nga shok\u00ebt ???. N\u00eb koh\u00ebt e fundit nga q\u00ebndrimet e tij politike dhe kulturore e ka zbeh figur\u00ebn nga e cila spektri intelektual klan\u00eb filluar edhe ta injorojn\u00eb, k\u00ebshtu qe e vetmja rrug\u00eb e komunikimit dhe takimeve, i ka mbetur sharlotan\u00ebt hoxhallar\u00eb dhe njer\u00ebz t\u00eb d\u00ebshmuar n\u00eb nxitje nd\u00ebrfetare dhe urrejtje ndaj njer\u00ebzve qe nuk jan\u00eb t\u00eb nj\u00eb mendimi p\u00ebr t&#8217;iu n\u00ebnshtrohen q\u00ebllimeve te tyre t\u00eb &#8220;V\u00ebllaz\u00ebris\u00eb myslimane&#8221;. Q\u00ebllimi i tyre \u00ebsht\u00eb q\u00eb ta plasojn\u00eb k\u00ebt\u00eb doktrin\u00eb t\u00eb mbrapsht\u00eb edhe n\u00eb Universitet.<\/p>\n<p>&#8211; Akademik Dr. Rexhep Qosja priti sot n\u00eb selin\u00eb e Institutit Albanologjik hoxh\u00ebn Dr. Shefqet Krasniqi me bashk\u00ebpun\u00ebtor\u00eb. Ma tutje citoj deklarat\u00ebn e Rexhep Qoses, ku ju d\u00ebshiroi mir\u00ebseardhje, dhe e vler\u00ebsoi lart pun\u00ebn e palodhshme t\u00eb Shefqet Krasniqit dhe kontributin e tij t\u00eb \u00e7muesh\u00ebm p\u00ebr ngritjen e vlerave komb\u00ebtare e fetare t\u00eb popullit ton\u00eb\u201d thuhet n\u00eb njoftim. <\/p>\n<p>A thua ku i gjeti profesor Rexhep Qosja ato vlera t\u00eb m\u00ebdha t\u00eb Shefqet Krasniqit, militant i &#8220;V\u00ebllaz\u00ebris\u00eb myslimane&#8221;, q\u00eb n\u00eb asnj\u00eb agrumet nuk ka q\u00eb t\u00eb mbesin si q\u00ebndrime serioze. Shefqet Krasniqi asgj\u00eb nuk ka t\u00eb b\u00ebj\u00eb me kultur\u00ebn shqiptare as me fen\u00eb islame! P\u00ebr kultur\u00ebn shqiptare Shefqet Krasniqi me paraqitjen e vet d\u00ebshmon antikulur\u00eb shqiptare, nd\u00ebrsa sa i p\u00ebrket fes\u00eb ky ka veprime shum\u00eb negative, n\u00eb vend t\u00eb fes\u00eb i sjell popullit shqiptar, p\u00ebr\u00e7arje propagand\u00eb dhe antivlera, duke nxitur rinin\u00eb shqiptare t\u00eb vdesin si mercenar n\u00eb vendet e huaja si\u00e7 \u00ebsht\u00eb Siria. <\/p>\n<p>P\u00ebrzierja e tyre n\u00eb politik\u00ebn shtet\u00ebrore, sipas p\u00ebrvojave t\u00eb shteteve islame asnj\u00eb vend nuk mbeti pa (<em>gjakderdhje dhe lufta civile<\/em>), andaj i dashur Rexhep Qosja, ti ke r\u00ebn\u00eb tep\u00ebr posht\u00eb me aq naivitet kalamani n\u00eb sjelljet tua t\u00eb pamatura. Rexhep Qosja mos u b\u00ebj p\u00ebr\u00e7ar\u00ebs i (popullit shqiptar)! T\u00ebrhiqu nga t\u00eb till\u00ebt mos e merr kumon\u00ebn e armiqve tan\u00eb t\u00eb p\u00ebrbetuar, qe s&#8217;u ngop\u00ebn me gjakun e shqiptar\u00ebve. Ti je nj\u00eb intelektual q\u00eb shum\u00eb koh\u00eb t\u00eb kemi pasur ideal p\u00ebr \u00e7\u00ebshtje madhore komb\u00ebtare!<\/p>\n<p>Edhe Krasniqi ka vler\u00ebsime p\u00ebr pun\u00ebn e Qosjes sipas mendimet e tij p\u00ebr &#8220;\u00e7\u00ebshtjet e identitetit&#8221;. A thua cilin identitet e k\u00ebrkojn\u00eb k\u00ebta hoxhallar\u00eb p\u00ebr shqiptar\u00ebt? A thua t\u00eb identifikohemi si turq, arab\u00eb e sllav\u00eb, q\u00eb t\u00eb gjith\u00eb kan\u00eb marr\u00eb dije e kultur\u00eb nga shqiptar\u00ebt? K\u00ebta hoxhallar\u00eb, me n\u00eb krye Shefqet Krasniqin jan\u00eb mash\u00eb e huaj dhe fatekqesisht edhe Rexhep Qosja. <\/p>\n<p>Rexhep Qosja po me vjen t\u00eb qaj p\u00ebr ty edhe t\u00eb vajtoj, apo ta vjell\u00eb at\u00eb q\u00eb p\u00ebrtypa nga ti! K\u00ebsaj sipas proverbave popullore i thuhet ra nga kali ne gomar! Nj\u00eb akademik t\u00eb mbetet n\u00eb rangun e <strong><em>bashibozukeve mashtruesve dhe injoranteve q\u00eb po e katandisin vendin drejt humner\u00ebs dhe kund\u00ebr vlerave komb\u00ebtare koha do ta d\u00ebshmoj dhe do te mbeteni t\u00eb humbur<\/em><\/strong>. Me q\u00ebndrime arrogante, t\u00eb dhun\u00ebs dhe terrorit kan\u00eb r\u00ebn\u00eb burra t\u00eb m\u00ebdhenj t\u00eb k\u00ebsaj rruge dhe dyshoj ne agjend\u00ebn q\u00eb keni ndaj kombit ton\u00eb, qe do t\u00eb merrni t\u00ebrthor diku.<\/p>\n","protected":false},"excerpt":{"rendered":"<p>Nga Rrezart Kalaja Rexhep Qosja n\u00eb baraspeshim me ekstremizmin xhihadist kund\u00ebr kombit shqiptar t\u00eb Shefqet Krasniqit, militant i &#8220;V\u00ebllaz\u00ebris\u00eb myslimane&#8221;, Shefqet Krasniqi asgj\u00eb nuk ka t\u00eb b\u00ebj\u00eb me kultur\u00ebn shqiptare as me fen\u00eb islame! P\u00ebr kultur\u00ebn shqiptare d\u00ebshmon antikulur\u00eb, nd\u00ebrsa sa i p\u00ebrket fes\u00eb, ky ka veprime shume negative, sepse n\u00eb vend t\u00eb fes\u00eb ai [&hellip;]<\/p>\n","protected":false},"author":1,"featured_media":0,"comment_status":"open","ping_status":"closed","sticky":false,"template":"","format":"standard","meta":{"footnotes":""},"categories":[2],"tags":[],"class_list":{"0":"post-13328","1":"post","2":"type-post","3":"status-publish","4":"format-standard","6":"category-artikuj"},"yoast_head":"<!-- This site is optimized with the Yoast SEO plugin v27.4 - https:\/\/yoast.com\/product\/yoast-seo-wordpress\/ -->\n<title>Rexhep Qosja &quot;nga kali n\u00eb gomar&quot;! - FjALA e LIR\u00cb - Arkivi<\/title>\n<meta name=\"robots\" content=\"index, follow, max-snippet:-1, max-image-preview:large, max-video-preview:-1\" \/>\n<link rel=\"canonical\" href=\"https:\/\/fjala.info\/2009-2015\/rexhep-qosja-nga-kali-ne-gomar\/\" \/>\n<meta property=\"og:locale\" content=\"sq_AL\" \/>\n<meta property=\"og:type\" content=\"article\" \/>\n<meta property=\"og:title\" content=\"Rexhep Qosja &quot;nga kali n\u00eb gomar&quot;! - FjALA e LIR\u00cb - Arkivi\" \/>\n<meta property=\"og:description\" content=\"Nga Rrezart Kalaja Rexhep Qosja n\u00eb baraspeshim me ekstremizmin xhihadist kund\u00ebr kombit shqiptar t\u00eb Shefqet Krasniqit, militant i &#8220;V\u00ebllaz\u00ebris\u00eb myslimane&#8221;, Shefqet Krasniqi asgj\u00eb nuk ka t\u00eb b\u00ebj\u00eb me kultur\u00ebn shqiptare as me fen\u00eb islame! P\u00ebr kultur\u00ebn shqiptare d\u00ebshmon antikulur\u00eb, nd\u00ebrsa sa i p\u00ebrket fes\u00eb, ky ka veprime shume negative, sepse n\u00eb vend t\u00eb fes\u00eb ai [&hellip;]\" \/>\n<meta property=\"og:url\" content=\"https:\/\/fjala.info\/2009-2015\/rexhep-qosja-nga-kali-ne-gomar\/\" \/>\n<meta property=\"og:site_name\" content=\"FjALA e LIR\u00cb - Arkivi\" \/>\n<meta property=\"article:published_time\" content=\"2014-01-09T15:01:36+00:00\" \/>\n<meta property=\"og:image\" content=\"http:\/\/www.fjala.info\/2014\/rexhep_qosja_shefqet_krasniqi.jpg\" \/>\n<meta name=\"author\" content=\"admin\" \/>\n<meta name=\"twitter:card\" content=\"summary_large_image\" \/>\n<meta name=\"twitter:label1\" content=\"Written by\" \/>\n\t<meta name=\"twitter:data1\" content=\"admin\" \/>\n\t<meta name=\"twitter:label2\" content=\"Est. reading time\" \/>\n\t<meta name=\"twitter:data2\" content=\"4 minutes\" \/>\n<script type=\"application\/ld+json\" class=\"yoast-schema-graph\">{\"@context\":\"https:\\\/\\\/schema.org\",\"@graph\":[{\"@type\":\"Article\",\"@id\":\"https:\\\/\\\/fjala.info\\\/2009-2015\\\/rexhep-qosja-nga-kali-ne-gomar\\\/#article\",\"isPartOf\":{\"@id\":\"https:\\\/\\\/fjala.info\\\/2009-2015\\\/rexhep-qosja-nga-kali-ne-gomar\\\/\"},\"author\":{\"name\":\"admin\",\"@id\":\"https:\\\/\\\/fjala.info\\\/2009-2015\\\/#\\\/schema\\\/person\\\/3aa1163ef05469c496fc94e77611ada2\"},\"headline\":\"Rexhep Qosja &#8220;nga kali n\u00eb gomar&#8221;!\",\"datePublished\":\"2014-01-09T15:01:36+00:00\",\"mainEntityOfPage\":{\"@id\":\"https:\\\/\\\/fjala.info\\\/2009-2015\\\/rexhep-qosja-nga-kali-ne-gomar\\\/\"},\"wordCount\":749,\"commentCount\":1,\"publisher\":{\"@id\":\"https:\\\/\\\/fjala.info\\\/2009-2015\\\/#organization\"},\"image\":{\"@id\":\"https:\\\/\\\/fjala.info\\\/2009-2015\\\/rexhep-qosja-nga-kali-ne-gomar\\\/#primaryimage\"},\"thumbnailUrl\":\"http:\\\/\\\/www.fjala.info\\\/2014\\\/rexhep_qosja_shefqet_krasniqi.jpg\",\"articleSection\":[\"Artikuj\"],\"inLanguage\":\"sq-AL\",\"potentialAction\":[{\"@type\":\"CommentAction\",\"name\":\"Comment\",\"target\":[\"https:\\\/\\\/fjala.info\\\/2009-2015\\\/rexhep-qosja-nga-kali-ne-gomar\\\/#respond\"]}]},{\"@type\":\"WebPage\",\"@id\":\"https:\\\/\\\/fjala.info\\\/2009-2015\\\/rexhep-qosja-nga-kali-ne-gomar\\\/\",\"url\":\"https:\\\/\\\/fjala.info\\\/2009-2015\\\/rexhep-qosja-nga-kali-ne-gomar\\\/\",\"name\":\"Rexhep Qosja \\\"nga kali n\u00eb gomar\\\"! - FjALA e LIR\u00cb - Arkivi\",\"isPartOf\":{\"@id\":\"https:\\\/\\\/fjala.info\\\/2009-2015\\\/#website\"},\"primaryImageOfPage\":{\"@id\":\"https:\\\/\\\/fjala.info\\\/2009-2015\\\/rexhep-qosja-nga-kali-ne-gomar\\\/#primaryimage\"},\"image\":{\"@id\":\"https:\\\/\\\/fjala.info\\\/2009-2015\\\/rexhep-qosja-nga-kali-ne-gomar\\\/#primaryimage\"},\"thumbnailUrl\":\"http:\\\/\\\/www.fjala.info\\\/2014\\\/rexhep_qosja_shefqet_krasniqi.jpg\",\"datePublished\":\"2014-01-09T15:01:36+00:00\",\"breadcrumb\":{\"@id\":\"https:\\\/\\\/fjala.info\\\/2009-2015\\\/rexhep-qosja-nga-kali-ne-gomar\\\/#breadcrumb\"},\"inLanguage\":\"sq-AL\",\"potentialAction\":[{\"@type\":\"ReadAction\",\"target\":[\"https:\\\/\\\/fjala.info\\\/2009-2015\\\/rexhep-qosja-nga-kali-ne-gomar\\\/\"]}]},{\"@type\":\"ImageObject\",\"inLanguage\":\"sq-AL\",\"@id\":\"https:\\\/\\\/fjala.info\\\/2009-2015\\\/rexhep-qosja-nga-kali-ne-gomar\\\/#primaryimage\",\"url\":\"http:\\\/\\\/www.fjala.info\\\/2014\\\/rexhep_qosja_shefqet_krasniqi.jpg\",\"contentUrl\":\"http:\\\/\\\/www.fjala.info\\\/2014\\\/rexhep_qosja_shefqet_krasniqi.jpg\"},{\"@type\":\"BreadcrumbList\",\"@id\":\"https:\\\/\\\/fjala.info\\\/2009-2015\\\/rexhep-qosja-nga-kali-ne-gomar\\\/#breadcrumb\",\"itemListElement\":[{\"@type\":\"ListItem\",\"position\":1,\"name\":\"Home\",\"item\":\"https:\\\/\\\/fjala.info\\\/2009-2015\\\/\"},{\"@type\":\"ListItem\",\"position\":2,\"name\":\"Rexhep Qosja &#8220;nga kali n\u00eb gomar&#8221;!\"}]},{\"@type\":\"WebSite\",\"@id\":\"https:\\\/\\\/fjala.info\\\/2009-2015\\\/#website\",\"url\":\"https:\\\/\\\/fjala.info\\\/2009-2015\\\/\",\"name\":\"FjALA e LIR\u00cb - Arkivi\",\"description\":\"Arkivi 2009-2015\",\"publisher\":{\"@id\":\"https:\\\/\\\/fjala.info\\\/2009-2015\\\/#organization\"},\"potentialAction\":[{\"@type\":\"SearchAction\",\"target\":{\"@type\":\"EntryPoint\",\"urlTemplate\":\"https:\\\/\\\/fjala.info\\\/2009-2015\\\/?s={search_term_string}\"},\"query-input\":{\"@type\":\"PropertyValueSpecification\",\"valueRequired\":true,\"valueName\":\"search_term_string\"}}],\"inLanguage\":\"sq-AL\"},{\"@type\":\"Organization\",\"@id\":\"https:\\\/\\\/fjala.info\\\/2009-2015\\\/#organization\",\"name\":\"FjALA e LIR\u00cb - Arkivi\",\"url\":\"https:\\\/\\\/fjala.info\\\/2009-2015\\\/\",\"logo\":{\"@type\":\"ImageObject\",\"inLanguage\":\"sq-AL\",\"@id\":\"https:\\\/\\\/fjala.info\\\/2009-2015\\\/#\\\/schema\\\/logo\\\/image\\\/\",\"url\":\"\",\"contentUrl\":\"\",\"caption\":\"FjALA e LIR\u00cb - Arkivi\"},\"image\":{\"@id\":\"https:\\\/\\\/fjala.info\\\/2009-2015\\\/#\\\/schema\\\/logo\\\/image\\\/\"}},{\"@type\":\"Person\",\"@id\":\"https:\\\/\\\/fjala.info\\\/2009-2015\\\/#\\\/schema\\\/person\\\/3aa1163ef05469c496fc94e77611ada2\",\"name\":\"admin\",\"image\":{\"@type\":\"ImageObject\",\"inLanguage\":\"sq-AL\",\"@id\":\"https:\\\/\\\/fjala.info\\\/2009-2015\\\/wp-content\\\/uploads\\\/2012\\\/02\\\/arben_cokaj-120x150.jpg\",\"url\":\"https:\\\/\\\/fjala.info\\\/2009-2015\\\/wp-content\\\/uploads\\\/2012\\\/02\\\/arben_cokaj-120x150.jpg\",\"contentUrl\":\"https:\\\/\\\/fjala.info\\\/2009-2015\\\/wp-content\\\/uploads\\\/2012\\\/02\\\/arben_cokaj-120x150.jpg\",\"caption\":\"admin\"},\"description\":\"Admin, Fjala e Lir\u00eb\",\"sameAs\":[\"https:\\\/\\\/fjala.info\\\/\"],\"url\":\"https:\\\/\\\/fjala.info\\\/2009-2015\\\/author\\\/admin\\\/\"}]}<\/script>\n<!-- \/ Yoast SEO plugin. -->","yoast_head_json":{"title":"Rexhep Qosja \"nga kali n\u00eb gomar\"! - FjALA e LIR\u00cb - Arkivi","robots":{"index":"index","follow":"follow","max-snippet":"max-snippet:-1","max-image-preview":"max-image-preview:large","max-video-preview":"max-video-preview:-1"},"canonical":"https:\/\/fjala.info\/2009-2015\/rexhep-qosja-nga-kali-ne-gomar\/","og_locale":"sq_AL","og_type":"article","og_title":"Rexhep Qosja \"nga kali n\u00eb gomar\"! - FjALA e LIR\u00cb - Arkivi","og_description":"Nga Rrezart Kalaja Rexhep Qosja n\u00eb baraspeshim me ekstremizmin xhihadist kund\u00ebr kombit shqiptar t\u00eb Shefqet Krasniqit, militant i &#8220;V\u00ebllaz\u00ebris\u00eb myslimane&#8221;, Shefqet Krasniqi asgj\u00eb nuk ka t\u00eb b\u00ebj\u00eb me kultur\u00ebn shqiptare as me fen\u00eb islame! P\u00ebr kultur\u00ebn shqiptare d\u00ebshmon antikulur\u00eb, nd\u00ebrsa sa i p\u00ebrket fes\u00eb, ky ka veprime shume negative, sepse n\u00eb vend t\u00eb fes\u00eb ai [&hellip;]","og_url":"https:\/\/fjala.info\/2009-2015\/rexhep-qosja-nga-kali-ne-gomar\/","og_site_name":"FjALA e LIR\u00cb - Arkivi","article_published_time":"2014-01-09T15:01:36+00:00","og_image":[{"url":"http:\/\/www.fjala.info\/2014\/rexhep_qosja_shefqet_krasniqi.jpg","type":"","width":"","height":""}],"author":"admin","twitter_card":"summary_large_image","twitter_misc":{"Written by":"admin","Est. reading time":"4 minutes"},"schema":{"@context":"https:\/\/schema.org","@graph":[{"@type":"Article","@id":"https:\/\/fjala.info\/2009-2015\/rexhep-qosja-nga-kali-ne-gomar\/#article","isPartOf":{"@id":"https:\/\/fjala.info\/2009-2015\/rexhep-qosja-nga-kali-ne-gomar\/"},"author":{"name":"admin","@id":"https:\/\/fjala.info\/2009-2015\/#\/schema\/person\/3aa1163ef05469c496fc94e77611ada2"},"headline":"Rexhep Qosja &#8220;nga kali n\u00eb gomar&#8221;!","datePublished":"2014-01-09T15:01:36+00:00","mainEntityOfPage":{"@id":"https:\/\/fjala.info\/2009-2015\/rexhep-qosja-nga-kali-ne-gomar\/"},"wordCount":749,"commentCount":1,"publisher":{"@id":"https:\/\/fjala.info\/2009-2015\/#organization"},"image":{"@id":"https:\/\/fjala.info\/2009-2015\/rexhep-qosja-nga-kali-ne-gomar\/#primaryimage"},"thumbnailUrl":"http:\/\/www.fjala.info\/2014\/rexhep_qosja_shefqet_krasniqi.jpg","articleSection":["Artikuj"],"inLanguage":"sq-AL","potentialAction":[{"@type":"CommentAction","name":"Comment","target":["https:\/\/fjala.info\/2009-2015\/rexhep-qosja-nga-kali-ne-gomar\/#respond"]}]},{"@type":"WebPage","@id":"https:\/\/fjala.info\/2009-2015\/rexhep-qosja-nga-kali-ne-gomar\/","url":"https:\/\/fjala.info\/2009-2015\/rexhep-qosja-nga-kali-ne-gomar\/","name":"Rexhep Qosja \"nga kali n\u00eb gomar\"! - FjALA e LIR\u00cb - Arkivi","isPartOf":{"@id":"https:\/\/fjala.info\/2009-2015\/#website"},"primaryImageOfPage":{"@id":"https:\/\/fjala.info\/2009-2015\/rexhep-qosja-nga-kali-ne-gomar\/#primaryimage"},"image":{"@id":"https:\/\/fjala.info\/2009-2015\/rexhep-qosja-nga-kali-ne-gomar\/#primaryimage"},"thumbnailUrl":"http:\/\/www.fjala.info\/2014\/rexhep_qosja_shefqet_krasniqi.jpg","datePublished":"2014-01-09T15:01:36+00:00","breadcrumb":{"@id":"https:\/\/fjala.info\/2009-2015\/rexhep-qosja-nga-kali-ne-gomar\/#breadcrumb"},"inLanguage":"sq-AL","potentialAction":[{"@type":"ReadAction","target":["https:\/\/fjala.info\/2009-2015\/rexhep-qosja-nga-kali-ne-gomar\/"]}]},{"@type":"ImageObject","inLanguage":"sq-AL","@id":"https:\/\/fjala.info\/2009-2015\/rexhep-qosja-nga-kali-ne-gomar\/#primaryimage","url":"http:\/\/www.fjala.info\/2014\/rexhep_qosja_shefqet_krasniqi.jpg","contentUrl":"http:\/\/www.fjala.info\/2014\/rexhep_qosja_shefqet_krasniqi.jpg"},{"@type":"BreadcrumbList","@id":"https:\/\/fjala.info\/2009-2015\/rexhep-qosja-nga-kali-ne-gomar\/#breadcrumb","itemListElement":[{"@type":"ListItem","position":1,"name":"Home","item":"https:\/\/fjala.info\/2009-2015\/"},{"@type":"ListItem","position":2,"name":"Rexhep Qosja &#8220;nga kali n\u00eb gomar&#8221;!"}]},{"@type":"WebSite","@id":"https:\/\/fjala.info\/2009-2015\/#website","url":"https:\/\/fjala.info\/2009-2015\/","name":"FjALA e LIR\u00cb - Arkivi","description":"Arkivi 2009-2015","publisher":{"@id":"https:\/\/fjala.info\/2009-2015\/#organization"},"potentialAction":[{"@type":"SearchAction","target":{"@type":"EntryPoint","urlTemplate":"https:\/\/fjala.info\/2009-2015\/?s={search_term_string}"},"query-input":{"@type":"PropertyValueSpecification","valueRequired":true,"valueName":"search_term_string"}}],"inLanguage":"sq-AL"},{"@type":"Organization","@id":"https:\/\/fjala.info\/2009-2015\/#organization","name":"FjALA e LIR\u00cb - Arkivi","url":"https:\/\/fjala.info\/2009-2015\/","logo":{"@type":"ImageObject","inLanguage":"sq-AL","@id":"https:\/\/fjala.info\/2009-2015\/#\/schema\/logo\/image\/","url":"","contentUrl":"","caption":"FjALA e LIR\u00cb - Arkivi"},"image":{"@id":"https:\/\/fjala.info\/2009-2015\/#\/schema\/logo\/image\/"}},{"@type":"Person","@id":"https:\/\/fjala.info\/2009-2015\/#\/schema\/person\/3aa1163ef05469c496fc94e77611ada2","name":"admin","image":{"@type":"ImageObject","inLanguage":"sq-AL","@id":"https:\/\/fjala.info\/2009-2015\/wp-content\/uploads\/2012\/02\/arben_cokaj-120x150.jpg","url":"https:\/\/fjala.info\/2009-2015\/wp-content\/uploads\/2012\/02\/arben_cokaj-120x150.jpg","contentUrl":"https:\/\/fjala.info\/2009-2015\/wp-content\/uploads\/2012\/02\/arben_cokaj-120x150.jpg","caption":"admin"},"description":"Admin, Fjala e Lir\u00eb","sameAs":["https:\/\/fjala.info\/"],"url":"https:\/\/fjala.info\/2009-2015\/author\/admin\/"}]}},"_links":{"self":[{"href":"https:\/\/fjala.info\/2009-2015\/wp-json\/wp\/v2\/posts\/13328","targetHints":{"allow":["GET"]}}],"collection":[{"href":"https:\/\/fjala.info\/2009-2015\/wp-json\/wp\/v2\/posts"}],"about":[{"href":"https:\/\/fjala.info\/2009-2015\/wp-json\/wp\/v2\/types\/post"}],"author":[{"embeddable":true,"href":"https:\/\/fjala.info\/2009-2015\/wp-json\/wp\/v2\/users\/1"}],"replies":[{"embeddable":true,"href":"https:\/\/fjala.info\/2009-2015\/wp-json\/wp\/v2\/comments?post=13328"}],"version-history":[{"count":0,"href":"https:\/\/fjala.info\/2009-2015\/wp-json\/wp\/v2\/posts\/13328\/revisions"}],"wp:attachment":[{"href":"https:\/\/fjala.info\/2009-2015\/wp-json\/wp\/v2\/media?parent=13328"}],"wp:term":[{"taxonomy":"category","embeddable":true,"href":"https:\/\/fjala.info\/2009-2015\/wp-json\/wp\/v2\/categories?post=13328"},{"taxonomy":"post_tag","embeddable":true,"href":"https:\/\/fjala.info\/2009-2015\/wp-json\/wp\/v2\/tags?post=13328"}],"curies":[{"name":"wp","href":"https:\/\/api.w.org\/{rel}","templated":true}]}}