{"id":13327,"date":"2014-01-09T15:51:13","date_gmt":"2014-01-09T14:51:13","guid":{"rendered":"http:\/\/www.fjala.info\/?p=139"},"modified":"2014-01-09T15:51:13","modified_gmt":"2014-01-09T14:51:13","slug":"poezi-nga-shaban-cakolli","status":"publish","type":"post","link":"https:\/\/fjala.info\/2009-2015\/poezi-nga-shaban-cakolli\/","title":{"rendered":"Poezi nga Shaban Cakolli"},"content":{"rendered":"<blockquote><p><img decoding=\"async\" class=\"alignright size-thumbnail wp-image-7236\" title=\"Shaban Cakolli\" alt=\"\" src=\"http:\/\/www.fjala.info\/2014\/shaban_cakolli.jpg\" width=\"150\" \/><br \/>\n<strong>I HUMBURI<\/strong><\/p>\n<p>Babai p\u00ebr t\u00eb shkolluar<br \/>\nshiti mbules\u00ebn e sht\u00ebpis\u00eb<br \/>\nti sikur kishe harruar<br \/>\ns\u00b4ju gjete n\u00eb dit\u00ebt e pleq\u00ebris\u00eb<\/p>\n<p>N\u00ebna p\u00ebr t\u00eb harrnuar<br \/>\nkacafytej me varf\u00ebrin\u00eb<br \/>\nka vdekur e gjymtuar<br \/>\nti varrin nuk ia din.<\/p>\n<p>Motra q\u00eb t\u00ebr\u00eb koh\u00ebn<br \/>\nt\u00eb k\u00ebndoi,o v\u00eblla<br \/>\ne ka lidh\u00eb kuror\u00ebn<br \/>\nt\u00eb af\u00ebrm askend nuk ka.<\/p>\n<p>Trojet tu kan\u00eb rr\u00ebnuar<br \/>\ns\u00b4dihet ku ka pasur sht\u00ebpi<br \/>\nmbi nj\u00eb trung t\u00eb vjetruar<br \/>\npushojn\u00eb korbat e zi.<\/p>\n<p><strong>ZEM\u00cbR E HUMBUR<\/strong><\/p>\n<p>O zem\u00ebr e ndar\u00eb<br \/>\nku la n\u00ebn\u00ebn dhe baban\u00eb<br \/>\nku le motr\u00ebn ,v\u00ebllan\u00eb<br \/>\nku le tok\u00ebn e t\u00eb par\u00ebve tan\u00eb<\/p>\n<p>Kush t\u00eb ndoq nga trolli yt<br \/>\npse s\u00b4q\u00ebndrove fyt p\u00ebr fyt<br \/>\npo ike aq larg<br \/>\nn\u00eb ato porta,ku s\u00b4gjen fat.<\/p>\n<p>O,zem\u00ebr e gjora<br \/>\nti m\u00eb je sikur ora<\/p>\n<p>n\u00ebp\u00ebr koh\u00eb punon<br \/>\nnj\u00eb dit\u00eb nga jeta pushon<\/p>\n<p>T\u00eb pushoje p\u00ebr tok\u00eb shqiptare<br \/>\ndo t\u00eb ngriteshin lapidare<br \/>\nn\u00ebse vdes n\u00eb tok\u00eb Evrope<br \/>\nka p\u00ebr t\u00eb humbur varreza jote.<\/p>\n<p><strong>ATY RRON VE\u00c7 N\u00cbNA<\/strong><\/p>\n<p>N\u00ebn pullaze t\u00eb vjetruara<br \/>\nvende,vende l\u00ebshojn\u00eb pik\u00ebn<br \/>\ne vetmuar rron veq n\u00ebna<\/p>\n<p>jet\u00ebn e shoq\u00ebron me frik\u00ebn<\/p>\n<p>Hedh shikim nga ar\u00eb e buk\u00ebs<br \/>\np\u00ebrplot \u00ebsht\u00eb mbushur ka\u00e7uba<br \/>\nE vetmuar rrin pran\u00eb stuf\u00ebs<br \/>\npa djema,pa \u00e7upa<\/p>\n<p>Rron me shpres\u00eb ne tuj na prit\u00eb<br \/>\nNumron dit\u00ebt e pleq\u00ebris\u00eb<\/p>\n<p>i thot\u00eb zemr\u00ebs duro<br \/>\nJeta b\u00ebhet domosdo.<\/p>\n<p><strong>KUR T\u00cb KTHEHEM NJ\u00cb DIT\u00cb<\/strong><\/p>\n<p>Nj\u00eb dit\u00eb kur t\u00eb kthehem<br \/>\nnga ky mall i ndryshkur<br \/>\nDo t\u00eb mbjelli lule<br \/>\nmbi varrin e gjyshit<\/p>\n<p>N\u00eb male e fusha<br \/>\ndo t\u00eb b\u00ebj\u00eb verime<br \/>\nDo t\u00eb e puthi balt\u00ebn<\/p>\n<p>kudo n\u00eb tok\u00ebn time<\/p>\n<p>Do t\u00eb shfryaj mallin<br \/>\nq\u00eb m\u00eb dogji flak\u00eb<br \/>\nn\u00eb ndeja me djalin<br \/>\ndhe n\u00ebn\u00ebloken plak\u00eb<\/p>\n<p>Do t\u00eb shuaj etjen<br \/>\nQ\u00eb m\u00eb ka p\u00ebrv\u00eblua<br \/>\nn\u00ebn hijen e shelgut<br \/>\nAty kam nj\u00eb krua<\/p>\n<p>N\u00eb mes njer\u00ebzve t\u00b4mij\u00eb<br \/>\nprore do t\u00b4q\u00ebndroj<br \/>\nKam me u djeg\u00eb me u shkri<br \/>\nm\u00eb vendin s\u00e9 l\u00ebshoj.<\/p><\/blockquote>\n","protected":false},"excerpt":{"rendered":"<p>I HUMBURI Babai p\u00ebr t\u00eb shkolluar shiti mbules\u00ebn e sht\u00ebpis\u00eb ti sikur kishe harruar s\u00b4ju gjete n\u00eb dit\u00ebt e pleq\u00ebris\u00eb N\u00ebna p\u00ebr t\u00eb harrnuar kacafytej me varf\u00ebrin\u00eb ka vdekur e gjymtuar ti varrin nuk ia din. Motra q\u00eb t\u00ebr\u00eb koh\u00ebn t\u00eb k\u00ebndoi,o v\u00eblla e ka lidh\u00eb kuror\u00ebn t\u00eb af\u00ebrm askend nuk ka. Trojet tu kan\u00eb [&hellip;]<\/p>\n","protected":false},"author":1,"featured_media":0,"comment_status":"open","ping_status":"closed","sticky":false,"template":"","format":"standard","meta":{"footnotes":""},"categories":[7,9],"tags":[],"class_list":{"0":"post-13327","1":"post","2":"type-post","3":"status-publish","4":"format-standard","6":"category-letersi","7":"category-poezi"},"yoast_head":"<!-- This site is optimized with the Yoast SEO plugin v27.4 - https:\/\/yoast.com\/product\/yoast-seo-wordpress\/ -->\n<title>Poezi nga Shaban Cakolli - FjALA e LIR\u00cb - Arkivi<\/title>\n<meta name=\"robots\" content=\"index, follow, max-snippet:-1, max-image-preview:large, max-video-preview:-1\" \/>\n<link rel=\"canonical\" href=\"https:\/\/fjala.info\/2009-2015\/poezi-nga-shaban-cakolli\/\" \/>\n<meta property=\"og:locale\" content=\"sq_AL\" \/>\n<meta property=\"og:type\" content=\"article\" \/>\n<meta property=\"og:title\" content=\"Poezi nga Shaban Cakolli - FjALA e LIR\u00cb - Arkivi\" \/>\n<meta property=\"og:description\" content=\"I HUMBURI Babai p\u00ebr t\u00eb shkolluar shiti mbules\u00ebn e sht\u00ebpis\u00eb ti sikur kishe harruar s\u00b4ju gjete n\u00eb dit\u00ebt e pleq\u00ebris\u00eb N\u00ebna p\u00ebr t\u00eb harrnuar kacafytej me varf\u00ebrin\u00eb ka vdekur e gjymtuar ti varrin nuk ia din. Motra q\u00eb t\u00ebr\u00eb koh\u00ebn t\u00eb k\u00ebndoi,o v\u00eblla e ka lidh\u00eb kuror\u00ebn t\u00eb af\u00ebrm askend nuk ka. Trojet tu kan\u00eb [&hellip;]\" \/>\n<meta property=\"og:url\" content=\"https:\/\/fjala.info\/2009-2015\/poezi-nga-shaban-cakolli\/\" \/>\n<meta property=\"og:site_name\" content=\"FjALA e LIR\u00cb - Arkivi\" \/>\n<meta property=\"article:published_time\" content=\"2014-01-09T14:51:13+00:00\" \/>\n<meta property=\"og:image\" content=\"http:\/\/www.fjala.info\/2014\/shaban_cakolli.jpg\" \/>\n<meta name=\"author\" content=\"admin\" \/>\n<meta name=\"twitter:card\" content=\"summary_large_image\" \/>\n<meta name=\"twitter:label1\" content=\"Written by\" \/>\n\t<meta name=\"twitter:data1\" content=\"admin\" \/>\n\t<meta name=\"twitter:label2\" content=\"Est. reading time\" \/>\n\t<meta name=\"twitter:data2\" content=\"2 minutes\" \/>\n<script type=\"application\/ld+json\" class=\"yoast-schema-graph\">{\"@context\":\"https:\\\/\\\/schema.org\",\"@graph\":[{\"@type\":\"Article\",\"@id\":\"https:\\\/\\\/fjala.info\\\/2009-2015\\\/poezi-nga-shaban-cakolli\\\/#article\",\"isPartOf\":{\"@id\":\"https:\\\/\\\/fjala.info\\\/2009-2015\\\/poezi-nga-shaban-cakolli\\\/\"},\"author\":{\"name\":\"admin\",\"@id\":\"https:\\\/\\\/fjala.info\\\/2009-2015\\\/#\\\/schema\\\/person\\\/3aa1163ef05469c496fc94e77611ada2\"},\"headline\":\"Poezi nga Shaban Cakolli\",\"datePublished\":\"2014-01-09T14:51:13+00:00\",\"mainEntityOfPage\":{\"@id\":\"https:\\\/\\\/fjala.info\\\/2009-2015\\\/poezi-nga-shaban-cakolli\\\/\"},\"wordCount\":369,\"commentCount\":0,\"publisher\":{\"@id\":\"https:\\\/\\\/fjala.info\\\/2009-2015\\\/#organization\"},\"image\":{\"@id\":\"https:\\\/\\\/fjala.info\\\/2009-2015\\\/poezi-nga-shaban-cakolli\\\/#primaryimage\"},\"thumbnailUrl\":\"http:\\\/\\\/www.fjala.info\\\/2014\\\/shaban_cakolli.jpg\",\"articleSection\":[\"Let\u00ebrsi\",\"Poezi\"],\"inLanguage\":\"sq-AL\",\"potentialAction\":[{\"@type\":\"CommentAction\",\"name\":\"Comment\",\"target\":[\"https:\\\/\\\/fjala.info\\\/2009-2015\\\/poezi-nga-shaban-cakolli\\\/#respond\"]}]},{\"@type\":\"WebPage\",\"@id\":\"https:\\\/\\\/fjala.info\\\/2009-2015\\\/poezi-nga-shaban-cakolli\\\/\",\"url\":\"https:\\\/\\\/fjala.info\\\/2009-2015\\\/poezi-nga-shaban-cakolli\\\/\",\"name\":\"Poezi nga Shaban Cakolli - FjALA e LIR\u00cb - Arkivi\",\"isPartOf\":{\"@id\":\"https:\\\/\\\/fjala.info\\\/2009-2015\\\/#website\"},\"primaryImageOfPage\":{\"@id\":\"https:\\\/\\\/fjala.info\\\/2009-2015\\\/poezi-nga-shaban-cakolli\\\/#primaryimage\"},\"image\":{\"@id\":\"https:\\\/\\\/fjala.info\\\/2009-2015\\\/poezi-nga-shaban-cakolli\\\/#primaryimage\"},\"thumbnailUrl\":\"http:\\\/\\\/www.fjala.info\\\/2014\\\/shaban_cakolli.jpg\",\"datePublished\":\"2014-01-09T14:51:13+00:00\",\"breadcrumb\":{\"@id\":\"https:\\\/\\\/fjala.info\\\/2009-2015\\\/poezi-nga-shaban-cakolli\\\/#breadcrumb\"},\"inLanguage\":\"sq-AL\",\"potentialAction\":[{\"@type\":\"ReadAction\",\"target\":[\"https:\\\/\\\/fjala.info\\\/2009-2015\\\/poezi-nga-shaban-cakolli\\\/\"]}]},{\"@type\":\"ImageObject\",\"inLanguage\":\"sq-AL\",\"@id\":\"https:\\\/\\\/fjala.info\\\/2009-2015\\\/poezi-nga-shaban-cakolli\\\/#primaryimage\",\"url\":\"http:\\\/\\\/www.fjala.info\\\/2014\\\/shaban_cakolli.jpg\",\"contentUrl\":\"http:\\\/\\\/www.fjala.info\\\/2014\\\/shaban_cakolli.jpg\"},{\"@type\":\"BreadcrumbList\",\"@id\":\"https:\\\/\\\/fjala.info\\\/2009-2015\\\/poezi-nga-shaban-cakolli\\\/#breadcrumb\",\"itemListElement\":[{\"@type\":\"ListItem\",\"position\":1,\"name\":\"Home\",\"item\":\"https:\\\/\\\/fjala.info\\\/2009-2015\\\/\"},{\"@type\":\"ListItem\",\"position\":2,\"name\":\"Poezi nga Shaban Cakolli\"}]},{\"@type\":\"WebSite\",\"@id\":\"https:\\\/\\\/fjala.info\\\/2009-2015\\\/#website\",\"url\":\"https:\\\/\\\/fjala.info\\\/2009-2015\\\/\",\"name\":\"FjALA e LIR\u00cb - Arkivi\",\"description\":\"Arkivi 2009-2015\",\"publisher\":{\"@id\":\"https:\\\/\\\/fjala.info\\\/2009-2015\\\/#organization\"},\"potentialAction\":[{\"@type\":\"SearchAction\",\"target\":{\"@type\":\"EntryPoint\",\"urlTemplate\":\"https:\\\/\\\/fjala.info\\\/2009-2015\\\/?s={search_term_string}\"},\"query-input\":{\"@type\":\"PropertyValueSpecification\",\"valueRequired\":true,\"valueName\":\"search_term_string\"}}],\"inLanguage\":\"sq-AL\"},{\"@type\":\"Organization\",\"@id\":\"https:\\\/\\\/fjala.info\\\/2009-2015\\\/#organization\",\"name\":\"FjALA e LIR\u00cb - Arkivi\",\"url\":\"https:\\\/\\\/fjala.info\\\/2009-2015\\\/\",\"logo\":{\"@type\":\"ImageObject\",\"inLanguage\":\"sq-AL\",\"@id\":\"https:\\\/\\\/fjala.info\\\/2009-2015\\\/#\\\/schema\\\/logo\\\/image\\\/\",\"url\":\"\",\"contentUrl\":\"\",\"caption\":\"FjALA e LIR\u00cb - Arkivi\"},\"image\":{\"@id\":\"https:\\\/\\\/fjala.info\\\/2009-2015\\\/#\\\/schema\\\/logo\\\/image\\\/\"}},{\"@type\":\"Person\",\"@id\":\"https:\\\/\\\/fjala.info\\\/2009-2015\\\/#\\\/schema\\\/person\\\/3aa1163ef05469c496fc94e77611ada2\",\"name\":\"admin\",\"image\":{\"@type\":\"ImageObject\",\"inLanguage\":\"sq-AL\",\"@id\":\"https:\\\/\\\/fjala.info\\\/2009-2015\\\/wp-content\\\/uploads\\\/2012\\\/02\\\/arben_cokaj-120x150.jpg\",\"url\":\"https:\\\/\\\/fjala.info\\\/2009-2015\\\/wp-content\\\/uploads\\\/2012\\\/02\\\/arben_cokaj-120x150.jpg\",\"contentUrl\":\"https:\\\/\\\/fjala.info\\\/2009-2015\\\/wp-content\\\/uploads\\\/2012\\\/02\\\/arben_cokaj-120x150.jpg\",\"caption\":\"admin\"},\"description\":\"Admin, Fjala e Lir\u00eb\",\"sameAs\":[\"https:\\\/\\\/fjala.info\\\/\"],\"url\":\"https:\\\/\\\/fjala.info\\\/2009-2015\\\/author\\\/admin\\\/\"}]}<\/script>\n<!-- \/ Yoast SEO plugin. -->","yoast_head_json":{"title":"Poezi nga Shaban Cakolli - FjALA e LIR\u00cb - Arkivi","robots":{"index":"index","follow":"follow","max-snippet":"max-snippet:-1","max-image-preview":"max-image-preview:large","max-video-preview":"max-video-preview:-1"},"canonical":"https:\/\/fjala.info\/2009-2015\/poezi-nga-shaban-cakolli\/","og_locale":"sq_AL","og_type":"article","og_title":"Poezi nga Shaban Cakolli - FjALA e LIR\u00cb - Arkivi","og_description":"I HUMBURI Babai p\u00ebr t\u00eb shkolluar shiti mbules\u00ebn e sht\u00ebpis\u00eb ti sikur kishe harruar s\u00b4ju gjete n\u00eb dit\u00ebt e pleq\u00ebris\u00eb N\u00ebna p\u00ebr t\u00eb harrnuar kacafytej me varf\u00ebrin\u00eb ka vdekur e gjymtuar ti varrin nuk ia din. Motra q\u00eb t\u00ebr\u00eb koh\u00ebn t\u00eb k\u00ebndoi,o v\u00eblla e ka lidh\u00eb kuror\u00ebn t\u00eb af\u00ebrm askend nuk ka. Trojet tu kan\u00eb [&hellip;]","og_url":"https:\/\/fjala.info\/2009-2015\/poezi-nga-shaban-cakolli\/","og_site_name":"FjALA e LIR\u00cb - Arkivi","article_published_time":"2014-01-09T14:51:13+00:00","og_image":[{"url":"http:\/\/www.fjala.info\/2014\/shaban_cakolli.jpg","type":"","width":"","height":""}],"author":"admin","twitter_card":"summary_large_image","twitter_misc":{"Written by":"admin","Est. reading time":"2 minutes"},"schema":{"@context":"https:\/\/schema.org","@graph":[{"@type":"Article","@id":"https:\/\/fjala.info\/2009-2015\/poezi-nga-shaban-cakolli\/#article","isPartOf":{"@id":"https:\/\/fjala.info\/2009-2015\/poezi-nga-shaban-cakolli\/"},"author":{"name":"admin","@id":"https:\/\/fjala.info\/2009-2015\/#\/schema\/person\/3aa1163ef05469c496fc94e77611ada2"},"headline":"Poezi nga Shaban Cakolli","datePublished":"2014-01-09T14:51:13+00:00","mainEntityOfPage":{"@id":"https:\/\/fjala.info\/2009-2015\/poezi-nga-shaban-cakolli\/"},"wordCount":369,"commentCount":0,"publisher":{"@id":"https:\/\/fjala.info\/2009-2015\/#organization"},"image":{"@id":"https:\/\/fjala.info\/2009-2015\/poezi-nga-shaban-cakolli\/#primaryimage"},"thumbnailUrl":"http:\/\/www.fjala.info\/2014\/shaban_cakolli.jpg","articleSection":["Let\u00ebrsi","Poezi"],"inLanguage":"sq-AL","potentialAction":[{"@type":"CommentAction","name":"Comment","target":["https:\/\/fjala.info\/2009-2015\/poezi-nga-shaban-cakolli\/#respond"]}]},{"@type":"WebPage","@id":"https:\/\/fjala.info\/2009-2015\/poezi-nga-shaban-cakolli\/","url":"https:\/\/fjala.info\/2009-2015\/poezi-nga-shaban-cakolli\/","name":"Poezi nga Shaban Cakolli - FjALA e LIR\u00cb - Arkivi","isPartOf":{"@id":"https:\/\/fjala.info\/2009-2015\/#website"},"primaryImageOfPage":{"@id":"https:\/\/fjala.info\/2009-2015\/poezi-nga-shaban-cakolli\/#primaryimage"},"image":{"@id":"https:\/\/fjala.info\/2009-2015\/poezi-nga-shaban-cakolli\/#primaryimage"},"thumbnailUrl":"http:\/\/www.fjala.info\/2014\/shaban_cakolli.jpg","datePublished":"2014-01-09T14:51:13+00:00","breadcrumb":{"@id":"https:\/\/fjala.info\/2009-2015\/poezi-nga-shaban-cakolli\/#breadcrumb"},"inLanguage":"sq-AL","potentialAction":[{"@type":"ReadAction","target":["https:\/\/fjala.info\/2009-2015\/poezi-nga-shaban-cakolli\/"]}]},{"@type":"ImageObject","inLanguage":"sq-AL","@id":"https:\/\/fjala.info\/2009-2015\/poezi-nga-shaban-cakolli\/#primaryimage","url":"http:\/\/www.fjala.info\/2014\/shaban_cakolli.jpg","contentUrl":"http:\/\/www.fjala.info\/2014\/shaban_cakolli.jpg"},{"@type":"BreadcrumbList","@id":"https:\/\/fjala.info\/2009-2015\/poezi-nga-shaban-cakolli\/#breadcrumb","itemListElement":[{"@type":"ListItem","position":1,"name":"Home","item":"https:\/\/fjala.info\/2009-2015\/"},{"@type":"ListItem","position":2,"name":"Poezi nga Shaban Cakolli"}]},{"@type":"WebSite","@id":"https:\/\/fjala.info\/2009-2015\/#website","url":"https:\/\/fjala.info\/2009-2015\/","name":"FjALA e LIR\u00cb - Arkivi","description":"Arkivi 2009-2015","publisher":{"@id":"https:\/\/fjala.info\/2009-2015\/#organization"},"potentialAction":[{"@type":"SearchAction","target":{"@type":"EntryPoint","urlTemplate":"https:\/\/fjala.info\/2009-2015\/?s={search_term_string}"},"query-input":{"@type":"PropertyValueSpecification","valueRequired":true,"valueName":"search_term_string"}}],"inLanguage":"sq-AL"},{"@type":"Organization","@id":"https:\/\/fjala.info\/2009-2015\/#organization","name":"FjALA e LIR\u00cb - Arkivi","url":"https:\/\/fjala.info\/2009-2015\/","logo":{"@type":"ImageObject","inLanguage":"sq-AL","@id":"https:\/\/fjala.info\/2009-2015\/#\/schema\/logo\/image\/","url":"","contentUrl":"","caption":"FjALA e LIR\u00cb - Arkivi"},"image":{"@id":"https:\/\/fjala.info\/2009-2015\/#\/schema\/logo\/image\/"}},{"@type":"Person","@id":"https:\/\/fjala.info\/2009-2015\/#\/schema\/person\/3aa1163ef05469c496fc94e77611ada2","name":"admin","image":{"@type":"ImageObject","inLanguage":"sq-AL","@id":"https:\/\/fjala.info\/2009-2015\/wp-content\/uploads\/2012\/02\/arben_cokaj-120x150.jpg","url":"https:\/\/fjala.info\/2009-2015\/wp-content\/uploads\/2012\/02\/arben_cokaj-120x150.jpg","contentUrl":"https:\/\/fjala.info\/2009-2015\/wp-content\/uploads\/2012\/02\/arben_cokaj-120x150.jpg","caption":"admin"},"description":"Admin, Fjala e Lir\u00eb","sameAs":["https:\/\/fjala.info\/"],"url":"https:\/\/fjala.info\/2009-2015\/author\/admin\/"}]}},"_links":{"self":[{"href":"https:\/\/fjala.info\/2009-2015\/wp-json\/wp\/v2\/posts\/13327","targetHints":{"allow":["GET"]}}],"collection":[{"href":"https:\/\/fjala.info\/2009-2015\/wp-json\/wp\/v2\/posts"}],"about":[{"href":"https:\/\/fjala.info\/2009-2015\/wp-json\/wp\/v2\/types\/post"}],"author":[{"embeddable":true,"href":"https:\/\/fjala.info\/2009-2015\/wp-json\/wp\/v2\/users\/1"}],"replies":[{"embeddable":true,"href":"https:\/\/fjala.info\/2009-2015\/wp-json\/wp\/v2\/comments?post=13327"}],"version-history":[{"count":0,"href":"https:\/\/fjala.info\/2009-2015\/wp-json\/wp\/v2\/posts\/13327\/revisions"}],"wp:attachment":[{"href":"https:\/\/fjala.info\/2009-2015\/wp-json\/wp\/v2\/media?parent=13327"}],"wp:term":[{"taxonomy":"category","embeddable":true,"href":"https:\/\/fjala.info\/2009-2015\/wp-json\/wp\/v2\/categories?post=13327"},{"taxonomy":"post_tag","embeddable":true,"href":"https:\/\/fjala.info\/2009-2015\/wp-json\/wp\/v2\/tags?post=13327"}],"curies":[{"name":"wp","href":"https:\/\/api.w.org\/{rel}","templated":true}]}}