{"id":13325,"date":"2014-01-08T16:30:28","date_gmt":"2014-01-08T15:30:28","guid":{"rendered":"http:\/\/www.fjala.info\/?p=130"},"modified":"2014-01-08T16:30:28","modified_gmt":"2014-01-08T15:30:28","slug":"radikalizmi-i-kryeministrit-te-turqise-rexhep-tajip-erdogan-shqetesim-per-sirine-dhe-vendet-rajonale","status":"publish","type":"post","link":"https:\/\/fjala.info\/2009-2015\/radikalizmi-i-kryeministrit-te-turqise-rexhep-tajip-erdogan-shqetesim-per-sirine-dhe-vendet-rajonale\/","title":{"rendered":"Radikalizmi i kryeministrit t\u00eb Turqis\u00eb Rexhep Tajip Erdogan shqet\u00ebsim p\u00ebr Sirin\u00eb dhe vendet rajonale!"},"content":{"rendered":"<p><img decoding=\"async\" class=\"alignleft size-thumbnail wp-image-7236\" title=\"Asllan Dibrani\" alt=\"\" src=\"http:\/\/www.fjala.info\/2013\/asllan_dibrani.jpg\" width=\"150\" \/> Nga <strong>Asllan Dibrani<\/strong><\/p>\n<p>Q\u00ebndrimi i Turqis\u00eb mbi situat\u00ebn n\u00eb Siri i kryesuar nga Kryeministri Rexhep Tajip Erdogan i dob\u00ebt politikisht p\u00ebr \u00e7do dit\u00eb, po i shkundet pozicioni politik. Trazira t\u00eb p\u00ebrhershme nga e cila u konstatua edhe prezenca e grupeve kriminale, gj\u00eb qe po sfidon politika e Erdoganit me sinjale negative!<br \/>\n&#8211; Radikal\u00ebt me nj\u00eb ideologji t\u00eb grupeve terroriste operojn\u00eb drejt\u00eb destabilizimit t\u00eb Siris\u00eb t\u00eb nxitur nga Kryeministri Erdogan ,si\u00e7 duket nuk po i shkon sipas planit strategjik, mbi ideologjit\u00eb e tyre q\u00eb t\u00eb plot\u00ebsojn\u00eb t\u00eb gjitha objektivat e &#8220;V\u00ebllaz\u00ebris\u00eb myslimane p\u00ebr rr\u00ebnimin e sistemit t\u00eb presidenti al &#8211; Assad n\u00eb Siri&#8221;.<br \/>\nGrupe t\u00eb tilla t\u00eb p\u00ebrkrahura t\u00eb financuara dhe t\u00eb organizuara nga Kryeministri i Turqis\u00eb , po krijojn\u00eb nj\u00eb gjendje terrori me deg\u00ebt e saj t\u00eb organizat\u00ebs t\u00eb Al -Kaed\u00ebs edhe n\u00eb tjera vende islamike .<br \/>\n-Nd\u00ebrkoh\u00eb n\u00eb an\u00ebn tjet\u00ebr t\u00eb kontinentit, aty ku mbaron Ballkani , po krijon paqart\u00ebsi, po me t\u00eb nj\u00ebjtin avaz duke krijuar kund\u00ebrshtar edhe n\u00eb Evrop\u00eb. Stambolli nj\u00eb qytet i madh me mbi 15 milion banor , po p\u00ebrballet me pak\u00ebnaq\u00ebsi t\u00eb p\u00ebrditshme , po politik\u00eb me ngjarje dramatike \u00ebsht\u00eb duke e p\u00ebrcjell edhe kryeqytetin, Ankaran\u00eb qe u suspenduan dhe u arrestuan shume ministra e sidomos nga ministria ushtarake duke i akuzuar si p\u00ebrmbys\u00ebs, apo pu\u00e7ist p\u00ebr rr\u00ebnimin e sistemit t\u00eb Kryeministrit Erdogan .Ky konsiderohet si &#8220;sulltan i q\u00ebndruesh\u00ebm dhe me nj\u00eb politik\u00eb t\u00eb hekurt kund\u00ebr atyre qe nuk jan\u00eb n\u00eb nj\u00eb mendje ideologjike me xhihadist\u00ebt aktual qe \u00e7do dit\u00eb po shihen n\u00eb t\u00ebr\u00eb bot\u00ebn.<br \/>\nMb\u00ebshtetjen publike n\u00eb rastin e ngjarjeve t\u00eb Siris\u00eb ,u pan\u00eb hapur nga Erdogan si mb\u00ebshtetjes publik p\u00ebr grupet terroriste .Ka shum\u00eb arsye p\u00ebr k\u00ebt\u00eb . Kjo nuk \u00ebsht\u00eb di\u00e7ka e re tek politikani me bindje islamike dhe q\u00ebndrime kund\u00ebr te tjer\u00ebve qe s&#8217;jan\u00eb te nj\u00eb feje me ta.<br \/>\nPartia e Erdogan i cili p\u00ebrfaq\u00ebson aktualisht edhe qeverin\u00eb , \u00ebsht\u00eb p\u00ebrgjegj\u00ebs p\u00ebr gjakun e dhjet\u00ebra t\u00eb mij\u00ebra sirian\u00ebve . Qeveria dhe politika e Erdoganit po verifikohet p\u00ebr \u00e7do dit\u00eb si p\u00ebrgjegj\u00ebse p\u00ebr prishjen e stabilitetit n\u00eb t\u00eb gjith\u00eb rajonin . E v\u00ebrteta e njohur n\u00eb Egjipt , Libi , Tunizi dhe kishte p\u00ebr t\u00eb nd\u00ebrhyr\u00eb n\u00eb shum\u00eb vende t\u00eb rajonit, pa e l\u00ebne t\u00eb qet\u00eb as popullin shqiptare me grupet xhihadiste me theks te ve\u00e7anet n\u00eb Kosov\u00eb dhe Maqedoni . N\u00eb t\u00eb nj\u00ebjt\u00ebn koh\u00eb t\u00eb populli turk i Turqis\u00eb po reflektohen pak\u00ebnaq\u00ebsi nga lideri i tyre i mbrapsht, qe po e armiq\u00ebson me gjith\u00eb rajonin p\u00ebr q\u00ebndrimet e tij fetare si konservator , q\u00eb infekton p\u00ebr \u00e7do dite p\u00ebrkrah\u00ebsit e tij me luft\u00ebra frontale deri ne gjakderdhje shpesh edhe me k\u00ebrcime sulltanate nga koha mesjetare . Pra, ne shohim q\u00ebndrime kontradiktore n\u00eb Turqin\u00eb zyrtare ,jan\u00eb par\u00eb n\u00eb dy m\u00ebnyra . Njer\u00ebzit n\u00eb nj\u00eb drejtim politik me qendre politike progresive , dhe qeveria e Erdogan me nj\u00eb politik\u00eb t\u00eb pa krye drejt nj\u00eb humnere p\u00ebr ardhm\u00ebrin\u00eb e Turqis\u00eb!.<br \/>\nE themi k\u00ebt\u00eb sepse n\u00eb gjith\u00eb bot\u00ebn shtetet demokratike po e luftojn\u00eb terrorizmin dhe grupet e armatosura radikale islamike qe po i nxisin edhe f\u00ebmij\u00ebt e vegj\u00ebl pa m\u00ebshir\u00eb te b\u00ebjn\u00eb vet\u00ebvrasje kamikaze si\u00e7 ndodhi k\u00ebto dite me vog\u00eblushen 8 vje\u00e7are ne trazirat arabe !<br \/>\nSipas tyre , p\u00ebr t&#8217;i sh\u00ebrbyer Islamit , \u00ebsht\u00eb thjesht p\u00ebr t\u00eb shkat\u00ebrruar t\u00eb gjith\u00eb ata q\u00eb i kund\u00ebrshtojn\u00eb . duke shfaqur veprim t\u00eb dhunsh\u00ebm deri t\u00eb prerja e kok\u00ebs !<br \/>\nPrandaj , ata duan t\u00eb krijojn\u00eb shtet , islamik me konceptin e vet edhe n\u00eb Siri, po edhe ne vendet qe i konsiderojn\u00eb islamike. Por sigurisht , ato veprime radikale nuk p\u00ebrputhen, dhe as qe kan\u00eb t\u00eb b\u00ebjn\u00eb asgj\u00eb me Islamin . Por q\u00ebllimi \u00ebsht\u00eb p\u00ebr rryma antinjer\u00ebzore gj\u00eb q\u00eb n\u00eb koh\u00ebt e fundit kan\u00eb shfaqje edhen n\u00eb Kosov\u00eb e ma gjer\u00eb n\u00eb trojet shqiptare. Ata n\u00eb shum\u00eb vende t\u00eb ndryshme t\u00eb bot\u00ebs p\u00ebrpiqen ta zyrtarizojne xhihadin dhe rrymat ekstremiste dhun\u00eb e terror!<br \/>\nN\u00eb nj\u00eb m\u00ebnyr\u00eb apo tjet\u00ebr qeveria dhe populli i Siris\u00eb nga e gjith\u00eb bota po p\u00ebrballet kund\u00ebr grupeve terroriste , konkretisht grupet e xhihadit nd\u00ebrkomb\u00ebtare q\u00eb shkojn\u00eb p\u00ebr dhun\u00eb pla\u00e7k\u00eb dhe terror .<br \/>\nN\u00eb grupe t\u00eb tilla jan\u00eb t\u00eb p\u00ebrfshir\u00eb edhe grupe terroriste nga shqiptar\u00ebt , q\u00eb edhe t\u00eb populli shqiptar dhe n\u00eb Kosov\u00eb kan\u00eb krijuar nj\u00eb pasqyr\u00eb t\u00eb keqe deri sa jemi n\u00eb procesin e nd\u00ebrtimit t\u00eb Kosov\u00ebs !<\/p>\n<p>Prandaj nj\u00eb num\u00ebr i terrorist\u00ebve dhe mercenar\u00ebve shqiptar apo te p\u00ebrzier po vriten ne luft\u00ebn e Siris\u00eb. Verifikimi i tyre po e zbeh edhe politiken nd\u00ebrkomb\u00ebtare p\u00ebr Shqip\u00ebrin\u00eb dhe Kosov\u00ebn. P\u00ebr Shqip\u00ebrin\u00eb ishte edhe nj\u00eb shuplak\u00eb nga Bashkimi Evropian si pasoj\u00eb e k\u00ebtyre grupeve qe i kane dh\u00ebn\u00eb nj\u00eb imazh t\u00eb keq kombit shqiptar !<\/p>\n<p>Pasojat po i ndien populli shqiptar e jo grupet q\u00eb shkojn\u00eb p\u00ebr pare te majme dhe presin e vrasin popullin sirian pa faj ne vendin e vet.<\/p>\n<p>S&#8217;ka dyshim se n\u00eb Siri forcat radikale terrorist\u00eb hyjn\u00eb nga jasht\u00eb e sidomos p\u00ebrmes kufijve t\u00eb Turqis\u00eb. Shum\u00eb prej k\u00ebtyre grupeve terroriste n\u00eb Siri n\u00eb periudh\u00ebn e ardhshme , do t\u00eb jet\u00eb nj\u00eb rrezik p\u00ebr kufijt\u00eb e Turqis\u00eb dhe ka sinjale qe politika e Erdoganit do ti kthehet bumerang kund\u00ebr Turqis\u00eb?Efektet do t\u00eb jen\u00eb n\u00eb t\u00eb ardhmen e af\u00ebrt dhe ndoshta Turqia duhet t\u00eb paguaj\u00eb, radikalizmin e Erdoganit me pasoja rajonale po edhe vet Turqia si\u00e7 po ndodh sot n\u00eb Kosov\u00eb nga k\u00ebto grupe.<\/p>\n","protected":false},"excerpt":{"rendered":"<p>Nga Asllan Dibrani Q\u00ebndrimi i Turqis\u00eb mbi situat\u00ebn n\u00eb Siri i kryesuar nga Kryeministri Rexhep Tajip Erdogan i dob\u00ebt politikisht p\u00ebr \u00e7do dit\u00eb, po i shkundet pozicioni politik. Trazira t\u00eb p\u00ebrhershme nga e cila u konstatua edhe prezenca e grupeve kriminale, gj\u00eb qe po sfidon politika e Erdoganit me sinjale negative! &#8211; Radikal\u00ebt me nj\u00eb [&hellip;]<\/p>\n","protected":false},"author":1,"featured_media":0,"comment_status":"open","ping_status":"closed","sticky":false,"template":"","format":"standard","meta":{"footnotes":""},"categories":[2],"tags":[],"class_list":{"0":"post-13325","1":"post","2":"type-post","3":"status-publish","4":"format-standard","6":"category-artikuj"},"yoast_head":"<!-- This site is optimized with the Yoast SEO plugin v27.4 - https:\/\/yoast.com\/product\/yoast-seo-wordpress\/ -->\n<title>Radikalizmi i kryeministrit t\u00eb Turqis\u00eb Rexhep Tajip Erdogan shqet\u00ebsim p\u00ebr Sirin\u00eb dhe vendet rajonale! - FjALA e LIR\u00cb - Arkivi<\/title>\n<meta name=\"robots\" content=\"index, follow, max-snippet:-1, max-image-preview:large, max-video-preview:-1\" \/>\n<link rel=\"canonical\" href=\"https:\/\/fjala.info\/2009-2015\/radikalizmi-i-kryeministrit-te-turqise-rexhep-tajip-erdogan-shqetesim-per-sirine-dhe-vendet-rajonale\/\" \/>\n<meta property=\"og:locale\" content=\"sq_AL\" \/>\n<meta property=\"og:type\" content=\"article\" \/>\n<meta property=\"og:title\" content=\"Radikalizmi i kryeministrit t\u00eb Turqis\u00eb Rexhep Tajip Erdogan shqet\u00ebsim p\u00ebr Sirin\u00eb dhe vendet rajonale! - FjALA e LIR\u00cb - Arkivi\" \/>\n<meta property=\"og:description\" content=\"Nga Asllan Dibrani Q\u00ebndrimi i Turqis\u00eb mbi situat\u00ebn n\u00eb Siri i kryesuar nga Kryeministri Rexhep Tajip Erdogan i dob\u00ebt politikisht p\u00ebr \u00e7do dit\u00eb, po i shkundet pozicioni politik. Trazira t\u00eb p\u00ebrhershme nga e cila u konstatua edhe prezenca e grupeve kriminale, gj\u00eb qe po sfidon politika e Erdoganit me sinjale negative! &#8211; Radikal\u00ebt me nj\u00eb [&hellip;]\" \/>\n<meta property=\"og:url\" content=\"https:\/\/fjala.info\/2009-2015\/radikalizmi-i-kryeministrit-te-turqise-rexhep-tajip-erdogan-shqetesim-per-sirine-dhe-vendet-rajonale\/\" \/>\n<meta property=\"og:site_name\" content=\"FjALA e LIR\u00cb - Arkivi\" \/>\n<meta property=\"article:published_time\" content=\"2014-01-08T15:30:28+00:00\" \/>\n<meta property=\"og:image\" content=\"http:\/\/www.fjala.info\/2013\/asllan_dibrani.jpg\" \/>\n<meta name=\"author\" content=\"admin\" \/>\n<meta name=\"twitter:card\" content=\"summary_large_image\" \/>\n<meta name=\"twitter:label1\" content=\"Written by\" \/>\n\t<meta name=\"twitter:data1\" content=\"admin\" \/>\n\t<meta name=\"twitter:label2\" content=\"Est. reading time\" \/>\n\t<meta name=\"twitter:data2\" content=\"5 minutes\" \/>\n<script type=\"application\/ld+json\" class=\"yoast-schema-graph\">{\"@context\":\"https:\\\/\\\/schema.org\",\"@graph\":[{\"@type\":\"Article\",\"@id\":\"https:\\\/\\\/fjala.info\\\/2009-2015\\\/radikalizmi-i-kryeministrit-te-turqise-rexhep-tajip-erdogan-shqetesim-per-sirine-dhe-vendet-rajonale\\\/#article\",\"isPartOf\":{\"@id\":\"https:\\\/\\\/fjala.info\\\/2009-2015\\\/radikalizmi-i-kryeministrit-te-turqise-rexhep-tajip-erdogan-shqetesim-per-sirine-dhe-vendet-rajonale\\\/\"},\"author\":{\"name\":\"admin\",\"@id\":\"https:\\\/\\\/fjala.info\\\/2009-2015\\\/#\\\/schema\\\/person\\\/3aa1163ef05469c496fc94e77611ada2\"},\"headline\":\"Radikalizmi i kryeministrit t\u00eb Turqis\u00eb Rexhep Tajip Erdogan shqet\u00ebsim p\u00ebr Sirin\u00eb dhe vendet rajonale!\",\"datePublished\":\"2014-01-08T15:30:28+00:00\",\"mainEntityOfPage\":{\"@id\":\"https:\\\/\\\/fjala.info\\\/2009-2015\\\/radikalizmi-i-kryeministrit-te-turqise-rexhep-tajip-erdogan-shqetesim-per-sirine-dhe-vendet-rajonale\\\/\"},\"wordCount\":999,\"commentCount\":0,\"publisher\":{\"@id\":\"https:\\\/\\\/fjala.info\\\/2009-2015\\\/#organization\"},\"image\":{\"@id\":\"https:\\\/\\\/fjala.info\\\/2009-2015\\\/radikalizmi-i-kryeministrit-te-turqise-rexhep-tajip-erdogan-shqetesim-per-sirine-dhe-vendet-rajonale\\\/#primaryimage\"},\"thumbnailUrl\":\"http:\\\/\\\/www.fjala.info\\\/2013\\\/asllan_dibrani.jpg\",\"articleSection\":[\"Artikuj\"],\"inLanguage\":\"sq-AL\",\"potentialAction\":[{\"@type\":\"CommentAction\",\"name\":\"Comment\",\"target\":[\"https:\\\/\\\/fjala.info\\\/2009-2015\\\/radikalizmi-i-kryeministrit-te-turqise-rexhep-tajip-erdogan-shqetesim-per-sirine-dhe-vendet-rajonale\\\/#respond\"]}]},{\"@type\":\"WebPage\",\"@id\":\"https:\\\/\\\/fjala.info\\\/2009-2015\\\/radikalizmi-i-kryeministrit-te-turqise-rexhep-tajip-erdogan-shqetesim-per-sirine-dhe-vendet-rajonale\\\/\",\"url\":\"https:\\\/\\\/fjala.info\\\/2009-2015\\\/radikalizmi-i-kryeministrit-te-turqise-rexhep-tajip-erdogan-shqetesim-per-sirine-dhe-vendet-rajonale\\\/\",\"name\":\"Radikalizmi i kryeministrit t\u00eb Turqis\u00eb Rexhep Tajip Erdogan shqet\u00ebsim p\u00ebr Sirin\u00eb dhe vendet rajonale! - FjALA e LIR\u00cb - Arkivi\",\"isPartOf\":{\"@id\":\"https:\\\/\\\/fjala.info\\\/2009-2015\\\/#website\"},\"primaryImageOfPage\":{\"@id\":\"https:\\\/\\\/fjala.info\\\/2009-2015\\\/radikalizmi-i-kryeministrit-te-turqise-rexhep-tajip-erdogan-shqetesim-per-sirine-dhe-vendet-rajonale\\\/#primaryimage\"},\"image\":{\"@id\":\"https:\\\/\\\/fjala.info\\\/2009-2015\\\/radikalizmi-i-kryeministrit-te-turqise-rexhep-tajip-erdogan-shqetesim-per-sirine-dhe-vendet-rajonale\\\/#primaryimage\"},\"thumbnailUrl\":\"http:\\\/\\\/www.fjala.info\\\/2013\\\/asllan_dibrani.jpg\",\"datePublished\":\"2014-01-08T15:30:28+00:00\",\"breadcrumb\":{\"@id\":\"https:\\\/\\\/fjala.info\\\/2009-2015\\\/radikalizmi-i-kryeministrit-te-turqise-rexhep-tajip-erdogan-shqetesim-per-sirine-dhe-vendet-rajonale\\\/#breadcrumb\"},\"inLanguage\":\"sq-AL\",\"potentialAction\":[{\"@type\":\"ReadAction\",\"target\":[\"https:\\\/\\\/fjala.info\\\/2009-2015\\\/radikalizmi-i-kryeministrit-te-turqise-rexhep-tajip-erdogan-shqetesim-per-sirine-dhe-vendet-rajonale\\\/\"]}]},{\"@type\":\"ImageObject\",\"inLanguage\":\"sq-AL\",\"@id\":\"https:\\\/\\\/fjala.info\\\/2009-2015\\\/radikalizmi-i-kryeministrit-te-turqise-rexhep-tajip-erdogan-shqetesim-per-sirine-dhe-vendet-rajonale\\\/#primaryimage\",\"url\":\"http:\\\/\\\/www.fjala.info\\\/2013\\\/asllan_dibrani.jpg\",\"contentUrl\":\"http:\\\/\\\/www.fjala.info\\\/2013\\\/asllan_dibrani.jpg\"},{\"@type\":\"BreadcrumbList\",\"@id\":\"https:\\\/\\\/fjala.info\\\/2009-2015\\\/radikalizmi-i-kryeministrit-te-turqise-rexhep-tajip-erdogan-shqetesim-per-sirine-dhe-vendet-rajonale\\\/#breadcrumb\",\"itemListElement\":[{\"@type\":\"ListItem\",\"position\":1,\"name\":\"Home\",\"item\":\"https:\\\/\\\/fjala.info\\\/2009-2015\\\/\"},{\"@type\":\"ListItem\",\"position\":2,\"name\":\"Radikalizmi i kryeministrit t\u00eb Turqis\u00eb Rexhep Tajip Erdogan shqet\u00ebsim p\u00ebr Sirin\u00eb dhe vendet rajonale!\"}]},{\"@type\":\"WebSite\",\"@id\":\"https:\\\/\\\/fjala.info\\\/2009-2015\\\/#website\",\"url\":\"https:\\\/\\\/fjala.info\\\/2009-2015\\\/\",\"name\":\"FjALA e LIR\u00cb - Arkivi\",\"description\":\"Arkivi 2009-2015\",\"publisher\":{\"@id\":\"https:\\\/\\\/fjala.info\\\/2009-2015\\\/#organization\"},\"potentialAction\":[{\"@type\":\"SearchAction\",\"target\":{\"@type\":\"EntryPoint\",\"urlTemplate\":\"https:\\\/\\\/fjala.info\\\/2009-2015\\\/?s={search_term_string}\"},\"query-input\":{\"@type\":\"PropertyValueSpecification\",\"valueRequired\":true,\"valueName\":\"search_term_string\"}}],\"inLanguage\":\"sq-AL\"},{\"@type\":\"Organization\",\"@id\":\"https:\\\/\\\/fjala.info\\\/2009-2015\\\/#organization\",\"name\":\"FjALA e LIR\u00cb - Arkivi\",\"url\":\"https:\\\/\\\/fjala.info\\\/2009-2015\\\/\",\"logo\":{\"@type\":\"ImageObject\",\"inLanguage\":\"sq-AL\",\"@id\":\"https:\\\/\\\/fjala.info\\\/2009-2015\\\/#\\\/schema\\\/logo\\\/image\\\/\",\"url\":\"\",\"contentUrl\":\"\",\"caption\":\"FjALA e LIR\u00cb - Arkivi\"},\"image\":{\"@id\":\"https:\\\/\\\/fjala.info\\\/2009-2015\\\/#\\\/schema\\\/logo\\\/image\\\/\"}},{\"@type\":\"Person\",\"@id\":\"https:\\\/\\\/fjala.info\\\/2009-2015\\\/#\\\/schema\\\/person\\\/3aa1163ef05469c496fc94e77611ada2\",\"name\":\"admin\",\"image\":{\"@type\":\"ImageObject\",\"inLanguage\":\"sq-AL\",\"@id\":\"https:\\\/\\\/fjala.info\\\/2009-2015\\\/wp-content\\\/uploads\\\/2012\\\/02\\\/arben_cokaj-120x150.jpg\",\"url\":\"https:\\\/\\\/fjala.info\\\/2009-2015\\\/wp-content\\\/uploads\\\/2012\\\/02\\\/arben_cokaj-120x150.jpg\",\"contentUrl\":\"https:\\\/\\\/fjala.info\\\/2009-2015\\\/wp-content\\\/uploads\\\/2012\\\/02\\\/arben_cokaj-120x150.jpg\",\"caption\":\"admin\"},\"description\":\"Admin, Fjala e Lir\u00eb\",\"sameAs\":[\"https:\\\/\\\/fjala.info\\\/\"],\"url\":\"https:\\\/\\\/fjala.info\\\/2009-2015\\\/author\\\/admin\\\/\"}]}<\/script>\n<!-- \/ Yoast SEO plugin. -->","yoast_head_json":{"title":"Radikalizmi i kryeministrit t\u00eb Turqis\u00eb Rexhep Tajip Erdogan shqet\u00ebsim p\u00ebr Sirin\u00eb dhe vendet rajonale! - FjALA e LIR\u00cb - Arkivi","robots":{"index":"index","follow":"follow","max-snippet":"max-snippet:-1","max-image-preview":"max-image-preview:large","max-video-preview":"max-video-preview:-1"},"canonical":"https:\/\/fjala.info\/2009-2015\/radikalizmi-i-kryeministrit-te-turqise-rexhep-tajip-erdogan-shqetesim-per-sirine-dhe-vendet-rajonale\/","og_locale":"sq_AL","og_type":"article","og_title":"Radikalizmi i kryeministrit t\u00eb Turqis\u00eb Rexhep Tajip Erdogan shqet\u00ebsim p\u00ebr Sirin\u00eb dhe vendet rajonale! - FjALA e LIR\u00cb - Arkivi","og_description":"Nga Asllan Dibrani Q\u00ebndrimi i Turqis\u00eb mbi situat\u00ebn n\u00eb Siri i kryesuar nga Kryeministri Rexhep Tajip Erdogan i dob\u00ebt politikisht p\u00ebr \u00e7do dit\u00eb, po i shkundet pozicioni politik. Trazira t\u00eb p\u00ebrhershme nga e cila u konstatua edhe prezenca e grupeve kriminale, gj\u00eb qe po sfidon politika e Erdoganit me sinjale negative! &#8211; Radikal\u00ebt me nj\u00eb [&hellip;]","og_url":"https:\/\/fjala.info\/2009-2015\/radikalizmi-i-kryeministrit-te-turqise-rexhep-tajip-erdogan-shqetesim-per-sirine-dhe-vendet-rajonale\/","og_site_name":"FjALA e LIR\u00cb - Arkivi","article_published_time":"2014-01-08T15:30:28+00:00","og_image":[{"url":"http:\/\/www.fjala.info\/2013\/asllan_dibrani.jpg","type":"","width":"","height":""}],"author":"admin","twitter_card":"summary_large_image","twitter_misc":{"Written by":"admin","Est. reading time":"5 minutes"},"schema":{"@context":"https:\/\/schema.org","@graph":[{"@type":"Article","@id":"https:\/\/fjala.info\/2009-2015\/radikalizmi-i-kryeministrit-te-turqise-rexhep-tajip-erdogan-shqetesim-per-sirine-dhe-vendet-rajonale\/#article","isPartOf":{"@id":"https:\/\/fjala.info\/2009-2015\/radikalizmi-i-kryeministrit-te-turqise-rexhep-tajip-erdogan-shqetesim-per-sirine-dhe-vendet-rajonale\/"},"author":{"name":"admin","@id":"https:\/\/fjala.info\/2009-2015\/#\/schema\/person\/3aa1163ef05469c496fc94e77611ada2"},"headline":"Radikalizmi i kryeministrit t\u00eb Turqis\u00eb Rexhep Tajip Erdogan shqet\u00ebsim p\u00ebr Sirin\u00eb dhe vendet rajonale!","datePublished":"2014-01-08T15:30:28+00:00","mainEntityOfPage":{"@id":"https:\/\/fjala.info\/2009-2015\/radikalizmi-i-kryeministrit-te-turqise-rexhep-tajip-erdogan-shqetesim-per-sirine-dhe-vendet-rajonale\/"},"wordCount":999,"commentCount":0,"publisher":{"@id":"https:\/\/fjala.info\/2009-2015\/#organization"},"image":{"@id":"https:\/\/fjala.info\/2009-2015\/radikalizmi-i-kryeministrit-te-turqise-rexhep-tajip-erdogan-shqetesim-per-sirine-dhe-vendet-rajonale\/#primaryimage"},"thumbnailUrl":"http:\/\/www.fjala.info\/2013\/asllan_dibrani.jpg","articleSection":["Artikuj"],"inLanguage":"sq-AL","potentialAction":[{"@type":"CommentAction","name":"Comment","target":["https:\/\/fjala.info\/2009-2015\/radikalizmi-i-kryeministrit-te-turqise-rexhep-tajip-erdogan-shqetesim-per-sirine-dhe-vendet-rajonale\/#respond"]}]},{"@type":"WebPage","@id":"https:\/\/fjala.info\/2009-2015\/radikalizmi-i-kryeministrit-te-turqise-rexhep-tajip-erdogan-shqetesim-per-sirine-dhe-vendet-rajonale\/","url":"https:\/\/fjala.info\/2009-2015\/radikalizmi-i-kryeministrit-te-turqise-rexhep-tajip-erdogan-shqetesim-per-sirine-dhe-vendet-rajonale\/","name":"Radikalizmi i kryeministrit t\u00eb Turqis\u00eb Rexhep Tajip Erdogan shqet\u00ebsim p\u00ebr Sirin\u00eb dhe vendet rajonale! - FjALA e LIR\u00cb - Arkivi","isPartOf":{"@id":"https:\/\/fjala.info\/2009-2015\/#website"},"primaryImageOfPage":{"@id":"https:\/\/fjala.info\/2009-2015\/radikalizmi-i-kryeministrit-te-turqise-rexhep-tajip-erdogan-shqetesim-per-sirine-dhe-vendet-rajonale\/#primaryimage"},"image":{"@id":"https:\/\/fjala.info\/2009-2015\/radikalizmi-i-kryeministrit-te-turqise-rexhep-tajip-erdogan-shqetesim-per-sirine-dhe-vendet-rajonale\/#primaryimage"},"thumbnailUrl":"http:\/\/www.fjala.info\/2013\/asllan_dibrani.jpg","datePublished":"2014-01-08T15:30:28+00:00","breadcrumb":{"@id":"https:\/\/fjala.info\/2009-2015\/radikalizmi-i-kryeministrit-te-turqise-rexhep-tajip-erdogan-shqetesim-per-sirine-dhe-vendet-rajonale\/#breadcrumb"},"inLanguage":"sq-AL","potentialAction":[{"@type":"ReadAction","target":["https:\/\/fjala.info\/2009-2015\/radikalizmi-i-kryeministrit-te-turqise-rexhep-tajip-erdogan-shqetesim-per-sirine-dhe-vendet-rajonale\/"]}]},{"@type":"ImageObject","inLanguage":"sq-AL","@id":"https:\/\/fjala.info\/2009-2015\/radikalizmi-i-kryeministrit-te-turqise-rexhep-tajip-erdogan-shqetesim-per-sirine-dhe-vendet-rajonale\/#primaryimage","url":"http:\/\/www.fjala.info\/2013\/asllan_dibrani.jpg","contentUrl":"http:\/\/www.fjala.info\/2013\/asllan_dibrani.jpg"},{"@type":"BreadcrumbList","@id":"https:\/\/fjala.info\/2009-2015\/radikalizmi-i-kryeministrit-te-turqise-rexhep-tajip-erdogan-shqetesim-per-sirine-dhe-vendet-rajonale\/#breadcrumb","itemListElement":[{"@type":"ListItem","position":1,"name":"Home","item":"https:\/\/fjala.info\/2009-2015\/"},{"@type":"ListItem","position":2,"name":"Radikalizmi i kryeministrit t\u00eb Turqis\u00eb Rexhep Tajip Erdogan shqet\u00ebsim p\u00ebr Sirin\u00eb dhe vendet rajonale!"}]},{"@type":"WebSite","@id":"https:\/\/fjala.info\/2009-2015\/#website","url":"https:\/\/fjala.info\/2009-2015\/","name":"FjALA e LIR\u00cb - Arkivi","description":"Arkivi 2009-2015","publisher":{"@id":"https:\/\/fjala.info\/2009-2015\/#organization"},"potentialAction":[{"@type":"SearchAction","target":{"@type":"EntryPoint","urlTemplate":"https:\/\/fjala.info\/2009-2015\/?s={search_term_string}"},"query-input":{"@type":"PropertyValueSpecification","valueRequired":true,"valueName":"search_term_string"}}],"inLanguage":"sq-AL"},{"@type":"Organization","@id":"https:\/\/fjala.info\/2009-2015\/#organization","name":"FjALA e LIR\u00cb - Arkivi","url":"https:\/\/fjala.info\/2009-2015\/","logo":{"@type":"ImageObject","inLanguage":"sq-AL","@id":"https:\/\/fjala.info\/2009-2015\/#\/schema\/logo\/image\/","url":"","contentUrl":"","caption":"FjALA e LIR\u00cb - Arkivi"},"image":{"@id":"https:\/\/fjala.info\/2009-2015\/#\/schema\/logo\/image\/"}},{"@type":"Person","@id":"https:\/\/fjala.info\/2009-2015\/#\/schema\/person\/3aa1163ef05469c496fc94e77611ada2","name":"admin","image":{"@type":"ImageObject","inLanguage":"sq-AL","@id":"https:\/\/fjala.info\/2009-2015\/wp-content\/uploads\/2012\/02\/arben_cokaj-120x150.jpg","url":"https:\/\/fjala.info\/2009-2015\/wp-content\/uploads\/2012\/02\/arben_cokaj-120x150.jpg","contentUrl":"https:\/\/fjala.info\/2009-2015\/wp-content\/uploads\/2012\/02\/arben_cokaj-120x150.jpg","caption":"admin"},"description":"Admin, Fjala e Lir\u00eb","sameAs":["https:\/\/fjala.info\/"],"url":"https:\/\/fjala.info\/2009-2015\/author\/admin\/"}]}},"_links":{"self":[{"href":"https:\/\/fjala.info\/2009-2015\/wp-json\/wp\/v2\/posts\/13325","targetHints":{"allow":["GET"]}}],"collection":[{"href":"https:\/\/fjala.info\/2009-2015\/wp-json\/wp\/v2\/posts"}],"about":[{"href":"https:\/\/fjala.info\/2009-2015\/wp-json\/wp\/v2\/types\/post"}],"author":[{"embeddable":true,"href":"https:\/\/fjala.info\/2009-2015\/wp-json\/wp\/v2\/users\/1"}],"replies":[{"embeddable":true,"href":"https:\/\/fjala.info\/2009-2015\/wp-json\/wp\/v2\/comments?post=13325"}],"version-history":[{"count":0,"href":"https:\/\/fjala.info\/2009-2015\/wp-json\/wp\/v2\/posts\/13325\/revisions"}],"wp:attachment":[{"href":"https:\/\/fjala.info\/2009-2015\/wp-json\/wp\/v2\/media?parent=13325"}],"wp:term":[{"taxonomy":"category","embeddable":true,"href":"https:\/\/fjala.info\/2009-2015\/wp-json\/wp\/v2\/categories?post=13325"},{"taxonomy":"post_tag","embeddable":true,"href":"https:\/\/fjala.info\/2009-2015\/wp-json\/wp\/v2\/tags?post=13325"}],"curies":[{"name":"wp","href":"https:\/\/api.w.org\/{rel}","templated":true}]}}