{"id":13323,"date":"2014-01-06T21:58:42","date_gmt":"2014-01-06T20:58:42","guid":{"rendered":"http:\/\/www.fjala.info\/?p=119"},"modified":"2014-01-06T21:58:42","modified_gmt":"2014-01-06T20:58:42","slug":"kush-e-vrau-sokol-olldashin","status":"publish","type":"post","link":"https:\/\/fjala.info\/2009-2015\/kush-e-vrau-sokol-olldashin\/","title":{"rendered":"KUSH E VRAU SOKOL OLLDASHIN?"},"content":{"rendered":"<p>Nga <strong>Express<\/strong> | <em>06 Janar 2014<\/em><\/p>\n<p><em>Nj\u00ebri prej gazetar\u00ebve q\u00eb shquhet p\u00ebr teori t\u00eb konspiracionit n\u00eb Shqip\u00ebri, <strong>Kastriot Myftaraj<\/strong> ka shkruar n\u00eb nj\u00eb koment t\u00eb tij se deputeti i Partis\u00eb Demokratike t\u00eb Shqip\u00ebris\u00eb, Sokol Olldashi, nj\u00ebherazi edhe kandidat p\u00ebr kryetar t\u00eb PD-s\u00eb, nuk ka vdekur aksidentalisht por \u00ebsht\u00eb vrar\u00eb.<\/em><\/p>\n<p><em>P\u00ebr m\u00eb tep\u00ebr po e sjellim posht\u00eb tekstin e plot\u00eb t\u00eb gazetarit Myftaraj t\u00eb cilin ai e ka botuar edhe n\u00eb profilin e tij n\u00eb Facebook.<\/em><\/p>\n<p><strong>Kush e vrau Sokolin Olldashin?<\/strong><br \/>\n<img decoding=\"async\" class=\"alignright size-thumbnail wp-image-7236\" title=\"Sokolin Olldashi\" alt=\"\" src=\"http:\/\/www.fjala.info\/2014\/sokol_olldashi.jpg\" width=\"300\" \/><br \/>\nQ\u00eb e kan\u00eb vrar\u00eb nuk ka asnj\u00eb dyshim. Nuk dua t\u00eb p\u00ebrs\u00ebris k\u00ebtu gjith\u00eb t\u00eb dh\u00ebnat q\u00eb kan\u00eb dal\u00eb n\u00eb shtyp p\u00ebr versionin e vrasjes. Un\u00eb e kam vizituar vet\u00eb vendin e \u201caksidentit\u201d para se at\u00eb ta tjet\u00ebrsonin me ekskavator.<\/p>\n<p>\u00cbsht\u00eb e sigurt se n\u00eb at\u00eb vend, me at\u00eb lloj automjeti ultramodern, Olldashi jo vet\u00ebm q\u00eb nuk mund t\u00eb ket\u00eb gjetur vdekjen me ato plag\u00eb q\u00eb pati, por v\u00ebshtir\u00eb se do t\u00eb ishte l\u00ebnduar m\u00eb tep\u00ebr se p\u00ebr t\u00eb kaluar nj\u00eb nat\u00eb n\u00eb spital. Q\u00eb nuk duan t\u00eb zbulohen vras\u00ebsit as p\u00ebr k\u00ebt\u00eb gj\u00eb nuk ka dyshim. Parakushti q\u00eb t\u00eb zbulohen vras\u00ebsit \u00ebsht\u00eb q\u00eb t\u00eb pohohet zyrtarisht se b\u00ebhet fjal\u00eb p\u00ebr vrasje dhe jo p\u00ebr \u201caksident\u201d.<\/p>\n<p>K\u00ebtu nuk \u00ebsht\u00eb problemi tek praktika e pun\u00ebs me pista e Policis\u00eb dhe Prokuroris\u00eb. N\u00eb rastin e vdekjes s\u00eb Olldashit \u00ebsht\u00eb e v\u00ebshtir\u00eb q\u00eb t\u00eb konsiderohet \u00e7do pist\u00eb tjet\u00ebr ve\u00e7 asaj t\u00eb vrasjes. Por Policia e Shtetit dhe Prokuroria nuk duan q\u00eb ta zbulojn\u00eb vrasjen e Olldashit. Pse? Shum\u00eb socialist\u00eb thon\u00eb si n\u00ebn z\u00eb se Olldashin e kan\u00eb vrar\u00eb, por e v\u00ebrteta nuk mund t\u00eb zbulohet se n\u00eb Polici dhe n\u00eb Prokurori <strong>ka akoma shum\u00eb njer\u00ebz t\u00eb Berish\u00ebs<\/strong>. Kjo m\u00eb tep\u00ebr \u00ebsht\u00eb nj\u00eb alibi p\u00ebr moszbulimin e s\u00eb v\u00ebrtet\u00ebs. N\u00ebse do t\u00eb donin Kryeministri dhe Ministri i Pun\u00ebve t\u00eb Brendshme, t\u00eb cil\u00ebt me k\u00ebt\u00eb Polici q\u00eb kan\u00eb mbyll\u00ebn n\u00eb nj\u00eb dit\u00eb gjith\u00eb lokalet e loj\u00ebrave t\u00eb fatit t\u00eb Shqip\u00ebris\u00eb, shemb\u00ebn pallate me tritol dhe b\u00ebn\u00eb gjith\u00eb ato pun\u00eb t\u00eb tjera me t\u00eb cilat mburren \u00e7do dit\u00eb, do t\u00eb kishin krijuar fare leht\u00eb nj\u00eb grup ekspert\u00ebsh n\u00eb Polici p\u00ebr t\u00eb hetuar vrasjen e Olldashit. E nj\u00ebjta gj\u00eb mund t\u00eb thuhet edhe p\u00ebr Prokurorin\u00eb. P\u00ebrderisa Edi Rama gjeti prokuror\u00eb q\u00eb pranuan t\u00eb l\u00ebshojn\u00eb urdh\u00ebr arresti p\u00ebr kryetarin e Bashkis\u00eb s\u00eb Kamz\u00ebs, n\u00eb koh\u00ebn q\u00eb kryetari i Bashkis\u00eb s\u00eb Vlor\u00ebs, q\u00eb \u00ebsht\u00eb n\u00eb ndjekje penale gjithashtu, drekon me Kryeministrin, fare leht\u00eb do t\u00eb kishin gjetur nj\u00eb ekip prokuror\u00ebsh p\u00ebr t\u2019 u marr\u00eb si\u00e7 duhet me \u00e7\u00ebshtjen e Olldashit.<\/p>\n<p>P\u00ebrse Edi Rama nuk do q\u00eb t\u00eb zbulohet e v\u00ebrteta e vdekjes s\u00eb Olldashit? P\u00ebr t\u00eb nj\u00ebjt\u00ebn arsye q\u00eb nuk do q\u00eb t\u00eb zbulohet e v\u00ebrteta e shp\u00ebrthimit te shtylla e tensionit t\u00eb lart\u00eb n\u00eb Kurbin. K\u00ebtu lind pyetja: Kujt i interesonte politikisht vdekja e Sokol Olldashit? Vdekja e Olldashit u interesonte nj\u00ebrit nga dy politikan\u00ebve kryesor\u00eb n\u00eb vend: Lulzim Bash\u00ebs (Sali Berish\u00ebs), ose Edi Ram\u00ebs. N\u00eb pamje t\u00eb par\u00eb duket se vdekja e Olldashit i konvenoi Bash\u00ebs dhe Berish\u00ebs.<\/p>\n<p>Olldashi qart\u00ebsisht ishte duke e p\u00ebr\u00e7ar\u00eb PD-n\u00eb dhe duke krijuar nj\u00eb fraksion, duke pasur mb\u00ebshtetjen e nj\u00eb numri jo t\u00eb vog\u00ebl deputet\u00ebsh brenda grupit parlamentar t\u00eb PD-s\u00eb. Ky fraksion do t\u00eb krijonte nj\u00eb parti t\u00eb re. N\u00eb rrethana t\u00eb tjera Basha dhe Berisha do ta shihnin k\u00ebt\u00eb gj\u00eb si shum\u00eb t\u00eb d\u00ebmshme, por n\u00eb rrethanat q\u00eb \u00ebsht\u00eb PD sot, fraksioni i Olldashit do t\u00eb ishte alibia perfekte p\u00ebr humbjen e paevitueshme t\u00eb dy pal\u00eb zgjedhjeve q\u00eb e pret PD-n\u00eb: zgjedhjet vendore t\u00eb vitit 2015 dhe zgjedhjet parlamentare t\u00eb vitit 2017. Partia e re e Olldashit do t\u00eb p\u00ebrdorej nga Basha dhe Berisha ashtu si\u00e7 u p\u00ebrdor partia e Pollos n\u00eb koh\u00ebn kur PD ishte her\u00ebn e par\u00eb n\u00eb opozit\u00eb, pra si nj\u00eb alibi p\u00ebr humbjen e zgjedhjeve parlamentare t\u00eb vitit 2011 dhe t\u00eb zgjedhjeve vendore t\u00eb vitit 2003. Ashtu si Pollo, edhe Olldashi ishte i krishter\u00eb ortodoks, pra i p\u00ebrkiste nj\u00eb komuniteti vet\u00ebm nj\u00eb pakic\u00eb e t\u00eb cilit e mb\u00ebshtet PD-n\u00eb.<\/p>\n<p>Prandaj ai nuk mund t\u00eb shk\u00ebpuste ndonj\u00eb gj\u00eb t\u00eb madhe nga an\u00ebtar\u00ebsia dhe votuesit e PD-s\u00eb. Olldashi mund t\u00eb b\u00ebhej i rreziksh\u00ebm n\u00ebse bashkohej me partin\u00eb e Bamir Topit, por Basha dhe Berisha e dinin se Olldashi ishte ambicioz dhe nuk do t\u00eb pranonte kurr\u00eb q\u00eb t\u00eb b\u00ebhej nr. 2 n\u00eb partin\u00eb e Topit, gj\u00eb q\u00eb nuk e pranoi as Kreshnik Spahiu. Ashtu si\u00e7 i sh\u00ebrbeu Berish\u00ebs dalja m\u00eb vete n\u00eb zgjedhje e Topit dhe Spahiut, ashtu do t\u2019 i sh\u00ebrbente dhe dalja m\u00eb vete e Olldashit dhe Topit.<\/p>\n<p>Por n\u00eb loj\u00ebn politike ishte dhe faktori Edi Rama. Arsyeja kryesore q\u00eb Sokol Olldashi po shk\u00ebputej nga PD ishte q\u00eb ai t\u00eb siguronte nga Edi Rama imunitetin faktik, pra q\u00eb nuk do t\u00eb arrestohej p\u00ebr shp\u00ebrdorimet q\u00eb kishte b\u00ebr\u00eb me detyr\u00ebn gjat\u00eb tet\u00eb viteve q\u00eb kishte qen\u00eb minist\u00ebr, me nj\u00eb nd\u00ebrprerje prej dy muajsh kur kandidoi p\u00ebr kryetar bashkie n\u00eb Tiran\u00eb, n\u00eb 2007. Dhe Olldashi kishte qen\u00eb n\u00eb ministri me shum\u00eb para, ku ishin b\u00ebr\u00eb shum\u00eb abuzime. V\u00ebrtet q\u00eb nuk ishte Edi Rama ai e nxiti Olldashin q\u00eb t\u00eb kandidonte p\u00ebrball\u00eb Lulzim Bash\u00ebs p\u00ebr postin e kryetarit t\u00eb PD-s\u00eb, por ishte Edi Rama ai q\u00eb e nxiti Olldashin t\u00eb b\u00ebnte provokatorin, duke th\u00ebn\u00eb se zgjedhjet n\u00eb PD qen\u00eb t\u00eb manipuluara. Q\u00eb nga korriku kur Olldashi shpalli kandidatur\u00ebn dhe deri n\u00eb n\u00ebntor kur vdiq, jan\u00eb mbi 300 telefonata midis tij dhe Edi Ram\u00ebs dhe kuptohet q\u00eb tema e bised\u00ebs nuk ka qen\u00eb eksperienca e tyre e p\u00ebrbashk\u00ebt si kandidat\u00eb p\u00ebr Kryetar\u00eb Bashkie n\u00eb Tiran\u00eb n\u00eb 2007. Por Edi Rama p\u00ebr ta nxitur Olldashin i premtoi atij para p\u00ebr t\u00eb financuar p\u00ebr\u00e7arjen e PD-s\u00eb, si dhe i premtoi q\u00eb ta lejonte t\u00eb fitonte bashkin\u00eb e Tiran\u00ebs n\u00ebse do t\u00eb kandidonte n\u00eb 2015. Olldashi natyrisht nuk besonte shum\u00eb n\u00eb premtimet, dhe m\u00eb tep\u00ebr donte parat\u00eb.<\/p>\n<p>Por Rama kishte plane t\u00eb tjera, dhe ato nuk ia zbulonte Olldashit q\u00eb n\u00eb fillim. Rama, duke e njohur shum\u00eb mir\u00eb PD-n\u00eb nuk kishte ndonj\u00eb iluzion se Olldashi mund t\u00eb b\u00ebnte n\u00eb k\u00ebt\u00eb parti ndonj\u00eb diversion m\u00eb t\u00eb madh se \u00e7\u2019 b\u00ebri Genc Pollo n\u00eb vitet 1999-2003. Rama e dinte se p\u00ebr t\u00eb nxjerr\u00eb nj\u00eb rival t\u00eb v\u00ebrtet\u00eb ndaj Bash\u00ebs, por edhe Berish\u00ebs, n\u00eb PD duhet nj\u00eb politikan q\u00eb t\u00eb jet\u00eb me origjin\u00eb autokton nga pjesa e Shqip\u00ebris\u00eb sip\u00ebr Shkumbinit. Rama mendonte dhe ende mendon se k\u00ebt\u00eb rol mund ta b\u00ebj\u00eb m\u00eb mir\u00eb Bamir Topi. Prandaj Rama i k\u00ebrkoi Olldashit q\u00eb me mb\u00ebshtet\u00ebsit e tij t\u00eb mos krijonte nj\u00eb parti t\u00eb re, por t\u00eb shkonte n\u00eb partin\u00eb e Bamir Topit, s\u00eb bashku me grupin e mb\u00ebshtet\u00ebsve t\u00eb tij n\u00eb PD.<\/p>\n<p>Olldashi duhet t\u00eb sh\u00ebrbente m\u00eb tep\u00ebr si katalizator q\u00eb nga PD t\u00eb shk\u00ebputeshin t\u00eb tjer\u00eb njer\u00ebz kur t\u00eb shikonin se Olldashi dhe disa deputet\u00eb t\u00eb PD shkuan te partia e Bamir Topit. Olldashi e kuptoi se Edi Rama donte ta p\u00ebrdorte thjesht p\u00ebr diversion, si \u201cnum\u00ebror Topi\u201d, si\u00e7 thuhet n\u00eb artileri dhe q\u00eb n\u00eb k\u00ebt\u00eb rast shkon mir\u00eb p\u00ebr shkak t\u00eb mbiemrit t\u00eb Bamirit. Prandaj Olldashi k\u00ebrkoi q\u00eb s\u00eb paku t\u2019 i jepeshin parat\u00eb q\u00eb i ishin premtuar p\u00ebr t\u00eb b\u00ebr\u00eb diversionin. Por Edi Rama donte q\u00eb parat\u00eb t\u2019 i p\u00ebrdorte Bamir Topi, q\u00eb t\u2019 i rritej autoriteti n\u00eb PD. Rama e dinte se Olldashi ishte maniak i bixhozit dhe se kishte shum\u00eb mund\u00ebsi q\u00eb parat\u00eb e projektit p\u00ebr p\u00ebr\u00e7arjen e PD-s\u00eb t\u00eb p\u00ebrfundonin n\u00eb kazinot e Malit t\u00eb Zi. K\u00ebshtu q\u00eb marr\u00ebdh\u00ebniet mes Ram\u00ebs dhe Olldashit u tensionuan shum\u00eb n\u00eb jav\u00ebt e fundit, para vdekjes s\u00eb Olldashit. Mes tyre n\u00eb k\u00ebt\u00eb koh\u00eb ka pasur mbi nj\u00ebqind telefonata dhe shum\u00eb sms nervoze. Olldashi ishte nervoz se koh\u00ebt e fundit, q\u00ebkurse kishte dal\u00eb n\u00eb opozit\u00eb po humbte shum\u00eb n\u00eb bixhoz.<\/p>\n<p>Gjithashtu e kishte tepruar shum\u00eb edhe me alkoolin. Rama e kuptoi se Olldashi duhej t\u00eb nxirrej nga loja. Dhe Olldashi doli nga loja at\u00ebher\u00eb kur duhej. Tani Bamir Topi mbeti i vetmi lider i mundsh\u00ebm p\u00ebr ata q\u00eb duan t\u00eb shk\u00ebputen nga PD. Aq me zell e ka marr\u00eb Bamiri k\u00ebt\u00eb pun\u00eb sa ishte i vetmi politikan q\u00eb n\u00eb nat\u00ebn e fundit t\u00eb vitit, n\u00eb 31 dhjetor 2013 doli n\u00eb nj\u00eb intervist\u00eb t\u00eb gjat\u00eb televizive ku i ftoi hapur deputet\u00ebt e PD-s\u00eb q\u00eb t\u00eb shk\u00ebputen nga grupi parlamentar i k\u00ebsaj partie dhe t\u2019 i bashkohen partis\u00eb s\u00eb tij.<\/p>\n<p>Tani Edi Rama dhe Bamir Topi po enden n\u00eb sken\u00ebn politike me arkivolin e Sokol Olldashit mbi shpin\u00eb. Vargan i \u00e7uditsh\u00ebm. Figura m\u00eb groteske q\u00eb u shkon pas \u00ebsht\u00eb nj\u00eb deputete e PD-s\u00eb e cila q\u00eb prej vdekjes s\u00eb Sokol Olldashit b\u00ebn \u00e7mos p\u00ebr t\u00eb treguar se ajo ka t\u00eb drejt\u00eb t\u00eb mbaj\u00eb zi p\u00ebr \u201cKolin\u201d m\u00eb tep\u00ebr se gruaja e t\u00eb ndjerit. Njeriu q\u00eb di m\u00eb shum\u00eb p\u00ebrve\u00e7 k\u00ebtyre p\u00ebr vdekjen e Olldashit \u00ebsht\u00eb Mero Baze, i cili ka th\u00ebn\u00eb n\u00eb nj\u00eb editorial se ai koh\u00ebt e fundit kishte qen\u00eb nj\u00eb shoq\u00ebrues i pandar\u00eb i Olldashit. Merret vesh se p\u00ebr \u00e7\u2019 q\u00ebllim. Mero Baze nuk ishte me Olldashin vet\u00ebm nat\u00ebn e \u201caksidentit\u201d. \/<strong>Kastriot Myftaraj<\/strong>\/<\/p>\n","protected":false},"excerpt":{"rendered":"<p>Nga Express | 06 Janar 2014 Nj\u00ebri prej gazetar\u00ebve q\u00eb shquhet p\u00ebr teori t\u00eb konspiracionit n\u00eb Shqip\u00ebri, Kastriot Myftaraj ka shkruar n\u00eb nj\u00eb koment t\u00eb tij se deputeti i Partis\u00eb Demokratike t\u00eb Shqip\u00ebris\u00eb, Sokol Olldashi, nj\u00ebherazi edhe kandidat p\u00ebr kryetar t\u00eb PD-s\u00eb, nuk ka vdekur aksidentalisht por \u00ebsht\u00eb vrar\u00eb. P\u00ebr m\u00eb tep\u00ebr po e sjellim [&hellip;]<\/p>\n","protected":false},"author":1,"featured_media":0,"comment_status":"open","ping_status":"closed","sticky":false,"template":"","format":"standard","meta":{"footnotes":""},"categories":[2],"tags":[],"class_list":{"0":"post-13323","1":"post","2":"type-post","3":"status-publish","4":"format-standard","6":"category-artikuj"},"yoast_head":"<!-- This site is optimized with the Yoast SEO plugin v27.4 - https:\/\/yoast.com\/product\/yoast-seo-wordpress\/ -->\n<title>KUSH E VRAU SOKOL OLLDASHIN? - FjALA e LIR\u00cb - Arkivi<\/title>\n<meta name=\"robots\" content=\"index, follow, max-snippet:-1, max-image-preview:large, max-video-preview:-1\" \/>\n<link rel=\"canonical\" href=\"https:\/\/fjala.info\/2009-2015\/kush-e-vrau-sokol-olldashin\/\" \/>\n<meta property=\"og:locale\" content=\"sq_AL\" \/>\n<meta property=\"og:type\" content=\"article\" \/>\n<meta property=\"og:title\" content=\"KUSH E VRAU SOKOL OLLDASHIN? - FjALA e LIR\u00cb - Arkivi\" \/>\n<meta property=\"og:description\" content=\"Nga Express | 06 Janar 2014 Nj\u00ebri prej gazetar\u00ebve q\u00eb shquhet p\u00ebr teori t\u00eb konspiracionit n\u00eb Shqip\u00ebri, Kastriot Myftaraj ka shkruar n\u00eb nj\u00eb koment t\u00eb tij se deputeti i Partis\u00eb Demokratike t\u00eb Shqip\u00ebris\u00eb, Sokol Olldashi, nj\u00ebherazi edhe kandidat p\u00ebr kryetar t\u00eb PD-s\u00eb, nuk ka vdekur aksidentalisht por \u00ebsht\u00eb vrar\u00eb. P\u00ebr m\u00eb tep\u00ebr po e sjellim [&hellip;]\" \/>\n<meta property=\"og:url\" content=\"https:\/\/fjala.info\/2009-2015\/kush-e-vrau-sokol-olldashin\/\" \/>\n<meta property=\"og:site_name\" content=\"FjALA e LIR\u00cb - Arkivi\" \/>\n<meta property=\"article:published_time\" content=\"2014-01-06T20:58:42+00:00\" \/>\n<meta property=\"og:image\" content=\"http:\/\/www.fjala.info\/2014\/sokol_olldashi.jpg\" \/>\n<meta name=\"author\" content=\"admin\" \/>\n<meta name=\"twitter:card\" content=\"summary_large_image\" \/>\n<meta name=\"twitter:label1\" content=\"Written by\" \/>\n\t<meta name=\"twitter:data1\" content=\"admin\" \/>\n\t<meta name=\"twitter:label2\" content=\"Est. reading time\" \/>\n\t<meta name=\"twitter:data2\" content=\"8 minutes\" \/>\n<script type=\"application\/ld+json\" class=\"yoast-schema-graph\">{\"@context\":\"https:\\\/\\\/schema.org\",\"@graph\":[{\"@type\":\"Article\",\"@id\":\"https:\\\/\\\/fjala.info\\\/2009-2015\\\/kush-e-vrau-sokol-olldashin\\\/#article\",\"isPartOf\":{\"@id\":\"https:\\\/\\\/fjala.info\\\/2009-2015\\\/kush-e-vrau-sokol-olldashin\\\/\"},\"author\":{\"name\":\"admin\",\"@id\":\"https:\\\/\\\/fjala.info\\\/2009-2015\\\/#\\\/schema\\\/person\\\/3aa1163ef05469c496fc94e77611ada2\"},\"headline\":\"KUSH E VRAU SOKOL OLLDASHIN?\",\"datePublished\":\"2014-01-06T20:58:42+00:00\",\"mainEntityOfPage\":{\"@id\":\"https:\\\/\\\/fjala.info\\\/2009-2015\\\/kush-e-vrau-sokol-olldashin\\\/\"},\"wordCount\":1665,\"commentCount\":0,\"publisher\":{\"@id\":\"https:\\\/\\\/fjala.info\\\/2009-2015\\\/#organization\"},\"image\":{\"@id\":\"https:\\\/\\\/fjala.info\\\/2009-2015\\\/kush-e-vrau-sokol-olldashin\\\/#primaryimage\"},\"thumbnailUrl\":\"http:\\\/\\\/www.fjala.info\\\/2014\\\/sokol_olldashi.jpg\",\"articleSection\":[\"Artikuj\"],\"inLanguage\":\"sq-AL\",\"potentialAction\":[{\"@type\":\"CommentAction\",\"name\":\"Comment\",\"target\":[\"https:\\\/\\\/fjala.info\\\/2009-2015\\\/kush-e-vrau-sokol-olldashin\\\/#respond\"]}]},{\"@type\":\"WebPage\",\"@id\":\"https:\\\/\\\/fjala.info\\\/2009-2015\\\/kush-e-vrau-sokol-olldashin\\\/\",\"url\":\"https:\\\/\\\/fjala.info\\\/2009-2015\\\/kush-e-vrau-sokol-olldashin\\\/\",\"name\":\"KUSH E VRAU SOKOL OLLDASHIN? - FjALA e LIR\u00cb - Arkivi\",\"isPartOf\":{\"@id\":\"https:\\\/\\\/fjala.info\\\/2009-2015\\\/#website\"},\"primaryImageOfPage\":{\"@id\":\"https:\\\/\\\/fjala.info\\\/2009-2015\\\/kush-e-vrau-sokol-olldashin\\\/#primaryimage\"},\"image\":{\"@id\":\"https:\\\/\\\/fjala.info\\\/2009-2015\\\/kush-e-vrau-sokol-olldashin\\\/#primaryimage\"},\"thumbnailUrl\":\"http:\\\/\\\/www.fjala.info\\\/2014\\\/sokol_olldashi.jpg\",\"datePublished\":\"2014-01-06T20:58:42+00:00\",\"breadcrumb\":{\"@id\":\"https:\\\/\\\/fjala.info\\\/2009-2015\\\/kush-e-vrau-sokol-olldashin\\\/#breadcrumb\"},\"inLanguage\":\"sq-AL\",\"potentialAction\":[{\"@type\":\"ReadAction\",\"target\":[\"https:\\\/\\\/fjala.info\\\/2009-2015\\\/kush-e-vrau-sokol-olldashin\\\/\"]}]},{\"@type\":\"ImageObject\",\"inLanguage\":\"sq-AL\",\"@id\":\"https:\\\/\\\/fjala.info\\\/2009-2015\\\/kush-e-vrau-sokol-olldashin\\\/#primaryimage\",\"url\":\"http:\\\/\\\/www.fjala.info\\\/2014\\\/sokol_olldashi.jpg\",\"contentUrl\":\"http:\\\/\\\/www.fjala.info\\\/2014\\\/sokol_olldashi.jpg\"},{\"@type\":\"BreadcrumbList\",\"@id\":\"https:\\\/\\\/fjala.info\\\/2009-2015\\\/kush-e-vrau-sokol-olldashin\\\/#breadcrumb\",\"itemListElement\":[{\"@type\":\"ListItem\",\"position\":1,\"name\":\"Home\",\"item\":\"https:\\\/\\\/fjala.info\\\/2009-2015\\\/\"},{\"@type\":\"ListItem\",\"position\":2,\"name\":\"KUSH E VRAU SOKOL OLLDASHIN?\"}]},{\"@type\":\"WebSite\",\"@id\":\"https:\\\/\\\/fjala.info\\\/2009-2015\\\/#website\",\"url\":\"https:\\\/\\\/fjala.info\\\/2009-2015\\\/\",\"name\":\"FjALA e LIR\u00cb - Arkivi\",\"description\":\"Arkivi 2009-2015\",\"publisher\":{\"@id\":\"https:\\\/\\\/fjala.info\\\/2009-2015\\\/#organization\"},\"potentialAction\":[{\"@type\":\"SearchAction\",\"target\":{\"@type\":\"EntryPoint\",\"urlTemplate\":\"https:\\\/\\\/fjala.info\\\/2009-2015\\\/?s={search_term_string}\"},\"query-input\":{\"@type\":\"PropertyValueSpecification\",\"valueRequired\":true,\"valueName\":\"search_term_string\"}}],\"inLanguage\":\"sq-AL\"},{\"@type\":\"Organization\",\"@id\":\"https:\\\/\\\/fjala.info\\\/2009-2015\\\/#organization\",\"name\":\"FjALA e LIR\u00cb - Arkivi\",\"url\":\"https:\\\/\\\/fjala.info\\\/2009-2015\\\/\",\"logo\":{\"@type\":\"ImageObject\",\"inLanguage\":\"sq-AL\",\"@id\":\"https:\\\/\\\/fjala.info\\\/2009-2015\\\/#\\\/schema\\\/logo\\\/image\\\/\",\"url\":\"\",\"contentUrl\":\"\",\"caption\":\"FjALA e LIR\u00cb - Arkivi\"},\"image\":{\"@id\":\"https:\\\/\\\/fjala.info\\\/2009-2015\\\/#\\\/schema\\\/logo\\\/image\\\/\"}},{\"@type\":\"Person\",\"@id\":\"https:\\\/\\\/fjala.info\\\/2009-2015\\\/#\\\/schema\\\/person\\\/3aa1163ef05469c496fc94e77611ada2\",\"name\":\"admin\",\"image\":{\"@type\":\"ImageObject\",\"inLanguage\":\"sq-AL\",\"@id\":\"https:\\\/\\\/fjala.info\\\/2009-2015\\\/wp-content\\\/uploads\\\/2012\\\/02\\\/arben_cokaj-120x150.jpg\",\"url\":\"https:\\\/\\\/fjala.info\\\/2009-2015\\\/wp-content\\\/uploads\\\/2012\\\/02\\\/arben_cokaj-120x150.jpg\",\"contentUrl\":\"https:\\\/\\\/fjala.info\\\/2009-2015\\\/wp-content\\\/uploads\\\/2012\\\/02\\\/arben_cokaj-120x150.jpg\",\"caption\":\"admin\"},\"description\":\"Admin, Fjala e Lir\u00eb\",\"sameAs\":[\"https:\\\/\\\/fjala.info\\\/\"],\"url\":\"https:\\\/\\\/fjala.info\\\/2009-2015\\\/author\\\/admin\\\/\"}]}<\/script>\n<!-- \/ Yoast SEO plugin. -->","yoast_head_json":{"title":"KUSH E VRAU SOKOL OLLDASHIN? - FjALA e LIR\u00cb - Arkivi","robots":{"index":"index","follow":"follow","max-snippet":"max-snippet:-1","max-image-preview":"max-image-preview:large","max-video-preview":"max-video-preview:-1"},"canonical":"https:\/\/fjala.info\/2009-2015\/kush-e-vrau-sokol-olldashin\/","og_locale":"sq_AL","og_type":"article","og_title":"KUSH E VRAU SOKOL OLLDASHIN? - FjALA e LIR\u00cb - Arkivi","og_description":"Nga Express | 06 Janar 2014 Nj\u00ebri prej gazetar\u00ebve q\u00eb shquhet p\u00ebr teori t\u00eb konspiracionit n\u00eb Shqip\u00ebri, Kastriot Myftaraj ka shkruar n\u00eb nj\u00eb koment t\u00eb tij se deputeti i Partis\u00eb Demokratike t\u00eb Shqip\u00ebris\u00eb, Sokol Olldashi, nj\u00ebherazi edhe kandidat p\u00ebr kryetar t\u00eb PD-s\u00eb, nuk ka vdekur aksidentalisht por \u00ebsht\u00eb vrar\u00eb. P\u00ebr m\u00eb tep\u00ebr po e sjellim [&hellip;]","og_url":"https:\/\/fjala.info\/2009-2015\/kush-e-vrau-sokol-olldashin\/","og_site_name":"FjALA e LIR\u00cb - Arkivi","article_published_time":"2014-01-06T20:58:42+00:00","og_image":[{"url":"http:\/\/www.fjala.info\/2014\/sokol_olldashi.jpg","type":"","width":"","height":""}],"author":"admin","twitter_card":"summary_large_image","twitter_misc":{"Written by":"admin","Est. reading time":"8 minutes"},"schema":{"@context":"https:\/\/schema.org","@graph":[{"@type":"Article","@id":"https:\/\/fjala.info\/2009-2015\/kush-e-vrau-sokol-olldashin\/#article","isPartOf":{"@id":"https:\/\/fjala.info\/2009-2015\/kush-e-vrau-sokol-olldashin\/"},"author":{"name":"admin","@id":"https:\/\/fjala.info\/2009-2015\/#\/schema\/person\/3aa1163ef05469c496fc94e77611ada2"},"headline":"KUSH E VRAU SOKOL OLLDASHIN?","datePublished":"2014-01-06T20:58:42+00:00","mainEntityOfPage":{"@id":"https:\/\/fjala.info\/2009-2015\/kush-e-vrau-sokol-olldashin\/"},"wordCount":1665,"commentCount":0,"publisher":{"@id":"https:\/\/fjala.info\/2009-2015\/#organization"},"image":{"@id":"https:\/\/fjala.info\/2009-2015\/kush-e-vrau-sokol-olldashin\/#primaryimage"},"thumbnailUrl":"http:\/\/www.fjala.info\/2014\/sokol_olldashi.jpg","articleSection":["Artikuj"],"inLanguage":"sq-AL","potentialAction":[{"@type":"CommentAction","name":"Comment","target":["https:\/\/fjala.info\/2009-2015\/kush-e-vrau-sokol-olldashin\/#respond"]}]},{"@type":"WebPage","@id":"https:\/\/fjala.info\/2009-2015\/kush-e-vrau-sokol-olldashin\/","url":"https:\/\/fjala.info\/2009-2015\/kush-e-vrau-sokol-olldashin\/","name":"KUSH E VRAU SOKOL OLLDASHIN? - FjALA e LIR\u00cb - Arkivi","isPartOf":{"@id":"https:\/\/fjala.info\/2009-2015\/#website"},"primaryImageOfPage":{"@id":"https:\/\/fjala.info\/2009-2015\/kush-e-vrau-sokol-olldashin\/#primaryimage"},"image":{"@id":"https:\/\/fjala.info\/2009-2015\/kush-e-vrau-sokol-olldashin\/#primaryimage"},"thumbnailUrl":"http:\/\/www.fjala.info\/2014\/sokol_olldashi.jpg","datePublished":"2014-01-06T20:58:42+00:00","breadcrumb":{"@id":"https:\/\/fjala.info\/2009-2015\/kush-e-vrau-sokol-olldashin\/#breadcrumb"},"inLanguage":"sq-AL","potentialAction":[{"@type":"ReadAction","target":["https:\/\/fjala.info\/2009-2015\/kush-e-vrau-sokol-olldashin\/"]}]},{"@type":"ImageObject","inLanguage":"sq-AL","@id":"https:\/\/fjala.info\/2009-2015\/kush-e-vrau-sokol-olldashin\/#primaryimage","url":"http:\/\/www.fjala.info\/2014\/sokol_olldashi.jpg","contentUrl":"http:\/\/www.fjala.info\/2014\/sokol_olldashi.jpg"},{"@type":"BreadcrumbList","@id":"https:\/\/fjala.info\/2009-2015\/kush-e-vrau-sokol-olldashin\/#breadcrumb","itemListElement":[{"@type":"ListItem","position":1,"name":"Home","item":"https:\/\/fjala.info\/2009-2015\/"},{"@type":"ListItem","position":2,"name":"KUSH E VRAU SOKOL OLLDASHIN?"}]},{"@type":"WebSite","@id":"https:\/\/fjala.info\/2009-2015\/#website","url":"https:\/\/fjala.info\/2009-2015\/","name":"FjALA e LIR\u00cb - Arkivi","description":"Arkivi 2009-2015","publisher":{"@id":"https:\/\/fjala.info\/2009-2015\/#organization"},"potentialAction":[{"@type":"SearchAction","target":{"@type":"EntryPoint","urlTemplate":"https:\/\/fjala.info\/2009-2015\/?s={search_term_string}"},"query-input":{"@type":"PropertyValueSpecification","valueRequired":true,"valueName":"search_term_string"}}],"inLanguage":"sq-AL"},{"@type":"Organization","@id":"https:\/\/fjala.info\/2009-2015\/#organization","name":"FjALA e LIR\u00cb - Arkivi","url":"https:\/\/fjala.info\/2009-2015\/","logo":{"@type":"ImageObject","inLanguage":"sq-AL","@id":"https:\/\/fjala.info\/2009-2015\/#\/schema\/logo\/image\/","url":"","contentUrl":"","caption":"FjALA e LIR\u00cb - Arkivi"},"image":{"@id":"https:\/\/fjala.info\/2009-2015\/#\/schema\/logo\/image\/"}},{"@type":"Person","@id":"https:\/\/fjala.info\/2009-2015\/#\/schema\/person\/3aa1163ef05469c496fc94e77611ada2","name":"admin","image":{"@type":"ImageObject","inLanguage":"sq-AL","@id":"https:\/\/fjala.info\/2009-2015\/wp-content\/uploads\/2012\/02\/arben_cokaj-120x150.jpg","url":"https:\/\/fjala.info\/2009-2015\/wp-content\/uploads\/2012\/02\/arben_cokaj-120x150.jpg","contentUrl":"https:\/\/fjala.info\/2009-2015\/wp-content\/uploads\/2012\/02\/arben_cokaj-120x150.jpg","caption":"admin"},"description":"Admin, Fjala e Lir\u00eb","sameAs":["https:\/\/fjala.info\/"],"url":"https:\/\/fjala.info\/2009-2015\/author\/admin\/"}]}},"_links":{"self":[{"href":"https:\/\/fjala.info\/2009-2015\/wp-json\/wp\/v2\/posts\/13323","targetHints":{"allow":["GET"]}}],"collection":[{"href":"https:\/\/fjala.info\/2009-2015\/wp-json\/wp\/v2\/posts"}],"about":[{"href":"https:\/\/fjala.info\/2009-2015\/wp-json\/wp\/v2\/types\/post"}],"author":[{"embeddable":true,"href":"https:\/\/fjala.info\/2009-2015\/wp-json\/wp\/v2\/users\/1"}],"replies":[{"embeddable":true,"href":"https:\/\/fjala.info\/2009-2015\/wp-json\/wp\/v2\/comments?post=13323"}],"version-history":[{"count":0,"href":"https:\/\/fjala.info\/2009-2015\/wp-json\/wp\/v2\/posts\/13323\/revisions"}],"wp:attachment":[{"href":"https:\/\/fjala.info\/2009-2015\/wp-json\/wp\/v2\/media?parent=13323"}],"wp:term":[{"taxonomy":"category","embeddable":true,"href":"https:\/\/fjala.info\/2009-2015\/wp-json\/wp\/v2\/categories?post=13323"},{"taxonomy":"post_tag","embeddable":true,"href":"https:\/\/fjala.info\/2009-2015\/wp-json\/wp\/v2\/tags?post=13323"}],"curies":[{"name":"wp","href":"https:\/\/api.w.org\/{rel}","templated":true}]}}