{"id":13322,"date":"2014-01-06T09:00:28","date_gmt":"2014-01-06T08:00:28","guid":{"rendered":"http:\/\/www.fjala.info\/?p=114"},"modified":"2014-01-06T09:00:28","modified_gmt":"2014-01-06T08:00:28","slug":"ekstremizmi-fetar-islamik-me-veset-e-veta-terrorizon-shqiptaret","status":"publish","type":"post","link":"https:\/\/fjala.info\/2009-2015\/ekstremizmi-fetar-islamik-me-veset-e-veta-terrorizon-shqiptaret\/","title":{"rendered":"Ekstremizmi fetar islamik me veset e veta terrorizon shqiptar\u00ebt!"},"content":{"rendered":"<p><img decoding=\"async\" class=\"alignright size-thumbnail wp-image-7236\" title=\"Fishekzjarre n\u00eb Dubai\" alt=\"\" src=\"http:\/\/www.fjala.info\/2014\/fishekzjarre.jpg\" width=\"200\" \/> Nga <strong>Rrezart Kalaja<\/strong><\/p>\n<p>Viti i Ri \u00ebsht\u00eb koha n\u00eb t\u00eb cil\u00ebn, kjo periudh\u00eb kalendarike festohet n\u00eb shum\u00eb kultura, ngjarja festohet n\u00eb m\u00ebnyr\u00eb solemne n\u00eb mbar\u00eb bot\u00ebn. P\u00ebr informacion n\u00eb lidhje me ndryshimin nga kalendari &#8220;<em>Julian n\u00eb kalendarin Gregorian<\/em>&#8221; dhe efekti mbi datimin e ngjarjeve historike jan\u00eb p\u00ebrforcuar n\u00eb t\u00ebr\u00eb globin si unike.<\/p>\n<p>&#8211; Me zgjerimin e kultur\u00ebs per\u00ebndimore n\u00eb shum\u00eb vende t\u00eb tjera t\u00eb bot\u00ebs gjat\u00eb shekujve t\u00eb fundit, kalendari Gregorian \u00ebsht\u00eb miratuar nga shum\u00eb vende t\u00eb tjera si kalendar zyrtar, dhe dat\u00ebn ne mes 31 dhjetorit dhe 1 janar \u00ebsht\u00eb si fest\u00eb globale. Ky kalendar festiv p\u00ebson ndryshime n\u00eb disa vende duke i ruajtur karakteret lokale t\u00eb organizimit sipas fes\u00eb p\u00ebrkat\u00ebse. <\/p>\n<p>&#8211; Dita e par\u00eb e vitit n\u00eb kalendarin gregorian, q\u00eb p\u00ebrdoret nga shumica e vendeve, tet\u00eb nga dymb\u00ebdhjet\u00eb e kishave ortodokse t\u00eb Lindjes, t\u00eb cilat e kan\u00eb miratuar kalendarin &#8220;Julian&#8221; jan\u00eb Bullgaria, Qipro, Egjipti, Greqia, Rumania, Siria dhe Turqia dhe festojn\u00eb &#8220;Vitin e Ri&#8221;.<\/p>\n<p>Shum\u00eb n\u00eb vendet ku predominon Ortodoksia festojn\u00eb dy festat e <em>Gregorian <\/em>dhe <em>Julian<\/em>. Viti i Ri, me dit\u00ebn Gregorian festohet si fest\u00eb qytetare, si dhe dat\u00ebn &#8220;Julian&#8221; si nj\u00eb fest\u00eb fetare. Kishat ortodokse e Gjeorgjis\u00eb, Jeruzalemit, Rusis\u00eb, Republika e Maqedonis\u00eb, Serbia dhe Ukraina ende p\u00ebrdorin data tjera. Datat m\u00eb t\u00eb zakonshme moderne dhe unike t\u00eb festimit jan\u00eb t\u00eb sh\u00ebnuara edhe tek populli shqiptar, q\u00eb zyrtarisht e festojn\u00eb si gjith\u00eb bota moderne. Nj\u00eb janari, njihet fillimi i vitit t\u00eb ri. K\u00ebtu duhet p\u00ebrjashtuar disa predikues fetar t\u00eb ekstremit islam, duke kaluar n\u00eb verb\u00ebsi dhe mungesa e edukat\u00ebs n\u00eb themelet e kultur\u00ebs dhe q\u00ebndrimeve zyrtare shqiptare. Ata kund\u00ebrshtojn\u00eb kalendarin festiv t\u00eb vitit t\u00eb ri. Ata shkuan aq larg nga disa m\u00ebsues t\u00eb tyre n\u00eb sh\u00ebrbimin e huaj, sa q\u00eb terrorizuan nj\u00eb t\u00eb ri ne parap\u00ebrgatitjen e manifestimin t\u00eb vitit t\u00eb ri si &#8220;Baba Dim\u00ebr&#8221;, duke shp\u00ebrnda dhurata f\u00ebmij\u00ebve n\u00eb rrug\u00ebt e Shkupit.<\/p>\n<p>&#8211; Koha prej dymb\u00ebdhjet\u00eb muajsh duke nisur nga 1 janari deri n\u00eb 31 dhjetor \u00ebsht\u00eb nj\u00eb vit, koha gjat\u00eb s\u00eb cil\u00ebs toka b\u00ebn\u00eb nj\u00eb rrotullim t\u00eb plot\u00eb rreth Diellit. K\u00ebta njer\u00ebz t\u00eb pa dijsh\u00ebm duan t\u00eb na l\u00ebn\u00eb pa i num\u00ebruar vitet, se kur kemi lind, sa vjet i b\u00ebm\u00eb, sa vje\u00e7ar je, sa vje\u00e7ar vdes etj.<\/p>\n<p>Viti ka kuptimin e vet qe ka nj\u00eb shum\u00eb kohe prej dymb\u00ebdhjet\u00eb muajsh dhe q\u00eb lidhet me ngjarje t\u00eb caktuara, periudh\u00eb kohe 12 muajsh, qe p\u00ebrfshin vitet e rind\u00ebrtimit t\u00eb vendit, vitet e pes\u00ebvje\u00e7ar\u00ebve, vitet e rinis\u00eb, kur themi n\u00eb vitet gjasht\u00ebdhjet\u00eb t\u00eb shekullit 20 prej vitit 1960 deri m\u00eb 1970. Let\u00ebrsia e viteve tridhjet\u00eb let\u00ebrsia e viteve 1930-1940 etj. K\u00ebta ekstremist\u00eb po duan me na l\u00ebn\u00eb, pa i shti n\u00eb evidenc\u00eb k\u00ebto vite dhe me mbet pa &#8220;Histori ton\u00ebn&#8221;, se kush jemi e pse kemi lind n\u00eb k\u00ebt\u00eb bot\u00eb?<\/p>\n<p>&#8211; Koha gjat\u00eb s\u00eb cil\u00ebs nj\u00eb planet b\u00ebn nj\u00eb rrotullim t\u00eb plot\u00eb rreth Diellit gj\u00eb qe mysliman\u00ebt sllavo-arab te p\u00ebrzier me shqiptar\u00eb me apetite antishqiptare nuk i din\u00eb, nuk i njohin as termet shkencore, po ndjellin skamje terr p\u00ebr k\u00ebt\u00eb popull!<\/p>\n<p>Nj\u00eb vit p\u00ebrdoret edhe p\u00ebr mosh\u00ebn e caktuar sa vje\u00e7 je n\u00eb mosh\u00eb, k\u00ebta mb\u00ebshtes t\u00eb sojit islam t\u00eb st\u00ebrvjet\u00ebruar na shesin mend q\u00eb mos t\u00eb festohet 1 vjetori i f\u00ebmiut, 5 vetori i tij, apo sa vjet i ke, as kur pate g\u00ebzim as hidh\u00ebrim, po i shtie n\u00eb evidenc\u00eb apo i festove keto data nga islamist\u00ebt budallenj konsiderohesh si kryes i m\u00ebkateve dhe ke rene ne kund\u00ebrshtim me pejgamberin Muhamet, qe konsideroj qe as q\u00eb e kane lexuar &#8220;Kuranin&#8221; as t\u00eb dh\u00ebnat e tij.<\/p>\n<p>Eksese t\u00eb k\u00ebsaj natyre u sh\u00ebnuan edhe n\u00eb Prizren q\u00eb e rr\u00ebnuan (pish\u00ebn e vitit t\u00eb ri), n\u00eb qendr\u00ebn e qytetit t\u00eb stilizuar me shum\u00eb llojshm\u00ebrie dritash! Nga kjo p\u00ebrfitohet p\u00ebrshtypja se k\u00ebta jan\u00eb t\u00eb ambientuar p\u00ebr terr dhe jo drit\u00eb p\u00ebr shqiptar\u00ebt&#8230; Me pa dituri e sulmojn\u00eb (diturin\u00eb e rilind\u00ebsve tan\u00eb qe krijuan vlerat n\u00eb kultur\u00ebn shqiptare). Festat dhe vlerat heroike shqiptare, po i z\u00ebvend\u00ebsojn\u00eb me barbar\u00ebt dhe pushtuesit tan\u00eb.<\/p>\n<p>Ekstremizmi fetar i dalldisur, sot n\u00eb trojet tona shkollimin e mir\u00ebfillt dhe ngritjen e emancipimit t\u00eb femr\u00ebs shqiptare e shohin si rrezik ndaj tyre dhe ju kundervehen me lloj lloj sharjesh fyerjesh dhe etiketimesh. Ata iu sjellin terrin me shami dhe ferexhe kund\u00ebr shkollimit dhe p\u00ebrparimit. Koh\u00ebn dhe zhvillimin ekonomik n\u00eb nxitjen e nj\u00eb hapi me koh\u00ebn e z\u00ebvend\u00ebsojn\u00eb me sabotim dhe denigrim t\u00eb familjes shqiptare, q\u00eb me dhun\u00eb i fusin n\u00eb shkolla fetare nga mosha 5 vje\u00e7are dhe e injorojn\u00eb pun\u00ebn, dmth gj\u00eb argumentuese q\u00eb jan\u00eb kund\u00ebr interesave tona shoq\u00ebrore apo edhe komb\u00ebtare?&#8230;<\/p>\n<p>Shqiptar\u00ebt mund t\u00eb krahasohen n\u00eb kultur\u00eb me shtetet ma me influenc\u00eb t\u00eb Evrop\u00ebs si n\u00eb kultur\u00eb, zakone dasma etj. Lesh-zinjt\u00eb arabo- sllav popullin shqiptar e ndajn\u00eb n\u00eb dasma, (ve\u00e7 burrat, ve\u00e7 grat\u00eb e ve\u00e7 f\u00ebmij\u00ebt, burrat e m\u00ebdhenj &#8220;hoxhallar\u00ebt&#8221; i vendosin n\u00eb stafin e par\u00eb), duke e anashkaluar intelektualin, artistin, edukatorin, k\u00ebng\u00ebtarin, shkenc\u00ebtarin dhe vlerta tona komb\u00ebtare duke i imponuar ato q\u00eb s&#8217;kemi asgj\u00eb t\u00eb p\u00ebrbashk\u00ebt me ta!<\/p>\n<p>&#8211; Zhvillimi dhe p\u00ebrpunimi i fotografis\u00eb nga shqiptaret u ndjekur dhe zhvilluar n\u00eb krah me bot\u00ebn. Soji anadollak i mjek\u00ebr-cjepve, as n\u00eb familjen dhe f\u00ebmij\u00ebt e vet nuk i lejojn\u00eb asnj\u00eb foto, pos n\u00ebse arrihen q\u00eb ti b\u00ebnin n\u00eb shkoll\u00eb fotografit\u00eb kolektivisht pastaj e mbajn\u00eb si kujtim edhe at\u00eb duke e mbajtur si ilegale n\u00eb sht\u00ebpin\u00eb e babait ekstremist, qe nuk lejon foton n\u00eb sht\u00ebpi, (q\u00eb qenka si haram dhe vep\u00ebr e d\u00ebnuar nga profeti Muhamet.<\/p>\n<p>Nga ky priz\u00ebm ky grup destruktiv i ka thyer n\u00eb Kosov\u00eb q\u00eb disa her\u00eb varrezat e d\u00ebshmor\u00ebve qe ran\u00eb p\u00ebr \u00e7lirimin e Kosov\u00ebs kund\u00ebr Serbis\u00eb. Pas vdekjes s\u00eb tyre, k\u00ebto varreza jan\u00eb rregulluar nga skalit\u00ebs guri me foto dhe mbishkrime, q\u00eb t\u00eb mbeten si vlera t\u00eb kombit k\u00ebta &#8220;hero masakrohen nga grupe terroriste islamike antishqiptare&#8221;, rr\u00ebnohen k\u00ebto buste dhe p\u00ebrmendoret e tyre me pretekst se qenkan kund\u00ebr Muhabetit, gj\u00eb absurde dhe qesharake, por edhe nj\u00eb luft\u00eb speciale kund\u00ebr shqiptareve!<\/p>\n<p>Shqiptar\u00ebt rregullat mbi martes\u00ebn i ka po thuajse shum\u00eb mir\u00eb t\u00eb rregulluar sipas ligjeve, kultur\u00ebs dhe interesave tona, qe p\u00ebrputhen me ato t\u00eb bot\u00ebs s\u00eb modernizuar t\u00eb popujve tjer\u00eb, ku nga k\u00ebta injorant &#8220;budallonj\u00eb dhe destruktiv me mendje t\u00eb cek\u00ebt dhe t\u00eb mashtruar nga predikuesit e fes\u00eb islame, thyejn\u00eb k\u00ebto rregulla, duke ju b\u00ebr\u00eb thirrje shqiptar\u00ebve q\u00eb t\u00eb martohen me vajza t\u00eb xhaxhait, gj\u00eb q\u00eb t\u00eb ne nuk \u00ebsht\u00eb e lejua ato i konsiderojm\u00eb si motra dhe t\u00eb af\u00ebrme tona e ruajm\u00eb moralin n\u00eb familje, t\u00eb martohem me vajzat e hall\u00ebs, q\u00eb ne shqiptar\u00ebt i konsiderojm\u00eb si motrat tona dhe shk\u00ebmbejm\u00eb vizita me muaj t\u00eb njeri tjetri duke e gjykuar k\u00ebt\u00eb thirrje t\u00eb xhihadit ekstrem halladuk t\u00eb barbarizmit ekstrem n\u00eb familjen e shenjt\u00eb shqiptare.<\/p>\n<p>Kjo bien n\u00eb kund\u00ebrshtim me moralin e shqiptar\u00ebve q\u00eb duhet t\u00eb mburremi me tradit\u00ebn dhe zakonet tona nga qe ju th\u00ebrrasim k\u00ebtyre grupeve t\u00eb marrin m\u00ebsim edhe shtetet q\u00eb punojn\u00eb p\u00ebr ta, (ne jemi ata q\u00eb do tu m\u00ebsojm\u00eb rregullat, dhe obligimet se si t\u00eb nd\u00ebrtohet dhe ruhet nderi i familjes dhe si ruhet &#8220;morali n\u00eb familje edhe se jemi t\u00eb varf\u00ebr !Ata nuk p\u00ebrzgjedhin se ku e \u00e7ka, ata jomoralitetin e shprehin n\u00eb familjen e ngusht\u00eb, q\u00eb e p\u00ebrzgjedhin p\u00ebr (seks) turp u qoft\u00eb dhe mbani duart larg ndaj shqiptar\u00ebve o njer\u00ebz t\u00eb pa fe, t\u00eb pa moral e t\u00eb pa identitet dhe antishqiptar. Mos dh\u00ebnien e dor\u00ebs n\u00eb p\u00ebrsh\u00ebndetje, si\u00e7 p\u00ebrsh\u00ebndet populli shqiptare shihet nj\u00eb mask\u00eb e madhe qe t\u00eb p\u00ebrfitojn\u00eb n\u00eb teren, f\u00eblliq\u00ebsira amorale me an\u00ebtaret e familjes qe t\u00eb rr\u00ebnojn\u00eb imazhin e familjes shqiptare, po edhe at\u00eb komb\u00ebtare!Ne e konsiderojm\u00eb si abuzim t\u00eb pa moralshme dhe diskriminim n\u00eb familjen shqiptare q\u00eb t\u00eb lejojn\u00eb k\u00ebso fyerjesh dhe cenimi i moralit n\u00eb familje, tek shqiptar\u00ebt u zgjedh vet\u00ebm me an\u00ebn e pushk\u00ebs.<\/p>\n<p>Martesa me vajz\u00ebn e motr\u00ebs, at\u00eb t\u00eb tez\u00ebs, t\u00eb kush\u00ebririt, etj. \u00ebsht\u00eb ndalim tek shqiptaret dhe e ndaluar si me rregullore, ashtu edhe me tradita. K\u00ebto akte brutale i ftohin marr\u00ebdh\u00ebniet familjare kur njeriu i rendom\u00eb shqiptar nuk \u00ebsht\u00eb n\u00eb gjendje ta lejoj f\u00ebmiun e vet, as n\u00eb sht\u00ebpi nga njer\u00ebzit dhe predikuesit e fes\u00eb islame me mjekra dhe me pantolla t\u00eb shkurt! T\u00eb vije motra e n\u00ebn\u00ebs tezja, p\u00ebr vizit\u00eb dhe me pa me nj\u00eb sy t\u00eb keq, se si me ardhur deri t\u00eb &#8220;marr\u00ebdh\u00ebnie seksuale&#8221; \u00ebsht\u00eb e ndaluar dhe e d\u00ebnuar!. N\u00eb shqiptar\u00ebt motr\u00ebn e n\u00ebn\u00ebs e konsiderojm\u00eb edhe si n\u00ebn\u00ebn ton\u00eb t\u00eb af\u00ebrme dhe si an\u00ebtare t\u00eb familjes etj.<\/p>\n<p><img decoding=\"async\" class=\"alignright size-thumbnail wp-image-7236\" title=\"Pamje nga Dubai\" alt=\"\" src=\"http:\/\/www.fjala.info\/2014\/dubai.jpg\" width=\"500\" \/><br \/>\n<em>Dubai, nj\u00eb vend islamik gj\u00eb qe theu rekordin bot\u00ebror t\u00eb gensit nga t\u00eb gjitha koh\u00ebrat, p\u00ebr spektaklin m\u00eb t\u00eb madh t\u00eb fishekzjarr\u00ebve p\u00ebr pritjen e vitit t\u00eb ri 2014, andaj p\u00ebrse k\u00ebta tan\u00ebt nuk marrin modele p\u00ebr s\u00eb miri po mbesin n\u00ebn ndikimin e territ!!<\/em><\/p>\n<p>\u00cbsht\u00eb p\u00ebr tu \u00e7uditur n\u00eb nat\u00ebn e Vitit t\u00eb Ri 2014 n\u00ebp\u00ebr qytetet e Kosov\u00ebs, \u00ebsht\u00eb shp\u00ebrndar\u00eb nj\u00eb broshur\u00eb n\u00eb t\u00eb cil\u00ebn \u00ebsht\u00eb k\u00ebrkuar q\u00eb t\u00eb mos festohet Viti i Ri me arsyetimin se nuk \u00ebsht\u00eb &#8220;fest\u00eb myslimane&#8221;! Broshurat thuhet se jan\u00eb shp\u00ebrndar\u00eb nga iniciativa \u201cDeveti Islam\u201d, derisa \u00ebsht\u00eb quajtur m\u00ebkatet e fundvitit. P\u00ebr \u00e7udi k\u00ebta budallenj &#8220;muhaxhedin&#8221; t\u00eb Kosov\u00ebs nuk dihet p\u00ebrse veprojn\u00eb k\u00ebshtu, kur po e marre si shembull, Dubain, nj\u00eb vend islamik me nj\u00eb kultur\u00eb dhe ekonomi t\u00eb zhvilluar gj\u00eb qe theu rekordin bot\u00ebror t\u00eb ginesit nga te gjitha koh\u00ebrat, p\u00ebr spektaklin m\u00eb t\u00eb madh t\u00eb fishekzjarr\u00ebve p\u00ebr pritjen e vitit t\u00eb ri 2014, nd\u00ebrsa n\u00eb Kosov\u00eb Shqip\u00ebri dhe vendbanimet shqiptare i rr\u00ebnojn\u00eb vlerat e kultur\u00ebs son\u00eb duke nxitur terr, skamje dhe terroriz\u00ebm n\u00eb familjet shqiptare.<\/p>\n","protected":false},"excerpt":{"rendered":"<p>Nga Rrezart Kalaja Viti i Ri \u00ebsht\u00eb koha n\u00eb t\u00eb cil\u00ebn, kjo periudh\u00eb kalendarike festohet n\u00eb shum\u00eb kultura, ngjarja festohet n\u00eb m\u00ebnyr\u00eb solemne n\u00eb mbar\u00eb bot\u00ebn. P\u00ebr informacion n\u00eb lidhje me ndryshimin nga kalendari &#8220;Julian n\u00eb kalendarin Gregorian&#8221; dhe efekti mbi datimin e ngjarjeve historike jan\u00eb p\u00ebrforcuar n\u00eb t\u00ebr\u00eb globin si unike. &#8211; Me zgjerimin [&hellip;]<\/p>\n","protected":false},"author":1,"featured_media":0,"comment_status":"open","ping_status":"closed","sticky":false,"template":"","format":"standard","meta":{"footnotes":""},"categories":[2],"tags":[],"class_list":{"0":"post-13322","1":"post","2":"type-post","3":"status-publish","4":"format-standard","6":"category-artikuj"},"yoast_head":"<!-- This site is optimized with the Yoast SEO plugin v27.4 - https:\/\/yoast.com\/product\/yoast-seo-wordpress\/ -->\n<title>Ekstremizmi fetar islamik me veset e veta terrorizon shqiptar\u00ebt! - FjALA e LIR\u00cb - Arkivi<\/title>\n<meta name=\"robots\" content=\"index, follow, max-snippet:-1, max-image-preview:large, max-video-preview:-1\" \/>\n<link rel=\"canonical\" href=\"https:\/\/fjala.info\/2009-2015\/ekstremizmi-fetar-islamik-me-veset-e-veta-terrorizon-shqiptaret\/\" \/>\n<meta property=\"og:locale\" content=\"sq_AL\" \/>\n<meta property=\"og:type\" content=\"article\" \/>\n<meta property=\"og:title\" content=\"Ekstremizmi fetar islamik me veset e veta terrorizon shqiptar\u00ebt! - FjALA e LIR\u00cb - Arkivi\" \/>\n<meta property=\"og:description\" content=\"Nga Rrezart Kalaja Viti i Ri \u00ebsht\u00eb koha n\u00eb t\u00eb cil\u00ebn, kjo periudh\u00eb kalendarike festohet n\u00eb shum\u00eb kultura, ngjarja festohet n\u00eb m\u00ebnyr\u00eb solemne n\u00eb mbar\u00eb bot\u00ebn. P\u00ebr informacion n\u00eb lidhje me ndryshimin nga kalendari &#8220;Julian n\u00eb kalendarin Gregorian&#8221; dhe efekti mbi datimin e ngjarjeve historike jan\u00eb p\u00ebrforcuar n\u00eb t\u00ebr\u00eb globin si unike. &#8211; Me zgjerimin [&hellip;]\" \/>\n<meta property=\"og:url\" content=\"https:\/\/fjala.info\/2009-2015\/ekstremizmi-fetar-islamik-me-veset-e-veta-terrorizon-shqiptaret\/\" \/>\n<meta property=\"og:site_name\" content=\"FjALA e LIR\u00cb - Arkivi\" \/>\n<meta property=\"article:published_time\" content=\"2014-01-06T08:00:28+00:00\" \/>\n<meta property=\"og:image\" content=\"http:\/\/www.fjala.info\/2014\/fishekzjarre.jpg\" \/>\n<meta name=\"author\" content=\"admin\" \/>\n<meta name=\"twitter:card\" content=\"summary_large_image\" \/>\n<meta name=\"twitter:label1\" content=\"Written by\" \/>\n\t<meta name=\"twitter:data1\" content=\"admin\" \/>\n\t<meta name=\"twitter:label2\" content=\"Est. reading time\" \/>\n\t<meta name=\"twitter:data2\" content=\"9 minutes\" \/>\n<script type=\"application\/ld+json\" class=\"yoast-schema-graph\">{\"@context\":\"https:\\\/\\\/schema.org\",\"@graph\":[{\"@type\":\"Article\",\"@id\":\"https:\\\/\\\/fjala.info\\\/2009-2015\\\/ekstremizmi-fetar-islamik-me-veset-e-veta-terrorizon-shqiptaret\\\/#article\",\"isPartOf\":{\"@id\":\"https:\\\/\\\/fjala.info\\\/2009-2015\\\/ekstremizmi-fetar-islamik-me-veset-e-veta-terrorizon-shqiptaret\\\/\"},\"author\":{\"name\":\"admin\",\"@id\":\"https:\\\/\\\/fjala.info\\\/2009-2015\\\/#\\\/schema\\\/person\\\/3aa1163ef05469c496fc94e77611ada2\"},\"headline\":\"Ekstremizmi fetar islamik me veset e veta terrorizon shqiptar\u00ebt!\",\"datePublished\":\"2014-01-06T08:00:28+00:00\",\"mainEntityOfPage\":{\"@id\":\"https:\\\/\\\/fjala.info\\\/2009-2015\\\/ekstremizmi-fetar-islamik-me-veset-e-veta-terrorizon-shqiptaret\\\/\"},\"wordCount\":1802,\"commentCount\":0,\"publisher\":{\"@id\":\"https:\\\/\\\/fjala.info\\\/2009-2015\\\/#organization\"},\"image\":{\"@id\":\"https:\\\/\\\/fjala.info\\\/2009-2015\\\/ekstremizmi-fetar-islamik-me-veset-e-veta-terrorizon-shqiptaret\\\/#primaryimage\"},\"thumbnailUrl\":\"http:\\\/\\\/www.fjala.info\\\/2014\\\/fishekzjarre.jpg\",\"articleSection\":[\"Artikuj\"],\"inLanguage\":\"sq-AL\",\"potentialAction\":[{\"@type\":\"CommentAction\",\"name\":\"Comment\",\"target\":[\"https:\\\/\\\/fjala.info\\\/2009-2015\\\/ekstremizmi-fetar-islamik-me-veset-e-veta-terrorizon-shqiptaret\\\/#respond\"]}]},{\"@type\":\"WebPage\",\"@id\":\"https:\\\/\\\/fjala.info\\\/2009-2015\\\/ekstremizmi-fetar-islamik-me-veset-e-veta-terrorizon-shqiptaret\\\/\",\"url\":\"https:\\\/\\\/fjala.info\\\/2009-2015\\\/ekstremizmi-fetar-islamik-me-veset-e-veta-terrorizon-shqiptaret\\\/\",\"name\":\"Ekstremizmi fetar islamik me veset e veta terrorizon shqiptar\u00ebt! - FjALA e LIR\u00cb - Arkivi\",\"isPartOf\":{\"@id\":\"https:\\\/\\\/fjala.info\\\/2009-2015\\\/#website\"},\"primaryImageOfPage\":{\"@id\":\"https:\\\/\\\/fjala.info\\\/2009-2015\\\/ekstremizmi-fetar-islamik-me-veset-e-veta-terrorizon-shqiptaret\\\/#primaryimage\"},\"image\":{\"@id\":\"https:\\\/\\\/fjala.info\\\/2009-2015\\\/ekstremizmi-fetar-islamik-me-veset-e-veta-terrorizon-shqiptaret\\\/#primaryimage\"},\"thumbnailUrl\":\"http:\\\/\\\/www.fjala.info\\\/2014\\\/fishekzjarre.jpg\",\"datePublished\":\"2014-01-06T08:00:28+00:00\",\"breadcrumb\":{\"@id\":\"https:\\\/\\\/fjala.info\\\/2009-2015\\\/ekstremizmi-fetar-islamik-me-veset-e-veta-terrorizon-shqiptaret\\\/#breadcrumb\"},\"inLanguage\":\"sq-AL\",\"potentialAction\":[{\"@type\":\"ReadAction\",\"target\":[\"https:\\\/\\\/fjala.info\\\/2009-2015\\\/ekstremizmi-fetar-islamik-me-veset-e-veta-terrorizon-shqiptaret\\\/\"]}]},{\"@type\":\"ImageObject\",\"inLanguage\":\"sq-AL\",\"@id\":\"https:\\\/\\\/fjala.info\\\/2009-2015\\\/ekstremizmi-fetar-islamik-me-veset-e-veta-terrorizon-shqiptaret\\\/#primaryimage\",\"url\":\"http:\\\/\\\/www.fjala.info\\\/2014\\\/fishekzjarre.jpg\",\"contentUrl\":\"http:\\\/\\\/www.fjala.info\\\/2014\\\/fishekzjarre.jpg\"},{\"@type\":\"BreadcrumbList\",\"@id\":\"https:\\\/\\\/fjala.info\\\/2009-2015\\\/ekstremizmi-fetar-islamik-me-veset-e-veta-terrorizon-shqiptaret\\\/#breadcrumb\",\"itemListElement\":[{\"@type\":\"ListItem\",\"position\":1,\"name\":\"Home\",\"item\":\"https:\\\/\\\/fjala.info\\\/2009-2015\\\/\"},{\"@type\":\"ListItem\",\"position\":2,\"name\":\"Ekstremizmi fetar islamik me veset e veta terrorizon shqiptar\u00ebt!\"}]},{\"@type\":\"WebSite\",\"@id\":\"https:\\\/\\\/fjala.info\\\/2009-2015\\\/#website\",\"url\":\"https:\\\/\\\/fjala.info\\\/2009-2015\\\/\",\"name\":\"FjALA e LIR\u00cb - Arkivi\",\"description\":\"Arkivi 2009-2015\",\"publisher\":{\"@id\":\"https:\\\/\\\/fjala.info\\\/2009-2015\\\/#organization\"},\"potentialAction\":[{\"@type\":\"SearchAction\",\"target\":{\"@type\":\"EntryPoint\",\"urlTemplate\":\"https:\\\/\\\/fjala.info\\\/2009-2015\\\/?s={search_term_string}\"},\"query-input\":{\"@type\":\"PropertyValueSpecification\",\"valueRequired\":true,\"valueName\":\"search_term_string\"}}],\"inLanguage\":\"sq-AL\"},{\"@type\":\"Organization\",\"@id\":\"https:\\\/\\\/fjala.info\\\/2009-2015\\\/#organization\",\"name\":\"FjALA e LIR\u00cb - Arkivi\",\"url\":\"https:\\\/\\\/fjala.info\\\/2009-2015\\\/\",\"logo\":{\"@type\":\"ImageObject\",\"inLanguage\":\"sq-AL\",\"@id\":\"https:\\\/\\\/fjala.info\\\/2009-2015\\\/#\\\/schema\\\/logo\\\/image\\\/\",\"url\":\"\",\"contentUrl\":\"\",\"caption\":\"FjALA e LIR\u00cb - Arkivi\"},\"image\":{\"@id\":\"https:\\\/\\\/fjala.info\\\/2009-2015\\\/#\\\/schema\\\/logo\\\/image\\\/\"}},{\"@type\":\"Person\",\"@id\":\"https:\\\/\\\/fjala.info\\\/2009-2015\\\/#\\\/schema\\\/person\\\/3aa1163ef05469c496fc94e77611ada2\",\"name\":\"admin\",\"image\":{\"@type\":\"ImageObject\",\"inLanguage\":\"sq-AL\",\"@id\":\"https:\\\/\\\/fjala.info\\\/2009-2015\\\/wp-content\\\/uploads\\\/2012\\\/02\\\/arben_cokaj-120x150.jpg\",\"url\":\"https:\\\/\\\/fjala.info\\\/2009-2015\\\/wp-content\\\/uploads\\\/2012\\\/02\\\/arben_cokaj-120x150.jpg\",\"contentUrl\":\"https:\\\/\\\/fjala.info\\\/2009-2015\\\/wp-content\\\/uploads\\\/2012\\\/02\\\/arben_cokaj-120x150.jpg\",\"caption\":\"admin\"},\"description\":\"Admin, Fjala e Lir\u00eb\",\"sameAs\":[\"https:\\\/\\\/fjala.info\\\/\"],\"url\":\"https:\\\/\\\/fjala.info\\\/2009-2015\\\/author\\\/admin\\\/\"}]}<\/script>\n<!-- \/ Yoast SEO plugin. -->","yoast_head_json":{"title":"Ekstremizmi fetar islamik me veset e veta terrorizon shqiptar\u00ebt! - FjALA e LIR\u00cb - Arkivi","robots":{"index":"index","follow":"follow","max-snippet":"max-snippet:-1","max-image-preview":"max-image-preview:large","max-video-preview":"max-video-preview:-1"},"canonical":"https:\/\/fjala.info\/2009-2015\/ekstremizmi-fetar-islamik-me-veset-e-veta-terrorizon-shqiptaret\/","og_locale":"sq_AL","og_type":"article","og_title":"Ekstremizmi fetar islamik me veset e veta terrorizon shqiptar\u00ebt! - FjALA e LIR\u00cb - Arkivi","og_description":"Nga Rrezart Kalaja Viti i Ri \u00ebsht\u00eb koha n\u00eb t\u00eb cil\u00ebn, kjo periudh\u00eb kalendarike festohet n\u00eb shum\u00eb kultura, ngjarja festohet n\u00eb m\u00ebnyr\u00eb solemne n\u00eb mbar\u00eb bot\u00ebn. P\u00ebr informacion n\u00eb lidhje me ndryshimin nga kalendari &#8220;Julian n\u00eb kalendarin Gregorian&#8221; dhe efekti mbi datimin e ngjarjeve historike jan\u00eb p\u00ebrforcuar n\u00eb t\u00ebr\u00eb globin si unike. &#8211; Me zgjerimin [&hellip;]","og_url":"https:\/\/fjala.info\/2009-2015\/ekstremizmi-fetar-islamik-me-veset-e-veta-terrorizon-shqiptaret\/","og_site_name":"FjALA e LIR\u00cb - Arkivi","article_published_time":"2014-01-06T08:00:28+00:00","og_image":[{"url":"http:\/\/www.fjala.info\/2014\/fishekzjarre.jpg","type":"","width":"","height":""}],"author":"admin","twitter_card":"summary_large_image","twitter_misc":{"Written by":"admin","Est. reading time":"9 minutes"},"schema":{"@context":"https:\/\/schema.org","@graph":[{"@type":"Article","@id":"https:\/\/fjala.info\/2009-2015\/ekstremizmi-fetar-islamik-me-veset-e-veta-terrorizon-shqiptaret\/#article","isPartOf":{"@id":"https:\/\/fjala.info\/2009-2015\/ekstremizmi-fetar-islamik-me-veset-e-veta-terrorizon-shqiptaret\/"},"author":{"name":"admin","@id":"https:\/\/fjala.info\/2009-2015\/#\/schema\/person\/3aa1163ef05469c496fc94e77611ada2"},"headline":"Ekstremizmi fetar islamik me veset e veta terrorizon shqiptar\u00ebt!","datePublished":"2014-01-06T08:00:28+00:00","mainEntityOfPage":{"@id":"https:\/\/fjala.info\/2009-2015\/ekstremizmi-fetar-islamik-me-veset-e-veta-terrorizon-shqiptaret\/"},"wordCount":1802,"commentCount":0,"publisher":{"@id":"https:\/\/fjala.info\/2009-2015\/#organization"},"image":{"@id":"https:\/\/fjala.info\/2009-2015\/ekstremizmi-fetar-islamik-me-veset-e-veta-terrorizon-shqiptaret\/#primaryimage"},"thumbnailUrl":"http:\/\/www.fjala.info\/2014\/fishekzjarre.jpg","articleSection":["Artikuj"],"inLanguage":"sq-AL","potentialAction":[{"@type":"CommentAction","name":"Comment","target":["https:\/\/fjala.info\/2009-2015\/ekstremizmi-fetar-islamik-me-veset-e-veta-terrorizon-shqiptaret\/#respond"]}]},{"@type":"WebPage","@id":"https:\/\/fjala.info\/2009-2015\/ekstremizmi-fetar-islamik-me-veset-e-veta-terrorizon-shqiptaret\/","url":"https:\/\/fjala.info\/2009-2015\/ekstremizmi-fetar-islamik-me-veset-e-veta-terrorizon-shqiptaret\/","name":"Ekstremizmi fetar islamik me veset e veta terrorizon shqiptar\u00ebt! - FjALA e LIR\u00cb - Arkivi","isPartOf":{"@id":"https:\/\/fjala.info\/2009-2015\/#website"},"primaryImageOfPage":{"@id":"https:\/\/fjala.info\/2009-2015\/ekstremizmi-fetar-islamik-me-veset-e-veta-terrorizon-shqiptaret\/#primaryimage"},"image":{"@id":"https:\/\/fjala.info\/2009-2015\/ekstremizmi-fetar-islamik-me-veset-e-veta-terrorizon-shqiptaret\/#primaryimage"},"thumbnailUrl":"http:\/\/www.fjala.info\/2014\/fishekzjarre.jpg","datePublished":"2014-01-06T08:00:28+00:00","breadcrumb":{"@id":"https:\/\/fjala.info\/2009-2015\/ekstremizmi-fetar-islamik-me-veset-e-veta-terrorizon-shqiptaret\/#breadcrumb"},"inLanguage":"sq-AL","potentialAction":[{"@type":"ReadAction","target":["https:\/\/fjala.info\/2009-2015\/ekstremizmi-fetar-islamik-me-veset-e-veta-terrorizon-shqiptaret\/"]}]},{"@type":"ImageObject","inLanguage":"sq-AL","@id":"https:\/\/fjala.info\/2009-2015\/ekstremizmi-fetar-islamik-me-veset-e-veta-terrorizon-shqiptaret\/#primaryimage","url":"http:\/\/www.fjala.info\/2014\/fishekzjarre.jpg","contentUrl":"http:\/\/www.fjala.info\/2014\/fishekzjarre.jpg"},{"@type":"BreadcrumbList","@id":"https:\/\/fjala.info\/2009-2015\/ekstremizmi-fetar-islamik-me-veset-e-veta-terrorizon-shqiptaret\/#breadcrumb","itemListElement":[{"@type":"ListItem","position":1,"name":"Home","item":"https:\/\/fjala.info\/2009-2015\/"},{"@type":"ListItem","position":2,"name":"Ekstremizmi fetar islamik me veset e veta terrorizon shqiptar\u00ebt!"}]},{"@type":"WebSite","@id":"https:\/\/fjala.info\/2009-2015\/#website","url":"https:\/\/fjala.info\/2009-2015\/","name":"FjALA e LIR\u00cb - Arkivi","description":"Arkivi 2009-2015","publisher":{"@id":"https:\/\/fjala.info\/2009-2015\/#organization"},"potentialAction":[{"@type":"SearchAction","target":{"@type":"EntryPoint","urlTemplate":"https:\/\/fjala.info\/2009-2015\/?s={search_term_string}"},"query-input":{"@type":"PropertyValueSpecification","valueRequired":true,"valueName":"search_term_string"}}],"inLanguage":"sq-AL"},{"@type":"Organization","@id":"https:\/\/fjala.info\/2009-2015\/#organization","name":"FjALA e LIR\u00cb - Arkivi","url":"https:\/\/fjala.info\/2009-2015\/","logo":{"@type":"ImageObject","inLanguage":"sq-AL","@id":"https:\/\/fjala.info\/2009-2015\/#\/schema\/logo\/image\/","url":"","contentUrl":"","caption":"FjALA e LIR\u00cb - Arkivi"},"image":{"@id":"https:\/\/fjala.info\/2009-2015\/#\/schema\/logo\/image\/"}},{"@type":"Person","@id":"https:\/\/fjala.info\/2009-2015\/#\/schema\/person\/3aa1163ef05469c496fc94e77611ada2","name":"admin","image":{"@type":"ImageObject","inLanguage":"sq-AL","@id":"https:\/\/fjala.info\/2009-2015\/wp-content\/uploads\/2012\/02\/arben_cokaj-120x150.jpg","url":"https:\/\/fjala.info\/2009-2015\/wp-content\/uploads\/2012\/02\/arben_cokaj-120x150.jpg","contentUrl":"https:\/\/fjala.info\/2009-2015\/wp-content\/uploads\/2012\/02\/arben_cokaj-120x150.jpg","caption":"admin"},"description":"Admin, Fjala e Lir\u00eb","sameAs":["https:\/\/fjala.info\/"],"url":"https:\/\/fjala.info\/2009-2015\/author\/admin\/"}]}},"_links":{"self":[{"href":"https:\/\/fjala.info\/2009-2015\/wp-json\/wp\/v2\/posts\/13322","targetHints":{"allow":["GET"]}}],"collection":[{"href":"https:\/\/fjala.info\/2009-2015\/wp-json\/wp\/v2\/posts"}],"about":[{"href":"https:\/\/fjala.info\/2009-2015\/wp-json\/wp\/v2\/types\/post"}],"author":[{"embeddable":true,"href":"https:\/\/fjala.info\/2009-2015\/wp-json\/wp\/v2\/users\/1"}],"replies":[{"embeddable":true,"href":"https:\/\/fjala.info\/2009-2015\/wp-json\/wp\/v2\/comments?post=13322"}],"version-history":[{"count":0,"href":"https:\/\/fjala.info\/2009-2015\/wp-json\/wp\/v2\/posts\/13322\/revisions"}],"wp:attachment":[{"href":"https:\/\/fjala.info\/2009-2015\/wp-json\/wp\/v2\/media?parent=13322"}],"wp:term":[{"taxonomy":"category","embeddable":true,"href":"https:\/\/fjala.info\/2009-2015\/wp-json\/wp\/v2\/categories?post=13322"},{"taxonomy":"post_tag","embeddable":true,"href":"https:\/\/fjala.info\/2009-2015\/wp-json\/wp\/v2\/tags?post=13322"}],"curies":[{"name":"wp","href":"https:\/\/api.w.org\/{rel}","templated":true}]}}