{"id":133,"date":"2011-11-12T23:17:45","date_gmt":"2011-11-12T22:17:45","guid":{"rendered":"http:\/\/fjala.shkoder.net\/?p=133"},"modified":"2011-11-12T23:17:45","modified_gmt":"2011-11-12T22:17:45","slug":"per-nje-kace-me-shume-islami-padi-ndaj-gazetarit-sokol-balla","status":"publish","type":"post","link":"https:\/\/fjala.info\/2009-2015\/per-nje-kace-me-shume-islami-padi-ndaj-gazetarit-sokol-balla\/","title":{"rendered":"\u201cP\u00ebr nj\u00eb ka\u00e7(\u00eb) m\u00eb shum\u00eb\u201d, Islami padi ndaj gazetarit Sokol Balla"},"content":{"rendered":"<p><img decoding=\"async\" class=\"alignleft size-thumbnail wp-image-7236\" title=\"Andrea Stefani - Komploti kund\u00ebr liris\u00eb\" src=\"http:\/\/www.shkoder.net\/images\/fjala\/2011\/kastriot_islami_sokol_balla.jpg\" alt=\"\" width=\"300\" \/><strong>Shekulli<\/strong><\/p>\n<p>Kastriot Islami nuk e ka pritur mir\u00eb loj\u00ebn e fjal\u00ebve t\u00eb b\u00ebr\u00eb me emrin e tij n\u00eb nj\u00eb opinion t\u00eb gazetarit Sokol Balla, botuar nj\u00eb dit\u00eb m\u00eb par\u00eb n\u00eb gazet\u00ebn MAPO. Madje, deputeti q\u00eb p\u00ebrfaq\u00ebson mendimin ndryshe n\u00eb PS \u00ebsht\u00eb shprehur se do ta padis\u00eb Ball\u00ebn p\u00ebr sulm personal, i shtyr\u00eb nga vet\u00eb kreu i PS-s\u00eb, Edi Rama.<\/p>\n<p>N\u00eb fakt, Balla ka b\u00ebr\u00eb thjesht nj\u00eb loj\u00eb fjal\u00ebsh me emrin e shkurt\u00ebr t\u00eb Islamit, duke ironizuar n\u00eb lidhje me at\u00eb \u00e7far\u00eb i ofroi Kongresi i fundit i socialist\u00ebve k\u00ebtij t\u00eb fundit.<\/p>\n<p>\u201cU bashkuan, jo p\u00ebr nj\u00eb Ka\u00e7, por p\u00ebr nj\u00eb ka\u00e7\u00eb m\u00eb shum\u00eb\u201d \u00ebsht\u00eb fjalia e fundit e opinionit t\u00eb Ball\u00ebs, e cila nuk \u00ebsht\u00eb pritur aspak mir\u00eb nga Islami, i cili ankohet p\u00ebr sulm personal, por b\u00ebn vet\u00eb nj\u00eb t\u00eb till\u00eb ndaj gazetarit Balla, ku p\u00ebrve\u00e7se e fyen, i p\u00ebrmend edhe karrier\u00ebn e s\u00eb shoqes n\u00eb PS.<\/p>\n<p>N\u00eb lidhje m\u00eb k\u00ebt\u00eb, n\u00eb profilin e tij n\u00eb Facebook, Islami shkruan: \u201cM\u00eb kuptoni drejt, kam hezituar gjat\u00eb t\u00eb gjith\u00eb dit\u00ebs se sotme p\u00ebr t\u00eb reaguar ndaj nj\u00eb sulmi t\u00eb orientuar dhe t\u00eb sponsorizuar nga Rama p\u00ebrmes Sokol Ball\u00ebs, t\u00eb b\u00ebr\u00eb publik me nj\u00eb shkrim t\u00eb tij n\u00eb gazet\u00ebn MAPO. M\u00eb rezulton se ai shkrim p\u00ebrb\u00ebn nj\u00eb shpifje t\u00eb ndyr\u00eb, nj\u00eb diversion p\u00ebr t\u00eb gjith\u00eb ata q\u00eb mendojn\u00eb ndershm\u00ebrisht ndryshe, dhe nj\u00eb k\u00ebrc\u00ebnim. Po n\u00eb nj\u00eb m\u00ebnyr\u00eb mjerane, tin\u00ebzare dhe frikacake.<\/p>\n<p>Flet pa em\u00ebr dhe me n\u00ebnkuptime, flet me terma rruga\u00e7\u00ebsh dhe perversitet, t\u00ebr\u00ebsisht nga pozitat e nj\u00eb frikacaku mediok\u00ebr p\u00ebr t\u00eb mos th\u00ebn\u00eb injorant t\u00eb v\u00ebn\u00eb n\u00eb sh\u00ebrbim t\u00eb Ram\u00ebs, i cili duhet t\u00eb distancohet publikisht n\u00ebse k\u00ebrkon t\u00eb pastrohet nga ky vler\u00ebsim. Sokol Balla meriton t\u00eb klasifikohet n\u00eb t\u00eb nj\u00ebjtin m\u00ebnyr\u00eb si\u00e7 nj\u00eb diplomat stigmatizonte disa gazetar\u00eb t\u00eb paguar p\u00ebr t\u00eb sulmuar pa argumente SHBA, si nj\u00eb pjes\u00ebtar i nj\u00eb celule \u201cterroriste kund\u00ebr mendimit t\u00eb lir\u00eb\u201d.<\/p>\n<p>Reagimi im i qet\u00eb \u00ebsht\u00eb shum\u00eb i thjesht\u00eb 1) p\u00ebr shpifjen n\u00eb dit\u00ebt n\u00eb vijim do te ngre nj\u00eb padi ose p\u00ebr t\u00eb nxjerr\u00eb n\u00eb drit\u00eb t\u00eb diellit se Sokol Balla nuk ka guximin t\u2019i thot\u00eb haptas t\u00eb gjith\u00eb shpifjet dhe sajesat, ose n\u00ebse i thot\u00eb haptas t\u00eb marr\u00eb d\u00ebnimin e merituar, kurse 2) p\u00ebrsa i p\u00ebrket bashkimit dhe afrimit t\u00eb pashembullt n\u00eb PS dhe largimit tim q\u00eb e ka n\u00eb goj\u00eb prej disa koh\u00ebsh, t\u00eb p\u00ebrshkuar me terma qesharak\u00eb e vulgar\u00eb, Sokol Balla, ne shkrimin e tij, nuk do t\u00eb b\u00ebnte keq t\u00eb shtonte se afrimi spektakular n\u00eb PS do t\u00eb ndodh\u00eb kur e shoqja e tij do t\u00eb caktohet n\u00eb postin e administratores apo n\u00eb nj\u00eb post t\u00eb ngjash\u00ebm n\u00eb hierarkin\u00eb e lart\u00eb n\u00eb PS (k\u00ebto jan\u00eb fjal\u00ebt q\u00eb jan\u00eb p\u00ebrhapur n\u00eb PS v\u00ebrtet\u00ebsia e t\u00eb cilave do t\u00eb provohet n\u00eb dit\u00ebt n\u00eb vijim), para se shqet\u00ebsohet p\u00ebr fatin tim apo t\u00eb b\u00ebj\u00eb diversion midis meje dhe koleg\u00ebve t\u00eb mij Blushi, Bello, Malaj apo edhe Harasani\u201d.<\/p>\n","protected":false},"excerpt":{"rendered":"<p>Shekulli Kastriot Islami nuk e ka pritur mir\u00eb loj\u00ebn e fjal\u00ebve t\u00eb b\u00ebr\u00eb me emrin e tij n\u00eb nj\u00eb opinion t\u00eb gazetarit Sokol Balla, botuar nj\u00eb dit\u00eb m\u00eb par\u00eb n\u00eb gazet\u00ebn MAPO. Madje, deputeti q\u00eb p\u00ebrfaq\u00ebson mendimin ndryshe n\u00eb PS \u00ebsht\u00eb shprehur se do ta padis\u00eb Ball\u00ebn p\u00ebr sulm personal, i shtyr\u00eb nga vet\u00eb kreu [&hellip;]<\/p>\n","protected":false},"author":1,"featured_media":0,"comment_status":"open","ping_status":"closed","sticky":false,"template":"","format":"standard","meta":{"footnotes":""},"categories":[2],"tags":[],"class_list":{"0":"post-133","1":"post","2":"type-post","3":"status-publish","4":"format-standard","6":"category-artikuj"},"yoast_head":"<!-- This site is optimized with the Yoast SEO plugin v27.4 - https:\/\/yoast.com\/product\/yoast-seo-wordpress\/ -->\n<title>\u201cP\u00ebr nj\u00eb ka\u00e7(\u00eb) m\u00eb shum\u00eb\u201d, Islami padi ndaj gazetarit Sokol Balla - FjALA e LIR\u00cb - Arkivi<\/title>\n<meta name=\"robots\" content=\"index, follow, max-snippet:-1, max-image-preview:large, max-video-preview:-1\" \/>\n<link rel=\"canonical\" href=\"https:\/\/fjala.info\/2009-2015\/per-nje-kace-me-shume-islami-padi-ndaj-gazetarit-sokol-balla\/\" \/>\n<meta property=\"og:locale\" content=\"sq_AL\" \/>\n<meta property=\"og:type\" content=\"article\" \/>\n<meta property=\"og:title\" content=\"\u201cP\u00ebr nj\u00eb ka\u00e7(\u00eb) m\u00eb shum\u00eb\u201d, Islami padi ndaj gazetarit Sokol Balla - FjALA e LIR\u00cb - Arkivi\" \/>\n<meta property=\"og:description\" content=\"Shekulli Kastriot Islami nuk e ka pritur mir\u00eb loj\u00ebn e fjal\u00ebve t\u00eb b\u00ebr\u00eb me emrin e tij n\u00eb nj\u00eb opinion t\u00eb gazetarit Sokol Balla, botuar nj\u00eb dit\u00eb m\u00eb par\u00eb n\u00eb gazet\u00ebn MAPO. Madje, deputeti q\u00eb p\u00ebrfaq\u00ebson mendimin ndryshe n\u00eb PS \u00ebsht\u00eb shprehur se do ta padis\u00eb Ball\u00ebn p\u00ebr sulm personal, i shtyr\u00eb nga vet\u00eb kreu [&hellip;]\" \/>\n<meta property=\"og:url\" content=\"https:\/\/fjala.info\/2009-2015\/per-nje-kace-me-shume-islami-padi-ndaj-gazetarit-sokol-balla\/\" \/>\n<meta property=\"og:site_name\" content=\"FjALA e LIR\u00cb - Arkivi\" \/>\n<meta property=\"article:published_time\" content=\"2011-11-12T22:17:45+00:00\" \/>\n<meta property=\"og:image\" content=\"http:\/\/www.shkoder.net\/images\/fjala\/2011\/kastriot_islami_sokol_balla.jpg\" \/>\n<meta name=\"author\" content=\"admin\" \/>\n<meta name=\"twitter:card\" content=\"summary_large_image\" \/>\n<meta name=\"twitter:label1\" content=\"Written by\" \/>\n\t<meta name=\"twitter:data1\" content=\"admin\" \/>\n\t<meta name=\"twitter:label2\" content=\"Est. reading time\" \/>\n\t<meta name=\"twitter:data2\" content=\"3 minutes\" \/>\n<script type=\"application\/ld+json\" class=\"yoast-schema-graph\">{\"@context\":\"https:\\\/\\\/schema.org\",\"@graph\":[{\"@type\":\"Article\",\"@id\":\"https:\\\/\\\/fjala.info\\\/2009-2015\\\/per-nje-kace-me-shume-islami-padi-ndaj-gazetarit-sokol-balla\\\/#article\",\"isPartOf\":{\"@id\":\"https:\\\/\\\/fjala.info\\\/2009-2015\\\/per-nje-kace-me-shume-islami-padi-ndaj-gazetarit-sokol-balla\\\/\"},\"author\":{\"name\":\"admin\",\"@id\":\"https:\\\/\\\/fjala.info\\\/2009-2015\\\/#\\\/schema\\\/person\\\/3aa1163ef05469c496fc94e77611ada2\"},\"headline\":\"\u201cP\u00ebr nj\u00eb ka\u00e7(\u00eb) m\u00eb shum\u00eb\u201d, Islami padi ndaj gazetarit Sokol Balla\",\"datePublished\":\"2011-11-12T22:17:45+00:00\",\"mainEntityOfPage\":{\"@id\":\"https:\\\/\\\/fjala.info\\\/2009-2015\\\/per-nje-kace-me-shume-islami-padi-ndaj-gazetarit-sokol-balla\\\/\"},\"wordCount\":562,\"commentCount\":0,\"publisher\":{\"@id\":\"https:\\\/\\\/fjala.info\\\/2009-2015\\\/#organization\"},\"image\":{\"@id\":\"https:\\\/\\\/fjala.info\\\/2009-2015\\\/per-nje-kace-me-shume-islami-padi-ndaj-gazetarit-sokol-balla\\\/#primaryimage\"},\"thumbnailUrl\":\"http:\\\/\\\/www.shkoder.net\\\/images\\\/fjala\\\/2011\\\/kastriot_islami_sokol_balla.jpg\",\"articleSection\":[\"Artikuj\"],\"inLanguage\":\"sq-AL\",\"potentialAction\":[{\"@type\":\"CommentAction\",\"name\":\"Comment\",\"target\":[\"https:\\\/\\\/fjala.info\\\/2009-2015\\\/per-nje-kace-me-shume-islami-padi-ndaj-gazetarit-sokol-balla\\\/#respond\"]}]},{\"@type\":\"WebPage\",\"@id\":\"https:\\\/\\\/fjala.info\\\/2009-2015\\\/per-nje-kace-me-shume-islami-padi-ndaj-gazetarit-sokol-balla\\\/\",\"url\":\"https:\\\/\\\/fjala.info\\\/2009-2015\\\/per-nje-kace-me-shume-islami-padi-ndaj-gazetarit-sokol-balla\\\/\",\"name\":\"\u201cP\u00ebr nj\u00eb ka\u00e7(\u00eb) m\u00eb shum\u00eb\u201d, Islami padi ndaj gazetarit Sokol Balla - FjALA e LIR\u00cb - Arkivi\",\"isPartOf\":{\"@id\":\"https:\\\/\\\/fjala.info\\\/2009-2015\\\/#website\"},\"primaryImageOfPage\":{\"@id\":\"https:\\\/\\\/fjala.info\\\/2009-2015\\\/per-nje-kace-me-shume-islami-padi-ndaj-gazetarit-sokol-balla\\\/#primaryimage\"},\"image\":{\"@id\":\"https:\\\/\\\/fjala.info\\\/2009-2015\\\/per-nje-kace-me-shume-islami-padi-ndaj-gazetarit-sokol-balla\\\/#primaryimage\"},\"thumbnailUrl\":\"http:\\\/\\\/www.shkoder.net\\\/images\\\/fjala\\\/2011\\\/kastriot_islami_sokol_balla.jpg\",\"datePublished\":\"2011-11-12T22:17:45+00:00\",\"breadcrumb\":{\"@id\":\"https:\\\/\\\/fjala.info\\\/2009-2015\\\/per-nje-kace-me-shume-islami-padi-ndaj-gazetarit-sokol-balla\\\/#breadcrumb\"},\"inLanguage\":\"sq-AL\",\"potentialAction\":[{\"@type\":\"ReadAction\",\"target\":[\"https:\\\/\\\/fjala.info\\\/2009-2015\\\/per-nje-kace-me-shume-islami-padi-ndaj-gazetarit-sokol-balla\\\/\"]}]},{\"@type\":\"ImageObject\",\"inLanguage\":\"sq-AL\",\"@id\":\"https:\\\/\\\/fjala.info\\\/2009-2015\\\/per-nje-kace-me-shume-islami-padi-ndaj-gazetarit-sokol-balla\\\/#primaryimage\",\"url\":\"http:\\\/\\\/www.shkoder.net\\\/images\\\/fjala\\\/2011\\\/kastriot_islami_sokol_balla.jpg\",\"contentUrl\":\"http:\\\/\\\/www.shkoder.net\\\/images\\\/fjala\\\/2011\\\/kastriot_islami_sokol_balla.jpg\"},{\"@type\":\"BreadcrumbList\",\"@id\":\"https:\\\/\\\/fjala.info\\\/2009-2015\\\/per-nje-kace-me-shume-islami-padi-ndaj-gazetarit-sokol-balla\\\/#breadcrumb\",\"itemListElement\":[{\"@type\":\"ListItem\",\"position\":1,\"name\":\"Home\",\"item\":\"https:\\\/\\\/fjala.info\\\/2009-2015\\\/\"},{\"@type\":\"ListItem\",\"position\":2,\"name\":\"\u201cP\u00ebr nj\u00eb ka\u00e7(\u00eb) m\u00eb shum\u00eb\u201d, Islami padi ndaj gazetarit Sokol Balla\"}]},{\"@type\":\"WebSite\",\"@id\":\"https:\\\/\\\/fjala.info\\\/2009-2015\\\/#website\",\"url\":\"https:\\\/\\\/fjala.info\\\/2009-2015\\\/\",\"name\":\"FjALA e LIR\u00cb - Arkivi\",\"description\":\"Arkivi 2009-2015\",\"publisher\":{\"@id\":\"https:\\\/\\\/fjala.info\\\/2009-2015\\\/#organization\"},\"potentialAction\":[{\"@type\":\"SearchAction\",\"target\":{\"@type\":\"EntryPoint\",\"urlTemplate\":\"https:\\\/\\\/fjala.info\\\/2009-2015\\\/?s={search_term_string}\"},\"query-input\":{\"@type\":\"PropertyValueSpecification\",\"valueRequired\":true,\"valueName\":\"search_term_string\"}}],\"inLanguage\":\"sq-AL\"},{\"@type\":\"Organization\",\"@id\":\"https:\\\/\\\/fjala.info\\\/2009-2015\\\/#organization\",\"name\":\"FjALA e LIR\u00cb - Arkivi\",\"url\":\"https:\\\/\\\/fjala.info\\\/2009-2015\\\/\",\"logo\":{\"@type\":\"ImageObject\",\"inLanguage\":\"sq-AL\",\"@id\":\"https:\\\/\\\/fjala.info\\\/2009-2015\\\/#\\\/schema\\\/logo\\\/image\\\/\",\"url\":\"\",\"contentUrl\":\"\",\"caption\":\"FjALA e LIR\u00cb - Arkivi\"},\"image\":{\"@id\":\"https:\\\/\\\/fjala.info\\\/2009-2015\\\/#\\\/schema\\\/logo\\\/image\\\/\"}},{\"@type\":\"Person\",\"@id\":\"https:\\\/\\\/fjala.info\\\/2009-2015\\\/#\\\/schema\\\/person\\\/3aa1163ef05469c496fc94e77611ada2\",\"name\":\"admin\",\"image\":{\"@type\":\"ImageObject\",\"inLanguage\":\"sq-AL\",\"@id\":\"https:\\\/\\\/fjala.info\\\/2009-2015\\\/wp-content\\\/uploads\\\/2012\\\/02\\\/arben_cokaj-120x150.jpg\",\"url\":\"https:\\\/\\\/fjala.info\\\/2009-2015\\\/wp-content\\\/uploads\\\/2012\\\/02\\\/arben_cokaj-120x150.jpg\",\"contentUrl\":\"https:\\\/\\\/fjala.info\\\/2009-2015\\\/wp-content\\\/uploads\\\/2012\\\/02\\\/arben_cokaj-120x150.jpg\",\"caption\":\"admin\"},\"description\":\"Admin, Fjala e Lir\u00eb\",\"sameAs\":[\"https:\\\/\\\/fjala.info\\\/\"],\"url\":\"https:\\\/\\\/fjala.info\\\/2009-2015\\\/author\\\/admin\\\/\"}]}<\/script>\n<!-- \/ Yoast SEO plugin. -->","yoast_head_json":{"title":"\u201cP\u00ebr nj\u00eb ka\u00e7(\u00eb) m\u00eb shum\u00eb\u201d, Islami padi ndaj gazetarit Sokol Balla - FjALA e LIR\u00cb - Arkivi","robots":{"index":"index","follow":"follow","max-snippet":"max-snippet:-1","max-image-preview":"max-image-preview:large","max-video-preview":"max-video-preview:-1"},"canonical":"https:\/\/fjala.info\/2009-2015\/per-nje-kace-me-shume-islami-padi-ndaj-gazetarit-sokol-balla\/","og_locale":"sq_AL","og_type":"article","og_title":"\u201cP\u00ebr nj\u00eb ka\u00e7(\u00eb) m\u00eb shum\u00eb\u201d, Islami padi ndaj gazetarit Sokol Balla - FjALA e LIR\u00cb - Arkivi","og_description":"Shekulli Kastriot Islami nuk e ka pritur mir\u00eb loj\u00ebn e fjal\u00ebve t\u00eb b\u00ebr\u00eb me emrin e tij n\u00eb nj\u00eb opinion t\u00eb gazetarit Sokol Balla, botuar nj\u00eb dit\u00eb m\u00eb par\u00eb n\u00eb gazet\u00ebn MAPO. Madje, deputeti q\u00eb p\u00ebrfaq\u00ebson mendimin ndryshe n\u00eb PS \u00ebsht\u00eb shprehur se do ta padis\u00eb Ball\u00ebn p\u00ebr sulm personal, i shtyr\u00eb nga vet\u00eb kreu [&hellip;]","og_url":"https:\/\/fjala.info\/2009-2015\/per-nje-kace-me-shume-islami-padi-ndaj-gazetarit-sokol-balla\/","og_site_name":"FjALA e LIR\u00cb - Arkivi","article_published_time":"2011-11-12T22:17:45+00:00","og_image":[{"url":"http:\/\/www.shkoder.net\/images\/fjala\/2011\/kastriot_islami_sokol_balla.jpg","type":"","width":"","height":""}],"author":"admin","twitter_card":"summary_large_image","twitter_misc":{"Written by":"admin","Est. reading time":"3 minutes"},"schema":{"@context":"https:\/\/schema.org","@graph":[{"@type":"Article","@id":"https:\/\/fjala.info\/2009-2015\/per-nje-kace-me-shume-islami-padi-ndaj-gazetarit-sokol-balla\/#article","isPartOf":{"@id":"https:\/\/fjala.info\/2009-2015\/per-nje-kace-me-shume-islami-padi-ndaj-gazetarit-sokol-balla\/"},"author":{"name":"admin","@id":"https:\/\/fjala.info\/2009-2015\/#\/schema\/person\/3aa1163ef05469c496fc94e77611ada2"},"headline":"\u201cP\u00ebr nj\u00eb ka\u00e7(\u00eb) m\u00eb shum\u00eb\u201d, Islami padi ndaj gazetarit Sokol Balla","datePublished":"2011-11-12T22:17:45+00:00","mainEntityOfPage":{"@id":"https:\/\/fjala.info\/2009-2015\/per-nje-kace-me-shume-islami-padi-ndaj-gazetarit-sokol-balla\/"},"wordCount":562,"commentCount":0,"publisher":{"@id":"https:\/\/fjala.info\/2009-2015\/#organization"},"image":{"@id":"https:\/\/fjala.info\/2009-2015\/per-nje-kace-me-shume-islami-padi-ndaj-gazetarit-sokol-balla\/#primaryimage"},"thumbnailUrl":"http:\/\/www.shkoder.net\/images\/fjala\/2011\/kastriot_islami_sokol_balla.jpg","articleSection":["Artikuj"],"inLanguage":"sq-AL","potentialAction":[{"@type":"CommentAction","name":"Comment","target":["https:\/\/fjala.info\/2009-2015\/per-nje-kace-me-shume-islami-padi-ndaj-gazetarit-sokol-balla\/#respond"]}]},{"@type":"WebPage","@id":"https:\/\/fjala.info\/2009-2015\/per-nje-kace-me-shume-islami-padi-ndaj-gazetarit-sokol-balla\/","url":"https:\/\/fjala.info\/2009-2015\/per-nje-kace-me-shume-islami-padi-ndaj-gazetarit-sokol-balla\/","name":"\u201cP\u00ebr nj\u00eb ka\u00e7(\u00eb) m\u00eb shum\u00eb\u201d, Islami padi ndaj gazetarit Sokol Balla - FjALA e LIR\u00cb - Arkivi","isPartOf":{"@id":"https:\/\/fjala.info\/2009-2015\/#website"},"primaryImageOfPage":{"@id":"https:\/\/fjala.info\/2009-2015\/per-nje-kace-me-shume-islami-padi-ndaj-gazetarit-sokol-balla\/#primaryimage"},"image":{"@id":"https:\/\/fjala.info\/2009-2015\/per-nje-kace-me-shume-islami-padi-ndaj-gazetarit-sokol-balla\/#primaryimage"},"thumbnailUrl":"http:\/\/www.shkoder.net\/images\/fjala\/2011\/kastriot_islami_sokol_balla.jpg","datePublished":"2011-11-12T22:17:45+00:00","breadcrumb":{"@id":"https:\/\/fjala.info\/2009-2015\/per-nje-kace-me-shume-islami-padi-ndaj-gazetarit-sokol-balla\/#breadcrumb"},"inLanguage":"sq-AL","potentialAction":[{"@type":"ReadAction","target":["https:\/\/fjala.info\/2009-2015\/per-nje-kace-me-shume-islami-padi-ndaj-gazetarit-sokol-balla\/"]}]},{"@type":"ImageObject","inLanguage":"sq-AL","@id":"https:\/\/fjala.info\/2009-2015\/per-nje-kace-me-shume-islami-padi-ndaj-gazetarit-sokol-balla\/#primaryimage","url":"http:\/\/www.shkoder.net\/images\/fjala\/2011\/kastriot_islami_sokol_balla.jpg","contentUrl":"http:\/\/www.shkoder.net\/images\/fjala\/2011\/kastriot_islami_sokol_balla.jpg"},{"@type":"BreadcrumbList","@id":"https:\/\/fjala.info\/2009-2015\/per-nje-kace-me-shume-islami-padi-ndaj-gazetarit-sokol-balla\/#breadcrumb","itemListElement":[{"@type":"ListItem","position":1,"name":"Home","item":"https:\/\/fjala.info\/2009-2015\/"},{"@type":"ListItem","position":2,"name":"\u201cP\u00ebr nj\u00eb ka\u00e7(\u00eb) m\u00eb shum\u00eb\u201d, Islami padi ndaj gazetarit Sokol Balla"}]},{"@type":"WebSite","@id":"https:\/\/fjala.info\/2009-2015\/#website","url":"https:\/\/fjala.info\/2009-2015\/","name":"FjALA e LIR\u00cb - Arkivi","description":"Arkivi 2009-2015","publisher":{"@id":"https:\/\/fjala.info\/2009-2015\/#organization"},"potentialAction":[{"@type":"SearchAction","target":{"@type":"EntryPoint","urlTemplate":"https:\/\/fjala.info\/2009-2015\/?s={search_term_string}"},"query-input":{"@type":"PropertyValueSpecification","valueRequired":true,"valueName":"search_term_string"}}],"inLanguage":"sq-AL"},{"@type":"Organization","@id":"https:\/\/fjala.info\/2009-2015\/#organization","name":"FjALA e LIR\u00cb - Arkivi","url":"https:\/\/fjala.info\/2009-2015\/","logo":{"@type":"ImageObject","inLanguage":"sq-AL","@id":"https:\/\/fjala.info\/2009-2015\/#\/schema\/logo\/image\/","url":"","contentUrl":"","caption":"FjALA e LIR\u00cb - Arkivi"},"image":{"@id":"https:\/\/fjala.info\/2009-2015\/#\/schema\/logo\/image\/"}},{"@type":"Person","@id":"https:\/\/fjala.info\/2009-2015\/#\/schema\/person\/3aa1163ef05469c496fc94e77611ada2","name":"admin","image":{"@type":"ImageObject","inLanguage":"sq-AL","@id":"https:\/\/fjala.info\/2009-2015\/wp-content\/uploads\/2012\/02\/arben_cokaj-120x150.jpg","url":"https:\/\/fjala.info\/2009-2015\/wp-content\/uploads\/2012\/02\/arben_cokaj-120x150.jpg","contentUrl":"https:\/\/fjala.info\/2009-2015\/wp-content\/uploads\/2012\/02\/arben_cokaj-120x150.jpg","caption":"admin"},"description":"Admin, Fjala e Lir\u00eb","sameAs":["https:\/\/fjala.info\/"],"url":"https:\/\/fjala.info\/2009-2015\/author\/admin\/"}]}},"_links":{"self":[{"href":"https:\/\/fjala.info\/2009-2015\/wp-json\/wp\/v2\/posts\/133","targetHints":{"allow":["GET"]}}],"collection":[{"href":"https:\/\/fjala.info\/2009-2015\/wp-json\/wp\/v2\/posts"}],"about":[{"href":"https:\/\/fjala.info\/2009-2015\/wp-json\/wp\/v2\/types\/post"}],"author":[{"embeddable":true,"href":"https:\/\/fjala.info\/2009-2015\/wp-json\/wp\/v2\/users\/1"}],"replies":[{"embeddable":true,"href":"https:\/\/fjala.info\/2009-2015\/wp-json\/wp\/v2\/comments?post=133"}],"version-history":[{"count":0,"href":"https:\/\/fjala.info\/2009-2015\/wp-json\/wp\/v2\/posts\/133\/revisions"}],"wp:attachment":[{"href":"https:\/\/fjala.info\/2009-2015\/wp-json\/wp\/v2\/media?parent=133"}],"wp:term":[{"taxonomy":"category","embeddable":true,"href":"https:\/\/fjala.info\/2009-2015\/wp-json\/wp\/v2\/categories?post=133"},{"taxonomy":"post_tag","embeddable":true,"href":"https:\/\/fjala.info\/2009-2015\/wp-json\/wp\/v2\/tags?post=133"}],"curies":[{"name":"wp","href":"https:\/\/api.w.org\/{rel}","templated":true}]}}