{"id":13283,"date":"2013-12-14T21:39:11","date_gmt":"2013-12-14T20:39:11","guid":{"rendered":"http:\/\/fjala.info\/?p=5333"},"modified":"2013-12-14T21:39:11","modified_gmt":"2013-12-14T20:39:11","slug":"cfare-i-dhemb-berishes-per-kompleksin-jon","status":"publish","type":"post","link":"https:\/\/fjala.info\/2009-2015\/cfare-i-dhemb-berishes-per-kompleksin-jon\/","title":{"rendered":"\u00c7far\u00eb i dhemb Berish\u00ebs p\u00ebr kompleksin \u201cJon&#8221;?"},"content":{"rendered":"<p><img decoding=\"async\" class=\"alignright size-thumbnail wp-image-7236\" title=\"Mero Baze\" alt=\"\" src=\"http:\/\/www.fjala.info\/2012\/mero_baze.jpg\" width=\"150\" \/> Nga <b>Mero Baze<\/b><\/p>\n<p>Ka nj\u00eb hak\u00ebrrim\u00eb t\u00eb neveritshme t\u00eb Sali Berish\u00ebs p\u00ebr prishjen e nj\u00eb pallati t\u00eb paligjsh\u00ebm, t\u00eb papranuesh\u00ebm dhe t\u00eb pasigurt, n\u00eb pik\u00ebn m\u00eb t\u00eb bukur t\u00eb bregdetit t\u00eb qytetit t\u00eb Vlor\u00ebs. Autoritetet e nd\u00ebrtimit n\u00eb vend kan\u00eb \u00e7uar p\u00ebr ndjekje penale thyerjen e ligjit nga nd\u00ebrtuesi, nd\u00ebrsa qeveria ka akorduar nj\u00eb fond p\u00ebr t\u00eb shp\u00ebrblyer qytetar\u00ebt e d\u00ebmtuar nga kthimi n\u00eb gjendjen fillestare t\u00eb territorit. Pas k\u00ebtyre veprimeve, qeveria, jo vet\u00ebm q\u00eb ka rikthyer dinjitetin e shtetit n\u00eb raport me zaptuesit e veshur me pushtet, por ka b\u00ebr\u00eb dhe nj\u00eb sakrific\u00eb financiare, p\u00ebr t\u00eb mos prodhuar trauma nga v\u00ebnia n\u00eb vend e drejt\u00ebsis\u00eb.<\/p>\n<p>Por \u00ebsht\u00eb e treta her\u00eb q\u00eb Sali Berisha ka reagim ekstrem p\u00ebr k\u00ebt\u00eb akt, duke k\u00ebrc\u00ebnuar, si\u00e7 e ka zakon, me p\u00ebrmbysje t\u00eb qeveris\u00eb. Nuk \u00ebsht\u00eb se e merr seriozisht njeri si k\u00ebrc\u00ebnues, por \u00ebsht\u00eb rasti ta marrim seriozisht si hallexhi. Hak\u00ebrrimi i tij ndaj qeveris\u00eb p\u00ebr k\u00ebt\u00eb akt, nd\u00ebrkoh\u00eb q\u00eb qeveria po i d\u00ebmshp\u00ebrblen qytetar\u00ebt q\u00eb kan\u00eb bler\u00eb banesa aty (n\u00ebse i kan\u00eb letrat n\u00eb rregull), duket se ai nuk po flet n\u00eb em\u00ebr t\u00eb qytetar\u00ebve, por t\u00eb dikujt q\u00eb ende nuk \u00ebsht\u00eb deklaruar si pronar n\u00eb at\u00eb pallat.<\/p>\n<p>N\u00eb hak\u00ebrrim\u00ebn e tij nuk z\u00eb vend fati i qytetar\u00ebve, q\u00eb kan\u00eb letrat si banor\u00eb n\u00eb at\u00eb pallat, dhe as fati i qytetit t\u00eb Vlor\u00ebs, q\u00eb me at\u00eb pallat i jepte fund perspektiv\u00ebs t\u00eb s\u00eb pasurit det. N\u00eb hak\u00ebrrim\u00ebn e tij fshihet ajo q\u00eb e n\u00ebnkupton shum\u00ebkush, p\u00ebr pronarin real t\u00eb atij pallati.<\/p>\n<p>Pronari formal i tij \u00ebsht\u00eb Xhaferr Isufi, nj\u00eb ish- ushtarak pensionist, q\u00eb ka punuar s\u00eb fundi si roje sigurie i kompanis\u00eb Vefa, p\u00ebr shkak t\u00eb lidhjeve me Vehbi Alimu\u00e7\u00ebn. \u00cbsht\u00eb vjehrri i Lulzim Bash\u00ebs, por jo aq i fort\u00eb sa t\u00eb bind\u00eb t\u00eb gjall\u00eb e t\u00eb vdekur, q\u00eb kan\u00eb qen\u00eb pronar\u00eb tek nj\u00eb l\u00ebndin\u00eb af\u00ebr pallatit, t\u2019i japin firm\u00ebn. Pa dik\u00eb brenda Familjes, ato firma nuk do merreshin kurr\u00eb, sidomos firmat e atyre q\u00eb kan\u00eb vdekur. Kjo me siguri e shqet\u00ebson dhe Berish\u00ebn.<\/p>\n<p>Po ashtu nj\u00eb pensionist ish- ushtarak, pavar\u00ebsisht se e kishte dh\u00ebndrin minist\u00ebr, v\u00ebshtir\u00eb se do t\u2019ia dilte t\u00eb b\u00ebnte letrat p\u00ebr leje nd\u00ebrtimi me studim pjesor pa shantazhuar autoritetet bashkiake t\u00eb Vlor\u00ebs me bllokim fondesh dhe buxhet t\u00eb Bashkis\u00eb. N\u00eb favor t\u00eb asaj leje ka votuar K\u00ebshilli Bashkiak i Vlor\u00ebs, i dominuar n\u00eb at\u00eb koh\u00eb nga qeveria e Berish\u00ebs. V\u00ebshtir\u00eb se nj\u00eb pensionist ish- ushtarak e ka aq fuqi. Ka plot d\u00ebshmitar\u00eb q\u00eb mbajn\u00eb mend t\u00eb ket\u00eb telefonuar m\u00eb shum\u00eb i biri i kryeministrit se sa djali i pronarit t\u00eb pallatit, apo Kunati si\u00e7 e njohim ndryshe. Kjo me siguri e shqet\u00ebson dhe Berish\u00ebn.<\/p>\n<p>Nj\u00eb ish- ushtarak pensionist e kishte po ashtu shum\u00eb t\u00eb v\u00ebshtir\u00eb t\u00eb prodhonte at\u00eb procedur\u00eb hipotekimi q\u00eb \u00ebsht\u00eb prodhuar p\u00ebr at\u00eb pallat. Sa p\u00ebr dijeni, pallati nuk \u00ebsht\u00eb hipotekuar me leje shfryt\u00ebzimi si\u00e7 e ka rregulli, por me nj\u00eb korrespodenc\u00eb t\u00eb hipotek\u00ebs me Bashkin\u00eb, e cila pyetet n\u00ebse i ka dh\u00ebn\u00eb leje \u201cfilan\u201d kompanie t\u00eb nd\u00ebrtoj\u00eb n\u00eb \u201cfilan\u201d vend. Dhe pasi ka marr\u00eb p\u00ebrgjigjen \u201cPo\u201d, e ka hipotekuar. V\u00ebshtir\u00eb se ai pensionisti ish- ushtarak do ta b\u00ebnte k\u00ebt\u00eb gj\u00eb t\u00eb pad\u00ebgjuar n\u00eb shtetin shqiptar, pa qen\u00eb dikush nga brenda Familjes, q\u00eb ka v\u00ebn\u00eb n\u00eb l\u00ebvizje hipotek\u00ebn. Kjo me siguri e shqet\u00ebson dhe Berish\u00ebn.<\/p>\n<p>Tani, nd\u00ebrkoh\u00eb duhet t\u00eb nis\u00eb hetimi dhe t\u00eb zbulohet pse u deformua leja, e cila po ashtu ishte skandaloze, pse u zhvendos nga l\u00ebndina n\u00eb det, pse u hipotekua pa leje shfryt\u00ebzimi, pse u b\u00ebn\u00eb letrat fallco p\u00ebr pron\u00ebn, pse u \u00ebsht\u00eb b\u00ebr\u00eb shantazh fqinj\u00ebve t\u2019u merrej prona, etj. Kjo me siguri jo vet\u00ebm e shqet\u00ebson, por e \u00e7mend Sali Berish\u00ebn, pasi ai djali me \u00e7ant\u00eb t\u00eb zez\u00eb n\u00eb dor\u00eb, q\u00eb mbledh paret, \u00ebsht\u00eb shfaqur shpesh atje.\u00a0Edhe pse gjith\u00eb hak\u00ebrrimin e tij e mb\u00ebshtet mbi fjalin\u00eb q\u00eb \u201cRama po prish pallatin e Bash\u00ebs\u201d, cka \u00ebsht\u00eb nj\u00eb skandal m\u00eb vete, duket se dhimbja kalon p\u00ebrtej Bash\u00ebs.<\/p>\n<p>Nj\u00eb politikan ka t\u00eb drejt\u00eb t\u00eb shqet\u00ebsohet kur qeveria b\u00ebn nj\u00eb gjest q\u00eb d\u00ebmton qytetar\u00ebt dhe q\u00eb ka simbol antiligjin, por \u00ebsht\u00eb rasti i par\u00eb q\u00eb nj\u00eb politikan, ish- kryeminist\u00ebr dhe ish- president, shqet\u00ebsohet pse qeveria v\u00eb n\u00eb vend dinjitetin e ligjit dhe d\u00ebmshp\u00ebrblen qytetar\u00ebt. Nga prishja e k\u00ebtij pallati fitojn\u00eb t\u00eb gjith\u00eb, fiton qyteti i Vlor\u00ebs, fiton ligji, fitojn\u00eb qytetar\u00ebt q\u00eb kan\u00eb bler\u00eb banes\u00ebn dhe humbasin vet\u00ebm ata q\u00eb kan\u00eb vjedhur pron\u00ebn, lejen, dhe hipotek\u00ebn.N\u00eb k\u00ebt\u00eb rast hak\u00ebrrimi ka kuptim vet\u00ebm n\u00ebse hak\u00ebrruesi \u00ebsht\u00eb pronari real i atij pallati, i cili p\u00ebrve\u00e7se nuk p\u00ebrfiton dot nga lek\u00ebt e qeveris\u00eb p\u00ebr banor\u00ebt, mund t\u00eb dal\u00eb zbuluar dhe me shkeljet ligjore, deri falsifikim prone, q\u00eb tashm\u00eb i \u00ebsht\u00eb provuar n\u00eb at\u00eb skandal. K\u00ebshtu justifikohet. \u00cbsht\u00eb v\u00ebrtet p\u00ebr t\u2019i qar\u00eb hallin, \u00a0por si hajdut i kapur me presh n\u00eb dor\u00eb.<\/p>\n","protected":false},"excerpt":{"rendered":"<p>Nga Mero Baze Ka nj\u00eb hak\u00ebrrim\u00eb t\u00eb neveritshme t\u00eb Sali Berish\u00ebs p\u00ebr prishjen e nj\u00eb pallati t\u00eb paligjsh\u00ebm, t\u00eb papranuesh\u00ebm dhe t\u00eb pasigurt, n\u00eb pik\u00ebn m\u00eb t\u00eb bukur t\u00eb bregdetit t\u00eb qytetit t\u00eb Vlor\u00ebs. Autoritetet e nd\u00ebrtimit n\u00eb vend kan\u00eb \u00e7uar p\u00ebr ndjekje penale thyerjen e ligjit nga nd\u00ebrtuesi, nd\u00ebrsa qeveria ka akorduar nj\u00eb fond [&hellip;]<\/p>\n","protected":false},"author":1,"featured_media":0,"comment_status":"open","ping_status":"closed","sticky":false,"template":"","format":"standard","meta":{"footnotes":""},"categories":[2],"tags":[],"class_list":{"0":"post-13283","1":"post","2":"type-post","3":"status-publish","4":"format-standard","6":"category-artikuj"},"yoast_head":"<!-- This site is optimized with the Yoast SEO plugin v27.4 - https:\/\/yoast.com\/product\/yoast-seo-wordpress\/ -->\n<title>\u00c7far\u00eb i dhemb Berish\u00ebs p\u00ebr kompleksin \u201cJon&quot;? - FjALA e LIR\u00cb - Arkivi<\/title>\n<meta name=\"robots\" content=\"index, follow, max-snippet:-1, max-image-preview:large, max-video-preview:-1\" \/>\n<link rel=\"canonical\" href=\"https:\/\/fjala.info\/2009-2015\/cfare-i-dhemb-berishes-per-kompleksin-jon\/\" \/>\n<meta property=\"og:locale\" content=\"sq_AL\" \/>\n<meta property=\"og:type\" content=\"article\" \/>\n<meta property=\"og:title\" content=\"\u00c7far\u00eb i dhemb Berish\u00ebs p\u00ebr kompleksin \u201cJon&quot;? - FjALA e LIR\u00cb - Arkivi\" \/>\n<meta property=\"og:description\" content=\"Nga Mero Baze Ka nj\u00eb hak\u00ebrrim\u00eb t\u00eb neveritshme t\u00eb Sali Berish\u00ebs p\u00ebr prishjen e nj\u00eb pallati t\u00eb paligjsh\u00ebm, t\u00eb papranuesh\u00ebm dhe t\u00eb pasigurt, n\u00eb pik\u00ebn m\u00eb t\u00eb bukur t\u00eb bregdetit t\u00eb qytetit t\u00eb Vlor\u00ebs. Autoritetet e nd\u00ebrtimit n\u00eb vend kan\u00eb \u00e7uar p\u00ebr ndjekje penale thyerjen e ligjit nga nd\u00ebrtuesi, nd\u00ebrsa qeveria ka akorduar nj\u00eb fond [&hellip;]\" \/>\n<meta property=\"og:url\" content=\"https:\/\/fjala.info\/2009-2015\/cfare-i-dhemb-berishes-per-kompleksin-jon\/\" \/>\n<meta property=\"og:site_name\" content=\"FjALA e LIR\u00cb - Arkivi\" \/>\n<meta property=\"article:published_time\" content=\"2013-12-14T20:39:11+00:00\" \/>\n<meta property=\"og:image\" content=\"http:\/\/www.fjala.info\/2012\/mero_baze.jpg\" \/>\n<meta name=\"author\" content=\"admin\" \/>\n<meta name=\"twitter:card\" content=\"summary_large_image\" \/>\n<meta name=\"twitter:label1\" content=\"Written by\" \/>\n\t<meta name=\"twitter:data1\" content=\"admin\" \/>\n\t<meta name=\"twitter:label2\" content=\"Est. reading time\" \/>\n\t<meta name=\"twitter:data2\" content=\"5 minutes\" \/>\n<script type=\"application\/ld+json\" class=\"yoast-schema-graph\">{\"@context\":\"https:\\\/\\\/schema.org\",\"@graph\":[{\"@type\":\"Article\",\"@id\":\"https:\\\/\\\/fjala.info\\\/2009-2015\\\/cfare-i-dhemb-berishes-per-kompleksin-jon\\\/#article\",\"isPartOf\":{\"@id\":\"https:\\\/\\\/fjala.info\\\/2009-2015\\\/cfare-i-dhemb-berishes-per-kompleksin-jon\\\/\"},\"author\":{\"name\":\"admin\",\"@id\":\"https:\\\/\\\/fjala.info\\\/2009-2015\\\/#\\\/schema\\\/person\\\/3aa1163ef05469c496fc94e77611ada2\"},\"headline\":\"\u00c7far\u00eb i dhemb Berish\u00ebs p\u00ebr kompleksin \u201cJon&#8221;?\",\"datePublished\":\"2013-12-14T20:39:11+00:00\",\"mainEntityOfPage\":{\"@id\":\"https:\\\/\\\/fjala.info\\\/2009-2015\\\/cfare-i-dhemb-berishes-per-kompleksin-jon\\\/\"},\"wordCount\":932,\"commentCount\":0,\"publisher\":{\"@id\":\"https:\\\/\\\/fjala.info\\\/2009-2015\\\/#organization\"},\"image\":{\"@id\":\"https:\\\/\\\/fjala.info\\\/2009-2015\\\/cfare-i-dhemb-berishes-per-kompleksin-jon\\\/#primaryimage\"},\"thumbnailUrl\":\"http:\\\/\\\/www.fjala.info\\\/2012\\\/mero_baze.jpg\",\"articleSection\":[\"Artikuj\"],\"inLanguage\":\"sq-AL\",\"potentialAction\":[{\"@type\":\"CommentAction\",\"name\":\"Comment\",\"target\":[\"https:\\\/\\\/fjala.info\\\/2009-2015\\\/cfare-i-dhemb-berishes-per-kompleksin-jon\\\/#respond\"]}]},{\"@type\":\"WebPage\",\"@id\":\"https:\\\/\\\/fjala.info\\\/2009-2015\\\/cfare-i-dhemb-berishes-per-kompleksin-jon\\\/\",\"url\":\"https:\\\/\\\/fjala.info\\\/2009-2015\\\/cfare-i-dhemb-berishes-per-kompleksin-jon\\\/\",\"name\":\"\u00c7far\u00eb i dhemb Berish\u00ebs p\u00ebr kompleksin \u201cJon\\\"? - FjALA e LIR\u00cb - Arkivi\",\"isPartOf\":{\"@id\":\"https:\\\/\\\/fjala.info\\\/2009-2015\\\/#website\"},\"primaryImageOfPage\":{\"@id\":\"https:\\\/\\\/fjala.info\\\/2009-2015\\\/cfare-i-dhemb-berishes-per-kompleksin-jon\\\/#primaryimage\"},\"image\":{\"@id\":\"https:\\\/\\\/fjala.info\\\/2009-2015\\\/cfare-i-dhemb-berishes-per-kompleksin-jon\\\/#primaryimage\"},\"thumbnailUrl\":\"http:\\\/\\\/www.fjala.info\\\/2012\\\/mero_baze.jpg\",\"datePublished\":\"2013-12-14T20:39:11+00:00\",\"breadcrumb\":{\"@id\":\"https:\\\/\\\/fjala.info\\\/2009-2015\\\/cfare-i-dhemb-berishes-per-kompleksin-jon\\\/#breadcrumb\"},\"inLanguage\":\"sq-AL\",\"potentialAction\":[{\"@type\":\"ReadAction\",\"target\":[\"https:\\\/\\\/fjala.info\\\/2009-2015\\\/cfare-i-dhemb-berishes-per-kompleksin-jon\\\/\"]}]},{\"@type\":\"ImageObject\",\"inLanguage\":\"sq-AL\",\"@id\":\"https:\\\/\\\/fjala.info\\\/2009-2015\\\/cfare-i-dhemb-berishes-per-kompleksin-jon\\\/#primaryimage\",\"url\":\"http:\\\/\\\/www.fjala.info\\\/2012\\\/mero_baze.jpg\",\"contentUrl\":\"http:\\\/\\\/www.fjala.info\\\/2012\\\/mero_baze.jpg\"},{\"@type\":\"BreadcrumbList\",\"@id\":\"https:\\\/\\\/fjala.info\\\/2009-2015\\\/cfare-i-dhemb-berishes-per-kompleksin-jon\\\/#breadcrumb\",\"itemListElement\":[{\"@type\":\"ListItem\",\"position\":1,\"name\":\"Home\",\"item\":\"https:\\\/\\\/fjala.info\\\/2009-2015\\\/\"},{\"@type\":\"ListItem\",\"position\":2,\"name\":\"\u00c7far\u00eb i dhemb Berish\u00ebs p\u00ebr kompleksin \u201cJon&#8221;?\"}]},{\"@type\":\"WebSite\",\"@id\":\"https:\\\/\\\/fjala.info\\\/2009-2015\\\/#website\",\"url\":\"https:\\\/\\\/fjala.info\\\/2009-2015\\\/\",\"name\":\"FjALA e LIR\u00cb - Arkivi\",\"description\":\"Arkivi 2009-2015\",\"publisher\":{\"@id\":\"https:\\\/\\\/fjala.info\\\/2009-2015\\\/#organization\"},\"potentialAction\":[{\"@type\":\"SearchAction\",\"target\":{\"@type\":\"EntryPoint\",\"urlTemplate\":\"https:\\\/\\\/fjala.info\\\/2009-2015\\\/?s={search_term_string}\"},\"query-input\":{\"@type\":\"PropertyValueSpecification\",\"valueRequired\":true,\"valueName\":\"search_term_string\"}}],\"inLanguage\":\"sq-AL\"},{\"@type\":\"Organization\",\"@id\":\"https:\\\/\\\/fjala.info\\\/2009-2015\\\/#organization\",\"name\":\"FjALA e LIR\u00cb - Arkivi\",\"url\":\"https:\\\/\\\/fjala.info\\\/2009-2015\\\/\",\"logo\":{\"@type\":\"ImageObject\",\"inLanguage\":\"sq-AL\",\"@id\":\"https:\\\/\\\/fjala.info\\\/2009-2015\\\/#\\\/schema\\\/logo\\\/image\\\/\",\"url\":\"\",\"contentUrl\":\"\",\"caption\":\"FjALA e LIR\u00cb - Arkivi\"},\"image\":{\"@id\":\"https:\\\/\\\/fjala.info\\\/2009-2015\\\/#\\\/schema\\\/logo\\\/image\\\/\"}},{\"@type\":\"Person\",\"@id\":\"https:\\\/\\\/fjala.info\\\/2009-2015\\\/#\\\/schema\\\/person\\\/3aa1163ef05469c496fc94e77611ada2\",\"name\":\"admin\",\"image\":{\"@type\":\"ImageObject\",\"inLanguage\":\"sq-AL\",\"@id\":\"https:\\\/\\\/fjala.info\\\/2009-2015\\\/wp-content\\\/uploads\\\/2012\\\/02\\\/arben_cokaj-120x150.jpg\",\"url\":\"https:\\\/\\\/fjala.info\\\/2009-2015\\\/wp-content\\\/uploads\\\/2012\\\/02\\\/arben_cokaj-120x150.jpg\",\"contentUrl\":\"https:\\\/\\\/fjala.info\\\/2009-2015\\\/wp-content\\\/uploads\\\/2012\\\/02\\\/arben_cokaj-120x150.jpg\",\"caption\":\"admin\"},\"description\":\"Admin, Fjala e Lir\u00eb\",\"sameAs\":[\"https:\\\/\\\/fjala.info\\\/\"],\"url\":\"https:\\\/\\\/fjala.info\\\/2009-2015\\\/author\\\/admin\\\/\"}]}<\/script>\n<!-- \/ Yoast SEO plugin. -->","yoast_head_json":{"title":"\u00c7far\u00eb i dhemb Berish\u00ebs p\u00ebr kompleksin \u201cJon\"? - FjALA e LIR\u00cb - Arkivi","robots":{"index":"index","follow":"follow","max-snippet":"max-snippet:-1","max-image-preview":"max-image-preview:large","max-video-preview":"max-video-preview:-1"},"canonical":"https:\/\/fjala.info\/2009-2015\/cfare-i-dhemb-berishes-per-kompleksin-jon\/","og_locale":"sq_AL","og_type":"article","og_title":"\u00c7far\u00eb i dhemb Berish\u00ebs p\u00ebr kompleksin \u201cJon\"? - FjALA e LIR\u00cb - Arkivi","og_description":"Nga Mero Baze Ka nj\u00eb hak\u00ebrrim\u00eb t\u00eb neveritshme t\u00eb Sali Berish\u00ebs p\u00ebr prishjen e nj\u00eb pallati t\u00eb paligjsh\u00ebm, t\u00eb papranuesh\u00ebm dhe t\u00eb pasigurt, n\u00eb pik\u00ebn m\u00eb t\u00eb bukur t\u00eb bregdetit t\u00eb qytetit t\u00eb Vlor\u00ebs. Autoritetet e nd\u00ebrtimit n\u00eb vend kan\u00eb \u00e7uar p\u00ebr ndjekje penale thyerjen e ligjit nga nd\u00ebrtuesi, nd\u00ebrsa qeveria ka akorduar nj\u00eb fond [&hellip;]","og_url":"https:\/\/fjala.info\/2009-2015\/cfare-i-dhemb-berishes-per-kompleksin-jon\/","og_site_name":"FjALA e LIR\u00cb - Arkivi","article_published_time":"2013-12-14T20:39:11+00:00","og_image":[{"url":"http:\/\/www.fjala.info\/2012\/mero_baze.jpg","type":"","width":"","height":""}],"author":"admin","twitter_card":"summary_large_image","twitter_misc":{"Written by":"admin","Est. reading time":"5 minutes"},"schema":{"@context":"https:\/\/schema.org","@graph":[{"@type":"Article","@id":"https:\/\/fjala.info\/2009-2015\/cfare-i-dhemb-berishes-per-kompleksin-jon\/#article","isPartOf":{"@id":"https:\/\/fjala.info\/2009-2015\/cfare-i-dhemb-berishes-per-kompleksin-jon\/"},"author":{"name":"admin","@id":"https:\/\/fjala.info\/2009-2015\/#\/schema\/person\/3aa1163ef05469c496fc94e77611ada2"},"headline":"\u00c7far\u00eb i dhemb Berish\u00ebs p\u00ebr kompleksin \u201cJon&#8221;?","datePublished":"2013-12-14T20:39:11+00:00","mainEntityOfPage":{"@id":"https:\/\/fjala.info\/2009-2015\/cfare-i-dhemb-berishes-per-kompleksin-jon\/"},"wordCount":932,"commentCount":0,"publisher":{"@id":"https:\/\/fjala.info\/2009-2015\/#organization"},"image":{"@id":"https:\/\/fjala.info\/2009-2015\/cfare-i-dhemb-berishes-per-kompleksin-jon\/#primaryimage"},"thumbnailUrl":"http:\/\/www.fjala.info\/2012\/mero_baze.jpg","articleSection":["Artikuj"],"inLanguage":"sq-AL","potentialAction":[{"@type":"CommentAction","name":"Comment","target":["https:\/\/fjala.info\/2009-2015\/cfare-i-dhemb-berishes-per-kompleksin-jon\/#respond"]}]},{"@type":"WebPage","@id":"https:\/\/fjala.info\/2009-2015\/cfare-i-dhemb-berishes-per-kompleksin-jon\/","url":"https:\/\/fjala.info\/2009-2015\/cfare-i-dhemb-berishes-per-kompleksin-jon\/","name":"\u00c7far\u00eb i dhemb Berish\u00ebs p\u00ebr kompleksin \u201cJon\"? - FjALA e LIR\u00cb - Arkivi","isPartOf":{"@id":"https:\/\/fjala.info\/2009-2015\/#website"},"primaryImageOfPage":{"@id":"https:\/\/fjala.info\/2009-2015\/cfare-i-dhemb-berishes-per-kompleksin-jon\/#primaryimage"},"image":{"@id":"https:\/\/fjala.info\/2009-2015\/cfare-i-dhemb-berishes-per-kompleksin-jon\/#primaryimage"},"thumbnailUrl":"http:\/\/www.fjala.info\/2012\/mero_baze.jpg","datePublished":"2013-12-14T20:39:11+00:00","breadcrumb":{"@id":"https:\/\/fjala.info\/2009-2015\/cfare-i-dhemb-berishes-per-kompleksin-jon\/#breadcrumb"},"inLanguage":"sq-AL","potentialAction":[{"@type":"ReadAction","target":["https:\/\/fjala.info\/2009-2015\/cfare-i-dhemb-berishes-per-kompleksin-jon\/"]}]},{"@type":"ImageObject","inLanguage":"sq-AL","@id":"https:\/\/fjala.info\/2009-2015\/cfare-i-dhemb-berishes-per-kompleksin-jon\/#primaryimage","url":"http:\/\/www.fjala.info\/2012\/mero_baze.jpg","contentUrl":"http:\/\/www.fjala.info\/2012\/mero_baze.jpg"},{"@type":"BreadcrumbList","@id":"https:\/\/fjala.info\/2009-2015\/cfare-i-dhemb-berishes-per-kompleksin-jon\/#breadcrumb","itemListElement":[{"@type":"ListItem","position":1,"name":"Home","item":"https:\/\/fjala.info\/2009-2015\/"},{"@type":"ListItem","position":2,"name":"\u00c7far\u00eb i dhemb Berish\u00ebs p\u00ebr kompleksin \u201cJon&#8221;?"}]},{"@type":"WebSite","@id":"https:\/\/fjala.info\/2009-2015\/#website","url":"https:\/\/fjala.info\/2009-2015\/","name":"FjALA e LIR\u00cb - Arkivi","description":"Arkivi 2009-2015","publisher":{"@id":"https:\/\/fjala.info\/2009-2015\/#organization"},"potentialAction":[{"@type":"SearchAction","target":{"@type":"EntryPoint","urlTemplate":"https:\/\/fjala.info\/2009-2015\/?s={search_term_string}"},"query-input":{"@type":"PropertyValueSpecification","valueRequired":true,"valueName":"search_term_string"}}],"inLanguage":"sq-AL"},{"@type":"Organization","@id":"https:\/\/fjala.info\/2009-2015\/#organization","name":"FjALA e LIR\u00cb - Arkivi","url":"https:\/\/fjala.info\/2009-2015\/","logo":{"@type":"ImageObject","inLanguage":"sq-AL","@id":"https:\/\/fjala.info\/2009-2015\/#\/schema\/logo\/image\/","url":"","contentUrl":"","caption":"FjALA e LIR\u00cb - Arkivi"},"image":{"@id":"https:\/\/fjala.info\/2009-2015\/#\/schema\/logo\/image\/"}},{"@type":"Person","@id":"https:\/\/fjala.info\/2009-2015\/#\/schema\/person\/3aa1163ef05469c496fc94e77611ada2","name":"admin","image":{"@type":"ImageObject","inLanguage":"sq-AL","@id":"https:\/\/fjala.info\/2009-2015\/wp-content\/uploads\/2012\/02\/arben_cokaj-120x150.jpg","url":"https:\/\/fjala.info\/2009-2015\/wp-content\/uploads\/2012\/02\/arben_cokaj-120x150.jpg","contentUrl":"https:\/\/fjala.info\/2009-2015\/wp-content\/uploads\/2012\/02\/arben_cokaj-120x150.jpg","caption":"admin"},"description":"Admin, Fjala e Lir\u00eb","sameAs":["https:\/\/fjala.info\/"],"url":"https:\/\/fjala.info\/2009-2015\/author\/admin\/"}]}},"_links":{"self":[{"href":"https:\/\/fjala.info\/2009-2015\/wp-json\/wp\/v2\/posts\/13283","targetHints":{"allow":["GET"]}}],"collection":[{"href":"https:\/\/fjala.info\/2009-2015\/wp-json\/wp\/v2\/posts"}],"about":[{"href":"https:\/\/fjala.info\/2009-2015\/wp-json\/wp\/v2\/types\/post"}],"author":[{"embeddable":true,"href":"https:\/\/fjala.info\/2009-2015\/wp-json\/wp\/v2\/users\/1"}],"replies":[{"embeddable":true,"href":"https:\/\/fjala.info\/2009-2015\/wp-json\/wp\/v2\/comments?post=13283"}],"version-history":[{"count":0,"href":"https:\/\/fjala.info\/2009-2015\/wp-json\/wp\/v2\/posts\/13283\/revisions"}],"wp:attachment":[{"href":"https:\/\/fjala.info\/2009-2015\/wp-json\/wp\/v2\/media?parent=13283"}],"wp:term":[{"taxonomy":"category","embeddable":true,"href":"https:\/\/fjala.info\/2009-2015\/wp-json\/wp\/v2\/categories?post=13283"},{"taxonomy":"post_tag","embeddable":true,"href":"https:\/\/fjala.info\/2009-2015\/wp-json\/wp\/v2\/tags?post=13283"}],"curies":[{"name":"wp","href":"https:\/\/api.w.org\/{rel}","templated":true}]}}