{"id":13282,"date":"2013-12-09T23:38:07","date_gmt":"2013-12-09T22:38:07","guid":{"rendered":"http:\/\/fjala.info\/?p=5462"},"modified":"2013-12-09T23:38:07","modified_gmt":"2013-12-09T22:38:07","slug":"deklaratat-pro-shamise-nga-hoxhe-lutfi-haziri-skandal-dhe-kercenim-ndaj-ligjeve-te-republikes-se-kosoves","status":"publish","type":"post","link":"https:\/\/fjala.info\/2009-2015\/deklaratat-pro-shamise-nga-hoxhe-lutfi-haziri-skandal-dhe-kercenim-ndaj-ligjeve-te-republikes-se-kosoves\/","title":{"rendered":"Deklaratat pro shamis\u00eb nga &#8220;Hoxh\u00eb&#8221; Lutfi Haziri, skandal dhe k\u00ebrc\u00ebnim ndaj ligjeve t\u00eb Republik\u00ebs s\u00eb Kosov\u00ebs !!!"},"content":{"rendered":"<p><img decoding=\"async\" class=\"alignleft size-thumbnail wp-image-7236\" title=\"Asllan Dibrani\" alt=\"\" src=\"http:\/\/www.fjala.info\/2013\/asllan_dibrani.jpg\" width=\"150\" \/> Nga <strong>Asllan Dibrani<\/strong>,\u00a0<a href=\"mailto:art@asllandibrani.com\">art@asllandibrani.com<\/a><\/p>\n<p>Disa gjysme politikan n\u00eb munges\u00eb t\u00eb potencialit intelektual merren me gj\u00ebra sekondare t\u00eb shamis\u00eb dhe gjerave primitive qe nuk p\u00ebrkojn\u00eb me koh\u00ebn !<br \/>\nOpinioni kosovar u shokua, ma me pseudo politikajt, si\u00e7 \u00ebsht\u00eb Hoxh\u00eb Lutfi Haziri i Gjilanit qe ju rrit mendja qe e fitoj Gjilanin me nj\u00ebqind e nj\u00eb mij\u00eb shtylla!!! Nj\u00eb shtytje si\u00e7 duket ja dhan\u00eb edhe votuesit primitiv t\u00eb shamis\u00eb q\u00eb po manipulohen nga qarqe te huaja n\u00eb Kosov\u00eb? Ata nuk din\u00eb t\u00eb shohin p\u00ebrtej hund\u00ebs si kleriku islamist Lutfi Haziri qe qenka rritur ne xhami qe nga mosha f\u00ebmij\u00ebrore . Ai pas fitores u dalldis duke i k\u00ebrc\u00ebnuar ligjet e Republik\u00ebs s\u00eb Kosov\u00ebs me sanksione bile , bile edhe u shpalli luft\u00eb. Ai u zotua q\u00eb do ti shoq\u00ebroj nx\u00ebn\u00ebsit n\u00ebp\u00ebr shkolla, me i mbrojt shamiat edhe k\u00ebsulat e hoxhallar\u00ebve nga e cila th\u00ebrret varf\u00ebri, skamje, urrejtje dhe v\u00ebllavrasje ne shoqerine kosovare ma e dermuar nga manipulimet g\u00ebnjeshtrat dhe abuzimet qe i b\u00ebhen qe disa vite.<\/p>\n<p>Lutfija ju k\u00ebrc\u00ebnua dhe ja mblodh bet\u00eb edhe zonj\u00ebs Atifete Jahjaga dhe ministris\u00eb s\u00eb Arsimit qe ja kishin t\u00ebrhequr v\u00ebrejtjen . Ata u munduan ta qortojn\u00eb si nj\u00eb djal\u00eb adoleshent i pa koncept, ku mburret me nj\u00eb an\u00eb se qenka fetar dhe po i urrejlka, jo fetaret , ortodokset, katoliket dhe bektashinjt\u00eb qe jan\u00eb si sekte fetare n\u00eb vete n\u00eb Kosov\u00eb edhe me shekuj. Ky aq i men\u00e7ur qe \u00ebsht\u00eb si politikan harron kolapsin e varf\u00ebris\u00eb dhe skamjes qe e ka kapluar Kosov\u00ebn dhe prapambeturit\u00eb qe e kan\u00eb ngulfatur .Ky me nj\u00eb kapital marramendjesh sillet me t\u00eb varf\u00ebr n\u00eb forme ma naive dhe arrogante qe mendon se me duar p\u00ebr qiell e me byth p\u00ebrpjete zhduket varf\u00ebria ,skamja dhe e keqja ne shoq\u00ebrin\u00eb kosovare pa punuar ?!.<\/p>\n<p>Hazir Efendiu ka harruar q\u00eb n\u00eb Kosov\u00eb dhe n\u00eb Gjilan ku jeton, kriza dhe papun\u00ebsia e ka mbuluar vendin . Gjilanin e kan\u00eb rrethuar serbet me komuna t\u00eb reja dhe p\u00ebr Hazirin me tespi ne dore qe rrin gjthedit\u00ebn do ta rrezikojn\u00eb q\u00eb nj\u00eb dite t&#8217;ja marrin mandatin e kryetarit. Ky injorant ma me r\u00ebnd\u00ebsi e sheh shamin\u00eb dhe k\u00ebsula e hoxhallar\u00ebve dhe me i fut n\u00eb shkolla se sa me u marr\u00eb me projekte dhe plane zhvillimore te komun\u00ebs se Gjilanit &#8230; P\u00ebr Lutfi Hazirin nuk ka brengosje se populli nuk ka uj\u00eb t\u00eb pijes, skamje , korrupsion , hajni kriminalitet i organizuar n\u00eb Gjilan. K\u00ebto jan\u00eb te dor\u00ebs se dyt\u00eb p\u00ebr Haxhi Lutfiun , prap\u00eb ma me r\u00ebnd\u00ebsi \u00ebsht\u00eb p\u00ebr te , me fut shamin\u00eb n\u00eb shkolla!<br \/>\nP\u00ebr Lutfiun ma m\u00eb r\u00ebnd\u00ebsi \u00ebsht\u00eb shamia islame me hy n\u00eb shkolla t\u00eb Kosov\u00ebs se me e zgjedh problemin e energjis\u00eb elektrike n\u00eb Gjilan q\u00eb mos t\u00eb mbesin populli n\u00eb terr ai nxit terr n\u00eb femr\u00ebn shqiptare dhe burg. Lutfiu u dalldise dhe e ka rrit mendjen duke i fyer intelektualet q\u00eb kan\u00eb qen\u00eb me vlera historike. Belb\u00ebzimet e para i m\u00ebsoj Lutfia nga ata qe e b\u00ebn\u00eb alfabetin shqip dhe u b\u00eb nj\u00eb politikan i vock\u00ebl dhe tani i shan\u00eb se at\u00eb e ka m\u00ebsuar ne xhamat e komunizmit jugosllav ,qe burrat ma me nder dhe me te mire Serbia i ka quajtura hoxhallar\u00ebt dhe njer\u00ebzit qe nuk ja kan\u00eb l\u00ebshuar der\u00ebn xhamis\u00eb dhe kurr\u00eb nuk ju kane p\u00ebrzier Serbis\u00eb n\u00eb pun\u00ebt e saj te brendshme dhe n\u00eb sistemin politik ?<\/p>\n<p>Mos t\u00eb harron Lutfi Hazir haxhia se Car Dushanin, armiku e vendosi n\u00eb Shkup dje e nes\u00ebr do t&#8217;ja binin n\u00eb sheshin e Gjilanit! Prap\u00eb p\u00ebr Lutfi Haxhiun ma me r\u00ebnd\u00ebsi \u00ebsht\u00eb me u marr\u00eb me politiken e shamis\u00eb edhe kjo s&#8217;qon pesh\u00eb . Ai n\u00eb forme arrogante u tregua q\u00eb n\u00ebse nuk merrni vesh me fjal\u00eb e ne nj\u00eb fare m\u00ebnyre tha do te sakrifikoj p\u00ebr shami e k\u00ebsule duke i treguar edhe muskujt k\u00ebrc\u00ebnues si nj\u00eb fare repisti Memli Krasniqi, qe t\u00eb dyve akoma u qesin buz\u00ebt qum\u00ebsht se edhe me gjene p\u00ebrngjajn\u00eb!<br \/>\nNe saje te k\u00ebtyre skandaleve qe po i b\u00ebn\u00eb Lutfija mos t\u00eb mendon ky pseudopolitikan, aq naiv, aq i pa pjekur se askush , politik\u00ebn nuk ka marr\u00eb me thes n\u00eb krah? Kan\u00eb qen\u00eb burra edhe ma t\u00eb m\u00ebdhenj se ky dhe u rr\u00ebnuan nga qielli dhe u plandosen p\u00ebr toke k\u00ebto dit\u00eb. Andaj Lutfi Hazdreti Efendi Haziri, zbrit pak ma af\u00ebr n\u00eb toke ,se me u rr\u00ebzuar nga minarja e xhamis\u00eb, ato shami q\u00eb po i nxit p\u00ebr terr t\u00eb femr\u00ebs shqiptare , do t\u00eb sh\u00ebrbejn\u00eb p\u00ebr &#8220;qefin&#8221; sipas zakoneve fetare islame&#8230; dhe do shkosh n\u00eb bot\u00ebn e mrekullive , pa ata qe ju k\u00ebrc\u00ebnove dhe k\u00ebrkove me u b\u00ebr\u00eb operacion apo nj\u00eb far synetll\u00ebku nga xharrah\u00ebt tuaj!!!<\/p>\n","protected":false},"excerpt":{"rendered":"<p>Nga Asllan Dibrani,\u00a0art@asllandibrani.com Disa gjysme politikan n\u00eb munges\u00eb t\u00eb potencialit intelektual merren me gj\u00ebra sekondare t\u00eb shamis\u00eb dhe gjerave primitive qe nuk p\u00ebrkojn\u00eb me koh\u00ebn ! Opinioni kosovar u shokua, ma me pseudo politikajt, si\u00e7 \u00ebsht\u00eb Hoxh\u00eb Lutfi Haziri i Gjilanit qe ju rrit mendja qe e fitoj Gjilanin me nj\u00ebqind e nj\u00eb mij\u00eb shtylla!!! [&hellip;]<\/p>\n","protected":false},"author":1,"featured_media":0,"comment_status":"open","ping_status":"closed","sticky":false,"template":"","format":"standard","meta":{"footnotes":""},"categories":[2],"tags":[],"class_list":{"0":"post-13282","1":"post","2":"type-post","3":"status-publish","4":"format-standard","6":"category-artikuj"},"yoast_head":"<!-- This site is optimized with the Yoast SEO plugin v27.4 - https:\/\/yoast.com\/product\/yoast-seo-wordpress\/ -->\n<title>Deklaratat pro shamis\u00eb nga &quot;Hoxh\u00eb&quot; Lutfi Haziri, skandal dhe k\u00ebrc\u00ebnim ndaj ligjeve t\u00eb Republik\u00ebs s\u00eb Kosov\u00ebs !!! - FjALA e LIR\u00cb - Arkivi<\/title>\n<meta name=\"robots\" content=\"index, follow, max-snippet:-1, max-image-preview:large, max-video-preview:-1\" \/>\n<link rel=\"canonical\" href=\"https:\/\/fjala.info\/2009-2015\/deklaratat-pro-shamise-nga-hoxhe-lutfi-haziri-skandal-dhe-kercenim-ndaj-ligjeve-te-republikes-se-kosoves\/\" \/>\n<meta property=\"og:locale\" content=\"sq_AL\" \/>\n<meta property=\"og:type\" content=\"article\" \/>\n<meta property=\"og:title\" content=\"Deklaratat pro shamis\u00eb nga &quot;Hoxh\u00eb&quot; Lutfi Haziri, skandal dhe k\u00ebrc\u00ebnim ndaj ligjeve t\u00eb Republik\u00ebs s\u00eb Kosov\u00ebs !!! - FjALA e LIR\u00cb - Arkivi\" \/>\n<meta property=\"og:description\" content=\"Nga Asllan Dibrani,\u00a0art@asllandibrani.com Disa gjysme politikan n\u00eb munges\u00eb t\u00eb potencialit intelektual merren me gj\u00ebra sekondare t\u00eb shamis\u00eb dhe gjerave primitive qe nuk p\u00ebrkojn\u00eb me koh\u00ebn ! Opinioni kosovar u shokua, ma me pseudo politikajt, si\u00e7 \u00ebsht\u00eb Hoxh\u00eb Lutfi Haziri i Gjilanit qe ju rrit mendja qe e fitoj Gjilanin me nj\u00ebqind e nj\u00eb mij\u00eb shtylla!!! [&hellip;]\" \/>\n<meta property=\"og:url\" content=\"https:\/\/fjala.info\/2009-2015\/deklaratat-pro-shamise-nga-hoxhe-lutfi-haziri-skandal-dhe-kercenim-ndaj-ligjeve-te-republikes-se-kosoves\/\" \/>\n<meta property=\"og:site_name\" content=\"FjALA e LIR\u00cb - Arkivi\" \/>\n<meta property=\"article:published_time\" content=\"2013-12-09T22:38:07+00:00\" \/>\n<meta property=\"og:image\" content=\"http:\/\/www.fjala.info\/2013\/asllan_dibrani.jpg\" \/>\n<meta name=\"author\" content=\"admin\" \/>\n<meta name=\"twitter:card\" content=\"summary_large_image\" \/>\n<meta name=\"twitter:label1\" content=\"Written by\" \/>\n\t<meta name=\"twitter:data1\" content=\"admin\" \/>\n\t<meta name=\"twitter:label2\" content=\"Est. reading time\" \/>\n\t<meta name=\"twitter:data2\" content=\"4 minutes\" \/>\n<script type=\"application\/ld+json\" class=\"yoast-schema-graph\">{\"@context\":\"https:\\\/\\\/schema.org\",\"@graph\":[{\"@type\":\"Article\",\"@id\":\"https:\\\/\\\/fjala.info\\\/2009-2015\\\/deklaratat-pro-shamise-nga-hoxhe-lutfi-haziri-skandal-dhe-kercenim-ndaj-ligjeve-te-republikes-se-kosoves\\\/#article\",\"isPartOf\":{\"@id\":\"https:\\\/\\\/fjala.info\\\/2009-2015\\\/deklaratat-pro-shamise-nga-hoxhe-lutfi-haziri-skandal-dhe-kercenim-ndaj-ligjeve-te-republikes-se-kosoves\\\/\"},\"author\":{\"name\":\"admin\",\"@id\":\"https:\\\/\\\/fjala.info\\\/2009-2015\\\/#\\\/schema\\\/person\\\/3aa1163ef05469c496fc94e77611ada2\"},\"headline\":\"Deklaratat pro shamis\u00eb nga &#8220;Hoxh\u00eb&#8221; Lutfi Haziri, skandal dhe k\u00ebrc\u00ebnim ndaj ligjeve t\u00eb Republik\u00ebs s\u00eb Kosov\u00ebs !!!\",\"datePublished\":\"2013-12-09T22:38:07+00:00\",\"mainEntityOfPage\":{\"@id\":\"https:\\\/\\\/fjala.info\\\/2009-2015\\\/deklaratat-pro-shamise-nga-hoxhe-lutfi-haziri-skandal-dhe-kercenim-ndaj-ligjeve-te-republikes-se-kosoves\\\/\"},\"wordCount\":875,\"commentCount\":0,\"publisher\":{\"@id\":\"https:\\\/\\\/fjala.info\\\/2009-2015\\\/#organization\"},\"image\":{\"@id\":\"https:\\\/\\\/fjala.info\\\/2009-2015\\\/deklaratat-pro-shamise-nga-hoxhe-lutfi-haziri-skandal-dhe-kercenim-ndaj-ligjeve-te-republikes-se-kosoves\\\/#primaryimage\"},\"thumbnailUrl\":\"http:\\\/\\\/www.fjala.info\\\/2013\\\/asllan_dibrani.jpg\",\"articleSection\":[\"Artikuj\"],\"inLanguage\":\"sq-AL\",\"potentialAction\":[{\"@type\":\"CommentAction\",\"name\":\"Comment\",\"target\":[\"https:\\\/\\\/fjala.info\\\/2009-2015\\\/deklaratat-pro-shamise-nga-hoxhe-lutfi-haziri-skandal-dhe-kercenim-ndaj-ligjeve-te-republikes-se-kosoves\\\/#respond\"]}]},{\"@type\":\"WebPage\",\"@id\":\"https:\\\/\\\/fjala.info\\\/2009-2015\\\/deklaratat-pro-shamise-nga-hoxhe-lutfi-haziri-skandal-dhe-kercenim-ndaj-ligjeve-te-republikes-se-kosoves\\\/\",\"url\":\"https:\\\/\\\/fjala.info\\\/2009-2015\\\/deklaratat-pro-shamise-nga-hoxhe-lutfi-haziri-skandal-dhe-kercenim-ndaj-ligjeve-te-republikes-se-kosoves\\\/\",\"name\":\"Deklaratat pro shamis\u00eb nga \\\"Hoxh\u00eb\\\" Lutfi Haziri, skandal dhe k\u00ebrc\u00ebnim ndaj ligjeve t\u00eb Republik\u00ebs s\u00eb Kosov\u00ebs !!! - FjALA e LIR\u00cb - Arkivi\",\"isPartOf\":{\"@id\":\"https:\\\/\\\/fjala.info\\\/2009-2015\\\/#website\"},\"primaryImageOfPage\":{\"@id\":\"https:\\\/\\\/fjala.info\\\/2009-2015\\\/deklaratat-pro-shamise-nga-hoxhe-lutfi-haziri-skandal-dhe-kercenim-ndaj-ligjeve-te-republikes-se-kosoves\\\/#primaryimage\"},\"image\":{\"@id\":\"https:\\\/\\\/fjala.info\\\/2009-2015\\\/deklaratat-pro-shamise-nga-hoxhe-lutfi-haziri-skandal-dhe-kercenim-ndaj-ligjeve-te-republikes-se-kosoves\\\/#primaryimage\"},\"thumbnailUrl\":\"http:\\\/\\\/www.fjala.info\\\/2013\\\/asllan_dibrani.jpg\",\"datePublished\":\"2013-12-09T22:38:07+00:00\",\"breadcrumb\":{\"@id\":\"https:\\\/\\\/fjala.info\\\/2009-2015\\\/deklaratat-pro-shamise-nga-hoxhe-lutfi-haziri-skandal-dhe-kercenim-ndaj-ligjeve-te-republikes-se-kosoves\\\/#breadcrumb\"},\"inLanguage\":\"sq-AL\",\"potentialAction\":[{\"@type\":\"ReadAction\",\"target\":[\"https:\\\/\\\/fjala.info\\\/2009-2015\\\/deklaratat-pro-shamise-nga-hoxhe-lutfi-haziri-skandal-dhe-kercenim-ndaj-ligjeve-te-republikes-se-kosoves\\\/\"]}]},{\"@type\":\"ImageObject\",\"inLanguage\":\"sq-AL\",\"@id\":\"https:\\\/\\\/fjala.info\\\/2009-2015\\\/deklaratat-pro-shamise-nga-hoxhe-lutfi-haziri-skandal-dhe-kercenim-ndaj-ligjeve-te-republikes-se-kosoves\\\/#primaryimage\",\"url\":\"http:\\\/\\\/www.fjala.info\\\/2013\\\/asllan_dibrani.jpg\",\"contentUrl\":\"http:\\\/\\\/www.fjala.info\\\/2013\\\/asllan_dibrani.jpg\"},{\"@type\":\"BreadcrumbList\",\"@id\":\"https:\\\/\\\/fjala.info\\\/2009-2015\\\/deklaratat-pro-shamise-nga-hoxhe-lutfi-haziri-skandal-dhe-kercenim-ndaj-ligjeve-te-republikes-se-kosoves\\\/#breadcrumb\",\"itemListElement\":[{\"@type\":\"ListItem\",\"position\":1,\"name\":\"Home\",\"item\":\"https:\\\/\\\/fjala.info\\\/2009-2015\\\/\"},{\"@type\":\"ListItem\",\"position\":2,\"name\":\"Deklaratat pro shamis\u00eb nga &#8220;Hoxh\u00eb&#8221; Lutfi Haziri, skandal dhe k\u00ebrc\u00ebnim ndaj ligjeve t\u00eb Republik\u00ebs s\u00eb Kosov\u00ebs !!!\"}]},{\"@type\":\"WebSite\",\"@id\":\"https:\\\/\\\/fjala.info\\\/2009-2015\\\/#website\",\"url\":\"https:\\\/\\\/fjala.info\\\/2009-2015\\\/\",\"name\":\"FjALA e LIR\u00cb - Arkivi\",\"description\":\"Arkivi 2009-2015\",\"publisher\":{\"@id\":\"https:\\\/\\\/fjala.info\\\/2009-2015\\\/#organization\"},\"potentialAction\":[{\"@type\":\"SearchAction\",\"target\":{\"@type\":\"EntryPoint\",\"urlTemplate\":\"https:\\\/\\\/fjala.info\\\/2009-2015\\\/?s={search_term_string}\"},\"query-input\":{\"@type\":\"PropertyValueSpecification\",\"valueRequired\":true,\"valueName\":\"search_term_string\"}}],\"inLanguage\":\"sq-AL\"},{\"@type\":\"Organization\",\"@id\":\"https:\\\/\\\/fjala.info\\\/2009-2015\\\/#organization\",\"name\":\"FjALA e LIR\u00cb - Arkivi\",\"url\":\"https:\\\/\\\/fjala.info\\\/2009-2015\\\/\",\"logo\":{\"@type\":\"ImageObject\",\"inLanguage\":\"sq-AL\",\"@id\":\"https:\\\/\\\/fjala.info\\\/2009-2015\\\/#\\\/schema\\\/logo\\\/image\\\/\",\"url\":\"\",\"contentUrl\":\"\",\"caption\":\"FjALA e LIR\u00cb - Arkivi\"},\"image\":{\"@id\":\"https:\\\/\\\/fjala.info\\\/2009-2015\\\/#\\\/schema\\\/logo\\\/image\\\/\"}},{\"@type\":\"Person\",\"@id\":\"https:\\\/\\\/fjala.info\\\/2009-2015\\\/#\\\/schema\\\/person\\\/3aa1163ef05469c496fc94e77611ada2\",\"name\":\"admin\",\"image\":{\"@type\":\"ImageObject\",\"inLanguage\":\"sq-AL\",\"@id\":\"https:\\\/\\\/fjala.info\\\/2009-2015\\\/wp-content\\\/uploads\\\/2012\\\/02\\\/arben_cokaj-120x150.jpg\",\"url\":\"https:\\\/\\\/fjala.info\\\/2009-2015\\\/wp-content\\\/uploads\\\/2012\\\/02\\\/arben_cokaj-120x150.jpg\",\"contentUrl\":\"https:\\\/\\\/fjala.info\\\/2009-2015\\\/wp-content\\\/uploads\\\/2012\\\/02\\\/arben_cokaj-120x150.jpg\",\"caption\":\"admin\"},\"description\":\"Admin, Fjala e Lir\u00eb\",\"sameAs\":[\"https:\\\/\\\/fjala.info\\\/\"],\"url\":\"https:\\\/\\\/fjala.info\\\/2009-2015\\\/author\\\/admin\\\/\"}]}<\/script>\n<!-- \/ Yoast SEO plugin. -->","yoast_head_json":{"title":"Deklaratat pro shamis\u00eb nga \"Hoxh\u00eb\" Lutfi Haziri, skandal dhe k\u00ebrc\u00ebnim ndaj ligjeve t\u00eb Republik\u00ebs s\u00eb Kosov\u00ebs !!! - FjALA e LIR\u00cb - Arkivi","robots":{"index":"index","follow":"follow","max-snippet":"max-snippet:-1","max-image-preview":"max-image-preview:large","max-video-preview":"max-video-preview:-1"},"canonical":"https:\/\/fjala.info\/2009-2015\/deklaratat-pro-shamise-nga-hoxhe-lutfi-haziri-skandal-dhe-kercenim-ndaj-ligjeve-te-republikes-se-kosoves\/","og_locale":"sq_AL","og_type":"article","og_title":"Deklaratat pro shamis\u00eb nga \"Hoxh\u00eb\" Lutfi Haziri, skandal dhe k\u00ebrc\u00ebnim ndaj ligjeve t\u00eb Republik\u00ebs s\u00eb Kosov\u00ebs !!! - FjALA e LIR\u00cb - Arkivi","og_description":"Nga Asllan Dibrani,\u00a0art@asllandibrani.com Disa gjysme politikan n\u00eb munges\u00eb t\u00eb potencialit intelektual merren me gj\u00ebra sekondare t\u00eb shamis\u00eb dhe gjerave primitive qe nuk p\u00ebrkojn\u00eb me koh\u00ebn ! Opinioni kosovar u shokua, ma me pseudo politikajt, si\u00e7 \u00ebsht\u00eb Hoxh\u00eb Lutfi Haziri i Gjilanit qe ju rrit mendja qe e fitoj Gjilanin me nj\u00ebqind e nj\u00eb mij\u00eb shtylla!!! [&hellip;]","og_url":"https:\/\/fjala.info\/2009-2015\/deklaratat-pro-shamise-nga-hoxhe-lutfi-haziri-skandal-dhe-kercenim-ndaj-ligjeve-te-republikes-se-kosoves\/","og_site_name":"FjALA e LIR\u00cb - Arkivi","article_published_time":"2013-12-09T22:38:07+00:00","og_image":[{"url":"http:\/\/www.fjala.info\/2013\/asllan_dibrani.jpg","type":"","width":"","height":""}],"author":"admin","twitter_card":"summary_large_image","twitter_misc":{"Written by":"admin","Est. reading time":"4 minutes"},"schema":{"@context":"https:\/\/schema.org","@graph":[{"@type":"Article","@id":"https:\/\/fjala.info\/2009-2015\/deklaratat-pro-shamise-nga-hoxhe-lutfi-haziri-skandal-dhe-kercenim-ndaj-ligjeve-te-republikes-se-kosoves\/#article","isPartOf":{"@id":"https:\/\/fjala.info\/2009-2015\/deklaratat-pro-shamise-nga-hoxhe-lutfi-haziri-skandal-dhe-kercenim-ndaj-ligjeve-te-republikes-se-kosoves\/"},"author":{"name":"admin","@id":"https:\/\/fjala.info\/2009-2015\/#\/schema\/person\/3aa1163ef05469c496fc94e77611ada2"},"headline":"Deklaratat pro shamis\u00eb nga &#8220;Hoxh\u00eb&#8221; Lutfi Haziri, skandal dhe k\u00ebrc\u00ebnim ndaj ligjeve t\u00eb Republik\u00ebs s\u00eb Kosov\u00ebs !!!","datePublished":"2013-12-09T22:38:07+00:00","mainEntityOfPage":{"@id":"https:\/\/fjala.info\/2009-2015\/deklaratat-pro-shamise-nga-hoxhe-lutfi-haziri-skandal-dhe-kercenim-ndaj-ligjeve-te-republikes-se-kosoves\/"},"wordCount":875,"commentCount":0,"publisher":{"@id":"https:\/\/fjala.info\/2009-2015\/#organization"},"image":{"@id":"https:\/\/fjala.info\/2009-2015\/deklaratat-pro-shamise-nga-hoxhe-lutfi-haziri-skandal-dhe-kercenim-ndaj-ligjeve-te-republikes-se-kosoves\/#primaryimage"},"thumbnailUrl":"http:\/\/www.fjala.info\/2013\/asllan_dibrani.jpg","articleSection":["Artikuj"],"inLanguage":"sq-AL","potentialAction":[{"@type":"CommentAction","name":"Comment","target":["https:\/\/fjala.info\/2009-2015\/deklaratat-pro-shamise-nga-hoxhe-lutfi-haziri-skandal-dhe-kercenim-ndaj-ligjeve-te-republikes-se-kosoves\/#respond"]}]},{"@type":"WebPage","@id":"https:\/\/fjala.info\/2009-2015\/deklaratat-pro-shamise-nga-hoxhe-lutfi-haziri-skandal-dhe-kercenim-ndaj-ligjeve-te-republikes-se-kosoves\/","url":"https:\/\/fjala.info\/2009-2015\/deklaratat-pro-shamise-nga-hoxhe-lutfi-haziri-skandal-dhe-kercenim-ndaj-ligjeve-te-republikes-se-kosoves\/","name":"Deklaratat pro shamis\u00eb nga \"Hoxh\u00eb\" Lutfi Haziri, skandal dhe k\u00ebrc\u00ebnim ndaj ligjeve t\u00eb Republik\u00ebs s\u00eb Kosov\u00ebs !!! - FjALA e LIR\u00cb - Arkivi","isPartOf":{"@id":"https:\/\/fjala.info\/2009-2015\/#website"},"primaryImageOfPage":{"@id":"https:\/\/fjala.info\/2009-2015\/deklaratat-pro-shamise-nga-hoxhe-lutfi-haziri-skandal-dhe-kercenim-ndaj-ligjeve-te-republikes-se-kosoves\/#primaryimage"},"image":{"@id":"https:\/\/fjala.info\/2009-2015\/deklaratat-pro-shamise-nga-hoxhe-lutfi-haziri-skandal-dhe-kercenim-ndaj-ligjeve-te-republikes-se-kosoves\/#primaryimage"},"thumbnailUrl":"http:\/\/www.fjala.info\/2013\/asllan_dibrani.jpg","datePublished":"2013-12-09T22:38:07+00:00","breadcrumb":{"@id":"https:\/\/fjala.info\/2009-2015\/deklaratat-pro-shamise-nga-hoxhe-lutfi-haziri-skandal-dhe-kercenim-ndaj-ligjeve-te-republikes-se-kosoves\/#breadcrumb"},"inLanguage":"sq-AL","potentialAction":[{"@type":"ReadAction","target":["https:\/\/fjala.info\/2009-2015\/deklaratat-pro-shamise-nga-hoxhe-lutfi-haziri-skandal-dhe-kercenim-ndaj-ligjeve-te-republikes-se-kosoves\/"]}]},{"@type":"ImageObject","inLanguage":"sq-AL","@id":"https:\/\/fjala.info\/2009-2015\/deklaratat-pro-shamise-nga-hoxhe-lutfi-haziri-skandal-dhe-kercenim-ndaj-ligjeve-te-republikes-se-kosoves\/#primaryimage","url":"http:\/\/www.fjala.info\/2013\/asllan_dibrani.jpg","contentUrl":"http:\/\/www.fjala.info\/2013\/asllan_dibrani.jpg"},{"@type":"BreadcrumbList","@id":"https:\/\/fjala.info\/2009-2015\/deklaratat-pro-shamise-nga-hoxhe-lutfi-haziri-skandal-dhe-kercenim-ndaj-ligjeve-te-republikes-se-kosoves\/#breadcrumb","itemListElement":[{"@type":"ListItem","position":1,"name":"Home","item":"https:\/\/fjala.info\/2009-2015\/"},{"@type":"ListItem","position":2,"name":"Deklaratat pro shamis\u00eb nga &#8220;Hoxh\u00eb&#8221; Lutfi Haziri, skandal dhe k\u00ebrc\u00ebnim ndaj ligjeve t\u00eb Republik\u00ebs s\u00eb Kosov\u00ebs !!!"}]},{"@type":"WebSite","@id":"https:\/\/fjala.info\/2009-2015\/#website","url":"https:\/\/fjala.info\/2009-2015\/","name":"FjALA e LIR\u00cb - Arkivi","description":"Arkivi 2009-2015","publisher":{"@id":"https:\/\/fjala.info\/2009-2015\/#organization"},"potentialAction":[{"@type":"SearchAction","target":{"@type":"EntryPoint","urlTemplate":"https:\/\/fjala.info\/2009-2015\/?s={search_term_string}"},"query-input":{"@type":"PropertyValueSpecification","valueRequired":true,"valueName":"search_term_string"}}],"inLanguage":"sq-AL"},{"@type":"Organization","@id":"https:\/\/fjala.info\/2009-2015\/#organization","name":"FjALA e LIR\u00cb - Arkivi","url":"https:\/\/fjala.info\/2009-2015\/","logo":{"@type":"ImageObject","inLanguage":"sq-AL","@id":"https:\/\/fjala.info\/2009-2015\/#\/schema\/logo\/image\/","url":"","contentUrl":"","caption":"FjALA e LIR\u00cb - Arkivi"},"image":{"@id":"https:\/\/fjala.info\/2009-2015\/#\/schema\/logo\/image\/"}},{"@type":"Person","@id":"https:\/\/fjala.info\/2009-2015\/#\/schema\/person\/3aa1163ef05469c496fc94e77611ada2","name":"admin","image":{"@type":"ImageObject","inLanguage":"sq-AL","@id":"https:\/\/fjala.info\/2009-2015\/wp-content\/uploads\/2012\/02\/arben_cokaj-120x150.jpg","url":"https:\/\/fjala.info\/2009-2015\/wp-content\/uploads\/2012\/02\/arben_cokaj-120x150.jpg","contentUrl":"https:\/\/fjala.info\/2009-2015\/wp-content\/uploads\/2012\/02\/arben_cokaj-120x150.jpg","caption":"admin"},"description":"Admin, Fjala e Lir\u00eb","sameAs":["https:\/\/fjala.info\/"],"url":"https:\/\/fjala.info\/2009-2015\/author\/admin\/"}]}},"_links":{"self":[{"href":"https:\/\/fjala.info\/2009-2015\/wp-json\/wp\/v2\/posts\/13282","targetHints":{"allow":["GET"]}}],"collection":[{"href":"https:\/\/fjala.info\/2009-2015\/wp-json\/wp\/v2\/posts"}],"about":[{"href":"https:\/\/fjala.info\/2009-2015\/wp-json\/wp\/v2\/types\/post"}],"author":[{"embeddable":true,"href":"https:\/\/fjala.info\/2009-2015\/wp-json\/wp\/v2\/users\/1"}],"replies":[{"embeddable":true,"href":"https:\/\/fjala.info\/2009-2015\/wp-json\/wp\/v2\/comments?post=13282"}],"version-history":[{"count":0,"href":"https:\/\/fjala.info\/2009-2015\/wp-json\/wp\/v2\/posts\/13282\/revisions"}],"wp:attachment":[{"href":"https:\/\/fjala.info\/2009-2015\/wp-json\/wp\/v2\/media?parent=13282"}],"wp:term":[{"taxonomy":"category","embeddable":true,"href":"https:\/\/fjala.info\/2009-2015\/wp-json\/wp\/v2\/categories?post=13282"},{"taxonomy":"post_tag","embeddable":true,"href":"https:\/\/fjala.info\/2009-2015\/wp-json\/wp\/v2\/tags?post=13282"}],"curies":[{"name":"wp","href":"https:\/\/api.w.org\/{rel}","templated":true}]}}