{"id":13281,"date":"2013-12-09T11:10:55","date_gmt":"2013-12-09T10:10:55","guid":{"rendered":"http:\/\/fjala.info\/?p=5319"},"modified":"2013-12-09T11:10:55","modified_gmt":"2013-12-09T10:10:55","slug":"rrefimi-i-gazetarit-kompania-turke-po-vjedh-arin-e-mirdites","status":"publish","type":"post","link":"https:\/\/fjala.info\/2009-2015\/rrefimi-i-gazetarit-kompania-turke-po-vjedh-arin-e-mirdites\/","title":{"rendered":"Rr\u00ebfimi i gazetarit: Kompania turke po vjedh arin e Mirdit\u00ebs"},"content":{"rendered":"<p><img decoding=\"async\" class=\"alignright size-thumbnail wp-image-7236\" title=\"Cop\u00eb ari\" alt=\"\" src=\"http:\/\/www.fjala.info\/2013\/cope_ari.jpg\" width=\"300\" \/> <strong>Aleksand\u00ebr Ndoja<\/strong>, korrespondenti i Mirdit\u00ebs, pak dit\u00eb m\u00eb par\u00eb ka denoncuar nj\u00eb skandal q\u00eb sipas tij \u00ebsht\u00eb p\u00ebr t\u00eb v\u00ebn\u00eb \u201ckuj\u00ebn\u201d.<\/p>\n<p>Ndoja d\u00ebshmon se disa punonj\u00ebs shqiptar\u00eb t\u00eb nj\u00eb kompanie turke\u00a0 e kan\u00eb kontaktuar pak dit\u00eb m\u00eb par\u00eb duke i dh\u00ebn\u00eb tre kampion\u00eb\u00a0 mineralesh me p\u00ebrmbajtje t\u00eb lart\u00eb floriri.<\/p>\n<p>Ndoja shprehet i bindur se kompania turke q\u00eb punon n\u00eb at\u00eb zon\u00eb, nd\u00ebrsa ka hapur tunele p\u00ebr nd\u00ebrtimin e hidrocentraleve, gjat\u00eb punimeve n\u00eb tunele ka siguruar dhe mineral me p\u00ebrqindje t\u00eb lart\u00eb floriri, t\u00eb cilin po e nxjerr ilegalisht jasht\u00eb Shqip\u00ebris\u00eb.<\/p>\n<p><i>\u201cM\u00eb soll\u00ebn tre kampion\u00eb t\u00eb till\u00eb, aktualisht kam vet\u00ebm nj\u00eb n\u00eb posedim pasi dy t\u00eb tjer\u00eb i kam \u00e7uar n\u00eb ekspert\u00eb p\u00ebr t\u2019i analizuar dhe shkenc\u00ebrisht. Nd\u00ebrkoh\u00eb si\u00e7 edhe mund ta dini, k\u00ebtu n\u00eb Mirdit\u00eb ka shum\u00eb ekspert\u00eb t\u00eb bakrit dhe t\u00eb floririt q\u00eb menj\u00ebher\u00eb sa e kan\u00eb par\u00eb kampionin, kan\u00eb th\u00ebn\u00eb se b\u00ebhet fjal\u00eb\u00a0 p\u00ebr flori madje me nj\u00eb p\u00ebrqindje tep\u00ebr t\u00eb lart\u00eb\u201d, <\/i>shprehet ai p\u00ebr gazet\u00ebn \u201cDita\u201d teksa thekson se k\u00ebto kampion\u00eb peshojn\u00eb rreth 400 gram\u00eb.<\/p>\n<p>Sipas tij, kompania \u201cAydiner Insaat\u201d ka qen\u00eb e implikuar edhe m\u00eb par\u00eb n\u00eb skema t\u00eb tilla.<\/p>\n<p><i>\u201cKa disa muaj, nuk ka shum\u00eb koh\u00eb, por kompania n\u00eb fjal\u00eb edhe disa vite m\u00eb par\u00eb ka qen\u00eb e implikuar n\u00eb skema t\u00eb tilla t\u00eb shfryt\u00ebzimit t\u00eb punimeve publike n\u00eb k\u00ebt\u00eb zon\u00eb me q\u00ebllim t\u00eb v\u00ebrtet\u00eb nxjerrjen e paligjshme t\u00eb floririt\u201d.<\/i><\/p>\n<p>Sipas Ndoj\u00ebs, kjo kompani ka qen\u00eb e angazhuar edhe n\u00eb nd\u00ebrtimin e aksit Rr\u00ebshen\u2013 Kalimash.<\/p>\n<p><i>\u201cKjo kompani diku tek 4-5 vite m\u00eb par\u00eb madje nd\u00ebrsa ishte hapur nj\u00eb tunel, njoftoi bllokimin e tunelit si pasoj\u00eb e nj\u00eb rreziku q\u00eb u kanosej pun\u00ebtor\u00ebve nga nj\u00eb shkarje n\u00eb tunel, por t\u00eb dh\u00ebnat q\u00eb vinin nga pun\u00ebtor\u00ebt shqiptar\u00eb flisnin se ky bllokim ishte i q\u00ebllimsh\u00ebm pasi kompania kishte konstatuar prezenc\u00eb t\u00eb mineraleve t\u00eb \u00e7muara gjat\u00eb g\u00ebrmimeve dhe nat\u00ebn k\u00ebto minerale ngarkoheshin dhe niseshin p\u00ebr n\u00eb Durr\u00ebs,\u201d <\/i>denoncon gazetari.<\/p>\n","protected":false},"excerpt":{"rendered":"<p>Aleksand\u00ebr Ndoja, korrespondenti i Mirdit\u00ebs, pak dit\u00eb m\u00eb par\u00eb ka denoncuar nj\u00eb skandal q\u00eb sipas tij \u00ebsht\u00eb p\u00ebr t\u00eb v\u00ebn\u00eb \u201ckuj\u00ebn\u201d. Ndoja d\u00ebshmon se disa punonj\u00ebs shqiptar\u00eb t\u00eb nj\u00eb kompanie turke\u00a0 e kan\u00eb kontaktuar pak dit\u00eb m\u00eb par\u00eb duke i dh\u00ebn\u00eb tre kampion\u00eb\u00a0 mineralesh me p\u00ebrmbajtje t\u00eb lart\u00eb floriri. Ndoja shprehet i bindur se kompania [&hellip;]<\/p>\n","protected":false},"author":1,"featured_media":0,"comment_status":"open","ping_status":"closed","sticky":false,"template":"","format":"standard","meta":{"footnotes":""},"categories":[2],"tags":[],"class_list":{"0":"post-13281","1":"post","2":"type-post","3":"status-publish","4":"format-standard","6":"category-artikuj"},"yoast_head":"<!-- This site is optimized with the Yoast SEO plugin v27.4 - https:\/\/yoast.com\/product\/yoast-seo-wordpress\/ -->\n<title>Rr\u00ebfimi i gazetarit: Kompania turke po vjedh arin e Mirdit\u00ebs - FjALA e LIR\u00cb - Arkivi<\/title>\n<meta name=\"robots\" content=\"index, follow, max-snippet:-1, max-image-preview:large, max-video-preview:-1\" \/>\n<link rel=\"canonical\" href=\"https:\/\/fjala.info\/2009-2015\/rrefimi-i-gazetarit-kompania-turke-po-vjedh-arin-e-mirdites\/\" \/>\n<meta property=\"og:locale\" content=\"sq_AL\" \/>\n<meta property=\"og:type\" content=\"article\" \/>\n<meta property=\"og:title\" content=\"Rr\u00ebfimi i gazetarit: Kompania turke po vjedh arin e Mirdit\u00ebs - FjALA e LIR\u00cb - Arkivi\" \/>\n<meta property=\"og:description\" content=\"Aleksand\u00ebr Ndoja, korrespondenti i Mirdit\u00ebs, pak dit\u00eb m\u00eb par\u00eb ka denoncuar nj\u00eb skandal q\u00eb sipas tij \u00ebsht\u00eb p\u00ebr t\u00eb v\u00ebn\u00eb \u201ckuj\u00ebn\u201d. Ndoja d\u00ebshmon se disa punonj\u00ebs shqiptar\u00eb t\u00eb nj\u00eb kompanie turke\u00a0 e kan\u00eb kontaktuar pak dit\u00eb m\u00eb par\u00eb duke i dh\u00ebn\u00eb tre kampion\u00eb\u00a0 mineralesh me p\u00ebrmbajtje t\u00eb lart\u00eb floriri. Ndoja shprehet i bindur se kompania [&hellip;]\" \/>\n<meta property=\"og:url\" content=\"https:\/\/fjala.info\/2009-2015\/rrefimi-i-gazetarit-kompania-turke-po-vjedh-arin-e-mirdites\/\" \/>\n<meta property=\"og:site_name\" content=\"FjALA e LIR\u00cb - Arkivi\" \/>\n<meta property=\"article:published_time\" content=\"2013-12-09T10:10:55+00:00\" \/>\n<meta property=\"og:image\" content=\"http:\/\/www.fjala.info\/2013\/cope_ari.jpg\" \/>\n<meta name=\"author\" content=\"admin\" \/>\n<meta name=\"twitter:card\" content=\"summary_large_image\" \/>\n<meta name=\"twitter:label1\" content=\"Written by\" \/>\n\t<meta name=\"twitter:data1\" content=\"admin\" \/>\n\t<meta name=\"twitter:label2\" content=\"Est. reading time\" \/>\n\t<meta name=\"twitter:data2\" content=\"2 minutes\" \/>\n<script type=\"application\/ld+json\" class=\"yoast-schema-graph\">{\"@context\":\"https:\\\/\\\/schema.org\",\"@graph\":[{\"@type\":\"Article\",\"@id\":\"https:\\\/\\\/fjala.info\\\/2009-2015\\\/rrefimi-i-gazetarit-kompania-turke-po-vjedh-arin-e-mirdites\\\/#article\",\"isPartOf\":{\"@id\":\"https:\\\/\\\/fjala.info\\\/2009-2015\\\/rrefimi-i-gazetarit-kompania-turke-po-vjedh-arin-e-mirdites\\\/\"},\"author\":{\"name\":\"admin\",\"@id\":\"https:\\\/\\\/fjala.info\\\/2009-2015\\\/#\\\/schema\\\/person\\\/3aa1163ef05469c496fc94e77611ada2\"},\"headline\":\"Rr\u00ebfimi i gazetarit: Kompania turke po vjedh arin e Mirdit\u00ebs\",\"datePublished\":\"2013-12-09T10:10:55+00:00\",\"mainEntityOfPage\":{\"@id\":\"https:\\\/\\\/fjala.info\\\/2009-2015\\\/rrefimi-i-gazetarit-kompania-turke-po-vjedh-arin-e-mirdites\\\/\"},\"wordCount\":371,\"commentCount\":0,\"publisher\":{\"@id\":\"https:\\\/\\\/fjala.info\\\/2009-2015\\\/#organization\"},\"image\":{\"@id\":\"https:\\\/\\\/fjala.info\\\/2009-2015\\\/rrefimi-i-gazetarit-kompania-turke-po-vjedh-arin-e-mirdites\\\/#primaryimage\"},\"thumbnailUrl\":\"http:\\\/\\\/www.fjala.info\\\/2013\\\/cope_ari.jpg\",\"articleSection\":[\"Artikuj\"],\"inLanguage\":\"sq-AL\",\"potentialAction\":[{\"@type\":\"CommentAction\",\"name\":\"Comment\",\"target\":[\"https:\\\/\\\/fjala.info\\\/2009-2015\\\/rrefimi-i-gazetarit-kompania-turke-po-vjedh-arin-e-mirdites\\\/#respond\"]}]},{\"@type\":\"WebPage\",\"@id\":\"https:\\\/\\\/fjala.info\\\/2009-2015\\\/rrefimi-i-gazetarit-kompania-turke-po-vjedh-arin-e-mirdites\\\/\",\"url\":\"https:\\\/\\\/fjala.info\\\/2009-2015\\\/rrefimi-i-gazetarit-kompania-turke-po-vjedh-arin-e-mirdites\\\/\",\"name\":\"Rr\u00ebfimi i gazetarit: Kompania turke po vjedh arin e Mirdit\u00ebs - FjALA e LIR\u00cb - Arkivi\",\"isPartOf\":{\"@id\":\"https:\\\/\\\/fjala.info\\\/2009-2015\\\/#website\"},\"primaryImageOfPage\":{\"@id\":\"https:\\\/\\\/fjala.info\\\/2009-2015\\\/rrefimi-i-gazetarit-kompania-turke-po-vjedh-arin-e-mirdites\\\/#primaryimage\"},\"image\":{\"@id\":\"https:\\\/\\\/fjala.info\\\/2009-2015\\\/rrefimi-i-gazetarit-kompania-turke-po-vjedh-arin-e-mirdites\\\/#primaryimage\"},\"thumbnailUrl\":\"http:\\\/\\\/www.fjala.info\\\/2013\\\/cope_ari.jpg\",\"datePublished\":\"2013-12-09T10:10:55+00:00\",\"breadcrumb\":{\"@id\":\"https:\\\/\\\/fjala.info\\\/2009-2015\\\/rrefimi-i-gazetarit-kompania-turke-po-vjedh-arin-e-mirdites\\\/#breadcrumb\"},\"inLanguage\":\"sq-AL\",\"potentialAction\":[{\"@type\":\"ReadAction\",\"target\":[\"https:\\\/\\\/fjala.info\\\/2009-2015\\\/rrefimi-i-gazetarit-kompania-turke-po-vjedh-arin-e-mirdites\\\/\"]}]},{\"@type\":\"ImageObject\",\"inLanguage\":\"sq-AL\",\"@id\":\"https:\\\/\\\/fjala.info\\\/2009-2015\\\/rrefimi-i-gazetarit-kompania-turke-po-vjedh-arin-e-mirdites\\\/#primaryimage\",\"url\":\"http:\\\/\\\/www.fjala.info\\\/2013\\\/cope_ari.jpg\",\"contentUrl\":\"http:\\\/\\\/www.fjala.info\\\/2013\\\/cope_ari.jpg\"},{\"@type\":\"BreadcrumbList\",\"@id\":\"https:\\\/\\\/fjala.info\\\/2009-2015\\\/rrefimi-i-gazetarit-kompania-turke-po-vjedh-arin-e-mirdites\\\/#breadcrumb\",\"itemListElement\":[{\"@type\":\"ListItem\",\"position\":1,\"name\":\"Home\",\"item\":\"https:\\\/\\\/fjala.info\\\/2009-2015\\\/\"},{\"@type\":\"ListItem\",\"position\":2,\"name\":\"Rr\u00ebfimi i gazetarit: Kompania turke po vjedh arin e Mirdit\u00ebs\"}]},{\"@type\":\"WebSite\",\"@id\":\"https:\\\/\\\/fjala.info\\\/2009-2015\\\/#website\",\"url\":\"https:\\\/\\\/fjala.info\\\/2009-2015\\\/\",\"name\":\"FjALA e LIR\u00cb - Arkivi\",\"description\":\"Arkivi 2009-2015\",\"publisher\":{\"@id\":\"https:\\\/\\\/fjala.info\\\/2009-2015\\\/#organization\"},\"potentialAction\":[{\"@type\":\"SearchAction\",\"target\":{\"@type\":\"EntryPoint\",\"urlTemplate\":\"https:\\\/\\\/fjala.info\\\/2009-2015\\\/?s={search_term_string}\"},\"query-input\":{\"@type\":\"PropertyValueSpecification\",\"valueRequired\":true,\"valueName\":\"search_term_string\"}}],\"inLanguage\":\"sq-AL\"},{\"@type\":\"Organization\",\"@id\":\"https:\\\/\\\/fjala.info\\\/2009-2015\\\/#organization\",\"name\":\"FjALA e LIR\u00cb - Arkivi\",\"url\":\"https:\\\/\\\/fjala.info\\\/2009-2015\\\/\",\"logo\":{\"@type\":\"ImageObject\",\"inLanguage\":\"sq-AL\",\"@id\":\"https:\\\/\\\/fjala.info\\\/2009-2015\\\/#\\\/schema\\\/logo\\\/image\\\/\",\"url\":\"\",\"contentUrl\":\"\",\"caption\":\"FjALA e LIR\u00cb - Arkivi\"},\"image\":{\"@id\":\"https:\\\/\\\/fjala.info\\\/2009-2015\\\/#\\\/schema\\\/logo\\\/image\\\/\"}},{\"@type\":\"Person\",\"@id\":\"https:\\\/\\\/fjala.info\\\/2009-2015\\\/#\\\/schema\\\/person\\\/3aa1163ef05469c496fc94e77611ada2\",\"name\":\"admin\",\"image\":{\"@type\":\"ImageObject\",\"inLanguage\":\"sq-AL\",\"@id\":\"https:\\\/\\\/fjala.info\\\/2009-2015\\\/wp-content\\\/uploads\\\/2012\\\/02\\\/arben_cokaj-120x150.jpg\",\"url\":\"https:\\\/\\\/fjala.info\\\/2009-2015\\\/wp-content\\\/uploads\\\/2012\\\/02\\\/arben_cokaj-120x150.jpg\",\"contentUrl\":\"https:\\\/\\\/fjala.info\\\/2009-2015\\\/wp-content\\\/uploads\\\/2012\\\/02\\\/arben_cokaj-120x150.jpg\",\"caption\":\"admin\"},\"description\":\"Admin, Fjala e Lir\u00eb\",\"sameAs\":[\"https:\\\/\\\/fjala.info\\\/\"],\"url\":\"https:\\\/\\\/fjala.info\\\/2009-2015\\\/author\\\/admin\\\/\"}]}<\/script>\n<!-- \/ Yoast SEO plugin. -->","yoast_head_json":{"title":"Rr\u00ebfimi i gazetarit: Kompania turke po vjedh arin e Mirdit\u00ebs - FjALA e LIR\u00cb - Arkivi","robots":{"index":"index","follow":"follow","max-snippet":"max-snippet:-1","max-image-preview":"max-image-preview:large","max-video-preview":"max-video-preview:-1"},"canonical":"https:\/\/fjala.info\/2009-2015\/rrefimi-i-gazetarit-kompania-turke-po-vjedh-arin-e-mirdites\/","og_locale":"sq_AL","og_type":"article","og_title":"Rr\u00ebfimi i gazetarit: Kompania turke po vjedh arin e Mirdit\u00ebs - FjALA e LIR\u00cb - Arkivi","og_description":"Aleksand\u00ebr Ndoja, korrespondenti i Mirdit\u00ebs, pak dit\u00eb m\u00eb par\u00eb ka denoncuar nj\u00eb skandal q\u00eb sipas tij \u00ebsht\u00eb p\u00ebr t\u00eb v\u00ebn\u00eb \u201ckuj\u00ebn\u201d. Ndoja d\u00ebshmon se disa punonj\u00ebs shqiptar\u00eb t\u00eb nj\u00eb kompanie turke\u00a0 e kan\u00eb kontaktuar pak dit\u00eb m\u00eb par\u00eb duke i dh\u00ebn\u00eb tre kampion\u00eb\u00a0 mineralesh me p\u00ebrmbajtje t\u00eb lart\u00eb floriri. Ndoja shprehet i bindur se kompania [&hellip;]","og_url":"https:\/\/fjala.info\/2009-2015\/rrefimi-i-gazetarit-kompania-turke-po-vjedh-arin-e-mirdites\/","og_site_name":"FjALA e LIR\u00cb - Arkivi","article_published_time":"2013-12-09T10:10:55+00:00","og_image":[{"url":"http:\/\/www.fjala.info\/2013\/cope_ari.jpg","type":"","width":"","height":""}],"author":"admin","twitter_card":"summary_large_image","twitter_misc":{"Written by":"admin","Est. reading time":"2 minutes"},"schema":{"@context":"https:\/\/schema.org","@graph":[{"@type":"Article","@id":"https:\/\/fjala.info\/2009-2015\/rrefimi-i-gazetarit-kompania-turke-po-vjedh-arin-e-mirdites\/#article","isPartOf":{"@id":"https:\/\/fjala.info\/2009-2015\/rrefimi-i-gazetarit-kompania-turke-po-vjedh-arin-e-mirdites\/"},"author":{"name":"admin","@id":"https:\/\/fjala.info\/2009-2015\/#\/schema\/person\/3aa1163ef05469c496fc94e77611ada2"},"headline":"Rr\u00ebfimi i gazetarit: Kompania turke po vjedh arin e Mirdit\u00ebs","datePublished":"2013-12-09T10:10:55+00:00","mainEntityOfPage":{"@id":"https:\/\/fjala.info\/2009-2015\/rrefimi-i-gazetarit-kompania-turke-po-vjedh-arin-e-mirdites\/"},"wordCount":371,"commentCount":0,"publisher":{"@id":"https:\/\/fjala.info\/2009-2015\/#organization"},"image":{"@id":"https:\/\/fjala.info\/2009-2015\/rrefimi-i-gazetarit-kompania-turke-po-vjedh-arin-e-mirdites\/#primaryimage"},"thumbnailUrl":"http:\/\/www.fjala.info\/2013\/cope_ari.jpg","articleSection":["Artikuj"],"inLanguage":"sq-AL","potentialAction":[{"@type":"CommentAction","name":"Comment","target":["https:\/\/fjala.info\/2009-2015\/rrefimi-i-gazetarit-kompania-turke-po-vjedh-arin-e-mirdites\/#respond"]}]},{"@type":"WebPage","@id":"https:\/\/fjala.info\/2009-2015\/rrefimi-i-gazetarit-kompania-turke-po-vjedh-arin-e-mirdites\/","url":"https:\/\/fjala.info\/2009-2015\/rrefimi-i-gazetarit-kompania-turke-po-vjedh-arin-e-mirdites\/","name":"Rr\u00ebfimi i gazetarit: Kompania turke po vjedh arin e Mirdit\u00ebs - FjALA e LIR\u00cb - Arkivi","isPartOf":{"@id":"https:\/\/fjala.info\/2009-2015\/#website"},"primaryImageOfPage":{"@id":"https:\/\/fjala.info\/2009-2015\/rrefimi-i-gazetarit-kompania-turke-po-vjedh-arin-e-mirdites\/#primaryimage"},"image":{"@id":"https:\/\/fjala.info\/2009-2015\/rrefimi-i-gazetarit-kompania-turke-po-vjedh-arin-e-mirdites\/#primaryimage"},"thumbnailUrl":"http:\/\/www.fjala.info\/2013\/cope_ari.jpg","datePublished":"2013-12-09T10:10:55+00:00","breadcrumb":{"@id":"https:\/\/fjala.info\/2009-2015\/rrefimi-i-gazetarit-kompania-turke-po-vjedh-arin-e-mirdites\/#breadcrumb"},"inLanguage":"sq-AL","potentialAction":[{"@type":"ReadAction","target":["https:\/\/fjala.info\/2009-2015\/rrefimi-i-gazetarit-kompania-turke-po-vjedh-arin-e-mirdites\/"]}]},{"@type":"ImageObject","inLanguage":"sq-AL","@id":"https:\/\/fjala.info\/2009-2015\/rrefimi-i-gazetarit-kompania-turke-po-vjedh-arin-e-mirdites\/#primaryimage","url":"http:\/\/www.fjala.info\/2013\/cope_ari.jpg","contentUrl":"http:\/\/www.fjala.info\/2013\/cope_ari.jpg"},{"@type":"BreadcrumbList","@id":"https:\/\/fjala.info\/2009-2015\/rrefimi-i-gazetarit-kompania-turke-po-vjedh-arin-e-mirdites\/#breadcrumb","itemListElement":[{"@type":"ListItem","position":1,"name":"Home","item":"https:\/\/fjala.info\/2009-2015\/"},{"@type":"ListItem","position":2,"name":"Rr\u00ebfimi i gazetarit: Kompania turke po vjedh arin e Mirdit\u00ebs"}]},{"@type":"WebSite","@id":"https:\/\/fjala.info\/2009-2015\/#website","url":"https:\/\/fjala.info\/2009-2015\/","name":"FjALA e LIR\u00cb - Arkivi","description":"Arkivi 2009-2015","publisher":{"@id":"https:\/\/fjala.info\/2009-2015\/#organization"},"potentialAction":[{"@type":"SearchAction","target":{"@type":"EntryPoint","urlTemplate":"https:\/\/fjala.info\/2009-2015\/?s={search_term_string}"},"query-input":{"@type":"PropertyValueSpecification","valueRequired":true,"valueName":"search_term_string"}}],"inLanguage":"sq-AL"},{"@type":"Organization","@id":"https:\/\/fjala.info\/2009-2015\/#organization","name":"FjALA e LIR\u00cb - Arkivi","url":"https:\/\/fjala.info\/2009-2015\/","logo":{"@type":"ImageObject","inLanguage":"sq-AL","@id":"https:\/\/fjala.info\/2009-2015\/#\/schema\/logo\/image\/","url":"","contentUrl":"","caption":"FjALA e LIR\u00cb - Arkivi"},"image":{"@id":"https:\/\/fjala.info\/2009-2015\/#\/schema\/logo\/image\/"}},{"@type":"Person","@id":"https:\/\/fjala.info\/2009-2015\/#\/schema\/person\/3aa1163ef05469c496fc94e77611ada2","name":"admin","image":{"@type":"ImageObject","inLanguage":"sq-AL","@id":"https:\/\/fjala.info\/2009-2015\/wp-content\/uploads\/2012\/02\/arben_cokaj-120x150.jpg","url":"https:\/\/fjala.info\/2009-2015\/wp-content\/uploads\/2012\/02\/arben_cokaj-120x150.jpg","contentUrl":"https:\/\/fjala.info\/2009-2015\/wp-content\/uploads\/2012\/02\/arben_cokaj-120x150.jpg","caption":"admin"},"description":"Admin, Fjala e Lir\u00eb","sameAs":["https:\/\/fjala.info\/"],"url":"https:\/\/fjala.info\/2009-2015\/author\/admin\/"}]}},"_links":{"self":[{"href":"https:\/\/fjala.info\/2009-2015\/wp-json\/wp\/v2\/posts\/13281","targetHints":{"allow":["GET"]}}],"collection":[{"href":"https:\/\/fjala.info\/2009-2015\/wp-json\/wp\/v2\/posts"}],"about":[{"href":"https:\/\/fjala.info\/2009-2015\/wp-json\/wp\/v2\/types\/post"}],"author":[{"embeddable":true,"href":"https:\/\/fjala.info\/2009-2015\/wp-json\/wp\/v2\/users\/1"}],"replies":[{"embeddable":true,"href":"https:\/\/fjala.info\/2009-2015\/wp-json\/wp\/v2\/comments?post=13281"}],"version-history":[{"count":0,"href":"https:\/\/fjala.info\/2009-2015\/wp-json\/wp\/v2\/posts\/13281\/revisions"}],"wp:attachment":[{"href":"https:\/\/fjala.info\/2009-2015\/wp-json\/wp\/v2\/media?parent=13281"}],"wp:term":[{"taxonomy":"category","embeddable":true,"href":"https:\/\/fjala.info\/2009-2015\/wp-json\/wp\/v2\/categories?post=13281"},{"taxonomy":"post_tag","embeddable":true,"href":"https:\/\/fjala.info\/2009-2015\/wp-json\/wp\/v2\/tags?post=13281"}],"curies":[{"name":"wp","href":"https:\/\/api.w.org\/{rel}","templated":true}]}}