{"id":13280,"date":"2013-12-09T11:07:36","date_gmt":"2013-12-09T10:07:36","guid":{"rendered":"http:\/\/fjala.info\/?p=5317"},"modified":"2013-12-09T11:07:36","modified_gmt":"2013-12-09T10:07:36","slug":"rama-levizja-e-dhjetorit-unikale","status":"publish","type":"post","link":"https:\/\/fjala.info\/2009-2015\/rama-levizja-e-dhjetorit-unikale\/","title":{"rendered":"Rama: L\u00ebvizja e dhjetorit, unikale"},"content":{"rendered":"<p><img decoding=\"async\" class=\"alignleft size-thumbnail wp-image-7236\" title=\"Edi Rama\" alt=\"\" src=\"http:\/\/www.fjala.info\/2013\/rama_levizja_dhjetorit.jpg\" width=\"300\" \/> 23 vjet m\u00eb par\u00eb, nj\u00eb grup student\u00ebsh e pedagog\u00ebsh t\u00eb universiteteve t\u00eb Tiran\u00ebs u b\u00ebn\u00eb nism\u00ebtar\u00eb t\u00eb kthes\u00ebs s\u00eb madhe historike, protestave paq\u00ebsore q\u00eb soll\u00ebn r\u00ebnien e komunizmit dhe lindjen e demokracis\u00eb.<\/p>\n<p>Me k\u00ebt\u00eb rast, Grupimi \u201cDhjetor \u201990\u201d ka zhvilluar nj\u00eb takim jubilar ku ka q\u00ebn\u00eb i ftuar edhe kryeministri Edi Rama, si nj\u00eb nga protagonist\u00ebt e k\u00ebsaj l\u00ebvizjeje.<\/p>\n<p>N\u00eb fjal\u00ebn e tij, kryeministri Rama \u00a0\u00ebsht\u00eb shprehur se s`ka asnj\u00eb dyshim q\u00eb l\u00ebvizja e dhjetorit q\u00ebndron si nj\u00eb dinamik\u00eb unikale p\u00ebr shoq\u00ebrin\u00eb shqiptare.<\/p>\n<p>\u201c<em>Sado e madhe apo e vog\u00ebl \u00ebsht\u00eb b\u00ebr\u00eb ajo n\u00eb \u00ebndrr\u00ebn e duam Shqip\u00ebrin\u00eb si gjith\u00eb Evropa, l\u00ebvizje e dhjetorit q\u00ebndron si dinamik\u00eb unikale p\u00ebr shoq\u00ebrin\u00eb shqiptare, si ajo l\u00ebvizje q\u00eb fali nj\u00eb forc\u00eb si mjet ndryshimi e transformimi, se mundesh pik\u00ebrisht kur mendon se t\u00eb mund\u00ebn. L\u00ebvizja e Dhjetorit \u00ebsht\u00eb forca e atyre \u00ebnd\u00ebrrave q\u00eb e sjellin Shqip\u00ebrin\u00eb gjithmon\u00eb e m\u00eb pran\u00eb Europ\u00ebs, shum\u00eb m\u00eb ndryshe nga ato dit\u00eb q\u00eb t\u00eb gjith\u00eb ne q\u00eb ishin k\u00ebtu e jetonim \u00ebnd\u00ebrr\u00ebn si nj\u00eb realitet. Sot dhe p\u00ebr \u00e7do dhjetor t`i kthehemi pas atij dhjetori q\u00eb t\u00eb shohim se ku jemi se kush m\u00eb shum\u00eb e kush m\u00eb pak kemi qen\u00eb protagonist\u00eb dhe t\u00eb japim llogari. Ne mund t`i k\u00ebrkojm\u00eb llogari vetes p\u00ebr sa u b\u00ebm\u00eb bashk\u00eb p\u00ebr t\u00eb p\u00ebrmbushuar at\u00eb \u00ebnd\u00ebrr\u201d<\/em> tha Rama.<\/p>\n<p>Rama shtoi m\u00eb tej se nuk duhet anhazhim p\u00ebr ta b\u00ebr\u00eb vet\u00ebm Shqip\u00ebrin\u00eb si Evropa, por edhe p\u00ebr nj\u00eb model t\u00eb q\u00ebndrush\u00ebm n\u00eb vend.<\/p>\n<p>\u201c<em>L\u00ebvizja e dhjetorit e jetoi t\u00eb tashmen me forc\u00ebn q\u00eb p\u00ebrkuli t\u00eb gjith\u00eb kufinjt\u00eb, tejkaloi kufijnt\u00eb e t\u00eb shkuar\u00ebs. Nj\u00eb \u00ebnd\u00ebrr q\u00eb mori forc\u00eb nga bashkimi dhe i bashkoi t\u00eb gjith\u00eb. Kjo \u00ebsht\u00eb nj\u00eb \u00ebnd\u00ebrr q\u00eb edhe sot na jep fuqi p\u00ebr t\u00eb ecur para. Edhe n\u00eb k\u00ebt\u00eb dhjetor kemi ende \u00ebnd\u00ebrr\u00ebn e Shqip\u00ebris\u00eb europiane. Por jo vet\u00ebm p\u00ebr ta b\u00ebr\u00eb Shqip\u00ebrin\u00eb si e gjith\u00eb Europa, por p\u00ebr tu b\u00ebr\u00eb europian\u00eb, p\u00ebr t\u00eb nd\u00ebrtuar nj\u00eb model t\u00eb suksessh\u00ebm, p\u00ebr ta b\u00ebr\u00eb Shqip\u00ebrin\u00eb pjes\u00eb t\u00eb l\u00ebvizjeve t\u00eb ndryshme. Fal\u00eb asaj l\u00ebvizjeje, sot shqiptar\u00ebt e kan\u00eb Europ\u00ebn pjes\u00eb t\u00eb p\u00ebrditshmes s\u00eb tyre. Mbetet ende legjitime krenaria p\u00ebr at\u00eb dhjetor. P\u00ebrpjekjet dhe k\u00ebrkesat e asaj l\u00ebvizjeje jan\u00eb dhe mbeten gjithmon\u00eb burim i nj\u00eb jehone t\u00eb fuqishme p\u00ebr t\u00eb v\u00ebn\u00eb n\u00eb l\u00ebvizje transformime t\u00eb shoq\u00ebris\u00eb ton\u00eb\u201d<\/em> shtoi Rama.<\/p>\n<p>Gjithashtu kryeministri Rama ka b\u00ebr\u00eb edhe batuta me deputeten demokrate Mesila Doda e cila ishte e pranishme n\u00eb takim si protagoniste e l\u00ebvizjes s\u00eb dhjetorit t\u00eb vitit 90.<\/p>\n<p>\u201c<em>Ju faleminderit q\u00eb krijuat nj\u00eb mund\u00ebsi shum\u00eb t\u00eb ve\u00e7ant\u00eb p\u00ebr t\u00eb pasur n\u00eb podium dy protagonist\u00eb q\u00eb jan\u00eb nisur nga e nj\u00ebjta korsi dhe sot jan\u00eb n\u00eb t\u00eb nj\u00ebjt\u00ebn rrug\u00eb edhe pse jan\u00eb n\u00eb dy korsi t\u00eb ndryshme un\u00eb majtas nd\u00ebrsa Mesila djathtas. Por ju na dhat\u00eb mund\u00ebsin\u00eb t\u00eb d\u00ebshmoj\u00eb se, kur dy korsit\u00eb jan\u00eb pjes\u00eb e nj\u00eb rrug\u00eb dhe gara b\u00ebhet kusht ec\u00ebn m\u00eb shpejt n\u00eb korsin\u00eb e vet e jo kush i bllokon korsin\u00eb tjetrit gjithmon\u00eb ka m\u00eb shum\u00eb se nj\u00eb arsye p\u00ebr t\u00eb shpresuar, jetuar dhe bindjen se n\u00eb t\u00eb gjitha rastet, pik\u00ebrisht ekzistenca e nj\u00eb korsie tjet\u00ebr b\u00ebn\u00eb q\u00eb gj\u00ebrat t\u00eb shkojn\u00eb m\u00eb mir\u00eb n\u00eb rrug\u00ebn ton\u00eb t\u00eb p\u00ebrbashk\u00ebt<\/em>\u201d ka shtuar Rama.<\/p>\n","protected":false},"excerpt":{"rendered":"<p>23 vjet m\u00eb par\u00eb, nj\u00eb grup student\u00ebsh e pedagog\u00ebsh t\u00eb universiteteve t\u00eb Tiran\u00ebs u b\u00ebn\u00eb nism\u00ebtar\u00eb t\u00eb kthes\u00ebs s\u00eb madhe historike, protestave paq\u00ebsore q\u00eb soll\u00ebn r\u00ebnien e komunizmit dhe lindjen e demokracis\u00eb. Me k\u00ebt\u00eb rast, Grupimi \u201cDhjetor \u201990\u201d ka zhvilluar nj\u00eb takim jubilar ku ka q\u00ebn\u00eb i ftuar edhe kryeministri Edi Rama, si nj\u00eb nga [&hellip;]<\/p>\n","protected":false},"author":1,"featured_media":0,"comment_status":"open","ping_status":"closed","sticky":false,"template":"","format":"standard","meta":{"footnotes":""},"categories":[2],"tags":[],"class_list":{"0":"post-13280","1":"post","2":"type-post","3":"status-publish","4":"format-standard","6":"category-artikuj"},"yoast_head":"<!-- This site is optimized with the Yoast SEO plugin v27.4 - https:\/\/yoast.com\/product\/yoast-seo-wordpress\/ -->\n<title>Rama: L\u00ebvizja e dhjetorit, unikale - FjALA e LIR\u00cb - Arkivi<\/title>\n<meta name=\"robots\" content=\"index, follow, max-snippet:-1, max-image-preview:large, max-video-preview:-1\" \/>\n<link rel=\"canonical\" href=\"https:\/\/fjala.info\/2009-2015\/rama-levizja-e-dhjetorit-unikale\/\" \/>\n<meta property=\"og:locale\" content=\"sq_AL\" \/>\n<meta property=\"og:type\" content=\"article\" \/>\n<meta property=\"og:title\" content=\"Rama: L\u00ebvizja e dhjetorit, unikale - FjALA e LIR\u00cb - Arkivi\" \/>\n<meta property=\"og:description\" content=\"23 vjet m\u00eb par\u00eb, nj\u00eb grup student\u00ebsh e pedagog\u00ebsh t\u00eb universiteteve t\u00eb Tiran\u00ebs u b\u00ebn\u00eb nism\u00ebtar\u00eb t\u00eb kthes\u00ebs s\u00eb madhe historike, protestave paq\u00ebsore q\u00eb soll\u00ebn r\u00ebnien e komunizmit dhe lindjen e demokracis\u00eb. Me k\u00ebt\u00eb rast, Grupimi \u201cDhjetor \u201990\u201d ka zhvilluar nj\u00eb takim jubilar ku ka q\u00ebn\u00eb i ftuar edhe kryeministri Edi Rama, si nj\u00eb nga [&hellip;]\" \/>\n<meta property=\"og:url\" content=\"https:\/\/fjala.info\/2009-2015\/rama-levizja-e-dhjetorit-unikale\/\" \/>\n<meta property=\"og:site_name\" content=\"FjALA e LIR\u00cb - Arkivi\" \/>\n<meta property=\"article:published_time\" content=\"2013-12-09T10:07:36+00:00\" \/>\n<meta property=\"og:image\" content=\"http:\/\/www.fjala.info\/2013\/rama_levizja_dhjetorit.jpg\" \/>\n<meta name=\"author\" content=\"admin\" \/>\n<meta name=\"twitter:card\" content=\"summary_large_image\" \/>\n<meta name=\"twitter:label1\" content=\"Written by\" \/>\n\t<meta name=\"twitter:data1\" content=\"admin\" \/>\n\t<meta name=\"twitter:label2\" content=\"Est. reading time\" \/>\n\t<meta name=\"twitter:data2\" content=\"3 minutes\" \/>\n<script type=\"application\/ld+json\" class=\"yoast-schema-graph\">{\"@context\":\"https:\\\/\\\/schema.org\",\"@graph\":[{\"@type\":\"Article\",\"@id\":\"https:\\\/\\\/fjala.info\\\/2009-2015\\\/rama-levizja-e-dhjetorit-unikale\\\/#article\",\"isPartOf\":{\"@id\":\"https:\\\/\\\/fjala.info\\\/2009-2015\\\/rama-levizja-e-dhjetorit-unikale\\\/\"},\"author\":{\"name\":\"admin\",\"@id\":\"https:\\\/\\\/fjala.info\\\/2009-2015\\\/#\\\/schema\\\/person\\\/3aa1163ef05469c496fc94e77611ada2\"},\"headline\":\"Rama: L\u00ebvizja e dhjetorit, unikale\",\"datePublished\":\"2013-12-09T10:07:36+00:00\",\"mainEntityOfPage\":{\"@id\":\"https:\\\/\\\/fjala.info\\\/2009-2015\\\/rama-levizja-e-dhjetorit-unikale\\\/\"},\"wordCount\":631,\"commentCount\":0,\"publisher\":{\"@id\":\"https:\\\/\\\/fjala.info\\\/2009-2015\\\/#organization\"},\"image\":{\"@id\":\"https:\\\/\\\/fjala.info\\\/2009-2015\\\/rama-levizja-e-dhjetorit-unikale\\\/#primaryimage\"},\"thumbnailUrl\":\"http:\\\/\\\/www.fjala.info\\\/2013\\\/rama_levizja_dhjetorit.jpg\",\"articleSection\":[\"Artikuj\"],\"inLanguage\":\"sq-AL\",\"potentialAction\":[{\"@type\":\"CommentAction\",\"name\":\"Comment\",\"target\":[\"https:\\\/\\\/fjala.info\\\/2009-2015\\\/rama-levizja-e-dhjetorit-unikale\\\/#respond\"]}]},{\"@type\":\"WebPage\",\"@id\":\"https:\\\/\\\/fjala.info\\\/2009-2015\\\/rama-levizja-e-dhjetorit-unikale\\\/\",\"url\":\"https:\\\/\\\/fjala.info\\\/2009-2015\\\/rama-levizja-e-dhjetorit-unikale\\\/\",\"name\":\"Rama: L\u00ebvizja e dhjetorit, unikale - FjALA e LIR\u00cb - Arkivi\",\"isPartOf\":{\"@id\":\"https:\\\/\\\/fjala.info\\\/2009-2015\\\/#website\"},\"primaryImageOfPage\":{\"@id\":\"https:\\\/\\\/fjala.info\\\/2009-2015\\\/rama-levizja-e-dhjetorit-unikale\\\/#primaryimage\"},\"image\":{\"@id\":\"https:\\\/\\\/fjala.info\\\/2009-2015\\\/rama-levizja-e-dhjetorit-unikale\\\/#primaryimage\"},\"thumbnailUrl\":\"http:\\\/\\\/www.fjala.info\\\/2013\\\/rama_levizja_dhjetorit.jpg\",\"datePublished\":\"2013-12-09T10:07:36+00:00\",\"breadcrumb\":{\"@id\":\"https:\\\/\\\/fjala.info\\\/2009-2015\\\/rama-levizja-e-dhjetorit-unikale\\\/#breadcrumb\"},\"inLanguage\":\"sq-AL\",\"potentialAction\":[{\"@type\":\"ReadAction\",\"target\":[\"https:\\\/\\\/fjala.info\\\/2009-2015\\\/rama-levizja-e-dhjetorit-unikale\\\/\"]}]},{\"@type\":\"ImageObject\",\"inLanguage\":\"sq-AL\",\"@id\":\"https:\\\/\\\/fjala.info\\\/2009-2015\\\/rama-levizja-e-dhjetorit-unikale\\\/#primaryimage\",\"url\":\"http:\\\/\\\/www.fjala.info\\\/2013\\\/rama_levizja_dhjetorit.jpg\",\"contentUrl\":\"http:\\\/\\\/www.fjala.info\\\/2013\\\/rama_levizja_dhjetorit.jpg\"},{\"@type\":\"BreadcrumbList\",\"@id\":\"https:\\\/\\\/fjala.info\\\/2009-2015\\\/rama-levizja-e-dhjetorit-unikale\\\/#breadcrumb\",\"itemListElement\":[{\"@type\":\"ListItem\",\"position\":1,\"name\":\"Home\",\"item\":\"https:\\\/\\\/fjala.info\\\/2009-2015\\\/\"},{\"@type\":\"ListItem\",\"position\":2,\"name\":\"Rama: L\u00ebvizja e dhjetorit, unikale\"}]},{\"@type\":\"WebSite\",\"@id\":\"https:\\\/\\\/fjala.info\\\/2009-2015\\\/#website\",\"url\":\"https:\\\/\\\/fjala.info\\\/2009-2015\\\/\",\"name\":\"FjALA e LIR\u00cb - Arkivi\",\"description\":\"Arkivi 2009-2015\",\"publisher\":{\"@id\":\"https:\\\/\\\/fjala.info\\\/2009-2015\\\/#organization\"},\"potentialAction\":[{\"@type\":\"SearchAction\",\"target\":{\"@type\":\"EntryPoint\",\"urlTemplate\":\"https:\\\/\\\/fjala.info\\\/2009-2015\\\/?s={search_term_string}\"},\"query-input\":{\"@type\":\"PropertyValueSpecification\",\"valueRequired\":true,\"valueName\":\"search_term_string\"}}],\"inLanguage\":\"sq-AL\"},{\"@type\":\"Organization\",\"@id\":\"https:\\\/\\\/fjala.info\\\/2009-2015\\\/#organization\",\"name\":\"FjALA e LIR\u00cb - Arkivi\",\"url\":\"https:\\\/\\\/fjala.info\\\/2009-2015\\\/\",\"logo\":{\"@type\":\"ImageObject\",\"inLanguage\":\"sq-AL\",\"@id\":\"https:\\\/\\\/fjala.info\\\/2009-2015\\\/#\\\/schema\\\/logo\\\/image\\\/\",\"url\":\"\",\"contentUrl\":\"\",\"caption\":\"FjALA e LIR\u00cb - Arkivi\"},\"image\":{\"@id\":\"https:\\\/\\\/fjala.info\\\/2009-2015\\\/#\\\/schema\\\/logo\\\/image\\\/\"}},{\"@type\":\"Person\",\"@id\":\"https:\\\/\\\/fjala.info\\\/2009-2015\\\/#\\\/schema\\\/person\\\/3aa1163ef05469c496fc94e77611ada2\",\"name\":\"admin\",\"image\":{\"@type\":\"ImageObject\",\"inLanguage\":\"sq-AL\",\"@id\":\"https:\\\/\\\/fjala.info\\\/2009-2015\\\/wp-content\\\/uploads\\\/2012\\\/02\\\/arben_cokaj-120x150.jpg\",\"url\":\"https:\\\/\\\/fjala.info\\\/2009-2015\\\/wp-content\\\/uploads\\\/2012\\\/02\\\/arben_cokaj-120x150.jpg\",\"contentUrl\":\"https:\\\/\\\/fjala.info\\\/2009-2015\\\/wp-content\\\/uploads\\\/2012\\\/02\\\/arben_cokaj-120x150.jpg\",\"caption\":\"admin\"},\"description\":\"Admin, Fjala e Lir\u00eb\",\"sameAs\":[\"https:\\\/\\\/fjala.info\\\/\"],\"url\":\"https:\\\/\\\/fjala.info\\\/2009-2015\\\/author\\\/admin\\\/\"}]}<\/script>\n<!-- \/ Yoast SEO plugin. -->","yoast_head_json":{"title":"Rama: L\u00ebvizja e dhjetorit, unikale - FjALA e LIR\u00cb - Arkivi","robots":{"index":"index","follow":"follow","max-snippet":"max-snippet:-1","max-image-preview":"max-image-preview:large","max-video-preview":"max-video-preview:-1"},"canonical":"https:\/\/fjala.info\/2009-2015\/rama-levizja-e-dhjetorit-unikale\/","og_locale":"sq_AL","og_type":"article","og_title":"Rama: L\u00ebvizja e dhjetorit, unikale - FjALA e LIR\u00cb - Arkivi","og_description":"23 vjet m\u00eb par\u00eb, nj\u00eb grup student\u00ebsh e pedagog\u00ebsh t\u00eb universiteteve t\u00eb Tiran\u00ebs u b\u00ebn\u00eb nism\u00ebtar\u00eb t\u00eb kthes\u00ebs s\u00eb madhe historike, protestave paq\u00ebsore q\u00eb soll\u00ebn r\u00ebnien e komunizmit dhe lindjen e demokracis\u00eb. Me k\u00ebt\u00eb rast, Grupimi \u201cDhjetor \u201990\u201d ka zhvilluar nj\u00eb takim jubilar ku ka q\u00ebn\u00eb i ftuar edhe kryeministri Edi Rama, si nj\u00eb nga [&hellip;]","og_url":"https:\/\/fjala.info\/2009-2015\/rama-levizja-e-dhjetorit-unikale\/","og_site_name":"FjALA e LIR\u00cb - Arkivi","article_published_time":"2013-12-09T10:07:36+00:00","og_image":[{"url":"http:\/\/www.fjala.info\/2013\/rama_levizja_dhjetorit.jpg","type":"","width":"","height":""}],"author":"admin","twitter_card":"summary_large_image","twitter_misc":{"Written by":"admin","Est. reading time":"3 minutes"},"schema":{"@context":"https:\/\/schema.org","@graph":[{"@type":"Article","@id":"https:\/\/fjala.info\/2009-2015\/rama-levizja-e-dhjetorit-unikale\/#article","isPartOf":{"@id":"https:\/\/fjala.info\/2009-2015\/rama-levizja-e-dhjetorit-unikale\/"},"author":{"name":"admin","@id":"https:\/\/fjala.info\/2009-2015\/#\/schema\/person\/3aa1163ef05469c496fc94e77611ada2"},"headline":"Rama: L\u00ebvizja e dhjetorit, unikale","datePublished":"2013-12-09T10:07:36+00:00","mainEntityOfPage":{"@id":"https:\/\/fjala.info\/2009-2015\/rama-levizja-e-dhjetorit-unikale\/"},"wordCount":631,"commentCount":0,"publisher":{"@id":"https:\/\/fjala.info\/2009-2015\/#organization"},"image":{"@id":"https:\/\/fjala.info\/2009-2015\/rama-levizja-e-dhjetorit-unikale\/#primaryimage"},"thumbnailUrl":"http:\/\/www.fjala.info\/2013\/rama_levizja_dhjetorit.jpg","articleSection":["Artikuj"],"inLanguage":"sq-AL","potentialAction":[{"@type":"CommentAction","name":"Comment","target":["https:\/\/fjala.info\/2009-2015\/rama-levizja-e-dhjetorit-unikale\/#respond"]}]},{"@type":"WebPage","@id":"https:\/\/fjala.info\/2009-2015\/rama-levizja-e-dhjetorit-unikale\/","url":"https:\/\/fjala.info\/2009-2015\/rama-levizja-e-dhjetorit-unikale\/","name":"Rama: L\u00ebvizja e dhjetorit, unikale - FjALA e LIR\u00cb - Arkivi","isPartOf":{"@id":"https:\/\/fjala.info\/2009-2015\/#website"},"primaryImageOfPage":{"@id":"https:\/\/fjala.info\/2009-2015\/rama-levizja-e-dhjetorit-unikale\/#primaryimage"},"image":{"@id":"https:\/\/fjala.info\/2009-2015\/rama-levizja-e-dhjetorit-unikale\/#primaryimage"},"thumbnailUrl":"http:\/\/www.fjala.info\/2013\/rama_levizja_dhjetorit.jpg","datePublished":"2013-12-09T10:07:36+00:00","breadcrumb":{"@id":"https:\/\/fjala.info\/2009-2015\/rama-levizja-e-dhjetorit-unikale\/#breadcrumb"},"inLanguage":"sq-AL","potentialAction":[{"@type":"ReadAction","target":["https:\/\/fjala.info\/2009-2015\/rama-levizja-e-dhjetorit-unikale\/"]}]},{"@type":"ImageObject","inLanguage":"sq-AL","@id":"https:\/\/fjala.info\/2009-2015\/rama-levizja-e-dhjetorit-unikale\/#primaryimage","url":"http:\/\/www.fjala.info\/2013\/rama_levizja_dhjetorit.jpg","contentUrl":"http:\/\/www.fjala.info\/2013\/rama_levizja_dhjetorit.jpg"},{"@type":"BreadcrumbList","@id":"https:\/\/fjala.info\/2009-2015\/rama-levizja-e-dhjetorit-unikale\/#breadcrumb","itemListElement":[{"@type":"ListItem","position":1,"name":"Home","item":"https:\/\/fjala.info\/2009-2015\/"},{"@type":"ListItem","position":2,"name":"Rama: L\u00ebvizja e dhjetorit, unikale"}]},{"@type":"WebSite","@id":"https:\/\/fjala.info\/2009-2015\/#website","url":"https:\/\/fjala.info\/2009-2015\/","name":"FjALA e LIR\u00cb - Arkivi","description":"Arkivi 2009-2015","publisher":{"@id":"https:\/\/fjala.info\/2009-2015\/#organization"},"potentialAction":[{"@type":"SearchAction","target":{"@type":"EntryPoint","urlTemplate":"https:\/\/fjala.info\/2009-2015\/?s={search_term_string}"},"query-input":{"@type":"PropertyValueSpecification","valueRequired":true,"valueName":"search_term_string"}}],"inLanguage":"sq-AL"},{"@type":"Organization","@id":"https:\/\/fjala.info\/2009-2015\/#organization","name":"FjALA e LIR\u00cb - Arkivi","url":"https:\/\/fjala.info\/2009-2015\/","logo":{"@type":"ImageObject","inLanguage":"sq-AL","@id":"https:\/\/fjala.info\/2009-2015\/#\/schema\/logo\/image\/","url":"","contentUrl":"","caption":"FjALA e LIR\u00cb - Arkivi"},"image":{"@id":"https:\/\/fjala.info\/2009-2015\/#\/schema\/logo\/image\/"}},{"@type":"Person","@id":"https:\/\/fjala.info\/2009-2015\/#\/schema\/person\/3aa1163ef05469c496fc94e77611ada2","name":"admin","image":{"@type":"ImageObject","inLanguage":"sq-AL","@id":"https:\/\/fjala.info\/2009-2015\/wp-content\/uploads\/2012\/02\/arben_cokaj-120x150.jpg","url":"https:\/\/fjala.info\/2009-2015\/wp-content\/uploads\/2012\/02\/arben_cokaj-120x150.jpg","contentUrl":"https:\/\/fjala.info\/2009-2015\/wp-content\/uploads\/2012\/02\/arben_cokaj-120x150.jpg","caption":"admin"},"description":"Admin, Fjala e Lir\u00eb","sameAs":["https:\/\/fjala.info\/"],"url":"https:\/\/fjala.info\/2009-2015\/author\/admin\/"}]}},"_links":{"self":[{"href":"https:\/\/fjala.info\/2009-2015\/wp-json\/wp\/v2\/posts\/13280","targetHints":{"allow":["GET"]}}],"collection":[{"href":"https:\/\/fjala.info\/2009-2015\/wp-json\/wp\/v2\/posts"}],"about":[{"href":"https:\/\/fjala.info\/2009-2015\/wp-json\/wp\/v2\/types\/post"}],"author":[{"embeddable":true,"href":"https:\/\/fjala.info\/2009-2015\/wp-json\/wp\/v2\/users\/1"}],"replies":[{"embeddable":true,"href":"https:\/\/fjala.info\/2009-2015\/wp-json\/wp\/v2\/comments?post=13280"}],"version-history":[{"count":0,"href":"https:\/\/fjala.info\/2009-2015\/wp-json\/wp\/v2\/posts\/13280\/revisions"}],"wp:attachment":[{"href":"https:\/\/fjala.info\/2009-2015\/wp-json\/wp\/v2\/media?parent=13280"}],"wp:term":[{"taxonomy":"category","embeddable":true,"href":"https:\/\/fjala.info\/2009-2015\/wp-json\/wp\/v2\/categories?post=13280"},{"taxonomy":"post_tag","embeddable":true,"href":"https:\/\/fjala.info\/2009-2015\/wp-json\/wp\/v2\/tags?post=13280"}],"curies":[{"name":"wp","href":"https:\/\/api.w.org\/{rel}","templated":true}]}}