{"id":13279,"date":"2013-12-09T11:02:40","date_gmt":"2013-12-09T10:02:40","guid":{"rendered":"http:\/\/fjala.info\/?p=5315"},"modified":"2013-12-09T11:02:40","modified_gmt":"2013-12-09T10:02:40","slug":"demokratet-kryqezojne-mesila-doden-deputetja-seshte-krim-ti-japesh-doren-kryeministrit","status":"publish","type":"post","link":"https:\/\/fjala.info\/2009-2015\/demokratet-kryqezojne-mesila-doden-deputetja-seshte-krim-ti-japesh-doren-kryeministrit\/","title":{"rendered":"Demokrat\u00ebt \u2018kryq\u00ebzojn\u00eb\u2019 Mesila Dod\u00ebn\/ Deputetja: S\u2019\u00ebsht\u00eb krim t\u2019i jap\u00ebsh dor\u00ebn kryeministrit"},"content":{"rendered":"<p>Deputetja e Partis\u00eb Demokratike, Mesila Doda, ka sqaruar dje n\u00eb \u201cFacebook\u201d se nuk ka qen\u00eb e ftuar n\u00eb ceremonin\u00eb festive t\u00eb organizuar nga selia blu me rastin e Dit\u00ebs s\u00eb Rinis\u00eb n\u00eb pallatin e sportit \u201cAsllan Rusi\u201d n\u00eb kryeqytet.<\/p>\n<p><img decoding=\"async\" class=\"aligncenter size-thumbnail wp-image-7236\" title=\"Rama &amp; Doda me 8 dhjetor 2013\" alt=\"\" src=\"http:\/\/www.fjala.info\/2013\/rama_doda_8_dhjetor_2013.jpg\" width=\"500\" \/><\/p>\n<p>Ajo e ka b\u00ebr\u00eb t\u00eb ditur k\u00ebt\u00eb fakt gjat\u00eb nj\u00eb replik\u00eb q\u00eb ka pasur n\u00eb rrjetin social t\u00eb FB me ish- drejtorin e Institutit t\u00eb t\u00eb P\u00ebrndjekurve Politik\u00eb, Simon Mirakaj.<\/p>\n<p><b><i>SIMON MIRAKAJ: <\/i><\/b><i>Znj. Doda, m\u00eb habiti pak prezenca juaj n\u00eb festimet e 8 Dhjetorit p\u00ebrkrah Ram\u00ebs dhe jo p\u00ebrkrah kryetarit Basha, q\u00eb <\/i><i>p\u00ebrfaq\u00ebson t\u00eb djatht\u00ebn shqiptare. <\/i><\/p>\n<p><b><i>MESILA DODA:<\/i><\/b><i> Z.Simon, isha p\u00ebrkrah miqve t\u00eb mi t\u00eb Dhjetorit, t\u00eb cil\u00ebt kan\u00eb t\u00eb drejt\u00ebn t\u00eb ftojn\u00eb gjith\u00eb klas\u00ebn politike. N\u00ebse aty ishte i ftuar edhe Edi Rama, ky nuk \u00ebsht\u00eb problemi im, sepse un\u00eb kam vendin tim n\u00eb L\u00ebvizjen e Dhjetorit, madje di t\u00eb mbaj n\u00eb \u00e7do rast q\u00ebndrimin q\u00eb m\u00eb p\u00ebrket si opozitare.<\/i><\/p>\n<p><b><i>MESILA DODA:<\/i><\/b><i> Dhe sa p\u00ebr kuriozitet meqen\u00ebse kishe pyetje p\u00ebr \u00e7\u00ebshtjen, ftesa e ardhur nga L\u00ebvizja Studentore ishte e vetmja ftes\u00eb q\u00eb m\u00eb kishte ardhur n\u00eb k\u00ebt\u00eb p\u00ebrvjetor.<\/i><\/p>\n<p><b><i>SIMON MIRAKAJ:<\/i><\/b><i> Ne sot ishim me dhjetorist\u00ebt dhe vum\u00eb nga nj\u00eb lule tek busti i Azem Hajdarit te Qyteti Studenti. Mospjes\u00ebmarrja e juaj atje apo te Asllan Rusi m\u00eb b\u00ebri q\u00eb t\u2019ju drejtohem sepse kam shum\u00eb respekt p\u00ebr ju.<\/i><\/p>\n<p>Pas debatit t\u00eb ndezur n\u00eb media, deputetja Doda reagoi s\u00ebrish n\u00eb Facebook, duke theksuar se ajo nuk \u00ebsht\u00eb ftuar nga kryeministri, por nga miqt\u00eb e saj t\u00eb Dhjetorit.<\/p>\n<p><i>\u201cT\u2019i jap\u00ebsh dor\u00ebn kryeministrit nuk \u00ebsht\u00eb krim e p\u00ebr m\u00eb tep\u00ebr t\u00eb q\u00ebndrosh n\u00eb nj\u00eb aktivitet me t\u00eb nuk konsiderohet vep\u00ebr e gabuar. Kjo \u00ebsht\u00eb nj\u00eb bot\u00eb ku takohen Tha\u00e7i dhe Da\u00e7i\u00e7, ku takohen n\u00eb dreka e darka formale dhe informale familjare lider\u00ebt kund\u00ebrshtar\u00eb. \u00cbsht\u00eb di\u00e7ka q\u00eb un\u00eb do t\u00eb vazhdoj ta b\u00ebj n\u00eb respekt t\u00eb bindjes sime, q\u00eb edhe me kund\u00ebrshtarin duhet t\u00eb sillesh me dinjitet dhe qytetarisht,\u201d<\/i> shkruan Doda.<\/p>\n<p>Gjat\u00eb ceremonis\u00eb, Rama ka b\u00ebr\u00eb nj\u00eb batut\u00eb me Mesila Dod\u00ebn.<\/p>\n<p><i>\u201cP\u00ebr Enverin e vdekur kemi qen\u00eb me Mesil\u00ebn dakord qysh at\u00ebher\u00eb; aty ku jemi ndar\u00eb gjith\u00eb k\u00ebto vite \u00ebsht\u00eb tek Enveri gjall\u00eb\u201d,<\/i> tha Rama.<\/p>\n","protected":false},"excerpt":{"rendered":"<p>Deputetja e Partis\u00eb Demokratike, Mesila Doda, ka sqaruar dje n\u00eb \u201cFacebook\u201d se nuk ka qen\u00eb e ftuar n\u00eb ceremonin\u00eb festive t\u00eb organizuar nga selia blu me rastin e Dit\u00ebs s\u00eb Rinis\u00eb n\u00eb pallatin e sportit \u201cAsllan Rusi\u201d n\u00eb kryeqytet. Ajo e ka b\u00ebr\u00eb t\u00eb ditur k\u00ebt\u00eb fakt gjat\u00eb nj\u00eb replik\u00eb q\u00eb ka pasur n\u00eb rrjetin [&hellip;]<\/p>\n","protected":false},"author":1,"featured_media":0,"comment_status":"open","ping_status":"closed","sticky":false,"template":"","format":"standard","meta":{"footnotes":""},"categories":[2,5],"tags":[],"class_list":{"0":"post-13279","1":"post","2":"type-post","3":"status-publish","4":"format-standard","6":"category-artikuj","7":"category-lajme"},"yoast_head":"<!-- This site is optimized with the Yoast SEO plugin v27.4 - https:\/\/yoast.com\/product\/yoast-seo-wordpress\/ -->\n<title>Demokrat\u00ebt \u2018kryq\u00ebzojn\u00eb\u2019 Mesila Dod\u00ebn\/ Deputetja: S\u2019\u00ebsht\u00eb krim t\u2019i jap\u00ebsh dor\u00ebn kryeministrit - FjALA e LIR\u00cb - Arkivi<\/title>\n<meta name=\"robots\" content=\"index, follow, max-snippet:-1, max-image-preview:large, max-video-preview:-1\" \/>\n<link rel=\"canonical\" href=\"https:\/\/fjala.info\/2009-2015\/demokratet-kryqezojne-mesila-doden-deputetja-seshte-krim-ti-japesh-doren-kryeministrit\/\" \/>\n<meta property=\"og:locale\" content=\"sq_AL\" \/>\n<meta property=\"og:type\" content=\"article\" \/>\n<meta property=\"og:title\" content=\"Demokrat\u00ebt \u2018kryq\u00ebzojn\u00eb\u2019 Mesila Dod\u00ebn\/ Deputetja: S\u2019\u00ebsht\u00eb krim t\u2019i jap\u00ebsh dor\u00ebn kryeministrit - FjALA e LIR\u00cb - Arkivi\" \/>\n<meta property=\"og:description\" content=\"Deputetja e Partis\u00eb Demokratike, Mesila Doda, ka sqaruar dje n\u00eb \u201cFacebook\u201d se nuk ka qen\u00eb e ftuar n\u00eb ceremonin\u00eb festive t\u00eb organizuar nga selia blu me rastin e Dit\u00ebs s\u00eb Rinis\u00eb n\u00eb pallatin e sportit \u201cAsllan Rusi\u201d n\u00eb kryeqytet. Ajo e ka b\u00ebr\u00eb t\u00eb ditur k\u00ebt\u00eb fakt gjat\u00eb nj\u00eb replik\u00eb q\u00eb ka pasur n\u00eb rrjetin [&hellip;]\" \/>\n<meta property=\"og:url\" content=\"https:\/\/fjala.info\/2009-2015\/demokratet-kryqezojne-mesila-doden-deputetja-seshte-krim-ti-japesh-doren-kryeministrit\/\" \/>\n<meta property=\"og:site_name\" content=\"FjALA e LIR\u00cb - Arkivi\" \/>\n<meta property=\"article:published_time\" content=\"2013-12-09T10:02:40+00:00\" \/>\n<meta property=\"og:image\" content=\"http:\/\/www.fjala.info\/2013\/rama_doda_8_dhjetor_2013.jpg\" \/>\n<meta name=\"author\" content=\"admin\" \/>\n<meta name=\"twitter:card\" content=\"summary_large_image\" \/>\n<meta name=\"twitter:label1\" content=\"Written by\" \/>\n\t<meta name=\"twitter:data1\" content=\"admin\" \/>\n\t<meta name=\"twitter:label2\" content=\"Est. reading time\" \/>\n\t<meta name=\"twitter:data2\" content=\"2 minutes\" \/>\n<script type=\"application\/ld+json\" class=\"yoast-schema-graph\">{\"@context\":\"https:\\\/\\\/schema.org\",\"@graph\":[{\"@type\":\"Article\",\"@id\":\"https:\\\/\\\/fjala.info\\\/2009-2015\\\/demokratet-kryqezojne-mesila-doden-deputetja-seshte-krim-ti-japesh-doren-kryeministrit\\\/#article\",\"isPartOf\":{\"@id\":\"https:\\\/\\\/fjala.info\\\/2009-2015\\\/demokratet-kryqezojne-mesila-doden-deputetja-seshte-krim-ti-japesh-doren-kryeministrit\\\/\"},\"author\":{\"name\":\"admin\",\"@id\":\"https:\\\/\\\/fjala.info\\\/2009-2015\\\/#\\\/schema\\\/person\\\/3aa1163ef05469c496fc94e77611ada2\"},\"headline\":\"Demokrat\u00ebt \u2018kryq\u00ebzojn\u00eb\u2019 Mesila Dod\u00ebn\\\/ Deputetja: S\u2019\u00ebsht\u00eb krim t\u2019i jap\u00ebsh dor\u00ebn kryeministrit\",\"datePublished\":\"2013-12-09T10:02:40+00:00\",\"mainEntityOfPage\":{\"@id\":\"https:\\\/\\\/fjala.info\\\/2009-2015\\\/demokratet-kryqezojne-mesila-doden-deputetja-seshte-krim-ti-japesh-doren-kryeministrit\\\/\"},\"wordCount\":418,\"commentCount\":0,\"publisher\":{\"@id\":\"https:\\\/\\\/fjala.info\\\/2009-2015\\\/#organization\"},\"image\":{\"@id\":\"https:\\\/\\\/fjala.info\\\/2009-2015\\\/demokratet-kryqezojne-mesila-doden-deputetja-seshte-krim-ti-japesh-doren-kryeministrit\\\/#primaryimage\"},\"thumbnailUrl\":\"http:\\\/\\\/www.fjala.info\\\/2013\\\/rama_doda_8_dhjetor_2013.jpg\",\"articleSection\":[\"Artikuj\",\"Lajme\"],\"inLanguage\":\"sq-AL\",\"potentialAction\":[{\"@type\":\"CommentAction\",\"name\":\"Comment\",\"target\":[\"https:\\\/\\\/fjala.info\\\/2009-2015\\\/demokratet-kryqezojne-mesila-doden-deputetja-seshte-krim-ti-japesh-doren-kryeministrit\\\/#respond\"]}]},{\"@type\":\"WebPage\",\"@id\":\"https:\\\/\\\/fjala.info\\\/2009-2015\\\/demokratet-kryqezojne-mesila-doden-deputetja-seshte-krim-ti-japesh-doren-kryeministrit\\\/\",\"url\":\"https:\\\/\\\/fjala.info\\\/2009-2015\\\/demokratet-kryqezojne-mesila-doden-deputetja-seshte-krim-ti-japesh-doren-kryeministrit\\\/\",\"name\":\"Demokrat\u00ebt \u2018kryq\u00ebzojn\u00eb\u2019 Mesila Dod\u00ebn\\\/ Deputetja: S\u2019\u00ebsht\u00eb krim t\u2019i jap\u00ebsh dor\u00ebn kryeministrit - FjALA e LIR\u00cb - Arkivi\",\"isPartOf\":{\"@id\":\"https:\\\/\\\/fjala.info\\\/2009-2015\\\/#website\"},\"primaryImageOfPage\":{\"@id\":\"https:\\\/\\\/fjala.info\\\/2009-2015\\\/demokratet-kryqezojne-mesila-doden-deputetja-seshte-krim-ti-japesh-doren-kryeministrit\\\/#primaryimage\"},\"image\":{\"@id\":\"https:\\\/\\\/fjala.info\\\/2009-2015\\\/demokratet-kryqezojne-mesila-doden-deputetja-seshte-krim-ti-japesh-doren-kryeministrit\\\/#primaryimage\"},\"thumbnailUrl\":\"http:\\\/\\\/www.fjala.info\\\/2013\\\/rama_doda_8_dhjetor_2013.jpg\",\"datePublished\":\"2013-12-09T10:02:40+00:00\",\"breadcrumb\":{\"@id\":\"https:\\\/\\\/fjala.info\\\/2009-2015\\\/demokratet-kryqezojne-mesila-doden-deputetja-seshte-krim-ti-japesh-doren-kryeministrit\\\/#breadcrumb\"},\"inLanguage\":\"sq-AL\",\"potentialAction\":[{\"@type\":\"ReadAction\",\"target\":[\"https:\\\/\\\/fjala.info\\\/2009-2015\\\/demokratet-kryqezojne-mesila-doden-deputetja-seshte-krim-ti-japesh-doren-kryeministrit\\\/\"]}]},{\"@type\":\"ImageObject\",\"inLanguage\":\"sq-AL\",\"@id\":\"https:\\\/\\\/fjala.info\\\/2009-2015\\\/demokratet-kryqezojne-mesila-doden-deputetja-seshte-krim-ti-japesh-doren-kryeministrit\\\/#primaryimage\",\"url\":\"http:\\\/\\\/www.fjala.info\\\/2013\\\/rama_doda_8_dhjetor_2013.jpg\",\"contentUrl\":\"http:\\\/\\\/www.fjala.info\\\/2013\\\/rama_doda_8_dhjetor_2013.jpg\"},{\"@type\":\"BreadcrumbList\",\"@id\":\"https:\\\/\\\/fjala.info\\\/2009-2015\\\/demokratet-kryqezojne-mesila-doden-deputetja-seshte-krim-ti-japesh-doren-kryeministrit\\\/#breadcrumb\",\"itemListElement\":[{\"@type\":\"ListItem\",\"position\":1,\"name\":\"Home\",\"item\":\"https:\\\/\\\/fjala.info\\\/2009-2015\\\/\"},{\"@type\":\"ListItem\",\"position\":2,\"name\":\"Demokrat\u00ebt \u2018kryq\u00ebzojn\u00eb\u2019 Mesila Dod\u00ebn\\\/ Deputetja: S\u2019\u00ebsht\u00eb krim t\u2019i jap\u00ebsh dor\u00ebn kryeministrit\"}]},{\"@type\":\"WebSite\",\"@id\":\"https:\\\/\\\/fjala.info\\\/2009-2015\\\/#website\",\"url\":\"https:\\\/\\\/fjala.info\\\/2009-2015\\\/\",\"name\":\"FjALA e LIR\u00cb - Arkivi\",\"description\":\"Arkivi 2009-2015\",\"publisher\":{\"@id\":\"https:\\\/\\\/fjala.info\\\/2009-2015\\\/#organization\"},\"potentialAction\":[{\"@type\":\"SearchAction\",\"target\":{\"@type\":\"EntryPoint\",\"urlTemplate\":\"https:\\\/\\\/fjala.info\\\/2009-2015\\\/?s={search_term_string}\"},\"query-input\":{\"@type\":\"PropertyValueSpecification\",\"valueRequired\":true,\"valueName\":\"search_term_string\"}}],\"inLanguage\":\"sq-AL\"},{\"@type\":\"Organization\",\"@id\":\"https:\\\/\\\/fjala.info\\\/2009-2015\\\/#organization\",\"name\":\"FjALA e LIR\u00cb - Arkivi\",\"url\":\"https:\\\/\\\/fjala.info\\\/2009-2015\\\/\",\"logo\":{\"@type\":\"ImageObject\",\"inLanguage\":\"sq-AL\",\"@id\":\"https:\\\/\\\/fjala.info\\\/2009-2015\\\/#\\\/schema\\\/logo\\\/image\\\/\",\"url\":\"\",\"contentUrl\":\"\",\"caption\":\"FjALA e LIR\u00cb - Arkivi\"},\"image\":{\"@id\":\"https:\\\/\\\/fjala.info\\\/2009-2015\\\/#\\\/schema\\\/logo\\\/image\\\/\"}},{\"@type\":\"Person\",\"@id\":\"https:\\\/\\\/fjala.info\\\/2009-2015\\\/#\\\/schema\\\/person\\\/3aa1163ef05469c496fc94e77611ada2\",\"name\":\"admin\",\"image\":{\"@type\":\"ImageObject\",\"inLanguage\":\"sq-AL\",\"@id\":\"https:\\\/\\\/fjala.info\\\/2009-2015\\\/wp-content\\\/uploads\\\/2012\\\/02\\\/arben_cokaj-120x150.jpg\",\"url\":\"https:\\\/\\\/fjala.info\\\/2009-2015\\\/wp-content\\\/uploads\\\/2012\\\/02\\\/arben_cokaj-120x150.jpg\",\"contentUrl\":\"https:\\\/\\\/fjala.info\\\/2009-2015\\\/wp-content\\\/uploads\\\/2012\\\/02\\\/arben_cokaj-120x150.jpg\",\"caption\":\"admin\"},\"description\":\"Admin, Fjala e Lir\u00eb\",\"sameAs\":[\"https:\\\/\\\/fjala.info\\\/\"],\"url\":\"https:\\\/\\\/fjala.info\\\/2009-2015\\\/author\\\/admin\\\/\"}]}<\/script>\n<!-- \/ Yoast SEO plugin. -->","yoast_head_json":{"title":"Demokrat\u00ebt \u2018kryq\u00ebzojn\u00eb\u2019 Mesila Dod\u00ebn\/ Deputetja: S\u2019\u00ebsht\u00eb krim t\u2019i jap\u00ebsh dor\u00ebn kryeministrit - FjALA e LIR\u00cb - Arkivi","robots":{"index":"index","follow":"follow","max-snippet":"max-snippet:-1","max-image-preview":"max-image-preview:large","max-video-preview":"max-video-preview:-1"},"canonical":"https:\/\/fjala.info\/2009-2015\/demokratet-kryqezojne-mesila-doden-deputetja-seshte-krim-ti-japesh-doren-kryeministrit\/","og_locale":"sq_AL","og_type":"article","og_title":"Demokrat\u00ebt \u2018kryq\u00ebzojn\u00eb\u2019 Mesila Dod\u00ebn\/ Deputetja: S\u2019\u00ebsht\u00eb krim t\u2019i jap\u00ebsh dor\u00ebn kryeministrit - FjALA e LIR\u00cb - Arkivi","og_description":"Deputetja e Partis\u00eb Demokratike, Mesila Doda, ka sqaruar dje n\u00eb \u201cFacebook\u201d se nuk ka qen\u00eb e ftuar n\u00eb ceremonin\u00eb festive t\u00eb organizuar nga selia blu me rastin e Dit\u00ebs s\u00eb Rinis\u00eb n\u00eb pallatin e sportit \u201cAsllan Rusi\u201d n\u00eb kryeqytet. Ajo e ka b\u00ebr\u00eb t\u00eb ditur k\u00ebt\u00eb fakt gjat\u00eb nj\u00eb replik\u00eb q\u00eb ka pasur n\u00eb rrjetin [&hellip;]","og_url":"https:\/\/fjala.info\/2009-2015\/demokratet-kryqezojne-mesila-doden-deputetja-seshte-krim-ti-japesh-doren-kryeministrit\/","og_site_name":"FjALA e LIR\u00cb - Arkivi","article_published_time":"2013-12-09T10:02:40+00:00","og_image":[{"url":"http:\/\/www.fjala.info\/2013\/rama_doda_8_dhjetor_2013.jpg","type":"","width":"","height":""}],"author":"admin","twitter_card":"summary_large_image","twitter_misc":{"Written by":"admin","Est. reading time":"2 minutes"},"schema":{"@context":"https:\/\/schema.org","@graph":[{"@type":"Article","@id":"https:\/\/fjala.info\/2009-2015\/demokratet-kryqezojne-mesila-doden-deputetja-seshte-krim-ti-japesh-doren-kryeministrit\/#article","isPartOf":{"@id":"https:\/\/fjala.info\/2009-2015\/demokratet-kryqezojne-mesila-doden-deputetja-seshte-krim-ti-japesh-doren-kryeministrit\/"},"author":{"name":"admin","@id":"https:\/\/fjala.info\/2009-2015\/#\/schema\/person\/3aa1163ef05469c496fc94e77611ada2"},"headline":"Demokrat\u00ebt \u2018kryq\u00ebzojn\u00eb\u2019 Mesila Dod\u00ebn\/ Deputetja: S\u2019\u00ebsht\u00eb krim t\u2019i jap\u00ebsh dor\u00ebn kryeministrit","datePublished":"2013-12-09T10:02:40+00:00","mainEntityOfPage":{"@id":"https:\/\/fjala.info\/2009-2015\/demokratet-kryqezojne-mesila-doden-deputetja-seshte-krim-ti-japesh-doren-kryeministrit\/"},"wordCount":418,"commentCount":0,"publisher":{"@id":"https:\/\/fjala.info\/2009-2015\/#organization"},"image":{"@id":"https:\/\/fjala.info\/2009-2015\/demokratet-kryqezojne-mesila-doden-deputetja-seshte-krim-ti-japesh-doren-kryeministrit\/#primaryimage"},"thumbnailUrl":"http:\/\/www.fjala.info\/2013\/rama_doda_8_dhjetor_2013.jpg","articleSection":["Artikuj","Lajme"],"inLanguage":"sq-AL","potentialAction":[{"@type":"CommentAction","name":"Comment","target":["https:\/\/fjala.info\/2009-2015\/demokratet-kryqezojne-mesila-doden-deputetja-seshte-krim-ti-japesh-doren-kryeministrit\/#respond"]}]},{"@type":"WebPage","@id":"https:\/\/fjala.info\/2009-2015\/demokratet-kryqezojne-mesila-doden-deputetja-seshte-krim-ti-japesh-doren-kryeministrit\/","url":"https:\/\/fjala.info\/2009-2015\/demokratet-kryqezojne-mesila-doden-deputetja-seshte-krim-ti-japesh-doren-kryeministrit\/","name":"Demokrat\u00ebt \u2018kryq\u00ebzojn\u00eb\u2019 Mesila Dod\u00ebn\/ Deputetja: S\u2019\u00ebsht\u00eb krim t\u2019i jap\u00ebsh dor\u00ebn kryeministrit - FjALA e LIR\u00cb - Arkivi","isPartOf":{"@id":"https:\/\/fjala.info\/2009-2015\/#website"},"primaryImageOfPage":{"@id":"https:\/\/fjala.info\/2009-2015\/demokratet-kryqezojne-mesila-doden-deputetja-seshte-krim-ti-japesh-doren-kryeministrit\/#primaryimage"},"image":{"@id":"https:\/\/fjala.info\/2009-2015\/demokratet-kryqezojne-mesila-doden-deputetja-seshte-krim-ti-japesh-doren-kryeministrit\/#primaryimage"},"thumbnailUrl":"http:\/\/www.fjala.info\/2013\/rama_doda_8_dhjetor_2013.jpg","datePublished":"2013-12-09T10:02:40+00:00","breadcrumb":{"@id":"https:\/\/fjala.info\/2009-2015\/demokratet-kryqezojne-mesila-doden-deputetja-seshte-krim-ti-japesh-doren-kryeministrit\/#breadcrumb"},"inLanguage":"sq-AL","potentialAction":[{"@type":"ReadAction","target":["https:\/\/fjala.info\/2009-2015\/demokratet-kryqezojne-mesila-doden-deputetja-seshte-krim-ti-japesh-doren-kryeministrit\/"]}]},{"@type":"ImageObject","inLanguage":"sq-AL","@id":"https:\/\/fjala.info\/2009-2015\/demokratet-kryqezojne-mesila-doden-deputetja-seshte-krim-ti-japesh-doren-kryeministrit\/#primaryimage","url":"http:\/\/www.fjala.info\/2013\/rama_doda_8_dhjetor_2013.jpg","contentUrl":"http:\/\/www.fjala.info\/2013\/rama_doda_8_dhjetor_2013.jpg"},{"@type":"BreadcrumbList","@id":"https:\/\/fjala.info\/2009-2015\/demokratet-kryqezojne-mesila-doden-deputetja-seshte-krim-ti-japesh-doren-kryeministrit\/#breadcrumb","itemListElement":[{"@type":"ListItem","position":1,"name":"Home","item":"https:\/\/fjala.info\/2009-2015\/"},{"@type":"ListItem","position":2,"name":"Demokrat\u00ebt \u2018kryq\u00ebzojn\u00eb\u2019 Mesila Dod\u00ebn\/ Deputetja: S\u2019\u00ebsht\u00eb krim t\u2019i jap\u00ebsh dor\u00ebn kryeministrit"}]},{"@type":"WebSite","@id":"https:\/\/fjala.info\/2009-2015\/#website","url":"https:\/\/fjala.info\/2009-2015\/","name":"FjALA e LIR\u00cb - Arkivi","description":"Arkivi 2009-2015","publisher":{"@id":"https:\/\/fjala.info\/2009-2015\/#organization"},"potentialAction":[{"@type":"SearchAction","target":{"@type":"EntryPoint","urlTemplate":"https:\/\/fjala.info\/2009-2015\/?s={search_term_string}"},"query-input":{"@type":"PropertyValueSpecification","valueRequired":true,"valueName":"search_term_string"}}],"inLanguage":"sq-AL"},{"@type":"Organization","@id":"https:\/\/fjala.info\/2009-2015\/#organization","name":"FjALA e LIR\u00cb - Arkivi","url":"https:\/\/fjala.info\/2009-2015\/","logo":{"@type":"ImageObject","inLanguage":"sq-AL","@id":"https:\/\/fjala.info\/2009-2015\/#\/schema\/logo\/image\/","url":"","contentUrl":"","caption":"FjALA e LIR\u00cb - Arkivi"},"image":{"@id":"https:\/\/fjala.info\/2009-2015\/#\/schema\/logo\/image\/"}},{"@type":"Person","@id":"https:\/\/fjala.info\/2009-2015\/#\/schema\/person\/3aa1163ef05469c496fc94e77611ada2","name":"admin","image":{"@type":"ImageObject","inLanguage":"sq-AL","@id":"https:\/\/fjala.info\/2009-2015\/wp-content\/uploads\/2012\/02\/arben_cokaj-120x150.jpg","url":"https:\/\/fjala.info\/2009-2015\/wp-content\/uploads\/2012\/02\/arben_cokaj-120x150.jpg","contentUrl":"https:\/\/fjala.info\/2009-2015\/wp-content\/uploads\/2012\/02\/arben_cokaj-120x150.jpg","caption":"admin"},"description":"Admin, Fjala e Lir\u00eb","sameAs":["https:\/\/fjala.info\/"],"url":"https:\/\/fjala.info\/2009-2015\/author\/admin\/"}]}},"_links":{"self":[{"href":"https:\/\/fjala.info\/2009-2015\/wp-json\/wp\/v2\/posts\/13279","targetHints":{"allow":["GET"]}}],"collection":[{"href":"https:\/\/fjala.info\/2009-2015\/wp-json\/wp\/v2\/posts"}],"about":[{"href":"https:\/\/fjala.info\/2009-2015\/wp-json\/wp\/v2\/types\/post"}],"author":[{"embeddable":true,"href":"https:\/\/fjala.info\/2009-2015\/wp-json\/wp\/v2\/users\/1"}],"replies":[{"embeddable":true,"href":"https:\/\/fjala.info\/2009-2015\/wp-json\/wp\/v2\/comments?post=13279"}],"version-history":[{"count":0,"href":"https:\/\/fjala.info\/2009-2015\/wp-json\/wp\/v2\/posts\/13279\/revisions"}],"wp:attachment":[{"href":"https:\/\/fjala.info\/2009-2015\/wp-json\/wp\/v2\/media?parent=13279"}],"wp:term":[{"taxonomy":"category","embeddable":true,"href":"https:\/\/fjala.info\/2009-2015\/wp-json\/wp\/v2\/categories?post=13279"},{"taxonomy":"post_tag","embeddable":true,"href":"https:\/\/fjala.info\/2009-2015\/wp-json\/wp\/v2\/tags?post=13279"}],"curies":[{"name":"wp","href":"https:\/\/api.w.org\/{rel}","templated":true}]}}