{"id":13276,"date":"2013-12-08T22:06:36","date_gmt":"2013-12-08T21:06:36","guid":{"rendered":"http:\/\/fjala.info\/?p=5307"},"modified":"2013-12-08T22:06:36","modified_gmt":"2013-12-08T21:06:36","slug":"vetevbrasja-e-nje-poeti","status":"publish","type":"post","link":"https:\/\/fjala.info\/2009-2015\/vetevbrasja-e-nje-poeti\/","title":{"rendered":"Vet\u00ebvbrasja e nj\u00eb poeti"},"content":{"rendered":"<p>K\u00ebtyre dit\u00ebve \u00ebsht\u00eb botuar drama e par\u00eb dhe e 14-ta vep\u00ebr e p\u00ebrgjithshme e shkrimtarit <strong>Brahim AVDYLI<\/strong>.<\/p>\n<p>Drama e vetme e tij, &#8220;VET\u00cbVRASJA E NJ\u00cb POETI&#8221;, \u00ebsht\u00eb botuar nga Shoqata e Intelektual\u00ebve &#8220;JAKOVA&#8221; nga GJAKOVA, n\u00eb N\u00ebntor t\u00eb vitit 2013.<\/p>\n<p><img decoding=\"async\" class=\"aligncenter size-thumbnail wp-image-7236\" title=\"Brahim Avdyli - Vet\u00ebvrasja e nj\u00eb poeti\" alt=\"\" src=\"http:\/\/www.fjala.info\/2013\/botimi_drames_me_cip.jpg\" width=\"500\" \/><\/p>\n<p>Shoqata e Intelektual\u00ebve &#8220;Jakova&#8221; n\u00eb Gjakov\u00eb, e cila e ka redaktuar vepr\u00ebn nga Muhamet Rogova, ka b\u00ebr\u00eb nj\u00eb pun\u00eb t\u00eb madhe n\u00eb botimin e vepr\u00ebs s\u00eb shkrimtarit Brahim Ibish AVDYLIT, e cila \u00ebsht\u00eb nj\u00eb dram\u00eb, por mjaft e gj\u00ebr\u00eb me p\u00ebrmbajtjen e saj. N\u00eb k\u00ebt\u00eb vep\u00ebr kryq\u00ebsohet n\u00eb form\u00eb diakronike dhe sinkronike linja kryesore e ides\u00eb, cila fillon nga polemika e let\u00ebrsis\u00eb dhe poezis\u00eb p\u00ebr lirik\u00ebn n\u00eb nivelin evropian e deri te vet jeta apo mosjeta e Kryepersonazhit t\u00eb vepr\u00ebs- z. Florian META, q\u00eb \u00ebsht\u00eb i njohur mjaft mir\u00eb, por i kontestuar nga pala tjet\u00ebr. Ai detyrohet m\u00eb n\u00eb fund t\u00eb b\u00ebj\u00eb vetvrasje, pasi nuk ka gjasa t\u00eb kuptohet drejt\u00eb nga njer\u00ebzit e tij dhe t\u00eb bashk\u00ebkoh\u00ebsis\u00eb, t\u00eb cil\u00ebt nuk e p\u00ebrfillin.<\/p>\n<p>Pas n\u00ebnt\u00eb provave t\u00eb atentateve mbi personin e tij, t\u00eb cilave u ka shpetuar me mjeshtri. Si kund\u00ebrgotitje i vjen ndarja nga familja, nga t\u00eb njohurit, nga kombi i tij, etj., q\u00eb t\u00eb mos dal\u00eb n\u00eb politik\u00eb e t\u00eb zgjidhet. Prandaj, atij nuk i duhet m\u00eb jeta dhe vendos q\u00eb t\u00eb b\u00ebj\u00eb vetvrasje, pasi nuk mund t\u00eb shpie n\u00eb realizim idet\u00eb e veta lidhur me ato q\u00eb i p\u00ebrkrahin kund\u00ebrshtar\u00ebt e tij. Ai, me k\u00ebt\u00eb vrasje t\u00eb vetes d\u00ebshiron paraprakisht t`ua shkaktoj\u00eb vrasjen n\u00eb nd\u00ebrgjegje dhe simbolikisht t\u00eb gjith\u00eb serbofil\u00ebve, grekofil\u00ebve, sllavo-bullgaro-makedonofil\u00ebve, turkofil\u00ebve, etj. Poetit nuk i metet gj\u00eb tjet\u00ebr, pos besimit n\u00eb Zotin e madh dhe n\u00eb drejt\u00ebsisn\u00eb e tij p\u00ebr drejt\u00ebsin\u00eb e p\u00ebrgjithshme. Drama vijon me bised\u00ebn e zjarrt\u00eb t\u00eb Kryepersonazhit, t\u00eb t\u00eb Panjohurit apo Burrit; t\u00eb Treg\u00ebtarit t\u00eb Tregut t\u00eb Zi, t\u00eb Vajz\u00ebs s\u00eb Vog\u00ebl apo Engj\u00ebllit, t\u00eb Zotit t\u00eb Madh pellazg, t\u00eb Ndihm\u00ebszotit, t\u00eb Profesorit, t\u00eb Kund\u00ebrshtarit, t\u00eb Gazetarit, etj., jo rrall\u00eb polemik\u00ebs serioze q\u00eb p\u00ebrfundon me nj\u00eb Epilog, me nipin, Patriotin; mbesat Ganimeten dhe Pranver\u00ebn, t\u00eb cil\u00ebt kan\u00eb lindur m\u00eb von\u00eb nga Zoti i Madh, si d\u00ebm\u00ebshp\u00ebrblim i mosvrasjes s\u00eb tij.<br \/>\nDrama ka nj\u00eb p\u00ebrmbajtje moderne dhe vie me idet\u00eb e m\u00ebdha t\u00eb historis\u00eb dhe aktualitetit t\u00eb nj\u00eb poeti t\u00eb mir\u00ebnjohur pik\u00ebrisht n\u00eb koh\u00ebn m\u00eb problematike. Ajo z\u00eb fill q\u00eb n\u00eb koh\u00ebn e shtjellimit t\u00eb etnitetit komb\u00ebtar t\u00eb shqiptar\u00ebve, nga gjeneza e kombeve t\u00eb hershme, e ilir\u00ebve t\u00eb lasht\u00eb dhe pellazg\u00ebve hyjnor\u00eb t\u00eb Epirit, q\u00eb i ndjek\u00eb kurdoher\u00eb n\u00ebp\u00ebr histori nj\u00eb pafat\u00ebsi e rrebt\u00eb. Kombit t\u00eb poetit p\u00ebrfaq\u00ebsues, Florian Met\u00ebs, i cili nuk ka mundur t\u00eb krijoj\u00eb nj\u00eb atdhe t\u00eb mir\u00ebfillt\u00eb si\u00e7 e banonin autoktonisht n\u00eb historin\u00eb e rrudhur nga luft\u00ebrat e rrebta t\u00eb kund\u00ebrshtar\u00ebve t\u00eb tij rreth e rrotull, i pshtjellohen gj\u00ebrat. Armiqt\u00eb m\u00eb t\u00eb rrebt\u00eb t\u00eb k\u00ebtij kombi jan\u00eb ngritur t\u00eb gjith\u00eb dhe n\u00eb baz\u00eb t\u00eb pun\u00ebs e fjal\u00ebs s\u00eb tyre e b\u00ebjn\u00eb pseudoshkenc\u00ebn, e cila vrapon kudo n\u00ebp\u00ebr bot\u00eb t\u00eb p\u00ebshtjellojn\u00eb mendimin p\u00ebr kombin shqiptar. K\u00ebtu vijn\u00eb serb\u00ebt, grek\u00ebt, bullgar\u00ebt, maqedono-bullgar\u00ebt, malaziasit dhe n\u00eb kok\u00eb t\u00eb tyre turqit, t\u00eb cil\u00ebt i kan\u00eb sunduar 500 vite me luft\u00ebra komb\u00ebtare, krahas greko-serb\u00ebve, t\u00eb cil\u00ebt i kan\u00eb b\u00ebr\u00eb mija vite luft\u00eb me dredhi, me g\u00ebnjeshtra t\u00eb paskrupullta e pseudoshkenc\u00eb. Ata nuk kan\u00eb l\u00ebn\u00eb gj\u00eb apo krim pa e p\u00ebrdorur nga rrjedhat e historis\u00eb, nga t\u00eb dy an\u00ebt- veri e jug, por nuk kan\u00eb mundur ta shlyejn\u00eb k\u00ebt\u00eb komb asnj\u00ebher\u00eb t\u00ebr\u00ebsisht nga fytyra e globit. S\u00eb fundit, arrijn\u00eb t`ia marrin nga duart fen\u00eb e tyre ortodokse dhe t\u00eb shpikin nj\u00eb gjuh\u00eb artificiale, gjuh\u00ebn sllave, p\u00ebrmes s\u00eb cil\u00ebs e &#8220;gj\u00ebjn\u00eb&#8221; nj\u00eb arsye t\u00eb vetme q\u00eb ta &#8220;rrahin&#8221; p\u00ebr vdekje kombin shqiptar, sikur ata jan\u00eb t\u00eb vetmit &#8220;bij\u00eb t\u00eb Zotit&#8221;. K\u00ebshtu, kombin shqiptar e &#8220;grabisin&#8221; n\u00eb form\u00eb moderne, t\u00eb veshur me petka t\u00eb demokracis\u00eb apo t\u00eb feve. Kombi shqiptar mbetet nj\u00eb komb i ndar\u00eb padrejt\u00ebsisht n\u00ebn pes\u00eb shtete. Kjo \u00ebsht\u00eb kulmi i padrejt\u00ebsis\u00eb&#8230;<br \/>\nKryepersonazhi, poeti dhe shkrimtari Florian Meta, vie n\u00eb vlugun poliedrik t\u00eb polemik\u00ebs n\u00eb fillim t\u00eb dram\u00ebs, q\u00eb vjen p\u00ebrmes z\u00ebrave q\u00eb kund\u00ebrshtohen pro e kontra, p\u00ebr zhdukjen apo mbijetes\u00ebn e lirik\u00ebs. Ai ka vendosur ta vras\u00eb vetveten, nat\u00ebn, n\u00eb nj\u00eb park larg qendr\u00ebs. N\u00eb Pamjen e Par\u00eb na shpaloset nj\u00eb monolog i gjat\u00eb p\u00ebr fatin dhe fatkeq\u00ebsin\u00eb e tij. N\u00eb Pamjen e Dyt\u00eb vie e shtjellohet ngjarja n\u00eb mes t\u00eb t\u00eb Panjohurit, i cili ia propozon disa forma t\u00eb reja t\u00eb shkrimit, t\u00eb cilat do ti b\u00ebnin pak para, n\u00eb vend se t\u00eb merrej me poezin\u00eb, nd\u00ebrsa Treg\u00ebtari i Tregut t\u00eb Zi, q\u00eb \u00ebsht\u00eb Djali i nj\u00eb oficeri t\u00eb Rajhut t\u00eb Tret\u00eb ia jep nj\u00eb hap t\u00eb Cianidit p\u00ebr d\u00ebmshp\u00ebrblimin e k\u00ebrkuar prej tij duke e l\u00ebn\u00eb pa asnj\u00eb rrobe dhe para, n\u00eb mes t\u00eb parkut, mu n\u00eb mesnat\u00eb. Por, Zoti i Madh pellazg, n\u00eb nj\u00eb bised\u00eb t\u00eb zjarrt\u00eb me Ndihm\u00ebszotin, n\u00eb Intermeco, ia pamud\u00ebson vetvrasjen, sepse i ka t\u00eb pakryera veprat. Pamja e Tret\u00eb dhe e Kat\u00ebrt jan\u00eb n\u00eb sh\u00ebrbim t\u00eb ides\u00eb s\u00eb vepr\u00ebs. Pamja e kat\u00ebrt \u00ebsht\u00eb nj\u00eb dialog apo nj\u00eb polemik\u00eb e zjarrt\u00eb n\u00eb Studion e Televizionit Q\u00ebndror dhe p\u00ebrb\u00ebn shp\u00ebrfilljen e dram\u00ebs. N\u00eb k\u00ebt\u00eb pjes\u00eb na vie edhe Florian Meta, i ftuar nga Gazetari i Studios, dhe dokumenton dram\u00ebn. N\u00eb realitet nuk flet p\u00ebr vetvrasjen, por n\u00ebnkuptohet vrasja simbolike. N\u00eb radh\u00eb t\u00eb par\u00eb vet\u00ebvrasja e tij merr disa nuanca kuptimi dhe simbolizon s\u00eb pari vrasjen e nd\u00ebrgjegjes, sepse poezin\u00eb tij nuk d\u00ebshiron ta kuptoj\u00eb njeri; simbolizon vrasjen e instancave policore t\u00eb vendit nikoqir q\u00eb e shantazhon pa nd\u00ebrprer\u00eb; instancat nd\u00ebrkomb\u00ebtare q\u00eb i v\u00ebn\u00eb vesh\u00ebt n\u00eb lesh para popullit t\u00eb tij dhe &#8220;zgjedhin&#8221; \u00e7\u00ebshtjet si\u00e7 ua dikton interesi; instancat mashtruese t\u00eb armiq\u00ebve t\u00eb shumt\u00eb; instancat mashtruese t\u00eb popullit t\u00eb vet; pseudoshkenc\u00ebn; etj.<br \/>\nDialogjet e dram\u00ebs jan\u00eb dinamike, por t\u00eb gjata. T\u00eb gjitha personazhet e dram\u00ebs jan\u00eb t\u00eb dukshme, deri te Qeni, Macja, Sorrat e Zogjt\u00eb. Ata nuk kan\u00eb gjuh\u00eb, por b\u00ebhen sikur e ndjejn\u00eb poetin Florian Meta. \u00c7do pjes\u00ebmarr\u00ebs n\u00eb dram\u00eb ka r\u00ebnd\u00ebsi, qoft\u00eb i vog\u00ebl apo i madh. Drama ka rreth 172 faqe. Ajo duhet t\u00eb lexohet disa her\u00eb deri n\u00eb fund. N\u00eb Epilogun e saj vjen nj\u00eb doz\u00eb shprese. Shpirti i madh i poetit \u00ebsht\u00eb optimist. I Panjohuri apo Burri, Profesori, Gazetari apo Turma e Studios, etj. duan ta p\u00ebrkrahin poetin. Ata e p\u00ebrkrahin vet\u00ebm t\u00eb v\u00ebrtet\u00ebn shkencore dhe e nxjerrin n\u00eb pah edhe gazetarin\u00eb e Florian Met\u00ebs.<br \/>\nN\u00eb ball\u00eb t\u00eb dram\u00ebs vijn\u00eb th\u00ebniet e dijetar\u00ebve t\u00eb m\u00ebdhenj, si Homeri, Sami Frash\u00ebri, Dhimit\u00ebr Pilika, t\u00eb nxjerra nga veprat e lexuara me sht\u00ebpi botuese, me vend e vit t\u00eb botimit dhe faqen ku jan\u00eb marr\u00eb.<br \/>\nUn\u00eb i kam prekur idet\u00eb e vepr\u00ebs s\u00eb shkrimtarit Brahim Avdyli vet\u00ebm sip\u00ebrfaq\u00ebsisht. Kur ta lexoni vepr\u00ebn do ti nxirrni vet\u00eb idet\u00eb e vepr\u00ebs n\u00eb fjal\u00eb.<br \/>\nOdiseada e botimit t\u00eb vepr\u00ebs &#8220;Vet\u00ebvrasja e nj\u00eb poeti&#8221; p\u00ebrfundon suksessh\u00ebm me daljen e saj nga botuesi. Por, askush prej k\u00ebrkuesve nuk ishte i gatsh\u00ebm t\u00eb ndihmoj\u00eb autorin e dram\u00ebs, edhe pse jepnin p\u00ebr fillestar\u00eb apo mashtrues. Ajo e pa drit\u00ebn e diellit m\u00eb n\u00eb fund, me ndihm\u00ebn e autorit si shum\u00eb veprat e tij. Tani, k\u00ebto fonde, duhet t\u00eb ken\u00eb kujdes, sepse shkrimtari i k\u00ebsaj vepre nuk do ti fal\u00eb.<br \/>\nKan\u00eb shp\u00ebtuar disa gabime t\u00eb vogla grafike, teknike dhe gjuh\u00ebsore, por q\u00eb nuk luajn\u00eb rol t\u00eb madh. Marr\u00eb n\u00eb p\u00ebrgjith\u00ebsi, vepra \u00ebsht\u00eb e botuar shum\u00eb mir\u00eb.<br \/>\nSi e thot\u00eb redaktori i saj, Muhamet Rogova, drama e meriton leximin&#8230;<\/p>\n<p><em>01.12.2013<\/em>\t<em>Shpejtim Dervish HANA<\/em><\/p>\n","protected":false},"excerpt":{"rendered":"<p>K\u00ebtyre dit\u00ebve \u00ebsht\u00eb botuar drama e par\u00eb dhe e 14-ta vep\u00ebr e p\u00ebrgjithshme e shkrimtarit Brahim AVDYLI. Drama e vetme e tij, &#8220;VET\u00cbVRASJA E NJ\u00cb POETI&#8221;, \u00ebsht\u00eb botuar nga Shoqata e Intelektual\u00ebve &#8220;JAKOVA&#8221; nga GJAKOVA, n\u00eb N\u00ebntor t\u00eb vitit 2013. Shoqata e Intelektual\u00ebve &#8220;Jakova&#8221; n\u00eb Gjakov\u00eb, e cila e ka redaktuar vepr\u00ebn nga Muhamet Rogova, [&hellip;]<\/p>\n","protected":false},"author":1,"featured_media":0,"comment_status":"open","ping_status":"closed","sticky":false,"template":"","format":"standard","meta":{"footnotes":""},"categories":[2],"tags":[],"class_list":{"0":"post-13276","1":"post","2":"type-post","3":"status-publish","4":"format-standard","6":"category-artikuj"},"yoast_head":"<!-- This site is optimized with the Yoast SEO plugin v27.4 - https:\/\/yoast.com\/product\/yoast-seo-wordpress\/ -->\n<title>Vet\u00ebvbrasja e nj\u00eb poeti - FjALA e LIR\u00cb - Arkivi<\/title>\n<meta name=\"robots\" content=\"index, follow, max-snippet:-1, max-image-preview:large, max-video-preview:-1\" \/>\n<link rel=\"canonical\" href=\"https:\/\/fjala.info\/2009-2015\/vetevbrasja-e-nje-poeti\/\" \/>\n<meta property=\"og:locale\" content=\"sq_AL\" \/>\n<meta property=\"og:type\" content=\"article\" \/>\n<meta property=\"og:title\" content=\"Vet\u00ebvbrasja e nj\u00eb poeti - FjALA e LIR\u00cb - Arkivi\" \/>\n<meta property=\"og:description\" content=\"K\u00ebtyre dit\u00ebve \u00ebsht\u00eb botuar drama e par\u00eb dhe e 14-ta vep\u00ebr e p\u00ebrgjithshme e shkrimtarit Brahim AVDYLI. Drama e vetme e tij, &#8220;VET\u00cbVRASJA E NJ\u00cb POETI&#8221;, \u00ebsht\u00eb botuar nga Shoqata e Intelektual\u00ebve &#8220;JAKOVA&#8221; nga GJAKOVA, n\u00eb N\u00ebntor t\u00eb vitit 2013. Shoqata e Intelektual\u00ebve &#8220;Jakova&#8221; n\u00eb Gjakov\u00eb, e cila e ka redaktuar vepr\u00ebn nga Muhamet Rogova, [&hellip;]\" \/>\n<meta property=\"og:url\" content=\"https:\/\/fjala.info\/2009-2015\/vetevbrasja-e-nje-poeti\/\" \/>\n<meta property=\"og:site_name\" content=\"FjALA e LIR\u00cb - Arkivi\" \/>\n<meta property=\"article:published_time\" content=\"2013-12-08T21:06:36+00:00\" \/>\n<meta property=\"og:image\" content=\"http:\/\/www.fjala.info\/2013\/botimi_drames_me_cip.jpg\" \/>\n<meta name=\"author\" content=\"admin\" \/>\n<meta name=\"twitter:card\" content=\"summary_large_image\" \/>\n<meta name=\"twitter:label1\" content=\"Written by\" \/>\n\t<meta name=\"twitter:data1\" content=\"admin\" \/>\n\t<meta name=\"twitter:label2\" content=\"Est. reading time\" \/>\n\t<meta name=\"twitter:data2\" content=\"7 minutes\" \/>\n<script type=\"application\/ld+json\" class=\"yoast-schema-graph\">{\"@context\":\"https:\\\/\\\/schema.org\",\"@graph\":[{\"@type\":\"Article\",\"@id\":\"https:\\\/\\\/fjala.info\\\/2009-2015\\\/vetevbrasja-e-nje-poeti\\\/#article\",\"isPartOf\":{\"@id\":\"https:\\\/\\\/fjala.info\\\/2009-2015\\\/vetevbrasja-e-nje-poeti\\\/\"},\"author\":{\"name\":\"admin\",\"@id\":\"https:\\\/\\\/fjala.info\\\/2009-2015\\\/#\\\/schema\\\/person\\\/3aa1163ef05469c496fc94e77611ada2\"},\"headline\":\"Vet\u00ebvbrasja e nj\u00eb poeti\",\"datePublished\":\"2013-12-08T21:06:36+00:00\",\"mainEntityOfPage\":{\"@id\":\"https:\\\/\\\/fjala.info\\\/2009-2015\\\/vetevbrasja-e-nje-poeti\\\/\"},\"wordCount\":1423,\"commentCount\":0,\"publisher\":{\"@id\":\"https:\\\/\\\/fjala.info\\\/2009-2015\\\/#organization\"},\"image\":{\"@id\":\"https:\\\/\\\/fjala.info\\\/2009-2015\\\/vetevbrasja-e-nje-poeti\\\/#primaryimage\"},\"thumbnailUrl\":\"http:\\\/\\\/www.fjala.info\\\/2013\\\/botimi_drames_me_cip.jpg\",\"articleSection\":[\"Artikuj\"],\"inLanguage\":\"sq-AL\",\"potentialAction\":[{\"@type\":\"CommentAction\",\"name\":\"Comment\",\"target\":[\"https:\\\/\\\/fjala.info\\\/2009-2015\\\/vetevbrasja-e-nje-poeti\\\/#respond\"]}]},{\"@type\":\"WebPage\",\"@id\":\"https:\\\/\\\/fjala.info\\\/2009-2015\\\/vetevbrasja-e-nje-poeti\\\/\",\"url\":\"https:\\\/\\\/fjala.info\\\/2009-2015\\\/vetevbrasja-e-nje-poeti\\\/\",\"name\":\"Vet\u00ebvbrasja e nj\u00eb poeti - FjALA e LIR\u00cb - Arkivi\",\"isPartOf\":{\"@id\":\"https:\\\/\\\/fjala.info\\\/2009-2015\\\/#website\"},\"primaryImageOfPage\":{\"@id\":\"https:\\\/\\\/fjala.info\\\/2009-2015\\\/vetevbrasja-e-nje-poeti\\\/#primaryimage\"},\"image\":{\"@id\":\"https:\\\/\\\/fjala.info\\\/2009-2015\\\/vetevbrasja-e-nje-poeti\\\/#primaryimage\"},\"thumbnailUrl\":\"http:\\\/\\\/www.fjala.info\\\/2013\\\/botimi_drames_me_cip.jpg\",\"datePublished\":\"2013-12-08T21:06:36+00:00\",\"breadcrumb\":{\"@id\":\"https:\\\/\\\/fjala.info\\\/2009-2015\\\/vetevbrasja-e-nje-poeti\\\/#breadcrumb\"},\"inLanguage\":\"sq-AL\",\"potentialAction\":[{\"@type\":\"ReadAction\",\"target\":[\"https:\\\/\\\/fjala.info\\\/2009-2015\\\/vetevbrasja-e-nje-poeti\\\/\"]}]},{\"@type\":\"ImageObject\",\"inLanguage\":\"sq-AL\",\"@id\":\"https:\\\/\\\/fjala.info\\\/2009-2015\\\/vetevbrasja-e-nje-poeti\\\/#primaryimage\",\"url\":\"http:\\\/\\\/www.fjala.info\\\/2013\\\/botimi_drames_me_cip.jpg\",\"contentUrl\":\"http:\\\/\\\/www.fjala.info\\\/2013\\\/botimi_drames_me_cip.jpg\"},{\"@type\":\"BreadcrumbList\",\"@id\":\"https:\\\/\\\/fjala.info\\\/2009-2015\\\/vetevbrasja-e-nje-poeti\\\/#breadcrumb\",\"itemListElement\":[{\"@type\":\"ListItem\",\"position\":1,\"name\":\"Home\",\"item\":\"https:\\\/\\\/fjala.info\\\/2009-2015\\\/\"},{\"@type\":\"ListItem\",\"position\":2,\"name\":\"Vet\u00ebvbrasja e nj\u00eb poeti\"}]},{\"@type\":\"WebSite\",\"@id\":\"https:\\\/\\\/fjala.info\\\/2009-2015\\\/#website\",\"url\":\"https:\\\/\\\/fjala.info\\\/2009-2015\\\/\",\"name\":\"FjALA e LIR\u00cb - Arkivi\",\"description\":\"Arkivi 2009-2015\",\"publisher\":{\"@id\":\"https:\\\/\\\/fjala.info\\\/2009-2015\\\/#organization\"},\"potentialAction\":[{\"@type\":\"SearchAction\",\"target\":{\"@type\":\"EntryPoint\",\"urlTemplate\":\"https:\\\/\\\/fjala.info\\\/2009-2015\\\/?s={search_term_string}\"},\"query-input\":{\"@type\":\"PropertyValueSpecification\",\"valueRequired\":true,\"valueName\":\"search_term_string\"}}],\"inLanguage\":\"sq-AL\"},{\"@type\":\"Organization\",\"@id\":\"https:\\\/\\\/fjala.info\\\/2009-2015\\\/#organization\",\"name\":\"FjALA e LIR\u00cb - Arkivi\",\"url\":\"https:\\\/\\\/fjala.info\\\/2009-2015\\\/\",\"logo\":{\"@type\":\"ImageObject\",\"inLanguage\":\"sq-AL\",\"@id\":\"https:\\\/\\\/fjala.info\\\/2009-2015\\\/#\\\/schema\\\/logo\\\/image\\\/\",\"url\":\"\",\"contentUrl\":\"\",\"caption\":\"FjALA e LIR\u00cb - Arkivi\"},\"image\":{\"@id\":\"https:\\\/\\\/fjala.info\\\/2009-2015\\\/#\\\/schema\\\/logo\\\/image\\\/\"}},{\"@type\":\"Person\",\"@id\":\"https:\\\/\\\/fjala.info\\\/2009-2015\\\/#\\\/schema\\\/person\\\/3aa1163ef05469c496fc94e77611ada2\",\"name\":\"admin\",\"image\":{\"@type\":\"ImageObject\",\"inLanguage\":\"sq-AL\",\"@id\":\"https:\\\/\\\/fjala.info\\\/2009-2015\\\/wp-content\\\/uploads\\\/2012\\\/02\\\/arben_cokaj-120x150.jpg\",\"url\":\"https:\\\/\\\/fjala.info\\\/2009-2015\\\/wp-content\\\/uploads\\\/2012\\\/02\\\/arben_cokaj-120x150.jpg\",\"contentUrl\":\"https:\\\/\\\/fjala.info\\\/2009-2015\\\/wp-content\\\/uploads\\\/2012\\\/02\\\/arben_cokaj-120x150.jpg\",\"caption\":\"admin\"},\"description\":\"Admin, Fjala e Lir\u00eb\",\"sameAs\":[\"https:\\\/\\\/fjala.info\\\/\"],\"url\":\"https:\\\/\\\/fjala.info\\\/2009-2015\\\/author\\\/admin\\\/\"}]}<\/script>\n<!-- \/ Yoast SEO plugin. -->","yoast_head_json":{"title":"Vet\u00ebvbrasja e nj\u00eb poeti - FjALA e LIR\u00cb - Arkivi","robots":{"index":"index","follow":"follow","max-snippet":"max-snippet:-1","max-image-preview":"max-image-preview:large","max-video-preview":"max-video-preview:-1"},"canonical":"https:\/\/fjala.info\/2009-2015\/vetevbrasja-e-nje-poeti\/","og_locale":"sq_AL","og_type":"article","og_title":"Vet\u00ebvbrasja e nj\u00eb poeti - FjALA e LIR\u00cb - Arkivi","og_description":"K\u00ebtyre dit\u00ebve \u00ebsht\u00eb botuar drama e par\u00eb dhe e 14-ta vep\u00ebr e p\u00ebrgjithshme e shkrimtarit Brahim AVDYLI. Drama e vetme e tij, &#8220;VET\u00cbVRASJA E NJ\u00cb POETI&#8221;, \u00ebsht\u00eb botuar nga Shoqata e Intelektual\u00ebve &#8220;JAKOVA&#8221; nga GJAKOVA, n\u00eb N\u00ebntor t\u00eb vitit 2013. Shoqata e Intelektual\u00ebve &#8220;Jakova&#8221; n\u00eb Gjakov\u00eb, e cila e ka redaktuar vepr\u00ebn nga Muhamet Rogova, [&hellip;]","og_url":"https:\/\/fjala.info\/2009-2015\/vetevbrasja-e-nje-poeti\/","og_site_name":"FjALA e LIR\u00cb - Arkivi","article_published_time":"2013-12-08T21:06:36+00:00","og_image":[{"url":"http:\/\/www.fjala.info\/2013\/botimi_drames_me_cip.jpg","type":"","width":"","height":""}],"author":"admin","twitter_card":"summary_large_image","twitter_misc":{"Written by":"admin","Est. reading time":"7 minutes"},"schema":{"@context":"https:\/\/schema.org","@graph":[{"@type":"Article","@id":"https:\/\/fjala.info\/2009-2015\/vetevbrasja-e-nje-poeti\/#article","isPartOf":{"@id":"https:\/\/fjala.info\/2009-2015\/vetevbrasja-e-nje-poeti\/"},"author":{"name":"admin","@id":"https:\/\/fjala.info\/2009-2015\/#\/schema\/person\/3aa1163ef05469c496fc94e77611ada2"},"headline":"Vet\u00ebvbrasja e nj\u00eb poeti","datePublished":"2013-12-08T21:06:36+00:00","mainEntityOfPage":{"@id":"https:\/\/fjala.info\/2009-2015\/vetevbrasja-e-nje-poeti\/"},"wordCount":1423,"commentCount":0,"publisher":{"@id":"https:\/\/fjala.info\/2009-2015\/#organization"},"image":{"@id":"https:\/\/fjala.info\/2009-2015\/vetevbrasja-e-nje-poeti\/#primaryimage"},"thumbnailUrl":"http:\/\/www.fjala.info\/2013\/botimi_drames_me_cip.jpg","articleSection":["Artikuj"],"inLanguage":"sq-AL","potentialAction":[{"@type":"CommentAction","name":"Comment","target":["https:\/\/fjala.info\/2009-2015\/vetevbrasja-e-nje-poeti\/#respond"]}]},{"@type":"WebPage","@id":"https:\/\/fjala.info\/2009-2015\/vetevbrasja-e-nje-poeti\/","url":"https:\/\/fjala.info\/2009-2015\/vetevbrasja-e-nje-poeti\/","name":"Vet\u00ebvbrasja e nj\u00eb poeti - FjALA e LIR\u00cb - Arkivi","isPartOf":{"@id":"https:\/\/fjala.info\/2009-2015\/#website"},"primaryImageOfPage":{"@id":"https:\/\/fjala.info\/2009-2015\/vetevbrasja-e-nje-poeti\/#primaryimage"},"image":{"@id":"https:\/\/fjala.info\/2009-2015\/vetevbrasja-e-nje-poeti\/#primaryimage"},"thumbnailUrl":"http:\/\/www.fjala.info\/2013\/botimi_drames_me_cip.jpg","datePublished":"2013-12-08T21:06:36+00:00","breadcrumb":{"@id":"https:\/\/fjala.info\/2009-2015\/vetevbrasja-e-nje-poeti\/#breadcrumb"},"inLanguage":"sq-AL","potentialAction":[{"@type":"ReadAction","target":["https:\/\/fjala.info\/2009-2015\/vetevbrasja-e-nje-poeti\/"]}]},{"@type":"ImageObject","inLanguage":"sq-AL","@id":"https:\/\/fjala.info\/2009-2015\/vetevbrasja-e-nje-poeti\/#primaryimage","url":"http:\/\/www.fjala.info\/2013\/botimi_drames_me_cip.jpg","contentUrl":"http:\/\/www.fjala.info\/2013\/botimi_drames_me_cip.jpg"},{"@type":"BreadcrumbList","@id":"https:\/\/fjala.info\/2009-2015\/vetevbrasja-e-nje-poeti\/#breadcrumb","itemListElement":[{"@type":"ListItem","position":1,"name":"Home","item":"https:\/\/fjala.info\/2009-2015\/"},{"@type":"ListItem","position":2,"name":"Vet\u00ebvbrasja e nj\u00eb poeti"}]},{"@type":"WebSite","@id":"https:\/\/fjala.info\/2009-2015\/#website","url":"https:\/\/fjala.info\/2009-2015\/","name":"FjALA e LIR\u00cb - Arkivi","description":"Arkivi 2009-2015","publisher":{"@id":"https:\/\/fjala.info\/2009-2015\/#organization"},"potentialAction":[{"@type":"SearchAction","target":{"@type":"EntryPoint","urlTemplate":"https:\/\/fjala.info\/2009-2015\/?s={search_term_string}"},"query-input":{"@type":"PropertyValueSpecification","valueRequired":true,"valueName":"search_term_string"}}],"inLanguage":"sq-AL"},{"@type":"Organization","@id":"https:\/\/fjala.info\/2009-2015\/#organization","name":"FjALA e LIR\u00cb - Arkivi","url":"https:\/\/fjala.info\/2009-2015\/","logo":{"@type":"ImageObject","inLanguage":"sq-AL","@id":"https:\/\/fjala.info\/2009-2015\/#\/schema\/logo\/image\/","url":"","contentUrl":"","caption":"FjALA e LIR\u00cb - Arkivi"},"image":{"@id":"https:\/\/fjala.info\/2009-2015\/#\/schema\/logo\/image\/"}},{"@type":"Person","@id":"https:\/\/fjala.info\/2009-2015\/#\/schema\/person\/3aa1163ef05469c496fc94e77611ada2","name":"admin","image":{"@type":"ImageObject","inLanguage":"sq-AL","@id":"https:\/\/fjala.info\/2009-2015\/wp-content\/uploads\/2012\/02\/arben_cokaj-120x150.jpg","url":"https:\/\/fjala.info\/2009-2015\/wp-content\/uploads\/2012\/02\/arben_cokaj-120x150.jpg","contentUrl":"https:\/\/fjala.info\/2009-2015\/wp-content\/uploads\/2012\/02\/arben_cokaj-120x150.jpg","caption":"admin"},"description":"Admin, Fjala e Lir\u00eb","sameAs":["https:\/\/fjala.info\/"],"url":"https:\/\/fjala.info\/2009-2015\/author\/admin\/"}]}},"_links":{"self":[{"href":"https:\/\/fjala.info\/2009-2015\/wp-json\/wp\/v2\/posts\/13276","targetHints":{"allow":["GET"]}}],"collection":[{"href":"https:\/\/fjala.info\/2009-2015\/wp-json\/wp\/v2\/posts"}],"about":[{"href":"https:\/\/fjala.info\/2009-2015\/wp-json\/wp\/v2\/types\/post"}],"author":[{"embeddable":true,"href":"https:\/\/fjala.info\/2009-2015\/wp-json\/wp\/v2\/users\/1"}],"replies":[{"embeddable":true,"href":"https:\/\/fjala.info\/2009-2015\/wp-json\/wp\/v2\/comments?post=13276"}],"version-history":[{"count":0,"href":"https:\/\/fjala.info\/2009-2015\/wp-json\/wp\/v2\/posts\/13276\/revisions"}],"wp:attachment":[{"href":"https:\/\/fjala.info\/2009-2015\/wp-json\/wp\/v2\/media?parent=13276"}],"wp:term":[{"taxonomy":"category","embeddable":true,"href":"https:\/\/fjala.info\/2009-2015\/wp-json\/wp\/v2\/categories?post=13276"},{"taxonomy":"post_tag","embeddable":true,"href":"https:\/\/fjala.info\/2009-2015\/wp-json\/wp\/v2\/tags?post=13276"}],"curies":[{"name":"wp","href":"https:\/\/api.w.org\/{rel}","templated":true}]}}