{"id":13275,"date":"2013-12-08T12:08:10","date_gmt":"2013-12-08T11:08:10","guid":{"rendered":"http:\/\/fjala.info\/?p=5300"},"modified":"2013-12-08T12:08:10","modified_gmt":"2013-12-08T11:08:10","slug":"ish-studentet-e-dhjetorit-ftojne-ramen-sot-bashkebisedimi","status":"publish","type":"post","link":"https:\/\/fjala.info\/2009-2015\/ish-studentet-e-dhjetorit-ftojne-ramen-sot-bashkebisedimi\/","title":{"rendered":"Ish-student\u00ebt e dhjetorit ftojn\u00eb Ram\u00ebn, sot bashk\u00ebbisedimi"},"content":{"rendered":"<p><em><strong>Flasin protagonist\u00ebt\/ Besnik Jakaj: Ndryshe nga Meta e Majko, n\u00eb PD dhjetorist\u00ebt u luftuan <\/strong><\/em><\/p>\n<p><strong>Leonard Veizi<\/strong>, <strong><em>Shekulli<\/em> <\/strong>&#8211; <em>08.12.2013<\/em><\/p>\n<p>Shqip\u00ebria ishte fort e izoluar p\u00ebr t\u00eb kuptuar n\u00eb koh\u00eb reale se \u00e7far\u00eb po ndodhte ne pjes\u00ebn tjet\u00ebr t\u00eb bot\u00ebs, e p\u00ebr m\u00eb tep\u00ebr n\u00eb Evrop\u00ebn Lindore ku regjimet komuniste t\u00eb instaluara m\u00eb s\u00eb shumti pas Luft\u00ebs s\u00eb Dyt\u00eb Bot\u00ebrore po shp\u00ebrb\u00ebheshin n\u00eb m\u00ebnyr\u00eb t\u00eb p\u00ebrshpejtuar e t\u00eb pakthyeshme. Sllogani \u201cLindja \u00ebsht\u00eb e kuqe\u201d kishte pushuar s\u00eb funksionuari, t\u00eb pakt\u00ebn n\u00eb Evrop\u00eb, e p\u00ebr m\u00eb tep\u00ebr, n\u00eb Azi po nd\u00ebrmerreshin reforma t\u00eb p\u00ebrshpejtuara. E megjith\u00ebse me vones\u00eb n\u00eb ngritjen e revolt\u00ebs qytetare, s\u00ebrish shqiptar\u00ebt ishin n\u00eb koh\u00ebn e duhur p\u00ebr t\u2019ju bashkangjitur vagonit t\u00eb fundit t\u00eb trenit q\u00eb kishte marr\u00eb superxhiron p\u00ebr nga kahu i kund\u00ebr, andej nga jeta nuk kishte mungesa, dhun\u00eb e privime t\u00eb pakuptimta&#8230;<\/p>\n<p><img decoding=\"async\" class=\"aligncenter size-thumbnail wp-image-7236\" title=\"Dhjetor '90-t\u00eb\" alt=\"\" src=\"http:\/\/www.fjala.info\/2013\/dhjetor_90_1.jpg\" width=\"500\" \/><\/p>\n<p>Student\u00ebt e gjet\u00ebn pretekstin p\u00ebr t\u2019u ngritur n\u00eb nj\u00eb revolt\u00eb t\u00eb zhurmshme. Ca kushte ekonomike m\u00eb t\u00eb mira n\u00eb ambientet e r\u00ebnuara t\u00eb Qytetit Studenti, ku socializmi p\u00ebrgatiste kuadrot e rinj p\u00ebr \u201cfrontin e madh t\u00eb pun\u00ebs\u201d. Nuk u desh m\u00eb shum\u00eb se nj\u00eb nat\u00eb e till\u00eb q\u00eb gjysma e Tiran\u00ebs t\u00eb mbushte sheshet e qendr\u00ebs studentore n\u00eb nj\u00eb manifestim solidarizues mbushur me parulla e kund\u00ebrparulla \u201creaksionare\u201d. Bislim Ahmetaj, nj\u00eb prej t\u00eb rinjve aktiv\u00eb n\u00eb k\u00ebt\u00eb l\u00ebvizje q\u00eb do t\u00eb sillte dhe demokracin\u00eb shqiptare, gjat\u00eb nj\u00eb interviste p\u00ebr \u201cShekullin\u201d thot\u00eb:<\/p>\n<p><img decoding=\"async\" class=\"aligncenter size-thumbnail wp-image-7236\" title=\"Dhjetor '90-t\u00eb\" alt=\"\" src=\"http:\/\/www.fjala.info\/2013\/dhjetor_90.jpg\" width=\"500\" \/><\/p>\n<p><strong>Si e mbani mend Shqip\u00ebrin\u00eb e fundviteve \u201980?<\/strong><\/p>\n<p>E ngjashme me situat\u00ebn e p\u00ebrgjithshme t\u00eb gjitha shtresave t\u00eb popullsis\u00eb, figurativisht i ngjashme me nj\u00eb sht\u00ebpi t\u00eb rr\u00ebnuar q\u00eb \u00ebsht\u00eb gati t\u00eb bjer\u00eb n\u00eb \u00e7do \u00e7ast dhe t\u00eb z\u00ebr\u00eb brenda banor\u00ebt e saj. Nj\u00eb shoq\u00ebri q\u00eb ishte brejtur nga skamja dhe mjerimi, me dyqane t\u00eb boshatisura ku nxinte fotografia e diktatorit si i vetmja \u201corendi\u201d q\u00eb nuk shitej dhe p\u00ebr faktin se askush s\u2019kishte m\u00eb uri p\u00ebr ta bler\u00eb. Ishin t\u00eb ngopur me t\u00eb. Brenda k\u00ebtyre ngrehinave standarde pas banaqeve ngjyre gri, shfaqej nj\u00eb shit\u00ebse, shumic\u00ebn e rasteve ndihm\u00ebs gjysm\u00eb vullnetare e Sigurimit t\u00eb Shtetit. E them gjysm\u00eb vullnetare pasi, rekrutimi kishte ardhur p\u00ebr t\u00eb ruajtur at\u00eb vend pune parajs\u00eb p\u00ebr koh\u00ebn, k\u00ebshtu \u201cshoqja shit\u00ebse\u201d e ndihmonte arm\u00ebn e dashur t\u00eb udh\u00ebheqjes p\u00ebr t\u00eb vjel\u00eb pak\u00ebnaq\u00ebsit\u00eb e klient\u00ebve t\u00eb bjerrur n\u00ebp\u00ebr radha. Por lufta p\u00ebr mbijetes\u00eb nuk e kishte shuar p\u00ebrfundimisht \u00ebndrr\u00ebn dhe shpres\u00ebn p\u00ebr liri. Shqip\u00ebria ishte vendi me lirit\u00eb politike e njer\u00ebzore m\u00eb t\u00eb dhunuara n\u00eb planet. Kjo ishte pak a shum\u00eb panorama e p\u00ebrgjithshme n\u00eb t\u00eb gjitha qytetet e Shqip\u00ebris\u00eb, t\u00eb m\u00ebdha apo t\u00eb vogla, po e nj\u00ebjta gjendje err\u00ebsire zot\u00ebronte edhe n\u00ebp\u00ebr fshatra.<\/p>\n<p><img decoding=\"async\" class=\"aligncenter size-thumbnail wp-image-7236\" title=\"Dhjetor '90-t\u00eb\" alt=\"\" src=\"http:\/\/www.fjala.info\/2013\/dhjetor_90_bardhyli.jpg\" width=\"500\" \/><\/p>\n<p><strong>Po student\u00ebt n\u00eb fundin e vitit 1990, n\u00eb \u00e7far\u00eb kushtesh ishin?<\/strong><\/p>\n<p>S\u2019kishe si t\u00eb ishte ndryshe gjendja, as midis student\u00ebve bij\u00eb e bija t\u00eb shqiptar\u00ebve t\u00eb st\u00ebrlodhur, mbledhur n\u00ebp\u00ebr qendrat studentore t\u00eb Tiran\u00ebs nga t\u00eb kat\u00ebr an\u00ebt, ku jetonin nga kat\u00ebr deri n\u00eb tet\u00eb vet\u00eb n\u00ebp\u00ebr dhoma me kushte t\u00eb ngjashme me repartet ushtarake apo qendrat provizore t\u00eb pun\u00ebtor\u00ebve. Ndryshimi q\u00ebndronte tek zjarrmia dhe shkalla e lart\u00eb e liris\u00eb q\u00eb rridhte nd\u00ebr dejet e student\u00ebve, kryesisht konviktor\u00ebve, t\u00eb cil\u00ebt p\u00ebr hir t\u00eb v\u00ebrtet\u00ebs duke qen\u00eb larg kontrollit t\u00eb familjeve kontrolluan dhe udh\u00ebhoq\u00ebn L\u00ebvizjen Studentore nga dita e par\u00eb me 8 Dhjetor dhe deri me 20 shkurt t\u00eb \u201891 kur ra monumenti i diktatorit n\u00eb Sheshin Sk\u00ebnderbej, dit\u00eb q\u00eb konsiderohet edhe si fundi i L\u00ebvizjes q\u00eb legalizoi pluralizmin politik dhe \u00e7\u2019mitizoi shoq\u00ebrin\u00eb shqiptare prej miteve t\u00eb diktatur\u00ebs.<\/p>\n<p><img decoding=\"async\" class=\"aligncenter size-thumbnail wp-image-7236\" title=\"Dhjetor '90-t\u00eb\" alt=\"\" src=\"http:\/\/www.fjala.info\/2013\/dhjetor_90_pd.jpg\" width=\"500\" \/><\/p>\n<p><strong>Si nisi revolta studentore e dhjetorit 1990 dhe si u motivua ajo? <\/strong><\/p>\n<p>Revolta startoi si kryq\u00ebzim i mungesave t\u00eb pafund t\u00eb kushteve t\u00eb jetes\u00ebs, dikush protestonte se kishte ftoht\u00eb pasi batanijet e tij ishin b\u00ebr\u00eb t\u00eb tejdukshme, t\u00eb tjer\u00eb p\u00ebr mungesa jetike t\u00eb higjien\u00ebs personale, dikush nga uria dhe mungesa e nj\u00eb pale xhinsave q\u00eb i kishte nj\u00eb shok i tij, t\u00eb tjer\u00eb nga teprica e hormoneve por shum\u00eb e shum\u00eb krejt\u00ebsisht t\u00eb qart\u00eb dhe t\u00eb motivuar 100 % politikisht me misionin e madh t\u00eb \u00e7lirimit t\u00eb shqiptar\u00ebve prej diktatur\u00ebs m\u00eb t\u00eb eg\u00ebr n\u00eb lindjen e ftoht\u00eb. K\u00ebtij grupit t\u00eb fundit i kam p\u00ebrkitur edhe un\u00eb pasi diktatura e kishte b\u00ebr\u00eb kund\u00ebrshtar\u00eb fisin tim q\u00eb n\u00eb vigjilje duke m\u00eb pushkatuar gjyshin nga n\u00ebna, daj\u00ebn e bab\u00ebs, pastaj d\u00ebnuar e internuar shumic\u00ebn e njer\u00ebzve t\u00eb gjakut.<\/p>\n<p><img decoding=\"async\" class=\"aligncenter size-thumbnail wp-image-7236\" title=\"Dhjetor '90-t\u00eb\" alt=\"\" src=\"http:\/\/www.fjala.info\/2013\/dhjetor_90_bardhyli1.jpg\" width=\"500\" \/><\/p>\n<p><strong>Pretendimet e student\u00ebve ishin vet\u00ebm ekonomike apo dhe politike?<\/strong><\/p>\n<p>Si\u00e7 i p\u00ebrmenda n\u00eb p\u00ebrgjigjen e pyetjes s\u00eb m\u00ebsip\u00ebrme pretendimet dhe qasjet e studenteve kan\u00eb qen\u00eb t\u00eb ndryshme por q\u00eb kryq\u00ebzoheshin dhe gjenin nja em\u00ebrues t\u00eb p\u00ebrbashk\u00ebt: k\u00ebshtu nuk vazhdohet m\u00ebtutje, ai regjim duhej rrezuar me \u00e7do \u00e7mim. E v\u00ebrtet\u00eb \u00ebsht\u00eb q\u00eb shumica jon\u00eb nuk e dinte se \u00e7do t\u00eb ndodhte m\u00eb pas.<\/p>\n<p><strong>Si u p\u00ebrzgjodh delegacioni q\u00eb shkoi p\u00ebr t\u00eb takuar Ramiz Alian?<\/strong><\/p>\n<p>\u00c7do fakultet zgjidhte p\u00ebrfaq\u00ebsuesit e vet, nga Instituti i Lart\u00eb Bujq\u00ebsor erdh\u00ebm p\u00ebr t&#8217;ju bashkuar d\u00ebrgat\u00ebs q\u00eb do t\u00eb shkonte tek Ramiz Alia pes\u00eb p\u00ebrfaq\u00ebsues dy pedagog dhe tre student\u00eb nj\u00ebri prej tyre isha edhe un\u00eb. Ne e zum\u00eb autobusin duke u nisur dhe numri ishte plot\u00ebsuar k\u00ebshtu q\u00eb thjesht\u00eb prit\u00ebm me ankth, entuziaz\u00ebm dhe frik\u00eb kthimin e tyre. P\u00ebrzgjedhja e p\u00ebrfaq\u00ebsuesve q\u00eb do takoheshin me diktatorin Alia p\u00ebr t\u00eb parashtruar k\u00ebrkesat e student\u00ebve ka sh\u00ebnuar edhe procesin e par\u00eb zgjedhor demokratik. Me von\u00eb ky proces shumic\u00ebn e rasteve ka rezultuar i kontestuesh\u00ebm me dhe pa baza reale<\/p>\n<p><img decoding=\"async\" class=\"aligncenter size-thumbnail wp-image-7236\" title=\"Dhjetor '90-t\u00eb\" alt=\"\" src=\"http:\/\/www.fjala.info\/2013\/grupimi_dhjetor_90.jpg\" width=\"500\" \/><\/p>\n<p><strong>\u00c7far\u00eb u diskutua pasi u d\u00ebgjua nga qendra e z\u00ebrit biseda e student\u00ebve dhe pedagog\u00ebve me Ramiz Alian? <\/strong><\/p>\n<p>Emocione dhe ovacione krejt\u00ebsisht t\u00eb panjohura p\u00ebr dy breza shqiptaresh, nj\u00eb \u00e7ilt\u00ebrsi e pamatshme, p\u00ebrqafime dhe lot g\u00ebzimi me njer\u00ebz q\u00eb si kishe par\u00eb kurr\u00eb. U vendos si\u00e7 ishte r\u00ebn\u00eb dakord q\u00eb t\u00eb rifillonte m\u00ebsimi, d\u00ebrgata e Instituti i Lart\u00eb Bujq\u00ebsor u nis ta kryente k\u00ebt\u00eb mision n\u00ebn nj\u00eb shi t\u00eb im\u00ebt por q\u00eb na lagu deri n\u00eb palc\u00eb.<\/p>\n<p><strong>Si precipitoi situata p\u00ebr t\u00eb krijuar p\u00ebr her\u00eb t\u00eb par\u00eb nj\u00eb parti politike, pas 45 vitesh moniz\u00ebm?<\/strong><\/p>\n<p><img decoding=\"async\" class=\"aligncenter size-thumbnail wp-image-7236\" title=\"Dhjetor '90-t\u00eb\" alt=\"\" src=\"http:\/\/www.fjala.info\/2013\/bislim_ahmetaj.jpg\" width=\"500\" \/><\/p>\n<p>Krejt natyrsh\u00ebm nj\u00eb pal\u00eb e kishte partin\u00eb ajo ishte Partia e Pun\u00ebs, pala tjet\u00ebr q\u00eb ishin student\u00ebt, intelektual\u00ebt, kryesisht pedagog\u00eb por edhe p\u00ebrfaq\u00ebsues t\u00eb institucioneve kulturore t\u00eb kryeqytetit si Kinostudio, Teatri Popullor, entet botuese t\u00eb koh\u00ebs pun\u00ebtoria dhe qytetar\u00ebt e Tiran\u00ebs do t\u00eb krijonin partin\u00eb e tyre, opozit\u00ebn e Partis\u00eb s\u00eb Pun\u00ebs. Pa mb\u00ebshtetjen kurajoze t\u00eb k\u00ebtyre grupeve q\u00eb p\u00ebrmenda, un\u00eb edhe sot pas 23 vjet\u00ebsh jam plot\u00ebsisht i bindur q\u00eb L\u00ebvizja Studentore do t\u00eb kishte pasur fatin e protestave t\u00eb studenteve kinez\u00eb n\u00eb Sheshin Ten Nian Men.<\/p>\n<p><strong>Si u prit nga student\u00ebt, marrja edrejtimit t\u00eb revolt\u00ebs prej njer\u00ebzve q\u00eb erdh\u00ebn nga jasht\u00eb radh\u00ebve t\u00eb tyre?<\/strong><\/p>\n<p>V\u00ebshtir\u00eb t\u00eb jem shterues n\u00eb p\u00ebrgjigjen e k\u00ebsaj pyetje. Student\u00ebt ishin nj\u00eb amalgam\u00eb interesash, prirjesh, stilesh jete t\u00eb sjella nga t\u00eb kat\u00ebr an\u00ebt e vendit, aso kohe por edhe sot e k\u00ebsaj dite \u00ebsht\u00eb e v\u00ebshtire t\u2019i tipizosh apo t\u2019i kanalizosh n\u00eb nj\u00eb stereotip brezin 18-25 vje\u00e7ar edhe brenda k\u00ebsaj moshe ka nj\u00eb larushi ndryshimesh t\u00eb pa fund aq m\u00eb tep\u00ebr n\u00eb at\u00eb koh\u00eb q\u00eb kushdo mund t\u00eb ishte \u201czot\u201d i mendimit t\u00eb vet. Un\u00eb personalisht kam qen\u00eb p\u00ebr nj\u00eb parti komb\u00ebtare si\u00e7 u b\u00eb realisht Partia Demokratike.<\/p>\n<p><img decoding=\"async\" class=\"aligncenter size-thumbnail wp-image-7236\" title=\"Dhjetor '90-t\u00eb\" alt=\"\" src=\"http:\/\/www.fjala.info\/2013\/besnik_jaku.jpg\" width=\"500\" \/><\/p>\n<p><strong>Azemi Hajdari<\/strong><\/p>\n<p>Azem Hajdari pati dhe rolin ky\u00e7 n\u00eb l\u00ebvizjen studentore. Duke kujtuar ato dit\u00eb t\u00eb tensionuara e plot emocion ku Azem Hajdari doli n\u00eb krye t\u00eb turm\u00ebs, Bislim Ahmetaj thot\u00eb se gjithsesi ai kishte rolin e nj\u00eb i liderit absolut. P\u00ebr m\u00eb tej ai e vler\u00ebson n\u00eb k\u00ebt\u00eb m\u00ebnyr\u00eb rolin e kreut t\u00eb L\u00ebvizjes Studentore: \u201cRoli i Azem Hajdarit n\u00eb L\u00ebvizjen Studentore ishte roli i liderit absolut, askush se vuri n\u00eb dyshim rolin e tij p\u00ebrgjat\u00eb atyre dit\u00ebve dhe muajve q\u00eb rridhnin me shpejt\u00ebsin\u00eb e rrufes\u00eb. Atij s\u2019ia dha kush at\u00eb rol e fitoji prej guximit, mosh\u00ebs, energjive, fjalimeve t\u00eb zjarrta, besimit q\u00eb ngjallnin fjal\u00ebt e tij t\u00eb thjeshta, por t\u00eb th\u00ebna me shpirt dhe kuraj\u00eb q\u00eb b\u00ebnte diferenc\u00eb me t\u00eb tjer\u00ebt. Kush e thot\u00eb ndryshe \u00ebsht\u00eb nihilist dhe figurativisht po e them me nj\u00eb fjal\u00eb zhargon \u00ebsht\u00eb edhe legen\u201d.<\/p>\n<p><strong>Mentaliteti i politikb\u00ebr\u00ebsve, bolshevik<\/strong><\/p>\n<p>\u201cTa b\u00ebjm\u00eb Shqip\u00ebrin\u00eb si gjith\u00eb Evropa\u201d ishte dhe parulla baz\u00eb e lajtmotivi kryesor i L\u00ebvizjes studentore., Por sa jan\u00eb arritur aspiratat e vitit 1990, 23 vite m\u00eb pas: \u201cDo t\u00eb isha nihilist\u00eb po t\u00eb mos pranoja q\u00eb Shqip\u00ebria ka p\u00ebsuar ndryshime dhe zhvillim epokal\u00eb p\u00ebrgjat\u00eb k\u00ebtyre 23 viteve, ve\u00e7se po kaq hipokrit\u00eb do tregohesha po t\u00eb mos pohoja q\u00eb ky zhvillim \u00ebsht\u00eb m\u00eb i paq\u00ebndrueshmi q\u00eb mund t\u00eb perceptohet nga mendja e nj\u00eb njeriu normal. N\u00eb m\u00ebnyr\u00ebn e tij \u00e7do shqiptar\u00eb jeton m\u00eb sh\u00ebndetsh\u00ebm dhe m\u00eb mir\u00eb se para viteve \u201890 edhe lypsit ushqehen m\u00eb sh\u00ebndetsh\u00ebm dhe vishen m\u00eb mir\u00eb se\u00e7 visheshin pun\u00ebtor\u00ebt apo edhe n\u00ebpun\u00ebsit n\u00eb koh\u00ebn e diktatur\u00ebs q\u00eb nd\u00ebrronin dy deri n\u00eb tri her\u00eb jakat e k\u00ebmish\u00ebve. \u201cLuli i voc\u00ebrr\u201d n\u00eb koh\u00ebn e diktatur\u00ebs shpesh her\u00eb ka qen\u00eb m\u00ebsuesi po aq sa nx\u00ebn\u00ebsi.<\/p>\n<p>Ajo q\u00eb \u00ebsht\u00eb d\u00ebshp\u00ebruese \u00ebsht\u00eb zhvillimi me pasoja t\u00eb pariparueshme p\u00ebr t\u00eb sotmen dhe t\u00eb ardhmen e brezave i infrastruktur\u00ebs s\u00eb demokracis\u00eb, dhunimi i vazhduesh\u00ebm i vot\u00ebs, mungesa e vullnetit politik p\u00ebr t\u00eb kontrolluar korrupsioninhumbja e shansit p\u00ebr tu ndar\u00eb me t\u00eb kaluar\u00ebn n\u00eb m\u00ebnyr\u00eb dinjitoze, p\u00ebrpjekjet e pand\u00ebrprera dhe mjerisht t\u00eb suksesshme p\u00ebr t\u00eb paraqitur funksionimin totalitar t\u00eb qeverisjes, si imperfeksion t\u00eb vet demokracis\u00eb. P\u00ebr fat t\u00eb keq thirrja q\u00eb doli nga shpirti i lir\u00eb i student\u00ebve dhe qytetar\u00ebve t\u00eb Tiran\u00ebs dhe m\u00eb pas u b\u00eb pron\u00eb e t\u00eb gjitha shesheve t\u00eb gjith\u00eb Shqip\u00ebris\u00eb; \u201cE duam Shqip\u00ebrin\u00eb si gjith\u00eb Evropa\u201d ka mbetur nj\u00eb jehon\u00eb, nj\u00eb mirazh, nj\u00eb utopi.<\/p>\n<p>Ajo thirrje burimore nga kauza e qytetar\u00ebve u pron\u00ebsua nga pronar\u00ebt e politik\u00ebs si premtim elektoral dhe me nj\u00eb dashakeq\u00ebsi t\u00eb pashoqe u shitet atyre si ofert\u00eb elektorale b\u00ebjuni me ne n\u00eb qoft\u00eb se doni t\u2019ju b\u00ebjm\u00eb vend kandidat. Mentaliteti i politikb\u00ebr\u00ebsve ka mbetur bolshevik, ata jan\u00eb m\u00eb af\u00ebr an\u00ebtar\u00ebsimit n\u00eb vendet e republikave t\u00eb ish Bashkimit Sovjetik se n\u00eb ato t\u00eb Bashkimit Europian. Qytetar\u00ebt e Shqip\u00ebris\u00eb nuk e meritojn\u00eb k\u00ebt\u00eb klas\u00eb politike q\u00eb her\u00eb e zgjedhin vet\u00eb e her\u00eb jua zgjedhin t\u00eb tjer\u00ebt, nj\u00eb klas\u00eb politike q\u00eb maskon e shuan vlerat, q\u00eb i jep shanse mediokritetit, q\u00eb zhb\u00ebn kompeticionin dhe krijon klane, fort t\u00eb ngjashme me organizatat mafioze\u201d, thot\u00eb p\u00ebr \u201cShekullin\u201d Bislim Ahmetaj.<\/p>\n<p><strong>Ndryshe nga Meta e Majko, n\u00eb PD dhjetorist\u00ebt u luftuan<\/strong><\/p>\n<p>Besnik Jakaj, protagonist i L\u00ebvizjes s\u00eb Dhjetorit, shprehet se element\u00ebt e spikatur t\u00eb protestave kund\u00ebr regjimit komunist q\u00eb u pozicionuan me PD-n\u00eb nuk kan\u00eb mundur q\u00eb t\u00eb b\u00ebjn\u00eb karrier\u00eb politike brenda partis\u00eb. N\u00eb nj\u00eb intervist\u00eb p\u00ebr \u2018Shekullin\u201d Jakaj thekson se ka pasur nj\u00eb p\u00ebrqendrim t\u00eb v\u00ebmendjes s\u00eb strukturave t\u00eb Partis\u00eb s\u00eb Pun\u00ebs, kryesisht, t\u00eb Sigurimit t\u00eb Shtetit dhe t\u00eb bashk\u00ebpun\u00ebtor\u00ebve t\u00eb tyre p\u00ebr t\u00eb menaxhuar dhe kontrolluar PD-n\u00eb dhe p\u00ebr t\u00eb mos lejuar element\u00eb t\u00eb spikatur t\u00eb dhjetorist\u00ebve t\u00eb vitit \u201990 p\u00ebr t\u00eb b\u00ebr\u00eb karrier\u00eb brenda k\u00ebsaj force politike.<\/p>\n<p><strong>Sot \u00ebsht\u00eb 8 dhjetori. Sa t\u00eb realizuara jan\u00eb aspiratat e atyre q\u00eb mor\u00ebn pjes\u00eb n\u00eb at\u00eb l\u00ebvizje p\u00ebr p\u00ebrmbysjen e regjimit komunist? <\/strong><\/p>\n<p>E par\u00eb pas 22 vitesh, l\u00ebvizja e viteve \u201890 ishte nj\u00eb l\u00ebvizje masive popullore, por q\u00eb kulmoi me protestat e student\u00ebve dhe me grev\u00ebn e tyre t\u00eb uris\u00eb me nj\u00eb aspirat\u00eb demokratike. Sigurisht pas kaq vitesh q\u00eb kan\u00eb kaluar, Shqip\u00ebria \u00ebsht\u00eb zhvilluar, ka zhvillime politike, ka pluraliz\u00ebm t\u00eb plot\u00eb, pavar\u00ebsisht ristrukturimeve dhe nd\u00ebrhyrjeve, qoft\u00eb t\u00eb ish-sigurimit t\u00eb shtetit t\u00eb asaj kohe q\u00eb ka menaxhuar dhe kontrolluar krijimin e partive politike. Kjo \u00ebsht\u00eb e verifikuar plot\u00ebsisht, por edhe element\u00eb t\u00eb ve\u00e7ant\u00eb nga dhjetorist\u00ebt e viteve \u201990, jan\u00eb penguar p\u00ebr t\u00eb mos i lejuar q\u00eb t\u00eb jen\u00eb n\u00eb nivelet e larta drejtuese t\u00eb PD-s\u00eb, pasi pritej q\u00eb PD do t\u00eb merrte pushtetin. Kjo ka qen\u00eb n\u00eb gjykimin tim nj\u00eb p\u00ebrqendrim i v\u00ebmendjes s\u00eb strukturave t\u00eb Partis\u00eb s\u00eb Pun\u00ebs dhe t\u00eb bashk\u00ebpun\u00ebtor\u00ebve t\u00eb tyre p\u00ebr t\u00eb menaxhuar dhe kontrolluar PD-n\u00eb dhe p\u00ebr t\u00eb mos lejuar element\u00eb t\u00eb spikatur t\u00eb dhjetorist\u00ebvet\u00eb vitit \u201990 t\u00eb dilnin n\u00eb krye. P\u00ebr mua ka qen\u00eb e bazuar te frika e tyre p\u00ebr k\u00ebta njer\u00ebz t\u00eb past\u00ebr, pa lidhje me komunizmin apo me sigurimin dhe me nj\u00eb frym\u00ebzim t\u00eb jasht\u00ebzakonsh\u00ebm p\u00ebr hakmarrje ndaj masakrave t\u00eb komunizmit.<\/p>\n<p><strong>Ju that\u00eb se shpesh her\u00eb elitat e reja jan\u00eb bllokuar sidomos te PD-ja. Mendon se kjo nd\u00ebrhyrje lidhet dhe me vet\u00eb z. Berisha?<\/strong><\/p>\n<p>Un\u00eb n\u00eb vitin \u201990 kam qen\u00eb gjimnazist aktiv n\u00eb l\u00ebvizjen demokratike. Sigurisht me pesh\u00ebn time dhe me mb\u00ebshtetjen e t\u00eb rinjve q\u00eb kishin t\u00eb nj\u00ebjta \u00ebndrra. Un\u00eb kam qen\u00eb pjes\u00eb e PD dhe e l\u00ebvizjeve politike n\u00eb Shqip\u00ebri. P\u00ebr shkak t\u00eb k\u00ebsaj kam njohje personale me shumic\u00ebn estudent\u00ebve dhe t\u00eb gjimnazist\u00ebve aktiv\u00eb t\u00eb dhjetorit \u201990. N\u00eb nj\u00eb k\u00ebndv\u00ebshtrim t\u00eb shkurt\u00ebr, rezulton q\u00eb e gjith\u00eb kjo q\u00eb thash\u00eb m\u00eb lart l\u00ebvizja e vitit \u201890, nuk ishte l\u00ebvizje e past\u00ebr politike, por l\u00ebvizje popullore p\u00ebr ndryshimin pushtetit. Un\u00eb kam v\u00ebrejtur se element\u00eb t\u00eb spikatur t\u00eb saj greve, n\u00eb t\u00eb cil\u00ebn kishte nga t\u00eb gjitha ngjyrimet politike, t\u00eb gjith\u00eb ata q\u00eb u pozicionuan n\u00eb PD nuk pat\u00ebn nj\u00eb karrier\u00eb dhe nj\u00eb fat t\u00eb mir\u00eb.<\/p>\n<p>Element\u00eb t\u00eb spikatur, ku mund t\u00eb p\u00ebrmend tre t\u00eb till\u00eb, Azem Hajdarin, Arben Brocin dhe Arben Lik\u00ebn, dy prej tyre kan\u00eb vdekur dhe i treti nuk mori pjes\u00eb kurr\u00eb n\u00eb m\u00ebnyr\u00eb aktive n\u00eb politik\u00eb. Paraleliz\u00ebm t\u00eb saj mund t\u00eb b\u00ebhet me Ilir Met\u00ebn dhe me Pandeli Majkon q\u00eb ishin pjes\u00eb aktive e komisionit t\u00eb grev\u00ebs s\u00eb uris\u00eb q\u00eb u pozicionuan n\u00eb kampin e majt\u00eb. N\u00eb fakt kan\u00eb b\u00ebr\u00eb nj\u00eb karrier\u00eb t\u00eb mir\u00eb dhe g\u00ebzojn\u00eb nj\u00eb reputacion t\u00eb mir\u00eb. Kjo t\u00eb \u00e7on t\u00eb dyshosh se ka pasur strukturime t\u00eb segmenteve t\u00eb inkriminuara t\u00eb sigurimit q\u00eb kan\u00eb pasur nj\u00eb fokus t\u00eb madh tek PD-ja p\u00ebr ta kontrolluar, sepse do t\u00eb ishte forca e pritshme p\u00ebr t\u00eb ardhur n\u00eb pushtet dhe do t\u00eb merrte revanshin. P\u00ebr fatin e mir\u00eb t\u00eb Met\u00ebs, t\u00eb Majkos dhe shum\u00eb t\u00eb tjer\u00ebve, ku nj\u00eb prej tyre \u00ebsht\u00eb edhe Edi Rama q\u00eb pozicionin e par\u00eb e ka tek e djathta. Nuk i gjeti dyert hapur dhe sot \u00ebsht\u00eb kryeministri i Shqip\u00ebris\u00eb. Pra k\u00ebta element\u00eb jan\u00eb m\u00eb t\u00eb p\u00ebrfaq\u00ebsuar tek e majta se tek e djathta.<\/p>\n<p><strong>Ka pasur akuza p\u00ebr l\u00ebnie stafete nga Berisha tek Basha?<\/strong><\/p>\n<p>Partit\u00eb politike n\u00eb Shqip\u00ebri kan\u00eb vuajtur n\u00eb m\u00ebnyr\u00eb ekstreme nga mungesa e demokracis\u00eb s\u00eb brendshme. N\u00eb fakt mua m\u00eb rezulton se n\u00eb PD m\u00eb mir\u00eb se n\u00eb t\u00eb gjith\u00eb partit\u00eb e tjera, asnj\u00ebher\u00eb nuk \u00ebsht\u00eb b\u00ebr\u00eb gar\u00eb reale n\u00eb k\u00ebt\u00eb parti p\u00ebr hir t\u00eb s\u00eb v\u00ebrtet\u00ebs. Un\u00eb kam qen\u00eb m\u00eb shum\u00eb se nj\u00ebher\u00eb pjes\u00eb e garave n\u00eb PD p\u00ebr pozicione t\u00eb ndryshme. Gara e fundit mes z. Basha dhe z. Olldashi e lan\u00e7oi publikisht edhe p\u00ebr shkak t\u00eb medias, ku u v\u00ebrtetua q\u00eb nuk ka gar\u00eb reale n\u00eb PD.<\/p>\n<p><strong>Si e shihni munges\u00ebn e nj\u00eb vendimi p\u00ebr hapjen e dosjeve t\u00eb regjimit komunist?<\/strong><\/p>\n<p>E gjith\u00eb kjo q\u00eb thash\u00eb m\u00eb lart, \u00ebsht\u00eb p\u00ebr nj\u00eb periudh\u00eb shum\u00eb t\u00eb gjat\u00eb q\u00eb u kontrollua dhe nga sigurimi dhe ish-bashk\u00ebpun\u00ebtor\u00ebt e sigurimit. Kjo v\u00ebrtetohet edhe nga mungesa e ligjit t\u00eb lustracionit dhe t\u00eb hapjes s\u00eb dosjeve n\u00eb Shqip\u00ebri.<\/p>\n<p><strong>Rama takon sot ish-student\u00ebt e dhjetorit \u201890<\/strong><\/p>\n<p>Kryeministri Edi Rama do t\u00eb jet\u00eb sot pjes\u00eb e takimit jubilar me rastin e 23-vjetorit t\u00eb ndryshimit t\u00eb sistemit n\u00eb Shqip\u00ebri t\u00eb organizuar nga L\u00ebvizja Studentore Shqiptare \u201890-\u201991. N\u00eb k\u00ebt\u00eb aktivitet do t\u00eb jen\u00eb t\u00eb pranish\u00ebm dhe protagonist\u00ebt kryesor\u00eb t\u00eb L\u00ebvizjes s\u00eb Dhjetorit. Burime nga kryeministria sakt\u00ebsojn\u00eb pranin\u00eb e kreut t\u00eb Qeveris\u00eb n\u00eb takimin q\u00eb zhvillohet sot ne or\u00ebn 11:30. E nd\u00ebrsa takimi i dhjetorist\u00ebve do t\u00eb organizohet n\u00eb nj\u00eb sall\u00eb t\u00eb mbyllur, demokrat\u00ebt kan\u00eb zgjedhur t\u00eb festojn\u00eb 8 dhjetorin n\u00eb pallatin e sportit \u201cAsllan Rusi\u201d ku tashm\u00eb \u00ebsht\u00eb b\u00ebra gati dhe skena. Kryeministri Rama do t\u00eb vijoj\u00eb m\u00eb tej bashk\u00ebbisedimin me qytetar\u00ebt, jo vet\u00ebm p\u00ebr k\u00ebt\u00eb tem\u00eb, por dhe p\u00ebr \u00e7do shqet\u00ebsim tjet\u00ebr, n\u00eb nj\u00eb konferenc\u00eb p\u00ebr shtyp n\u00eb twitter n\u00eb or\u00ebn 17:30.<\/p>\n","protected":false},"excerpt":{"rendered":"<p>Flasin protagonist\u00ebt\/ Besnik Jakaj: Ndryshe nga Meta e Majko, n\u00eb PD dhjetorist\u00ebt u luftuan Leonard Veizi, Shekulli &#8211; 08.12.2013 Shqip\u00ebria ishte fort e izoluar p\u00ebr t\u00eb kuptuar n\u00eb koh\u00eb reale se \u00e7far\u00eb po ndodhte ne pjes\u00ebn tjet\u00ebr t\u00eb bot\u00ebs, e p\u00ebr m\u00eb tep\u00ebr n\u00eb Evrop\u00ebn Lindore ku regjimet komuniste t\u00eb instaluara m\u00eb s\u00eb shumti pas [&hellip;]<\/p>\n","protected":false},"author":1,"featured_media":0,"comment_status":"open","ping_status":"closed","sticky":false,"template":"","format":"standard","meta":{"footnotes":""},"categories":[2],"tags":[],"class_list":{"0":"post-13275","1":"post","2":"type-post","3":"status-publish","4":"format-standard","6":"category-artikuj"},"yoast_head":"<!-- This site is optimized with the Yoast SEO plugin v27.4 - https:\/\/yoast.com\/product\/yoast-seo-wordpress\/ -->\n<title>Ish-student\u00ebt e dhjetorit ftojn\u00eb Ram\u00ebn, sot bashk\u00ebbisedimi - FjALA e LIR\u00cb - Arkivi<\/title>\n<meta name=\"robots\" content=\"index, follow, max-snippet:-1, max-image-preview:large, max-video-preview:-1\" \/>\n<link rel=\"canonical\" href=\"https:\/\/fjala.info\/2009-2015\/ish-studentet-e-dhjetorit-ftojne-ramen-sot-bashkebisedimi\/\" \/>\n<meta property=\"og:locale\" content=\"sq_AL\" \/>\n<meta property=\"og:type\" content=\"article\" \/>\n<meta property=\"og:title\" content=\"Ish-student\u00ebt e dhjetorit ftojn\u00eb Ram\u00ebn, sot bashk\u00ebbisedimi - FjALA e LIR\u00cb - Arkivi\" \/>\n<meta property=\"og:description\" content=\"Flasin protagonist\u00ebt\/ Besnik Jakaj: Ndryshe nga Meta e Majko, n\u00eb PD dhjetorist\u00ebt u luftuan Leonard Veizi, Shekulli &#8211; 08.12.2013 Shqip\u00ebria ishte fort e izoluar p\u00ebr t\u00eb kuptuar n\u00eb koh\u00eb reale se \u00e7far\u00eb po ndodhte ne pjes\u00ebn tjet\u00ebr t\u00eb bot\u00ebs, e p\u00ebr m\u00eb tep\u00ebr n\u00eb Evrop\u00ebn Lindore ku regjimet komuniste t\u00eb instaluara m\u00eb s\u00eb shumti pas [&hellip;]\" \/>\n<meta property=\"og:url\" content=\"https:\/\/fjala.info\/2009-2015\/ish-studentet-e-dhjetorit-ftojne-ramen-sot-bashkebisedimi\/\" \/>\n<meta property=\"og:site_name\" content=\"FjALA e LIR\u00cb - Arkivi\" \/>\n<meta property=\"article:published_time\" content=\"2013-12-08T11:08:10+00:00\" \/>\n<meta property=\"og:image\" content=\"http:\/\/www.fjala.info\/2013\/dhjetor_90_1.jpg\" \/>\n<meta name=\"author\" content=\"admin\" \/>\n<meta name=\"twitter:card\" content=\"summary_large_image\" \/>\n<meta name=\"twitter:label1\" content=\"Written by\" \/>\n\t<meta name=\"twitter:data1\" content=\"admin\" \/>\n\t<meta name=\"twitter:label2\" content=\"Est. reading time\" \/>\n\t<meta name=\"twitter:data2\" content=\"15 minutes\" \/>\n<script type=\"application\/ld+json\" class=\"yoast-schema-graph\">{\"@context\":\"https:\\\/\\\/schema.org\",\"@graph\":[{\"@type\":\"Article\",\"@id\":\"https:\\\/\\\/fjala.info\\\/2009-2015\\\/ish-studentet-e-dhjetorit-ftojne-ramen-sot-bashkebisedimi\\\/#article\",\"isPartOf\":{\"@id\":\"https:\\\/\\\/fjala.info\\\/2009-2015\\\/ish-studentet-e-dhjetorit-ftojne-ramen-sot-bashkebisedimi\\\/\"},\"author\":{\"name\":\"admin\",\"@id\":\"https:\\\/\\\/fjala.info\\\/2009-2015\\\/#\\\/schema\\\/person\\\/3aa1163ef05469c496fc94e77611ada2\"},\"headline\":\"Ish-student\u00ebt e dhjetorit ftojn\u00eb Ram\u00ebn, sot bashk\u00ebbisedimi\",\"datePublished\":\"2013-12-08T11:08:10+00:00\",\"mainEntityOfPage\":{\"@id\":\"https:\\\/\\\/fjala.info\\\/2009-2015\\\/ish-studentet-e-dhjetorit-ftojne-ramen-sot-bashkebisedimi\\\/\"},\"wordCount\":3010,\"commentCount\":0,\"publisher\":{\"@id\":\"https:\\\/\\\/fjala.info\\\/2009-2015\\\/#organization\"},\"image\":{\"@id\":\"https:\\\/\\\/fjala.info\\\/2009-2015\\\/ish-studentet-e-dhjetorit-ftojne-ramen-sot-bashkebisedimi\\\/#primaryimage\"},\"thumbnailUrl\":\"http:\\\/\\\/www.fjala.info\\\/2013\\\/dhjetor_90_1.jpg\",\"articleSection\":[\"Artikuj\"],\"inLanguage\":\"sq-AL\",\"potentialAction\":[{\"@type\":\"CommentAction\",\"name\":\"Comment\",\"target\":[\"https:\\\/\\\/fjala.info\\\/2009-2015\\\/ish-studentet-e-dhjetorit-ftojne-ramen-sot-bashkebisedimi\\\/#respond\"]}]},{\"@type\":\"WebPage\",\"@id\":\"https:\\\/\\\/fjala.info\\\/2009-2015\\\/ish-studentet-e-dhjetorit-ftojne-ramen-sot-bashkebisedimi\\\/\",\"url\":\"https:\\\/\\\/fjala.info\\\/2009-2015\\\/ish-studentet-e-dhjetorit-ftojne-ramen-sot-bashkebisedimi\\\/\",\"name\":\"Ish-student\u00ebt e dhjetorit ftojn\u00eb Ram\u00ebn, sot bashk\u00ebbisedimi - FjALA e LIR\u00cb - Arkivi\",\"isPartOf\":{\"@id\":\"https:\\\/\\\/fjala.info\\\/2009-2015\\\/#website\"},\"primaryImageOfPage\":{\"@id\":\"https:\\\/\\\/fjala.info\\\/2009-2015\\\/ish-studentet-e-dhjetorit-ftojne-ramen-sot-bashkebisedimi\\\/#primaryimage\"},\"image\":{\"@id\":\"https:\\\/\\\/fjala.info\\\/2009-2015\\\/ish-studentet-e-dhjetorit-ftojne-ramen-sot-bashkebisedimi\\\/#primaryimage\"},\"thumbnailUrl\":\"http:\\\/\\\/www.fjala.info\\\/2013\\\/dhjetor_90_1.jpg\",\"datePublished\":\"2013-12-08T11:08:10+00:00\",\"breadcrumb\":{\"@id\":\"https:\\\/\\\/fjala.info\\\/2009-2015\\\/ish-studentet-e-dhjetorit-ftojne-ramen-sot-bashkebisedimi\\\/#breadcrumb\"},\"inLanguage\":\"sq-AL\",\"potentialAction\":[{\"@type\":\"ReadAction\",\"target\":[\"https:\\\/\\\/fjala.info\\\/2009-2015\\\/ish-studentet-e-dhjetorit-ftojne-ramen-sot-bashkebisedimi\\\/\"]}]},{\"@type\":\"ImageObject\",\"inLanguage\":\"sq-AL\",\"@id\":\"https:\\\/\\\/fjala.info\\\/2009-2015\\\/ish-studentet-e-dhjetorit-ftojne-ramen-sot-bashkebisedimi\\\/#primaryimage\",\"url\":\"http:\\\/\\\/www.fjala.info\\\/2013\\\/dhjetor_90_1.jpg\",\"contentUrl\":\"http:\\\/\\\/www.fjala.info\\\/2013\\\/dhjetor_90_1.jpg\"},{\"@type\":\"BreadcrumbList\",\"@id\":\"https:\\\/\\\/fjala.info\\\/2009-2015\\\/ish-studentet-e-dhjetorit-ftojne-ramen-sot-bashkebisedimi\\\/#breadcrumb\",\"itemListElement\":[{\"@type\":\"ListItem\",\"position\":1,\"name\":\"Home\",\"item\":\"https:\\\/\\\/fjala.info\\\/2009-2015\\\/\"},{\"@type\":\"ListItem\",\"position\":2,\"name\":\"Ish-student\u00ebt e dhjetorit ftojn\u00eb Ram\u00ebn, sot bashk\u00ebbisedimi\"}]},{\"@type\":\"WebSite\",\"@id\":\"https:\\\/\\\/fjala.info\\\/2009-2015\\\/#website\",\"url\":\"https:\\\/\\\/fjala.info\\\/2009-2015\\\/\",\"name\":\"FjALA e LIR\u00cb - Arkivi\",\"description\":\"Arkivi 2009-2015\",\"publisher\":{\"@id\":\"https:\\\/\\\/fjala.info\\\/2009-2015\\\/#organization\"},\"potentialAction\":[{\"@type\":\"SearchAction\",\"target\":{\"@type\":\"EntryPoint\",\"urlTemplate\":\"https:\\\/\\\/fjala.info\\\/2009-2015\\\/?s={search_term_string}\"},\"query-input\":{\"@type\":\"PropertyValueSpecification\",\"valueRequired\":true,\"valueName\":\"search_term_string\"}}],\"inLanguage\":\"sq-AL\"},{\"@type\":\"Organization\",\"@id\":\"https:\\\/\\\/fjala.info\\\/2009-2015\\\/#organization\",\"name\":\"FjALA e LIR\u00cb - Arkivi\",\"url\":\"https:\\\/\\\/fjala.info\\\/2009-2015\\\/\",\"logo\":{\"@type\":\"ImageObject\",\"inLanguage\":\"sq-AL\",\"@id\":\"https:\\\/\\\/fjala.info\\\/2009-2015\\\/#\\\/schema\\\/logo\\\/image\\\/\",\"url\":\"\",\"contentUrl\":\"\",\"caption\":\"FjALA e LIR\u00cb - Arkivi\"},\"image\":{\"@id\":\"https:\\\/\\\/fjala.info\\\/2009-2015\\\/#\\\/schema\\\/logo\\\/image\\\/\"}},{\"@type\":\"Person\",\"@id\":\"https:\\\/\\\/fjala.info\\\/2009-2015\\\/#\\\/schema\\\/person\\\/3aa1163ef05469c496fc94e77611ada2\",\"name\":\"admin\",\"image\":{\"@type\":\"ImageObject\",\"inLanguage\":\"sq-AL\",\"@id\":\"https:\\\/\\\/fjala.info\\\/2009-2015\\\/wp-content\\\/uploads\\\/2012\\\/02\\\/arben_cokaj-120x150.jpg\",\"url\":\"https:\\\/\\\/fjala.info\\\/2009-2015\\\/wp-content\\\/uploads\\\/2012\\\/02\\\/arben_cokaj-120x150.jpg\",\"contentUrl\":\"https:\\\/\\\/fjala.info\\\/2009-2015\\\/wp-content\\\/uploads\\\/2012\\\/02\\\/arben_cokaj-120x150.jpg\",\"caption\":\"admin\"},\"description\":\"Admin, Fjala e Lir\u00eb\",\"sameAs\":[\"https:\\\/\\\/fjala.info\\\/\"],\"url\":\"https:\\\/\\\/fjala.info\\\/2009-2015\\\/author\\\/admin\\\/\"}]}<\/script>\n<!-- \/ Yoast SEO plugin. -->","yoast_head_json":{"title":"Ish-student\u00ebt e dhjetorit ftojn\u00eb Ram\u00ebn, sot bashk\u00ebbisedimi - FjALA e LIR\u00cb - Arkivi","robots":{"index":"index","follow":"follow","max-snippet":"max-snippet:-1","max-image-preview":"max-image-preview:large","max-video-preview":"max-video-preview:-1"},"canonical":"https:\/\/fjala.info\/2009-2015\/ish-studentet-e-dhjetorit-ftojne-ramen-sot-bashkebisedimi\/","og_locale":"sq_AL","og_type":"article","og_title":"Ish-student\u00ebt e dhjetorit ftojn\u00eb Ram\u00ebn, sot bashk\u00ebbisedimi - FjALA e LIR\u00cb - Arkivi","og_description":"Flasin protagonist\u00ebt\/ Besnik Jakaj: Ndryshe nga Meta e Majko, n\u00eb PD dhjetorist\u00ebt u luftuan Leonard Veizi, Shekulli &#8211; 08.12.2013 Shqip\u00ebria ishte fort e izoluar p\u00ebr t\u00eb kuptuar n\u00eb koh\u00eb reale se \u00e7far\u00eb po ndodhte ne pjes\u00ebn tjet\u00ebr t\u00eb bot\u00ebs, e p\u00ebr m\u00eb tep\u00ebr n\u00eb Evrop\u00ebn Lindore ku regjimet komuniste t\u00eb instaluara m\u00eb s\u00eb shumti pas [&hellip;]","og_url":"https:\/\/fjala.info\/2009-2015\/ish-studentet-e-dhjetorit-ftojne-ramen-sot-bashkebisedimi\/","og_site_name":"FjALA e LIR\u00cb - Arkivi","article_published_time":"2013-12-08T11:08:10+00:00","og_image":[{"url":"http:\/\/www.fjala.info\/2013\/dhjetor_90_1.jpg","type":"","width":"","height":""}],"author":"admin","twitter_card":"summary_large_image","twitter_misc":{"Written by":"admin","Est. reading time":"15 minutes"},"schema":{"@context":"https:\/\/schema.org","@graph":[{"@type":"Article","@id":"https:\/\/fjala.info\/2009-2015\/ish-studentet-e-dhjetorit-ftojne-ramen-sot-bashkebisedimi\/#article","isPartOf":{"@id":"https:\/\/fjala.info\/2009-2015\/ish-studentet-e-dhjetorit-ftojne-ramen-sot-bashkebisedimi\/"},"author":{"name":"admin","@id":"https:\/\/fjala.info\/2009-2015\/#\/schema\/person\/3aa1163ef05469c496fc94e77611ada2"},"headline":"Ish-student\u00ebt e dhjetorit ftojn\u00eb Ram\u00ebn, sot bashk\u00ebbisedimi","datePublished":"2013-12-08T11:08:10+00:00","mainEntityOfPage":{"@id":"https:\/\/fjala.info\/2009-2015\/ish-studentet-e-dhjetorit-ftojne-ramen-sot-bashkebisedimi\/"},"wordCount":3010,"commentCount":0,"publisher":{"@id":"https:\/\/fjala.info\/2009-2015\/#organization"},"image":{"@id":"https:\/\/fjala.info\/2009-2015\/ish-studentet-e-dhjetorit-ftojne-ramen-sot-bashkebisedimi\/#primaryimage"},"thumbnailUrl":"http:\/\/www.fjala.info\/2013\/dhjetor_90_1.jpg","articleSection":["Artikuj"],"inLanguage":"sq-AL","potentialAction":[{"@type":"CommentAction","name":"Comment","target":["https:\/\/fjala.info\/2009-2015\/ish-studentet-e-dhjetorit-ftojne-ramen-sot-bashkebisedimi\/#respond"]}]},{"@type":"WebPage","@id":"https:\/\/fjala.info\/2009-2015\/ish-studentet-e-dhjetorit-ftojne-ramen-sot-bashkebisedimi\/","url":"https:\/\/fjala.info\/2009-2015\/ish-studentet-e-dhjetorit-ftojne-ramen-sot-bashkebisedimi\/","name":"Ish-student\u00ebt e dhjetorit ftojn\u00eb Ram\u00ebn, sot bashk\u00ebbisedimi - FjALA e LIR\u00cb - Arkivi","isPartOf":{"@id":"https:\/\/fjala.info\/2009-2015\/#website"},"primaryImageOfPage":{"@id":"https:\/\/fjala.info\/2009-2015\/ish-studentet-e-dhjetorit-ftojne-ramen-sot-bashkebisedimi\/#primaryimage"},"image":{"@id":"https:\/\/fjala.info\/2009-2015\/ish-studentet-e-dhjetorit-ftojne-ramen-sot-bashkebisedimi\/#primaryimage"},"thumbnailUrl":"http:\/\/www.fjala.info\/2013\/dhjetor_90_1.jpg","datePublished":"2013-12-08T11:08:10+00:00","breadcrumb":{"@id":"https:\/\/fjala.info\/2009-2015\/ish-studentet-e-dhjetorit-ftojne-ramen-sot-bashkebisedimi\/#breadcrumb"},"inLanguage":"sq-AL","potentialAction":[{"@type":"ReadAction","target":["https:\/\/fjala.info\/2009-2015\/ish-studentet-e-dhjetorit-ftojne-ramen-sot-bashkebisedimi\/"]}]},{"@type":"ImageObject","inLanguage":"sq-AL","@id":"https:\/\/fjala.info\/2009-2015\/ish-studentet-e-dhjetorit-ftojne-ramen-sot-bashkebisedimi\/#primaryimage","url":"http:\/\/www.fjala.info\/2013\/dhjetor_90_1.jpg","contentUrl":"http:\/\/www.fjala.info\/2013\/dhjetor_90_1.jpg"},{"@type":"BreadcrumbList","@id":"https:\/\/fjala.info\/2009-2015\/ish-studentet-e-dhjetorit-ftojne-ramen-sot-bashkebisedimi\/#breadcrumb","itemListElement":[{"@type":"ListItem","position":1,"name":"Home","item":"https:\/\/fjala.info\/2009-2015\/"},{"@type":"ListItem","position":2,"name":"Ish-student\u00ebt e dhjetorit ftojn\u00eb Ram\u00ebn, sot bashk\u00ebbisedimi"}]},{"@type":"WebSite","@id":"https:\/\/fjala.info\/2009-2015\/#website","url":"https:\/\/fjala.info\/2009-2015\/","name":"FjALA e LIR\u00cb - Arkivi","description":"Arkivi 2009-2015","publisher":{"@id":"https:\/\/fjala.info\/2009-2015\/#organization"},"potentialAction":[{"@type":"SearchAction","target":{"@type":"EntryPoint","urlTemplate":"https:\/\/fjala.info\/2009-2015\/?s={search_term_string}"},"query-input":{"@type":"PropertyValueSpecification","valueRequired":true,"valueName":"search_term_string"}}],"inLanguage":"sq-AL"},{"@type":"Organization","@id":"https:\/\/fjala.info\/2009-2015\/#organization","name":"FjALA e LIR\u00cb - Arkivi","url":"https:\/\/fjala.info\/2009-2015\/","logo":{"@type":"ImageObject","inLanguage":"sq-AL","@id":"https:\/\/fjala.info\/2009-2015\/#\/schema\/logo\/image\/","url":"","contentUrl":"","caption":"FjALA e LIR\u00cb - Arkivi"},"image":{"@id":"https:\/\/fjala.info\/2009-2015\/#\/schema\/logo\/image\/"}},{"@type":"Person","@id":"https:\/\/fjala.info\/2009-2015\/#\/schema\/person\/3aa1163ef05469c496fc94e77611ada2","name":"admin","image":{"@type":"ImageObject","inLanguage":"sq-AL","@id":"https:\/\/fjala.info\/2009-2015\/wp-content\/uploads\/2012\/02\/arben_cokaj-120x150.jpg","url":"https:\/\/fjala.info\/2009-2015\/wp-content\/uploads\/2012\/02\/arben_cokaj-120x150.jpg","contentUrl":"https:\/\/fjala.info\/2009-2015\/wp-content\/uploads\/2012\/02\/arben_cokaj-120x150.jpg","caption":"admin"},"description":"Admin, Fjala e Lir\u00eb","sameAs":["https:\/\/fjala.info\/"],"url":"https:\/\/fjala.info\/2009-2015\/author\/admin\/"}]}},"_links":{"self":[{"href":"https:\/\/fjala.info\/2009-2015\/wp-json\/wp\/v2\/posts\/13275","targetHints":{"allow":["GET"]}}],"collection":[{"href":"https:\/\/fjala.info\/2009-2015\/wp-json\/wp\/v2\/posts"}],"about":[{"href":"https:\/\/fjala.info\/2009-2015\/wp-json\/wp\/v2\/types\/post"}],"author":[{"embeddable":true,"href":"https:\/\/fjala.info\/2009-2015\/wp-json\/wp\/v2\/users\/1"}],"replies":[{"embeddable":true,"href":"https:\/\/fjala.info\/2009-2015\/wp-json\/wp\/v2\/comments?post=13275"}],"version-history":[{"count":0,"href":"https:\/\/fjala.info\/2009-2015\/wp-json\/wp\/v2\/posts\/13275\/revisions"}],"wp:attachment":[{"href":"https:\/\/fjala.info\/2009-2015\/wp-json\/wp\/v2\/media?parent=13275"}],"wp:term":[{"taxonomy":"category","embeddable":true,"href":"https:\/\/fjala.info\/2009-2015\/wp-json\/wp\/v2\/categories?post=13275"},{"taxonomy":"post_tag","embeddable":true,"href":"https:\/\/fjala.info\/2009-2015\/wp-json\/wp\/v2\/tags?post=13275"}],"curies":[{"name":"wp","href":"https:\/\/api.w.org\/{rel}","templated":true}]}}