{"id":13272,"date":"2013-12-07T08:36:34","date_gmt":"2013-12-07T07:36:34","guid":{"rendered":"http:\/\/fjala.info\/?p=5276"},"modified":"2013-12-07T08:36:34","modified_gmt":"2013-12-07T07:36:34","slug":"i-kemi-vrare-te-gjithe-nga-pak","status":"publish","type":"post","link":"https:\/\/fjala.info\/2009-2015\/i-kemi-vrare-te-gjithe-nga-pak\/","title":{"rendered":"I kemi vrar\u00eb t\u00eb gjith\u00eb nga pak"},"content":{"rendered":"<p><img decoding=\"async\" class=\"alignright size-thumbnail wp-image-7236\" title=\"Sajmir Tahiri\" alt=\"\" src=\"http:\/\/www.fjala.info\/2013\/sajmir_tahiri.jpg\" width=\"150\" \/> <em><strong>Analiza<\/strong><\/em> NGA <strong>SAIMIR TAHIRI<\/strong>, <em>05 Dhjetor 2013<\/em><\/p>\n<p>Dita e djeshme besoj ishte nj\u00eb dit\u00eb e trisht\u00eb p\u00ebr t\u00eb gjith\u00eb ne, por me shume akoma p\u00ebr shoq\u00ebrin\u00eb n\u00eb t\u00ebr\u00ebsi. Vrasja e nj\u00eb adoleshenti nga nj\u00eb bashk\u00ebmoshatar i tij, na nxorri para syve nj\u00eb f\u00ebmij\u00eb t\u00eb vrar\u00eb dhe nj\u00eb nj\u00eb tjet\u00ebr q\u00eb iu dor\u00ebzua krimit, tamam nga vendi ku duhet t\u00eb dilnin t\u00eb dy bashk\u00eb t\u00eb shkolluar p\u00ebr t\u2019u b\u00ebr\u00eb qytetar\u00eb t\u00eb mir\u00eb t\u00eb k\u00ebtij vendi.<\/p>\n<p>Por akoma m\u00eb t\u00eb trisht\u00eb e b\u00ebn dit\u00ebn ca korba q\u00eb duan t\u00eb b\u00ebhen p\u00ebllumba duke u rritur mbi fatkeq\u00ebsi t\u00eb tilla. E them jo pa keqardhje, se reagimi i ca deputet\u00ebve t\u00eb opozit\u00ebs por edhe vet\u00eb z\u00ebdh\u00ebn\u00ebsit t\u00eb PD-s\u00eb, t\u00eb z.Basha, ishte shum\u00eb larg t\u00eb qenit serioze p\u00ebr nj\u00eb parti, e aspak humane qoft\u00eb dhe p\u00ebr nj\u00eb grupim kaotik njer\u00ebzish.<\/p>\n<p>P\u00ebr hir t\u00eb s\u00eb v\u00ebrtet\u00ebs kryetari juaj jokryetar, edhe dje, por edhe sot k\u00ebtu \u2013 dje nj\u00eb or\u00eb e gjysm\u00eb konferenc\u00eb p\u00ebr shtyp, sot nja 40 minuta, as e mori mundimin ta zinte n\u00eb goj\u00eb ngjarjen por b\u00ebri xhiron e vet dhe tollovin\u00eb e zakonshme para kamerave, dhe p\u00ebr hir t\u00eb s\u00eb v\u00ebrtet\u00ebs u tregua m\u00eb i ndersh\u00ebm se ca t\u00eb tjer\u00eb nga ju q\u00eb u v\u00ebrsul\u00ebt si karkaleca mishngr\u00ebn\u00ebs p\u00ebr t\u00eb b\u00ebrtitur m\u00eb shum\u00eb sesa vet\u00eb dhimbja e familjar\u00ebve.<\/p>\n<p>Policia e Shtetit mori njoftim p\u00ebr ngjarjen e djeshme dhe brenda 8 or\u00ebve b\u00ebri t\u00eb mundur kapjen e autorit duke p\u00ebrmbushur detyr\u00ebn n\u00eb m\u00ebnyr\u00eb t\u00eb shk\u00eblqyer, si\u00e7 besoj un\u00eb e ka b\u00ebr\u00eb detyr\u00ebn gjat\u00eb k\u00ebtyre dy muajve. Dhe kjo \u00ebsht\u00eb e dallueshme nga t\u00eb gjith\u00eb me sy t\u00eb lir\u00eb, p\u00ebrve\u00e7 syve t\u00eb err\u00ebsuar t\u00eb gjith\u00eb atyre q\u00eb l\u00ebpijn\u00eb sot z\u00ebdh\u00ebn\u00ebsin se duan m\u00eb shum\u00eb kryetarin jokryetar, sesa jet\u00ebn, paqen, rendin dhe shtetit ligjor.<\/p>\n<p>Por kjo nuk mund t\u00eb mjaftoj\u00eb. Dhe k\u00ebt\u00eb e them un\u00eb i pari p\u00ebrpara sesa t\u00eb b\u00ebrtisni ju p\u00ebr t\u00eb kapur ndonj\u00eb foltore. Puna e Policis\u00eb p\u00ebr t\u00eb kapur n\u00eb koh\u00eb rekord autorin edhe mund t\u00eb mos mjaftoj\u00eb, p\u00ebr t\u00eb qen\u00eb t\u00eb qet\u00eb t\u00eb gjith\u00eb bashk\u00eb dhe as p\u00ebr t\u00eb neglizhuar ndihm\u00ebn q\u00eb k\u00ebrkon nga shoq\u00ebria n\u00eb t\u00ebr\u00ebsi, n\u00eb p\u00ebrpjekjen ton\u00eb t\u00eb p\u00ebrbashk\u00ebt p\u00ebr t\u00eb nd\u00ebrtuar shtetin ligjor dhe sigurin\u00eb. Nuk mjafton si prind dhe as si an\u00ebtar i k\u00ebtij kabineti qeveris\u00ebs.<\/p>\n<p>Por kush e k\u00ebrkon sot fajin te Policia, sapo i ka v\u00ebn\u00eb shkelmin mund\u00ebsis\u00eb q\u00eb t\u2019u shkoj\u00eb k\u00ebtyre problemeve n\u00eb themel, duke mbyllur k\u00ebshtu syt\u00eb para zgjidhjeve q\u00eb duhet t\u00eb gjejm\u00eb t\u00eb gjith\u00eb bashk\u00eb si ligjv\u00ebn\u00ebs dhe si shoq\u00ebri. N\u00eb qoft\u00eb se doni problemet reale, hapni goj\u00ebn dhe flisni si duhet dhe hajde gjejm\u00eb zgjidhje t\u00eb gjith\u00eb bashk\u00eb, por mos u merrni me shiritin magnetik q\u00eb ju v\u00eb n\u00eb goj\u00eb kryetari jokryetar.<\/p>\n<p>Vendi \u00ebsht\u00eb i militarizuar dhe shoq\u00ebria \u00ebsht\u00eb e militarizuar nga arm\u00ebt e p\u00ebrhapura gjer\u00ebsisht. Problem madhor. Sepse q\u00eb nga viti 1997, po ky njeriu q\u00eb doli k\u00ebtu e la trash\u00ebgimi p\u00ebrhapjen masive t\u00eb arm\u00ebve luftarake dhe t\u00eb arm\u00ebve t\u00eb zjarrit n\u00eb nivele t\u00eb atilla, sa sot plumbat dhe arm\u00ebt jan\u00eb kthyer n\u00eb alternativ\u00ebn e par\u00eb p\u00ebr t\u00eb zgjidhur qoft\u00eb dhe konflikte banale, qoft\u00eb dhe nd\u00ebrmjet adoleshent\u00ebve, dhe p\u00ebr sherre p\u00ebr facebook.<\/p>\n<p>Ndaj Ministria e Pun\u00ebve t\u00eb Brendshme do t\u00eb sjell\u00eb urgjentisht n\u00eb qeveri dhe Qeveria do t\u00eb paraqes\u00eb urgjentisht n\u00eb parlament, dy projektligje. Nj\u00eb projektligj p\u00ebr arm\u00ebt dhe nj\u00eb tjet\u00ebr p\u00ebr p\u00ebrdorimin e arm\u00ebve, n\u00eb m\u00ebnyr\u00eb q\u00eb t\u2019i japim fund nj\u00ebher\u00eb e mir\u00eb kapitullit m\u00eb t\u00eb zi t\u00eb historis\u00eb s\u00eb siguris\u00eb publike n\u00eb vend, q\u00eb \u00ebsht\u00eb p\u00ebrdorimi i arm\u00ebve.<\/p>\n<p>Nga ana tjet\u00ebr, po rritet nj\u00eb brez i t\u00ebr\u00eb t\u00eb rinjsh me modele t\u00eb deformuara n\u00eb m\u00ebnyr\u00eb radikale. Dhe af\u00ebrmendsh shohin sesi deri dje kalamajt\u00eb e pushtetar\u00ebve respektoheshin m\u00eb shum\u00eb; sesi t\u00eb fort\u00ebt deri dje respektoheshin m\u00eb shum\u00eb; sesi shteti ishte p\u00ebrkulur deri dje ndaj t\u00eb fort\u00ebve dhe t\u00eb paprekshm\u00ebve; si ligjin e b\u00ebnin gangster\u00ebt; si Policia tradhtohej nga shteti dhe nga shefat e tyre p\u00ebrpara t\u00eb fort\u00ebve! Shohin si paraja respektohet m\u00eb shum\u00eb; si dhuna respektohet m\u00eb shum\u00eb, nd\u00ebrkoh\u00eb q\u00eb vlerat shoq\u00ebrore kan\u00eb zbritur nga piedestali i shoq\u00ebris\u00eb, sepse deri dje kishin zbritur dhe nga piedestali i politik\u00ebs dhe vendimmarrjes politike. Shohin se sot n\u00eb Shqip\u00ebri mund t\u00eb b\u00ebsh lek\u00eb shum\u00eb shpejt; mund t\u00eb mbash nj\u00eb arm\u00eb dhe je garip; je m\u00eb garip po t\u00eb kesh nj\u00eb makin\u00eb t\u00eb shtrenjt\u00eb dhe t\u00eb sfidosh ligjin. Sepse kur qeveria e djeshme b\u00ebnte \u00e7orap shtetin dhe ligjin, natyrisht modeli q\u00eb do t\u00eb promovonte nuk ishte modeli i sh\u00ebndosh\u00eb qoft\u00eb edhe p\u00ebr brezin e t\u00eb rinjve.<\/p>\n<p>Dhe akoma m\u00eb keq, kur \u00e7uni i babit b\u00ebnte biznes me demontim arm\u00ebsh, hidhte themelet dhe fshinte nga harta e Shqip\u00ebris\u00eb nj\u00eb fshat t\u00eb t\u00ebr\u00eb duke l\u00ebn\u00eb pas 26 viktima. Po s\u2019ka sesi t\u00eb mos mendonin t\u00eb rinjt\u00eb e k\u00ebtij vendi se mund t\u00eb b\u00ebnin dhe par\u00e0 shpejt, mund t\u00eb b\u00ebnin dhe gangsterin, mund t\u00eb mbanin dhe arm\u00eb, mund t\u00eb b\u00ebnin dhe krime. Se kur \u00e7uni i babit deri dje kryeminist\u00ebr nuk d\u00ebnohej dhe s\u2019i hynte gjemb n\u00eb k\u00ebmb\u00eb dhe babi e mbronte mu n\u00eb mes t\u00eb parlamentit, po sigurisht t\u00eb tjer\u00ebt do t\u00eb ndjekin k\u00ebt\u00eb model!<\/p>\n<p>Dhe po k\u00ebshtu nj\u00eblloj presioni shoq\u00ebror minimal, p\u00ebr t\u00eb mos th\u00ebn\u00eb zero. Mjafton t\u00eb shoh\u00ebsh ngjarjen e djeshme p\u00ebr t\u00eb kuptuar sesi ka d\u00ebshtuar i gjith\u00eb zinxhiri i mekanizmave shoq\u00ebror\u00eb, q\u00eb edhe mund t\u00eb parandalonin vrasjen e djeshme apo vrasje t\u00eb tilla. Duke filluar nga prind\u00ebrit e f\u00ebmij\u00ebve q\u00eb kan\u00eb toleruar sjelljen shoq\u00ebrisht t\u00eb rrezikshme p\u00ebr f\u00ebmij\u00ebt e tyre, q\u00eb nuk kan\u00eb ndaluar t\u00eb mbajn\u00eb arm\u00eb apo t\u00eb ekspozojn\u00eb arm\u00eb qoft\u00eb dhe n\u00eb faqe sociale, q\u00eb nuk jan\u00eb treguar aktiv\u00eb n\u00eb shkollimin dhe edukimin e tyre.<\/p>\n<p>Komuniteti i prind\u00ebrve si nj\u00eb i t\u00ebr\u00eb, shkoll\u00eb dhe pran\u00eb shkollave q\u00eb nuk ushtron ende presion aktiv p\u00ebr edukimin qytetar t\u00eb f\u00ebmij\u00ebve t\u00eb tyre. Komuniteti i m\u00ebsuesve q\u00eb nuk mund t\u00eb mjaftohet me or\u00ebt e m\u00ebsimit, duke l\u00ebn\u00eb m\u00ebnjan\u00eb pun\u00ebn edukative me t\u00eb rinjt\u00eb. Struktura e k\u00ebshillimit social n\u00eb \u00e7do shkoll\u00eb q\u00eb n\u00eb k\u00ebt\u00eb rast ishte thuajse e pamjaftueshme dhe pse dihej gjer\u00ebsisht se n\u00eb at\u00eb shkoll\u00eb, pik\u00ebrisht n\u00eb at\u00eb shkoll\u00eb ku ndodhi dje kjo ngjarje, p\u00ebr nga karakteristikat e p\u00ebrb\u00ebrjes demografike dhe prejardhjes s\u00eb nx\u00ebn\u00ebsve dhe p\u00ebr nga karakteristikat e m\u00ebsimdh\u00ebnies dhe natyr\u00ebs s\u00eb m\u00ebsimit, &#8211; ishte nj\u00eb shkoll\u00eb ku duhej b\u00ebr\u00eb kujdes maksimal me f\u00ebmij\u00ebt.<\/p>\n<p>Po k\u00ebshtu me radh\u00eb organizatat studentore, shok\u00ebt dhe shoqet e klas\u00ebs, bashk\u00ebmoshatar\u00ebt, t\u00eb rinjt\u00eb n\u00eb t\u00ebr\u00ebsi q\u00eb duket se sot kan\u00eb arritur n\u00eb pik\u00ebn sa u vjen turp t\u00eb njoftojn\u00eb policin\u00eb p\u00ebr ngjarje q\u00eb mund t\u00eb \u00e7ojn\u00eb deri n\u00eb vrasje. Dje, t\u00eb nderuar koleg\u00eb, ka falimetuar nj\u00eb zinxhir i t\u00ebr\u00eb mekanizmash<\/p>\n<p>Dje, t\u00eb nderuar koleg\u00eb, ka falimetuar nj\u00eb mekanizmash q\u00eb mund edhe t\u00eb \u00e7onin n\u00eb qoft\u00eb se do t\u00eb ishin n\u00eb vend, edhe n\u00eb parandalimin e ngjarjeve t\u00eb tilla. Prandaj nuk ka vend t\u00eb krenohet njeri, e as t\u00eb akuzoj\u00eb ndonj\u00eb tjet\u00ebr. Dhe k\u00ebt\u00eb besoj po e kuptojn\u00eb t\u00eb gjith\u00eb, p\u00ebrfshir\u00eb dhe supaxhit\u00eb q\u00eb mund t\u2019u shkoj\u00eb n\u00eb mend se mund t\u2019i fusin ndonj\u00eb lug\u00eb sup\u00eb qyl n\u00eb vakit\u00eb e bot\u00ebs.<\/p>\n<p>Ju d\u00ebgjova dje, q\u00eb dol\u00ebt dhe \u00e7irreshit n\u00eb media lidhur me k\u00ebt\u00eb ngjarje dhe me p\u00ebrgjegj\u00ebsin\u00eb e qeveris\u00eb. Kan\u00eb ndodhur mbi 15 ngjarje t\u00eb tilla, n\u00eb 8 vitet tuaja t\u00eb qeverisjes dhe nuk kam d\u00ebgjuar kurr\u00eb nj\u00eb njeri t\u00eb vet\u00ebm prej jush t\u00eb dal\u00eb k\u00ebtu dhe n\u00eb em\u00ebr t\u00eb p\u00ebrgjegj\u00ebsis\u00eb qeveris\u00ebse t\u2019i drejtohet parlamentit, qoft\u00eb edhe me k\u00ebrkes\u00ebn p\u00ebr ndihm\u00eb p\u00ebr t\u2019i zgjidhur k\u00ebto probleme.<\/p>\n<p>Por kur u b\u00ebt\u00eb qytetar\u00eb? U b\u00ebt\u00eb sot qytetar\u00eb, u b\u00ebt\u00eb dje?!! Kur u b\u00ebt\u00eb prind\u00ebr, u b\u00ebt\u00eb dje prind\u00ebr?! Apo deri dje ishit prind\u00ebr p\u00ebr t\u00eb pasuruar f\u00ebmij\u00ebt tuaj, p\u00ebr t\u00eb pasuruar f\u00ebmij\u00ebt e kryeministrit, nd\u00ebrsa sot medemek jeni qytetar\u00eb t\u00eb mir\u00eb p\u00ebr f\u00ebmij\u00ebt e shqiptar\u00ebve. Jo kjo \u00ebsht\u00eb tallje me publikun, m\u00eb e pakta.<\/p>\n<p>T\u00eb nderuar koleg\u00eb. Ky nuk \u00ebsht\u00eb momenti q\u00eb mund t\u00eb krenohet njeri dhe aq m\u00eb pak momenti, q\u00eb dikush nga ju t\u00eb \u00e7ohet e t\u00eb akuzoj\u00eb njeri. Dhe k\u00ebt\u00eb besoj e kuptojn\u00eb t\u00eb gjith\u00eb p\u00ebrfshir\u00eb edhe ndonj\u00eb supaxhi, q\u00eb mund t\u2019i shkoj\u00eb n\u00eb mend t\u00eb fus\u00eb ndonj\u00eb lug\u00eb sup\u00eb qyl n\u00eb vakit\u00eb e t\u00eb tjer\u00ebve, si\u00e7 b\u00ebri edhe dje.<\/p>\n<p>T\u00eb tilla tragjedi dhe mos edhe m\u00eb t\u00eb k\u00ebqija, ndodhin edhe n\u00eb vende t\u00eb tjera. Por kjo duhet t\u00eb na sh\u00ebrbej\u00eb ne, qeveris\u00eb sigurisht, p\u00ebr t\u00eb nd\u00ebrmarr\u00eb reform\u00ebn radikale si\u00e7 po i b\u00ebjm\u00eb dhe do i sjellim k\u00ebtu n\u00eb parlament. Por duhet t\u2019i sh\u00ebrbej\u00eb edhe shoq\u00ebrtis\u00eb p\u00ebr t\u00eb ndaluar 1 sekond\u00eb e p\u00ebr t\u00eb reflektuar t\u00eb gjith\u00eb bashk\u00eb mbi kriminalitetin e minoren\u00ebve dhe mbi p\u00ebrhapjen e gjer\u00eb t\u00eb \u00e7\u00ebshtjeve t\u00eb kriminalitetit n\u00eb mosh\u00ebn minore. Dhe t\u00eb na sh\u00ebrbej\u00eb t\u00eb gjith\u00ebve p\u00ebr t\u00eb ngritur n\u00eb piedestal dhe t\u2019u perulemi vlerave, dhe vlerave m\u00eb t\u00eb mira qytetare dhe jo antivlerave q\u00eb fatkeq\u00ebsisht, ka promovuar deri dje ish-kryeministri, sot kryetari jokryetar.<\/p>\n<p>Si\u00e7 duhet ti sh\u00ebrbej\u00eb politik\u00ebs dhe ca nga ju q\u00eb t\u00eb m\u00ebsojn\u00eb t\u00eb heshtin at\u00ebher\u00eb kur nuk duhet t\u00eb flasin. E kuptoj q\u00eb keni shum\u00eb d\u00ebshir\u00eb t\u00eb merreni me policin\u00eb, ju kam v\u00ebn\u00eb re gjat\u00eb gjith\u00eb k\u00ebsaj kohe. Keni shum\u00eb d\u00ebshir\u00eb t\u00eb merreni me policin\u00eb, dhe ma merr mendja pse! Por mund t\u00eb tregoheshit m\u00eb t\u00eb zgjuar n\u00eb fakt. Mund t\u00eb tregoheshit m\u00eb t\u00eb zgjuar duke m\u00eb sulmuar vet\u00ebm mua personalisht dhe t\u2019i linit t\u00eb qet\u00eb oficer\u00ebt e policis\u00eb q\u00eb t\u00eb b\u00ebnin detyr\u00ebn e tyre, si\u00e7 e kan\u00eb b\u00ebr\u00eb n\u00eb m\u00ebnyr\u00eb t\u00eb shk\u00eblqyer n\u00eb k\u00ebto 2 muaj. Por juve nuk ju rrihet pa u marr\u00eb me policin\u00eb sepse edhe n\u00eb imagjinat\u00ebn tuaj m\u00eb t\u00eb larg\u00ebt Policia e Shtetit as e mendonit ndonj\u00ebher\u00eb q\u00eb mund t\u00eb shnd\u00ebrrohej n\u00eb agjencin\u00eb ligjzbatuese q\u00eb \u00ebsht\u00eb sot, me kaq suksese sa ka sot.<\/p>\n<p>U habita dit\u00ebn kur u larguan 7 t\u00eb burgosur t\u00eb rreziksh\u00ebm nga burgu i Drenov\u00ebs. Doli prap\u00eb supaxhiu dhe tha se fajin e ka Policia. Harroi q\u00eb Policia e Shtetit jo vet\u00ebm q\u00eb e kishte paralajm\u00ebruar ish-drejtorin e burgjeve p\u00ebr futjen e arm\u00ebve dhe skenarin e arratisjes, dhe ish drejtori i burgjeve \u00ebsht\u00eb nj\u00eb ish-miellaxhi votash q\u00eb e keni n\u00eb parti sot, por harroi supaxhiu q\u00eb dhe ishte minist\u00ebr Drejt\u00ebsie. Ishte vet\u00eb minist\u00ebr Drejt\u00ebsie dit\u00ebn kur arm\u00ebt kan\u00eb hyr\u00eb brenda n\u00eb burg. Dhe ato arm\u00eb p\u00ebr t\u00eb cilat drejtori i burgut lejoi hyrjen e tyre, nuk mund t\u00eb hynin pa nj\u00eb shkelje syri nga ish-ministri i Drejt\u00ebsis\u00eb, si\u00e7 nuk mund t\u00eb hynin pa nj\u00eb shkelje syri dhe nga deputeti i zon\u00ebs.<br \/>\nPolicia e Shtetit b\u00ebri at\u00eb q\u00eb n\u00eb shum\u00eb vende t\u00eb bot\u00ebs do ta kishin zili: Kapjen e t\u00eb k\u00ebrkuarve, gjysma e tyre m\u00eb t\u00eb rreziksh\u00ebm brenda 12 or\u00ebve dhe pjesa tjet\u00ebr brenda 5 dit\u00ebsh. Dhe megjithat\u00eb ju kap\u00ebt cepin t\u2019a konsideronit d\u00ebshtim at\u00eb q\u00eb shum\u00eb t\u00eb tjer\u00eb, p\u00ebrfshi dhe partner\u00ebt nd\u00ebrkomb\u00ebtar\u00eb e quajt\u00ebn sukses.<\/p>\n<p>Kemi d\u00ebgjuar gjith\u00eb k\u00ebto dit\u00eb t\u00eb flisni p\u00ebr rritje t\u00eb kriminalitett, p\u00ebr r\u00ebnie t\u00eb shtetit, p\u00ebr em\u00ebrime politike n\u00eb Policin\u00eb e Shtetit dhe k\u00ebshtu me radh\u00eb. Un\u00eb kam statistika dhe flas me shifra. Nuk flas si ju me p\u00ebrrralla dhe sipas statistikave n\u00eb periudh\u00ebn tetor-n\u00ebntor t\u00eb vittit 2013 jan\u00eb 16 krime m\u00eb pak se n\u00eb t\u00eb nj\u00ebjt\u00eb periudh\u00eb tetor-n\u00ebntor t\u00eb vitit 2012. Pra n\u00eb k\u00ebto dy muaj t\u00eb k\u00ebsaj qeverie jan\u00eb 16 krime m\u00eb pak sesa n\u00eb t\u00eb nj\u00ebjt\u00ebn periudh\u00eb t\u00eb nj\u00eb viti m\u00eb par\u00eb. P\u00ebr t\u00eb mos folur p\u00ebr zbulueshm\u00ebrin\u00eb e krimeve ekonomiko-financiare dhe korrupsionit p\u00ebrfshir\u00eb, q\u00eb jan\u00eb 480 p\u00ebr qind m\u00eb shum\u00eb se e nj\u00ebjta periudh\u00eb e nj\u00eb viti m\u00eb par\u00eb.<\/p>\n<p>Qani p\u00ebr shkrirjen e struktur\u00ebs s\u00eb krimit ekonomik. E para pun\u00ebs nuk \u00ebsht\u00eb shkrir\u00eb asnj\u00eb struktur\u00eb, por jan\u00eb studiuar e hetuar dosjet em\u00ebr p\u00ebr em\u00ebr t\u00eb \u00e7do oficeri policie, q\u00eb ka punuar n\u00eb at\u00eb struktur\u00eb. Jan\u00eb marr\u00eb masa disiplinore dhe masa penale ndaj atyre q\u00eb nuk kan\u00eb b\u00ebr\u00eb detryr\u00ebn dhe nd\u00ebrkoh\u00eb rezultatet e struktur\u00ebs ja ku jan\u00eb: 480% m\u00eb shum\u00eb sesa 2 muaj t\u00eb nj\u00eb viti m\u00eb par\u00eb kur ju ishin n\u00eb qeverisje.<\/p>\n<p>Keni merakun e trafikut t\u00eb drog\u00ebs? Vet\u00ebm n\u00eb 2 muaj, kemi b\u00ebr\u00eb 50 p\u00ebr qind m\u00eb shum\u00eb, sesa keni b\u00ebr\u00eb ju n\u00eb t\u00eb nj\u00ebjt\u00ebn periudh\u00eb t\u00eb nj\u00eb viti m\u00eb par\u00eb. Kur ishit kaq t\u00eb stresuar dhe kaq t\u00eb merakosur p\u00ebr \u00e7\u00ebshtje t\u00eb rendit dhe siguris\u00eb n\u00eb k\u00ebt\u00eb vend, do mir\u00ebprisja \u00e7do sugjerim tuajin. T\u00eb vinit edhe n\u00eb Ministrin\u00eb e Pun\u00ebve t\u00eb Brendshme dhe jeni t\u00eb mir\u00ebpritur dhe n\u00eb Komsionin e Siguris\u00eb, si\u00e7 ju kemi ftuar bashk\u00eb me z.Braho. T\u00eb b\u00ebhemi bashk\u00eb fundja dhe t\u2019i zgjidhim nj\u00ebher\u00eb e mir\u00eb \u00e7\u00ebshtjet e siguris\u00eb dhe t\u00eb rendit publik n\u00eb k\u00ebt\u00eb vend. Sepse krimninaliteti penalizon t\u00eb gjith\u00eb nj\u00eblloj dhe nuk ka asnj\u00eb ngjyr\u00eb politike dhe ata q\u00eb i vuajn\u00eb pasojat e tij nuk kan\u00eb ngjyr\u00eb politike.<\/p>\n<p>Por ju, p\u00ebrpara rendit dhe sigruris\u00eb, p\u00ebrpara luft\u00ebs kund\u00ebr krimit t\u00eb organizuar dhe korrupsionit, keni hallin tuaj, keni hallin e karrierave tuaja, keni hallin e nj\u00ebri-tjetrin, keni hallin e kryetarit jokryetar, keni hallin si t\u00eb b\u00ebni politik\u00eb dhe k\u00ebtu n\u00eb parlament, por duke harruar q\u00eb jasht\u00eb k\u00ebtyre mureve jetojn\u00eb qytetar\u00eb, q\u00eb na d\u00ebgjojn\u00eb dhe kuptojn\u00eb fort mir\u00eb, cil\u00ebt jan\u00eb ata q\u00eb luftojn\u00eb v\u00ebrtet p\u00ebr ta b\u00ebr\u00eb k\u00ebt\u00eb vend m\u00eb t\u00eb sigurt dhe cil\u00ebt jan\u00eb ata q\u00eb nuk hezitojn\u00eb t\u00eb b\u00ebjn\u00eb dhe korbin k\u00ebtu n\u00eb parlament, vet\u00ebm q\u00eb t\u00eb sulmojn\u00eb qeverin\u00eb.<\/p>\n<p>Un\u00eb do t\u2019ju ftoja shum\u00eb sinqerisht t\u00eb heshtni p\u00ebrpara se t\u00eb akuzoni policin\u00eb lidhur me gjendjen e kriminalitetit. Jo pse keni pasur rekordet m\u00eb negative n\u00eb historin\u00eb e pluralizmit gjat\u00eb qeverisjes suaj. Jo pse e kthyet Policin\u00eb e Shtetit n\u00eb struktur\u00ebn m\u00eb t\u00eb prekur nga drejtimi politik dhe vini pastaj e flisni k\u00ebtu p\u00ebr heronj! Por p\u00ebr \u00e7far\u00eb heronjsh flisni ju q\u00eb me demek qenkam larguar nga puna, p\u00ebr Agron Kuli\u00e7in!? Ky ishte heroi juaj!? \u00c7far\u00eb heroi mund t\u00eb ishte ai, kur ishte ish-badigard i kryetarit jokryetar dhe nd\u00ebrkoh\u00eb n\u00eb Policin\u00eb e Shtetit b\u00ebnte biznesin personal dhe biznesin e familjes! P\u00ebr k\u00ebta heronj flisni, apo p\u00ebr tjetrin q\u00eb b\u00ebnte n\u00eb facebook thirrje politike!? T\u00eb nj\u00ebjtat thirrje politike q\u00eb sapo b\u00ebri k\u00ebtu z.kryetar jokryetar&#8230; t\u00eb nj\u00ebjtat! Me Enver e me Hitler! Fiks t\u00eb nj\u00ebjtat, se edhe kur flisni, flisni nj\u00eblloj. Ndaj p\u00ebruluni me respekt ndaj gjith\u00e7kaje ka b\u00ebr\u00eb Policia e Shtetit sot. Dhe un\u00eb ju siguroj q\u00eb jemi t\u00ebr\u00ebsisht t\u00eb hapur t\u2019a nd\u00ebrtojm\u00eb bashk\u00eb sigurin\u00eb publike p\u00ebr qytetar\u00ebt. Por hidhni nj\u00eb hap e dilni nga guacka lidhur me k\u00ebt\u00eb \u00e7\u00ebshtje.<\/p>\n<p><em>Fjala e plot\u00eb e deputetit t\u00eb PS Saimir Tahiri n\u00eb Kuvend.<\/em><\/p>\n<p><em>Redaksia Online<br \/>\n(e.s\/shqiptarja.com)<\/em><\/p>\n","protected":false},"excerpt":{"rendered":"<p>Analiza NGA SAIMIR TAHIRI, 05 Dhjetor 2013 Dita e djeshme besoj ishte nj\u00eb dit\u00eb e trisht\u00eb p\u00ebr t\u00eb gjith\u00eb ne, por me shume akoma p\u00ebr shoq\u00ebrin\u00eb n\u00eb t\u00ebr\u00ebsi. Vrasja e nj\u00eb adoleshenti nga nj\u00eb bashk\u00ebmoshatar i tij, na nxorri para syve nj\u00eb f\u00ebmij\u00eb t\u00eb vrar\u00eb dhe nj\u00eb nj\u00eb tjet\u00ebr q\u00eb iu dor\u00ebzua krimit, tamam nga [&hellip;]<\/p>\n","protected":false},"author":1,"featured_media":0,"comment_status":"open","ping_status":"closed","sticky":false,"template":"","format":"standard","meta":{"footnotes":""},"categories":[2],"tags":[],"class_list":{"0":"post-13272","1":"post","2":"type-post","3":"status-publish","4":"format-standard","6":"category-artikuj"},"yoast_head":"<!-- This site is optimized with the Yoast SEO plugin v27.4 - https:\/\/yoast.com\/product\/yoast-seo-wordpress\/ -->\n<title>I kemi vrar\u00eb t\u00eb gjith\u00eb nga pak - FjALA e LIR\u00cb - Arkivi<\/title>\n<meta name=\"robots\" content=\"index, follow, max-snippet:-1, max-image-preview:large, max-video-preview:-1\" \/>\n<link rel=\"canonical\" href=\"https:\/\/fjala.info\/2009-2015\/i-kemi-vrare-te-gjithe-nga-pak\/\" \/>\n<meta property=\"og:locale\" content=\"sq_AL\" \/>\n<meta property=\"og:type\" content=\"article\" \/>\n<meta property=\"og:title\" content=\"I kemi vrar\u00eb t\u00eb gjith\u00eb nga pak - FjALA e LIR\u00cb - Arkivi\" \/>\n<meta property=\"og:description\" content=\"Analiza NGA SAIMIR TAHIRI, 05 Dhjetor 2013 Dita e djeshme besoj ishte nj\u00eb dit\u00eb e trisht\u00eb p\u00ebr t\u00eb gjith\u00eb ne, por me shume akoma p\u00ebr shoq\u00ebrin\u00eb n\u00eb t\u00ebr\u00ebsi. Vrasja e nj\u00eb adoleshenti nga nj\u00eb bashk\u00ebmoshatar i tij, na nxorri para syve nj\u00eb f\u00ebmij\u00eb t\u00eb vrar\u00eb dhe nj\u00eb nj\u00eb tjet\u00ebr q\u00eb iu dor\u00ebzua krimit, tamam nga [&hellip;]\" \/>\n<meta property=\"og:url\" content=\"https:\/\/fjala.info\/2009-2015\/i-kemi-vrare-te-gjithe-nga-pak\/\" \/>\n<meta property=\"og:site_name\" content=\"FjALA e LIR\u00cb - Arkivi\" \/>\n<meta property=\"article:published_time\" content=\"2013-12-07T07:36:34+00:00\" \/>\n<meta property=\"og:image\" content=\"http:\/\/www.fjala.info\/2013\/sajmir_tahiri.jpg\" \/>\n<meta name=\"author\" content=\"admin\" \/>\n<meta name=\"twitter:card\" content=\"summary_large_image\" \/>\n<meta name=\"twitter:label1\" content=\"Written by\" \/>\n\t<meta name=\"twitter:data1\" content=\"admin\" \/>\n\t<meta name=\"twitter:label2\" content=\"Est. reading time\" \/>\n\t<meta name=\"twitter:data2\" content=\"14 minutes\" \/>\n<script type=\"application\/ld+json\" class=\"yoast-schema-graph\">{\"@context\":\"https:\\\/\\\/schema.org\",\"@graph\":[{\"@type\":\"Article\",\"@id\":\"https:\\\/\\\/fjala.info\\\/2009-2015\\\/i-kemi-vrare-te-gjithe-nga-pak\\\/#article\",\"isPartOf\":{\"@id\":\"https:\\\/\\\/fjala.info\\\/2009-2015\\\/i-kemi-vrare-te-gjithe-nga-pak\\\/\"},\"author\":{\"name\":\"admin\",\"@id\":\"https:\\\/\\\/fjala.info\\\/2009-2015\\\/#\\\/schema\\\/person\\\/3aa1163ef05469c496fc94e77611ada2\"},\"headline\":\"I kemi vrar\u00eb t\u00eb gjith\u00eb nga pak\",\"datePublished\":\"2013-12-07T07:36:34+00:00\",\"mainEntityOfPage\":{\"@id\":\"https:\\\/\\\/fjala.info\\\/2009-2015\\\/i-kemi-vrare-te-gjithe-nga-pak\\\/\"},\"wordCount\":2756,\"commentCount\":0,\"publisher\":{\"@id\":\"https:\\\/\\\/fjala.info\\\/2009-2015\\\/#organization\"},\"image\":{\"@id\":\"https:\\\/\\\/fjala.info\\\/2009-2015\\\/i-kemi-vrare-te-gjithe-nga-pak\\\/#primaryimage\"},\"thumbnailUrl\":\"http:\\\/\\\/www.fjala.info\\\/2013\\\/sajmir_tahiri.jpg\",\"articleSection\":[\"Artikuj\"],\"inLanguage\":\"sq-AL\",\"potentialAction\":[{\"@type\":\"CommentAction\",\"name\":\"Comment\",\"target\":[\"https:\\\/\\\/fjala.info\\\/2009-2015\\\/i-kemi-vrare-te-gjithe-nga-pak\\\/#respond\"]}]},{\"@type\":\"WebPage\",\"@id\":\"https:\\\/\\\/fjala.info\\\/2009-2015\\\/i-kemi-vrare-te-gjithe-nga-pak\\\/\",\"url\":\"https:\\\/\\\/fjala.info\\\/2009-2015\\\/i-kemi-vrare-te-gjithe-nga-pak\\\/\",\"name\":\"I kemi vrar\u00eb t\u00eb gjith\u00eb nga pak - FjALA e LIR\u00cb - Arkivi\",\"isPartOf\":{\"@id\":\"https:\\\/\\\/fjala.info\\\/2009-2015\\\/#website\"},\"primaryImageOfPage\":{\"@id\":\"https:\\\/\\\/fjala.info\\\/2009-2015\\\/i-kemi-vrare-te-gjithe-nga-pak\\\/#primaryimage\"},\"image\":{\"@id\":\"https:\\\/\\\/fjala.info\\\/2009-2015\\\/i-kemi-vrare-te-gjithe-nga-pak\\\/#primaryimage\"},\"thumbnailUrl\":\"http:\\\/\\\/www.fjala.info\\\/2013\\\/sajmir_tahiri.jpg\",\"datePublished\":\"2013-12-07T07:36:34+00:00\",\"breadcrumb\":{\"@id\":\"https:\\\/\\\/fjala.info\\\/2009-2015\\\/i-kemi-vrare-te-gjithe-nga-pak\\\/#breadcrumb\"},\"inLanguage\":\"sq-AL\",\"potentialAction\":[{\"@type\":\"ReadAction\",\"target\":[\"https:\\\/\\\/fjala.info\\\/2009-2015\\\/i-kemi-vrare-te-gjithe-nga-pak\\\/\"]}]},{\"@type\":\"ImageObject\",\"inLanguage\":\"sq-AL\",\"@id\":\"https:\\\/\\\/fjala.info\\\/2009-2015\\\/i-kemi-vrare-te-gjithe-nga-pak\\\/#primaryimage\",\"url\":\"http:\\\/\\\/www.fjala.info\\\/2013\\\/sajmir_tahiri.jpg\",\"contentUrl\":\"http:\\\/\\\/www.fjala.info\\\/2013\\\/sajmir_tahiri.jpg\"},{\"@type\":\"BreadcrumbList\",\"@id\":\"https:\\\/\\\/fjala.info\\\/2009-2015\\\/i-kemi-vrare-te-gjithe-nga-pak\\\/#breadcrumb\",\"itemListElement\":[{\"@type\":\"ListItem\",\"position\":1,\"name\":\"Home\",\"item\":\"https:\\\/\\\/fjala.info\\\/2009-2015\\\/\"},{\"@type\":\"ListItem\",\"position\":2,\"name\":\"I kemi vrar\u00eb t\u00eb gjith\u00eb nga pak\"}]},{\"@type\":\"WebSite\",\"@id\":\"https:\\\/\\\/fjala.info\\\/2009-2015\\\/#website\",\"url\":\"https:\\\/\\\/fjala.info\\\/2009-2015\\\/\",\"name\":\"FjALA e LIR\u00cb - Arkivi\",\"description\":\"Arkivi 2009-2015\",\"publisher\":{\"@id\":\"https:\\\/\\\/fjala.info\\\/2009-2015\\\/#organization\"},\"potentialAction\":[{\"@type\":\"SearchAction\",\"target\":{\"@type\":\"EntryPoint\",\"urlTemplate\":\"https:\\\/\\\/fjala.info\\\/2009-2015\\\/?s={search_term_string}\"},\"query-input\":{\"@type\":\"PropertyValueSpecification\",\"valueRequired\":true,\"valueName\":\"search_term_string\"}}],\"inLanguage\":\"sq-AL\"},{\"@type\":\"Organization\",\"@id\":\"https:\\\/\\\/fjala.info\\\/2009-2015\\\/#organization\",\"name\":\"FjALA e LIR\u00cb - Arkivi\",\"url\":\"https:\\\/\\\/fjala.info\\\/2009-2015\\\/\",\"logo\":{\"@type\":\"ImageObject\",\"inLanguage\":\"sq-AL\",\"@id\":\"https:\\\/\\\/fjala.info\\\/2009-2015\\\/#\\\/schema\\\/logo\\\/image\\\/\",\"url\":\"\",\"contentUrl\":\"\",\"caption\":\"FjALA e LIR\u00cb - Arkivi\"},\"image\":{\"@id\":\"https:\\\/\\\/fjala.info\\\/2009-2015\\\/#\\\/schema\\\/logo\\\/image\\\/\"}},{\"@type\":\"Person\",\"@id\":\"https:\\\/\\\/fjala.info\\\/2009-2015\\\/#\\\/schema\\\/person\\\/3aa1163ef05469c496fc94e77611ada2\",\"name\":\"admin\",\"image\":{\"@type\":\"ImageObject\",\"inLanguage\":\"sq-AL\",\"@id\":\"https:\\\/\\\/fjala.info\\\/2009-2015\\\/wp-content\\\/uploads\\\/2012\\\/02\\\/arben_cokaj-120x150.jpg\",\"url\":\"https:\\\/\\\/fjala.info\\\/2009-2015\\\/wp-content\\\/uploads\\\/2012\\\/02\\\/arben_cokaj-120x150.jpg\",\"contentUrl\":\"https:\\\/\\\/fjala.info\\\/2009-2015\\\/wp-content\\\/uploads\\\/2012\\\/02\\\/arben_cokaj-120x150.jpg\",\"caption\":\"admin\"},\"description\":\"Admin, Fjala e Lir\u00eb\",\"sameAs\":[\"https:\\\/\\\/fjala.info\\\/\"],\"url\":\"https:\\\/\\\/fjala.info\\\/2009-2015\\\/author\\\/admin\\\/\"}]}<\/script>\n<!-- \/ Yoast SEO plugin. -->","yoast_head_json":{"title":"I kemi vrar\u00eb t\u00eb gjith\u00eb nga pak - FjALA e LIR\u00cb - Arkivi","robots":{"index":"index","follow":"follow","max-snippet":"max-snippet:-1","max-image-preview":"max-image-preview:large","max-video-preview":"max-video-preview:-1"},"canonical":"https:\/\/fjala.info\/2009-2015\/i-kemi-vrare-te-gjithe-nga-pak\/","og_locale":"sq_AL","og_type":"article","og_title":"I kemi vrar\u00eb t\u00eb gjith\u00eb nga pak - FjALA e LIR\u00cb - Arkivi","og_description":"Analiza NGA SAIMIR TAHIRI, 05 Dhjetor 2013 Dita e djeshme besoj ishte nj\u00eb dit\u00eb e trisht\u00eb p\u00ebr t\u00eb gjith\u00eb ne, por me shume akoma p\u00ebr shoq\u00ebrin\u00eb n\u00eb t\u00ebr\u00ebsi. Vrasja e nj\u00eb adoleshenti nga nj\u00eb bashk\u00ebmoshatar i tij, na nxorri para syve nj\u00eb f\u00ebmij\u00eb t\u00eb vrar\u00eb dhe nj\u00eb nj\u00eb tjet\u00ebr q\u00eb iu dor\u00ebzua krimit, tamam nga [&hellip;]","og_url":"https:\/\/fjala.info\/2009-2015\/i-kemi-vrare-te-gjithe-nga-pak\/","og_site_name":"FjALA e LIR\u00cb - Arkivi","article_published_time":"2013-12-07T07:36:34+00:00","og_image":[{"url":"http:\/\/www.fjala.info\/2013\/sajmir_tahiri.jpg","type":"","width":"","height":""}],"author":"admin","twitter_card":"summary_large_image","twitter_misc":{"Written by":"admin","Est. reading time":"14 minutes"},"schema":{"@context":"https:\/\/schema.org","@graph":[{"@type":"Article","@id":"https:\/\/fjala.info\/2009-2015\/i-kemi-vrare-te-gjithe-nga-pak\/#article","isPartOf":{"@id":"https:\/\/fjala.info\/2009-2015\/i-kemi-vrare-te-gjithe-nga-pak\/"},"author":{"name":"admin","@id":"https:\/\/fjala.info\/2009-2015\/#\/schema\/person\/3aa1163ef05469c496fc94e77611ada2"},"headline":"I kemi vrar\u00eb t\u00eb gjith\u00eb nga pak","datePublished":"2013-12-07T07:36:34+00:00","mainEntityOfPage":{"@id":"https:\/\/fjala.info\/2009-2015\/i-kemi-vrare-te-gjithe-nga-pak\/"},"wordCount":2756,"commentCount":0,"publisher":{"@id":"https:\/\/fjala.info\/2009-2015\/#organization"},"image":{"@id":"https:\/\/fjala.info\/2009-2015\/i-kemi-vrare-te-gjithe-nga-pak\/#primaryimage"},"thumbnailUrl":"http:\/\/www.fjala.info\/2013\/sajmir_tahiri.jpg","articleSection":["Artikuj"],"inLanguage":"sq-AL","potentialAction":[{"@type":"CommentAction","name":"Comment","target":["https:\/\/fjala.info\/2009-2015\/i-kemi-vrare-te-gjithe-nga-pak\/#respond"]}]},{"@type":"WebPage","@id":"https:\/\/fjala.info\/2009-2015\/i-kemi-vrare-te-gjithe-nga-pak\/","url":"https:\/\/fjala.info\/2009-2015\/i-kemi-vrare-te-gjithe-nga-pak\/","name":"I kemi vrar\u00eb t\u00eb gjith\u00eb nga pak - FjALA e LIR\u00cb - Arkivi","isPartOf":{"@id":"https:\/\/fjala.info\/2009-2015\/#website"},"primaryImageOfPage":{"@id":"https:\/\/fjala.info\/2009-2015\/i-kemi-vrare-te-gjithe-nga-pak\/#primaryimage"},"image":{"@id":"https:\/\/fjala.info\/2009-2015\/i-kemi-vrare-te-gjithe-nga-pak\/#primaryimage"},"thumbnailUrl":"http:\/\/www.fjala.info\/2013\/sajmir_tahiri.jpg","datePublished":"2013-12-07T07:36:34+00:00","breadcrumb":{"@id":"https:\/\/fjala.info\/2009-2015\/i-kemi-vrare-te-gjithe-nga-pak\/#breadcrumb"},"inLanguage":"sq-AL","potentialAction":[{"@type":"ReadAction","target":["https:\/\/fjala.info\/2009-2015\/i-kemi-vrare-te-gjithe-nga-pak\/"]}]},{"@type":"ImageObject","inLanguage":"sq-AL","@id":"https:\/\/fjala.info\/2009-2015\/i-kemi-vrare-te-gjithe-nga-pak\/#primaryimage","url":"http:\/\/www.fjala.info\/2013\/sajmir_tahiri.jpg","contentUrl":"http:\/\/www.fjala.info\/2013\/sajmir_tahiri.jpg"},{"@type":"BreadcrumbList","@id":"https:\/\/fjala.info\/2009-2015\/i-kemi-vrare-te-gjithe-nga-pak\/#breadcrumb","itemListElement":[{"@type":"ListItem","position":1,"name":"Home","item":"https:\/\/fjala.info\/2009-2015\/"},{"@type":"ListItem","position":2,"name":"I kemi vrar\u00eb t\u00eb gjith\u00eb nga pak"}]},{"@type":"WebSite","@id":"https:\/\/fjala.info\/2009-2015\/#website","url":"https:\/\/fjala.info\/2009-2015\/","name":"FjALA e LIR\u00cb - Arkivi","description":"Arkivi 2009-2015","publisher":{"@id":"https:\/\/fjala.info\/2009-2015\/#organization"},"potentialAction":[{"@type":"SearchAction","target":{"@type":"EntryPoint","urlTemplate":"https:\/\/fjala.info\/2009-2015\/?s={search_term_string}"},"query-input":{"@type":"PropertyValueSpecification","valueRequired":true,"valueName":"search_term_string"}}],"inLanguage":"sq-AL"},{"@type":"Organization","@id":"https:\/\/fjala.info\/2009-2015\/#organization","name":"FjALA e LIR\u00cb - Arkivi","url":"https:\/\/fjala.info\/2009-2015\/","logo":{"@type":"ImageObject","inLanguage":"sq-AL","@id":"https:\/\/fjala.info\/2009-2015\/#\/schema\/logo\/image\/","url":"","contentUrl":"","caption":"FjALA e LIR\u00cb - Arkivi"},"image":{"@id":"https:\/\/fjala.info\/2009-2015\/#\/schema\/logo\/image\/"}},{"@type":"Person","@id":"https:\/\/fjala.info\/2009-2015\/#\/schema\/person\/3aa1163ef05469c496fc94e77611ada2","name":"admin","image":{"@type":"ImageObject","inLanguage":"sq-AL","@id":"https:\/\/fjala.info\/2009-2015\/wp-content\/uploads\/2012\/02\/arben_cokaj-120x150.jpg","url":"https:\/\/fjala.info\/2009-2015\/wp-content\/uploads\/2012\/02\/arben_cokaj-120x150.jpg","contentUrl":"https:\/\/fjala.info\/2009-2015\/wp-content\/uploads\/2012\/02\/arben_cokaj-120x150.jpg","caption":"admin"},"description":"Admin, Fjala e Lir\u00eb","sameAs":["https:\/\/fjala.info\/"],"url":"https:\/\/fjala.info\/2009-2015\/author\/admin\/"}]}},"_links":{"self":[{"href":"https:\/\/fjala.info\/2009-2015\/wp-json\/wp\/v2\/posts\/13272","targetHints":{"allow":["GET"]}}],"collection":[{"href":"https:\/\/fjala.info\/2009-2015\/wp-json\/wp\/v2\/posts"}],"about":[{"href":"https:\/\/fjala.info\/2009-2015\/wp-json\/wp\/v2\/types\/post"}],"author":[{"embeddable":true,"href":"https:\/\/fjala.info\/2009-2015\/wp-json\/wp\/v2\/users\/1"}],"replies":[{"embeddable":true,"href":"https:\/\/fjala.info\/2009-2015\/wp-json\/wp\/v2\/comments?post=13272"}],"version-history":[{"count":0,"href":"https:\/\/fjala.info\/2009-2015\/wp-json\/wp\/v2\/posts\/13272\/revisions"}],"wp:attachment":[{"href":"https:\/\/fjala.info\/2009-2015\/wp-json\/wp\/v2\/media?parent=13272"}],"wp:term":[{"taxonomy":"category","embeddable":true,"href":"https:\/\/fjala.info\/2009-2015\/wp-json\/wp\/v2\/categories?post=13272"},{"taxonomy":"post_tag","embeddable":true,"href":"https:\/\/fjala.info\/2009-2015\/wp-json\/wp\/v2\/tags?post=13272"}],"curies":[{"name":"wp","href":"https:\/\/api.w.org\/{rel}","templated":true}]}}