{"id":13269,"date":"2013-12-02T23:49:47","date_gmt":"2013-12-02T22:49:47","guid":{"rendered":"http:\/\/fjala.info\/?p=5470"},"modified":"2013-12-02T23:49:47","modified_gmt":"2013-12-02T22:49:47","slug":"mes-lindjes-e-perendimit","status":"publish","type":"post","link":"https:\/\/fjala.info\/2009-2015\/mes-lindjes-e-perendimit\/","title":{"rendered":"Mes lindjes e per\u00ebndimit"},"content":{"rendered":"<p><strong>Ndue Ukaj<\/strong><\/p>\n<p>Si komb i formuar von\u00eb, i dalur nga rob\u00ebria e gjat\u00eb, me shum\u00eb plag\u00eb, i tkurrur e ndar\u00eb gjeografikisht, kemi filluar t\u2019i duam t\u00eb tjer\u00ebt, pa u m\u00ebsuar nj\u00ebher\u00eb ta duam vetveten. E, dihet, kjo \u201cdashuri\u201d, s\u2019\u00ebsht\u00eb gj\u00eb tjet\u00ebr, ve\u00e7 papjekuri dhe shfaqje infatile e nj\u00eb amnezie historike e kulturore. E till\u00eb \u00ebsht\u00eb edhe dashuria e dekad\u00ebs s\u00eb fundit, turko-shqiptare, q\u00eb her\u00eb pas here shp\u00ebrfaqet si nj\u00eb ogur i keq p\u00ebr ne dhe t\u00eb ardhmen ton\u00eb. Jo pse shqiptar\u00ebt s\u2019kan\u00eb nevoj\u00eb p\u00ebr bashk\u00ebpunim me shtetin turk, jo pse shqiptar\u00ebt duhet t\u00eb kultivojn\u00eb urrejtje p\u00ebr k\u00ebt\u00eb shtet, i cili t\u00eb kaluar\u00ebn na ka shkaktuare shum\u00eb t\u00eb k\u00ebqija, por pse kjo dashuri, shpalos\u00eb enigm\u00ebn e nj\u00eb t\u00eb kaluare, e nj\u00eb plage, nga e cila cil\u00ebs s\u2019jemi sh\u00ebruar ende- plag\u00eb kjo q\u00eb po b\u00ebhet stagnim p\u00ebr ecjen ton\u00eb kah per\u00ebndimi, aty ku synojm\u00eb t\u00eb integrohemi si komb.<br \/>\nDihet mir\u00ebfilli se njohja e vetvetes, fillon me njohjen e s\u00eb kaluar\u00ebs. K\u00ebtu kemi ngecur, sepse politikan\u00eb t\u00eb ndrysh\u00ebm vasal\u00eb, me disa agjitator\u00eb t\u00eb ides\u00eb neoosmane, po ndikojn\u00eb n\u00eb fragmentimin e s\u00eb kaluar\u00ebs s\u00eb p\u00ebrbashk\u00ebt. E, dihet se kur fragmentohet e kaluara, s\u2019ka sesi t\u00eb jet\u00eb e ndritshme e ardhmja.<br \/>\nBashk\u00ebjetesa e popujve, \u00ebsht\u00eb nj\u00eb d\u00ebshir\u00eb e p\u00ebrhershme e njer\u00ebzimit, e k\u00ebrkuar me nganj\u00ebher\u00eb me ngulm. Mir\u00ebpo, kjo d\u00ebshir\u00eb, asnj\u00ebher\u00eb s\u2019\u00ebsht\u00eb b\u00ebr\u00eb Kopsht Edeni. Kjo p\u00ebr faktin, se k\u00ebt\u00eb dashuri \u00e7do her\u00eb e ka prish nj\u00eb Ev\u00eb lakmitare, apo nj\u00eb gjarp\u00ebr mashtrues.<br \/>\nJav\u00ebn e kaluar, \u201cv\u00ebllez\u00ebrit\u201d na fyen, na p\u00ebr\u00e7muan, na preken nderin e te kaluar\u00ebn dhe ne fund ju k\u00ebrkuan falje serbeve. Ministri i jasht\u00ebm turk, Ahmet Davatoglu, i cili i konsideron shqiptaret mbetje osmane n\u00eb Ballkan, ishte e udh\u00ebs t&#8217;iu k\u00ebrkonte falje shqiptareve. E disa shqiptar\u00eb, q\u00eb krekosen e p\u00ebrbehen n\u00eb k\u00ebt\u00eb v\u00ebllaz\u00ebri, tash duhet ta kuptojn\u00eb se n\u00eb fund t\u00eb fundit, aleanca serbo-turke, \u00ebsht\u00eb shum\u00ebfish me e fort se ajo me disa shqiptar\u00eb, t\u00eb cil\u00ebt t\u00eb prir\u00eb nga simpatit\u00eb fetare, jan\u00eb n\u00eb gjendje t\u00eb heqin dor\u00eb nga identitet i tyre komb\u00ebtar. E ne e dim\u00eb, se historikisht, nga k\u00ebto aleanca kemi p\u00ebrjetuar vet\u00ebm te k\u00ebqija. Prandaj, rilind\u00ebsit e m\u00ebdhenj, nga Stambolli dikur na k\u00ebshillonin: dielli p\u00ebr ne lind vet\u00ebm ne per\u00ebndim.<br \/>\nAjo \u00e7ka ndodhi jav\u00ebn e kaluar n\u00eb Prizren, ku n\u00eb nj\u00eb podium t\u00eb ngritur p\u00ebr ardhjen e kryeministrit turk, R. Erdogan, (t\u00eb keqp\u00ebrdorur n\u00eb nj\u00eb fushat\u00eb elektorale), u tha: \u201cKosova \u00ebsht\u00eb Turqi\u201d, \u00ebsht\u00eb nj\u00eb marri e madhe. N\u00eb at\u00eb podium, Erdogani u duartrokit. P\u00ebr m\u00eb tep\u00ebr, ai u glorifikua dhe ju propozua shqiptar\u00ebve si model. E n\u00eb t\u00eb v\u00ebrtet, shqiptar\u00ebt e din\u00eb mir\u00eb se ai s\u2019\u00ebsht\u00eb lider p\u00ebr t\u2019u lakmuar, sepse p\u00ebrfaq\u00ebson nj\u00eb model t\u00eb shtypjes, t\u00eb nj\u00eb pushteti jo demokratik, q\u00eb vret protestues, burgos\u00eb gazetar\u00eb, artist\u00eb dhe q\u00eb e shkat\u00ebrron tradit\u00ebn liberale e sekulare t\u00eb shtetit turk.<br \/>\nP\u00ebrball\u00eb parullave t\u00eb rrezikshme t\u00eb shefit t\u00eb qeveris\u00eb turke, dy kryeministrat shqiptar\u00eb, Edi Rama e Hashim Thaqi, duartrokit\u00ebn t\u00eb ekzaltuar dhe t\u00eb nj\u00ebjtit u \u00e7irren me nj\u00eb patetiz\u00ebm absurd e krejt t\u00eb pakuptimt\u00eb p\u00ebr marr\u00ebdh\u00ebnie v\u00ebllaz\u00ebrore me Turqin\u00eb. E gjith\u00eb kjo s\u2019do t\u00eb p\u00ebrcillej me kaq ndjeshm\u00ebri t\u00eb theksuar publike, sikur t\u00eb mos njihej bot\u00ebrisht doktrina neoosmane e k\u00ebtij shteti.<br \/>\n\u00cbsht\u00eb p\u00ebr t\u00eb ardhur keq sesi dy kryeministrat shqiptar\u00eb, t\u00eb ekzaltuar harruan zotimet e tyre p\u00ebr liri, demokraci dhe ecjen ka Europa, e ran\u00eb preh e nj\u00eb lideri q\u00eb sot ka nj\u00eb projekt ekspasionues neoosman, i cili projekt do t\u2019i ricikloj\u00eb \u201cmbetjet osmane n\u00eb Ballkan\u201d. Dy kryeministrat tan\u00eb vasal\u00eb, n\u00ebn d\u00eblirin e mysafirit, harruan po ashtu se shqiptar\u00ebt kan\u00eb kujtes\u00eb t\u00eb keqe me fjalimet e tilla, harruan se historia e formimit t\u00eb identitetit shqiptar, pa dashjen tyre, \u00ebsht\u00eb histori antiosmane. Madje, harroj edhe Hashim Thaqi se nga doktrina t\u00eb tilla hegjemoniste, \u00ebsht\u00eb helmuar krejt Ballkani dhe ka rezultuar me luft\u00ebra e gjakderdhje. Thjesht, ajo \u00e7ka ndodhi n\u00eb Prizren, ishte nj\u00eb marri dhe p\u00ebr k\u00ebt\u00eb, p\u00ebrgjegj\u00ebsia bie mbi dy vasal\u00ebt tan\u00eb, po aq sa mbi liderin turk.<br \/>\nNga fjalimi i Erdoganit, u fyen dhe u p\u00ebr\u00e7muan shqiptar\u00ebt, u prek n\u00eb sed\u00ebr qenia shqiptare dhe u demonizu krejt historia shqiptare. Kjo marre shp\u00ebrtheu e kund\u00ebrmoj keq tek gjith\u00eb ata q\u00eb ndjehen shqiptar\u00eb.<br \/>\nReaguan analist\u00eb e opinionist\u00eb, figura t\u00eb njohura t\u00eb jet\u00ebs publike, si dhe shkrimtari ma i madh shqiptar, Ismail Kadare. Thjesht, u quajt nj\u00eb turp komb\u00ebtar.<br \/>\nT\u00eb prekur nga p\u00ebrbuzja e sofr\u00ebs s\u00eb mir\u00ebpritjes, reagoj me t\u00eb drejt edhe Ipeshkvi i Kosov\u00ebs, Dod\u00eb Gjergji, duke i kujtuar kryeministrit turk se edhe v\u00ebllait nganj\u00ebher\u00eb kur e tepron, i thuhet: \u201cti n\u2019shpi tane, un\u00eb n\u2019shpi teme.\u201d<br \/>\nE krejt ndryshe ishin reagimet e Serbis\u00eb, q\u00eb ka po ashtu tendenca hegjemoniste ndaj Kosov\u00ebs. Nd\u00ebrkaq disa qarqe mediatike dhe palo analist\u00eb, u p\u00ebrpoq\u00ebn q\u00eb t\u00eb krijojn\u00eb nj\u00eb lidhje mes deklaratave t\u00eb pushtetar\u00ebve serb dhe deklarat\u00ebs s\u00eb Ipeshkvit Dod\u00eb Gjergji. Ky i fundit, si prelat i Kish\u00ebs Katolike, duke qen\u00eb n\u00eb vazhdim\u00ebsi t\u00eb angazhimit p\u00ebr fe e atdhe, b\u00ebri at\u00eb q\u00eb ka b\u00ebr\u00eb \u00e7do her\u00eb kisha shqiptare, duke e lidh fatin e vet\u00eb, me fatin e popullit, si\u00e7 e lidhte n\u00eb shek. XVII korifeu i kultur\u00ebs shqiptare, Pjet\u00ebr Bogdani, q\u00eb kudo ishte, thoshte: \u201cFati i popullit, \u00ebsht\u00eb fati im.\u201d<br \/>\nAndaj, asgj\u00eb se honeps\u00eb ekzaltimin e dy kryeministrave shqiptar\u00eb, p\u00ebrball\u00eb kryeministrit t\u00eb Turqis\u00eb, R. Erdogan. Madje, asgj\u00eb s\u2019e honeps dashurin\u00eb foshnjore p\u00ebr nj\u00eb perandori q\u00eb s\u2019\u00ebsht\u00eb m\u00eb.<br \/>\nP\u00ebrkundrazi, shqiptar\u00ebt, n\u00eb prag t\u00eb 101 vjetorit t\u00eb \u00e7lirimit nga Perandoria Osmane, duhet t\u00eb k\u00ebndell\u00ebn nga amnezia historike, e shk\u00ebpusin nga prangat e rob\u00ebris\u00eb shpirt\u00ebrore dhe t\u00eb ecin vet\u00ebdijsh\u00ebm drejt s\u00eb ardhmes s\u00eb tyre.<\/p>\n","protected":false},"excerpt":{"rendered":"<p>Ndue Ukaj Si komb i formuar von\u00eb, i dalur nga rob\u00ebria e gjat\u00eb, me shum\u00eb plag\u00eb, i tkurrur e ndar\u00eb gjeografikisht, kemi filluar t\u2019i duam t\u00eb tjer\u00ebt, pa u m\u00ebsuar nj\u00ebher\u00eb ta duam vetveten. E, dihet, kjo \u201cdashuri\u201d, s\u2019\u00ebsht\u00eb gj\u00eb tjet\u00ebr, ve\u00e7 papjekuri dhe shfaqje infatile e nj\u00eb amnezie historike e kulturore. E till\u00eb \u00ebsht\u00eb [&hellip;]<\/p>\n","protected":false},"author":1,"featured_media":0,"comment_status":"open","ping_status":"closed","sticky":false,"template":"","format":"standard","meta":{"footnotes":""},"categories":[2],"tags":[],"class_list":{"0":"post-13269","1":"post","2":"type-post","3":"status-publish","4":"format-standard","6":"category-artikuj"},"yoast_head":"<!-- This site is optimized with the Yoast SEO plugin v27.4 - https:\/\/yoast.com\/product\/yoast-seo-wordpress\/ -->\n<title>Mes lindjes e per\u00ebndimit - FjALA e LIR\u00cb - Arkivi<\/title>\n<meta name=\"robots\" content=\"index, follow, max-snippet:-1, max-image-preview:large, max-video-preview:-1\" \/>\n<link rel=\"canonical\" href=\"https:\/\/fjala.info\/2009-2015\/mes-lindjes-e-perendimit\/\" \/>\n<meta property=\"og:locale\" content=\"sq_AL\" \/>\n<meta property=\"og:type\" content=\"article\" \/>\n<meta property=\"og:title\" content=\"Mes lindjes e per\u00ebndimit - FjALA e LIR\u00cb - Arkivi\" \/>\n<meta property=\"og:description\" content=\"Ndue Ukaj Si komb i formuar von\u00eb, i dalur nga rob\u00ebria e gjat\u00eb, me shum\u00eb plag\u00eb, i tkurrur e ndar\u00eb gjeografikisht, kemi filluar t\u2019i duam t\u00eb tjer\u00ebt, pa u m\u00ebsuar nj\u00ebher\u00eb ta duam vetveten. E, dihet, kjo \u201cdashuri\u201d, s\u2019\u00ebsht\u00eb gj\u00eb tjet\u00ebr, ve\u00e7 papjekuri dhe shfaqje infatile e nj\u00eb amnezie historike e kulturore. E till\u00eb \u00ebsht\u00eb [&hellip;]\" \/>\n<meta property=\"og:url\" content=\"https:\/\/fjala.info\/2009-2015\/mes-lindjes-e-perendimit\/\" \/>\n<meta property=\"og:site_name\" content=\"FjALA e LIR\u00cb - Arkivi\" \/>\n<meta property=\"article:published_time\" content=\"2013-12-02T22:49:47+00:00\" \/>\n<meta name=\"author\" content=\"admin\" \/>\n<meta name=\"twitter:card\" content=\"summary_large_image\" \/>\n<meta name=\"twitter:label1\" content=\"Written by\" \/>\n\t<meta name=\"twitter:data1\" content=\"admin\" \/>\n\t<meta name=\"twitter:label2\" content=\"Est. reading time\" \/>\n\t<meta name=\"twitter:data2\" content=\"5 minutes\" \/>\n<script type=\"application\/ld+json\" class=\"yoast-schema-graph\">{\"@context\":\"https:\\\/\\\/schema.org\",\"@graph\":[{\"@type\":\"Article\",\"@id\":\"https:\\\/\\\/fjala.info\\\/2009-2015\\\/mes-lindjes-e-perendimit\\\/#article\",\"isPartOf\":{\"@id\":\"https:\\\/\\\/fjala.info\\\/2009-2015\\\/mes-lindjes-e-perendimit\\\/\"},\"author\":{\"name\":\"admin\",\"@id\":\"https:\\\/\\\/fjala.info\\\/2009-2015\\\/#\\\/schema\\\/person\\\/3aa1163ef05469c496fc94e77611ada2\"},\"headline\":\"Mes lindjes e per\u00ebndimit\",\"datePublished\":\"2013-12-02T22:49:47+00:00\",\"mainEntityOfPage\":{\"@id\":\"https:\\\/\\\/fjala.info\\\/2009-2015\\\/mes-lindjes-e-perendimit\\\/\"},\"wordCount\":1064,\"commentCount\":0,\"publisher\":{\"@id\":\"https:\\\/\\\/fjala.info\\\/2009-2015\\\/#organization\"},\"articleSection\":[\"Artikuj\"],\"inLanguage\":\"sq-AL\",\"potentialAction\":[{\"@type\":\"CommentAction\",\"name\":\"Comment\",\"target\":[\"https:\\\/\\\/fjala.info\\\/2009-2015\\\/mes-lindjes-e-perendimit\\\/#respond\"]}]},{\"@type\":\"WebPage\",\"@id\":\"https:\\\/\\\/fjala.info\\\/2009-2015\\\/mes-lindjes-e-perendimit\\\/\",\"url\":\"https:\\\/\\\/fjala.info\\\/2009-2015\\\/mes-lindjes-e-perendimit\\\/\",\"name\":\"Mes lindjes e per\u00ebndimit - FjALA e LIR\u00cb - Arkivi\",\"isPartOf\":{\"@id\":\"https:\\\/\\\/fjala.info\\\/2009-2015\\\/#website\"},\"datePublished\":\"2013-12-02T22:49:47+00:00\",\"breadcrumb\":{\"@id\":\"https:\\\/\\\/fjala.info\\\/2009-2015\\\/mes-lindjes-e-perendimit\\\/#breadcrumb\"},\"inLanguage\":\"sq-AL\",\"potentialAction\":[{\"@type\":\"ReadAction\",\"target\":[\"https:\\\/\\\/fjala.info\\\/2009-2015\\\/mes-lindjes-e-perendimit\\\/\"]}]},{\"@type\":\"BreadcrumbList\",\"@id\":\"https:\\\/\\\/fjala.info\\\/2009-2015\\\/mes-lindjes-e-perendimit\\\/#breadcrumb\",\"itemListElement\":[{\"@type\":\"ListItem\",\"position\":1,\"name\":\"Home\",\"item\":\"https:\\\/\\\/fjala.info\\\/2009-2015\\\/\"},{\"@type\":\"ListItem\",\"position\":2,\"name\":\"Mes lindjes e per\u00ebndimit\"}]},{\"@type\":\"WebSite\",\"@id\":\"https:\\\/\\\/fjala.info\\\/2009-2015\\\/#website\",\"url\":\"https:\\\/\\\/fjala.info\\\/2009-2015\\\/\",\"name\":\"FjALA e LIR\u00cb - Arkivi\",\"description\":\"Arkivi 2009-2015\",\"publisher\":{\"@id\":\"https:\\\/\\\/fjala.info\\\/2009-2015\\\/#organization\"},\"potentialAction\":[{\"@type\":\"SearchAction\",\"target\":{\"@type\":\"EntryPoint\",\"urlTemplate\":\"https:\\\/\\\/fjala.info\\\/2009-2015\\\/?s={search_term_string}\"},\"query-input\":{\"@type\":\"PropertyValueSpecification\",\"valueRequired\":true,\"valueName\":\"search_term_string\"}}],\"inLanguage\":\"sq-AL\"},{\"@type\":\"Organization\",\"@id\":\"https:\\\/\\\/fjala.info\\\/2009-2015\\\/#organization\",\"name\":\"FjALA e LIR\u00cb - Arkivi\",\"url\":\"https:\\\/\\\/fjala.info\\\/2009-2015\\\/\",\"logo\":{\"@type\":\"ImageObject\",\"inLanguage\":\"sq-AL\",\"@id\":\"https:\\\/\\\/fjala.info\\\/2009-2015\\\/#\\\/schema\\\/logo\\\/image\\\/\",\"url\":\"\",\"contentUrl\":\"\",\"caption\":\"FjALA e LIR\u00cb - Arkivi\"},\"image\":{\"@id\":\"https:\\\/\\\/fjala.info\\\/2009-2015\\\/#\\\/schema\\\/logo\\\/image\\\/\"}},{\"@type\":\"Person\",\"@id\":\"https:\\\/\\\/fjala.info\\\/2009-2015\\\/#\\\/schema\\\/person\\\/3aa1163ef05469c496fc94e77611ada2\",\"name\":\"admin\",\"image\":{\"@type\":\"ImageObject\",\"inLanguage\":\"sq-AL\",\"@id\":\"https:\\\/\\\/fjala.info\\\/2009-2015\\\/wp-content\\\/uploads\\\/2012\\\/02\\\/arben_cokaj-120x150.jpg\",\"url\":\"https:\\\/\\\/fjala.info\\\/2009-2015\\\/wp-content\\\/uploads\\\/2012\\\/02\\\/arben_cokaj-120x150.jpg\",\"contentUrl\":\"https:\\\/\\\/fjala.info\\\/2009-2015\\\/wp-content\\\/uploads\\\/2012\\\/02\\\/arben_cokaj-120x150.jpg\",\"caption\":\"admin\"},\"description\":\"Admin, Fjala e Lir\u00eb\",\"sameAs\":[\"https:\\\/\\\/fjala.info\\\/\"],\"url\":\"https:\\\/\\\/fjala.info\\\/2009-2015\\\/author\\\/admin\\\/\"}]}<\/script>\n<!-- \/ Yoast SEO plugin. -->","yoast_head_json":{"title":"Mes lindjes e per\u00ebndimit - FjALA e LIR\u00cb - Arkivi","robots":{"index":"index","follow":"follow","max-snippet":"max-snippet:-1","max-image-preview":"max-image-preview:large","max-video-preview":"max-video-preview:-1"},"canonical":"https:\/\/fjala.info\/2009-2015\/mes-lindjes-e-perendimit\/","og_locale":"sq_AL","og_type":"article","og_title":"Mes lindjes e per\u00ebndimit - FjALA e LIR\u00cb - Arkivi","og_description":"Ndue Ukaj Si komb i formuar von\u00eb, i dalur nga rob\u00ebria e gjat\u00eb, me shum\u00eb plag\u00eb, i tkurrur e ndar\u00eb gjeografikisht, kemi filluar t\u2019i duam t\u00eb tjer\u00ebt, pa u m\u00ebsuar nj\u00ebher\u00eb ta duam vetveten. E, dihet, kjo \u201cdashuri\u201d, s\u2019\u00ebsht\u00eb gj\u00eb tjet\u00ebr, ve\u00e7 papjekuri dhe shfaqje infatile e nj\u00eb amnezie historike e kulturore. E till\u00eb \u00ebsht\u00eb [&hellip;]","og_url":"https:\/\/fjala.info\/2009-2015\/mes-lindjes-e-perendimit\/","og_site_name":"FjALA e LIR\u00cb - Arkivi","article_published_time":"2013-12-02T22:49:47+00:00","author":"admin","twitter_card":"summary_large_image","twitter_misc":{"Written by":"admin","Est. reading time":"5 minutes"},"schema":{"@context":"https:\/\/schema.org","@graph":[{"@type":"Article","@id":"https:\/\/fjala.info\/2009-2015\/mes-lindjes-e-perendimit\/#article","isPartOf":{"@id":"https:\/\/fjala.info\/2009-2015\/mes-lindjes-e-perendimit\/"},"author":{"name":"admin","@id":"https:\/\/fjala.info\/2009-2015\/#\/schema\/person\/3aa1163ef05469c496fc94e77611ada2"},"headline":"Mes lindjes e per\u00ebndimit","datePublished":"2013-12-02T22:49:47+00:00","mainEntityOfPage":{"@id":"https:\/\/fjala.info\/2009-2015\/mes-lindjes-e-perendimit\/"},"wordCount":1064,"commentCount":0,"publisher":{"@id":"https:\/\/fjala.info\/2009-2015\/#organization"},"articleSection":["Artikuj"],"inLanguage":"sq-AL","potentialAction":[{"@type":"CommentAction","name":"Comment","target":["https:\/\/fjala.info\/2009-2015\/mes-lindjes-e-perendimit\/#respond"]}]},{"@type":"WebPage","@id":"https:\/\/fjala.info\/2009-2015\/mes-lindjes-e-perendimit\/","url":"https:\/\/fjala.info\/2009-2015\/mes-lindjes-e-perendimit\/","name":"Mes lindjes e per\u00ebndimit - FjALA e LIR\u00cb - Arkivi","isPartOf":{"@id":"https:\/\/fjala.info\/2009-2015\/#website"},"datePublished":"2013-12-02T22:49:47+00:00","breadcrumb":{"@id":"https:\/\/fjala.info\/2009-2015\/mes-lindjes-e-perendimit\/#breadcrumb"},"inLanguage":"sq-AL","potentialAction":[{"@type":"ReadAction","target":["https:\/\/fjala.info\/2009-2015\/mes-lindjes-e-perendimit\/"]}]},{"@type":"BreadcrumbList","@id":"https:\/\/fjala.info\/2009-2015\/mes-lindjes-e-perendimit\/#breadcrumb","itemListElement":[{"@type":"ListItem","position":1,"name":"Home","item":"https:\/\/fjala.info\/2009-2015\/"},{"@type":"ListItem","position":2,"name":"Mes lindjes e per\u00ebndimit"}]},{"@type":"WebSite","@id":"https:\/\/fjala.info\/2009-2015\/#website","url":"https:\/\/fjala.info\/2009-2015\/","name":"FjALA e LIR\u00cb - Arkivi","description":"Arkivi 2009-2015","publisher":{"@id":"https:\/\/fjala.info\/2009-2015\/#organization"},"potentialAction":[{"@type":"SearchAction","target":{"@type":"EntryPoint","urlTemplate":"https:\/\/fjala.info\/2009-2015\/?s={search_term_string}"},"query-input":{"@type":"PropertyValueSpecification","valueRequired":true,"valueName":"search_term_string"}}],"inLanguage":"sq-AL"},{"@type":"Organization","@id":"https:\/\/fjala.info\/2009-2015\/#organization","name":"FjALA e LIR\u00cb - Arkivi","url":"https:\/\/fjala.info\/2009-2015\/","logo":{"@type":"ImageObject","inLanguage":"sq-AL","@id":"https:\/\/fjala.info\/2009-2015\/#\/schema\/logo\/image\/","url":"","contentUrl":"","caption":"FjALA e LIR\u00cb - Arkivi"},"image":{"@id":"https:\/\/fjala.info\/2009-2015\/#\/schema\/logo\/image\/"}},{"@type":"Person","@id":"https:\/\/fjala.info\/2009-2015\/#\/schema\/person\/3aa1163ef05469c496fc94e77611ada2","name":"admin","image":{"@type":"ImageObject","inLanguage":"sq-AL","@id":"https:\/\/fjala.info\/2009-2015\/wp-content\/uploads\/2012\/02\/arben_cokaj-120x150.jpg","url":"https:\/\/fjala.info\/2009-2015\/wp-content\/uploads\/2012\/02\/arben_cokaj-120x150.jpg","contentUrl":"https:\/\/fjala.info\/2009-2015\/wp-content\/uploads\/2012\/02\/arben_cokaj-120x150.jpg","caption":"admin"},"description":"Admin, Fjala e Lir\u00eb","sameAs":["https:\/\/fjala.info\/"],"url":"https:\/\/fjala.info\/2009-2015\/author\/admin\/"}]}},"_links":{"self":[{"href":"https:\/\/fjala.info\/2009-2015\/wp-json\/wp\/v2\/posts\/13269","targetHints":{"allow":["GET"]}}],"collection":[{"href":"https:\/\/fjala.info\/2009-2015\/wp-json\/wp\/v2\/posts"}],"about":[{"href":"https:\/\/fjala.info\/2009-2015\/wp-json\/wp\/v2\/types\/post"}],"author":[{"embeddable":true,"href":"https:\/\/fjala.info\/2009-2015\/wp-json\/wp\/v2\/users\/1"}],"replies":[{"embeddable":true,"href":"https:\/\/fjala.info\/2009-2015\/wp-json\/wp\/v2\/comments?post=13269"}],"version-history":[{"count":0,"href":"https:\/\/fjala.info\/2009-2015\/wp-json\/wp\/v2\/posts\/13269\/revisions"}],"wp:attachment":[{"href":"https:\/\/fjala.info\/2009-2015\/wp-json\/wp\/v2\/media?parent=13269"}],"wp:term":[{"taxonomy":"category","embeddable":true,"href":"https:\/\/fjala.info\/2009-2015\/wp-json\/wp\/v2\/categories?post=13269"},{"taxonomy":"post_tag","embeddable":true,"href":"https:\/\/fjala.info\/2009-2015\/wp-json\/wp\/v2\/tags?post=13269"}],"curies":[{"name":"wp","href":"https:\/\/api.w.org\/{rel}","templated":true}]}}