{"id":13268,"date":"2013-12-06T23:40:51","date_gmt":"2013-12-06T22:40:51","guid":{"rendered":"http:\/\/fjala.info\/?p=5464"},"modified":"2013-12-06T23:40:51","modified_gmt":"2013-12-06T22:40:51","slug":"jete-te-riciklueshme-fitoi-cmimin-dokumentari-me-i-mire-ne-new-york","status":"publish","type":"post","link":"https:\/\/fjala.info\/2009-2015\/jete-te-riciklueshme-fitoi-cmimin-dokumentari-me-i-mire-ne-new-york\/","title":{"rendered":"\u201cJet\u00eb t\u00eb Riciklueshme\u201d fitoi \u00e7mimin Dokumentari M\u00eb i Mir\u00eb n\u00eb New York"},"content":{"rendered":"<p><img decoding=\"async\" class=\"alignright size-thumbnail wp-image-7236\" title=\"Jet\u00eb t\u00eb Riciklueshme\" alt=\"\" src=\"http:\/\/www.fjala.info\/2013\/jete_reciklueshme.jpg\" width=\"300\" \/> Nga: <strong>Ermira Babamusta<\/strong>, <em>New York<\/em><\/p>\n<p>Filmi i shkurt\u00ebr \u201cJet\u00eb t\u00eb Riciklueshme\u201d me natyr\u00eb artistike portret \u2013 dokumentar realizuar nga Blerina Goce u shfaq n\u00eb festivalin \u201cYoung Albanian Filmmakers Festival\u201d n\u00eb New York. Festivali, organizuar me sukses nga Bujar Alimani u mbajt n\u00eb Manhattan, tek Producers Club n\u00eb datat 29 n\u00ebntor \u2013 1 dhjetor. Dokumentari cek tem\u00eb sociale dhe rrezikun me t\u00eb cilin p\u00ebrballet nj\u00eb familje dhe lagje n\u00eb Shqip\u00ebri nga ndotja dhe mbeturinat n\u00eb ambient.<\/p>\n<p>\u201cShqip\u00ebria, \u00ebsht\u00eb para nj\u00eb momenti t\u00eb madh q\u00eb hap sipas meje nj\u00eb epok\u00eb t\u00eb re n\u00eb historin\u00eb ton\u00eb, at\u00eb t\u00eb europianizimit. Filmi dokumentar normalisht ka shum\u00eb p\u00ebr t\u00eb reflektuar dhe adresuar k\u00ebto probleme t\u00eb zhvillimit. Shpresoj q\u00eb institucionet e filmit n\u00eb Shqip\u00ebri t\u00eb zgjohen dhe t\u00eb jen\u00eb n\u00eb nj\u00eb hap me kineman\u00eb shqiptare. N\u00eb fund t\u00eb fundit shpresoj q\u00eb t\u00eb gjith\u00eb t\u00eb kemi mund\u00ebsin\u00eb dhe mb\u00ebshtetjen p\u00ebr t\u00eb b\u00ebr\u00eb filma qoft\u00eb dhe duke ngjallur debatin publik p\u00ebr \u00e7\u00ebshtje q\u00eb shqet\u00ebsojn\u00eb realisht shoq\u00ebrin\u00eb ton\u00eb,\u201d u shpreh Blerina Goce.<\/p>\n<p style=\"text-align: center;\"><img decoding=\"async\" class=\"aligncentersize-thumbnail wp-image-7236 aligncenter\" title=\"Violeta Mirakaj, Bujar Alimani, Arta Kallaba, Ermira Babamusta dhe Lola Luma\" alt=\"\" src=\"http:\/\/www.fjala.info\/2013\/violeta_mirakaj_bujar_alimani_arta_kallaba_ermira_babamusta_lola_luma.jpg\" width=\"500\" \/><em>Violeta Mirakaj, Bujar Alimani, Arta Kallaba, Ermira Babamusta dhe Lola Luma<\/em><\/p>\n<p>\u201cShoq\u00ebria shqiptare vitet e fundit po p\u00ebrballet me problemet mjedisore q\u00eb sa vijn\u00eb e b\u00ebhen m\u00eb t\u00eb mprehta. Prej koh\u00ebsh po kerkoja t\u00eb gjeja mjetin m\u00eb t\u00eb mir\u00eb p\u00ebr t\u00eb shprehur pik\u00ebrisht disa shqet\u00ebsime t\u00eb miat dhe jo vet\u00ebm. Mund\u00ebsia mu krijua me uorkshopin p\u00ebr kineast\u00eb t\u00eb rinj t\u00eb organizuar nga Akademia \u201cVaraan\u201d dhe Televizioni Francez Arte, n\u00eb ambientet e Akademis\u00eb \u201cMarubi\u201d me mb\u00ebshtetjen e Bashkimit Evropian. Un\u00eb, pasi fitova konkursin dhe m\u2019u miratua projekti, m\u2019u desh t\u00eb p\u00ebrballesha jo vet\u00ebm me v\u00ebshtir\u00ebsit\u00eb e natyrshme t\u00eb trajtimit t\u00eb k\u00ebsaj teme, por edhe me pengesa t\u00eb shumta per t\u00eb cilat mu desh t\u2019i drejtohem p\u00ebr mbrojtje Zyr\u00ebs s\u00eb T\u00eb Drejtave t\u00eb Autorit. Ndoshta kjo \u00ebsht\u00eb rrjedha normale e filmave dokumentar\u00eb, q\u00eb atakojn\u00eb interesa t\u00eb caktura,\u201d shtoi ajo.<\/p>\n<p>N\u00eb nat\u00ebn finale, juria e p\u00ebrb\u00ebr\u00eb nga Arta Kallaba (kryetare), Ermira Babamusta dhe Violeta Mirakaj shpalli list\u00ebn fituese t\u00eb filmave t\u00eb p\u00ebrzgjedhur t\u00eb festivalit. Filmi \u201cJet\u00eb t\u00eb Riciklueshme\u201d me regji t\u00eb Blerina Goce fitoi \u00e7mimin \u201cBest Documentary\u201d (Dokumentari m\u00eb i mir\u00eb). Filmi ishte nj\u00eb nga filmat m\u00eb t\u00eb p\u00eblqyer dhe diskutuar nga pjes\u00ebmarr\u00ebsit gjat\u00eb Q&amp;A pas shfaqjes s\u00eb filmave dhe u fol shum\u00eb p\u00ebr tem\u00ebn reale dhe t\u00eb guximshme t\u00eb trajtuar nga Blerina Goce.<\/p>\n<p>\u201cS\u00eb pari dua t\u00eb falenderoj regjisorin Bujar Alimani dhe Alfred Tollja si nism\u00ebtar\u00eb t\u00eb k\u00ebtij aktiviteti, t\u00eb cil\u00ebve ju ka p\u00eblqyer filmi im q\u00eb n\u00eb momentin e par\u00eb q\u00eb e kan\u00eb par\u00eb. Gjithashtu falenderoj dhe t\u00eb gjith\u00eb selektor\u00ebt q\u00eb p\u00ebrzgjodh\u00ebn p\u00ebr t\u00eb qen\u00eb pjes\u00eb e festivalit. Pas nj\u00eb rruge t\u00eb v\u00ebshtir\u00eb jam e lumtur q\u00eb filmi m\u00eb n\u00eb fund pati premier\u00ebn n\u00eb Nju Jork dhe q\u00eb n\u00eb shfaqjen e tij t\u00eb par\u00eb nderohet me \u00e7mimin Dokumentari m\u00eb i mir\u00eb. P\u00ebr m\u00eb tep\u00ebr m\u00eb k\u00ebnaq diskutimi i gjer\u00eb q\u00eb ka hapur filmi midis bashk\u00ebkomb\u00ebsve tan\u00eb n\u00eb SHBA.<\/p>\n<p>P\u00ebr mua \u00ebsht\u00eb shum\u00eb e r\u00ebnd\u00ebsishme q\u00eb nj\u00eb \u201cer\u00eb e re\u201d po fryn n\u00eb kineman\u00eb shqiptare dhe \u00ebsht\u00eb p\u00ebr tu vler\u00ebsuar q\u00eb filmat e autor\u00ebve shqiptar\u00eb tashm\u00eb mund t\u00eb shfaqen n\u00eb Nju Jork apo kudo tjet\u00ebr n\u00eb bot\u00eb, madje edhe p\u00ebrpara se t\u00eb ken\u00eb premier\u00ebn n\u00eb Shqip\u00ebri. M\u00eb g\u00ebzon fakti q\u00eb nd\u00ebr filmat e paraqitur, shumica kishin si autor\u00eb regjisore femra, si dhe fakti q\u00eb jan\u00eb vler\u00ebsuar nga nj\u00eb juri fem\u00ebrore. Mendoj se edhe n\u00eb Shqip\u00ebri po lind nj\u00eb gjenerat\u00eb e re kineastesh femra , ashtu si edhe n\u00eb Kosov\u00eb, e q\u00eb si k\u00ebto t\u00eb fundit, do t\u00eb mund t\u00eb sjellin nj\u00eb kinema tjet\u00ebr, q\u00eb do t\u00eb vler\u00ebsohet edhe jasht\u00eb kufijve shqiptar\u00eb,\u201d tha regjizorja Blerina Goce.<\/p>\n","protected":false},"excerpt":{"rendered":"<p>Nga: Ermira Babamusta, New York Filmi i shkurt\u00ebr \u201cJet\u00eb t\u00eb Riciklueshme\u201d me natyr\u00eb artistike portret \u2013 dokumentar realizuar nga Blerina Goce u shfaq n\u00eb festivalin \u201cYoung Albanian Filmmakers Festival\u201d n\u00eb New York. Festivali, organizuar me sukses nga Bujar Alimani u mbajt n\u00eb Manhattan, tek Producers Club n\u00eb datat 29 n\u00ebntor \u2013 1 dhjetor. Dokumentari cek [&hellip;]<\/p>\n","protected":false},"author":1,"featured_media":0,"comment_status":"open","ping_status":"closed","sticky":false,"template":"","format":"standard","meta":{"footnotes":""},"categories":[2],"tags":[],"class_list":{"0":"post-13268","1":"post","2":"type-post","3":"status-publish","4":"format-standard","6":"category-artikuj"},"yoast_head":"<!-- This site is optimized with the Yoast SEO plugin v27.4 - https:\/\/yoast.com\/product\/yoast-seo-wordpress\/ -->\n<title>\u201cJet\u00eb t\u00eb Riciklueshme\u201d fitoi \u00e7mimin Dokumentari M\u00eb i Mir\u00eb n\u00eb New York - FjALA e LIR\u00cb - Arkivi<\/title>\n<meta name=\"robots\" content=\"index, follow, max-snippet:-1, max-image-preview:large, max-video-preview:-1\" \/>\n<link rel=\"canonical\" href=\"https:\/\/fjala.info\/2009-2015\/jete-te-riciklueshme-fitoi-cmimin-dokumentari-me-i-mire-ne-new-york\/\" \/>\n<meta property=\"og:locale\" content=\"sq_AL\" \/>\n<meta property=\"og:type\" content=\"article\" \/>\n<meta property=\"og:title\" content=\"\u201cJet\u00eb t\u00eb Riciklueshme\u201d fitoi \u00e7mimin Dokumentari M\u00eb i Mir\u00eb n\u00eb New York - FjALA e LIR\u00cb - Arkivi\" \/>\n<meta property=\"og:description\" content=\"Nga: Ermira Babamusta, New York Filmi i shkurt\u00ebr \u201cJet\u00eb t\u00eb Riciklueshme\u201d me natyr\u00eb artistike portret \u2013 dokumentar realizuar nga Blerina Goce u shfaq n\u00eb festivalin \u201cYoung Albanian Filmmakers Festival\u201d n\u00eb New York. Festivali, organizuar me sukses nga Bujar Alimani u mbajt n\u00eb Manhattan, tek Producers Club n\u00eb datat 29 n\u00ebntor \u2013 1 dhjetor. Dokumentari cek [&hellip;]\" \/>\n<meta property=\"og:url\" content=\"https:\/\/fjala.info\/2009-2015\/jete-te-riciklueshme-fitoi-cmimin-dokumentari-me-i-mire-ne-new-york\/\" \/>\n<meta property=\"og:site_name\" content=\"FjALA e LIR\u00cb - Arkivi\" \/>\n<meta property=\"article:published_time\" content=\"2013-12-06T22:40:51+00:00\" \/>\n<meta property=\"og:image\" content=\"http:\/\/www.fjala.info\/2013\/jete_reciklueshme.jpg\" \/>\n<meta name=\"author\" content=\"admin\" \/>\n<meta name=\"twitter:card\" content=\"summary_large_image\" \/>\n<meta name=\"twitter:label1\" content=\"Written by\" \/>\n\t<meta name=\"twitter:data1\" content=\"admin\" \/>\n\t<meta name=\"twitter:label2\" content=\"Est. reading time\" \/>\n\t<meta name=\"twitter:data2\" content=\"3 minutes\" \/>\n<script type=\"application\/ld+json\" class=\"yoast-schema-graph\">{\"@context\":\"https:\\\/\\\/schema.org\",\"@graph\":[{\"@type\":\"Article\",\"@id\":\"https:\\\/\\\/fjala.info\\\/2009-2015\\\/jete-te-riciklueshme-fitoi-cmimin-dokumentari-me-i-mire-ne-new-york\\\/#article\",\"isPartOf\":{\"@id\":\"https:\\\/\\\/fjala.info\\\/2009-2015\\\/jete-te-riciklueshme-fitoi-cmimin-dokumentari-me-i-mire-ne-new-york\\\/\"},\"author\":{\"name\":\"admin\",\"@id\":\"https:\\\/\\\/fjala.info\\\/2009-2015\\\/#\\\/schema\\\/person\\\/3aa1163ef05469c496fc94e77611ada2\"},\"headline\":\"\u201cJet\u00eb t\u00eb Riciklueshme\u201d fitoi \u00e7mimin Dokumentari M\u00eb i Mir\u00eb n\u00eb New York\",\"datePublished\":\"2013-12-06T22:40:51+00:00\",\"mainEntityOfPage\":{\"@id\":\"https:\\\/\\\/fjala.info\\\/2009-2015\\\/jete-te-riciklueshme-fitoi-cmimin-dokumentari-me-i-mire-ne-new-york\\\/\"},\"wordCount\":673,\"commentCount\":0,\"publisher\":{\"@id\":\"https:\\\/\\\/fjala.info\\\/2009-2015\\\/#organization\"},\"image\":{\"@id\":\"https:\\\/\\\/fjala.info\\\/2009-2015\\\/jete-te-riciklueshme-fitoi-cmimin-dokumentari-me-i-mire-ne-new-york\\\/#primaryimage\"},\"thumbnailUrl\":\"http:\\\/\\\/www.fjala.info\\\/2013\\\/jete_reciklueshme.jpg\",\"articleSection\":[\"Artikuj\"],\"inLanguage\":\"sq-AL\",\"potentialAction\":[{\"@type\":\"CommentAction\",\"name\":\"Comment\",\"target\":[\"https:\\\/\\\/fjala.info\\\/2009-2015\\\/jete-te-riciklueshme-fitoi-cmimin-dokumentari-me-i-mire-ne-new-york\\\/#respond\"]}]},{\"@type\":\"WebPage\",\"@id\":\"https:\\\/\\\/fjala.info\\\/2009-2015\\\/jete-te-riciklueshme-fitoi-cmimin-dokumentari-me-i-mire-ne-new-york\\\/\",\"url\":\"https:\\\/\\\/fjala.info\\\/2009-2015\\\/jete-te-riciklueshme-fitoi-cmimin-dokumentari-me-i-mire-ne-new-york\\\/\",\"name\":\"\u201cJet\u00eb t\u00eb Riciklueshme\u201d fitoi \u00e7mimin Dokumentari M\u00eb i Mir\u00eb n\u00eb New York - FjALA e LIR\u00cb - Arkivi\",\"isPartOf\":{\"@id\":\"https:\\\/\\\/fjala.info\\\/2009-2015\\\/#website\"},\"primaryImageOfPage\":{\"@id\":\"https:\\\/\\\/fjala.info\\\/2009-2015\\\/jete-te-riciklueshme-fitoi-cmimin-dokumentari-me-i-mire-ne-new-york\\\/#primaryimage\"},\"image\":{\"@id\":\"https:\\\/\\\/fjala.info\\\/2009-2015\\\/jete-te-riciklueshme-fitoi-cmimin-dokumentari-me-i-mire-ne-new-york\\\/#primaryimage\"},\"thumbnailUrl\":\"http:\\\/\\\/www.fjala.info\\\/2013\\\/jete_reciklueshme.jpg\",\"datePublished\":\"2013-12-06T22:40:51+00:00\",\"breadcrumb\":{\"@id\":\"https:\\\/\\\/fjala.info\\\/2009-2015\\\/jete-te-riciklueshme-fitoi-cmimin-dokumentari-me-i-mire-ne-new-york\\\/#breadcrumb\"},\"inLanguage\":\"sq-AL\",\"potentialAction\":[{\"@type\":\"ReadAction\",\"target\":[\"https:\\\/\\\/fjala.info\\\/2009-2015\\\/jete-te-riciklueshme-fitoi-cmimin-dokumentari-me-i-mire-ne-new-york\\\/\"]}]},{\"@type\":\"ImageObject\",\"inLanguage\":\"sq-AL\",\"@id\":\"https:\\\/\\\/fjala.info\\\/2009-2015\\\/jete-te-riciklueshme-fitoi-cmimin-dokumentari-me-i-mire-ne-new-york\\\/#primaryimage\",\"url\":\"http:\\\/\\\/www.fjala.info\\\/2013\\\/jete_reciklueshme.jpg\",\"contentUrl\":\"http:\\\/\\\/www.fjala.info\\\/2013\\\/jete_reciklueshme.jpg\"},{\"@type\":\"BreadcrumbList\",\"@id\":\"https:\\\/\\\/fjala.info\\\/2009-2015\\\/jete-te-riciklueshme-fitoi-cmimin-dokumentari-me-i-mire-ne-new-york\\\/#breadcrumb\",\"itemListElement\":[{\"@type\":\"ListItem\",\"position\":1,\"name\":\"Home\",\"item\":\"https:\\\/\\\/fjala.info\\\/2009-2015\\\/\"},{\"@type\":\"ListItem\",\"position\":2,\"name\":\"\u201cJet\u00eb t\u00eb Riciklueshme\u201d fitoi \u00e7mimin Dokumentari M\u00eb i Mir\u00eb n\u00eb New York\"}]},{\"@type\":\"WebSite\",\"@id\":\"https:\\\/\\\/fjala.info\\\/2009-2015\\\/#website\",\"url\":\"https:\\\/\\\/fjala.info\\\/2009-2015\\\/\",\"name\":\"FjALA e LIR\u00cb - Arkivi\",\"description\":\"Arkivi 2009-2015\",\"publisher\":{\"@id\":\"https:\\\/\\\/fjala.info\\\/2009-2015\\\/#organization\"},\"potentialAction\":[{\"@type\":\"SearchAction\",\"target\":{\"@type\":\"EntryPoint\",\"urlTemplate\":\"https:\\\/\\\/fjala.info\\\/2009-2015\\\/?s={search_term_string}\"},\"query-input\":{\"@type\":\"PropertyValueSpecification\",\"valueRequired\":true,\"valueName\":\"search_term_string\"}}],\"inLanguage\":\"sq-AL\"},{\"@type\":\"Organization\",\"@id\":\"https:\\\/\\\/fjala.info\\\/2009-2015\\\/#organization\",\"name\":\"FjALA e LIR\u00cb - Arkivi\",\"url\":\"https:\\\/\\\/fjala.info\\\/2009-2015\\\/\",\"logo\":{\"@type\":\"ImageObject\",\"inLanguage\":\"sq-AL\",\"@id\":\"https:\\\/\\\/fjala.info\\\/2009-2015\\\/#\\\/schema\\\/logo\\\/image\\\/\",\"url\":\"\",\"contentUrl\":\"\",\"caption\":\"FjALA e LIR\u00cb - Arkivi\"},\"image\":{\"@id\":\"https:\\\/\\\/fjala.info\\\/2009-2015\\\/#\\\/schema\\\/logo\\\/image\\\/\"}},{\"@type\":\"Person\",\"@id\":\"https:\\\/\\\/fjala.info\\\/2009-2015\\\/#\\\/schema\\\/person\\\/3aa1163ef05469c496fc94e77611ada2\",\"name\":\"admin\",\"image\":{\"@type\":\"ImageObject\",\"inLanguage\":\"sq-AL\",\"@id\":\"https:\\\/\\\/fjala.info\\\/2009-2015\\\/wp-content\\\/uploads\\\/2012\\\/02\\\/arben_cokaj-120x150.jpg\",\"url\":\"https:\\\/\\\/fjala.info\\\/2009-2015\\\/wp-content\\\/uploads\\\/2012\\\/02\\\/arben_cokaj-120x150.jpg\",\"contentUrl\":\"https:\\\/\\\/fjala.info\\\/2009-2015\\\/wp-content\\\/uploads\\\/2012\\\/02\\\/arben_cokaj-120x150.jpg\",\"caption\":\"admin\"},\"description\":\"Admin, Fjala e Lir\u00eb\",\"sameAs\":[\"https:\\\/\\\/fjala.info\\\/\"],\"url\":\"https:\\\/\\\/fjala.info\\\/2009-2015\\\/author\\\/admin\\\/\"}]}<\/script>\n<!-- \/ Yoast SEO plugin. -->","yoast_head_json":{"title":"\u201cJet\u00eb t\u00eb Riciklueshme\u201d fitoi \u00e7mimin Dokumentari M\u00eb i Mir\u00eb n\u00eb New York - FjALA e LIR\u00cb - Arkivi","robots":{"index":"index","follow":"follow","max-snippet":"max-snippet:-1","max-image-preview":"max-image-preview:large","max-video-preview":"max-video-preview:-1"},"canonical":"https:\/\/fjala.info\/2009-2015\/jete-te-riciklueshme-fitoi-cmimin-dokumentari-me-i-mire-ne-new-york\/","og_locale":"sq_AL","og_type":"article","og_title":"\u201cJet\u00eb t\u00eb Riciklueshme\u201d fitoi \u00e7mimin Dokumentari M\u00eb i Mir\u00eb n\u00eb New York - FjALA e LIR\u00cb - Arkivi","og_description":"Nga: Ermira Babamusta, New York Filmi i shkurt\u00ebr \u201cJet\u00eb t\u00eb Riciklueshme\u201d me natyr\u00eb artistike portret \u2013 dokumentar realizuar nga Blerina Goce u shfaq n\u00eb festivalin \u201cYoung Albanian Filmmakers Festival\u201d n\u00eb New York. Festivali, organizuar me sukses nga Bujar Alimani u mbajt n\u00eb Manhattan, tek Producers Club n\u00eb datat 29 n\u00ebntor \u2013 1 dhjetor. Dokumentari cek [&hellip;]","og_url":"https:\/\/fjala.info\/2009-2015\/jete-te-riciklueshme-fitoi-cmimin-dokumentari-me-i-mire-ne-new-york\/","og_site_name":"FjALA e LIR\u00cb - Arkivi","article_published_time":"2013-12-06T22:40:51+00:00","og_image":[{"url":"http:\/\/www.fjala.info\/2013\/jete_reciklueshme.jpg","type":"","width":"","height":""}],"author":"admin","twitter_card":"summary_large_image","twitter_misc":{"Written by":"admin","Est. reading time":"3 minutes"},"schema":{"@context":"https:\/\/schema.org","@graph":[{"@type":"Article","@id":"https:\/\/fjala.info\/2009-2015\/jete-te-riciklueshme-fitoi-cmimin-dokumentari-me-i-mire-ne-new-york\/#article","isPartOf":{"@id":"https:\/\/fjala.info\/2009-2015\/jete-te-riciklueshme-fitoi-cmimin-dokumentari-me-i-mire-ne-new-york\/"},"author":{"name":"admin","@id":"https:\/\/fjala.info\/2009-2015\/#\/schema\/person\/3aa1163ef05469c496fc94e77611ada2"},"headline":"\u201cJet\u00eb t\u00eb Riciklueshme\u201d fitoi \u00e7mimin Dokumentari M\u00eb i Mir\u00eb n\u00eb New York","datePublished":"2013-12-06T22:40:51+00:00","mainEntityOfPage":{"@id":"https:\/\/fjala.info\/2009-2015\/jete-te-riciklueshme-fitoi-cmimin-dokumentari-me-i-mire-ne-new-york\/"},"wordCount":673,"commentCount":0,"publisher":{"@id":"https:\/\/fjala.info\/2009-2015\/#organization"},"image":{"@id":"https:\/\/fjala.info\/2009-2015\/jete-te-riciklueshme-fitoi-cmimin-dokumentari-me-i-mire-ne-new-york\/#primaryimage"},"thumbnailUrl":"http:\/\/www.fjala.info\/2013\/jete_reciklueshme.jpg","articleSection":["Artikuj"],"inLanguage":"sq-AL","potentialAction":[{"@type":"CommentAction","name":"Comment","target":["https:\/\/fjala.info\/2009-2015\/jete-te-riciklueshme-fitoi-cmimin-dokumentari-me-i-mire-ne-new-york\/#respond"]}]},{"@type":"WebPage","@id":"https:\/\/fjala.info\/2009-2015\/jete-te-riciklueshme-fitoi-cmimin-dokumentari-me-i-mire-ne-new-york\/","url":"https:\/\/fjala.info\/2009-2015\/jete-te-riciklueshme-fitoi-cmimin-dokumentari-me-i-mire-ne-new-york\/","name":"\u201cJet\u00eb t\u00eb Riciklueshme\u201d fitoi \u00e7mimin Dokumentari M\u00eb i Mir\u00eb n\u00eb New York - FjALA e LIR\u00cb - Arkivi","isPartOf":{"@id":"https:\/\/fjala.info\/2009-2015\/#website"},"primaryImageOfPage":{"@id":"https:\/\/fjala.info\/2009-2015\/jete-te-riciklueshme-fitoi-cmimin-dokumentari-me-i-mire-ne-new-york\/#primaryimage"},"image":{"@id":"https:\/\/fjala.info\/2009-2015\/jete-te-riciklueshme-fitoi-cmimin-dokumentari-me-i-mire-ne-new-york\/#primaryimage"},"thumbnailUrl":"http:\/\/www.fjala.info\/2013\/jete_reciklueshme.jpg","datePublished":"2013-12-06T22:40:51+00:00","breadcrumb":{"@id":"https:\/\/fjala.info\/2009-2015\/jete-te-riciklueshme-fitoi-cmimin-dokumentari-me-i-mire-ne-new-york\/#breadcrumb"},"inLanguage":"sq-AL","potentialAction":[{"@type":"ReadAction","target":["https:\/\/fjala.info\/2009-2015\/jete-te-riciklueshme-fitoi-cmimin-dokumentari-me-i-mire-ne-new-york\/"]}]},{"@type":"ImageObject","inLanguage":"sq-AL","@id":"https:\/\/fjala.info\/2009-2015\/jete-te-riciklueshme-fitoi-cmimin-dokumentari-me-i-mire-ne-new-york\/#primaryimage","url":"http:\/\/www.fjala.info\/2013\/jete_reciklueshme.jpg","contentUrl":"http:\/\/www.fjala.info\/2013\/jete_reciklueshme.jpg"},{"@type":"BreadcrumbList","@id":"https:\/\/fjala.info\/2009-2015\/jete-te-riciklueshme-fitoi-cmimin-dokumentari-me-i-mire-ne-new-york\/#breadcrumb","itemListElement":[{"@type":"ListItem","position":1,"name":"Home","item":"https:\/\/fjala.info\/2009-2015\/"},{"@type":"ListItem","position":2,"name":"\u201cJet\u00eb t\u00eb Riciklueshme\u201d fitoi \u00e7mimin Dokumentari M\u00eb i Mir\u00eb n\u00eb New York"}]},{"@type":"WebSite","@id":"https:\/\/fjala.info\/2009-2015\/#website","url":"https:\/\/fjala.info\/2009-2015\/","name":"FjALA e LIR\u00cb - Arkivi","description":"Arkivi 2009-2015","publisher":{"@id":"https:\/\/fjala.info\/2009-2015\/#organization"},"potentialAction":[{"@type":"SearchAction","target":{"@type":"EntryPoint","urlTemplate":"https:\/\/fjala.info\/2009-2015\/?s={search_term_string}"},"query-input":{"@type":"PropertyValueSpecification","valueRequired":true,"valueName":"search_term_string"}}],"inLanguage":"sq-AL"},{"@type":"Organization","@id":"https:\/\/fjala.info\/2009-2015\/#organization","name":"FjALA e LIR\u00cb - Arkivi","url":"https:\/\/fjala.info\/2009-2015\/","logo":{"@type":"ImageObject","inLanguage":"sq-AL","@id":"https:\/\/fjala.info\/2009-2015\/#\/schema\/logo\/image\/","url":"","contentUrl":"","caption":"FjALA e LIR\u00cb - Arkivi"},"image":{"@id":"https:\/\/fjala.info\/2009-2015\/#\/schema\/logo\/image\/"}},{"@type":"Person","@id":"https:\/\/fjala.info\/2009-2015\/#\/schema\/person\/3aa1163ef05469c496fc94e77611ada2","name":"admin","image":{"@type":"ImageObject","inLanguage":"sq-AL","@id":"https:\/\/fjala.info\/2009-2015\/wp-content\/uploads\/2012\/02\/arben_cokaj-120x150.jpg","url":"https:\/\/fjala.info\/2009-2015\/wp-content\/uploads\/2012\/02\/arben_cokaj-120x150.jpg","contentUrl":"https:\/\/fjala.info\/2009-2015\/wp-content\/uploads\/2012\/02\/arben_cokaj-120x150.jpg","caption":"admin"},"description":"Admin, Fjala e Lir\u00eb","sameAs":["https:\/\/fjala.info\/"],"url":"https:\/\/fjala.info\/2009-2015\/author\/admin\/"}]}},"_links":{"self":[{"href":"https:\/\/fjala.info\/2009-2015\/wp-json\/wp\/v2\/posts\/13268","targetHints":{"allow":["GET"]}}],"collection":[{"href":"https:\/\/fjala.info\/2009-2015\/wp-json\/wp\/v2\/posts"}],"about":[{"href":"https:\/\/fjala.info\/2009-2015\/wp-json\/wp\/v2\/types\/post"}],"author":[{"embeddable":true,"href":"https:\/\/fjala.info\/2009-2015\/wp-json\/wp\/v2\/users\/1"}],"replies":[{"embeddable":true,"href":"https:\/\/fjala.info\/2009-2015\/wp-json\/wp\/v2\/comments?post=13268"}],"version-history":[{"count":0,"href":"https:\/\/fjala.info\/2009-2015\/wp-json\/wp\/v2\/posts\/13268\/revisions"}],"wp:attachment":[{"href":"https:\/\/fjala.info\/2009-2015\/wp-json\/wp\/v2\/media?parent=13268"}],"wp:term":[{"taxonomy":"category","embeddable":true,"href":"https:\/\/fjala.info\/2009-2015\/wp-json\/wp\/v2\/categories?post=13268"},{"taxonomy":"post_tag","embeddable":true,"href":"https:\/\/fjala.info\/2009-2015\/wp-json\/wp\/v2\/tags?post=13268"}],"curies":[{"name":"wp","href":"https:\/\/api.w.org\/{rel}","templated":true}]}}