{"id":13267,"date":"2013-11-25T15:26:41","date_gmt":"2013-11-25T14:26:41","guid":{"rendered":"http:\/\/fjala.info\/?p=5423"},"modified":"2013-11-25T15:26:41","modified_gmt":"2013-11-25T14:26:41","slug":"pas-nje-odiseje-njeqindvjecare-rikthehet-ne-identitet-tryeza-e-poetit-ndre-mjeda","status":"publish","type":"post","link":"https:\/\/fjala.info\/2009-2015\/pas-nje-odiseje-njeqindvjecare-rikthehet-ne-identitet-tryeza-e-poetit-ndre-mjeda\/","title":{"rendered":"PAS NJ\u00cb ODISEJE NJ\u00cbQINDVJE\u00c7ARE RIKTHEHET N\u00cb IDENTITET TRYEZA E POETIT NDRE MJEDA"},"content":{"rendered":"<p><em><strong>NJ\u00cb CEREMONI DINJITOZE N\u00cb KUKEL<\/strong><\/em><\/p>\n<p>Edicioni i kat\u00ebrt I Dit\u00ebve t\u00eb Mjed\u00ebs, u mbajt n\u00eb Kukel (Bushat, Shkoder), dit\u00ebn e shtun\u00eb, m\u00eb 23 n\u00ebntor 2013, ora 11.00. Megjithwse njw ditw me shira, aktiviteti kishte ngjallur nj\u00eb interesim t\u00eb madh n\u00eb rrethet e gj\u00ebra qytetare, por edhe intelekuale. Kishin ardhur qindra vizitor\u00eb qw morwn pjes\u00eb n\u00eb k\u00ebt\u00eb aktivitet t\u00eb nj\u00eb r\u00ebnd\u00ebsie t\u00eb ve\u00e7ant\u00eb. Shkalla e lart\u00eb e interesimit I kushtohej sidomos faktit se me k\u00ebt\u00eb rast u ekspozua nj\u00eb relike shum\u00eb t\u00eb \u00e7muar q\u00eb i takon nj\u00ebrit prej ikonave t\u00eb letrave shqipe, poetit dhe gjuh\u00ebtarit t\u00eb madh, Ndre Mjeda. Aktiviteti u organizua n\u00ebn kujdesin e Qendr\u00ebs s\u00eb Studimeve Albanologjike, Qendr\u00ebs Muzeore \u201cNdre Mjeda\u201d, Komun\u00ebs Bushat dhe Konsullit t\u00eb Nderit t\u00eb Austris\u00eb n\u00eb Shkod\u00ebr.<\/p>\n<p>K\u00ebsaj radhe aktiviteti u zhvillua n\u00eb p\u00ebrkujtim t\u00eb 147-vjetorit t\u00eb lindjes s\u00eb Ndre Mjed\u00ebs dhe t\u00eb vitit jubilar t\u00eb 100-vjetorit t\u00eb ngritjes s\u00eb Kish\u00ebs s\u00eb Kuklit. \u00cbsht\u00eb krijuar tradit\u00eb tashm\u00eb q\u00eb n\u00eb dit\u00ebt e Mjed\u00ebs t\u00eb marrin pjes\u00eb masivisht qytetar\u00eb t\u00eb Shkodr\u00ebs, banor\u00eb t\u00eb fshatit Kukel, Barbullush, Bushat, Grash, si edhe t\u00eb rrethinave t\u00eb qytetit. Gjithashtu morwn pjes\u00eb intelektual\u00eb t\u00eb shquar n\u00eb lamije t\u00eb ndryshme t\u00eb dijes dhe jet\u00ebs shoq\u00ebrore, studiues, artist\u00eb, klerik\u00eb, gazetar\u00eb, p\u00ebrfaq\u00ebsues t\u00eb mediave. Morrin pjes\u00eb edhe personalitete t\u00eb shquara shqiptare e t\u00eb huaja, t\u00eb interesuara e q\u00eb po mb\u00ebshtesin projektin e kthimit n\u00eb identitet t\u00eb Qendr\u00ebs Muzeore \u201cNdre Mjeda\u201d , si zv ministri I Kulturws I Shqipwrisw, Zef Na\u00e7i, Ambasadori I OSBE Raining, konsulli I nderit I Austrisw Gjergj Liqejza, Zv ministry I Kulturws I Kosovws, Zef Dedaj.<\/p>\n<p>B\u00ebhet fjal\u00eb p\u00ebr nj\u00ebr\u00ebn nga q\u00ebndrat kulturore m\u00eb unikale e m\u00eb p\u00ebrfaq\u00ebsuese t\u00eb traditave tona kulturore komb\u00ebtare. N\u00ebse deri m\u00eb tani poeti dhe mendimtari I shquar shqiptar identifikohej me qytetin e Shkodr\u00ebs, v\u00ebrehet se tani e m\u00eb pas, sidomos edhe p\u00ebr merit\u00eb t\u00eb ngritjes shkall\u00eb shkall\u00eb t\u00eb k\u00ebsaj q\u00ebndre muzeore n\u00eb vendin e vet t\u00eb origjin\u00ebs, I madhi Dom Ndre Mjeda \u00ebsht\u00eb b\u00ebr\u00eb edhe m\u00eb I fokusuar me Kuklin. \u00cbsht\u00eb kjo qend\u00ebr dikur nj\u00eb fshat I panjohur dhe I braktisur, I cili \u00ebsht\u00eb kthyer n\u00eb nj\u00eb emblem\u00eb t\u00eb r\u00ebnd\u00ebsishme q\u00eb po t\u00ebrheq rregullisht vizitor\u00eb nga I gjith\u00eb vendi, pse jo edhe nga e gjith\u00eb hap\u00ebsira komb\u00ebtare. \u00cbsht\u00eb kthyer n\u00eb nj\u00eb qend\u00ebr peligrinazhi, ku shqiptar\u00eb por edhe t\u00eb huaj vijn\u00eb t\u00eb shuajn\u00eb kurreshtjen e tyre p\u00ebr k\u00ebt\u00eb savant t\u00eb madh t\u00eb let\u00ebrsis\u00eb dhe gjuh\u00ebsis\u00eb, t\u00eb mendimit elitar shqiptar.<\/p>\n<p>Qendra Muzeore \u201cNdre Mjeda\u201d dhe I t\u00ebr\u00eb Kukli kishin marr\u00eb pamje festive: ishin zbukuruar me flamuj komb\u00ebtar\u00eb, me banderola t\u00eb ndryshme, ku binte n\u00eb sy njera ku shkruhet \u201cMjeda ju pret\u201d. Kisha e Kuklit e restauruar koh\u00ebt e fundit, s\u00eb bashku me shtatoren madh\u00ebshtore t\u00eb Ndre Mjed\u00ebs mbizot\u00ebrojn\u00eb pamjen e p\u00ebrgjithshme t\u00eb mjedisit ku u zhvillua aktiviteti. Oborri para kompleksit ishte pajisur me stola t\u00eb rinj dhe zbukuruar me lule shum\u00eb ngjyr\u00ebshe.<br \/>\nAktiviteti filloi n\u00eb ora 11.00 paradite me fjal\u00ebn e hapjes e moderatores Merita Smaja, aktore e njohur e Teatrit \u201cMigjeni\u201d, si edhe e ekranit t\u00eb mediave. Mbas fjal\u00ebs p\u00ebrsh\u00ebndet\u00ebse, program do t\u00eb hapet me recitime t\u00eb poezive t\u00eb Mjed\u00ebs nga aktoret e Teatrit \u201cMigjeni\u201d, Merita Smaja, Rita Gjeka dhe Arben Spahija. M\u00eb pas aktorwt e Teatrit Migjeni interpretuan nj\u00eb portret-skic\u00eb t\u00eb poetit, hartuar nga Ernest Koliqi dhe nj\u00eb p\u00ebrshkrim t\u00eb gazetarit t\u00eb njohur austriak Paul Siebertz, I cili qe mik n\u00eb sht\u00ebpin\u00eb e sapo p\u00ebrfunduar t\u00eb Mjed\u00ebs, n\u00eb qershor 1909. Me interes u ndoq koncerti I Korit Polifonuik \u201cPrenk\u00eb Jakova\u201d, I cili n\u00ebn drejtimin e koncertmaestrit Gjon Shllaku, kwndoi kompozime mbi tekstet e poezive t\u00eb Ndre Mjed\u00ebs.<\/p>\n<p>M\u00eb pas Kantautorja nga Zagrebi, mbesa e poetit, Bernardina Mjeda, kwndoi \u201cTrina\u201d, \u201cNana Kosovare\u201d dhe \u201cO e bukura More\u201d. Nd\u00ebrsa sopranoja e njohur nga Tirana Ledi Paparisto interpretoi \u201cLirija\u201d t\u00eb kompozuar nga Albert Paparisto, me tekstin e sonetit t\u00eb njohur t\u00eb Mjed\u00ebs. Nd\u00ebersa poetja Jozefina Traboini recitoi poezin\u00eb e saj \u201dPoezi p\u00ebr Mjed\u00ebn\u201d. Vazhdon ajo k\u00ebshtu tradit\u00ebn e poet\u00ebve tan\u00eb t\u00eb tradit\u00ebs q\u00eb u kushtonin poezi nj\u00ebri-tjetrit. Mbas k\u00ebsaj u zhvillua ceremonia e dorwzimit tw \u00e7mimit letrar \u201cNdre Mjeda\u201d, edicion I tret\u00eb, I cili k\u00ebt\u00eb vit I\u2019u akordua studiuesit t\u00eb mir\u00ebnjohur nga Kosova, Isak Ahmetit. Gjithashtu u nda edhe diploma e mir\u00ebnjohjes \u201cNdre Mjeda\u201d p\u00ebr zonj\u00ebn Arta Nikolli. N\u00eb fund t\u00eb aktivitetit u prezantua nga studiuesi Nexhmi Bushati, v\u00ebllimi I fundit I kolan\u00ebs MJEDA, vep\u00ebr e autorit Mentor Quku, I cili k\u00ebt\u00eb her\u00eb paraqitet me nj\u00eb biografi t\u00eb shkurt\u00eb dhe t\u00eb shpejt\u00eb t\u00eb poetit e gjuh\u00ebtarit Ndre Mjeda.<\/p>\n<p>N\u00eb fund aktiviteti u pwrmbyll me vizitat tek dy objektet kryesore t\u00eb l\u00ebna trash\u00ebgim nga Mjeda, Kish\u00ebn e Kuklit, si edhe sht\u00ebpin\u00eb e Mjed\u00ebs e cila \u00ebsht\u00eb edhe m\u00eb e hershme, e cila u nd\u00ebrtua me projektet dhe me duart e vet\u00eb Mjed\u00ebs. Pjes\u00ebmarr\u00ebsit shuan kurreshtjen e tyre me bukurin\u00eb e stilit neoklasik t\u00eb nd\u00ebrtesave, si edhe me mesazhet q\u00eb jepte rilindasi yn\u00eb me elementet e ve\u00e7anta t\u00eb arkitektur\u00ebs s\u00eb tyre. Qershia mbi tort\u00eb qe vizita e shum\u00ebpritur e tryez\u00ebs s\u00eb pun\u00ebs s\u00eb Mjed\u00ebs.<\/p>\n<p>\u00cbsht\u00eb nj\u00eb relike e Mjed\u00ebs, e nj\u00eb r\u00ebnd\u00ebsie t\u00eb vecant\u00eb, sepse aty u hartuan nga Mjeda kryeveprat e let\u00ebr\u00ebsis\u00eb shqipe, \u201cAndrra e jet\u00ebs\u201d, \u201cLirija\u201d, \u201cLissus\u201d, \u201cMahmud Pasha n\u00eb Mal t\u00eb Zi\u201d, etj. Tryeza e famshme ka t\u00ebrhequr vemendjen e dashamir\u00ebsve t\u00eb let\u00ebrsis\u00eb dhe kultur\u00ebs shqiptare, sepse ka nj\u00eb histori nj\u00ebqindvje\u00e7are, por q\u00eb duke pasur kujdesin dhe nxitjen e famullitarit dhe historianit Dom Nik\u00eb Ukgjini, p\u00ebr m\u00ebse dy vite me radh\u00eb, m\u00eb n\u00eb fund sheh drit\u00ebn dhe b\u00ebhet objekt muzeal I vizituesh\u00ebm. Keto dite prof Mentor Quku eshte duke u bere gati per nji udhtim ne SHBA ku do behet pronovimi i veprave te &#8220;Mjedes&#8221; te shkruara me shume pasion dhe ne menyren ma dinjitoze nga pro. Mentor Quku.<\/p>\n<p>Veprat e Mjedes tashma jane te shume kerkuara mrena dhe jashte atdheut,ato paqyrojne jeten dhe vepren e nji poeti,kleriku dhe atdhetari te shquare sice ishte Ndre Mjeda.<br \/>\nFshati Kukel ne komunen e Bushatit ne rrethin e Shkodres tashma po kethehet nji qender peligrinazhi per njerz te dijes dhe te kultures nga mbare trojet Shqiptare..<br \/>\nPuna kolosale e prof. Mentor Quku, si edhe e famulltarit te Kukelit Dom Nike Ukgjini jane pasqyra e vertet qe ne Kukel po rikthehet Mjeda,njeriu qe punoje dhe jetoje per shume vite me Kukelianet si famulltare,si njeriu qe qendroje gjithmon prane hadheve dhe nevojave te popullit.<\/p>\n<blockquote><p>Sote populli e perjeton ne vargje.<br \/>\nPara kishes derdhur ne bronc<br \/>\nhelle veshtimin ne korizont<br \/>\nKukelianet thone nji fjal<br \/>\nDom Ndre Mjed mire se ke ardhe.<\/p><\/blockquote>\n<p><strong>Gjin Musa<\/strong><\/p>\n","protected":false},"excerpt":{"rendered":"<p>NJ\u00cb CEREMONI DINJITOZE N\u00cb KUKEL Edicioni i kat\u00ebrt I Dit\u00ebve t\u00eb Mjed\u00ebs, u mbajt n\u00eb Kukel (Bushat, Shkoder), dit\u00ebn e shtun\u00eb, m\u00eb 23 n\u00ebntor 2013, ora 11.00. Megjithwse njw ditw me shira, aktiviteti kishte ngjallur nj\u00eb interesim t\u00eb madh n\u00eb rrethet e gj\u00ebra qytetare, por edhe intelekuale. Kishin ardhur qindra vizitor\u00eb qw morwn pjes\u00eb n\u00eb [&hellip;]<\/p>\n","protected":false},"author":1,"featured_media":0,"comment_status":"open","ping_status":"closed","sticky":false,"template":"","format":"standard","meta":{"footnotes":""},"categories":[2],"tags":[],"class_list":{"0":"post-13267","1":"post","2":"type-post","3":"status-publish","4":"format-standard","6":"category-artikuj"},"yoast_head":"<!-- This site is optimized with the Yoast SEO plugin v27.4 - https:\/\/yoast.com\/product\/yoast-seo-wordpress\/ -->\n<title>PAS NJ\u00cb ODISEJE NJ\u00cbQINDVJE\u00c7ARE RIKTHEHET N\u00cb IDENTITET TRYEZA E POETIT NDRE MJEDA - FjALA e LIR\u00cb - Arkivi<\/title>\n<meta name=\"robots\" content=\"index, follow, max-snippet:-1, max-image-preview:large, max-video-preview:-1\" \/>\n<link rel=\"canonical\" href=\"https:\/\/fjala.info\/2009-2015\/pas-nje-odiseje-njeqindvjecare-rikthehet-ne-identitet-tryeza-e-poetit-ndre-mjeda\/\" \/>\n<meta property=\"og:locale\" content=\"sq_AL\" \/>\n<meta property=\"og:type\" content=\"article\" \/>\n<meta property=\"og:title\" content=\"PAS NJ\u00cb ODISEJE NJ\u00cbQINDVJE\u00c7ARE RIKTHEHET N\u00cb IDENTITET TRYEZA E POETIT NDRE MJEDA - FjALA e LIR\u00cb - Arkivi\" \/>\n<meta property=\"og:description\" content=\"NJ\u00cb CEREMONI DINJITOZE N\u00cb KUKEL Edicioni i kat\u00ebrt I Dit\u00ebve t\u00eb Mjed\u00ebs, u mbajt n\u00eb Kukel (Bushat, Shkoder), dit\u00ebn e shtun\u00eb, m\u00eb 23 n\u00ebntor 2013, ora 11.00. Megjithwse njw ditw me shira, aktiviteti kishte ngjallur nj\u00eb interesim t\u00eb madh n\u00eb rrethet e gj\u00ebra qytetare, por edhe intelekuale. Kishin ardhur qindra vizitor\u00eb qw morwn pjes\u00eb n\u00eb [&hellip;]\" \/>\n<meta property=\"og:url\" content=\"https:\/\/fjala.info\/2009-2015\/pas-nje-odiseje-njeqindvjecare-rikthehet-ne-identitet-tryeza-e-poetit-ndre-mjeda\/\" \/>\n<meta property=\"og:site_name\" content=\"FjALA e LIR\u00cb - Arkivi\" \/>\n<meta property=\"article:published_time\" content=\"2013-11-25T14:26:41+00:00\" \/>\n<meta name=\"author\" content=\"admin\" \/>\n<meta name=\"twitter:card\" content=\"summary_large_image\" \/>\n<meta name=\"twitter:label1\" content=\"Written by\" \/>\n\t<meta name=\"twitter:data1\" content=\"admin\" \/>\n\t<meta name=\"twitter:label2\" content=\"Est. reading time\" \/>\n\t<meta name=\"twitter:data2\" content=\"6 minutes\" \/>\n<script type=\"application\/ld+json\" class=\"yoast-schema-graph\">{\"@context\":\"https:\\\/\\\/schema.org\",\"@graph\":[{\"@type\":\"Article\",\"@id\":\"https:\\\/\\\/fjala.info\\\/2009-2015\\\/pas-nje-odiseje-njeqindvjecare-rikthehet-ne-identitet-tryeza-e-poetit-ndre-mjeda\\\/#article\",\"isPartOf\":{\"@id\":\"https:\\\/\\\/fjala.info\\\/2009-2015\\\/pas-nje-odiseje-njeqindvjecare-rikthehet-ne-identitet-tryeza-e-poetit-ndre-mjeda\\\/\"},\"author\":{\"name\":\"admin\",\"@id\":\"https:\\\/\\\/fjala.info\\\/2009-2015\\\/#\\\/schema\\\/person\\\/3aa1163ef05469c496fc94e77611ada2\"},\"headline\":\"PAS NJ\u00cb ODISEJE NJ\u00cbQINDVJE\u00c7ARE RIKTHEHET N\u00cb IDENTITET TRYEZA E POETIT NDRE MJEDA\",\"datePublished\":\"2013-11-25T14:26:41+00:00\",\"mainEntityOfPage\":{\"@id\":\"https:\\\/\\\/fjala.info\\\/2009-2015\\\/pas-nje-odiseje-njeqindvjecare-rikthehet-ne-identitet-tryeza-e-poetit-ndre-mjeda\\\/\"},\"wordCount\":1204,\"commentCount\":0,\"publisher\":{\"@id\":\"https:\\\/\\\/fjala.info\\\/2009-2015\\\/#organization\"},\"articleSection\":[\"Artikuj\"],\"inLanguage\":\"sq-AL\",\"potentialAction\":[{\"@type\":\"CommentAction\",\"name\":\"Comment\",\"target\":[\"https:\\\/\\\/fjala.info\\\/2009-2015\\\/pas-nje-odiseje-njeqindvjecare-rikthehet-ne-identitet-tryeza-e-poetit-ndre-mjeda\\\/#respond\"]}]},{\"@type\":\"WebPage\",\"@id\":\"https:\\\/\\\/fjala.info\\\/2009-2015\\\/pas-nje-odiseje-njeqindvjecare-rikthehet-ne-identitet-tryeza-e-poetit-ndre-mjeda\\\/\",\"url\":\"https:\\\/\\\/fjala.info\\\/2009-2015\\\/pas-nje-odiseje-njeqindvjecare-rikthehet-ne-identitet-tryeza-e-poetit-ndre-mjeda\\\/\",\"name\":\"PAS NJ\u00cb ODISEJE NJ\u00cbQINDVJE\u00c7ARE RIKTHEHET N\u00cb IDENTITET TRYEZA E POETIT NDRE MJEDA - FjALA e LIR\u00cb - Arkivi\",\"isPartOf\":{\"@id\":\"https:\\\/\\\/fjala.info\\\/2009-2015\\\/#website\"},\"datePublished\":\"2013-11-25T14:26:41+00:00\",\"breadcrumb\":{\"@id\":\"https:\\\/\\\/fjala.info\\\/2009-2015\\\/pas-nje-odiseje-njeqindvjecare-rikthehet-ne-identitet-tryeza-e-poetit-ndre-mjeda\\\/#breadcrumb\"},\"inLanguage\":\"sq-AL\",\"potentialAction\":[{\"@type\":\"ReadAction\",\"target\":[\"https:\\\/\\\/fjala.info\\\/2009-2015\\\/pas-nje-odiseje-njeqindvjecare-rikthehet-ne-identitet-tryeza-e-poetit-ndre-mjeda\\\/\"]}]},{\"@type\":\"BreadcrumbList\",\"@id\":\"https:\\\/\\\/fjala.info\\\/2009-2015\\\/pas-nje-odiseje-njeqindvjecare-rikthehet-ne-identitet-tryeza-e-poetit-ndre-mjeda\\\/#breadcrumb\",\"itemListElement\":[{\"@type\":\"ListItem\",\"position\":1,\"name\":\"Home\",\"item\":\"https:\\\/\\\/fjala.info\\\/2009-2015\\\/\"},{\"@type\":\"ListItem\",\"position\":2,\"name\":\"PAS NJ\u00cb ODISEJE NJ\u00cbQINDVJE\u00c7ARE RIKTHEHET N\u00cb IDENTITET TRYEZA E POETIT NDRE MJEDA\"}]},{\"@type\":\"WebSite\",\"@id\":\"https:\\\/\\\/fjala.info\\\/2009-2015\\\/#website\",\"url\":\"https:\\\/\\\/fjala.info\\\/2009-2015\\\/\",\"name\":\"FjALA e LIR\u00cb - Arkivi\",\"description\":\"Arkivi 2009-2015\",\"publisher\":{\"@id\":\"https:\\\/\\\/fjala.info\\\/2009-2015\\\/#organization\"},\"potentialAction\":[{\"@type\":\"SearchAction\",\"target\":{\"@type\":\"EntryPoint\",\"urlTemplate\":\"https:\\\/\\\/fjala.info\\\/2009-2015\\\/?s={search_term_string}\"},\"query-input\":{\"@type\":\"PropertyValueSpecification\",\"valueRequired\":true,\"valueName\":\"search_term_string\"}}],\"inLanguage\":\"sq-AL\"},{\"@type\":\"Organization\",\"@id\":\"https:\\\/\\\/fjala.info\\\/2009-2015\\\/#organization\",\"name\":\"FjALA e LIR\u00cb - Arkivi\",\"url\":\"https:\\\/\\\/fjala.info\\\/2009-2015\\\/\",\"logo\":{\"@type\":\"ImageObject\",\"inLanguage\":\"sq-AL\",\"@id\":\"https:\\\/\\\/fjala.info\\\/2009-2015\\\/#\\\/schema\\\/logo\\\/image\\\/\",\"url\":\"\",\"contentUrl\":\"\",\"caption\":\"FjALA e LIR\u00cb - Arkivi\"},\"image\":{\"@id\":\"https:\\\/\\\/fjala.info\\\/2009-2015\\\/#\\\/schema\\\/logo\\\/image\\\/\"}},{\"@type\":\"Person\",\"@id\":\"https:\\\/\\\/fjala.info\\\/2009-2015\\\/#\\\/schema\\\/person\\\/3aa1163ef05469c496fc94e77611ada2\",\"name\":\"admin\",\"image\":{\"@type\":\"ImageObject\",\"inLanguage\":\"sq-AL\",\"@id\":\"https:\\\/\\\/fjala.info\\\/2009-2015\\\/wp-content\\\/uploads\\\/2012\\\/02\\\/arben_cokaj-120x150.jpg\",\"url\":\"https:\\\/\\\/fjala.info\\\/2009-2015\\\/wp-content\\\/uploads\\\/2012\\\/02\\\/arben_cokaj-120x150.jpg\",\"contentUrl\":\"https:\\\/\\\/fjala.info\\\/2009-2015\\\/wp-content\\\/uploads\\\/2012\\\/02\\\/arben_cokaj-120x150.jpg\",\"caption\":\"admin\"},\"description\":\"Admin, Fjala e Lir\u00eb\",\"sameAs\":[\"https:\\\/\\\/fjala.info\\\/\"],\"url\":\"https:\\\/\\\/fjala.info\\\/2009-2015\\\/author\\\/admin\\\/\"}]}<\/script>\n<!-- \/ Yoast SEO plugin. -->","yoast_head_json":{"title":"PAS NJ\u00cb ODISEJE NJ\u00cbQINDVJE\u00c7ARE RIKTHEHET N\u00cb IDENTITET TRYEZA E POETIT NDRE MJEDA - FjALA e LIR\u00cb - Arkivi","robots":{"index":"index","follow":"follow","max-snippet":"max-snippet:-1","max-image-preview":"max-image-preview:large","max-video-preview":"max-video-preview:-1"},"canonical":"https:\/\/fjala.info\/2009-2015\/pas-nje-odiseje-njeqindvjecare-rikthehet-ne-identitet-tryeza-e-poetit-ndre-mjeda\/","og_locale":"sq_AL","og_type":"article","og_title":"PAS NJ\u00cb ODISEJE NJ\u00cbQINDVJE\u00c7ARE RIKTHEHET N\u00cb IDENTITET TRYEZA E POETIT NDRE MJEDA - FjALA e LIR\u00cb - Arkivi","og_description":"NJ\u00cb CEREMONI DINJITOZE N\u00cb KUKEL Edicioni i kat\u00ebrt I Dit\u00ebve t\u00eb Mjed\u00ebs, u mbajt n\u00eb Kukel (Bushat, Shkoder), dit\u00ebn e shtun\u00eb, m\u00eb 23 n\u00ebntor 2013, ora 11.00. Megjithwse njw ditw me shira, aktiviteti kishte ngjallur nj\u00eb interesim t\u00eb madh n\u00eb rrethet e gj\u00ebra qytetare, por edhe intelekuale. Kishin ardhur qindra vizitor\u00eb qw morwn pjes\u00eb n\u00eb [&hellip;]","og_url":"https:\/\/fjala.info\/2009-2015\/pas-nje-odiseje-njeqindvjecare-rikthehet-ne-identitet-tryeza-e-poetit-ndre-mjeda\/","og_site_name":"FjALA e LIR\u00cb - Arkivi","article_published_time":"2013-11-25T14:26:41+00:00","author":"admin","twitter_card":"summary_large_image","twitter_misc":{"Written by":"admin","Est. reading time":"6 minutes"},"schema":{"@context":"https:\/\/schema.org","@graph":[{"@type":"Article","@id":"https:\/\/fjala.info\/2009-2015\/pas-nje-odiseje-njeqindvjecare-rikthehet-ne-identitet-tryeza-e-poetit-ndre-mjeda\/#article","isPartOf":{"@id":"https:\/\/fjala.info\/2009-2015\/pas-nje-odiseje-njeqindvjecare-rikthehet-ne-identitet-tryeza-e-poetit-ndre-mjeda\/"},"author":{"name":"admin","@id":"https:\/\/fjala.info\/2009-2015\/#\/schema\/person\/3aa1163ef05469c496fc94e77611ada2"},"headline":"PAS NJ\u00cb ODISEJE NJ\u00cbQINDVJE\u00c7ARE RIKTHEHET N\u00cb IDENTITET TRYEZA E POETIT NDRE MJEDA","datePublished":"2013-11-25T14:26:41+00:00","mainEntityOfPage":{"@id":"https:\/\/fjala.info\/2009-2015\/pas-nje-odiseje-njeqindvjecare-rikthehet-ne-identitet-tryeza-e-poetit-ndre-mjeda\/"},"wordCount":1204,"commentCount":0,"publisher":{"@id":"https:\/\/fjala.info\/2009-2015\/#organization"},"articleSection":["Artikuj"],"inLanguage":"sq-AL","potentialAction":[{"@type":"CommentAction","name":"Comment","target":["https:\/\/fjala.info\/2009-2015\/pas-nje-odiseje-njeqindvjecare-rikthehet-ne-identitet-tryeza-e-poetit-ndre-mjeda\/#respond"]}]},{"@type":"WebPage","@id":"https:\/\/fjala.info\/2009-2015\/pas-nje-odiseje-njeqindvjecare-rikthehet-ne-identitet-tryeza-e-poetit-ndre-mjeda\/","url":"https:\/\/fjala.info\/2009-2015\/pas-nje-odiseje-njeqindvjecare-rikthehet-ne-identitet-tryeza-e-poetit-ndre-mjeda\/","name":"PAS NJ\u00cb ODISEJE NJ\u00cbQINDVJE\u00c7ARE RIKTHEHET N\u00cb IDENTITET TRYEZA E POETIT NDRE MJEDA - FjALA e LIR\u00cb - Arkivi","isPartOf":{"@id":"https:\/\/fjala.info\/2009-2015\/#website"},"datePublished":"2013-11-25T14:26:41+00:00","breadcrumb":{"@id":"https:\/\/fjala.info\/2009-2015\/pas-nje-odiseje-njeqindvjecare-rikthehet-ne-identitet-tryeza-e-poetit-ndre-mjeda\/#breadcrumb"},"inLanguage":"sq-AL","potentialAction":[{"@type":"ReadAction","target":["https:\/\/fjala.info\/2009-2015\/pas-nje-odiseje-njeqindvjecare-rikthehet-ne-identitet-tryeza-e-poetit-ndre-mjeda\/"]}]},{"@type":"BreadcrumbList","@id":"https:\/\/fjala.info\/2009-2015\/pas-nje-odiseje-njeqindvjecare-rikthehet-ne-identitet-tryeza-e-poetit-ndre-mjeda\/#breadcrumb","itemListElement":[{"@type":"ListItem","position":1,"name":"Home","item":"https:\/\/fjala.info\/2009-2015\/"},{"@type":"ListItem","position":2,"name":"PAS NJ\u00cb ODISEJE NJ\u00cbQINDVJE\u00c7ARE RIKTHEHET N\u00cb IDENTITET TRYEZA E POETIT NDRE MJEDA"}]},{"@type":"WebSite","@id":"https:\/\/fjala.info\/2009-2015\/#website","url":"https:\/\/fjala.info\/2009-2015\/","name":"FjALA e LIR\u00cb - Arkivi","description":"Arkivi 2009-2015","publisher":{"@id":"https:\/\/fjala.info\/2009-2015\/#organization"},"potentialAction":[{"@type":"SearchAction","target":{"@type":"EntryPoint","urlTemplate":"https:\/\/fjala.info\/2009-2015\/?s={search_term_string}"},"query-input":{"@type":"PropertyValueSpecification","valueRequired":true,"valueName":"search_term_string"}}],"inLanguage":"sq-AL"},{"@type":"Organization","@id":"https:\/\/fjala.info\/2009-2015\/#organization","name":"FjALA e LIR\u00cb - Arkivi","url":"https:\/\/fjala.info\/2009-2015\/","logo":{"@type":"ImageObject","inLanguage":"sq-AL","@id":"https:\/\/fjala.info\/2009-2015\/#\/schema\/logo\/image\/","url":"","contentUrl":"","caption":"FjALA e LIR\u00cb - Arkivi"},"image":{"@id":"https:\/\/fjala.info\/2009-2015\/#\/schema\/logo\/image\/"}},{"@type":"Person","@id":"https:\/\/fjala.info\/2009-2015\/#\/schema\/person\/3aa1163ef05469c496fc94e77611ada2","name":"admin","image":{"@type":"ImageObject","inLanguage":"sq-AL","@id":"https:\/\/fjala.info\/2009-2015\/wp-content\/uploads\/2012\/02\/arben_cokaj-120x150.jpg","url":"https:\/\/fjala.info\/2009-2015\/wp-content\/uploads\/2012\/02\/arben_cokaj-120x150.jpg","contentUrl":"https:\/\/fjala.info\/2009-2015\/wp-content\/uploads\/2012\/02\/arben_cokaj-120x150.jpg","caption":"admin"},"description":"Admin, Fjala e Lir\u00eb","sameAs":["https:\/\/fjala.info\/"],"url":"https:\/\/fjala.info\/2009-2015\/author\/admin\/"}]}},"_links":{"self":[{"href":"https:\/\/fjala.info\/2009-2015\/wp-json\/wp\/v2\/posts\/13267","targetHints":{"allow":["GET"]}}],"collection":[{"href":"https:\/\/fjala.info\/2009-2015\/wp-json\/wp\/v2\/posts"}],"about":[{"href":"https:\/\/fjala.info\/2009-2015\/wp-json\/wp\/v2\/types\/post"}],"author":[{"embeddable":true,"href":"https:\/\/fjala.info\/2009-2015\/wp-json\/wp\/v2\/users\/1"}],"replies":[{"embeddable":true,"href":"https:\/\/fjala.info\/2009-2015\/wp-json\/wp\/v2\/comments?post=13267"}],"version-history":[{"count":0,"href":"https:\/\/fjala.info\/2009-2015\/wp-json\/wp\/v2\/posts\/13267\/revisions"}],"wp:attachment":[{"href":"https:\/\/fjala.info\/2009-2015\/wp-json\/wp\/v2\/media?parent=13267"}],"wp:term":[{"taxonomy":"category","embeddable":true,"href":"https:\/\/fjala.info\/2009-2015\/wp-json\/wp\/v2\/categories?post=13267"},{"taxonomy":"post_tag","embeddable":true,"href":"https:\/\/fjala.info\/2009-2015\/wp-json\/wp\/v2\/tags?post=13267"}],"curies":[{"name":"wp","href":"https:\/\/api.w.org\/{rel}","templated":true}]}}