{"id":13266,"date":"2013-11-22T15:21:24","date_gmt":"2013-11-22T14:21:24","guid":{"rendered":"http:\/\/fjala.info\/?p=5421"},"modified":"2013-11-22T15:21:24","modified_gmt":"2013-11-22T14:21:24","slug":"arif-molliqi-mendimtar-i-shquar-i-kultures-kombetare","status":"publish","type":"post","link":"https:\/\/fjala.info\/2009-2015\/arif-molliqi-mendimtar-i-shquar-i-kultures-kombetare\/","title":{"rendered":"ARIF MOLLIQI MENDIMTAR I SHQUAR I KULTUR\u00cbS KOMB\u00cbTARE"},"content":{"rendered":"<p><img decoding=\"async\" class=\"alignright size-thumbnail wp-image-7236\" title=\"Arif MOLLIQI\" alt=\"\" src=\"http:\/\/www.fjala.info\/2013\/arif_molliqi.jpg\" width=\"150\" \/> Shkruan: <strong>Shaban Cakolli<\/strong><\/p>\n<p>Aktiviteti letrarLexuesit tan\u00eb sot n\u00eb t\u00eb shumt\u00ebn jan\u00eb t\u00eb interesuar q\u00eb t\u00eb njohin bot\u00ebn shpirt\u00ebrore t\u00eb autor\u00ebve t\u00eb rinj\u00eb. Ata b\u00ebjn\u00eb k\u00ebrkime , k\u00ebrkime t\u00eb cilat u ofrojn\u00eb t\u00eb bukur\u00ebn. Nga k\u00ebrkesat q\u00eb b\u00ebjm\u00eb, kemi hasur autor\u00ebt e rinj\u00eb jan\u00eb shquar n\u00eb pun\u00ebn e tyredhe kan\u00eb prurje t\u00eb bukura. Un\u00eb do t\u00eb p\u00ebrmendja k\u00ebtu Arif Molliqin, q\u00eb \u00ebsht\u00eb nj\u00eb autori i ri dhe shum\u00eb i suksessh\u00ebm q\u00eb ka arritur nivelet m\u00eb t\u00eb larta dhe t\u00eb let\u00ebrsis\u00eb evropiane, pa p\u00ebrmendur dhe shum\u00eb autor\u00eb t\u00eb rinj tek ne, t\u00eb cil\u00ebt v\u00ebrtet\u00eb e kan\u00eb ngritur n\u00eb nivel dhe i kan\u00eb dh\u00ebn\u00eb p\u00ebrmasa t\u00eb reja let\u00ebrsis\u00eb shqipe, q\u00eb mund t\u00eb lexohet nga \u00e7do lexues i bot\u00ebs. Pra i jan\u00eb p\u00ebrgjigjur let\u00ebrsis\u00eb bashk\u00ebkohore, qoft\u00eb n\u00eb drejtimet e rrymave t\u00eb ndryshme letrare, qoft\u00eb si mesazhe apo dhe p\u00ebrmbajtje e thell\u00eb, ku thelbi i k\u00ebsaj let\u00ebrsie \u00ebsht\u00eb shqipja, por dhe shpirti shqiptar, edhe pse krijuesit jetojn\u00eb dhe veprojn\u00eb jasht\u00eb atdheut.<\/p>\n<p>Arif MOLLIQI, \u00ebsht\u00eb poet q\u00eb ka krijuar individualitetin krijues jo vet\u00ebm n\u00eb poezin\u00eb e sotme shqipe q\u00eb krijohet n\u00eb m\u00ebrgim, por p\u00ebrmasat e k\u00ebtij individualiteti maten me nivelin e poezis\u00eb s\u00eb sotme shqipe n\u00eb shkall\u00eb komb\u00ebtare. Tashm\u00eb poezia e tij ka fituar nj\u00eb vler\u00eb dhe pesh\u00eb artistikeArif Molliqi n\u00eb t\u00eb gjitha p\u00ebrmbledhjet poetike ka d\u00ebshmuar vet\u00ebn se \u00ebsht\u00eb nga poet\u00ebt e rrall\u00eb q\u00eb ka ruajtur lidhjet shpirt\u00ebrore dhe t\u00eb pandashme me vendlindjen, me atdheun dhe me Kosov\u00ebn p\u00ebrgjith\u00ebsisht.<\/p>\n<p>Arif Molliqiai solli n\u00eb let\u00ebrsi bot\u00ebn shqiptare, aspiratat jetike t\u00eb popullit. Dashuria p\u00ebr Atdheun, popullin dhe njeriun, krenaria komb\u00ebtare dhe besimi n\u00eb t\u00eb ardhmen, ideja e madhe e \u00e7lirimit, Arif Molliqi ka dh\u00ebn\u00eb prova se \u00ebsht\u00eb nj\u00eb nd\u00ebr poet\u00ebt, prozator\u00ebt, publicist\u00ebt, q\u00eb pun\u00ebn e tij\u00eb n\u00eb let\u00ebrsin\u00eb ton\u00eb e merr me nj\u00eb p\u00ebrkushtim dhe ka b\u00ebr\u00eb kthesa qoft\u00eb n\u00eb poezi, qoft\u00eb n\u00eb proz\u00eb, duke ditur me mjeshtri t\u00eb kap\u00eb tema q\u00eb jan\u00eb aktuale p\u00ebr shoq\u00ebrin\u00eb ton\u00eb. Ai pas Azem Shkrelit dhe Podrimes, mund t\u00eb llogaritet nj\u00eb nd\u00ebr krijuesit tan\u00eb, q\u00eb ka b\u00ebr\u00eb dhe po b\u00ebn\u00eb kthesa t\u00eb m\u00ebdha n\u00eb let\u00ebrsin\u00eb ton\u00eb, duke g\u00ebdhendur gjuh\u00ebn dhe nga k\u00ebto g\u00ebdhendje po nxjerr thesare t\u00eb m\u00ebdha. Arif Molliqin nuk e kisha njohur m\u00eb par\u00eb personalisht, por duke e lexuar me vemend\u00ebje t\u00eb lart\u00eb prej koh\u00ebsh, kur e takova m\u00eb dukej sikur t\u00eb ishim njohur nga f\u00ebmij\u00ebria. P\u00ebrse themi k\u00ebshtu? Ky maestro i v\u00ebrtet\u00eb i fjal\u00ebs s\u00eb shkruar, e b\u00ebn\u00eb lexuesin sikur t\u00eb jen\u00eb rritur me te, gjat\u00eb koh\u00ebs kur lexuesi lexon brendin\u00eb e tij shpirt\u00ebrore. Me nj\u00eb thell\u00ebsi shpirt\u00ebrore, ndjesi artistike, me vargjet dhe rreshtat e tij\u00eb Molliqi ka fisnikruar let\u00ebrsin\u00eb ton\u00eb, duke i sjellur asaj vlera me mjeshtri, p\u00ebr \u00e7ka edhe \u00ebsht\u00eb nderuar me shum\u00eb \u00e7mime letrare. Arif Molliqin personalisht e njoha para dy vitesh kur u nderua ng LSHAKSH n\u00eb Gjermani me \u00e7mimin Shkreli, n\u00eb vendin e par\u00eb. M\u00eb dukej i njejti, sikur kur e lexoje, sikur bisedoje me te, ai ishte vet vlera, vet poezia, vet miku i mbushur plot fisnik\u00ebri.<\/p>\n<p>V\u00ebshtir\u00eb do e kishim p\u00ebr t\u00eb p\u00ebrcaktuar n\u00ebse Molliqi do t\u00eb ket\u00eb b\u00ebr\u00eb hapa m\u00eb shum\u00eb n\u00eb proz\u00eb apo poezi, sikur ai t\u00eb mos e thoshte vet se e don m\u00eb shum\u00eb poezin\u00eb. Arif Molliqi poezin\u00eb e ka pasion dhe e shkruan p\u00ebr t\u00eb shprehur ndjenj\u00ebn dhe p\u00ebrkushtimin e tij letrar. Ndoshta n\u00eb proz\u00eb p\u00ebr nga numri ka shkruar m\u00eb pak, por proza dhe poezia e tij jan\u00eb t\u00eb fuqishme, me nj\u00eb vler\u00eb t\u00eb rrespektueshme, vler\u00eb q\u00eb t\u00ebrhjek vemend\u00ebjen e lexues\u00ebve, them t\u00eb atyre q\u00eb leximin e b\u00ebjn\u00eb kujdessh\u00ebm dhe e kuptojn\u00eb n\u00eb m\u00ebnyr\u00eb profesionale, ndryshe nj\u00eb kategori lexuesish duhet t\u00eb lexojn\u00eb disahere p\u00ebr t\u00eb kapur thelbin e k\u00ebtyre vlerave me brumin e duhur artistik. Sikur shum\u00eb krijues tjer\u00eb q\u00eb jetojn\u00eb n\u00eb m\u00ebrgim, edhe Molliqi i cili jeton n\u00eb Hamburg t\u00eb Gjermanis\u00eb, nuk ka mundur t\u00eb i ik\u00eb boshtit t\u00eb temave q\u00eb p\u00ebr trajtim kan\u00eb m\u00ebrgimin, ku vend qen\u00ebsor z\u00ebn\u00eb malli dhe dashuria p\u00ebr atdheun. Arif Molliqi \u00ebsht\u00eb nj\u00eb krijues i cili rrug\u00ebton kujdessh\u00ebm qoft\u00eb n\u00eb rrug\u00ebn e poezis\u00eb, qoft\u00eb n\u00eb ate t\u00eb proz\u00ebs, duke ditur t\u00eb shp\u00ebrndaj\u00eb brendin\u00eb ideore t\u00eb fjal\u00ebs s\u00eb shprehur n\u00eb art.<\/p>\n<p>Arif Molliqi u lind m\u00eb 1953 n\u00eb Lluk\u00eb t\u00eb Ep\u00ebrm t\u00eb De\u00e7anit, shkoll\u00ebn fillore dhe gjimnazin i kreu n\u00eb De\u00e7an, studioi n\u00eb Universitetin e Prishtin\u00ebs. Me shkrime ka fillua pa diktuesh\u00ebm por qe n\u00eb fillim nuk e ngacmonte aq shum\u00eb poezia, andaj filloi me humor dhe satir\u00eb e q\u00eb, m\u00eb von\u00eb shkroj poezi, proz\u00eb, dram\u00eb dhe publicistik\u00eb\u2026\u00e7ka gjer sot ka botua: \u201cSimfoni p\u00ebr dark\u00ebn e qenve\u201d, poezi, Prishtin\u00eb, 1994, \u201cN\u00eb udh\u00ebkryq pa zhurm\u00eb\u201d, (poezi), Toena, Tiran\u00eb, 1996, \u201cLoja e Sarkofagut\u201d, (dram\u00eb), Eurorilindja, Tiran\u00eb, 1998, \u201cPsher\u00ebtima e zareve\u201d, (poezi), Panteoni, Tiran\u00eb, 1999, \u201dP\u00ebrplasje\u201d (skica dhe mbresa), Fakti, Shkup, 2000, \u201cPremiera e nj\u00eb pranvere\u201d, (poezi), Rilindja, Prishtin\u00eb, 2000, \u201cKafka e ujkut\u201d, (roman), Toena, Tiran\u00eb, 2001, \u201dD\u00ebshmor\u00ebt jetojn\u00eb pas vdekjes\u201d, (monografi), Prizren, 2002, \u201cSh\u00ebnime nga arkiva e qytetit D. \u201d, (roman), F. Konica, Prishtin\u00eb, 2003, \u201cPelegrinazh i ftoht\u00eb n\u00eb qytetin D. \u201d(poezi) F. Konica, Prishtin\u00eb, \u201904, \u201c Loja e dyt\u00eb e Sarkofagut\u201d, (dram\u00eb) Rozafa, Prishtin\u00eb, \u201cPortret i pambaruar\u201d, (poezi) Faik Konica, Prishtin\u00eb, 2006, \u201cKlubi Shqiptar Verrat e Lluk\u00ebs\u201c, Hamburg\u201c, (monografi), 2007, \u201cGruaja e vizatuar nudo\u201d (roman) Faik Konica, 2008?\u201dSimfoni p\u00ebr dark\u00ebn e Qenit\u201d<\/p>\n<p>Arif Molliqi qoft\u00eb n\u00eb poezi, qoft\u00eb n\u00eb proz\u00eb ka dallueshm\u00ebri nga shum\u00eb nga poet\u00ebt tan\u00eb, shkath\u00ebsin\u00eb p\u00ebr t\u00eb njohur bot\u00ebn q\u00eb e takon \u00e7do dit\u00eb.<\/p>\n<blockquote><p><em><strong>Poezi nga Arif MOLLIQI<\/strong><\/em><\/p>\n<p><strong>SHI T\u00cb RRASA E ZOGUT<\/strong><\/p>\n<p><strong>1<\/strong>.<br \/>\nRigon eg\u00ebr Nj\u00eb trazim i fshehur hovsh\u00ebm mbetet n\u00eb mes<br \/>\nMbi shk\u00ebmb t\u00eb prer\u00eb t\u00eb Mal\u00ebsis\u00eb luft\u00ebtar\u00ebt maj\u00eb bjeshke<br \/>\n\u00c7do dit\u00eb t\u00eb vijn\u00eb vullnetarisht nga lugina<br \/>\nNga t\u00eb kat\u00ebr an\u00ebt e bot\u00ebs aty ku gufon zemra djaloshare<br \/>\nAtdheu th\u00ebrret ejani n\u00eb Koshare P\u00ebrgadisni<br \/>\nMe fishek\u00eb e k\u00ebng\u00eb majakrahut me zjarrin q\u00eb gufon n\u00eb gji<br \/>\nEjani n\u00eb shkrepat e thepisura aty ku Rrasa e Zogut ju pret<br \/>\nKosova me vallen e shqiponjave n\u00eb qiell<br \/>\nRojet e tokave tona jan\u00eb aty<br \/>\nN\u00eb lart\u00ebsin\u00eb e Bjeshk\u00ebve t\u00eb Nemura<br \/>\nNatyra \u00ebsht\u00eb e dashuruar n\u00eb luft\u00ebtar\u00ebt e Liris\u00eb<br \/>\nAty shikimet dhe k\u00ebng\u00ebt e tyre t\u00eb madh\u00ebrishme<br \/>\nRrin\u00eb n\u00eb ujin e zhurmsh\u00ebm t\u00eb p\u00ebrroskave<br \/>\nKosharja ua lidh trupin pas n\u00ebnt\u00eb plag\u00ebve<br \/>\nMuzat e Rras\u00ebs s\u00eb Zogut lajn\u00eb plag\u00ebt me lot\u00ebt e ngroht\u00eb<br \/>\nP\u00ebr betej\u00ebn e nes\u00ebrm\u00eb i b\u00ebjn\u00eb gati<\/p>\n<p><strong>2<\/strong>.<br \/>\nN\u00eb kasoll\u00ebn e pyellit n\u00eb rras\u00ebn e gurit era nj\u00ebsoj e ftoht\u00eb<br \/>\nPranvera n\u00eb Koshare u kthye s\u00ebrish s\u00ebrish u kthye<br \/>\nQ\u00eb nj\u00eb shekull e ngujuar n\u00eb gur\u00eb<br \/>\nDhe bilbilat s\u00ebrisht filluan t\u00eb k\u00ebndojn\u00eb<br \/>\nD\u00ebgjoj n\u00eb heshtje z\u00ebrat e mbr\u00ebmjes<br \/>\nMbi gjethet e ahut shiu shembet,<br \/>\nNga shkrepi n\u00eb shkrep nga zemra e gurit<br \/>\nVjen z\u00ebri i Sali \u00c7ekut<br \/>\nThirrjet e frym\u00ebzuara t\u00eb Agim Ramadanit<br \/>\nTi Kosov\u00eb e bukura Kosov\u00eb<br \/>\nLindim dhe vdesim p\u00eb Ty<\/p>\n<p><strong>3<\/strong>.<br \/>\nKoshare Koshare ti koh\u00eb e net\u00ebve t\u00eb gjata,<br \/>\nTi koh\u00eb e dit\u00ebve t\u00eb ndara dy pjes\u00eb t\u00eb Atdheut<br \/>\nTash nata e Bartolomeut aty<br \/>\n\u00c7asti i koh\u00ebs s\u00eb ndaluar p\u00ebrtej tok\u00ebs s\u00eb rrudhur<br \/>\nMbaroi Guri i kufirit s\u00b4\u00ebsht\u00eb m\u00eb<br \/>\nRras\u00ebn e Zogut Muzat shqiptare e mbrojn\u00eb<br \/>\nK\u00ebtu ku rri un\u00eb, s\u00b4ka drit\u00eb asgj\u00eb shqiptare<br \/>\nK\u00ebtu edhe frika p\u00ebr vdekjen s\u00b4\u00ebsht\u00eb shqiptare<br \/>\nO m\u00eb falni s\u00b4jam si Ju<br \/>\nUj\u00eb nga Rrasa e Zogut s\u00b4kam pir\u00eb<br \/>\nMuzat e Bjeshk\u00ebve t\u00eb Nemura s\u00b4m\u00eb kan\u00eb p\u00ebrkundur<br \/>\nApo s\u00b4di s\u00b4di a kam t\u00eb drejt\u00eb<br \/>\nDashurin\u00eb p\u00ebr Ju e shkruaj n\u00eb m\u00ebrgim<br \/>\nMos m\u00eb nd\u00ebrpritni i di t\u00eb gjitha<br \/>\nSonte nj\u00eb ushtim\u00eb shkrumb val\u00eb-val\u00eb zbret<br \/>\nKrisma arm\u00ebsh Vegimi s\u00b4m\u00eb g\u00ebnjen<br \/>\nGur\u00ebt n\u00eb Koshare po thyejn\u00eb qaf\u00ebn<br \/>\nShi t\u00eb Rrasa e Zogut shi n\u00eb \u00c7i\u00e7avic\u00eb shi n\u00eb Pashtrik<br \/>\nGur\u00ebt e varrit gur\u00eb kufiri u dridh\u00ebn<br \/>\nU rrokullis\u00ebn n\u00eb kap\u00ebrcell shekulli<br \/>\nN\u00eb humner\u00eb as copat e nd\u00ebrgjegjes Evrop\u00eb<br \/>\nDy krah\u00ebt e nj\u00eb Torzo bashkohen<br \/>\nTropoja pa mjegulla<br \/>\nPara agut n\u00eb Pranver\u00eb<\/p>\n<p><strong>4<\/strong>.<br \/>\nK\u00ebtu gjith\u00e7ka \u00ebsht\u00eb kujtimi p\u00ebr Ju<br \/>\nLiria Rrasa e Zogut e kuqluar<br \/>\nMbi barin e njom\u00eb t\u00eb k\u00ebsaj Pranvere fle<br \/>\nPor s\u00b4kam fuqi t\u00eb bisedoj me Ju<br \/>\nLiria fjala juaj e fundit guri i kufirit<br \/>\nBota s\u00b4b\u00ebn sehir<br \/>\nT\u00eb deg\u00ebt e pishave t\u00eb rrenj\u00ebt Ahu hijemadh<br \/>\nVashat ua lidhnin plag\u00ebt e lot\u00ebt e ngroht\u00eb<br \/>\nBor\u00ebn e Gjeravic\u00ebs shkrin<br \/>\nTe pellgu i gjakut zogjt\u00eb s\u00b4i mbyll\u00ebn dyert<br \/>\nK\u00ebng\u00ebs tmeronte bajlozin e zi<br \/>\nDielli nd\u00ebrmjet Rras\u00ebs s\u00eb Zogut nisi t\u00eb dal\u00eb<br \/>\nT\u00eb ngroh\u00eb ftoht\u00ebsin\u00eb n\u00eb t\u00eb dy an\u00ebt<\/p>\n<p><strong>5<\/strong>.<br \/>\nGjeravica beteja e re<br \/>\nKoh\u00eb shirash pranverore.<br \/>\nHeshtja shekullore shk\u00ebmbi Rrasa e Zogut<br \/>\nK\u00ebnga e trimit t\u00eb plagosur jepkurajo<br \/>\nEj moos u terhiqni Atdheuns\u00ebrisht e pash\u00eb<br \/>\nGjeravica q\u00ebndron<\/p>\n<p>Shi n\u00eb Rras\u00ebn e Zogut para lindjes se diellit<br \/>\nSa e ftoht\u00eb sa e ngroht\u00eb kjo nat\u00eb<br \/>\nAgimi e Salihu ran\u00eb p\u00ebr t\u00eb jetuar<\/p>\n<p>(<em>Tiran\u00eb, prill 1999\/Hamburg, maj 1999<\/em>)<\/p>\n<p><strong>LIGJ\u00cbRAT\u00cb P\u00cbR LIRIN\u00cb<\/strong><\/p>\n<p>Liria \u00ebsht\u00eb di\u00e7ka q\u00eb as vet\u00eb njeriu s\u00b4di \u00e7ka \u00ebsht\u00eb<\/p>\n<p>\u00cbsht\u00eb di\u00e7ka q\u00eb s\u00b4mund ta duash<br \/>\nm\u00eb shum\u00eb se sa t\u00eb don ajo ty<\/p>\n<p>\u00c7far\u00ebdo q\u00eb t\u00eb duash mund t\u00eb thuash p\u00ebr te<br \/>\nse Liria \u00ebsht\u00eb tok\u00eb q\u00eb duron gjith\u00e7ka<\/p>\n<p>Vend ku mund t\u00eb mbjellish lul\u00ebn,<br \/>\nlul\u00ebtherren edhe kaqen<\/p>\n<p>Mbrenda Liris\u00eb njeriu mund t\u00eb b\u00ebj m\u00ebkate<br \/>\nn\u00ebp\u00ebr kronikat e saja<\/p>\n<p>T\u00eb gjith\u00eb mendojn\u00eb se Liria \u00ebsht\u00eb jeta<br \/>\n\u00ebsht\u00eb dashuria dhe krenaria<\/p>\n<p>Por ky zbukurim na mashtron se Liria<br \/>\ns\u00b4 \u00ebsht\u00eb di\u00e7ka q\u00eb hahet e, as q\u00eb pihet&#8230;<\/p>\n<p>Liria \u00ebsht\u00eb di\u00e7ka q\u00eb as vet njeriu s\u00b4di \u00e7ka \u00ebsht\u00eb<\/p>\n<p><em>Janar, 2013<\/em><\/p>\n<p><strong>ZJARMI MALLI<\/strong><\/p>\n<p>N\u00eb brigjet e Elbes<br \/>\nP\u00ebr dit\u00eb i grimcoj fjal\u00ebt<br \/>\nP\u00ebr dit\u00eb p\u00ebrtyp kujtimet<\/p>\n<p>Nat\u00ebn kthehem nga kam ardhe<br \/>\nDit\u00ebn i lidh \u00ebndrrat nyje<br \/>\nHahem me vetveten<\/p>\n<p>Nj\u00ebsoj n\u00eb dim\u00ebr e ver\u00eb<br \/>\nR\u00ebnkimi i shpirtit<br \/>\nRrjedh nj\u00ebsoj<\/p>\n<p>Maje shtize gjuha dhe dashuria<br \/>\nN\u00b4treg shesim zjarmin e mallit<br \/>\nAs m\u00eb lirim s\u00b4ti blen kush<\/p>\n<p>Atdheun e varim n\u00b4k\u00ebng\u00eb<br \/>\nM\u00eb p\u00ebrralla i shkundim malet<br \/>\nlumenjt\u00eb e fushat i dridhim m\u00eb fjal\u00eb<\/p>\n<p>Po,<br \/>\n\u00c7ka marrim mbas vetes<br \/>\nG\u00ebnjeshtr\u00ebn se kemi jetua<\/p>\n<p>(<em>Hamburg, 23.02.2012<\/em>)<\/p>\n<p><strong>NATA N\u00cb BLAC\u00cb <\/strong><\/p>\n<p>Veshi nata valadonin e murgut<br \/>\nnum\u00ebroi varret pik\u00eb p\u00ebr pik\u00eb<\/p>\n<p>Porta e mbyllur u plak<br \/>\nnga koll\u00eb e kavernave<\/p>\n<p>Sa e gjat\u00eb nata mes arkivoleve<br \/>\nn\u00eb maternitetin e Bllac\u00ebs<\/p>\n<p>(<em>30. 03. 99<\/em>)<br \/>\n<em>Arif Molliqi<\/em><\/p>\n<p><strong>K\u00ebng\u00ebt q\u00eb marrin frym\u00eb<\/strong><\/p>\n<p><strong>I<\/strong>.<br \/>\nKoh\u00eb p\u00ebr koh\u00ebn zi, zi e q\u00eb zien tym e flak\u00eb m\u00eb drith\u00ebrime<br \/>\nE gur\u00ebt trokasin, ndoshta plasin nga gjaku nga krimi<br \/>\nNga pluhuri e qelbi n\u00ebp\u00ebr rrug\u00eb q\u00eb kund\u00ebrmojn\u00eb<br \/>\nT\u00eb s\u00ebmur\u00ebt i puthin me arm\u00eb, kok\u00eb e plumb, plumb e kok\u00eb<br \/>\nN\u00ebp\u00ebr vdekje kap\u00ebrcejn\u00eb ata q\u00eb u vonuan dje e sot<br \/>\nPranvera e hershme l\u00ebngon mortje, klithma t\u00eb tjet\u00ebrsuara<br \/>\nT\u00eb \u00e7ara toke, p\u00ebrbuzje nga eg\u00ebrsirat plot urrejtje njer\u00ebzore<br \/>\nGjithkah gjurma q\u00eb psher\u00ebtin\u00eb aq eg\u00ebr, eg\u00ebrsira gjithkah le gjurma<br \/>\nN\u00ebp\u00ebr rrug\u00eb eci. Eci e ndalem. Ndalem para port\u00ebs shkrumb<br \/>\nTre a kat\u00ebr f\u00ebmij\u00eb t\u00eb djegur ma mbyllin der\u00ebn, der\u00ebn ma mbyllin<br \/>\nS\u00b4ka dhoma t\u00eb lira n\u00eb k\u00ebt\u00eb koh\u00eb zot\u00ebri, zot\u00ebri me kravat\u00eb t\u00eb kuqe<br \/>\nJan\u00eb t\u00eb mbushura me vdekje dhomat, edhe podrumet, edhe parlamentet<br \/>\nN\u00ebp\u00ebr rrug\u00eb, an\u00ebs rrug\u00ebs, n\u00ebn hijen e g\u00ebshtenjave, te Pishat e De\u00e7anit<br \/>\nRr\u00ebz\u00eb \u00c7i\u00e7avic\u00ebs&#8230;<br \/>\nAvari ka, rr\u00ebmbime, vrasje, krisma \u00e7orodit\u00ebse. Ka varre<br \/>\nKa hajdut\u00eb me tanke, me uniforma t\u00eb xhelat\u00ebve. Ka kasap\u00eb<br \/>\nT\u00eb \u00e7mendurit i kan\u00eb l\u00ebn\u00eb t\u00eb lir\u00eb, t\u00eb lir\u00eb t\u00b4shajn\u00eb, t\u00eb lir\u00eb t\u00b4vrasin<br \/>\nT\u00eb dhunojn\u00eb t\u00eb lir\u00eb, t\u00eb dhunuarit n\u00b4sht\u00ebpi nuk kthehen kurr\u00eb<br \/>\nShtat\u00eb brezave u lejohet t\u00eb flasin p\u00ebr vdekjet, p\u00ebr vdekjen<br \/>\nE koh\u00ebs fishk\u00ebllyese, p\u00ebr kafkat e p\u00ebrgjakura n\u00b4Evrop\u00eb,<br \/>\nNgado q\u00eb shikoj njer\u00ebzit e mi duk\u00ebn t\u00eb gatsh\u00ebm t\u00eb vdesin<br \/>\nPa dhembje, pa pik\u00eb loti, krenar\u00eb me k\u00ebng\u00ebn e tyre;<br \/>\n\u201eAh, Kosov\u00eb mos thuaj mbarova,<br \/>\nse djemt\u00eb Tu hala jan\u00eb gjall\u00eb&#8230;\u201c<\/p>\n<p><strong>II<\/strong>.<br \/>\nEci rrug\u00ebve t\u00eb qytetit Muze dhe shikoi Gjeravic\u00ebn<br \/>\nNga lag\u00ebshti n\u00b4ver\u00eb hithrat kan\u00eb ngrit\u00eb Kok\u00ebn<br \/>\nShk\u00ebmbi i Qelis\u00eb digjet, digjet m\u00eb qytetin n\u00b4lak<br \/>\nN\u00ebnat e plagosura te pragu i sht\u00ebpis\u00eb q\u00eb digjet shpresojn\u00eb<br \/>\nShpresojn\u00eb se k\u00ebtu kan\u00eb ikur fajdexhinjt\u00eb, spiun\u00ebt, tregtar\u00ebt<br \/>\nKan\u00eb ikur kasap\u00ebt, vrastar\u00ebt. Kan\u00eb ikur politikan\u00ebt me drap\u00ebr e \u00e7ekan<br \/>\nKan\u00eb ikur dhe na mbeten sht\u00ebpit\u00eb t\u00eb ngjyrosura nga flaka<br \/>\nKan\u00eb mbetur kafkat q\u00eb flasin si d\u00ebshmi e njer\u00ebzimit<br \/>\nKa kroje q\u00eb shp\u00ebrthejn\u00eb si shat\u00ebrvan, ka k\u00ebng\u00eb q\u00eb marrin frym\u00eb<br \/>\nKa lule t\u00eb pranver\u00ebs, ka duar t\u00eb plasaritura<br \/>\nQ\u00eb shpupurisin hirin e t\u00eb vrar\u00ebve. I mbledhin eshtrat e djegur<br \/>\nKa zogj q\u00eb k\u00ebndojn\u00eb, ka jet\u00eb q\u00eb s\u00b4do t\u00eb shuhet kurr\u00eb<br \/>\nNj\u00eb f\u00ebmij\u00eb te pragu ulur sa bukur th\u00ebrret &#8211;<br \/>\nO, ooo Kthehuni more heji!<br \/>\nNj\u00eb f\u00ebmij\u00eb plag\u00ebt ia sh\u00ebron Kull\u00ebs, E ia nis jet\u00ebs s\u00eb re.<\/p><\/blockquote>\n","protected":false},"excerpt":{"rendered":"<p>Shkruan: Shaban Cakolli Aktiviteti letrarLexuesit tan\u00eb sot n\u00eb t\u00eb shumt\u00ebn jan\u00eb t\u00eb interesuar q\u00eb t\u00eb njohin bot\u00ebn shpirt\u00ebrore t\u00eb autor\u00ebve t\u00eb rinj\u00eb. Ata b\u00ebjn\u00eb k\u00ebrkime , k\u00ebrkime t\u00eb cilat u ofrojn\u00eb t\u00eb bukur\u00ebn. Nga k\u00ebrkesat q\u00eb b\u00ebjm\u00eb, kemi hasur autor\u00ebt e rinj\u00eb jan\u00eb shquar n\u00eb pun\u00ebn e tyredhe kan\u00eb prurje t\u00eb bukura. Un\u00eb do t\u00eb [&hellip;]<\/p>\n","protected":false},"author":1,"featured_media":0,"comment_status":"open","ping_status":"closed","sticky":false,"template":"","format":"standard","meta":{"footnotes":""},"categories":[2,7],"tags":[],"class_list":{"0":"post-13266","1":"post","2":"type-post","3":"status-publish","4":"format-standard","6":"category-artikuj","7":"category-letersi"},"yoast_head":"<!-- This site is optimized with the Yoast SEO plugin v27.4 - https:\/\/yoast.com\/product\/yoast-seo-wordpress\/ -->\n<title>ARIF MOLLIQI MENDIMTAR I SHQUAR I KULTUR\u00cbS KOMB\u00cbTARE - FjALA e LIR\u00cb - Arkivi<\/title>\n<meta name=\"robots\" content=\"index, follow, max-snippet:-1, max-image-preview:large, max-video-preview:-1\" \/>\n<link rel=\"canonical\" href=\"https:\/\/fjala.info\/2009-2015\/arif-molliqi-mendimtar-i-shquar-i-kultures-kombetare\/\" \/>\n<meta property=\"og:locale\" content=\"sq_AL\" \/>\n<meta property=\"og:type\" content=\"article\" \/>\n<meta property=\"og:title\" content=\"ARIF MOLLIQI MENDIMTAR I SHQUAR I KULTUR\u00cbS KOMB\u00cbTARE - FjALA e LIR\u00cb - Arkivi\" \/>\n<meta property=\"og:description\" content=\"Shkruan: Shaban Cakolli Aktiviteti letrarLexuesit tan\u00eb sot n\u00eb t\u00eb shumt\u00ebn jan\u00eb t\u00eb interesuar q\u00eb t\u00eb njohin bot\u00ebn shpirt\u00ebrore t\u00eb autor\u00ebve t\u00eb rinj\u00eb. Ata b\u00ebjn\u00eb k\u00ebrkime , k\u00ebrkime t\u00eb cilat u ofrojn\u00eb t\u00eb bukur\u00ebn. Nga k\u00ebrkesat q\u00eb b\u00ebjm\u00eb, kemi hasur autor\u00ebt e rinj\u00eb jan\u00eb shquar n\u00eb pun\u00ebn e tyredhe kan\u00eb prurje t\u00eb bukura. Un\u00eb do t\u00eb [&hellip;]\" \/>\n<meta property=\"og:url\" content=\"https:\/\/fjala.info\/2009-2015\/arif-molliqi-mendimtar-i-shquar-i-kultures-kombetare\/\" \/>\n<meta property=\"og:site_name\" content=\"FjALA e LIR\u00cb - Arkivi\" \/>\n<meta property=\"article:published_time\" content=\"2013-11-22T14:21:24+00:00\" \/>\n<meta property=\"og:image\" content=\"http:\/\/www.fjala.info\/2013\/arif_molliqi.jpg\" \/>\n<meta name=\"author\" content=\"admin\" \/>\n<meta name=\"twitter:card\" content=\"summary_large_image\" \/>\n<meta name=\"twitter:label1\" content=\"Written by\" \/>\n\t<meta name=\"twitter:data1\" content=\"admin\" \/>\n\t<meta name=\"twitter:label2\" content=\"Est. reading time\" \/>\n\t<meta name=\"twitter:data2\" content=\"12 minutes\" \/>\n<script type=\"application\/ld+json\" class=\"yoast-schema-graph\">{\"@context\":\"https:\\\/\\\/schema.org\",\"@graph\":[{\"@type\":\"Article\",\"@id\":\"https:\\\/\\\/fjala.info\\\/2009-2015\\\/arif-molliqi-mendimtar-i-shquar-i-kultures-kombetare\\\/#article\",\"isPartOf\":{\"@id\":\"https:\\\/\\\/fjala.info\\\/2009-2015\\\/arif-molliqi-mendimtar-i-shquar-i-kultures-kombetare\\\/\"},\"author\":{\"name\":\"admin\",\"@id\":\"https:\\\/\\\/fjala.info\\\/2009-2015\\\/#\\\/schema\\\/person\\\/3aa1163ef05469c496fc94e77611ada2\"},\"headline\":\"ARIF MOLLIQI MENDIMTAR I SHQUAR I KULTUR\u00cbS KOMB\u00cbTARE\",\"datePublished\":\"2013-11-22T14:21:24+00:00\",\"mainEntityOfPage\":{\"@id\":\"https:\\\/\\\/fjala.info\\\/2009-2015\\\/arif-molliqi-mendimtar-i-shquar-i-kultures-kombetare\\\/\"},\"wordCount\":2352,\"commentCount\":0,\"publisher\":{\"@id\":\"https:\\\/\\\/fjala.info\\\/2009-2015\\\/#organization\"},\"image\":{\"@id\":\"https:\\\/\\\/fjala.info\\\/2009-2015\\\/arif-molliqi-mendimtar-i-shquar-i-kultures-kombetare\\\/#primaryimage\"},\"thumbnailUrl\":\"http:\\\/\\\/www.fjala.info\\\/2013\\\/arif_molliqi.jpg\",\"articleSection\":[\"Artikuj\",\"Let\u00ebrsi\"],\"inLanguage\":\"sq-AL\",\"potentialAction\":[{\"@type\":\"CommentAction\",\"name\":\"Comment\",\"target\":[\"https:\\\/\\\/fjala.info\\\/2009-2015\\\/arif-molliqi-mendimtar-i-shquar-i-kultures-kombetare\\\/#respond\"]}]},{\"@type\":\"WebPage\",\"@id\":\"https:\\\/\\\/fjala.info\\\/2009-2015\\\/arif-molliqi-mendimtar-i-shquar-i-kultures-kombetare\\\/\",\"url\":\"https:\\\/\\\/fjala.info\\\/2009-2015\\\/arif-molliqi-mendimtar-i-shquar-i-kultures-kombetare\\\/\",\"name\":\"ARIF MOLLIQI MENDIMTAR I SHQUAR I KULTUR\u00cbS KOMB\u00cbTARE - FjALA e LIR\u00cb - Arkivi\",\"isPartOf\":{\"@id\":\"https:\\\/\\\/fjala.info\\\/2009-2015\\\/#website\"},\"primaryImageOfPage\":{\"@id\":\"https:\\\/\\\/fjala.info\\\/2009-2015\\\/arif-molliqi-mendimtar-i-shquar-i-kultures-kombetare\\\/#primaryimage\"},\"image\":{\"@id\":\"https:\\\/\\\/fjala.info\\\/2009-2015\\\/arif-molliqi-mendimtar-i-shquar-i-kultures-kombetare\\\/#primaryimage\"},\"thumbnailUrl\":\"http:\\\/\\\/www.fjala.info\\\/2013\\\/arif_molliqi.jpg\",\"datePublished\":\"2013-11-22T14:21:24+00:00\",\"breadcrumb\":{\"@id\":\"https:\\\/\\\/fjala.info\\\/2009-2015\\\/arif-molliqi-mendimtar-i-shquar-i-kultures-kombetare\\\/#breadcrumb\"},\"inLanguage\":\"sq-AL\",\"potentialAction\":[{\"@type\":\"ReadAction\",\"target\":[\"https:\\\/\\\/fjala.info\\\/2009-2015\\\/arif-molliqi-mendimtar-i-shquar-i-kultures-kombetare\\\/\"]}]},{\"@type\":\"ImageObject\",\"inLanguage\":\"sq-AL\",\"@id\":\"https:\\\/\\\/fjala.info\\\/2009-2015\\\/arif-molliqi-mendimtar-i-shquar-i-kultures-kombetare\\\/#primaryimage\",\"url\":\"http:\\\/\\\/www.fjala.info\\\/2013\\\/arif_molliqi.jpg\",\"contentUrl\":\"http:\\\/\\\/www.fjala.info\\\/2013\\\/arif_molliqi.jpg\"},{\"@type\":\"BreadcrumbList\",\"@id\":\"https:\\\/\\\/fjala.info\\\/2009-2015\\\/arif-molliqi-mendimtar-i-shquar-i-kultures-kombetare\\\/#breadcrumb\",\"itemListElement\":[{\"@type\":\"ListItem\",\"position\":1,\"name\":\"Home\",\"item\":\"https:\\\/\\\/fjala.info\\\/2009-2015\\\/\"},{\"@type\":\"ListItem\",\"position\":2,\"name\":\"ARIF MOLLIQI MENDIMTAR I SHQUAR I KULTUR\u00cbS KOMB\u00cbTARE\"}]},{\"@type\":\"WebSite\",\"@id\":\"https:\\\/\\\/fjala.info\\\/2009-2015\\\/#website\",\"url\":\"https:\\\/\\\/fjala.info\\\/2009-2015\\\/\",\"name\":\"FjALA e LIR\u00cb - Arkivi\",\"description\":\"Arkivi 2009-2015\",\"publisher\":{\"@id\":\"https:\\\/\\\/fjala.info\\\/2009-2015\\\/#organization\"},\"potentialAction\":[{\"@type\":\"SearchAction\",\"target\":{\"@type\":\"EntryPoint\",\"urlTemplate\":\"https:\\\/\\\/fjala.info\\\/2009-2015\\\/?s={search_term_string}\"},\"query-input\":{\"@type\":\"PropertyValueSpecification\",\"valueRequired\":true,\"valueName\":\"search_term_string\"}}],\"inLanguage\":\"sq-AL\"},{\"@type\":\"Organization\",\"@id\":\"https:\\\/\\\/fjala.info\\\/2009-2015\\\/#organization\",\"name\":\"FjALA e LIR\u00cb - Arkivi\",\"url\":\"https:\\\/\\\/fjala.info\\\/2009-2015\\\/\",\"logo\":{\"@type\":\"ImageObject\",\"inLanguage\":\"sq-AL\",\"@id\":\"https:\\\/\\\/fjala.info\\\/2009-2015\\\/#\\\/schema\\\/logo\\\/image\\\/\",\"url\":\"\",\"contentUrl\":\"\",\"caption\":\"FjALA e LIR\u00cb - Arkivi\"},\"image\":{\"@id\":\"https:\\\/\\\/fjala.info\\\/2009-2015\\\/#\\\/schema\\\/logo\\\/image\\\/\"}},{\"@type\":\"Person\",\"@id\":\"https:\\\/\\\/fjala.info\\\/2009-2015\\\/#\\\/schema\\\/person\\\/3aa1163ef05469c496fc94e77611ada2\",\"name\":\"admin\",\"image\":{\"@type\":\"ImageObject\",\"inLanguage\":\"sq-AL\",\"@id\":\"https:\\\/\\\/fjala.info\\\/2009-2015\\\/wp-content\\\/uploads\\\/2012\\\/02\\\/arben_cokaj-120x150.jpg\",\"url\":\"https:\\\/\\\/fjala.info\\\/2009-2015\\\/wp-content\\\/uploads\\\/2012\\\/02\\\/arben_cokaj-120x150.jpg\",\"contentUrl\":\"https:\\\/\\\/fjala.info\\\/2009-2015\\\/wp-content\\\/uploads\\\/2012\\\/02\\\/arben_cokaj-120x150.jpg\",\"caption\":\"admin\"},\"description\":\"Admin, Fjala e Lir\u00eb\",\"sameAs\":[\"https:\\\/\\\/fjala.info\\\/\"],\"url\":\"https:\\\/\\\/fjala.info\\\/2009-2015\\\/author\\\/admin\\\/\"}]}<\/script>\n<!-- \/ Yoast SEO plugin. -->","yoast_head_json":{"title":"ARIF MOLLIQI MENDIMTAR I SHQUAR I KULTUR\u00cbS KOMB\u00cbTARE - FjALA e LIR\u00cb - Arkivi","robots":{"index":"index","follow":"follow","max-snippet":"max-snippet:-1","max-image-preview":"max-image-preview:large","max-video-preview":"max-video-preview:-1"},"canonical":"https:\/\/fjala.info\/2009-2015\/arif-molliqi-mendimtar-i-shquar-i-kultures-kombetare\/","og_locale":"sq_AL","og_type":"article","og_title":"ARIF MOLLIQI MENDIMTAR I SHQUAR I KULTUR\u00cbS KOMB\u00cbTARE - FjALA e LIR\u00cb - Arkivi","og_description":"Shkruan: Shaban Cakolli Aktiviteti letrarLexuesit tan\u00eb sot n\u00eb t\u00eb shumt\u00ebn jan\u00eb t\u00eb interesuar q\u00eb t\u00eb njohin bot\u00ebn shpirt\u00ebrore t\u00eb autor\u00ebve t\u00eb rinj\u00eb. Ata b\u00ebjn\u00eb k\u00ebrkime , k\u00ebrkime t\u00eb cilat u ofrojn\u00eb t\u00eb bukur\u00ebn. Nga k\u00ebrkesat q\u00eb b\u00ebjm\u00eb, kemi hasur autor\u00ebt e rinj\u00eb jan\u00eb shquar n\u00eb pun\u00ebn e tyredhe kan\u00eb prurje t\u00eb bukura. Un\u00eb do t\u00eb [&hellip;]","og_url":"https:\/\/fjala.info\/2009-2015\/arif-molliqi-mendimtar-i-shquar-i-kultures-kombetare\/","og_site_name":"FjALA e LIR\u00cb - Arkivi","article_published_time":"2013-11-22T14:21:24+00:00","og_image":[{"url":"http:\/\/www.fjala.info\/2013\/arif_molliqi.jpg","type":"","width":"","height":""}],"author":"admin","twitter_card":"summary_large_image","twitter_misc":{"Written by":"admin","Est. reading time":"12 minutes"},"schema":{"@context":"https:\/\/schema.org","@graph":[{"@type":"Article","@id":"https:\/\/fjala.info\/2009-2015\/arif-molliqi-mendimtar-i-shquar-i-kultures-kombetare\/#article","isPartOf":{"@id":"https:\/\/fjala.info\/2009-2015\/arif-molliqi-mendimtar-i-shquar-i-kultures-kombetare\/"},"author":{"name":"admin","@id":"https:\/\/fjala.info\/2009-2015\/#\/schema\/person\/3aa1163ef05469c496fc94e77611ada2"},"headline":"ARIF MOLLIQI MENDIMTAR I SHQUAR I KULTUR\u00cbS KOMB\u00cbTARE","datePublished":"2013-11-22T14:21:24+00:00","mainEntityOfPage":{"@id":"https:\/\/fjala.info\/2009-2015\/arif-molliqi-mendimtar-i-shquar-i-kultures-kombetare\/"},"wordCount":2352,"commentCount":0,"publisher":{"@id":"https:\/\/fjala.info\/2009-2015\/#organization"},"image":{"@id":"https:\/\/fjala.info\/2009-2015\/arif-molliqi-mendimtar-i-shquar-i-kultures-kombetare\/#primaryimage"},"thumbnailUrl":"http:\/\/www.fjala.info\/2013\/arif_molliqi.jpg","articleSection":["Artikuj","Let\u00ebrsi"],"inLanguage":"sq-AL","potentialAction":[{"@type":"CommentAction","name":"Comment","target":["https:\/\/fjala.info\/2009-2015\/arif-molliqi-mendimtar-i-shquar-i-kultures-kombetare\/#respond"]}]},{"@type":"WebPage","@id":"https:\/\/fjala.info\/2009-2015\/arif-molliqi-mendimtar-i-shquar-i-kultures-kombetare\/","url":"https:\/\/fjala.info\/2009-2015\/arif-molliqi-mendimtar-i-shquar-i-kultures-kombetare\/","name":"ARIF MOLLIQI MENDIMTAR I SHQUAR I KULTUR\u00cbS KOMB\u00cbTARE - FjALA e LIR\u00cb - Arkivi","isPartOf":{"@id":"https:\/\/fjala.info\/2009-2015\/#website"},"primaryImageOfPage":{"@id":"https:\/\/fjala.info\/2009-2015\/arif-molliqi-mendimtar-i-shquar-i-kultures-kombetare\/#primaryimage"},"image":{"@id":"https:\/\/fjala.info\/2009-2015\/arif-molliqi-mendimtar-i-shquar-i-kultures-kombetare\/#primaryimage"},"thumbnailUrl":"http:\/\/www.fjala.info\/2013\/arif_molliqi.jpg","datePublished":"2013-11-22T14:21:24+00:00","breadcrumb":{"@id":"https:\/\/fjala.info\/2009-2015\/arif-molliqi-mendimtar-i-shquar-i-kultures-kombetare\/#breadcrumb"},"inLanguage":"sq-AL","potentialAction":[{"@type":"ReadAction","target":["https:\/\/fjala.info\/2009-2015\/arif-molliqi-mendimtar-i-shquar-i-kultures-kombetare\/"]}]},{"@type":"ImageObject","inLanguage":"sq-AL","@id":"https:\/\/fjala.info\/2009-2015\/arif-molliqi-mendimtar-i-shquar-i-kultures-kombetare\/#primaryimage","url":"http:\/\/www.fjala.info\/2013\/arif_molliqi.jpg","contentUrl":"http:\/\/www.fjala.info\/2013\/arif_molliqi.jpg"},{"@type":"BreadcrumbList","@id":"https:\/\/fjala.info\/2009-2015\/arif-molliqi-mendimtar-i-shquar-i-kultures-kombetare\/#breadcrumb","itemListElement":[{"@type":"ListItem","position":1,"name":"Home","item":"https:\/\/fjala.info\/2009-2015\/"},{"@type":"ListItem","position":2,"name":"ARIF MOLLIQI MENDIMTAR I SHQUAR I KULTUR\u00cbS KOMB\u00cbTARE"}]},{"@type":"WebSite","@id":"https:\/\/fjala.info\/2009-2015\/#website","url":"https:\/\/fjala.info\/2009-2015\/","name":"FjALA e LIR\u00cb - Arkivi","description":"Arkivi 2009-2015","publisher":{"@id":"https:\/\/fjala.info\/2009-2015\/#organization"},"potentialAction":[{"@type":"SearchAction","target":{"@type":"EntryPoint","urlTemplate":"https:\/\/fjala.info\/2009-2015\/?s={search_term_string}"},"query-input":{"@type":"PropertyValueSpecification","valueRequired":true,"valueName":"search_term_string"}}],"inLanguage":"sq-AL"},{"@type":"Organization","@id":"https:\/\/fjala.info\/2009-2015\/#organization","name":"FjALA e LIR\u00cb - Arkivi","url":"https:\/\/fjala.info\/2009-2015\/","logo":{"@type":"ImageObject","inLanguage":"sq-AL","@id":"https:\/\/fjala.info\/2009-2015\/#\/schema\/logo\/image\/","url":"","contentUrl":"","caption":"FjALA e LIR\u00cb - Arkivi"},"image":{"@id":"https:\/\/fjala.info\/2009-2015\/#\/schema\/logo\/image\/"}},{"@type":"Person","@id":"https:\/\/fjala.info\/2009-2015\/#\/schema\/person\/3aa1163ef05469c496fc94e77611ada2","name":"admin","image":{"@type":"ImageObject","inLanguage":"sq-AL","@id":"https:\/\/fjala.info\/2009-2015\/wp-content\/uploads\/2012\/02\/arben_cokaj-120x150.jpg","url":"https:\/\/fjala.info\/2009-2015\/wp-content\/uploads\/2012\/02\/arben_cokaj-120x150.jpg","contentUrl":"https:\/\/fjala.info\/2009-2015\/wp-content\/uploads\/2012\/02\/arben_cokaj-120x150.jpg","caption":"admin"},"description":"Admin, Fjala e Lir\u00eb","sameAs":["https:\/\/fjala.info\/"],"url":"https:\/\/fjala.info\/2009-2015\/author\/admin\/"}]}},"_links":{"self":[{"href":"https:\/\/fjala.info\/2009-2015\/wp-json\/wp\/v2\/posts\/13266","targetHints":{"allow":["GET"]}}],"collection":[{"href":"https:\/\/fjala.info\/2009-2015\/wp-json\/wp\/v2\/posts"}],"about":[{"href":"https:\/\/fjala.info\/2009-2015\/wp-json\/wp\/v2\/types\/post"}],"author":[{"embeddable":true,"href":"https:\/\/fjala.info\/2009-2015\/wp-json\/wp\/v2\/users\/1"}],"replies":[{"embeddable":true,"href":"https:\/\/fjala.info\/2009-2015\/wp-json\/wp\/v2\/comments?post=13266"}],"version-history":[{"count":0,"href":"https:\/\/fjala.info\/2009-2015\/wp-json\/wp\/v2\/posts\/13266\/revisions"}],"wp:attachment":[{"href":"https:\/\/fjala.info\/2009-2015\/wp-json\/wp\/v2\/media?parent=13266"}],"wp:term":[{"taxonomy":"category","embeddable":true,"href":"https:\/\/fjala.info\/2009-2015\/wp-json\/wp\/v2\/categories?post=13266"},{"taxonomy":"post_tag","embeddable":true,"href":"https:\/\/fjala.info\/2009-2015\/wp-json\/wp\/v2\/tags?post=13266"}],"curies":[{"name":"wp","href":"https:\/\/api.w.org\/{rel}","templated":true}]}}