{"id":13265,"date":"2013-12-02T15:04:35","date_gmt":"2013-12-02T14:04:35","guid":{"rendered":"http:\/\/fjala.info\/?p=5419"},"modified":"2013-12-02T15:04:35","modified_gmt":"2013-12-02T14:04:35","slug":"ibrahim-ibishi-lum-ai-per-emrin-dhe-veprat-qe-na-i-la","status":"publish","type":"post","link":"https:\/\/fjala.info\/2009-2015\/ibrahim-ibishi-lum-ai-per-emrin-dhe-veprat-qe-na-i-la\/","title":{"rendered":"Ibrahim Ibishi &#8211; LUM AI P\u00cbR EMRIN DHE VEPRAT Q\u00cb NA I LA"},"content":{"rendered":"<p><img decoding=\"async\" class=\"alignright size-thumbnail wp-image-7236\" title=\"Ibrahim Ibishi\" alt=\"\" src=\"http:\/\/www.fjala.info\/2013\/ibrahim_ibishi.jpg\" width=\"150\" \/> Shkruan: <strong>Shaban CAKOLLLI<\/strong><\/p>\n<p><strong>Ibrahim Ibishi<\/strong> iku p\u00ebr t\u00eb mbetur i pavdeksh\u00ebm. Ai shkoi shum\u00eb her\u00ebt, por do t\u00eb rroj\u00eb gjat\u00eb. Ai ka  mbetur n\u00eb poezi,proz\u00eb,n\u00eb ese,romane,publicistik\u00eb n\u00eb  kujtes\u00ebn e gjeneratave t\u00eb cilat i m\u00ebsoj dhe edukoj,n\u00eb kujtesen e artdash\u00ebsve, n\u00eb themele t\u00eb pal\u00ebkundura. Jeta \u00ebsht\u00eb nj\u00eb betej\u00eb p\u00ebr t\u00eb mbijetuar,nj\u00eb sfid\u00eb koh\u00ebrash ku njeriu rr\u00ebpatet p\u00ebr t\u00eb b\u00ebr\u00eb vepra,madje jeta \u00ebsht\u00eb si hije,nj\u00eb dit\u00eb p\u00ebrendon,jeta \u00ebsht\u00eb luft\u00eb p\u00ebr t\u00eb arrir\u00eb suksese,nisemi me jet\u00ebn e udh\u00ebtojm\u00eb gjithnj\u00eb me vdekjen,proces i dhimbsh\u00ebm por i pashmangsh\u00ebm. Njeriu n\u00eb jet\u00eb nuk k\u00ebnaqet me t\u00eb arriturat n\u00eb jet\u00ebn e tij,gj\u00ebthnj\u00eb synojm\u00eb majat dhe nj\u00eb dit\u00eb ngecim n\u00eb mes t\u00eb rrug\u00ebtimit.Njer\u00ebzit nuk jan\u00eb asnj\u00eb t\u00eb njejt\u00eb as nga pamja,as nga veprat,dikush arrin\u00eb m\u00eb shum\u00eb,dikush m\u00eb pak,dikush nuk arrin\u00eb asgj\u00eb,fundja pas jet\u00ebs t\u00eb gjith\u00eb kemi t\u00eb pashmangshme  vdekjen.<\/p>\n<p>Askush nuk e din koh\u00ebn kur ajo do t\u00eb na gjej\u00eb,po t\u00eb e dinim t\u00eb gjith\u00eb do t\u00eb pregatiteshim,por vdekja gjithnj\u00eb na z\u00eb t\u00eb papregaditur.Jeta ik\u00ebn si fluskat,dikush vdes pa b\u00ebr\u00eb vepra ose le vepra t\u00eb sh\u00ebmtuara,t\u00eb till\u00ebt ose harrohen brenda pak koh\u00ebsh,ose n\u00ebp\u00ebr breza flitet p\u00ebr veprat e tij t\u00eb sh\u00ebmtuara.Disa pas shkuar\u00ebjes n\u00eb bot\u00ebn tjet\u00ebr l\u00ebn\u00eb vepra t\u00eb cilat mbesin n\u00eb kujtes\u00eb gjithmon\u00eb,me veprat e tyre m\u00ebsohemi dhe krenohemi.T\u00eb till\u00ebt jan\u00eb t\u00eb pavdeksh\u00ebm,ata rrojn\u00eb n\u00eb kujtes\u00ebn e brezave me veprat e tyre madh\u00ebshtore.I till\u00eb dhe i pavdeksh\u00ebm mbetet  Ibrahim  Ibishi,i mbajtur mend p\u00ebr veprimtar\u00eb komb\u00ebtar\u00eb,mik,shkrimtar,poet,kritik letrar,m\u00ebsues e edukator i mir\u00eb.Ibrahimi iku her\u00ebt,koh\u00ebn kur ishte n\u00eb vlugun e majave t\u00eb suksesit,koh\u00ebn kur na u desh m\u00eb s\u00eb tep\u00ebrmi.Vdekja nuk pyet,ajo ngat\u00ebrron rendet,ajo sulmon tin\u00ebzisht e padiktuesh\u00ebm,por  veprimtaria e tij e sukseshme na b\u00ebn\u00eb q\u00eb kurr\u00eb t\u00eb mos na shuhet malli dhe kujtesa p\u00ebr te.<\/p>\n<p>Te Ibrahimi, kemi kujtime jo vet\u00ebm ne q\u00eb e njoh\u00ebm e bashk\u00ebpunuam me te,, kan t\u00eb gjith\u00eb nga pak. Kemi se, n\u00eb t\u00eb gjith\u00eb vepr\u00ebn e tij ai ngjizi n\u00eb  let\u00ebrsin\u00eb ton\u00eb,diturin\u00eb e arsimin,n\u00eb shpirtin e popullit t\u00eb tij, e ngriti si piketa t\u00eb nd\u00ebrgjegjes s\u00eb tij komb\u00ebtare n\u00eb t\u00eb gjith\u00eb tok\u00ebn m\u00ebm\u00eb, la vepra q\u00eb na b\u00ebn ta kujtojm\u00eb p\u00ebrgjithmon\u00eb.<\/p>\n<p>Ibrahim Ibishi,aq sa i madh ishte si shkrimtar\u00eb e m\u00ebsues, po i till\u00eb qe si njeri. Fisnik dhe human, burr\u00eb kuvendi, i urt\u00eb dhe i men\u00e7ur. Ai kishte kultur\u00eb se studjoi dhe e thelloi  vet..<br \/>\nIbra me vepr\u00ebn e tij krijoi  vet\u00eb shkoll\u00eb, nj\u00eb koleksion veprash q\u00eb kan\u00eb vler\u00ebn e nj\u00eb Akademie q\u00eb meriton t\u00eb quhet &#8220;Krijues i mir\u00ebfillt\u00eb&#8221; pasi ajo ka vlerat e traditave m\u00eb t\u00eb shquara si dhe vizionet e reja t\u00eb koh\u00ebs. . Miqt\u00eb e tjer\u00eb ishin nga t\u00eb gjith\u00eb moshat, krijuesitt, t\u00eb artit, t\u00eb an\u00eb e k\u00ebnd trojeve shqiptare e m\u00eb gj\u00ebr\u00eb.<\/p>\n<p>Ibrahim Ibishin e desh\u00ebn se ishte p\u00ebr t&#8217;u dashur. Lum ai q\u00eb la k\u00ebt\u00eb em\u00ebr!Ibrahim  Ibishi ishte atdhedash\u00ebs,m\u00ebsues i cili disa her\u00eb u shpall si m\u00ebsuesi m\u00eb i mir\u00eb i Kosov\u00ebs.<\/p>\n<p>Ibrahim Ibishi, (16 dhjetor 1953, Kremenat\u00eb e Gallapit \u2013 25 n\u00ebntor 2010, Prishtin\u00eb), poet, tregimtar, romansier dhe kritik letrar.<\/p>\n<p><strong>Biografia<\/strong><\/p>\n<p>Me profesion ishte m\u00ebsimdh\u00ebn\u00ebs i Gjuh\u00ebs shqipe dhe let\u00ebrsis\u00eb dhe m\u00ebsues klasor. P\u00ebrpos profesionit t\u00eb m\u00ebsimdh\u00ebn\u00ebsit ai kishte afinitet p\u00ebr krijimtari letrare n\u00eb zhanre t\u00eb ndryshme letrare. Romani \u201c Shtjella e vetmis\u00eb \u201c, q\u00eb botoi SHB \u201c Rilindja \u201c, n\u00eb vitin 2000, nga SHSH t\u00eb Kosov\u00ebs u shpall libri m\u00eb i mir\u00eb i botuar n\u00eb proz\u00eb.<br \/>\nIbishi kishte bashk\u00ebpunuar me shum\u00eb revista, gazeta e mediume t\u00eb shikuara, si: \u201cBota e re\u201c, \u201cZ\u00ebri i rinis\u00eb\u201c (m\u00eb von\u00eb \u201cZ\u00ebri\u201c), \u201cRilindja\u201c (m\u00eb von\u00eb \u201cBujku\u201c), \u201cPionieri \u201c, \u201cFjala \u201c, \u201c Jeta e Re \u201c, \u201c GEP \u2013 i \u201c, \u201c Kosovarja \u201c, \u201c Shk\u00ebndija \u201c, \u201c Bota sot \u201c, \u201cKoha ditore \u201c, \u201c Ylliria Post \u201c, \u201c Lajm \u201c, \u201c RTK \u201c, \u201c Nositi \u201c, Dardan\u00eb \u201c, Jehona \u201c e Bujanocit, \u201c Kalendari letrar \u201c, \u201c Verbi \u201c e ndonj\u00eb tjet\u00ebr.<br \/>\nVdiq n\u00eb Prishtin\u00eb, m\u00eb 25 n\u00ebntor 2010.<\/p>\n<p><strong>Veprat<\/strong><\/p>\n<p><strong>Poezi<\/strong><br \/>\n\u201cVarr n\u00eb qiell \u201c, 1995<br \/>\n\u201cKa\u00e7urrelja q\u00eb vrapon pas er\u00ebs \u201c 2004<br \/>\n\u201cBalad\u00eb shiu \u201c, 2008<br \/>\nProz\u00eb[redakto]<br \/>\n\u201cShiu p\u00ebr k\u00ebrpudha \u201c, 1995<br \/>\n&#8220;Korbat mbi muran\u00eb \u201c, 1996<br \/>\n\u201cShtjella e vetmis\u00eb \u201c, 20 00 roman<br \/>\n\u201cTr\u00ebndafil n\u00eb varrez\u00eb \u201c, 2000 roman<br \/>\n\u201cNjer\u00ebzit e vjesht\u00ebs \u2026 \u201c,<\/p>\n<blockquote><p><strong>IBRAHIM IBISHI &#8211; DUA T\u00cb JESH H\u00cbN\u00cb POETI<\/strong><\/p>\n<p><strong>DUA T\u00cb JESH H\u00cbN\u00cb POETI<\/strong><\/p>\n<p>Dua<br \/>\nT\u00eb jesh h\u00ebn\u00eb poeti<br \/>\nZjarr dhe qet\u00ebsi<br \/>\nN\u00eb t\u00eb nj\u00ebjt\u00ebn koh\u00eb<br \/>\nDhe dram\u00eb e k\u00ebng\u00eb<br \/>\nT\u00eb jesh kur ke vetmi<br \/>\nDua<br \/>\nT\u00eb jesh zog per\u00ebndie<br \/>\nQ\u00eb fluturon qiellit tim<br \/>\nDhe gj\u00ebm\u00eb e k\u00ebng\u00eb t\u00eb jesh<br \/>\nNj\u00eb dit\u00eb kur t\u2019ikin \u00ebndrrat<br \/>\nT\u00eb kthehesh t\u00eb tregosh<br \/>\nSe je h\u00ebn\u00eb poeti<br \/>\nMe kuror\u00eb xhevahiri &#8211; mbret\u00ebresh\u00eb<br \/>\nDua<br \/>\nZog i k\u00ebtij qielli t\u00eb jesh<br \/>\nMe plot shpres\u00eb n\u00eb cic\u00ebrrim\u00eb<br \/>\nFash\u00eb drite e zv\u00ebrdheme<br \/>\nT\u00eb shk\u00eblqesh<br \/>\nTek l\u00ebshohesh mbi dritaren time<br \/>\nN\u00eb mesnat\u00eb<br \/>\nH\u00ebn\u00eb dhe zjarr poeti<br \/>\nT\u00eb shk\u00eblqesh e t\u00eb jesh<\/p>\n<p><strong>ROMANC\u00cb P\u00cbR TY DHE M\u00cbNGJESIN ME SHI<\/strong><\/p>\n<p>Nga veranda e Agoras<br \/>\nP\u00ebrjetoj p\u00ebrp\u00eblitjen e shiut<br \/>\nMbi gjethurin\u00eb e blinit<br \/>\nDhe flokun t\u00ebnd<br \/>\nT\u00eb ngat\u00ebrruar me copat e gjumit<br \/>\nE shoh t\u00eb g\u00ebshtenjt\u00eb t\u00eb p\u00ebrgjumur<br \/>\n(N\u00ebse do t\u00eb jesh i lumtur thon\u00eb<br \/>\nSajo nj\u00eb p\u00ebrrall\u00eb p\u00ebr t\u00eb dashuren<br \/>\nQ\u00eb ende fle e patrazuar<br \/>\nN\u00eb shtrat princeshe<br \/>\nDhe vrojto detin e m\u00ebrzitur<br \/>\nNga puthjet e pik\u00eblave t\u00eb imta<br \/>\nE ka\u00e7urrelat e saj<br \/>\nMerri n\u00eb gisht\u00ebrinjt q\u00eb t\u00eb dridhen<br \/>\nDridhen<br \/>\nDridhen)<br \/>\nPrej k\u00ebndej mundohem t\u00eb t\u00eb gjej<br \/>\nN\u00eb nj\u00eb bredh\u00ebritje t\u00eb p\u00ebrhanshme<br \/>\nDhomave t\u00eb pallatit p\u00ebrball\u00eb<br \/>\nE nuk t\u00eb gjej nuk t\u00eb gjej<br \/>\nE nuk t\u00eb shoh nuk t\u00eb shoh nuk t\u00eb shoh<br \/>\nE patjet\u00ebr diku je ti<br \/>\nE un\u00eb d\u00ebshiroj t\u00eb t\u00eb shoh t\u00eb t\u00eb shoh<br \/>\nKa\u00e7urrelat t\u2019i p\u00ebrk\u00ebdhel n\u00ebp\u00ebr shi<br \/>\nN\u00ebp\u00ebr shi n\u00ebp\u00ebr shi<\/p>\n<p><strong>PRIT NJ\u00cb HER\u00cb SA T\u2019DEL VASHA<\/strong><\/p>\n<p>H\u00ebn\u00eb o h\u00ebn\u00eb h\u00ebn\u00eb hirushe<br \/>\nN\u00eb mesnat\u00eb prit e prit<br \/>\nVon\u00eb kur \u00ebndrra psher\u00ebtin\u00eb<br \/>\nPrit sa t\u2019del vasha n\u2019dritare<br \/>\nSa t\u2019del djali me violin\u00eb<br \/>\nRri mbi kopshtin e p\u00ebrgjumur<br \/>\nPlot arom\u00eb jorgovani<br \/>\nL\u2019sho fenerin n\u00eb \u00e7ardak<br \/>\nPuqi buz\u00ebt engj\u00ebllore<br \/>\nShfryje afshin mbi zambak<br \/>\nE dikur n\u00eb fund t\u00eb \u00ebndrr\u00ebs<br \/>\nFshihe syrin n\u00eb buz\u00eb mali<br \/>\nHije e verdh\u00eb sa t\u2019zgjat\u00eb nata<br \/>\nN\u2019zem\u00ebr t\u2019djalit lulja e jet\u00ebs<br \/>\nTr\u00ebndafil me gjemba ari<\/p>\n<p><strong>DIM\u00cbR SHIGJETAR\u00cbSH<\/strong><\/p>\n<p>Nga mansarda q\u00eb nuk e kam<br \/>\nThith cigaren<br \/>\nPastaj me tymin n\u00ebp\u00ebr pullaze hidhem<br \/>\nSi galat kur krrokasin n\u2019acar<br \/>\nE posht\u00eb nipi n\u00eb dhom\u00ebn e prind\u00ebrve<br \/>\nK\u00ebrkon di\u00e7ka q\u00eb emrin ende nuk ia di<br \/>\nQan nga i\u2019here<br \/>\nMe gjuh\u00ebn time q\u00eb s\u2019e mbaj n\u00eb mend<br \/>\nSikur m\u00eb thot\u00eb: gjysh un\u00eb e ti u lind\u00ebm sivjet<br \/>\nPak dit\u00eb para vitit t\u00eb ri<br \/>\nN\u00eb dhjetorin e ardhsh\u00ebm<br \/>\nDo t\u00eb mbushim nj\u00eb shekull t\u00eb zbraz\u00ebt<br \/>\nNd\u00ebrsa un\u00eb p\u00ebrk\u00ebdhel mjekr\u00ebn<br \/>\nDhe me tymin e cigares udh\u00ebtoj<br \/>\nHidhem n\u00ebp\u00ebr \u00ebndrra si bandill i vetmuar<br \/>\nHer\u00eb qaj si Erjoni<br \/>\nHer\u00eb si galat krrokat mbi pullaze<br \/>\nN\u00eb k\u00ebt\u00eb dim\u00ebr shigjetar\u00ebsh<br \/>\nNj\u00eb shekull nis e nuk mbaron kurr\u00eb<\/p>\n<p><strong>KUR TI FLE<\/strong><\/p>\n<p>Fle fle fle<br \/>\nFle fle fle<br \/>\nTi tashti fle<br \/>\nFle fle fle<br \/>\nDhe nj\u00eb n\u00ebnqeshje n\u00eb cep buze<br \/>\nT\u00eb miklon \u00ebnd\u00ebrr\u00ebn e pafund<br \/>\nE tashti ti fle<br \/>\nFle e fle e fle<br \/>\nUn\u00eb engj\u00eblli mbrojt\u00ebs jam<br \/>\nI flokut t\u00eb shkujdesur<br \/>\nQ\u00eb \u00ebnd\u00ebrron<br \/>\nE tashti ti fle<\/p>\n<p><strong>\u00cbND\u00cbRR N\u00cb BREG LUMI<\/strong><\/p>\n<p>Ti je romanc\u00eb e leht\u00eb<br \/>\nQ\u00eb rr\u00ebshqet mbi val\u00ebt e bardha<br \/>\nN\u00eb dit\u00eb vere me shi blerosh<br \/>\nN\u00eb k\u00ebng\u00ebn e dehur<br \/>\nTi je akord i dhembsh\u00ebm<br \/>\nQ\u00eb ting\u00ebllon me jehon\u00eb<br \/>\nTi je ka\u00e7urrel mbi \u00e7erpik<br \/>\nTi je flutur n\u00eb shi<br \/>\nTi je arom\u00eb portokalli<br \/>\nTi je ves\u00eb mbi tr\u00ebndafil<br \/>\nTi je puhiz\u00eb n\u00eb krah\u00eb bilbili<br \/>\nTi je violin\u00eb jevgu n\u00eb ekstaz\u00eb<br \/>\nTi je shkum\u00eb e bardh\u00eb mbi val\u00eb deti<br \/>\nTi je \u00e7do gj\u00eb q\u00eb \u00ebsht\u00eb e bukur<br \/>\nSi ta z\u00ebm\u00eb<br \/>\nDiell i f\u00ebrguar n\u00eb vaj mandarine<br \/>\nPas bjeshk\u00ebs s\u00eb fundit<br \/>\nN\u00eb horizont<br \/>\nDhe shushurim\u00eb vale n\u00eb mesdit\u00eb<br \/>\nTi je pul\u00ebbardh\u00eb p\u00ebrralle<br \/>\nDhe siren\u00eb flok\u00ebverdh\u00eb<br \/>\nMe trup peshku<br \/>\nTi je \u00e7do gj\u00eb q\u00eb magjeps\u00eb<br \/>\nTi je lamtumir\u00eb e ndjeshme<br \/>\nQ\u00eb l\u00ebngon<br \/>\nTi je \u00ebndrra ime<br \/>\nN\u00eb breg lumi tek pushon<\/p>\n<p><strong>K\u00cbNG\u00cb P\u00cbR SHEMIN<\/strong><\/p>\n<p>Sot vendlindjen e pash\u00eb<br \/>\nV\u00ebllaun tim me dhe tek e mbulon<br \/>\nE \u00e7ka mund t\u00eb b\u00ebja<br \/>\nUn\u00eb kund\u00ebr vdekjes<br \/>\nE \u00e7ka mund tu thosha nip\u00ebrve<br \/>\nP\u00ebr baban\u00eb e tyre<br \/>\nMe gjith\u00eb at\u00eb barr\u00eb dergje<br \/>\nN\u00eb beb\u00ebzat prej qelqi<br \/>\nU thash\u00eb: Do ta k\u00ebput xhaxhai<br \/>\nNj\u00eb cop\u00eb qielli dhe do t\u00eb vrapoj<br \/>\nAnemban\u00eb fushave me luledhembje<br \/>\nDeri n\u00eb amshimin e dehur<br \/>\nTap\u00eb do t\u00eb b\u00ebhem me kup\u00ebn e helmit<br \/>\nAkoma m\u00eb i vetmuar do t\u00eb kthehem<br \/>\nTek ju<br \/>\nE ju, u thash\u00eb, do ta k\u00ebrkoni shp\u00ebtimtarin<br \/>\nN\u00eb rrebesh shiu e bresh\u00ebri do t\u00eb hasni<br \/>\nN\u00ebp\u00ebr ortek\u00ebt e fundit n\u00eb skaj bote<br \/>\nDo ta k\u00ebrkoni<br \/>\nDhe do ta gjeni nj\u00eb dit\u00eb<br \/>\nRrug\u00ebs n\u00ebp\u00ebr \u00ebndrra somnabul\u00ebsh<br \/>\nKur t\u00eb tjer\u00ebt baba do t\u2019u th\u00ebrrasin<\/p>\n<p><strong>P\u00cbRTEJ MASKE<\/strong><\/p>\n<p>Ata q\u00eb na i fut\u00ebn thikat<br \/>\nNa i dhuruan edhe maskat<br \/>\nDhe ne ta z\u00ebm\u00eb frym\u00ebn ton\u00eb i vum\u00eb<br \/>\nKur na i d\u00ebrguan k\u00ebto lodra ferri<br \/>\nT\u00eb fshihemi bukur na m\u00ebsuan<br \/>\nE kur t\u00eb dalim nga terri<br \/>\nQyqe t\u00eb b\u00ebhemi p\u00ebrgjithmon\u00eb<br \/>\nKur e v\u00eb mask\u00ebn n\u00eb fytyr\u00eb<br \/>\nTi e do nj\u00eb tjet\u00ebr em\u00ebr<br \/>\nNj\u00eb tjet\u00ebr gjini lakmon<br \/>\nDhe nj\u00eb liri q\u00eb t\u00eb tjer\u00ebve u mungon<\/p>\n<p><strong>P\u00cbRTEJ MASKE<\/strong><\/p>\n<p>Ata q\u00eb na i fut\u00ebn thikat<br \/>\nNa i dhuruan edhe maskat<br \/>\nDhe ne ta z\u00ebm\u00eb frym\u00ebn ton\u00eb i vum\u00eb<br \/>\nKur na i d\u00ebrguan k\u00ebto lodra ferri<br \/>\nT\u00eb fshihemi bukur na m\u00ebsuan<br \/>\nE kur t\u00eb dalim nga terri<br \/>\nQyqe t\u00eb b\u00ebhemi p\u00ebrgjithmon\u00eb<br \/>\nKur e v\u00eb mask\u00ebn n\u00eb fytyr\u00eb<br \/>\nTi e do nj\u00eb tjet\u00ebr em\u00ebr<br \/>\nNj\u00eb tjet\u00ebr gjini lakmon<br \/>\nDhe nj\u00eb liri q\u00eb t\u00eb tjer\u00ebve u mungon<\/p>\n<p><strong>KTHIMI<\/strong><\/p>\n<p>Dhe ti erdhe nj\u00eb nat\u00eb<br \/>\nKur \u00ebnd\u00ebrr\u00ebn m\u00eb kulloti<br \/>\nNj\u00ebbrir\u00ebshi i p\u00ebrrall\u00ebs<br \/>\nDhe m\u00eb the se zogjt\u00eb fluturojn\u00eb<br \/>\nVet\u00ebm n\u00eb vjesht\u00eb e pranver\u00eb<br \/>\nE un\u00eb ikjes desh i besova<br \/>\nKur u nise t\u00eb shtegtoje me djallin<br \/>\nN\u00ebp\u00ebr arat me luledielli<br \/>\nDhe ti erdhe nj\u00eb nat\u00eb<br \/>\nKur shi i dashuris\u00eb po sitej<br \/>\nMbi \u00e7erpik\u00eb<br \/>\nTi erdhe nj\u00eb nat\u00eb<br \/>\nBredhjen time t\u00eb lodhur t\u00eb m\u00eb kujtoje<br \/>\nN\u00ebp\u00ebr \u00ebndrra t\u00eb egra<br \/>\nT\u00eb m\u00eb ktheje n\u00eb sht\u00ebpi<br \/>\nNj\u00eb dit\u00eb apo nj\u00eb nat\u00eb<br \/>\nTi erdhe<br \/>\nDhe ta dish s\u2019ka aspak r\u00ebnd\u00ebsi<br \/>\nCila dit\u00eb apo nat\u00eb rrinte zgjuar<br \/>\nN\u00eb fush\u00ebn e verdh\u00eb t\u00eb kalendarit<br \/>\nDhe un\u00eb nuk t\u00eb prita n\u00eb dritare<br \/>\nAndej nga shtegtojn\u00eb zogjt\u00eb e mall\u00ebngjimit<br \/>\nT\u00eb prita aty prej nga je nisur<br \/>\nMu n\u00eb \u00ebndrr\u00ebn e p\u00ebrjetshme<\/p>\n<p><strong>DHE P\u00cbRS\u00cbRI IKJA<\/strong><\/p>\n<p>\u00c7do gj\u00eb q\u00eb ik\u00eb<br \/>\nNuk \u00ebsht\u00eb er\u00eb shiu<br \/>\nAs mosh\u00eb e dergjur thinjash<br \/>\nMund t\u00eb mos jet\u00eb viktima<br \/>\nMe vras\u00ebsin n\u00eb vrap pas saj<br \/>\nAjo q\u00eb ik\u00eb<br \/>\nMe shpirtin maje qime floku<br \/>\nSi er\u00eb a si p\u00ebrftim pik\u00ebllimi<br \/>\nShum\u00eb leht ti mund t\u00eb jesh<br \/>\nAjo q\u00eb ik\u00eb<br \/>\nDhe dikush q\u00eb l\u00ebngon<br \/>\nN\u00eb shtratin e dergjes \u2013 p\u00ebr ty<br \/>\nMund t\u00eb jem un\u00eb ai q\u00eb t\u00eb p\u00ebrcjell<br \/>\nTek ik\u00eb me trenin e fundit<br \/>\nSe nuk mund t\u00eb jesh pranver\u00eb<br \/>\nQ\u00eb shkon e kthehet<br \/>\nPastaj perdja bie si n\u00eb teat\u00ebr<br \/>\nDhe ikja b\u00ebhet pastaj ikje gjigante<br \/>\nP\u00ebrgjithmon\u00eb\n<\/p><\/blockquote>\n","protected":false},"excerpt":{"rendered":"<p>Shkruan: Shaban CAKOLLLI Ibrahim Ibishi iku p\u00ebr t\u00eb mbetur i pavdeksh\u00ebm. Ai shkoi shum\u00eb her\u00ebt, por do t\u00eb rroj\u00eb gjat\u00eb. Ai ka mbetur n\u00eb poezi,proz\u00eb,n\u00eb ese,romane,publicistik\u00eb n\u00eb kujtes\u00ebn e gjeneratave t\u00eb cilat i m\u00ebsoj dhe edukoj,n\u00eb kujtesen e artdash\u00ebsve, n\u00eb themele t\u00eb pal\u00ebkundura. Jeta \u00ebsht\u00eb nj\u00eb betej\u00eb p\u00ebr t\u00eb mbijetuar,nj\u00eb sfid\u00eb koh\u00ebrash ku njeriu rr\u00ebpatet [&hellip;]<\/p>\n","protected":false},"author":1,"featured_media":0,"comment_status":"open","ping_status":"closed","sticky":false,"template":"","format":"standard","meta":{"footnotes":""},"categories":[7,9],"tags":[],"class_list":{"0":"post-13265","1":"post","2":"type-post","3":"status-publish","4":"format-standard","6":"category-letersi","7":"category-poezi"},"yoast_head":"<!-- This site is optimized with the Yoast SEO plugin v27.4 - https:\/\/yoast.com\/product\/yoast-seo-wordpress\/ -->\n<title>Ibrahim Ibishi - LUM AI P\u00cbR EMRIN DHE VEPRAT Q\u00cb NA I LA - FjALA e LIR\u00cb - Arkivi<\/title>\n<meta name=\"robots\" content=\"index, follow, max-snippet:-1, max-image-preview:large, max-video-preview:-1\" \/>\n<link rel=\"canonical\" href=\"https:\/\/fjala.info\/2009-2015\/ibrahim-ibishi-lum-ai-per-emrin-dhe-veprat-qe-na-i-la\/\" \/>\n<meta property=\"og:locale\" content=\"sq_AL\" \/>\n<meta property=\"og:type\" content=\"article\" \/>\n<meta property=\"og:title\" content=\"Ibrahim Ibishi - LUM AI P\u00cbR EMRIN DHE VEPRAT Q\u00cb NA I LA - FjALA e LIR\u00cb - Arkivi\" \/>\n<meta property=\"og:description\" content=\"Shkruan: Shaban CAKOLLLI Ibrahim Ibishi iku p\u00ebr t\u00eb mbetur i pavdeksh\u00ebm. Ai shkoi shum\u00eb her\u00ebt, por do t\u00eb rroj\u00eb gjat\u00eb. Ai ka mbetur n\u00eb poezi,proz\u00eb,n\u00eb ese,romane,publicistik\u00eb n\u00eb kujtes\u00ebn e gjeneratave t\u00eb cilat i m\u00ebsoj dhe edukoj,n\u00eb kujtesen e artdash\u00ebsve, n\u00eb themele t\u00eb pal\u00ebkundura. Jeta \u00ebsht\u00eb nj\u00eb betej\u00eb p\u00ebr t\u00eb mbijetuar,nj\u00eb sfid\u00eb koh\u00ebrash ku njeriu rr\u00ebpatet [&hellip;]\" \/>\n<meta property=\"og:url\" content=\"https:\/\/fjala.info\/2009-2015\/ibrahim-ibishi-lum-ai-per-emrin-dhe-veprat-qe-na-i-la\/\" \/>\n<meta property=\"og:site_name\" content=\"FjALA e LIR\u00cb - Arkivi\" \/>\n<meta property=\"article:published_time\" content=\"2013-12-02T14:04:35+00:00\" \/>\n<meta property=\"og:image\" content=\"http:\/\/www.fjala.info\/2013\/ibrahim_ibishi.jpg\" \/>\n<meta name=\"author\" content=\"admin\" \/>\n<meta name=\"twitter:card\" content=\"summary_large_image\" \/>\n<meta name=\"twitter:label1\" content=\"Written by\" \/>\n\t<meta name=\"twitter:data1\" content=\"admin\" \/>\n\t<meta name=\"twitter:label2\" content=\"Est. reading time\" \/>\n\t<meta name=\"twitter:data2\" content=\"10 minutes\" \/>\n<script type=\"application\/ld+json\" class=\"yoast-schema-graph\">{\"@context\":\"https:\\\/\\\/schema.org\",\"@graph\":[{\"@type\":\"Article\",\"@id\":\"https:\\\/\\\/fjala.info\\\/2009-2015\\\/ibrahim-ibishi-lum-ai-per-emrin-dhe-veprat-qe-na-i-la\\\/#article\",\"isPartOf\":{\"@id\":\"https:\\\/\\\/fjala.info\\\/2009-2015\\\/ibrahim-ibishi-lum-ai-per-emrin-dhe-veprat-qe-na-i-la\\\/\"},\"author\":{\"name\":\"admin\",\"@id\":\"https:\\\/\\\/fjala.info\\\/2009-2015\\\/#\\\/schema\\\/person\\\/3aa1163ef05469c496fc94e77611ada2\"},\"headline\":\"Ibrahim Ibishi &#8211; LUM AI P\u00cbR EMRIN DHE VEPRAT Q\u00cb NA I LA\",\"datePublished\":\"2013-12-02T14:04:35+00:00\",\"mainEntityOfPage\":{\"@id\":\"https:\\\/\\\/fjala.info\\\/2009-2015\\\/ibrahim-ibishi-lum-ai-per-emrin-dhe-veprat-qe-na-i-la\\\/\"},\"wordCount\":2071,\"commentCount\":0,\"publisher\":{\"@id\":\"https:\\\/\\\/fjala.info\\\/2009-2015\\\/#organization\"},\"image\":{\"@id\":\"https:\\\/\\\/fjala.info\\\/2009-2015\\\/ibrahim-ibishi-lum-ai-per-emrin-dhe-veprat-qe-na-i-la\\\/#primaryimage\"},\"thumbnailUrl\":\"http:\\\/\\\/www.fjala.info\\\/2013\\\/ibrahim_ibishi.jpg\",\"articleSection\":[\"Let\u00ebrsi\",\"Poezi\"],\"inLanguage\":\"sq-AL\",\"potentialAction\":[{\"@type\":\"CommentAction\",\"name\":\"Comment\",\"target\":[\"https:\\\/\\\/fjala.info\\\/2009-2015\\\/ibrahim-ibishi-lum-ai-per-emrin-dhe-veprat-qe-na-i-la\\\/#respond\"]}]},{\"@type\":\"WebPage\",\"@id\":\"https:\\\/\\\/fjala.info\\\/2009-2015\\\/ibrahim-ibishi-lum-ai-per-emrin-dhe-veprat-qe-na-i-la\\\/\",\"url\":\"https:\\\/\\\/fjala.info\\\/2009-2015\\\/ibrahim-ibishi-lum-ai-per-emrin-dhe-veprat-qe-na-i-la\\\/\",\"name\":\"Ibrahim Ibishi - LUM AI P\u00cbR EMRIN DHE VEPRAT Q\u00cb NA I LA - FjALA e LIR\u00cb - Arkivi\",\"isPartOf\":{\"@id\":\"https:\\\/\\\/fjala.info\\\/2009-2015\\\/#website\"},\"primaryImageOfPage\":{\"@id\":\"https:\\\/\\\/fjala.info\\\/2009-2015\\\/ibrahim-ibishi-lum-ai-per-emrin-dhe-veprat-qe-na-i-la\\\/#primaryimage\"},\"image\":{\"@id\":\"https:\\\/\\\/fjala.info\\\/2009-2015\\\/ibrahim-ibishi-lum-ai-per-emrin-dhe-veprat-qe-na-i-la\\\/#primaryimage\"},\"thumbnailUrl\":\"http:\\\/\\\/www.fjala.info\\\/2013\\\/ibrahim_ibishi.jpg\",\"datePublished\":\"2013-12-02T14:04:35+00:00\",\"breadcrumb\":{\"@id\":\"https:\\\/\\\/fjala.info\\\/2009-2015\\\/ibrahim-ibishi-lum-ai-per-emrin-dhe-veprat-qe-na-i-la\\\/#breadcrumb\"},\"inLanguage\":\"sq-AL\",\"potentialAction\":[{\"@type\":\"ReadAction\",\"target\":[\"https:\\\/\\\/fjala.info\\\/2009-2015\\\/ibrahim-ibishi-lum-ai-per-emrin-dhe-veprat-qe-na-i-la\\\/\"]}]},{\"@type\":\"ImageObject\",\"inLanguage\":\"sq-AL\",\"@id\":\"https:\\\/\\\/fjala.info\\\/2009-2015\\\/ibrahim-ibishi-lum-ai-per-emrin-dhe-veprat-qe-na-i-la\\\/#primaryimage\",\"url\":\"http:\\\/\\\/www.fjala.info\\\/2013\\\/ibrahim_ibishi.jpg\",\"contentUrl\":\"http:\\\/\\\/www.fjala.info\\\/2013\\\/ibrahim_ibishi.jpg\"},{\"@type\":\"BreadcrumbList\",\"@id\":\"https:\\\/\\\/fjala.info\\\/2009-2015\\\/ibrahim-ibishi-lum-ai-per-emrin-dhe-veprat-qe-na-i-la\\\/#breadcrumb\",\"itemListElement\":[{\"@type\":\"ListItem\",\"position\":1,\"name\":\"Home\",\"item\":\"https:\\\/\\\/fjala.info\\\/2009-2015\\\/\"},{\"@type\":\"ListItem\",\"position\":2,\"name\":\"Ibrahim Ibishi &#8211; LUM AI P\u00cbR EMRIN DHE VEPRAT Q\u00cb NA I LA\"}]},{\"@type\":\"WebSite\",\"@id\":\"https:\\\/\\\/fjala.info\\\/2009-2015\\\/#website\",\"url\":\"https:\\\/\\\/fjala.info\\\/2009-2015\\\/\",\"name\":\"FjALA e LIR\u00cb - Arkivi\",\"description\":\"Arkivi 2009-2015\",\"publisher\":{\"@id\":\"https:\\\/\\\/fjala.info\\\/2009-2015\\\/#organization\"},\"potentialAction\":[{\"@type\":\"SearchAction\",\"target\":{\"@type\":\"EntryPoint\",\"urlTemplate\":\"https:\\\/\\\/fjala.info\\\/2009-2015\\\/?s={search_term_string}\"},\"query-input\":{\"@type\":\"PropertyValueSpecification\",\"valueRequired\":true,\"valueName\":\"search_term_string\"}}],\"inLanguage\":\"sq-AL\"},{\"@type\":\"Organization\",\"@id\":\"https:\\\/\\\/fjala.info\\\/2009-2015\\\/#organization\",\"name\":\"FjALA e LIR\u00cb - Arkivi\",\"url\":\"https:\\\/\\\/fjala.info\\\/2009-2015\\\/\",\"logo\":{\"@type\":\"ImageObject\",\"inLanguage\":\"sq-AL\",\"@id\":\"https:\\\/\\\/fjala.info\\\/2009-2015\\\/#\\\/schema\\\/logo\\\/image\\\/\",\"url\":\"\",\"contentUrl\":\"\",\"caption\":\"FjALA e LIR\u00cb - Arkivi\"},\"image\":{\"@id\":\"https:\\\/\\\/fjala.info\\\/2009-2015\\\/#\\\/schema\\\/logo\\\/image\\\/\"}},{\"@type\":\"Person\",\"@id\":\"https:\\\/\\\/fjala.info\\\/2009-2015\\\/#\\\/schema\\\/person\\\/3aa1163ef05469c496fc94e77611ada2\",\"name\":\"admin\",\"image\":{\"@type\":\"ImageObject\",\"inLanguage\":\"sq-AL\",\"@id\":\"https:\\\/\\\/fjala.info\\\/2009-2015\\\/wp-content\\\/uploads\\\/2012\\\/02\\\/arben_cokaj-120x150.jpg\",\"url\":\"https:\\\/\\\/fjala.info\\\/2009-2015\\\/wp-content\\\/uploads\\\/2012\\\/02\\\/arben_cokaj-120x150.jpg\",\"contentUrl\":\"https:\\\/\\\/fjala.info\\\/2009-2015\\\/wp-content\\\/uploads\\\/2012\\\/02\\\/arben_cokaj-120x150.jpg\",\"caption\":\"admin\"},\"description\":\"Admin, Fjala e Lir\u00eb\",\"sameAs\":[\"https:\\\/\\\/fjala.info\\\/\"],\"url\":\"https:\\\/\\\/fjala.info\\\/2009-2015\\\/author\\\/admin\\\/\"}]}<\/script>\n<!-- \/ Yoast SEO plugin. -->","yoast_head_json":{"title":"Ibrahim Ibishi - LUM AI P\u00cbR EMRIN DHE VEPRAT Q\u00cb NA I LA - FjALA e LIR\u00cb - Arkivi","robots":{"index":"index","follow":"follow","max-snippet":"max-snippet:-1","max-image-preview":"max-image-preview:large","max-video-preview":"max-video-preview:-1"},"canonical":"https:\/\/fjala.info\/2009-2015\/ibrahim-ibishi-lum-ai-per-emrin-dhe-veprat-qe-na-i-la\/","og_locale":"sq_AL","og_type":"article","og_title":"Ibrahim Ibishi - LUM AI P\u00cbR EMRIN DHE VEPRAT Q\u00cb NA I LA - FjALA e LIR\u00cb - Arkivi","og_description":"Shkruan: Shaban CAKOLLLI Ibrahim Ibishi iku p\u00ebr t\u00eb mbetur i pavdeksh\u00ebm. Ai shkoi shum\u00eb her\u00ebt, por do t\u00eb rroj\u00eb gjat\u00eb. Ai ka mbetur n\u00eb poezi,proz\u00eb,n\u00eb ese,romane,publicistik\u00eb n\u00eb kujtes\u00ebn e gjeneratave t\u00eb cilat i m\u00ebsoj dhe edukoj,n\u00eb kujtesen e artdash\u00ebsve, n\u00eb themele t\u00eb pal\u00ebkundura. Jeta \u00ebsht\u00eb nj\u00eb betej\u00eb p\u00ebr t\u00eb mbijetuar,nj\u00eb sfid\u00eb koh\u00ebrash ku njeriu rr\u00ebpatet [&hellip;]","og_url":"https:\/\/fjala.info\/2009-2015\/ibrahim-ibishi-lum-ai-per-emrin-dhe-veprat-qe-na-i-la\/","og_site_name":"FjALA e LIR\u00cb - Arkivi","article_published_time":"2013-12-02T14:04:35+00:00","og_image":[{"url":"http:\/\/www.fjala.info\/2013\/ibrahim_ibishi.jpg","type":"","width":"","height":""}],"author":"admin","twitter_card":"summary_large_image","twitter_misc":{"Written by":"admin","Est. reading time":"10 minutes"},"schema":{"@context":"https:\/\/schema.org","@graph":[{"@type":"Article","@id":"https:\/\/fjala.info\/2009-2015\/ibrahim-ibishi-lum-ai-per-emrin-dhe-veprat-qe-na-i-la\/#article","isPartOf":{"@id":"https:\/\/fjala.info\/2009-2015\/ibrahim-ibishi-lum-ai-per-emrin-dhe-veprat-qe-na-i-la\/"},"author":{"name":"admin","@id":"https:\/\/fjala.info\/2009-2015\/#\/schema\/person\/3aa1163ef05469c496fc94e77611ada2"},"headline":"Ibrahim Ibishi &#8211; LUM AI P\u00cbR EMRIN DHE VEPRAT Q\u00cb NA I LA","datePublished":"2013-12-02T14:04:35+00:00","mainEntityOfPage":{"@id":"https:\/\/fjala.info\/2009-2015\/ibrahim-ibishi-lum-ai-per-emrin-dhe-veprat-qe-na-i-la\/"},"wordCount":2071,"commentCount":0,"publisher":{"@id":"https:\/\/fjala.info\/2009-2015\/#organization"},"image":{"@id":"https:\/\/fjala.info\/2009-2015\/ibrahim-ibishi-lum-ai-per-emrin-dhe-veprat-qe-na-i-la\/#primaryimage"},"thumbnailUrl":"http:\/\/www.fjala.info\/2013\/ibrahim_ibishi.jpg","articleSection":["Let\u00ebrsi","Poezi"],"inLanguage":"sq-AL","potentialAction":[{"@type":"CommentAction","name":"Comment","target":["https:\/\/fjala.info\/2009-2015\/ibrahim-ibishi-lum-ai-per-emrin-dhe-veprat-qe-na-i-la\/#respond"]}]},{"@type":"WebPage","@id":"https:\/\/fjala.info\/2009-2015\/ibrahim-ibishi-lum-ai-per-emrin-dhe-veprat-qe-na-i-la\/","url":"https:\/\/fjala.info\/2009-2015\/ibrahim-ibishi-lum-ai-per-emrin-dhe-veprat-qe-na-i-la\/","name":"Ibrahim Ibishi - LUM AI P\u00cbR EMRIN DHE VEPRAT Q\u00cb NA I LA - FjALA e LIR\u00cb - Arkivi","isPartOf":{"@id":"https:\/\/fjala.info\/2009-2015\/#website"},"primaryImageOfPage":{"@id":"https:\/\/fjala.info\/2009-2015\/ibrahim-ibishi-lum-ai-per-emrin-dhe-veprat-qe-na-i-la\/#primaryimage"},"image":{"@id":"https:\/\/fjala.info\/2009-2015\/ibrahim-ibishi-lum-ai-per-emrin-dhe-veprat-qe-na-i-la\/#primaryimage"},"thumbnailUrl":"http:\/\/www.fjala.info\/2013\/ibrahim_ibishi.jpg","datePublished":"2013-12-02T14:04:35+00:00","breadcrumb":{"@id":"https:\/\/fjala.info\/2009-2015\/ibrahim-ibishi-lum-ai-per-emrin-dhe-veprat-qe-na-i-la\/#breadcrumb"},"inLanguage":"sq-AL","potentialAction":[{"@type":"ReadAction","target":["https:\/\/fjala.info\/2009-2015\/ibrahim-ibishi-lum-ai-per-emrin-dhe-veprat-qe-na-i-la\/"]}]},{"@type":"ImageObject","inLanguage":"sq-AL","@id":"https:\/\/fjala.info\/2009-2015\/ibrahim-ibishi-lum-ai-per-emrin-dhe-veprat-qe-na-i-la\/#primaryimage","url":"http:\/\/www.fjala.info\/2013\/ibrahim_ibishi.jpg","contentUrl":"http:\/\/www.fjala.info\/2013\/ibrahim_ibishi.jpg"},{"@type":"BreadcrumbList","@id":"https:\/\/fjala.info\/2009-2015\/ibrahim-ibishi-lum-ai-per-emrin-dhe-veprat-qe-na-i-la\/#breadcrumb","itemListElement":[{"@type":"ListItem","position":1,"name":"Home","item":"https:\/\/fjala.info\/2009-2015\/"},{"@type":"ListItem","position":2,"name":"Ibrahim Ibishi &#8211; LUM AI P\u00cbR EMRIN DHE VEPRAT Q\u00cb NA I LA"}]},{"@type":"WebSite","@id":"https:\/\/fjala.info\/2009-2015\/#website","url":"https:\/\/fjala.info\/2009-2015\/","name":"FjALA e LIR\u00cb - Arkivi","description":"Arkivi 2009-2015","publisher":{"@id":"https:\/\/fjala.info\/2009-2015\/#organization"},"potentialAction":[{"@type":"SearchAction","target":{"@type":"EntryPoint","urlTemplate":"https:\/\/fjala.info\/2009-2015\/?s={search_term_string}"},"query-input":{"@type":"PropertyValueSpecification","valueRequired":true,"valueName":"search_term_string"}}],"inLanguage":"sq-AL"},{"@type":"Organization","@id":"https:\/\/fjala.info\/2009-2015\/#organization","name":"FjALA e LIR\u00cb - Arkivi","url":"https:\/\/fjala.info\/2009-2015\/","logo":{"@type":"ImageObject","inLanguage":"sq-AL","@id":"https:\/\/fjala.info\/2009-2015\/#\/schema\/logo\/image\/","url":"","contentUrl":"","caption":"FjALA e LIR\u00cb - Arkivi"},"image":{"@id":"https:\/\/fjala.info\/2009-2015\/#\/schema\/logo\/image\/"}},{"@type":"Person","@id":"https:\/\/fjala.info\/2009-2015\/#\/schema\/person\/3aa1163ef05469c496fc94e77611ada2","name":"admin","image":{"@type":"ImageObject","inLanguage":"sq-AL","@id":"https:\/\/fjala.info\/2009-2015\/wp-content\/uploads\/2012\/02\/arben_cokaj-120x150.jpg","url":"https:\/\/fjala.info\/2009-2015\/wp-content\/uploads\/2012\/02\/arben_cokaj-120x150.jpg","contentUrl":"https:\/\/fjala.info\/2009-2015\/wp-content\/uploads\/2012\/02\/arben_cokaj-120x150.jpg","caption":"admin"},"description":"Admin, Fjala e Lir\u00eb","sameAs":["https:\/\/fjala.info\/"],"url":"https:\/\/fjala.info\/2009-2015\/author\/admin\/"}]}},"_links":{"self":[{"href":"https:\/\/fjala.info\/2009-2015\/wp-json\/wp\/v2\/posts\/13265","targetHints":{"allow":["GET"]}}],"collection":[{"href":"https:\/\/fjala.info\/2009-2015\/wp-json\/wp\/v2\/posts"}],"about":[{"href":"https:\/\/fjala.info\/2009-2015\/wp-json\/wp\/v2\/types\/post"}],"author":[{"embeddable":true,"href":"https:\/\/fjala.info\/2009-2015\/wp-json\/wp\/v2\/users\/1"}],"replies":[{"embeddable":true,"href":"https:\/\/fjala.info\/2009-2015\/wp-json\/wp\/v2\/comments?post=13265"}],"version-history":[{"count":0,"href":"https:\/\/fjala.info\/2009-2015\/wp-json\/wp\/v2\/posts\/13265\/revisions"}],"wp:attachment":[{"href":"https:\/\/fjala.info\/2009-2015\/wp-json\/wp\/v2\/media?parent=13265"}],"wp:term":[{"taxonomy":"category","embeddable":true,"href":"https:\/\/fjala.info\/2009-2015\/wp-json\/wp\/v2\/categories?post=13265"},{"taxonomy":"post_tag","embeddable":true,"href":"https:\/\/fjala.info\/2009-2015\/wp-json\/wp\/v2\/tags?post=13265"}],"curies":[{"name":"wp","href":"https:\/\/api.w.org\/{rel}","templated":true}]}}