{"id":13263,"date":"2013-11-28T00:05:08","date_gmt":"2013-11-27T23:05:08","guid":{"rendered":"http:\/\/fjala.info\/?p=5259"},"modified":"2013-11-28T00:05:08","modified_gmt":"2013-11-27T23:05:08","slug":"tahiri-berishes-je-bere-si-mize-kali-ke-25-vjet-qe-nuk-e-le-rehat-kete-vend","status":"publish","type":"post","link":"https:\/\/fjala.info\/2009-2015\/tahiri-berishes-je-bere-si-mize-kali-ke-25-vjet-qe-nuk-e-le-rehat-kete-vend\/","title":{"rendered":"Tahiri &#8211; Berish\u00ebs: Je b\u00ebr\u00eb si miz\u00eb kali, ke 25 vjet q\u00eb nuk e l\u00eb rehat k\u00ebt\u00eb vend"},"content":{"rendered":"<p><img decoding=\"async\" class=\"alignleft size-thumbnail wp-image-7236\" title=\"Sajmir Tahiri\" alt=\"\" src=\"http:\/\/www.fjala.info\/2013\/sajmir_tahiri_parlament.jpg\" width=\"300\" \/> Ministri i Pun\u00ebve t\u00eb Brendshme Saimir Tahiri replikoi me ish-kryeministrin Sali Berisha n\u00eb parlament, pas akuzave t\u00eb k\u00ebtij t\u00eb fundit p\u00ebr lidhje me banda kriminale.<\/p>\n<p>Tahiri iu p\u00ebrgjigj Berish\u00ebs duke theksuar se i p\u00ebrkasin dy racave t\u00eb ndryshme.<\/p>\n<p>Ministri tha se <i>\u201ci p\u00ebrket atij grupi njer\u00ebzish q\u00eb kan\u00eb lindur dhe jan\u00eb edukuar me tjet\u00ebr mentalitet dhe se mod\u00ebn e t\u00eb hedhurit balt\u00eb si\u00e7 b\u00ebn deputeti Berisha, e refuzon\u201d.<\/i><\/p>\n<p><i>\u201cM\u00eb vjen keq q\u00eb prej 25 vitesh i je b\u00ebr\u00eb si miz\u00eb kali k\u00ebtij vendi e populli\u201d.<\/i><\/p>\n<p><i>\u201cUn\u00eb mbaj p\u00ebrgjegj\u00ebsi p\u00ebr ta b\u00ebr\u00eb vendin m\u00eb t\u00eb mir\u00eb. L\u00ebre rehat k\u00ebt\u00eb vend dhe k\u00ebt\u00eb popull nj\u00ebher\u00eb e mir\u00eb. Le t\u00eb vij\u00eb t\u00eb b\u00ebj\u00eb gjyshin, por jo t\u00eb b\u00ebj\u00eb mistrecin. Un\u00eb nuk jam as pjes\u00eb e ndonj\u00eb klani kriminal, as nuk kam njohje dhe as lidhje. Dhe k\u00ebt\u00eb me pun\u00ebt e mia faktet flasin m\u00eb shum\u00eb, me gjith\u00e7ka kemi b\u00ebr\u00eb me k\u00ebt\u00eb qeveri.<\/i><\/p>\n<p>Un\u00eb nuk jam ish-kryeministri q\u00eb i vdes baxhanaku n\u00eb biznesin e demontimit t\u00eb arm\u00ebve dhe b\u00ebn sikur nuk e dinte. Un\u00eb nuk jam q\u00eb Shqip\u00ebria b\u00ebnte hapa para p\u00ebr an\u00ebtar\u00ebsimin n\u00eb BE dhe ai \u00e7montonte institucione t\u00eb pavarura dhe ju t\u00eb gjith\u00eb bashk\u00eb hidhnit balt\u00eb mbi opozit\u00ebn dhe b\u00ebnit gjith\u00e7ka p\u00ebr ta \u00e7uar k\u00ebt\u00eb vend mbas\u201d, tha Tahiri.<\/p>\n","protected":false},"excerpt":{"rendered":"<p>Ministri i Pun\u00ebve t\u00eb Brendshme Saimir Tahiri replikoi me ish-kryeministrin Sali Berisha n\u00eb parlament, pas akuzave t\u00eb k\u00ebtij t\u00eb fundit p\u00ebr lidhje me banda kriminale. Tahiri iu p\u00ebrgjigj Berish\u00ebs duke theksuar se i p\u00ebrkasin dy racave t\u00eb ndryshme. Ministri tha se \u201ci p\u00ebrket atij grupi njer\u00ebzish q\u00eb kan\u00eb lindur dhe jan\u00eb edukuar me tjet\u00ebr mentalitet [&hellip;]<\/p>\n","protected":false},"author":1,"featured_media":0,"comment_status":"open","ping_status":"closed","sticky":false,"template":"","format":"standard","meta":{"footnotes":""},"categories":[2],"tags":[],"class_list":{"0":"post-13263","1":"post","2":"type-post","3":"status-publish","4":"format-standard","6":"category-artikuj"},"yoast_head":"<!-- This site is optimized with the Yoast SEO plugin v27.4 - https:\/\/yoast.com\/product\/yoast-seo-wordpress\/ -->\n<title>Tahiri - Berish\u00ebs: Je b\u00ebr\u00eb si miz\u00eb kali, ke 25 vjet q\u00eb nuk e l\u00eb rehat k\u00ebt\u00eb vend - FjALA e LIR\u00cb - Arkivi<\/title>\n<meta name=\"robots\" content=\"index, follow, max-snippet:-1, max-image-preview:large, max-video-preview:-1\" \/>\n<link rel=\"canonical\" href=\"https:\/\/fjala.info\/2009-2015\/tahiri-berishes-je-bere-si-mize-kali-ke-25-vjet-qe-nuk-e-le-rehat-kete-vend\/\" \/>\n<meta property=\"og:locale\" content=\"sq_AL\" \/>\n<meta property=\"og:type\" content=\"article\" \/>\n<meta property=\"og:title\" content=\"Tahiri - Berish\u00ebs: Je b\u00ebr\u00eb si miz\u00eb kali, ke 25 vjet q\u00eb nuk e l\u00eb rehat k\u00ebt\u00eb vend - FjALA e LIR\u00cb - Arkivi\" \/>\n<meta property=\"og:description\" content=\"Ministri i Pun\u00ebve t\u00eb Brendshme Saimir Tahiri replikoi me ish-kryeministrin Sali Berisha n\u00eb parlament, pas akuzave t\u00eb k\u00ebtij t\u00eb fundit p\u00ebr lidhje me banda kriminale. Tahiri iu p\u00ebrgjigj Berish\u00ebs duke theksuar se i p\u00ebrkasin dy racave t\u00eb ndryshme. Ministri tha se \u201ci p\u00ebrket atij grupi njer\u00ebzish q\u00eb kan\u00eb lindur dhe jan\u00eb edukuar me tjet\u00ebr mentalitet [&hellip;]\" \/>\n<meta property=\"og:url\" content=\"https:\/\/fjala.info\/2009-2015\/tahiri-berishes-je-bere-si-mize-kali-ke-25-vjet-qe-nuk-e-le-rehat-kete-vend\/\" \/>\n<meta property=\"og:site_name\" content=\"FjALA e LIR\u00cb - Arkivi\" \/>\n<meta property=\"article:published_time\" content=\"2013-11-27T23:05:08+00:00\" \/>\n<meta property=\"og:image\" content=\"http:\/\/www.fjala.info\/2013\/sajmir_tahiri_parlament.jpg\" \/>\n<meta name=\"author\" content=\"admin\" \/>\n<meta name=\"twitter:card\" content=\"summary_large_image\" \/>\n<meta name=\"twitter:label1\" content=\"Written by\" \/>\n\t<meta name=\"twitter:data1\" content=\"admin\" \/>\n\t<meta name=\"twitter:label2\" content=\"Est. reading time\" \/>\n\t<meta name=\"twitter:data2\" content=\"1 minute\" \/>\n<script type=\"application\/ld+json\" class=\"yoast-schema-graph\">{\"@context\":\"https:\\\/\\\/schema.org\",\"@graph\":[{\"@type\":\"Article\",\"@id\":\"https:\\\/\\\/fjala.info\\\/2009-2015\\\/tahiri-berishes-je-bere-si-mize-kali-ke-25-vjet-qe-nuk-e-le-rehat-kete-vend\\\/#article\",\"isPartOf\":{\"@id\":\"https:\\\/\\\/fjala.info\\\/2009-2015\\\/tahiri-berishes-je-bere-si-mize-kali-ke-25-vjet-qe-nuk-e-le-rehat-kete-vend\\\/\"},\"author\":{\"name\":\"admin\",\"@id\":\"https:\\\/\\\/fjala.info\\\/2009-2015\\\/#\\\/schema\\\/person\\\/3aa1163ef05469c496fc94e77611ada2\"},\"headline\":\"Tahiri &#8211; Berish\u00ebs: Je b\u00ebr\u00eb si miz\u00eb kali, ke 25 vjet q\u00eb nuk e l\u00eb rehat k\u00ebt\u00eb vend\",\"datePublished\":\"2013-11-27T23:05:08+00:00\",\"mainEntityOfPage\":{\"@id\":\"https:\\\/\\\/fjala.info\\\/2009-2015\\\/tahiri-berishes-je-bere-si-mize-kali-ke-25-vjet-qe-nuk-e-le-rehat-kete-vend\\\/\"},\"wordCount\":266,\"commentCount\":0,\"publisher\":{\"@id\":\"https:\\\/\\\/fjala.info\\\/2009-2015\\\/#organization\"},\"image\":{\"@id\":\"https:\\\/\\\/fjala.info\\\/2009-2015\\\/tahiri-berishes-je-bere-si-mize-kali-ke-25-vjet-qe-nuk-e-le-rehat-kete-vend\\\/#primaryimage\"},\"thumbnailUrl\":\"http:\\\/\\\/www.fjala.info\\\/2013\\\/sajmir_tahiri_parlament.jpg\",\"articleSection\":[\"Artikuj\"],\"inLanguage\":\"sq-AL\",\"potentialAction\":[{\"@type\":\"CommentAction\",\"name\":\"Comment\",\"target\":[\"https:\\\/\\\/fjala.info\\\/2009-2015\\\/tahiri-berishes-je-bere-si-mize-kali-ke-25-vjet-qe-nuk-e-le-rehat-kete-vend\\\/#respond\"]}]},{\"@type\":\"WebPage\",\"@id\":\"https:\\\/\\\/fjala.info\\\/2009-2015\\\/tahiri-berishes-je-bere-si-mize-kali-ke-25-vjet-qe-nuk-e-le-rehat-kete-vend\\\/\",\"url\":\"https:\\\/\\\/fjala.info\\\/2009-2015\\\/tahiri-berishes-je-bere-si-mize-kali-ke-25-vjet-qe-nuk-e-le-rehat-kete-vend\\\/\",\"name\":\"Tahiri - Berish\u00ebs: Je b\u00ebr\u00eb si miz\u00eb kali, ke 25 vjet q\u00eb nuk e l\u00eb rehat k\u00ebt\u00eb vend - FjALA e LIR\u00cb - Arkivi\",\"isPartOf\":{\"@id\":\"https:\\\/\\\/fjala.info\\\/2009-2015\\\/#website\"},\"primaryImageOfPage\":{\"@id\":\"https:\\\/\\\/fjala.info\\\/2009-2015\\\/tahiri-berishes-je-bere-si-mize-kali-ke-25-vjet-qe-nuk-e-le-rehat-kete-vend\\\/#primaryimage\"},\"image\":{\"@id\":\"https:\\\/\\\/fjala.info\\\/2009-2015\\\/tahiri-berishes-je-bere-si-mize-kali-ke-25-vjet-qe-nuk-e-le-rehat-kete-vend\\\/#primaryimage\"},\"thumbnailUrl\":\"http:\\\/\\\/www.fjala.info\\\/2013\\\/sajmir_tahiri_parlament.jpg\",\"datePublished\":\"2013-11-27T23:05:08+00:00\",\"breadcrumb\":{\"@id\":\"https:\\\/\\\/fjala.info\\\/2009-2015\\\/tahiri-berishes-je-bere-si-mize-kali-ke-25-vjet-qe-nuk-e-le-rehat-kete-vend\\\/#breadcrumb\"},\"inLanguage\":\"sq-AL\",\"potentialAction\":[{\"@type\":\"ReadAction\",\"target\":[\"https:\\\/\\\/fjala.info\\\/2009-2015\\\/tahiri-berishes-je-bere-si-mize-kali-ke-25-vjet-qe-nuk-e-le-rehat-kete-vend\\\/\"]}]},{\"@type\":\"ImageObject\",\"inLanguage\":\"sq-AL\",\"@id\":\"https:\\\/\\\/fjala.info\\\/2009-2015\\\/tahiri-berishes-je-bere-si-mize-kali-ke-25-vjet-qe-nuk-e-le-rehat-kete-vend\\\/#primaryimage\",\"url\":\"http:\\\/\\\/www.fjala.info\\\/2013\\\/sajmir_tahiri_parlament.jpg\",\"contentUrl\":\"http:\\\/\\\/www.fjala.info\\\/2013\\\/sajmir_tahiri_parlament.jpg\"},{\"@type\":\"BreadcrumbList\",\"@id\":\"https:\\\/\\\/fjala.info\\\/2009-2015\\\/tahiri-berishes-je-bere-si-mize-kali-ke-25-vjet-qe-nuk-e-le-rehat-kete-vend\\\/#breadcrumb\",\"itemListElement\":[{\"@type\":\"ListItem\",\"position\":1,\"name\":\"Home\",\"item\":\"https:\\\/\\\/fjala.info\\\/2009-2015\\\/\"},{\"@type\":\"ListItem\",\"position\":2,\"name\":\"Tahiri &#8211; Berish\u00ebs: Je b\u00ebr\u00eb si miz\u00eb kali, ke 25 vjet q\u00eb nuk e l\u00eb rehat k\u00ebt\u00eb vend\"}]},{\"@type\":\"WebSite\",\"@id\":\"https:\\\/\\\/fjala.info\\\/2009-2015\\\/#website\",\"url\":\"https:\\\/\\\/fjala.info\\\/2009-2015\\\/\",\"name\":\"FjALA e LIR\u00cb - Arkivi\",\"description\":\"Arkivi 2009-2015\",\"publisher\":{\"@id\":\"https:\\\/\\\/fjala.info\\\/2009-2015\\\/#organization\"},\"potentialAction\":[{\"@type\":\"SearchAction\",\"target\":{\"@type\":\"EntryPoint\",\"urlTemplate\":\"https:\\\/\\\/fjala.info\\\/2009-2015\\\/?s={search_term_string}\"},\"query-input\":{\"@type\":\"PropertyValueSpecification\",\"valueRequired\":true,\"valueName\":\"search_term_string\"}}],\"inLanguage\":\"sq-AL\"},{\"@type\":\"Organization\",\"@id\":\"https:\\\/\\\/fjala.info\\\/2009-2015\\\/#organization\",\"name\":\"FjALA e LIR\u00cb - Arkivi\",\"url\":\"https:\\\/\\\/fjala.info\\\/2009-2015\\\/\",\"logo\":{\"@type\":\"ImageObject\",\"inLanguage\":\"sq-AL\",\"@id\":\"https:\\\/\\\/fjala.info\\\/2009-2015\\\/#\\\/schema\\\/logo\\\/image\\\/\",\"url\":\"\",\"contentUrl\":\"\",\"caption\":\"FjALA e LIR\u00cb - Arkivi\"},\"image\":{\"@id\":\"https:\\\/\\\/fjala.info\\\/2009-2015\\\/#\\\/schema\\\/logo\\\/image\\\/\"}},{\"@type\":\"Person\",\"@id\":\"https:\\\/\\\/fjala.info\\\/2009-2015\\\/#\\\/schema\\\/person\\\/3aa1163ef05469c496fc94e77611ada2\",\"name\":\"admin\",\"image\":{\"@type\":\"ImageObject\",\"inLanguage\":\"sq-AL\",\"@id\":\"https:\\\/\\\/fjala.info\\\/2009-2015\\\/wp-content\\\/uploads\\\/2012\\\/02\\\/arben_cokaj-120x150.jpg\",\"url\":\"https:\\\/\\\/fjala.info\\\/2009-2015\\\/wp-content\\\/uploads\\\/2012\\\/02\\\/arben_cokaj-120x150.jpg\",\"contentUrl\":\"https:\\\/\\\/fjala.info\\\/2009-2015\\\/wp-content\\\/uploads\\\/2012\\\/02\\\/arben_cokaj-120x150.jpg\",\"caption\":\"admin\"},\"description\":\"Admin, Fjala e Lir\u00eb\",\"sameAs\":[\"https:\\\/\\\/fjala.info\\\/\"],\"url\":\"https:\\\/\\\/fjala.info\\\/2009-2015\\\/author\\\/admin\\\/\"}]}<\/script>\n<!-- \/ Yoast SEO plugin. -->","yoast_head_json":{"title":"Tahiri - Berish\u00ebs: Je b\u00ebr\u00eb si miz\u00eb kali, ke 25 vjet q\u00eb nuk e l\u00eb rehat k\u00ebt\u00eb vend - FjALA e LIR\u00cb - Arkivi","robots":{"index":"index","follow":"follow","max-snippet":"max-snippet:-1","max-image-preview":"max-image-preview:large","max-video-preview":"max-video-preview:-1"},"canonical":"https:\/\/fjala.info\/2009-2015\/tahiri-berishes-je-bere-si-mize-kali-ke-25-vjet-qe-nuk-e-le-rehat-kete-vend\/","og_locale":"sq_AL","og_type":"article","og_title":"Tahiri - Berish\u00ebs: Je b\u00ebr\u00eb si miz\u00eb kali, ke 25 vjet q\u00eb nuk e l\u00eb rehat k\u00ebt\u00eb vend - FjALA e LIR\u00cb - Arkivi","og_description":"Ministri i Pun\u00ebve t\u00eb Brendshme Saimir Tahiri replikoi me ish-kryeministrin Sali Berisha n\u00eb parlament, pas akuzave t\u00eb k\u00ebtij t\u00eb fundit p\u00ebr lidhje me banda kriminale. Tahiri iu p\u00ebrgjigj Berish\u00ebs duke theksuar se i p\u00ebrkasin dy racave t\u00eb ndryshme. Ministri tha se \u201ci p\u00ebrket atij grupi njer\u00ebzish q\u00eb kan\u00eb lindur dhe jan\u00eb edukuar me tjet\u00ebr mentalitet [&hellip;]","og_url":"https:\/\/fjala.info\/2009-2015\/tahiri-berishes-je-bere-si-mize-kali-ke-25-vjet-qe-nuk-e-le-rehat-kete-vend\/","og_site_name":"FjALA e LIR\u00cb - Arkivi","article_published_time":"2013-11-27T23:05:08+00:00","og_image":[{"url":"http:\/\/www.fjala.info\/2013\/sajmir_tahiri_parlament.jpg","type":"","width":"","height":""}],"author":"admin","twitter_card":"summary_large_image","twitter_misc":{"Written by":"admin","Est. reading time":"1 minute"},"schema":{"@context":"https:\/\/schema.org","@graph":[{"@type":"Article","@id":"https:\/\/fjala.info\/2009-2015\/tahiri-berishes-je-bere-si-mize-kali-ke-25-vjet-qe-nuk-e-le-rehat-kete-vend\/#article","isPartOf":{"@id":"https:\/\/fjala.info\/2009-2015\/tahiri-berishes-je-bere-si-mize-kali-ke-25-vjet-qe-nuk-e-le-rehat-kete-vend\/"},"author":{"name":"admin","@id":"https:\/\/fjala.info\/2009-2015\/#\/schema\/person\/3aa1163ef05469c496fc94e77611ada2"},"headline":"Tahiri &#8211; Berish\u00ebs: Je b\u00ebr\u00eb si miz\u00eb kali, ke 25 vjet q\u00eb nuk e l\u00eb rehat k\u00ebt\u00eb vend","datePublished":"2013-11-27T23:05:08+00:00","mainEntityOfPage":{"@id":"https:\/\/fjala.info\/2009-2015\/tahiri-berishes-je-bere-si-mize-kali-ke-25-vjet-qe-nuk-e-le-rehat-kete-vend\/"},"wordCount":266,"commentCount":0,"publisher":{"@id":"https:\/\/fjala.info\/2009-2015\/#organization"},"image":{"@id":"https:\/\/fjala.info\/2009-2015\/tahiri-berishes-je-bere-si-mize-kali-ke-25-vjet-qe-nuk-e-le-rehat-kete-vend\/#primaryimage"},"thumbnailUrl":"http:\/\/www.fjala.info\/2013\/sajmir_tahiri_parlament.jpg","articleSection":["Artikuj"],"inLanguage":"sq-AL","potentialAction":[{"@type":"CommentAction","name":"Comment","target":["https:\/\/fjala.info\/2009-2015\/tahiri-berishes-je-bere-si-mize-kali-ke-25-vjet-qe-nuk-e-le-rehat-kete-vend\/#respond"]}]},{"@type":"WebPage","@id":"https:\/\/fjala.info\/2009-2015\/tahiri-berishes-je-bere-si-mize-kali-ke-25-vjet-qe-nuk-e-le-rehat-kete-vend\/","url":"https:\/\/fjala.info\/2009-2015\/tahiri-berishes-je-bere-si-mize-kali-ke-25-vjet-qe-nuk-e-le-rehat-kete-vend\/","name":"Tahiri - Berish\u00ebs: Je b\u00ebr\u00eb si miz\u00eb kali, ke 25 vjet q\u00eb nuk e l\u00eb rehat k\u00ebt\u00eb vend - FjALA e LIR\u00cb - Arkivi","isPartOf":{"@id":"https:\/\/fjala.info\/2009-2015\/#website"},"primaryImageOfPage":{"@id":"https:\/\/fjala.info\/2009-2015\/tahiri-berishes-je-bere-si-mize-kali-ke-25-vjet-qe-nuk-e-le-rehat-kete-vend\/#primaryimage"},"image":{"@id":"https:\/\/fjala.info\/2009-2015\/tahiri-berishes-je-bere-si-mize-kali-ke-25-vjet-qe-nuk-e-le-rehat-kete-vend\/#primaryimage"},"thumbnailUrl":"http:\/\/www.fjala.info\/2013\/sajmir_tahiri_parlament.jpg","datePublished":"2013-11-27T23:05:08+00:00","breadcrumb":{"@id":"https:\/\/fjala.info\/2009-2015\/tahiri-berishes-je-bere-si-mize-kali-ke-25-vjet-qe-nuk-e-le-rehat-kete-vend\/#breadcrumb"},"inLanguage":"sq-AL","potentialAction":[{"@type":"ReadAction","target":["https:\/\/fjala.info\/2009-2015\/tahiri-berishes-je-bere-si-mize-kali-ke-25-vjet-qe-nuk-e-le-rehat-kete-vend\/"]}]},{"@type":"ImageObject","inLanguage":"sq-AL","@id":"https:\/\/fjala.info\/2009-2015\/tahiri-berishes-je-bere-si-mize-kali-ke-25-vjet-qe-nuk-e-le-rehat-kete-vend\/#primaryimage","url":"http:\/\/www.fjala.info\/2013\/sajmir_tahiri_parlament.jpg","contentUrl":"http:\/\/www.fjala.info\/2013\/sajmir_tahiri_parlament.jpg"},{"@type":"BreadcrumbList","@id":"https:\/\/fjala.info\/2009-2015\/tahiri-berishes-je-bere-si-mize-kali-ke-25-vjet-qe-nuk-e-le-rehat-kete-vend\/#breadcrumb","itemListElement":[{"@type":"ListItem","position":1,"name":"Home","item":"https:\/\/fjala.info\/2009-2015\/"},{"@type":"ListItem","position":2,"name":"Tahiri &#8211; Berish\u00ebs: Je b\u00ebr\u00eb si miz\u00eb kali, ke 25 vjet q\u00eb nuk e l\u00eb rehat k\u00ebt\u00eb vend"}]},{"@type":"WebSite","@id":"https:\/\/fjala.info\/2009-2015\/#website","url":"https:\/\/fjala.info\/2009-2015\/","name":"FjALA e LIR\u00cb - Arkivi","description":"Arkivi 2009-2015","publisher":{"@id":"https:\/\/fjala.info\/2009-2015\/#organization"},"potentialAction":[{"@type":"SearchAction","target":{"@type":"EntryPoint","urlTemplate":"https:\/\/fjala.info\/2009-2015\/?s={search_term_string}"},"query-input":{"@type":"PropertyValueSpecification","valueRequired":true,"valueName":"search_term_string"}}],"inLanguage":"sq-AL"},{"@type":"Organization","@id":"https:\/\/fjala.info\/2009-2015\/#organization","name":"FjALA e LIR\u00cb - Arkivi","url":"https:\/\/fjala.info\/2009-2015\/","logo":{"@type":"ImageObject","inLanguage":"sq-AL","@id":"https:\/\/fjala.info\/2009-2015\/#\/schema\/logo\/image\/","url":"","contentUrl":"","caption":"FjALA e LIR\u00cb - Arkivi"},"image":{"@id":"https:\/\/fjala.info\/2009-2015\/#\/schema\/logo\/image\/"}},{"@type":"Person","@id":"https:\/\/fjala.info\/2009-2015\/#\/schema\/person\/3aa1163ef05469c496fc94e77611ada2","name":"admin","image":{"@type":"ImageObject","inLanguage":"sq-AL","@id":"https:\/\/fjala.info\/2009-2015\/wp-content\/uploads\/2012\/02\/arben_cokaj-120x150.jpg","url":"https:\/\/fjala.info\/2009-2015\/wp-content\/uploads\/2012\/02\/arben_cokaj-120x150.jpg","contentUrl":"https:\/\/fjala.info\/2009-2015\/wp-content\/uploads\/2012\/02\/arben_cokaj-120x150.jpg","caption":"admin"},"description":"Admin, Fjala e Lir\u00eb","sameAs":["https:\/\/fjala.info\/"],"url":"https:\/\/fjala.info\/2009-2015\/author\/admin\/"}]}},"_links":{"self":[{"href":"https:\/\/fjala.info\/2009-2015\/wp-json\/wp\/v2\/posts\/13263","targetHints":{"allow":["GET"]}}],"collection":[{"href":"https:\/\/fjala.info\/2009-2015\/wp-json\/wp\/v2\/posts"}],"about":[{"href":"https:\/\/fjala.info\/2009-2015\/wp-json\/wp\/v2\/types\/post"}],"author":[{"embeddable":true,"href":"https:\/\/fjala.info\/2009-2015\/wp-json\/wp\/v2\/users\/1"}],"replies":[{"embeddable":true,"href":"https:\/\/fjala.info\/2009-2015\/wp-json\/wp\/v2\/comments?post=13263"}],"version-history":[{"count":0,"href":"https:\/\/fjala.info\/2009-2015\/wp-json\/wp\/v2\/posts\/13263\/revisions"}],"wp:attachment":[{"href":"https:\/\/fjala.info\/2009-2015\/wp-json\/wp\/v2\/media?parent=13263"}],"wp:term":[{"taxonomy":"category","embeddable":true,"href":"https:\/\/fjala.info\/2009-2015\/wp-json\/wp\/v2\/categories?post=13263"},{"taxonomy":"post_tag","embeddable":true,"href":"https:\/\/fjala.info\/2009-2015\/wp-json\/wp\/v2\/tags?post=13263"}],"curies":[{"name":"wp","href":"https:\/\/api.w.org\/{rel}","templated":true}]}}