{"id":13262,"date":"2013-11-21T18:58:41","date_gmt":"2013-11-21T17:58:41","guid":{"rendered":"http:\/\/fjala.info\/?p=5254"},"modified":"2013-11-21T18:58:41","modified_gmt":"2013-11-21T17:58:41","slug":"intervista-ana-tjeter-e-sokolit","status":"publish","type":"post","link":"https:\/\/fjala.info\/2009-2015\/intervista-ana-tjeter-e-sokolit\/","title":{"rendered":"INTERVISTA\/ Ana tjet\u00ebr e Sokolit\u2026"},"content":{"rendered":"<p><img decoding=\"async\" class=\"alignleft size-thumbnail wp-image-7236\" title=\"Sokol Olldashi\" alt=\"\" src=\"http:\/\/www.fjala.info\/2013\/sokol_olldashi.jpg\" width=\"200\" \/> Ana e tij m\u00eb pak e panjohur\u2026 N\u00ebse do t\u00eb zgjidhte midis gazetarit dhe avokatit, do t\u00eb vijonte t\u00eb ishte ende kolegu yn\u00eb. Ish-studenti i juridikut do t\u00eb zgjidhte gazetarin\u00eb p\u00ebr disa vite rresht pran\u00eb ATN1-it dhe ATSH-s\u00eb, nd\u00ebrsa p\u00ebr shkaqe t\u00eb \u201cangazhimit emocional\u201d, vendosi n\u00eb vitin 2000 t\u2019i futej pak e nga pak politik\u00ebs shqiptare, si gazetar, e paralelisht si n\u00ebnkryetar i Forumit Rinor t\u00eb Partis\u00eb Demokratike. Sipas Sokolit gazetar, \u201ci paansh\u00ebm nuk kishte qen\u00eb kurr\u00eb, nd\u00ebrsa i pavarur po\u201d. U luhat k\u00ebshtu nj\u00eb cop\u00eb her\u00eb midis artikujve dhe ndjenjave, nd\u00ebrsa ngeli p\u00ebrfundimisht n\u00eb politik\u00eb \u2026<\/p>\n<p><b>Kush ka qen\u00eb kumbari dhe pse pik\u00ebrisht nj\u00eb em\u00ebr shqiptar\u2026 Sokol?!<\/b><\/p>\n<p>V\u00ebllai im i madh, Ardiani, i cili duke qen\u00eb se kur linda un\u00eb ka qen\u00eb vet\u00ebm kat\u00ebr vje\u00e7, por nuk besoj se ka menduar kaq thell\u00eb sa pyesni ju. E vetmja gj\u00eb q\u00eb mund t\u00eb them \u00ebsht\u00eb se mua m\u00eb p\u00eblqen ky em\u00ebr. M\u00eb p\u00eblqejn\u00eb emrat shqiptar\u00eb, dhe t\u00eb till\u00eb u kam v\u00ebn\u00eb edhe djemve t\u00eb mi. I madhi quhet Glauk dhe i dyti Kleit, t\u00eb dy emra me prejardhje ilire.<\/p>\n<p><b>Shum\u00eb njer\u00ebz thon\u00eb p\u00ebr ju q\u00eb nuk para qeshni!<\/b><\/p>\n<p>\u00cbsht\u00eb perceptim i gabuar. Kushdo q\u00eb m\u00eb njeh sadopak, e di q\u00eb un\u00eb vet\u00ebm \u201ci sert\u00eb\u201d nuk jam. Aq m\u00eb pak p\u00ebrpiqem t\u00eb tregohem autoritar me njer\u00ebzit. Nuk besoj se autoriteti buron nga t\u00eb qenit harbut. Un\u00eb natyrisht q\u00eb qesh, por kur ka di\u00e7ka p\u00ebr t\u00eb qeshur. Nuk qesh dot kot, dhe as nuk shtirem dot sikur qesh. N\u00ebse ky \u00ebsht\u00eb faj\u2026<\/p>\n<p><b>Nj\u00eb dit\u00eb me f\u00ebmij\u00ebt n\u00eb familjen e \u201cbabi Sokolit\u201d?<\/b><\/p>\n<p>P\u00ebrpiqem q\u00eb me f\u00ebmij\u00ebt e mi t\u00eb kem marr\u00ebdh\u00ebnie shok\u00ebsh, ve\u00e7an\u00ebrisht me djalin e madh, Glaukun. Shfryt\u00ebzoj sadopak koh\u00eb p\u00ebr t\u00eb luajtur me ta. Nuk i g\u00ebnjej kurr\u00eb dhe kjo m\u00eb kushton koh\u00eb, sepse her\u00eb pas here ata arrijn\u00eb t\u00eb m\u00eb shk\u00ebpusin premtime q\u00eb m\u00eb pas, m\u00eb duhet t\u2019i mbaj. Pra, i ndjek \u00e7do dit\u00eb ata. Lexoj \u00e7do dit\u00eb fletoren e komunikimit q\u00eb ne kemi vendosur me m\u00ebsuesen e djalit t\u00eb madh Glauk, q\u00eb \u00ebsht\u00eb n\u00eb klas\u00eb t\u00eb par\u00eb, dhe d\u00ebgjoj \u00e7do dit\u00eb \u201crelacionin\u201d e djalit t\u00eb vog\u00ebl, Kleit, p\u00ebr ato \u00e7ka ka m\u00ebsuar n\u00eb kopsht.<\/p>\n<p><b>A i keni b\u00ebr\u00eb pyetje (apo e keni kuptuar) fillimisht gruas tuaj, Enkelejd\u00ebs, se \u00e7far\u00eb bindje politike kishte ajo?<\/b><\/p>\n<p>Nuk ka qen\u00eb e v\u00ebshtir\u00eb t\u00eb kuptoj bindjet e saj, por gj\u00ebja q\u00eb kam vler\u00ebsuar m\u00eb shum\u00eb \u00ebsht\u00eb se ajo \u00ebsht\u00eb nj\u00eb njeri i drejt\u00eb dhe me principe t\u00eb forta. Kam vler\u00ebsuar gjithnj\u00eb edhe mir\u00ebkuptimin e saj p\u00ebr jet\u00ebn time, q\u00eb \u00ebsht\u00eb gjithnj\u00eb shum\u00eb e ngarkuar.<\/p>\n<p><b>A merrni shpesh her\u00eb reagime nga kund\u00ebrshtar\u00ebt apo admiruesit, t\u00eb panjohurit n\u00eb rrug\u00eb, apo qoft\u00eb edhe n\u00eb lagjen tuaj?\u2026<\/b><\/p>\n<p>Un\u00eb jam njeri q\u00eb l\u00ebviz shpesh i pashoq\u00ebruar dhe kjo m\u00eb b\u00ebn q\u00eb t\u00eb kem kontakte t\u00eb shpeshta n\u00eb rrug\u00eb edhe me njer\u00ebz q\u00eb nuk i njoh. Kan\u00eb opinione t\u00eb ndryshme, mendime t\u00eb ndryshme. Ndodh q\u00eb kan\u00eb edhe v\u00ebrejtje. N\u00eb t\u00eb gjitha rastet i d\u00ebgjoj me v\u00ebmendje dhe p\u00ebrpiqem t\u00eb shpjegoj pozicionet. \u00cbsht\u00eb gjithnj\u00eb nj\u00eb eksperienc\u00eb e k\u00ebndshme. Madje, edhe n\u00eb rastet kur \u00ebsht\u00eb e lodhshme\u2026<\/p>\n<p><b>Mos vall\u00eb suksesi tuaj n\u00eb Ministrin\u00eb e Brendshme ishte tep\u00ebr i madh, nd\u00ebrsa nuk u mjaftuat me k\u00ebt\u00eb por vijuat me nj\u00eb sfid\u00eb tjet\u00ebr, \u2013 at\u00eb t\u00eb Bashkis\u00eb s\u00eb Tiran\u00ebs? Jeni nj\u00eb person q\u00eb nuk k\u00ebnaqet kurr\u00eb dhe k\u00ebrkon \u201cvet\u00ebm perfekten\u201d?<\/b><\/p>\n<p>Un\u00eb nuk k\u00ebrkoj perfeksion dhe as mendoj se jam i till\u00eb. Jam njeri si t\u00eb tjer\u00ebt, me cil\u00ebsit\u00eb e mia, por edhe me veset e mia. Besoj tek e mundshmja dhe kjo m\u00eb b\u00ebn njeri optimist. P\u00ebr sa i p\u00ebrket detyr\u00ebs s\u00eb Ministrit t\u00eb Brendsh\u00ebm, \u00ebsht\u00eb e v\u00ebrtet\u00eb q\u00eb pata rezultate mjaft t\u00eb mira, por jo surpriz\u00eb. Kam besuar se ishin rezultate t\u00eb arritshme, q\u00eb dit\u00ebn e par\u00eb q\u00eb z. Berisha m\u00eb ofroi at\u00eb funksion n\u00eb kabinetin e tij. N\u00eb t\u00eb nj\u00ebjt\u00ebn m\u00ebnyr\u00eb, besoj se Tirana \u00ebsht\u00eb nj\u00eb qytet me t\u00eb ardhme, q\u00eb \u00ebsht\u00eb nj\u00eb qend\u00ebr q\u00eb pavar\u00ebsisht d\u00ebmeve q\u00eb i jan\u00eb b\u00ebr\u00eb, mund t\u00eb p\u00ebrmir\u00ebsohet, p\u00ebr t\u2019u b\u00ebr\u00eb nj\u00eb sht\u00ebpi harmonike p\u00ebr t\u00eb gjith\u00eb banor\u00ebt e saj.<\/p>\n<p><b>A e ndiqni sportin dhe kush ekip ju p\u00eblqen!? A ju bashkohet ndonj\u00eb politikan tjet\u00ebr?<\/b><\/p>\n<p>Ndjek sa her\u00eb kam mund\u00ebsi ndeshjet e futbollit. Jam tifoz me Italin\u00eb dhe me Juven. Ndeshjet e bot\u00ebrorit i ndoqa n\u00eb sht\u00ebpin\u00eb e z\u00ebvend\u00ebs-ambasadorit italian, nd\u00ebrsa ndeshjet e Juves i shoh gjithnj\u00eb vet\u00ebm. Shkoj ndonj\u00ebher\u00eb n\u00eb stadium t\u00eb shoh Tiran\u00ebn me Bamir Topin, q\u00eb \u00ebsht\u00eb edhe presidenti i Tiran\u00ebs.<\/p>\n<p><b>Keni urrejtje dhe p\u00eblqime n\u00eb k\u00ebt\u00eb jet\u00eb?<\/b><\/p>\n<p>Nuk ka asgj\u00eb q\u00eb urrej, kurse lista e gj\u00ebrave q\u00eb m\u00eb p\u00eblqejn\u00eb \u00ebsht\u00eb aq e madhe sa do t\u00eb m\u00eb duheshin dit\u00eb t\u2019i shkruaja. P\u00ebr shembull, m\u00eb p\u00eblqejn\u00eb jasht\u00ebzakonisht udh\u00ebtimet me makin\u00eb. Tre vitet e fundit pushimet e mia jan\u00eb nj\u00eb udh\u00ebtim i gjat\u00eb me familjen, pa asnj\u00eb plan dhe pa asnj\u00eb prenotim. Ndalojm\u00eb aty ku lodhemi, ham\u00eb aty ku na merr uria dhe flem\u00eb aty ku na z\u00eb nata. \u00cbsht\u00eb metod\u00eb shum\u00eb e mir\u00eb p\u00ebr t\u00eb par\u00eb ato pjes\u00eb q\u00eb rutina e p\u00ebrditshme nuk t\u00eb l\u00eb t\u2019i shijosh. Urrej avion\u00ebt dhe t\u00eb gjendurit n\u00eb lart\u00ebsi.<\/p>\n<p><b>I ruan ende lidhjet me shok\u00ebt e f\u00ebmij\u00ebris\u00eb\u2026apo tashm\u00eb politika nuk ua lejon qoft\u00eb edhe nj\u00eb kafe miq\u00ebsore me ta? A jan\u00eb b\u00ebr\u00eb disa prej tyre politikan\u00eb, ashtu si edhe ju?!<\/b><\/p>\n<p>I ruaj lidhjet me t\u00eb gjith\u00eb shok\u00ebt e mi t\u00eb f\u00ebmij\u00ebris\u00eb, ndon\u00ebse disa prej tyre jetojn\u00eb q\u00eb nga viti 1991 jasht\u00eb Shqip\u00ebris\u00eb. Komunikoj rregullisht n\u00eb telefon apo e-mail me ta. P\u00ebrsa i p\u00ebrket atyre q\u00eb gjenden k\u00ebtu, takohem rregullisht dhe k\u00ebshillohem rregullisht. Asnj\u00eb prej tyre nuk merret me politik\u00eb, k\u00ebshtu q\u00eb un\u00eb p\u00ebrfitoj nga ky fakt q\u00eb t\u00eb k\u00ebshillohem nga ata, si njer\u00ebz q\u00eb e shohin politik\u00ebn nga larg.<\/p>\n<p><b>N\u00eb qoft\u00eb se nuk do t\u00eb p\u00ebrfshiheshit n\u00eb politik\u00eb, n\u00eb \u00e7far\u00eb pozicioni social do t\u00eb ishit sot? Mos ndoshta do t\u00eb zgjidhnit midis gazetarit apo avokatit? <\/b><\/p>\n<p>Besoj se do t\u00eb vazhdoja t\u00eb isha gazetar. \u00cbsht\u00eb nj\u00eb profesion q\u00eb m\u00eb p\u00eblqen. P\u00ebr m\u00eb tep\u00ebr diferenca mes gazetaris\u00eb politike dhe vet\u00eb politik\u00ebs, nuk \u00ebsht\u00eb shum\u00eb e madhe.<\/p>\n<p><i>*Intervist\u00eb e risjell\u00eb nga ATSH<\/i><\/p>\n","protected":false},"excerpt":{"rendered":"<p>Ana e tij m\u00eb pak e panjohur\u2026 N\u00ebse do t\u00eb zgjidhte midis gazetarit dhe avokatit, do t\u00eb vijonte t\u00eb ishte ende kolegu yn\u00eb. Ish-studenti i juridikut do t\u00eb zgjidhte gazetarin\u00eb p\u00ebr disa vite rresht pran\u00eb ATN1-it dhe ATSH-s\u00eb, nd\u00ebrsa p\u00ebr shkaqe t\u00eb \u201cangazhimit emocional\u201d, vendosi n\u00eb vitin 2000 t\u2019i futej pak e nga pak politik\u00ebs [&hellip;]<\/p>\n","protected":false},"author":1,"featured_media":0,"comment_status":"open","ping_status":"closed","sticky":false,"template":"","format":"standard","meta":{"footnotes":""},"categories":[2],"tags":[],"class_list":{"0":"post-13262","1":"post","2":"type-post","3":"status-publish","4":"format-standard","6":"category-artikuj"},"yoast_head":"<!-- This site is optimized with the Yoast SEO plugin v27.4 - https:\/\/yoast.com\/product\/yoast-seo-wordpress\/ -->\n<title>INTERVISTA\/ Ana tjet\u00ebr e Sokolit\u2026 - FjALA e LIR\u00cb - Arkivi<\/title>\n<meta name=\"robots\" content=\"index, follow, max-snippet:-1, max-image-preview:large, max-video-preview:-1\" \/>\n<link rel=\"canonical\" href=\"https:\/\/fjala.info\/2009-2015\/intervista-ana-tjeter-e-sokolit\/\" \/>\n<meta property=\"og:locale\" content=\"sq_AL\" \/>\n<meta property=\"og:type\" content=\"article\" \/>\n<meta property=\"og:title\" content=\"INTERVISTA\/ Ana tjet\u00ebr e Sokolit\u2026 - FjALA e LIR\u00cb - Arkivi\" \/>\n<meta property=\"og:description\" content=\"Ana e tij m\u00eb pak e panjohur\u2026 N\u00ebse do t\u00eb zgjidhte midis gazetarit dhe avokatit, do t\u00eb vijonte t\u00eb ishte ende kolegu yn\u00eb. Ish-studenti i juridikut do t\u00eb zgjidhte gazetarin\u00eb p\u00ebr disa vite rresht pran\u00eb ATN1-it dhe ATSH-s\u00eb, nd\u00ebrsa p\u00ebr shkaqe t\u00eb \u201cangazhimit emocional\u201d, vendosi n\u00eb vitin 2000 t\u2019i futej pak e nga pak politik\u00ebs [&hellip;]\" \/>\n<meta property=\"og:url\" content=\"https:\/\/fjala.info\/2009-2015\/intervista-ana-tjeter-e-sokolit\/\" \/>\n<meta property=\"og:site_name\" content=\"FjALA e LIR\u00cb - Arkivi\" \/>\n<meta property=\"article:published_time\" content=\"2013-11-21T17:58:41+00:00\" \/>\n<meta property=\"og:image\" content=\"http:\/\/www.fjala.info\/2013\/sokol_olldashi.jpg\" \/>\n<meta name=\"author\" content=\"admin\" \/>\n<meta name=\"twitter:card\" content=\"summary_large_image\" \/>\n<meta name=\"twitter:label1\" content=\"Written by\" \/>\n\t<meta name=\"twitter:data1\" content=\"admin\" \/>\n\t<meta name=\"twitter:label2\" content=\"Est. reading time\" \/>\n\t<meta name=\"twitter:data2\" content=\"6 minutes\" \/>\n<script type=\"application\/ld+json\" class=\"yoast-schema-graph\">{\"@context\":\"https:\\\/\\\/schema.org\",\"@graph\":[{\"@type\":\"Article\",\"@id\":\"https:\\\/\\\/fjala.info\\\/2009-2015\\\/intervista-ana-tjeter-e-sokolit\\\/#article\",\"isPartOf\":{\"@id\":\"https:\\\/\\\/fjala.info\\\/2009-2015\\\/intervista-ana-tjeter-e-sokolit\\\/\"},\"author\":{\"name\":\"admin\",\"@id\":\"https:\\\/\\\/fjala.info\\\/2009-2015\\\/#\\\/schema\\\/person\\\/3aa1163ef05469c496fc94e77611ada2\"},\"headline\":\"INTERVISTA\\\/ Ana tjet\u00ebr e Sokolit\u2026\",\"datePublished\":\"2013-11-21T17:58:41+00:00\",\"mainEntityOfPage\":{\"@id\":\"https:\\\/\\\/fjala.info\\\/2009-2015\\\/intervista-ana-tjeter-e-sokolit\\\/\"},\"wordCount\":1148,\"commentCount\":1,\"publisher\":{\"@id\":\"https:\\\/\\\/fjala.info\\\/2009-2015\\\/#organization\"},\"image\":{\"@id\":\"https:\\\/\\\/fjala.info\\\/2009-2015\\\/intervista-ana-tjeter-e-sokolit\\\/#primaryimage\"},\"thumbnailUrl\":\"http:\\\/\\\/www.fjala.info\\\/2013\\\/sokol_olldashi.jpg\",\"articleSection\":[\"Artikuj\"],\"inLanguage\":\"sq-AL\",\"potentialAction\":[{\"@type\":\"CommentAction\",\"name\":\"Comment\",\"target\":[\"https:\\\/\\\/fjala.info\\\/2009-2015\\\/intervista-ana-tjeter-e-sokolit\\\/#respond\"]}]},{\"@type\":\"WebPage\",\"@id\":\"https:\\\/\\\/fjala.info\\\/2009-2015\\\/intervista-ana-tjeter-e-sokolit\\\/\",\"url\":\"https:\\\/\\\/fjala.info\\\/2009-2015\\\/intervista-ana-tjeter-e-sokolit\\\/\",\"name\":\"INTERVISTA\\\/ Ana tjet\u00ebr e Sokolit\u2026 - FjALA e LIR\u00cb - Arkivi\",\"isPartOf\":{\"@id\":\"https:\\\/\\\/fjala.info\\\/2009-2015\\\/#website\"},\"primaryImageOfPage\":{\"@id\":\"https:\\\/\\\/fjala.info\\\/2009-2015\\\/intervista-ana-tjeter-e-sokolit\\\/#primaryimage\"},\"image\":{\"@id\":\"https:\\\/\\\/fjala.info\\\/2009-2015\\\/intervista-ana-tjeter-e-sokolit\\\/#primaryimage\"},\"thumbnailUrl\":\"http:\\\/\\\/www.fjala.info\\\/2013\\\/sokol_olldashi.jpg\",\"datePublished\":\"2013-11-21T17:58:41+00:00\",\"breadcrumb\":{\"@id\":\"https:\\\/\\\/fjala.info\\\/2009-2015\\\/intervista-ana-tjeter-e-sokolit\\\/#breadcrumb\"},\"inLanguage\":\"sq-AL\",\"potentialAction\":[{\"@type\":\"ReadAction\",\"target\":[\"https:\\\/\\\/fjala.info\\\/2009-2015\\\/intervista-ana-tjeter-e-sokolit\\\/\"]}]},{\"@type\":\"ImageObject\",\"inLanguage\":\"sq-AL\",\"@id\":\"https:\\\/\\\/fjala.info\\\/2009-2015\\\/intervista-ana-tjeter-e-sokolit\\\/#primaryimage\",\"url\":\"http:\\\/\\\/www.fjala.info\\\/2013\\\/sokol_olldashi.jpg\",\"contentUrl\":\"http:\\\/\\\/www.fjala.info\\\/2013\\\/sokol_olldashi.jpg\"},{\"@type\":\"BreadcrumbList\",\"@id\":\"https:\\\/\\\/fjala.info\\\/2009-2015\\\/intervista-ana-tjeter-e-sokolit\\\/#breadcrumb\",\"itemListElement\":[{\"@type\":\"ListItem\",\"position\":1,\"name\":\"Home\",\"item\":\"https:\\\/\\\/fjala.info\\\/2009-2015\\\/\"},{\"@type\":\"ListItem\",\"position\":2,\"name\":\"INTERVISTA\\\/ Ana tjet\u00ebr e Sokolit\u2026\"}]},{\"@type\":\"WebSite\",\"@id\":\"https:\\\/\\\/fjala.info\\\/2009-2015\\\/#website\",\"url\":\"https:\\\/\\\/fjala.info\\\/2009-2015\\\/\",\"name\":\"FjALA e LIR\u00cb - Arkivi\",\"description\":\"Arkivi 2009-2015\",\"publisher\":{\"@id\":\"https:\\\/\\\/fjala.info\\\/2009-2015\\\/#organization\"},\"potentialAction\":[{\"@type\":\"SearchAction\",\"target\":{\"@type\":\"EntryPoint\",\"urlTemplate\":\"https:\\\/\\\/fjala.info\\\/2009-2015\\\/?s={search_term_string}\"},\"query-input\":{\"@type\":\"PropertyValueSpecification\",\"valueRequired\":true,\"valueName\":\"search_term_string\"}}],\"inLanguage\":\"sq-AL\"},{\"@type\":\"Organization\",\"@id\":\"https:\\\/\\\/fjala.info\\\/2009-2015\\\/#organization\",\"name\":\"FjALA e LIR\u00cb - Arkivi\",\"url\":\"https:\\\/\\\/fjala.info\\\/2009-2015\\\/\",\"logo\":{\"@type\":\"ImageObject\",\"inLanguage\":\"sq-AL\",\"@id\":\"https:\\\/\\\/fjala.info\\\/2009-2015\\\/#\\\/schema\\\/logo\\\/image\\\/\",\"url\":\"\",\"contentUrl\":\"\",\"caption\":\"FjALA e LIR\u00cb - Arkivi\"},\"image\":{\"@id\":\"https:\\\/\\\/fjala.info\\\/2009-2015\\\/#\\\/schema\\\/logo\\\/image\\\/\"}},{\"@type\":\"Person\",\"@id\":\"https:\\\/\\\/fjala.info\\\/2009-2015\\\/#\\\/schema\\\/person\\\/3aa1163ef05469c496fc94e77611ada2\",\"name\":\"admin\",\"image\":{\"@type\":\"ImageObject\",\"inLanguage\":\"sq-AL\",\"@id\":\"https:\\\/\\\/fjala.info\\\/2009-2015\\\/wp-content\\\/uploads\\\/2012\\\/02\\\/arben_cokaj-120x150.jpg\",\"url\":\"https:\\\/\\\/fjala.info\\\/2009-2015\\\/wp-content\\\/uploads\\\/2012\\\/02\\\/arben_cokaj-120x150.jpg\",\"contentUrl\":\"https:\\\/\\\/fjala.info\\\/2009-2015\\\/wp-content\\\/uploads\\\/2012\\\/02\\\/arben_cokaj-120x150.jpg\",\"caption\":\"admin\"},\"description\":\"Admin, Fjala e Lir\u00eb\",\"sameAs\":[\"https:\\\/\\\/fjala.info\\\/\"],\"url\":\"https:\\\/\\\/fjala.info\\\/2009-2015\\\/author\\\/admin\\\/\"}]}<\/script>\n<!-- \/ Yoast SEO plugin. -->","yoast_head_json":{"title":"INTERVISTA\/ Ana tjet\u00ebr e Sokolit\u2026 - FjALA e LIR\u00cb - Arkivi","robots":{"index":"index","follow":"follow","max-snippet":"max-snippet:-1","max-image-preview":"max-image-preview:large","max-video-preview":"max-video-preview:-1"},"canonical":"https:\/\/fjala.info\/2009-2015\/intervista-ana-tjeter-e-sokolit\/","og_locale":"sq_AL","og_type":"article","og_title":"INTERVISTA\/ Ana tjet\u00ebr e Sokolit\u2026 - FjALA e LIR\u00cb - Arkivi","og_description":"Ana e tij m\u00eb pak e panjohur\u2026 N\u00ebse do t\u00eb zgjidhte midis gazetarit dhe avokatit, do t\u00eb vijonte t\u00eb ishte ende kolegu yn\u00eb. Ish-studenti i juridikut do t\u00eb zgjidhte gazetarin\u00eb p\u00ebr disa vite rresht pran\u00eb ATN1-it dhe ATSH-s\u00eb, nd\u00ebrsa p\u00ebr shkaqe t\u00eb \u201cangazhimit emocional\u201d, vendosi n\u00eb vitin 2000 t\u2019i futej pak e nga pak politik\u00ebs [&hellip;]","og_url":"https:\/\/fjala.info\/2009-2015\/intervista-ana-tjeter-e-sokolit\/","og_site_name":"FjALA e LIR\u00cb - Arkivi","article_published_time":"2013-11-21T17:58:41+00:00","og_image":[{"url":"http:\/\/www.fjala.info\/2013\/sokol_olldashi.jpg","type":"","width":"","height":""}],"author":"admin","twitter_card":"summary_large_image","twitter_misc":{"Written by":"admin","Est. reading time":"6 minutes"},"schema":{"@context":"https:\/\/schema.org","@graph":[{"@type":"Article","@id":"https:\/\/fjala.info\/2009-2015\/intervista-ana-tjeter-e-sokolit\/#article","isPartOf":{"@id":"https:\/\/fjala.info\/2009-2015\/intervista-ana-tjeter-e-sokolit\/"},"author":{"name":"admin","@id":"https:\/\/fjala.info\/2009-2015\/#\/schema\/person\/3aa1163ef05469c496fc94e77611ada2"},"headline":"INTERVISTA\/ Ana tjet\u00ebr e Sokolit\u2026","datePublished":"2013-11-21T17:58:41+00:00","mainEntityOfPage":{"@id":"https:\/\/fjala.info\/2009-2015\/intervista-ana-tjeter-e-sokolit\/"},"wordCount":1148,"commentCount":1,"publisher":{"@id":"https:\/\/fjala.info\/2009-2015\/#organization"},"image":{"@id":"https:\/\/fjala.info\/2009-2015\/intervista-ana-tjeter-e-sokolit\/#primaryimage"},"thumbnailUrl":"http:\/\/www.fjala.info\/2013\/sokol_olldashi.jpg","articleSection":["Artikuj"],"inLanguage":"sq-AL","potentialAction":[{"@type":"CommentAction","name":"Comment","target":["https:\/\/fjala.info\/2009-2015\/intervista-ana-tjeter-e-sokolit\/#respond"]}]},{"@type":"WebPage","@id":"https:\/\/fjala.info\/2009-2015\/intervista-ana-tjeter-e-sokolit\/","url":"https:\/\/fjala.info\/2009-2015\/intervista-ana-tjeter-e-sokolit\/","name":"INTERVISTA\/ Ana tjet\u00ebr e Sokolit\u2026 - FjALA e LIR\u00cb - Arkivi","isPartOf":{"@id":"https:\/\/fjala.info\/2009-2015\/#website"},"primaryImageOfPage":{"@id":"https:\/\/fjala.info\/2009-2015\/intervista-ana-tjeter-e-sokolit\/#primaryimage"},"image":{"@id":"https:\/\/fjala.info\/2009-2015\/intervista-ana-tjeter-e-sokolit\/#primaryimage"},"thumbnailUrl":"http:\/\/www.fjala.info\/2013\/sokol_olldashi.jpg","datePublished":"2013-11-21T17:58:41+00:00","breadcrumb":{"@id":"https:\/\/fjala.info\/2009-2015\/intervista-ana-tjeter-e-sokolit\/#breadcrumb"},"inLanguage":"sq-AL","potentialAction":[{"@type":"ReadAction","target":["https:\/\/fjala.info\/2009-2015\/intervista-ana-tjeter-e-sokolit\/"]}]},{"@type":"ImageObject","inLanguage":"sq-AL","@id":"https:\/\/fjala.info\/2009-2015\/intervista-ana-tjeter-e-sokolit\/#primaryimage","url":"http:\/\/www.fjala.info\/2013\/sokol_olldashi.jpg","contentUrl":"http:\/\/www.fjala.info\/2013\/sokol_olldashi.jpg"},{"@type":"BreadcrumbList","@id":"https:\/\/fjala.info\/2009-2015\/intervista-ana-tjeter-e-sokolit\/#breadcrumb","itemListElement":[{"@type":"ListItem","position":1,"name":"Home","item":"https:\/\/fjala.info\/2009-2015\/"},{"@type":"ListItem","position":2,"name":"INTERVISTA\/ Ana tjet\u00ebr e Sokolit\u2026"}]},{"@type":"WebSite","@id":"https:\/\/fjala.info\/2009-2015\/#website","url":"https:\/\/fjala.info\/2009-2015\/","name":"FjALA e LIR\u00cb - Arkivi","description":"Arkivi 2009-2015","publisher":{"@id":"https:\/\/fjala.info\/2009-2015\/#organization"},"potentialAction":[{"@type":"SearchAction","target":{"@type":"EntryPoint","urlTemplate":"https:\/\/fjala.info\/2009-2015\/?s={search_term_string}"},"query-input":{"@type":"PropertyValueSpecification","valueRequired":true,"valueName":"search_term_string"}}],"inLanguage":"sq-AL"},{"@type":"Organization","@id":"https:\/\/fjala.info\/2009-2015\/#organization","name":"FjALA e LIR\u00cb - Arkivi","url":"https:\/\/fjala.info\/2009-2015\/","logo":{"@type":"ImageObject","inLanguage":"sq-AL","@id":"https:\/\/fjala.info\/2009-2015\/#\/schema\/logo\/image\/","url":"","contentUrl":"","caption":"FjALA e LIR\u00cb - Arkivi"},"image":{"@id":"https:\/\/fjala.info\/2009-2015\/#\/schema\/logo\/image\/"}},{"@type":"Person","@id":"https:\/\/fjala.info\/2009-2015\/#\/schema\/person\/3aa1163ef05469c496fc94e77611ada2","name":"admin","image":{"@type":"ImageObject","inLanguage":"sq-AL","@id":"https:\/\/fjala.info\/2009-2015\/wp-content\/uploads\/2012\/02\/arben_cokaj-120x150.jpg","url":"https:\/\/fjala.info\/2009-2015\/wp-content\/uploads\/2012\/02\/arben_cokaj-120x150.jpg","contentUrl":"https:\/\/fjala.info\/2009-2015\/wp-content\/uploads\/2012\/02\/arben_cokaj-120x150.jpg","caption":"admin"},"description":"Admin, Fjala e Lir\u00eb","sameAs":["https:\/\/fjala.info\/"],"url":"https:\/\/fjala.info\/2009-2015\/author\/admin\/"}]}},"_links":{"self":[{"href":"https:\/\/fjala.info\/2009-2015\/wp-json\/wp\/v2\/posts\/13262","targetHints":{"allow":["GET"]}}],"collection":[{"href":"https:\/\/fjala.info\/2009-2015\/wp-json\/wp\/v2\/posts"}],"about":[{"href":"https:\/\/fjala.info\/2009-2015\/wp-json\/wp\/v2\/types\/post"}],"author":[{"embeddable":true,"href":"https:\/\/fjala.info\/2009-2015\/wp-json\/wp\/v2\/users\/1"}],"replies":[{"embeddable":true,"href":"https:\/\/fjala.info\/2009-2015\/wp-json\/wp\/v2\/comments?post=13262"}],"version-history":[{"count":0,"href":"https:\/\/fjala.info\/2009-2015\/wp-json\/wp\/v2\/posts\/13262\/revisions"}],"wp:attachment":[{"href":"https:\/\/fjala.info\/2009-2015\/wp-json\/wp\/v2\/media?parent=13262"}],"wp:term":[{"taxonomy":"category","embeddable":true,"href":"https:\/\/fjala.info\/2009-2015\/wp-json\/wp\/v2\/categories?post=13262"},{"taxonomy":"post_tag","embeddable":true,"href":"https:\/\/fjala.info\/2009-2015\/wp-json\/wp\/v2\/tags?post=13262"}],"curies":[{"name":"wp","href":"https:\/\/api.w.org\/{rel}","templated":true}]}}