{"id":13261,"date":"2013-11-21T20:55:46","date_gmt":"2013-11-21T19:55:46","guid":{"rendered":"http:\/\/fjala.info\/?p=5252"},"modified":"2013-11-21T20:55:46","modified_gmt":"2013-11-21T19:55:46","slug":"ai-nuk-ishte-nje-aksident","status":"publish","type":"post","link":"https:\/\/fjala.info\/2009-2015\/ai-nuk-ishte-nje-aksident\/","title":{"rendered":"Ai nuk ishte nj\u00eb aksident!"},"content":{"rendered":"<p><img decoding=\"async\" class=\"alignright size-thumbnail wp-image-7236\" title=\"Mero Baze\" alt=\"\" src=\"http:\/\/www.fjala.info\/2012\/mero_baze.jpg\" width=\"150\" \/> Nga <strong>Mero Baze<\/strong><\/p>\n<p><strong>Sokol Olldashi nuk ia doli dot<\/strong>. Fati i kishte rezervuar vdekjen n\u00eb nj\u00eb nat\u00eb t\u00eb zez\u00eb, n\u00eb nj\u00eb mosh\u00eb t\u00eb art\u00eb, dhe n\u00eb nj\u00eb vend, p\u00ebr t\u00eb cilin ishte p\u00ebrpjekur ta b\u00ebnte m\u00eb t\u00eb mir\u00eb.<\/p>\n<p>La pas Glaukun dhe Kleitin, gruan dhe n\u00ebn\u00ebn e tij t\u00eb vuajtur, q\u00eb provoi Bllokun dhe ferrin e komunizmit, si dhe tranzicionin e trazuar shqiptar, duke i rr\u00ebmbyer n\u00eb fund dhe djalin, me t\u00eb cilin lidhi jet\u00ebn.<\/p>\n<p>Sokol Olldashi ishte nj\u00eb nga miqt\u00eb e mi t\u00eb vjet\u00ebr gazetar\u00eb. Shum\u00eb vendime n\u00eb jet\u00ebn e tij dhe jet\u00ebn time jan\u00eb t\u00eb p\u00ebrbashk\u00ebta, t\u00eb marra nga t\u00eb dy. Kemi qen\u00eb bashk\u00eb n\u00eb dit\u00eb t\u00eb v\u00ebshtira, disa her\u00eb dhe mes plumbave dhe nuk na gjeti gj\u00eb. Kemi qen\u00eb bashk\u00eb n\u00eb ngjarje politike dhe sociale, n\u00eb humbje dhe fitore, n\u00eb d\u00ebshp\u00ebrime dhe g\u00ebzime dhe s\u2019na ka gjetur gj\u00eb. Arrita von\u00eb n\u00eb Qaf\u00eb Krrab\u00eb, n\u00eb momentet e fundit t\u00eb jet\u00ebs s\u00eb tij dhe nuk pata fuqi t\u2019i ul\u00ebrija p\u00ebr t\u00eb vetmen gj\u00eb q\u00eb mendoja gjithmon\u00eb, se do ta mundte at\u00eb njeri n\u00eb jet\u00eb: <strong>Shpejt\u00ebsia<\/strong>!<\/p>\n<p>Kisha vite q\u00eb nuk rrija me t\u00eb p\u00ebr shkak t\u00eb politik\u00ebs, por jam i leht\u00ebsuar q\u00eb jav\u00ebt e fundit, ndaja me t\u00eb or\u00ebt deri n\u00eb mesnat\u00eb. Si nj\u00eb nd\u00ebshkim p\u00ebr gjith\u00e7ka, m\u00eb ngeli barra t\u2019ia jepja lajmin e hidhur Kel\u00ebs, shoqes s\u00eb tij m\u00eb t\u00eb mir\u00eb n\u00eb jet\u00eb, t\u00eb cil\u00ebn m\u2019u desh ta shoq\u00ebroja nga Qaf\u00eb Krraba, ku Sokoli nuk na priti t\u00eb ndaheshim, deri n\u00eb sht\u00ebpin\u00eb ku e priste e \u00ebma, me gj\u00ebm\u00ebn e hapur.<\/p>\n<p><strong>Nuk ia doli dot!<\/strong><\/p>\n<p><img decoding=\"async\" class=\"alignleft size-thumbnail wp-image-7236\" title=\"Sokol Olldashi\" alt=\"\" src=\"http:\/\/www.fjala.info\/2013\/sokol_olldashi.jpg\" width=\"200\" \/>Nj\u00eb rregull i pashkruar diktoi fatin e tij n\u00eb nj\u00eb cop\u00eb rruge, q\u00eb nuk pranoi as t\u00eb shkonte t\u2019i priste shiritin. N\u00eb nj\u00eb jet\u00eb aq t\u00eb trazuar, ku t\u00eb mirat dhe t\u00eb k\u00ebqijat kan\u00eb ecur me shpejt\u00ebsin\u00eb e sekond\u00ebs s\u00eb fundit t\u00eb tij, ai shpejtoi t\u2019i b\u00ebj\u00eb t\u00eb gjitha.<\/p>\n<p>Sot nd\u00ebrsa do ta p\u00ebrcjellim n\u00eb banes\u00ebn e fundit, ende pa zbritur n\u00ebn tok\u00eb, dua t\u2019i them disa fjal\u00eb q\u00eb ta njohin m\u00eb mir\u00eb ata q\u00eb nuk e njoh\u00ebn dhe ta respektojn\u00eb m\u00eb shum\u00eb ata q\u00eb e kan\u00eb fyer.<\/p>\n<p>Sokoli nuk \u00ebsht\u00eb nj\u00eb aksident mes nesh, edhe pse iku nga nj\u00eb aksident. Ai ishte nj\u00eb adoleshent q\u00eb ia doli t\u2019i mbijetoj\u00eb nj\u00eb krize t\u00eb diktuar familjare nga komunizmi, duke jetuar mes n\u00ebn\u00ebs dhe babait dhe duke u b\u00ebr\u00eb motivi i mbijetes\u00ebs s\u00eb atij regjimi, p\u00ebr t\u00eb cilin fatkeq\u00ebsisht kishin kontribuar dhe gjysh\u00ebrit e tij. Ai ia doli t\u00eb ishte nj\u00eb nx\u00ebn\u00ebs i shk\u00eblqyer dhe nj\u00eb maturant i pjekur dhe i vet\u00ebdijsh\u00ebm n\u00eb vitin 1990, kur era e liris\u00eb ndjehej n\u00eb Shqip\u00ebri.<\/p>\n<p>Ai ia doli t\u00eb ishte nj\u00eb student i shk\u00eblqyer i viteve t\u00eb para t\u00eb pluralizmit, nj\u00eb aktivist politik i qart\u00eb dhe me personalitet, q\u00eb ndjente dhe s\u00ebmundjet e demokracis\u00eb bashk\u00eb me vlag\u00ebn e entuziazmit t\u00eb saj.<\/p>\n<p>Ai ia doli t\u2019i jepte n\u00ebn\u00ebs s\u00eb tij nj\u00eb jet\u00eb normale, duke e shp\u00ebrblyer vuajtjet e saj me g\u00ebzimin e suksesit t\u00eb tij. Ai ishte nj\u00eb student me \u00ebndrra q\u00eb shkruante poezi, q\u00eb i binte kitar\u00ebs dhe q\u00eb nuk merrte seriozisht artikujt e vet politik\u00eb.<\/p>\n<p>Ai ia doli t\u00eb hynte n\u00eb PD n\u00eb dit\u00ebt e saj m\u00eb t\u00eb k\u00ebqija, n\u00eb nj\u00eb opozit\u00eb mbijetese dhe t\u00eb shquante mes err\u00ebsir\u00ebs q\u00eb diktonte kursi politik i saj.<\/p>\n<p>Prej vitit 2001, ai u b\u00eb deputet i parlamentit shqiptar, si drejtues i rinis\u00eb s\u00eb PD dhe vdiq si parlamentar.<\/p>\n<p>Ai shk\u00eblqeu si Minist\u00ebr i Brendsh\u00ebm i Shqip\u00ebris\u00eb n\u00eb vitet 2005 \u2013 2007, p\u00ebrballoi me dinjitet gar\u00ebn me Edi Ram\u00ebn n\u00eb vitin 2007, duke pasur n\u00eb krah nj\u00eb parti t\u00eb ndar\u00eb, pro dhe kund\u00ebr tij, dhe udh\u00ebhoqi p\u00ebr gjasht\u00eb vjet ministrin\u00eb m\u00eb t\u00eb r\u00ebnd\u00ebsishme n\u00eb vend nga viti 2007, at\u00eb q\u00eb nisi t\u00eb nd\u00ebrtoj\u00eb aq shum\u00eb rrug\u00eb, por q\u00eb jeta e tij, mbaroi para tyre.<\/p>\n<p>Nj\u00eb jet\u00eb me kaq shum\u00eb ngjarje n\u00eb kaq pak koh\u00eb, u p\u00ebrket gjithmon\u00eb atyre q\u00eb din\u00eb se \u00e7\u2019b\u00ebjn\u00eb me jet\u00ebn e tyre, por q\u00eb nuk din\u00eb se \u00e7\u2019b\u00ebjn\u00eb me trupin e tyre. Nuk e p\u00ebrfillte rrezikun fizik deri n\u00eb at\u00eb shkall\u00eb, sa krijonte mitin e njeriut t\u00eb fort\u00eb dhe t\u00eb pamposhtur. Kam plot episode grindjeje nga jeta ime e p\u00ebrbashk\u00ebt me t\u00eb, q\u00eb nisnin e mbaronin t\u00eb gjitha tek fakti, q\u00eb ai donte t\u00eb ishte n\u00eb timon. Adrenalina q\u00eb i jepte shpejt\u00ebsia dhe rreziku, ishin nj\u00eb arsye p\u00ebrse ai eci aq shpejt, p\u00ebrse ai jetoi aq shum\u00eb gj\u00ebra dhe p\u00ebrse iku duke injoruar ligjet e jet\u00ebs.<\/p>\n<p>Vet\u00ebm aksidenti mund ta merrte nj\u00eb njeri q\u00eb nuk kishte asgj\u00eb aksidentale n\u00eb jet\u00ebn e tij, nj\u00eb njeri q\u00eb kishte nj\u00eb plan p\u00ebr gjysm\u00ebn tjet\u00ebr t\u00eb jet\u00ebs, i cili mund t\u00eb na vlente t\u00eb gjith\u00ebve. Uroj t\u00eb mos g\u00ebzohet askush nga mungesa e tij dhe ligjet banale t\u00eb jet\u00ebs fizike. As ata q\u00eb ia b\u00ebn\u00eb kaq nervoze dhe zhg\u00ebnjyese segmentin e fundit t\u00eb jet\u00ebs.<\/p>\n","protected":false},"excerpt":{"rendered":"<p>Nga Mero Baze Sokol Olldashi nuk ia doli dot. Fati i kishte rezervuar vdekjen n\u00eb nj\u00eb nat\u00eb t\u00eb zez\u00eb, n\u00eb nj\u00eb mosh\u00eb t\u00eb art\u00eb, dhe n\u00eb nj\u00eb vend, p\u00ebr t\u00eb cilin ishte p\u00ebrpjekur ta b\u00ebnte m\u00eb t\u00eb mir\u00eb. La pas Glaukun dhe Kleitin, gruan dhe n\u00ebn\u00ebn e tij t\u00eb vuajtur, q\u00eb provoi Bllokun dhe ferrin [&hellip;]<\/p>\n","protected":false},"author":1,"featured_media":0,"comment_status":"open","ping_status":"closed","sticky":false,"template":"","format":"standard","meta":{"footnotes":""},"categories":[2],"tags":[],"class_list":{"0":"post-13261","1":"post","2":"type-post","3":"status-publish","4":"format-standard","6":"category-artikuj"},"yoast_head":"<!-- This site is optimized with the Yoast SEO plugin v27.4 - https:\/\/yoast.com\/product\/yoast-seo-wordpress\/ -->\n<title>Ai nuk ishte nj\u00eb aksident! - FjALA e LIR\u00cb - Arkivi<\/title>\n<meta name=\"robots\" content=\"index, follow, max-snippet:-1, max-image-preview:large, max-video-preview:-1\" \/>\n<link rel=\"canonical\" href=\"https:\/\/fjala.info\/2009-2015\/ai-nuk-ishte-nje-aksident\/\" \/>\n<meta property=\"og:locale\" content=\"sq_AL\" \/>\n<meta property=\"og:type\" content=\"article\" \/>\n<meta property=\"og:title\" content=\"Ai nuk ishte nj\u00eb aksident! - FjALA e LIR\u00cb - Arkivi\" \/>\n<meta property=\"og:description\" content=\"Nga Mero Baze Sokol Olldashi nuk ia doli dot. Fati i kishte rezervuar vdekjen n\u00eb nj\u00eb nat\u00eb t\u00eb zez\u00eb, n\u00eb nj\u00eb mosh\u00eb t\u00eb art\u00eb, dhe n\u00eb nj\u00eb vend, p\u00ebr t\u00eb cilin ishte p\u00ebrpjekur ta b\u00ebnte m\u00eb t\u00eb mir\u00eb. La pas Glaukun dhe Kleitin, gruan dhe n\u00ebn\u00ebn e tij t\u00eb vuajtur, q\u00eb provoi Bllokun dhe ferrin [&hellip;]\" \/>\n<meta property=\"og:url\" content=\"https:\/\/fjala.info\/2009-2015\/ai-nuk-ishte-nje-aksident\/\" \/>\n<meta property=\"og:site_name\" content=\"FjALA e LIR\u00cb - Arkivi\" \/>\n<meta property=\"article:published_time\" content=\"2013-11-21T19:55:46+00:00\" \/>\n<meta property=\"og:image\" content=\"http:\/\/www.fjala.info\/2012\/mero_baze.jpg\" \/>\n<meta name=\"author\" content=\"admin\" \/>\n<meta name=\"twitter:card\" content=\"summary_large_image\" \/>\n<meta name=\"twitter:label1\" content=\"Written by\" \/>\n\t<meta name=\"twitter:data1\" content=\"admin\" \/>\n\t<meta name=\"twitter:label2\" content=\"Est. reading time\" \/>\n\t<meta name=\"twitter:data2\" content=\"4 minutes\" \/>\n<script type=\"application\/ld+json\" class=\"yoast-schema-graph\">{\"@context\":\"https:\\\/\\\/schema.org\",\"@graph\":[{\"@type\":\"Article\",\"@id\":\"https:\\\/\\\/fjala.info\\\/2009-2015\\\/ai-nuk-ishte-nje-aksident\\\/#article\",\"isPartOf\":{\"@id\":\"https:\\\/\\\/fjala.info\\\/2009-2015\\\/ai-nuk-ishte-nje-aksident\\\/\"},\"author\":{\"name\":\"admin\",\"@id\":\"https:\\\/\\\/fjala.info\\\/2009-2015\\\/#\\\/schema\\\/person\\\/3aa1163ef05469c496fc94e77611ada2\"},\"headline\":\"Ai nuk ishte nj\u00eb aksident!\",\"datePublished\":\"2013-11-21T19:55:46+00:00\",\"mainEntityOfPage\":{\"@id\":\"https:\\\/\\\/fjala.info\\\/2009-2015\\\/ai-nuk-ishte-nje-aksident\\\/\"},\"wordCount\":904,\"commentCount\":1,\"publisher\":{\"@id\":\"https:\\\/\\\/fjala.info\\\/2009-2015\\\/#organization\"},\"image\":{\"@id\":\"https:\\\/\\\/fjala.info\\\/2009-2015\\\/ai-nuk-ishte-nje-aksident\\\/#primaryimage\"},\"thumbnailUrl\":\"http:\\\/\\\/www.fjala.info\\\/2012\\\/mero_baze.jpg\",\"articleSection\":[\"Artikuj\"],\"inLanguage\":\"sq-AL\",\"potentialAction\":[{\"@type\":\"CommentAction\",\"name\":\"Comment\",\"target\":[\"https:\\\/\\\/fjala.info\\\/2009-2015\\\/ai-nuk-ishte-nje-aksident\\\/#respond\"]}]},{\"@type\":\"WebPage\",\"@id\":\"https:\\\/\\\/fjala.info\\\/2009-2015\\\/ai-nuk-ishte-nje-aksident\\\/\",\"url\":\"https:\\\/\\\/fjala.info\\\/2009-2015\\\/ai-nuk-ishte-nje-aksident\\\/\",\"name\":\"Ai nuk ishte nj\u00eb aksident! - FjALA e LIR\u00cb - Arkivi\",\"isPartOf\":{\"@id\":\"https:\\\/\\\/fjala.info\\\/2009-2015\\\/#website\"},\"primaryImageOfPage\":{\"@id\":\"https:\\\/\\\/fjala.info\\\/2009-2015\\\/ai-nuk-ishte-nje-aksident\\\/#primaryimage\"},\"image\":{\"@id\":\"https:\\\/\\\/fjala.info\\\/2009-2015\\\/ai-nuk-ishte-nje-aksident\\\/#primaryimage\"},\"thumbnailUrl\":\"http:\\\/\\\/www.fjala.info\\\/2012\\\/mero_baze.jpg\",\"datePublished\":\"2013-11-21T19:55:46+00:00\",\"breadcrumb\":{\"@id\":\"https:\\\/\\\/fjala.info\\\/2009-2015\\\/ai-nuk-ishte-nje-aksident\\\/#breadcrumb\"},\"inLanguage\":\"sq-AL\",\"potentialAction\":[{\"@type\":\"ReadAction\",\"target\":[\"https:\\\/\\\/fjala.info\\\/2009-2015\\\/ai-nuk-ishte-nje-aksident\\\/\"]}]},{\"@type\":\"ImageObject\",\"inLanguage\":\"sq-AL\",\"@id\":\"https:\\\/\\\/fjala.info\\\/2009-2015\\\/ai-nuk-ishte-nje-aksident\\\/#primaryimage\",\"url\":\"http:\\\/\\\/www.fjala.info\\\/2012\\\/mero_baze.jpg\",\"contentUrl\":\"http:\\\/\\\/www.fjala.info\\\/2012\\\/mero_baze.jpg\"},{\"@type\":\"BreadcrumbList\",\"@id\":\"https:\\\/\\\/fjala.info\\\/2009-2015\\\/ai-nuk-ishte-nje-aksident\\\/#breadcrumb\",\"itemListElement\":[{\"@type\":\"ListItem\",\"position\":1,\"name\":\"Home\",\"item\":\"https:\\\/\\\/fjala.info\\\/2009-2015\\\/\"},{\"@type\":\"ListItem\",\"position\":2,\"name\":\"Ai nuk ishte nj\u00eb aksident!\"}]},{\"@type\":\"WebSite\",\"@id\":\"https:\\\/\\\/fjala.info\\\/2009-2015\\\/#website\",\"url\":\"https:\\\/\\\/fjala.info\\\/2009-2015\\\/\",\"name\":\"FjALA e LIR\u00cb - Arkivi\",\"description\":\"Arkivi 2009-2015\",\"publisher\":{\"@id\":\"https:\\\/\\\/fjala.info\\\/2009-2015\\\/#organization\"},\"potentialAction\":[{\"@type\":\"SearchAction\",\"target\":{\"@type\":\"EntryPoint\",\"urlTemplate\":\"https:\\\/\\\/fjala.info\\\/2009-2015\\\/?s={search_term_string}\"},\"query-input\":{\"@type\":\"PropertyValueSpecification\",\"valueRequired\":true,\"valueName\":\"search_term_string\"}}],\"inLanguage\":\"sq-AL\"},{\"@type\":\"Organization\",\"@id\":\"https:\\\/\\\/fjala.info\\\/2009-2015\\\/#organization\",\"name\":\"FjALA e LIR\u00cb - Arkivi\",\"url\":\"https:\\\/\\\/fjala.info\\\/2009-2015\\\/\",\"logo\":{\"@type\":\"ImageObject\",\"inLanguage\":\"sq-AL\",\"@id\":\"https:\\\/\\\/fjala.info\\\/2009-2015\\\/#\\\/schema\\\/logo\\\/image\\\/\",\"url\":\"\",\"contentUrl\":\"\",\"caption\":\"FjALA e LIR\u00cb - Arkivi\"},\"image\":{\"@id\":\"https:\\\/\\\/fjala.info\\\/2009-2015\\\/#\\\/schema\\\/logo\\\/image\\\/\"}},{\"@type\":\"Person\",\"@id\":\"https:\\\/\\\/fjala.info\\\/2009-2015\\\/#\\\/schema\\\/person\\\/3aa1163ef05469c496fc94e77611ada2\",\"name\":\"admin\",\"image\":{\"@type\":\"ImageObject\",\"inLanguage\":\"sq-AL\",\"@id\":\"https:\\\/\\\/fjala.info\\\/2009-2015\\\/wp-content\\\/uploads\\\/2012\\\/02\\\/arben_cokaj-120x150.jpg\",\"url\":\"https:\\\/\\\/fjala.info\\\/2009-2015\\\/wp-content\\\/uploads\\\/2012\\\/02\\\/arben_cokaj-120x150.jpg\",\"contentUrl\":\"https:\\\/\\\/fjala.info\\\/2009-2015\\\/wp-content\\\/uploads\\\/2012\\\/02\\\/arben_cokaj-120x150.jpg\",\"caption\":\"admin\"},\"description\":\"Admin, Fjala e Lir\u00eb\",\"sameAs\":[\"https:\\\/\\\/fjala.info\\\/\"],\"url\":\"https:\\\/\\\/fjala.info\\\/2009-2015\\\/author\\\/admin\\\/\"}]}<\/script>\n<!-- \/ Yoast SEO plugin. -->","yoast_head_json":{"title":"Ai nuk ishte nj\u00eb aksident! - FjALA e LIR\u00cb - Arkivi","robots":{"index":"index","follow":"follow","max-snippet":"max-snippet:-1","max-image-preview":"max-image-preview:large","max-video-preview":"max-video-preview:-1"},"canonical":"https:\/\/fjala.info\/2009-2015\/ai-nuk-ishte-nje-aksident\/","og_locale":"sq_AL","og_type":"article","og_title":"Ai nuk ishte nj\u00eb aksident! - FjALA e LIR\u00cb - Arkivi","og_description":"Nga Mero Baze Sokol Olldashi nuk ia doli dot. Fati i kishte rezervuar vdekjen n\u00eb nj\u00eb nat\u00eb t\u00eb zez\u00eb, n\u00eb nj\u00eb mosh\u00eb t\u00eb art\u00eb, dhe n\u00eb nj\u00eb vend, p\u00ebr t\u00eb cilin ishte p\u00ebrpjekur ta b\u00ebnte m\u00eb t\u00eb mir\u00eb. La pas Glaukun dhe Kleitin, gruan dhe n\u00ebn\u00ebn e tij t\u00eb vuajtur, q\u00eb provoi Bllokun dhe ferrin [&hellip;]","og_url":"https:\/\/fjala.info\/2009-2015\/ai-nuk-ishte-nje-aksident\/","og_site_name":"FjALA e LIR\u00cb - Arkivi","article_published_time":"2013-11-21T19:55:46+00:00","og_image":[{"url":"http:\/\/www.fjala.info\/2012\/mero_baze.jpg","type":"","width":"","height":""}],"author":"admin","twitter_card":"summary_large_image","twitter_misc":{"Written by":"admin","Est. reading time":"4 minutes"},"schema":{"@context":"https:\/\/schema.org","@graph":[{"@type":"Article","@id":"https:\/\/fjala.info\/2009-2015\/ai-nuk-ishte-nje-aksident\/#article","isPartOf":{"@id":"https:\/\/fjala.info\/2009-2015\/ai-nuk-ishte-nje-aksident\/"},"author":{"name":"admin","@id":"https:\/\/fjala.info\/2009-2015\/#\/schema\/person\/3aa1163ef05469c496fc94e77611ada2"},"headline":"Ai nuk ishte nj\u00eb aksident!","datePublished":"2013-11-21T19:55:46+00:00","mainEntityOfPage":{"@id":"https:\/\/fjala.info\/2009-2015\/ai-nuk-ishte-nje-aksident\/"},"wordCount":904,"commentCount":1,"publisher":{"@id":"https:\/\/fjala.info\/2009-2015\/#organization"},"image":{"@id":"https:\/\/fjala.info\/2009-2015\/ai-nuk-ishte-nje-aksident\/#primaryimage"},"thumbnailUrl":"http:\/\/www.fjala.info\/2012\/mero_baze.jpg","articleSection":["Artikuj"],"inLanguage":"sq-AL","potentialAction":[{"@type":"CommentAction","name":"Comment","target":["https:\/\/fjala.info\/2009-2015\/ai-nuk-ishte-nje-aksident\/#respond"]}]},{"@type":"WebPage","@id":"https:\/\/fjala.info\/2009-2015\/ai-nuk-ishte-nje-aksident\/","url":"https:\/\/fjala.info\/2009-2015\/ai-nuk-ishte-nje-aksident\/","name":"Ai nuk ishte nj\u00eb aksident! - FjALA e LIR\u00cb - Arkivi","isPartOf":{"@id":"https:\/\/fjala.info\/2009-2015\/#website"},"primaryImageOfPage":{"@id":"https:\/\/fjala.info\/2009-2015\/ai-nuk-ishte-nje-aksident\/#primaryimage"},"image":{"@id":"https:\/\/fjala.info\/2009-2015\/ai-nuk-ishte-nje-aksident\/#primaryimage"},"thumbnailUrl":"http:\/\/www.fjala.info\/2012\/mero_baze.jpg","datePublished":"2013-11-21T19:55:46+00:00","breadcrumb":{"@id":"https:\/\/fjala.info\/2009-2015\/ai-nuk-ishte-nje-aksident\/#breadcrumb"},"inLanguage":"sq-AL","potentialAction":[{"@type":"ReadAction","target":["https:\/\/fjala.info\/2009-2015\/ai-nuk-ishte-nje-aksident\/"]}]},{"@type":"ImageObject","inLanguage":"sq-AL","@id":"https:\/\/fjala.info\/2009-2015\/ai-nuk-ishte-nje-aksident\/#primaryimage","url":"http:\/\/www.fjala.info\/2012\/mero_baze.jpg","contentUrl":"http:\/\/www.fjala.info\/2012\/mero_baze.jpg"},{"@type":"BreadcrumbList","@id":"https:\/\/fjala.info\/2009-2015\/ai-nuk-ishte-nje-aksident\/#breadcrumb","itemListElement":[{"@type":"ListItem","position":1,"name":"Home","item":"https:\/\/fjala.info\/2009-2015\/"},{"@type":"ListItem","position":2,"name":"Ai nuk ishte nj\u00eb aksident!"}]},{"@type":"WebSite","@id":"https:\/\/fjala.info\/2009-2015\/#website","url":"https:\/\/fjala.info\/2009-2015\/","name":"FjALA e LIR\u00cb - Arkivi","description":"Arkivi 2009-2015","publisher":{"@id":"https:\/\/fjala.info\/2009-2015\/#organization"},"potentialAction":[{"@type":"SearchAction","target":{"@type":"EntryPoint","urlTemplate":"https:\/\/fjala.info\/2009-2015\/?s={search_term_string}"},"query-input":{"@type":"PropertyValueSpecification","valueRequired":true,"valueName":"search_term_string"}}],"inLanguage":"sq-AL"},{"@type":"Organization","@id":"https:\/\/fjala.info\/2009-2015\/#organization","name":"FjALA e LIR\u00cb - Arkivi","url":"https:\/\/fjala.info\/2009-2015\/","logo":{"@type":"ImageObject","inLanguage":"sq-AL","@id":"https:\/\/fjala.info\/2009-2015\/#\/schema\/logo\/image\/","url":"","contentUrl":"","caption":"FjALA e LIR\u00cb - Arkivi"},"image":{"@id":"https:\/\/fjala.info\/2009-2015\/#\/schema\/logo\/image\/"}},{"@type":"Person","@id":"https:\/\/fjala.info\/2009-2015\/#\/schema\/person\/3aa1163ef05469c496fc94e77611ada2","name":"admin","image":{"@type":"ImageObject","inLanguage":"sq-AL","@id":"https:\/\/fjala.info\/2009-2015\/wp-content\/uploads\/2012\/02\/arben_cokaj-120x150.jpg","url":"https:\/\/fjala.info\/2009-2015\/wp-content\/uploads\/2012\/02\/arben_cokaj-120x150.jpg","contentUrl":"https:\/\/fjala.info\/2009-2015\/wp-content\/uploads\/2012\/02\/arben_cokaj-120x150.jpg","caption":"admin"},"description":"Admin, Fjala e Lir\u00eb","sameAs":["https:\/\/fjala.info\/"],"url":"https:\/\/fjala.info\/2009-2015\/author\/admin\/"}]}},"_links":{"self":[{"href":"https:\/\/fjala.info\/2009-2015\/wp-json\/wp\/v2\/posts\/13261","targetHints":{"allow":["GET"]}}],"collection":[{"href":"https:\/\/fjala.info\/2009-2015\/wp-json\/wp\/v2\/posts"}],"about":[{"href":"https:\/\/fjala.info\/2009-2015\/wp-json\/wp\/v2\/types\/post"}],"author":[{"embeddable":true,"href":"https:\/\/fjala.info\/2009-2015\/wp-json\/wp\/v2\/users\/1"}],"replies":[{"embeddable":true,"href":"https:\/\/fjala.info\/2009-2015\/wp-json\/wp\/v2\/comments?post=13261"}],"version-history":[{"count":0,"href":"https:\/\/fjala.info\/2009-2015\/wp-json\/wp\/v2\/posts\/13261\/revisions"}],"wp:attachment":[{"href":"https:\/\/fjala.info\/2009-2015\/wp-json\/wp\/v2\/media?parent=13261"}],"wp:term":[{"taxonomy":"category","embeddable":true,"href":"https:\/\/fjala.info\/2009-2015\/wp-json\/wp\/v2\/categories?post=13261"},{"taxonomy":"post_tag","embeddable":true,"href":"https:\/\/fjala.info\/2009-2015\/wp-json\/wp\/v2\/tags?post=13261"}],"curies":[{"name":"wp","href":"https:\/\/api.w.org\/{rel}","templated":true}]}}