{"id":1323,"date":"2014-06-13T07:17:39","date_gmt":"2014-06-13T06:17:39","guid":{"rendered":"http:\/\/www.fjala.info\/?p=1323"},"modified":"2014-06-13T07:17:39","modified_gmt":"2014-06-13T06:17:39","slug":"shperthimi-ne-termocentralin-kosova-a-oaze-e-dyshimte-nga-faktori-njeri","status":"publish","type":"post","link":"https:\/\/fjala.info\/2009-2015\/shperthimi-ne-termocentralin-kosova-a-oaze-e-dyshimte-nga-faktori-njeri\/","title":{"rendered":"Shp\u00ebrthimi n\u00eb &#8220;Termocentralin Kosova A&#8221; oaz\u00eb e dyshimt\u00eb nga faktori njeri ?"},"content":{"rendered":"<p><img decoding=\"async\" class=\"alignleft size-thumbnail wp-image-7236\" title=\"Syl\u00eb Mujaj\" src=\"http:\/\/www.fjala.info\/2014\/syle_mujaj.jpg\" alt=\"\" width=\"150\" \/><br \/>\n<img decoding=\"async\" class=\"alignright size-thumbnail wp-image-7236\" title=\"Asllan Dibrani\" src=\"http:\/\/www.fjala.info\/2014\/asllan_dibrani.jpg\" alt=\"\" width=\"150\" \/> Nga <strong>Syl\u00eb Mujaj<\/strong> &amp; <strong>Asllan Dibrani<\/strong><\/p>\n<p>Shp\u00ebrthimi i djesh\u00ebm n\u00eb &#8220;Termocentralin Kosova A&#8221; tronditi gjith\u00eb Kosov\u00ebn, po edhe m\u00eb gjer\u00eb opinionin !Alarmi i k\u00ebtij shpeshimi morri dheun krijoj huti, nga pa qart\u00ebsia e zyrtar\u00ebve shtet\u00ebror. V\u00ebrtet nuk i ngjan nj\u00eb ngjarje q\u00eb duhet trajtuar drejt shpejt e qart\u00eb nga e cila u krijuar dyshim se a mos po fshihet di\u00e7ka pas k\u00ebtij shp\u00ebrthimi kur pengohen:<\/p>\n<p>1. Mjek\u00ebsia ligjore q\u00eb t\u00eb jet\u00eb n\u00eb vendin e ngjarjes, sipas deklaratave t\u00eb drejtorit t\u00eb Departamentit n\u00eb Mjek\u00ebsin\u00eb Ligjore, Arsim G\u00ebrxhaliu, se askush nuk i ka telefonuar ata p\u00ebr t\u00eb marr\u00eb ndonj\u00eb viktim\u00eb nga shp\u00ebrthimi. Arsim G\u00ebrxhaliu ka th\u00ebn\u00eb se ka mobilizuar ekipin p\u00ebr t\u00eb qen\u00eb n\u00eb gjendje gatishm\u00ebrie, me \u00e7ka dyshohet q\u00eb nga shp\u00ebrthimi n\u00eb Termocentralin \u201cKosova A\u201d t\u00eb ken\u00eb humbur jet\u00ebn 4 persona dhe 13 t\u00eb tjer\u00eb jan\u00eb l\u00ebnduar por edhe kur kane shkuar jan\u00eb penguar nga vendi i ngjarjes si arsyetim, gj\u00ebja e kund\u00ebrmimit t\u00eb nj\u00eb ere t\u00eb r\u00ebnd!<\/p>\n<p>2. Po p\u00ebrse nuk dilet me nj\u00eb komunikat\u00eb, q\u00eb ky shp\u00ebrthim \u00ebsht\u00eb si pasoj\u00eb e teknologjis\u00eb s\u00eb vjet\u00ebr, nuk \u00ebsht\u00eb turp p\u00ebr qeverisjen ta thot\u00eb t\u00eb v\u00ebrteten . \u00cbsht\u00eb turp t\u00eb rrihet si spektator pran viktimave qe kan\u00eb shkuat ta sigurojn\u00eb nj\u00eb kafshat\u00eb buk\u00eb p\u00ebr familjet e tyre.<br \/>\n3. Sipas disa t\u00eb dh\u00ebnave thuhet se problemi ka mundur t\u00eb jet\u00eb ndarja e hidrogjeni prej oksigjenit. Sipas disa ekspert\u00ebve gjejn\u00eb mund\u00ebsi t\u00eb asaj e k\u00ebsaj natyre si shkaktar thua se \u00ebsht\u00eb shpuar lugu i mullirit t\u00eb shekujve paraprak dhe jo qe punojn\u00eb ekspert t\u00eb asaj l\u00ebmie.<\/p>\n<p>N\u00ebse ka pasur rrjedh\u00eb ne kazan\u00ebt, ajo se ka rrjedh p\u00ebr nj\u00eb minut\u00eb pa u dh\u00ebn\u00eb ndonj\u00eb sinjal alarmi di\u00e7ka absurditet, naivitet abuzim???&#8230; Me k\u00ebto teza njeriu i nd\u00ebrgjegjsh\u00ebm vjen deri te nj\u00eb q\u00ebndrim se k\u00ebtu ka abuzime keqp\u00ebrdorime me nj\u00eb Termocentral ma t\u00eb njohur n\u00eb Evrop\u00eb me nj\u00eb kapacitet nd\u00ebr m\u00eb t\u00eb fuqishmit q\u00eb ta furnizoj\u00eb edhe nj\u00eb pjese t\u00eb Evrop\u00ebs di\u00e7ka kontradiktore me realitetin !&#8230;<\/p>\n<p>4. N\u00eb baz\u00eb t\u00eb mediave dhe shtypit informativ lihet hap\u00ebsir\u00eb e dyshimit q\u00eb k\u00ebtu ka t\u00eb b\u00ebj\u00eb me faktorin njeri ,nga e cila n\u00eb shum\u00eb media dhe Fb &#8220;v\u00ebllaz\u00ebria myslimane&#8221; u prononcuar q\u00eb me kryer krime t\u00eb tilla n\u00eb ndonj\u00eb objekt strategjik si\u00e7 jan\u00eb Termoelektrana , bustet e Sk\u00ebnderbeut , t\u00eb N\u00ebn\u00eb Terez\u00ebs etj nga e cila ve\u00e7 n\u00eb Mitrovic\u00eb e minuan bustin e N\u00ebn\u00eb Terez\u00ebs. Kjo qenka arritja n\u00eb parajs\u00eb sipas m\u00ebsuesve,klerik\u00ebve dhe hoxhallar\u00ebve po mjerisht edhe t\u00eb ndonj\u00eb politikani me kok\u00eb t\u00eb mykur, t\u00eb atyre q\u00eb e shfryt\u00ebzojn\u00eb situat\u00ebn p\u00ebr interesa individuale dhe politike.<\/p>\n<p>Te till\u00ebt kan\u00eb dh\u00ebn\u00eb d\u00ebshmi fakte dhe argumente t\u00eb p\u00ebrditshme si\u00e7 jan\u00eb: Shefqet Krasniqit, Fuad Ramiqit, Memli Krasniqit, Amir Ahmeti, G\u00ebzim Kelmendi, Irafan Salihu, Nexhmedin Spahiu, Ferid Agani, Milazim Krasniqi, Olsi Jazexhi, Fatmir Latifi, Lutfi Haziri etj demagog, abuzues mashtrues dhe njer\u00ebz t\u00eb dyshimt\u00eb nga prejardhja e tyre nacionale.<br \/>\nP\u00ebrcjellja e lajmeve p\u00ebrmes TV-s\u00eb, asgj\u00eb nuk ep di\u00e7 lajme lidhur me k\u00ebt\u00eb ngjarje shum\u00eb t\u00eb dhimbshme p\u00ebr popullin e Kosov\u00ebs. Duke u mb\u00ebshtetur ne k\u00ebto rrethana lind pyetjet:<br \/>\nPse fsheh\u00ebt e v\u00ebrteta para popullit?<\/p>\n<p>&#8211; Pse dhe pse nuk luftohet krimi ??? Pse abuzohet me pasurin\u00eb e popullit qe e vetmja Termoelektrana mbeti pa u privatizuar dhe pla\u00e7kitur.<br \/>\nN\u00eb baz\u00eb t\u00eb rrethanave aktuale a mundet q\u00eb v\u00ebrtet t\u00eb jet\u00eb kjo dhurat\u00eb e krimit nga t\u00eb d\u00ebrguarit e &#8220;Allahut &#8220;nga ekstremistet e lartsh\u00ebnuar qe ta kryejn\u00eb nj\u00eb akt terrorist n\u00eb em\u00ebr t\u00eb &#8220;Allahut&#8221; t\u00eb tyre si\u00e7 kan\u00eb vepruar dhe n\u00eb kund\u00ebrshtim me interesat e Kosov\u00ebs. Kosova \u00ebsht\u00eb mbush p\u00ebr plot me t\u00eb till\u00eb q\u00eb vet Qeveria e Kosov\u00ebs i ka lejuar dhe gatuar. Atyre, ju ka dh\u00ebn\u00eb mund\u00ebsi me an\u00ebn e shamive dhe f\u00ebngjeve t\u00eb futen me dimit\u00eb e maskuara, pa mundur t\u00eb dallohen a jen\u00eb terrorist t\u00eb gjinis\u00eb fem\u00ebrore apo asaj mashkullore. Ata kan\u00eb mundur t\u00eb futen n\u00eb objektet tona dhe t\u00eb shp\u00ebrthejn\u00eb dinamit me vet\u00ebvrasje p\u00ebr t\u00eb arritur n\u00eb parajs\u00eb dhe me p\u00ebrqafuar &#8220;All&#8217;ahun&#8221; e tyre n\u00eb at\u00eb bot\u00eb!.<\/p>\n<p>T\u00eb manipuluarit me tru t\u00eb shp\u00ebrlar\u00eb nga nj\u00eb propagand\u00eb e ekstremit islamik duke aluduar se kjo bot\u00eb \u00ebsht\u00eb e rrejshme. \u00cbsht\u00eb e pa vler\u00eb k\u00ebtu nuk jetohet. Ne saje t\u00eb k\u00ebsaj propagande nga rryma ekstreme t\u00eb krahut islamik ekstrem kan\u00eb kryer akte terroriste n\u00eb t\u00ebr\u00eb bot\u00ebn n\u00eb shenj\u00eb t\u00eb bindjeve se n\u00eb at\u00eb bot\u00eb i presin dashnore, bukuroshe, gra e vajza t\u00eb bukura. Bile, bile nj\u00eb burri po i takojkan edhe deri n\u00eb 72 gra sipas ligj\u00ebratave t\u00eb hoxhallar\u00ebve n\u00ebp\u00ebr xhamit\u00eb e Kosov\u00ebs!.<\/p>\n<p>T\u00eb till\u00ebt \u00e7do dit\u00eb flasin p\u00ebr moral e n\u00eb an\u00ebn tjet\u00ebr, pik\u00ebrisht ata jan\u00eb qe th\u00ebrrasin t\u00eb prishet morali duke aluduar qe p\u00ebr gra t\u00eb merren edhe vajza t\u00eb dajallar\u00ebve, t\u00eb v\u00ebllez\u00ebrve, t\u00eb miqve e ku do qe munden me ngul&#8230; Dyshohet se t\u00eb till\u00ebt e kryen edhe k\u00ebt\u00eb vep\u00ebr brutale terroriste n\u00eb Termocentralin A n\u00eb Obiliq, duke i l\u00ebn\u00eb n\u00eb (ket\u00eb bot\u00eb t\u00eb rrejshme) sipas tyre, disa t\u00eb vdekur dhe me dhjeta te l\u00ebnduar. Ky akt krijoj pasoj\u00eb nd\u00ebrprerjen e prodhimit n\u00eb &#8220;Termocentralin A&#8221; si rezultat largimin e nj\u00eb mije pun\u00ebtoreve nga puna etj.<\/p>\n<p>Shejtanet e lartp\u00ebrmendur si klerik e hoxhallar\u00eb k\u00ebshtu i vran\u00eb sa djem t\u00eb pafajsh\u00ebm n\u00eb Siri duke ju dh\u00ebn\u00eb familjeve t\u00eb tyre nga 150 dollar ??? Propaganduesit e lartp\u00ebrmendur me emra e mbiemra han\u00eb, pine, rrejn\u00eb dhe i kane nx\u00ebn\u00eb k\u00ebrrigat e buta n\u00eb Kosov\u00eb e gjetiu duke i nxit\u00eb rinin\u00eb t\u00eb futen n\u00eb k\u00ebto sekte fetare. Ata shkojn\u00eb edhe ma tutje me paragjykime t\u00eb shijimit t\u00eb xhenetit n\u00eb at\u00eb bot\u00eb kush bien shehid , duke ju premtuar sa p\u00ebr fillim do ti presin 12 dashnore, apo gra deri n\u00eb 72 p\u00ebr person!!!???&#8230;<\/p>\n<p>Kjo loj\u00eb ende nuk u ndalua nga askush nga qeveria jon\u00eb. Nj\u00eb shum\u00eb nga 30 milion euro q\u00eb hyn\u00eb n\u00eb Kosov\u00eb, u lajm\u00ebruan q\u00eb shkuan n\u00ebp\u00ebr njer\u00ebzit vehabist nga fonde dhe burimet ruso-serbe. Nga k\u00ebto d\u00ebshmi dhe t\u00eb dh\u00ebna t\u00eb sip\u00ebrsh\u00ebnuara ka shum\u00eb argumente t\u00eb fuqishme t\u00eb hapen procedura hetimore ndaj t\u00eb apostrofuarve Shefqet Krasniqit, Fuad Ramiqit, Memli Krasniqit, Amir Ahmetit, G\u00ebzim Kelmendit, Irafan Salihut, Nexhmedin Spahiut, Ferid Aganit, Milazim Krasniqit, Olsi Jazexhit, Fatmir Latifit, Lutfi Hazirit etj., me q\u00ebllim t\u00eb zhvillimit t\u00eb procedur\u00ebs gjyq\u00ebsore edhe p\u00ebr k\u00ebt\u00eb rast n\u00eb Shp\u00ebrthimin e Termocentralit n\u00eb Obiliq. K\u00ebta duhet t\u00eb ulen n\u00eb zyr\u00ebn e drejt\u00ebsis\u00eb, jo ma kosovare, por pran zyr\u00ebs amerikane dhe organeve amerikane t\u00eb ndjekjes, sepse qeveria jon\u00eb nuk la asnj\u00eb element t\u00eb drejt\u00ebsis\u00eb n\u00eb Kosov\u00eb, pos korrupsionit, krimit t\u00eb organizuar pla\u00e7k\u00ebs vjedhjeve dhe vrasjeve. Shum\u00eb krime kan\u00eb mbetur pezull deri me dit\u00ebt e sotme , pa u zbuluar, pa u kap kryesit e veprave.<\/p>\n<p>Gjykat\u00ebs, prokuror e politikan t\u00eb qeveris\u00eb me orientim komb\u00ebtar te rrin\u00eb pran interesave tona dhe ti demaskojn\u00eb k\u00ebta asnjan\u00ebs t\u00eb nacionaliteteve tjera mos t\u00eb na infektojn\u00eb popullin ton\u00eb autokton. K\u00ebta jan\u00eb gjak i huaj i kulturave t\u00eb huaja dhe popujve t\u00eb huaj, duhet t\u00eb hetohen nga organet amerikane, sepse amerikan\u00ebt jan\u00eb ata qe historikisht e ndihmuan nd\u00ebrtimin e Shqip\u00ebris\u00eb, \u00e7lirimin e Kosov\u00ebs dhe synimet e &#8220;Bashkimit&#8221; t\u00eb k\u00ebtij populli t\u00eb shp\u00ebrndar\u00eb e coptuar n\u00eb 6 shtete ballkanike, sipas apetiteve t\u00eb armiqve tan\u00eb shekullor.<\/p>\n<p>-Jan\u00eb t\u00eb dyshimt\u00eb q\u00eb i vran\u00eb djemt\u00eb tan\u00eb n\u00eb luft\u00ebn e Siris\u00eb dhe lan\u00eb me qindra gra t\u00eb veja e sot shkojn\u00eb n\u00eb em\u00ebr t\u00eb fes\u00eb i \u00e7njer\u00ebzojn\u00eb dhe luajn\u00eb me moralin e tyre n\u00eb shenj\u00eb &#8220;m\u00ebshire&#8221; p\u00ebr t\u00eb v\u00ebrarit e tyre. Nga k\u00ebto familje sot kan\u00eb mbetur me mij\u00ebra f\u00ebmij\u00eb jetim, nga e cila duhet k\u00ebto familje t\u00eb k\u00ebrkojn\u00eb llogari nga ta, por edhe t\u00eb gjykohen sipas ligjit.<\/p>\n<p>Vepra t\u00eb tilla terroriste shpesh kan\u00eb theksuar k\u00ebto forca qe t\u00eb b\u00ebjn\u00eb edhe kund\u00ebr forcave mike amerikane e pik\u00ebrisht n\u00eb k\u00ebrkojm\u00eb drejt\u00ebsin\u00eb amerikane t\u00eb nd\u00ebrhyj\u00eb sa ma shpejt edhe n\u00eb k\u00ebt\u00eb rast t\u00eb v\u00ebrtetohet shkaktari i shp\u00ebrthimit. K\u00ebta horra b\u00ebjn\u00eb \u00e7do gj\u00eb, sepse jo rast\u00ebsisht ne e-mailat ton\u00eb dhe n\u00eb media kemi k\u00ebrc\u00ebnime p\u00ebr objekte e njer\u00ebz t\u00eb m\u00ebdhenj\u00eb t\u00eb Kosov\u00ebs nga k\u00ebto forca antikomb\u00ebtare dhe antiamerikane&#8230;<\/p>\n<p>Prandaj k\u00ebrkojm\u00eb urgjentisht qe zyra amerikane ti d\u00ebrgoj njer\u00ebzit tan\u00eb dhe t\u00eb vet\u00ebt n\u00eb ndjekjen e rasteve tjera , po edhe t\u00eb rastit &#8220;Kosova A&#8221;.<br \/>\nShikoni me v\u00ebmendjeje se si shkruajn\u00eb ne e-mailin e Syl\u00eb Mujes k\u00ebto sorra dhe forca terroriste, q\u00eb mbetet dyshimi t\u00eb njihen si shehid me shkuar ne at\u00eb bot\u00eb kur shajn\u00eb dhe namin \u00e7do gj\u00eb shqiptare duke e ngritur vler\u00ebn e turqve grekereve-sllavesh etj&#8230;<\/p>\n<p>I dyshuari \u00ebsht\u00eb S.K me pseudonimin Bujar Bislimi.<br \/>\nCitojm\u00eb fyerjet dhe sharjet q\u00eb ju b\u00ebn\u00eb Syle Mujes n\u00eb FB dhe shum\u00eb shqiptar\u00ebve, gazetar\u00eb, patriot\u00ebve dhe veprimtar\u00ebve tjer\u00eb q\u00eb e mbrojn\u00eb gjenez\u00ebn komb\u00ebtare shqiptare, duke i k\u00ebrc\u00ebnuar me prerje kok\u00ebsh e vrasje deri n\u00eb likuidim !!!<br \/>\nSyle Muja kishte edhe nj\u00eb z\u00ebnk\u00eb me rastin e thyerjes s\u00eb Atelies\u00eb se tij artistike n\u00eb Pej\u00eb n\u00eb vitin 2010 nga muhaxhedin t\u00eb ekstremit islamik.<\/p>\n<p>Biseda e fryrjeve ekziston e t\u00ebr\u00ebsishme t\u00eb Syl\u00eb Muaj e dat\u00ebs 06.06.2014, qe ka shum\u00eb d\u00ebshmi p\u00ebr shqyrtim serioz me k\u00ebrc\u00ebnimet vulgare t\u00eb k\u00ebtij personi i quajtur BUJAR BISLIMI .N\u00eb rast nevoje t\u00eb \u00e7do njeri i nd\u00ebrgjegjsh\u00ebm qytetar e komb\u00ebtar jam n\u00eb sh\u00ebrbim t\u00eb zbardhjes t\u00eb s\u00eb v\u00ebrtet\u00ebs thekson z . Syl\u00eb Mujaj&#8230;<\/p>\n<p>Citimi \u00ebsht\u00eb me sa vijon nga komunikimi nga i dyshuari S.K&#8230; ku shprehet me fjalet ma banale dhe vulgare si ma posht\u00eb:<\/p>\n<blockquote><p><em>Ta qif&#8230; \u00e7iken ne pi&#8230; o Syl\u00eb ka&#8230; po \u00ebndrra n\u00eb p&#8230; po sheh p\u00ebr Bashkimin Komb\u00ebtar, harro se Austria dhe Gjermania jan\u00eb nj\u00eb popull po dy shtete. Mos ha mu&#8230; se Shqip\u00ebria nuk \u00ebsht\u00eb shtet, po \u00ebsht\u00eb greke, po ty duhet meta q&#8230; gruan edhe \u00e7iken ne p&#8230; p\u00ebr k\u00ebt\u00eb tez\u00eb. Un\u00eb jam turk familjen ta q&#8230; Kosova \u00ebsht\u00eb turke nj\u00eb pjese \u00ebsht\u00eb e Serbis\u00eb. P\u00ebr Shqip\u00ebrin\u00eb greke , ti s&#8217;ki \u00e7ka flet&#8221;. Ju jeni ateist, ne do t&#8217;u vrasim. Kan\u00eb me marr mysliman\u00ebt Kosov\u00ebn Kosova \u00ebsht\u00eb Turqi, allahu ekber kan\u00eb meta heq kok\u00ebn ty ateist dhe t\u00eb gjith\u00ebve ateisteve tjer\u00eb qe e mohoni islamin. Zemr\u00ebn kam me ta pjek n\u00eb helli. Kemi me ju qit fare juve ateisteve edhe katolik\u00ebve. Shkoni n\u00eb Vatikan t\u00eb leshi i Pap\u00ebs se atje e keni vendin. Edhe presidenten e juaj Atifete Jajagen kam me jau q&#8230; n\u00eb p&#8230;ajo \u00ebsht\u00eb e Amerik\u00ebs. Ju qe jeni t\u00eb Amerik\u00ebs do tu vrasim juve edhe kryqalit\u00eb amerikan qe mundohen me b\u00ebr\u00eb Kosov\u00ebn me kryq. Do tu presim si qingjat t\u00eb gjith\u00ebve q\u00eb flisni kund\u00ebr allahut islamit dhe kund\u00ebr shamis\u00eb. Edhe Ramush Haradinajt e Alam Lam\u00ebs kemi me jua fut p\u00ebr s\u00eb trashi k&#8230; se po lypin q&#8230; n\u00ebn\u00ebn.N\u00eb em\u00ebr t\u00eb allahut na muhaxhedinet e tok\u00ebs s\u00eb Shamit do t\u00eb fitojm\u00eb. O Syle Mujaj, ja q&#8230; n\u00ebn\u00ebn edhe Sk\u00ebnderbeut ati t\u00eb krishteri, q\u00eb luftoj kund\u00ebr osman\u00ebve ton\u00eb, edhe N\u00ebn\u00eb Terez\u00ebn plakushka indiane s&#8217;ka nevoj\u00eb me pas emra shkollash e spitalesh e busta n\u00eb tok\u00ebn myslimane. Kemi me i pshurr kryqin si Hyseni q\u00eb e pshurri bustin e Sk\u00ebnderbeut. K\u00ebtu ka Turqi e Arabi n\u00eb krye me Shefqet Krasniqin a more vesh o k&#8230; ma hangesh&#8230; se kryet kam me ta pre si t\u00eb nx\u00eb &#8230; etj. <\/em><\/p><\/blockquote>\n<p>K\u00ebshtu \u00ebsht\u00eb shkrimi q\u00eb u shk\u00ebmbyer n\u00eb mesh Syle Mujes dhe Bujar Bislimit i dyshuar si S. K nga e cila zoti Syla u detyruar ta denoncoi n\u00eb policin\u00eb zvicerane p\u00ebr ta ndjekur .Q\u00ebndrimet e njer\u00ebzve t\u00eb lartsh\u00ebnuar i ke me te nj\u00ebjtat prononcim p\u00ebrmes mediave t\u00eb dyshimta financiare n\u00eb Kosov\u00eb .Mbas k\u00ebtij komentit t\u00eb fundit u zhduk i dyshuari. K\u00ebta lloj k\u00ebrc\u00ebnimesh mund t\u00eb gjejm\u00eb tash kudo n\u00eb pritje t\u00eb arritjes n\u00eb( xhenet) parajs\u00eb p\u00ebr at\u00eb bot\u00eb duke e shkretuar k\u00ebt\u00eb bot\u00eb me viktima q\u00eb mund t\u00eb jet\u00eb nj\u00eb dyshim i besuesh\u00ebm edhe n\u00eb shp\u00ebrthimin e djesh\u00ebm n\u00eb Termocentralin A. N\u00eb Obiliq a kan\u00eb dor\u00eb kjo dore e zeze &#8230;te shohim dhe presim ??????.<\/p>\n<p>Shpesh i p\u00ebrmendin disa pika ky\u00e7e p\u00ebr sulme si Termo-elektranen- bustin e Sk\u00ebnderbeut, bustin e Nena Terez\u00ebs, shkollat amerikane, objektet ushtrin\u00eb amerikane, i sulmojn\u00eb rilind\u00ebsit, sht\u00ebpin\u00eb e shkrimtareve, uzina me pesh\u00eb n\u00eb Kosov\u00eb dhe n\u00eb Policin\u00eb e Kosov\u00ebs etj. Prandaj k\u00ebt\u00eb rast p\u00ebr ta quar deri ne fund, ftojm\u00eb organet amerikane ta zbardhin rastin ta ndihmojm\u00eb v\u00ebllez\u00ebr vendin ton\u00eb, ta mbrojm\u00eb nga jo shqiptar\u00ebt si\u00e7 jan\u00eb t\u00eb lartp\u00ebrmendurit q\u00eb po na e p\u00ebrdhunojn\u00eb historin\u00eb e lavdishme t\u00eb kombi ton\u00eb. T&#8217;i mbrojm\u00eb vlerat tona historike dhe le t\u00eb jet\u00eb momenti i fundit q\u00eb tolerohen gjera barbare nga barbaret aziatik dhe sh\u00ebrb\u00ebtoret e sllavizmit n\u00eb Kosov\u00eb&#8230;<\/p>\n<p><strong><em>Autor\u00ebt e shkrimit jan\u00eb ish t\u00eb burgosur politik n\u00ebn regjimin jugosllav, q\u00eb mbajt\u00ebn burg t\u00eb r\u00ebnd n\u00ebp\u00ebr kazamatet serbe nga ngjarjet e viteve 81-ta, publicist,piktor\u00eb,skulptor\u00eb, gazetar\u00eb, an\u00ebtar t\u00eb kryesis\u00eb s\u00eb Lidhjes s\u00eb Shkrimtar\u00ebve n\u00eb Gjermani, p\u00ebrkat\u00ebsisht n\u00eb Zvic\u00ebr dhe an\u00ebtar t\u00eb shoqat\u00ebs s\u00eb piktor\u00ebve n\u00eb Zvic\u00ebr dhe veprimtar\u00eb t\u00eb devotsh\u00ebm t\u00eb \u00e7\u00ebshtjes komb\u00ebtare, Qershor 2014.<\/em><\/strong><\/p>\n","protected":false},"excerpt":{"rendered":"<p>Nga Syl\u00eb Mujaj &amp; Asllan Dibrani Shp\u00ebrthimi i djesh\u00ebm n\u00eb &#8220;Termocentralin Kosova A&#8221; tronditi gjith\u00eb Kosov\u00ebn, po edhe m\u00eb gjer\u00eb opinionin !Alarmi i k\u00ebtij shpeshimi morri dheun krijoj huti, nga pa qart\u00ebsia e zyrtar\u00ebve shtet\u00ebror. V\u00ebrtet nuk i ngjan nj\u00eb ngjarje q\u00eb duhet trajtuar drejt shpejt e qart\u00eb nga e cila u krijuar dyshim se [&hellip;]<\/p>\n","protected":false},"author":1,"featured_media":0,"comment_status":"open","ping_status":"closed","sticky":false,"template":"","format":"standard","meta":{"footnotes":""},"categories":[2],"tags":[],"class_list":{"0":"post-1323","1":"post","2":"type-post","3":"status-publish","4":"format-standard","6":"category-artikuj"},"yoast_head":"<!-- This site is optimized with the Yoast SEO plugin v27.4 - https:\/\/yoast.com\/product\/yoast-seo-wordpress\/ -->\n<title>Shp\u00ebrthimi n\u00eb &quot;Termocentralin Kosova A&quot; oaz\u00eb e dyshimt\u00eb nga faktori njeri ? - FjALA e LIR\u00cb - Arkivi<\/title>\n<meta name=\"robots\" content=\"index, follow, max-snippet:-1, max-image-preview:large, max-video-preview:-1\" \/>\n<link rel=\"canonical\" href=\"https:\/\/fjala.info\/2009-2015\/shperthimi-ne-termocentralin-kosova-a-oaze-e-dyshimte-nga-faktori-njeri\/\" \/>\n<meta property=\"og:locale\" content=\"sq_AL\" \/>\n<meta property=\"og:type\" content=\"article\" \/>\n<meta property=\"og:title\" content=\"Shp\u00ebrthimi n\u00eb &quot;Termocentralin Kosova A&quot; oaz\u00eb e dyshimt\u00eb nga faktori njeri ? - FjALA e LIR\u00cb - Arkivi\" \/>\n<meta property=\"og:description\" content=\"Nga Syl\u00eb Mujaj &amp; Asllan Dibrani Shp\u00ebrthimi i djesh\u00ebm n\u00eb &#8220;Termocentralin Kosova A&#8221; tronditi gjith\u00eb Kosov\u00ebn, po edhe m\u00eb gjer\u00eb opinionin !Alarmi i k\u00ebtij shpeshimi morri dheun krijoj huti, nga pa qart\u00ebsia e zyrtar\u00ebve shtet\u00ebror. V\u00ebrtet nuk i ngjan nj\u00eb ngjarje q\u00eb duhet trajtuar drejt shpejt e qart\u00eb nga e cila u krijuar dyshim se [&hellip;]\" \/>\n<meta property=\"og:url\" content=\"https:\/\/fjala.info\/2009-2015\/shperthimi-ne-termocentralin-kosova-a-oaze-e-dyshimte-nga-faktori-njeri\/\" \/>\n<meta property=\"og:site_name\" content=\"FjALA e LIR\u00cb - Arkivi\" \/>\n<meta property=\"article:published_time\" content=\"2014-06-13T06:17:39+00:00\" \/>\n<meta property=\"og:image\" content=\"http:\/\/www.fjala.info\/2014\/syle_mujaj.jpg\" \/>\n<meta name=\"author\" content=\"admin\" \/>\n<meta name=\"twitter:card\" content=\"summary_large_image\" \/>\n<meta name=\"twitter:label1\" content=\"Written by\" \/>\n\t<meta name=\"twitter:data1\" content=\"admin\" \/>\n\t<meta name=\"twitter:label2\" content=\"Est. reading time\" \/>\n\t<meta name=\"twitter:data2\" content=\"12 minutes\" \/>\n<script type=\"application\/ld+json\" class=\"yoast-schema-graph\">{\"@context\":\"https:\\\/\\\/schema.org\",\"@graph\":[{\"@type\":\"Article\",\"@id\":\"https:\\\/\\\/fjala.info\\\/2009-2015\\\/shperthimi-ne-termocentralin-kosova-a-oaze-e-dyshimte-nga-faktori-njeri\\\/#article\",\"isPartOf\":{\"@id\":\"https:\\\/\\\/fjala.info\\\/2009-2015\\\/shperthimi-ne-termocentralin-kosova-a-oaze-e-dyshimte-nga-faktori-njeri\\\/\"},\"author\":{\"name\":\"admin\",\"@id\":\"https:\\\/\\\/fjala.info\\\/2009-2015\\\/#\\\/schema\\\/person\\\/3aa1163ef05469c496fc94e77611ada2\"},\"headline\":\"Shp\u00ebrthimi n\u00eb &#8220;Termocentralin Kosova A&#8221; oaz\u00eb e dyshimt\u00eb nga faktori njeri ?\",\"datePublished\":\"2014-06-13T06:17:39+00:00\",\"mainEntityOfPage\":{\"@id\":\"https:\\\/\\\/fjala.info\\\/2009-2015\\\/shperthimi-ne-termocentralin-kosova-a-oaze-e-dyshimte-nga-faktori-njeri\\\/\"},\"wordCount\":2384,\"commentCount\":0,\"publisher\":{\"@id\":\"https:\\\/\\\/fjala.info\\\/2009-2015\\\/#organization\"},\"image\":{\"@id\":\"https:\\\/\\\/fjala.info\\\/2009-2015\\\/shperthimi-ne-termocentralin-kosova-a-oaze-e-dyshimte-nga-faktori-njeri\\\/#primaryimage\"},\"thumbnailUrl\":\"http:\\\/\\\/www.fjala.info\\\/2014\\\/syle_mujaj.jpg\",\"articleSection\":[\"Artikuj\"],\"inLanguage\":\"sq-AL\",\"potentialAction\":[{\"@type\":\"CommentAction\",\"name\":\"Comment\",\"target\":[\"https:\\\/\\\/fjala.info\\\/2009-2015\\\/shperthimi-ne-termocentralin-kosova-a-oaze-e-dyshimte-nga-faktori-njeri\\\/#respond\"]}]},{\"@type\":\"WebPage\",\"@id\":\"https:\\\/\\\/fjala.info\\\/2009-2015\\\/shperthimi-ne-termocentralin-kosova-a-oaze-e-dyshimte-nga-faktori-njeri\\\/\",\"url\":\"https:\\\/\\\/fjala.info\\\/2009-2015\\\/shperthimi-ne-termocentralin-kosova-a-oaze-e-dyshimte-nga-faktori-njeri\\\/\",\"name\":\"Shp\u00ebrthimi n\u00eb \\\"Termocentralin Kosova A\\\" oaz\u00eb e dyshimt\u00eb nga faktori njeri ? - FjALA e LIR\u00cb - Arkivi\",\"isPartOf\":{\"@id\":\"https:\\\/\\\/fjala.info\\\/2009-2015\\\/#website\"},\"primaryImageOfPage\":{\"@id\":\"https:\\\/\\\/fjala.info\\\/2009-2015\\\/shperthimi-ne-termocentralin-kosova-a-oaze-e-dyshimte-nga-faktori-njeri\\\/#primaryimage\"},\"image\":{\"@id\":\"https:\\\/\\\/fjala.info\\\/2009-2015\\\/shperthimi-ne-termocentralin-kosova-a-oaze-e-dyshimte-nga-faktori-njeri\\\/#primaryimage\"},\"thumbnailUrl\":\"http:\\\/\\\/www.fjala.info\\\/2014\\\/syle_mujaj.jpg\",\"datePublished\":\"2014-06-13T06:17:39+00:00\",\"breadcrumb\":{\"@id\":\"https:\\\/\\\/fjala.info\\\/2009-2015\\\/shperthimi-ne-termocentralin-kosova-a-oaze-e-dyshimte-nga-faktori-njeri\\\/#breadcrumb\"},\"inLanguage\":\"sq-AL\",\"potentialAction\":[{\"@type\":\"ReadAction\",\"target\":[\"https:\\\/\\\/fjala.info\\\/2009-2015\\\/shperthimi-ne-termocentralin-kosova-a-oaze-e-dyshimte-nga-faktori-njeri\\\/\"]}]},{\"@type\":\"ImageObject\",\"inLanguage\":\"sq-AL\",\"@id\":\"https:\\\/\\\/fjala.info\\\/2009-2015\\\/shperthimi-ne-termocentralin-kosova-a-oaze-e-dyshimte-nga-faktori-njeri\\\/#primaryimage\",\"url\":\"http:\\\/\\\/www.fjala.info\\\/2014\\\/syle_mujaj.jpg\",\"contentUrl\":\"http:\\\/\\\/www.fjala.info\\\/2014\\\/syle_mujaj.jpg\"},{\"@type\":\"BreadcrumbList\",\"@id\":\"https:\\\/\\\/fjala.info\\\/2009-2015\\\/shperthimi-ne-termocentralin-kosova-a-oaze-e-dyshimte-nga-faktori-njeri\\\/#breadcrumb\",\"itemListElement\":[{\"@type\":\"ListItem\",\"position\":1,\"name\":\"Home\",\"item\":\"https:\\\/\\\/fjala.info\\\/2009-2015\\\/\"},{\"@type\":\"ListItem\",\"position\":2,\"name\":\"Shp\u00ebrthimi n\u00eb &#8220;Termocentralin Kosova A&#8221; oaz\u00eb e dyshimt\u00eb nga faktori njeri ?\"}]},{\"@type\":\"WebSite\",\"@id\":\"https:\\\/\\\/fjala.info\\\/2009-2015\\\/#website\",\"url\":\"https:\\\/\\\/fjala.info\\\/2009-2015\\\/\",\"name\":\"FjALA e LIR\u00cb - Arkivi\",\"description\":\"Arkivi 2009-2015\",\"publisher\":{\"@id\":\"https:\\\/\\\/fjala.info\\\/2009-2015\\\/#organization\"},\"potentialAction\":[{\"@type\":\"SearchAction\",\"target\":{\"@type\":\"EntryPoint\",\"urlTemplate\":\"https:\\\/\\\/fjala.info\\\/2009-2015\\\/?s={search_term_string}\"},\"query-input\":{\"@type\":\"PropertyValueSpecification\",\"valueRequired\":true,\"valueName\":\"search_term_string\"}}],\"inLanguage\":\"sq-AL\"},{\"@type\":\"Organization\",\"@id\":\"https:\\\/\\\/fjala.info\\\/2009-2015\\\/#organization\",\"name\":\"FjALA e LIR\u00cb - Arkivi\",\"url\":\"https:\\\/\\\/fjala.info\\\/2009-2015\\\/\",\"logo\":{\"@type\":\"ImageObject\",\"inLanguage\":\"sq-AL\",\"@id\":\"https:\\\/\\\/fjala.info\\\/2009-2015\\\/#\\\/schema\\\/logo\\\/image\\\/\",\"url\":\"\",\"contentUrl\":\"\",\"caption\":\"FjALA e LIR\u00cb - Arkivi\"},\"image\":{\"@id\":\"https:\\\/\\\/fjala.info\\\/2009-2015\\\/#\\\/schema\\\/logo\\\/image\\\/\"}},{\"@type\":\"Person\",\"@id\":\"https:\\\/\\\/fjala.info\\\/2009-2015\\\/#\\\/schema\\\/person\\\/3aa1163ef05469c496fc94e77611ada2\",\"name\":\"admin\",\"image\":{\"@type\":\"ImageObject\",\"inLanguage\":\"sq-AL\",\"@id\":\"https:\\\/\\\/fjala.info\\\/2009-2015\\\/wp-content\\\/uploads\\\/2012\\\/02\\\/arben_cokaj-120x150.jpg\",\"url\":\"https:\\\/\\\/fjala.info\\\/2009-2015\\\/wp-content\\\/uploads\\\/2012\\\/02\\\/arben_cokaj-120x150.jpg\",\"contentUrl\":\"https:\\\/\\\/fjala.info\\\/2009-2015\\\/wp-content\\\/uploads\\\/2012\\\/02\\\/arben_cokaj-120x150.jpg\",\"caption\":\"admin\"},\"description\":\"Admin, Fjala e Lir\u00eb\",\"sameAs\":[\"https:\\\/\\\/fjala.info\\\/\"],\"url\":\"https:\\\/\\\/fjala.info\\\/2009-2015\\\/author\\\/admin\\\/\"}]}<\/script>\n<!-- \/ Yoast SEO plugin. -->","yoast_head_json":{"title":"Shp\u00ebrthimi n\u00eb \"Termocentralin Kosova A\" oaz\u00eb e dyshimt\u00eb nga faktori njeri ? - FjALA e LIR\u00cb - Arkivi","robots":{"index":"index","follow":"follow","max-snippet":"max-snippet:-1","max-image-preview":"max-image-preview:large","max-video-preview":"max-video-preview:-1"},"canonical":"https:\/\/fjala.info\/2009-2015\/shperthimi-ne-termocentralin-kosova-a-oaze-e-dyshimte-nga-faktori-njeri\/","og_locale":"sq_AL","og_type":"article","og_title":"Shp\u00ebrthimi n\u00eb \"Termocentralin Kosova A\" oaz\u00eb e dyshimt\u00eb nga faktori njeri ? - FjALA e LIR\u00cb - Arkivi","og_description":"Nga Syl\u00eb Mujaj &amp; Asllan Dibrani Shp\u00ebrthimi i djesh\u00ebm n\u00eb &#8220;Termocentralin Kosova A&#8221; tronditi gjith\u00eb Kosov\u00ebn, po edhe m\u00eb gjer\u00eb opinionin !Alarmi i k\u00ebtij shpeshimi morri dheun krijoj huti, nga pa qart\u00ebsia e zyrtar\u00ebve shtet\u00ebror. V\u00ebrtet nuk i ngjan nj\u00eb ngjarje q\u00eb duhet trajtuar drejt shpejt e qart\u00eb nga e cila u krijuar dyshim se [&hellip;]","og_url":"https:\/\/fjala.info\/2009-2015\/shperthimi-ne-termocentralin-kosova-a-oaze-e-dyshimte-nga-faktori-njeri\/","og_site_name":"FjALA e LIR\u00cb - Arkivi","article_published_time":"2014-06-13T06:17:39+00:00","og_image":[{"url":"http:\/\/www.fjala.info\/2014\/syle_mujaj.jpg","type":"","width":"","height":""}],"author":"admin","twitter_card":"summary_large_image","twitter_misc":{"Written by":"admin","Est. reading time":"12 minutes"},"schema":{"@context":"https:\/\/schema.org","@graph":[{"@type":"Article","@id":"https:\/\/fjala.info\/2009-2015\/shperthimi-ne-termocentralin-kosova-a-oaze-e-dyshimte-nga-faktori-njeri\/#article","isPartOf":{"@id":"https:\/\/fjala.info\/2009-2015\/shperthimi-ne-termocentralin-kosova-a-oaze-e-dyshimte-nga-faktori-njeri\/"},"author":{"name":"admin","@id":"https:\/\/fjala.info\/2009-2015\/#\/schema\/person\/3aa1163ef05469c496fc94e77611ada2"},"headline":"Shp\u00ebrthimi n\u00eb &#8220;Termocentralin Kosova A&#8221; oaz\u00eb e dyshimt\u00eb nga faktori njeri ?","datePublished":"2014-06-13T06:17:39+00:00","mainEntityOfPage":{"@id":"https:\/\/fjala.info\/2009-2015\/shperthimi-ne-termocentralin-kosova-a-oaze-e-dyshimte-nga-faktori-njeri\/"},"wordCount":2384,"commentCount":0,"publisher":{"@id":"https:\/\/fjala.info\/2009-2015\/#organization"},"image":{"@id":"https:\/\/fjala.info\/2009-2015\/shperthimi-ne-termocentralin-kosova-a-oaze-e-dyshimte-nga-faktori-njeri\/#primaryimage"},"thumbnailUrl":"http:\/\/www.fjala.info\/2014\/syle_mujaj.jpg","articleSection":["Artikuj"],"inLanguage":"sq-AL","potentialAction":[{"@type":"CommentAction","name":"Comment","target":["https:\/\/fjala.info\/2009-2015\/shperthimi-ne-termocentralin-kosova-a-oaze-e-dyshimte-nga-faktori-njeri\/#respond"]}]},{"@type":"WebPage","@id":"https:\/\/fjala.info\/2009-2015\/shperthimi-ne-termocentralin-kosova-a-oaze-e-dyshimte-nga-faktori-njeri\/","url":"https:\/\/fjala.info\/2009-2015\/shperthimi-ne-termocentralin-kosova-a-oaze-e-dyshimte-nga-faktori-njeri\/","name":"Shp\u00ebrthimi n\u00eb \"Termocentralin Kosova A\" oaz\u00eb e dyshimt\u00eb nga faktori njeri ? - FjALA e LIR\u00cb - Arkivi","isPartOf":{"@id":"https:\/\/fjala.info\/2009-2015\/#website"},"primaryImageOfPage":{"@id":"https:\/\/fjala.info\/2009-2015\/shperthimi-ne-termocentralin-kosova-a-oaze-e-dyshimte-nga-faktori-njeri\/#primaryimage"},"image":{"@id":"https:\/\/fjala.info\/2009-2015\/shperthimi-ne-termocentralin-kosova-a-oaze-e-dyshimte-nga-faktori-njeri\/#primaryimage"},"thumbnailUrl":"http:\/\/www.fjala.info\/2014\/syle_mujaj.jpg","datePublished":"2014-06-13T06:17:39+00:00","breadcrumb":{"@id":"https:\/\/fjala.info\/2009-2015\/shperthimi-ne-termocentralin-kosova-a-oaze-e-dyshimte-nga-faktori-njeri\/#breadcrumb"},"inLanguage":"sq-AL","potentialAction":[{"@type":"ReadAction","target":["https:\/\/fjala.info\/2009-2015\/shperthimi-ne-termocentralin-kosova-a-oaze-e-dyshimte-nga-faktori-njeri\/"]}]},{"@type":"ImageObject","inLanguage":"sq-AL","@id":"https:\/\/fjala.info\/2009-2015\/shperthimi-ne-termocentralin-kosova-a-oaze-e-dyshimte-nga-faktori-njeri\/#primaryimage","url":"http:\/\/www.fjala.info\/2014\/syle_mujaj.jpg","contentUrl":"http:\/\/www.fjala.info\/2014\/syle_mujaj.jpg"},{"@type":"BreadcrumbList","@id":"https:\/\/fjala.info\/2009-2015\/shperthimi-ne-termocentralin-kosova-a-oaze-e-dyshimte-nga-faktori-njeri\/#breadcrumb","itemListElement":[{"@type":"ListItem","position":1,"name":"Home","item":"https:\/\/fjala.info\/2009-2015\/"},{"@type":"ListItem","position":2,"name":"Shp\u00ebrthimi n\u00eb &#8220;Termocentralin Kosova A&#8221; oaz\u00eb e dyshimt\u00eb nga faktori njeri ?"}]},{"@type":"WebSite","@id":"https:\/\/fjala.info\/2009-2015\/#website","url":"https:\/\/fjala.info\/2009-2015\/","name":"FjALA e LIR\u00cb - Arkivi","description":"Arkivi 2009-2015","publisher":{"@id":"https:\/\/fjala.info\/2009-2015\/#organization"},"potentialAction":[{"@type":"SearchAction","target":{"@type":"EntryPoint","urlTemplate":"https:\/\/fjala.info\/2009-2015\/?s={search_term_string}"},"query-input":{"@type":"PropertyValueSpecification","valueRequired":true,"valueName":"search_term_string"}}],"inLanguage":"sq-AL"},{"@type":"Organization","@id":"https:\/\/fjala.info\/2009-2015\/#organization","name":"FjALA e LIR\u00cb - Arkivi","url":"https:\/\/fjala.info\/2009-2015\/","logo":{"@type":"ImageObject","inLanguage":"sq-AL","@id":"https:\/\/fjala.info\/2009-2015\/#\/schema\/logo\/image\/","url":"","contentUrl":"","caption":"FjALA e LIR\u00cb - Arkivi"},"image":{"@id":"https:\/\/fjala.info\/2009-2015\/#\/schema\/logo\/image\/"}},{"@type":"Person","@id":"https:\/\/fjala.info\/2009-2015\/#\/schema\/person\/3aa1163ef05469c496fc94e77611ada2","name":"admin","image":{"@type":"ImageObject","inLanguage":"sq-AL","@id":"https:\/\/fjala.info\/2009-2015\/wp-content\/uploads\/2012\/02\/arben_cokaj-120x150.jpg","url":"https:\/\/fjala.info\/2009-2015\/wp-content\/uploads\/2012\/02\/arben_cokaj-120x150.jpg","contentUrl":"https:\/\/fjala.info\/2009-2015\/wp-content\/uploads\/2012\/02\/arben_cokaj-120x150.jpg","caption":"admin"},"description":"Admin, Fjala e Lir\u00eb","sameAs":["https:\/\/fjala.info\/"],"url":"https:\/\/fjala.info\/2009-2015\/author\/admin\/"}]}},"_links":{"self":[{"href":"https:\/\/fjala.info\/2009-2015\/wp-json\/wp\/v2\/posts\/1323","targetHints":{"allow":["GET"]}}],"collection":[{"href":"https:\/\/fjala.info\/2009-2015\/wp-json\/wp\/v2\/posts"}],"about":[{"href":"https:\/\/fjala.info\/2009-2015\/wp-json\/wp\/v2\/types\/post"}],"author":[{"embeddable":true,"href":"https:\/\/fjala.info\/2009-2015\/wp-json\/wp\/v2\/users\/1"}],"replies":[{"embeddable":true,"href":"https:\/\/fjala.info\/2009-2015\/wp-json\/wp\/v2\/comments?post=1323"}],"version-history":[{"count":0,"href":"https:\/\/fjala.info\/2009-2015\/wp-json\/wp\/v2\/posts\/1323\/revisions"}],"wp:attachment":[{"href":"https:\/\/fjala.info\/2009-2015\/wp-json\/wp\/v2\/media?parent=1323"}],"wp:term":[{"taxonomy":"category","embeddable":true,"href":"https:\/\/fjala.info\/2009-2015\/wp-json\/wp\/v2\/categories?post=1323"},{"taxonomy":"post_tag","embeddable":true,"href":"https:\/\/fjala.info\/2009-2015\/wp-json\/wp\/v2\/tags?post=1323"}],"curies":[{"name":"wp","href":"https:\/\/api.w.org\/{rel}","templated":true}]}}