{"id":13217,"date":"2013-10-21T23:04:33","date_gmt":"2013-10-21T22:04:33","guid":{"rendered":"http:\/\/fjala.info\/?p=5062"},"modified":"2013-10-21T23:04:33","modified_gmt":"2013-10-21T22:04:33","slug":"nene-terezen-po-e-fyejme-perseri","status":"publish","type":"post","link":"https:\/\/fjala.info\/2009-2015\/nene-terezen-po-e-fyejme-perseri\/","title":{"rendered":"N\u00ebn\u00eb Terez\u00ebn po e fyejm\u00eb p\u00ebrs\u00ebri"},"content":{"rendered":"<p><img decoding=\"async\" class=\"alignleft size-thumbnail wp-image-7236\" title=\"Ilir Yzeiri\" alt=\"\" src=\"http:\/\/www.fjala.info\/2012\/ilir_yzeiri.jpg\" width=\"150\" \/> Nga <b>Ilir Yzeiri<\/b><\/p>\n<p>Dje u p\u00ebrkujtua 10-vjetori i Lumturimit t\u00eb N\u00ebn\u00eb Terez\u00ebs. Edi Rama, kryeministri i ri i Shqip\u00ebris\u00eb, si\u00e7 raportuan mediat, shkruante; \u201cPlot 10 vjet nga Lumturimi drejt Shenjt\u00ebrimit, i N\u00ebn\u00eb Terez\u00ebs,krenari p\u00ebr popullin e vog\u00ebl t\u00eb gruas s\u00eb mrekullive. Qoft\u00eb me ne bekimi i saj\u201d.<\/p>\n<p>Nd\u00ebrsa un\u00eb do t\u00eb thosha tjet\u00ebr gj\u00eb. Jo! Mos qoft\u00eb me ne bekimi i saj, sepse ne e kemi p\u00ebrdhosur n\u00eb m\u00ebnyr\u00eb t\u00eb turpshme nj\u00eb amanet t\u00eb sajin dhe kemi sh\u00ebnuar me k\u00ebt\u00eb rast nj\u00eb akt t\u00eb r\u00ebnd\u00eb korrupsioni.<\/p>\n<p>Pse ne? Sepse n\u00eb at\u00eb megamashtrim jemi fajtor\u00eb t\u00eb gjith\u00eb. Un\u00eb personalisht nuk do t\u00eb resht as edhe nj\u00ebher\u00eb pa e p\u00ebrmendur me z\u00eb t\u00eb lart\u00eb: p\u00ebrse nuk u nd\u00ebrtua spitali me emrin \u201cN\u00ebn\u00eb Tereza\u201d? E kam fjal\u00ebn p\u00ebr historin\u00eb e larg\u00ebt t\u00eb vitit 1993 kur N\u00ebn\u00eb Tereza erdhi n\u00eb Shqip\u00ebri dhe q\u00ebndroi nj\u00eb koh\u00eb bukur t\u00eb gjat\u00eb k\u00ebtu. Ajo shfaqi d\u00ebshir\u00ebn q\u00eb t\u00eb nd\u00ebrtohej nj\u00eb spital me emrin e saj n\u00eb vendin ku kishte nisur t\u00eb nd\u00ebrtonte nj\u00eb spital shqiptaro-italiani Konti Ferra, prapa Pallatit t\u00eb Sportit \u201cAsllan Rusi\u201d ose te Fusha e Aviacionit.<\/p>\n<p>Un\u00eb k\u00ebt\u00eb dosje e kam b\u00ebr\u00eb publike disa her\u00eb dhe kam treguar me fakte se shteti shqiptar dhe Fondacioni \u201cZoja e K\u00ebshillit t\u00eb Mir\u00eb\u201d duhet t\u00eb na japin nj\u00eb p\u00ebrgjigje se p\u00ebrse nuk u mbajt amaneti i N\u00ebn\u00eb Terez\u00ebs dhe p\u00ebrse nuk u nd\u00ebrtua spitali? P\u00ebr k\u00ebt\u00eb denoncim q\u00eb kam b\u00ebr\u00eb qysh n\u00eb vitin 2009 kam p\u00ebrfunduar n\u00eb gjykat\u00eb s\u00eb bashku me kolegun tim, Andrea Stefani. P\u00ebrreth nj\u00eb vit jemi endur dyerve t\u00eb gjykat\u00ebs, derisa padia u t\u00ebrhoq.<\/p>\n<p>Mir\u00ebpo gj\u00ebrat kan\u00eb mbetur ashtu si\u00e7 kan\u00eb qen\u00eb. Un\u00eb jam gati t\u00eb p\u00ebrballem p\u00ebrs\u00ebri me t\u00eb gjith\u00eb ata q\u00eb kan\u00eb dor\u00eb n\u00eb mosp\u00ebrmbushjen e k\u00ebtij amaneti dhe t\u2019u tregoj me fakte se ajo tok\u00eb q\u00eb \u00ebsht\u00eb n\u00eb zot\u00ebrim nga Fondacioni \u201cZoja e K\u00ebshillit t\u00eb Mir\u00eb\u201d i \u00ebsht\u00eb dh\u00ebn\u00eb k\u00ebtij enti p\u00ebr t\u00eb nd\u00ebrtuar spitalin \u201cN\u00ebn\u00eb Tereza\u201d n\u00eb fillim pastaj edhe ndonj\u00eb aktivitet tjet\u00ebr.<\/p>\n<p>Edi Rama b\u00ebn mir\u00eb q\u00eb kujtohet p\u00ebr k\u00ebt\u00eb p\u00ebrvjetor.<\/p>\n<p>Un\u00eb jam \u00e7uditur se edhe dje n\u00eb opozit\u00eb, nuk kam d\u00ebgjuar as edhe nj\u00eb fjal\u00eb nga p\u00ebrfaq\u00ebsuesit e PS-s\u00eb p\u00ebr k\u00ebt\u00eb mosmbajtje t\u00eb amanetit, pra nuk kam d\u00ebgjuar qoft\u00eb edhe nj\u00eb fjal\u00eb q\u00eb ndonj\u00eb p\u00ebrfaq\u00ebsues i PS-s\u00eb s\u00eb djeshme t\u00eb dilte n\u00eb nj\u00eb konferenc\u00eb shtypi dhe t\u00eb k\u00ebrkonte se p\u00ebrse nuk po nd\u00ebrtohet spitali q\u00eb iu premtua N\u00ebn\u00eb Terez\u00ebs dhe p\u00ebr t\u00eb cilin shteti shqiptar vuri n\u00eb dispozicion 100 mij\u00eb m2 tok\u00eb dhe shum\u00eb leht\u00ebsi t\u00eb tjera, nd\u00ebrsa shteti italian, si\u00e7 d\u00ebshmoi Gjykata e Llogarive n\u00eb Lacio disa vite m\u00eb par\u00eb ka dh\u00ebn\u00eb shuma t\u00eb konsiderueshme.<\/p>\n<p>M\u00eb e \u00e7uditshmja \u00ebsht\u00eb se Ministria e Sh\u00ebndet\u00ebsis\u00eb sa her\u00eb \u00ebsht\u00eb pyetur nga ana ime p\u00ebr k\u00ebt\u00eb \u00e7\u00ebshtje \u00ebsht\u00eb p\u00ebrgjigjur se nuk zot\u00ebron asnj\u00eb dokument dhe se nuk ka asnj\u00eb gj\u00eb p\u00ebr t\u00eb th\u00ebn\u00eb. Sot dua ta pyes publikisht Edi Ram\u00ebn n\u00ebse do t\u00eb interesohet se p\u00ebrse nuk u mbajt amaneti i N\u00ebn\u00eb Terez\u00ebs dhe p\u00ebrse nuk u nd\u00ebrtua spitali me emrin e saj?<\/p>\n<p>A ka dijeni Edi Rama p\u00ebr k\u00ebt\u00eb histori dhe kur do ta sqaroj\u00eb opinionin publik mbi k\u00ebt\u00eb afer\u00eb aspak dinjitoze q\u00eb na turp\u00ebron t\u00eb gjith\u00ebve. Po ashtu, i drejtohem publikisht edhe ministrit t\u00eb Sh\u00ebndet\u00ebsis\u00eb, zotit Ilir Beqja dhe dua t\u2019i them se \u00e7far\u00eb hapash do t\u00eb nd\u00ebrmarr\u00eb institucioni q\u00eb ai drejton p\u00ebr ta zbardhur k\u00ebt\u00eb \u00e7\u00ebshtje.<\/p>\n<p>E kam th\u00ebn\u00eb edhe n\u00eb shkrime t\u00eb tjera dhe do vijoj ta them p\u00ebrs\u00ebri e p\u00ebrs\u00ebri se njeriu q\u00eb duhet t\u00eb sqaroj\u00eb k\u00ebt\u00eb afer\u00eb \u00ebsht\u00eb Tritan Shehu, sepse n\u00eb koh\u00ebn q\u00eb ai ishte minist\u00ebr sh\u00ebndet\u00ebsie u n\u00ebnshkrua kontrata p\u00ebr nd\u00ebrtimin e spitalit. Po ashtu, shkelja e nj\u00eb amaneti t\u00eb till\u00eb duhet t\u00eb na b\u00ebj\u00eb t\u00eb gjith\u00ebve supersticioz\u00eb.<\/p>\n<p>Kam par\u00eb dit\u00eb m\u00eb par\u00eb n\u00eb lajme se n\u00eb at\u00eb terren ku do t\u00eb duhej t\u00eb ngrihej edhe spitali q\u00eb iu premtua N\u00ebn\u00eb Terez\u00ebs, qindra t\u00eb rinj italian\u00eb kishin ardhur t\u00eb konkurronin n\u00eb deg\u00eb t\u00eb ndryshme t\u00eb Fakultetit t\u00eb Mjek\u00ebsis\u00eb q\u00eb \u00ebsht\u00eb hapur n\u00eb Universitetin \u201cZoja e K\u00ebshillit t\u00eb Mir\u00eb\u201d.<\/p>\n<p>Specialist\u00ebve u ka b\u00ebr\u00eb p\u00ebrshtypje se ai fakultet mjek\u00ebsie \u00ebsht\u00eb i vetmi n\u00eb Shqip\u00ebri q\u00eb \u00ebsht\u00eb licencuar pa pasur nj\u00eb spital. Sikur t\u00eb ishte nd\u00ebrtuar dhe spitali q\u00eb iu premtua N\u00ebn\u00eb Terez\u00ebs, ai vend me t\u00eb v\u00ebrtet\u00eb do t\u00eb ishte i bekuar. Mir\u00ebpo, ashtu si\u00e7 e kam th\u00ebn\u00eb edhe her\u00eb t\u00eb tjera n\u00eb shkrimet q\u00eb kam b\u00ebr\u00eb p\u00ebr k\u00ebt\u00eb argument, un\u00eb jam supersticioz dhe nuk ndjehem mir\u00eb po t\u00eb futem n\u00eb at\u00eb territor dhe t\u00eb ushtroj aty nj\u00eb veprimtari t\u00eb caktuar. Do t\u00eb m\u00eb duket sikur nga \u00e7asti n\u00eb \u00e7ast do t\u00eb ndesh aty trupin e vog\u00ebl t\u00eb N\u00ebn\u00eb Terez\u00ebs dhe syt\u00eb e saj t\u00eb ndritsh\u00ebm q\u00eb do t\u00eb m\u00eb thon\u00eb se p\u00ebrse nuk e mbajt\u00ebt amanetin. Ai vend \u00ebsht\u00eb shuguruar me k\u00ebt\u00eb amanet.<\/p>\n<p>Madje n\u00eb themelet e spitalit, Sali Berisha kur ishte president n\u00eb vitin 1993 ka hedhur brenda nj\u00eb shishe me nj\u00eb kopje t\u00eb kontrat\u00ebs si nj\u00eb shenj\u00eb pak folklorike q\u00eb amanetin nuk e tret dheu. Mir\u00ebpo dheu po tret trupin e vog\u00ebl t\u00eb N\u00ebn\u00eb Terez\u00ebs dhe amanetin jo vet\u00ebm q\u00eb na e ka l\u00ebn\u00eb jasht\u00eb, por ai na v\u00ebrtitet p\u00ebrdit\u00eb n\u00eb fytyr\u00eb si nj\u00eb shuplak\u00eb q\u00eb na shkund e na thot\u00eb se nuk duhet t\u00eb kishit arritur deri k\u00ebtu, nuk duhet t\u00eb ishit tallur me amanetin e N\u00ebn\u00eb Terez\u00ebs, jo t\u00eb pakt\u00ebn jo me at\u00eb\u2026<\/p>\n","protected":false},"excerpt":{"rendered":"<p>Nga Ilir Yzeiri Dje u p\u00ebrkujtua 10-vjetori i Lumturimit t\u00eb N\u00ebn\u00eb Terez\u00ebs. Edi Rama, kryeministri i ri i Shqip\u00ebris\u00eb, si\u00e7 raportuan mediat, shkruante; \u201cPlot 10 vjet nga Lumturimi drejt Shenjt\u00ebrimit, i N\u00ebn\u00eb Terez\u00ebs,krenari p\u00ebr popullin e vog\u00ebl t\u00eb gruas s\u00eb mrekullive. Qoft\u00eb me ne bekimi i saj\u201d. Nd\u00ebrsa un\u00eb do t\u00eb thosha tjet\u00ebr gj\u00eb. Jo! [&hellip;]<\/p>\n","protected":false},"author":1,"featured_media":0,"comment_status":"open","ping_status":"closed","sticky":false,"template":"","format":"standard","meta":{"footnotes":""},"categories":[2],"tags":[],"class_list":{"0":"post-13217","1":"post","2":"type-post","3":"status-publish","4":"format-standard","6":"category-artikuj"},"yoast_head":"<!-- This site is optimized with the Yoast SEO plugin v27.4 - https:\/\/yoast.com\/product\/yoast-seo-wordpress\/ -->\n<title>N\u00ebn\u00eb Terez\u00ebn po e fyejm\u00eb p\u00ebrs\u00ebri - FjALA e LIR\u00cb - Arkivi<\/title>\n<meta name=\"robots\" content=\"index, follow, max-snippet:-1, max-image-preview:large, max-video-preview:-1\" \/>\n<link rel=\"canonical\" href=\"https:\/\/fjala.info\/2009-2015\/nene-terezen-po-e-fyejme-perseri\/\" \/>\n<meta property=\"og:locale\" content=\"sq_AL\" \/>\n<meta property=\"og:type\" content=\"article\" \/>\n<meta property=\"og:title\" content=\"N\u00ebn\u00eb Terez\u00ebn po e fyejm\u00eb p\u00ebrs\u00ebri - FjALA e LIR\u00cb - Arkivi\" \/>\n<meta property=\"og:description\" content=\"Nga Ilir Yzeiri Dje u p\u00ebrkujtua 10-vjetori i Lumturimit t\u00eb N\u00ebn\u00eb Terez\u00ebs. Edi Rama, kryeministri i ri i Shqip\u00ebris\u00eb, si\u00e7 raportuan mediat, shkruante; \u201cPlot 10 vjet nga Lumturimi drejt Shenjt\u00ebrimit, i N\u00ebn\u00eb Terez\u00ebs,krenari p\u00ebr popullin e vog\u00ebl t\u00eb gruas s\u00eb mrekullive. Qoft\u00eb me ne bekimi i saj\u201d. Nd\u00ebrsa un\u00eb do t\u00eb thosha tjet\u00ebr gj\u00eb. Jo! [&hellip;]\" \/>\n<meta property=\"og:url\" content=\"https:\/\/fjala.info\/2009-2015\/nene-terezen-po-e-fyejme-perseri\/\" \/>\n<meta property=\"og:site_name\" content=\"FjALA e LIR\u00cb - Arkivi\" \/>\n<meta property=\"article:published_time\" content=\"2013-10-21T22:04:33+00:00\" \/>\n<meta property=\"og:image\" content=\"http:\/\/www.fjala.info\/2012\/ilir_yzeiri.jpg\" \/>\n<meta name=\"author\" content=\"admin\" \/>\n<meta name=\"twitter:card\" content=\"summary_large_image\" \/>\n<meta name=\"twitter:label1\" content=\"Written by\" \/>\n\t<meta name=\"twitter:data1\" content=\"admin\" \/>\n\t<meta name=\"twitter:label2\" content=\"Est. reading time\" \/>\n\t<meta name=\"twitter:data2\" content=\"5 minutes\" \/>\n<script type=\"application\/ld+json\" class=\"yoast-schema-graph\">{\"@context\":\"https:\\\/\\\/schema.org\",\"@graph\":[{\"@type\":\"Article\",\"@id\":\"https:\\\/\\\/fjala.info\\\/2009-2015\\\/nene-terezen-po-e-fyejme-perseri\\\/#article\",\"isPartOf\":{\"@id\":\"https:\\\/\\\/fjala.info\\\/2009-2015\\\/nene-terezen-po-e-fyejme-perseri\\\/\"},\"author\":{\"name\":\"admin\",\"@id\":\"https:\\\/\\\/fjala.info\\\/2009-2015\\\/#\\\/schema\\\/person\\\/3aa1163ef05469c496fc94e77611ada2\"},\"headline\":\"N\u00ebn\u00eb Terez\u00ebn po e fyejm\u00eb p\u00ebrs\u00ebri\",\"datePublished\":\"2013-10-21T22:04:33+00:00\",\"mainEntityOfPage\":{\"@id\":\"https:\\\/\\\/fjala.info\\\/2009-2015\\\/nene-terezen-po-e-fyejme-perseri\\\/\"},\"wordCount\":1042,\"commentCount\":0,\"publisher\":{\"@id\":\"https:\\\/\\\/fjala.info\\\/2009-2015\\\/#organization\"},\"image\":{\"@id\":\"https:\\\/\\\/fjala.info\\\/2009-2015\\\/nene-terezen-po-e-fyejme-perseri\\\/#primaryimage\"},\"thumbnailUrl\":\"http:\\\/\\\/www.fjala.info\\\/2012\\\/ilir_yzeiri.jpg\",\"articleSection\":[\"Artikuj\"],\"inLanguage\":\"sq-AL\",\"potentialAction\":[{\"@type\":\"CommentAction\",\"name\":\"Comment\",\"target\":[\"https:\\\/\\\/fjala.info\\\/2009-2015\\\/nene-terezen-po-e-fyejme-perseri\\\/#respond\"]}]},{\"@type\":\"WebPage\",\"@id\":\"https:\\\/\\\/fjala.info\\\/2009-2015\\\/nene-terezen-po-e-fyejme-perseri\\\/\",\"url\":\"https:\\\/\\\/fjala.info\\\/2009-2015\\\/nene-terezen-po-e-fyejme-perseri\\\/\",\"name\":\"N\u00ebn\u00eb Terez\u00ebn po e fyejm\u00eb p\u00ebrs\u00ebri - FjALA e LIR\u00cb - Arkivi\",\"isPartOf\":{\"@id\":\"https:\\\/\\\/fjala.info\\\/2009-2015\\\/#website\"},\"primaryImageOfPage\":{\"@id\":\"https:\\\/\\\/fjala.info\\\/2009-2015\\\/nene-terezen-po-e-fyejme-perseri\\\/#primaryimage\"},\"image\":{\"@id\":\"https:\\\/\\\/fjala.info\\\/2009-2015\\\/nene-terezen-po-e-fyejme-perseri\\\/#primaryimage\"},\"thumbnailUrl\":\"http:\\\/\\\/www.fjala.info\\\/2012\\\/ilir_yzeiri.jpg\",\"datePublished\":\"2013-10-21T22:04:33+00:00\",\"breadcrumb\":{\"@id\":\"https:\\\/\\\/fjala.info\\\/2009-2015\\\/nene-terezen-po-e-fyejme-perseri\\\/#breadcrumb\"},\"inLanguage\":\"sq-AL\",\"potentialAction\":[{\"@type\":\"ReadAction\",\"target\":[\"https:\\\/\\\/fjala.info\\\/2009-2015\\\/nene-terezen-po-e-fyejme-perseri\\\/\"]}]},{\"@type\":\"ImageObject\",\"inLanguage\":\"sq-AL\",\"@id\":\"https:\\\/\\\/fjala.info\\\/2009-2015\\\/nene-terezen-po-e-fyejme-perseri\\\/#primaryimage\",\"url\":\"http:\\\/\\\/www.fjala.info\\\/2012\\\/ilir_yzeiri.jpg\",\"contentUrl\":\"http:\\\/\\\/www.fjala.info\\\/2012\\\/ilir_yzeiri.jpg\"},{\"@type\":\"BreadcrumbList\",\"@id\":\"https:\\\/\\\/fjala.info\\\/2009-2015\\\/nene-terezen-po-e-fyejme-perseri\\\/#breadcrumb\",\"itemListElement\":[{\"@type\":\"ListItem\",\"position\":1,\"name\":\"Home\",\"item\":\"https:\\\/\\\/fjala.info\\\/2009-2015\\\/\"},{\"@type\":\"ListItem\",\"position\":2,\"name\":\"N\u00ebn\u00eb Terez\u00ebn po e fyejm\u00eb p\u00ebrs\u00ebri\"}]},{\"@type\":\"WebSite\",\"@id\":\"https:\\\/\\\/fjala.info\\\/2009-2015\\\/#website\",\"url\":\"https:\\\/\\\/fjala.info\\\/2009-2015\\\/\",\"name\":\"FjALA e LIR\u00cb - Arkivi\",\"description\":\"Arkivi 2009-2015\",\"publisher\":{\"@id\":\"https:\\\/\\\/fjala.info\\\/2009-2015\\\/#organization\"},\"potentialAction\":[{\"@type\":\"SearchAction\",\"target\":{\"@type\":\"EntryPoint\",\"urlTemplate\":\"https:\\\/\\\/fjala.info\\\/2009-2015\\\/?s={search_term_string}\"},\"query-input\":{\"@type\":\"PropertyValueSpecification\",\"valueRequired\":true,\"valueName\":\"search_term_string\"}}],\"inLanguage\":\"sq-AL\"},{\"@type\":\"Organization\",\"@id\":\"https:\\\/\\\/fjala.info\\\/2009-2015\\\/#organization\",\"name\":\"FjALA e LIR\u00cb - Arkivi\",\"url\":\"https:\\\/\\\/fjala.info\\\/2009-2015\\\/\",\"logo\":{\"@type\":\"ImageObject\",\"inLanguage\":\"sq-AL\",\"@id\":\"https:\\\/\\\/fjala.info\\\/2009-2015\\\/#\\\/schema\\\/logo\\\/image\\\/\",\"url\":\"\",\"contentUrl\":\"\",\"caption\":\"FjALA e LIR\u00cb - Arkivi\"},\"image\":{\"@id\":\"https:\\\/\\\/fjala.info\\\/2009-2015\\\/#\\\/schema\\\/logo\\\/image\\\/\"}},{\"@type\":\"Person\",\"@id\":\"https:\\\/\\\/fjala.info\\\/2009-2015\\\/#\\\/schema\\\/person\\\/3aa1163ef05469c496fc94e77611ada2\",\"name\":\"admin\",\"image\":{\"@type\":\"ImageObject\",\"inLanguage\":\"sq-AL\",\"@id\":\"https:\\\/\\\/fjala.info\\\/2009-2015\\\/wp-content\\\/uploads\\\/2012\\\/02\\\/arben_cokaj-120x150.jpg\",\"url\":\"https:\\\/\\\/fjala.info\\\/2009-2015\\\/wp-content\\\/uploads\\\/2012\\\/02\\\/arben_cokaj-120x150.jpg\",\"contentUrl\":\"https:\\\/\\\/fjala.info\\\/2009-2015\\\/wp-content\\\/uploads\\\/2012\\\/02\\\/arben_cokaj-120x150.jpg\",\"caption\":\"admin\"},\"description\":\"Admin, Fjala e Lir\u00eb\",\"sameAs\":[\"https:\\\/\\\/fjala.info\\\/\"],\"url\":\"https:\\\/\\\/fjala.info\\\/2009-2015\\\/author\\\/admin\\\/\"}]}<\/script>\n<!-- \/ Yoast SEO plugin. -->","yoast_head_json":{"title":"N\u00ebn\u00eb Terez\u00ebn po e fyejm\u00eb p\u00ebrs\u00ebri - FjALA e LIR\u00cb - Arkivi","robots":{"index":"index","follow":"follow","max-snippet":"max-snippet:-1","max-image-preview":"max-image-preview:large","max-video-preview":"max-video-preview:-1"},"canonical":"https:\/\/fjala.info\/2009-2015\/nene-terezen-po-e-fyejme-perseri\/","og_locale":"sq_AL","og_type":"article","og_title":"N\u00ebn\u00eb Terez\u00ebn po e fyejm\u00eb p\u00ebrs\u00ebri - FjALA e LIR\u00cb - Arkivi","og_description":"Nga Ilir Yzeiri Dje u p\u00ebrkujtua 10-vjetori i Lumturimit t\u00eb N\u00ebn\u00eb Terez\u00ebs. Edi Rama, kryeministri i ri i Shqip\u00ebris\u00eb, si\u00e7 raportuan mediat, shkruante; \u201cPlot 10 vjet nga Lumturimi drejt Shenjt\u00ebrimit, i N\u00ebn\u00eb Terez\u00ebs,krenari p\u00ebr popullin e vog\u00ebl t\u00eb gruas s\u00eb mrekullive. Qoft\u00eb me ne bekimi i saj\u201d. Nd\u00ebrsa un\u00eb do t\u00eb thosha tjet\u00ebr gj\u00eb. Jo! [&hellip;]","og_url":"https:\/\/fjala.info\/2009-2015\/nene-terezen-po-e-fyejme-perseri\/","og_site_name":"FjALA e LIR\u00cb - Arkivi","article_published_time":"2013-10-21T22:04:33+00:00","og_image":[{"url":"http:\/\/www.fjala.info\/2012\/ilir_yzeiri.jpg","type":"","width":"","height":""}],"author":"admin","twitter_card":"summary_large_image","twitter_misc":{"Written by":"admin","Est. reading time":"5 minutes"},"schema":{"@context":"https:\/\/schema.org","@graph":[{"@type":"Article","@id":"https:\/\/fjala.info\/2009-2015\/nene-terezen-po-e-fyejme-perseri\/#article","isPartOf":{"@id":"https:\/\/fjala.info\/2009-2015\/nene-terezen-po-e-fyejme-perseri\/"},"author":{"name":"admin","@id":"https:\/\/fjala.info\/2009-2015\/#\/schema\/person\/3aa1163ef05469c496fc94e77611ada2"},"headline":"N\u00ebn\u00eb Terez\u00ebn po e fyejm\u00eb p\u00ebrs\u00ebri","datePublished":"2013-10-21T22:04:33+00:00","mainEntityOfPage":{"@id":"https:\/\/fjala.info\/2009-2015\/nene-terezen-po-e-fyejme-perseri\/"},"wordCount":1042,"commentCount":0,"publisher":{"@id":"https:\/\/fjala.info\/2009-2015\/#organization"},"image":{"@id":"https:\/\/fjala.info\/2009-2015\/nene-terezen-po-e-fyejme-perseri\/#primaryimage"},"thumbnailUrl":"http:\/\/www.fjala.info\/2012\/ilir_yzeiri.jpg","articleSection":["Artikuj"],"inLanguage":"sq-AL","potentialAction":[{"@type":"CommentAction","name":"Comment","target":["https:\/\/fjala.info\/2009-2015\/nene-terezen-po-e-fyejme-perseri\/#respond"]}]},{"@type":"WebPage","@id":"https:\/\/fjala.info\/2009-2015\/nene-terezen-po-e-fyejme-perseri\/","url":"https:\/\/fjala.info\/2009-2015\/nene-terezen-po-e-fyejme-perseri\/","name":"N\u00ebn\u00eb Terez\u00ebn po e fyejm\u00eb p\u00ebrs\u00ebri - FjALA e LIR\u00cb - Arkivi","isPartOf":{"@id":"https:\/\/fjala.info\/2009-2015\/#website"},"primaryImageOfPage":{"@id":"https:\/\/fjala.info\/2009-2015\/nene-terezen-po-e-fyejme-perseri\/#primaryimage"},"image":{"@id":"https:\/\/fjala.info\/2009-2015\/nene-terezen-po-e-fyejme-perseri\/#primaryimage"},"thumbnailUrl":"http:\/\/www.fjala.info\/2012\/ilir_yzeiri.jpg","datePublished":"2013-10-21T22:04:33+00:00","breadcrumb":{"@id":"https:\/\/fjala.info\/2009-2015\/nene-terezen-po-e-fyejme-perseri\/#breadcrumb"},"inLanguage":"sq-AL","potentialAction":[{"@type":"ReadAction","target":["https:\/\/fjala.info\/2009-2015\/nene-terezen-po-e-fyejme-perseri\/"]}]},{"@type":"ImageObject","inLanguage":"sq-AL","@id":"https:\/\/fjala.info\/2009-2015\/nene-terezen-po-e-fyejme-perseri\/#primaryimage","url":"http:\/\/www.fjala.info\/2012\/ilir_yzeiri.jpg","contentUrl":"http:\/\/www.fjala.info\/2012\/ilir_yzeiri.jpg"},{"@type":"BreadcrumbList","@id":"https:\/\/fjala.info\/2009-2015\/nene-terezen-po-e-fyejme-perseri\/#breadcrumb","itemListElement":[{"@type":"ListItem","position":1,"name":"Home","item":"https:\/\/fjala.info\/2009-2015\/"},{"@type":"ListItem","position":2,"name":"N\u00ebn\u00eb Terez\u00ebn po e fyejm\u00eb p\u00ebrs\u00ebri"}]},{"@type":"WebSite","@id":"https:\/\/fjala.info\/2009-2015\/#website","url":"https:\/\/fjala.info\/2009-2015\/","name":"FjALA e LIR\u00cb - Arkivi","description":"Arkivi 2009-2015","publisher":{"@id":"https:\/\/fjala.info\/2009-2015\/#organization"},"potentialAction":[{"@type":"SearchAction","target":{"@type":"EntryPoint","urlTemplate":"https:\/\/fjala.info\/2009-2015\/?s={search_term_string}"},"query-input":{"@type":"PropertyValueSpecification","valueRequired":true,"valueName":"search_term_string"}}],"inLanguage":"sq-AL"},{"@type":"Organization","@id":"https:\/\/fjala.info\/2009-2015\/#organization","name":"FjALA e LIR\u00cb - Arkivi","url":"https:\/\/fjala.info\/2009-2015\/","logo":{"@type":"ImageObject","inLanguage":"sq-AL","@id":"https:\/\/fjala.info\/2009-2015\/#\/schema\/logo\/image\/","url":"","contentUrl":"","caption":"FjALA e LIR\u00cb - Arkivi"},"image":{"@id":"https:\/\/fjala.info\/2009-2015\/#\/schema\/logo\/image\/"}},{"@type":"Person","@id":"https:\/\/fjala.info\/2009-2015\/#\/schema\/person\/3aa1163ef05469c496fc94e77611ada2","name":"admin","image":{"@type":"ImageObject","inLanguage":"sq-AL","@id":"https:\/\/fjala.info\/2009-2015\/wp-content\/uploads\/2012\/02\/arben_cokaj-120x150.jpg","url":"https:\/\/fjala.info\/2009-2015\/wp-content\/uploads\/2012\/02\/arben_cokaj-120x150.jpg","contentUrl":"https:\/\/fjala.info\/2009-2015\/wp-content\/uploads\/2012\/02\/arben_cokaj-120x150.jpg","caption":"admin"},"description":"Admin, Fjala e Lir\u00eb","sameAs":["https:\/\/fjala.info\/"],"url":"https:\/\/fjala.info\/2009-2015\/author\/admin\/"}]}},"_links":{"self":[{"href":"https:\/\/fjala.info\/2009-2015\/wp-json\/wp\/v2\/posts\/13217","targetHints":{"allow":["GET"]}}],"collection":[{"href":"https:\/\/fjala.info\/2009-2015\/wp-json\/wp\/v2\/posts"}],"about":[{"href":"https:\/\/fjala.info\/2009-2015\/wp-json\/wp\/v2\/types\/post"}],"author":[{"embeddable":true,"href":"https:\/\/fjala.info\/2009-2015\/wp-json\/wp\/v2\/users\/1"}],"replies":[{"embeddable":true,"href":"https:\/\/fjala.info\/2009-2015\/wp-json\/wp\/v2\/comments?post=13217"}],"version-history":[{"count":0,"href":"https:\/\/fjala.info\/2009-2015\/wp-json\/wp\/v2\/posts\/13217\/revisions"}],"wp:attachment":[{"href":"https:\/\/fjala.info\/2009-2015\/wp-json\/wp\/v2\/media?parent=13217"}],"wp:term":[{"taxonomy":"category","embeddable":true,"href":"https:\/\/fjala.info\/2009-2015\/wp-json\/wp\/v2\/categories?post=13217"},{"taxonomy":"post_tag","embeddable":true,"href":"https:\/\/fjala.info\/2009-2015\/wp-json\/wp\/v2\/tags?post=13217"}],"curies":[{"name":"wp","href":"https:\/\/api.w.org\/{rel}","templated":true}]}}