{"id":1314,"date":"2014-06-09T16:52:44","date_gmt":"2014-06-09T15:52:44","guid":{"rendered":"http:\/\/www.fjala.info\/?p=1314"},"modified":"2014-06-09T16:52:44","modified_gmt":"2014-06-09T15:52:44","slug":"dr-moikom-zeqo-sekreti-i-madh-i-gjenezave-i","status":"publish","type":"post","link":"https:\/\/fjala.info\/2009-2015\/dr-moikom-zeqo-sekreti-i-madh-i-gjenezave-i\/","title":{"rendered":"DR. MOIKOM ZEQO: SEKRETI I MADH I GJENEZAVE"},"content":{"rendered":"<p><img decoding=\"async\" class=\"alignleft size-thumbnail wp-image-7236\" title=\"Moikom Zeqo\" src=\"http:\/\/www.fjala.info\/2014\/moikom_zeqo.jpg\" alt=\"\" width=\"150\" \/> <strong><em>Tiran\u00eb, 02. 05. 2014 &#8211; N\u00eb vend t\u00eb nj\u00eb parafjale &#8211; (&#8220;Faktet jan\u00eb t\u00eb dobishme &#8211; s&#8217;jan\u00eb ato banesa ime, ato jan\u00eb shkall\u00eb me t\u00eb cilat un\u00eb ngjitem n\u00eb banes\u00ebn time&#8221;. UOLLT UITMAN. &#8220;Natyra e do t\u00eb rrethohet nga fsheht\u00ebsit\u00eb&#8221;. \/HERAKLITI)<\/em><\/strong><\/p>\n<p><strong>I<\/strong>.<\/p>\n<p>Historia e njeriut \u00ebsht\u00eb vet\u00ebm nj\u00eb pjes\u00eb e historis\u00eb s\u00eb natyr\u00ebs. Midis tyre nuk do t\u00eb ket\u00eb asnj\u00ebher\u00eb nj\u00eb p\u00ebrputhje t\u00eb plot\u00eb. Historia njer\u00ebzore parakupton nj\u00eb ndryshueshm\u00ebri t\u00eb vijueshme, ciklike, t\u00eb statusit t\u00eb njeriut t\u00eb identifikuar n\u00eb progresivitetin e dijes, p\u00ebr ta quajtur konvencionalisht nga &#8220;skllav&#8221; n\u00eb &#8220;zot&#8221; t\u00eb natyr\u00ebs. Natyra i mbart p\u00ebrjet\u00ebsisht raportet e saj me njeriun, (njeriu mund t\u00eb kap\u00ebrcej\u00eb vetveten po kurr\u00eb natyr\u00ebn!)<\/p>\n<p>Dijetari dhe arkeologu spanjoll Pedro Bosch &#8211; Gimpera botoi n\u00eb vitin 1960 n\u00eb Mexico &#8220;El problema indoeuropeo&#8221; me q\u00ebllimin e kuptuesh\u00ebm dhe ambicioz p\u00ebr t\u00eb paraqitur teorit\u00eb kryesore p\u00ebr origjin\u00ebn e popujve indeuropian\u00eb t\u00eb gjuh\u00ebve dhe t\u00eb kulturave t\u00eb tyre. Ky aksion i llojit t\u00eb enciklopedist\u00ebve francez\u00eb t\u00eb epok\u00ebs s\u00eb iluminizmit ishte rezultat i nj\u00eb praktike paraardh\u00ebse t\u00eb dijes njer\u00ebzore. P.B.Gimpera n\u00eb librin e tij &#8211; i p\u00ebrkthyer n\u00eb shum\u00eb gjuh\u00eb t\u00eb bot\u00ebs dhe q\u00eb e b\u00ebri at\u00eb t\u00eb famsh\u00ebm, tenton t\u00eb jap\u00eb nj\u00eb kronologji t\u00eb teorive kryesore p\u00ebr Origjin\u00ebn e popujve indeuropian\u00eb, pra b\u00ebn nj\u00eb kompjuterizim dhe nj\u00eb skedim tejet t\u00eb domosdosh\u00ebm t\u00eb dijes deri n\u00eb at\u00eb koh\u00eb.<\/p>\n<p style=\"text-align: center;\"><img decoding=\"async\" class=\"aligncenter size-thumbnail wp-image-7236\" title=\"Pedro Bosch Gimpera\" src=\"http:\/\/www.fjala.info\/2014\/perdro_bosch_gimpera_1891_1974.jpg\" alt=\"\" width=\"500\" \/>&#8211; <strong>Pedro Bosch Gimpera (1891-1974)<\/strong> &#8211;<\/p>\n<p style=\"text-align: center;\"><img decoding=\"async\" class=\"aligncenter size-thumbnail wp-image-7236\" title=\"Pedro Bosch Gimpera - El Problema Indo Europea\" src=\"http:\/\/www.fjala.info\/2014\/pedro_bosch_gimpera_el_problema_indo_europea1.jpg\" alt=\"\" width=\"500\" \/>&#8211; <strong>Kopertina e librit: &#8216;El problema indoeuropeo&#8217;<\/strong> &#8211;<\/p>\n<p>Pavar\u00ebsisht nga mang\u00ebsit\u00eb e pahmang\u00ebshme edhe n\u00eb librat t\u00eb kalibrit t\u00eb till\u00eb vepra e Gimperas e run vler\u00ebn e saj kulturore dhe informative.<\/p>\n<p>Nga vitet 60&#8242; e deri tani, n\u00eb fundin e mij\u00ebvje\u00e7arit t\u00eb dyt\u00eb, teorit\u00eb p\u00ebr origjin\u00ebn (m\u00eb sakt\u00eb origjinat) e popujve indeuropian\u00eb kan\u00eb patur nj\u00eb zhvillim n\u00eb segmentin e dijes s\u00eb pozitivitizmit lingustik dhe zbulimeve t\u00eb m\u00ebdha arkeologjike, po mund t\u00eb thuhet se nuk ka ndryshime konceptuale t\u00eb m\u00ebdha n\u00eb rrafshet teorike dhe se problemi n\u00eb fjal\u00eb \u00ebsht\u00eb p\u00ebrher\u00eb n\u00eb kund\u00ebrth\u00ebnien dhe ende rri pezull midis hipotez\u00ebs dhe tez\u00ebs. Kjo gj\u00ebndje e dyfisht\u00eb e dijes njer\u00ebzore \u00ebsht\u00eb nj\u00eb dialektik\u00eb sub eternitas.<\/p>\n<p>Kuptueshm\u00ebria e gjenez\u00ebs (e ftill\u00ebzimit) \u00ebsht\u00eb motiv i p\u00ebrhehrsh\u00ebm i njeriut.<\/p>\n<p>Kozmogonia qe p\u00ebrpjekja e par\u00eb e njeriut t\u00eb lasht\u00eb p\u00ebr t\u00eb p\u00ebrputhur mitin me t\u00eb v\u00ebrtet\u00ebn. Miti b\u00ebn spjegime t\u00eb p\u00ebrgjith\u00ebshme me metafora poetike t\u00eb fuqishme e t\u00eb paharrueshme. Te kinez\u00ebt, babilonasit, egjiptian\u00ebt e grek\u00ebrit e vjet\u00ebr kozmogonia qe nj\u00eb modus vivendi e kuptimeve p\u00ebr ftill\u00ebzimin universal. Prandaj kozmogonia ishte n\u00eb substanc\u00eb mitike dhe nj\u00eb parath\u00ebnie tep\u00ebr e pasur dhe e gjenez\u00ebs biblike e cila i thjesht\u00ebzon prirjet e paskaj\u00ebshme t\u00eb miteve n\u00eb ciklin monoteist t\u00eb krisht\u00ebrimit. Megjithat\u00eb metafora e babilonizmit biblik (jo pagan) p\u00ebr ndarjen e gjuh\u00ebve gjithmon\u00eb linte t\u00eb n\u00ebnkuptonte nj\u00eb paragjuh\u00eb, q\u00eb askush nuk e di dhe q\u00eb nuk ruhet nga pasardh\u00ebsit. N\u00eb esenc\u00eb spjegimi biblik t\u00eb t\u00ebr\u00eb origjinat i parashtron si hyjnore. E till\u00eb \u00ebsht\u00eb zanafilla e popujve, ose e njeriut adamik. Teorit\u00eb teologjike ishin si brinj\u00ebt e Adamit p\u00ebr t\u00eb b\u00ebr\u00eb Evat e mendimit n\u00eb mesjet\u00eb.<\/p>\n<p>Arkeologjika shkencore pothuaj nuk ekzistonte.<\/p>\n<p>Mungesa e arkeologjis\u00eb \u00ebsht\u00eb fatale p\u00ebr t\u00eb konstruktuar nj\u00eb histori t\u00eb pashkruar t\u00eb s\u00eb kaluar\u00ebs s\u00eb larg\u00ebt.<\/p>\n<p>Antropologjia si dije pozitive lul\u00ebzon vet\u00ebm n\u00eb shekullin e XX dhe \u00ebsht\u00eb kaq shum\u00eb e nd\u00ebrlidhur edhe me arkeologjin\u00eb, etnologjin\u00eb e gjuh\u00ebsin\u00eb.<\/p>\n<p>Vet\u00ebkuptohet q\u00eb p\u00ebr t\u00eb th\u00ebn\u00eb di\u00e7ka serioze duhej \u00e7veshur dija nga mitizimi, q\u00eb dija t\u00eb identifikohej me vetveten. Kjo \u00ebsht\u00eb mund\u00ebsia dhe mbijetesa e dijes, q\u00eb e v\u00ebrteta natyrore t\u00eb krijoj\u00eb nj\u00eb paritet maksimal me t\u00eb v\u00ebrtet\u00ebn e mendimit.<\/p>\n<p>Gimpera t\u00ebr\u00eb librin e vet e ka me nj\u00eb prapavij\u00eb t\u00eb till\u00eb kuptimore, larg skemave (pavar\u00ebsisht q\u00eb i paraqet skemat) larg kultivimit t\u00eb teorive q\u00eb n\u00eb koh\u00ebra t\u00eb ndryshme zot\u00ebruan mendimin e dukeshin gati si aksioma gjeometrike (pra relativizmi shkencor \u00ebsht\u00eb n\u00eb thelbin e librit).<\/p>\n<p>Ato q\u00eb mund\u00ebsuan nj\u00eb rezyme n\u00eb form\u00ebn e nj\u00eb libri si ky i Gimper\u00ebs qen\u00eb sidomos zbulimet epokale t\u00eb prehistoris\u00eb.<\/p>\n<p>Arkeologjia prehistorike i afrohet kufirit midis historis\u00eb gjelogjike dhe historis\u00eb njer\u00ebzore, midis gjenez\u00ebs natyrore dhe antropogjenez\u00ebs (ende tep\u00ebr natyrore) t\u00eb segmentuar n\u00eb historin\u00eb e Homo Sapiensit.<\/p>\n<p>Gimpera b\u00ebn nj\u00eb kufizim gjith\u00ebsesi: ai interesohet kryesisht p\u00ebr popujt indeuropian\u00eb, pra, p\u00ebr thelbin e europianizmit.<\/p>\n<p>Kjo gj\u00eb e dimensionon tematik\u00ebn shkencore.<\/p>\n<p>P\u00ebr ftill\u00ebzimin e europianizmit flitet si p\u00ebr nj\u00eb pjes\u00eb gjenetike t\u00eb gjenez\u00ebs universale njer\u00ebzore t\u00eb gjith\u00eb popujve n\u00eb planetin ton\u00eb. N\u00eb parashtrimin e problemit Gimpera thekson se v\u00ebshtrimi i trefisht\u00eb arkeologjik, antropologjik e gjuh\u00ebsor mund\u00ebson nj\u00eb paraqitje t\u00eb fakteve. Pafund\u00ebsia e fakteve \u00ebsht\u00eb e till\u00eb, saq\u00eb t\u00eb orientohesh drejt duhet dhe nj\u00eb parashtrim konceptual llogjik e shkencor.<\/p>\n<p>Gimpera e ve problemin n\u00eb nj\u00eb baz\u00eb diskutimi, pra, n\u00eb rrafshin e nj\u00eb kritike dialogogjike, shpesh antonimike. Ky relativitet i teorive dhe mendimeve \u00ebsht\u00eb i frytsh\u00ebm dhe jo ortodoks, i ngrir\u00eb.<\/p>\n<p>Gimpera v\u00ebrtet synon n\u00eb k\u00ebt\u00eb lib\u00ebr nj\u00eb &#8220;parahistori&#8221; po ai nuk e paragjykon at\u00eb, e paraqet si nj\u00eb materje t\u00eb gjall\u00eb dhe aspak t\u00eb kristalizuar p\u00ebrfundimisht. K\u00ebshtu &#8220;N\u00eb k\u00ebrkim t\u00eb koh\u00ebs s\u00eb humbur&#8221; duke huazuar nj\u00eb metafor\u00eb t\u00eb shk\u00eblqyer e kuptimplot\u00eb t\u00eb Marsel Prustit, Gimpera ravizon fakte t\u00eb nxjerra n\u00eb drit\u00eb dhe struktura teorike q\u00eb shpesh kan\u00eb d\u00ebshtuar. Pra, arkeologjia i ka paraqitur sukseset e saj n\u00eb form\u00ebn dramatike e disa her\u00eb komike t\u00eb d\u00ebshtimeve. Ky \u00ebsht\u00eb paradoksi i vet\u00ebdijes, i mendimit njer\u00ebzor, p\u00ebr t\u00eb aritur te e v\u00ebrteta relative, po kurr\u00eb deri n\u00eb fund te e v\u00ebrteta absolute.<\/p>\n<p>Tipik \u00ebsht\u00eb d\u00ebshtimi i teoris\u00eb arkeologjike e gjenetike t\u00eb Kosin\u00ebs, i cili nuk arriti t\u00eb v\u00ebrtetoj\u00eb burimin verior (nordik) t\u00eb qytet\u00ebrimit europian, sepse ai i fetishizoi t\u00eb dh\u00ebnat e koh\u00ebs s\u00eb vet p\u00ebr neolitin, i absolutizoi disa tipare e nuk pa (si\u00e7 u v\u00ebrtetua m\u00eb pas) se neoliti europian n\u00eb zanafill\u00eb qe shum\u00eb m\u00eb i larmish\u00ebm e nj\u00eb shum\u00ebsi neolitike, nj\u00eb mozaik kulturash, disa prej t\u00eb cilave nuk lidheshin fare me st\u00ebrgjysh\u00ebrit e popujve indoeuropian\u00eb.<\/p>\n<p style=\"text-align: center;\"><img decoding=\"async\" class=\"aligncenter size-thumbnail wp-image-7236\" title=\"Ilir\u00ebt n\u00eb Ballkan\" src=\"http:\/\/www.fjala.info\/2014\/iliret_ne_ballkan1.jpg\" alt=\"\" width=\"500\" \/>&#8211; <strong>Gjeografia e Ilir\u00ebve<\/strong> &#8211;<\/p>\n<p>Po k\u00ebshtu edhe d\u00ebshtimi i teorive p\u00ebr unicitetin e past\u00ebr t\u00eb rac\u00ebs indoeuropiane si dhe d\u00ebshtimi i teorive p\u00ebr gjuh\u00ebn m\u00ebm\u00eb, t\u00eb vetme zanafill\u00ebse etj., jan\u00eb d\u00ebshtime t\u00eb antropologjis\u00eb dhe t\u00eb gjuh\u00ebsis\u00eb, q\u00eb n\u00eb vetvehte jan\u00eb k\u00ebrkime te s\u00eb v\u00ebrtet\u00ebs dhe m\u00ebnjanime t\u00eb konvencioneve, disa her\u00eb t\u00eb politizuara.<\/p>\n<p>Gimpera i di t\u00eb gjitha k\u00ebto dhe e ka t\u00eb qart\u00eb se faktet teorike duhet t\u00eb b\u00ebhen fakte t\u00eb s\u00eb v\u00ebrtet\u00ebs. Prandaj n\u00eb librin e Gimperas duhet ditur p\u00ebr t\u00eb lexuar, jo n\u00eb form\u00ebn pamore grafike, por n\u00eb thell\u00ebsit\u00eb kuptimore, n\u00eb loj\u00ebn e dyshimeve dhe t\u00eb paraqitjeve, t\u00eb mendimit t\u00eb epokave, t\u00eb kund\u00ebrth\u00ebnieve.<\/p>\n<p style=\"text-align: center;\">* * *<\/p>\n<p>N\u00eb k\u00ebt\u00eb lib\u00ebr, ajo q\u00eb na intereson \u00ebsht\u00eb edhe \u00e7\u00ebshtja e ilir\u00ebve, si nj\u00eb nga popujt indeuropian\u00eb.<\/p>\n<p>P\u00ebr fat t\u00eb keq hap\u00ebsira informative p\u00ebr ilir\u00ebt \u00ebsht\u00eb k\u00ebtu tep\u00ebr e kufizuar. P\u00ebr t\u00eb plot\u00ebsuar di\u00e7ka le t\u00eb m\u00eb lejohet q\u00eb t\u00eb paraqes disa nga rezultatet arkeologjike dhe gjuh\u00ebsore t\u00eb gjenez\u00ebs s\u00eb ilir\u00ebve dhe t\u00eb problemit t\u00eb form\u00ebsimit, ose t\u00eb lidhjes me konceptin e europianizmit, si dhe gjenez\u00ebn e dyt\u00eb, at\u00eb t\u00eb shqiptar\u00ebve, q\u00eb bir\u00ebsohen nga ilir\u00ebt e lasht\u00eb. T\u00eb dy gjenezat jan\u00eb pjes\u00eb t\u00eb njera tjetr\u00ebs, nj\u00eb e vetme.<\/p>\n<p><strong>2<\/strong>.<\/p>\n<p>N\u00eb rrafshin arkeologjik gjeneza e ilir\u00ebve, ose e parailir\u00ebve, protoilir\u00ebve, t\u00eb mbiquajtur edhe si pellazg\u00eb, ka dy probleme themelore: problemin e indoeuropianizmit n\u00eb gadishullin Ballkanik dhe problemin e indoeuropian\u00ebve me ilir\u00ebt dhe ilirishten.<\/p>\n<p>Nj\u00eb tez\u00eb e dijetar\u00ebve thot\u00eb se n\u00eb koh\u00ebn e her\u00ebshme dhe t\u00eb mesme neolitike ka ekzistuar nj\u00eb nj\u00ebsi gjuh\u00ebsore e karakterit paraindoeuropian n\u00eb t\u00ebr\u00eb territorin e Mesdheut (kuptohet e brigjeve), kurse elementet indoeuropian\u00eb kan\u00eb dep\u00ebrtuar n\u00eb fush\u00ebn e epok\u00ebs neolitike t\u00eb vektuar nga Lindja e Juglindja.<\/p>\n<p>Nj\u00eb tez\u00eb m\u00eb e re favorizon nj\u00eb situat\u00eb t\u00eb ndryshme kur elementi indoeuropian ka ekzistuar n\u00eb Europ\u00ebn Juglindore qysh n\u00eb neolitin e hersh\u00ebm dhe t\u00eb zhvilluar n\u00eb vend. Kjo tez\u00eb \u00ebsht\u00eb teza e autoktonis\u00eb s\u00eb formimit t\u00eb kulturave neolitike. Gjat\u00eb k\u00ebtij procesi t\u00eb gjat\u00eb e interesant elementi indoeuropian i ardhur n\u00eb mbarim t\u00eb neolitit e eneolitit i dha nj\u00eb ferment gjall\u00ebrues t\u00eb ve\u00e7ant\u00eb indoeuropianizimit t\u00eb territoreve t\u00eb Shqip\u00ebris\u00eb &#8211; \u00e7ka v\u00ebrtetohet arkeologjikisht (kulturat neo-eneolitike n\u00eb Vashtem, Kolsh, Cakran, Maliq &#8211; Kamnik).<\/p>\n<p>Zbulimet arkeologjike t\u00eb prehistoris\u00eb sidomos t\u00eb neolitit t\u00eb hersh\u00ebm na b\u00ebjn\u00eb t\u00eb mendojm\u00eb qart\u00eb se elementi indoeuropian, ose paleoindoeuropian dallohet q\u00eb n\u00eb k\u00ebt\u00eb hark kohor dhe vet\u00ebm m\u00eb von\u00eb procesi i indoeuropianizimit pati flukse nga Lindja dhe Juglindja.<\/p>\n<p>T\u00ebr\u00eb v\u00ebshtir\u00ebsia \u00ebsht\u00eb p\u00ebrcaktimi i sintez\u00ebs, shkrirjes s\u00eb karakterit t\u00eb banor\u00ebve shum\u00eb m\u00eb t\u00eb vjet\u00ebr me ardh\u00ebsit indoeuropian\u00eb, q\u00eb u vendos\u00ebn n\u00eb k\u00ebto treva, duke formuar nj\u00eb bashk\u00ebsi themelore gjuh\u00ebsore t\u00eb karakterit indoeuropian, q\u00eb i korespondon kompleksit ballkano-egjean t\u00eb neolitit t\u00eb von\u00eb. Pik\u00ebrisht n\u00eb k\u00ebt\u00eb koh\u00eb krijohen mund\u00ebsit\u00eb e formimit t\u00eb nj\u00eb shtrese t\u00eb pashlyrshme indoeuropiane n\u00eb Gadishullin Ballkanik, q\u00eb m\u00eb pas n\u00eb epok\u00eb e metaleve, form\u00ebsuan dy grupet e m\u00ebdha gjuh\u00ebsore t\u00eb ilir\u00ebve dhe t\u00eb thrak\u00ebve.<\/p>\n<p>Padyshim q\u00eb p\u00ebrcaktimi se cila ishte popullsia indoeuropiane paragreke n\u00eb epok\u00ebn e neo-eneolitit t\u00eb kompleksit ballkano-egjean \u00ebsht\u00eb nj\u00eb problem i hapur nga diskutimet dhe tezat e kund\u00ebrta. Arkeologjia dhe linguistika ende na japin pak prova t\u00eb v\u00ebrtetimit shkencor, por shkenc\u00ebtar\u00ebt preferojn\u00eb ta quajn\u00eb k\u00ebt\u00eb popullsi si parailire, paragreke e parathrake. N\u00eb k\u00ebt\u00eb kontekst flitet p\u00ebr banor\u00ebt paleoballkanik\u00eb t\u00eb em\u00ebrtuar si pellazg\u00eb e gjuh\u00ebn e tyre pellazgjike.<\/p>\n<p>N\u00ebnshtresa indoeuropiane n\u00eb lidhje gjenetike me kompleksin kulturor ballkano-egjean si n\u00ebnshtres\u00eb parailire parakupton p\u00ebr mendimin ton\u00eb pellazg\u00ebt, pra banor\u00ebt me parak\u00eb, m\u00eb t\u00eb st\u00ebrlasht\u00eb t\u00eb vendit ton\u00eb.<\/p>\n<p>Termat &#8220;pellazg\u00eb&#8221; e &#8220;pellazgjishte&#8221; e ruajn\u00eb ende karakterin konvensional dhe ne i lidhim tani me ato gjurm\u00eb arkeologjike t\u00eb nj\u00eb popullsie shum\u00eb me t\u00eb vjet\u00ebr mbi t\u00eb cil\u00ebn dallg\u00ebt e shteg\u00ebtimeve t\u00eb m\u00ebdha indoeuropiane demiurguan nj\u00eb entitet, ose m\u00eb sakt\u00eb disa entitete t\u00eb reja kulturore.<\/p>\n<p style=\"text-align: center;\"><img decoding=\"async\" class=\"aligncenter size-thumbnail wp-image-7236\" title=\"Pellazg\u00ebt n\u00eb Evrop\u00eb\" src=\"http:\/\/www.fjala.info\/2014\/shkepjet_pellazgeve_ne_kontinetin_evropes1.jpg\" alt=\"\" width=\"500\" \/>&#8211; <strong>Gjeografia e pellazg\u00ebve n\u00eb kontinentin e Europ\u00ebs<\/strong> &#8211;<\/p>\n<p>Nj\u00eb problem konceptual dhe ky\u00e7 \u00ebsht\u00eb ai i lidhjes s\u00eb pellazg\u00ebve t\u00eb indoeuropianizuar me popullsin\u00eb pasardh\u00ebse, q\u00eb spikat n\u00eb koh\u00ebn e bronxit. Substrati i hersh\u00ebm pellazg me raportet e reja kulturore dhe etnike t\u00eb bart\u00ebsve t\u00eb kultur\u00ebs s\u00eb epok\u00ebs s\u00eb bronxit t\u00eb hersh\u00ebm n\u00eb Shqip\u00ebri (Maliq, shpella e Blazit n\u00eb Mat) jan\u00eb t\u00eb dokumentuara n\u00eb nj\u00eb vijim\u00ebsi arkeologjike. Kjo \u00ebsht\u00eb tejet e r\u00ebnd\u00ebsishme.<\/p>\n<p>N\u00eb fundin e mij\u00ebvje\u00e7arit t\u00eb tret\u00eb para er\u00ebs son\u00eb e n\u00eb fillim t\u00eb mij\u00ebvje\u00e7arit t\u00eb dyt\u00eb &#8211; para er\u00ebs son\u00eb, si rrjedhim i dyndjes s\u00eb popujve indoeuropian\u00eb u zhduk\u00ebn qytet\u00ebrimet e lashta t\u00eb neolitit dhe u formua kultura e her\u00ebshme e bronxit, t\u00eb nd\u00ebrlidhur me substratin eneolitik ballkanik, pra edhe me pellazg\u00ebt e st\u00ebrlasht\u00eb dhe pas tyre ilir\u00ebt.<\/p>\n<p>Nuk duhet harruar se gjurm\u00eb t\u00eb kulturave t\u00eb mir\u00ebfillta paspaleolitike, ose mezolitike nuk jan\u00eb zbuluar deri m\u00eb sot n\u00eb Shqip\u00ebri. Mungesa e materialit mezolitik duhet t&#8217;i atribuohet munges\u00ebs s\u00eb k\u00ebrkimeve n\u00eb k\u00ebt\u00eb fush\u00eb. N\u00eb Vlush t\u00eb Skraparit jan\u00eb gjetur gjurm\u00eb t\u00eb nj\u00eb horizonti t\u00eb neolitit t\u00eb hersh\u00ebm me tradita t\u00eb forta mezolitike.<\/p>\n<p>Zbulimet arkeologjike n\u00eb Shqip\u00ebri kan\u00eb b\u00ebr\u00eb t\u00eb mundur njohjen me disa grupe etno kulturore neolitike si binomi kulturor Vasht\u00ebmi-Podgori, kultura e Cakranit, kultura Maliq Kamnik etj, t\u00eb zhvilluara n\u00eb nj\u00eb baz\u00eb autoktone, jo pa koresponduese me komplekset e gj\u00ebra ballkanike etnokulturore.<\/p>\n<p>Ilirologjia studion pik\u00ebrisht gjenez\u00ebn dhe kultur\u00ebn e ilir\u00ebve. N\u00eb periudh\u00ebn e her\u00ebshme t\u00eb hekurit burimet historike na b\u00ebjn\u00eb t\u00eb ditur se banor\u00ebt e Shqip\u00ebris\u00eb ishin ilir\u00ebt.<\/p>\n<p>Ka dy mendime kryesore (kryeteza) p\u00ebr prejardhjen e ilir\u00ebve:<\/p>\n<p>&#8211; nj\u00ebra i konsideron ilir\u00ebt si t\u00eb ardhur n\u00eb gadishullin ballkanik dhe<br \/>\n&#8211; tjetra si popullsi autoktone, t\u00eb formuar n\u00eb truallin historik t\u00eb Iliris\u00eb.<\/p>\n<p>Nd\u00ebr teorit\u00eb e shumta t\u00eb prejardhjes s\u00eb ilir\u00ebve n\u00eb Ballkan spikat ajo q\u00eb i lidh bart\u00ebsit e kultur\u00ebs s\u00eb fushave me urna t\u00eb Europ\u00ebs Q\u00ebndrore me ilir\u00ebt. Kjo teori thot\u00eb se bart\u00ebsit e k\u00ebsaj kulture t\u00eb kontinentit kan\u00eb l\u00ebvizur drejt Jugut n\u00eb shekujt XII-IX para er\u00ebs son\u00eb (dyndjet dorike, egjeane apo paneno-ballkanike), duke u p\u00ebrzjer\u00eb, apo zhvendosur shum\u00eb popullsi anase, duke krijuar nj\u00eb tablo t\u00eb ndryshme etnologjike.<\/p>\n<p>Kultura e fushave me urna (urnenfelderkultur) dhe ve\u00e7mas dega e saj e quajtur kultura e Lushic\u00ebs (rajon n\u00eb Gjermani) u mbiquajt e ilir\u00ebve nga arkeologu Gustav Kosina e m\u00eb pas u pasua nga Richard Pittioni dhe filologu Julius Pokorny. K\u00ebtu procesi konceptohet si nj\u00eb hop cil\u00ebsor i protoilir\u00ebve n\u00eb ilir\u00eb dhe q\u00eb shkaktuan dyndjen e madhe dorike n\u00eb at\u00eb q\u00eb quhet n\u00eb shkenc\u00eb ende &#8220;Dark Egae&#8221;.<\/p>\n<p><center><iframe loading=\"lazy\" src=\"\/\/www.youtube.com\/embed\/Z5YyRz27m8w\" width=\"420\" height=\"315\" frameborder=\"0\" allowfullscreen=\"allowfullscreen\"><\/iframe><\/center>Shkolla e Kosin\u00ebs ftill\u00ebzoi t\u00eb ashtuquajturin paniliriz\u00ebm q\u00eb me t\u00eb drejt\u00eb Vittore Pizani e quajti si &#8216;nj\u00eb s\u00ebmundje&#8221;.<\/p>\n<p>Nj\u00eb teori tjet\u00ebr ishte ajo e arkeologut Karl Shugard, q\u00eb bart\u00ebsit e qeramik\u00ebs neolitike thrakase i quajti parailir\u00eb (Urillyrier).<\/p>\n<p>Nga ana tjet\u00ebr Vladimir Gjeorgjievi mbron tez\u00ebn se krijuesit e kultur\u00ebs kreto-mikenase qen\u00eb protoilir\u00ebt, q\u00eb edhe paniliristi m\u00eb i madh Hans Krahe e vler\u00ebsoi si nj\u00eb fantazi t\u00eb thjesht\u00eb. P\u00ebr t\u00eb treguar se sa shum\u00eb skajuan deri n\u00eb absurd teorit\u00eb e prejardhjes s\u00eb ilir\u00ebve le t\u00eb p\u00ebrmendim edhe dijetarin Robert Heine-Geldern, i cili n\u00eb vitin 1951 botoi nj\u00eb tez\u00eb, q\u00eb ilir\u00ebt dikur rreth shekullit t\u00eb IX &#8211; VIII para er\u00ebs son\u00eb morr\u00ebn pjes\u00eb n\u00eb nj\u00eb dyndje q\u00eb \u00e7oi deri n\u00eb Mongoli, Kin\u00eb dhe n\u00eb Indi (?!)<\/p>\n<p>Pik\u00ebpamja e zhvilluar nga arkeolog\u00ebt shqiptar\u00eb n\u00eb gjysm\u00ebn e shekullit t\u00eb XX ka krijuar teorin\u00eb e formimit t\u00eb ilir\u00ebve dhe t\u00eb kultur\u00ebs ilire n\u00eb vend pa nd\u00ebrprerje, pra, kjo sht\u00eb teoria e autoktonis\u00eb. N\u00eb k\u00ebt\u00eb kuptim teza q\u00eb i lidh ilir\u00ebt me bart\u00ebsit e kultur\u00ebs s\u00eb fushave me urna bije, ose zbehet. Gjithashtu t\u00eb dh\u00ebnat arkeologjike flasin se dyndja panano-ballkanike nuk e ka p\u00ebrfshir\u00eb pjes\u00ebn p\u00ebrendimore t\u00eb gadishullit ballkanik, pra edhe teritoret e Shqip\u00ebris\u00eb.<\/p>\n<p>Etnogjeneza ilire nuk duhet par\u00eb vet\u00ebm n\u00eb lidhjen me dyndjen panano-ballkanike, pavar\u00ebsisht nga disa ndikime t\u00eb saj. Kjo dyndje e cil\u00ebsuar indoeuropiane n\u00eb fundin e mij\u00ebvje\u00e7arit t\u00eb tret\u00eb para er\u00ebs son\u00eb ndikoi n\u00eb kultura neolitike t\u00eb Ballkanit, po nuk \u00ebsht\u00eb totalitare p\u00ebr territorin shqiptar t\u00eb sot\u00ebm.<\/p>\n<p>Etnosi ilir i krijuar n\u00eb epok\u00ebn e bronxit \u00ebsht\u00eb edhe nj\u00eb unitet, q\u00eb ka brenda diversitet dhe p\u00ebrgjith\u00ebsisht sot n\u00ebnvizohen dy grupe t\u00eb m\u00ebdha kulturore ilire:<\/p>\n<p>&#8211; ai jugor dhe<br \/>\n&#8211; ai verior.<\/p>\n<p>P\u00ebr grupin ilir verior ka dh\u00ebn\u00eb kontribut t\u00eb ve\u00e7ant\u00eb arkeologu Alojz Benac, i cili favorizon nj\u00eb autoktoniz\u00ebm t\u00eb ilir\u00ebve.<\/p>\n<p>N\u00eb pik\u00ebpamje t\u00eb p\u00ebraf\u00ebrt edhe Gimpera e mb\u00ebshtet teorin\u00eb e Benacit, por duke p\u00ebrfshir\u00eb n\u00eb k\u00ebt\u00eb proces edhe bart\u00ebsit t\u00eb kultur\u00ebs s\u00eb Lushic\u00ebs nga Veriu.<\/p>\n<hr \/>\n<h3>DR. MOIKOM ZEQO: SEKRETI I MADH I GJENEZAVE (II)<\/h3>\n<p>Tiran\u00eb, <em>02.05.2014<\/em> &#8211; Teoria e autoktonizmit ilir p\u00ebrfaq\u00ebsohet sot nga dijetar\u00ebt shqiptar\u00eb si Prendi, Korkuti, Ceka, Selimi etj., dhe zbulimet arkeologjike n\u00eb prehistori, n\u00eb kultur\u00ebn paraqytetare ilire dhe sidomos konceptimi m\u00eb i kompletuar rreth \u00e7\u00ebshtjeve t\u00eb tilla si qyteti ilir, shteti ilir pa harruar komponentet e artit, t\u00eb bot\u00ebkuptimit etj., kan\u00eb krijuar nj\u00eb epok\u00eb t\u00eb re n\u00eb shkenc\u00ebn p\u00ebr ilir\u00ebt. Trinomi pellazg\u00ebt-ilir\u00ebt-shqiptar\u00ebt paraqitet n\u00eb nj\u00eb drit\u00eb t\u00eb re. Po edhe \u00ebsht\u00eb i paplot\u00ebsuar, plot t\u00eb vjetra e t\u00eb reja.<\/p>\n<p>Sidomos karakteri gjenetik i filiacionit t\u00eb shqiptar\u00ebve nga ilir\u00ebt \u00ebsht\u00eb nj\u00eb problem, ku arkeologjia ka dh\u00ebn\u00eb nj\u00eb material bind\u00ebs dhe hedh posht\u00eb t\u00ebr\u00eb pseudo teorit\u00eb e politizuara shoviniste, q\u00eb mohojn\u00eb karakterin autokton t\u00eb shqiptar\u00ebve n\u00eb trojet e tyre historike.<\/p>\n<p>Gimpera n\u00eb sythin e librit t\u00eb tij t\u00eb quajtur &#8220;Ilir\u00ebt, thrak\u00ebt, dak\u00ebt&#8221; jep gjykimet vetiake t\u00eb jehonizuara nga dijetar\u00eb t\u00eb tjer\u00eb paraardh\u00ebs ose bashk\u00ebkoh\u00ebs.<\/p>\n<p>Gimpera ve n\u00eb reliev faktin se n\u00eb marr\u00ebdh\u00ebniet me popujt e tjer\u00eb t\u00eb Europ\u00ebs Q\u00ebndrore problemi i popujve danubian\u00eb dhe ballkanik\u00eb &#8220;shtrohet n\u00eb m\u00ebnyr\u00eb t\u00eb ndryshme&#8221;.<\/p>\n<p style=\"text-align: center;\"><img decoding=\"async\" class=\"aligncenter size-thumbnail wp-image-7236\" title=\"Pedro Bosch Gimpera\" src=\"http:\/\/www.fjala.info\/2014\/pedro_bosch_gimpera_arkeolog_spanjoll.jpg\" alt=\"\" width=\"500\" \/><strong>Pedro Bosch Gimpera (1891-1974)<\/strong><\/p>\n<p>Kosina e kish quajtur kultur\u00ebn luzasiane si qytet\u00ebrim ilir verior &#8216;karpo-dak&#8221; n\u00eb lidhje me kultur\u00ebn e popujve danubian\u00eb. Ky p\u00ebrcaktim d\u00ebshtoi n\u00eb v\u00ebrtet\u00ebsin\u00eb e vet (arkeologjikisht). Lidhjet e kultur\u00ebs s\u00eb Luzas\u00ebs me venet\u00ebt, (t\u00eb dalluar p\u00ebrfundimisht nga ilir\u00ebt &#8211; ndryshe nga \u00e7&#8217;i kishin quajtur ilir\u00eb m\u00eb par\u00eb) solli nj\u00eb ndryshim t\u00eb fokusit t\u00eb problemit n\u00eb fjal\u00eb.<\/p>\n<p>Kalimi nga epoka e bronxit n\u00eb at\u00eb t\u00eb hekurit (n\u00eb disa shekuj) b\u00ebri t\u00eb shfaqen grupe t\u00eb reja historike t\u00eb dak\u00ebve, ilir\u00ebve dhe thrak\u00ebve.<\/p>\n<p>Ilir\u00ebt p\u00ebrfaq\u00ebsonin nj\u00eb kultur\u00eb etnike, ku qen\u00eb asimiluar rezultatet e kulturave neolitike t\u00eb zon\u00ebs dinarike t\u00eb Ballkanit Per\u00ebndimor si dhe nj\u00eb element t\u00eb fort\u00eb t\u00eb huazuar nga popujt alpin\u00eb, ndoshta t\u00eb dalluar nga ata q\u00eb jan\u00eb indoeuropian\u00eb n\u00eb karakteristik\u00eb, duke u indoeuropianizuar nd\u00ebrmjet marr\u00ebdh\u00ebnieve e ndikimeve indoeuropiane t\u00eb mir\u00ebfillta, duke asimiluar edhe ndikimet e dep\u00ebrtimet e kultur\u00ebs luzasiane.<\/p>\n<p>Si\u00e7 shihet m\u00eb sip\u00ebr teza e Gimper\u00ebs i takon grupit ilir verior dhe n\u00eb raport me g\u00ebrmimet arkeologjike t\u00eb b\u00ebra n\u00eb Ilirin\u00eb e Jugut ajo ka nj\u00eb mang\u00ebsi t\u00eb materialit arkeologjik q\u00eb nuk kishte se si ta njihte Gimpera kur po e shkruante librin e tij.<\/p>\n<p>N\u00eb sythin &#8220;Dyndjet e kelt\u00ebve &#8211; kelt\u00ebt dhe ilir\u00ebt&#8221; Gimpera thekson se venet\u00ebt nuk kan\u00eb qen\u00eb ilir\u00eb t\u00eb mir\u00ebfillt\u00eb nga ana tjet\u00ebr kultura e LKuzac\u00ebs nuk ka qen\u00eb t\u00ebr\u00ebsisht venete. Kurse Qytet\u00ebrimi Halshtatian ka nj\u00eb personalitet t\u00eb fort\u00eb dhe duhet t\u00eb identifikohet me popujt ilir\u00eb historik\u00eb.<\/p>\n<p>K\u00ebta popuj ilir\u00eb arrit\u00ebn nj\u00eb zhvillim t\u00eb duksh\u00ebm dhe p\u00ebrmes Adriatikut m\u00eb sakt\u00eb n\u00eb brigjet perendimore dhe lindore t\u00eb Adriatikut krijuan nj\u00eb komunuelth, sepse grupet etnike t\u00eb japig\u00ebve dhe t\u00eb mesap\u00ebve n\u00eb Italin\u00eb e Jugut ose daun\u00ebt, jan\u00eb t\u00eb af\u00ebrt me ilir\u00ebt, ose t\u00eb identifikuesh\u00ebm me ilir\u00ebt.<\/p>\n<p><strong>3<\/strong>.<\/p>\n<p>Gjeneza e popujve indeuropian\u00eb \u00ebsht\u00eb edhe gjeneza e gjuh\u00ebve t\u00eb tyre. \u00cbsht\u00eb kjo nj\u00eb e v\u00ebrtet\u00eb aksiomatike. P\u00ebr problemet e gjenetizmit n\u00eb fakt jan\u00eb shum\u00eb t\u00eb komplikuara dhe aspak t\u00eb thjeshta. Zbulimi i af\u00ebrsis\u00eb s\u00eb gjuh\u00ebve indoeuropiane u b\u00eb n\u00eb shekullin e XIX dhe qe nj\u00eb nga zbulimet m\u00eb madh\u00ebshtore t\u00eb m\u00ebndjes s\u00eb njeriut.<\/p>\n<p>Historia e gjuh\u00ebsis\u00eb indoeuropiane do t\u00eb qe ndryshe n\u00ebse do t\u00eb kishim dhe tekste t\u00eb gjuh\u00ebve t\u00eb zhdukura si ilirishtja, thrakishtja etj. Mundet q\u00eb n\u00eb bibliotek\u00ebn e Aleksandris\u00eb q\u00eb u dogj, ka patur vepra t\u00eb k\u00ebtij lloji.<\/p>\n<p>N\u00eb komedit\u00eb e Aristofanit del ndonj\u00eb nga personazhet t\u00eb ashtuquajtur &#8220;barbar\u00eb&#8221; ndonj\u00eb tribal, ose thrak e shqipton fjal\u00eb t\u00eb \u00e7udit\u00ebshme, t\u00eb pazb\u00ebrthyeshme. Po faktet gjuh\u00ebsore t\u00eb gjuh\u00ebve t\u00eb zhdukura nuk i kemi fatkeq\u00ebsisht n\u00eb dor\u00eb.<\/p>\n<p>Vet\u00ebm n\u00eb mesjet\u00eb qysh me poetin gjenial Danten, q\u00eb n\u00eb shekullin e XII, q\u00eb vuri pika afrimi midis italishtes dhe latinishtes e m\u00eb pas me Filip Sasetin n\u00eb shekullin e XVI, q\u00eb udh\u00ebtoi n\u00eb Goa t\u00eb Indis\u00eb dhe vuri re se fjal\u00eb t\u00eb indishtes lidheshin me fjal\u00eb t\u00eb italishtes (psh indisht &#8220;sarpa&#8221; ose &#8220;diva&#8221; dhe italisht &#8220;serpente&#8221; dhe &#8220;dio&#8221; &#8211; p\u00ebrkat\u00ebsisht &#8220;gjarp\u00ebr&#8221; dhe &#8220;zot&#8221;) u arrit n\u00eb nj\u00eb baz\u00eb konceptuale p\u00ebr nj\u00eb gjuh\u00ebsi t\u00eb shkoll\u00ebs krahasimtare p\u00ebr hetimin e marr\u00ebdh\u00ebnieve t\u00eb gjuh\u00ebve indoeuropiane, q\u00eb sidomos u shtjellua s\u00ebpari nga Ulliam Xhons (1746-1794).<\/p>\n<p style=\"text-align: center;\"><img decoding=\"async\" class=\"aligncenter size-thumbnail wp-image-7236\" title=\"Gjuh\u00ebt Indoevropiane\" src=\"http:\/\/www.fjala.info\/2014\/gjuhet_indoeuropiane.jpg\" alt=\"\" width=\"500\" \/>&#8211; <strong>Gjuh\u00ebt indoeuropiane<\/strong> &#8211;<\/p>\n<p>Me Franc Bobin (1791-1867) q\u00eb botoi vepr\u00ebn e par\u00eb n\u00eb 1816 t\u00eb gjuh\u00ebsis\u00eb s\u00eb mir\u00ebfillt\u00eb indoeuropiane nis argumentimi sistematik i shtjellimeve dhe af\u00ebrsive gjenetike t\u00eb gjuh\u00ebve n\u00eb fjal\u00eb. N\u00eb 1854 Bobi boton vepr\u00ebn &#8220;Mbi shqipen dhe lidhjet e af\u00ebrsis\u00eb s\u00eb saj me gjuh\u00ebt e tjera indeuropiane&#8221; n\u00eb 1854, duke p\u00ebrcaktuar dhe gjuh\u00ebsin\u00eb shkencore t\u00eb gjenez\u00ebs dhe t\u00eb zhvillimit t\u00eb shqipes duke b\u00ebr\u00eb nj\u00eb pun\u00eb pionieri. Mbi\u00e7mimi i sanskrishtes nga Bobi e \u00e7oi at\u00eb n\u00eb mendimin e nj\u00eb gjuhe m\u00ebm\u00eb nga rrjedhin gjuh\u00eb t\u00eb tjera bija.<\/p>\n<p>Termi &#8220;indeuropian&#8221; ka historin\u00eb e vet.<\/p>\n<p>Bobi k\u00ebt\u00eb term e mori nga August Slegeli (1821-1868), i cili n\u00eb vepr\u00ebn themelore &#8220;Kompedium i gramatik\u00ebs krah\u00ebsuese t\u00eb gjuh\u00ebve indogjermane&#8221; identifikonte termin &#8220;indoeuropian&#8217; me termin &#8220;indogjerman&#8221; Kjo sinonimi, qe n\u00eb fakt e sforcuar e mjaft e k\u00ebrkuar.<\/p>\n<p>N\u00eb fakt t\u00eb dy termat n\u00eb fjal\u00eb nuk kan\u00eb konsistenc\u00eb historike e jan\u00eb konvencionale.<\/p>\n<p>Emri &#8220;Europa&#8221; nuk \u00ebsht\u00eb i epokave prehistorike t\u00eb larg\u00ebta por nj\u00eb krijim antik relativisht i von\u00eb. Europa qe nj\u00eb figur\u00eb e mitologjis\u00eb greke lokalizuar n\u00eb nj\u00eb provinc\u00eb t\u00eb Thrakis\u00eb af\u00ebr Andrianopolit. Edhe emri &#8220;ind&#8221; nuk ka ekzistuar si dhe emri &#8220;europain&#8221; p\u00ebr t\u00eb kaluar\u00ebn zanafill\u00ebse t\u00eb kontinentit ton\u00eb. Di\u00e7ka m\u00eb i lasht\u00eb \u00ebsht\u00eb emri &#8220;arian&#8221; q\u00eb p\u00ebrfshinte dy deg\u00ebt e iranasve t\u00eb vjet\u00ebr dhe t\u00eb indasve t\u00eb vjet\u00ebr.<\/p>\n<p>Termi &#8216;indoeuropian&#8221; u p\u00ebrdor s\u00eb pari nga dijetari T. Young n\u00eb vitin 1813.<\/p>\n<p>Termi i m\u00ebsip\u00ebrm si dhe termat e p\u00ebraf\u00ebrt \u00ebsht\u00eb nj\u00eb rind\u00ebrtim e koncept em\u00ebrtues i dijetar\u00ebve, q\u00eb donin t\u00eb p\u00ebrfaq\u00ebsonin nj\u00eb bashk\u00ebsi popujsh dhe gjuh\u00ebsh t\u00eb ve\u00e7ant\u00eb.<\/p>\n<p>August Shlegeli i p\u00ebrkiste biologjizmit gjuh\u00ebsor. Qe ithtar i darvinizmit linguistik. Konsiderimi i gjuh\u00ebs si organiz\u00ebm i gjall\u00eb nuk qe i drejt\u00eb e shpejt\u00eb do t\u00eb braktisej sepse qe aprioristike.<\/p>\n<p>Gimpera n\u00eb librin q\u00eb kemi n\u00eb dor\u00eb flet gjer\u00eb p\u00ebr teorit\u00eb gjuh\u00ebsore t\u00eb indoeuropianishtes.<\/p>\n<p>N\u00eb fakt gjuh\u00ebsia i ka nd\u00ebrlikuar shum\u00eb hipotezat e veta.<\/p>\n<p>Sigzmund Fajst (1913-1914) parashtroi nj\u00eb tez\u00eb &#8220;heretike&#8221; q\u00eb e p\u00ebrkrahu dhe ZMeteja n\u00eb Franc\u00eb, q\u00eb gjerman\u00ebt nuk kan\u00eb qen\u00eb nj\u00eb popull indoeuropian n\u00eb fillim e m\u00eb pas qen\u00eb indoeuropianizuar, duke p\u00ebrjashtuar q\u00eb atdheu i indoeuropian\u00ebve ka qen\u00eb Veriu i Europ\u00ebs, si\u00e7 mendonte Kosina.<\/p>\n<p>N\u00eb t\u00eb kund\u00ebrt, Kre\u00e7meri e k\u00ebrkon t\u00ebr\u00eb origjin\u00ebn e indoeuropian\u00ebve n\u00eb Europ\u00ebn Veriore e Q\u00ebndrore. Po nd\u00ebrkoh\u00eb ai godet vdeksh\u00ebm teorin\u00eb gjenealogjike.<\/p>\n<p>Mejeja hedh posht\u00eb nj\u00eb rind\u00ebrtim t\u00eb indoeuropianishtes primitive. N\u00eb sh\u00ebnimet e shumta t\u00eb Fan Nolit ka edhe konspekte t\u00eb shkrimeve gjuh\u00ebsore t\u00eb Mejes\u00eb, sidomos p\u00ebr periudh\u00ebn paraindoeuropiane.<\/p>\n<p>Benvenisti sakt\u00ebson se gjuha tokarishte i p\u00ebrket nj\u00eb grupi arkaik indoeuropian duke b\u00ebr\u00eb t\u00eb njohur r\u00ebnd\u00ebsin\u00eb e tokarishtes p\u00ebr t\u00ebr\u00eb gjuh\u00ebsin\u00eb indoeuropiane.<\/p>\n<p>Trubeckoi kritikon besimin kultik n\u00eb nj\u00eb gjuh\u00eb zanafill\u00ebse, pra, n\u00eb gjuh\u00ebn m\u00ebm\u00eb. Edhe Krahe e ka quajtur absurd supozimin e nj\u00eb gjuhe dhe nj\u00eb populli origjinar q\u00eb nga mij\u00ebvje\u00e7ari i tret\u00eb para er\u00ebs son\u00eb. Gjuh\u00ebt n\u00eb k\u00ebt\u00eb cak kohor qen\u00eb nj\u00eb gjendje fluide. Po Krahe qe krijues i teoris\u00eb paniliriste kaq n\u00eb mod\u00eb n\u00eb vitet 30&#8217; t\u00eb k\u00ebtij shekulli. Nga fundi i jet\u00ebs Krahe e modifikoi k\u00ebt\u00eb teori absolutiste dhe foli p\u00ebr grupe t\u00eb nj\u00eb indoeuropianishte primitive, arkaike. K\u00ebt\u00eb gj\u00eb e mb\u00ebshtet edhe Kre\u00e7meri e m\u00eb pas dhe kryembrojt\u00ebsi i ilirizmit t\u00eb topomis\u00eb s\u00eb Europ\u00ebs Q\u00ebndrore Pokorny.<\/p>\n<p>T\u00eb t\u00ebr\u00eb k\u00ebto teori Gimpera i paravendos n\u00eb m\u00ebnyr\u00eb kritike. K\u00ebtu \u00ebsht\u00eb vendi t\u00eb theksojm\u00eb se shkat\u00ebrrimi dhe rr\u00ebnimi i teoris\u00eb s\u00eb panilirizmit m\u00eb t\u00eb drejt\u00eb nuk duhet q\u00eb t\u00eb b\u00ebnte [p\u00ebr t\u00eb shkruar n\u00eb nj\u00eb skajim absurd t\u00eb skepticizmit hiperpozitivist ndaj problemit ilir dhe ilirishtes, si\u00e7 u b\u00eb n\u00eb dhjet\u00eb\u00e7ar\u00ebt e fundit t\u00eb shekullit t\u00eb XX. E v\u00ebrteta p\u00ebr ilir\u00ebt dhe ilirishten q\u00ebndron n\u00eb mes. Larg skajeve t\u00eb mbivler\u00ebsimit dhe t\u00eb n\u00ebnvleft\u00ebsimit. Kjo gj\u00eb nuk ka qen\u00eb dot nj\u00eb objekt i v\u00ebmendjes shkencore t\u00eb Gimper\u00ebs.<\/p>\n<p>P\u00ebr ta b\u00ebr\u00eb m\u00eb t\u00eb kuptuesh\u00ebm e m\u00eb t\u00eb lexuesh\u00ebm librin enciklopedik t\u00eb Gimper\u00ebs, dua t\u00eb flas pak edhe p\u00ebr teorin\u00eb e origjin\u00ebn e ilirishtes dhe t\u00eb shqipes sipas prof.Eqrem \u00c7abejt.<\/p>\n<p>N\u00eb paleontologjin\u00eb ballkanike problemi i Ilirishtes \u00ebsht\u00eb i nj\u00eb r\u00ebnd\u00ebsie t\u00eb ve\u00e7ant\u00eb. \u00c7abej me t\u00eb drejt\u00eb ve n\u00eb spikam\u00eb faktin se element\u00ebt e lasht\u00eb q\u00eb mbijetojn\u00eb n\u00eb gjuh\u00ebn shqipe spjegojn\u00eb edhe ilirishten nga e cila ruhen vet\u00ebm disa glosa dhe toponime. Pra, rind\u00ebrtimi i ilirishtes \u00ebsht\u00eb jasht\u00ebzakonisht i v\u00ebshtir\u00eb dhe b\u00ebn nj\u00eb &#8220;algjeb\u00ebr gjuh\u00ebsore&#8221; t\u00eb nj\u00eb sfondi me mjaft t\u00eb panjohura.<\/p>\n<p>Shqipja gjuh\u00ebsisht dhe etnikisht ka nj\u00eb pozicion gjeografik t\u00eb vijuar, autokton midis Lindjes dhe Per\u00ebndimit, pra nj\u00eb status ballkanik t\u00eb pashlyesh\u00ebm. Dy vargmalet e Europ\u00ebs Q\u00ebndrore e Lindore-Karpatet dhe Beskidet gjejn\u00eb spjegimin e tyre etimologjik me gjuh\u00ebn shqipe. Shqipja paraqet lidhje leksikore me shumic\u00ebn e gjuh\u00ebve indoeuropiane veriore. Teza e prejardhjes Veriore t\u00eb ilir\u00ebve e mb\u00ebshtetur nga gjuh\u00ebsia deri m\u00eb sot \u00ebsht\u00eb n\u00eb nj\u00eb kontradikt\u00eb me tez\u00ebn e prejardhjes jugore t\u00eb ilir\u00ebve, q\u00eb p\u00ebrfaq\u00ebsohet nga arkeologjia moderne shqiptare.<\/p>\n<p>Ky karakter kontradiktor midis gjuh\u00ebsis\u00eb dhe arkeologjis\u00eb \u00ebsht\u00eb nj\u00eb paradoks konceptual ende i pakap\u00ebrcyer n\u00eb rrafshin e iliriologjis\u00eb.<\/p>\n<p>Nga ana tjet\u00ebr, mendimet kryesore p\u00ebr origjin\u00ebn e ilir\u00ebve ndahen n\u00eb tri lagje dijetar\u00ebsh.<\/p>\n<p>&#8211; Lagja e par\u00eb, e sheh origjin\u00ebn e shqiptar\u00ebve nga ilir\u00ebt e vjet\u00ebr n\u00eb vij\u00eb direkte (Thunman, Xylanderi, Hahni)<br \/>\n&#8211; Lagja e dyt\u00eb, gjen origjin\u00ebn e shqiptar\u00ebve nga Thrak\u00ebt.<br \/>\n&#8211; Lagja e tret\u00eb, b\u00ebn nj\u00eb sintez\u00eb, mb\u00ebshtet mendimin se shqiptar\u00ebt jan\u00eb rrjedh\u00ebs nga ilir\u00ebt po me komponente thrake (Norbert Jokli).<\/p>\n<p>P\u00ebrgjith\u00ebsisht edhe ilirologu m\u00eb i madh i koh\u00ebrave tona Eqrem \u00c7abej i p\u00ebrket opinionit shkencor, q\u00eb procesi i formimit, ngjizjes s\u00eb shqipes u b\u00eb mbi nj\u00eb shtrat ilir, po jo pa ndikime t\u00eb thrakishtes.<\/p>\n<p>Gjuha shqipe trash\u00ebgon sipas ligjeve t\u00eb saj fonetike mbijetes\u00ebn e toponimeve antike n\u00eb trevat e Shqip\u00ebris\u00eb, q\u00eb nga ilir\u00ebt n\u00eb fqinj\u00ebsi e bashk\u00ebveprim me grek\u00ebt e romak\u00ebt e vjet\u00ebr.<\/p>\n<p>Po shqipja \u00ebsht\u00eb nj\u00eb deg\u00eb m\u00eb vete, krejt e ve\u00e7ant\u00eb n\u00eb familjen e gjuh\u00ebve indeurpiane.<\/p>\n<p>P\u00ebrcaktimi i saj si gjuh\u00eb kentum apo satem vazhdon akoma duke anuar m\u00eb shum\u00eb nga klasifikimi kentum.<\/p>\n<p><strong>4<\/strong>.<\/p>\n<p>Me r\u00ebnd\u00ebsi fundamentale \u00ebsht\u00eb kreu V i librit t\u00eb Gimperas t\u00eb quajtur &#8216;P\u00ebrfundime&#8221;. K\u00ebtu Gimpera b\u00ebn abstraksion nga teorit\u00eb e ndryshme p\u00ebr popullin zanafill\u00ebs, atdheun e par\u00eb, gjuh\u00ebn zanafill\u00ebse, m\u00ebm\u00eb, nga n\u00ebndarjet e grupeve gjuh\u00ebsore sipas sistemit t\u00eb drurit gjenealogjik si dhe nga hipotezat q\u00eb p\u00ebr shum\u00eb koh\u00eb u quajt\u00ebn &#8220;tabu&#8221; shkencore.<\/p>\n<p style=\"text-align: center;\"><img decoding=\"async\" class=\"aligncenter size-thumbnail wp-image-7236\" title=\"Gjuh\u00ebt Indoevropiane\" src=\"http:\/\/www.fjala.info\/2014\/gjuhet_indoeuropiane1.png\" alt=\"\" width=\"500\" \/>&#8211; <strong>Gjuh\u00ebt indoeuropiane<\/strong> &#8211;<\/p>\n<p>Gimpera e di se mekanizmi i form\u00ebs dhe nd\u00ebrlidhjeve gjuh\u00ebsore si dhe mekanizmi i tipeve antropologjike racore \u00ebsht\u00eb shum\u00eb m\u00eb i nd\u00ebrlikuar dhe aspak i thjesht\u00ebzuar.<\/p>\n<p>Gimpera me t\u00eb drejt\u00eb i jep par\u00ebsi arkeologjis\u00eb n\u00eb raport me gjuh\u00ebsin\u00eb q\u00eb mund t\u00eb jap\u00eb nj\u00eb kontribut m\u00eb t\u00eb sigurt\u00eb p\u00ebr teorit\u00eb gjenetike. Mosp\u00ebrputhja midis disiplinave (gjuh\u00ebsis\u00eb, arkeologjis\u00eb, antropologjis\u00eb) \u00ebsht\u00eb m\u00ebse e kuptueshme.<\/p>\n<p>Arkeologjikisht popujt indoeuropian\u00eb spikatin n\u00eb fillim t\u00eb neolitetit dhe \u00ebsht\u00eb e v\u00ebshtir\u00eb t\u00eb p\u00ebrcaktohen q\u00eb n\u00eb epok\u00ebn emezolitike. Gjuh\u00ebt e mezolitit kan\u00eb formuar nj\u00eb substrat t\u00eb p\u00ebrgjithsh\u00ebm n\u00eb kontinent.<\/p>\n<p>Kristalizimi p\u00ebrfundimtar indoeuropian mbart vijim\u00ebsin\u00eb e substratit gjuh\u00ebsor, t\u00eb mozaikut t\u00eb gjuh\u00ebve drejt zhvillimeve t\u00eb reja.<\/p>\n<p>Grupet e ndryshme, burimet kryesore t\u00eb indoeuropianizmit jan\u00eb jo vet\u00ebm n\u00eb Veri t\u00eb kontinentit por n\u00eb t\u00ebr\u00eb gjeografin\u00eb e tij duke patur parasysh edhe qendr\u00ebn edhe Jugun apo Juglindjen.<\/p>\n<p>Koha e bronxit rezulton si koh\u00eb stabilizimi etnik e formacionet etnike tashm\u00eb indoeuropiane t\u00eb lashta t\u00eb kontinentit tregojn\u00eb p\u00ebrsonalitetin e kulturave dhe qytet\u00ebrimeve t\u00eb tyre.<\/p>\n<p>Interesante jan\u00eb dep\u00ebrtimet indoeuropiane form\u00ebsimet e ngjashme n\u00eb Kaukaz si dhe n\u00eb rajonet danubiane e pontike.<\/p>\n<p>Dyndjet e popujve n\u00eb fundin e epok\u00ebs s\u00eb bronxit dhe n\u00eb kalimin e n\u00eb epok\u00ebn e hekurit b\u00ebjn\u00eb kristalizimin p\u00ebrfundimtar t\u00eb gjuh\u00ebve t\u00eb tyre.<\/p>\n<p>Trako-frigasit po n\u00eb epok\u00ebn e bronxit jan\u00eb form\u00ebsim i marr\u00ebdh\u00ebnieve etnike danubiane dhe pontike e nd\u00ebrmjetme midis q\u00ebndr\u00ebs europiane (kentum) dhe pontik\u00ebve (satem). Pik\u00ebrisht kjo tez\u00eb e mb\u00ebshtet edhe tez\u00ebn e origjin\u00ebs s\u00eb ilir\u00ebve dhe statusin e tyre indoeuropian.<\/p>\n<p>&#8211; Ilir\u00ebt, s\u00eb bashku me kelt\u00ebt, gjermanik\u00ebt, balt\u00ebt etj., kan\u00eb luajtur nj\u00eb rol t\u00eb dor\u00ebs s\u00eb par\u00eb n\u00eb krijimin e fytyr\u00ebs skulpturore t\u00eb Europ\u00ebs s\u00eb lasht\u00eb.<\/p>\n<p><strong>5<\/strong>.<\/p>\n<p>N\u00eb vitin 1925 \u00ebsht\u00eb p\u00ebrkthyer dhe botuar n\u00eb Tiran\u00eb libri &#8220;Dituria gjuhore indogjermane&#8221; nga P.Kre\u00e7meri. Ky lib\u00ebr \u00ebsht\u00eb i domosdosh\u00ebm p\u00ebr t&#8217;u lexuar\u2026, para se t\u00eb lexohet libri i Gimperas. Po k\u00ebshtu, edhe dy librat e Karl Pa\u00e7it t\u00eb botuar po n\u00eb k\u00ebt\u00eb hark kohor n\u00eb shqip p\u00ebr ilir\u00ebt jan\u00eb fillimi i nj\u00eb biblioteke t\u00eb ilirologjis\u00eb. P\u00ebr fat t\u00eb keq nj\u00eb nism\u00eb e till\u00eb nuk vazhdoi p\u00ebr shum\u00eb vjet.<\/p>\n<p>Ka ardhur koha q\u00eb kultura shqiptare t\u00eb pasurohet me vepra fundamentale t\u00eb arkeologjis\u00eb dhe gjuh\u00ebsis\u00eb dhe p\u00ebrgjith\u00ebsisht shkencave historike bot\u00ebrore, ku flitet edhe p\u00ebr ilir\u00ebt.<\/p>\n<p>Libri i Gimperas plot\u00ebson nj\u00eb munges\u00eb t\u00eb ndjeshme.<\/p>\n<p>S\u00eb fundi dy fjal\u00eb p\u00ebr p\u00ebrkthimin e librit t\u00eb Gimperas nga miku im, intelektuali i shquar filolog Xhevat Lloshi<\/p>\n<p>P\u00ebrkthimi ka paraqitur paraprakisht v\u00ebshtir\u00ebsi jo t\u00eb vogla.<\/p>\n<p>P\u00ebrkthimi tekstual duhet t\u00eb p\u00ebrputhet me p\u00ebrkthimin terminologjik. Aq m\u00eb tep\u00ebr q\u00eb tradita e terminologjia e gjuh\u00ebsis\u00eb dhe arkeologjis\u00eb apo edhe e etnologjis\u00eb apo disiplinave t\u00eb tjera historike ka nevoj\u00eb t\u00eb pasuorhet. Natyrisht q\u00eb termat n\u00eb shumic\u00ebn e rasteve jan\u00eb internacionale dhe shqip\u00ebrimi i tyre nuk parakupton nj\u00eb puriz\u00ebm apo krijime neologjizmash, bazuar n\u00eb etimiologjin\u00eb shqipe. Dihet q\u00eb purizmi gjuh\u00ebsor total ka d\u00ebshtuar prej koh\u00ebsh.<\/p>\n<p>Xhevat Lloshi me nj\u00eb akribi t\u00eb admirueshme ka p\u00ebrcjell\u00eb tekstin e v\u00ebshtir\u00eb dhe profesional t\u00eb librit te lexuesit e sot\u00ebm, duke na b\u00ebr\u00eb t\u00eb k\u00ebnaqemi estetikisht me mund\u00ebsin\u00eb e pakufishme dhe terminologjike dhe t\u00eb shprehjes s\u00eb mendimeve m\u00eb t\u00eb nd\u00ebrlikuara t\u00eb gjuh\u00ebs shqipe.<\/p>\n<p>Duke mos qen\u00eb nj\u00eb lib\u00ebr i loj\u00ebs s\u00eb \u00e7udit\u00ebshme dhe shpesh antikulturore t\u00eb tregut t\u00eb lir\u00eb, pra, duke ju drejtuar nj\u00eb publiku t\u00eb kulturuar po dhe intelektual\u00ebve profesionist\u00eb ai b\u00ebn nj\u00eb sfid\u00eb t\u00eb admirueshme, p\u00ebr t\u00eb treguar se kultura e v\u00ebrtet\u00eb \u00ebsht\u00eb e domosdoshme dhe prezente n\u00eb \u00e7do koh\u00eb, m\u00eb e r\u00ebnd\u00ebsishme nga standartet mediokre t\u00eb kultur\u00ebs s\u00eb konsumit.<\/p>\n<p>Guximi i botuesit mendoj se do t\u00eb justifikohet dhe bile do t\u00eb admirohet. (<em>FUND<\/em>)<\/p>\n<p>_________________________<\/p>\n<p>(Ilustrimet jan\u00eb t\u00eb pashtriku.org, sh.b)<\/p>\n","protected":false},"excerpt":{"rendered":"<p>Tiran\u00eb, 02. 05. 2014 &#8211; N\u00eb vend t\u00eb nj\u00eb parafjale &#8211; (&#8220;Faktet jan\u00eb t\u00eb dobishme &#8211; s&#8217;jan\u00eb ato banesa ime, ato jan\u00eb shkall\u00eb me t\u00eb cilat un\u00eb ngjitem n\u00eb banes\u00ebn time&#8221;. UOLLT UITMAN. &#8220;Natyra e do t\u00eb rrethohet nga fsheht\u00ebsit\u00eb&#8221;. \/HERAKLITI) I. Historia e njeriut \u00ebsht\u00eb vet\u00ebm nj\u00eb pjes\u00eb e historis\u00eb s\u00eb natyr\u00ebs. Midis tyre [&hellip;]<\/p>\n","protected":false},"author":1,"featured_media":0,"comment_status":"open","ping_status":"closed","sticky":false,"template":"","format":"standard","meta":{"footnotes":""},"categories":[2],"tags":[],"class_list":{"0":"post-1314","1":"post","2":"type-post","3":"status-publish","4":"format-standard","6":"category-artikuj"},"yoast_head":"<!-- This site is optimized with the Yoast SEO plugin v27.4 - https:\/\/yoast.com\/product\/yoast-seo-wordpress\/ -->\n<title>DR. MOIKOM ZEQO: SEKRETI I MADH I GJENEZAVE - FjALA e LIR\u00cb - Arkivi<\/title>\n<meta name=\"robots\" content=\"index, follow, max-snippet:-1, max-image-preview:large, max-video-preview:-1\" \/>\n<link rel=\"canonical\" href=\"https:\/\/fjala.info\/2009-2015\/dr-moikom-zeqo-sekreti-i-madh-i-gjenezave-i\/\" \/>\n<meta property=\"og:locale\" content=\"sq_AL\" \/>\n<meta property=\"og:type\" content=\"article\" \/>\n<meta property=\"og:title\" content=\"DR. MOIKOM ZEQO: SEKRETI I MADH I GJENEZAVE - FjALA e LIR\u00cb - Arkivi\" \/>\n<meta property=\"og:description\" content=\"Tiran\u00eb, 02. 05. 2014 &#8211; N\u00eb vend t\u00eb nj\u00eb parafjale &#8211; (&#8220;Faktet jan\u00eb t\u00eb dobishme &#8211; s&#8217;jan\u00eb ato banesa ime, ato jan\u00eb shkall\u00eb me t\u00eb cilat un\u00eb ngjitem n\u00eb banes\u00ebn time&#8221;. UOLLT UITMAN. &#8220;Natyra e do t\u00eb rrethohet nga fsheht\u00ebsit\u00eb&#8221;. \/HERAKLITI) I. Historia e njeriut \u00ebsht\u00eb vet\u00ebm nj\u00eb pjes\u00eb e historis\u00eb s\u00eb natyr\u00ebs. Midis tyre [&hellip;]\" \/>\n<meta property=\"og:url\" content=\"https:\/\/fjala.info\/2009-2015\/dr-moikom-zeqo-sekreti-i-madh-i-gjenezave-i\/\" \/>\n<meta property=\"og:site_name\" content=\"FjALA e LIR\u00cb - Arkivi\" \/>\n<meta property=\"article:published_time\" content=\"2014-06-09T15:52:44+00:00\" \/>\n<meta property=\"og:image\" content=\"http:\/\/www.fjala.info\/2014\/moikom_zeqo.jpg\" \/>\n<meta name=\"author\" content=\"admin\" \/>\n<meta name=\"twitter:card\" content=\"summary_large_image\" \/>\n<meta name=\"twitter:label1\" content=\"Written by\" \/>\n\t<meta name=\"twitter:data1\" content=\"admin\" \/>\n\t<meta name=\"twitter:label2\" content=\"Est. reading time\" \/>\n\t<meta name=\"twitter:data2\" content=\"27 minutes\" \/>\n<script type=\"application\/ld+json\" class=\"yoast-schema-graph\">{\"@context\":\"https:\\\/\\\/schema.org\",\"@graph\":[{\"@type\":\"Article\",\"@id\":\"https:\\\/\\\/fjala.info\\\/2009-2015\\\/dr-moikom-zeqo-sekreti-i-madh-i-gjenezave-i\\\/#article\",\"isPartOf\":{\"@id\":\"https:\\\/\\\/fjala.info\\\/2009-2015\\\/dr-moikom-zeqo-sekreti-i-madh-i-gjenezave-i\\\/\"},\"author\":{\"name\":\"admin\",\"@id\":\"https:\\\/\\\/fjala.info\\\/2009-2015\\\/#\\\/schema\\\/person\\\/3aa1163ef05469c496fc94e77611ada2\"},\"headline\":\"DR. MOIKOM ZEQO: SEKRETI I MADH I GJENEZAVE\",\"datePublished\":\"2014-06-09T15:52:44+00:00\",\"mainEntityOfPage\":{\"@id\":\"https:\\\/\\\/fjala.info\\\/2009-2015\\\/dr-moikom-zeqo-sekreti-i-madh-i-gjenezave-i\\\/\"},\"wordCount\":5369,\"commentCount\":0,\"publisher\":{\"@id\":\"https:\\\/\\\/fjala.info\\\/2009-2015\\\/#organization\"},\"image\":{\"@id\":\"https:\\\/\\\/fjala.info\\\/2009-2015\\\/dr-moikom-zeqo-sekreti-i-madh-i-gjenezave-i\\\/#primaryimage\"},\"thumbnailUrl\":\"http:\\\/\\\/www.fjala.info\\\/2014\\\/moikom_zeqo.jpg\",\"articleSection\":[\"Artikuj\"],\"inLanguage\":\"sq-AL\",\"potentialAction\":[{\"@type\":\"CommentAction\",\"name\":\"Comment\",\"target\":[\"https:\\\/\\\/fjala.info\\\/2009-2015\\\/dr-moikom-zeqo-sekreti-i-madh-i-gjenezave-i\\\/#respond\"]}]},{\"@type\":\"WebPage\",\"@id\":\"https:\\\/\\\/fjala.info\\\/2009-2015\\\/dr-moikom-zeqo-sekreti-i-madh-i-gjenezave-i\\\/\",\"url\":\"https:\\\/\\\/fjala.info\\\/2009-2015\\\/dr-moikom-zeqo-sekreti-i-madh-i-gjenezave-i\\\/\",\"name\":\"DR. MOIKOM ZEQO: SEKRETI I MADH I GJENEZAVE - FjALA e LIR\u00cb - Arkivi\",\"isPartOf\":{\"@id\":\"https:\\\/\\\/fjala.info\\\/2009-2015\\\/#website\"},\"primaryImageOfPage\":{\"@id\":\"https:\\\/\\\/fjala.info\\\/2009-2015\\\/dr-moikom-zeqo-sekreti-i-madh-i-gjenezave-i\\\/#primaryimage\"},\"image\":{\"@id\":\"https:\\\/\\\/fjala.info\\\/2009-2015\\\/dr-moikom-zeqo-sekreti-i-madh-i-gjenezave-i\\\/#primaryimage\"},\"thumbnailUrl\":\"http:\\\/\\\/www.fjala.info\\\/2014\\\/moikom_zeqo.jpg\",\"datePublished\":\"2014-06-09T15:52:44+00:00\",\"breadcrumb\":{\"@id\":\"https:\\\/\\\/fjala.info\\\/2009-2015\\\/dr-moikom-zeqo-sekreti-i-madh-i-gjenezave-i\\\/#breadcrumb\"},\"inLanguage\":\"sq-AL\",\"potentialAction\":[{\"@type\":\"ReadAction\",\"target\":[\"https:\\\/\\\/fjala.info\\\/2009-2015\\\/dr-moikom-zeqo-sekreti-i-madh-i-gjenezave-i\\\/\"]}]},{\"@type\":\"ImageObject\",\"inLanguage\":\"sq-AL\",\"@id\":\"https:\\\/\\\/fjala.info\\\/2009-2015\\\/dr-moikom-zeqo-sekreti-i-madh-i-gjenezave-i\\\/#primaryimage\",\"url\":\"http:\\\/\\\/www.fjala.info\\\/2014\\\/moikom_zeqo.jpg\",\"contentUrl\":\"http:\\\/\\\/www.fjala.info\\\/2014\\\/moikom_zeqo.jpg\"},{\"@type\":\"BreadcrumbList\",\"@id\":\"https:\\\/\\\/fjala.info\\\/2009-2015\\\/dr-moikom-zeqo-sekreti-i-madh-i-gjenezave-i\\\/#breadcrumb\",\"itemListElement\":[{\"@type\":\"ListItem\",\"position\":1,\"name\":\"Home\",\"item\":\"https:\\\/\\\/fjala.info\\\/2009-2015\\\/\"},{\"@type\":\"ListItem\",\"position\":2,\"name\":\"DR. MOIKOM ZEQO: SEKRETI I MADH I GJENEZAVE\"}]},{\"@type\":\"WebSite\",\"@id\":\"https:\\\/\\\/fjala.info\\\/2009-2015\\\/#website\",\"url\":\"https:\\\/\\\/fjala.info\\\/2009-2015\\\/\",\"name\":\"FjALA e LIR\u00cb - Arkivi\",\"description\":\"Arkivi 2009-2015\",\"publisher\":{\"@id\":\"https:\\\/\\\/fjala.info\\\/2009-2015\\\/#organization\"},\"potentialAction\":[{\"@type\":\"SearchAction\",\"target\":{\"@type\":\"EntryPoint\",\"urlTemplate\":\"https:\\\/\\\/fjala.info\\\/2009-2015\\\/?s={search_term_string}\"},\"query-input\":{\"@type\":\"PropertyValueSpecification\",\"valueRequired\":true,\"valueName\":\"search_term_string\"}}],\"inLanguage\":\"sq-AL\"},{\"@type\":\"Organization\",\"@id\":\"https:\\\/\\\/fjala.info\\\/2009-2015\\\/#organization\",\"name\":\"FjALA e LIR\u00cb - Arkivi\",\"url\":\"https:\\\/\\\/fjala.info\\\/2009-2015\\\/\",\"logo\":{\"@type\":\"ImageObject\",\"inLanguage\":\"sq-AL\",\"@id\":\"https:\\\/\\\/fjala.info\\\/2009-2015\\\/#\\\/schema\\\/logo\\\/image\\\/\",\"url\":\"\",\"contentUrl\":\"\",\"caption\":\"FjALA e LIR\u00cb - Arkivi\"},\"image\":{\"@id\":\"https:\\\/\\\/fjala.info\\\/2009-2015\\\/#\\\/schema\\\/logo\\\/image\\\/\"}},{\"@type\":\"Person\",\"@id\":\"https:\\\/\\\/fjala.info\\\/2009-2015\\\/#\\\/schema\\\/person\\\/3aa1163ef05469c496fc94e77611ada2\",\"name\":\"admin\",\"image\":{\"@type\":\"ImageObject\",\"inLanguage\":\"sq-AL\",\"@id\":\"https:\\\/\\\/fjala.info\\\/2009-2015\\\/wp-content\\\/uploads\\\/2012\\\/02\\\/arben_cokaj-120x150.jpg\",\"url\":\"https:\\\/\\\/fjala.info\\\/2009-2015\\\/wp-content\\\/uploads\\\/2012\\\/02\\\/arben_cokaj-120x150.jpg\",\"contentUrl\":\"https:\\\/\\\/fjala.info\\\/2009-2015\\\/wp-content\\\/uploads\\\/2012\\\/02\\\/arben_cokaj-120x150.jpg\",\"caption\":\"admin\"},\"description\":\"Admin, Fjala e Lir\u00eb\",\"sameAs\":[\"https:\\\/\\\/fjala.info\\\/\"],\"url\":\"https:\\\/\\\/fjala.info\\\/2009-2015\\\/author\\\/admin\\\/\"}]}<\/script>\n<!-- \/ Yoast SEO plugin. -->","yoast_head_json":{"title":"DR. MOIKOM ZEQO: SEKRETI I MADH I GJENEZAVE - FjALA e LIR\u00cb - Arkivi","robots":{"index":"index","follow":"follow","max-snippet":"max-snippet:-1","max-image-preview":"max-image-preview:large","max-video-preview":"max-video-preview:-1"},"canonical":"https:\/\/fjala.info\/2009-2015\/dr-moikom-zeqo-sekreti-i-madh-i-gjenezave-i\/","og_locale":"sq_AL","og_type":"article","og_title":"DR. MOIKOM ZEQO: SEKRETI I MADH I GJENEZAVE - FjALA e LIR\u00cb - Arkivi","og_description":"Tiran\u00eb, 02. 05. 2014 &#8211; N\u00eb vend t\u00eb nj\u00eb parafjale &#8211; (&#8220;Faktet jan\u00eb t\u00eb dobishme &#8211; s&#8217;jan\u00eb ato banesa ime, ato jan\u00eb shkall\u00eb me t\u00eb cilat un\u00eb ngjitem n\u00eb banes\u00ebn time&#8221;. UOLLT UITMAN. &#8220;Natyra e do t\u00eb rrethohet nga fsheht\u00ebsit\u00eb&#8221;. \/HERAKLITI) I. Historia e njeriut \u00ebsht\u00eb vet\u00ebm nj\u00eb pjes\u00eb e historis\u00eb s\u00eb natyr\u00ebs. Midis tyre [&hellip;]","og_url":"https:\/\/fjala.info\/2009-2015\/dr-moikom-zeqo-sekreti-i-madh-i-gjenezave-i\/","og_site_name":"FjALA e LIR\u00cb - Arkivi","article_published_time":"2014-06-09T15:52:44+00:00","og_image":[{"url":"http:\/\/www.fjala.info\/2014\/moikom_zeqo.jpg","type":"","width":"","height":""}],"author":"admin","twitter_card":"summary_large_image","twitter_misc":{"Written by":"admin","Est. reading time":"27 minutes"},"schema":{"@context":"https:\/\/schema.org","@graph":[{"@type":"Article","@id":"https:\/\/fjala.info\/2009-2015\/dr-moikom-zeqo-sekreti-i-madh-i-gjenezave-i\/#article","isPartOf":{"@id":"https:\/\/fjala.info\/2009-2015\/dr-moikom-zeqo-sekreti-i-madh-i-gjenezave-i\/"},"author":{"name":"admin","@id":"https:\/\/fjala.info\/2009-2015\/#\/schema\/person\/3aa1163ef05469c496fc94e77611ada2"},"headline":"DR. MOIKOM ZEQO: SEKRETI I MADH I GJENEZAVE","datePublished":"2014-06-09T15:52:44+00:00","mainEntityOfPage":{"@id":"https:\/\/fjala.info\/2009-2015\/dr-moikom-zeqo-sekreti-i-madh-i-gjenezave-i\/"},"wordCount":5369,"commentCount":0,"publisher":{"@id":"https:\/\/fjala.info\/2009-2015\/#organization"},"image":{"@id":"https:\/\/fjala.info\/2009-2015\/dr-moikom-zeqo-sekreti-i-madh-i-gjenezave-i\/#primaryimage"},"thumbnailUrl":"http:\/\/www.fjala.info\/2014\/moikom_zeqo.jpg","articleSection":["Artikuj"],"inLanguage":"sq-AL","potentialAction":[{"@type":"CommentAction","name":"Comment","target":["https:\/\/fjala.info\/2009-2015\/dr-moikom-zeqo-sekreti-i-madh-i-gjenezave-i\/#respond"]}]},{"@type":"WebPage","@id":"https:\/\/fjala.info\/2009-2015\/dr-moikom-zeqo-sekreti-i-madh-i-gjenezave-i\/","url":"https:\/\/fjala.info\/2009-2015\/dr-moikom-zeqo-sekreti-i-madh-i-gjenezave-i\/","name":"DR. MOIKOM ZEQO: SEKRETI I MADH I GJENEZAVE - FjALA e LIR\u00cb - Arkivi","isPartOf":{"@id":"https:\/\/fjala.info\/2009-2015\/#website"},"primaryImageOfPage":{"@id":"https:\/\/fjala.info\/2009-2015\/dr-moikom-zeqo-sekreti-i-madh-i-gjenezave-i\/#primaryimage"},"image":{"@id":"https:\/\/fjala.info\/2009-2015\/dr-moikom-zeqo-sekreti-i-madh-i-gjenezave-i\/#primaryimage"},"thumbnailUrl":"http:\/\/www.fjala.info\/2014\/moikom_zeqo.jpg","datePublished":"2014-06-09T15:52:44+00:00","breadcrumb":{"@id":"https:\/\/fjala.info\/2009-2015\/dr-moikom-zeqo-sekreti-i-madh-i-gjenezave-i\/#breadcrumb"},"inLanguage":"sq-AL","potentialAction":[{"@type":"ReadAction","target":["https:\/\/fjala.info\/2009-2015\/dr-moikom-zeqo-sekreti-i-madh-i-gjenezave-i\/"]}]},{"@type":"ImageObject","inLanguage":"sq-AL","@id":"https:\/\/fjala.info\/2009-2015\/dr-moikom-zeqo-sekreti-i-madh-i-gjenezave-i\/#primaryimage","url":"http:\/\/www.fjala.info\/2014\/moikom_zeqo.jpg","contentUrl":"http:\/\/www.fjala.info\/2014\/moikom_zeqo.jpg"},{"@type":"BreadcrumbList","@id":"https:\/\/fjala.info\/2009-2015\/dr-moikom-zeqo-sekreti-i-madh-i-gjenezave-i\/#breadcrumb","itemListElement":[{"@type":"ListItem","position":1,"name":"Home","item":"https:\/\/fjala.info\/2009-2015\/"},{"@type":"ListItem","position":2,"name":"DR. MOIKOM ZEQO: SEKRETI I MADH I GJENEZAVE"}]},{"@type":"WebSite","@id":"https:\/\/fjala.info\/2009-2015\/#website","url":"https:\/\/fjala.info\/2009-2015\/","name":"FjALA e LIR\u00cb - Arkivi","description":"Arkivi 2009-2015","publisher":{"@id":"https:\/\/fjala.info\/2009-2015\/#organization"},"potentialAction":[{"@type":"SearchAction","target":{"@type":"EntryPoint","urlTemplate":"https:\/\/fjala.info\/2009-2015\/?s={search_term_string}"},"query-input":{"@type":"PropertyValueSpecification","valueRequired":true,"valueName":"search_term_string"}}],"inLanguage":"sq-AL"},{"@type":"Organization","@id":"https:\/\/fjala.info\/2009-2015\/#organization","name":"FjALA e LIR\u00cb - Arkivi","url":"https:\/\/fjala.info\/2009-2015\/","logo":{"@type":"ImageObject","inLanguage":"sq-AL","@id":"https:\/\/fjala.info\/2009-2015\/#\/schema\/logo\/image\/","url":"","contentUrl":"","caption":"FjALA e LIR\u00cb - Arkivi"},"image":{"@id":"https:\/\/fjala.info\/2009-2015\/#\/schema\/logo\/image\/"}},{"@type":"Person","@id":"https:\/\/fjala.info\/2009-2015\/#\/schema\/person\/3aa1163ef05469c496fc94e77611ada2","name":"admin","image":{"@type":"ImageObject","inLanguage":"sq-AL","@id":"https:\/\/fjala.info\/2009-2015\/wp-content\/uploads\/2012\/02\/arben_cokaj-120x150.jpg","url":"https:\/\/fjala.info\/2009-2015\/wp-content\/uploads\/2012\/02\/arben_cokaj-120x150.jpg","contentUrl":"https:\/\/fjala.info\/2009-2015\/wp-content\/uploads\/2012\/02\/arben_cokaj-120x150.jpg","caption":"admin"},"description":"Admin, Fjala e Lir\u00eb","sameAs":["https:\/\/fjala.info\/"],"url":"https:\/\/fjala.info\/2009-2015\/author\/admin\/"}]}},"_links":{"self":[{"href":"https:\/\/fjala.info\/2009-2015\/wp-json\/wp\/v2\/posts\/1314","targetHints":{"allow":["GET"]}}],"collection":[{"href":"https:\/\/fjala.info\/2009-2015\/wp-json\/wp\/v2\/posts"}],"about":[{"href":"https:\/\/fjala.info\/2009-2015\/wp-json\/wp\/v2\/types\/post"}],"author":[{"embeddable":true,"href":"https:\/\/fjala.info\/2009-2015\/wp-json\/wp\/v2\/users\/1"}],"replies":[{"embeddable":true,"href":"https:\/\/fjala.info\/2009-2015\/wp-json\/wp\/v2\/comments?post=1314"}],"version-history":[{"count":0,"href":"https:\/\/fjala.info\/2009-2015\/wp-json\/wp\/v2\/posts\/1314\/revisions"}],"wp:attachment":[{"href":"https:\/\/fjala.info\/2009-2015\/wp-json\/wp\/v2\/media?parent=1314"}],"wp:term":[{"taxonomy":"category","embeddable":true,"href":"https:\/\/fjala.info\/2009-2015\/wp-json\/wp\/v2\/categories?post=1314"},{"taxonomy":"post_tag","embeddable":true,"href":"https:\/\/fjala.info\/2009-2015\/wp-json\/wp\/v2\/tags?post=1314"}],"curies":[{"name":"wp","href":"https:\/\/api.w.org\/{rel}","templated":true}]}}