{"id":130,"date":"2011-11-12T23:06:22","date_gmt":"2011-11-12T22:06:22","guid":{"rendered":"http:\/\/fjala.shkoder.net\/?p=130"},"modified":"2011-11-12T23:06:22","modified_gmt":"2011-11-12T22:06:22","slug":"kosova-nje-kurban-per-pushtetin-berishist","status":"publish","type":"post","link":"https:\/\/fjala.info\/2009-2015\/kosova-nje-kurban-per-pushtetin-berishist\/","title":{"rendered":"Kosova, nj\u00eb KURBAN p\u00ebr pushtetin Berishist?"},"content":{"rendered":"<p><img decoding=\"async\" class=\"alignright size-thumbnail wp-image-7236\" title=\"Andrea Stefani - Komploti kund\u00ebr liris\u00eb\" src=\"http:\/\/www.shkoder.net\/images\/fjala\/2011\/as_komploti_kunder_lirise.jpg\" alt=\"\" width=\"300\" \/> <strong>Andrea Stefani<\/strong>, <em>12 N\u00ebntor 2011<\/em><\/p>\n<p>Kryeministri Berisha duket se n\u00eb planet e tij p\u00ebr t\u2019u jet\u00ebgjat\u00ebsuar pafund\u00ebsisht n\u00eb pushtet, ka edhe nj\u00eb ndarje t\u00eb mundshme te territoreve t\u00eb Kosov\u00ebs mes Tiran\u00ebs dhe Beogradit. Ky \u00ebsht\u00eb nj\u00eb nga p\u00ebrfundimet q\u00eb Andrea Stefani ka nxjerr\u00eb n\u00eb librin e tij \u201cKomploti kund\u00ebr Liris\u00eb\u201d q\u00eb po i servilet k\u00ebto dit\u00eb lexuesit shqiptar nga sht\u00ebpia botuese \u201cOnufri\u201d n\u00eb panairin e librit. P\u00ebrfundimi p\u00ebr k\u00ebt\u00eb rrezik t\u00eb mundsh\u00ebm \u00ebsht\u00eb nxjerr\u00eb nga autori n\u00ebp\u00ebrmjet shqyrtimit t\u00eb v\u00ebmendsh\u00ebm t\u00eb diplomacis\u00eb berishiane, por edhe t\u00eb disa dokumenteve diplomatike t\u00eb publikuara m\u00eb s\u00eb fundi nga Wikileaks. Po i japim lexuesit t\u00eb \u201cTem\u00ebs\u201d fragmentin e librit ku autori trajton k\u00ebt\u00eb shqet\u00ebsim:<\/p>\n<p><strong>Plane p\u00ebr Cop\u00ebtimin e Kosov\u00ebs?<\/strong><\/p>\n<p><em>Ndarja e Kosov\u00ebs mes Serbis\u00eb dhe Shqip\u00ebris\u00eb \u00ebsht\u00eb i vetmi opsion realist<\/em>.- <strong>Ivica Da\u00e7i\u00e7<\/strong><\/p>\n<p>Mb\u00ebshtetja e verb\u00ebr p\u00ebr autokratin Berisha mund t\u2019i ket\u00eb rr\u00ebnj\u00ebt jo pak edhe n\u00eb interesat gjeostrategjike t\u00eb Per\u00ebndimit n\u00eb gadishullin e Ballkanit. N\u00eb vitin 2009 Berisha b\u00ebri nj\u00eb vizit\u00eb n\u00eb Kosov\u00eb ku u dekorua nga Hashim Tha\u00e7i me \u201curdhrin e liris\u00eb\u201d. Ishte ironike dhe e dhimbshme q\u00eb k\u00ebtij autokrati t\u2019i jepej urdhri i liris\u00eb nga nj\u00eb ish luft\u00ebtar i U\u00c7K-s\u00eb t\u00eb cilin, policia e Berish\u00ebs e kish arrestuar dikur, nd\u00ebrsa vepronte n\u00eb Tiran\u00eb n\u00eb interes t\u00eb U\u00c7K-s\u00eb. Propaganda qeveritare n\u00eb t\u00eb dy shtetet b\u00ebri kujdes ta paraqiste Berish\u00ebn si lideri i t\u00eb gjith\u00eb shqiptar\u00ebve. T\u00eb krijohej p\u00ebrshtypja se, me at\u00eb vizit\u00eb, Berisha donte t\u2019i tregonte SHBA-ve dhe BE-s\u00eb se nuk ishte lider vet\u00ebm i Shqip\u00ebris\u00eb por, n\u00eb nj\u00eb kuptim, edhe i Kosov\u00ebs dhe se largimi i tij nga pushteti, mund t\u00eb kishte pasoja negative deri edhe rajonale. Ca vite m\u00eb von\u00eb, n\u00eb korrik t\u00eb vitit 2011 gazeta \u201cKoha Ditore\u201d do botonte nj\u00eb dokument t\u00eb \u201c\u00cbikileaks\u201d ku shprehej brengosja e Hashim Tha\u00e7it, p\u00ebr ndikimin e Berish\u00ebs n\u00eb Kosov\u00eb. Sipas dokumentit, n\u00eb fakt nj\u00eb kabllogram i Ambasad\u00ebs amerikane n\u00eb Prishtin\u00eb drejtuar Departamentit t\u00eb Shtetit, rezulton se n\u00eb nj\u00eb bised\u00eb private me zyrtar\u00eb t\u00eb ambasad\u00ebs amerikane n\u00eb Prishtin\u00eb, m\u00eb 13 gusht 2009, Tha\u00e7i ishte shprehur i brengosur nga \u201cp\u00ebrzierja n\u00eb politik\u00ebn e Kosov\u00ebs\u201d q\u00eb sipas tij b\u00ebn kryeministri i Shqip\u00ebris\u00eb:<\/p>\n<p>\u201cP\u00ebr m\u00eb tep\u00ebr, Tha\u00e7i kishte ishte shprehur se p\u00ebrzierja nga Shqip\u00ebria n\u00eb politik\u00ebn kosovare paraqiste \u201ck\u00ebrc\u00ebnim\u201d p\u00ebr Kosov\u00ebn, nd\u00ebrsa ka k\u00ebrkuar nd\u00ebrhyrje amerikane te Berisha, duke theksuar se \u201cKosova \u00ebsht\u00eb nj\u00eb shtet i pavarur, dhe jo krahin\u00eb e Shqip\u00ebris\u00eb\u2026Tha\u00e7i tha se p\u00ebrfshirja shqiptare n\u00eb politik\u00ebn n\u00eb Kosov\u00eb paraqet nj\u00eb k\u00ebrc\u00ebnim p\u00ebr Kosov\u00ebn dhe k\u00ebrkoi nga Ambasada q\u00eb t\u00eb kund\u00ebrshtoj\u00eb nj\u00eb p\u00ebrfshirje t\u00eb till\u00eb\u201d, thuhet n\u00eb kabllon diplomatike. \u201cAi po ashtu k\u00ebrkoi nga Qeveria e SHBA-s\u00eb q\u00eb, p\u00ebrmes Ambasad\u00ebs n\u00eb Tiran\u00eb, t\u00eb peshoj\u00eb me Berish\u00ebn dhe t\u00eb k\u00ebrkoj\u00eb nga ai t\u00eb p\u00ebrmbahet nga deklarimet apo veprimet q\u00eb ngritin frik\u00eb n\u00eb rajon nga panshqiptarizmi\u201d.<\/p>\n<p>Por ndryshe nga \u00e7\u2019k\u00ebrkonte Tha\u00e7i, nd\u00ebrkomb\u00ebtar\u00ebt vazhdimisht kan\u00eb ndjer\u00eb nevoj\u00ebn q\u00eb Tirana t\u00eb nd\u00ebrhyj\u00eb koh\u00eb pas kohe p\u00ebr t\u00eb qet\u00ebsuar uj\u00ebrat mes Kosov\u00ebs dhe Serbis\u00eb. Berisha ka b\u00ebr\u00eb gjith\u00e7ka p\u00ebr t\u00eb d\u00ebshmuar se \u00ebsht\u00eb lideri q\u00eb e ka ekskluzivitet tutorializmin mbi lider\u00ebt shqiptar\u00eb n\u00eb rajon. \u00cbsht\u00eb ndihur edhe nga fakti se jo pak kosovar\u00eb, p\u00ebr shkak t\u00eb nj\u00eb tendence lokaliste t\u00eb fort\u00eb, e perceptojn\u00eb at\u00eb si t\u00eb tyrin. Simpati q\u00eb nuk e kan\u00eb shfaqur kurr\u00eb as p\u00ebr Fatos Nanon dhe as p\u00ebr ndonj\u00eb politikan tjet\u00ebr n\u00eb Tiran\u00eb. Si p\u00ebr shembull, p\u00ebr Pandeli Majkon, q\u00eb kur ishte kryeminist\u00ebr, ka b\u00ebr\u00eb p\u00ebr kosovar\u00ebt shum\u00eb m\u00eb tep\u00ebr se Berisha n\u00eb momentet e eksodit t\u00eb tyre biblik. Por Berisha \u00ebsht\u00eb nga Tropoja, nj\u00eb krahin\u00eb malore n\u00eb Veri t\u00eb Shqip\u00ebris\u00eb, thuajse pjes\u00eb e Kosov\u00ebs n\u00eb pik\u00ebpamje gjeografike dhe q\u00eb ndan shum\u00eb tradita lokale me t\u00eb. Ndryshe s\u2019ka si shpjegohet kjo simpati p\u00ebr nj\u00eb lider q\u00eb kur ja ka dashur interesi i pushtetit, ka b\u00ebr\u00eb duksh\u00ebm gj\u00ebra jo n\u00eb p\u00ebrputhje me interesin e Kosov\u00ebs. K\u00ebtu hyjn\u00eb jo vet\u00ebm kontrabanda e naft\u00ebs me regjimin e Milloshevi\u00e7it apo sugjerimi p\u00ebr mosn\u00ebnshkrimin e marr\u00ebveshjes s\u00eb Rambujes\u00eb, por deri edhe p\u00ebrndjekjet e figurave t\u00eb U\u00c7K.<\/p>\n<p>T\u00eb lind dyshimi se rikthimi i Berish\u00ebs nuk \u00ebsht\u00eb i palidhur me \u201cpanshqiptarizmin\u201d q\u00eb p\u00ebrmend me shqet\u00ebsim edhe Hashim Tha\u00e7i. P\u00ebr \u00e7far\u00eb panshqiptarizmi b\u00ebhet fjal\u00eb? Kjo mbetet t\u00eb shihet. Por \u00ebsht\u00eb fakt se nj\u00eb nga lajtmotivet e qeveris\u00eb Berisha pas vitit 2005 ka qen\u00eb normalizimi i marr\u00ebdh\u00ebnieve me Serbin\u00eb. P\u00ebr k\u00ebt\u00eb q\u00ebllim, n\u00eb vitin 2010, z\u00ebvend\u00ebskryeministri Ilir Meta, b\u00ebri edhe nj\u00eb vizit\u00eb n\u00eb Beograd. Pas k\u00ebsaj vizite, n\u00eb pranver\u00ebn e vitit 2011 nga politika serbe edhe me goj\u00ebn e presidentit Tadi\u00e7, u l\u00ebshua teza se duhet t\u00eb jen\u00eb Tirana dhe Beogradi ato q\u00eb duhet t\u00eb zgjidhin \u00e7\u00ebshtjen e Kosov\u00ebs. Kjo do t\u00eb thoshte t\u00eb nxirrej jasht\u00eb loje jo vet\u00ebm Prishtina por edhe sovraniteti i Kosov\u00ebs si shtet. Pse kjo preferenc\u00eb e Beogradit p\u00ebr Tiran\u00ebn, n\u00eb fakt, p\u00ebr Berish\u00ebn? P\u00ebrse preferohej Berisha si pal\u00eb dhe jo Prishtina? N\u00eb fakt Beogradi po e trajtonte Kosov\u00ebn jo si shtet t\u00eb pavarur por si krahin\u00eb t\u00eb Shqip\u00ebris\u00eb. Pik\u00ebrisht ashtu si\u00e7 Tha\u00e7i ankohej se Berisha po sillej ndaj Kosov\u00ebs. N\u00eb k\u00ebt\u00eb pik\u00eb nuk mund t\u00eb mos kujtojm\u00eb edhe akuzat e sip\u00ebrcituara q\u00eb gazetar\u00eb per\u00ebndimor\u00eb kan\u00eb publikuar lidhur me Berish\u00ebn si politikan i mb\u00ebshtetur nga qarqe britanike proserbe.<\/p>\n<p>N\u00ebn k\u00ebt\u00eb optik\u00eb, Berisha na shfaqet edhe si nj\u00eb \u201cKal\u00eb Troje\u201d i Serbis\u00eb, i gatsh\u00ebm q\u00eb n\u00eb momentin e duhur dhe p\u00ebr interesa t\u00eb p\u00ebrjet\u00ebsimit n\u00eb pushtet, t\u00eb b\u00ebj\u00eb ato l\u00ebshime n\u00eb kurriz t\u00eb Kosov\u00ebs q\u00eb nuk do t\u2019i b\u00ebnte dot asnj\u00eb politikan tjet\u00ebr shqiptar. Dukuria nuk ka qen\u00eb nj\u00eb m\u00ebkat i panjohur p\u00ebr qeveritar\u00ebt shqiptar\u00eb. Zogu kish shitur Sh\u00ebn Naumin dhe Vermoshin. Enver Hoxha, n\u00eb ballafaqim me Titon, nuk kish k\u00ebmb\u00ebngulur p\u00ebr respektimin e t\u00eb drejt\u00ebs s\u00eb vet\u00ebvendosjes e Kosov\u00ebs. Berisha, edhe sikund\u00ebr shihet n\u00eb kabllogramet e \u00cbikileaks, ishte koshient p\u00ebr padrejt\u00ebsin\u00eb q\u00eb i b\u00ebhej Shqip\u00ebris\u00eb, ka ofruar deri dh\u00ebnien e uj\u00ebrave detare Greqis\u00eb. Ai ka b\u00ebr\u00eb me t\u00eb huajt mjaft koncesione rr\u00ebnuese p\u00ebr shtetin shqiptar. Tradicionalisht, pushtetar\u00ebt shqiptar\u00eb kan\u00eb shitur shtetin dhe interesat e tij n\u00eb em\u00ebr t\u00eb pushtetit. Tani kish ardhur koha q\u00eb edhe Berisha t\u00eb shiste kombin!<\/p>\n<p>N\u00ebse pranohet kjo hipotez\u00eb, mund t\u00eb thuhet se edhe largimi i Fatos Nanos u mb\u00ebshtet ndoshta edhe p\u00ebr faktin se ai nuk e luante dot nj\u00eb rol t\u00eb till\u00eb. Ka mbetur ende mister se \u00e7far\u00eb \u00ebsht\u00eb biseduar mes Nanos dhe z\u00ebvend\u00ebsdrejtorit t\u00eb CIA-as q\u00eb vizitoi Tiran\u00ebn pak para zgjedhjeve t\u00eb korrikut 2005. P\u00ebshp\u00ebritet se Nanos i \u00ebsht\u00eb th\u00ebn\u00eb t\u00eb largohet. Fakt \u00ebsht\u00eb se Berisha u rikthye n\u00eb pushtet duke patur ende m\u00eb pak vota se e majta. Dhe q\u00eb nga ajo koh\u00eb po q\u00ebndron n\u00eb pushtet edhe m\u00eb me pak vota se opozita. E gjitha bie er\u00eb e nj\u00eb skenari apo marr\u00ebveshjeje t\u00eb fsheht\u00eb q\u00eb ndoshta do t\u00eb zbardhet ndonj\u00eb dit\u00eb. Po n\u00eb k\u00ebt\u00eb logjik\u00eb mund t\u00eb komentohet edhe thashethemnaja se \u201cnd\u00ebrkomb\u00ebtar\u00ebt nuk e duan Edi Ram\u00ebn\u201d. N\u00ebse k\u00ebtu ka di\u00e7ka t\u00eb v\u00ebrtet\u00eb, me shum\u00eb gjasa, ajo nuk ka t\u00eb b\u00ebj\u00eb me veset e Ram\u00ebs si politikan. Po t\u00eb ish p\u00ebr vese, nd\u00ebrkomb\u00ebtar\u00ebt duhet t\u00eb kishin flakur me koh\u00eb autokratin dhe t\u00eb korruptuarin Berisha. Ka m\u00eb shum\u00eb t\u00eb ngjar\u00eb q\u00eb mungesa e mb\u00ebshtetjes nga nd\u00ebrkomb\u00ebtar\u00ebt p\u00ebr ardhjen e Edi Ram\u00ebs n\u00eb pushtet, t\u00eb ket\u00eb t\u00eb b\u00ebj\u00eb pik\u00ebrisht me faktin se ai, ndon\u00ebse ka nj\u00eb origjin\u00eb nga qyteti verior i Shkodr\u00ebs, mendohet nuk \u00ebsht\u00eb n\u00eb gjendje t\u00eb ndikoj\u00eb fuqish\u00ebm n\u00eb politik\u00ebn kosovare sikund\u00ebr Berisha. Ndoshta sepse e ndjenin k\u00ebt\u00eb mang\u00ebsi, njer\u00ebz pran\u00eb Ram\u00ebs nis\u00ebn t\u00eb artikulojn\u00eb, andej nga fillimi i vitit 2011, nevoj\u00ebn e nj\u00eb vizite t\u00eb tij n\u00eb Kosov\u00eb.<\/p>\n<p>N\u00ebse \u00ebsht\u00eb v\u00ebrtet k\u00ebshtu, ky pragmatiz\u00ebm i nd\u00ebrkomb\u00ebtar\u00ebve ka inkurajuar jo pak, autokratizmin berishist dhe tendencat tiranike n\u00eb Tiran\u00eb. Por duhet pranuar se Berisha ka qen\u00eb m\u00eb i qart\u00eb se t\u00eb gjith\u00eb rival\u00ebt e tij duke parashikuar se do t\u00eb vinte momenti q\u00eb interesat rajonale dhe gjeostrategjike t\u00eb per\u00ebndimor\u00ebve, t\u00eb prevalonin mbi ato t\u00eb demokracis\u00eb n\u00eb nj\u00eb vend t\u00eb vog\u00ebl si Shqip\u00ebria. Prandaj ai e ruajti me xhelozi statusin e tij si nj\u00eb lider me ndikim n\u00eb Kosov\u00eb dhe trojet e tjera shqiptare. Ky duket ka qen\u00eb dhe shkaku se p\u00ebrse ai e sulmoi me t\u00ebrbim Fatos Nanon kur ky i fundit kuturisi t\u00eb takohet me Sllobodan Miloshevi\u00e7in. Gj\u00eb q\u00eb nuk e b\u00ebri n\u00eb rastin e Ibrahim Rugov\u00ebs edhe pse ai e takoi diktatorin serb, pik\u00ebrisht kur i kish v\u00ebn\u00eb zjarrin Kosov\u00ebs. Nuk ishte meraku p\u00ebr \u201cAtdheun\u201d q\u00eb e b\u00ebri Berish\u00ebn t\u00eb denonconte Nanon si tradhtar t\u00eb kombit, por frika se po i rr\u00ebmbente statusin ekskluziv t\u00eb liderit me ndikim rajonal.<\/p>\n<p>Q\u00eb Berisha \u00ebsht\u00eb p\u00ebrpjekur t\u00eb krijoj\u00eb edhe tek amerikan\u00ebt dhe nd\u00ebrkomb\u00ebtar\u00ebt kultin e liderit mbar\u00ebshqiptar, duket edhe n\u00eb nj\u00eb s\u00ebr\u00eb kabllogramesh t\u00eb publikuar nga \u00cbikileaks nga rezulton se Berisha i angazhohet amerikan\u00ebve se do t\u00eb ndikoj\u00eb mbi politikan\u00ebt kosovar\u00eb p\u00ebr probleme t\u00eb ndryshme dhe ve\u00e7an\u00ebrisht p\u00ebr raportet e tyre m\u00eb S\u00ebrbin\u00eb. Ai nuk e fsheh fare pretendimin p\u00ebr t\u00eb qen\u00eb nj\u00eb \u201cDutch Uncle\u201d apo mentori i rrept\u00eb i politikan\u00ebve kosovar\u00eb. Nga ana e tyre, edhe amerikan\u00ebt nuk ngurrojn\u00eb t\u2019ia k\u00ebrkojn\u00eb Berish\u00ebs ushtrimin e k\u00ebtij ndikimi. Kjo e k\u00ebnaq Berish\u00ebn sepse nj\u00eb nga synimet e tij \u00ebsht\u00eb t\u00eb mbetet i nevojsh\u00ebm p\u00ebr nd\u00ebrkomb\u00ebtar\u00ebt, ve\u00e7an\u00ebrisht p\u00ebr amerikan\u00ebt. Sepse n\u00ebse ia kan\u00eb nevoj\u00ebn pafund\u00ebsisht, do ta mbajn\u00eb n\u00eb pushtet pafund\u00ebsisht. Nd\u00ebrkaq, amerikan\u00ebt e kan\u00eb porositur disa her\u00eb t\u00eb b\u00ebnte kujdes q\u00eb shtetet fqinje, t\u00eb ishin t\u00eb sigurt se Tirana nuk ushqente \u00ebndrr\u00ebn e \u201cShqip\u00ebris\u00eb s\u00eb Madhe\u201d. Dhe duket se Berisha \u00ebsht\u00eb konfirmuar me k\u00ebt\u00eb sugjerim t\u00eb amerikan\u00ebve. Nj\u00eb pozicion ku shihet qart\u00eb se nuk ndihet komod. Dhe nuk \u00ebsht\u00eb fare puna se ndihet keq nga q\u00eb po e detyrojn\u00eb t\u00eb tradhtoj\u00eb nj\u00eb ideal komb\u00ebtar. Si p\u00ebrher\u00eb, \u00e7\u00ebshtja \u00ebsht\u00eb te pushteti dhe lavdia e tij personale. T\u00eb krijohet p\u00ebrshtypja se Berisha p\u00ebrkund n\u00eb kok\u00eb nj\u00eb skenar t\u00eb fsheht\u00eb t\u00eb \u201cShqip\u00ebris\u00eb s\u00eb Madhe\u201d q\u00eb n\u00ebnkupton edhe ndarjen e Kosov\u00ebs. Skenar q\u00eb n\u00eb nj\u00eb moment t\u00eb caktuar, shpreson t\u2019ia imponoj\u00eb amerikan\u00ebve dhe si nj\u00eb \u201crealpolitik\u00eb\u201d.<\/p>\n<p>Dihet se ndarja e Kosov\u00ebs \u00ebsht\u00eb nj\u00eb opsion i ofruar nga Beogradi. Nj\u00eb opsion q\u00eb kund\u00ebrshtohet nga SHBA por mund t\u00eb p\u00ebrtypet nga nj\u00eb Europ\u00eb e lodhur me \u00e7\u00ebshtjen e Kosov\u00ebs. Shenja e par\u00eb q\u00eb Berisha nuk do t\u00eb qe kund\u00ebr nj\u00eb opsioni t\u00eb till\u00eb u dha sapo ai u rikthye n\u00eb pushtet. N\u00eb mars t\u00eb vitit 2006 ambasadorja amerikane n\u00eb Tiran\u00eb, Marsi Ris i raportonte Departamentit:<\/p>\n<p>\u201cMinistri i Jasht\u00ebm Mustafai turbulloi s\u00eb fundi uj\u00ebrat duke sugjeruar se kufijt\u00eb e tjer\u00eb mund t\u00eb ndryshojn\u00eb n\u00eb se Kosova do t\u00eb ndahej, nj\u00eb koment aspak i zgjuar n\u00eb klim\u00ebn korrente\u201d. (\u00cbikileaks, kabllograme t\u00eb ambasad\u00ebs amerikane n\u00eb Tiran\u00eb, 06TIRANA313)<\/p>\n<p>Diplomatja Ris duket nuk kuptonte se deklarata e pazgjuar ishte pjell\u00eb e mendjes dinake t\u00eb Berish\u00ebs. Ministri Besnik Mustafai, nuk do guxonte ta nxirrte nga xhepi i vet nj\u00eb deklarat\u00eb t\u00eb till\u00eb me impakt rajonal. Berisha po testonte pulsin e nd\u00ebrkomb\u00ebtar\u00ebve p\u00ebr ndarjen e Kosov\u00ebs, duke inspiruar nj\u00eb deklarat\u00eb ku nuk dilet vendosm\u00ebrisht kundra k\u00ebtij opsioni por thuhet se, n\u00ebse ndarja ndodh, at\u00ebher\u00eb do t\u00eb ndryshohen kufijt\u00eb. Gj\u00eb q\u00eb n\u00ebnkupton bashkimin e pjes\u00ebs s\u00eb mbetur t\u00eb Kosov\u00ebs me Shqip\u00ebrin\u00eb. Dhe kjo duket se \u00ebsht\u00eb \u00ebndrra \u201catdhetare\u201d e Berish\u00ebs.<\/p>\n<p>Kur, nj\u00eb muaj m\u00eb von\u00eb, ambasadori \u00cbisner i rekomandon Berish\u00ebs t\u00eb qet\u00ebsoj\u00eb vendet e tjera se Tirana nuk ushqen \u00ebndrr\u00ebn e \u201cShqip\u00ebris\u00eb s\u00eb Madhe\u201d Berisha, nga ana e tij, ia hedh fjal\u00ebn se edhe n\u00eb Beograd k\u00ebmb\u00ebngul ideja e \u201cSerbis\u00eb s\u00eb Madhe\u201d. Nuk duket rast\u00ebsi. Q\u00ebndrimi i ngurt\u00eb i S\u00ebrbis\u00eb ndaj pavar\u00ebsis\u00eb s\u00eb Kosov\u00ebs, \u00ebsht\u00eb nj\u00eb premis\u00eb m\u00eb shum\u00eb q\u00eb nj\u00eb dit\u00eb t\u2019i vij\u00eb koha pazarit p\u00ebr ndarjen e Kosov\u00ebs. Por sakaq, Berisha premtoi t\u00eb konformohet me k\u00ebrkes\u00ebn amerikane edhe pse, sikund\u00ebr pohon, i duhet t\u00eb dal\u00eb kundra ides\u00eb s\u00eb Shqip\u00ebris\u00eb s\u00eb Madhe me t\u00eb cil\u00ebn \u00ebsht\u00eb rritur.7<\/p>\n<p>Nga shqyrtimi i kabllogrameve t\u00eb publikuara nga \u00cbikileaks rezulton q\u00eb Berisha t\u00eb ket\u00eb ngucur iden\u00eb q\u00eb Kosova t\u00eb mbetet jasht\u00eb organizat\u00ebs s\u00eb Kombeve t\u00eb Bashkuara. Gj\u00eb q\u00eb do t\u2019a b\u00ebnte Kosov\u00ebn edhe m\u00eb vulnerab\u00ebl ndaj nj\u00eb cop\u00ebtimi t\u00eb mundsh\u00ebm n\u00eb t\u00eb ardhmen. K\u00ebshtu m\u00ebsohet se n\u00eb takimin me \u00cbisner:<\/p>\n<p>\u201cBerisha e shprehu se dikush mund t\u00eb argumentonte mohimin e nj\u00eb vendi p\u00ebr Kosov\u00ebn n\u00eb OKB si nj\u00eb mas\u00eb q\u00eb Serbia t\u00eb ruaj\u00eb prestigjin e saj. Ambasadori \u00cbisner u p\u00ebrgjigj se ishte shum\u00eb her\u00ebt q\u00eb bisedimet t\u00eb merrnin parasysh nj\u00eb strategji t\u00eb till\u00eb. Gjithashtu vuri n\u00eb dyshim se kjo strategji mund t\u00eb \u00e7onte n\u00eb fund n\u00eb marr\u00ebveshje me serb\u00ebt. Ai theksoi se tani \u00ebsht\u00eb e gabuar t\u00eb merreshin p\u00ebr baz\u00eb propozime t\u00eb tilla \u2013 serb\u00ebt nuk kan\u00eb dh\u00ebn\u00eb ndonj\u00eb shenj\u00eb se ekziston nj\u00eb \u00e7mim m\u00eb i ul\u00ebt sesa pozicioni i tyre i preferuar (i.e. \u201cm\u00eb shum\u00eb se autonomi dhe m\u00eb pak se pavar\u00ebsi). (Shih \u00cbikileaks, Kabllograme 06TIRANA408)<\/p>\n<p>M\u00eb pas ambasadorja Ris raporton se Berisha nuk kund\u00ebrshtoi konceptin e nevoj\u00ebs s\u00eb nj\u00eb fleksibiliteti n\u00eb k\u00ebt\u00eb rrafsh. Por nuk kish si ta dinte se me \u201cfleksibilitet\u201d Berisha kuptonte tjet\u00ebr gj\u00eb nga ajo q\u00eb synonte diplomacia amerikane. P\u00ebr Berish\u00ebn t\u00eb jesh fleksib\u00ebl do t\u00eb thot\u00eb t\u00eb mbash hapur shanset p\u00ebr skenar\u00ebt q\u00eb bluan n\u00eb kok\u00eb Berisha.<\/p>\n<p>Duket se n\u00eb Beograd kur l\u00ebshonin nga fillimi i vitit 2011 iden\u00eb e \u201cShqip\u00ebris\u00eb s\u00eb Madhe\u201d pa Mitrovic\u00ebn, llogaritnin edhe natyr\u00ebn e Berish\u00ebs si nj\u00eb politikan egotist q\u00eb shet gjith\u00e7ka p\u00ebr t\u00eb q\u00ebndruar pa fund n\u00eb pushtet. Ndoshta ata ndjenin se Berisha do ta shikonte \u201cbashkimin\u201d si nj\u00eb m\u00ebnyr\u00eb p\u00ebr t\u00eb kompensuar humbjen e mb\u00ebshtetjes nga shumica e elektoratit n\u00eb Shqip\u00ebri. Kosova do ta furnizonte me zgjedh\u00ebs q\u00eb mund ta votonin thjesht p\u00ebr solidaritet krahinor. E ku kishte m\u00eb mir\u00eb q\u00eb edhe t\u00eb shfaqeshe si politikani q\u00eb bashkoi kombin por edhe ta p\u00ebrdorje k\u00ebt\u00eb bashkim, n\u00eb dobi t\u00eb p\u00ebrjet\u00ebsimit n\u00eb pushtet!<\/p>\n<p>Dhe q\u00eb ky skenar mund t\u00eb ket\u00eb qen\u00eb real, p\u00ebrve\u00e7 deklaratave nga Beogradi, kemi dhe nj\u00eb tjet\u00ebr tregues. Esht\u00eb vet\u00eb heshtja e Berish\u00ebs ndaj propozimit serb. Ky \u201cpatriot\u201d q\u00eb kish l\u00ebshuar rrufera kund\u00ebr takimit t\u00eb ish-Kryeministrit socialist Fatos Nano me diktatorin Milloshevi\u00e7, heshti si \u201cfija e barit\u201d kur Beogradi i propozonte Tiran\u00ebs t\u00eb ndanin bashk\u00eb Kosov\u00ebn! \u00cbsht\u00eb nj\u00eb heshtje q\u00eb flet jo pak p\u00ebr k\u00ebdo q\u00eb d\u00ebshiron t\u00eb kuptoj\u00eb.<\/p>\n<p>Kur kam diskutuar me njer\u00ebz t\u00eb ndrysh\u00ebm skenarin e ndarjes s\u00eb Kosov\u00ebs mes Tiran\u00ebs dhe Beogradit, zakonisht ndeshja nj\u00eb reagim q\u00eb e shikonte t\u00eb pamundur nj\u00eb gj\u00eb t\u00eb till\u00eb, gati si nj\u00eb hapje t\u00eb \u201ckutis\u00eb s\u00eb Pandor\u00ebs\u201d n\u00eb Ballkan. Kjo, n\u00eb nj\u00eb far\u00eb m\u00ebnyre, \u00ebsht\u00eb e v\u00ebrtet\u00eb. Por a nuk qe konsideruar parimi i mosndryshimit t\u00eb kufijve po aq i shenjt\u00eb edhe para Luft\u00ebs s\u00eb Kosov\u00ebs? Dhe a nuk u b\u00eb nj\u00eb p\u00ebrjashtim duke e \u00e7muar Kosov\u00ebn nj\u00eb rast t\u00eb ve\u00e7ant\u00eb? Pse t\u00eb mos b\u00ebhej nj\u00eb tjet\u00ebr p\u00ebrjashtim kur tashm\u00eb do t\u00eb hynte n\u00eb loj\u00eb nj\u00eb faktor i ri, bashk\u00ebp\u00eblqimi i pal\u00ebve? Le t\u00eb b\u00ebhej pazari dhe m\u00eb pas do ishte propaganda q\u00eb do t\u2019ia b\u00ebnte trut\u00eb dhall\u00eb shqiptar\u00ebve. Do tu thuhej se v\u00ebrtet kombi humbte ca toka n\u00eb Veri t\u00eb Kosov\u00ebs, por p\u00ebr her\u00eb t\u00eb par\u00eb ai do qe i bashkuar si asnj\u00ebher\u00eb m\u00eb par\u00eb n\u00eb histori. A nuk e vlente bashkimi i shqiptar\u00ebve sakrifikimin e ca pak trojeve? Mund t\u2019u thuhej edhe se korrigjimi i padrejt\u00ebsis\u00eb s\u00eb madhe t\u00eb ndarjes s\u00eb kombit kishte nj\u00eb kosto, nj\u00eb tjet\u00ebr padrejt\u00ebsi m\u00eb e vog\u00ebl q\u00eb mund t\u00eb korrigjohej n\u00eb t\u00eb ardhmen. K\u00ebshtu tradhtia do paraqitej si kulmi i patriotizmit! Por edhe opinionit nd\u00ebrkomb\u00ebtar mund t\u2019i thuhej se ndarja e Kosov\u00ebs mes Tiran\u00ebs dhe Beogradit nuk qe nj\u00eb ndryshim kufijsh. Fakti q\u00eb pal\u00ebt, n\u00eb Tiran\u00eb, Prishtin\u00eb dhe Beograd do t\u00eb bien dakord, a nuk e b\u00ebn nj\u00eb gj\u00eb t\u00eb till\u00eb\u2026\u201dvet\u00ebvendosje\u201d?<\/p>\n<p>Mund t\u00eb qe thjesht koincidenc\u00eb por, gjithsesi, nuk mund t\u00eb mos ngjallte dyshim fakti q\u00eb paralel me deklaratat e Tadi\u00e7 p\u00ebr \u201cShqip\u00ebrin\u00eb e Madhe\u201d, qeveria Berisha ngutej t\u00eb realizonte nj\u00eb regjistrim popullsie ku p\u00ebrfshihej edhe vet\u00ebdeklarimi i komb\u00ebsis\u00eb. Nj\u00eb nism\u00eb q\u00eb ngjalli jo pak dyshime n\u00eb opinionin publik shqiptar se mund t\u00eb keqp\u00ebrdorej nga qarqe shoviniste greke p\u00ebr t\u2019i hapur rrug\u00eb rivendikimeve n\u00eb Jug t\u00eb Shqip\u00ebris\u00eb. Ishte fakt se, p\u00ebr vite me radh\u00eb, qeverit\u00eb greke kishin ndjekur nj\u00eb politik\u00eb q\u00eb nxiste nd\u00ebrrimin emrave nga mysliman\u00eb n\u00eb ortodoks\u00eb t\u00eb emigrant\u00ebve shqiptar\u00eb. Shteti grek ofronte pensione p\u00ebr shqiptar\u00ebt q\u00eb deklaroheshin me komb\u00ebsi greke. Pra ekzistonte nj\u00eb frik\u00eb, jo e pa baz\u00eb, se vet\u00ebdeklarimi i pa dokumentuar i komb\u00ebsis\u00eb, mund t\u00eb rriste fiktivisht madh\u00ebsin\u00eb e minoritetit grek n\u00eb Shqip\u00ebri.<\/p>\n<p>Prandaj kund\u00ebr k\u00ebtij projekti, t\u00eb menaxhuar nga ministri Genc Pollo, u organizua edhe nj\u00eb l\u00ebvizje q\u00eb mori emrin \u201cAleanca Kuq e Zi\u201d. Ajo hartoi edhe nj\u00eb projektligj p\u00ebr regjistrimin e popullsis\u00eb q\u00eb eliminonte rreziqet q\u00eb paraqiste projektligji \u201cPollo\u201d. I n\u00ebnshkruar nga mij\u00ebra shqiptar\u00eb, projekti iu dor\u00ebzua Parlamentit n\u00eb prag t\u00eb diskutimit t\u00eb projektligjit \u201cPollo\u201d. Por shumica Berishiste nuk e mori fare n\u00eb konsiderat\u00eb nism\u00ebn e aleanc\u00ebs \u201cKuq e zi\u201d. N\u00eb korrik 2011 kjo shumic\u00eb miratoi dokumentin \u201cPollo\u201d duke shpallur zhvillimin e regjistrimit n\u00eb tetor. Aleanca \u201ckuq e zi\u201d akuzoi publikisht se n\u00eb votim nuk kish patur 71 deputet\u00eb, sa \u00e7\u2019qe kuorumi i domosdosh\u00ebm p\u00ebr votimin e projektiligjit, por vet\u00ebm 69. \u201cAleanca\u201d publikoi edhe kopjet e biletave t\u00eb avionit t\u00eb t\u00eb dy deputet\u00ebve q\u00eb mesa duket ndodheshin jasht\u00eb shtetit kur n\u00eb em\u00ebr t\u00eb tyre votohej p\u00ebr miratimin e ligjit \u201cPollo\u201d. Shihej qart\u00eb se votat qen\u00eb manipuluar dhe se qeveria ngutej ta miratonte ligjin sa m\u00eb shpejt. Pse ky nxitim? M\u00eb n\u00eb fund edhe vet\u00eb Berisha u deklarua publikisht n\u00eb mbrojtje t\u00eb regjistrimit duke i akuzuar kund\u00ebrshtar\u00ebt e tij si njer\u00ebz pa identitet dhe \u201cfaqezinj\u201d.<\/p>\n<p>P\u00ebr shkak t\u00eb k\u00ebtyre zhvillimeve, lindin dyshime q\u00eb skenari i Tadi\u00e7 i \u201cShqip\u00ebris\u00eb s\u00eb Madhe\u201d pa Mitrovic\u00ebn mund t\u00eb integrohej edhe me skenarin e k\u00ebnaqjes s\u00eb disa pretendimeve greke p\u00ebr \u201cVorio Epirin\u201d n\u00eb Jug t\u00eb Shqip\u00ebris\u00eb. K\u00ebshtu qet\u00ebsohej disi nacionalizmi i acaruar serb por edhe ai grek. Por edhe nacionalizmit shqiptar i ofrohej p\u00ebr her\u00eb t\u00eb par\u00eb pas nj\u00eb shekulli bashkimi i kombit, \u201cShqip\u00ebria e madhe\u201d ndon\u00ebse, p\u00ebrs\u00ebri jo aq e madhe. Regjistrimi i popullsis\u00eb duket edhe si nj\u00eb taktik\u00eb dinake e Berish\u00ebs p\u00ebr ta nxitur dhe Athin\u00ebn t\u00eb jet\u00eb nj\u00eb faktor aktiv presioni mbi Uashingtonin drejti imponimit, si realpolitik\u00eb, t\u00eb nj\u00eb ridizenjimi t\u00eb kufijve n\u00eb k\u00ebt\u00eb pjes\u00eb t\u00eb Ballkanit n\u00eb kurriz t\u00eb trojeve shqiptare.<\/p>\n<p>Skenar\u00eb edhe p\u00ebr zgjidhje t\u00eb tilla t\u00eb \u00e7\u00ebshtjes s\u00eb komplikuar nacionale n\u00eb Ballkan, mund t\u00eb hamend\u00ebsohen si nj\u00eb nga shkaqet q\u00eb shpjegon se p\u00ebrse nd\u00ebrkomb\u00ebtar\u00ebt kan\u00eb ngurruar ta l\u00ebshojn\u00eb Sali Berish\u00ebn edhe pse shihej qartazi se ky autokrat, i diskredituar keq qysh n\u00eb vitin \u201997, po e thellonte zullumin me korrupsion e krim, me skandale si G\u00ebrdeci, masakra si 21 Janarit e deri te grabitja e hapur e mandatit t\u00eb bashkis\u00eb s\u00eb Tiran\u00ebs n\u00eb zgjedhjet e 8 Majit. Berisha po p\u00ebrfitonte nga q\u00eb perceptohej si nj\u00eb lider krahu i t\u00eb cilit shtrihej tej kufijve t\u00eb Shqip\u00ebris\u00eb dhe pra, q\u00eb mund t\u00eb ndikonte n\u00eb zgjidhjen e \u00e7\u00ebshtjes s\u00eb koklavitur Kosov\u00eb-Serbi? Nj\u00eb \u00e7\u00ebshtje kjo jo pa pesh\u00eb sepse kish t\u00eb b\u00ebnte jo vet\u00ebm me Beogradin por edhe me marr\u00ebdh\u00ebniet e Per\u00ebndimit me Rusin\u00eb e Putinit. Dhe n\u00ebn optik\u00ebn e k\u00ebsaj logjike, \u00e7\u2019r\u00ebnd\u00ebsi kish n\u00ebse Berisha dhunonte parimet e demokracis\u00eb liberale n\u00eb nj\u00eb shtet t\u00eb pap\u00ebrfillsh\u00ebm si Shqip\u00ebria nd\u00ebrkoh\u00eb q\u00eb, nga ana tjet\u00ebr, mund t\u00eb qe i vlefsh\u00ebm p\u00ebr t\u2019i dh\u00ebn\u00eb fund ca halleve gjeostrategjike t\u00eb Per\u00ebndimit n\u00eb Ballkanin tashm\u00eb v\u00ebrtet jo n\u00eb flak\u00eb, por p\u00ebrs\u00ebri nj\u00eb fu\u00e7i baruti q\u00eb q\u00ebndronte mbi nj\u00eb mangall plot prush nacionalizmash?<\/p>\n<p>Nd\u00ebrkaq nuk mund t\u00eb mos shtrohet edhe nj\u00eb pyetje: P\u00ebrse Per\u00ebndimi nuk po k\u00ebmb\u00ebngulte t\u00eb zgjidhte \u00e7\u00ebshtjet e koklavitura nacionale n\u00eb Ballkan me an\u00eb t\u00eb t\u00eb integrimit t\u00eb shteteve t\u00eb k\u00ebtij t\u00eb fundit n\u00eb BE? P\u00ebrse n\u00eb vend se t\u00eb konvencionalizoheshin kufijt\u00eb me an\u00eb t\u00eb integrimit multietnik n\u00eb BE, po shfaqeshin skenar\u00eb q\u00eb prireshin kah ndryshimi i kufijve dhe shteteve me homogjenitet etnik? Mos vall\u00eb qe per\u00ebndimor\u00ebzimi i v\u00ebshtir\u00eb, e deri i pamundur, i vendeve si Shqip\u00ebria q\u00eb diktonte nj\u00eb modifikim t\u00eb till\u00eb? Apo lobime t\u00eb forta nacionaliste po modelonin nj\u00eb tjet\u00ebr axhend\u00eb t\u00eb Per\u00ebndimit p\u00ebr Ballkanin?<\/p>\n","protected":false},"excerpt":{"rendered":"<p>Andrea Stefani, 12 N\u00ebntor 2011 Kryeministri Berisha duket se n\u00eb planet e tij p\u00ebr t\u2019u jet\u00ebgjat\u00ebsuar pafund\u00ebsisht n\u00eb pushtet, ka edhe nj\u00eb ndarje t\u00eb mundshme te territoreve t\u00eb Kosov\u00ebs mes Tiran\u00ebs dhe Beogradit. Ky \u00ebsht\u00eb nj\u00eb nga p\u00ebrfundimet q\u00eb Andrea Stefani ka nxjerr\u00eb n\u00eb librin e tij \u201cKomploti kund\u00ebr Liris\u00eb\u201d q\u00eb po i servilet k\u00ebto [&hellip;]<\/p>\n","protected":false},"author":1,"featured_media":0,"comment_status":"open","ping_status":"closed","sticky":false,"template":"","format":"standard","meta":{"footnotes":""},"categories":[2],"tags":[],"class_list":{"0":"post-130","1":"post","2":"type-post","3":"status-publish","4":"format-standard","6":"category-artikuj"},"yoast_head":"<!-- This site is optimized with the Yoast SEO plugin v27.4 - https:\/\/yoast.com\/product\/yoast-seo-wordpress\/ -->\n<title>Kosova, nj\u00eb KURBAN p\u00ebr pushtetin Berishist? - FjALA e LIR\u00cb - Arkivi<\/title>\n<meta name=\"robots\" content=\"index, follow, max-snippet:-1, max-image-preview:large, max-video-preview:-1\" \/>\n<link rel=\"canonical\" href=\"https:\/\/fjala.info\/2009-2015\/kosova-nje-kurban-per-pushtetin-berishist\/\" \/>\n<meta property=\"og:locale\" content=\"sq_AL\" \/>\n<meta property=\"og:type\" content=\"article\" \/>\n<meta property=\"og:title\" content=\"Kosova, nj\u00eb KURBAN p\u00ebr pushtetin Berishist? - FjALA e LIR\u00cb - Arkivi\" \/>\n<meta property=\"og:description\" content=\"Andrea Stefani, 12 N\u00ebntor 2011 Kryeministri Berisha duket se n\u00eb planet e tij p\u00ebr t\u2019u jet\u00ebgjat\u00ebsuar pafund\u00ebsisht n\u00eb pushtet, ka edhe nj\u00eb ndarje t\u00eb mundshme te territoreve t\u00eb Kosov\u00ebs mes Tiran\u00ebs dhe Beogradit. Ky \u00ebsht\u00eb nj\u00eb nga p\u00ebrfundimet q\u00eb Andrea Stefani ka nxjerr\u00eb n\u00eb librin e tij \u201cKomploti kund\u00ebr Liris\u00eb\u201d q\u00eb po i servilet k\u00ebto [&hellip;]\" \/>\n<meta property=\"og:url\" content=\"https:\/\/fjala.info\/2009-2015\/kosova-nje-kurban-per-pushtetin-berishist\/\" \/>\n<meta property=\"og:site_name\" content=\"FjALA e LIR\u00cb - Arkivi\" \/>\n<meta property=\"article:published_time\" content=\"2011-11-12T22:06:22+00:00\" \/>\n<meta property=\"og:image\" content=\"http:\/\/www.shkoder.net\/images\/fjala\/2011\/as_komploti_kunder_lirise.jpg\" \/>\n<meta name=\"author\" content=\"admin\" \/>\n<meta name=\"twitter:card\" content=\"summary_large_image\" \/>\n<meta name=\"twitter:label1\" content=\"Written by\" \/>\n\t<meta name=\"twitter:data1\" content=\"admin\" \/>\n\t<meta name=\"twitter:label2\" content=\"Est. reading time\" \/>\n\t<meta name=\"twitter:data2\" content=\"19 minutes\" \/>\n<script type=\"application\/ld+json\" class=\"yoast-schema-graph\">{\"@context\":\"https:\\\/\\\/schema.org\",\"@graph\":[{\"@type\":\"Article\",\"@id\":\"https:\\\/\\\/fjala.info\\\/2009-2015\\\/kosova-nje-kurban-per-pushtetin-berishist\\\/#article\",\"isPartOf\":{\"@id\":\"https:\\\/\\\/fjala.info\\\/2009-2015\\\/kosova-nje-kurban-per-pushtetin-berishist\\\/\"},\"author\":{\"name\":\"admin\",\"@id\":\"https:\\\/\\\/fjala.info\\\/2009-2015\\\/#\\\/schema\\\/person\\\/3aa1163ef05469c496fc94e77611ada2\"},\"headline\":\"Kosova, nj\u00eb KURBAN p\u00ebr pushtetin Berishist?\",\"datePublished\":\"2011-11-12T22:06:22+00:00\",\"mainEntityOfPage\":{\"@id\":\"https:\\\/\\\/fjala.info\\\/2009-2015\\\/kosova-nje-kurban-per-pushtetin-berishist\\\/\"},\"wordCount\":3804,\"commentCount\":0,\"publisher\":{\"@id\":\"https:\\\/\\\/fjala.info\\\/2009-2015\\\/#organization\"},\"image\":{\"@id\":\"https:\\\/\\\/fjala.info\\\/2009-2015\\\/kosova-nje-kurban-per-pushtetin-berishist\\\/#primaryimage\"},\"thumbnailUrl\":\"http:\\\/\\\/www.shkoder.net\\\/images\\\/fjala\\\/2011\\\/as_komploti_kunder_lirise.jpg\",\"articleSection\":[\"Artikuj\"],\"inLanguage\":\"sq-AL\",\"potentialAction\":[{\"@type\":\"CommentAction\",\"name\":\"Comment\",\"target\":[\"https:\\\/\\\/fjala.info\\\/2009-2015\\\/kosova-nje-kurban-per-pushtetin-berishist\\\/#respond\"]}]},{\"@type\":\"WebPage\",\"@id\":\"https:\\\/\\\/fjala.info\\\/2009-2015\\\/kosova-nje-kurban-per-pushtetin-berishist\\\/\",\"url\":\"https:\\\/\\\/fjala.info\\\/2009-2015\\\/kosova-nje-kurban-per-pushtetin-berishist\\\/\",\"name\":\"Kosova, nj\u00eb KURBAN p\u00ebr pushtetin Berishist? - FjALA e LIR\u00cb - Arkivi\",\"isPartOf\":{\"@id\":\"https:\\\/\\\/fjala.info\\\/2009-2015\\\/#website\"},\"primaryImageOfPage\":{\"@id\":\"https:\\\/\\\/fjala.info\\\/2009-2015\\\/kosova-nje-kurban-per-pushtetin-berishist\\\/#primaryimage\"},\"image\":{\"@id\":\"https:\\\/\\\/fjala.info\\\/2009-2015\\\/kosova-nje-kurban-per-pushtetin-berishist\\\/#primaryimage\"},\"thumbnailUrl\":\"http:\\\/\\\/www.shkoder.net\\\/images\\\/fjala\\\/2011\\\/as_komploti_kunder_lirise.jpg\",\"datePublished\":\"2011-11-12T22:06:22+00:00\",\"breadcrumb\":{\"@id\":\"https:\\\/\\\/fjala.info\\\/2009-2015\\\/kosova-nje-kurban-per-pushtetin-berishist\\\/#breadcrumb\"},\"inLanguage\":\"sq-AL\",\"potentialAction\":[{\"@type\":\"ReadAction\",\"target\":[\"https:\\\/\\\/fjala.info\\\/2009-2015\\\/kosova-nje-kurban-per-pushtetin-berishist\\\/\"]}]},{\"@type\":\"ImageObject\",\"inLanguage\":\"sq-AL\",\"@id\":\"https:\\\/\\\/fjala.info\\\/2009-2015\\\/kosova-nje-kurban-per-pushtetin-berishist\\\/#primaryimage\",\"url\":\"http:\\\/\\\/www.shkoder.net\\\/images\\\/fjala\\\/2011\\\/as_komploti_kunder_lirise.jpg\",\"contentUrl\":\"http:\\\/\\\/www.shkoder.net\\\/images\\\/fjala\\\/2011\\\/as_komploti_kunder_lirise.jpg\"},{\"@type\":\"BreadcrumbList\",\"@id\":\"https:\\\/\\\/fjala.info\\\/2009-2015\\\/kosova-nje-kurban-per-pushtetin-berishist\\\/#breadcrumb\",\"itemListElement\":[{\"@type\":\"ListItem\",\"position\":1,\"name\":\"Home\",\"item\":\"https:\\\/\\\/fjala.info\\\/2009-2015\\\/\"},{\"@type\":\"ListItem\",\"position\":2,\"name\":\"Kosova, nj\u00eb KURBAN p\u00ebr pushtetin Berishist?\"}]},{\"@type\":\"WebSite\",\"@id\":\"https:\\\/\\\/fjala.info\\\/2009-2015\\\/#website\",\"url\":\"https:\\\/\\\/fjala.info\\\/2009-2015\\\/\",\"name\":\"FjALA e LIR\u00cb - Arkivi\",\"description\":\"Arkivi 2009-2015\",\"publisher\":{\"@id\":\"https:\\\/\\\/fjala.info\\\/2009-2015\\\/#organization\"},\"potentialAction\":[{\"@type\":\"SearchAction\",\"target\":{\"@type\":\"EntryPoint\",\"urlTemplate\":\"https:\\\/\\\/fjala.info\\\/2009-2015\\\/?s={search_term_string}\"},\"query-input\":{\"@type\":\"PropertyValueSpecification\",\"valueRequired\":true,\"valueName\":\"search_term_string\"}}],\"inLanguage\":\"sq-AL\"},{\"@type\":\"Organization\",\"@id\":\"https:\\\/\\\/fjala.info\\\/2009-2015\\\/#organization\",\"name\":\"FjALA e LIR\u00cb - Arkivi\",\"url\":\"https:\\\/\\\/fjala.info\\\/2009-2015\\\/\",\"logo\":{\"@type\":\"ImageObject\",\"inLanguage\":\"sq-AL\",\"@id\":\"https:\\\/\\\/fjala.info\\\/2009-2015\\\/#\\\/schema\\\/logo\\\/image\\\/\",\"url\":\"\",\"contentUrl\":\"\",\"caption\":\"FjALA e LIR\u00cb - Arkivi\"},\"image\":{\"@id\":\"https:\\\/\\\/fjala.info\\\/2009-2015\\\/#\\\/schema\\\/logo\\\/image\\\/\"}},{\"@type\":\"Person\",\"@id\":\"https:\\\/\\\/fjala.info\\\/2009-2015\\\/#\\\/schema\\\/person\\\/3aa1163ef05469c496fc94e77611ada2\",\"name\":\"admin\",\"image\":{\"@type\":\"ImageObject\",\"inLanguage\":\"sq-AL\",\"@id\":\"https:\\\/\\\/fjala.info\\\/2009-2015\\\/wp-content\\\/uploads\\\/2012\\\/02\\\/arben_cokaj-120x150.jpg\",\"url\":\"https:\\\/\\\/fjala.info\\\/2009-2015\\\/wp-content\\\/uploads\\\/2012\\\/02\\\/arben_cokaj-120x150.jpg\",\"contentUrl\":\"https:\\\/\\\/fjala.info\\\/2009-2015\\\/wp-content\\\/uploads\\\/2012\\\/02\\\/arben_cokaj-120x150.jpg\",\"caption\":\"admin\"},\"description\":\"Admin, Fjala e Lir\u00eb\",\"sameAs\":[\"https:\\\/\\\/fjala.info\\\/\"],\"url\":\"https:\\\/\\\/fjala.info\\\/2009-2015\\\/author\\\/admin\\\/\"}]}<\/script>\n<!-- \/ Yoast SEO plugin. -->","yoast_head_json":{"title":"Kosova, nj\u00eb KURBAN p\u00ebr pushtetin Berishist? - FjALA e LIR\u00cb - Arkivi","robots":{"index":"index","follow":"follow","max-snippet":"max-snippet:-1","max-image-preview":"max-image-preview:large","max-video-preview":"max-video-preview:-1"},"canonical":"https:\/\/fjala.info\/2009-2015\/kosova-nje-kurban-per-pushtetin-berishist\/","og_locale":"sq_AL","og_type":"article","og_title":"Kosova, nj\u00eb KURBAN p\u00ebr pushtetin Berishist? - FjALA e LIR\u00cb - Arkivi","og_description":"Andrea Stefani, 12 N\u00ebntor 2011 Kryeministri Berisha duket se n\u00eb planet e tij p\u00ebr t\u2019u jet\u00ebgjat\u00ebsuar pafund\u00ebsisht n\u00eb pushtet, ka edhe nj\u00eb ndarje t\u00eb mundshme te territoreve t\u00eb Kosov\u00ebs mes Tiran\u00ebs dhe Beogradit. Ky \u00ebsht\u00eb nj\u00eb nga p\u00ebrfundimet q\u00eb Andrea Stefani ka nxjerr\u00eb n\u00eb librin e tij \u201cKomploti kund\u00ebr Liris\u00eb\u201d q\u00eb po i servilet k\u00ebto [&hellip;]","og_url":"https:\/\/fjala.info\/2009-2015\/kosova-nje-kurban-per-pushtetin-berishist\/","og_site_name":"FjALA e LIR\u00cb - Arkivi","article_published_time":"2011-11-12T22:06:22+00:00","og_image":[{"url":"http:\/\/www.shkoder.net\/images\/fjala\/2011\/as_komploti_kunder_lirise.jpg","type":"","width":"","height":""}],"author":"admin","twitter_card":"summary_large_image","twitter_misc":{"Written by":"admin","Est. reading time":"19 minutes"},"schema":{"@context":"https:\/\/schema.org","@graph":[{"@type":"Article","@id":"https:\/\/fjala.info\/2009-2015\/kosova-nje-kurban-per-pushtetin-berishist\/#article","isPartOf":{"@id":"https:\/\/fjala.info\/2009-2015\/kosova-nje-kurban-per-pushtetin-berishist\/"},"author":{"name":"admin","@id":"https:\/\/fjala.info\/2009-2015\/#\/schema\/person\/3aa1163ef05469c496fc94e77611ada2"},"headline":"Kosova, nj\u00eb KURBAN p\u00ebr pushtetin Berishist?","datePublished":"2011-11-12T22:06:22+00:00","mainEntityOfPage":{"@id":"https:\/\/fjala.info\/2009-2015\/kosova-nje-kurban-per-pushtetin-berishist\/"},"wordCount":3804,"commentCount":0,"publisher":{"@id":"https:\/\/fjala.info\/2009-2015\/#organization"},"image":{"@id":"https:\/\/fjala.info\/2009-2015\/kosova-nje-kurban-per-pushtetin-berishist\/#primaryimage"},"thumbnailUrl":"http:\/\/www.shkoder.net\/images\/fjala\/2011\/as_komploti_kunder_lirise.jpg","articleSection":["Artikuj"],"inLanguage":"sq-AL","potentialAction":[{"@type":"CommentAction","name":"Comment","target":["https:\/\/fjala.info\/2009-2015\/kosova-nje-kurban-per-pushtetin-berishist\/#respond"]}]},{"@type":"WebPage","@id":"https:\/\/fjala.info\/2009-2015\/kosova-nje-kurban-per-pushtetin-berishist\/","url":"https:\/\/fjala.info\/2009-2015\/kosova-nje-kurban-per-pushtetin-berishist\/","name":"Kosova, nj\u00eb KURBAN p\u00ebr pushtetin Berishist? - FjALA e LIR\u00cb - Arkivi","isPartOf":{"@id":"https:\/\/fjala.info\/2009-2015\/#website"},"primaryImageOfPage":{"@id":"https:\/\/fjala.info\/2009-2015\/kosova-nje-kurban-per-pushtetin-berishist\/#primaryimage"},"image":{"@id":"https:\/\/fjala.info\/2009-2015\/kosova-nje-kurban-per-pushtetin-berishist\/#primaryimage"},"thumbnailUrl":"http:\/\/www.shkoder.net\/images\/fjala\/2011\/as_komploti_kunder_lirise.jpg","datePublished":"2011-11-12T22:06:22+00:00","breadcrumb":{"@id":"https:\/\/fjala.info\/2009-2015\/kosova-nje-kurban-per-pushtetin-berishist\/#breadcrumb"},"inLanguage":"sq-AL","potentialAction":[{"@type":"ReadAction","target":["https:\/\/fjala.info\/2009-2015\/kosova-nje-kurban-per-pushtetin-berishist\/"]}]},{"@type":"ImageObject","inLanguage":"sq-AL","@id":"https:\/\/fjala.info\/2009-2015\/kosova-nje-kurban-per-pushtetin-berishist\/#primaryimage","url":"http:\/\/www.shkoder.net\/images\/fjala\/2011\/as_komploti_kunder_lirise.jpg","contentUrl":"http:\/\/www.shkoder.net\/images\/fjala\/2011\/as_komploti_kunder_lirise.jpg"},{"@type":"BreadcrumbList","@id":"https:\/\/fjala.info\/2009-2015\/kosova-nje-kurban-per-pushtetin-berishist\/#breadcrumb","itemListElement":[{"@type":"ListItem","position":1,"name":"Home","item":"https:\/\/fjala.info\/2009-2015\/"},{"@type":"ListItem","position":2,"name":"Kosova, nj\u00eb KURBAN p\u00ebr pushtetin Berishist?"}]},{"@type":"WebSite","@id":"https:\/\/fjala.info\/2009-2015\/#website","url":"https:\/\/fjala.info\/2009-2015\/","name":"FjALA e LIR\u00cb - Arkivi","description":"Arkivi 2009-2015","publisher":{"@id":"https:\/\/fjala.info\/2009-2015\/#organization"},"potentialAction":[{"@type":"SearchAction","target":{"@type":"EntryPoint","urlTemplate":"https:\/\/fjala.info\/2009-2015\/?s={search_term_string}"},"query-input":{"@type":"PropertyValueSpecification","valueRequired":true,"valueName":"search_term_string"}}],"inLanguage":"sq-AL"},{"@type":"Organization","@id":"https:\/\/fjala.info\/2009-2015\/#organization","name":"FjALA e LIR\u00cb - Arkivi","url":"https:\/\/fjala.info\/2009-2015\/","logo":{"@type":"ImageObject","inLanguage":"sq-AL","@id":"https:\/\/fjala.info\/2009-2015\/#\/schema\/logo\/image\/","url":"","contentUrl":"","caption":"FjALA e LIR\u00cb - Arkivi"},"image":{"@id":"https:\/\/fjala.info\/2009-2015\/#\/schema\/logo\/image\/"}},{"@type":"Person","@id":"https:\/\/fjala.info\/2009-2015\/#\/schema\/person\/3aa1163ef05469c496fc94e77611ada2","name":"admin","image":{"@type":"ImageObject","inLanguage":"sq-AL","@id":"https:\/\/fjala.info\/2009-2015\/wp-content\/uploads\/2012\/02\/arben_cokaj-120x150.jpg","url":"https:\/\/fjala.info\/2009-2015\/wp-content\/uploads\/2012\/02\/arben_cokaj-120x150.jpg","contentUrl":"https:\/\/fjala.info\/2009-2015\/wp-content\/uploads\/2012\/02\/arben_cokaj-120x150.jpg","caption":"admin"},"description":"Admin, Fjala e Lir\u00eb","sameAs":["https:\/\/fjala.info\/"],"url":"https:\/\/fjala.info\/2009-2015\/author\/admin\/"}]}},"_links":{"self":[{"href":"https:\/\/fjala.info\/2009-2015\/wp-json\/wp\/v2\/posts\/130","targetHints":{"allow":["GET"]}}],"collection":[{"href":"https:\/\/fjala.info\/2009-2015\/wp-json\/wp\/v2\/posts"}],"about":[{"href":"https:\/\/fjala.info\/2009-2015\/wp-json\/wp\/v2\/types\/post"}],"author":[{"embeddable":true,"href":"https:\/\/fjala.info\/2009-2015\/wp-json\/wp\/v2\/users\/1"}],"replies":[{"embeddable":true,"href":"https:\/\/fjala.info\/2009-2015\/wp-json\/wp\/v2\/comments?post=130"}],"version-history":[{"count":0,"href":"https:\/\/fjala.info\/2009-2015\/wp-json\/wp\/v2\/posts\/130\/revisions"}],"wp:attachment":[{"href":"https:\/\/fjala.info\/2009-2015\/wp-json\/wp\/v2\/media?parent=130"}],"wp:term":[{"taxonomy":"category","embeddable":true,"href":"https:\/\/fjala.info\/2009-2015\/wp-json\/wp\/v2\/categories?post=130"},{"taxonomy":"post_tag","embeddable":true,"href":"https:\/\/fjala.info\/2009-2015\/wp-json\/wp\/v2\/tags?post=130"}],"curies":[{"name":"wp","href":"https:\/\/api.w.org\/{rel}","templated":true}]}}