{"id":12999,"date":"2013-07-27T00:29:36","date_gmt":"2013-07-26T23:29:36","guid":{"rendered":"http:\/\/fjala.info\/?p=4001"},"modified":"2013-07-27T00:29:36","modified_gmt":"2013-07-26T23:29:36","slug":"nese-ka-nje-gje-qe-i-ngjall-krupe-shqiptarit-eshte-vetkarfosja-e-tipit-berisha","status":"publish","type":"post","link":"https:\/\/fjala.info\/2009-2015\/nese-ka-nje-gje-qe-i-ngjall-krupe-shqiptarit-eshte-vetkarfosja-e-tipit-berisha\/","title":{"rendered":"\u201cN\u00ebse ka nj\u00eb gj\u00eb q\u00eb i ngjall krup\u00eb shqiptarit \u00ebsht\u00eb vetkarfosja e tipit Berisha\u201d"},"content":{"rendered":"<p><img decoding=\"async\" class=\"alignleft size-thumbnail wp-image-7236\" title=\"Ki\u00e7o Blushi\" alt=\"\" src=\"http:\/\/www.fjala.info\/2013\/kico_blushi.jpg\" width=\"300\" \/> <strong>Ki\u00e7o Blushi<\/strong> &#8211; <strong><em>Intervist\u00eb<\/em><\/strong>, <em>25 Korrik 2013<\/em><\/p>\n<p><strong><em>Shkrimtari Ki\u00e7o Blushi e quan plot\u00ebsisht t\u00eb merituar, madje t\u00eb vonuar nd\u00ebshkimin q\u00eb populli i dha me vot\u00eb Sali Berish\u00ebs m\u00eb 23 qershor. N\u00eb k\u00ebt\u00eb intervist\u00eb p\u00ebr gazet\u00ebn \u2018DITA\u201d, Blushi rendit krimet dhe keqb\u00ebrjet e Berish\u00ebs dhe pse ai dhe bashk\u00ebpun\u00ebtor\u00ebt e tij duhet t\u00eb vihen p\u00ebrpara p\u00ebrgjegj\u00ebsis\u00eb ligjore. Duke mb\u00ebshtetur nism\u00ebn e deputetes Arta Dade, ai mendon se nj\u00eb nga sfidat e para dhe m\u00eb kryesore \u00ebsht\u00eb ringritja e sistemit t\u00eb drejt\u00ebsis\u00eb, n\u00eb m\u00ebnyr\u00eb q\u00eb njer\u00ebzve t\u2019u rikthehet besimi dhe shpresa. \u00c7\u2019 mendon Blushi p\u00ebr zgjedhjen e Lulzim Bash\u00ebs si pasardh\u00ebs t\u00eb Berish\u00ebs dhe pse thot\u00eb se nuk ka nj\u00eb fillim t\u00eb ri, por nj\u00eb fund t\u00eb ri p\u00ebr PD-n\u00eb me Bash\u00ebn n\u00eb krye\u2026<\/em><\/strong><\/p>\n<p><strong>&#8211; Zoti Blushi, rezultati i zgjedhjeve t\u00eb 23 qershorit, ishte vot\u00eb e popullit p\u00ebr ndryshim apo vot\u00eb kund\u00ebr Berish\u00ebs?<\/strong><\/p>\n<p>&#8211; K\u00ebt\u00eb besoj as vet\u00eb Berisha nuk e v\u00eb n\u00eb dyshim. Nuk \u00ebsht\u00eb hera e par\u00eb q\u00eb populli votoi kund\u00ebr tij. Por k\u00ebsaj here populli u hodh masivisht kund\u00ebr tij. Nj\u00eb muaj m\u00eb pas u votua kund\u00ebr edhe brenda partis\u00eb, p\u00ebr m\u00ebk\u00ebmb\u00ebsin e tij, i cili \u201cfitoi\u201d jo vet\u00ebm me manipulim, me lista \u201ct\u00eb qethura\u201d, por edhe me nj\u00eb pjes\u00ebmarrje tejet t\u00eb ul\u00ebt, gj\u00eb q\u00eb flet m\u00eb shum\u00eb se rezultati katastrofik i 23 Qershorit!<\/p>\n<p>Si mund ta gjykosh tjet\u00ebr nj\u00eb parti q\u00eb ka q\u00ebndruar kaq gjat\u00eb n\u00eb pushtet e t\u00eb mos ket\u00eb listat e an\u00ebtar\u00ebsis\u00eb? Si mund t\u00eb organizoj\u00eb zgjedhje t\u00eb ndershme e t\u00eb regullta n\u00eb mbar\u00eb vendin nj\u00eb qeveri q\u00eb i p\u00ebrket k\u00ebsaj partie? Kur edhe p\u00ebr zgjedhjen e kryetarit t\u00eb ri, me parimin \u201cnj\u00eb an\u00ebtar, nj\u00eb vot\u00eb\u201d, merr pjes\u00eb gati nj\u00eb e treta e an\u00ebtar\u00ebsis\u00eb? Zhg\u00ebnjim? \u00c7organizim i organizuar? Mosbesim? Jo. M\u00eb tep\u00ebr se kaq! Dhe kur? Fill pas humbjes s\u00eb zgjedhjeve parlamentare, kur presupozohet se uniteti i an\u00ebtar\u00ebsis\u00eb rreth \u201cliderit historik\u201d do t\u00eb ishte m\u00eb i madh. Besoj nuk dyshon kush q\u00eb 23 Qershori, po edhe 22 Korriku, ishin vot\u00eb e eg\u00ebr \u201ckund\u00ebr\u201d, nj\u00eblloj si dje ndaj diktatur\u00ebs dhe diktatorit! Kund\u00ebr Berish\u00ebs nuk votoi vet\u00ebm ajo pjes\u00eb e popullit q\u00eb vitet e fundit quhet i majt\u00eb (nj\u00eb ndarje tjet\u00ebr e re kjo: ca quhen \u201cpopull i majt\u00eb\u201d e ca\u201cpopull i djatht\u00eb\u201d), por shumica d\u00ebrrmuese. Me sa duket votuesve, pavar\u00ebsisht nga ngjyrat partiake apo n\u00ebndialektet, u kishte ardhur n\u00eb maj\u00eb t\u00eb hund\u00ebs, si bluve dhe mavive\u2026 Po aq edhe t\u00eb pangjyrosurve! P\u00ebr t\u00eb arritur n\u00eb k\u00ebt\u00eb p\u00ebrfundim nuk ka nevoj\u00eb p\u00ebr shum\u00eb komente.<\/p>\n<p><strong>&#8211; Cilat jan\u00eb, sipas Ki\u00e7o Blushit, disa nga arsyet q\u00eb \u00e7uan n\u00eb disfat\u00ebn katastrofike t\u00eb PD-s\u00eb dhe Berish\u00ebs?<\/strong><\/p>\n<p>&#8211; N\u00eb t\u00eb v\u00ebrtet\u00eb zgjati shum\u00eb demagogjia, g\u00ebnjeshtra, mashtrimi, manipulimi, t\u00eb ushqyerit me \u201clug\u00ebn e florinjt\u00eb\u201d t\u00eb propagand\u00ebs, q\u00eb rezultonte p\u00ebrher\u00eb e zbraz\u00ebt. Do t\u00eb b\u00ebhej plot nj\u00eb \u00e7erek shekulli, po t\u00eb vazhdonte ky bi\u00e7im sundimi autokrat i Nj\u00ebshit, i Berish\u00ebs, kinse demokratik. Dhe ky do t\u00eb kishte qen\u00eb nj\u00eb mallkim, nj\u00eb turp e nd\u00ebshkim historik q\u00eb populli do t\u2019i b\u00ebnte vetes me vot\u00eb! Por, tejzgjatja e sundimit autoritar t\u00eb Berish\u00ebs ka qen\u00eb jo dhe aq p\u00ebr faj t\u00eb popullit, por t\u00eb deformimit t\u00eb sistemit demokratik, t\u00eb manipulimit, t\u00eb cilin Berisha e ka perfeksionuar si \u201czanat\u201d. K\u00ebt\u00eb ai e quan politik\u00eb t\u00eb suksesshme! Kjo gjendje asfiksie u kthye n\u00eb mllef, sepse edhe ajrin dhe diellin, edhe pagat, \u00e7mimet, gjendjen e rrug\u00ebve e t\u00eb spitaleve, madje edhe klim\u00ebn e mir\u00eb(mos)kuptimit mes njer\u00ebzve q\u00eb i p\u00ebrkasin t\u00eb nj\u00ebjtit komb, dukej sikur i kishte n\u00eb dor\u00eb vet\u00ebm nj\u00eb njeri. Nuk mund t\u00eb zgjaste m\u00eb tej kjo katrahur\u00eb komb\u00ebtare e morale, p\u00ebrndryshe ne do t\u00eb cil\u00ebsoheshim, me t\u00eb drejt\u00eb, si nj\u00eb popull q\u00eb nuk i ndahet shpirti nga diktator\u00ebt dhe nga skllav\u00ebria.<\/p>\n<p><strong>&#8211; Berisha po quhet \u201clider historik\u201d jo vet\u00ebm i partis\u00eb s\u00eb tij, por i t\u00eb gjith\u00eb kombit, gj\u00eb q\u00eb l\u00eb t\u00eb n\u00ebnkuptohet se at\u00eb e ka votuar dhe e do mbar\u00eb populli. Madje, edhe pas dor\u00ebheqjes ai po k\u00ebmb\u00ebngul sikur ia kan\u00eb vjedhur votat \u201ckartelet e drog\u00ebs e t\u00eb krimit\u201d. Si do ta komentonit k\u00ebt\u00eb fakt?<\/strong><\/p>\n<p>&#8211; Kjo tregon sa i d\u00ebshp\u00ebruar \u00ebsht\u00eb\u2026 Vet\u00eb Berisha dhe partia e tij, me vot\u00eb popullore ka fituar vet\u00ebm nj\u00eb her\u00eb mbi 50 plus 1 t\u00eb vendeve n\u00eb Kuvend, n\u00eb vitin 1992, p\u00ebr shkak se populli k\u00ebrkonte (at\u00eb q\u00eb b\u00ebri edhe n\u00eb vitin 2013), t\u00eb shembte me vot\u00eb diktatur\u00ebn. E megjithat\u00eb, ai \u00ebsht\u00eb sjell\u00eb sikur pat fituar mandatin e t\u00eb gjith\u00eb popullit, fliste dhe ka ende guxim e pafytyr\u00ebsi t\u00eb flas\u00eb n\u00eb em\u00ebr t\u00eb popullit, sikur t\u00eb ishte sovran i padiskutuesh\u00ebm, jo i zgjedhur nga populli, por nga vet\u00eb Allahu! Ja dhe nj\u00eb arsye m\u00eb tep\u00ebr p\u00ebrse u nd\u00ebshkua aq r\u00ebnd\u00eb nga votuesit. Sepse megalomania e nj\u00eb qeveritari t\u00eb dehur me veten \u00ebsht\u00eb m\u00ebnyra m\u00eb e ndyr\u00eb dhe m\u00eb e urryer p\u00ebr t\u00eb b\u00ebr\u00eb vet\u00ebvrasje politike!<\/p>\n<p>N\u00ebse ka nj\u00eb gj\u00eb q\u00eb i ngjall krup\u00eb shqiptarit, ajo \u00ebsht\u00eb vet\u00ebkarfosja, ngrefosja si gjeli maj\u00eb plehut, i t\u00eb zgjedhurve dhe i t\u00eb em\u00ebruarve, dmth i pushtetar\u00ebve. N\u00eb historin\u00eb ton\u00eb t\u00eb shkurt\u00ebr si shtet i m\u00ebve\u00e7\u00ebm ne kemi par\u00eb e provuar jo pak delirant\u00eb, t\u00eb cil\u00ebt, pasi jan\u00eb p\u00ebrmbysur, kan\u00eb ikur \u201cn\u00eb drejtim t\u00eb paditur\u201d me torbat plot, pa i vrar\u00eb nd\u00ebrgjegja p\u00ebr d\u00ebmet q\u00eb i pat\u00ebn sjell\u00eb popullit. Kur nj\u00eb ka\u00e7ak shpallet pasha, kur nj\u00eb bajraktar vetem\u00ebrohet mbret, kur nj\u00eb mjel\u00ebse b\u00ebhet an\u00ebtare Byroje, kur nj\u00eb gjysm\u00eb analfabet \u201czgjidhet\u201d kryetar kooperative, gjeneral apo akademik, kur nj\u00eb diktator mbivendoset deri n\u00eb vdekje sekretar i par\u00eb i demokracis\u00eb popullore, kur nj\u00eb demokrat b\u00ebhet autokrat\u2026 e kur t\u00eb gjith\u00eb k\u00ebto bejlur\u00e7ina e sojs\u00ebz\u00eb t\u00eb kapardisur vet\u00ebquhen \u201cudh\u00ebheq\u00ebs historik\u00eb\u201d t\u00eb paz\u00ebvend\u00ebsuesh\u00ebm, at\u00ebhere popullit nuk i mbetet tjet\u00ebr ve\u00e7se t\u2019i nd\u00ebshkoj\u00eb, dje me folklor, sot me vot\u00eb dhe p\u00ebr\u00e7mim.<\/p>\n<p>Deri m\u00eb sot ne nuk kemi par\u00eb e patur udh\u00ebheq\u00ebs t\u00eb p\u00ebrunjur, modest\u00eb, t\u00eb p\u00ebrkor\u00eb, t\u00eb p\u00ebrkushtuar, aq m\u00eb pak t\u00eb ndersh\u00ebm. Bejlur\u00e7inat e t\u00eb gjitha koh\u00ebve, edhe ato t\u00eb vitit 2013, kan\u00eb t\u00eb nj\u00ebjtin adet: t\u00eb identifikohen fillimisht me partin\u00eb, pastaj me popullin e m\u00eb pas edhe me kombin, duke \u201ct\u00eb provuar\u201d madje se ata dhe vet\u00ebm ata jan\u00eb m\u00eb t\u00eb mir\u00ebt, m\u00eb t\u00eb men\u00e7urit, m\u00eb t\u00eb zot\u00ebt, m\u00eb \u201chistorik\u00ebt\u201d. Pik\u00ebrisht p\u00ebr k\u00ebt\u00eb b\u00ebnte fjal\u00eb Lubonja (m\u00eb shum\u00eb i keqkuptuar se i mir\u00ebkuptuar!), lidhur me Ramushin e Kosov\u00ebs, gj\u00eb q\u00eb provon se tek ne ende nuk \u00ebsht\u00eb shkulur mend\u00ebsia totalitare dhe aspak demokratike sipas s\u00eb cil\u00ebs: \u201c\u00cbsht\u00eb udh\u00ebheq\u00ebsi, prij\u00ebsi i (vet\u00eb)nj\u00ebjt\u00ebsuar me Kombin, pa jemi ne, vdekatar\u00ebt e zakont\u00eb\u201d.<\/p>\n<p><strong>&#8211; Besoni te slogani p\u00ebr nj\u00eb fillim t\u00eb ri t\u00eb PD-s\u00eb, pas zgjedhjes s\u00eb Bash\u00ebs kryetar t\u00eb PD-s\u00eb?<\/strong><\/p>\n<p>&#8211; P\u00ebr \u00e7ka fola m\u00eb lart, m\u00eb shum\u00eb se p\u00ebr nj\u00eb fillim t\u00eb ri, dyshoj p\u00ebr nj\u00eb fund t\u00eb ri. Sepse edhe ngjarjet e dit\u00ebve t\u00eb fundit, nj\u00eblloj si fushata e 23 qershorit, p\u00ebr zgjedhjen e rishtarit Basha u fokusuan jo rast\u00ebsisht te ideja monarkike, e ngulitur: \u201c\u00cbsht\u00eb Berisha, pa jemi ne, militant\u00ebt\u201d. Tashm\u00eb dihet q\u00eb pa Berish\u00ebn nuk ka PD\u2026 K\u00ebt\u00eb u detyruan t\u00eb p\u00ebrs\u00ebritin \u00e7do dit\u00eb t\u00eb dy rival\u00ebt p\u00ebr kreun e PD-s\u00eb. Po p\u00ebrse? \u00c7\u2019i shtyu? Frika nga autoriteti i padiskutuesh\u00ebm i t\u00eb dor\u00ebhequrit fiktiv? Olldashi psh p\u00ebr q\u00ebndrimin \u201ce dyshimt\u00eb\u201d q\u00eb mbajti n\u00eb fjal\u00ebn e tij t\u00eb fundit, tanim\u00eb mund t\u00eb quhet \u201ci ngrir\u00eb!\u201d. Aq e ngulitur \u00ebsht\u00eb kjo ide fikse, se shum\u00ebkush \u00ebsht\u00eb i bindur se Berisha, edhe pse i vet\u00ebdor\u00ebhequr, mund t\u00eb t\u00eb b\u00ebj\u00eb gj\u00ebm\u00ebn po e humbe besimin e tij. Ndaj edhe po t\u00eb ket\u00eb n\u00eb t\u00eb ardhmen humbje t\u00eb tjera, m\u00eb t\u00eb thella se ajo e 23 Qershorit, zor t\u00eb ket\u00eb z\u00ebra dhe mendje t\u00eb kthjell\u00ebta q\u00eb t\u00eb guxojn\u00eb t\u00eb zbulojn\u00eb shkaqet e v\u00ebrteta dhe objektive \u201ct\u00eb fundit t\u00eb ri\u201d. Nuk sh\u00ebrohet kurr\u00eb nj\u00eb s\u00ebmundje pa gjetur infeksionin, genin e s\u00ebmur\u00eb.<\/p>\n<p><strong>&#8211; Si e gjykoni zgjedhjen e Lul\u00ebzim Bash\u00ebs?<\/strong><\/p>\n<p>&#8211; Nuk di t\u00eb ket\u00eb n\u00eb historin\u00eb moderne ndonj\u00eb monark n\u00eb Europ\u00eb q\u00eb ket\u00eb katapultuar nj\u00eb m\u00ebk\u00ebmb\u00ebs besnik, jasht\u00eb gjakut familjar, si ky i Bash\u00ebs. Nga nj\u00eb anonim n\u00eb vitin 2005, q\u00eb nuk e njihte kush, ai u p\u00ebrzgjodh p\u00ebr deputet, e b\u00ebn\u00eb disa her\u00eb minist\u00ebr, m\u00eb pas u em\u00ebrua \u201cme dhjet\u00eb vota plus\u201d kryetar i Bashkis\u00eb s\u00eb Tiran\u00ebs dhe, pas tet\u00eb vitesh d\u00ebshtimi (se partia e tij humbi, apo jo?) atij i dhurohet edhe drejtimi i partis\u00eb direkt nga Berisha. Por a gjen kush ndonj\u00eb argument suksesi n\u00eb karrier\u00ebn e tij \u2018spektakolare\u2019, p\u00ebrve\u00e7 rrug\u00ebs s\u00eb Kombit, ku \u201chumb\u00ebn\u201d gati 300 milion euro, detit t\u00eb falur Greqis\u00eb, vrasjeve t\u00eb 21 janarit, rrethrrotullimit absurd te sheshi Sk\u00ebnderbej, tort\u00ebs s\u00eb masakruar halabak\u00ebrisht t\u00eb 100 vjetorit, dashit kurban te dera e Bashkis\u00eb dhe ngrehin\u00ebs prej bronxi q\u00eb po sh\u00ebrben si shurrtore popullore te parku \u201cRinia\u201d?!<\/p>\n<p><strong>&#8211; Mendoni se duhet t\u00eb rifillojn\u00eb hetimet p\u00ebr nj\u00eb s\u00ebr\u00eb krimesh, si korrupsioni, vrasjet e 21 janarit, G\u00ebrdeci etj.?<\/strong><\/p>\n<p>&#8211; Nj\u00eb shoq\u00ebri pa Drejt\u00ebsi, nuk \u00ebsht\u00eb demokratike. Nj\u00eb Drejt\u00ebsi q\u00eb kap e d\u00ebnon nj\u00eb fakir i cili vjedh p\u00ebr nj\u00eb cop\u00eb buk\u00eb, apo nj\u00eb mjeran q\u00eb p\u00ebr t\u00eb siguruar disa gram\u00eb drog\u00eb vjedh e shet nj\u00eb celular, teksa fal \u201cp\u00ebr procedur\u00eb\u201d, pasi kan\u00eb vjedhur e shp\u00ebrdoruar miliona euro, madje dhe kur kan\u00eb dh\u00ebn\u00eb urdh\u00ebr t\u00eb ekzekutohen demonstruesit paq\u00ebsor\u00eb\u2026 nuk mund t\u00eb quhet Drejt\u00ebsi, por shkat\u00ebrrim i besimit te demokracia, si sistem. P\u00ebr k\u00ebt\u00eb arsye tek ne qytetar\u00ebt kan\u00eb m\u00eb shum\u00eb besim te vet\u00ebgjyq\u00ebsia, se sa te gjykatat dhe policia. Prandaj kemi kaq shum\u00eb krime n\u00eb familje dhe n\u00ebp\u00ebr rrug\u00eb. Dihet q\u00eb Drejt\u00ebsin\u00eb e mban gjall\u00eb parimi: \u201cT\u00eb gjith\u00eb jan\u00eb t\u00eb barabart\u00eb para Ligjit\u201d, \u2013 por kur d\u00ebnimi e nd\u00ebshkimi nuk jepet p\u00ebr zyrtar\u00ebt e lart\u00eb, p\u00ebr kryetar\u00ebt e partive, t\u00eb cil\u00ebt jan\u00eb t\u00eb mbrojtur nga postulati: \u201cd\u00ebnimi ishte i motivuar politikisht\u201d, at\u00ebhere organet e Drejt\u00ebsis\u00eb kthehen n\u00eb \u201carm\u00eb pa leje\u201d t\u00eb cilat vrasin dit\u00ebn p\u00ebr diell besimin e nd\u00ebrsjell\u00eb t\u00eb qytetarit te nj\u00ebri-tjetri, te bashk\u00ebjetesa, te demokracia.<\/p>\n<p>Edhe pse nga Kuvendi u hoq imuniteti i zyrtar\u00ebve t\u00eb lart\u00eb pas trysnis\u00eb s\u00eb nd\u00ebrkomb\u00ebtar\u00ebve, ne nuk kemi ende shembuj t\u00eb till\u00eb t\u00eb nd\u00ebshkimit as p\u00ebr gardist\u00ebt e 21 janarit, le m\u00eb p\u00ebr krer\u00ebt e lart\u00eb t\u00eb politik\u00ebs. Qytetar\u00ebt nuk jan\u00eb t\u00eb barabart\u00eb para trupit gjyq\u00ebsor. Tek ne \u00ebsht\u00eb shum\u00eb e v\u00ebshtir\u00eb t\u00eb dal\u00ebsh d\u00ebshmitar p\u00ebr nj\u00eb vrasje, apo p\u00ebr nj\u00eb d\u00ebm publik, se mund ta p\u00ebsosh m\u00eb keq se viktima, po qe i pambrojtur nga politika dhe parat\u00eb. P\u00ebrse? Sepse tek ne Drejt\u00ebsia funksionon m\u00eb shum\u00eb si gjenerator padrejt\u00ebsie, p\u00ebr shkak se i gjith\u00eb sistemi varet (em\u00ebrohet e shkarkohet) nga politika dhe jo nga interesi i qytetar\u00ebve.<\/p>\n<p><strong>&#8211; Duke pasur parasysh se i akuzuari kryesor \u00ebsht\u00eb Berisha, si ish kryeminist\u00ebr q\u00eb ka drejtuar me dor\u00eb t\u00eb fort\u00eb, nes\u00ebr a mund t\u00eb konsiderohet kultura e nd\u00ebshkueshm\u00ebris\u00eb si hakmarrje politike?<\/strong><\/p>\n<p>&#8211; E thash\u00eb edhe m\u00eb lart: nuk mund t\u00eb ket\u00eb drejt\u00ebsi pa nd\u00ebshkueshm\u00ebri; rrjedhimisht as demokraci. Shembulli i Drejt\u00ebsis\u00eb nuk jepet duke d\u00ebnuar nj\u00eb hajdut pulash, por nj\u00eb qeveritar t\u00eb lart\u00eb, i cili i ka sjell\u00eb d\u00ebme shtetit dhe popullit. K\u00ebt\u00eb e b\u00ebnte edhe Porta e Lart\u00eb, e cila her\u00eb pas here d\u00ebnonte me varje publike nj\u00eb pasha n\u00eb mot!\u2026 Por at\u00ebhere nuk kishte parti dhe krer\u00eb \u201chistorik\u00eb\u201d, t\u00eb veshur me imunitet t\u00eb pakufizuar \u201cperandorak\u201d. N\u00eb k\u00ebt\u00eb kuptim, \u2013 t\u00eb nj\u00eb Drejt\u00ebsie p\u00ebrnjimend t\u00eb pavarur e me integritet \u2013 ne jemi m\u00eb prapa Ukrain\u00ebs, Kroacis\u00eb, Bullgaris\u00eb, Rumanis\u00eb dhe vendeve t\u00eb tjera q\u00eb e kaluan tranzicionin, duke dh\u00ebn\u00eb shembuj t\u00eb nd\u00ebshkimit t\u00eb krer\u00ebve t\u00eb tyre m\u00eb t\u00eb lart\u00eb. P\u00ebr t\u00eb mos shkuar deri n\u00eb Itali me Berluskonin, i cili p\u00ebr hir t\u00eb s\u00eb v\u00ebrtet\u00ebs nuk i ka b\u00ebr\u00eb d\u00ebme t\u00eb tilla vendit, si k\u00ebta tan\u00ebt, e megjithat\u00eb nuk po i rreshtin gjyqet.<\/p>\n<p><strong>&#8211; Zonja Arta Dade deklaroi k\u00ebto dit\u00eb se do t\u00eb dor\u00ebzoj\u00eb mandatin e deputetes n\u00ebse Berisha nuk do dal\u00eb para Drejt\u00ebsis\u00eb. Si e konsideroni k\u00ebt\u00eb q\u00ebndrim?<\/strong><\/p>\n<p>&#8211; Kjo nuk b\u00ebhet me ultimatume. Edhe po e dor\u00ebzoi z. Dade mandatin, af\u00ebrmendsh nuk ka p\u00ebr t\u2019u vendosur Drejt\u00ebsia. Q\u00eb do t\u00eb thot\u00eb: nuk ka p\u00ebr t\u2019i vrar\u00eb nd\u00ebrgjegjia gjykat\u00ebsit e lart\u00eb t\u00eb vendit, p\u00ebrkundrazi. Me deklarimin e saj z. Dade ka d\u00ebshmuar vullnetin e saj p\u00ebr t\u00eb ndryshuar k\u00ebt\u00eb \u201ckultur\u00eb pand\u00ebshkueshm\u00ebrie\u201d q\u00eb po e g\u00ebrryen shoq\u00ebrin\u00eb. Por do t\u00eb ish m\u00eb mir\u00eb q\u00eb ajo t\u00eb luftoj\u00eb, bashk\u00eb me maxhoranc\u00ebn, p\u00ebr \u00e7rr\u00ebnjosjen e k\u00ebtij sistemi t\u00eb korruptuar e t\u00eb deformuar t\u00eb Drejt\u00ebsis\u00eb, i cili funksionon si nj\u00eb korporat\u00eb allishverishi, her\u00eb si zyr\u00eb imobiliare e her\u00eb si nj\u00eb agjenci ankandesh, ku \u201cmallin e gj\u00ebn\u00eb\u201d e blen vet\u00ebm ai q\u00eb paguan m\u00eb shtrenjt\u00eb.<\/p>\n<p><strong>&#8211; \u00c7far\u00eb konsideroni si sfidat m\u00eb t\u00eb forta t\u00eb qeveris\u00eb Rama?<\/strong><\/p>\n<p>&#8211; Qeveria e nes\u00ebrme ndodhet para nj\u00eb detyrimi historik, t\u00eb v\u00ebshtir\u00eb. Votimi plebishitar i dha koalicionit t\u00eb majt\u00eb fuqin\u00eb dhe mund\u00ebsin\u00eb t\u00eb kryej\u00eb reforma t\u00eb thella, t\u00eb shum\u00ebpritura e, pse jo, edhe t\u00eb frytshme e t\u00eb shpejta. Kemi humbur shum\u00eb koh\u00eb, mund e shanse. E para, sigurisht \u00ebsht\u00eb Drejt\u00ebsia. Po u vendos besimi te Drejt\u00ebsia, at\u00ebhere mund t\u00eb thuhet se qeveria e ka nisur pun\u00ebn seriozisht dhe se e ka merituar vot\u00ebn popullore. Nj\u00eb shoq\u00ebri ku nuk ka drejt\u00ebsi, \u00ebsht\u00eb e d\u00ebnuar t\u00eb vuaj\u00eb e t\u00eb zvarritet. Po ashtu, nuk ka e nuk mund t\u00eb ket\u00eb qeveri t\u00eb mir\u00eb e t\u00eb ndershme, aty ku nuk jepet drejt\u00ebsi. Shembulli i mir\u00eb ose i keq p\u00ebrher\u00eb jepet nga lart. Po u veprua edhe nga kjo qeveri sipas parimit: \u201cB\u00ebni si them un\u00eb, por mos b\u00ebni si b\u00ebj un\u00eb\u201d, mund t\u00eb thuhet se kurrgj\u00eb nuk ka ndryshuar, p\u00ebrve\u00e7 emrave t\u00eb ministrave.<\/p>\n<p><strong>&#8211; A duhet b\u00ebr\u00eb nj\u00eb riformatim i institucioneve kryesore t\u00eb shtetit, t\u00eb cilat Berisha i vuri n\u00ebn kontrollin e tij?<\/strong><\/p>\n<p>&#8211; Ta merr mendja. Nuk mjafton t\u00eb nd\u00ebrrohet karrocieri, karroca, por edhe kali. Sigurisht edhe rruga. Se kur rruga t\u00eb \u00e7on n\u00eb qorrsokak, n\u00eb humbell\u00eb, a mjafton t\u00eb mallkosh nes\u00ebr kalin?! Aq m\u00eb pak frer\u00ebt, yzengjit\u00eb dhe kamxhikun e karrocierit!<\/p>\n","protected":false},"excerpt":{"rendered":"<p>Ki\u00e7o Blushi &#8211; Intervist\u00eb, 25 Korrik 2013 Shkrimtari Ki\u00e7o Blushi e quan plot\u00ebsisht t\u00eb merituar, madje t\u00eb vonuar nd\u00ebshkimin q\u00eb populli i dha me vot\u00eb Sali Berish\u00ebs m\u00eb 23 qershor. N\u00eb k\u00ebt\u00eb intervist\u00eb p\u00ebr gazet\u00ebn \u2018DITA\u201d, Blushi rendit krimet dhe keqb\u00ebrjet e Berish\u00ebs dhe pse ai dhe bashk\u00ebpun\u00ebtor\u00ebt e tij duhet t\u00eb vihen p\u00ebrpara p\u00ebrgjegj\u00ebsis\u00eb [&hellip;]<\/p>\n","protected":false},"author":1,"featured_media":0,"comment_status":"open","ping_status":"closed","sticky":false,"template":"","format":"standard","meta":{"footnotes":""},"categories":[4],"tags":[],"class_list":{"0":"post-12999","1":"post","2":"type-post","3":"status-publish","4":"format-standard","6":"category-intervista"},"yoast_head":"<!-- This site is optimized with the Yoast SEO plugin v27.4 - https:\/\/yoast.com\/product\/yoast-seo-wordpress\/ -->\n<title>\u201cN\u00ebse ka nj\u00eb gj\u00eb q\u00eb i ngjall krup\u00eb shqiptarit \u00ebsht\u00eb vetkarfosja e tipit Berisha\u201d - FjALA e LIR\u00cb - Arkivi<\/title>\n<meta name=\"robots\" content=\"index, follow, max-snippet:-1, max-image-preview:large, max-video-preview:-1\" \/>\n<link rel=\"canonical\" href=\"https:\/\/fjala.info\/2009-2015\/nese-ka-nje-gje-qe-i-ngjall-krupe-shqiptarit-eshte-vetkarfosja-e-tipit-berisha\/\" \/>\n<meta property=\"og:locale\" content=\"sq_AL\" \/>\n<meta property=\"og:type\" content=\"article\" \/>\n<meta property=\"og:title\" content=\"\u201cN\u00ebse ka nj\u00eb gj\u00eb q\u00eb i ngjall krup\u00eb shqiptarit \u00ebsht\u00eb vetkarfosja e tipit Berisha\u201d - FjALA e LIR\u00cb - Arkivi\" \/>\n<meta property=\"og:description\" content=\"Ki\u00e7o Blushi &#8211; Intervist\u00eb, 25 Korrik 2013 Shkrimtari Ki\u00e7o Blushi e quan plot\u00ebsisht t\u00eb merituar, madje t\u00eb vonuar nd\u00ebshkimin q\u00eb populli i dha me vot\u00eb Sali Berish\u00ebs m\u00eb 23 qershor. N\u00eb k\u00ebt\u00eb intervist\u00eb p\u00ebr gazet\u00ebn \u2018DITA\u201d, Blushi rendit krimet dhe keqb\u00ebrjet e Berish\u00ebs dhe pse ai dhe bashk\u00ebpun\u00ebtor\u00ebt e tij duhet t\u00eb vihen p\u00ebrpara p\u00ebrgjegj\u00ebsis\u00eb [&hellip;]\" \/>\n<meta property=\"og:url\" content=\"https:\/\/fjala.info\/2009-2015\/nese-ka-nje-gje-qe-i-ngjall-krupe-shqiptarit-eshte-vetkarfosja-e-tipit-berisha\/\" \/>\n<meta property=\"og:site_name\" content=\"FjALA e LIR\u00cb - Arkivi\" \/>\n<meta property=\"article:published_time\" content=\"2013-07-26T23:29:36+00:00\" \/>\n<meta property=\"og:image\" content=\"http:\/\/www.fjala.info\/2013\/kico_blushi.jpg\" \/>\n<meta name=\"author\" content=\"admin\" \/>\n<meta name=\"twitter:card\" content=\"summary_large_image\" \/>\n<meta name=\"twitter:label1\" content=\"Written by\" \/>\n\t<meta name=\"twitter:data1\" content=\"admin\" \/>\n\t<meta name=\"twitter:label2\" content=\"Est. reading time\" \/>\n\t<meta name=\"twitter:data2\" content=\"13 minutes\" \/>\n<script type=\"application\/ld+json\" class=\"yoast-schema-graph\">{\"@context\":\"https:\\\/\\\/schema.org\",\"@graph\":[{\"@type\":\"Article\",\"@id\":\"https:\\\/\\\/fjala.info\\\/2009-2015\\\/nese-ka-nje-gje-qe-i-ngjall-krupe-shqiptarit-eshte-vetkarfosja-e-tipit-berisha\\\/#article\",\"isPartOf\":{\"@id\":\"https:\\\/\\\/fjala.info\\\/2009-2015\\\/nese-ka-nje-gje-qe-i-ngjall-krupe-shqiptarit-eshte-vetkarfosja-e-tipit-berisha\\\/\"},\"author\":{\"name\":\"admin\",\"@id\":\"https:\\\/\\\/fjala.info\\\/2009-2015\\\/#\\\/schema\\\/person\\\/3aa1163ef05469c496fc94e77611ada2\"},\"headline\":\"\u201cN\u00ebse ka nj\u00eb gj\u00eb q\u00eb i ngjall krup\u00eb shqiptarit \u00ebsht\u00eb vetkarfosja e tipit Berisha\u201d\",\"datePublished\":\"2013-07-26T23:29:36+00:00\",\"mainEntityOfPage\":{\"@id\":\"https:\\\/\\\/fjala.info\\\/2009-2015\\\/nese-ka-nje-gje-qe-i-ngjall-krupe-shqiptarit-eshte-vetkarfosja-e-tipit-berisha\\\/\"},\"wordCount\":2629,\"commentCount\":0,\"publisher\":{\"@id\":\"https:\\\/\\\/fjala.info\\\/2009-2015\\\/#organization\"},\"image\":{\"@id\":\"https:\\\/\\\/fjala.info\\\/2009-2015\\\/nese-ka-nje-gje-qe-i-ngjall-krupe-shqiptarit-eshte-vetkarfosja-e-tipit-berisha\\\/#primaryimage\"},\"thumbnailUrl\":\"http:\\\/\\\/www.fjala.info\\\/2013\\\/kico_blushi.jpg\",\"articleSection\":[\"Intervista\"],\"inLanguage\":\"sq-AL\",\"potentialAction\":[{\"@type\":\"CommentAction\",\"name\":\"Comment\",\"target\":[\"https:\\\/\\\/fjala.info\\\/2009-2015\\\/nese-ka-nje-gje-qe-i-ngjall-krupe-shqiptarit-eshte-vetkarfosja-e-tipit-berisha\\\/#respond\"]}]},{\"@type\":\"WebPage\",\"@id\":\"https:\\\/\\\/fjala.info\\\/2009-2015\\\/nese-ka-nje-gje-qe-i-ngjall-krupe-shqiptarit-eshte-vetkarfosja-e-tipit-berisha\\\/\",\"url\":\"https:\\\/\\\/fjala.info\\\/2009-2015\\\/nese-ka-nje-gje-qe-i-ngjall-krupe-shqiptarit-eshte-vetkarfosja-e-tipit-berisha\\\/\",\"name\":\"\u201cN\u00ebse ka nj\u00eb gj\u00eb q\u00eb i ngjall krup\u00eb shqiptarit \u00ebsht\u00eb vetkarfosja e tipit Berisha\u201d - FjALA e LIR\u00cb - Arkivi\",\"isPartOf\":{\"@id\":\"https:\\\/\\\/fjala.info\\\/2009-2015\\\/#website\"},\"primaryImageOfPage\":{\"@id\":\"https:\\\/\\\/fjala.info\\\/2009-2015\\\/nese-ka-nje-gje-qe-i-ngjall-krupe-shqiptarit-eshte-vetkarfosja-e-tipit-berisha\\\/#primaryimage\"},\"image\":{\"@id\":\"https:\\\/\\\/fjala.info\\\/2009-2015\\\/nese-ka-nje-gje-qe-i-ngjall-krupe-shqiptarit-eshte-vetkarfosja-e-tipit-berisha\\\/#primaryimage\"},\"thumbnailUrl\":\"http:\\\/\\\/www.fjala.info\\\/2013\\\/kico_blushi.jpg\",\"datePublished\":\"2013-07-26T23:29:36+00:00\",\"breadcrumb\":{\"@id\":\"https:\\\/\\\/fjala.info\\\/2009-2015\\\/nese-ka-nje-gje-qe-i-ngjall-krupe-shqiptarit-eshte-vetkarfosja-e-tipit-berisha\\\/#breadcrumb\"},\"inLanguage\":\"sq-AL\",\"potentialAction\":[{\"@type\":\"ReadAction\",\"target\":[\"https:\\\/\\\/fjala.info\\\/2009-2015\\\/nese-ka-nje-gje-qe-i-ngjall-krupe-shqiptarit-eshte-vetkarfosja-e-tipit-berisha\\\/\"]}]},{\"@type\":\"ImageObject\",\"inLanguage\":\"sq-AL\",\"@id\":\"https:\\\/\\\/fjala.info\\\/2009-2015\\\/nese-ka-nje-gje-qe-i-ngjall-krupe-shqiptarit-eshte-vetkarfosja-e-tipit-berisha\\\/#primaryimage\",\"url\":\"http:\\\/\\\/www.fjala.info\\\/2013\\\/kico_blushi.jpg\",\"contentUrl\":\"http:\\\/\\\/www.fjala.info\\\/2013\\\/kico_blushi.jpg\"},{\"@type\":\"BreadcrumbList\",\"@id\":\"https:\\\/\\\/fjala.info\\\/2009-2015\\\/nese-ka-nje-gje-qe-i-ngjall-krupe-shqiptarit-eshte-vetkarfosja-e-tipit-berisha\\\/#breadcrumb\",\"itemListElement\":[{\"@type\":\"ListItem\",\"position\":1,\"name\":\"Home\",\"item\":\"https:\\\/\\\/fjala.info\\\/2009-2015\\\/\"},{\"@type\":\"ListItem\",\"position\":2,\"name\":\"\u201cN\u00ebse ka nj\u00eb gj\u00eb q\u00eb i ngjall krup\u00eb shqiptarit \u00ebsht\u00eb vetkarfosja e tipit Berisha\u201d\"}]},{\"@type\":\"WebSite\",\"@id\":\"https:\\\/\\\/fjala.info\\\/2009-2015\\\/#website\",\"url\":\"https:\\\/\\\/fjala.info\\\/2009-2015\\\/\",\"name\":\"FjALA e LIR\u00cb - Arkivi\",\"description\":\"Arkivi 2009-2015\",\"publisher\":{\"@id\":\"https:\\\/\\\/fjala.info\\\/2009-2015\\\/#organization\"},\"potentialAction\":[{\"@type\":\"SearchAction\",\"target\":{\"@type\":\"EntryPoint\",\"urlTemplate\":\"https:\\\/\\\/fjala.info\\\/2009-2015\\\/?s={search_term_string}\"},\"query-input\":{\"@type\":\"PropertyValueSpecification\",\"valueRequired\":true,\"valueName\":\"search_term_string\"}}],\"inLanguage\":\"sq-AL\"},{\"@type\":\"Organization\",\"@id\":\"https:\\\/\\\/fjala.info\\\/2009-2015\\\/#organization\",\"name\":\"FjALA e LIR\u00cb - Arkivi\",\"url\":\"https:\\\/\\\/fjala.info\\\/2009-2015\\\/\",\"logo\":{\"@type\":\"ImageObject\",\"inLanguage\":\"sq-AL\",\"@id\":\"https:\\\/\\\/fjala.info\\\/2009-2015\\\/#\\\/schema\\\/logo\\\/image\\\/\",\"url\":\"\",\"contentUrl\":\"\",\"caption\":\"FjALA e LIR\u00cb - Arkivi\"},\"image\":{\"@id\":\"https:\\\/\\\/fjala.info\\\/2009-2015\\\/#\\\/schema\\\/logo\\\/image\\\/\"}},{\"@type\":\"Person\",\"@id\":\"https:\\\/\\\/fjala.info\\\/2009-2015\\\/#\\\/schema\\\/person\\\/3aa1163ef05469c496fc94e77611ada2\",\"name\":\"admin\",\"image\":{\"@type\":\"ImageObject\",\"inLanguage\":\"sq-AL\",\"@id\":\"https:\\\/\\\/fjala.info\\\/2009-2015\\\/wp-content\\\/uploads\\\/2012\\\/02\\\/arben_cokaj-120x150.jpg\",\"url\":\"https:\\\/\\\/fjala.info\\\/2009-2015\\\/wp-content\\\/uploads\\\/2012\\\/02\\\/arben_cokaj-120x150.jpg\",\"contentUrl\":\"https:\\\/\\\/fjala.info\\\/2009-2015\\\/wp-content\\\/uploads\\\/2012\\\/02\\\/arben_cokaj-120x150.jpg\",\"caption\":\"admin\"},\"description\":\"Admin, Fjala e Lir\u00eb\",\"sameAs\":[\"https:\\\/\\\/fjala.info\\\/\"],\"url\":\"https:\\\/\\\/fjala.info\\\/2009-2015\\\/author\\\/admin\\\/\"}]}<\/script>\n<!-- \/ Yoast SEO plugin. -->","yoast_head_json":{"title":"\u201cN\u00ebse ka nj\u00eb gj\u00eb q\u00eb i ngjall krup\u00eb shqiptarit \u00ebsht\u00eb vetkarfosja e tipit Berisha\u201d - FjALA e LIR\u00cb - Arkivi","robots":{"index":"index","follow":"follow","max-snippet":"max-snippet:-1","max-image-preview":"max-image-preview:large","max-video-preview":"max-video-preview:-1"},"canonical":"https:\/\/fjala.info\/2009-2015\/nese-ka-nje-gje-qe-i-ngjall-krupe-shqiptarit-eshte-vetkarfosja-e-tipit-berisha\/","og_locale":"sq_AL","og_type":"article","og_title":"\u201cN\u00ebse ka nj\u00eb gj\u00eb q\u00eb i ngjall krup\u00eb shqiptarit \u00ebsht\u00eb vetkarfosja e tipit Berisha\u201d - FjALA e LIR\u00cb - Arkivi","og_description":"Ki\u00e7o Blushi &#8211; Intervist\u00eb, 25 Korrik 2013 Shkrimtari Ki\u00e7o Blushi e quan plot\u00ebsisht t\u00eb merituar, madje t\u00eb vonuar nd\u00ebshkimin q\u00eb populli i dha me vot\u00eb Sali Berish\u00ebs m\u00eb 23 qershor. N\u00eb k\u00ebt\u00eb intervist\u00eb p\u00ebr gazet\u00ebn \u2018DITA\u201d, Blushi rendit krimet dhe keqb\u00ebrjet e Berish\u00ebs dhe pse ai dhe bashk\u00ebpun\u00ebtor\u00ebt e tij duhet t\u00eb vihen p\u00ebrpara p\u00ebrgjegj\u00ebsis\u00eb [&hellip;]","og_url":"https:\/\/fjala.info\/2009-2015\/nese-ka-nje-gje-qe-i-ngjall-krupe-shqiptarit-eshte-vetkarfosja-e-tipit-berisha\/","og_site_name":"FjALA e LIR\u00cb - Arkivi","article_published_time":"2013-07-26T23:29:36+00:00","og_image":[{"url":"http:\/\/www.fjala.info\/2013\/kico_blushi.jpg","type":"","width":"","height":""}],"author":"admin","twitter_card":"summary_large_image","twitter_misc":{"Written by":"admin","Est. reading time":"13 minutes"},"schema":{"@context":"https:\/\/schema.org","@graph":[{"@type":"Article","@id":"https:\/\/fjala.info\/2009-2015\/nese-ka-nje-gje-qe-i-ngjall-krupe-shqiptarit-eshte-vetkarfosja-e-tipit-berisha\/#article","isPartOf":{"@id":"https:\/\/fjala.info\/2009-2015\/nese-ka-nje-gje-qe-i-ngjall-krupe-shqiptarit-eshte-vetkarfosja-e-tipit-berisha\/"},"author":{"name":"admin","@id":"https:\/\/fjala.info\/2009-2015\/#\/schema\/person\/3aa1163ef05469c496fc94e77611ada2"},"headline":"\u201cN\u00ebse ka nj\u00eb gj\u00eb q\u00eb i ngjall krup\u00eb shqiptarit \u00ebsht\u00eb vetkarfosja e tipit Berisha\u201d","datePublished":"2013-07-26T23:29:36+00:00","mainEntityOfPage":{"@id":"https:\/\/fjala.info\/2009-2015\/nese-ka-nje-gje-qe-i-ngjall-krupe-shqiptarit-eshte-vetkarfosja-e-tipit-berisha\/"},"wordCount":2629,"commentCount":0,"publisher":{"@id":"https:\/\/fjala.info\/2009-2015\/#organization"},"image":{"@id":"https:\/\/fjala.info\/2009-2015\/nese-ka-nje-gje-qe-i-ngjall-krupe-shqiptarit-eshte-vetkarfosja-e-tipit-berisha\/#primaryimage"},"thumbnailUrl":"http:\/\/www.fjala.info\/2013\/kico_blushi.jpg","articleSection":["Intervista"],"inLanguage":"sq-AL","potentialAction":[{"@type":"CommentAction","name":"Comment","target":["https:\/\/fjala.info\/2009-2015\/nese-ka-nje-gje-qe-i-ngjall-krupe-shqiptarit-eshte-vetkarfosja-e-tipit-berisha\/#respond"]}]},{"@type":"WebPage","@id":"https:\/\/fjala.info\/2009-2015\/nese-ka-nje-gje-qe-i-ngjall-krupe-shqiptarit-eshte-vetkarfosja-e-tipit-berisha\/","url":"https:\/\/fjala.info\/2009-2015\/nese-ka-nje-gje-qe-i-ngjall-krupe-shqiptarit-eshte-vetkarfosja-e-tipit-berisha\/","name":"\u201cN\u00ebse ka nj\u00eb gj\u00eb q\u00eb i ngjall krup\u00eb shqiptarit \u00ebsht\u00eb vetkarfosja e tipit Berisha\u201d - FjALA e LIR\u00cb - Arkivi","isPartOf":{"@id":"https:\/\/fjala.info\/2009-2015\/#website"},"primaryImageOfPage":{"@id":"https:\/\/fjala.info\/2009-2015\/nese-ka-nje-gje-qe-i-ngjall-krupe-shqiptarit-eshte-vetkarfosja-e-tipit-berisha\/#primaryimage"},"image":{"@id":"https:\/\/fjala.info\/2009-2015\/nese-ka-nje-gje-qe-i-ngjall-krupe-shqiptarit-eshte-vetkarfosja-e-tipit-berisha\/#primaryimage"},"thumbnailUrl":"http:\/\/www.fjala.info\/2013\/kico_blushi.jpg","datePublished":"2013-07-26T23:29:36+00:00","breadcrumb":{"@id":"https:\/\/fjala.info\/2009-2015\/nese-ka-nje-gje-qe-i-ngjall-krupe-shqiptarit-eshte-vetkarfosja-e-tipit-berisha\/#breadcrumb"},"inLanguage":"sq-AL","potentialAction":[{"@type":"ReadAction","target":["https:\/\/fjala.info\/2009-2015\/nese-ka-nje-gje-qe-i-ngjall-krupe-shqiptarit-eshte-vetkarfosja-e-tipit-berisha\/"]}]},{"@type":"ImageObject","inLanguage":"sq-AL","@id":"https:\/\/fjala.info\/2009-2015\/nese-ka-nje-gje-qe-i-ngjall-krupe-shqiptarit-eshte-vetkarfosja-e-tipit-berisha\/#primaryimage","url":"http:\/\/www.fjala.info\/2013\/kico_blushi.jpg","contentUrl":"http:\/\/www.fjala.info\/2013\/kico_blushi.jpg"},{"@type":"BreadcrumbList","@id":"https:\/\/fjala.info\/2009-2015\/nese-ka-nje-gje-qe-i-ngjall-krupe-shqiptarit-eshte-vetkarfosja-e-tipit-berisha\/#breadcrumb","itemListElement":[{"@type":"ListItem","position":1,"name":"Home","item":"https:\/\/fjala.info\/2009-2015\/"},{"@type":"ListItem","position":2,"name":"\u201cN\u00ebse ka nj\u00eb gj\u00eb q\u00eb i ngjall krup\u00eb shqiptarit \u00ebsht\u00eb vetkarfosja e tipit Berisha\u201d"}]},{"@type":"WebSite","@id":"https:\/\/fjala.info\/2009-2015\/#website","url":"https:\/\/fjala.info\/2009-2015\/","name":"FjALA e LIR\u00cb - Arkivi","description":"Arkivi 2009-2015","publisher":{"@id":"https:\/\/fjala.info\/2009-2015\/#organization"},"potentialAction":[{"@type":"SearchAction","target":{"@type":"EntryPoint","urlTemplate":"https:\/\/fjala.info\/2009-2015\/?s={search_term_string}"},"query-input":{"@type":"PropertyValueSpecification","valueRequired":true,"valueName":"search_term_string"}}],"inLanguage":"sq-AL"},{"@type":"Organization","@id":"https:\/\/fjala.info\/2009-2015\/#organization","name":"FjALA e LIR\u00cb - Arkivi","url":"https:\/\/fjala.info\/2009-2015\/","logo":{"@type":"ImageObject","inLanguage":"sq-AL","@id":"https:\/\/fjala.info\/2009-2015\/#\/schema\/logo\/image\/","url":"","contentUrl":"","caption":"FjALA e LIR\u00cb - Arkivi"},"image":{"@id":"https:\/\/fjala.info\/2009-2015\/#\/schema\/logo\/image\/"}},{"@type":"Person","@id":"https:\/\/fjala.info\/2009-2015\/#\/schema\/person\/3aa1163ef05469c496fc94e77611ada2","name":"admin","image":{"@type":"ImageObject","inLanguage":"sq-AL","@id":"https:\/\/fjala.info\/2009-2015\/wp-content\/uploads\/2012\/02\/arben_cokaj-120x150.jpg","url":"https:\/\/fjala.info\/2009-2015\/wp-content\/uploads\/2012\/02\/arben_cokaj-120x150.jpg","contentUrl":"https:\/\/fjala.info\/2009-2015\/wp-content\/uploads\/2012\/02\/arben_cokaj-120x150.jpg","caption":"admin"},"description":"Admin, Fjala e Lir\u00eb","sameAs":["https:\/\/fjala.info\/"],"url":"https:\/\/fjala.info\/2009-2015\/author\/admin\/"}]}},"_links":{"self":[{"href":"https:\/\/fjala.info\/2009-2015\/wp-json\/wp\/v2\/posts\/12999","targetHints":{"allow":["GET"]}}],"collection":[{"href":"https:\/\/fjala.info\/2009-2015\/wp-json\/wp\/v2\/posts"}],"about":[{"href":"https:\/\/fjala.info\/2009-2015\/wp-json\/wp\/v2\/types\/post"}],"author":[{"embeddable":true,"href":"https:\/\/fjala.info\/2009-2015\/wp-json\/wp\/v2\/users\/1"}],"replies":[{"embeddable":true,"href":"https:\/\/fjala.info\/2009-2015\/wp-json\/wp\/v2\/comments?post=12999"}],"version-history":[{"count":0,"href":"https:\/\/fjala.info\/2009-2015\/wp-json\/wp\/v2\/posts\/12999\/revisions"}],"wp:attachment":[{"href":"https:\/\/fjala.info\/2009-2015\/wp-json\/wp\/v2\/media?parent=12999"}],"wp:term":[{"taxonomy":"category","embeddable":true,"href":"https:\/\/fjala.info\/2009-2015\/wp-json\/wp\/v2\/categories?post=12999"},{"taxonomy":"post_tag","embeddable":true,"href":"https:\/\/fjala.info\/2009-2015\/wp-json\/wp\/v2\/tags?post=12999"}],"curies":[{"name":"wp","href":"https:\/\/api.w.org\/{rel}","templated":true}]}}