{"id":12996,"date":"2013-07-27T00:03:07","date_gmt":"2013-07-26T23:03:07","guid":{"rendered":"http:\/\/fjala.info\/?p=3994"},"modified":"2013-07-27T00:03:07","modified_gmt":"2013-07-26T23:03:07","slug":"shqiptaret-bejne-histori-qe-shkruajne-keq","status":"publish","type":"post","link":"https:\/\/fjala.info\/2009-2015\/shqiptaret-bejne-histori-qe-shkruajne-keq\/","title":{"rendered":"SHQIPTAR\u00cbT B\u00cbJN\u00cb HISTORI Q\u00cb SHKRUAJN\u00cb KEQ"},"content":{"rendered":"<p><img decoding=\"async\" class=\"alignright size-thumbnail wp-image-7236\" title=\"Ylli Polovina\" alt=\"\" src=\"http:\/\/www.fjala.info\/2013\/ylli_polovina.jpg\" width=\"200\" \/> <strong>YLLI POLOVINA<\/strong>, <em>26 Korrik 2013<\/em><\/p>\n<p>Ylli PolovinaNe, shqiptar\u00ebt, nuk \u00e7mohemi shum\u00eb p\u00ebr m\u00ebnyr\u00ebn se si sillemi me pasurit\u00eb tona t\u00eb p\u00ebrbashk\u00ebta, publike si\u00e7 i thon\u00eb. N\u00eb t\u00eb v\u00ebrtet\u00eb ato, duke mos qen\u00eb fort t\u00eb bollshme, si\u00e7 ndonj\u00ebher\u00eb besojm\u00eb dhe e deklarojm\u00eb me shprehje t\u00eb ngrefosura, nuk jan\u00eb as fare t\u00eb vogla. Madje mund t\u00eb ishin edhe dy her\u00eb m\u00eb pak, por mjaft m\u00eb t\u00eb dobishme p\u00ebr jet\u00ebn e prestigjin ton\u00eb sikur t\u00eb dinim e d\u00ebshironim m\u00eb shum\u00eb p\u00ebr t\u2019i mir\u00ebp\u00ebrdorur. Prej k\u00ebtyre pasurive t\u00eb shfryt\u00ebzuara p\u00ebrcip\u00ebsisht dy jan\u00eb thesare. I pari, pozicioni yn\u00eb gjeostrategjik, n\u00eb Ballkan dhe n\u00eb eurokontinent. Pas vitit n\u00ebnt\u00ebdhjet\u00eb t\u00eb shekullit t\u00eb shkuar, shpesh kjo edhe p\u00ebr merit\u00eb e t\u00eb huajve, t\u00eb cil\u00ebt i b\u00ebjn\u00eb llogarit\u00eb shum\u00eb m\u00eb mir\u00eb nga ne, jan\u00eb shtuar p\u00ebrfitimet nga kjo vler\u00eb q\u00eb ta fal natyra.<\/p>\n<p>Dy kulmime gjenden n\u00eb t\u00eb: hyrja n\u00eb NATO dhe k\u00ebrsh\u00ebria e shum\u00eb vendeve t\u00eb bot\u00ebs p\u00ebr t\u00eb b\u00ebr\u00eb turiz\u00ebm n\u00eb Shqip\u00ebri. Nd\u00ebrkoh\u00eb asnj\u00ebher\u00eb ne, me ofert\u00ebn ton\u00eb, nuk qem\u00eb n\u00eb lart\u00ebsin\u00eb e k\u00ebsaj k\u00ebrkese. Jeta jon\u00eb e rr\u00ebmujshme, me nj\u00eb trafik dhe rend t\u00eb gj\u00ebrave q\u00eb i b\u00ebn t\u00eb zgurdullojn\u00eb syt\u00eb nga habia gjith\u00eb t\u00eb huajt, gjithsesi t\u00ebrheq\u00ebse sepse \u00ebsht\u00eb \u201callasoj\u201d, mbetet e tronditur r\u00ebnd\u00eb nga p\u00ebrmasat ekstreme t\u00eb nj\u00eb lufte t\u00eb brendshme p\u00ebr pushtet politik. Ky n\u00eb t\u00eb gjith\u00eb nj\u00ebqind vitet e shtetit ton\u00eb ka d\u00ebshmuar kanosje t\u00eb p\u00ebrhershme, t\u00eb vazhduar.<\/p>\n<p>Por jo i mir\u00ebp\u00ebrdorur me largpam\u00ebsi \u00ebsht\u00eb edhe nj\u00eb thesar tjet\u00ebr yni: historia jon\u00eb.<\/p>\n<p>T\u00eb tjer\u00eb mund t\u00eb gjykojn\u00eb se n\u00eb nivelin e thesarit komb\u00ebtar hyjn\u00eb edhe toleranca nd\u00ebrfetare, kultura apo folklori, Sk\u00ebnderbeu apo edhe t\u00eb tjera ve\u00e7anti, ve\u00e7 autori i k\u00ebtyre radh\u00ebve frenohet n\u00eb vet\u00ebm dy.<\/p>\n<p>Historia e shqiptar\u00ebve, duke qen\u00eb edhe ca si ndryshe prej t\u00eb tjer\u00ebve, e mbushur plot me potere individ\u00ebsh t\u00eb fort\u00eb, por ku gjen akte fisnik\u00ebrie dhe p\u00ebrgjegj\u00ebsie t\u00eb mahnitshme (si edhe marrina po aq madh\u00ebshtore), n\u00eb t\u00eb cilin vend po ashtu, p\u00ebr hir t\u00eb protagonizmit t\u00eb mbitheksuar t\u00eb individit, fisit, fshatit, krahin\u00ebs apo qytetit, ka larmi t\u00eb gjall\u00eb q\u00eb shkon deri p\u00ebrtej fantazis\u00eb, p\u00ebrb\u00ebn krijimin ton\u00eb m\u00eb t\u00eb jasht\u00ebzakonsh\u00ebm e t\u00ebrheq\u00ebs. Historia q\u00eb kemi prodhuar \u00ebsht\u00eb kryevepra jon\u00eb. Atje \u00ebsht\u00eb fiksuar gjith\u00eb identiteti yn\u00eb dhe bota jasht\u00eb nesh, e cila p\u00ebrdit\u00eb e m\u00eb shum\u00eb po b\u00ebhet nj\u00eb \u201cfshat i madh\u201d, ka mjaft interes t\u00eb na kontaktoj\u00eb dhe p\u00ebr pasoj\u00eb t\u00eb na njoh\u00eb, t\u00eb na doj\u00eb dhe vler\u00ebsoj\u00eb. Ja pse shkrimi i historis\u00eb s\u00eb shqiptar\u00ebve n\u00ebp\u00ebr libra apo pasqyrimi n\u00eb median me pamje, kinematografi dhe televizion e deri n\u00eb piktur\u00eb apo vepra skulpturore, duhet t\u00eb jet\u00eb pika e par\u00eb e programit t\u00eb nj\u00eb Rilindjeje Shqiptare, t\u00eb filluar n\u00eb shtetin ton\u00eb nj\u00ebzet\u00eb e m\u00eb tep\u00ebr vite t\u00eb shkuara, me fillimin e shoq\u00ebris\u00eb s\u00eb hapur dhe n\u00eb Kosov\u00eb n\u00eb 1999, me \u00e7lirimin dhe m\u00ebvet\u00ebsimin e saj.<\/p>\n<p>Mir\u00ebpo e trishtueshmja rezulton q\u00eb, edhe n\u00eb k\u00ebt\u00eb thesar t\u00eb madh komb\u00ebtar \u00ebsht\u00eb shkaktuar nj\u00eb rr\u00ebmuj\u00eb tipike si e mend\u00ebsis\u00eb son\u00eb. Duke shp\u00ebtuar nga regjimi ku prodhohej vet\u00ebm historiografi zyrtare, \u00ebsht\u00eb kaluar n\u00eb skajin tjet\u00ebr, ku kjo, p\u00ebr nj\u00ebmij\u00eb arsye e rrethana, nuk ia del dot t\u00eb p\u00ebrballoj\u00eb sistemimin e t\u00eb v\u00ebrtetave. Nga q\u00eb tani shkruhet shum\u00eb dhe secilit \u00e7far\u00eb i p\u00eblqen, dhe askush nuk verifikon e p\u00ebrdor ndonj\u00eb kriter shkencor apo moral, p\u00ebr fat nd\u00ebrsa jan\u00eb shtuar g\u00ebzuesh\u00ebm rr\u00ebfimtar\u00ebt dhe interpretuesit serioz\u00eb, po derdhet si lum i turbullt e p\u00ebrmbyt\u00ebs ai i t\u00eb pap\u00ebrgjegjshm\u00ebve. T\u00eb pajisur me mjete financiare dhe duke e zbuluar urin\u00eb e shtypit p\u00ebr sensacione, shtremb\u00ebrimi i historis\u00eb son\u00eb tashm\u00eb nuk \u00ebsht\u00eb aspak m\u00eb i vog\u00ebl se gjat\u00eb diktatur\u00ebs s\u00eb para n\u00ebnt\u00ebdhjet\u00ebs apo periudh\u00ebs autoritare t\u00eb Ahmet Zogut.<\/p>\n<p>Vala e madhe e deformuesve vjen prej mburravec\u00ebve, \u201crac\u00eb\u201d e p\u00ebrhapur mes nesh. Shumohet nga amator\u00ebt, t\u00eb cil\u00ebt si \u00e7do diletant, jan\u00eb pun\u00ebtor\u00eb t\u00eb m\u00ebdhenj dhe nuk ndiejn\u00eb lodhje, nuk flen\u00eb, shkarravisin dit\u00eb-nat\u00eb. K\u00ebtyre u shtohen bashk\u00ebkomb\u00ebs, ish-eksponent\u00eb t\u00eb shtetit t\u00eb dikursh\u00ebm apo edhe n\u00ebpun\u00ebs t\u00eb zyrave m\u00eb t\u00eb ul\u00ebta, t\u00eb cil\u00ebt pastrojn\u00eb biografit\u00eb e tyre, duke g\u00ebnjyer p\u00ebr ngjarje apo persona t\u00eb r\u00ebnd\u00ebsish\u00ebm t\u00eb koh\u00ebs. Disidenca false vijon t\u00eb mbetet deformuesja m\u00eb e madhe, n\u00eb liri, e historis\u00eb son\u00eb.<\/p>\n<p>Koh\u00ebt e fundit pata nj\u00eb bised\u00eb me Nezihe Alizotin, mbes\u00ebn e politikanit t\u00eb akuzuar si kolaboracionist dhe t\u00eb pushkatuar n\u00eb t\u00eb quajturin Gjyq Special, m\u00eb 13 prill 1945. Pjes\u00ebtar\u00eb t\u00eb familjes me shpenzimet e tyre i kan\u00eb botuar librin \u201cKujtimet e jet\u00ebs sime politike, 1891-1921\u201d. Ato sh\u00ebnime pat\u00ebn shp\u00ebtuar, sepse shumica u botuan n\u00eb gazetat \u201cDemokratia\u201d dhe \u201cBesa\u201d gjat\u00eb viteve tridhjet\u00eb. Nd\u00ebrkoh\u00eb nuk e g\u00ebzuan dot k\u00ebt\u00eb fat kujtime t\u00eb tjera t\u00eb tij p\u00ebr vitet 1922-\u201844, sepse t\u00eb frik\u00ebsuar nga dy pushkatime (p\u00ebrve\u00e7 Fejziut, n\u00eb 1947 u vra nga shteti i koh\u00ebs edhe i biri i tij, Rizai) ato, pjes\u00ebtar\u00ebt e familjes, i dogj\u00ebn.<\/p>\n<p>Gjat\u00eb shk\u00ebmbimit t\u00eb mendimeve, mbesa e Fejziut, mjaft bashk\u00ebpunuese me arkivat, tha se po p\u00ebrgatisnin nj\u00eb lib\u00ebr t\u00eb dyt\u00eb t\u00eb gjyshit dhe se n\u00eb t\u00eb do t\u00eb vendoseshin t\u00eb gjitha fjalimet e tij n\u00eb parlamentet e koh\u00ebs, si deputet i disa legjislaturave q\u00eb ishte. Si\u00e7 pat\u00ebn b\u00ebr\u00eb edhe tek \u201cKujtimet\u201d, edhe n\u00eb k\u00ebt\u00eb botim nuk do t\u00eb nd\u00ebrhynin. Do t\u2019i paraqisnin fjalimet e tij ashtu si\u00e7 i kishte shqiptuar. Nuk do t\u2019i hiqnin apo rrumbullakosnin asnj\u00eb fjal\u00eb. \u201cLexuesit le t\u2019i gjykojn\u00eb vet\u00eb!\u201d, shtoi Neziheja.<\/p>\n<p>Sjellje e admirueshme. Maksimalisht paan\u00ebsi. Korrektes\u00eb e madhe ndaj historis\u00eb. Fejzi Alizoti ka qen\u00eb, edhe gjat\u00eb pushtimit, n\u00eb qeverit\u00eb bashk\u00ebpunuese, nj\u00eb minist\u00ebr Finance. Nd\u00ebrkoh\u00eb jeta e tij, e mbushur me gjeste atdhedashurie, ka edhe nj\u00eb fragment shk\u00eblqimtar. Pas dor\u00ebheqjes s\u00eb detyruar t\u00eb Ismail Qemalit, n\u00eb administrat\u00ebn e t\u00eb cilit b\u00ebnte pjes\u00eb, u caktua nga bashk\u00ebsia nd\u00ebrkomb\u00ebtare, Komisioni Nd\u00ebrkomb\u00ebtar i Kontrollit, si \u201cdrejtor\u201d, q\u00eb donte t\u00eb thoshte kryeministri i ri i qeveris\u00eb s\u00eb Vlor\u00ebs. Pra Fejzi Alizoti \u00ebsht\u00eb kryeministri i dyt\u00eb i shtetit shqiptar dhe p\u00ebr k\u00ebt\u00eb \u00ebsht\u00eb heshtur.<\/p>\n<p>P\u00ebr nj\u00eb simbolik\u00eb, p\u00ebrcjellje kuptimi se sa e paudh\u00eb \u00ebsht\u00eb shprishja e historis\u00eb dhe sa e bukur e v\u00ebrteta e saj, kur shkruhet pa nd\u00ebrhyr\u00eb, sa dinjitet i jep ajo n\u00eb k\u00ebt\u00eb m\u00ebnyr\u00eb identitetit shqiptar, po citojm\u00eb nga libri \u201cKujtimet e jet\u00ebs sime politike, 1891-1921)\u201d k\u00ebt\u00eb fragment: \u201cN\u00eb k\u00ebt\u00eb qytet (Vlor\u00eb-sh\u00ebnimi yn\u00eb) mbeta n\u00eb Sht\u00ebpin\u00eb e Ismail beut n\u00eb Skel\u00eb. E para pun\u00eb q\u00eb m\u00eb ngarkoi Ismail beu ishte studimi i situat\u00ebs s\u00eb refugjat\u00ebve kosovar\u00eb dhe atyre t\u00eb viseve t\u00eb Gjirokastr\u00ebs. Midis Esat Pash\u00ebs, Myfit beut dhe Ismail beut mbret\u00ebronte nj\u00eb ftoht\u00ebsi e cila p\u00ebr mua vinte nga egoizmi, ashtu edhe mosheqja e reputacionit t\u00eb Ismail beut si formues i shtetit shqiptar. Situat\u00ebn e keq\u00ebsonte dhe Syrja bej Vlora nga provokacionet q\u00eb b\u00ebnte p\u00ebr t\u00eb shtuar mosk\u00ebnaq\u00ebsin\u00eb e popullit. Shqip\u00ebri i thuhej k\u00ebsaj cope q\u00eb nga Llogaraja af\u00ebr Sevasterit, n\u00eb kufi t\u00eb Tepelen\u00ebs dhe Vlor\u00ebs. Af\u00ebr ndodheshin fuqit\u00eb greke n\u00eb Vjos\u00eb. Ushtria turke ndodhej akoma n\u00eb vise t\u00eb tjera t\u00eb shkelura nga serb\u00ebt dhe malazez\u00ebt. Fuqit\u00eb e interesuara p\u00ebr Shqip\u00ebrin\u00eb Austro-Hungaria dhe Italia, duke p\u00ebrfituar nga gjendja b\u00ebnin politikat e tyre.<\/p>\n<p>P\u00ebr t\u00eb shp\u00ebtuar nga intrigat, Isa Boletini, Sali Gjuka dhe Luigj Gurakuqi kishin vendosur q\u00eb kur Esat Pasha (Toptani) t\u00eb sh\u00ebtiste n\u00eb skel\u00ebn me ur\u00eb mbi det ta shtinin dhe ta mbysnin. Po p\u00ebr k\u00ebt\u00eb duhej t\u00eb merrnin miratimin e Ismail beut. T\u00eb tre k\u00ebta m\u00eb drejtohen mua p\u00ebr t\u2019ia referuar dhe p\u00ebr t\u2019i marr\u00eb miratimin. Un\u00eb Ismail beun dhe Esat Pash\u00ebn i kisha kush\u00ebri. Mbroja gjithmon\u00eb pik\u00ebpamjen e Ismail beut, por nuk isha i mendimit p\u00ebr vrasje. Megjithat\u00eb mendimin e k\u00ebtyre zot\u00ebrinjve ia referova beut. Ai m\u2019u p\u00ebrgjigj se n\u00eb rast do t\u00eb veprohej me vrasje t\u00eb nj\u00ebri-tjetrit p\u00ebr formimin e shtetit shqiptar do merrte valixhet dhe do ikte\u201d.<\/p>\n","protected":false},"excerpt":{"rendered":"<p>YLLI POLOVINA, 26 Korrik 2013 Ylli PolovinaNe, shqiptar\u00ebt, nuk \u00e7mohemi shum\u00eb p\u00ebr m\u00ebnyr\u00ebn se si sillemi me pasurit\u00eb tona t\u00eb p\u00ebrbashk\u00ebta, publike si\u00e7 i thon\u00eb. N\u00eb t\u00eb v\u00ebrtet\u00eb ato, duke mos qen\u00eb fort t\u00eb bollshme, si\u00e7 ndonj\u00ebher\u00eb besojm\u00eb dhe e deklarojm\u00eb me shprehje t\u00eb ngrefosura, nuk jan\u00eb as fare t\u00eb vogla. Madje mund t\u00eb ishin [&hellip;]<\/p>\n","protected":false},"author":1,"featured_media":0,"comment_status":"open","ping_status":"closed","sticky":false,"template":"","format":"standard","meta":{"footnotes":""},"categories":[2],"tags":[],"class_list":{"0":"post-12996","1":"post","2":"type-post","3":"status-publish","4":"format-standard","6":"category-artikuj"},"yoast_head":"<!-- This site is optimized with the Yoast SEO plugin v27.4 - https:\/\/yoast.com\/product\/yoast-seo-wordpress\/ -->\n<title>SHQIPTAR\u00cbT B\u00cbJN\u00cb HISTORI Q\u00cb SHKRUAJN\u00cb KEQ - FjALA e LIR\u00cb - Arkivi<\/title>\n<meta name=\"robots\" content=\"index, follow, max-snippet:-1, max-image-preview:large, max-video-preview:-1\" \/>\n<link rel=\"canonical\" href=\"https:\/\/fjala.info\/2009-2015\/shqiptaret-bejne-histori-qe-shkruajne-keq\/\" \/>\n<meta property=\"og:locale\" content=\"sq_AL\" \/>\n<meta property=\"og:type\" content=\"article\" \/>\n<meta property=\"og:title\" content=\"SHQIPTAR\u00cbT B\u00cbJN\u00cb HISTORI Q\u00cb SHKRUAJN\u00cb KEQ - FjALA e LIR\u00cb - Arkivi\" \/>\n<meta property=\"og:description\" content=\"YLLI POLOVINA, 26 Korrik 2013 Ylli PolovinaNe, shqiptar\u00ebt, nuk \u00e7mohemi shum\u00eb p\u00ebr m\u00ebnyr\u00ebn se si sillemi me pasurit\u00eb tona t\u00eb p\u00ebrbashk\u00ebta, publike si\u00e7 i thon\u00eb. N\u00eb t\u00eb v\u00ebrtet\u00eb ato, duke mos qen\u00eb fort t\u00eb bollshme, si\u00e7 ndonj\u00ebher\u00eb besojm\u00eb dhe e deklarojm\u00eb me shprehje t\u00eb ngrefosura, nuk jan\u00eb as fare t\u00eb vogla. Madje mund t\u00eb ishin [&hellip;]\" \/>\n<meta property=\"og:url\" content=\"https:\/\/fjala.info\/2009-2015\/shqiptaret-bejne-histori-qe-shkruajne-keq\/\" \/>\n<meta property=\"og:site_name\" content=\"FjALA e LIR\u00cb - Arkivi\" \/>\n<meta property=\"article:published_time\" content=\"2013-07-26T23:03:07+00:00\" \/>\n<meta property=\"og:image\" content=\"http:\/\/www.fjala.info\/2013\/ylli_polovina.jpg\" \/>\n<meta name=\"author\" content=\"admin\" \/>\n<meta name=\"twitter:card\" content=\"summary_large_image\" \/>\n<meta name=\"twitter:label1\" content=\"Written by\" \/>\n\t<meta name=\"twitter:data1\" content=\"admin\" \/>\n\t<meta name=\"twitter:label2\" content=\"Est. reading time\" \/>\n\t<meta name=\"twitter:data2\" content=\"7 minutes\" \/>\n<script type=\"application\/ld+json\" class=\"yoast-schema-graph\">{\"@context\":\"https:\\\/\\\/schema.org\",\"@graph\":[{\"@type\":\"Article\",\"@id\":\"https:\\\/\\\/fjala.info\\\/2009-2015\\\/shqiptaret-bejne-histori-qe-shkruajne-keq\\\/#article\",\"isPartOf\":{\"@id\":\"https:\\\/\\\/fjala.info\\\/2009-2015\\\/shqiptaret-bejne-histori-qe-shkruajne-keq\\\/\"},\"author\":{\"name\":\"admin\",\"@id\":\"https:\\\/\\\/fjala.info\\\/2009-2015\\\/#\\\/schema\\\/person\\\/3aa1163ef05469c496fc94e77611ada2\"},\"headline\":\"SHQIPTAR\u00cbT B\u00cbJN\u00cb HISTORI Q\u00cb SHKRUAJN\u00cb KEQ\",\"datePublished\":\"2013-07-26T23:03:07+00:00\",\"mainEntityOfPage\":{\"@id\":\"https:\\\/\\\/fjala.info\\\/2009-2015\\\/shqiptaret-bejne-histori-qe-shkruajne-keq\\\/\"},\"wordCount\":1481,\"commentCount\":0,\"publisher\":{\"@id\":\"https:\\\/\\\/fjala.info\\\/2009-2015\\\/#organization\"},\"image\":{\"@id\":\"https:\\\/\\\/fjala.info\\\/2009-2015\\\/shqiptaret-bejne-histori-qe-shkruajne-keq\\\/#primaryimage\"},\"thumbnailUrl\":\"http:\\\/\\\/www.fjala.info\\\/2013\\\/ylli_polovina.jpg\",\"articleSection\":[\"Artikuj\"],\"inLanguage\":\"sq-AL\",\"potentialAction\":[{\"@type\":\"CommentAction\",\"name\":\"Comment\",\"target\":[\"https:\\\/\\\/fjala.info\\\/2009-2015\\\/shqiptaret-bejne-histori-qe-shkruajne-keq\\\/#respond\"]}]},{\"@type\":\"WebPage\",\"@id\":\"https:\\\/\\\/fjala.info\\\/2009-2015\\\/shqiptaret-bejne-histori-qe-shkruajne-keq\\\/\",\"url\":\"https:\\\/\\\/fjala.info\\\/2009-2015\\\/shqiptaret-bejne-histori-qe-shkruajne-keq\\\/\",\"name\":\"SHQIPTAR\u00cbT B\u00cbJN\u00cb HISTORI Q\u00cb SHKRUAJN\u00cb KEQ - FjALA e LIR\u00cb - Arkivi\",\"isPartOf\":{\"@id\":\"https:\\\/\\\/fjala.info\\\/2009-2015\\\/#website\"},\"primaryImageOfPage\":{\"@id\":\"https:\\\/\\\/fjala.info\\\/2009-2015\\\/shqiptaret-bejne-histori-qe-shkruajne-keq\\\/#primaryimage\"},\"image\":{\"@id\":\"https:\\\/\\\/fjala.info\\\/2009-2015\\\/shqiptaret-bejne-histori-qe-shkruajne-keq\\\/#primaryimage\"},\"thumbnailUrl\":\"http:\\\/\\\/www.fjala.info\\\/2013\\\/ylli_polovina.jpg\",\"datePublished\":\"2013-07-26T23:03:07+00:00\",\"breadcrumb\":{\"@id\":\"https:\\\/\\\/fjala.info\\\/2009-2015\\\/shqiptaret-bejne-histori-qe-shkruajne-keq\\\/#breadcrumb\"},\"inLanguage\":\"sq-AL\",\"potentialAction\":[{\"@type\":\"ReadAction\",\"target\":[\"https:\\\/\\\/fjala.info\\\/2009-2015\\\/shqiptaret-bejne-histori-qe-shkruajne-keq\\\/\"]}]},{\"@type\":\"ImageObject\",\"inLanguage\":\"sq-AL\",\"@id\":\"https:\\\/\\\/fjala.info\\\/2009-2015\\\/shqiptaret-bejne-histori-qe-shkruajne-keq\\\/#primaryimage\",\"url\":\"http:\\\/\\\/www.fjala.info\\\/2013\\\/ylli_polovina.jpg\",\"contentUrl\":\"http:\\\/\\\/www.fjala.info\\\/2013\\\/ylli_polovina.jpg\"},{\"@type\":\"BreadcrumbList\",\"@id\":\"https:\\\/\\\/fjala.info\\\/2009-2015\\\/shqiptaret-bejne-histori-qe-shkruajne-keq\\\/#breadcrumb\",\"itemListElement\":[{\"@type\":\"ListItem\",\"position\":1,\"name\":\"Home\",\"item\":\"https:\\\/\\\/fjala.info\\\/2009-2015\\\/\"},{\"@type\":\"ListItem\",\"position\":2,\"name\":\"SHQIPTAR\u00cbT B\u00cbJN\u00cb HISTORI Q\u00cb SHKRUAJN\u00cb KEQ\"}]},{\"@type\":\"WebSite\",\"@id\":\"https:\\\/\\\/fjala.info\\\/2009-2015\\\/#website\",\"url\":\"https:\\\/\\\/fjala.info\\\/2009-2015\\\/\",\"name\":\"FjALA e LIR\u00cb - Arkivi\",\"description\":\"Arkivi 2009-2015\",\"publisher\":{\"@id\":\"https:\\\/\\\/fjala.info\\\/2009-2015\\\/#organization\"},\"potentialAction\":[{\"@type\":\"SearchAction\",\"target\":{\"@type\":\"EntryPoint\",\"urlTemplate\":\"https:\\\/\\\/fjala.info\\\/2009-2015\\\/?s={search_term_string}\"},\"query-input\":{\"@type\":\"PropertyValueSpecification\",\"valueRequired\":true,\"valueName\":\"search_term_string\"}}],\"inLanguage\":\"sq-AL\"},{\"@type\":\"Organization\",\"@id\":\"https:\\\/\\\/fjala.info\\\/2009-2015\\\/#organization\",\"name\":\"FjALA e LIR\u00cb - Arkivi\",\"url\":\"https:\\\/\\\/fjala.info\\\/2009-2015\\\/\",\"logo\":{\"@type\":\"ImageObject\",\"inLanguage\":\"sq-AL\",\"@id\":\"https:\\\/\\\/fjala.info\\\/2009-2015\\\/#\\\/schema\\\/logo\\\/image\\\/\",\"url\":\"\",\"contentUrl\":\"\",\"caption\":\"FjALA e LIR\u00cb - Arkivi\"},\"image\":{\"@id\":\"https:\\\/\\\/fjala.info\\\/2009-2015\\\/#\\\/schema\\\/logo\\\/image\\\/\"}},{\"@type\":\"Person\",\"@id\":\"https:\\\/\\\/fjala.info\\\/2009-2015\\\/#\\\/schema\\\/person\\\/3aa1163ef05469c496fc94e77611ada2\",\"name\":\"admin\",\"image\":{\"@type\":\"ImageObject\",\"inLanguage\":\"sq-AL\",\"@id\":\"https:\\\/\\\/fjala.info\\\/2009-2015\\\/wp-content\\\/uploads\\\/2012\\\/02\\\/arben_cokaj-120x150.jpg\",\"url\":\"https:\\\/\\\/fjala.info\\\/2009-2015\\\/wp-content\\\/uploads\\\/2012\\\/02\\\/arben_cokaj-120x150.jpg\",\"contentUrl\":\"https:\\\/\\\/fjala.info\\\/2009-2015\\\/wp-content\\\/uploads\\\/2012\\\/02\\\/arben_cokaj-120x150.jpg\",\"caption\":\"admin\"},\"description\":\"Admin, Fjala e Lir\u00eb\",\"sameAs\":[\"https:\\\/\\\/fjala.info\\\/\"],\"url\":\"https:\\\/\\\/fjala.info\\\/2009-2015\\\/author\\\/admin\\\/\"}]}<\/script>\n<!-- \/ Yoast SEO plugin. -->","yoast_head_json":{"title":"SHQIPTAR\u00cbT B\u00cbJN\u00cb HISTORI Q\u00cb SHKRUAJN\u00cb KEQ - FjALA e LIR\u00cb - Arkivi","robots":{"index":"index","follow":"follow","max-snippet":"max-snippet:-1","max-image-preview":"max-image-preview:large","max-video-preview":"max-video-preview:-1"},"canonical":"https:\/\/fjala.info\/2009-2015\/shqiptaret-bejne-histori-qe-shkruajne-keq\/","og_locale":"sq_AL","og_type":"article","og_title":"SHQIPTAR\u00cbT B\u00cbJN\u00cb HISTORI Q\u00cb SHKRUAJN\u00cb KEQ - FjALA e LIR\u00cb - Arkivi","og_description":"YLLI POLOVINA, 26 Korrik 2013 Ylli PolovinaNe, shqiptar\u00ebt, nuk \u00e7mohemi shum\u00eb p\u00ebr m\u00ebnyr\u00ebn se si sillemi me pasurit\u00eb tona t\u00eb p\u00ebrbashk\u00ebta, publike si\u00e7 i thon\u00eb. N\u00eb t\u00eb v\u00ebrtet\u00eb ato, duke mos qen\u00eb fort t\u00eb bollshme, si\u00e7 ndonj\u00ebher\u00eb besojm\u00eb dhe e deklarojm\u00eb me shprehje t\u00eb ngrefosura, nuk jan\u00eb as fare t\u00eb vogla. Madje mund t\u00eb ishin [&hellip;]","og_url":"https:\/\/fjala.info\/2009-2015\/shqiptaret-bejne-histori-qe-shkruajne-keq\/","og_site_name":"FjALA e LIR\u00cb - Arkivi","article_published_time":"2013-07-26T23:03:07+00:00","og_image":[{"url":"http:\/\/www.fjala.info\/2013\/ylli_polovina.jpg","type":"","width":"","height":""}],"author":"admin","twitter_card":"summary_large_image","twitter_misc":{"Written by":"admin","Est. reading time":"7 minutes"},"schema":{"@context":"https:\/\/schema.org","@graph":[{"@type":"Article","@id":"https:\/\/fjala.info\/2009-2015\/shqiptaret-bejne-histori-qe-shkruajne-keq\/#article","isPartOf":{"@id":"https:\/\/fjala.info\/2009-2015\/shqiptaret-bejne-histori-qe-shkruajne-keq\/"},"author":{"name":"admin","@id":"https:\/\/fjala.info\/2009-2015\/#\/schema\/person\/3aa1163ef05469c496fc94e77611ada2"},"headline":"SHQIPTAR\u00cbT B\u00cbJN\u00cb HISTORI Q\u00cb SHKRUAJN\u00cb KEQ","datePublished":"2013-07-26T23:03:07+00:00","mainEntityOfPage":{"@id":"https:\/\/fjala.info\/2009-2015\/shqiptaret-bejne-histori-qe-shkruajne-keq\/"},"wordCount":1481,"commentCount":0,"publisher":{"@id":"https:\/\/fjala.info\/2009-2015\/#organization"},"image":{"@id":"https:\/\/fjala.info\/2009-2015\/shqiptaret-bejne-histori-qe-shkruajne-keq\/#primaryimage"},"thumbnailUrl":"http:\/\/www.fjala.info\/2013\/ylli_polovina.jpg","articleSection":["Artikuj"],"inLanguage":"sq-AL","potentialAction":[{"@type":"CommentAction","name":"Comment","target":["https:\/\/fjala.info\/2009-2015\/shqiptaret-bejne-histori-qe-shkruajne-keq\/#respond"]}]},{"@type":"WebPage","@id":"https:\/\/fjala.info\/2009-2015\/shqiptaret-bejne-histori-qe-shkruajne-keq\/","url":"https:\/\/fjala.info\/2009-2015\/shqiptaret-bejne-histori-qe-shkruajne-keq\/","name":"SHQIPTAR\u00cbT B\u00cbJN\u00cb HISTORI Q\u00cb SHKRUAJN\u00cb KEQ - FjALA e LIR\u00cb - Arkivi","isPartOf":{"@id":"https:\/\/fjala.info\/2009-2015\/#website"},"primaryImageOfPage":{"@id":"https:\/\/fjala.info\/2009-2015\/shqiptaret-bejne-histori-qe-shkruajne-keq\/#primaryimage"},"image":{"@id":"https:\/\/fjala.info\/2009-2015\/shqiptaret-bejne-histori-qe-shkruajne-keq\/#primaryimage"},"thumbnailUrl":"http:\/\/www.fjala.info\/2013\/ylli_polovina.jpg","datePublished":"2013-07-26T23:03:07+00:00","breadcrumb":{"@id":"https:\/\/fjala.info\/2009-2015\/shqiptaret-bejne-histori-qe-shkruajne-keq\/#breadcrumb"},"inLanguage":"sq-AL","potentialAction":[{"@type":"ReadAction","target":["https:\/\/fjala.info\/2009-2015\/shqiptaret-bejne-histori-qe-shkruajne-keq\/"]}]},{"@type":"ImageObject","inLanguage":"sq-AL","@id":"https:\/\/fjala.info\/2009-2015\/shqiptaret-bejne-histori-qe-shkruajne-keq\/#primaryimage","url":"http:\/\/www.fjala.info\/2013\/ylli_polovina.jpg","contentUrl":"http:\/\/www.fjala.info\/2013\/ylli_polovina.jpg"},{"@type":"BreadcrumbList","@id":"https:\/\/fjala.info\/2009-2015\/shqiptaret-bejne-histori-qe-shkruajne-keq\/#breadcrumb","itemListElement":[{"@type":"ListItem","position":1,"name":"Home","item":"https:\/\/fjala.info\/2009-2015\/"},{"@type":"ListItem","position":2,"name":"SHQIPTAR\u00cbT B\u00cbJN\u00cb HISTORI Q\u00cb SHKRUAJN\u00cb KEQ"}]},{"@type":"WebSite","@id":"https:\/\/fjala.info\/2009-2015\/#website","url":"https:\/\/fjala.info\/2009-2015\/","name":"FjALA e LIR\u00cb - Arkivi","description":"Arkivi 2009-2015","publisher":{"@id":"https:\/\/fjala.info\/2009-2015\/#organization"},"potentialAction":[{"@type":"SearchAction","target":{"@type":"EntryPoint","urlTemplate":"https:\/\/fjala.info\/2009-2015\/?s={search_term_string}"},"query-input":{"@type":"PropertyValueSpecification","valueRequired":true,"valueName":"search_term_string"}}],"inLanguage":"sq-AL"},{"@type":"Organization","@id":"https:\/\/fjala.info\/2009-2015\/#organization","name":"FjALA e LIR\u00cb - Arkivi","url":"https:\/\/fjala.info\/2009-2015\/","logo":{"@type":"ImageObject","inLanguage":"sq-AL","@id":"https:\/\/fjala.info\/2009-2015\/#\/schema\/logo\/image\/","url":"","contentUrl":"","caption":"FjALA e LIR\u00cb - Arkivi"},"image":{"@id":"https:\/\/fjala.info\/2009-2015\/#\/schema\/logo\/image\/"}},{"@type":"Person","@id":"https:\/\/fjala.info\/2009-2015\/#\/schema\/person\/3aa1163ef05469c496fc94e77611ada2","name":"admin","image":{"@type":"ImageObject","inLanguage":"sq-AL","@id":"https:\/\/fjala.info\/2009-2015\/wp-content\/uploads\/2012\/02\/arben_cokaj-120x150.jpg","url":"https:\/\/fjala.info\/2009-2015\/wp-content\/uploads\/2012\/02\/arben_cokaj-120x150.jpg","contentUrl":"https:\/\/fjala.info\/2009-2015\/wp-content\/uploads\/2012\/02\/arben_cokaj-120x150.jpg","caption":"admin"},"description":"Admin, Fjala e Lir\u00eb","sameAs":["https:\/\/fjala.info\/"],"url":"https:\/\/fjala.info\/2009-2015\/author\/admin\/"}]}},"_links":{"self":[{"href":"https:\/\/fjala.info\/2009-2015\/wp-json\/wp\/v2\/posts\/12996","targetHints":{"allow":["GET"]}}],"collection":[{"href":"https:\/\/fjala.info\/2009-2015\/wp-json\/wp\/v2\/posts"}],"about":[{"href":"https:\/\/fjala.info\/2009-2015\/wp-json\/wp\/v2\/types\/post"}],"author":[{"embeddable":true,"href":"https:\/\/fjala.info\/2009-2015\/wp-json\/wp\/v2\/users\/1"}],"replies":[{"embeddable":true,"href":"https:\/\/fjala.info\/2009-2015\/wp-json\/wp\/v2\/comments?post=12996"}],"version-history":[{"count":0,"href":"https:\/\/fjala.info\/2009-2015\/wp-json\/wp\/v2\/posts\/12996\/revisions"}],"wp:attachment":[{"href":"https:\/\/fjala.info\/2009-2015\/wp-json\/wp\/v2\/media?parent=12996"}],"wp:term":[{"taxonomy":"category","embeddable":true,"href":"https:\/\/fjala.info\/2009-2015\/wp-json\/wp\/v2\/categories?post=12996"},{"taxonomy":"post_tag","embeddable":true,"href":"https:\/\/fjala.info\/2009-2015\/wp-json\/wp\/v2\/tags?post=12996"}],"curies":[{"name":"wp","href":"https:\/\/api.w.org\/{rel}","templated":true}]}}